{"id":270947,"date":"2022-06-25T17:00:37","date_gmt":"2022-06-25T20:00:37","guid":{"rendered":"https:\/\/www.suno.com.br\/noticias\/?p=270947"},"modified":"2022-06-25T10:15:22","modified_gmt":"2022-06-25T13:15:22","slug":"viva-proposta-passagens-aereas-baratas","status":"publish","type":"post","link":"https:\/\/www.suno.com.br\/noticias\/viva-proposta-passagens-aereas-baratas\/","title":{"rendered":"A\u00e9rea Viva chega ao Brasil com proposta de oferecer passagens mais baratas"},"content":{"rendered":"<p>A a\u00e9rea colombiana <strong>Viva<\/strong> come\u00e7ou a operar no Brasil e promete passagens at\u00e9 40% mais baratas do que a concorr\u00eancia, em um momento em que as companhias do setor enfrentam custos mais altos com a escalada dos derivados de petr\u00f3leo. A companhia da Col\u00f4mbia pretende espalhar o conceito da <strong>avia\u00e7\u00e3o de baixo custo<\/strong> (low-cost) no Pa\u00eds &#8211; em que o passageiro s\u00f3 paga pelo que efetivamente vai usar.<\/p>\t<div class=\"wrapper-featured-image\">\n\t\t<figure class=\"spotlightImg\">\n\n\t\t\t<picture>\n\t\t\t\t<source media=\"(max-width: 768px)\" srcset=\"https:\/\/files.sunoresearch.com.br\/n\/uploads\/2022\/06\/Viva-400x200.jpg\">\n\t\t\t\t<img loading=\"lazy\" decoding=\"async\" class=\"newsContent__article__imgCapa lazyloadDisabled \" src=\"https:\/\/files.sunoresearch.com.br\/n\/uploads\/2022\/06\/Viva-800x450.jpg\" width=\"800\" height=\"450\" alt=\"A\u00e9rea Viva chega ao Brasil com proposta de oferecer passagens mais baratas\" fetchpriority=high \/>\n\t\t\t<\/picture>\n\n\t\t\t<figcaption class=\"wp-caption-text wp-caption-text--show\">A\u00e9rea colombiana Viva. Foto: Divulga\u00e7\u00e3o<\/figcaption>\n\t\t<\/figure>\n\t<\/div>\n\n\n\t<p>\n\t\t<a href=\"\" target=\"_blank\" data-element=\"shortcode-suno-banner\" title=\"Banner SUNO, clique e saiba mais\">\n\t\t\t<picture>\n\t\t\t\t<source media=\"(max-width: 500px)\" srcset=\"\">\n\t\t\t\t<img class=\"newsContent__article__imgCapa newsContent__article__imgCapa--banner\"\n\t\t\t\t\tsrc=\"\"\n\t\t\t\t\tdata-promo-id=\"240038\"\t\t\t\t\t\t\t\t\t\t\t\t\t\t\talt=\"\"\n\t\t\t\t>\n\t\t\t<\/picture>\n\t\t<\/a>\n\t<\/p>\n\n\n<p>Os destinos e rotas incluem Orlando, Canc\u00fan e Punta Cana. Com seus pre\u00e7os reduzidos, a empresa v\u00ea efeito nas tarifas do mercado e projeta chegar a <strong>voos di\u00e1rios<\/strong> de S\u00e3o Paulo em cerca de um ano. &#8220;Quando chegamos a uma nova rota, os pre\u00e7os das passagens do mercado caem em m\u00e9dia 35%. \u00c9 o que chamamos de efeito Viva&#8221;, disse ao <b>Estad\u00e3o\/Broadcast<\/b>, sistema de not\u00edcias em tempo real do Grupo Estado, o vice-presidente de opera\u00e7\u00f5es da companhia, Francisco Lalinde.<\/p>\n\t<p>\n\t\t<a href=\"https:\/\/lp.suno.com.br\/planilha-controle-gastos\/\" target=\"_blank\" data-element=\"shortcode-suno-banner\" title=\"Banner SUNO, clique e saiba mais\">\n\t\t\t<picture>\n\t\t\t\t<source media=\"(max-width: 500px)\" srcset=\"https:\/\/files.sunoresearch.com.br\/n\/uploads\/2023\/03\/400x300-Planilha-controle-de-gastos.png\">\n\t\t\t\t<img class=\"newsContent__article__imgCapa newsContent__article__imgCapa--banner\"\n\t\t\t\t\tsrc=\"https:\/\/files.sunoresearch.com.br\/n\/uploads\/2023\/03\/1420x240-Planilha-controle-de-gastos.png\"\n\t\t\t\t\tdata-promo-id=\"101751\"\t\t\t\t\t\t\t\t\t\twidth='1420' height='240'\t\t\t\t\talt=\"https:\/\/files.sunoresearch.com.br\/n\/uploads\/2023\/03\/1420x240-Planilha-controle-de-gastos.png\"\n\t\t\t\t>\n\t\t\t<\/picture>\n\t\t<\/a>\n\t<\/p>\n\n\n<p>A <strong>empresa a\u00e9rea\u00a0<\/strong> ter\u00e1 inicialmente tr\u00eas voos semanais a partir do Aeroporto Internacional de Guarulhos (SP), com uma capacidade total para transportar 188 passageiros por voo em aeronaves modelo A320neo. Em 2017, a companhia fez um pedido de 50 avi\u00f5es para a Airbus, dos quais 23 foram entregues e j\u00e1 est\u00e3o em opera\u00e7\u00e3o. O prazo para receber todas as unidades \u00e9 at\u00e9 2025. &#8220;Isso faz da frota da Viva a mais moderna da Col\u00f4mbia, a segunda na Am\u00e9rica do Sul e a quarta no mundo&#8221;, afirma o executivo.<\/p>\n<p>Segundo ele, manter apenas um modelo na frota reduz custos, uma vez que os treinamentos para pilotos, comiss\u00e1rios e t\u00e9cnicos de manuten\u00e7\u00e3o s\u00e3o feitos apenas uma vez.<\/p>\n<p>No modelo da Viva, a utiliza\u00e7\u00e3o da aeronave gira em torno de 13 horas por dia, enquanto nas a\u00e9reas tradicionais esse uso \u00e9 de 8 a 9 horas di\u00e1rias. &#8220;Fazemos muito mais voos com o mesmo ativo, isso baixa os custos gerais da companhia.&#8221;<\/p>\n\t<p>\n\t\t<a href=\"https:\/\/lp.suno.com.br\/ebook-como-analisar-uma-acao\/\" target=\"_blank\" data-element=\"shortcode-suno-banner\" title=\"Banner SUNO, clique e saiba mais\">\n\t\t\t<picture>\n\t\t\t\t<source media=\"(max-width: 500px)\" srcset=\"https:\/\/files.sunoresearch.com.br\/n\/uploads\/2023\/03\/Ebook-Acoes-Mobile-1.jpg\">\n\t\t\t\t<img class=\"newsContent__article__imgCapa newsContent__article__imgCapa--banner\"\n\t\t\t\t\tsrc=\"https:\/\/files.sunoresearch.com.br\/n\/uploads\/2023\/03\/Ebook-Acoes-Desktop-1.jpg\"\n\t\t\t\t\tdata-promo-id=\"171998\"\t\t\t\t\t\t\t\t\t\twidth='1420' height='286'\t\t\t\t\talt=\"https:\/\/files.sunoresearch.com.br\/n\/uploads\/2023\/03\/Ebook-Acoes-Desktop-1.jpg\"\n\t\t\t\t>\n\t\t\t<\/picture>\n\t\t<\/a>\n\t<\/p>\n\n\n<h2><b>Viva: &#8220;O cliente pode customizar sua viagem&#8221;<\/b><\/h2>\n<p>De acordo com a Viva, comprar itens com anteced\u00eancia pode ser at\u00e9 60% mais barato do que no balc\u00e3o. Apenas itens de alimenta\u00e7\u00e3o n\u00e3o podem ser negociados antes. &#8220;Vamos estudar o comportamento do consumidor brasileiro para talvez oferecer essa op\u00e7\u00e3o&#8221;, diz Lalinde. &#8220;O cliente pode customizar sua viagem, de acordo com seus recursos. Queremos trazer a cultura de que o passageiro s\u00f3 precisa pagar pelo que ele vai consumir de fato&#8221;, diz Lalinde.<\/p>\n\t<p>\n\t\t<a href=\"https:\/\/lp.suno.com.br\/planilha-da-vida-financeira\/\" target=\"_blank\" data-element=\"shortcode-suno-banner\" title=\"Banner SUNO, clique e saiba mais\">\n\t\t\t<picture>\n\t\t\t\t<source media=\"(max-width: 500px)\" srcset=\"https:\/\/files.sunoresearch.com.br\/n\/uploads\/2023\/04\/400x300-Planilha-vida-financeira-true.png\">\n\t\t\t\t<img class=\"newsContent__article__imgCapa newsContent__article__imgCapa--banner\"\n\t\t\t\t\tsrc=\"https:\/\/files.sunoresearch.com.br\/n\/uploads\/2023\/04\/1420x240-Planilha-vida-financeira-true.png\"\n\t\t\t\t\tdata-promo-id=\"106682\"\t\t\t\t\t\t\t\t\t\twidth='1420' height='240'\t\t\t\t\talt=\"https:\/\/files.sunoresearch.com.br\/n\/uploads\/2023\/04\/1420x240-Planilha-vida-financeira-true.png\"\n\t\t\t\t>\n\t\t\t<\/picture>\n\t\t<\/a>\n\t<\/p>\n\n\n<p>No primeiro ano de opera\u00e7\u00e3o, a Viva espera transportar 50 mil passageiros no Pa\u00eds. Uma parcela importante das vendas deve ser direta, mas as ag\u00eancias de viagens tamb\u00e9m devem ter um papel importante para fomentar a demanda. O plano \u00e9 crescer at\u00e9 atingir voos di\u00e1rios partindo de S\u00e3o Paulo ao final do primeiro ano.<\/p>\n<p>A <strong>Viva<\/strong> foi fundada em 2012 na Col\u00f4mbia pela Irelandia Aviation, especializada no desenvolvimento de <strong>a\u00e9reas de baixo custo<\/strong>, como a Ryanair. Em abril deste ano, foi anunciada a uni\u00e3o com a Avianca em uma holding chamada Grupo Abra, que no m\u00eas seguinte receberia tamb\u00e9m a a\u00e9rea brasileira <a class=\"suno-keyword\" href=\"https:\/\/www.suno.com.br\/acoes\/GOLL4\/\" target=\"_blank\" rel=\"noopener\" data-force=\"yes\" data-priority=\"2\">Gol (GOLL4)<\/a>.<\/p>\n<p>As duas transa\u00e7\u00f5es aguardam a aprova\u00e7\u00e3o de \u00f3rg\u00e3os reguladores. Por ora, a <strong>Viva<\/strong> segue independente.<\/p>\n<h2 class=\"newsContent__article__title\">\u2018Passageiros ter\u00e3o de se acostumar com passagens de avi\u00e3o mais caras\u2019, diz diretor da Iata<\/h2>\n<p>Nesta semana, um executivo da Iata falou justamente do custo das passagens. Segundo o Willie Walsh, diretor-geral da <a href=\"https:\/\/www.iata.org\/\">Associa\u00e7\u00e3o Internacional de Transporte A\u00e9reo (Iata)<\/a>, o consumidor ter\u00e1 que se acostumar com pre\u00e7os mais altos de\u00a0passagem de\u00a0<strong>avi\u00e3o<\/strong>. A entidade est\u00e1 realizando nesta semana, no Catar, seu encontro anual.<\/p>\n<p>Segundo Walsh, o\u00a0<a class=\"suno-keyword\" href=\"https:\/\/www.suno.com.br\/artigos\/preco-do-petroleo\/\" target=\"_blank\" rel=\"noopener\" data-force=\"no\" data-priority=\"1\">pre\u00e7o do petr\u00f3leo<\/a>\u00a0est\u00e1 muito alto, e n\u00e3o h\u00e1 muito o que as\u00a0<strong>companhias a\u00e9reas<\/strong>\u00a0possam fazer em rela\u00e7\u00e3o a isso \u2013 afinal, o combust\u00edvel \u00e9 o maior custo das empresas desse mercado e haver\u00e3o press\u00e3o no\u00a0<strong>pre\u00e7o das viagens<\/strong>\u00a0de avi\u00e3o.<\/p>\n<p>\u201cAs pessoas ter\u00e3o de se acostumar (com passagens mais caras). N\u00e3o sou mais um CEO de uma companhia a\u00e9rea, mas olho os fundamentos\u201d, disse Walsh.<\/p>\n<p>\u201cO pre\u00e7o do petr\u00f3leo est\u00e1 muito alto, e ele \u00e9 o maior custo de uma a\u00e9rea. As empresas podem fazer pouco quanto a isso. Podem fazer um hedge (prote\u00e7\u00e3o), um ajuste de\u00a0<a class=\"suno-keyword\" href=\"https:\/\/www.suno.com.br\/artigos\/curto-prazo\/\" target=\"_blank\" rel=\"noopener\" data-force=\"no\" data-priority=\"1\">curto prazo<\/a>. Mas, no\u00a0<a class=\"suno-keyword\" href=\"https:\/\/www.suno.com.br\/artigos\/longo-prazo\/\" target=\"_blank\" rel=\"noopener\" data-force=\"no\" data-priority=\"1\">longo prazo<\/a>, todo mundo tem de pagar o pre\u00e7o do petr\u00f3leo, que mudou de forma estrutural para um patamar mais alto. E n\u00e3o h\u00e1 um modo de as companhias a\u00e9reas absorverem isso.\u201d<\/p>\n<p>O valor do\u00a0<strong>petr\u00f3leo<\/strong> continua elevado no mercado internacional. Na sexta-feira (24), o pre\u00e7o do \u00f3leo tipo Brent fechou o dia cotado a US$ 110,05 o barril.<\/p>\n<p>Bancos e corretoras acreditam que o pre\u00e7o do petr\u00f3leo pode passar de US$ 130 o barril no m\u00e9dio prazo e chegar at\u00e9 o fim do ano a US$ 150, como previu o Morgan Stanley em relat\u00f3rio divulgado recentemente.<\/p>\n<p>\u201cN\u00e3o sei qual ser\u00e1 o pre\u00e7o do petr\u00f3leo, mas tudo sugere, quando voc\u00ea olha a curva, que ainda que diminua um pouco, continuar\u00e1 mais alta do que esper\u00e1vamos dois anos atr\u00e1s, quando o pre\u00e7o do barril \u00e0 vista estava em US$ 50 ou US$ 60\u201d, disse Walsh. \u201cAgora temos uma curva em US$ 110, come\u00e7ando a recuar, mas em um patamar muito mais alto.\u201d<\/p>\n<p><strong>Walsh<\/strong>\u00a0usa dados do setor na pr\u00e9-pandemia para mostrar o tamanho do impacto da alta do petr\u00f3leo.<\/p>\n<p>\u201cO\u00a0<a class=\"suno-keyword\" href=\"https:\/\/www.suno.com.br\/artigos\/preco-medio\/\" target=\"_blank\" rel=\"noopener\" data-force=\"no\" data-priority=\"1\">pre\u00e7o m\u00e9dio<\/a>\u00a0do barril entre 2010 e 2019 foi de US$ 80. O petr\u00f3leo representou nessa \u00e9poca, em m\u00e9dia, 27% dos custos da ind\u00fastria. Essa foi a melhor d\u00e9cada na hist\u00f3ria da ind\u00fastria, quando nossa margem era de 5,5%. A\u00ed voc\u00ea v\u00ea que n\u00e3o \u00e9 uma ind\u00fastria muito lucrativa. Ent\u00e3o o pre\u00e7o m\u00e9dio aumenta 30% e vai de US$ 80 para US$ 105. A matem\u00e1tica \u00e9 simples, os pre\u00e7os das passagens precisam subir.\u201d<\/p>\n\t<div data-element=\"shortcode-read-more\" class=\"knowMore\">\n\t\t\t\t<span class=\"knowMore__title\">Leia mais<\/span>\n\t\t\t\t<a class=\"knowMore__link\" href=\"https:\/\/www.suno.com.br\/noticias\/passageiros-passagens-aviao-mais-caras\/\">\n\t\t\t&#039;Passageiros ter\u00e3o de se acostumar com passagens de avi\u00e3o mais caras&#039;, diz diretor da Iata\t\t<\/a>\n\t<\/div>\n\n\n<p>&nbsp;<\/p>\n<p class=\"newsProviderSignature\"><em>Com informa\u00e7\u00f5es do Estad\u00e3o Conte\u00fado<\/em><\/p>\n\t<p>\n\t\t<a href=\"https:\/\/lp.suno.com.br\/planilha-de-controle-de-investimentos\/\" target=\"_blank\" data-element=\"shortcode-suno-banner\" title=\"Banner SUNO, clique e saiba mais\">\n\t\t\t<picture>\n\t\t\t\t<source media=\"(max-width: 500px)\" srcset=\"https:\/\/files.sunoresearch.com.br\/n\/uploads\/2023\/03\/400x300-Controle-de-Investimentos.png\">\n\t\t\t\t<img class=\"newsContent__article__imgCapa newsContent__article__imgCapa--banner\"\n\t\t\t\t\tsrc=\"https:\/\/files.sunoresearch.com.br\/n\/uploads\/2023\/03\/1420x240-Controle-de-Investimentos.png\"\n\t\t\t\t\tdata-promo-id=\"75934\"\t\t\t\t\t\t\t\t\t\twidth='1420' height='240'\t\t\t\t\talt=\"https:\/\/files.sunoresearch.com.br\/n\/uploads\/2023\/03\/1420x240-Controle-de-Investimentos.png\"\n\t\t\t\t>\n\t\t\t<\/picture>\n\t\t<\/a>\n\t<\/p>\n\n\n","protected":false},"excerpt":{"rendered":"<p>A a\u00e9rea colombiana Viva come\u00e7ou a operar no Brasil e promete passagens at\u00e9 40% mais baratas do que a concorr\u00eancia, em um momento em que as companhias do setor enfrentam custos mais altos com a escalada dos derivados de petr\u00f3leo. A companhia da Col\u00f4mbia pretende espalhar o conceito da avia\u00e7\u00e3o de baixo custo (low-cost) no [&hellip;]<\/p>\n","protected":false},"author":98,"featured_media":270954,"comment_status":"closed","ping_status":"closed","sticky":false,"template":"","format":"standard","meta":[],"categories":[64],"tags":[489,1592],"suno_strategy":[],"class_list":["post-270947","post","type-post","status-publish","format-standard","has-post-thumbnail","hentry","category-negocios","tag-gol-linhas-aereas-goll11-goll4","tag-passagens-aereas"],"yoast_head":"<!-- This site is optimized with the Yoast SEO plugin v24.4 - https:\/\/yoast.com\/wordpress\/plugins\/seo\/ -->\n<title>Viva chega ao Brasil com proposta de passagens at\u00e9 40% mais baratas<\/title>\n<meta name=\"description\" content=\"A a\u00e9rea colombiana Viva come\u00e7a a operar no Brasil e promete passagens at\u00e9 40% mais baratas do que a concorr\u00eancia. Saiba mais\" \/>\n<meta name=\"robots\" content=\"index, follow, max-snippet:-1, max-image-preview:large, max-video-preview:-1\" \/>\n<link rel=\"canonical\" href=\"https:\/\/www.suno.com.br\/noticias\/viva-proposta-passagens-aereas-baratas\/\" \/>\n<meta property=\"og:locale\" content=\"pt_BR\" \/>\n<meta property=\"og:type\" content=\"article\" \/>\n<meta property=\"og:title\" content=\"Viva chega ao Brasil com proposta de passagens at\u00e9 40% mais baratas\" \/>\n<meta property=\"og:description\" content=\"A a\u00e9rea colombiana Viva come\u00e7a a operar no Brasil e promete passagens at\u00e9 40% mais baratas do que a concorr\u00eancia. Saiba mais\" \/>\n<meta property=\"og:url\" content=\"https:\/\/www.suno.com.br\/noticias\/viva-proposta-passagens-aereas-baratas\/\" \/>\n<meta property=\"og:site_name\" content=\"Suno Not\u00edcias\" \/>\n<meta property=\"article:publisher\" content=\"https:\/\/facebook.com\/sunoresearch\" \/>\n<meta property=\"og:image\" content=\"https:\/\/files.sunoresearch.com.br\/n\/uploads\/2022\/06\/Viva.jpg\" \/>\n\t<meta property=\"og:image:width\" content=\"1300\" \/>\n\t<meta property=\"og:image:height\" content=\"867\" \/>\n\t<meta property=\"og:image:type\" content=\"image\/jpeg\" \/>\n<meta name=\"author\" content=\"Marco Ant\u00f4nio Lopes\" \/>\n<meta name=\"twitter:card\" content=\"summary_large_image\" \/>\n<meta name=\"twitter:creator\" content=\"@sunoresearch\" \/>\n<meta name=\"twitter:site\" content=\"@sunoresearch\" \/>\n<meta name=\"twitter:label1\" content=\"Escrito por\" \/>\n\t<meta name=\"twitter:data1\" content=\"Marco Ant\u00f4nio Lopes\" \/>\n\t<meta name=\"twitter:label2\" content=\"Est. tempo de leitura\" \/>\n\t<meta name=\"twitter:data2\" content=\"6 minutos\" \/>\n<script type=\"application\/ld+json\" class=\"yoast-schema-graph\">{\"@context\":\"https:\/\/schema.org\",\"@graph\":[{\"@type\":\"NewsArticle\",\"@id\":\"https:\/\/www.suno.com.br\/noticias\/viva-proposta-passagens-aereas-baratas\/#article\",\"isPartOf\":{\"@id\":\"https:\/\/www.suno.com.br\/noticias\/viva-proposta-passagens-aereas-baratas\/\"},\"author\":{\"name\":\"Marco Ant\u00f4nio Lopes\",\"@id\":\"https:\/\/www.suno.com.br\/noticias\/#\/schema\/person\/829bbe8d57f84333b966b96229c6bf5f\"},\"headline\":\"A\u00e9rea Viva chega ao Brasil com proposta de oferecer passagens mais baratas\",\"datePublished\":\"2022-06-25T20:00:37+00:00\",\"mainEntityOfPage\":{\"@id\":\"https:\/\/www.suno.com.br\/noticias\/viva-proposta-passagens-aereas-baratas\/\"},\"wordCount\":1042,\"publisher\":{\"@id\":\"https:\/\/www.suno.com.br\/noticias\/#organization\"},\"image\":{\"@id\":\"https:\/\/www.suno.com.br\/noticias\/viva-proposta-passagens-aereas-baratas\/#primaryimage\"},\"thumbnailUrl\":\"https:\/\/files.sunoresearch.com.br\/n\/uploads\/2022\/06\/Viva.jpg\",\"keywords\":[\"Gol Linhas A\u00e9reas (GOLL11\/GOLL4)\",\"passagens a\u00e9reas\"],\"articleSection\":[\"Neg\u00f3cios\"],\"inLanguage\":\"pt-BR\"},{\"@type\":\"WebPage\",\"@id\":\"https:\/\/www.suno.com.br\/noticias\/viva-proposta-passagens-aereas-baratas\/\",\"url\":\"https:\/\/www.suno.com.br\/noticias\/viva-proposta-passagens-aereas-baratas\/\",\"name\":\"Viva chega ao Brasil com proposta de passagens at\u00e9 40% mais baratas\",\"isPartOf\":{\"@id\":\"https:\/\/www.suno.com.br\/noticias\/#website\"},\"primaryImageOfPage\":{\"@id\":\"https:\/\/www.suno.com.br\/noticias\/viva-proposta-passagens-aereas-baratas\/#primaryimage\"},\"image\":{\"@id\":\"https:\/\/www.suno.com.br\/noticias\/viva-proposta-passagens-aereas-baratas\/#primaryimage\"},\"thumbnailUrl\":\"https:\/\/files.sunoresearch.com.br\/n\/uploads\/2022\/06\/Viva.jpg\",\"datePublished\":\"2022-06-25T20:00:37+00:00\",\"description\":\"A a\u00e9rea colombiana Viva come\u00e7a a operar no Brasil e promete passagens at\u00e9 40% mais baratas do que a concorr\u00eancia. Saiba mais\",\"breadcrumb\":{\"@id\":\"https:\/\/www.suno.com.br\/noticias\/viva-proposta-passagens-aereas-baratas\/#breadcrumb\"},\"inLanguage\":\"pt-BR\",\"potentialAction\":[{\"@type\":\"ReadAction\",\"target\":[\"https:\/\/www.suno.com.br\/noticias\/viva-proposta-passagens-aereas-baratas\/\"]}]},{\"@type\":\"ImageObject\",\"inLanguage\":\"pt-BR\",\"@id\":\"https:\/\/www.suno.com.br\/noticias\/viva-proposta-passagens-aereas-baratas\/#primaryimage\",\"url\":\"https:\/\/files.sunoresearch.com.br\/n\/uploads\/2022\/06\/Viva.jpg\",\"contentUrl\":\"https:\/\/files.sunoresearch.com.br\/n\/uploads\/2022\/06\/Viva.jpg\",\"width\":1300,\"height\":867,\"caption\":\"A\u00e9rea colombiana Viva. Foto: Divulga\u00e7\u00e3o\"},{\"@type\":\"BreadcrumbList\",\"@id\":\"https:\/\/www.suno.com.br\/noticias\/viva-proposta-passagens-aereas-baratas\/#breadcrumb\",\"itemListElement\":[{\"@type\":\"ListItem\",\"position\":1,\"name\":\"Not\u00edcias\",\"item\":\"https:\/\/www.suno.com.br\/noticias\/\"},{\"@type\":\"ListItem\",\"position\":2,\"name\":\"Neg\u00f3cios\",\"item\":\"https:\/\/www.suno.com.br\/noticias\/negocios\/\"},{\"@type\":\"ListItem\",\"position\":3,\"name\":\"A\u00e9rea Viva chega ao Brasil com proposta de oferecer passagens mais baratas\"}]},{\"@type\":\"WebSite\",\"@id\":\"https:\/\/www.suno.com.br\/noticias\/#website\",\"url\":\"https:\/\/www.suno.com.br\/noticias\/\",\"name\":\"Suno Not\u00edcias\",\"description\":\"Seu portal de informa\u00e7\u00e3o sobre o mundo dos investimentos\",\"publisher\":{\"@id\":\"https:\/\/www.suno.com.br\/noticias\/#organization\"},\"potentialAction\":[{\"@type\":\"SearchAction\",\"target\":{\"@type\":\"EntryPoint\",\"urlTemplate\":\"https:\/\/www.suno.com.br\/noticias\/?s={search_term_string}\"},\"query-input\":{\"@type\":\"PropertyValueSpecification\",\"valueRequired\":true,\"valueName\":\"search_term_string\"}}],\"inLanguage\":\"pt-BR\"},{\"@type\":\"Organization\",\"@id\":\"https:\/\/www.suno.com.br\/noticias\/#organization\",\"name\":\"Suno Not\u00edcias\",\"url\":\"https:\/\/www.suno.com.br\/noticias\/\",\"logo\":{\"@type\":\"ImageObject\",\"inLanguage\":\"pt-BR\",\"@id\":\"https:\/\/www.suno.com.br\/noticias\/#\/schema\/logo\/image\/\",\"url\":\"https:\/\/files.sunoresearch.com.br\/n\/uploads\/2021\/09\/suno-logo.png\",\"contentUrl\":\"https:\/\/files.sunoresearch.com.br\/n\/uploads\/2021\/09\/suno-logo.png\",\"width\":180,\"height\":180,\"caption\":\"Suno Not\u00edcias\"},\"image\":{\"@id\":\"https:\/\/www.suno.com.br\/noticias\/#\/schema\/logo\/image\/\"},\"sameAs\":[\"https:\/\/facebook.com\/sunoresearch\",\"https:\/\/x.com\/sunoresearch\",\"https:\/\/www.instagram.com\/suno\",\"https:\/\/www.linkedin.com\/company\/suno-research\/\",\"https:\/\/www.youtube.com\/c\/sunoresearch\"]},{\"@type\":\"Person\",\"@id\":\"https:\/\/www.suno.com.br\/noticias\/#\/schema\/person\/829bbe8d57f84333b966b96229c6bf5f\",\"name\":\"Marco Ant\u00f4nio Lopes\",\"image\":{\"@type\":\"ImageObject\",\"inLanguage\":\"pt-BR\",\"@id\":\"https:\/\/www.suno.com.br\/noticias\/#\/schema\/person\/image\/\",\"url\":\"https:\/\/secure.gravatar.com\/avatar\/385167b012fbc1cde32c5446ee253313?s=96&r=g\",\"contentUrl\":\"https:\/\/secure.gravatar.com\/avatar\/385167b012fbc1cde32c5446ee253313?s=96&r=g\",\"caption\":\"Marco Ant\u00f4nio Lopes\"},\"description\":\"Jornalista, \u00e9 editor no Suno Not\u00edcias. Trabalhou nas revistas Playboy, Super, Veja Comer &amp; Beber, Homem Vogue e Universo Masculino, al\u00e9m dos portais Abril.com, R7, nas editorias de Home, Esportes, Hora 7, Entretenimento e Geral, e Eu Quero Investir. Autor do livro Bruce Lee: Definitivo (Editora Conrad). Colaborou nas revistas Nova, Veja SP, Grandes Guerras, Placar, Bizz, Casa Claudia e Quatro Rodas.\",\"url\":\"https:\/\/www.suno.com.br\/noticias\/author\/marco-lopes\/\"}]}<\/script>\n<!-- \/ Yoast SEO plugin. -->","yoast_head_json":{"title":"Viva chega ao Brasil com proposta de passagens at\u00e9 40% mais baratas","description":"A a\u00e9rea colombiana Viva come\u00e7a a operar no Brasil e promete passagens at\u00e9 40% mais baratas do que a concorr\u00eancia. Saiba mais","robots":{"index":"index","follow":"follow","max-snippet":"max-snippet:-1","max-image-preview":"max-image-preview:large","max-video-preview":"max-video-preview:-1"},"canonical":"https:\/\/www.suno.com.br\/noticias\/viva-proposta-passagens-aereas-baratas\/","og_locale":"pt_BR","og_type":"article","og_title":"Viva chega ao Brasil com proposta de passagens at\u00e9 40% mais baratas","og_description":"A a\u00e9rea colombiana Viva come\u00e7a a operar no Brasil e promete passagens at\u00e9 40% mais baratas do que a concorr\u00eancia. Saiba mais","og_url":"https:\/\/www.suno.com.br\/noticias\/viva-proposta-passagens-aereas-baratas\/","og_site_name":"Suno Not\u00edcias","article_publisher":"https:\/\/facebook.com\/sunoresearch","og_image":[{"width":1300,"height":867,"url":"https:\/\/files.sunoresearch.com.br\/n\/uploads\/2022\/06\/Viva.jpg","type":"image\/jpeg"}],"author":"Marco Ant\u00f4nio Lopes","twitter_card":"summary_large_image","twitter_creator":"@sunoresearch","twitter_site":"@sunoresearch","twitter_misc":{"Escrito por":"Marco Ant\u00f4nio Lopes","Est. tempo de leitura":"6 minutos"},"schema":{"@context":"https:\/\/schema.org","@graph":[{"@type":"NewsArticle","@id":"https:\/\/www.suno.com.br\/noticias\/viva-proposta-passagens-aereas-baratas\/#article","isPartOf":{"@id":"https:\/\/www.suno.com.br\/noticias\/viva-proposta-passagens-aereas-baratas\/"},"author":{"name":"Marco Ant\u00f4nio Lopes","@id":"https:\/\/www.suno.com.br\/noticias\/#\/schema\/person\/829bbe8d57f84333b966b96229c6bf5f"},"headline":"A\u00e9rea Viva chega ao Brasil com proposta de oferecer passagens mais baratas","datePublished":"2022-06-25T20:00:37+00:00","mainEntityOfPage":{"@id":"https:\/\/www.suno.com.br\/noticias\/viva-proposta-passagens-aereas-baratas\/"},"wordCount":1042,"publisher":{"@id":"https:\/\/www.suno.com.br\/noticias\/#organization"},"image":{"@id":"https:\/\/www.suno.com.br\/noticias\/viva-proposta-passagens-aereas-baratas\/#primaryimage"},"thumbnailUrl":"https:\/\/files.sunoresearch.com.br\/n\/uploads\/2022\/06\/Viva.jpg","keywords":["Gol Linhas A\u00e9reas (GOLL11\/GOLL4)","passagens a\u00e9reas"],"articleSection":["Neg\u00f3cios"],"inLanguage":"pt-BR"},{"@type":"WebPage","@id":"https:\/\/www.suno.com.br\/noticias\/viva-proposta-passagens-aereas-baratas\/","url":"https:\/\/www.suno.com.br\/noticias\/viva-proposta-passagens-aereas-baratas\/","name":"Viva chega ao Brasil com proposta de passagens at\u00e9 40% mais baratas","isPartOf":{"@id":"https:\/\/www.suno.com.br\/noticias\/#website"},"primaryImageOfPage":{"@id":"https:\/\/www.suno.com.br\/noticias\/viva-proposta-passagens-aereas-baratas\/#primaryimage"},"image":{"@id":"https:\/\/www.suno.com.br\/noticias\/viva-proposta-passagens-aereas-baratas\/#primaryimage"},"thumbnailUrl":"https:\/\/files.sunoresearch.com.br\/n\/uploads\/2022\/06\/Viva.jpg","datePublished":"2022-06-25T20:00:37+00:00","description":"A a\u00e9rea colombiana Viva come\u00e7a a operar no Brasil e promete passagens at\u00e9 40% mais baratas do que a concorr\u00eancia. Saiba mais","breadcrumb":{"@id":"https:\/\/www.suno.com.br\/noticias\/viva-proposta-passagens-aereas-baratas\/#breadcrumb"},"inLanguage":"pt-BR","potentialAction":[{"@type":"ReadAction","target":["https:\/\/www.suno.com.br\/noticias\/viva-proposta-passagens-aereas-baratas\/"]}]},{"@type":"ImageObject","inLanguage":"pt-BR","@id":"https:\/\/www.suno.com.br\/noticias\/viva-proposta-passagens-aereas-baratas\/#primaryimage","url":"https:\/\/files.sunoresearch.com.br\/n\/uploads\/2022\/06\/Viva.jpg","contentUrl":"https:\/\/files.sunoresearch.com.br\/n\/uploads\/2022\/06\/Viva.jpg","width":1300,"height":867,"caption":"A\u00e9rea colombiana Viva. Foto: Divulga\u00e7\u00e3o"},{"@type":"BreadcrumbList","@id":"https:\/\/www.suno.com.br\/noticias\/viva-proposta-passagens-aereas-baratas\/#breadcrumb","itemListElement":[{"@type":"ListItem","position":1,"name":"Not\u00edcias","item":"https:\/\/www.suno.com.br\/noticias\/"},{"@type":"ListItem","position":2,"name":"Neg\u00f3cios","item":"https:\/\/www.suno.com.br\/noticias\/negocios\/"},{"@type":"ListItem","position":3,"name":"A\u00e9rea Viva chega ao Brasil com proposta de oferecer passagens mais baratas"}]},{"@type":"WebSite","@id":"https:\/\/www.suno.com.br\/noticias\/#website","url":"https:\/\/www.suno.com.br\/noticias\/","name":"Suno Not\u00edcias","description":"Seu portal de informa\u00e7\u00e3o sobre o mundo dos investimentos","publisher":{"@id":"https:\/\/www.suno.com.br\/noticias\/#organization"},"potentialAction":[{"@type":"SearchAction","target":{"@type":"EntryPoint","urlTemplate":"https:\/\/www.suno.com.br\/noticias\/?s={search_term_string}"},"query-input":{"@type":"PropertyValueSpecification","valueRequired":true,"valueName":"search_term_string"}}],"inLanguage":"pt-BR"},{"@type":"Organization","@id":"https:\/\/www.suno.com.br\/noticias\/#organization","name":"Suno Not\u00edcias","url":"https:\/\/www.suno.com.br\/noticias\/","logo":{"@type":"ImageObject","inLanguage":"pt-BR","@id":"https:\/\/www.suno.com.br\/noticias\/#\/schema\/logo\/image\/","url":"https:\/\/files.sunoresearch.com.br\/n\/uploads\/2021\/09\/suno-logo.png","contentUrl":"https:\/\/files.sunoresearch.com.br\/n\/uploads\/2021\/09\/suno-logo.png","width":180,"height":180,"caption":"Suno Not\u00edcias"},"image":{"@id":"https:\/\/www.suno.com.br\/noticias\/#\/schema\/logo\/image\/"},"sameAs":["https:\/\/facebook.com\/sunoresearch","https:\/\/x.com\/sunoresearch","https:\/\/www.instagram.com\/suno","https:\/\/www.linkedin.com\/company\/suno-research\/","https:\/\/www.youtube.com\/c\/sunoresearch"]},{"@type":"Person","@id":"https:\/\/www.suno.com.br\/noticias\/#\/schema\/person\/829bbe8d57f84333b966b96229c6bf5f","name":"Marco Ant\u00f4nio Lopes","image":{"@type":"ImageObject","inLanguage":"pt-BR","@id":"https:\/\/www.suno.com.br\/noticias\/#\/schema\/person\/image\/","url":"https:\/\/secure.gravatar.com\/avatar\/385167b012fbc1cde32c5446ee253313?s=96&r=g","contentUrl":"https:\/\/secure.gravatar.com\/avatar\/385167b012fbc1cde32c5446ee253313?s=96&r=g","caption":"Marco Ant\u00f4nio Lopes"},"description":"Jornalista, \u00e9 editor no Suno Not\u00edcias. Trabalhou nas revistas Playboy, Super, Veja Comer &amp; Beber, Homem Vogue e Universo Masculino, al\u00e9m dos portais Abril.com, R7, nas editorias de Home, Esportes, Hora 7, Entretenimento e Geral, e Eu Quero Investir. Autor do livro Bruce Lee: Definitivo (Editora Conrad). Colaborou nas revistas Nova, Veja SP, Grandes Guerras, Placar, Bizz, Casa Claudia e Quatro Rodas.","url":"https:\/\/www.suno.com.br\/noticias\/author\/marco-lopes\/"}]}},"default_loop_html":"<div class=\"cardsPage__listCard__boxs\"><div class=\"cardsPage__listCard__boxs__img\"><a href=\"https:\/\/www.suno.com.br\/noticias\/viva-proposta-passagens-aereas-baratas\/\"><img class=\"mask\" src=\"https:\/\/www.suno.com.br\/noticias\/wp-content\/themes\/suno\/resources\/images\/spotlight\/spotlight1img\/bg-mask.png\" alt=\"Image Mask\"\/><img src=\"https:\/\/files.sunoresearch.com.br\/n\/uploads\/2022\/06\/Viva-400x200.jpg\" alt=\"A\u00e9rea Viva chega ao Brasil com proposta de oferecer passagens mais baratas\"\/><\/a><span class=\"spotlightCategory\"><a href=\"https:\/\/www.suno.com.br\/noticias\/negocios\/\">Neg\u00f3cios<\/a><\/span><\/div><div class=\"cardsPage__listCard__boxs__content\"><a href=\"https:\/\/www.suno.com.br\/noticias\/viva-proposta-passagens-aereas-baratas\/\"><h2 class=\"content__title\">A\u00e9rea Viva chega ao Brasil com proposta de oferecer passagens mais baratas<\/h2><\/a><div class=\"newsContent__article__meta\"><div class=\"newsContent__article__meta__authorBox\"><a href=\"https:\/\/www.suno.com.br\/noticias\/author\/marco-lopes\/\" class=\"authorBox__avatar noMobi\"><img src=\"https:\/\/secure.gravatar.com\/avatar\/385167b012fbc1cde32c5446ee253313?s=96&#038;r=g\" alt=\"Marco Ant\u00f4nio Lopes\"><\/a><div class=\"authorBox__name\"><span>por\n\t\t\t<a href=\"https:\/\/www.suno.com.br\/noticias\/author\/marco-lopes\/\"><span itemprop=\"author\">Marco Ant\u00f4nio Lopes<\/span><\/a><\/span><time datetime=\"2022-06-25T17:00:37-03:00\" itemprop=\"datePublished\">25\/06\/2022 17:00<\/time><\/div><\/div><\/div><\/div><\/div>","single_layout":"posts","amp_enabled":true,"_links":{"self":[{"href":"https:\/\/www.suno.com.br\/noticias\/wp-json\/wp\/v2\/posts\/270947"}],"collection":[{"href":"https:\/\/www.suno.com.br\/noticias\/wp-json\/wp\/v2\/posts"}],"about":[{"href":"https:\/\/www.suno.com.br\/noticias\/wp-json\/wp\/v2\/types\/post"}],"author":[{"embeddable":true,"href":"https:\/\/www.suno.com.br\/noticias\/wp-json\/wp\/v2\/users\/98"}],"replies":[{"embeddable":true,"href":"https:\/\/www.suno.com.br\/noticias\/wp-json\/wp\/v2\/comments?post=270947"}],"version-history":[{"count":3,"href":"https:\/\/www.suno.com.br\/noticias\/wp-json\/wp\/v2\/posts\/270947\/revisions"}],"predecessor-version":[{"id":270958,"href":"https:\/\/www.suno.com.br\/noticias\/wp-json\/wp\/v2\/posts\/270947\/revisions\/270958"}],"wp:featuredmedia":[{"embeddable":true,"href":"https:\/\/www.suno.com.br\/noticias\/wp-json\/wp\/v2\/media\/270954"}],"wp:attachment":[{"href":"https:\/\/www.suno.com.br\/noticias\/wp-json\/wp\/v2\/media?parent=270947"}],"wp:term":[{"taxonomy":"category","embeddable":true,"href":"https:\/\/www.suno.com.br\/noticias\/wp-json\/wp\/v2\/categories?post=270947"},{"taxonomy":"post_tag","embeddable":true,"href":"https:\/\/www.suno.com.br\/noticias\/wp-json\/wp\/v2\/tags?post=270947"},{"taxonomy":"suno_strategy","embeddable":true,"href":"https:\/\/www.suno.com.br\/noticias\/wp-json\/wp\/v2\/suno_strategy?post=270947"}],"curies":[{"name":"wp","href":"https:\/\/api.w.org\/{rel}","templated":true}]}}