{"id":27079,"date":"2019-06-03T17:43:53","date_gmt":"2019-06-03T20:43:53","guid":{"rendered":"https:\/\/www.suno.com.br\/noticias\/?p=27079"},"modified":"2021-06-13T23:44:04","modified_gmt":"2021-06-14T02:44:04","slug":"dolar-queda-fecha-negociado","status":"publish","type":"post","link":"https:\/\/www.suno.com.br\/noticias\/dolar-queda-fecha-negociado\/","title":{"rendered":"D\u00f3lar tem queda de 0,902% e fecha negociado a R$ 3,889"},"content":{"rendered":"<p>O d\u00f3lar encerrou esta segunda-feira (03) em queda de\u00a00,902 %, negociado a R$\u00a03,889. O mercado acompanha a tramita\u00e7\u00e3o da reforma da Previd\u00eancia. No exterior, o destaque \u00e9 a taxa\u00e7\u00e3o dos Estados Unidos sob produtos do M\u00e9xico.<\/p>\t<div class=\"wrapper-featured-image\">\n\t\t<figure class=\"spotlightImg\">\n\n\t\t\t<picture>\n\t\t\t\t<source media=\"(max-width: 768px)\" srcset=\"https:\/\/files.sunoresearch.com.br\/n\/uploads\/2019\/01\/ae3d8e13-d\u00f3lar-400x200.webp\">\n\t\t\t\t<img loading=\"lazy\" decoding=\"async\" class=\"newsContent__article__imgCapa lazyloadDisabled newsContent__article__imgCapa--noCaption\" src=\"https:\/\/files.sunoresearch.com.br\/n\/uploads\/2019\/01\/ae3d8e13-d\u00f3lar-800x450.webp\" width=\"800\" height=\"450\" alt=\"D\u00f3lar tem queda de 0,902% e fecha negociado a R$ 3,889\" fetchpriority=high \/>\n\t\t\t<\/picture>\n\n\t\t\t<figcaption class=\"wp-caption-text wp-caption-text--hide\">D\u00f3lar abre em queda atento ao coronav\u00edrus e a reuni\u00e3o do Fomc<\/figcaption>\n\t\t<\/figure>\n\t<\/div>\n\n\n<p>A moeda norte-americana iniciou em alta. A m\u00e1xima foi registrada \u00e0s 9h30, negociada a R$ 3,9256. Por\u00e9m, ao longo do dia, o <strong>d\u00f3lar<\/strong> caiu. Por volta das 15h obteve m\u00ednima de R$ 3,8836.<\/p>\n<p>Confira o fechamento das principais moedas:<\/p>\n<ul>\n<li><strong><a href=\"https:\/\/www.suno.com.br\/artigos\/euro\/\">Euro<\/a>:<\/strong>\u00a0queda de 0,413 %, negociado a R$ 4,3677.<\/li>\n<li><strong>Libra esterlina:<\/strong>\u00a0queda de\u00a00,876 %, negociada a R$\u00a04,9213<\/li>\n<\/ul>\n\t<p>\n\t\t<a href=\"https:\/\/lp.suno.com.br\/ao\/cadastro-whatsapp\/\" target=\"_blank\" data-element=\"shortcode-suno-banner\" title=\"Banner SUNO, clique e saiba mais\">\n\t\t\t<picture>\n\t\t\t\t<source media=\"(max-width: 500px)\" srcset=\"https:\/\/files.sunoresearch.com.br\/n\/uploads\/2024\/02\/400x300-Mobile-Artigos-7.png\">\n\t\t\t\t<img class=\"newsContent__article__imgCapa newsContent__article__imgCapa--banner\"\n\t\t\t\t\tsrc=\"https:\/\/files.sunoresearch.com.br\/n\/uploads\/2024\/01\/1420x240-Banner-Artigos-1-_-Banner-Materias-8.png\"\n\t\t\t\t\tdata-promo-id=\"517344\"\t\t\t\t\t\t\t\t\t\twidth='1420' height='240'\t\t\t\t\talt=\"https:\/\/files.sunoresearch.com.br\/n\/uploads\/2024\/01\/1420x240-Banner-Artigos-1-_-Banner-Materias-8.png\"\n\t\t\t\t>\n\t\t\t<\/picture>\n\t\t<\/a>\n\t<\/p>\n\n\n<p>O <strong><a href=\"https:\/\/www.suno.com.br\/artigos\/bacen\/\">Banco Central<\/a><\/strong> <strong>(BC)<\/strong> vendeu nesta quarta-feira todos os 5,050 mil <strong><a href=\"https:\/\/www.suno.com.br\/artigos\/swap-cambial\/\">swaps cambiais<\/a> tradicionais<\/strong>, correspondentes \u00e0 venda futura de <strong>d\u00f3lares<\/strong>, de um total de\u00a0US$ 10,089 bilh\u00f5es que vencem em julho.<\/p>\n<p style=\"text-align: center;\"><iframe loading=\"lazy\" src=\"https:\/\/www.youtube.com\/embed\/TsOVSq2oJ4A\" width=\"560\" height=\"315\" frameborder=\"0\" allowfullscreen=\"allowfullscreen\"><\/iframe><\/p>\n<h2>Reforma da Previd\u00eancia<\/h2>\n<p>Diante da possibilidade da retirada dos Estados e munic\u00edpios da <strong>reforma da Previd\u00eancia<\/strong>, o secret\u00e1rio do <strong>Tesouro Nacional<\/strong>, Mansueto Almeida, disse nesta segunda-feira que o governadores deveriam ir \u00e0 Bras\u00edlia pressionar deputados para n\u00e3o retirarem os estados da <strong>reforma da Previd\u00eancia<\/strong>.<\/p>\n<p>&#8220;Eu acho assim: qualquer governador deveria estar nesta semana em <strong>Bras\u00edlia<\/strong> pressionando, conversando, dialogando, mostrando a import\u00e2ncia de eles ficarem na <strong>reforma da Previd\u00eancia<\/strong>. Isso vale pera qualquer governador do Brasil, seja do Sul, Sudeste, Centro-Oeste, Norte, ou do Nordeste&#8221;, declarou o secret\u00e1rio em entrevista \u00e0 Radio CBN.<\/p>\n<h2>Guerra comercial<\/h2>\n<p>No \u00faltimo domingo, a <strong>China<\/strong> afirmou que\u00a0est\u00e1 preparada para enfrentar os <strong>Estados Unidos<\/strong>. Por\u00e9m, ao mesmo tempo, se diz aberta ao di\u00e1logo.<\/p>\n<p><a href=\"https:\/\/www.suno.com.br\/noticias\/guerra-comercial-china-eua\/\">Saiba mais &#8211; Guerra comercial: China afirma estar preparada para enfrentar os EUA<\/a><\/p>\n<p>Em refer\u00eancia ao slogan da campanha de <a href=\"https:\/\/www.suno.com.br\/tudo-sobre\/donald-trump\/\"><strong>Donald Trump<\/strong><\/a>, &#8220;Fa\u00e7a Am\u00e9rica Grande De Novo&#8221;, o <strong>vice-ministro chin\u00eas<\/strong>,<strong> Guo Weimin<\/strong>, declarou na entrevista coletiva deste domingo que &#8220;a <strong>guerra comercial<\/strong> n\u00e3o devolveu a grandeza aos <strong>Estados Unidos<\/strong>.<\/p>\n<p>&#8220;Quanto aos <strong>atritos comerciais<\/strong> iniciados pelos EUA: se os <strong>Estados Unidos<\/strong> querem conversar, estamos com a <strong>porta aberta<\/strong>. Se querem <strong>lutar<\/strong>, estamos prontos&#8221;, disse o <strong>ministro chin\u00eas da Defesa<\/strong>, <strong>Wei Fenghe<\/strong>, em um <strong>f\u00f3rum de seguran\u00e7a internacional em Singapura<\/strong><\/p>\n<h2>EUA x M\u00e9xico<\/h2>\n<p>A <strong>ministra da Economia<\/strong> do M\u00e9xico, <strong>Graciela Marquez<\/strong>, se encontrar\u00e1 com o <strong>secret\u00e1rio de Com\u00e9rcio norte-americano<\/strong>, <strong>Wilbur Ross<\/strong>, para discutirem as<strong> taxas <\/strong>imposta pelo presidente americano.<\/p>\n<p><a href=\"https:\/\/www.suno.com.br\/noticias\/governo-do-mexico-discutira-as-taxas-impostas-com-secretario-dos-eua\/\">Saiba mais: Governo do M\u00e9xico discutir\u00e1 as taxas impostas com secret\u00e1rio dos EUA<\/a><\/p>\n<p>Na \u00faltima quinta-feira (30) o presidente<a href=\"https:\/\/www.suno.com.br\/tudo-sobre\/donald-trump\/\"><strong> Donald Trump<\/strong><\/a> anunciou uma taxa de 5% sobre os produtos vindo do <strong>M\u00e9xico<\/strong>. A medida foi imposta com objetivo de que haja redu\u00e7\u00e3o da entrada de<strong> imigrantes clandestino<\/strong>.<\/p>\n<p>Em resposta, o <strong>presidente mexicano<\/strong>,<strong>\u00a0Andr\u00e9s Manuel L\u00f3pez Obrador<\/strong>, publicou em sua Twitter uma carta &#8220;em paz&#8221; a <strong>Donald Trump<\/strong>.<\/p>\n<p>&#8220;Estou ciente de sua \u00faltima postura em rela\u00e7\u00e3o ao<strong> M\u00e9xico<\/strong>. De antem\u00e3o, eu te digo que n\u00e3o quero confronto. Os povos e na\u00e7\u00f5es que representamos merece que, antes de qualquer conflito, por mais grave que seja, recorramos ao di\u00e1logo, e atuemos com prud\u00eancia e responsabilidade&#8221;, diz o presidente na carta.<\/p>\n<h2>\u00daltima cota\u00e7\u00e3o do d\u00f3lar<\/h2>\n<p>Na \u00faltima sess\u00e3o, que ocorreu na sexta-feira (31), o <strong>d\u00f3lar<\/strong>\u00a0teve queda de 1,372%, negociado a R$ 3,9244.<\/p>\n","protected":false},"excerpt":{"rendered":"<p>O d\u00f3lar encerrou esta segunda-feira (03) em queda de\u00a00,902 %, negociado a R$\u00a03,889. O mercado acompanha a tramita\u00e7\u00e3o da reforma da Previd\u00eancia. No exterior, o destaque \u00e9 a taxa\u00e7\u00e3o dos Estados Unidos sob produtos do M\u00e9xico. D\u00f3lar abre em queda atento ao coronav\u00edrus e a reuni\u00e3o do Fomc A moeda norte-americana iniciou em alta. A [&hellip;]<\/p>\n","protected":false},"author":14,"featured_media":13447,"comment_status":"closed","ping_status":"closed","sticky":false,"template":"","format":"standard","meta":[],"categories":[60],"tags":[309,711,326,724,740,793,729,940],"suno_strategy":[],"class_list":["post-27079","post","type-post","status-publish","format-standard","has-post-thumbnail","hentry","category-mercado","tag-bolsa-de-valores","tag-china","tag-dolar","tag-donald-trump","tag-economia","tag-estados-unidos-eua","tag-mexico","tag-reforma-da-previdencia"],"yoast_head":"<!-- This site is optimized with the Yoast SEO plugin v24.4 - https:\/\/yoast.com\/wordpress\/plugins\/seo\/ -->\n<title>D\u00f3lar tem queda de 0,902 % e fecha negociado a R$ 3,889<\/title>\n<meta name=\"description\" content=\"O d\u00f3lar iniciou em alta. A m\u00e1xima foi registrada \u00e0s 9h30, negociada a R$ 3,9256. Por\u00e9m, ao longo do dia, caiu. Clique para saber mais.\" \/>\n<meta name=\"robots\" content=\"index, follow, max-snippet:-1, max-image-preview:large, max-video-preview:-1\" \/>\n<link rel=\"canonical\" href=\"https:\/\/www.suno.com.br\/noticias\/dolar-queda-fecha-negociado\/\" \/>\n<meta property=\"og:locale\" content=\"pt_BR\" \/>\n<meta property=\"og:type\" content=\"article\" \/>\n<meta property=\"og:title\" content=\"D\u00f3lar tem queda de 0,902 % e fecha negociado a R$ 3,889\" \/>\n<meta property=\"og:description\" content=\"O d\u00f3lar iniciou em alta. A m\u00e1xima foi registrada \u00e0s 9h30, negociada a R$ 3,9256. Por\u00e9m, ao longo do dia, caiu. Clique para saber mais.\" \/>\n<meta property=\"og:url\" content=\"https:\/\/www.suno.com.br\/noticias\/dolar-queda-fecha-negociado\/\" \/>\n<meta property=\"og:site_name\" content=\"Suno Not\u00edcias\" \/>\n<meta property=\"article:publisher\" content=\"https:\/\/facebook.com\/sunoresearch\" \/>\n<meta property=\"og:image\" content=\"https:\/\/files.sunoresearch.com.br\/n\/uploads\/2019\/01\/ae3d8e13-d\u00f3lar.jpg\" \/>\n\t<meta property=\"og:image:width\" content=\"1024\" \/>\n\t<meta property=\"og:image:height\" content=\"660\" \/>\n\t<meta property=\"og:image:type\" content=\"image\/jpeg\" \/>\n<meta name=\"author\" content=\"Renan Dantas\" \/>\n<meta name=\"twitter:card\" content=\"summary_large_image\" \/>\n<meta name=\"twitter:creator\" content=\"@sunoresearch\" \/>\n<meta name=\"twitter:site\" content=\"@sunoresearch\" \/>\n<meta name=\"twitter:label1\" content=\"Escrito por\" \/>\n\t<meta name=\"twitter:data1\" content=\"Renan Dantas\" \/>\n\t<meta name=\"twitter:label2\" content=\"Est. tempo de leitura\" \/>\n\t<meta name=\"twitter:data2\" content=\"3 minutos\" \/>\n<script type=\"application\/ld+json\" class=\"yoast-schema-graph\">{\"@context\":\"https:\/\/schema.org\",\"@graph\":[{\"@type\":\"NewsArticle\",\"@id\":\"https:\/\/www.suno.com.br\/noticias\/dolar-queda-fecha-negociado\/#article\",\"isPartOf\":{\"@id\":\"https:\/\/www.suno.com.br\/noticias\/dolar-queda-fecha-negociado\/\"},\"author\":{\"name\":\"Renan Dantas\",\"@id\":\"https:\/\/www.suno.com.br\/noticias\/#\/schema\/person\/3f7693d5795a3f6d5ce15309ee785699\"},\"headline\":\"D\u00f3lar tem queda de 0,902% e fecha negociado a R$ 3,889\",\"datePublished\":\"2019-06-03T20:43:53+00:00\",\"dateModified\":\"2021-06-14T02:44:04+00:00\",\"mainEntityOfPage\":{\"@id\":\"https:\/\/www.suno.com.br\/noticias\/dolar-queda-fecha-negociado\/\"},\"wordCount\":543,\"publisher\":{\"@id\":\"https:\/\/www.suno.com.br\/noticias\/#organization\"},\"image\":{\"@id\":\"https:\/\/www.suno.com.br\/noticias\/dolar-queda-fecha-negociado\/#primaryimage\"},\"thumbnailUrl\":\"https:\/\/files.sunoresearch.com.br\/n\/uploads\/2019\/01\/ae3d8e13-d\u00f3lar-jpg.webp\",\"keywords\":[\"Bolsa de Valores\",\"China\",\"d\u00f3lar\",\"Donald Trump\",\"Economia\",\"Estados Unidos (EUA)\",\"M\u00e9xico\",\"Reforma da Previd\u00eancia\"],\"articleSection\":[\"Mercado\"],\"inLanguage\":\"pt-BR\"},{\"@type\":\"WebPage\",\"@id\":\"https:\/\/www.suno.com.br\/noticias\/dolar-queda-fecha-negociado\/\",\"url\":\"https:\/\/www.suno.com.br\/noticias\/dolar-queda-fecha-negociado\/\",\"name\":\"D\u00f3lar tem queda de 0,902 % e fecha negociado a R$ 3,889\",\"isPartOf\":{\"@id\":\"https:\/\/www.suno.com.br\/noticias\/#website\"},\"primaryImageOfPage\":{\"@id\":\"https:\/\/www.suno.com.br\/noticias\/dolar-queda-fecha-negociado\/#primaryimage\"},\"image\":{\"@id\":\"https:\/\/www.suno.com.br\/noticias\/dolar-queda-fecha-negociado\/#primaryimage\"},\"thumbnailUrl\":\"https:\/\/files.sunoresearch.com.br\/n\/uploads\/2019\/01\/ae3d8e13-d\u00f3lar-jpg.webp\",\"datePublished\":\"2019-06-03T20:43:53+00:00\",\"dateModified\":\"2021-06-14T02:44:04+00:00\",\"description\":\"O d\u00f3lar iniciou em alta. A m\u00e1xima foi registrada \u00e0s 9h30, negociada a R$ 3,9256. Por\u00e9m, ao longo do dia, caiu. Clique para saber mais.\",\"breadcrumb\":{\"@id\":\"https:\/\/www.suno.com.br\/noticias\/dolar-queda-fecha-negociado\/#breadcrumb\"},\"inLanguage\":\"pt-BR\",\"potentialAction\":[{\"@type\":\"ReadAction\",\"target\":[\"https:\/\/www.suno.com.br\/noticias\/dolar-queda-fecha-negociado\/\"]}]},{\"@type\":\"ImageObject\",\"inLanguage\":\"pt-BR\",\"@id\":\"https:\/\/www.suno.com.br\/noticias\/dolar-queda-fecha-negociado\/#primaryimage\",\"url\":\"https:\/\/files.sunoresearch.com.br\/n\/uploads\/2019\/01\/ae3d8e13-d\u00f3lar-jpg.webp\",\"contentUrl\":\"https:\/\/files.sunoresearch.com.br\/n\/uploads\/2019\/01\/ae3d8e13-d\u00f3lar-jpg.webp\",\"width\":1024,\"height\":660,\"caption\":\"D\u00f3lar abre em queda atento ao coronav\u00edrus e a reuni\u00e3o do Fomc\"},{\"@type\":\"BreadcrumbList\",\"@id\":\"https:\/\/www.suno.com.br\/noticias\/dolar-queda-fecha-negociado\/#breadcrumb\",\"itemListElement\":[{\"@type\":\"ListItem\",\"position\":1,\"name\":\"Not\u00edcias\",\"item\":\"https:\/\/www.suno.com.br\/noticias\/\"},{\"@type\":\"ListItem\",\"position\":2,\"name\":\"Mercado\",\"item\":\"https:\/\/www.suno.com.br\/noticias\/mercado\/\"},{\"@type\":\"ListItem\",\"position\":3,\"name\":\"D\u00f3lar tem queda de 0,902% e fecha negociado a R$ 3,889\"}]},{\"@type\":\"WebSite\",\"@id\":\"https:\/\/www.suno.com.br\/noticias\/#website\",\"url\":\"https:\/\/www.suno.com.br\/noticias\/\",\"name\":\"Suno Not\u00edcias\",\"description\":\"Seu portal de informa\u00e7\u00e3o sobre o mundo dos investimentos\",\"publisher\":{\"@id\":\"https:\/\/www.suno.com.br\/noticias\/#organization\"},\"potentialAction\":[{\"@type\":\"SearchAction\",\"target\":{\"@type\":\"EntryPoint\",\"urlTemplate\":\"https:\/\/www.suno.com.br\/noticias\/?s={search_term_string}\"},\"query-input\":{\"@type\":\"PropertyValueSpecification\",\"valueRequired\":true,\"valueName\":\"search_term_string\"}}],\"inLanguage\":\"pt-BR\"},{\"@type\":\"Organization\",\"@id\":\"https:\/\/www.suno.com.br\/noticias\/#organization\",\"name\":\"Suno Not\u00edcias\",\"url\":\"https:\/\/www.suno.com.br\/noticias\/\",\"logo\":{\"@type\":\"ImageObject\",\"inLanguage\":\"pt-BR\",\"@id\":\"https:\/\/www.suno.com.br\/noticias\/#\/schema\/logo\/image\/\",\"url\":\"https:\/\/files.sunoresearch.com.br\/n\/uploads\/2021\/09\/suno-logo.png\",\"contentUrl\":\"https:\/\/files.sunoresearch.com.br\/n\/uploads\/2021\/09\/suno-logo.png\",\"width\":180,\"height\":180,\"caption\":\"Suno Not\u00edcias\"},\"image\":{\"@id\":\"https:\/\/www.suno.com.br\/noticias\/#\/schema\/logo\/image\/\"},\"sameAs\":[\"https:\/\/facebook.com\/sunoresearch\",\"https:\/\/x.com\/sunoresearch\",\"https:\/\/www.instagram.com\/suno\",\"https:\/\/www.linkedin.com\/company\/suno-research\/\",\"https:\/\/www.youtube.com\/c\/sunoresearch\"]},{\"@type\":\"Person\",\"@id\":\"https:\/\/www.suno.com.br\/noticias\/#\/schema\/person\/3f7693d5795a3f6d5ce15309ee785699\",\"name\":\"Renan Dantas\",\"image\":{\"@type\":\"ImageObject\",\"inLanguage\":\"pt-BR\",\"@id\":\"https:\/\/www.suno.com.br\/noticias\/#\/schema\/person\/image\/\",\"url\":\"https:\/\/secure.gravatar.com\/avatar\/1787b83e7484a08e51d62ac8b41c8396?s=96&r=g\",\"contentUrl\":\"https:\/\/secure.gravatar.com\/avatar\/1787b83e7484a08e51d62ac8b41c8396?s=96&r=g\",\"caption\":\"Renan Dantas\"},\"description\":\"Escreve sobre pol\u00edtica e mercado financeiro para o portal Suno Not\u00edcias. Antes, atuou na assessoria de comunica\u00e7\u00e3o do Minist\u00e9rio P\u00fablico do Trabalho e na R\u00e1dio Mackenzie, onde apresentava e produzia um programa sobre artistas da m\u00fasica brasileira. \u00c9 estudante na Universidade Presbiteriana Mackenzie.\",\"url\":\"https:\/\/www.suno.com.br\/noticias\/author\/renan-dantas\/\"}]}<\/script>\n<!-- \/ Yoast SEO plugin. -->","yoast_head_json":{"title":"D\u00f3lar tem queda de 0,902 % e fecha negociado a R$ 3,889","description":"O d\u00f3lar iniciou em alta. A m\u00e1xima foi registrada \u00e0s 9h30, negociada a R$ 3,9256. Por\u00e9m, ao longo do dia, caiu. Clique para saber mais.","robots":{"index":"index","follow":"follow","max-snippet":"max-snippet:-1","max-image-preview":"max-image-preview:large","max-video-preview":"max-video-preview:-1"},"canonical":"https:\/\/www.suno.com.br\/noticias\/dolar-queda-fecha-negociado\/","og_locale":"pt_BR","og_type":"article","og_title":"D\u00f3lar tem queda de 0,902 % e fecha negociado a R$ 3,889","og_description":"O d\u00f3lar iniciou em alta. A m\u00e1xima foi registrada \u00e0s 9h30, negociada a R$ 3,9256. Por\u00e9m, ao longo do dia, caiu. Clique para saber mais.","og_url":"https:\/\/www.suno.com.br\/noticias\/dolar-queda-fecha-negociado\/","og_site_name":"Suno Not\u00edcias","article_publisher":"https:\/\/facebook.com\/sunoresearch","og_image":[{"width":1024,"height":660,"url":"https:\/\/files.sunoresearch.com.br\/n\/uploads\/2019\/01\/ae3d8e13-d\u00f3lar.jpg","type":"image\/jpeg"}],"author":"Renan Dantas","twitter_card":"summary_large_image","twitter_creator":"@sunoresearch","twitter_site":"@sunoresearch","twitter_misc":{"Escrito por":"Renan Dantas","Est. tempo de leitura":"3 minutos"},"schema":{"@context":"https:\/\/schema.org","@graph":[{"@type":"NewsArticle","@id":"https:\/\/www.suno.com.br\/noticias\/dolar-queda-fecha-negociado\/#article","isPartOf":{"@id":"https:\/\/www.suno.com.br\/noticias\/dolar-queda-fecha-negociado\/"},"author":{"name":"Renan Dantas","@id":"https:\/\/www.suno.com.br\/noticias\/#\/schema\/person\/3f7693d5795a3f6d5ce15309ee785699"},"headline":"D\u00f3lar tem queda de 0,902% e fecha negociado a R$ 3,889","datePublished":"2019-06-03T20:43:53+00:00","dateModified":"2021-06-14T02:44:04+00:00","mainEntityOfPage":{"@id":"https:\/\/www.suno.com.br\/noticias\/dolar-queda-fecha-negociado\/"},"wordCount":543,"publisher":{"@id":"https:\/\/www.suno.com.br\/noticias\/#organization"},"image":{"@id":"https:\/\/www.suno.com.br\/noticias\/dolar-queda-fecha-negociado\/#primaryimage"},"thumbnailUrl":"https:\/\/files.sunoresearch.com.br\/n\/uploads\/2019\/01\/ae3d8e13-d\u00f3lar-jpg.webp","keywords":["Bolsa de Valores","China","d\u00f3lar","Donald Trump","Economia","Estados Unidos (EUA)","M\u00e9xico","Reforma da Previd\u00eancia"],"articleSection":["Mercado"],"inLanguage":"pt-BR"},{"@type":"WebPage","@id":"https:\/\/www.suno.com.br\/noticias\/dolar-queda-fecha-negociado\/","url":"https:\/\/www.suno.com.br\/noticias\/dolar-queda-fecha-negociado\/","name":"D\u00f3lar tem queda de 0,902 % e fecha negociado a R$ 3,889","isPartOf":{"@id":"https:\/\/www.suno.com.br\/noticias\/#website"},"primaryImageOfPage":{"@id":"https:\/\/www.suno.com.br\/noticias\/dolar-queda-fecha-negociado\/#primaryimage"},"image":{"@id":"https:\/\/www.suno.com.br\/noticias\/dolar-queda-fecha-negociado\/#primaryimage"},"thumbnailUrl":"https:\/\/files.sunoresearch.com.br\/n\/uploads\/2019\/01\/ae3d8e13-d\u00f3lar-jpg.webp","datePublished":"2019-06-03T20:43:53+00:00","dateModified":"2021-06-14T02:44:04+00:00","description":"O d\u00f3lar iniciou em alta. A m\u00e1xima foi registrada \u00e0s 9h30, negociada a R$ 3,9256. Por\u00e9m, ao longo do dia, caiu. Clique para saber mais.","breadcrumb":{"@id":"https:\/\/www.suno.com.br\/noticias\/dolar-queda-fecha-negociado\/#breadcrumb"},"inLanguage":"pt-BR","potentialAction":[{"@type":"ReadAction","target":["https:\/\/www.suno.com.br\/noticias\/dolar-queda-fecha-negociado\/"]}]},{"@type":"ImageObject","inLanguage":"pt-BR","@id":"https:\/\/www.suno.com.br\/noticias\/dolar-queda-fecha-negociado\/#primaryimage","url":"https:\/\/files.sunoresearch.com.br\/n\/uploads\/2019\/01\/ae3d8e13-d\u00f3lar-jpg.webp","contentUrl":"https:\/\/files.sunoresearch.com.br\/n\/uploads\/2019\/01\/ae3d8e13-d\u00f3lar-jpg.webp","width":1024,"height":660,"caption":"D\u00f3lar abre em queda atento ao coronav\u00edrus e a reuni\u00e3o do Fomc"},{"@type":"BreadcrumbList","@id":"https:\/\/www.suno.com.br\/noticias\/dolar-queda-fecha-negociado\/#breadcrumb","itemListElement":[{"@type":"ListItem","position":1,"name":"Not\u00edcias","item":"https:\/\/www.suno.com.br\/noticias\/"},{"@type":"ListItem","position":2,"name":"Mercado","item":"https:\/\/www.suno.com.br\/noticias\/mercado\/"},{"@type":"ListItem","position":3,"name":"D\u00f3lar tem queda de 0,902% e fecha negociado a R$ 3,889"}]},{"@type":"WebSite","@id":"https:\/\/www.suno.com.br\/noticias\/#website","url":"https:\/\/www.suno.com.br\/noticias\/","name":"Suno Not\u00edcias","description":"Seu portal de informa\u00e7\u00e3o sobre o mundo dos investimentos","publisher":{"@id":"https:\/\/www.suno.com.br\/noticias\/#organization"},"potentialAction":[{"@type":"SearchAction","target":{"@type":"EntryPoint","urlTemplate":"https:\/\/www.suno.com.br\/noticias\/?s={search_term_string}"},"query-input":{"@type":"PropertyValueSpecification","valueRequired":true,"valueName":"search_term_string"}}],"inLanguage":"pt-BR"},{"@type":"Organization","@id":"https:\/\/www.suno.com.br\/noticias\/#organization","name":"Suno Not\u00edcias","url":"https:\/\/www.suno.com.br\/noticias\/","logo":{"@type":"ImageObject","inLanguage":"pt-BR","@id":"https:\/\/www.suno.com.br\/noticias\/#\/schema\/logo\/image\/","url":"https:\/\/files.sunoresearch.com.br\/n\/uploads\/2021\/09\/suno-logo.png","contentUrl":"https:\/\/files.sunoresearch.com.br\/n\/uploads\/2021\/09\/suno-logo.png","width":180,"height":180,"caption":"Suno Not\u00edcias"},"image":{"@id":"https:\/\/www.suno.com.br\/noticias\/#\/schema\/logo\/image\/"},"sameAs":["https:\/\/facebook.com\/sunoresearch","https:\/\/x.com\/sunoresearch","https:\/\/www.instagram.com\/suno","https:\/\/www.linkedin.com\/company\/suno-research\/","https:\/\/www.youtube.com\/c\/sunoresearch"]},{"@type":"Person","@id":"https:\/\/www.suno.com.br\/noticias\/#\/schema\/person\/3f7693d5795a3f6d5ce15309ee785699","name":"Renan Dantas","image":{"@type":"ImageObject","inLanguage":"pt-BR","@id":"https:\/\/www.suno.com.br\/noticias\/#\/schema\/person\/image\/","url":"https:\/\/secure.gravatar.com\/avatar\/1787b83e7484a08e51d62ac8b41c8396?s=96&r=g","contentUrl":"https:\/\/secure.gravatar.com\/avatar\/1787b83e7484a08e51d62ac8b41c8396?s=96&r=g","caption":"Renan Dantas"},"description":"Escreve sobre pol\u00edtica e mercado financeiro para o portal Suno Not\u00edcias. Antes, atuou na assessoria de comunica\u00e7\u00e3o do Minist\u00e9rio P\u00fablico do Trabalho e na R\u00e1dio Mackenzie, onde apresentava e produzia um programa sobre artistas da m\u00fasica brasileira. \u00c9 estudante na Universidade Presbiteriana Mackenzie.","url":"https:\/\/www.suno.com.br\/noticias\/author\/renan-dantas\/"}]}},"default_loop_html":"<div class=\"cardsPage__listCard__boxs\"><div class=\"cardsPage__listCard__boxs__img\"><a href=\"https:\/\/www.suno.com.br\/noticias\/dolar-queda-fecha-negociado\/\"><img class=\"mask\" src=\"https:\/\/www.suno.com.br\/noticias\/wp-content\/themes\/suno\/resources\/images\/spotlight\/spotlight1img\/bg-mask.png\" alt=\"Image Mask\"\/><img src=\"https:\/\/files.sunoresearch.com.br\/n\/uploads\/2019\/01\/ae3d8e13-d\u00f3lar-400x200.webp\" alt=\"D\u00f3lar tem queda de 0,902% e fecha negociado a R$ 3,889\"\/><\/a><span class=\"spotlightCategory\"><a href=\"https:\/\/www.suno.com.br\/noticias\/mercado\/\">Mercado<\/a><\/span><\/div><div class=\"cardsPage__listCard__boxs__content\"><a href=\"https:\/\/www.suno.com.br\/noticias\/dolar-queda-fecha-negociado\/\"><h2 class=\"content__title\">D\u00f3lar tem queda de 0,902% e fecha negociado a R$ 3,889<\/h2><\/a><div class=\"newsContent__article__meta\"><div class=\"newsContent__article__meta__authorBox\"><a href=\"https:\/\/www.suno.com.br\/noticias\/author\/renan-dantas\/\" class=\"authorBox__avatar noMobi\"><img src=\"https:\/\/secure.gravatar.com\/avatar\/1787b83e7484a08e51d62ac8b41c8396?s=96&#038;r=g\" alt=\"Renan Dantas\"><\/a><div class=\"authorBox__name\"><span>por\n\t\t\t<a href=\"https:\/\/www.suno.com.br\/noticias\/author\/renan-dantas\/\"><span itemprop=\"author\">Renan Dantas<\/span><\/a><\/span><time datetime=\"2019-06-03T17:43:53-03:00\" itemprop=\"datePublished\">03\/06\/2019 17:43<\/time><\/div><\/div><\/div><\/div><\/div>","single_layout":"posts","amp_enabled":true,"_links":{"self":[{"href":"https:\/\/www.suno.com.br\/noticias\/wp-json\/wp\/v2\/posts\/27079"}],"collection":[{"href":"https:\/\/www.suno.com.br\/noticias\/wp-json\/wp\/v2\/posts"}],"about":[{"href":"https:\/\/www.suno.com.br\/noticias\/wp-json\/wp\/v2\/types\/post"}],"author":[{"embeddable":true,"href":"https:\/\/www.suno.com.br\/noticias\/wp-json\/wp\/v2\/users\/14"}],"replies":[{"embeddable":true,"href":"https:\/\/www.suno.com.br\/noticias\/wp-json\/wp\/v2\/comments?post=27079"}],"version-history":[{"count":1,"href":"https:\/\/www.suno.com.br\/noticias\/wp-json\/wp\/v2\/posts\/27079\/revisions"}],"predecessor-version":[{"id":157345,"href":"https:\/\/www.suno.com.br\/noticias\/wp-json\/wp\/v2\/posts\/27079\/revisions\/157345"}],"wp:featuredmedia":[{"embeddable":true,"href":"https:\/\/www.suno.com.br\/noticias\/wp-json\/wp\/v2\/media\/13447"}],"wp:attachment":[{"href":"https:\/\/www.suno.com.br\/noticias\/wp-json\/wp\/v2\/media?parent=27079"}],"wp:term":[{"taxonomy":"category","embeddable":true,"href":"https:\/\/www.suno.com.br\/noticias\/wp-json\/wp\/v2\/categories?post=27079"},{"taxonomy":"post_tag","embeddable":true,"href":"https:\/\/www.suno.com.br\/noticias\/wp-json\/wp\/v2\/tags?post=27079"},{"taxonomy":"suno_strategy","embeddable":true,"href":"https:\/\/www.suno.com.br\/noticias\/wp-json\/wp\/v2\/suno_strategy?post=27079"}],"curies":[{"name":"wp","href":"https:\/\/api.w.org\/{rel}","templated":true}]}}