{"id":27071,"date":"2019-06-03T16:53:21","date_gmt":"2019-06-03T19:53:21","guid":{"rendered":"https:\/\/www.suno.com.br\/noticias\/?p=27071"},"modified":"2019-06-03T16:56:11","modified_gmt":"2019-06-03T19:56:11","slug":"balanca-comercial-superavit-bilhoes-abril","status":"publish","type":"post","link":"https:\/\/www.suno.com.br\/noticias\/balanca-comercial-superavit-bilhoes-abril\/","title":{"rendered":"Balan\u00e7a comercial tem super\u00e1vit de US$ 6,4 bilh\u00f5es em maio"},"content":{"rendered":"<p>A balan\u00e7a comercial obteve um super\u00e1vit de US$ 6,4 bilh\u00f5es em abril desde ano. A informa\u00e7\u00e3o foi divulgada nesta segunda-feira (03) pelo Minist\u00e9rio da Economia. O desempenho da balan\u00e7a comercial foi o terceiro melhor para um m\u00eas de mar\u00e7o, com crescimento de 5,8% na compara\u00e7\u00e3o com o mesmo per\u00edodo do ano passado.<\/p>\t<div class=\"wrapper-featured-image\">\n\t\t<figure class=\"spotlightImg\">\n\n\t\t\t<picture>\n\t\t\t\t<source media=\"(max-width: 768px)\" srcset=\"https:\/\/files.sunoresearch.com.br\/n\/uploads\/2018\/12\/91287c7d-super\u00e1vit-400x200.webp\">\n\t\t\t\t<img loading=\"lazy\" decoding=\"async\" class=\"newsContent__article__imgCapa lazyloadDisabled newsContent__article__imgCapa--noCaption\" src=\"https:\/\/files.sunoresearch.com.br\/n\/uploads\/2018\/12\/91287c7d-super\u00e1vit-800x450.webp\" width=\"800\" height=\"450\" alt=\"Balan\u00e7a comercial tem super\u00e1vit de US$ 6,4 bilh\u00f5es em maio\" fetchpriority=high \/>\n\t\t\t<\/picture>\n\n\t\t\t<figcaption class=\"wp-caption-text wp-caption-text--hide\">Balan\u00e7a comercial tem super\u00e1vit de US$ 1,2 bi em outubro<\/figcaption>\n\t\t<\/figure>\n\t<\/div>\n\n\n<p>Segundo o <strong>Minist\u00e9rio da Economia<\/strong>, as <a href=\"https:\/\/www.suno.com.br\/artigos\/comercio-internacional\/\"><strong>exporta\u00e7\u00f5es<\/strong> <\/a>totalizaram US$ 21,394, eleva\u00e7\u00e3o de 5,6% em compara\u00e7\u00e3o com maio do ano passado. O <strong>super\u00e1vit<\/strong> da <strong>balan\u00e7a comercial<\/strong> \u00e9 registrado quando as exporta\u00e7\u00f5es s\u00e3o maiores que as <strong>importa\u00e7\u00f5es<\/strong>. No caso contr\u00e1rio, registra-se um <strong>d\u00e9ficit<\/strong>.<\/p>\n\t<p>\n\t\t<a href=\"https:\/\/lp.suno.com.br\/ebook-como-analisar-uma-acao\/\" target=\"_blank\" data-element=\"shortcode-suno-banner\" title=\"Banner SUNO, clique e saiba mais\">\n\t\t\t<picture>\n\t\t\t\t<source media=\"(max-width: 500px)\" srcset=\"https:\/\/files.sunoresearch.com.br\/n\/uploads\/2023\/12\/Ebook-Acoes-Mobile.jpg\">\n\t\t\t\t<img class=\"newsContent__article__imgCapa newsContent__article__imgCapa--banner\"\n\t\t\t\t\tsrc=\"https:\/\/files.sunoresearch.com.br\/n\/uploads\/2023\/12\/Ebook-Acoes-Mobile.jpg\"\n\t\t\t\t\tdata-promo-id=\"101750\"\t\t\t\t\t\t\t\t\t\twidth='400' height='300'\t\t\t\t\talt=\"https:\/\/files.sunoresearch.com.br\/n\/uploads\/2023\/12\/Ebook-Acoes-Mobile.jpg\"\n\t\t\t\t>\n\t\t\t<\/picture>\n\t\t<\/a>\n\t<\/p>\n\n\n<p>As <strong>exporta\u00e7\u00f5es<\/strong> estavam em queda desde fevereiro. Por\u00e9m, no m\u00eas de maio houve uma recupera\u00e7\u00e3o. Os destaques foram os <strong>manufaturados<\/strong> (alta de 29,5%) e <strong>semimanufaturados<\/strong> (crescimento de 15,4%). Por outro lado, as vendas de produtos b\u00e1sicos tiveram queda de 3,9%.<\/p>\n<p><a href=\"https:\/\/www.suno.com.br\/noticias\/balanca-comercial-superavit-3\/\">Saiba mais:\u00a0Balan\u00e7a comercial tem super\u00e1vit de US$ 6 bilh\u00f5es em abril<\/a><\/p>\n<p>J\u00e1 as <strong>importa\u00e7\u00f5es<\/strong> somaram US$ 14,972 bilh\u00f5es, crescimento de 7,8% em compara\u00e7\u00e3o com maio de 2018. A eleva\u00e7\u00e3o foi puxado pelas compras de:<\/p>\n<ul>\n<li>combust\u00edveis e lubrificantes (+27,5);<\/li>\n<li>bens de capital (+16,4%);<\/li>\n<li>bens intermedi\u00e1rios (+6,4%);<\/li>\n<\/ul>\n<p>Em contrapartida, a importa\u00e7\u00e3o de <strong>bens de consumo<\/strong>\u00a0obtiveram redu\u00e7\u00e3o de 6,5%.<\/p>\n<h2>Acumulado do ano<\/h2>\n<p>Nos cinco primeiros meses deste ano, o <strong>saldo da balan\u00e7a<\/strong> ficou positivo em US$ 22,806 bilh\u00f5es. O valor \u00e9 6,8% menor se comparado com o mesmo per\u00edodo do ano passado.<\/p>\n<p>No acumulado de 2019, segundo o <strong>Minist\u00e9rio da Economia<\/strong>, as <strong>exporta\u00e7\u00f5es<\/strong> totalizaram US$ 93,543 bilh\u00f5es. As <strong>importa\u00e7\u00f5es<\/strong> somaram US$ 70,737 bilh\u00f5es.<\/p>\n\t<p>\n\t\t<a href=\"https:\/\/lp.suno.com.br\/planilha-controle-gastos\/\" target=\"_blank\" data-element=\"shortcode-suno-banner\" title=\"Banner SUNO, clique e saiba mais\">\n\t\t\t<picture>\n\t\t\t\t<source media=\"(max-width: 500px)\" srcset=\"https:\/\/files.sunoresearch.com.br\/n\/uploads\/2023\/03\/400x300-Planilha-controle-de-gastos.png\">\n\t\t\t\t<img class=\"newsContent__article__imgCapa newsContent__article__imgCapa--banner\"\n\t\t\t\t\tsrc=\"https:\/\/files.sunoresearch.com.br\/n\/uploads\/2023\/03\/1420x240-Planilha-controle-de-gastos.png\"\n\t\t\t\t\tdata-promo-id=\"102417\"\t\t\t\t\t\t\t\t\t\twidth='1420' height='240'\t\t\t\t\talt=\"https:\/\/files.sunoresearch.com.br\/n\/uploads\/2023\/03\/1420x240-Planilha-controle-de-gastos.png\"\n\t\t\t\t>\n\t\t\t<\/picture>\n\t\t<\/a>\n\t<\/p>\n\n\n<h2>Balan\u00e7a comercial de 2018<\/h2>\n<p>No acumulado do ano de 2018, a <strong>balan\u00e7a comercial<\/strong> obteve um <strong>super\u00e1vit<\/strong> de US$ 58,3 bilh\u00f5es. Esse <strong>saldo positivo<\/strong> foi gerado pela eleva\u00e7\u00e3o das <strong>exporta\u00e7\u00f5es<\/strong> de produtos b\u00e1sicos. Por\u00e9m, o saldo da <strong>balan\u00e7a comercial<\/strong> foi 13% menor do que o registrado em 2017. As informa\u00e7\u00f5es s\u00e3o do <strong>Minist\u00e9rio da Economia<\/strong>.<\/p>\n<p><a href=\"https:\/\/www.suno.com.br\/noticias\/petroleo-producao-brasil-abril\/\">Saiba mais: Petr\u00f3leo &#8211; produ\u00e7\u00e3o no Brasil cresce em abril pelo segundo m\u00eas seguido<\/a><\/p>\n<p>Para 2019, o <strong>mercado financeiro<\/strong> espera uma nova piora no <strong>saldo comercial<\/strong>. De acordo com o <strong>Boletim Focus<\/strong> <a href=\"https:\/\/www.suno.com.br\/noticias\/boletim-focus-crescimento-pib-reduzido\/\">divulgado pelo <strong>Banco Central<\/strong>\u00a0nesta segunda-feira (03)<\/a>, o mercado diminuiu levemente a previs\u00e3o de\u00a0<strong><a href=\"https:\/\/www.suno.com.br\/artigos\/superavit-comercial\/\">super\u00e1vit\u00a0<\/a> <\/strong>de\u00a0US$ 45,33 bilh\u00f5es para US$ 45,10 bilh\u00f5es.<\/p>\n<p>&nbsp;<\/p>\n","protected":false},"excerpt":{"rendered":"<p>A balan\u00e7a comercial obteve um super\u00e1vit de US$ 6,4 bilh\u00f5es em abril desde ano. A informa\u00e7\u00e3o foi divulgada nesta segunda-feira (03) pelo Minist\u00e9rio da Economia. O desempenho da balan\u00e7a comercial foi o terceiro melhor para um m\u00eas de mar\u00e7o, com crescimento de 5,8% na compara\u00e7\u00e3o com o mesmo per\u00edodo do ano passado. Balan\u00e7a comercial tem [&hellip;]<\/p>\n","protected":false},"author":14,"featured_media":8331,"comment_status":"closed","ping_status":"closed","sticky":false,"template":"","format":"standard","meta":[],"categories":[62],"tags":[914,707,706,909],"suno_strategy":[],"class_list":["post-27071","post","type-post","status-publish","format-standard","has-post-thumbnail","hentry","category-economia","tag-balanca-comercial","tag-exportacoes","tag-importacoes","tag-ministerio-da-economia"],"yoast_head":"<!-- This site is optimized with the Yoast SEO plugin v24.4 - https:\/\/yoast.com\/wordpress\/plugins\/seo\/ -->\n<title>Balan\u00e7a comercial tem super\u00e1vit de US$ 6,4 bilh\u00f5es em maio<\/title>\n<meta name=\"description\" content=\"O super\u00e1vit da balan\u00e7a comercial \u00e9 registrado quando as exporta\u00e7\u00f5es s\u00e3o maiores que as importa\u00e7\u00f5es. Clique aqui para saber mais.\" \/>\n<meta name=\"robots\" content=\"index, follow, max-snippet:-1, max-image-preview:large, max-video-preview:-1\" \/>\n<link rel=\"canonical\" href=\"https:\/\/www.suno.com.br\/noticias\/balanca-comercial-superavit-bilhoes-abril\/\" \/>\n<meta property=\"og:locale\" content=\"pt_BR\" \/>\n<meta property=\"og:type\" content=\"article\" \/>\n<meta property=\"og:title\" content=\"Balan\u00e7a comercial tem super\u00e1vit de US$ 6,4 bilh\u00f5es em maio\" \/>\n<meta property=\"og:description\" content=\"O super\u00e1vit da balan\u00e7a comercial \u00e9 registrado quando as exporta\u00e7\u00f5es s\u00e3o maiores que as importa\u00e7\u00f5es. Clique aqui para saber mais.\" \/>\n<meta property=\"og:url\" content=\"https:\/\/www.suno.com.br\/noticias\/balanca-comercial-superavit-bilhoes-abril\/\" \/>\n<meta property=\"og:site_name\" content=\"Suno Not\u00edcias\" \/>\n<meta property=\"article:publisher\" content=\"https:\/\/facebook.com\/sunoresearch\" \/>\n<meta property=\"og:image\" content=\"https:\/\/files.sunoresearch.com.br\/n\/uploads\/2018\/12\/91287c7d-super\u00e1vit.jpg\" \/>\n\t<meta property=\"og:image:width\" content=\"2126\" \/>\n\t<meta property=\"og:image:height\" content=\"1417\" \/>\n\t<meta property=\"og:image:type\" content=\"image\/jpeg\" \/>\n<meta name=\"author\" content=\"Renan Dantas\" \/>\n<meta name=\"twitter:card\" content=\"summary_large_image\" \/>\n<meta name=\"twitter:creator\" content=\"@sunoresearch\" \/>\n<meta name=\"twitter:site\" content=\"@sunoresearch\" \/>\n<meta name=\"twitter:label1\" content=\"Escrito por\" \/>\n\t<meta name=\"twitter:data1\" content=\"Renan Dantas\" \/>\n\t<meta name=\"twitter:label2\" content=\"Est. tempo de leitura\" \/>\n\t<meta name=\"twitter:data2\" content=\"2 minutos\" \/>\n<script type=\"application\/ld+json\" class=\"yoast-schema-graph\">{\"@context\":\"https:\/\/schema.org\",\"@graph\":[{\"@type\":\"NewsArticle\",\"@id\":\"https:\/\/www.suno.com.br\/noticias\/balanca-comercial-superavit-bilhoes-abril\/#article\",\"isPartOf\":{\"@id\":\"https:\/\/www.suno.com.br\/noticias\/balanca-comercial-superavit-bilhoes-abril\/\"},\"author\":{\"name\":\"Renan Dantas\",\"@id\":\"https:\/\/www.suno.com.br\/noticias\/#\/schema\/person\/3f7693d5795a3f6d5ce15309ee785699\"},\"headline\":\"Balan\u00e7a comercial tem super\u00e1vit de US$ 6,4 bilh\u00f5es em maio\",\"datePublished\":\"2019-06-03T19:53:21+00:00\",\"dateModified\":\"2019-06-03T19:56:11+00:00\",\"mainEntityOfPage\":{\"@id\":\"https:\/\/www.suno.com.br\/noticias\/balanca-comercial-superavit-bilhoes-abril\/\"},\"wordCount\":405,\"publisher\":{\"@id\":\"https:\/\/www.suno.com.br\/noticias\/#organization\"},\"image\":{\"@id\":\"https:\/\/www.suno.com.br\/noticias\/balanca-comercial-superavit-bilhoes-abril\/#primaryimage\"},\"thumbnailUrl\":\"https:\/\/files.sunoresearch.com.br\/n\/uploads\/2018\/12\/91287c7d-super\u00e1vit-jpg.webp\",\"keywords\":[\"balan\u00e7a comercial\",\"exporta\u00e7\u00f5es\",\"importa\u00e7\u00f5es\",\"Minist\u00e9rio da Economia\"],\"articleSection\":[\"Economia\"],\"inLanguage\":\"pt-BR\"},{\"@type\":\"WebPage\",\"@id\":\"https:\/\/www.suno.com.br\/noticias\/balanca-comercial-superavit-bilhoes-abril\/\",\"url\":\"https:\/\/www.suno.com.br\/noticias\/balanca-comercial-superavit-bilhoes-abril\/\",\"name\":\"Balan\u00e7a comercial tem super\u00e1vit de US$ 6,4 bilh\u00f5es em maio\",\"isPartOf\":{\"@id\":\"https:\/\/www.suno.com.br\/noticias\/#website\"},\"primaryImageOfPage\":{\"@id\":\"https:\/\/www.suno.com.br\/noticias\/balanca-comercial-superavit-bilhoes-abril\/#primaryimage\"},\"image\":{\"@id\":\"https:\/\/www.suno.com.br\/noticias\/balanca-comercial-superavit-bilhoes-abril\/#primaryimage\"},\"thumbnailUrl\":\"https:\/\/files.sunoresearch.com.br\/n\/uploads\/2018\/12\/91287c7d-super\u00e1vit-jpg.webp\",\"datePublished\":\"2019-06-03T19:53:21+00:00\",\"dateModified\":\"2019-06-03T19:56:11+00:00\",\"description\":\"O super\u00e1vit da balan\u00e7a comercial \u00e9 registrado quando as exporta\u00e7\u00f5es s\u00e3o maiores que as importa\u00e7\u00f5es. Clique aqui para saber mais.\",\"breadcrumb\":{\"@id\":\"https:\/\/www.suno.com.br\/noticias\/balanca-comercial-superavit-bilhoes-abril\/#breadcrumb\"},\"inLanguage\":\"pt-BR\",\"potentialAction\":[{\"@type\":\"ReadAction\",\"target\":[\"https:\/\/www.suno.com.br\/noticias\/balanca-comercial-superavit-bilhoes-abril\/\"]}]},{\"@type\":\"ImageObject\",\"inLanguage\":\"pt-BR\",\"@id\":\"https:\/\/www.suno.com.br\/noticias\/balanca-comercial-superavit-bilhoes-abril\/#primaryimage\",\"url\":\"https:\/\/files.sunoresearch.com.br\/n\/uploads\/2018\/12\/91287c7d-super\u00e1vit-jpg.webp\",\"contentUrl\":\"https:\/\/files.sunoresearch.com.br\/n\/uploads\/2018\/12\/91287c7d-super\u00e1vit-jpg.webp\",\"width\":2126,\"height\":1417,\"caption\":\"Balan\u00e7a comercial tem super\u00e1vit de US$ 1,2 bi em outubro\"},{\"@type\":\"BreadcrumbList\",\"@id\":\"https:\/\/www.suno.com.br\/noticias\/balanca-comercial-superavit-bilhoes-abril\/#breadcrumb\",\"itemListElement\":[{\"@type\":\"ListItem\",\"position\":1,\"name\":\"Not\u00edcias\",\"item\":\"https:\/\/www.suno.com.br\/noticias\/\"},{\"@type\":\"ListItem\",\"position\":2,\"name\":\"Economia\",\"item\":\"https:\/\/www.suno.com.br\/noticias\/economia\/\"},{\"@type\":\"ListItem\",\"position\":3,\"name\":\"Balan\u00e7a comercial tem super\u00e1vit de US$ 6,4 bilh\u00f5es em maio\"}]},{\"@type\":\"WebSite\",\"@id\":\"https:\/\/www.suno.com.br\/noticias\/#website\",\"url\":\"https:\/\/www.suno.com.br\/noticias\/\",\"name\":\"Suno Not\u00edcias\",\"description\":\"Seu portal de informa\u00e7\u00e3o sobre o mundo dos investimentos\",\"publisher\":{\"@id\":\"https:\/\/www.suno.com.br\/noticias\/#organization\"},\"potentialAction\":[{\"@type\":\"SearchAction\",\"target\":{\"@type\":\"EntryPoint\",\"urlTemplate\":\"https:\/\/www.suno.com.br\/noticias\/?s={search_term_string}\"},\"query-input\":{\"@type\":\"PropertyValueSpecification\",\"valueRequired\":true,\"valueName\":\"search_term_string\"}}],\"inLanguage\":\"pt-BR\"},{\"@type\":\"Organization\",\"@id\":\"https:\/\/www.suno.com.br\/noticias\/#organization\",\"name\":\"Suno Not\u00edcias\",\"url\":\"https:\/\/www.suno.com.br\/noticias\/\",\"logo\":{\"@type\":\"ImageObject\",\"inLanguage\":\"pt-BR\",\"@id\":\"https:\/\/www.suno.com.br\/noticias\/#\/schema\/logo\/image\/\",\"url\":\"https:\/\/files.sunoresearch.com.br\/n\/uploads\/2021\/09\/suno-logo.png\",\"contentUrl\":\"https:\/\/files.sunoresearch.com.br\/n\/uploads\/2021\/09\/suno-logo.png\",\"width\":180,\"height\":180,\"caption\":\"Suno Not\u00edcias\"},\"image\":{\"@id\":\"https:\/\/www.suno.com.br\/noticias\/#\/schema\/logo\/image\/\"},\"sameAs\":[\"https:\/\/facebook.com\/sunoresearch\",\"https:\/\/x.com\/sunoresearch\",\"https:\/\/www.instagram.com\/suno\",\"https:\/\/www.linkedin.com\/company\/suno-research\/\",\"https:\/\/www.youtube.com\/c\/sunoresearch\"]},{\"@type\":\"Person\",\"@id\":\"https:\/\/www.suno.com.br\/noticias\/#\/schema\/person\/3f7693d5795a3f6d5ce15309ee785699\",\"name\":\"Renan Dantas\",\"image\":{\"@type\":\"ImageObject\",\"inLanguage\":\"pt-BR\",\"@id\":\"https:\/\/www.suno.com.br\/noticias\/#\/schema\/person\/image\/\",\"url\":\"https:\/\/secure.gravatar.com\/avatar\/1787b83e7484a08e51d62ac8b41c8396?s=96&r=g\",\"contentUrl\":\"https:\/\/secure.gravatar.com\/avatar\/1787b83e7484a08e51d62ac8b41c8396?s=96&r=g\",\"caption\":\"Renan Dantas\"},\"description\":\"Escreve sobre pol\u00edtica e mercado financeiro para o portal Suno Not\u00edcias. Antes, atuou na assessoria de comunica\u00e7\u00e3o do Minist\u00e9rio P\u00fablico do Trabalho e na R\u00e1dio Mackenzie, onde apresentava e produzia um programa sobre artistas da m\u00fasica brasileira. \u00c9 estudante na Universidade Presbiteriana Mackenzie.\",\"url\":\"https:\/\/www.suno.com.br\/noticias\/author\/renan-dantas\/\"}]}<\/script>\n<!-- \/ Yoast SEO plugin. -->","yoast_head_json":{"title":"Balan\u00e7a comercial tem super\u00e1vit de US$ 6,4 bilh\u00f5es em maio","description":"O super\u00e1vit da balan\u00e7a comercial \u00e9 registrado quando as exporta\u00e7\u00f5es s\u00e3o maiores que as importa\u00e7\u00f5es. Clique aqui para saber mais.","robots":{"index":"index","follow":"follow","max-snippet":"max-snippet:-1","max-image-preview":"max-image-preview:large","max-video-preview":"max-video-preview:-1"},"canonical":"https:\/\/www.suno.com.br\/noticias\/balanca-comercial-superavit-bilhoes-abril\/","og_locale":"pt_BR","og_type":"article","og_title":"Balan\u00e7a comercial tem super\u00e1vit de US$ 6,4 bilh\u00f5es em maio","og_description":"O super\u00e1vit da balan\u00e7a comercial \u00e9 registrado quando as exporta\u00e7\u00f5es s\u00e3o maiores que as importa\u00e7\u00f5es. Clique aqui para saber mais.","og_url":"https:\/\/www.suno.com.br\/noticias\/balanca-comercial-superavit-bilhoes-abril\/","og_site_name":"Suno Not\u00edcias","article_publisher":"https:\/\/facebook.com\/sunoresearch","og_image":[{"width":2126,"height":1417,"url":"https:\/\/files.sunoresearch.com.br\/n\/uploads\/2018\/12\/91287c7d-super\u00e1vit.jpg","type":"image\/jpeg"}],"author":"Renan Dantas","twitter_card":"summary_large_image","twitter_creator":"@sunoresearch","twitter_site":"@sunoresearch","twitter_misc":{"Escrito por":"Renan Dantas","Est. tempo de leitura":"2 minutos"},"schema":{"@context":"https:\/\/schema.org","@graph":[{"@type":"NewsArticle","@id":"https:\/\/www.suno.com.br\/noticias\/balanca-comercial-superavit-bilhoes-abril\/#article","isPartOf":{"@id":"https:\/\/www.suno.com.br\/noticias\/balanca-comercial-superavit-bilhoes-abril\/"},"author":{"name":"Renan Dantas","@id":"https:\/\/www.suno.com.br\/noticias\/#\/schema\/person\/3f7693d5795a3f6d5ce15309ee785699"},"headline":"Balan\u00e7a comercial tem super\u00e1vit de US$ 6,4 bilh\u00f5es em maio","datePublished":"2019-06-03T19:53:21+00:00","dateModified":"2019-06-03T19:56:11+00:00","mainEntityOfPage":{"@id":"https:\/\/www.suno.com.br\/noticias\/balanca-comercial-superavit-bilhoes-abril\/"},"wordCount":405,"publisher":{"@id":"https:\/\/www.suno.com.br\/noticias\/#organization"},"image":{"@id":"https:\/\/www.suno.com.br\/noticias\/balanca-comercial-superavit-bilhoes-abril\/#primaryimage"},"thumbnailUrl":"https:\/\/files.sunoresearch.com.br\/n\/uploads\/2018\/12\/91287c7d-super\u00e1vit-jpg.webp","keywords":["balan\u00e7a comercial","exporta\u00e7\u00f5es","importa\u00e7\u00f5es","Minist\u00e9rio da Economia"],"articleSection":["Economia"],"inLanguage":"pt-BR"},{"@type":"WebPage","@id":"https:\/\/www.suno.com.br\/noticias\/balanca-comercial-superavit-bilhoes-abril\/","url":"https:\/\/www.suno.com.br\/noticias\/balanca-comercial-superavit-bilhoes-abril\/","name":"Balan\u00e7a comercial tem super\u00e1vit de US$ 6,4 bilh\u00f5es em maio","isPartOf":{"@id":"https:\/\/www.suno.com.br\/noticias\/#website"},"primaryImageOfPage":{"@id":"https:\/\/www.suno.com.br\/noticias\/balanca-comercial-superavit-bilhoes-abril\/#primaryimage"},"image":{"@id":"https:\/\/www.suno.com.br\/noticias\/balanca-comercial-superavit-bilhoes-abril\/#primaryimage"},"thumbnailUrl":"https:\/\/files.sunoresearch.com.br\/n\/uploads\/2018\/12\/91287c7d-super\u00e1vit-jpg.webp","datePublished":"2019-06-03T19:53:21+00:00","dateModified":"2019-06-03T19:56:11+00:00","description":"O super\u00e1vit da balan\u00e7a comercial \u00e9 registrado quando as exporta\u00e7\u00f5es s\u00e3o maiores que as importa\u00e7\u00f5es. Clique aqui para saber mais.","breadcrumb":{"@id":"https:\/\/www.suno.com.br\/noticias\/balanca-comercial-superavit-bilhoes-abril\/#breadcrumb"},"inLanguage":"pt-BR","potentialAction":[{"@type":"ReadAction","target":["https:\/\/www.suno.com.br\/noticias\/balanca-comercial-superavit-bilhoes-abril\/"]}]},{"@type":"ImageObject","inLanguage":"pt-BR","@id":"https:\/\/www.suno.com.br\/noticias\/balanca-comercial-superavit-bilhoes-abril\/#primaryimage","url":"https:\/\/files.sunoresearch.com.br\/n\/uploads\/2018\/12\/91287c7d-super\u00e1vit-jpg.webp","contentUrl":"https:\/\/files.sunoresearch.com.br\/n\/uploads\/2018\/12\/91287c7d-super\u00e1vit-jpg.webp","width":2126,"height":1417,"caption":"Balan\u00e7a comercial tem super\u00e1vit de US$ 1,2 bi em outubro"},{"@type":"BreadcrumbList","@id":"https:\/\/www.suno.com.br\/noticias\/balanca-comercial-superavit-bilhoes-abril\/#breadcrumb","itemListElement":[{"@type":"ListItem","position":1,"name":"Not\u00edcias","item":"https:\/\/www.suno.com.br\/noticias\/"},{"@type":"ListItem","position":2,"name":"Economia","item":"https:\/\/www.suno.com.br\/noticias\/economia\/"},{"@type":"ListItem","position":3,"name":"Balan\u00e7a comercial tem super\u00e1vit de US$ 6,4 bilh\u00f5es em maio"}]},{"@type":"WebSite","@id":"https:\/\/www.suno.com.br\/noticias\/#website","url":"https:\/\/www.suno.com.br\/noticias\/","name":"Suno Not\u00edcias","description":"Seu portal de informa\u00e7\u00e3o sobre o mundo dos investimentos","publisher":{"@id":"https:\/\/www.suno.com.br\/noticias\/#organization"},"potentialAction":[{"@type":"SearchAction","target":{"@type":"EntryPoint","urlTemplate":"https:\/\/www.suno.com.br\/noticias\/?s={search_term_string}"},"query-input":{"@type":"PropertyValueSpecification","valueRequired":true,"valueName":"search_term_string"}}],"inLanguage":"pt-BR"},{"@type":"Organization","@id":"https:\/\/www.suno.com.br\/noticias\/#organization","name":"Suno Not\u00edcias","url":"https:\/\/www.suno.com.br\/noticias\/","logo":{"@type":"ImageObject","inLanguage":"pt-BR","@id":"https:\/\/www.suno.com.br\/noticias\/#\/schema\/logo\/image\/","url":"https:\/\/files.sunoresearch.com.br\/n\/uploads\/2021\/09\/suno-logo.png","contentUrl":"https:\/\/files.sunoresearch.com.br\/n\/uploads\/2021\/09\/suno-logo.png","width":180,"height":180,"caption":"Suno Not\u00edcias"},"image":{"@id":"https:\/\/www.suno.com.br\/noticias\/#\/schema\/logo\/image\/"},"sameAs":["https:\/\/facebook.com\/sunoresearch","https:\/\/x.com\/sunoresearch","https:\/\/www.instagram.com\/suno","https:\/\/www.linkedin.com\/company\/suno-research\/","https:\/\/www.youtube.com\/c\/sunoresearch"]},{"@type":"Person","@id":"https:\/\/www.suno.com.br\/noticias\/#\/schema\/person\/3f7693d5795a3f6d5ce15309ee785699","name":"Renan Dantas","image":{"@type":"ImageObject","inLanguage":"pt-BR","@id":"https:\/\/www.suno.com.br\/noticias\/#\/schema\/person\/image\/","url":"https:\/\/secure.gravatar.com\/avatar\/1787b83e7484a08e51d62ac8b41c8396?s=96&r=g","contentUrl":"https:\/\/secure.gravatar.com\/avatar\/1787b83e7484a08e51d62ac8b41c8396?s=96&r=g","caption":"Renan Dantas"},"description":"Escreve sobre pol\u00edtica e mercado financeiro para o portal Suno Not\u00edcias. Antes, atuou na assessoria de comunica\u00e7\u00e3o do Minist\u00e9rio P\u00fablico do Trabalho e na R\u00e1dio Mackenzie, onde apresentava e produzia um programa sobre artistas da m\u00fasica brasileira. \u00c9 estudante na Universidade Presbiteriana Mackenzie.","url":"https:\/\/www.suno.com.br\/noticias\/author\/renan-dantas\/"}]}},"default_loop_html":"<div class=\"cardsPage__listCard__boxs\"><div class=\"cardsPage__listCard__boxs__img\"><a href=\"https:\/\/www.suno.com.br\/noticias\/balanca-comercial-superavit-bilhoes-abril\/\"><img class=\"mask\" src=\"https:\/\/www.suno.com.br\/noticias\/wp-content\/themes\/suno\/resources\/images\/spotlight\/spotlight1img\/bg-mask.png\" alt=\"Image Mask\"\/><img src=\"https:\/\/files.sunoresearch.com.br\/n\/uploads\/2018\/12\/91287c7d-super\u00e1vit-400x200.webp\" alt=\"Balan\u00e7a comercial tem super\u00e1vit de US$ 6,4 bilh\u00f5es em maio\"\/><\/a><span class=\"spotlightCategory\"><a href=\"https:\/\/www.suno.com.br\/noticias\/economia\/\">Economia<\/a><\/span><\/div><div class=\"cardsPage__listCard__boxs__content\"><a href=\"https:\/\/www.suno.com.br\/noticias\/balanca-comercial-superavit-bilhoes-abril\/\"><h2 class=\"content__title\">Balan\u00e7a comercial tem super\u00e1vit de US$ 6,4 bilh\u00f5es em maio<\/h2><\/a><div class=\"newsContent__article__meta\"><div class=\"newsContent__article__meta__authorBox\"><a href=\"https:\/\/www.suno.com.br\/noticias\/author\/renan-dantas\/\" class=\"authorBox__avatar noMobi\"><img src=\"https:\/\/secure.gravatar.com\/avatar\/1787b83e7484a08e51d62ac8b41c8396?s=96&#038;r=g\" alt=\"Renan Dantas\"><\/a><div class=\"authorBox__name\"><span>por\n\t\t\t<a href=\"https:\/\/www.suno.com.br\/noticias\/author\/renan-dantas\/\"><span itemprop=\"author\">Renan Dantas<\/span><\/a><\/span><time datetime=\"2019-06-03T16:53:21-03:00\" itemprop=\"datePublished\">03\/06\/2019 16:53<\/time><\/div><\/div><\/div><\/div><\/div>","single_layout":"posts","amp_enabled":true,"_links":{"self":[{"href":"https:\/\/www.suno.com.br\/noticias\/wp-json\/wp\/v2\/posts\/27071"}],"collection":[{"href":"https:\/\/www.suno.com.br\/noticias\/wp-json\/wp\/v2\/posts"}],"about":[{"href":"https:\/\/www.suno.com.br\/noticias\/wp-json\/wp\/v2\/types\/post"}],"author":[{"embeddable":true,"href":"https:\/\/www.suno.com.br\/noticias\/wp-json\/wp\/v2\/users\/14"}],"replies":[{"embeddable":true,"href":"https:\/\/www.suno.com.br\/noticias\/wp-json\/wp\/v2\/comments?post=27071"}],"version-history":[{"count":0,"href":"https:\/\/www.suno.com.br\/noticias\/wp-json\/wp\/v2\/posts\/27071\/revisions"}],"wp:featuredmedia":[{"embeddable":true,"href":"https:\/\/www.suno.com.br\/noticias\/wp-json\/wp\/v2\/media\/8331"}],"wp:attachment":[{"href":"https:\/\/www.suno.com.br\/noticias\/wp-json\/wp\/v2\/media?parent=27071"}],"wp:term":[{"taxonomy":"category","embeddable":true,"href":"https:\/\/www.suno.com.br\/noticias\/wp-json\/wp\/v2\/categories?post=27071"},{"taxonomy":"post_tag","embeddable":true,"href":"https:\/\/www.suno.com.br\/noticias\/wp-json\/wp\/v2\/tags?post=27071"},{"taxonomy":"suno_strategy","embeddable":true,"href":"https:\/\/www.suno.com.br\/noticias\/wp-json\/wp\/v2\/suno_strategy?post=27071"}],"curies":[{"name":"wp","href":"https:\/\/api.w.org\/{rel}","templated":true}]}}