{"id":27070,"date":"2019-06-03T16:51:51","date_gmt":"2019-06-03T19:51:51","guid":{"rendered":"https:\/\/www.suno.com.br\/noticias\/?p=27070"},"modified":"2019-06-03T20:50:06","modified_gmt":"2019-06-03T23:50:06","slug":"carne-bovina-ministerio-acoes","status":"publish","type":"post","link":"https:\/\/www.suno.com.br\/noticias\/carne-bovina-ministerio-acoes\/","title":{"rendered":"Minist\u00e9rio da Agricultura suspende exporta\u00e7\u00e3o de carne bovina \u00e0 China"},"content":{"rendered":"<p>O <strong>Minist\u00e9rio da Agricultura<\/strong> suspendeu as exporta\u00e7\u00f5es de carne bovina do <strong>Brasil<\/strong> para a <strong>China<\/strong> nesta segunda-feira (3). A decis\u00e3o foi tomada devido \u00e0 confirma\u00e7\u00e3o de um caso at\u00edpico do &#8220;mal da vaca louca&#8221; em Mato Grosso.<\/p>\t<div class=\"wrapper-featured-image\">\n\t\t<figure class=\"spotlightImg\">\n\n\t\t\t<picture>\n\t\t\t\t<source media=\"(max-width: 768px)\" srcset=\"https:\/\/files.sunoresearch.com.br\/n\/uploads\/2019\/06\/a2c57e4f-carne-400x200.webp\">\n\t\t\t\t<img loading=\"lazy\" decoding=\"async\" class=\"newsContent__article__imgCapa lazyloadDisabled newsContent__article__imgCapa--noCaption\" src=\"https:\/\/files.sunoresearch.com.br\/n\/uploads\/2019\/06\/a2c57e4f-carne-800x450.webp\" width=\"800\" height=\"450\" alt=\"Minist\u00e9rio da Agricultura suspende exporta\u00e7\u00e3o de carne bovina \u00e0 China\" fetchpriority=high \/>\n\t\t\t<\/picture>\n\n\t\t\t<figcaption class=\"wp-caption-text wp-caption-text--hide\">Brasil altera normas sobre gado para se adequar no acordo Mercosul e UE<\/figcaption>\n\t\t<\/figure>\n\t<\/div>\n\n\n<p>Com a suspens\u00e3o, as a\u00e7\u00f5es das principais exportadoras brasileiras de <strong>carne <\/strong>bovina estavam caindo. No fechamento do preg\u00e3o as empresas ca\u00edam na B3 (Brasil, Bolsa, Balc\u00e3o) conforme:<\/p>\n<ul>\n<li><strong>Minerva Foods<\/strong> (BEEF3): queda de\u00a04,27% a R$\u00a07,85.<\/li>\n<li><strong>Marfrig<\/strong> (MRFG3): queda de\u00a03,51% a R$\u00a06,59.<\/li>\n<li><strong>JBS<\/strong> (JBSS3): queda de\u00a03,34% a R$\u00a021,13.<\/li>\n<li><strong>BRF<\/strong> (BRFS3): queda de\u00a00,90% a R$\u00a027,45.<\/li>\n<\/ul>\n\t<p>\n\t\t<a href=\"https:\/\/lp2.suno.com.br\/lm\/minicurso-construindo-um-portfolio-milionario?utm_campaign=_SNCEBB048DA_sc.mcpm26&#038;utm_source=suno.com.br&#038;utm_medium=banner.noticias\" target=\"_blank\" data-element=\"shortcode-suno-banner\" title=\"Banner SUNO, clique e saiba mais\">\n\t\t\t<picture>\n\t\t\t\t<source media=\"(max-width: 500px)\" srcset=\"https:\/\/files.sunoresearch.com.br\/n\/uploads\/2026\/01\/MB-PS-HOME-DE-ARTIGOS-400x300-ID_01_x1-jpg.webp\">\n\t\t\t\t<img class=\"newsContent__article__imgCapa newsContent__article__imgCapa--banner\"\n\t\t\t\t\tsrc=\"https:\/\/files.sunoresearch.com.br\/n\/uploads\/2026\/01\/DT-PS-HOME-DE-ARTIGOS-1420x240-ID_01_x1-jpg.webp\"\n\t\t\t\t\tdata-promo-id=\"638432\"\t\t\t\t\t\t\t\t\t\twidth='1420' height='240'\t\t\t\t\talt=\"https:\/\/files.sunoresearch.com.br\/n\/uploads\/2026\/01\/DT-PS-HOME-DE-ARTIGOS-1420x240-ID_01_x1-jpg.webp\"\n\t\t\t\t>\n\t\t\t<\/picture>\n\t\t<\/a>\n\t<\/p>\n\n\n<p>Deste modo, trata-se de uma medida preventiva que atende ao protocolo sanit\u00e1rio entre <strong>Brasil<\/strong> e <strong>China<\/strong>. Contudo, tal medida representa um rev\u00e9s para os <strong>frigor\u00edficos<\/strong> brasileiros. As informa\u00e7\u00f5es s\u00e3o do &#8220;Valor Econ\u00f4mico&#8221;.<\/p>\n<p style=\"text-align: center;\"><iframe loading=\"lazy\" src=\"https:\/\/www.youtube.com\/embed\/TsOVSq2oJ4A\" width=\"560\" height=\"315\" frameborder=\"0\" allowfullscreen=\"allowfullscreen\"><\/iframe><\/p>\n<p>A China, que passa por um surto de <strong>peste su\u00edna africana<\/strong>, aparentava ser um bom mercado para os produtores brasileiros de carne. Os mesmos estavam confiantes de que haveria amplia\u00e7\u00e3o do n\u00famero de <strong>abatedouros<\/strong> brasileiros aptos a exportar.<\/p>\n<p>No \u00faltimo dia 16, a ministra da Agricultura, <strong>Tereza Cristina<\/strong> (DEM) reuniu-se com o minist\u00e9rio chin\u00eas. No encontro, a ministra tentou habilitar 78 <strong>frigor\u00edficos<\/strong> para exportar para a China. Destes, 19 eram de <strong>carne <\/strong>bovina.<\/p>\n<h2>Minerva Foods j\u00e1 tem plano B para exportar carne<\/h2>\n<p>A <strong>Minerva Foods<\/strong> (BEEF3) j\u00e1 possui plano B para contornar a suspens\u00e3o das exporta\u00e7\u00f5es brasileiras de <strong>carne bovina<\/strong> \u00e0 China. A empresa deve redirecionar as encomendas da <strong>China<\/strong> para os abatedouros que possui na Argentina e no Uruguai, segundo o &#8220;Valor Econ\u00f4mico&#8221;.<\/p>\n<p><a href=\"https:\/\/www.suno.com.br\/noticias\/jbs-carne-suina-ue-china\/\">Saiba mais &#8211;\u00a0JBS cai 6% com exporta\u00e7\u00f5es de carne su\u00edna da UE para a China em alta\u00a0<\/a><\/p>\n<p>Conforme o jornal, a Minerva teria condi\u00e7\u00f5es de realizar o redirecionamento das encomendas. Isto, pois, h\u00e1 apenas um <strong>abatedouro<\/strong> brasileiro autorizado a exportar \u00e0 <strong>China<\/strong>. Tal unidade fica em Barretos (SP) e pode abater at\u00e9 840 cabe\u00e7as diariamente.<\/p>\n<p>Ao passo que na <strong>Argentina<\/strong>, o frigor\u00edfico da Minerva tem capacidade para abater 2,4 mil bovinos por dia. No <strong>Uruguai<\/strong>, a capacidade de abate da empresa \u00e9 de 3,2 mil cabe\u00e7as. De ambos os pa\u00edses, a China j\u00e1 \u00e9 o maior importador de <strong>carne<\/strong>, consumindo cerca de 60% das exporta\u00e7\u00f5es.<\/p>\n","protected":false},"excerpt":{"rendered":"<p>O Minist\u00e9rio da Agricultura suspendeu as exporta\u00e7\u00f5es de carne bovina do Brasil para a China nesta segunda-feira (3). A decis\u00e3o foi tomada devido \u00e0 confirma\u00e7\u00e3o de um caso at\u00edpico do &#8220;mal da vaca louca&#8221; em Mato Grosso. Brasil altera normas sobre gado para se adequar no acordo Mercosul e UE Com a suspens\u00e3o, as a\u00e7\u00f5es [&hellip;]<\/p>\n","protected":false},"author":12,"featured_media":27072,"comment_status":"closed","ping_status":"closed","sticky":false,"template":"","format":"standard","meta":[],"categories":[60],"tags":[699,397,711,521,552,563],"suno_strategy":[],"class_list":["post-27070","post","type-post","status-publish","format-standard","has-post-thumbnail","hentry","category-mercado","tag-argentina","tag-brf-brfs3","tag-china","tag-jbs-jbss3","tag-marfrig-mrfg3","tag-minerva-beef11-beef3"],"yoast_head":"<!-- This site is optimized with the Yoast SEO plugin v24.4 - https:\/\/yoast.com\/wordpress\/plugins\/seo\/ -->\n<title>Minist\u00e9rio da Agricultura suspende exporta\u00e7\u00e3o de carne bovina \u00e0 China<\/title>\n<meta name=\"description\" content=\"Minist\u00e9rio da Agricultura suspendeu as exporta\u00e7\u00f5es de carne bovina do Brasil para a China; a\u00e7\u00f5es de empresas caem. Clique para saber mais.\" \/>\n<meta name=\"robots\" content=\"index, follow, max-snippet:-1, max-image-preview:large, max-video-preview:-1\" \/>\n<link rel=\"canonical\" href=\"https:\/\/www.suno.com.br\/noticias\/carne-bovina-ministerio-acoes\/\" \/>\n<meta property=\"og:locale\" content=\"pt_BR\" \/>\n<meta property=\"og:type\" content=\"article\" \/>\n<meta property=\"og:title\" content=\"Minist\u00e9rio da Agricultura suspende exporta\u00e7\u00e3o de carne bovina \u00e0 China\" \/>\n<meta property=\"og:description\" content=\"Minist\u00e9rio da Agricultura suspendeu as exporta\u00e7\u00f5es de carne bovina do Brasil para a China; a\u00e7\u00f5es de empresas caem. Clique para saber mais.\" \/>\n<meta property=\"og:url\" content=\"https:\/\/www.suno.com.br\/noticias\/carne-bovina-ministerio-acoes\/\" \/>\n<meta property=\"og:site_name\" content=\"Suno Not\u00edcias\" \/>\n<meta property=\"article:publisher\" content=\"https:\/\/facebook.com\/sunoresearch\" \/>\n<meta property=\"og:image\" content=\"https:\/\/files.sunoresearch.com.br\/n\/uploads\/2019\/06\/a2c57e4f-carne.jpg\" \/>\n\t<meta property=\"og:image:width\" content=\"960\" \/>\n\t<meta property=\"og:image:height\" content=\"640\" \/>\n\t<meta property=\"og:image:type\" content=\"image\/jpeg\" \/>\n<meta name=\"author\" content=\"Amanda Gushiken\" \/>\n<meta name=\"twitter:card\" content=\"summary_large_image\" \/>\n<meta name=\"twitter:creator\" content=\"@sunoresearch\" \/>\n<meta name=\"twitter:site\" content=\"@sunoresearch\" \/>\n<meta name=\"twitter:label1\" content=\"Escrito por\" \/>\n\t<meta name=\"twitter:data1\" content=\"Amanda Gushiken\" \/>\n\t<meta name=\"twitter:label2\" content=\"Est. tempo de leitura\" \/>\n\t<meta name=\"twitter:data2\" content=\"2 minutos\" \/>\n<script type=\"application\/ld+json\" class=\"yoast-schema-graph\">{\"@context\":\"https:\/\/schema.org\",\"@graph\":[{\"@type\":\"NewsArticle\",\"@id\":\"https:\/\/www.suno.com.br\/noticias\/carne-bovina-ministerio-acoes\/#article\",\"isPartOf\":{\"@id\":\"https:\/\/www.suno.com.br\/noticias\/carne-bovina-ministerio-acoes\/\"},\"author\":{\"name\":\"Amanda Gushiken\",\"@id\":\"https:\/\/www.suno.com.br\/noticias\/#\/schema\/person\/a5b06fa4e879d8e8e119c6ed3cd630d1\"},\"headline\":\"Minist\u00e9rio da Agricultura suspende exporta\u00e7\u00e3o de carne bovina \u00e0 China\",\"datePublished\":\"2019-06-03T19:51:51+00:00\",\"dateModified\":\"2019-06-03T23:50:06+00:00\",\"mainEntityOfPage\":{\"@id\":\"https:\/\/www.suno.com.br\/noticias\/carne-bovina-ministerio-acoes\/\"},\"wordCount\":384,\"publisher\":{\"@id\":\"https:\/\/www.suno.com.br\/noticias\/#organization\"},\"image\":{\"@id\":\"https:\/\/www.suno.com.br\/noticias\/carne-bovina-ministerio-acoes\/#primaryimage\"},\"thumbnailUrl\":\"https:\/\/files.sunoresearch.com.br\/n\/uploads\/2019\/06\/a2c57e4f-carne-jpg.webp\",\"keywords\":[\"Argentina\",\"BRF (BRFS3)\",\"China\",\"JBS (JBSS3)\",\"Marfrig (MRFG3)\",\"Minerva (BEEF11\/BEEF3)\"],\"articleSection\":[\"Mercado\"],\"inLanguage\":\"pt-BR\"},{\"@type\":\"WebPage\",\"@id\":\"https:\/\/www.suno.com.br\/noticias\/carne-bovina-ministerio-acoes\/\",\"url\":\"https:\/\/www.suno.com.br\/noticias\/carne-bovina-ministerio-acoes\/\",\"name\":\"Minist\u00e9rio da Agricultura suspende exporta\u00e7\u00e3o de carne bovina \u00e0 China\",\"isPartOf\":{\"@id\":\"https:\/\/www.suno.com.br\/noticias\/#website\"},\"primaryImageOfPage\":{\"@id\":\"https:\/\/www.suno.com.br\/noticias\/carne-bovina-ministerio-acoes\/#primaryimage\"},\"image\":{\"@id\":\"https:\/\/www.suno.com.br\/noticias\/carne-bovina-ministerio-acoes\/#primaryimage\"},\"thumbnailUrl\":\"https:\/\/files.sunoresearch.com.br\/n\/uploads\/2019\/06\/a2c57e4f-carne-jpg.webp\",\"datePublished\":\"2019-06-03T19:51:51+00:00\",\"dateModified\":\"2019-06-03T23:50:06+00:00\",\"description\":\"Minist\u00e9rio da Agricultura suspendeu as exporta\u00e7\u00f5es de carne bovina do Brasil para a China; a\u00e7\u00f5es de empresas caem. Clique para saber mais.\",\"breadcrumb\":{\"@id\":\"https:\/\/www.suno.com.br\/noticias\/carne-bovina-ministerio-acoes\/#breadcrumb\"},\"inLanguage\":\"pt-BR\",\"potentialAction\":[{\"@type\":\"ReadAction\",\"target\":[\"https:\/\/www.suno.com.br\/noticias\/carne-bovina-ministerio-acoes\/\"]}]},{\"@type\":\"ImageObject\",\"inLanguage\":\"pt-BR\",\"@id\":\"https:\/\/www.suno.com.br\/noticias\/carne-bovina-ministerio-acoes\/#primaryimage\",\"url\":\"https:\/\/files.sunoresearch.com.br\/n\/uploads\/2019\/06\/a2c57e4f-carne-jpg.webp\",\"contentUrl\":\"https:\/\/files.sunoresearch.com.br\/n\/uploads\/2019\/06\/a2c57e4f-carne-jpg.webp\",\"width\":960,\"height\":640,\"caption\":\"Brasil altera normas sobre gado para se adequar no acordo Mercosul e UE\"},{\"@type\":\"BreadcrumbList\",\"@id\":\"https:\/\/www.suno.com.br\/noticias\/carne-bovina-ministerio-acoes\/#breadcrumb\",\"itemListElement\":[{\"@type\":\"ListItem\",\"position\":1,\"name\":\"Not\u00edcias\",\"item\":\"https:\/\/www.suno.com.br\/noticias\/\"},{\"@type\":\"ListItem\",\"position\":2,\"name\":\"Mercado\",\"item\":\"https:\/\/www.suno.com.br\/noticias\/mercado\/\"},{\"@type\":\"ListItem\",\"position\":3,\"name\":\"Minist\u00e9rio da Agricultura suspende exporta\u00e7\u00e3o de carne bovina \u00e0 China\"}]},{\"@type\":\"WebSite\",\"@id\":\"https:\/\/www.suno.com.br\/noticias\/#website\",\"url\":\"https:\/\/www.suno.com.br\/noticias\/\",\"name\":\"Suno Not\u00edcias\",\"description\":\"Seu portal de informa\u00e7\u00e3o sobre o mundo dos investimentos\",\"publisher\":{\"@id\":\"https:\/\/www.suno.com.br\/noticias\/#organization\"},\"potentialAction\":[{\"@type\":\"SearchAction\",\"target\":{\"@type\":\"EntryPoint\",\"urlTemplate\":\"https:\/\/www.suno.com.br\/noticias\/?s={search_term_string}\"},\"query-input\":{\"@type\":\"PropertyValueSpecification\",\"valueRequired\":true,\"valueName\":\"search_term_string\"}}],\"inLanguage\":\"pt-BR\"},{\"@type\":\"Organization\",\"@id\":\"https:\/\/www.suno.com.br\/noticias\/#organization\",\"name\":\"Suno Not\u00edcias\",\"url\":\"https:\/\/www.suno.com.br\/noticias\/\",\"logo\":{\"@type\":\"ImageObject\",\"inLanguage\":\"pt-BR\",\"@id\":\"https:\/\/www.suno.com.br\/noticias\/#\/schema\/logo\/image\/\",\"url\":\"https:\/\/files.sunoresearch.com.br\/n\/uploads\/2021\/09\/suno-logo.png\",\"contentUrl\":\"https:\/\/files.sunoresearch.com.br\/n\/uploads\/2021\/09\/suno-logo.png\",\"width\":180,\"height\":180,\"caption\":\"Suno Not\u00edcias\"},\"image\":{\"@id\":\"https:\/\/www.suno.com.br\/noticias\/#\/schema\/logo\/image\/\"},\"sameAs\":[\"https:\/\/facebook.com\/sunoresearch\",\"https:\/\/x.com\/sunoresearch\",\"https:\/\/www.instagram.com\/suno\",\"https:\/\/www.linkedin.com\/company\/suno-research\/\",\"https:\/\/www.youtube.com\/c\/sunoresearch\"]},{\"@type\":\"Person\",\"@id\":\"https:\/\/www.suno.com.br\/noticias\/#\/schema\/person\/a5b06fa4e879d8e8e119c6ed3cd630d1\",\"name\":\"Amanda Gushiken\",\"image\":{\"@type\":\"ImageObject\",\"inLanguage\":\"pt-BR\",\"@id\":\"https:\/\/www.suno.com.br\/noticias\/#\/schema\/person\/image\/\",\"url\":\"https:\/\/secure.gravatar.com\/avatar\/ecd84705e6b65e3685ae80d725501fbe?s=96&r=g\",\"contentUrl\":\"https:\/\/secure.gravatar.com\/avatar\/ecd84705e6b65e3685ae80d725501fbe?s=96&r=g\",\"caption\":\"Amanda Gushiken\"},\"description\":\"Amanda Sayuri Gushiken escreve sobre finan\u00e7as e neg\u00f3cios para o portal Suno Not\u00edcias. Antes, trabalhou selecionando not\u00edcias da imprensa para clientes do mercado financeiro. Tamb\u00e9m desenvolveu pesquisa acad\u00eamica pela Universidade Anhembi Morumbi na \u00e1rea de Teorias da Comunica\u00e7\u00e3o e \u00e9 fot\u00f3grafa nas horas vagas.\",\"url\":\"https:\/\/www.suno.com.br\/noticias\/author\/amanda\/\"}]}<\/script>\n<!-- \/ Yoast SEO plugin. -->","yoast_head_json":{"title":"Minist\u00e9rio da Agricultura suspende exporta\u00e7\u00e3o de carne bovina \u00e0 China","description":"Minist\u00e9rio da Agricultura suspendeu as exporta\u00e7\u00f5es de carne bovina do Brasil para a China; a\u00e7\u00f5es de empresas caem. Clique para saber mais.","robots":{"index":"index","follow":"follow","max-snippet":"max-snippet:-1","max-image-preview":"max-image-preview:large","max-video-preview":"max-video-preview:-1"},"canonical":"https:\/\/www.suno.com.br\/noticias\/carne-bovina-ministerio-acoes\/","og_locale":"pt_BR","og_type":"article","og_title":"Minist\u00e9rio da Agricultura suspende exporta\u00e7\u00e3o de carne bovina \u00e0 China","og_description":"Minist\u00e9rio da Agricultura suspendeu as exporta\u00e7\u00f5es de carne bovina do Brasil para a China; a\u00e7\u00f5es de empresas caem. Clique para saber mais.","og_url":"https:\/\/www.suno.com.br\/noticias\/carne-bovina-ministerio-acoes\/","og_site_name":"Suno Not\u00edcias","article_publisher":"https:\/\/facebook.com\/sunoresearch","og_image":[{"width":960,"height":640,"url":"https:\/\/files.sunoresearch.com.br\/n\/uploads\/2019\/06\/a2c57e4f-carne.jpg","type":"image\/jpeg"}],"author":"Amanda Gushiken","twitter_card":"summary_large_image","twitter_creator":"@sunoresearch","twitter_site":"@sunoresearch","twitter_misc":{"Escrito por":"Amanda Gushiken","Est. tempo de leitura":"2 minutos"},"schema":{"@context":"https:\/\/schema.org","@graph":[{"@type":"NewsArticle","@id":"https:\/\/www.suno.com.br\/noticias\/carne-bovina-ministerio-acoes\/#article","isPartOf":{"@id":"https:\/\/www.suno.com.br\/noticias\/carne-bovina-ministerio-acoes\/"},"author":{"name":"Amanda Gushiken","@id":"https:\/\/www.suno.com.br\/noticias\/#\/schema\/person\/a5b06fa4e879d8e8e119c6ed3cd630d1"},"headline":"Minist\u00e9rio da Agricultura suspende exporta\u00e7\u00e3o de carne bovina \u00e0 China","datePublished":"2019-06-03T19:51:51+00:00","dateModified":"2019-06-03T23:50:06+00:00","mainEntityOfPage":{"@id":"https:\/\/www.suno.com.br\/noticias\/carne-bovina-ministerio-acoes\/"},"wordCount":384,"publisher":{"@id":"https:\/\/www.suno.com.br\/noticias\/#organization"},"image":{"@id":"https:\/\/www.suno.com.br\/noticias\/carne-bovina-ministerio-acoes\/#primaryimage"},"thumbnailUrl":"https:\/\/files.sunoresearch.com.br\/n\/uploads\/2019\/06\/a2c57e4f-carne-jpg.webp","keywords":["Argentina","BRF (BRFS3)","China","JBS (JBSS3)","Marfrig (MRFG3)","Minerva (BEEF11\/BEEF3)"],"articleSection":["Mercado"],"inLanguage":"pt-BR"},{"@type":"WebPage","@id":"https:\/\/www.suno.com.br\/noticias\/carne-bovina-ministerio-acoes\/","url":"https:\/\/www.suno.com.br\/noticias\/carne-bovina-ministerio-acoes\/","name":"Minist\u00e9rio da Agricultura suspende exporta\u00e7\u00e3o de carne bovina \u00e0 China","isPartOf":{"@id":"https:\/\/www.suno.com.br\/noticias\/#website"},"primaryImageOfPage":{"@id":"https:\/\/www.suno.com.br\/noticias\/carne-bovina-ministerio-acoes\/#primaryimage"},"image":{"@id":"https:\/\/www.suno.com.br\/noticias\/carne-bovina-ministerio-acoes\/#primaryimage"},"thumbnailUrl":"https:\/\/files.sunoresearch.com.br\/n\/uploads\/2019\/06\/a2c57e4f-carne-jpg.webp","datePublished":"2019-06-03T19:51:51+00:00","dateModified":"2019-06-03T23:50:06+00:00","description":"Minist\u00e9rio da Agricultura suspendeu as exporta\u00e7\u00f5es de carne bovina do Brasil para a China; a\u00e7\u00f5es de empresas caem. Clique para saber mais.","breadcrumb":{"@id":"https:\/\/www.suno.com.br\/noticias\/carne-bovina-ministerio-acoes\/#breadcrumb"},"inLanguage":"pt-BR","potentialAction":[{"@type":"ReadAction","target":["https:\/\/www.suno.com.br\/noticias\/carne-bovina-ministerio-acoes\/"]}]},{"@type":"ImageObject","inLanguage":"pt-BR","@id":"https:\/\/www.suno.com.br\/noticias\/carne-bovina-ministerio-acoes\/#primaryimage","url":"https:\/\/files.sunoresearch.com.br\/n\/uploads\/2019\/06\/a2c57e4f-carne-jpg.webp","contentUrl":"https:\/\/files.sunoresearch.com.br\/n\/uploads\/2019\/06\/a2c57e4f-carne-jpg.webp","width":960,"height":640,"caption":"Brasil altera normas sobre gado para se adequar no acordo Mercosul e UE"},{"@type":"BreadcrumbList","@id":"https:\/\/www.suno.com.br\/noticias\/carne-bovina-ministerio-acoes\/#breadcrumb","itemListElement":[{"@type":"ListItem","position":1,"name":"Not\u00edcias","item":"https:\/\/www.suno.com.br\/noticias\/"},{"@type":"ListItem","position":2,"name":"Mercado","item":"https:\/\/www.suno.com.br\/noticias\/mercado\/"},{"@type":"ListItem","position":3,"name":"Minist\u00e9rio da Agricultura suspende exporta\u00e7\u00e3o de carne bovina \u00e0 China"}]},{"@type":"WebSite","@id":"https:\/\/www.suno.com.br\/noticias\/#website","url":"https:\/\/www.suno.com.br\/noticias\/","name":"Suno Not\u00edcias","description":"Seu portal de informa\u00e7\u00e3o sobre o mundo dos investimentos","publisher":{"@id":"https:\/\/www.suno.com.br\/noticias\/#organization"},"potentialAction":[{"@type":"SearchAction","target":{"@type":"EntryPoint","urlTemplate":"https:\/\/www.suno.com.br\/noticias\/?s={search_term_string}"},"query-input":{"@type":"PropertyValueSpecification","valueRequired":true,"valueName":"search_term_string"}}],"inLanguage":"pt-BR"},{"@type":"Organization","@id":"https:\/\/www.suno.com.br\/noticias\/#organization","name":"Suno Not\u00edcias","url":"https:\/\/www.suno.com.br\/noticias\/","logo":{"@type":"ImageObject","inLanguage":"pt-BR","@id":"https:\/\/www.suno.com.br\/noticias\/#\/schema\/logo\/image\/","url":"https:\/\/files.sunoresearch.com.br\/n\/uploads\/2021\/09\/suno-logo.png","contentUrl":"https:\/\/files.sunoresearch.com.br\/n\/uploads\/2021\/09\/suno-logo.png","width":180,"height":180,"caption":"Suno Not\u00edcias"},"image":{"@id":"https:\/\/www.suno.com.br\/noticias\/#\/schema\/logo\/image\/"},"sameAs":["https:\/\/facebook.com\/sunoresearch","https:\/\/x.com\/sunoresearch","https:\/\/www.instagram.com\/suno","https:\/\/www.linkedin.com\/company\/suno-research\/","https:\/\/www.youtube.com\/c\/sunoresearch"]},{"@type":"Person","@id":"https:\/\/www.suno.com.br\/noticias\/#\/schema\/person\/a5b06fa4e879d8e8e119c6ed3cd630d1","name":"Amanda Gushiken","image":{"@type":"ImageObject","inLanguage":"pt-BR","@id":"https:\/\/www.suno.com.br\/noticias\/#\/schema\/person\/image\/","url":"https:\/\/secure.gravatar.com\/avatar\/ecd84705e6b65e3685ae80d725501fbe?s=96&r=g","contentUrl":"https:\/\/secure.gravatar.com\/avatar\/ecd84705e6b65e3685ae80d725501fbe?s=96&r=g","caption":"Amanda Gushiken"},"description":"Amanda Sayuri Gushiken escreve sobre finan\u00e7as e neg\u00f3cios para o portal Suno Not\u00edcias. Antes, trabalhou selecionando not\u00edcias da imprensa para clientes do mercado financeiro. Tamb\u00e9m desenvolveu pesquisa acad\u00eamica pela Universidade Anhembi Morumbi na \u00e1rea de Teorias da Comunica\u00e7\u00e3o e \u00e9 fot\u00f3grafa nas horas vagas.","url":"https:\/\/www.suno.com.br\/noticias\/author\/amanda\/"}]}},"default_loop_html":"<div class=\"cardsPage__listCard__boxs\"><div class=\"cardsPage__listCard__boxs__img\"><a href=\"https:\/\/www.suno.com.br\/noticias\/carne-bovina-ministerio-acoes\/\"><img class=\"mask\" src=\"https:\/\/www.suno.com.br\/noticias\/wp-content\/themes\/suno\/resources\/images\/spotlight\/spotlight1img\/bg-mask.png\" alt=\"Image Mask\"\/><img src=\"https:\/\/files.sunoresearch.com.br\/n\/uploads\/2019\/06\/a2c57e4f-carne-400x200.webp\" alt=\"Minist\u00e9rio da Agricultura suspende exporta\u00e7\u00e3o de carne bovina \u00e0 China\"\/><\/a><span class=\"spotlightCategory\"><a href=\"https:\/\/www.suno.com.br\/noticias\/mercado\/\">Mercado<\/a><\/span><\/div><div class=\"cardsPage__listCard__boxs__content\"><a href=\"https:\/\/www.suno.com.br\/noticias\/carne-bovina-ministerio-acoes\/\"><h2 class=\"content__title\">Minist\u00e9rio da Agricultura suspende exporta\u00e7\u00e3o de carne bovina \u00e0 China<\/h2><\/a><div class=\"newsContent__article__meta\"><div class=\"newsContent__article__meta__authorBox\"><a href=\"https:\/\/www.suno.com.br\/noticias\/author\/amanda\/\" class=\"authorBox__avatar noMobi\"><img src=\"https:\/\/files.sunoresearch.com.br\/n\/uploads\/2018\/11\/c6ad30be-amanda-150x150.webp\" alt=\"Amanda Gushiken\"><\/a><div class=\"authorBox__name\"><span>por\n\t\t\t<a href=\"https:\/\/www.suno.com.br\/noticias\/author\/amanda\/\"><span itemprop=\"author\">Amanda Gushiken<\/span><\/a><\/span><time datetime=\"2019-06-03T16:51:51-03:00\" itemprop=\"datePublished\">03\/06\/2019 16:51<\/time><\/div><\/div><\/div><\/div><\/div>","single_layout":"posts","amp_enabled":true,"_links":{"self":[{"href":"https:\/\/www.suno.com.br\/noticias\/wp-json\/wp\/v2\/posts\/27070"}],"collection":[{"href":"https:\/\/www.suno.com.br\/noticias\/wp-json\/wp\/v2\/posts"}],"about":[{"href":"https:\/\/www.suno.com.br\/noticias\/wp-json\/wp\/v2\/types\/post"}],"author":[{"embeddable":true,"href":"https:\/\/www.suno.com.br\/noticias\/wp-json\/wp\/v2\/users\/12"}],"replies":[{"embeddable":true,"href":"https:\/\/www.suno.com.br\/noticias\/wp-json\/wp\/v2\/comments?post=27070"}],"version-history":[{"count":0,"href":"https:\/\/www.suno.com.br\/noticias\/wp-json\/wp\/v2\/posts\/27070\/revisions"}],"wp:featuredmedia":[{"embeddable":true,"href":"https:\/\/www.suno.com.br\/noticias\/wp-json\/wp\/v2\/media\/27072"}],"wp:attachment":[{"href":"https:\/\/www.suno.com.br\/noticias\/wp-json\/wp\/v2\/media?parent=27070"}],"wp:term":[{"taxonomy":"category","embeddable":true,"href":"https:\/\/www.suno.com.br\/noticias\/wp-json\/wp\/v2\/categories?post=27070"},{"taxonomy":"post_tag","embeddable":true,"href":"https:\/\/www.suno.com.br\/noticias\/wp-json\/wp\/v2\/tags?post=27070"},{"taxonomy":"suno_strategy","embeddable":true,"href":"https:\/\/www.suno.com.br\/noticias\/wp-json\/wp\/v2\/suno_strategy?post=27070"}],"curies":[{"name":"wp","href":"https:\/\/api.w.org\/{rel}","templated":true}]}}