{"id":27031,"date":"2019-06-03T15:42:06","date_gmt":"2019-06-03T18:42:06","guid":{"rendered":"https:\/\/www.suno.com.br\/noticias\/?p=27031"},"modified":"2019-06-03T15:42:06","modified_gmt":"2019-06-03T18:42:06","slug":"mubadala-capital-fundo-eike-batista","status":"publish","type":"post","link":"https:\/\/www.suno.com.br\/noticias\/mubadala-capital-fundo-eike-batista\/","title":{"rendered":"Sem perdas com EBX, Mubadala Capital prossegue investindo no Brasil"},"content":{"rendered":"<p>A \u00e1rabe Mubadala Capital, subsidi\u00e1ria da\u00a0<a href=\"https:\/\/www.suno.com.br\/artigos\/holding\/\">holding<\/a> Mubadala Investment Company, est\u00e1 em nova fase e deve montar uma\u00a0<strong>carteira<\/strong> no <strong>Brasil<\/strong>, com ativos sem rela\u00e7\u00e3o com<strong> <a href=\"https:\/\/www.suno.com.br\/tudo-sobre\/eike-batista\/\">Eike Batista<\/a><\/strong>. As informa\u00e7\u00f5es s\u00e3o do &#8220;Valor Econ\u00f4mico&#8221;.<\/p>\t<div class=\"wrapper-featured-image\">\n\t\t<figure class=\"spotlightImg\">\n\n\t\t\t<picture>\n\t\t\t\t<source media=\"(max-width: 768px)\" srcset=\"https:\/\/files.sunoresearch.com.br\/n\/uploads\/2019\/06\/505f84d4-mubadala-capital-400x200.webp\">\n\t\t\t\t<img loading=\"lazy\" decoding=\"async\" class=\"newsContent__article__imgCapa lazyloadDisabled newsContent__article__imgCapa--noCaption\" src=\"https:\/\/files.sunoresearch.com.br\/n\/uploads\/2019\/06\/505f84d4-mubadala-capital-800x450.webp\" width=\"800\" height=\"450\" alt=\"Sem perdas com EBX, Mubadala Capital prossegue investindo no Brasil\" fetchpriority=high \/>\n\t\t\t<\/picture>\n\n\t\t\t<figcaption class=\"wp-caption-text wp-caption-text--hide\">Mubadala Capital \u00e9 subsidi\u00e1ria da Mubadala Investment Company. (divulga\u00e7\u00e3o)<\/figcaption>\n\t\t<\/figure>\n\t<\/div>\n\n\n<p>Em 2011, a <strong>Mubadala Capital<\/strong> aplicou cerca de US$ 2 bilh\u00f5es no Grupo <strong>EBX<\/strong>, do empres\u00e1rio <strong>Eike Batista<\/strong>. Eike foi preso em 2017 na <strong>Opera\u00e7\u00e3o Lava Jato<\/strong>, por lavagem de dinheiro e corrup\u00e7\u00e3o. Entretanto, a Mubadala Capital n\u00e3o acumulou perdas com o caso financeiro de Eike e a EBX Brasil (veja mais abaixo).<\/p>\n\t<p>\n\t\t<a href=\"https:\/\/lp.suno.com.br\/planilha-controle-gastos\/\" target=\"_blank\" data-element=\"shortcode-suno-banner\" title=\"Banner SUNO, clique e saiba mais\">\n\t\t\t<picture>\n\t\t\t\t<source media=\"(max-width: 500px)\" srcset=\"https:\/\/files.sunoresearch.com.br\/n\/uploads\/2023\/03\/400x300-Planilha-controle-de-gastos.png\">\n\t\t\t\t<img class=\"newsContent__article__imgCapa newsContent__article__imgCapa--banner\"\n\t\t\t\t\tsrc=\"https:\/\/files.sunoresearch.com.br\/n\/uploads\/2023\/03\/1420x240-Planilha-controle-de-gastos.png\"\n\t\t\t\t\tdata-promo-id=\"101751\"\t\t\t\t\t\t\t\t\t\twidth='1420' height='240'\t\t\t\t\talt=\"https:\/\/files.sunoresearch.com.br\/n\/uploads\/2023\/03\/1420x240-Planilha-controle-de-gastos.png\"\n\t\t\t\t>\n\t\t\t<\/picture>\n\t\t<\/a>\n\t<\/p>\n\n\n<p>O Mubadala\u00a0Investment Company \u00e9 um dos dois grandes<strong> <a href=\"https:\/\/www.suno.com.br\/artigos\/fundo-soberano\/\">fundos soberanos<\/a> <\/strong>de Abu Dhabi. O outro, o <strong>Adia<\/strong>, tem uma carteira voltada para <a href=\"https:\/\/www.suno.com.br\/artigos\/titulos-privados\/\">t\u00edtulos de d\u00edvida<\/a> e a\u00e7\u00f5es. O <strong>Mubadala<\/strong>, por sua vez, investe em empresas privadas. Em mais de 30 pa\u00edses, s\u00e3o US$ 225 bilh\u00f5es distribu\u00eddos por todo o mundo.<\/p>\n<p>Deste montante,\u00a0US$ 25 bilh\u00f5es est\u00e3o sob a administra\u00e7\u00e3o da subsidi\u00e1ria <strong>Mubadala Capital<\/strong>, que \u00e9 respons\u00e1vel pela gest\u00e3o de <strong><a href=\"https:\/\/www.suno.com.br\/artigos\/fundos-private-equity\/\">fundos de private equity<\/a><\/strong>,<strong> <a href=\"https:\/\/www.suno.com.br\/artigos\/venture\/\">venture capital<\/a> <\/strong>e opera\u00e7\u00f5es de cr\u00e9dito (tanto com a verba do fundo soberano, como dos recursos de terceiros).<\/p>\n<h2>Mubadala Capital e a composi\u00e7\u00e3o da nova carteira<\/h2>\n<p>Na semana passada, a Mubadala Capital adquiriu a <strong>Rota das Bandeiras<\/strong>, concession\u00e1ria de rodovidas que pertencia ao <strong>Grupo Odebrecht<\/strong>. Os recursos para a aquisi\u00e7\u00e3o, estimada em\u00a0R$ 1,65 bilh\u00e3o, veio de terceiros e do fundo soberano.<\/p>\n<p>Al\u00e9m disso, a Mubadala Capital tamb\u00e9m deu in\u00edcio \u00e0 capta\u00e7\u00e3o de um <strong>fundo de private equity<\/strong> dedicado ao <strong>Brasil<\/strong>. Quando conclu\u00eddo, este ser\u00e1 o primeiro fundo do modelo. Pois, geralmente, os fundos s\u00e3o\u00a0segmentados por classes de ativos.<\/p>\n<p>Segundo fontes pr\u00f3ximas ao &#8220;Valor Econ\u00f4mico&#8221;, o objetivo \u00e9 que o fundo dedicado ao Brasil levante ao menos <strong>US$ 1 bilh\u00e3o<\/strong>. A origem do montante devem ser investidores locais e institucionais americanos, europeus e asi\u00e1ticos.<\/p>\n<p><a href=\"https:\/\/www.suno.com.br\/noticias\/dommo-energia-ogx-grupamento-acoes\/\">Saiba mais &#8211;\u00a0Dommo Energia, antiga OGX, cai 9% ap\u00f3s grupamento de a\u00e7\u00f5es\u00a0<\/a><\/p>\n<h2>Mubadala e EBX<\/h2>\n<p>O <strong>Mubadala Capital<\/strong> mais que dobrou os US$ 2 bilh\u00f5es investidos na <strong>EBX<\/strong> em 2011. Atualmente, o fundo conta com US$ 5 bilh\u00f5es, fruto de rendimentos das <strong>garantias<\/strong> dos ativos da EBX.<\/p>\n<p>Desde portos e empresas de entretenimento, at\u00e9 a\u00e7\u00f5es do Burger King e um pr\u00e9dio corporativo no Rio de Janeiro (RJ) foram algumas das garantias dadas pela EBX \u00e0 Mubadala.<\/p>\n<p>A experi\u00eancia do grupo \u00e1rabe com a EBX na gest\u00e3o dos chamados <strong>investimentos em situa\u00e7\u00f5es especiais<\/strong> (empresas endividadas que est\u00e3o perto de quebrar, ou que j\u00e1 est\u00e3o em <a href=\"https:\/\/www.suno.com.br\/artigos\/recuperacao-judicial\/\">recupera\u00e7\u00e3o judicial<\/a>) aumentou o apetite da <strong>Mubadala Capital<\/strong> em mirar neste tipo ativo. Isto, pois, os retornos m\u00ednimos buscados para estrat\u00e9gias que envolvem maior risco s\u00e3o de 20%.<\/p>\n","protected":false},"excerpt":{"rendered":"<p>A \u00e1rabe Mubadala Capital, subsidi\u00e1ria da\u00a0holding Mubadala Investment Company, est\u00e1 em nova fase e deve montar uma\u00a0carteira no Brasil, com ativos sem rela\u00e7\u00e3o com Eike Batista. As informa\u00e7\u00f5es s\u00e3o do &#8220;Valor Econ\u00f4mico&#8221;. Mubadala Capital \u00e9 subsidi\u00e1ria da Mubadala Investment Company. (divulga\u00e7\u00e3o) Em 2011, a Mubadala Capital aplicou cerca de US$ 2 bilh\u00f5es no Grupo EBX, [&hellip;]<\/p>\n","protected":false},"author":12,"featured_media":27066,"comment_status":"closed","ping_status":"closed","sticky":false,"template":"","format":"standard","meta":[],"categories":[64],"tags":[1415,313],"suno_strategy":[],"class_list":["post-27031","post","type-post","status-publish","format-standard","has-post-thumbnail","hentry","category-negocios","tag-eike-batista","tag-fundos-de-investimento"],"yoast_head":"<!-- This site is optimized with the Yoast SEO plugin v24.4 - https:\/\/yoast.com\/wordpress\/plugins\/seo\/ -->\n<title>Sem perdas com EBX, Mubadala Capital prossegue investindo no Brasil<\/title>\n<meta name=\"description\" content=\"A \u00e1rabe Mubadala Capital, que investiu na EBX em 2011, de Eike Batista, n\u00e3o teve perdas e segue investindo no Brasil. Clique para saber mais.\" \/>\n<meta name=\"robots\" content=\"index, follow, max-snippet:-1, max-image-preview:large, max-video-preview:-1\" \/>\n<link rel=\"canonical\" href=\"https:\/\/www.suno.com.br\/noticias\/mubadala-capital-fundo-eike-batista\/\" \/>\n<meta property=\"og:locale\" content=\"pt_BR\" \/>\n<meta property=\"og:type\" content=\"article\" \/>\n<meta property=\"og:title\" content=\"Sem perdas com EBX, Mubadala Capital prossegue investindo no Brasil\" \/>\n<meta property=\"og:description\" content=\"A \u00e1rabe Mubadala Capital, que investiu na EBX em 2011, de Eike Batista, n\u00e3o teve perdas e segue investindo no Brasil. Clique para saber mais.\" \/>\n<meta property=\"og:url\" content=\"https:\/\/www.suno.com.br\/noticias\/mubadala-capital-fundo-eike-batista\/\" \/>\n<meta property=\"og:site_name\" content=\"Suno Not\u00edcias\" \/>\n<meta property=\"article:publisher\" content=\"https:\/\/facebook.com\/sunoresearch\" \/>\n<meta property=\"og:image\" content=\"https:\/\/files.sunoresearch.com.br\/n\/uploads\/2019\/06\/505f84d4-mubadala-capital.jpg\" \/>\n\t<meta property=\"og:image:width\" content=\"1000\" \/>\n\t<meta property=\"og:image:height\" content=\"667\" \/>\n\t<meta property=\"og:image:type\" content=\"image\/jpeg\" \/>\n<meta name=\"author\" content=\"Amanda Gushiken\" \/>\n<meta name=\"twitter:card\" content=\"summary_large_image\" \/>\n<meta name=\"twitter:creator\" content=\"@sunoresearch\" \/>\n<meta name=\"twitter:site\" content=\"@sunoresearch\" \/>\n<meta name=\"twitter:label1\" content=\"Escrito por\" \/>\n\t<meta name=\"twitter:data1\" content=\"Amanda Gushiken\" \/>\n\t<meta name=\"twitter:label2\" content=\"Est. tempo de leitura\" \/>\n\t<meta name=\"twitter:data2\" content=\"2 minutos\" \/>\n<script type=\"application\/ld+json\" class=\"yoast-schema-graph\">{\"@context\":\"https:\/\/schema.org\",\"@graph\":[{\"@type\":\"NewsArticle\",\"@id\":\"https:\/\/www.suno.com.br\/noticias\/mubadala-capital-fundo-eike-batista\/#article\",\"isPartOf\":{\"@id\":\"https:\/\/www.suno.com.br\/noticias\/mubadala-capital-fundo-eike-batista\/\"},\"author\":{\"name\":\"Amanda Gushiken\",\"@id\":\"https:\/\/www.suno.com.br\/noticias\/#\/schema\/person\/a5b06fa4e879d8e8e119c6ed3cd630d1\"},\"headline\":\"Sem perdas com EBX, Mubadala Capital prossegue investindo no Brasil\",\"datePublished\":\"2019-06-03T18:42:06+00:00\",\"mainEntityOfPage\":{\"@id\":\"https:\/\/www.suno.com.br\/noticias\/mubadala-capital-fundo-eike-batista\/\"},\"wordCount\":478,\"publisher\":{\"@id\":\"https:\/\/www.suno.com.br\/noticias\/#organization\"},\"image\":{\"@id\":\"https:\/\/www.suno.com.br\/noticias\/mubadala-capital-fundo-eike-batista\/#primaryimage\"},\"thumbnailUrl\":\"https:\/\/files.sunoresearch.com.br\/n\/uploads\/2019\/06\/505f84d4-mubadala-capital-jpg.webp\",\"keywords\":[\"Eike Batista\",\"Fundos de investimento\"],\"articleSection\":[\"Neg\u00f3cios\"],\"inLanguage\":\"pt-BR\"},{\"@type\":\"WebPage\",\"@id\":\"https:\/\/www.suno.com.br\/noticias\/mubadala-capital-fundo-eike-batista\/\",\"url\":\"https:\/\/www.suno.com.br\/noticias\/mubadala-capital-fundo-eike-batista\/\",\"name\":\"Sem perdas com EBX, Mubadala Capital prossegue investindo no Brasil\",\"isPartOf\":{\"@id\":\"https:\/\/www.suno.com.br\/noticias\/#website\"},\"primaryImageOfPage\":{\"@id\":\"https:\/\/www.suno.com.br\/noticias\/mubadala-capital-fundo-eike-batista\/#primaryimage\"},\"image\":{\"@id\":\"https:\/\/www.suno.com.br\/noticias\/mubadala-capital-fundo-eike-batista\/#primaryimage\"},\"thumbnailUrl\":\"https:\/\/files.sunoresearch.com.br\/n\/uploads\/2019\/06\/505f84d4-mubadala-capital-jpg.webp\",\"datePublished\":\"2019-06-03T18:42:06+00:00\",\"description\":\"A \u00e1rabe Mubadala Capital, que investiu na EBX em 2011, de Eike Batista, n\u00e3o teve perdas e segue investindo no Brasil. Clique para saber mais.\",\"breadcrumb\":{\"@id\":\"https:\/\/www.suno.com.br\/noticias\/mubadala-capital-fundo-eike-batista\/#breadcrumb\"},\"inLanguage\":\"pt-BR\",\"potentialAction\":[{\"@type\":\"ReadAction\",\"target\":[\"https:\/\/www.suno.com.br\/noticias\/mubadala-capital-fundo-eike-batista\/\"]}]},{\"@type\":\"ImageObject\",\"inLanguage\":\"pt-BR\",\"@id\":\"https:\/\/www.suno.com.br\/noticias\/mubadala-capital-fundo-eike-batista\/#primaryimage\",\"url\":\"https:\/\/files.sunoresearch.com.br\/n\/uploads\/2019\/06\/505f84d4-mubadala-capital-jpg.webp\",\"contentUrl\":\"https:\/\/files.sunoresearch.com.br\/n\/uploads\/2019\/06\/505f84d4-mubadala-capital-jpg.webp\",\"width\":1000,\"height\":667,\"caption\":\"Mubadala Capital \u00e9 subsidi\u00e1ria da Mubadala Investment Company. (divulga\u00e7\u00e3o)\"},{\"@type\":\"BreadcrumbList\",\"@id\":\"https:\/\/www.suno.com.br\/noticias\/mubadala-capital-fundo-eike-batista\/#breadcrumb\",\"itemListElement\":[{\"@type\":\"ListItem\",\"position\":1,\"name\":\"Not\u00edcias\",\"item\":\"https:\/\/www.suno.com.br\/noticias\/\"},{\"@type\":\"ListItem\",\"position\":2,\"name\":\"Neg\u00f3cios\",\"item\":\"https:\/\/www.suno.com.br\/noticias\/negocios\/\"},{\"@type\":\"ListItem\",\"position\":3,\"name\":\"Sem perdas com EBX, Mubadala Capital prossegue investindo no Brasil\"}]},{\"@type\":\"WebSite\",\"@id\":\"https:\/\/www.suno.com.br\/noticias\/#website\",\"url\":\"https:\/\/www.suno.com.br\/noticias\/\",\"name\":\"Suno Not\u00edcias\",\"description\":\"Seu portal de informa\u00e7\u00e3o sobre o mundo dos investimentos\",\"publisher\":{\"@id\":\"https:\/\/www.suno.com.br\/noticias\/#organization\"},\"potentialAction\":[{\"@type\":\"SearchAction\",\"target\":{\"@type\":\"EntryPoint\",\"urlTemplate\":\"https:\/\/www.suno.com.br\/noticias\/?s={search_term_string}\"},\"query-input\":{\"@type\":\"PropertyValueSpecification\",\"valueRequired\":true,\"valueName\":\"search_term_string\"}}],\"inLanguage\":\"pt-BR\"},{\"@type\":\"Organization\",\"@id\":\"https:\/\/www.suno.com.br\/noticias\/#organization\",\"name\":\"Suno Not\u00edcias\",\"url\":\"https:\/\/www.suno.com.br\/noticias\/\",\"logo\":{\"@type\":\"ImageObject\",\"inLanguage\":\"pt-BR\",\"@id\":\"https:\/\/www.suno.com.br\/noticias\/#\/schema\/logo\/image\/\",\"url\":\"https:\/\/files.sunoresearch.com.br\/n\/uploads\/2021\/09\/suno-logo.png\",\"contentUrl\":\"https:\/\/files.sunoresearch.com.br\/n\/uploads\/2021\/09\/suno-logo.png\",\"width\":180,\"height\":180,\"caption\":\"Suno Not\u00edcias\"},\"image\":{\"@id\":\"https:\/\/www.suno.com.br\/noticias\/#\/schema\/logo\/image\/\"},\"sameAs\":[\"https:\/\/facebook.com\/sunoresearch\",\"https:\/\/x.com\/sunoresearch\",\"https:\/\/www.instagram.com\/suno\",\"https:\/\/www.linkedin.com\/company\/suno-research\/\",\"https:\/\/www.youtube.com\/c\/sunoresearch\"]},{\"@type\":\"Person\",\"@id\":\"https:\/\/www.suno.com.br\/noticias\/#\/schema\/person\/a5b06fa4e879d8e8e119c6ed3cd630d1\",\"name\":\"Amanda Gushiken\",\"image\":{\"@type\":\"ImageObject\",\"inLanguage\":\"pt-BR\",\"@id\":\"https:\/\/www.suno.com.br\/noticias\/#\/schema\/person\/image\/\",\"url\":\"https:\/\/secure.gravatar.com\/avatar\/ecd84705e6b65e3685ae80d725501fbe?s=96&r=g\",\"contentUrl\":\"https:\/\/secure.gravatar.com\/avatar\/ecd84705e6b65e3685ae80d725501fbe?s=96&r=g\",\"caption\":\"Amanda Gushiken\"},\"description\":\"Amanda Sayuri Gushiken escreve sobre finan\u00e7as e neg\u00f3cios para o portal Suno Not\u00edcias. Antes, trabalhou selecionando not\u00edcias da imprensa para clientes do mercado financeiro. Tamb\u00e9m desenvolveu pesquisa acad\u00eamica pela Universidade Anhembi Morumbi na \u00e1rea de Teorias da Comunica\u00e7\u00e3o e \u00e9 fot\u00f3grafa nas horas vagas.\",\"url\":\"https:\/\/www.suno.com.br\/noticias\/author\/amanda\/\"}]}<\/script>\n<!-- \/ Yoast SEO plugin. -->","yoast_head_json":{"title":"Sem perdas com EBX, Mubadala Capital prossegue investindo no Brasil","description":"A \u00e1rabe Mubadala Capital, que investiu na EBX em 2011, de Eike Batista, n\u00e3o teve perdas e segue investindo no Brasil. Clique para saber mais.","robots":{"index":"index","follow":"follow","max-snippet":"max-snippet:-1","max-image-preview":"max-image-preview:large","max-video-preview":"max-video-preview:-1"},"canonical":"https:\/\/www.suno.com.br\/noticias\/mubadala-capital-fundo-eike-batista\/","og_locale":"pt_BR","og_type":"article","og_title":"Sem perdas com EBX, Mubadala Capital prossegue investindo no Brasil","og_description":"A \u00e1rabe Mubadala Capital, que investiu na EBX em 2011, de Eike Batista, n\u00e3o teve perdas e segue investindo no Brasil. Clique para saber mais.","og_url":"https:\/\/www.suno.com.br\/noticias\/mubadala-capital-fundo-eike-batista\/","og_site_name":"Suno Not\u00edcias","article_publisher":"https:\/\/facebook.com\/sunoresearch","og_image":[{"width":1000,"height":667,"url":"https:\/\/files.sunoresearch.com.br\/n\/uploads\/2019\/06\/505f84d4-mubadala-capital.jpg","type":"image\/jpeg"}],"author":"Amanda Gushiken","twitter_card":"summary_large_image","twitter_creator":"@sunoresearch","twitter_site":"@sunoresearch","twitter_misc":{"Escrito por":"Amanda Gushiken","Est. tempo de leitura":"2 minutos"},"schema":{"@context":"https:\/\/schema.org","@graph":[{"@type":"NewsArticle","@id":"https:\/\/www.suno.com.br\/noticias\/mubadala-capital-fundo-eike-batista\/#article","isPartOf":{"@id":"https:\/\/www.suno.com.br\/noticias\/mubadala-capital-fundo-eike-batista\/"},"author":{"name":"Amanda Gushiken","@id":"https:\/\/www.suno.com.br\/noticias\/#\/schema\/person\/a5b06fa4e879d8e8e119c6ed3cd630d1"},"headline":"Sem perdas com EBX, Mubadala Capital prossegue investindo no Brasil","datePublished":"2019-06-03T18:42:06+00:00","mainEntityOfPage":{"@id":"https:\/\/www.suno.com.br\/noticias\/mubadala-capital-fundo-eike-batista\/"},"wordCount":478,"publisher":{"@id":"https:\/\/www.suno.com.br\/noticias\/#organization"},"image":{"@id":"https:\/\/www.suno.com.br\/noticias\/mubadala-capital-fundo-eike-batista\/#primaryimage"},"thumbnailUrl":"https:\/\/files.sunoresearch.com.br\/n\/uploads\/2019\/06\/505f84d4-mubadala-capital-jpg.webp","keywords":["Eike Batista","Fundos de investimento"],"articleSection":["Neg\u00f3cios"],"inLanguage":"pt-BR"},{"@type":"WebPage","@id":"https:\/\/www.suno.com.br\/noticias\/mubadala-capital-fundo-eike-batista\/","url":"https:\/\/www.suno.com.br\/noticias\/mubadala-capital-fundo-eike-batista\/","name":"Sem perdas com EBX, Mubadala Capital prossegue investindo no Brasil","isPartOf":{"@id":"https:\/\/www.suno.com.br\/noticias\/#website"},"primaryImageOfPage":{"@id":"https:\/\/www.suno.com.br\/noticias\/mubadala-capital-fundo-eike-batista\/#primaryimage"},"image":{"@id":"https:\/\/www.suno.com.br\/noticias\/mubadala-capital-fundo-eike-batista\/#primaryimage"},"thumbnailUrl":"https:\/\/files.sunoresearch.com.br\/n\/uploads\/2019\/06\/505f84d4-mubadala-capital-jpg.webp","datePublished":"2019-06-03T18:42:06+00:00","description":"A \u00e1rabe Mubadala Capital, que investiu na EBX em 2011, de Eike Batista, n\u00e3o teve perdas e segue investindo no Brasil. Clique para saber mais.","breadcrumb":{"@id":"https:\/\/www.suno.com.br\/noticias\/mubadala-capital-fundo-eike-batista\/#breadcrumb"},"inLanguage":"pt-BR","potentialAction":[{"@type":"ReadAction","target":["https:\/\/www.suno.com.br\/noticias\/mubadala-capital-fundo-eike-batista\/"]}]},{"@type":"ImageObject","inLanguage":"pt-BR","@id":"https:\/\/www.suno.com.br\/noticias\/mubadala-capital-fundo-eike-batista\/#primaryimage","url":"https:\/\/files.sunoresearch.com.br\/n\/uploads\/2019\/06\/505f84d4-mubadala-capital-jpg.webp","contentUrl":"https:\/\/files.sunoresearch.com.br\/n\/uploads\/2019\/06\/505f84d4-mubadala-capital-jpg.webp","width":1000,"height":667,"caption":"Mubadala Capital \u00e9 subsidi\u00e1ria da Mubadala Investment Company. (divulga\u00e7\u00e3o)"},{"@type":"BreadcrumbList","@id":"https:\/\/www.suno.com.br\/noticias\/mubadala-capital-fundo-eike-batista\/#breadcrumb","itemListElement":[{"@type":"ListItem","position":1,"name":"Not\u00edcias","item":"https:\/\/www.suno.com.br\/noticias\/"},{"@type":"ListItem","position":2,"name":"Neg\u00f3cios","item":"https:\/\/www.suno.com.br\/noticias\/negocios\/"},{"@type":"ListItem","position":3,"name":"Sem perdas com EBX, Mubadala Capital prossegue investindo no Brasil"}]},{"@type":"WebSite","@id":"https:\/\/www.suno.com.br\/noticias\/#website","url":"https:\/\/www.suno.com.br\/noticias\/","name":"Suno Not\u00edcias","description":"Seu portal de informa\u00e7\u00e3o sobre o mundo dos investimentos","publisher":{"@id":"https:\/\/www.suno.com.br\/noticias\/#organization"},"potentialAction":[{"@type":"SearchAction","target":{"@type":"EntryPoint","urlTemplate":"https:\/\/www.suno.com.br\/noticias\/?s={search_term_string}"},"query-input":{"@type":"PropertyValueSpecification","valueRequired":true,"valueName":"search_term_string"}}],"inLanguage":"pt-BR"},{"@type":"Organization","@id":"https:\/\/www.suno.com.br\/noticias\/#organization","name":"Suno Not\u00edcias","url":"https:\/\/www.suno.com.br\/noticias\/","logo":{"@type":"ImageObject","inLanguage":"pt-BR","@id":"https:\/\/www.suno.com.br\/noticias\/#\/schema\/logo\/image\/","url":"https:\/\/files.sunoresearch.com.br\/n\/uploads\/2021\/09\/suno-logo.png","contentUrl":"https:\/\/files.sunoresearch.com.br\/n\/uploads\/2021\/09\/suno-logo.png","width":180,"height":180,"caption":"Suno Not\u00edcias"},"image":{"@id":"https:\/\/www.suno.com.br\/noticias\/#\/schema\/logo\/image\/"},"sameAs":["https:\/\/facebook.com\/sunoresearch","https:\/\/x.com\/sunoresearch","https:\/\/www.instagram.com\/suno","https:\/\/www.linkedin.com\/company\/suno-research\/","https:\/\/www.youtube.com\/c\/sunoresearch"]},{"@type":"Person","@id":"https:\/\/www.suno.com.br\/noticias\/#\/schema\/person\/a5b06fa4e879d8e8e119c6ed3cd630d1","name":"Amanda Gushiken","image":{"@type":"ImageObject","inLanguage":"pt-BR","@id":"https:\/\/www.suno.com.br\/noticias\/#\/schema\/person\/image\/","url":"https:\/\/secure.gravatar.com\/avatar\/ecd84705e6b65e3685ae80d725501fbe?s=96&r=g","contentUrl":"https:\/\/secure.gravatar.com\/avatar\/ecd84705e6b65e3685ae80d725501fbe?s=96&r=g","caption":"Amanda Gushiken"},"description":"Amanda Sayuri Gushiken escreve sobre finan\u00e7as e neg\u00f3cios para o portal Suno Not\u00edcias. Antes, trabalhou selecionando not\u00edcias da imprensa para clientes do mercado financeiro. Tamb\u00e9m desenvolveu pesquisa acad\u00eamica pela Universidade Anhembi Morumbi na \u00e1rea de Teorias da Comunica\u00e7\u00e3o e \u00e9 fot\u00f3grafa nas horas vagas.","url":"https:\/\/www.suno.com.br\/noticias\/author\/amanda\/"}]}},"default_loop_html":"<div class=\"cardsPage__listCard__boxs\"><div class=\"cardsPage__listCard__boxs__img\"><a href=\"https:\/\/www.suno.com.br\/noticias\/mubadala-capital-fundo-eike-batista\/\"><img class=\"mask\" src=\"https:\/\/www.suno.com.br\/noticias\/wp-content\/themes\/suno\/resources\/images\/spotlight\/spotlight1img\/bg-mask.png\" alt=\"Image Mask\"\/><img src=\"https:\/\/files.sunoresearch.com.br\/n\/uploads\/2019\/06\/505f84d4-mubadala-capital-400x200.webp\" alt=\"Sem perdas com EBX, Mubadala Capital prossegue investindo no Brasil\"\/><\/a><span class=\"spotlightCategory\"><a href=\"https:\/\/www.suno.com.br\/noticias\/negocios\/\">Neg\u00f3cios<\/a><\/span><\/div><div class=\"cardsPage__listCard__boxs__content\"><a href=\"https:\/\/www.suno.com.br\/noticias\/mubadala-capital-fundo-eike-batista\/\"><h2 class=\"content__title\">Sem perdas com EBX, Mubadala Capital prossegue investindo no Brasil<\/h2><\/a><div class=\"newsContent__article__meta\"><div class=\"newsContent__article__meta__authorBox\"><a href=\"https:\/\/www.suno.com.br\/noticias\/author\/amanda\/\" class=\"authorBox__avatar noMobi\"><img src=\"https:\/\/files.sunoresearch.com.br\/n\/uploads\/2018\/11\/c6ad30be-amanda-150x150.webp\" alt=\"Amanda Gushiken\"><\/a><div class=\"authorBox__name\"><span>por\n\t\t\t<a href=\"https:\/\/www.suno.com.br\/noticias\/author\/amanda\/\"><span itemprop=\"author\">Amanda Gushiken<\/span><\/a><\/span><time datetime=\"2019-06-03T15:42:06-03:00\" itemprop=\"datePublished\">03\/06\/2019 15:42<\/time><\/div><\/div><\/div><\/div><\/div>","single_layout":"posts","amp_enabled":true,"_links":{"self":[{"href":"https:\/\/www.suno.com.br\/noticias\/wp-json\/wp\/v2\/posts\/27031"}],"collection":[{"href":"https:\/\/www.suno.com.br\/noticias\/wp-json\/wp\/v2\/posts"}],"about":[{"href":"https:\/\/www.suno.com.br\/noticias\/wp-json\/wp\/v2\/types\/post"}],"author":[{"embeddable":true,"href":"https:\/\/www.suno.com.br\/noticias\/wp-json\/wp\/v2\/users\/12"}],"replies":[{"embeddable":true,"href":"https:\/\/www.suno.com.br\/noticias\/wp-json\/wp\/v2\/comments?post=27031"}],"version-history":[{"count":0,"href":"https:\/\/www.suno.com.br\/noticias\/wp-json\/wp\/v2\/posts\/27031\/revisions"}],"wp:featuredmedia":[{"embeddable":true,"href":"https:\/\/www.suno.com.br\/noticias\/wp-json\/wp\/v2\/media\/27066"}],"wp:attachment":[{"href":"https:\/\/www.suno.com.br\/noticias\/wp-json\/wp\/v2\/media?parent=27031"}],"wp:term":[{"taxonomy":"category","embeddable":true,"href":"https:\/\/www.suno.com.br\/noticias\/wp-json\/wp\/v2\/categories?post=27031"},{"taxonomy":"post_tag","embeddable":true,"href":"https:\/\/www.suno.com.br\/noticias\/wp-json\/wp\/v2\/tags?post=27031"},{"taxonomy":"suno_strategy","embeddable":true,"href":"https:\/\/www.suno.com.br\/noticias\/wp-json\/wp\/v2\/suno_strategy?post=27031"}],"curies":[{"name":"wp","href":"https:\/\/api.w.org\/{rel}","templated":true}]}}