{"id":270121,"date":"2022-06-22T20:26:35","date_gmt":"2022-06-22T23:26:35","guid":{"rendered":"https:\/\/www.suno.com.br\/noticias\/?p=270121"},"modified":"2022-06-22T20:26:35","modified_gmt":"2022-06-22T23:26:35","slug":"ceb-cebr3-pagara-265-mi-dividendos-veja-valor","status":"publish","type":"post","link":"https:\/\/www.suno.com.br\/noticias\/ceb-cebr3-pagara-265-mi-dividendos-veja-valor\/","title":{"rendered":"CEB (CEBR3) pagar\u00e1 R$ 265,7 milh\u00f5es em dividendos; veja valor por a\u00e7\u00e3o"},"content":{"rendered":"<p>A Companhia Energ\u00e9tica de Bras\u00edlia, a <strong>CEB<\/strong> (CEBR3) divulgou nesta quarta-feira (22) que vai pagar R$ 265,7 milh\u00f5es em <a class=\"suno-keyword\" href=\"https:\/\/www.suno.com.br\/guias\/dividendos\/\" target=\"_blank\" rel=\"noopener\" data-force=\"no\" data-priority=\"1\">dividendos<\/a> aos seus acionistas.<\/p>\t<div class=\"wrapper-featured-image\">\n\t\t<figure class=\"spotlightImg\">\n\n\t\t\t<picture>\n\t\t\t\t<source media=\"(max-width: 768px)\" srcset=\"https:\/\/files.sunoresearch.com.br\/n\/uploads\/2022\/06\/ceb-400x200.jpg\">\n\t\t\t\t<img loading=\"lazy\" decoding=\"async\" class=\"newsContent__article__imgCapa lazyloadDisabled \" src=\"https:\/\/files.sunoresearch.com.br\/n\/uploads\/2022\/06\/ceb-800x450.jpg\" width=\"800\" height=\"450\" alt=\"CEB (CEBR3) pagar\u00e1 R$ 265,7 milh\u00f5es em dividendos; veja valor por a\u00e7\u00e3o\" fetchpriority=high \/>\n\t\t\t<\/picture>\n\n\t\t\t<figcaption class=\"wp-caption-text wp-caption-text--show\">CEB. Cr\u00e9ditos: Divulga\u00e7\u00e3o<\/figcaption>\n\t\t<\/figure>\n\t<\/div>\n\n\n\t<p>\n\t\t<a href=\"\" target=\"_blank\" data-element=\"shortcode-suno-banner\" title=\"Banner SUNO, clique e saiba mais\">\n\t\t\t<picture>\n\t\t\t\t<source media=\"(max-width: 500px)\" srcset=\"\">\n\t\t\t\t<img class=\"newsContent__article__imgCapa newsContent__article__imgCapa--banner\"\n\t\t\t\t\tsrc=\"\"\n\t\t\t\t\tdata-promo-id=\"89005\"\t\t\t\t\t\t\t\t\t\t\t\t\t\t\talt=\"\"\n\t\t\t\t>\n\t\t\t<\/picture>\n\t\t<\/a>\n\t<\/p>\n\n\n<p>A remunera\u00e7\u00e3o ser\u00e1 feita em 24 de junho, referente a dividendos aprovados em assembleia em 27 de abril.<\/p>\n<p>O valor por a\u00e7\u00e3o vai ser divido da seguinte forma:<\/p>\n<ul>\n<li><a class=\"suno-keyword\" href=\"https:\/\/www.suno.com.br\/artigos\/o-que-sao-acoes-ordinarias-preferenciais-e-units\/\" target=\"_blank\" rel=\"noopener\" data-force=\"no\" data-priority=\"1\">A\u00e7\u00f5es ordin\u00e1rias<\/a>: R$ 3,54<\/li>\n<li><a class=\"suno-keyword\" href=\"https:\/\/www.suno.com.br\/artigos\/acoes-preferenciais\/\" target=\"_blank\" rel=\"noopener\" data-force=\"no\" data-priority=\"1\">A\u00e7\u00f5es preferenciais<\/a> classe A: R$ 3,54<\/li>\n<li>A\u00e7\u00f5es preferenciais classe B: R$ 3,89<\/li>\n<\/ul>\n<p>Apenas os investidores com <strong>a\u00e7\u00f5es da CEB <\/strong>no dia 27 de abril ter\u00e3o direito de receber os rendimentos. A partir do dia 28 de abril, as a\u00e7\u00f5es passaram a ser negociadas sem direito aos dividendos.<\/p>\n\t<p>\n\t\t<a href=\"https:\/\/lp.suno.com.br\/planilha-da-vida-financeira\/\" target=\"_blank\" data-element=\"shortcode-suno-banner\" title=\"Banner SUNO, clique e saiba mais\">\n\t\t\t<picture>\n\t\t\t\t<source media=\"(max-width: 500px)\" srcset=\"https:\/\/files.sunoresearch.com.br\/n\/uploads\/2023\/04\/400x300-Planilha-vida-financeira-true.png\">\n\t\t\t\t<img class=\"newsContent__article__imgCapa newsContent__article__imgCapa--banner\"\n\t\t\t\t\tsrc=\"https:\/\/files.sunoresearch.com.br\/n\/uploads\/2023\/04\/1420x240-Planilha-vida-financeira-true.png\"\n\t\t\t\t\tdata-promo-id=\"106682\"\t\t\t\t\t\t\t\t\t\twidth='1420' height='240'\t\t\t\t\talt=\"https:\/\/files.sunoresearch.com.br\/n\/uploads\/2023\/04\/1420x240-Planilha-vida-financeira-true.png\"\n\t\t\t\t>\n\t\t\t<\/picture>\n\t\t<\/a>\n\t<\/p>\n\n\n<p>Segundo documento arquivado na <strong>Comiss\u00e3o de Valores Mobili\u00e1rios (CVM)<\/strong>, esses proventos fazem parte dos dividendos obrigat\u00f3rios do exerc\u00edcio de 2022.<\/p>\n<h2>Dividendos da CEB<\/h2>\n<ul>\n<li>Valor total: R$ 265.781.478,17<\/li>\n<li>Valor por a\u00e7\u00e3o: R$ 10,97955666 no total<\/li>\n<li>Data de corte: 27 de abril<\/li>\n<li>Data do pagamento: 24 de junho<\/li>\n<li>Rendimento (dividend yield): 100,97%<\/li>\n<\/ul>\n\t<p>\n\t\t<a href=\"https:\/\/lp.suno.com.br\/planilha-controle-gastos\/\" target=\"_blank\" data-element=\"shortcode-suno-banner\" title=\"Banner SUNO, clique e saiba mais\">\n\t\t\t<picture>\n\t\t\t\t<source media=\"(max-width: 500px)\" srcset=\"https:\/\/files.sunoresearch.com.br\/n\/uploads\/2023\/03\/400x300-Planilha-controle-de-gastos.png\">\n\t\t\t\t<img class=\"newsContent__article__imgCapa newsContent__article__imgCapa--banner\"\n\t\t\t\t\tsrc=\"https:\/\/files.sunoresearch.com.br\/n\/uploads\/2023\/03\/1420x240-Planilha-controle-de-gastos.png\"\n\t\t\t\t\tdata-promo-id=\"101751\"\t\t\t\t\t\t\t\t\t\twidth='1420' height='240'\t\t\t\t\talt=\"https:\/\/files.sunoresearch.com.br\/n\/uploads\/2023\/03\/1420x240-Planilha-controle-de-gastos.png\"\n\t\t\t\t>\n\t\t\t<\/picture>\n\t\t<\/a>\n\t<\/p>\n\n\n<p><em>Veja mais not\u00edcias<\/em><\/p>\n<h2 class=\"newsContent__article__title\">Weg (WEGE3) pagar\u00e1 R$ 181,6 milh\u00f5es em JCP; veja valor por a\u00e7\u00e3o<\/h2>\n<p>A\u00a0<a class=\"suno-keyword\" href=\"https:\/\/www.suno.com.br\/acoes\/WEGE3\/\" target=\"_blank\" rel=\"noopener\" data-force=\"yes\" data-priority=\"2\"><strong>Weg<\/strong>\u00a0(WEGE3)<\/a>\u00a0comunicou nesta ter\u00e7a-feira (21) que vai pagar R$ 181,6 milh\u00f5es em\u00a0<a class=\"suno-keyword\" href=\"https:\/\/www.suno.com.br\/artigos\/entenda-o-jcp\/\" target=\"_blank\" rel=\"noopener\" data-force=\"no\" data-priority=\"1\">Juros Sobre Capital Pr\u00f3prio<\/a>\u00a0(<strong>JCP<\/strong>) aos seus acionistas.<\/p>\n<p>De acordo com\u00a0<a class=\"suno-keyword\" href=\"https:\/\/www.suno.com.br\/artigos\/fato-relevante\/\" target=\"_blank\" rel=\"noopener\" data-force=\"no\" data-priority=\"1\">fato relevante<\/a>, o valor dos proventos por a\u00e7\u00e3o ser\u00e1 de R$ 0,04, que ser\u00e3o pagos em 17 de agosto.<\/p>\n<p>Apenas os investidores com\u00a0<strong>a\u00e7\u00f5es da Weg<\/strong>\u00a0no dia 24 de junho ter\u00e3o direito de receber os rendimentos. A partir do dia 27 de junho, as a\u00e7\u00f5es ser\u00e3o negociadas sem direito aos\u00a0<strong><a class=\"suno-keyword\" href=\"https:\/\/www.suno.com.br\/guias\/dividendos\/\" target=\"_blank\" rel=\"noopener\" data-force=\"no\" data-priority=\"1\">dividendos<\/a><\/strong>.<\/p>\n\t<p>\n\t\t<a href=\"https:\/\/lp.suno.com.br\/planilha-de-controle-de-investimentos\/\" target=\"_blank\" data-element=\"shortcode-suno-banner\" title=\"Banner SUNO, clique e saiba mais\">\n\t\t\t<picture>\n\t\t\t\t<source media=\"(max-width: 500px)\" srcset=\"https:\/\/files.sunoresearch.com.br\/n\/uploads\/2023\/03\/400x300-Controle-de-Investimentos.png\">\n\t\t\t\t<img class=\"newsContent__article__imgCapa newsContent__article__imgCapa--banner\"\n\t\t\t\t\tsrc=\"https:\/\/files.sunoresearch.com.br\/n\/uploads\/2023\/03\/1420x240-Controle-de-Investimentos.png\"\n\t\t\t\t\tdata-promo-id=\"75934\"\t\t\t\t\t\t\t\t\t\twidth='1420' height='240'\t\t\t\t\talt=\"https:\/\/files.sunoresearch.com.br\/n\/uploads\/2023\/03\/1420x240-Controle-de-Investimentos.png\"\n\t\t\t\t>\n\t\t\t<\/picture>\n\t\t<\/a>\n\t<\/p>\n\n\n<p>Segundo documento arquivado na\u00a0<strong>Comiss\u00e3o de Valores Mobili\u00e1rios (CVM)<\/strong>, esses proventos fazem parte dos dividendos obrigat\u00f3rios do exerc\u00edcio de 2022.<\/p>\n<p>O valor dos JCP ter\u00e1 reten\u00e7\u00e3o do imposto de renda na fonte, com al\u00edquota de 15%, resultando em aproximadamente R$ 0,03 por a\u00e7\u00e3o.<\/p>\n<h2>JCP da Weg<\/h2>\n<ul>\n<li>Valor total: R$\u00a0181.661.262,12<\/li>\n<li>Valor por a\u00e7\u00e3o: R$ 0,043294118<\/li>\n<li>Data de corte: 24 de junho<\/li>\n<li>Data do pagamento: 17 de agosto<\/li>\n<li>Rendimento (dividend yield): 1,86%<\/li>\n<\/ul>\n<h2>Cota\u00e7\u00e3o<\/h2>\n<p>No preg\u00e3o de hoje, a cota\u00e7\u00e3o das a\u00e7\u00f5es da <b>CEB <\/b>caiu 0,13%, cotada a R$ 14,98. No ano, o papel acumula queda de 6,26%. A Weg subiu 1,94%, negociada a R$ 25,79.<\/p>\n\t<p>\n\t\t<a href=\"https:\/\/lp.suno.com.br\/ebook-como-analisar-uma-acao\/\" target=\"_blank\" data-element=\"shortcode-suno-banner\" title=\"Banner SUNO, clique e saiba mais\">\n\t\t\t<picture>\n\t\t\t\t<source media=\"(max-width: 500px)\" srcset=\"https:\/\/files.sunoresearch.com.br\/n\/uploads\/2023\/03\/Ebook-Acoes-Mobile-1.jpg\">\n\t\t\t\t<img class=\"newsContent__article__imgCapa newsContent__article__imgCapa--banner\"\n\t\t\t\t\tsrc=\"https:\/\/files.sunoresearch.com.br\/n\/uploads\/2023\/03\/Ebook-Acoes-Desktop-1.jpg\"\n\t\t\t\t\tdata-promo-id=\"171998\"\t\t\t\t\t\t\t\t\t\twidth='1420' height='286'\t\t\t\t\talt=\"https:\/\/files.sunoresearch.com.br\/n\/uploads\/2023\/03\/Ebook-Acoes-Desktop-1.jpg\"\n\t\t\t\t>\n\t\t\t<\/picture>\n\t\t<\/a>\n\t<\/p>\n\n\n","protected":false},"excerpt":{"rendered":"<p>A Companhia Energ\u00e9tica de Bras\u00edlia, a CEB (CEBR3) divulgou nesta quarta-feira (22) que vai pagar R$ 265,7 milh\u00f5es em dividendos aos seus acionistas. CEB. Cr\u00e9ditos: Divulga\u00e7\u00e3o A remunera\u00e7\u00e3o ser\u00e1 feita em 24 de junho, referente a dividendos aprovados em assembleia em 27 de abril. O valor por a\u00e7\u00e3o vai ser divido da seguinte forma: A\u00e7\u00f5es [&hellip;]<\/p>\n","protected":false},"author":146,"featured_media":270142,"comment_status":"closed","ping_status":"closed","sticky":false,"template":"","format":"standard","meta":[],"categories":[64],"tags":[104647,295],"suno_strategy":[],"class_list":["post-270121","post","type-post","status-publish","format-standard","has-post-thumbnail","hentry","category-negocios","tag-ceb-cebr3-cebr5","tag-dividendos"],"yoast_head":"<!-- This site is optimized with the Yoast SEO plugin v24.4 - https:\/\/yoast.com\/wordpress\/plugins\/seo\/ -->\n<title>CEB (CEBR3) pagar\u00e1 R$ 265,7 mi em dividendos; veja valor por a\u00e7\u00e3o<\/title>\n<meta name=\"description\" content=\"A Companhia Energ\u00e9tica de Bras\u00edlia, a CEB (CEBR3) divulgou nesta quarta-feira (22) vai pagar R$ 265,7 mi em dividendos aos seus acionistas.\" \/>\n<meta name=\"robots\" content=\"index, follow, max-snippet:-1, max-image-preview:large, max-video-preview:-1\" \/>\n<link rel=\"canonical\" href=\"https:\/\/www.suno.com.br\/noticias\/ceb-cebr3-pagara-265-mi-dividendos-veja-valor\/\" \/>\n<meta property=\"og:locale\" content=\"pt_BR\" \/>\n<meta property=\"og:type\" content=\"article\" \/>\n<meta property=\"og:title\" content=\"CEB (CEBR3) pagar\u00e1 R$ 265,7 mi em dividendos; veja valor por a\u00e7\u00e3o\" \/>\n<meta property=\"og:description\" content=\"A Companhia Energ\u00e9tica de Bras\u00edlia, a CEB (CEBR3) divulgou nesta quarta-feira (22) vai pagar R$ 265,7 mi em dividendos aos seus acionistas.\" \/>\n<meta property=\"og:url\" content=\"https:\/\/www.suno.com.br\/noticias\/ceb-cebr3-pagara-265-mi-dividendos-veja-valor\/\" \/>\n<meta property=\"og:site_name\" content=\"Suno Not\u00edcias\" \/>\n<meta property=\"article:publisher\" content=\"https:\/\/facebook.com\/sunoresearch\" \/>\n<meta property=\"og:image\" content=\"https:\/\/files.sunoresearch.com.br\/n\/uploads\/2022\/06\/ceb.jpg\" \/>\n\t<meta property=\"og:image:width\" content=\"1200\" \/>\n\t<meta property=\"og:image:height\" content=\"720\" \/>\n\t<meta property=\"og:image:type\" content=\"image\/jpeg\" \/>\n<meta name=\"author\" content=\"Vict\u00f3ria Anhesini\" \/>\n<meta name=\"twitter:card\" content=\"summary_large_image\" \/>\n<meta name=\"twitter:creator\" content=\"@sunoresearch\" \/>\n<meta name=\"twitter:site\" content=\"@sunoresearch\" \/>\n<meta name=\"twitter:label1\" content=\"Escrito por\" \/>\n\t<meta name=\"twitter:data1\" content=\"Vict\u00f3ria Anhesini\" \/>\n\t<meta name=\"twitter:label2\" content=\"Est. tempo de leitura\" \/>\n\t<meta name=\"twitter:data2\" content=\"2 minutos\" \/>\n<script type=\"application\/ld+json\" class=\"yoast-schema-graph\">{\"@context\":\"https:\/\/schema.org\",\"@graph\":[{\"@type\":\"NewsArticle\",\"@id\":\"https:\/\/www.suno.com.br\/noticias\/ceb-cebr3-pagara-265-mi-dividendos-veja-valor\/#article\",\"isPartOf\":{\"@id\":\"https:\/\/www.suno.com.br\/noticias\/ceb-cebr3-pagara-265-mi-dividendos-veja-valor\/\"},\"author\":{\"name\":\"Vict\u00f3ria Anhesini\",\"@id\":\"https:\/\/www.suno.com.br\/noticias\/#\/schema\/person\/46d847cb19ad53fde0857adca989c23f\"},\"headline\":\"CEB (CEBR3) pagar\u00e1 R$ 265,7 milh\u00f5es em dividendos; veja valor por a\u00e7\u00e3o\",\"datePublished\":\"2022-06-22T23:26:35+00:00\",\"mainEntityOfPage\":{\"@id\":\"https:\/\/www.suno.com.br\/noticias\/ceb-cebr3-pagara-265-mi-dividendos-veja-valor\/\"},\"wordCount\":382,\"publisher\":{\"@id\":\"https:\/\/www.suno.com.br\/noticias\/#organization\"},\"image\":{\"@id\":\"https:\/\/www.suno.com.br\/noticias\/ceb-cebr3-pagara-265-mi-dividendos-veja-valor\/#primaryimage\"},\"thumbnailUrl\":\"https:\/\/files.sunoresearch.com.br\/n\/uploads\/2022\/06\/ceb.jpg\",\"keywords\":[\"CEB (CEBR3\/CEBR5)\",\"dividendos\"],\"articleSection\":[\"Neg\u00f3cios\"],\"inLanguage\":\"pt-BR\"},{\"@type\":\"WebPage\",\"@id\":\"https:\/\/www.suno.com.br\/noticias\/ceb-cebr3-pagara-265-mi-dividendos-veja-valor\/\",\"url\":\"https:\/\/www.suno.com.br\/noticias\/ceb-cebr3-pagara-265-mi-dividendos-veja-valor\/\",\"name\":\"CEB (CEBR3) pagar\u00e1 R$ 265,7 mi em dividendos; veja valor por a\u00e7\u00e3o\",\"isPartOf\":{\"@id\":\"https:\/\/www.suno.com.br\/noticias\/#website\"},\"primaryImageOfPage\":{\"@id\":\"https:\/\/www.suno.com.br\/noticias\/ceb-cebr3-pagara-265-mi-dividendos-veja-valor\/#primaryimage\"},\"image\":{\"@id\":\"https:\/\/www.suno.com.br\/noticias\/ceb-cebr3-pagara-265-mi-dividendos-veja-valor\/#primaryimage\"},\"thumbnailUrl\":\"https:\/\/files.sunoresearch.com.br\/n\/uploads\/2022\/06\/ceb.jpg\",\"datePublished\":\"2022-06-22T23:26:35+00:00\",\"description\":\"A Companhia Energ\u00e9tica de Bras\u00edlia, a CEB (CEBR3) divulgou nesta quarta-feira (22) vai pagar R$ 265,7 mi em dividendos aos seus acionistas.\",\"breadcrumb\":{\"@id\":\"https:\/\/www.suno.com.br\/noticias\/ceb-cebr3-pagara-265-mi-dividendos-veja-valor\/#breadcrumb\"},\"inLanguage\":\"pt-BR\",\"potentialAction\":[{\"@type\":\"ReadAction\",\"target\":[\"https:\/\/www.suno.com.br\/noticias\/ceb-cebr3-pagara-265-mi-dividendos-veja-valor\/\"]}]},{\"@type\":\"ImageObject\",\"inLanguage\":\"pt-BR\",\"@id\":\"https:\/\/www.suno.com.br\/noticias\/ceb-cebr3-pagara-265-mi-dividendos-veja-valor\/#primaryimage\",\"url\":\"https:\/\/files.sunoresearch.com.br\/n\/uploads\/2022\/06\/ceb.jpg\",\"contentUrl\":\"https:\/\/files.sunoresearch.com.br\/n\/uploads\/2022\/06\/ceb.jpg\",\"width\":1200,\"height\":720,\"caption\":\"CEB. Cr\u00e9ditos: Divulga\u00e7\u00e3o\"},{\"@type\":\"BreadcrumbList\",\"@id\":\"https:\/\/www.suno.com.br\/noticias\/ceb-cebr3-pagara-265-mi-dividendos-veja-valor\/#breadcrumb\",\"itemListElement\":[{\"@type\":\"ListItem\",\"position\":1,\"name\":\"Not\u00edcias\",\"item\":\"https:\/\/www.suno.com.br\/noticias\/\"},{\"@type\":\"ListItem\",\"position\":2,\"name\":\"Neg\u00f3cios\",\"item\":\"https:\/\/www.suno.com.br\/noticias\/negocios\/\"},{\"@type\":\"ListItem\",\"position\":3,\"name\":\"CEB (CEBR3) pagar\u00e1 R$ 265,7 milh\u00f5es em dividendos; veja valor por a\u00e7\u00e3o\"}]},{\"@type\":\"WebSite\",\"@id\":\"https:\/\/www.suno.com.br\/noticias\/#website\",\"url\":\"https:\/\/www.suno.com.br\/noticias\/\",\"name\":\"Suno Not\u00edcias\",\"description\":\"Seu portal de informa\u00e7\u00e3o sobre o mundo dos investimentos\",\"publisher\":{\"@id\":\"https:\/\/www.suno.com.br\/noticias\/#organization\"},\"potentialAction\":[{\"@type\":\"SearchAction\",\"target\":{\"@type\":\"EntryPoint\",\"urlTemplate\":\"https:\/\/www.suno.com.br\/noticias\/?s={search_term_string}\"},\"query-input\":{\"@type\":\"PropertyValueSpecification\",\"valueRequired\":true,\"valueName\":\"search_term_string\"}}],\"inLanguage\":\"pt-BR\"},{\"@type\":\"Organization\",\"@id\":\"https:\/\/www.suno.com.br\/noticias\/#organization\",\"name\":\"Suno Not\u00edcias\",\"url\":\"https:\/\/www.suno.com.br\/noticias\/\",\"logo\":{\"@type\":\"ImageObject\",\"inLanguage\":\"pt-BR\",\"@id\":\"https:\/\/www.suno.com.br\/noticias\/#\/schema\/logo\/image\/\",\"url\":\"https:\/\/files.sunoresearch.com.br\/n\/uploads\/2021\/09\/suno-logo.png\",\"contentUrl\":\"https:\/\/files.sunoresearch.com.br\/n\/uploads\/2021\/09\/suno-logo.png\",\"width\":180,\"height\":180,\"caption\":\"Suno Not\u00edcias\"},\"image\":{\"@id\":\"https:\/\/www.suno.com.br\/noticias\/#\/schema\/logo\/image\/\"},\"sameAs\":[\"https:\/\/facebook.com\/sunoresearch\",\"https:\/\/x.com\/sunoresearch\",\"https:\/\/www.instagram.com\/suno\",\"https:\/\/www.linkedin.com\/company\/suno-research\/\",\"https:\/\/www.youtube.com\/c\/sunoresearch\"]},{\"@type\":\"Person\",\"@id\":\"https:\/\/www.suno.com.br\/noticias\/#\/schema\/person\/46d847cb19ad53fde0857adca989c23f\",\"name\":\"Vict\u00f3ria Anhesini\",\"image\":{\"@type\":\"ImageObject\",\"inLanguage\":\"pt-BR\",\"@id\":\"https:\/\/www.suno.com.br\/noticias\/#\/schema\/person\/image\/\",\"url\":\"https:\/\/secure.gravatar.com\/avatar\/0172bdfcd9129dd9dd68794804304e6e?s=96&r=g\",\"contentUrl\":\"https:\/\/secure.gravatar.com\/avatar\/0172bdfcd9129dd9dd68794804304e6e?s=96&r=g\",\"caption\":\"Vict\u00f3ria Anhesini\"},\"description\":\"Rep\u00f3rter no Suno Not\u00edcias, cobre mercados, neg\u00f3cios e economia, escrevendo majoritariamente sobre movimentos das empresas, cobertura de balan\u00e7os trimestrais e Bolsa de Valores. Formada em jornalismo pela Universidade Presbiteriana Mackenzie em 2019, passou pelo portal de economia e finan\u00e7as EuQueroInvestir como rep\u00f3rter e anteriormente, trabalhou na assessoria de imprensa PinePR, onde liderou com startups de inova\u00e7\u00e3o, tecnologia e finan\u00e7as. Em seu tempo livre, fala sobre m\u00fasica para ambos os sites do selo ForMusic, Wikimetal e Mad Sound, e faz trabalho volunt\u00e1rio no programa Escreve Cartas do Poupatempo.\",\"sameAs\":[\"https:\/\/www.linkedin.com\/in\/victoria-anhesini\/\"],\"url\":\"https:\/\/www.suno.com.br\/noticias\/author\/victoria\/\"}]}<\/script>\n<!-- \/ Yoast SEO plugin. -->","yoast_head_json":{"title":"CEB (CEBR3) pagar\u00e1 R$ 265,7 mi em dividendos; veja valor por a\u00e7\u00e3o","description":"A Companhia Energ\u00e9tica de Bras\u00edlia, a CEB (CEBR3) divulgou nesta quarta-feira (22) vai pagar R$ 265,7 mi em dividendos aos seus acionistas.","robots":{"index":"index","follow":"follow","max-snippet":"max-snippet:-1","max-image-preview":"max-image-preview:large","max-video-preview":"max-video-preview:-1"},"canonical":"https:\/\/www.suno.com.br\/noticias\/ceb-cebr3-pagara-265-mi-dividendos-veja-valor\/","og_locale":"pt_BR","og_type":"article","og_title":"CEB (CEBR3) pagar\u00e1 R$ 265,7 mi em dividendos; veja valor por a\u00e7\u00e3o","og_description":"A Companhia Energ\u00e9tica de Bras\u00edlia, a CEB (CEBR3) divulgou nesta quarta-feira (22) vai pagar R$ 265,7 mi em dividendos aos seus acionistas.","og_url":"https:\/\/www.suno.com.br\/noticias\/ceb-cebr3-pagara-265-mi-dividendos-veja-valor\/","og_site_name":"Suno Not\u00edcias","article_publisher":"https:\/\/facebook.com\/sunoresearch","og_image":[{"width":1200,"height":720,"url":"https:\/\/files.sunoresearch.com.br\/n\/uploads\/2022\/06\/ceb.jpg","type":"image\/jpeg"}],"author":"Vict\u00f3ria Anhesini","twitter_card":"summary_large_image","twitter_creator":"@sunoresearch","twitter_site":"@sunoresearch","twitter_misc":{"Escrito por":"Vict\u00f3ria Anhesini","Est. tempo de leitura":"2 minutos"},"schema":{"@context":"https:\/\/schema.org","@graph":[{"@type":"NewsArticle","@id":"https:\/\/www.suno.com.br\/noticias\/ceb-cebr3-pagara-265-mi-dividendos-veja-valor\/#article","isPartOf":{"@id":"https:\/\/www.suno.com.br\/noticias\/ceb-cebr3-pagara-265-mi-dividendos-veja-valor\/"},"author":{"name":"Vict\u00f3ria Anhesini","@id":"https:\/\/www.suno.com.br\/noticias\/#\/schema\/person\/46d847cb19ad53fde0857adca989c23f"},"headline":"CEB (CEBR3) pagar\u00e1 R$ 265,7 milh\u00f5es em dividendos; veja valor por a\u00e7\u00e3o","datePublished":"2022-06-22T23:26:35+00:00","mainEntityOfPage":{"@id":"https:\/\/www.suno.com.br\/noticias\/ceb-cebr3-pagara-265-mi-dividendos-veja-valor\/"},"wordCount":382,"publisher":{"@id":"https:\/\/www.suno.com.br\/noticias\/#organization"},"image":{"@id":"https:\/\/www.suno.com.br\/noticias\/ceb-cebr3-pagara-265-mi-dividendos-veja-valor\/#primaryimage"},"thumbnailUrl":"https:\/\/files.sunoresearch.com.br\/n\/uploads\/2022\/06\/ceb.jpg","keywords":["CEB (CEBR3\/CEBR5)","dividendos"],"articleSection":["Neg\u00f3cios"],"inLanguage":"pt-BR"},{"@type":"WebPage","@id":"https:\/\/www.suno.com.br\/noticias\/ceb-cebr3-pagara-265-mi-dividendos-veja-valor\/","url":"https:\/\/www.suno.com.br\/noticias\/ceb-cebr3-pagara-265-mi-dividendos-veja-valor\/","name":"CEB (CEBR3) pagar\u00e1 R$ 265,7 mi em dividendos; veja valor por a\u00e7\u00e3o","isPartOf":{"@id":"https:\/\/www.suno.com.br\/noticias\/#website"},"primaryImageOfPage":{"@id":"https:\/\/www.suno.com.br\/noticias\/ceb-cebr3-pagara-265-mi-dividendos-veja-valor\/#primaryimage"},"image":{"@id":"https:\/\/www.suno.com.br\/noticias\/ceb-cebr3-pagara-265-mi-dividendos-veja-valor\/#primaryimage"},"thumbnailUrl":"https:\/\/files.sunoresearch.com.br\/n\/uploads\/2022\/06\/ceb.jpg","datePublished":"2022-06-22T23:26:35+00:00","description":"A Companhia Energ\u00e9tica de Bras\u00edlia, a CEB (CEBR3) divulgou nesta quarta-feira (22) vai pagar R$ 265,7 mi em dividendos aos seus acionistas.","breadcrumb":{"@id":"https:\/\/www.suno.com.br\/noticias\/ceb-cebr3-pagara-265-mi-dividendos-veja-valor\/#breadcrumb"},"inLanguage":"pt-BR","potentialAction":[{"@type":"ReadAction","target":["https:\/\/www.suno.com.br\/noticias\/ceb-cebr3-pagara-265-mi-dividendos-veja-valor\/"]}]},{"@type":"ImageObject","inLanguage":"pt-BR","@id":"https:\/\/www.suno.com.br\/noticias\/ceb-cebr3-pagara-265-mi-dividendos-veja-valor\/#primaryimage","url":"https:\/\/files.sunoresearch.com.br\/n\/uploads\/2022\/06\/ceb.jpg","contentUrl":"https:\/\/files.sunoresearch.com.br\/n\/uploads\/2022\/06\/ceb.jpg","width":1200,"height":720,"caption":"CEB. Cr\u00e9ditos: Divulga\u00e7\u00e3o"},{"@type":"BreadcrumbList","@id":"https:\/\/www.suno.com.br\/noticias\/ceb-cebr3-pagara-265-mi-dividendos-veja-valor\/#breadcrumb","itemListElement":[{"@type":"ListItem","position":1,"name":"Not\u00edcias","item":"https:\/\/www.suno.com.br\/noticias\/"},{"@type":"ListItem","position":2,"name":"Neg\u00f3cios","item":"https:\/\/www.suno.com.br\/noticias\/negocios\/"},{"@type":"ListItem","position":3,"name":"CEB (CEBR3) pagar\u00e1 R$ 265,7 milh\u00f5es em dividendos; veja valor por a\u00e7\u00e3o"}]},{"@type":"WebSite","@id":"https:\/\/www.suno.com.br\/noticias\/#website","url":"https:\/\/www.suno.com.br\/noticias\/","name":"Suno Not\u00edcias","description":"Seu portal de informa\u00e7\u00e3o sobre o mundo dos investimentos","publisher":{"@id":"https:\/\/www.suno.com.br\/noticias\/#organization"},"potentialAction":[{"@type":"SearchAction","target":{"@type":"EntryPoint","urlTemplate":"https:\/\/www.suno.com.br\/noticias\/?s={search_term_string}"},"query-input":{"@type":"PropertyValueSpecification","valueRequired":true,"valueName":"search_term_string"}}],"inLanguage":"pt-BR"},{"@type":"Organization","@id":"https:\/\/www.suno.com.br\/noticias\/#organization","name":"Suno Not\u00edcias","url":"https:\/\/www.suno.com.br\/noticias\/","logo":{"@type":"ImageObject","inLanguage":"pt-BR","@id":"https:\/\/www.suno.com.br\/noticias\/#\/schema\/logo\/image\/","url":"https:\/\/files.sunoresearch.com.br\/n\/uploads\/2021\/09\/suno-logo.png","contentUrl":"https:\/\/files.sunoresearch.com.br\/n\/uploads\/2021\/09\/suno-logo.png","width":180,"height":180,"caption":"Suno Not\u00edcias"},"image":{"@id":"https:\/\/www.suno.com.br\/noticias\/#\/schema\/logo\/image\/"},"sameAs":["https:\/\/facebook.com\/sunoresearch","https:\/\/x.com\/sunoresearch","https:\/\/www.instagram.com\/suno","https:\/\/www.linkedin.com\/company\/suno-research\/","https:\/\/www.youtube.com\/c\/sunoresearch"]},{"@type":"Person","@id":"https:\/\/www.suno.com.br\/noticias\/#\/schema\/person\/46d847cb19ad53fde0857adca989c23f","name":"Vict\u00f3ria Anhesini","image":{"@type":"ImageObject","inLanguage":"pt-BR","@id":"https:\/\/www.suno.com.br\/noticias\/#\/schema\/person\/image\/","url":"https:\/\/secure.gravatar.com\/avatar\/0172bdfcd9129dd9dd68794804304e6e?s=96&r=g","contentUrl":"https:\/\/secure.gravatar.com\/avatar\/0172bdfcd9129dd9dd68794804304e6e?s=96&r=g","caption":"Vict\u00f3ria Anhesini"},"description":"Rep\u00f3rter no Suno Not\u00edcias, cobre mercados, neg\u00f3cios e economia, escrevendo majoritariamente sobre movimentos das empresas, cobertura de balan\u00e7os trimestrais e Bolsa de Valores. Formada em jornalismo pela Universidade Presbiteriana Mackenzie em 2019, passou pelo portal de economia e finan\u00e7as EuQueroInvestir como rep\u00f3rter e anteriormente, trabalhou na assessoria de imprensa PinePR, onde liderou com startups de inova\u00e7\u00e3o, tecnologia e finan\u00e7as. Em seu tempo livre, fala sobre m\u00fasica para ambos os sites do selo ForMusic, Wikimetal e Mad Sound, e faz trabalho volunt\u00e1rio no programa Escreve Cartas do Poupatempo.","sameAs":["https:\/\/www.linkedin.com\/in\/victoria-anhesini\/"],"url":"https:\/\/www.suno.com.br\/noticias\/author\/victoria\/"}]}},"default_loop_html":"<div class=\"cardsPage__listCard__boxs\"><div class=\"cardsPage__listCard__boxs__img\"><a href=\"https:\/\/www.suno.com.br\/noticias\/ceb-cebr3-pagara-265-mi-dividendos-veja-valor\/\"><img class=\"mask\" src=\"https:\/\/www.suno.com.br\/noticias\/wp-content\/themes\/suno\/resources\/images\/spotlight\/spotlight1img\/bg-mask.png\" alt=\"Image Mask\"\/><img src=\"https:\/\/files.sunoresearch.com.br\/n\/uploads\/2022\/06\/ceb-400x200.jpg\" alt=\"CEB (CEBR3) pagar\u00e1 R$ 265,7 milh\u00f5es em dividendos; veja valor por a\u00e7\u00e3o\"\/><\/a><span class=\"spotlightCategory\"><a href=\"https:\/\/www.suno.com.br\/noticias\/negocios\/\">Neg\u00f3cios<\/a><\/span><\/div><div class=\"cardsPage__listCard__boxs__content\"><a href=\"https:\/\/www.suno.com.br\/noticias\/ceb-cebr3-pagara-265-mi-dividendos-veja-valor\/\"><h2 class=\"content__title\">CEB (CEBR3) pagar\u00e1 R$ 265,7 milh\u00f5es em dividendos; veja valor por a\u00e7\u00e3o<\/h2><\/a><div class=\"newsContent__article__meta\"><div class=\"newsContent__article__meta__authorBox\"><a href=\"https:\/\/www.suno.com.br\/noticias\/author\/victoria\/\" class=\"authorBox__avatar noMobi\"><img src=\"https:\/\/files.sunoresearch.com.br\/n\/uploads\/2021\/12\/20190129VickyPINEAPPLE01-1-150x150.jpg\" alt=\"Vict\u00f3ria Anhesini\"><\/a><div class=\"authorBox__name\"><span>por\n\t\t\t<a href=\"https:\/\/www.suno.com.br\/noticias\/author\/victoria\/\"><span itemprop=\"author\">Vict\u00f3ria Anhesini<\/span><\/a><\/span><time datetime=\"2022-06-22T20:26:35-03:00\" itemprop=\"datePublished\">22\/06\/2022 20:26<\/time><\/div><\/div><\/div><\/div><\/div>","single_layout":"posts","amp_enabled":true,"_links":{"self":[{"href":"https:\/\/www.suno.com.br\/noticias\/wp-json\/wp\/v2\/posts\/270121"}],"collection":[{"href":"https:\/\/www.suno.com.br\/noticias\/wp-json\/wp\/v2\/posts"}],"about":[{"href":"https:\/\/www.suno.com.br\/noticias\/wp-json\/wp\/v2\/types\/post"}],"author":[{"embeddable":true,"href":"https:\/\/www.suno.com.br\/noticias\/wp-json\/wp\/v2\/users\/146"}],"replies":[{"embeddable":true,"href":"https:\/\/www.suno.com.br\/noticias\/wp-json\/wp\/v2\/comments?post=270121"}],"version-history":[{"count":3,"href":"https:\/\/www.suno.com.br\/noticias\/wp-json\/wp\/v2\/posts\/270121\/revisions"}],"predecessor-version":[{"id":270150,"href":"https:\/\/www.suno.com.br\/noticias\/wp-json\/wp\/v2\/posts\/270121\/revisions\/270150"}],"wp:featuredmedia":[{"embeddable":true,"href":"https:\/\/www.suno.com.br\/noticias\/wp-json\/wp\/v2\/media\/270142"}],"wp:attachment":[{"href":"https:\/\/www.suno.com.br\/noticias\/wp-json\/wp\/v2\/media?parent=270121"}],"wp:term":[{"taxonomy":"category","embeddable":true,"href":"https:\/\/www.suno.com.br\/noticias\/wp-json\/wp\/v2\/categories?post=270121"},{"taxonomy":"post_tag","embeddable":true,"href":"https:\/\/www.suno.com.br\/noticias\/wp-json\/wp\/v2\/tags?post=270121"},{"taxonomy":"suno_strategy","embeddable":true,"href":"https:\/\/www.suno.com.br\/noticias\/wp-json\/wp\/v2\/suno_strategy?post=270121"}],"curies":[{"name":"wp","href":"https:\/\/api.w.org\/{rel}","templated":true}]}}