{"id":270017,"date":"2022-06-22T20:17:10","date_gmt":"2022-06-22T23:17:10","guid":{"rendered":"https:\/\/www.suno.com.br\/noticias\/?p=270017"},"modified":"2022-06-22T20:17:10","modified_gmt":"2022-06-22T23:17:10","slug":"pague-menos-pgmn3-cade-aprova-extrafarma","status":"publish","type":"post","link":"https:\/\/www.suno.com.br\/noticias\/pague-menos-pgmn3-cade-aprova-extrafarma\/","title":{"rendered":"Cade aprova com restri\u00e7\u00f5es compra da Extrafarma pela Pague Menos (PGMN3)"},"content":{"rendered":"<p>O<strong> Conselho Administrativo de Defesa Econ\u00f4mica (Cade)<\/strong> aprovou a compra da <strong>Extrafarma<\/strong>, da <a class=\"suno-keyword\" href=\"https:\/\/www.suno.com.br\/acoes\/UGPA3\/\" target=\"_blank\" rel=\"noopener\" data-force=\"yes\" data-priority=\"2\">Ultrapar (UGPA3)<\/a>, pela <strong>Pague Menos (PGMN3)<\/strong>. A aquisi\u00e7\u00e3o, autorizada com restri\u00e7\u00f5es, ir\u00e1 transformar o grupo farmac\u00eautico no segundo maior do pa\u00eds em n\u00famero de lojas &#8211; por volta de 1,5 mil -, atr\u00e1s da Raia Drogasil (RADL3).<\/p>\t<div class=\"wrapper-featured-image\">\n\t\t<figure class=\"spotlightImg\">\n\n\t\t\t<picture>\n\t\t\t\t<source media=\"(max-width: 768px)\" srcset=\"https:\/\/files.sunoresearch.com.br\/n\/uploads\/2021\/02\/1c80d133-paguemenos-400x200.webp\">\n\t\t\t\t<img loading=\"lazy\" decoding=\"async\" class=\"newsContent__article__imgCapa lazyloadDisabled \" src=\"https:\/\/files.sunoresearch.com.br\/n\/uploads\/2021\/02\/1c80d133-paguemenos-800x450.webp\" width=\"800\" height=\"450\" alt=\"Cade aprova com restri\u00e7\u00f5es compra da Extrafarma pela Pague Menos (PGMN3)\" fetchpriority=high \/>\n\t\t\t<\/picture>\n\n\t\t\t<figcaption class=\"wp-caption-text wp-caption-text--show\">Pague Menos (PGMN3) anuncia novo programa de recompra de a\u00e7\u00f5es. Foto: Divulga\u00e7\u00e3o<\/figcaption>\n\t\t<\/figure>\n\t<\/div>\n\n\n\t<p>\n\t\t<a href=\"https:\/\/lp.suno.com.br\/planilha-de-controle-de-investimentos\/\" target=\"_blank\" data-element=\"shortcode-suno-banner\" title=\"Banner SUNO, clique e saiba mais\">\n\t\t\t<picture>\n\t\t\t\t<source media=\"(max-width: 500px)\" srcset=\"https:\/\/files.sunoresearch.com.br\/n\/uploads\/2023\/03\/400x300-Controle-de-Investimentos.png\">\n\t\t\t\t<img class=\"newsContent__article__imgCapa newsContent__article__imgCapa--banner\"\n\t\t\t\t\tsrc=\"https:\/\/files.sunoresearch.com.br\/n\/uploads\/2023\/03\/1420x240-Controle-de-Investimentos.png\"\n\t\t\t\t\tdata-promo-id=\"75934\"\t\t\t\t\t\t\t\t\t\twidth='1420' height='240'\t\t\t\t\talt=\"https:\/\/files.sunoresearch.com.br\/n\/uploads\/2023\/03\/1420x240-Controle-de-Investimentos.png\"\n\t\t\t\t>\n\t\t\t<\/picture>\n\t\t<\/a>\n\t<\/p>\n\n\n<p>Para obter o aval do \u00f3rg\u00e3o, a Pague Menos ter\u00e1 de vender, em 180 dias, oito unidades da Extrafarma no Nordeste, uma em cada um dos seguintes munic\u00edpios: Russas, Canind\u00e9, Limoeiro do Norte, Aracati e Horizonte (CE), Chapadinha e Cod\u00f3 (MA) e Caic\u00f3 (RN).<\/p>\n\t<p>\n\t\t<a href=\"\" target=\"_blank\" data-element=\"shortcode-suno-banner\" title=\"Banner SUNO, clique e saiba mais\">\n\t\t\t<picture>\n\t\t\t\t<source media=\"(max-width: 500px)\" srcset=\"\">\n\t\t\t\t<img class=\"newsContent__article__imgCapa newsContent__article__imgCapa--banner\"\n\t\t\t\t\tsrc=\"\"\n\t\t\t\t\tdata-promo-id=\"240038\"\t\t\t\t\t\t\t\t\t\t\t\t\t\t\talt=\"\"\n\t\t\t\t>\n\t\t\t<\/picture>\n\t\t<\/a>\n\t<\/p>\n\n\n<p>Segundo o relator do caso, conselheiro Gustavo Augusto, a<strong> medida do Cade<\/strong> \u00e9 necess\u00e1ria em virtude da concentra\u00e7\u00e3o excessiva gerada pelo neg\u00f3cio nessas localidades. A rede Bruno Farma (Drogaria Ultrapopular Itapipoca) manifestou interesse em adquirir as farm\u00e1cias.<\/p>\n<p>Em maio do ano passado, a Ultrapar Participa\u00e7\u00f5es anunciou a venda da totalidade das<strong> a\u00e7\u00f5es da Extrafarma<\/strong> (Imifarma Produtos Farmac\u00eauticos e Cosm\u00e9ticos S.A.) para o grupo farmac\u00eautico Pague Menos. A transa\u00e7\u00e3o foi antecipada pelo <i>Broadcast<\/i>, sistema de not\u00edcias em tempo real do Grupo Estado. O valor total da venda foi de R$ 700 milh\u00f5es, sujeito a ajustes devido \u00e0s varia\u00e7\u00f5es de <a class=\"suno-keyword\" href=\"https:\/\/www.suno.com.br\/artigos\/capital-giro\/\" target=\"_blank\" rel=\"noopener\" data-force=\"no\" data-priority=\"2\">capital de giro<\/a> e \u00e0 posi\u00e7\u00e3o da <a class=\"suno-keyword\" href=\"https:\/\/www.suno.com.br\/artigos\/divida-liquida\/\" target=\"_blank\" rel=\"noopener\" data-force=\"no\" data-priority=\"1\">d\u00edvida l\u00edquida<\/a> da Extrafarma na data de fechamento da transa\u00e7\u00e3o.<\/p>\n\t<p>\n\t\t<a href=\"https:\/\/lp.suno.com.br\/planilha-controle-gastos\/\" target=\"_blank\" data-element=\"shortcode-suno-banner\" title=\"Banner SUNO, clique e saiba mais\">\n\t\t\t<picture>\n\t\t\t\t<source media=\"(max-width: 500px)\" srcset=\"https:\/\/files.sunoresearch.com.br\/n\/uploads\/2023\/03\/400x300-Planilha-controle-de-gastos.png\">\n\t\t\t\t<img class=\"newsContent__article__imgCapa newsContent__article__imgCapa--banner\"\n\t\t\t\t\tsrc=\"https:\/\/files.sunoresearch.com.br\/n\/uploads\/2023\/03\/1420x240-Planilha-controle-de-gastos.png\"\n\t\t\t\t\tdata-promo-id=\"101751\"\t\t\t\t\t\t\t\t\t\twidth='1420' height='240'\t\t\t\t\talt=\"https:\/\/files.sunoresearch.com.br\/n\/uploads\/2023\/03\/1420x240-Planilha-controle-de-gastos.png\"\n\t\t\t\t>\n\t\t\t<\/picture>\n\t\t<\/a>\n\t<\/p>\n\n\n<h2 class=\"newsContent__article__title\">Pague Menos aposta na otimiza\u00e7\u00e3o das lojas para crescer em 2022<\/h2>\n<p>Diante do avan\u00e7o das farm\u00e1cias independentes, que em 2021 abriram 4 mil novas lojas, a\u00a0<a href=\"https:\/\/www.suno.com.br\/acoes\/pgmn3\/\"><strong>Pague Menos<\/strong>\u00a0(PGMN3)<\/a>\u00a0aposta na otimiza\u00e7\u00e3o dos pontos de venda para repelir a concorr\u00eancia e garantir o crescimento da companhia em um ambiente que ficou mais competitivo.<\/p>\n<p>No encontro\u00a0<strong>Pharma Conference<\/strong>, promovido pela\u00a0<strong>XP Investimentos<\/strong>\u00a0entre investidores e os principais nomes do mercado de farm\u00e1cias e farmac\u00eauticas, o CFO da Pague Menos, Luiz Renato Novais, avalia que a rede deve ter um saldo de 100 novas lojas em 2022.<\/p>\n<p>Segundo expectativa da companhia, reiterada por Novais, s\u00e3o 120 novas lojas abertas neste ano \u2013 em cima das 80 novas abertas em 2021. Por outro lado, 20 lojas \u2013 por estarem muito pr\u00f3ximas entre si \u2013 seriam fechadas em 2022 a fim de otimizar a distribui\u00e7\u00e3o.<\/p>\n\t<p>\n\t\t<a href=\"https:\/\/lp.suno.com.br\/ebook-como-analisar-uma-acao\/\" target=\"_blank\" data-element=\"shortcode-suno-banner\" title=\"Banner SUNO, clique e saiba mais\">\n\t\t\t<picture>\n\t\t\t\t<source media=\"(max-width: 500px)\" srcset=\"https:\/\/files.sunoresearch.com.br\/n\/uploads\/2023\/03\/Ebook-Acoes-Mobile-1.jpg\">\n\t\t\t\t<img class=\"newsContent__article__imgCapa newsContent__article__imgCapa--banner\"\n\t\t\t\t\tsrc=\"https:\/\/files.sunoresearch.com.br\/n\/uploads\/2023\/03\/Ebook-Acoes-Desktop-1.jpg\"\n\t\t\t\t\tdata-promo-id=\"171998\"\t\t\t\t\t\t\t\t\t\twidth='1420' height='286'\t\t\t\t\talt=\"https:\/\/files.sunoresearch.com.br\/n\/uploads\/2023\/03\/Ebook-Acoes-Desktop-1.jpg\"\n\t\t\t\t>\n\t\t\t<\/picture>\n\t\t<\/a>\n\t<\/p>\n\n\n<p>Esta conta n\u00e3o leva em considera\u00e7\u00e3o a compra por R$ 700 milh\u00f5es da rede\u00a0<strong>Extrafarma<\/strong>, que aguarda delibera\u00e7\u00e3o do\u00a0<a class=\"suno-keyword\" href=\"https:\/\/www.suno.com.br\/artigos\/cade\/\" target=\"_blank\" rel=\"noopener\" data-force=\"no\" data-priority=\"2\">Conselho Administrativo de Defesa Econ\u00f4mica (Cade)<\/a>, prevista para sair neste ano. A aquisi\u00e7\u00e3o pode trazer mais de 400 novas lojas ao portf\u00f3lio da companhia.<\/p>\n<p>Com a matura\u00e7\u00e3o das empresas abertas no ano passado e as novas deste ano, a expectativa da Pague Menos \u00e9 de crescer a receita cerca de 5% a mais que o \u00edndice de infla\u00e7\u00e3o, cujo impacto deve ser neutro em 2022, apesar de ter pesado na estrutura de custos em 2021.<\/p>\n<p>Outro ponto destacado para melhorar o desempenho da companhia \u00e9 a diminui\u00e7\u00e3o do n\u00famero de funcion\u00e1rios por loja. Hoje a Pague Menos tem cerca de 17 funcion\u00e1rios por loja.<\/p>\n<p>Este n\u00famero cai para 14 funcion\u00e1rios, se descontados o pessoal administrativo, na sede, e o dos centros de distribui\u00e7\u00e3o. Segundo Novais, a expectativa \u00e9 de diminuir a m\u00e9dia para 13 funcion\u00e1rios por loja at\u00e9 o fim de 2023.<\/p>\n<p>Novais tamb\u00e9m refor\u00e7ou o avan\u00e7o do n\u00famero m\u00e9dio de itens por loja, que chegou a 9,8 mil em 2021, alta de 1,6 mil no ano. O objetivo agora \u00e9 ampliar para 12 mil em 2022 a fim de reduzir a ruptura de estoque.<\/p>\n<p>Ao\u00a0<strong>Suno Not\u00edcias<\/strong>, Sergio Mena Barreto, presidente da Abrafarma, afirmou que a ruptura de estoques \u2013 medida da falta de determinado produto para a venda \u2013 \u00e9 um dos desafios sobre o qual o setor deve avan\u00e7ar em 2022.<\/p>\n<p>Segundo Barreto, uma vez que as receitas m\u00e9dicas incluem, muitas vezes, mais de um item, a falta de um deles pode comprometer a venda de todos os outros.<\/p>\n<p>Segundo o executivo da\u00a0<strong>Pague Menos<\/strong>, a ruptura de estoques caiu 37,5% no ano passado, desde que a empresa decidiu avan\u00e7ar no refor\u00e7o dos itens dispon\u00edveis.<\/p>\n\t<p>\n\t\t<a href=\"https:\/\/lp.suno.com.br\/planilha-da-vida-financeira\/\" target=\"_blank\" data-element=\"shortcode-suno-banner\" title=\"Banner SUNO, clique e saiba mais\">\n\t\t\t<picture>\n\t\t\t\t<source media=\"(max-width: 500px)\" srcset=\"https:\/\/files.sunoresearch.com.br\/n\/uploads\/2023\/04\/400x300-Planilha-vida-financeira-true.png\">\n\t\t\t\t<img class=\"newsContent__article__imgCapa newsContent__article__imgCapa--banner\"\n\t\t\t\t\tsrc=\"https:\/\/files.sunoresearch.com.br\/n\/uploads\/2023\/04\/1420x240-Planilha-vida-financeira-true.png\"\n\t\t\t\t\tdata-promo-id=\"106682\"\t\t\t\t\t\t\t\t\t\twidth='1420' height='240'\t\t\t\t\talt=\"https:\/\/files.sunoresearch.com.br\/n\/uploads\/2023\/04\/1420x240-Planilha-vida-financeira-true.png\"\n\t\t\t\t>\n\t\t\t<\/picture>\n\t\t<\/a>\n\t<\/p>\n\n\n<p class=\"newsProviderSignature\"><em>Com informa\u00e7\u00e3o do Estad\u00e3o Conte\u00fado<\/em><\/p>\n","protected":false},"excerpt":{"rendered":"<p>O Conselho Administrativo de Defesa Econ\u00f4mica (Cade) aprovou a compra da Extrafarma, da Ultrapar (UGPA3), pela Pague Menos (PGMN3). A aquisi\u00e7\u00e3o, autorizada com restri\u00e7\u00f5es, ir\u00e1 transformar o grupo farmac\u00eautico no segundo maior do pa\u00eds em n\u00famero de lojas &#8211; por volta de 1,5 mil -, atr\u00e1s da Raia Drogasil (RADL3). Pague Menos (PGMN3) anuncia novo [&hellip;]<\/p>\n","protected":false},"author":165,"featured_media":120800,"comment_status":"closed","ping_status":"closed","sticky":false,"template":"","format":"standard","meta":[],"categories":[64],"tags":[851,60051,613,671],"suno_strategy":[],"class_list":["post-270017","post","type-post","status-publish","format-standard","has-post-thumbnail","hentry","category-negocios","tag-cade","tag-pague-menos-pgmn3","tag-raia-drogasil-radl3","tag-ultrapar-ugpa3"],"yoast_head":"<!-- This site is optimized with the Yoast SEO plugin v24.4 - https:\/\/yoast.com\/wordpress\/plugins\/seo\/ -->\n<title>Cade aprova compra da Extrafarma pela Pague Menos (PGMN3)<\/title>\n<meta name=\"description\" content=\"O Conselho Administrativo de Defesa Econ\u00f4mica (Cade) aprovou a compra da Extrafarma, pela Pague Menos, com restri\u00e7\u00f5es.\" \/>\n<meta name=\"robots\" content=\"index, follow, max-snippet:-1, max-image-preview:large, max-video-preview:-1\" \/>\n<link rel=\"canonical\" href=\"https:\/\/www.suno.com.br\/noticias\/pague-menos-pgmn3-cade-aprova-extrafarma\/\" \/>\n<meta property=\"og:locale\" content=\"pt_BR\" \/>\n<meta property=\"og:type\" content=\"article\" \/>\n<meta property=\"og:title\" content=\"Cade aprova compra da Extrafarma pela Pague Menos (PGMN3)\" \/>\n<meta property=\"og:description\" content=\"O Conselho Administrativo de Defesa Econ\u00f4mica (Cade) aprovou a compra da Extrafarma, pela Pague Menos, com restri\u00e7\u00f5es.\" \/>\n<meta property=\"og:url\" content=\"https:\/\/www.suno.com.br\/noticias\/pague-menos-pgmn3-cade-aprova-extrafarma\/\" \/>\n<meta property=\"og:site_name\" content=\"Suno Not\u00edcias\" \/>\n<meta property=\"article:publisher\" content=\"https:\/\/facebook.com\/sunoresearch\" \/>\n<meta property=\"og:image\" content=\"https:\/\/files.sunoresearch.com.br\/n\/uploads\/2021\/02\/1c80d133-paguemenos.jpg\" \/>\n\t<meta property=\"og:image:width\" content=\"1500\" \/>\n\t<meta property=\"og:image:height\" content=\"735\" \/>\n\t<meta property=\"og:image:type\" content=\"image\/jpeg\" \/>\n<meta name=\"author\" content=\"Ana Carolina Cury\" \/>\n<meta name=\"twitter:card\" content=\"summary_large_image\" \/>\n<meta name=\"twitter:creator\" content=\"@sunoresearch\" \/>\n<meta name=\"twitter:site\" content=\"@sunoresearch\" \/>\n<meta name=\"twitter:label1\" content=\"Escrito por\" \/>\n\t<meta name=\"twitter:data1\" content=\"Ana Carolina Cury\" \/>\n\t<meta name=\"twitter:label2\" content=\"Est. tempo de leitura\" \/>\n\t<meta name=\"twitter:data2\" content=\"4 minutos\" \/>\n<script type=\"application\/ld+json\" class=\"yoast-schema-graph\">{\"@context\":\"https:\/\/schema.org\",\"@graph\":[{\"@type\":\"NewsArticle\",\"@id\":\"https:\/\/www.suno.com.br\/noticias\/pague-menos-pgmn3-cade-aprova-extrafarma\/#article\",\"isPartOf\":{\"@id\":\"https:\/\/www.suno.com.br\/noticias\/pague-menos-pgmn3-cade-aprova-extrafarma\/\"},\"author\":{\"name\":\"Ana Carolina Cury\",\"@id\":\"https:\/\/www.suno.com.br\/noticias\/#\/schema\/person\/23ade539a9b626a27a055a2cceccc1f9\"},\"headline\":\"Cade aprova com restri\u00e7\u00f5es compra da Extrafarma pela Pague Menos (PGMN3)\",\"datePublished\":\"2022-06-22T23:17:10+00:00\",\"mainEntityOfPage\":{\"@id\":\"https:\/\/www.suno.com.br\/noticias\/pague-menos-pgmn3-cade-aprova-extrafarma\/\"},\"wordCount\":707,\"publisher\":{\"@id\":\"https:\/\/www.suno.com.br\/noticias\/#organization\"},\"image\":{\"@id\":\"https:\/\/www.suno.com.br\/noticias\/pague-menos-pgmn3-cade-aprova-extrafarma\/#primaryimage\"},\"thumbnailUrl\":\"https:\/\/files.sunoresearch.com.br\/n\/uploads\/2021\/02\/1c80d133-paguemenos-jpg.webp\",\"keywords\":[\"CADE\",\"Pague Menos (PGMN3)\",\"Raia Drogasil (RADL3)\",\"Ultrapar (UGPA3)\"],\"articleSection\":[\"Neg\u00f3cios\"],\"inLanguage\":\"pt-BR\"},{\"@type\":\"WebPage\",\"@id\":\"https:\/\/www.suno.com.br\/noticias\/pague-menos-pgmn3-cade-aprova-extrafarma\/\",\"url\":\"https:\/\/www.suno.com.br\/noticias\/pague-menos-pgmn3-cade-aprova-extrafarma\/\",\"name\":\"Cade aprova compra da Extrafarma pela Pague Menos (PGMN3)\",\"isPartOf\":{\"@id\":\"https:\/\/www.suno.com.br\/noticias\/#website\"},\"primaryImageOfPage\":{\"@id\":\"https:\/\/www.suno.com.br\/noticias\/pague-menos-pgmn3-cade-aprova-extrafarma\/#primaryimage\"},\"image\":{\"@id\":\"https:\/\/www.suno.com.br\/noticias\/pague-menos-pgmn3-cade-aprova-extrafarma\/#primaryimage\"},\"thumbnailUrl\":\"https:\/\/files.sunoresearch.com.br\/n\/uploads\/2021\/02\/1c80d133-paguemenos-jpg.webp\",\"datePublished\":\"2022-06-22T23:17:10+00:00\",\"description\":\"O Conselho Administrativo de Defesa Econ\u00f4mica (Cade) aprovou a compra da Extrafarma, pela Pague Menos, com restri\u00e7\u00f5es.\",\"breadcrumb\":{\"@id\":\"https:\/\/www.suno.com.br\/noticias\/pague-menos-pgmn3-cade-aprova-extrafarma\/#breadcrumb\"},\"inLanguage\":\"pt-BR\",\"potentialAction\":[{\"@type\":\"ReadAction\",\"target\":[\"https:\/\/www.suno.com.br\/noticias\/pague-menos-pgmn3-cade-aprova-extrafarma\/\"]}]},{\"@type\":\"ImageObject\",\"inLanguage\":\"pt-BR\",\"@id\":\"https:\/\/www.suno.com.br\/noticias\/pague-menos-pgmn3-cade-aprova-extrafarma\/#primaryimage\",\"url\":\"https:\/\/files.sunoresearch.com.br\/n\/uploads\/2021\/02\/1c80d133-paguemenos-jpg.webp\",\"contentUrl\":\"https:\/\/files.sunoresearch.com.br\/n\/uploads\/2021\/02\/1c80d133-paguemenos-jpg.webp\",\"width\":1500,\"height\":735,\"caption\":\"Pague Menos (PGMN3) anuncia novo programa de recompra de a\u00e7\u00f5es. Foto: Divulga\u00e7\u00e3o\"},{\"@type\":\"BreadcrumbList\",\"@id\":\"https:\/\/www.suno.com.br\/noticias\/pague-menos-pgmn3-cade-aprova-extrafarma\/#breadcrumb\",\"itemListElement\":[{\"@type\":\"ListItem\",\"position\":1,\"name\":\"Not\u00edcias\",\"item\":\"https:\/\/www.suno.com.br\/noticias\/\"},{\"@type\":\"ListItem\",\"position\":2,\"name\":\"Neg\u00f3cios\",\"item\":\"https:\/\/www.suno.com.br\/noticias\/negocios\/\"},{\"@type\":\"ListItem\",\"position\":3,\"name\":\"Cade aprova com restri\u00e7\u00f5es compra da Extrafarma pela Pague Menos (PGMN3)\"}]},{\"@type\":\"WebSite\",\"@id\":\"https:\/\/www.suno.com.br\/noticias\/#website\",\"url\":\"https:\/\/www.suno.com.br\/noticias\/\",\"name\":\"Suno Not\u00edcias\",\"description\":\"Seu portal de informa\u00e7\u00e3o sobre o mundo dos investimentos\",\"publisher\":{\"@id\":\"https:\/\/www.suno.com.br\/noticias\/#organization\"},\"potentialAction\":[{\"@type\":\"SearchAction\",\"target\":{\"@type\":\"EntryPoint\",\"urlTemplate\":\"https:\/\/www.suno.com.br\/noticias\/?s={search_term_string}\"},\"query-input\":{\"@type\":\"PropertyValueSpecification\",\"valueRequired\":true,\"valueName\":\"search_term_string\"}}],\"inLanguage\":\"pt-BR\"},{\"@type\":\"Organization\",\"@id\":\"https:\/\/www.suno.com.br\/noticias\/#organization\",\"name\":\"Suno Not\u00edcias\",\"url\":\"https:\/\/www.suno.com.br\/noticias\/\",\"logo\":{\"@type\":\"ImageObject\",\"inLanguage\":\"pt-BR\",\"@id\":\"https:\/\/www.suno.com.br\/noticias\/#\/schema\/logo\/image\/\",\"url\":\"https:\/\/files.sunoresearch.com.br\/n\/uploads\/2021\/09\/suno-logo.png\",\"contentUrl\":\"https:\/\/files.sunoresearch.com.br\/n\/uploads\/2021\/09\/suno-logo.png\",\"width\":180,\"height\":180,\"caption\":\"Suno Not\u00edcias\"},\"image\":{\"@id\":\"https:\/\/www.suno.com.br\/noticias\/#\/schema\/logo\/image\/\"},\"sameAs\":[\"https:\/\/facebook.com\/sunoresearch\",\"https:\/\/x.com\/sunoresearch\",\"https:\/\/www.instagram.com\/suno\",\"https:\/\/www.linkedin.com\/company\/suno-research\/\",\"https:\/\/www.youtube.com\/c\/sunoresearch\"]},{\"@type\":\"Person\",\"@id\":\"https:\/\/www.suno.com.br\/noticias\/#\/schema\/person\/23ade539a9b626a27a055a2cceccc1f9\",\"name\":\"Ana Carolina Cury\",\"image\":{\"@type\":\"ImageObject\",\"inLanguage\":\"pt-BR\",\"@id\":\"https:\/\/www.suno.com.br\/noticias\/#\/schema\/person\/image\/\",\"url\":\"https:\/\/secure.gravatar.com\/avatar\/a3c7bae536b759b9ed2f07b5df9995e1?s=96&r=g\",\"contentUrl\":\"https:\/\/secure.gravatar.com\/avatar\/a3c7bae536b759b9ed2f07b5df9995e1?s=96&r=g\",\"caption\":\"Ana Carolina Cury\"},\"description\":\"Estagi\u00e1ria de Reda\u00e7\u00e3o, cobre mercado financeiro, macroeconomia, pol\u00edtica e neg\u00f3cios. Estudante de jornalismo na FAAP, \u00e9 monitora do laborat\u00f3rio de jornalismo da faculdade (LabJor) e trabalhou com a Band News no projeto primeira not\u00edcia em parceria com a FAAP.\",\"url\":\"https:\/\/www.suno.com.br\/noticias\/author\/ana-curysuno-com-br\/\"}]}<\/script>\n<!-- \/ Yoast SEO plugin. -->","yoast_head_json":{"title":"Cade aprova compra da Extrafarma pela Pague Menos (PGMN3)","description":"O Conselho Administrativo de Defesa Econ\u00f4mica (Cade) aprovou a compra da Extrafarma, pela Pague Menos, com restri\u00e7\u00f5es.","robots":{"index":"index","follow":"follow","max-snippet":"max-snippet:-1","max-image-preview":"max-image-preview:large","max-video-preview":"max-video-preview:-1"},"canonical":"https:\/\/www.suno.com.br\/noticias\/pague-menos-pgmn3-cade-aprova-extrafarma\/","og_locale":"pt_BR","og_type":"article","og_title":"Cade aprova compra da Extrafarma pela Pague Menos (PGMN3)","og_description":"O Conselho Administrativo de Defesa Econ\u00f4mica (Cade) aprovou a compra da Extrafarma, pela Pague Menos, com restri\u00e7\u00f5es.","og_url":"https:\/\/www.suno.com.br\/noticias\/pague-menos-pgmn3-cade-aprova-extrafarma\/","og_site_name":"Suno Not\u00edcias","article_publisher":"https:\/\/facebook.com\/sunoresearch","og_image":[{"width":1500,"height":735,"url":"https:\/\/files.sunoresearch.com.br\/n\/uploads\/2021\/02\/1c80d133-paguemenos.jpg","type":"image\/jpeg"}],"author":"Ana Carolina Cury","twitter_card":"summary_large_image","twitter_creator":"@sunoresearch","twitter_site":"@sunoresearch","twitter_misc":{"Escrito por":"Ana Carolina Cury","Est. tempo de leitura":"4 minutos"},"schema":{"@context":"https:\/\/schema.org","@graph":[{"@type":"NewsArticle","@id":"https:\/\/www.suno.com.br\/noticias\/pague-menos-pgmn3-cade-aprova-extrafarma\/#article","isPartOf":{"@id":"https:\/\/www.suno.com.br\/noticias\/pague-menos-pgmn3-cade-aprova-extrafarma\/"},"author":{"name":"Ana Carolina Cury","@id":"https:\/\/www.suno.com.br\/noticias\/#\/schema\/person\/23ade539a9b626a27a055a2cceccc1f9"},"headline":"Cade aprova com restri\u00e7\u00f5es compra da Extrafarma pela Pague Menos (PGMN3)","datePublished":"2022-06-22T23:17:10+00:00","mainEntityOfPage":{"@id":"https:\/\/www.suno.com.br\/noticias\/pague-menos-pgmn3-cade-aprova-extrafarma\/"},"wordCount":707,"publisher":{"@id":"https:\/\/www.suno.com.br\/noticias\/#organization"},"image":{"@id":"https:\/\/www.suno.com.br\/noticias\/pague-menos-pgmn3-cade-aprova-extrafarma\/#primaryimage"},"thumbnailUrl":"https:\/\/files.sunoresearch.com.br\/n\/uploads\/2021\/02\/1c80d133-paguemenos-jpg.webp","keywords":["CADE","Pague Menos (PGMN3)","Raia Drogasil (RADL3)","Ultrapar (UGPA3)"],"articleSection":["Neg\u00f3cios"],"inLanguage":"pt-BR"},{"@type":"WebPage","@id":"https:\/\/www.suno.com.br\/noticias\/pague-menos-pgmn3-cade-aprova-extrafarma\/","url":"https:\/\/www.suno.com.br\/noticias\/pague-menos-pgmn3-cade-aprova-extrafarma\/","name":"Cade aprova compra da Extrafarma pela Pague Menos (PGMN3)","isPartOf":{"@id":"https:\/\/www.suno.com.br\/noticias\/#website"},"primaryImageOfPage":{"@id":"https:\/\/www.suno.com.br\/noticias\/pague-menos-pgmn3-cade-aprova-extrafarma\/#primaryimage"},"image":{"@id":"https:\/\/www.suno.com.br\/noticias\/pague-menos-pgmn3-cade-aprova-extrafarma\/#primaryimage"},"thumbnailUrl":"https:\/\/files.sunoresearch.com.br\/n\/uploads\/2021\/02\/1c80d133-paguemenos-jpg.webp","datePublished":"2022-06-22T23:17:10+00:00","description":"O Conselho Administrativo de Defesa Econ\u00f4mica (Cade) aprovou a compra da Extrafarma, pela Pague Menos, com restri\u00e7\u00f5es.","breadcrumb":{"@id":"https:\/\/www.suno.com.br\/noticias\/pague-menos-pgmn3-cade-aprova-extrafarma\/#breadcrumb"},"inLanguage":"pt-BR","potentialAction":[{"@type":"ReadAction","target":["https:\/\/www.suno.com.br\/noticias\/pague-menos-pgmn3-cade-aprova-extrafarma\/"]}]},{"@type":"ImageObject","inLanguage":"pt-BR","@id":"https:\/\/www.suno.com.br\/noticias\/pague-menos-pgmn3-cade-aprova-extrafarma\/#primaryimage","url":"https:\/\/files.sunoresearch.com.br\/n\/uploads\/2021\/02\/1c80d133-paguemenos-jpg.webp","contentUrl":"https:\/\/files.sunoresearch.com.br\/n\/uploads\/2021\/02\/1c80d133-paguemenos-jpg.webp","width":1500,"height":735,"caption":"Pague Menos (PGMN3) anuncia novo programa de recompra de a\u00e7\u00f5es. Foto: Divulga\u00e7\u00e3o"},{"@type":"BreadcrumbList","@id":"https:\/\/www.suno.com.br\/noticias\/pague-menos-pgmn3-cade-aprova-extrafarma\/#breadcrumb","itemListElement":[{"@type":"ListItem","position":1,"name":"Not\u00edcias","item":"https:\/\/www.suno.com.br\/noticias\/"},{"@type":"ListItem","position":2,"name":"Neg\u00f3cios","item":"https:\/\/www.suno.com.br\/noticias\/negocios\/"},{"@type":"ListItem","position":3,"name":"Cade aprova com restri\u00e7\u00f5es compra da Extrafarma pela Pague Menos (PGMN3)"}]},{"@type":"WebSite","@id":"https:\/\/www.suno.com.br\/noticias\/#website","url":"https:\/\/www.suno.com.br\/noticias\/","name":"Suno Not\u00edcias","description":"Seu portal de informa\u00e7\u00e3o sobre o mundo dos investimentos","publisher":{"@id":"https:\/\/www.suno.com.br\/noticias\/#organization"},"potentialAction":[{"@type":"SearchAction","target":{"@type":"EntryPoint","urlTemplate":"https:\/\/www.suno.com.br\/noticias\/?s={search_term_string}"},"query-input":{"@type":"PropertyValueSpecification","valueRequired":true,"valueName":"search_term_string"}}],"inLanguage":"pt-BR"},{"@type":"Organization","@id":"https:\/\/www.suno.com.br\/noticias\/#organization","name":"Suno Not\u00edcias","url":"https:\/\/www.suno.com.br\/noticias\/","logo":{"@type":"ImageObject","inLanguage":"pt-BR","@id":"https:\/\/www.suno.com.br\/noticias\/#\/schema\/logo\/image\/","url":"https:\/\/files.sunoresearch.com.br\/n\/uploads\/2021\/09\/suno-logo.png","contentUrl":"https:\/\/files.sunoresearch.com.br\/n\/uploads\/2021\/09\/suno-logo.png","width":180,"height":180,"caption":"Suno Not\u00edcias"},"image":{"@id":"https:\/\/www.suno.com.br\/noticias\/#\/schema\/logo\/image\/"},"sameAs":["https:\/\/facebook.com\/sunoresearch","https:\/\/x.com\/sunoresearch","https:\/\/www.instagram.com\/suno","https:\/\/www.linkedin.com\/company\/suno-research\/","https:\/\/www.youtube.com\/c\/sunoresearch"]},{"@type":"Person","@id":"https:\/\/www.suno.com.br\/noticias\/#\/schema\/person\/23ade539a9b626a27a055a2cceccc1f9","name":"Ana Carolina Cury","image":{"@type":"ImageObject","inLanguage":"pt-BR","@id":"https:\/\/www.suno.com.br\/noticias\/#\/schema\/person\/image\/","url":"https:\/\/secure.gravatar.com\/avatar\/a3c7bae536b759b9ed2f07b5df9995e1?s=96&r=g","contentUrl":"https:\/\/secure.gravatar.com\/avatar\/a3c7bae536b759b9ed2f07b5df9995e1?s=96&r=g","caption":"Ana Carolina Cury"},"description":"Estagi\u00e1ria de Reda\u00e7\u00e3o, cobre mercado financeiro, macroeconomia, pol\u00edtica e neg\u00f3cios. Estudante de jornalismo na FAAP, \u00e9 monitora do laborat\u00f3rio de jornalismo da faculdade (LabJor) e trabalhou com a Band News no projeto primeira not\u00edcia em parceria com a FAAP.","url":"https:\/\/www.suno.com.br\/noticias\/author\/ana-curysuno-com-br\/"}]}},"default_loop_html":"<div class=\"cardsPage__listCard__boxs\"><div class=\"cardsPage__listCard__boxs__img\"><a href=\"https:\/\/www.suno.com.br\/noticias\/pague-menos-pgmn3-cade-aprova-extrafarma\/\"><img class=\"mask\" src=\"https:\/\/www.suno.com.br\/noticias\/wp-content\/themes\/suno\/resources\/images\/spotlight\/spotlight1img\/bg-mask.png\" alt=\"Image Mask\"\/><img src=\"https:\/\/files.sunoresearch.com.br\/n\/uploads\/2021\/02\/1c80d133-paguemenos-400x200.webp\" alt=\"Cade aprova com restri\u00e7\u00f5es compra da Extrafarma pela Pague Menos (PGMN3)\"\/><\/a><span class=\"spotlightCategory\"><a href=\"https:\/\/www.suno.com.br\/noticias\/negocios\/\">Neg\u00f3cios<\/a><\/span><\/div><div class=\"cardsPage__listCard__boxs__content\"><a href=\"https:\/\/www.suno.com.br\/noticias\/pague-menos-pgmn3-cade-aprova-extrafarma\/\"><h2 class=\"content__title\">Cade aprova com restri\u00e7\u00f5es compra da Extrafarma pela Pague Menos (PGMN3)<\/h2><\/a><div class=\"newsContent__article__meta\"><div class=\"newsContent__article__meta__authorBox\"><a href=\"https:\/\/www.suno.com.br\/noticias\/author\/ana-curysuno-com-br\/\" class=\"authorBox__avatar noMobi\"><img src=\"https:\/\/files.sunoresearch.com.br\/n\/uploads\/2022\/04\/IMG-9970-1-150x150.jpg\" alt=\"Ana Carolina Cury\"><\/a><div class=\"authorBox__name\"><span>por\n\t\t\t<a href=\"https:\/\/www.suno.com.br\/noticias\/author\/ana-curysuno-com-br\/\"><span itemprop=\"author\">Ana Carolina Cury<\/span><\/a><\/span><time datetime=\"2022-06-22T20:17:10-03:00\" itemprop=\"datePublished\">22\/06\/2022 20:17<\/time><\/div><\/div><\/div><\/div><\/div>","single_layout":"posts","amp_enabled":true,"_links":{"self":[{"href":"https:\/\/www.suno.com.br\/noticias\/wp-json\/wp\/v2\/posts\/270017"}],"collection":[{"href":"https:\/\/www.suno.com.br\/noticias\/wp-json\/wp\/v2\/posts"}],"about":[{"href":"https:\/\/www.suno.com.br\/noticias\/wp-json\/wp\/v2\/types\/post"}],"author":[{"embeddable":true,"href":"https:\/\/www.suno.com.br\/noticias\/wp-json\/wp\/v2\/users\/165"}],"replies":[{"embeddable":true,"href":"https:\/\/www.suno.com.br\/noticias\/wp-json\/wp\/v2\/comments?post=270017"}],"version-history":[{"count":4,"href":"https:\/\/www.suno.com.br\/noticias\/wp-json\/wp\/v2\/posts\/270017\/revisions"}],"predecessor-version":[{"id":270147,"href":"https:\/\/www.suno.com.br\/noticias\/wp-json\/wp\/v2\/posts\/270017\/revisions\/270147"}],"wp:featuredmedia":[{"embeddable":true,"href":"https:\/\/www.suno.com.br\/noticias\/wp-json\/wp\/v2\/media\/120800"}],"wp:attachment":[{"href":"https:\/\/www.suno.com.br\/noticias\/wp-json\/wp\/v2\/media?parent=270017"}],"wp:term":[{"taxonomy":"category","embeddable":true,"href":"https:\/\/www.suno.com.br\/noticias\/wp-json\/wp\/v2\/categories?post=270017"},{"taxonomy":"post_tag","embeddable":true,"href":"https:\/\/www.suno.com.br\/noticias\/wp-json\/wp\/v2\/tags?post=270017"},{"taxonomy":"suno_strategy","embeddable":true,"href":"https:\/\/www.suno.com.br\/noticias\/wp-json\/wp\/v2\/suno_strategy?post=270017"}],"curies":[{"name":"wp","href":"https:\/\/api.w.org\/{rel}","templated":true}]}}