{"id":26998,"date":"2019-06-03T12:14:39","date_gmt":"2019-06-03T15:14:39","guid":{"rendered":"https:\/\/www.suno.com.br\/noticias\/?p=26998"},"modified":"2019-06-03T14:36:52","modified_gmt":"2019-06-03T17:36:52","slug":"eua-mexico-governo-mexicano-se-encontrara-com","status":"publish","type":"post","link":"https:\/\/www.suno.com.br\/noticias\/eua-mexico-governo-mexicano-se-encontrara-com\/","title":{"rendered":"M\u00e9xico e Estados Unidos discutem tarifas nesta segunda"},"content":{"rendered":"<p>Nesta segunda-feira (3), inicia-se a discuss\u00e3o sobre a amea\u00e7a do presidente americano em <strong>impor taxas aos produtos do M\u00e9xico<\/strong>. A medida foi imposta com o objetivo de<strong> reduzir o fluxo de imigrantes clandestinos<\/strong>.<\/p>\t<div class=\"wrapper-featured-image\">\n\t\t<figure class=\"spotlightImg\">\n\n\t\t\t<picture>\n\t\t\t\t<source media=\"(max-width: 768px)\" srcset=\"https:\/\/files.sunoresearch.com.br\/n\/uploads\/2019\/05\/2c7afa93-d\u00f3lar-400x200.webp\">\n\t\t\t\t<img loading=\"lazy\" decoding=\"async\" class=\"newsContent__article__imgCapa lazyloadDisabled newsContent__article__imgCapa--noCaption\" src=\"https:\/\/files.sunoresearch.com.br\/n\/uploads\/2019\/05\/2c7afa93-d\u00f3lar-800x450.webp\" width=\"800\" height=\"450\" alt=\"M\u00e9xico e Estados Unidos discutem tarifas nesta segunda\" fetchpriority=high \/>\n\t\t\t<\/picture>\n\n\t\t\t<figcaption class=\"wp-caption-text wp-caption-text--hide\">M\u00e9xico e Estado Unidos discutem tarifas nesta segunda<\/figcaption>\n\t\t<\/figure>\n\t<\/div>\n\n\n<p>No encontro, estar\u00e1 presente a <strong>ministra da Economia do M\u00e9xico<\/strong>, <strong>Graciela Marquez<\/strong> e o <strong>secret\u00e1rio de Com\u00e9rcio norte-americano<\/strong>, <strong>Wilbur Ross<\/strong>. Na pr\u00f3xima quinta-feira (5), o <strong>Secret\u00e1rio de Estados dos EUA<\/strong>, <strong>Mike Pompeo<\/strong>, e o<strong> ministro de Rela\u00e7\u00f5es Exteriores do<\/strong> pa\u00eds mexicano, <strong>Marcelo Ebrard<\/strong>, se reunir\u00e3o.<\/p>\n<p><a href=\"https:\/\/www.suno.com.br\/tudo-sobre\/donald-trump\/\"><strong>Trump<\/strong><\/a> se manifestou no \u00faltimo domingo (2) em seu Twitter dizendo que &#8220;as pessoas vivem dizendo que n\u00f3s dever\u00edamos conversar com o <strong>M\u00e9xico<\/strong>. O problema \u00e9 que o <strong>M\u00e9xico<\/strong> est\u00e1 abusando dos <strong>Estados Unidos<\/strong>.&#8221;\u00a0 Completa dizendo que &#8220;queremos a\u00e7\u00e3o e n\u00e3o conversa&#8221;.<\/p>\n<p class=\"twitter-tweet\" data-lang=\"pt\">\n<p dir=\"ltr\" lang=\"en\">People have been saying for years that we should talk to Mexico. The problem is that Mexico is an \u201cabuser\u201d of the United States, taking but never giving. It has been this way for decades. Either they stop the invasion of our Country by Drug Dealers, Cartels, Human Traffickers&#8230;.<\/p>\n<p>\u2014 Donald J. Trump (@realDonaldTrump) <a href=\"https:\/\/twitter.com\/realDonaldTrump\/status\/1135150117252673536?ref_src=twsrc%5Etfw\">2 de junho de 2019<\/a><\/p>\n<p><script async src=\"https:\/\/platform.twitter.com\/widgets.js\" charset=\"utf-8\"><\/script><\/p>\n\t<p>\n\t\t<a href=\"https:\/\/lp.suno.com.br\/planilha-controle-gastos\/\" target=\"_blank\" data-element=\"shortcode-suno-banner\" title=\"Banner SUNO, clique e saiba mais\">\n\t\t\t<picture>\n\t\t\t\t<source media=\"(max-width: 500px)\" srcset=\"https:\/\/files.sunoresearch.com.br\/n\/uploads\/2023\/03\/400x300-Planilha-controle-de-gastos.png\">\n\t\t\t\t<img class=\"newsContent__article__imgCapa newsContent__article__imgCapa--banner\"\n\t\t\t\t\tsrc=\"https:\/\/files.sunoresearch.com.br\/n\/uploads\/2023\/03\/1420x240-Planilha-controle-de-gastos.png\"\n\t\t\t\t\tdata-promo-id=\"383122\"\t\t\t\t\t\t\t\t\t\twidth='1420' height='240'\t\t\t\t\talt=\"https:\/\/files.sunoresearch.com.br\/n\/uploads\/2023\/03\/1420x240-Planilha-controle-de-gastos.png\"\n\t\t\t\t>\n\t\t\t<\/picture>\n\t\t<\/a>\n\t<\/p>\n\n\n<h2>Medida imposta por Trump<\/h2>\n<p>Na \u00faltima quarta-feira <strong>Donald Trump<\/strong> anunciou uma taxa de 5% sobre os produtos vindo do <strong>M\u00e9xico<\/strong>. Conforme o presidente a medida foi imposta com objetivo de <strong>reduzir ou cessar a imigra\u00e7\u00e3o ilegal de mexicanos<\/strong>.<\/p>\n<p>Em resposta, o presidente mexicano\u00a0escreveu uma carta \u00e0 <strong>Trump<\/strong>.<\/p>\n<p class=\"twitter-tweet\" data-lang=\"pt\">\n<p dir=\"ltr\" lang=\"es\">Al presidente Donald Trump en son de paz. <a href=\"https:\/\/t.co\/5XdiY7hfeL\">https:\/\/t.co\/5XdiY7hfeL<\/a><\/p>\n<p>\u2014 Andr\u00e9s Manuel (@lopezobrador_) <a href=\"https:\/\/twitter.com\/lopezobrador_\/status\/1134284723721822208?ref_src=twsrc%5Etfw\">31 de maio de 2019<\/a><\/p>\n<p><script async src=\"https:\/\/platform.twitter.com\/widgets.js\" charset=\"utf-8\"><\/script><\/p>\n<p>&#8220;Estou ciente de sua \u00faltima postura em rela\u00e7\u00e3o ao <strong>M\u00e9xico<\/strong>. De antem\u00e3o, eu te digo que n\u00e3o quero confronto. Os povos e na\u00e7\u00f5es que representamos merece que, antes de qualquer conflito, por mais grave que seja, <strong>recorramos ao di\u00e1logo<\/strong>, e atuemos com prud\u00eancia e responsabilidade&#8221;, disse o presidente na carta.<\/p>\n<p><a href=\"https:\/\/www.suno.com.br\/noticias\/montadoras-queda-acoes-trump-mexico\/\">Saiba Mais:\u00a0Montadoras t\u00eam perdas nas Bolsas ap\u00f3s Trump anunciar taxas ao M\u00e9xico\u00a0<\/a><\/p>\n<p>Com isso, a <strong>ministra<\/strong>\u00a0se manifestou positiva.<strong> Graciela<\/strong> afirma que assuntos comerciais n\u00e3o tem rela\u00e7\u00e3o com assuntos de imigra\u00e7\u00e3o.<\/p>\n<p class=\"twitter-tweet\" data-lang=\"pt\">\n<p dir=\"ltr\" lang=\"es\">La respuesta del Presidente Andr\u00e9s Manuel <a href=\"https:\/\/twitter.com\/lopezobrador_?ref_src=twsrc%5Etfw\">@lopezobrador_<\/a> separa correctamente la pol\u00edtica comercial de los temas de migraci\u00f3n. En ambos, M\u00e9xico y Estados Unidos deben trabajar juntos como socios y vecinos. <a href=\"https:\/\/t.co\/iCqx47tBLB\">https:\/\/t.co\/iCqx47tBLB<\/a><\/p>\n<p>\u2014 Graciela M\u00e1rquez Col\u00edn (@GMarquezColin) <a href=\"https:\/\/twitter.com\/GMarquezColin\/status\/1134297361071595520?ref_src=twsrc%5Etfw\">31 de maio de 2019<\/a><\/p>\n<p><script async src=\"https:\/\/platform.twitter.com\/widgets.js\" charset=\"utf-8\"><\/script><\/p>\n<p>&#8220;A resposta do presidente<strong> Andr\u00e9s Manuel<\/strong> separa corretamente a pol\u00edtica comercial dos temas de imigra\u00e7\u00e3o. Ambos, <strong>M\u00e9xico<\/strong> e <strong>Estados Unidos<\/strong> devem trabalhar juntos como s\u00f3cios e vizinhos.<\/p>\n","protected":false},"excerpt":{"rendered":"<p>Nesta segunda-feira (3), inicia-se a discuss\u00e3o sobre a amea\u00e7a do presidente americano em impor taxas aos produtos do M\u00e9xico. A medida foi imposta com o objetivo de reduzir o fluxo de imigrantes clandestinos. M\u00e9xico e Estado Unidos discutem tarifas nesta segunda No encontro, estar\u00e1 presente a ministra da Economia do M\u00e9xico, Graciela Marquez e o [&hellip;]<\/p>\n","protected":false},"author":15,"featured_media":26713,"comment_status":"closed","ping_status":"closed","sticky":false,"template":"","format":"standard","meta":[],"categories":[63],"tags":[724,793,729],"suno_strategy":[],"class_list":["post-26998","post","type-post","status-publish","format-standard","has-post-thumbnail","hentry","category-internacional","tag-donald-trump","tag-estados-unidos-eua","tag-mexico"],"yoast_head":"<!-- This site is optimized with the Yoast SEO plugin v24.4 - https:\/\/yoast.com\/wordpress\/plugins\/seo\/ -->\n<title>M\u00e9xico e Estados Unidos discutem tarifas nesta segunda<\/title>\n<meta name=\"description\" content=\"Nesta segunda (3) inicia a discuss\u00e3o \u00e0 respeito da amea\u00e7a de Trump em impor taxas aos produtos do M\u00e9xico. Clique aqui e saiba mais\" \/>\n<meta name=\"robots\" content=\"index, follow, max-snippet:-1, max-image-preview:large, max-video-preview:-1\" \/>\n<link rel=\"canonical\" href=\"https:\/\/www.suno.com.br\/noticias\/eua-mexico-governo-mexicano-se-encontrara-com\/\" \/>\n<meta property=\"og:locale\" content=\"pt_BR\" \/>\n<meta property=\"og:type\" content=\"article\" \/>\n<meta property=\"og:title\" content=\"M\u00e9xico e Estados Unidos discutem tarifas nesta segunda\" \/>\n<meta property=\"og:description\" content=\"Nesta segunda (3) inicia a discuss\u00e3o \u00e0 respeito da amea\u00e7a de Trump em impor taxas aos produtos do M\u00e9xico. Clique aqui e saiba mais\" \/>\n<meta property=\"og:url\" content=\"https:\/\/www.suno.com.br\/noticias\/eua-mexico-governo-mexicano-se-encontrara-com\/\" \/>\n<meta property=\"og:site_name\" content=\"Suno Not\u00edcias\" \/>\n<meta property=\"article:publisher\" content=\"https:\/\/facebook.com\/sunoresearch\" \/>\n<meta property=\"og:image\" content=\"https:\/\/files.sunoresearch.com.br\/n\/uploads\/2019\/05\/2c7afa93-d\u00f3lar.jpg\" \/>\n\t<meta property=\"og:image:width\" content=\"4096\" \/>\n\t<meta property=\"og:image:height\" content=\"2708\" \/>\n\t<meta property=\"og:image:type\" content=\"image\/jpeg\" \/>\n<meta name=\"author\" content=\"Poliana Santos\" \/>\n<meta name=\"twitter:card\" content=\"summary_large_image\" \/>\n<meta name=\"twitter:creator\" content=\"@sunoresearch\" \/>\n<meta name=\"twitter:site\" content=\"@sunoresearch\" \/>\n<meta name=\"twitter:label1\" content=\"Escrito por\" \/>\n\t<meta name=\"twitter:data1\" content=\"Poliana Santos\" \/>\n\t<meta name=\"twitter:label2\" content=\"Est. tempo de leitura\" \/>\n\t<meta name=\"twitter:data2\" content=\"2 minutos\" \/>\n<script type=\"application\/ld+json\" class=\"yoast-schema-graph\">{\"@context\":\"https:\/\/schema.org\",\"@graph\":[{\"@type\":\"NewsArticle\",\"@id\":\"https:\/\/www.suno.com.br\/noticias\/eua-mexico-governo-mexicano-se-encontrara-com\/#article\",\"isPartOf\":{\"@id\":\"https:\/\/www.suno.com.br\/noticias\/eua-mexico-governo-mexicano-se-encontrara-com\/\"},\"author\":{\"name\":\"Poliana Santos\",\"@id\":\"https:\/\/www.suno.com.br\/noticias\/#\/schema\/person\/02ec1f752758247878a2bf4abee1aeda\"},\"headline\":\"M\u00e9xico e Estados Unidos discutem tarifas nesta segunda\",\"datePublished\":\"2019-06-03T15:14:39+00:00\",\"dateModified\":\"2019-06-03T17:36:52+00:00\",\"mainEntityOfPage\":{\"@id\":\"https:\/\/www.suno.com.br\/noticias\/eua-mexico-governo-mexicano-se-encontrara-com\/\"},\"wordCount\":444,\"publisher\":{\"@id\":\"https:\/\/www.suno.com.br\/noticias\/#organization\"},\"image\":{\"@id\":\"https:\/\/www.suno.com.br\/noticias\/eua-mexico-governo-mexicano-se-encontrara-com\/#primaryimage\"},\"thumbnailUrl\":\"https:\/\/files.sunoresearch.com.br\/n\/uploads\/2019\/05\/2c7afa93-d\u00f3lar-scaled.webp\",\"keywords\":[\"Donald Trump\",\"Estados Unidos (EUA)\",\"M\u00e9xico\"],\"articleSection\":[\"Internacional\"],\"inLanguage\":\"pt-BR\"},{\"@type\":\"WebPage\",\"@id\":\"https:\/\/www.suno.com.br\/noticias\/eua-mexico-governo-mexicano-se-encontrara-com\/\",\"url\":\"https:\/\/www.suno.com.br\/noticias\/eua-mexico-governo-mexicano-se-encontrara-com\/\",\"name\":\"M\u00e9xico e Estados Unidos discutem tarifas nesta segunda\",\"isPartOf\":{\"@id\":\"https:\/\/www.suno.com.br\/noticias\/#website\"},\"primaryImageOfPage\":{\"@id\":\"https:\/\/www.suno.com.br\/noticias\/eua-mexico-governo-mexicano-se-encontrara-com\/#primaryimage\"},\"image\":{\"@id\":\"https:\/\/www.suno.com.br\/noticias\/eua-mexico-governo-mexicano-se-encontrara-com\/#primaryimage\"},\"thumbnailUrl\":\"https:\/\/files.sunoresearch.com.br\/n\/uploads\/2019\/05\/2c7afa93-d\u00f3lar-scaled.webp\",\"datePublished\":\"2019-06-03T15:14:39+00:00\",\"dateModified\":\"2019-06-03T17:36:52+00:00\",\"description\":\"Nesta segunda (3) inicia a discuss\u00e3o \u00e0 respeito da amea\u00e7a de Trump em impor taxas aos produtos do M\u00e9xico. Clique aqui e saiba mais\",\"breadcrumb\":{\"@id\":\"https:\/\/www.suno.com.br\/noticias\/eua-mexico-governo-mexicano-se-encontrara-com\/#breadcrumb\"},\"inLanguage\":\"pt-BR\",\"potentialAction\":[{\"@type\":\"ReadAction\",\"target\":[\"https:\/\/www.suno.com.br\/noticias\/eua-mexico-governo-mexicano-se-encontrara-com\/\"]}]},{\"@type\":\"ImageObject\",\"inLanguage\":\"pt-BR\",\"@id\":\"https:\/\/www.suno.com.br\/noticias\/eua-mexico-governo-mexicano-se-encontrara-com\/#primaryimage\",\"url\":\"https:\/\/files.sunoresearch.com.br\/n\/uploads\/2019\/05\/2c7afa93-d\u00f3lar-scaled.webp\",\"contentUrl\":\"https:\/\/files.sunoresearch.com.br\/n\/uploads\/2019\/05\/2c7afa93-d\u00f3lar-scaled.webp\",\"width\":2560,\"height\":1693,\"caption\":\"M\u00e9xico e Estado Unidos discutem tarifas nesta segunda\"},{\"@type\":\"BreadcrumbList\",\"@id\":\"https:\/\/www.suno.com.br\/noticias\/eua-mexico-governo-mexicano-se-encontrara-com\/#breadcrumb\",\"itemListElement\":[{\"@type\":\"ListItem\",\"position\":1,\"name\":\"Not\u00edcias\",\"item\":\"https:\/\/www.suno.com.br\/noticias\/\"},{\"@type\":\"ListItem\",\"position\":2,\"name\":\"Internacional\",\"item\":\"https:\/\/www.suno.com.br\/noticias\/internacional\/\"},{\"@type\":\"ListItem\",\"position\":3,\"name\":\"M\u00e9xico e Estados Unidos discutem tarifas nesta segunda\"}]},{\"@type\":\"WebSite\",\"@id\":\"https:\/\/www.suno.com.br\/noticias\/#website\",\"url\":\"https:\/\/www.suno.com.br\/noticias\/\",\"name\":\"Suno Not\u00edcias\",\"description\":\"Seu portal de informa\u00e7\u00e3o sobre o mundo dos investimentos\",\"publisher\":{\"@id\":\"https:\/\/www.suno.com.br\/noticias\/#organization\"},\"potentialAction\":[{\"@type\":\"SearchAction\",\"target\":{\"@type\":\"EntryPoint\",\"urlTemplate\":\"https:\/\/www.suno.com.br\/noticias\/?s={search_term_string}\"},\"query-input\":{\"@type\":\"PropertyValueSpecification\",\"valueRequired\":true,\"valueName\":\"search_term_string\"}}],\"inLanguage\":\"pt-BR\"},{\"@type\":\"Organization\",\"@id\":\"https:\/\/www.suno.com.br\/noticias\/#organization\",\"name\":\"Suno Not\u00edcias\",\"url\":\"https:\/\/www.suno.com.br\/noticias\/\",\"logo\":{\"@type\":\"ImageObject\",\"inLanguage\":\"pt-BR\",\"@id\":\"https:\/\/www.suno.com.br\/noticias\/#\/schema\/logo\/image\/\",\"url\":\"https:\/\/files.sunoresearch.com.br\/n\/uploads\/2021\/09\/suno-logo.png\",\"contentUrl\":\"https:\/\/files.sunoresearch.com.br\/n\/uploads\/2021\/09\/suno-logo.png\",\"width\":180,\"height\":180,\"caption\":\"Suno Not\u00edcias\"},\"image\":{\"@id\":\"https:\/\/www.suno.com.br\/noticias\/#\/schema\/logo\/image\/\"},\"sameAs\":[\"https:\/\/facebook.com\/sunoresearch\",\"https:\/\/x.com\/sunoresearch\",\"https:\/\/www.instagram.com\/suno\",\"https:\/\/www.linkedin.com\/company\/suno-research\/\",\"https:\/\/www.youtube.com\/c\/sunoresearch\"]},{\"@type\":\"Person\",\"@id\":\"https:\/\/www.suno.com.br\/noticias\/#\/schema\/person\/02ec1f752758247878a2bf4abee1aeda\",\"name\":\"Poliana Santos\",\"image\":{\"@type\":\"ImageObject\",\"inLanguage\":\"pt-BR\",\"@id\":\"https:\/\/www.suno.com.br\/noticias\/#\/schema\/person\/image\/\",\"url\":\"https:\/\/secure.gravatar.com\/avatar\/0645bd32f23d87b2130f2b2dff1d3f8d?s=96&r=g\",\"contentUrl\":\"https:\/\/secure.gravatar.com\/avatar\/0645bd32f23d87b2130f2b2dff1d3f8d?s=96&r=g\",\"caption\":\"Poliana Santos\"},\"description\":\"Rep\u00f3rter no Suno Not\u00edcias, com cobertura em mercado financeiro, economia, finan\u00e7as pessoais, renda fixa e varejo. Jornalista formada pela Faculdade C\u00e1sper L\u00edbero e possui passagem na R\u00e1dio Gazeta AM com a produ\u00e7\u00e3o de conte\u00fado sobre economia, pol\u00edtica, sa\u00fade, moda e m\u00fasica. Possui certificado de conclus\u00e3o do curso de An\u00e1lise de Balan\u00e7os pela Funda\u00e7\u00e3o Bradesco, Agenda Brasil pela FAAP, Educa\u00e7\u00e3o Pol\u00edtica por Alexandre Garcia e do Tesouro Direto e Mercado de A\u00e7\u00f5es pela B3.\",\"url\":\"https:\/\/www.suno.com.br\/noticias\/author\/poliana-santos\/\"}]}<\/script>\n<!-- \/ Yoast SEO plugin. -->","yoast_head_json":{"title":"M\u00e9xico e Estados Unidos discutem tarifas nesta segunda","description":"Nesta segunda (3) inicia a discuss\u00e3o \u00e0 respeito da amea\u00e7a de Trump em impor taxas aos produtos do M\u00e9xico. Clique aqui e saiba mais","robots":{"index":"index","follow":"follow","max-snippet":"max-snippet:-1","max-image-preview":"max-image-preview:large","max-video-preview":"max-video-preview:-1"},"canonical":"https:\/\/www.suno.com.br\/noticias\/eua-mexico-governo-mexicano-se-encontrara-com\/","og_locale":"pt_BR","og_type":"article","og_title":"M\u00e9xico e Estados Unidos discutem tarifas nesta segunda","og_description":"Nesta segunda (3) inicia a discuss\u00e3o \u00e0 respeito da amea\u00e7a de Trump em impor taxas aos produtos do M\u00e9xico. Clique aqui e saiba mais","og_url":"https:\/\/www.suno.com.br\/noticias\/eua-mexico-governo-mexicano-se-encontrara-com\/","og_site_name":"Suno Not\u00edcias","article_publisher":"https:\/\/facebook.com\/sunoresearch","og_image":[{"width":4096,"height":2708,"url":"https:\/\/files.sunoresearch.com.br\/n\/uploads\/2019\/05\/2c7afa93-d\u00f3lar.jpg","type":"image\/jpeg"}],"author":"Poliana Santos","twitter_card":"summary_large_image","twitter_creator":"@sunoresearch","twitter_site":"@sunoresearch","twitter_misc":{"Escrito por":"Poliana Santos","Est. tempo de leitura":"2 minutos"},"schema":{"@context":"https:\/\/schema.org","@graph":[{"@type":"NewsArticle","@id":"https:\/\/www.suno.com.br\/noticias\/eua-mexico-governo-mexicano-se-encontrara-com\/#article","isPartOf":{"@id":"https:\/\/www.suno.com.br\/noticias\/eua-mexico-governo-mexicano-se-encontrara-com\/"},"author":{"name":"Poliana Santos","@id":"https:\/\/www.suno.com.br\/noticias\/#\/schema\/person\/02ec1f752758247878a2bf4abee1aeda"},"headline":"M\u00e9xico e Estados Unidos discutem tarifas nesta segunda","datePublished":"2019-06-03T15:14:39+00:00","dateModified":"2019-06-03T17:36:52+00:00","mainEntityOfPage":{"@id":"https:\/\/www.suno.com.br\/noticias\/eua-mexico-governo-mexicano-se-encontrara-com\/"},"wordCount":444,"publisher":{"@id":"https:\/\/www.suno.com.br\/noticias\/#organization"},"image":{"@id":"https:\/\/www.suno.com.br\/noticias\/eua-mexico-governo-mexicano-se-encontrara-com\/#primaryimage"},"thumbnailUrl":"https:\/\/files.sunoresearch.com.br\/n\/uploads\/2019\/05\/2c7afa93-d\u00f3lar-scaled.webp","keywords":["Donald Trump","Estados Unidos (EUA)","M\u00e9xico"],"articleSection":["Internacional"],"inLanguage":"pt-BR"},{"@type":"WebPage","@id":"https:\/\/www.suno.com.br\/noticias\/eua-mexico-governo-mexicano-se-encontrara-com\/","url":"https:\/\/www.suno.com.br\/noticias\/eua-mexico-governo-mexicano-se-encontrara-com\/","name":"M\u00e9xico e Estados Unidos discutem tarifas nesta segunda","isPartOf":{"@id":"https:\/\/www.suno.com.br\/noticias\/#website"},"primaryImageOfPage":{"@id":"https:\/\/www.suno.com.br\/noticias\/eua-mexico-governo-mexicano-se-encontrara-com\/#primaryimage"},"image":{"@id":"https:\/\/www.suno.com.br\/noticias\/eua-mexico-governo-mexicano-se-encontrara-com\/#primaryimage"},"thumbnailUrl":"https:\/\/files.sunoresearch.com.br\/n\/uploads\/2019\/05\/2c7afa93-d\u00f3lar-scaled.webp","datePublished":"2019-06-03T15:14:39+00:00","dateModified":"2019-06-03T17:36:52+00:00","description":"Nesta segunda (3) inicia a discuss\u00e3o \u00e0 respeito da amea\u00e7a de Trump em impor taxas aos produtos do M\u00e9xico. Clique aqui e saiba mais","breadcrumb":{"@id":"https:\/\/www.suno.com.br\/noticias\/eua-mexico-governo-mexicano-se-encontrara-com\/#breadcrumb"},"inLanguage":"pt-BR","potentialAction":[{"@type":"ReadAction","target":["https:\/\/www.suno.com.br\/noticias\/eua-mexico-governo-mexicano-se-encontrara-com\/"]}]},{"@type":"ImageObject","inLanguage":"pt-BR","@id":"https:\/\/www.suno.com.br\/noticias\/eua-mexico-governo-mexicano-se-encontrara-com\/#primaryimage","url":"https:\/\/files.sunoresearch.com.br\/n\/uploads\/2019\/05\/2c7afa93-d\u00f3lar-scaled.webp","contentUrl":"https:\/\/files.sunoresearch.com.br\/n\/uploads\/2019\/05\/2c7afa93-d\u00f3lar-scaled.webp","width":2560,"height":1693,"caption":"M\u00e9xico e Estado Unidos discutem tarifas nesta segunda"},{"@type":"BreadcrumbList","@id":"https:\/\/www.suno.com.br\/noticias\/eua-mexico-governo-mexicano-se-encontrara-com\/#breadcrumb","itemListElement":[{"@type":"ListItem","position":1,"name":"Not\u00edcias","item":"https:\/\/www.suno.com.br\/noticias\/"},{"@type":"ListItem","position":2,"name":"Internacional","item":"https:\/\/www.suno.com.br\/noticias\/internacional\/"},{"@type":"ListItem","position":3,"name":"M\u00e9xico e Estados Unidos discutem tarifas nesta segunda"}]},{"@type":"WebSite","@id":"https:\/\/www.suno.com.br\/noticias\/#website","url":"https:\/\/www.suno.com.br\/noticias\/","name":"Suno Not\u00edcias","description":"Seu portal de informa\u00e7\u00e3o sobre o mundo dos investimentos","publisher":{"@id":"https:\/\/www.suno.com.br\/noticias\/#organization"},"potentialAction":[{"@type":"SearchAction","target":{"@type":"EntryPoint","urlTemplate":"https:\/\/www.suno.com.br\/noticias\/?s={search_term_string}"},"query-input":{"@type":"PropertyValueSpecification","valueRequired":true,"valueName":"search_term_string"}}],"inLanguage":"pt-BR"},{"@type":"Organization","@id":"https:\/\/www.suno.com.br\/noticias\/#organization","name":"Suno Not\u00edcias","url":"https:\/\/www.suno.com.br\/noticias\/","logo":{"@type":"ImageObject","inLanguage":"pt-BR","@id":"https:\/\/www.suno.com.br\/noticias\/#\/schema\/logo\/image\/","url":"https:\/\/files.sunoresearch.com.br\/n\/uploads\/2021\/09\/suno-logo.png","contentUrl":"https:\/\/files.sunoresearch.com.br\/n\/uploads\/2021\/09\/suno-logo.png","width":180,"height":180,"caption":"Suno Not\u00edcias"},"image":{"@id":"https:\/\/www.suno.com.br\/noticias\/#\/schema\/logo\/image\/"},"sameAs":["https:\/\/facebook.com\/sunoresearch","https:\/\/x.com\/sunoresearch","https:\/\/www.instagram.com\/suno","https:\/\/www.linkedin.com\/company\/suno-research\/","https:\/\/www.youtube.com\/c\/sunoresearch"]},{"@type":"Person","@id":"https:\/\/www.suno.com.br\/noticias\/#\/schema\/person\/02ec1f752758247878a2bf4abee1aeda","name":"Poliana Santos","image":{"@type":"ImageObject","inLanguage":"pt-BR","@id":"https:\/\/www.suno.com.br\/noticias\/#\/schema\/person\/image\/","url":"https:\/\/secure.gravatar.com\/avatar\/0645bd32f23d87b2130f2b2dff1d3f8d?s=96&r=g","contentUrl":"https:\/\/secure.gravatar.com\/avatar\/0645bd32f23d87b2130f2b2dff1d3f8d?s=96&r=g","caption":"Poliana Santos"},"description":"Rep\u00f3rter no Suno Not\u00edcias, com cobertura em mercado financeiro, economia, finan\u00e7as pessoais, renda fixa e varejo. Jornalista formada pela Faculdade C\u00e1sper L\u00edbero e possui passagem na R\u00e1dio Gazeta AM com a produ\u00e7\u00e3o de conte\u00fado sobre economia, pol\u00edtica, sa\u00fade, moda e m\u00fasica. Possui certificado de conclus\u00e3o do curso de An\u00e1lise de Balan\u00e7os pela Funda\u00e7\u00e3o Bradesco, Agenda Brasil pela FAAP, Educa\u00e7\u00e3o Pol\u00edtica por Alexandre Garcia e do Tesouro Direto e Mercado de A\u00e7\u00f5es pela B3.","url":"https:\/\/www.suno.com.br\/noticias\/author\/poliana-santos\/"}]}},"default_loop_html":"<div class=\"cardsPage__listCard__boxs\"><div class=\"cardsPage__listCard__boxs__img\"><a href=\"https:\/\/www.suno.com.br\/noticias\/eua-mexico-governo-mexicano-se-encontrara-com\/\"><img class=\"mask\" src=\"https:\/\/www.suno.com.br\/noticias\/wp-content\/themes\/suno\/resources\/images\/spotlight\/spotlight1img\/bg-mask.png\" alt=\"Image Mask\"\/><img src=\"https:\/\/files.sunoresearch.com.br\/n\/uploads\/2019\/05\/2c7afa93-d\u00f3lar-400x200.webp\" alt=\"M\u00e9xico e Estados Unidos discutem tarifas nesta segunda\"\/><\/a><span class=\"spotlightCategory\"><a href=\"https:\/\/www.suno.com.br\/noticias\/internacional\/\">Internacional<\/a><\/span><\/div><div class=\"cardsPage__listCard__boxs__content\"><a href=\"https:\/\/www.suno.com.br\/noticias\/eua-mexico-governo-mexicano-se-encontrara-com\/\"><h2 class=\"content__title\">M\u00e9xico e Estados Unidos discutem tarifas nesta segunda<\/h2><\/a><div class=\"newsContent__article__meta\"><div class=\"newsContent__article__meta__authorBox\"><a href=\"https:\/\/www.suno.com.br\/noticias\/author\/poliana-santos\/\" class=\"authorBox__avatar noMobi\"><img src=\"https:\/\/files.sunoresearch.com.br\/n\/uploads\/2020\/08\/7ef34026-whatsapp-image-2020-08-03-at-12.37.57-150x150.webp\" alt=\"Poliana Santos\"><\/a><div class=\"authorBox__name\"><span>por\n\t\t\t<a href=\"https:\/\/www.suno.com.br\/noticias\/author\/poliana-santos\/\"><span itemprop=\"author\">Poliana Santos<\/span><\/a><\/span><time datetime=\"2019-06-03T12:14:39-03:00\" itemprop=\"datePublished\">03\/06\/2019 12:14<\/time><\/div><\/div><\/div><\/div><\/div>","single_layout":"posts","amp_enabled":true,"_links":{"self":[{"href":"https:\/\/www.suno.com.br\/noticias\/wp-json\/wp\/v2\/posts\/26998"}],"collection":[{"href":"https:\/\/www.suno.com.br\/noticias\/wp-json\/wp\/v2\/posts"}],"about":[{"href":"https:\/\/www.suno.com.br\/noticias\/wp-json\/wp\/v2\/types\/post"}],"author":[{"embeddable":true,"href":"https:\/\/www.suno.com.br\/noticias\/wp-json\/wp\/v2\/users\/15"}],"replies":[{"embeddable":true,"href":"https:\/\/www.suno.com.br\/noticias\/wp-json\/wp\/v2\/comments?post=26998"}],"version-history":[{"count":0,"href":"https:\/\/www.suno.com.br\/noticias\/wp-json\/wp\/v2\/posts\/26998\/revisions"}],"wp:featuredmedia":[{"embeddable":true,"href":"https:\/\/www.suno.com.br\/noticias\/wp-json\/wp\/v2\/media\/26713"}],"wp:attachment":[{"href":"https:\/\/www.suno.com.br\/noticias\/wp-json\/wp\/v2\/media?parent=26998"}],"wp:term":[{"taxonomy":"category","embeddable":true,"href":"https:\/\/www.suno.com.br\/noticias\/wp-json\/wp\/v2\/categories?post=26998"},{"taxonomy":"post_tag","embeddable":true,"href":"https:\/\/www.suno.com.br\/noticias\/wp-json\/wp\/v2\/tags?post=26998"},{"taxonomy":"suno_strategy","embeddable":true,"href":"https:\/\/www.suno.com.br\/noticias\/wp-json\/wp\/v2\/suno_strategy?post=26998"}],"curies":[{"name":"wp","href":"https:\/\/api.w.org\/{rel}","templated":true}]}}