{"id":269909,"date":"2022-06-22T17:45:00","date_gmt":"2022-06-22T20:45:00","guid":{"rendered":"https:\/\/www.suno.com.br\/noticias\/?p=269909"},"modified":"2022-06-22T18:38:42","modified_gmt":"2022-06-22T21:38:42","slug":"fii-btra11-ativo-representante-recuperacao-judicial","status":"publish","type":"post","link":"https:\/\/www.suno.com.br\/noticias\/fii-btra11-ativo-representante-recuperacao-judicial\/","title":{"rendered":"Fazenda do FII BTRA11 pede recupera\u00e7\u00e3o judicial; cotas despencam 16,49%"},"content":{"rendered":"<p>Os arrendat\u00e1rios da Fazenda Vianmancel, que faz parte do <strong>Fundo Imobili\u00e1rio BTG Pactual Terras Agr\u00edcolas<\/strong> (<strong><a class=\"suno-keyword\" href=\"https:\/\/www.suno.com.br\/fundos-imobiliarios\/btra11\/\" target=\"_blank\" rel=\"noopener\" data-force=\"yes\" data-priority=\"2\">BTRA11<\/a><\/strong>), est\u00e3o pedindo recupera\u00e7\u00e3o judicial. O ativo, de R$ 81 milh\u00f5es, representa aproximadamente 24% do patrim\u00f4nio de R$ 342,2 milh\u00f5es do<strong>\u00a0FII BTRA11<\/strong>. A informa\u00e7\u00e3o foi publicada primeiro pelo BP Money.<\/p>\t<div class=\"wrapper-featured-image\">\n\t\t<figure class=\"spotlightImg\">\n\n\t\t\t<picture>\n\t\t\t\t<source media=\"(max-width: 768px)\" srcset=\"https:\/\/files.sunoresearch.com.br\/n\/uploads\/2021\/10\/Btgpactual_101521_1-400x200.jpg\">\n\t\t\t\t<img loading=\"lazy\" decoding=\"async\" class=\"newsContent__article__imgCapa lazyloadDisabled \" src=\"https:\/\/files.sunoresearch.com.br\/n\/uploads\/2021\/10\/Btgpactual_101521_1-800x450.jpg\" width=\"800\" height=\"450\" alt=\"Fazenda do FII BTRA11 pede recupera\u00e7\u00e3o judicial; cotas despencam 16,49%\" fetchpriority=high \/>\n\t\t\t<\/picture>\n\n\t\t\t<figcaption class=\"wp-caption-text wp-caption-text--show\">BTG Pactual (BPAC11) - . Foto: Divulga\u00e7\u00e3o<\/figcaption>\n\t\t<\/figure>\n\t<\/div>\n\n\n\t<p>\n\t\t<a href=\"\" target=\"_blank\" data-element=\"shortcode-suno-banner\" title=\"Banner SUNO, clique e saiba mais\">\n\t\t\t<picture>\n\t\t\t\t<source media=\"(max-width: 500px)\" srcset=\"\">\n\t\t\t\t<img class=\"newsContent__article__imgCapa newsContent__article__imgCapa--banner\"\n\t\t\t\t\tsrc=\"\"\n\t\t\t\t\tdata-promo-id=\"77050\"\t\t\t\t\t\t\t\t\t\t\t\t\t\t\talt=\"\"\n\t\t\t\t>\n\t\t\t<\/picture>\n\t\t<\/a>\n\t<\/p>\n\n\n<p>Nesta quarta-feira (22), o BTRA11 afundou 16,49%, cotado a R$ 84,92. Na abertura do dia, o valor era de R$ 101,69.<\/p>\n<p>O <a class=\"suno-keyword\" href=\"https:\/\/www.suno.com.br\/acoes\/BPAC11\/\" target=\"_blank\" rel=\"noopener\" data-force=\"yes\" data-priority=\"2\">BTG Pactual (BPAC11)<\/a> celebrou um compromisso de compra e venda com Milton Paulo Cella, dono anterior da <strong>Fazenda Vianmancel<\/strong>, para a aquisi\u00e7\u00e3o do ativo em agosto de 2021. No total, a transa\u00e7\u00e3o adicionaria mensalmente R$ 0,22 por cota nos dividendos dos cotistas, na \u00e9poca do neg\u00f3cio.<\/p>\n<p>Ap\u00f3s o fechamento do mercado nesta quarta (22), o fundo divulgou um fato relevante reconhecendo o pedido de recupera\u00e7\u00e3o judicial realizado pelos arrendat\u00e1rios, mas que n\u00e3o detinha os autos do processo, j\u00e1 que a a\u00e7\u00e3o corre em sigilo. O BTG tamb\u00e9m informou que h\u00e1 outras a\u00e7\u00f5es judiciais movidas por um credor de Cella, que questiona a opera\u00e7\u00e3o entre o fundo e o antigo propriet\u00e1rio. Em nota, a gestora afirma:<\/p>\n<blockquote><p>&#8220;A despeito de ainda n\u00e3o haver qualquer decis\u00e3o definitiva a respeito do m\u00e9rito, decis\u00e3o liminar reconhece que os Im\u00f3veis s\u00e3o de propriedade do Fundo em decorr\u00eancia de neg\u00f3cio existente e perfeitamente v\u00e1lido.&#8221;<\/p><\/blockquote>\n<p>Localizada em Nova Maring\u00e1, no Mato Grosso, a fazenda possui \u00e1rea total de aproximadamente 3.148 hectares e produz, majoritariamente de milho e soja. O fundo destaca ainda que, segundo o Instituto Mato-Grossense de Economia Agropecu\u00e1ria (IMEA), a regi\u00e3o liderava os rankings nacionais em produ\u00e7\u00e3o de soja, milho, algod\u00e3o dentre outros, no per\u00edodo da aquisi\u00e7\u00e3o.<\/p>\n\t<p>\n\t\t<a href=\"https:\/\/lp.suno.com.br\/planilha-controle-gastos\/\" target=\"_blank\" data-element=\"shortcode-suno-banner\" title=\"Banner SUNO, clique e saiba mais\">\n\t\t\t<picture>\n\t\t\t\t<source media=\"(max-width: 500px)\" srcset=\"https:\/\/files.sunoresearch.com.br\/n\/uploads\/2023\/03\/400x300-Planilha-controle-de-gastos.png\">\n\t\t\t\t<img class=\"newsContent__article__imgCapa newsContent__article__imgCapa--banner\"\n\t\t\t\t\tsrc=\"https:\/\/files.sunoresearch.com.br\/n\/uploads\/2023\/03\/1420x240-Planilha-controle-de-gastos.png\"\n\t\t\t\t\tdata-promo-id=\"101751\"\t\t\t\t\t\t\t\t\t\twidth='1420' height='240'\t\t\t\t\talt=\"https:\/\/files.sunoresearch.com.br\/n\/uploads\/2023\/03\/1420x240-Planilha-controle-de-gastos.png\"\n\t\t\t\t>\n\t\t\t<\/picture>\n\t\t<\/a>\n\t<\/p>\n\n\n<p>De acordo com <a class=\"suno-keyword\" href=\"https:\/\/www.suno.com.br\/artigos\/fato-relevante\/\" target=\"_blank\" rel=\"noopener\" data-force=\"no\" data-priority=\"1\">fato relevante<\/a> enviado pelo BTG Pactual no per\u00edodo, o objetivo \u00e9 &#8220;a aquisi\u00e7\u00e3o de terras agr\u00edcolas produtivas (rurais e urbanas) e em fase de transforma\u00e7\u00e3o (oportunisticamente) localizadas nas principais regi\u00f5es do territ\u00f3rio brasileiro&#8221;.<\/p>\n<p>No documento judicial, a solicita\u00e7\u00e3o foi feita por Milton Paulo Cella, Roseli Am\u00e1lia Zuchelli Cella e Vitor Augusto Cella, e o texto aponta um passivo de R$ 327,6 milh\u00f5es.<\/p>\n<p>\u201cRequerem, inicialmente, o diferimento das custas processuais, ao argumento de que, tomando-se por base o valor da causa, o total das custas de distribui\u00e7\u00e3o perfaz a quantia de R$ 87.895,00, e que n\u00e3o possuem condi\u00e7\u00f5es, &#8216;neste momento, de pagar integralmente o valor (&#8230;) sem prejudicar diretamente seu <a class=\"suno-keyword\" href=\"https:\/\/www.suno.com.br\/artigos\/fluxo-de-caixa\/\" target=\"_blank\" rel=\"noopener\" data-force=\"no\" data-priority=\"2\">fluxo de caixa&#8217;<\/a>. Alternativamente, pugnam pelo parcelamento, como previsto pelo C\u00f3digo de Processo Civil&#8221;, diz trecho.<\/p>\n<p>Entretanto, outro documento judicial divulgado publicamente indica que haveria problemas socioambientais no ativo. Mas, em nota sobre a celebra\u00e7\u00e3o do contrato, o BTG aponta que, ap\u00f3s avalia\u00e7\u00e3o de especialistas em ESG, conseguiu identificar riscos.<\/p>\n\t<p>\n\t\t<a href=\"https:\/\/lp.suno.com.br\/planilha-da-vida-financeira\/\" target=\"_blank\" data-element=\"shortcode-suno-banner\" title=\"Banner SUNO, clique e saiba mais\">\n\t\t\t<picture>\n\t\t\t\t<source media=\"(max-width: 500px)\" srcset=\"https:\/\/files.sunoresearch.com.br\/n\/uploads\/2023\/04\/400x300-Planilha-vida-financeira-true.png\">\n\t\t\t\t<img class=\"newsContent__article__imgCapa newsContent__article__imgCapa--banner\"\n\t\t\t\t\tsrc=\"https:\/\/files.sunoresearch.com.br\/n\/uploads\/2023\/04\/1420x240-Planilha-vida-financeira-true.png\"\n\t\t\t\t\tdata-promo-id=\"106682\"\t\t\t\t\t\t\t\t\t\twidth='1420' height='240'\t\t\t\t\talt=\"https:\/\/files.sunoresearch.com.br\/n\/uploads\/2023\/04\/1420x240-Planilha-vida-financeira-true.png\"\n\t\t\t\t>\n\t\t\t<\/picture>\n\t\t<\/a>\n\t<\/p>\n\n\n<p>\u201cAp\u00f3s vasta an\u00e1lise, al\u00e9m dos diferenciais positivos identificados no Im\u00f3vel, a Gest\u00e3o verificou tamb\u00e9m passivos socioambientais no ativo; assim, a adequa\u00e7\u00e3o de todos os pontos que n\u00e3o obedeciam aos par\u00e2metros exigidos pelo Fundo foram direcionados em contrato como condi\u00e7\u00f5es obrigat\u00f3rias (indispens\u00e1veis) para a realiza\u00e7\u00e3o da opera\u00e7\u00e3o, refor\u00e7ando o vi\u00e9s ESG do Fundo&#8221;, diz o texto.<\/p>\n<p>Na nota divulgada ao mercado em 2021, a gestora afirma que foi acordado, com Milton Cella, antigo propriet\u00e1rio, a ocupa\u00e7\u00e3o do im\u00f3vel pelo per\u00edodo de 10 anos, com valor de R$ 741.500 mensais. Por fim, o relat\u00f3rio mais recente divulgado pelo <strong>BTRA11<\/strong> afirma que possui cerca de 14 mil investidores.<\/p>\n\t<p>\n\t\t<a href=\"https:\/\/lp.suno.com.br\/ebook-como-analisar-uma-acao\/\" target=\"_blank\" data-element=\"shortcode-suno-banner\" title=\"Banner SUNO, clique e saiba mais\">\n\t\t\t<picture>\n\t\t\t\t<source media=\"(max-width: 500px)\" srcset=\"https:\/\/files.sunoresearch.com.br\/n\/uploads\/2023\/03\/Ebook-Acoes-Mobile-1.jpg\">\n\t\t\t\t<img class=\"newsContent__article__imgCapa newsContent__article__imgCapa--banner\"\n\t\t\t\t\tsrc=\"https:\/\/files.sunoresearch.com.br\/n\/uploads\/2023\/03\/Ebook-Acoes-Desktop-1.jpg\"\n\t\t\t\t\tdata-promo-id=\"171998\"\t\t\t\t\t\t\t\t\t\twidth='1420' height='286'\t\t\t\t\talt=\"https:\/\/files.sunoresearch.com.br\/n\/uploads\/2023\/03\/Ebook-Acoes-Desktop-1.jpg\"\n\t\t\t\t>\n\t\t\t<\/picture>\n\t\t<\/a>\n\t<\/p>\n\n\n","protected":false},"excerpt":{"rendered":"<p>Os arrendat\u00e1rios da Fazenda Vianmancel, que faz parte do Fundo Imobili\u00e1rio BTG Pactual Terras Agr\u00edcolas (BTRA11), est\u00e3o pedindo recupera\u00e7\u00e3o judicial. O ativo, de R$ 81 milh\u00f5es, representa aproximadamente 24% do patrim\u00f4nio de R$ 342,2 milh\u00f5es do\u00a0FII BTRA11. A informa\u00e7\u00e3o foi publicada primeiro pelo BP Money. BTG Pactual (BPAC11) &#8211; . Foto: Divulga\u00e7\u00e3o Nesta quarta-feira (22), [&hellip;]<\/p>\n","protected":false},"author":146,"featured_media":195576,"comment_status":"closed","ping_status":"closed","sticky":false,"template":"","format":"standard","meta":[],"categories":[66],"tags":[],"suno_strategy":[],"class_list":["post-269909","post","type-post","status-publish","format-standard","has-post-thumbnail","hentry","category-fiis"],"yoast_head":"<!-- This site is optimized with the Yoast SEO plugin v24.4 - https:\/\/yoast.com\/wordpress\/plugins\/seo\/ -->\n<title>Fazenda do BTRA11 pede recupera\u00e7\u00e3o judicial; cotas despencam 16,49%<\/title>\n<meta name=\"description\" content=\"Ativo do FII BTRA11, administrado pelo BTG Pactual (BPAC11), est\u00e1 pedindo recupera\u00e7\u00e3o judicial. Entenda mais sobre o caso.\" \/>\n<meta name=\"robots\" content=\"index, follow, max-snippet:-1, max-image-preview:large, max-video-preview:-1\" \/>\n<link rel=\"canonical\" href=\"https:\/\/www.suno.com.br\/noticias\/fii-btra11-ativo-representante-recuperacao-judicial\/\" \/>\n<meta property=\"og:locale\" content=\"pt_BR\" \/>\n<meta property=\"og:type\" content=\"article\" \/>\n<meta property=\"og:title\" content=\"Fazenda do BTRA11 pede recupera\u00e7\u00e3o judicial; cotas despencam 16,49%\" \/>\n<meta property=\"og:description\" content=\"Ativo do FII BTRA11, administrado pelo BTG Pactual (BPAC11), est\u00e1 pedindo recupera\u00e7\u00e3o judicial. Entenda mais sobre o caso.\" \/>\n<meta property=\"og:url\" content=\"https:\/\/www.suno.com.br\/noticias\/fii-btra11-ativo-representante-recuperacao-judicial\/\" \/>\n<meta property=\"og:site_name\" content=\"Suno Not\u00edcias\" \/>\n<meta property=\"article:publisher\" content=\"https:\/\/facebook.com\/sunoresearch\" \/>\n<meta property=\"og:image\" content=\"https:\/\/files.sunoresearch.com.br\/n\/uploads\/2021\/10\/Btgpactual_101521_1-scaled.jpg\" \/>\n\t<meta property=\"og:image:width\" content=\"2560\" \/>\n\t<meta property=\"og:image:height\" content=\"1597\" \/>\n\t<meta property=\"og:image:type\" content=\"image\/jpeg\" \/>\n<meta name=\"author\" content=\"Vict\u00f3ria Anhesini\" \/>\n<meta name=\"twitter:card\" content=\"summary_large_image\" \/>\n<meta name=\"twitter:creator\" content=\"@sunoresearch\" \/>\n<meta name=\"twitter:site\" content=\"@sunoresearch\" \/>\n<meta name=\"twitter:label1\" content=\"Escrito por\" \/>\n\t<meta name=\"twitter:data1\" content=\"Vict\u00f3ria Anhesini\" \/>\n\t<meta name=\"twitter:label2\" content=\"Est. tempo de leitura\" \/>\n\t<meta name=\"twitter:data2\" content=\"3 minutos\" \/>\n<script type=\"application\/ld+json\" class=\"yoast-schema-graph\">{\"@context\":\"https:\/\/schema.org\",\"@graph\":[{\"@type\":\"NewsArticle\",\"@id\":\"https:\/\/www.suno.com.br\/noticias\/fii-btra11-ativo-representante-recuperacao-judicial\/#article\",\"isPartOf\":{\"@id\":\"https:\/\/www.suno.com.br\/noticias\/fii-btra11-ativo-representante-recuperacao-judicial\/\"},\"author\":{\"name\":\"Vict\u00f3ria Anhesini\",\"@id\":\"https:\/\/www.suno.com.br\/noticias\/#\/schema\/person\/46d847cb19ad53fde0857adca989c23f\"},\"headline\":\"Fazenda do FII BTRA11 pede recupera\u00e7\u00e3o judicial; cotas despencam 16,49%\",\"datePublished\":\"2022-06-22T20:45:00+00:00\",\"dateModified\":\"2022-06-22T21:38:42+00:00\",\"mainEntityOfPage\":{\"@id\":\"https:\/\/www.suno.com.br\/noticias\/fii-btra11-ativo-representante-recuperacao-judicial\/\"},\"wordCount\":612,\"publisher\":{\"@id\":\"https:\/\/www.suno.com.br\/noticias\/#organization\"},\"image\":{\"@id\":\"https:\/\/www.suno.com.br\/noticias\/fii-btra11-ativo-representante-recuperacao-judicial\/#primaryimage\"},\"thumbnailUrl\":\"https:\/\/files.sunoresearch.com.br\/n\/uploads\/2021\/10\/Btgpactual_101521_1-scaled.jpg\",\"articleSection\":[\"FIIs\"],\"inLanguage\":\"pt-BR\"},{\"@type\":\"WebPage\",\"@id\":\"https:\/\/www.suno.com.br\/noticias\/fii-btra11-ativo-representante-recuperacao-judicial\/\",\"url\":\"https:\/\/www.suno.com.br\/noticias\/fii-btra11-ativo-representante-recuperacao-judicial\/\",\"name\":\"Fazenda do BTRA11 pede recupera\u00e7\u00e3o judicial; cotas despencam 16,49%\",\"isPartOf\":{\"@id\":\"https:\/\/www.suno.com.br\/noticias\/#website\"},\"primaryImageOfPage\":{\"@id\":\"https:\/\/www.suno.com.br\/noticias\/fii-btra11-ativo-representante-recuperacao-judicial\/#primaryimage\"},\"image\":{\"@id\":\"https:\/\/www.suno.com.br\/noticias\/fii-btra11-ativo-representante-recuperacao-judicial\/#primaryimage\"},\"thumbnailUrl\":\"https:\/\/files.sunoresearch.com.br\/n\/uploads\/2021\/10\/Btgpactual_101521_1-scaled.jpg\",\"datePublished\":\"2022-06-22T20:45:00+00:00\",\"dateModified\":\"2022-06-22T21:38:42+00:00\",\"description\":\"Ativo do FII BTRA11, administrado pelo BTG Pactual (BPAC11), est\u00e1 pedindo recupera\u00e7\u00e3o judicial. Entenda mais sobre o caso.\",\"breadcrumb\":{\"@id\":\"https:\/\/www.suno.com.br\/noticias\/fii-btra11-ativo-representante-recuperacao-judicial\/#breadcrumb\"},\"inLanguage\":\"pt-BR\",\"potentialAction\":[{\"@type\":\"ReadAction\",\"target\":[\"https:\/\/www.suno.com.br\/noticias\/fii-btra11-ativo-representante-recuperacao-judicial\/\"]}]},{\"@type\":\"ImageObject\",\"inLanguage\":\"pt-BR\",\"@id\":\"https:\/\/www.suno.com.br\/noticias\/fii-btra11-ativo-representante-recuperacao-judicial\/#primaryimage\",\"url\":\"https:\/\/files.sunoresearch.com.br\/n\/uploads\/2021\/10\/Btgpactual_101521_1-scaled.jpg\",\"contentUrl\":\"https:\/\/files.sunoresearch.com.br\/n\/uploads\/2021\/10\/Btgpactual_101521_1-scaled.jpg\",\"width\":2560,\"height\":1597,\"caption\":\"BTG Pactual (BPAC11) - . Foto: Divulga\u00e7\u00e3o\"},{\"@type\":\"BreadcrumbList\",\"@id\":\"https:\/\/www.suno.com.br\/noticias\/fii-btra11-ativo-representante-recuperacao-judicial\/#breadcrumb\",\"itemListElement\":[{\"@type\":\"ListItem\",\"position\":1,\"name\":\"Not\u00edcias\",\"item\":\"https:\/\/www.suno.com.br\/noticias\/\"},{\"@type\":\"ListItem\",\"position\":2,\"name\":\"FIIs\",\"item\":\"https:\/\/www.suno.com.br\/noticias\/fiis\/\"},{\"@type\":\"ListItem\",\"position\":3,\"name\":\"Fazenda do FII BTRA11 pede recupera\u00e7\u00e3o judicial; cotas despencam 16,49%\"}]},{\"@type\":\"WebSite\",\"@id\":\"https:\/\/www.suno.com.br\/noticias\/#website\",\"url\":\"https:\/\/www.suno.com.br\/noticias\/\",\"name\":\"Suno Not\u00edcias\",\"description\":\"Seu portal de informa\u00e7\u00e3o sobre o mundo dos investimentos\",\"publisher\":{\"@id\":\"https:\/\/www.suno.com.br\/noticias\/#organization\"},\"potentialAction\":[{\"@type\":\"SearchAction\",\"target\":{\"@type\":\"EntryPoint\",\"urlTemplate\":\"https:\/\/www.suno.com.br\/noticias\/?s={search_term_string}\"},\"query-input\":{\"@type\":\"PropertyValueSpecification\",\"valueRequired\":true,\"valueName\":\"search_term_string\"}}],\"inLanguage\":\"pt-BR\"},{\"@type\":\"Organization\",\"@id\":\"https:\/\/www.suno.com.br\/noticias\/#organization\",\"name\":\"Suno Not\u00edcias\",\"url\":\"https:\/\/www.suno.com.br\/noticias\/\",\"logo\":{\"@type\":\"ImageObject\",\"inLanguage\":\"pt-BR\",\"@id\":\"https:\/\/www.suno.com.br\/noticias\/#\/schema\/logo\/image\/\",\"url\":\"https:\/\/files.sunoresearch.com.br\/n\/uploads\/2021\/09\/suno-logo.png\",\"contentUrl\":\"https:\/\/files.sunoresearch.com.br\/n\/uploads\/2021\/09\/suno-logo.png\",\"width\":180,\"height\":180,\"caption\":\"Suno Not\u00edcias\"},\"image\":{\"@id\":\"https:\/\/www.suno.com.br\/noticias\/#\/schema\/logo\/image\/\"},\"sameAs\":[\"https:\/\/facebook.com\/sunoresearch\",\"https:\/\/x.com\/sunoresearch\",\"https:\/\/www.instagram.com\/suno\",\"https:\/\/www.linkedin.com\/company\/suno-research\/\",\"https:\/\/www.youtube.com\/c\/sunoresearch\"]},{\"@type\":\"Person\",\"@id\":\"https:\/\/www.suno.com.br\/noticias\/#\/schema\/person\/46d847cb19ad53fde0857adca989c23f\",\"name\":\"Vict\u00f3ria Anhesini\",\"image\":{\"@type\":\"ImageObject\",\"inLanguage\":\"pt-BR\",\"@id\":\"https:\/\/www.suno.com.br\/noticias\/#\/schema\/person\/image\/\",\"url\":\"https:\/\/secure.gravatar.com\/avatar\/0172bdfcd9129dd9dd68794804304e6e?s=96&r=g\",\"contentUrl\":\"https:\/\/secure.gravatar.com\/avatar\/0172bdfcd9129dd9dd68794804304e6e?s=96&r=g\",\"caption\":\"Vict\u00f3ria Anhesini\"},\"description\":\"Rep\u00f3rter no Suno Not\u00edcias, cobre mercados, neg\u00f3cios e economia, escrevendo majoritariamente sobre movimentos das empresas, cobertura de balan\u00e7os trimestrais e Bolsa de Valores. Formada em jornalismo pela Universidade Presbiteriana Mackenzie em 2019, passou pelo portal de economia e finan\u00e7as EuQueroInvestir como rep\u00f3rter e anteriormente, trabalhou na assessoria de imprensa PinePR, onde liderou com startups de inova\u00e7\u00e3o, tecnologia e finan\u00e7as. Em seu tempo livre, fala sobre m\u00fasica para ambos os sites do selo ForMusic, Wikimetal e Mad Sound, e faz trabalho volunt\u00e1rio no programa Escreve Cartas do Poupatempo.\",\"sameAs\":[\"https:\/\/www.linkedin.com\/in\/victoria-anhesini\/\"],\"url\":\"https:\/\/www.suno.com.br\/noticias\/author\/victoria\/\"}]}<\/script>\n<!-- \/ Yoast SEO plugin. -->","yoast_head_json":{"title":"Fazenda do BTRA11 pede recupera\u00e7\u00e3o judicial; cotas despencam 16,49%","description":"Ativo do FII BTRA11, administrado pelo BTG Pactual (BPAC11), est\u00e1 pedindo recupera\u00e7\u00e3o judicial. Entenda mais sobre o caso.","robots":{"index":"index","follow":"follow","max-snippet":"max-snippet:-1","max-image-preview":"max-image-preview:large","max-video-preview":"max-video-preview:-1"},"canonical":"https:\/\/www.suno.com.br\/noticias\/fii-btra11-ativo-representante-recuperacao-judicial\/","og_locale":"pt_BR","og_type":"article","og_title":"Fazenda do BTRA11 pede recupera\u00e7\u00e3o judicial; cotas despencam 16,49%","og_description":"Ativo do FII BTRA11, administrado pelo BTG Pactual (BPAC11), est\u00e1 pedindo recupera\u00e7\u00e3o judicial. Entenda mais sobre o caso.","og_url":"https:\/\/www.suno.com.br\/noticias\/fii-btra11-ativo-representante-recuperacao-judicial\/","og_site_name":"Suno Not\u00edcias","article_publisher":"https:\/\/facebook.com\/sunoresearch","og_image":[{"width":2560,"height":1597,"url":"https:\/\/files.sunoresearch.com.br\/n\/uploads\/2021\/10\/Btgpactual_101521_1-scaled.jpg","type":"image\/jpeg"}],"author":"Vict\u00f3ria Anhesini","twitter_card":"summary_large_image","twitter_creator":"@sunoresearch","twitter_site":"@sunoresearch","twitter_misc":{"Escrito por":"Vict\u00f3ria Anhesini","Est. tempo de leitura":"3 minutos"},"schema":{"@context":"https:\/\/schema.org","@graph":[{"@type":"NewsArticle","@id":"https:\/\/www.suno.com.br\/noticias\/fii-btra11-ativo-representante-recuperacao-judicial\/#article","isPartOf":{"@id":"https:\/\/www.suno.com.br\/noticias\/fii-btra11-ativo-representante-recuperacao-judicial\/"},"author":{"name":"Vict\u00f3ria Anhesini","@id":"https:\/\/www.suno.com.br\/noticias\/#\/schema\/person\/46d847cb19ad53fde0857adca989c23f"},"headline":"Fazenda do FII BTRA11 pede recupera\u00e7\u00e3o judicial; cotas despencam 16,49%","datePublished":"2022-06-22T20:45:00+00:00","dateModified":"2022-06-22T21:38:42+00:00","mainEntityOfPage":{"@id":"https:\/\/www.suno.com.br\/noticias\/fii-btra11-ativo-representante-recuperacao-judicial\/"},"wordCount":612,"publisher":{"@id":"https:\/\/www.suno.com.br\/noticias\/#organization"},"image":{"@id":"https:\/\/www.suno.com.br\/noticias\/fii-btra11-ativo-representante-recuperacao-judicial\/#primaryimage"},"thumbnailUrl":"https:\/\/files.sunoresearch.com.br\/n\/uploads\/2021\/10\/Btgpactual_101521_1-scaled.jpg","articleSection":["FIIs"],"inLanguage":"pt-BR"},{"@type":"WebPage","@id":"https:\/\/www.suno.com.br\/noticias\/fii-btra11-ativo-representante-recuperacao-judicial\/","url":"https:\/\/www.suno.com.br\/noticias\/fii-btra11-ativo-representante-recuperacao-judicial\/","name":"Fazenda do BTRA11 pede recupera\u00e7\u00e3o judicial; cotas despencam 16,49%","isPartOf":{"@id":"https:\/\/www.suno.com.br\/noticias\/#website"},"primaryImageOfPage":{"@id":"https:\/\/www.suno.com.br\/noticias\/fii-btra11-ativo-representante-recuperacao-judicial\/#primaryimage"},"image":{"@id":"https:\/\/www.suno.com.br\/noticias\/fii-btra11-ativo-representante-recuperacao-judicial\/#primaryimage"},"thumbnailUrl":"https:\/\/files.sunoresearch.com.br\/n\/uploads\/2021\/10\/Btgpactual_101521_1-scaled.jpg","datePublished":"2022-06-22T20:45:00+00:00","dateModified":"2022-06-22T21:38:42+00:00","description":"Ativo do FII BTRA11, administrado pelo BTG Pactual (BPAC11), est\u00e1 pedindo recupera\u00e7\u00e3o judicial. Entenda mais sobre o caso.","breadcrumb":{"@id":"https:\/\/www.suno.com.br\/noticias\/fii-btra11-ativo-representante-recuperacao-judicial\/#breadcrumb"},"inLanguage":"pt-BR","potentialAction":[{"@type":"ReadAction","target":["https:\/\/www.suno.com.br\/noticias\/fii-btra11-ativo-representante-recuperacao-judicial\/"]}]},{"@type":"ImageObject","inLanguage":"pt-BR","@id":"https:\/\/www.suno.com.br\/noticias\/fii-btra11-ativo-representante-recuperacao-judicial\/#primaryimage","url":"https:\/\/files.sunoresearch.com.br\/n\/uploads\/2021\/10\/Btgpactual_101521_1-scaled.jpg","contentUrl":"https:\/\/files.sunoresearch.com.br\/n\/uploads\/2021\/10\/Btgpactual_101521_1-scaled.jpg","width":2560,"height":1597,"caption":"BTG Pactual (BPAC11) - . Foto: Divulga\u00e7\u00e3o"},{"@type":"BreadcrumbList","@id":"https:\/\/www.suno.com.br\/noticias\/fii-btra11-ativo-representante-recuperacao-judicial\/#breadcrumb","itemListElement":[{"@type":"ListItem","position":1,"name":"Not\u00edcias","item":"https:\/\/www.suno.com.br\/noticias\/"},{"@type":"ListItem","position":2,"name":"FIIs","item":"https:\/\/www.suno.com.br\/noticias\/fiis\/"},{"@type":"ListItem","position":3,"name":"Fazenda do FII BTRA11 pede recupera\u00e7\u00e3o judicial; cotas despencam 16,49%"}]},{"@type":"WebSite","@id":"https:\/\/www.suno.com.br\/noticias\/#website","url":"https:\/\/www.suno.com.br\/noticias\/","name":"Suno Not\u00edcias","description":"Seu portal de informa\u00e7\u00e3o sobre o mundo dos investimentos","publisher":{"@id":"https:\/\/www.suno.com.br\/noticias\/#organization"},"potentialAction":[{"@type":"SearchAction","target":{"@type":"EntryPoint","urlTemplate":"https:\/\/www.suno.com.br\/noticias\/?s={search_term_string}"},"query-input":{"@type":"PropertyValueSpecification","valueRequired":true,"valueName":"search_term_string"}}],"inLanguage":"pt-BR"},{"@type":"Organization","@id":"https:\/\/www.suno.com.br\/noticias\/#organization","name":"Suno Not\u00edcias","url":"https:\/\/www.suno.com.br\/noticias\/","logo":{"@type":"ImageObject","inLanguage":"pt-BR","@id":"https:\/\/www.suno.com.br\/noticias\/#\/schema\/logo\/image\/","url":"https:\/\/files.sunoresearch.com.br\/n\/uploads\/2021\/09\/suno-logo.png","contentUrl":"https:\/\/files.sunoresearch.com.br\/n\/uploads\/2021\/09\/suno-logo.png","width":180,"height":180,"caption":"Suno Not\u00edcias"},"image":{"@id":"https:\/\/www.suno.com.br\/noticias\/#\/schema\/logo\/image\/"},"sameAs":["https:\/\/facebook.com\/sunoresearch","https:\/\/x.com\/sunoresearch","https:\/\/www.instagram.com\/suno","https:\/\/www.linkedin.com\/company\/suno-research\/","https:\/\/www.youtube.com\/c\/sunoresearch"]},{"@type":"Person","@id":"https:\/\/www.suno.com.br\/noticias\/#\/schema\/person\/46d847cb19ad53fde0857adca989c23f","name":"Vict\u00f3ria Anhesini","image":{"@type":"ImageObject","inLanguage":"pt-BR","@id":"https:\/\/www.suno.com.br\/noticias\/#\/schema\/person\/image\/","url":"https:\/\/secure.gravatar.com\/avatar\/0172bdfcd9129dd9dd68794804304e6e?s=96&r=g","contentUrl":"https:\/\/secure.gravatar.com\/avatar\/0172bdfcd9129dd9dd68794804304e6e?s=96&r=g","caption":"Vict\u00f3ria Anhesini"},"description":"Rep\u00f3rter no Suno Not\u00edcias, cobre mercados, neg\u00f3cios e economia, escrevendo majoritariamente sobre movimentos das empresas, cobertura de balan\u00e7os trimestrais e Bolsa de Valores. Formada em jornalismo pela Universidade Presbiteriana Mackenzie em 2019, passou pelo portal de economia e finan\u00e7as EuQueroInvestir como rep\u00f3rter e anteriormente, trabalhou na assessoria de imprensa PinePR, onde liderou com startups de inova\u00e7\u00e3o, tecnologia e finan\u00e7as. Em seu tempo livre, fala sobre m\u00fasica para ambos os sites do selo ForMusic, Wikimetal e Mad Sound, e faz trabalho volunt\u00e1rio no programa Escreve Cartas do Poupatempo.","sameAs":["https:\/\/www.linkedin.com\/in\/victoria-anhesini\/"],"url":"https:\/\/www.suno.com.br\/noticias\/author\/victoria\/"}]}},"default_loop_html":"<div class=\"cardsPage__listCard__boxs\"><div class=\"cardsPage__listCard__boxs__img\"><a href=\"https:\/\/www.suno.com.br\/noticias\/fii-btra11-ativo-representante-recuperacao-judicial\/\"><img class=\"mask\" src=\"https:\/\/www.suno.com.br\/noticias\/wp-content\/themes\/suno\/resources\/images\/spotlight\/spotlight1img\/bg-mask.png\" alt=\"Image Mask\"\/><img src=\"https:\/\/files.sunoresearch.com.br\/n\/uploads\/2021\/10\/Btgpactual_101521_1-400x200.jpg\" alt=\"Fazenda do FII BTRA11 pede recupera\u00e7\u00e3o judicial; cotas despencam 16,49%\"\/><\/a><span class=\"spotlightCategory\"><a href=\"https:\/\/www.suno.com.br\/noticias\/fiis\/\">FIIs<\/a><\/span><\/div><div class=\"cardsPage__listCard__boxs__content\"><a href=\"https:\/\/www.suno.com.br\/noticias\/fii-btra11-ativo-representante-recuperacao-judicial\/\"><h2 class=\"content__title\">Fazenda do FII BTRA11 pede recupera\u00e7\u00e3o judicial; cotas despencam 16,49%<\/h2><\/a><div class=\"newsContent__article__meta\"><div class=\"newsContent__article__meta__authorBox\"><a href=\"https:\/\/www.suno.com.br\/noticias\/author\/victoria\/\" class=\"authorBox__avatar noMobi\"><img src=\"https:\/\/files.sunoresearch.com.br\/n\/uploads\/2021\/12\/20190129VickyPINEAPPLE01-1-150x150.jpg\" alt=\"Vict\u00f3ria Anhesini\"><\/a><div class=\"authorBox__name\"><span>por\n\t\t\t<a href=\"https:\/\/www.suno.com.br\/noticias\/author\/victoria\/\"><span itemprop=\"author\">Vict\u00f3ria Anhesini<\/span><\/a><\/span><time datetime=\"2022-06-22T17:45:00-03:00\" itemprop=\"datePublished\">22\/06\/2022 17:45<\/time><\/div><\/div><\/div><\/div><\/div>","single_layout":"posts","amp_enabled":true,"_links":{"self":[{"href":"https:\/\/www.suno.com.br\/noticias\/wp-json\/wp\/v2\/posts\/269909"}],"collection":[{"href":"https:\/\/www.suno.com.br\/noticias\/wp-json\/wp\/v2\/posts"}],"about":[{"href":"https:\/\/www.suno.com.br\/noticias\/wp-json\/wp\/v2\/types\/post"}],"author":[{"embeddable":true,"href":"https:\/\/www.suno.com.br\/noticias\/wp-json\/wp\/v2\/users\/146"}],"replies":[{"embeddable":true,"href":"https:\/\/www.suno.com.br\/noticias\/wp-json\/wp\/v2\/comments?post=269909"}],"version-history":[{"count":4,"href":"https:\/\/www.suno.com.br\/noticias\/wp-json\/wp\/v2\/posts\/269909\/revisions"}],"predecessor-version":[{"id":270078,"href":"https:\/\/www.suno.com.br\/noticias\/wp-json\/wp\/v2\/posts\/269909\/revisions\/270078"}],"wp:featuredmedia":[{"embeddable":true,"href":"https:\/\/www.suno.com.br\/noticias\/wp-json\/wp\/v2\/media\/195576"}],"wp:attachment":[{"href":"https:\/\/www.suno.com.br\/noticias\/wp-json\/wp\/v2\/media?parent=269909"}],"wp:term":[{"taxonomy":"category","embeddable":true,"href":"https:\/\/www.suno.com.br\/noticias\/wp-json\/wp\/v2\/categories?post=269909"},{"taxonomy":"post_tag","embeddable":true,"href":"https:\/\/www.suno.com.br\/noticias\/wp-json\/wp\/v2\/tags?post=269909"},{"taxonomy":"suno_strategy","embeddable":true,"href":"https:\/\/www.suno.com.br\/noticias\/wp-json\/wp\/v2\/suno_strategy?post=269909"}],"curies":[{"name":"wp","href":"https:\/\/api.w.org\/{rel}","templated":true}]}}