{"id":26979,"date":"2019-06-03T10:05:48","date_gmt":"2019-06-03T13:05:48","guid":{"rendered":"https:\/\/www.suno.com.br\/noticias\/?p=26979"},"modified":"2019-06-03T14:48:50","modified_gmt":"2019-06-03T17:48:50","slug":"ibovespa-03062019","status":"publish","type":"post","link":"https:\/\/www.suno.com.br\/noticias\/ibovespa-03062019\/","title":{"rendered":"Ibovespa est\u00e1vel com guerra comercial, Previd\u00eancia e PIB no radar"},"content":{"rendered":"<p>Ibovespa inicia a segunda-feira (3) est\u00e1vel. Por volta das 10h, o \u00edndice registrava uma leve alta de <span class=\"ng-binding\">0,02<\/span>% atingindo os 97.046,31 pontos.<\/p>\t<div class=\"wrapper-featured-image\">\n\t\t<figure class=\"spotlightImg\">\n\n\t\t\t<picture>\n\t\t\t\t<source media=\"(max-width: 768px)\" srcset=\"https:\/\/files.sunoresearch.com.br\/n\/uploads\/2019\/01\/1c0a2043-bolsa-valores2-400x200.webp\">\n\t\t\t\t<img loading=\"lazy\" decoding=\"async\" class=\"newsContent__article__imgCapa lazyloadDisabled newsContent__article__imgCapa--noCaption\" src=\"https:\/\/files.sunoresearch.com.br\/n\/uploads\/2019\/01\/1c0a2043-bolsa-valores2-800x450.webp\" width=\"800\" height=\"450\" alt=\"Ibovespa est\u00e1vel com guerra comercial, Previd\u00eancia e PIB no radar\" fetchpriority=high \/>\n\t\t\t<\/picture>\n\n\t\t\t<figcaption class=\"wp-caption-text wp-caption-text--hide\">Devido a pandemia, Zoom j\u00e1 vale mais que Petrobras (PETR4)<\/figcaption>\n\t\t<\/figure>\n\t<\/div>\n\n\n<p>Nesta sess\u00e3o, o <strong>Ibovespa<\/strong> deve ser influenciado por mais um baixa na previs\u00e3o do <strong>Produto Interno Bruto (PIB)<\/strong>. Al\u00e9m disso, um tu\u00edte do relator da <strong>reforma<\/strong> <strong>da<\/strong> <strong>Previd\u00eancia<\/strong>, Samuel Moreira, deixa investidores cautelosos. No cen\u00e1rio externo, a <strong>guerra<\/strong> <strong>comercial<\/strong> segue influenciando o mercado, que teme por <strong>recess\u00e3o<\/strong> <strong>global<\/strong>.<\/p>\n\t<p>\n\t\t<a href=\"https:\/\/lp.suno.com.br\/minicurso-investindo-fiis\/\" target=\"_blank\" data-element=\"shortcode-suno-banner\" title=\"Banner SUNO, clique e saiba mais\">\n\t\t\t<picture>\n\t\t\t\t<source media=\"(max-width: 500px)\" srcset=\"https:\/\/files.sunoresearch.com.br\/n\/uploads\/2023\/07\/400x300-Minicurso-FIIS.png\">\n\t\t\t\t<img class=\"newsContent__article__imgCapa newsContent__article__imgCapa--banner\"\n\t\t\t\t\tsrc=\"https:\/\/files.sunoresearch.com.br\/n\/uploads\/2023\/07\/1420x240-Minicurso-FIIS.png\"\n\t\t\t\t\tdata-promo-id=\"311935\"\t\t\t\t\t\t\t\t\t\twidth='1420' height='240'\t\t\t\t\talt=\"https:\/\/files.sunoresearch.com.br\/n\/uploads\/2023\/07\/1420x240-Minicurso-FIIS.png\"\n\t\t\t\t>\n\t\t\t<\/picture>\n\t\t<\/a>\n\t<\/p>\n\n\n<h2>Focus reduz previs\u00e3o<\/h2>\n<p>Os economistas entrevistados pelo Banco Central (BC) no\u00a0<strong>Boletim<\/strong> <strong>Focus\u00a0<\/strong>reduziram pela 14\u00aa vez a previs\u00e3o de crescimento do<strong> Produto Interno Bruto (PIB)<\/strong>\u00a0em 2019.<\/p>\n<p>Os analistas do mercado haviam informado na \u00faltima segunda-feira (27) que o PIB cresceria 1,23% em 2019. No entanto, o estudo divulgado nesta segunda-feira pelo <strong>Banco<\/strong> <strong>Central<\/strong> indicou que a expectativa \u00e9 de um crescimento de apenas 1,13%.<\/p>\n<p><a href=\"https:\/\/www.suno.com.br\/noticias\/boletim-focus-crescimento-pib-reduzido\/\">Saiba mais:\u00a0Boletim Focus: previs\u00e3o de crescimento do PIB \u00e9 reduzida para 1,13%<\/a><\/p>\n<h3>Dados atualizados do Boletim Focus<\/h3>\n<ul>\n<li><strong><a href=\"https:\/\/www.suno.com.br\/artigos\/pib-produto-interno-bruto\/\">Produto Interno Bruto<\/a> (PIB):<\/strong>\u00a0previs\u00e3o de crescimento reduzida de 1,23% para 1,13%.<\/li>\n<li><strong><a href=\"https:\/\/www.suno.com.br\/artigos\/ipca\/\">\u00cdndice Nacional de Pre\u00e7os ao Consumidor Amplo<\/a> (IPCA)<\/strong>: a previs\u00e3o caiu de 4,07% para 4,03%. A meta central para 2019 ser\u00e1 de 4,25%, com intervalo de toler\u00e2ncia entre 2,75% e 5,75%.<\/li>\n<li><strong><a href=\"https:\/\/www.suno.com.br\/artigos\/taxa-selic\/\">Taxa Selic<\/a>:<\/strong>\u00a0mercado manteve a previs\u00e3o em 6,5%.<\/li>\n<li><strong><a href=\"https:\/\/www.suno.com.br\/artigos\/dolar\/\">D\u00f3lar<\/a>:<\/strong>\u00a0a previs\u00e3o se manteve em R$ 3,80.<\/li>\n<li><strong><a href=\"https:\/\/www.suno.com.br\/artigos\/balanca-comercial\/\">Balan\u00e7a Comercial<\/a>:<\/strong> o mercado aumentou a previs\u00e3o de\u00a0<a href=\"https:\/\/www.suno.com.br\/artigos\/superavit-comercial\/\">super\u00e1vit\u00a0<\/a> de US$ 50,25 bilh\u00f5es para US$ 50,5 bilh\u00f5es.<\/li>\n<li><strong>Investimento estrangeiro direto:\u00a0<\/strong>as expectativas ca\u00edram de US$ 83,29 bilh\u00f5es para US$ 82,65 bilh\u00f5es.<\/li>\n<\/ul>\n<h2>Reforma da Previd\u00eancia<\/h2>\n<p>Tramitando na comiss\u00e3o especial da C\u00e2mara dos Deputados, a reforma da <strong>Previd\u00eancia<\/strong> est\u00e1 agora nas m\u00e3os do relator,\u00a0<strong>Samuel<\/strong> <strong>Moreira<\/strong>. No entanto, o assunto que mais movimenta o mercado interno deixou novamente os investidores cautelosos. Isso porque o deputado afirmou em seu Twitter que n\u00e3o &#8216;bateu o martelo&#8217; sobre um dos itens do texto, o que pode dificultar a <strong>aprova\u00e7\u00e3o<\/strong> <strong>da<\/strong> <strong>proposta<\/strong>.<\/p>\n<p>Moreira disse que segue estudando possibilidades, mas que n\u00e3o foi negociado com o governo a inclus\u00e3o ou exclus\u00e3o de Estados e munic\u00edpios da reforma.<\/p>\n<p class=\"twitter-tweet\" data-lang=\"en\">\n<p dir=\"ltr\" lang=\"pt\">Importante deixar claro: n\u00e3o firmei nenhum acordo com o governo para excluir Estados e munic\u00edpios da reforma da <a href=\"https:\/\/twitter.com\/hashtag\/Previd%C3%AAncia?src=hash&amp;ref_src=twsrc%5Etfw\">#Previd\u00eancia<\/a>. Tamb\u00e9m n\u00e3o bati o martelo sobre nenhum ponto dessa quest\u00e3o. Seguimos estudando as v\u00e1rias possibilidades.<\/p>\n<p>\u2014 Samuel Moreira (@samuelmoreira) <a href=\"https:\/\/twitter.com\/samuelmoreira\/status\/1134832577485971458?ref_src=twsrc%5Etfw\">June 1, 2019<\/a><\/p>\n<p><script async src=\"https:\/\/platform.twitter.com\/widgets.js\" charset=\"utf-8\"><\/script><br \/>\nNo entanto, <strong>Moreira<\/strong> afirmou que\u00a0mesmo Estados e munic\u00edpios obtendo um d\u00e9ficit alto em suas Previd\u00eancias, ser\u00e3o as lideran\u00e7as da C\u00e2mara que v\u00e3o decidir sobre a manuten\u00e7\u00e3o ou n\u00e3o do item na <strong>reforma<\/strong>. &#8220;O que vai manter ou n\u00e3o [Estados e munic\u00edpios na reforma] s\u00e3o os votos, e quem tem voto s\u00e3o os deputados, precisamos respeitar essa autonomia. S\u00e3o eles que v\u00e3o decidir&#8221;.<\/p>\n<h2>Guerra comercial<\/h2>\n<p>Mercado cauteloso sobre a poss\u00edvel recess\u00e3o global caso <strong>China<\/strong> e Estados Unidos sigam com a <strong>guerra<\/strong> <strong>comercial<\/strong> sem que haja acordo.<\/p>\n<p>De acordo com o banco norte-americano Morgan Stanley, a recess\u00e3o global pode acontecer dentro dos pr\u00f3ximos nove meses, caso o presidente dos Estados Unidos, <strong>Donald<\/strong> <strong>Trump<\/strong>, realmente empregue os 25% de tarifa sobre as <strong>exporta\u00e7\u00f5es<\/strong> <strong>chinesas<\/strong> que est\u00e3o avaliadas em US$ 200 bilh\u00f5es.<\/p>\n\t<p>\n\t\t<a href=\"https:\/\/lp.suno.com.br\/4-emissao-snel11\/\" target=\"_blank\" data-element=\"shortcode-suno-banner\" title=\"Banner SUNO, clique e saiba mais\">\n\t\t\t<picture>\n\t\t\t\t<source media=\"(max-width: 500px)\" srcset=\"https:\/\/files.sunoresearch.com.br\/n\/uploads\/2025\/07\/400x300-Mobile-Artigos-7.webp\">\n\t\t\t\t<img class=\"newsContent__article__imgCapa newsContent__article__imgCapa--banner\"\n\t\t\t\t\tsrc=\"https:\/\/files.sunoresearch.com.br\/n\/uploads\/2025\/07\/1420x240-Banner-Artigos-1-_-Banner-Materias-5.webp\"\n\t\t\t\t\tdata-promo-id=\"613822\"\t\t\t\t\t\t\t\t\t\twidth='1420' height='240'\t\t\t\t\talt=\"https:\/\/files.sunoresearch.com.br\/n\/uploads\/2025\/07\/1420x240-Banner-Artigos-1-_-Banner-Materias-5.webp\"\n\t\t\t\t>\n\t\t\t<\/picture>\n\t\t<\/a>\n\t<\/p>\n\n\n<p>J\u00e1 o JPMorgan Chase afirma que existe uma probabilidade de uma recess\u00e3o nos <strong>Estados<\/strong> <strong>Unidos<\/strong> durante o segundo trimestre deste ano \u00e9 de 40% e n\u00e3o mais 25% como foi avaliado em maio.<\/p>\n<h2>\u00daltima cota\u00e7\u00e3o<\/h2>\n<p>Na \u00faltima sess\u00e3o de maio, na sexta-feira (31), o <strong>Ibovespa<\/strong> registrou uma queda de 0,44% ficando com 97.030,32 pontos.<\/p>\n","protected":false},"excerpt":{"rendered":"<p>Ibovespa inicia a segunda-feira (3) est\u00e1vel. Por volta das 10h, o \u00edndice registrava uma leve alta de 0,02% atingindo os 97.046,31 pontos. Devido a pandemia, Zoom j\u00e1 vale mais que Petrobras (PETR4) Nesta sess\u00e3o, o Ibovespa deve ser influenciado por mais um baixa na previs\u00e3o do Produto Interno Bruto (PIB). Al\u00e9m disso, um tu\u00edte do [&hellip;]<\/p>\n","protected":false},"author":11,"featured_media":10449,"comment_status":"closed","ping_status":"closed","sticky":false,"template":"","format":"standard","meta":[],"categories":[60],"tags":[721],"suno_strategy":[],"class_list":["post-26979","post","type-post","status-publish","format-standard","has-post-thumbnail","hentry","category-mercado","tag-ibovespa"],"yoast_head":"<!-- This site is optimized with the Yoast SEO plugin v24.4 - https:\/\/yoast.com\/wordpress\/plugins\/seo\/ -->\n<title>Ibovespa est\u00e1vel com guerra comercial, Previd\u00eancia e PIB no radar<\/title>\n<meta name=\"description\" content=\"Ibovespa inicia primeiro preg\u00e3o de junho com leve alta; \u00c0s 10h, o \u00edndice subia de 0,02% somando 97.046,31 pontos. Clique para saber mais.\" \/>\n<meta name=\"robots\" content=\"index, follow, max-snippet:-1, max-image-preview:large, max-video-preview:-1\" \/>\n<link rel=\"canonical\" href=\"https:\/\/www.suno.com.br\/noticias\/ibovespa-03062019\/\" \/>\n<meta property=\"og:locale\" content=\"pt_BR\" \/>\n<meta property=\"og:type\" content=\"article\" \/>\n<meta property=\"og:title\" content=\"Ibovespa est\u00e1vel com guerra comercial, Previd\u00eancia e PIB no radar\" \/>\n<meta property=\"og:description\" content=\"Ibovespa inicia primeiro preg\u00e3o de junho com leve alta; \u00c0s 10h, o \u00edndice subia de 0,02% somando 97.046,31 pontos. Clique para saber mais.\" \/>\n<meta property=\"og:url\" content=\"https:\/\/www.suno.com.br\/noticias\/ibovespa-03062019\/\" \/>\n<meta property=\"og:site_name\" content=\"Suno Not\u00edcias\" \/>\n<meta property=\"article:publisher\" content=\"https:\/\/facebook.com\/sunoresearch\" \/>\n<meta property=\"og:image\" content=\"https:\/\/files.sunoresearch.com.br\/n\/uploads\/2019\/01\/1c0a2043-bolsa-valores2.jpg\" \/>\n\t<meta property=\"og:image:width\" content=\"1360\" \/>\n\t<meta property=\"og:image:height\" content=\"765\" \/>\n\t<meta property=\"og:image:type\" content=\"image\/jpeg\" \/>\n<meta name=\"author\" content=\"Renan Bandeira\" \/>\n<meta name=\"twitter:card\" content=\"summary_large_image\" \/>\n<meta name=\"twitter:creator\" content=\"@sunoresearch\" \/>\n<meta name=\"twitter:site\" content=\"@sunoresearch\" \/>\n<meta name=\"twitter:label1\" content=\"Escrito por\" \/>\n\t<meta name=\"twitter:data1\" content=\"Renan Bandeira\" \/>\n\t<meta name=\"twitter:label2\" content=\"Est. tempo de leitura\" \/>\n\t<meta name=\"twitter:data2\" content=\"3 minutos\" \/>\n<script type=\"application\/ld+json\" class=\"yoast-schema-graph\">{\"@context\":\"https:\/\/schema.org\",\"@graph\":[{\"@type\":\"NewsArticle\",\"@id\":\"https:\/\/www.suno.com.br\/noticias\/ibovespa-03062019\/#article\",\"isPartOf\":{\"@id\":\"https:\/\/www.suno.com.br\/noticias\/ibovespa-03062019\/\"},\"author\":{\"name\":\"Renan Bandeira\",\"@id\":\"https:\/\/www.suno.com.br\/noticias\/#\/schema\/person\/fc144a1c6108bd1dcd43784e88a3c138\"},\"headline\":\"Ibovespa est\u00e1vel com guerra comercial, Previd\u00eancia e PIB no radar\",\"datePublished\":\"2019-06-03T13:05:48+00:00\",\"dateModified\":\"2019-06-03T17:48:50+00:00\",\"mainEntityOfPage\":{\"@id\":\"https:\/\/www.suno.com.br\/noticias\/ibovespa-03062019\/\"},\"wordCount\":608,\"publisher\":{\"@id\":\"https:\/\/www.suno.com.br\/noticias\/#organization\"},\"image\":{\"@id\":\"https:\/\/www.suno.com.br\/noticias\/ibovespa-03062019\/#primaryimage\"},\"thumbnailUrl\":\"https:\/\/files.sunoresearch.com.br\/n\/uploads\/2019\/01\/1c0a2043-bolsa-valores2-jpg.webp\",\"keywords\":[\"Ibovespa\"],\"articleSection\":[\"Mercado\"],\"inLanguage\":\"pt-BR\"},{\"@type\":\"WebPage\",\"@id\":\"https:\/\/www.suno.com.br\/noticias\/ibovespa-03062019\/\",\"url\":\"https:\/\/www.suno.com.br\/noticias\/ibovespa-03062019\/\",\"name\":\"Ibovespa est\u00e1vel com guerra comercial, Previd\u00eancia e PIB no radar\",\"isPartOf\":{\"@id\":\"https:\/\/www.suno.com.br\/noticias\/#website\"},\"primaryImageOfPage\":{\"@id\":\"https:\/\/www.suno.com.br\/noticias\/ibovespa-03062019\/#primaryimage\"},\"image\":{\"@id\":\"https:\/\/www.suno.com.br\/noticias\/ibovespa-03062019\/#primaryimage\"},\"thumbnailUrl\":\"https:\/\/files.sunoresearch.com.br\/n\/uploads\/2019\/01\/1c0a2043-bolsa-valores2-jpg.webp\",\"datePublished\":\"2019-06-03T13:05:48+00:00\",\"dateModified\":\"2019-06-03T17:48:50+00:00\",\"description\":\"Ibovespa inicia primeiro preg\u00e3o de junho com leve alta; \u00c0s 10h, o \u00edndice subia de 0,02% somando 97.046,31 pontos. Clique para saber mais.\",\"breadcrumb\":{\"@id\":\"https:\/\/www.suno.com.br\/noticias\/ibovespa-03062019\/#breadcrumb\"},\"inLanguage\":\"pt-BR\",\"potentialAction\":[{\"@type\":\"ReadAction\",\"target\":[\"https:\/\/www.suno.com.br\/noticias\/ibovespa-03062019\/\"]}]},{\"@type\":\"ImageObject\",\"inLanguage\":\"pt-BR\",\"@id\":\"https:\/\/www.suno.com.br\/noticias\/ibovespa-03062019\/#primaryimage\",\"url\":\"https:\/\/files.sunoresearch.com.br\/n\/uploads\/2019\/01\/1c0a2043-bolsa-valores2-jpg.webp\",\"contentUrl\":\"https:\/\/files.sunoresearch.com.br\/n\/uploads\/2019\/01\/1c0a2043-bolsa-valores2-jpg.webp\",\"width\":1360,\"height\":765,\"caption\":\"Devido a pandemia, Zoom j\u00e1 vale mais que Petrobras (PETR4)\"},{\"@type\":\"BreadcrumbList\",\"@id\":\"https:\/\/www.suno.com.br\/noticias\/ibovespa-03062019\/#breadcrumb\",\"itemListElement\":[{\"@type\":\"ListItem\",\"position\":1,\"name\":\"Not\u00edcias\",\"item\":\"https:\/\/www.suno.com.br\/noticias\/\"},{\"@type\":\"ListItem\",\"position\":2,\"name\":\"Mercado\",\"item\":\"https:\/\/www.suno.com.br\/noticias\/mercado\/\"},{\"@type\":\"ListItem\",\"position\":3,\"name\":\"Ibovespa est\u00e1vel com guerra comercial, Previd\u00eancia e PIB no radar\"}]},{\"@type\":\"WebSite\",\"@id\":\"https:\/\/www.suno.com.br\/noticias\/#website\",\"url\":\"https:\/\/www.suno.com.br\/noticias\/\",\"name\":\"Suno Not\u00edcias\",\"description\":\"Seu portal de informa\u00e7\u00e3o sobre o mundo dos investimentos\",\"publisher\":{\"@id\":\"https:\/\/www.suno.com.br\/noticias\/#organization\"},\"potentialAction\":[{\"@type\":\"SearchAction\",\"target\":{\"@type\":\"EntryPoint\",\"urlTemplate\":\"https:\/\/www.suno.com.br\/noticias\/?s={search_term_string}\"},\"query-input\":{\"@type\":\"PropertyValueSpecification\",\"valueRequired\":true,\"valueName\":\"search_term_string\"}}],\"inLanguage\":\"pt-BR\"},{\"@type\":\"Organization\",\"@id\":\"https:\/\/www.suno.com.br\/noticias\/#organization\",\"name\":\"Suno Not\u00edcias\",\"url\":\"https:\/\/www.suno.com.br\/noticias\/\",\"logo\":{\"@type\":\"ImageObject\",\"inLanguage\":\"pt-BR\",\"@id\":\"https:\/\/www.suno.com.br\/noticias\/#\/schema\/logo\/image\/\",\"url\":\"https:\/\/files.sunoresearch.com.br\/n\/uploads\/2021\/09\/suno-logo.png\",\"contentUrl\":\"https:\/\/files.sunoresearch.com.br\/n\/uploads\/2021\/09\/suno-logo.png\",\"width\":180,\"height\":180,\"caption\":\"Suno Not\u00edcias\"},\"image\":{\"@id\":\"https:\/\/www.suno.com.br\/noticias\/#\/schema\/logo\/image\/\"},\"sameAs\":[\"https:\/\/facebook.com\/sunoresearch\",\"https:\/\/x.com\/sunoresearch\",\"https:\/\/www.instagram.com\/suno\",\"https:\/\/www.linkedin.com\/company\/suno-research\/\",\"https:\/\/www.youtube.com\/c\/sunoresearch\"]},{\"@type\":\"Person\",\"@id\":\"https:\/\/www.suno.com.br\/noticias\/#\/schema\/person\/fc144a1c6108bd1dcd43784e88a3c138\",\"name\":\"Renan Bandeira\",\"image\":{\"@type\":\"ImageObject\",\"inLanguage\":\"pt-BR\",\"@id\":\"https:\/\/www.suno.com.br\/noticias\/#\/schema\/person\/image\/\",\"url\":\"https:\/\/secure.gravatar.com\/avatar\/68359cdb608f14f11bbefcb78f3fc747?s=96&r=g\",\"contentUrl\":\"https:\/\/secure.gravatar.com\/avatar\/68359cdb608f14f11bbefcb78f3fc747?s=96&r=g\",\"caption\":\"Renan Bandeira\"},\"description\":\"Renan Bandeira escreve sobre pol\u00edtica e economia para o portal da Suno Research. Antes da Suno, trabalhou em uma rede de televis\u00e3o, onde fazia reportagens sobre os mesmos temas. Estuda na Universidade Metodista de S\u00e3o Paulo.\",\"url\":\"https:\/\/www.suno.com.br\/noticias\/author\/renan-bandeira\/\"}]}<\/script>\n<!-- \/ Yoast SEO plugin. -->","yoast_head_json":{"title":"Ibovespa est\u00e1vel com guerra comercial, Previd\u00eancia e PIB no radar","description":"Ibovespa inicia primeiro preg\u00e3o de junho com leve alta; \u00c0s 10h, o \u00edndice subia de 0,02% somando 97.046,31 pontos. Clique para saber mais.","robots":{"index":"index","follow":"follow","max-snippet":"max-snippet:-1","max-image-preview":"max-image-preview:large","max-video-preview":"max-video-preview:-1"},"canonical":"https:\/\/www.suno.com.br\/noticias\/ibovespa-03062019\/","og_locale":"pt_BR","og_type":"article","og_title":"Ibovespa est\u00e1vel com guerra comercial, Previd\u00eancia e PIB no radar","og_description":"Ibovespa inicia primeiro preg\u00e3o de junho com leve alta; \u00c0s 10h, o \u00edndice subia de 0,02% somando 97.046,31 pontos. Clique para saber mais.","og_url":"https:\/\/www.suno.com.br\/noticias\/ibovespa-03062019\/","og_site_name":"Suno Not\u00edcias","article_publisher":"https:\/\/facebook.com\/sunoresearch","og_image":[{"width":1360,"height":765,"url":"https:\/\/files.sunoresearch.com.br\/n\/uploads\/2019\/01\/1c0a2043-bolsa-valores2.jpg","type":"image\/jpeg"}],"author":"Renan Bandeira","twitter_card":"summary_large_image","twitter_creator":"@sunoresearch","twitter_site":"@sunoresearch","twitter_misc":{"Escrito por":"Renan Bandeira","Est. tempo de leitura":"3 minutos"},"schema":{"@context":"https:\/\/schema.org","@graph":[{"@type":"NewsArticle","@id":"https:\/\/www.suno.com.br\/noticias\/ibovespa-03062019\/#article","isPartOf":{"@id":"https:\/\/www.suno.com.br\/noticias\/ibovespa-03062019\/"},"author":{"name":"Renan Bandeira","@id":"https:\/\/www.suno.com.br\/noticias\/#\/schema\/person\/fc144a1c6108bd1dcd43784e88a3c138"},"headline":"Ibovespa est\u00e1vel com guerra comercial, Previd\u00eancia e PIB no radar","datePublished":"2019-06-03T13:05:48+00:00","dateModified":"2019-06-03T17:48:50+00:00","mainEntityOfPage":{"@id":"https:\/\/www.suno.com.br\/noticias\/ibovespa-03062019\/"},"wordCount":608,"publisher":{"@id":"https:\/\/www.suno.com.br\/noticias\/#organization"},"image":{"@id":"https:\/\/www.suno.com.br\/noticias\/ibovespa-03062019\/#primaryimage"},"thumbnailUrl":"https:\/\/files.sunoresearch.com.br\/n\/uploads\/2019\/01\/1c0a2043-bolsa-valores2-jpg.webp","keywords":["Ibovespa"],"articleSection":["Mercado"],"inLanguage":"pt-BR"},{"@type":"WebPage","@id":"https:\/\/www.suno.com.br\/noticias\/ibovespa-03062019\/","url":"https:\/\/www.suno.com.br\/noticias\/ibovespa-03062019\/","name":"Ibovespa est\u00e1vel com guerra comercial, Previd\u00eancia e PIB no radar","isPartOf":{"@id":"https:\/\/www.suno.com.br\/noticias\/#website"},"primaryImageOfPage":{"@id":"https:\/\/www.suno.com.br\/noticias\/ibovespa-03062019\/#primaryimage"},"image":{"@id":"https:\/\/www.suno.com.br\/noticias\/ibovespa-03062019\/#primaryimage"},"thumbnailUrl":"https:\/\/files.sunoresearch.com.br\/n\/uploads\/2019\/01\/1c0a2043-bolsa-valores2-jpg.webp","datePublished":"2019-06-03T13:05:48+00:00","dateModified":"2019-06-03T17:48:50+00:00","description":"Ibovespa inicia primeiro preg\u00e3o de junho com leve alta; \u00c0s 10h, o \u00edndice subia de 0,02% somando 97.046,31 pontos. Clique para saber mais.","breadcrumb":{"@id":"https:\/\/www.suno.com.br\/noticias\/ibovespa-03062019\/#breadcrumb"},"inLanguage":"pt-BR","potentialAction":[{"@type":"ReadAction","target":["https:\/\/www.suno.com.br\/noticias\/ibovespa-03062019\/"]}]},{"@type":"ImageObject","inLanguage":"pt-BR","@id":"https:\/\/www.suno.com.br\/noticias\/ibovespa-03062019\/#primaryimage","url":"https:\/\/files.sunoresearch.com.br\/n\/uploads\/2019\/01\/1c0a2043-bolsa-valores2-jpg.webp","contentUrl":"https:\/\/files.sunoresearch.com.br\/n\/uploads\/2019\/01\/1c0a2043-bolsa-valores2-jpg.webp","width":1360,"height":765,"caption":"Devido a pandemia, Zoom j\u00e1 vale mais que Petrobras (PETR4)"},{"@type":"BreadcrumbList","@id":"https:\/\/www.suno.com.br\/noticias\/ibovespa-03062019\/#breadcrumb","itemListElement":[{"@type":"ListItem","position":1,"name":"Not\u00edcias","item":"https:\/\/www.suno.com.br\/noticias\/"},{"@type":"ListItem","position":2,"name":"Mercado","item":"https:\/\/www.suno.com.br\/noticias\/mercado\/"},{"@type":"ListItem","position":3,"name":"Ibovespa est\u00e1vel com guerra comercial, Previd\u00eancia e PIB no radar"}]},{"@type":"WebSite","@id":"https:\/\/www.suno.com.br\/noticias\/#website","url":"https:\/\/www.suno.com.br\/noticias\/","name":"Suno Not\u00edcias","description":"Seu portal de informa\u00e7\u00e3o sobre o mundo dos investimentos","publisher":{"@id":"https:\/\/www.suno.com.br\/noticias\/#organization"},"potentialAction":[{"@type":"SearchAction","target":{"@type":"EntryPoint","urlTemplate":"https:\/\/www.suno.com.br\/noticias\/?s={search_term_string}"},"query-input":{"@type":"PropertyValueSpecification","valueRequired":true,"valueName":"search_term_string"}}],"inLanguage":"pt-BR"},{"@type":"Organization","@id":"https:\/\/www.suno.com.br\/noticias\/#organization","name":"Suno Not\u00edcias","url":"https:\/\/www.suno.com.br\/noticias\/","logo":{"@type":"ImageObject","inLanguage":"pt-BR","@id":"https:\/\/www.suno.com.br\/noticias\/#\/schema\/logo\/image\/","url":"https:\/\/files.sunoresearch.com.br\/n\/uploads\/2021\/09\/suno-logo.png","contentUrl":"https:\/\/files.sunoresearch.com.br\/n\/uploads\/2021\/09\/suno-logo.png","width":180,"height":180,"caption":"Suno Not\u00edcias"},"image":{"@id":"https:\/\/www.suno.com.br\/noticias\/#\/schema\/logo\/image\/"},"sameAs":["https:\/\/facebook.com\/sunoresearch","https:\/\/x.com\/sunoresearch","https:\/\/www.instagram.com\/suno","https:\/\/www.linkedin.com\/company\/suno-research\/","https:\/\/www.youtube.com\/c\/sunoresearch"]},{"@type":"Person","@id":"https:\/\/www.suno.com.br\/noticias\/#\/schema\/person\/fc144a1c6108bd1dcd43784e88a3c138","name":"Renan Bandeira","image":{"@type":"ImageObject","inLanguage":"pt-BR","@id":"https:\/\/www.suno.com.br\/noticias\/#\/schema\/person\/image\/","url":"https:\/\/secure.gravatar.com\/avatar\/68359cdb608f14f11bbefcb78f3fc747?s=96&r=g","contentUrl":"https:\/\/secure.gravatar.com\/avatar\/68359cdb608f14f11bbefcb78f3fc747?s=96&r=g","caption":"Renan Bandeira"},"description":"Renan Bandeira escreve sobre pol\u00edtica e economia para o portal da Suno Research. Antes da Suno, trabalhou em uma rede de televis\u00e3o, onde fazia reportagens sobre os mesmos temas. Estuda na Universidade Metodista de S\u00e3o Paulo.","url":"https:\/\/www.suno.com.br\/noticias\/author\/renan-bandeira\/"}]}},"default_loop_html":"<div class=\"cardsPage__listCard__boxs\"><div class=\"cardsPage__listCard__boxs__img\"><a href=\"https:\/\/www.suno.com.br\/noticias\/ibovespa-03062019\/\"><img class=\"mask\" src=\"https:\/\/www.suno.com.br\/noticias\/wp-content\/themes\/suno\/resources\/images\/spotlight\/spotlight1img\/bg-mask.png\" alt=\"Image Mask\"\/><img src=\"https:\/\/files.sunoresearch.com.br\/n\/uploads\/2019\/01\/1c0a2043-bolsa-valores2-400x200.webp\" alt=\"Ibovespa est\u00e1vel com guerra comercial, Previd\u00eancia e PIB no radar\"\/><\/a><span class=\"spotlightCategory\"><a href=\"https:\/\/www.suno.com.br\/noticias\/mercado\/\">Mercado<\/a><\/span><\/div><div class=\"cardsPage__listCard__boxs__content\"><a href=\"https:\/\/www.suno.com.br\/noticias\/ibovespa-03062019\/\"><h2 class=\"content__title\">Ibovespa est\u00e1vel com guerra comercial, Previd\u00eancia e PIB no radar<\/h2><\/a><div class=\"newsContent__article__meta\"><div class=\"newsContent__article__meta__authorBox\"><a href=\"https:\/\/www.suno.com.br\/noticias\/author\/renan-bandeira\/\" class=\"authorBox__avatar noMobi\"><img src=\"https:\/\/secure.gravatar.com\/avatar\/68359cdb608f14f11bbefcb78f3fc747?s=96&#038;r=g\" alt=\"Renan Bandeira\"><\/a><div class=\"authorBox__name\"><span>por\n\t\t\t<a href=\"https:\/\/www.suno.com.br\/noticias\/author\/renan-bandeira\/\"><span itemprop=\"author\">Renan Bandeira<\/span><\/a><\/span><time datetime=\"2019-06-03T10:05:48-03:00\" itemprop=\"datePublished\">03\/06\/2019 10:05<\/time><\/div><\/div><\/div><\/div><\/div>","single_layout":"posts","amp_enabled":true,"_links":{"self":[{"href":"https:\/\/www.suno.com.br\/noticias\/wp-json\/wp\/v2\/posts\/26979"}],"collection":[{"href":"https:\/\/www.suno.com.br\/noticias\/wp-json\/wp\/v2\/posts"}],"about":[{"href":"https:\/\/www.suno.com.br\/noticias\/wp-json\/wp\/v2\/types\/post"}],"author":[{"embeddable":true,"href":"https:\/\/www.suno.com.br\/noticias\/wp-json\/wp\/v2\/users\/11"}],"replies":[{"embeddable":true,"href":"https:\/\/www.suno.com.br\/noticias\/wp-json\/wp\/v2\/comments?post=26979"}],"version-history":[{"count":0,"href":"https:\/\/www.suno.com.br\/noticias\/wp-json\/wp\/v2\/posts\/26979\/revisions"}],"wp:featuredmedia":[{"embeddable":true,"href":"https:\/\/www.suno.com.br\/noticias\/wp-json\/wp\/v2\/media\/10449"}],"wp:attachment":[{"href":"https:\/\/www.suno.com.br\/noticias\/wp-json\/wp\/v2\/media?parent=26979"}],"wp:term":[{"taxonomy":"category","embeddable":true,"href":"https:\/\/www.suno.com.br\/noticias\/wp-json\/wp\/v2\/categories?post=26979"},{"taxonomy":"post_tag","embeddable":true,"href":"https:\/\/www.suno.com.br\/noticias\/wp-json\/wp\/v2\/tags?post=26979"},{"taxonomy":"suno_strategy","embeddable":true,"href":"https:\/\/www.suno.com.br\/noticias\/wp-json\/wp\/v2\/suno_strategy?post=26979"}],"curies":[{"name":"wp","href":"https:\/\/api.w.org\/{rel}","templated":true}]}}