{"id":269716,"date":"2022-06-21T21:36:23","date_gmt":"2022-06-22T00:36:23","guid":{"rendered":"https:\/\/www.suno.com.br\/noticias\/?p=269716"},"modified":"2022-06-21T21:36:23","modified_gmt":"2022-06-22T00:36:23","slug":"radar-multiplan-mult3-weg-wege3-tesla-tsla34-china","status":"publish","type":"post","link":"https:\/\/www.suno.com.br\/noticias\/radar-multiplan-mult3-weg-wege3-tesla-tsla34-china\/","title":{"rendered":"Radar: Weg (WEGE3) paga proventos milion\u00e1rios, Tesla (TSLA34) sofre restri\u00e7\u00f5es na China, QuintoAndar chega ao M\u00e9xico"},"content":{"rendered":"<p>Com suspeita de espionagem, a China decidiu tomar uma medida que pro\u00edbe ve\u00edculos da <strong>Tesla<\/strong> (<a class=\"suno-keyword\" href=\"https:\/\/www.suno.com.br\/bdrs\/tsla34\/\" target=\"_blank\" rel=\"noopener\" data-force=\"yes\" data-priority=\"2\">TSLA34<\/a>) de entrar no distrito de Beidaihe, em Qinhuangdao, prov\u00edncia de Hebei, norte do pa\u00eds. Durante a temporada de ver\u00e3o, o local costuma hospedar reuni\u00f5es da lideran\u00e7a do Partido Comunista e fica a 300 km a leste de Pequim, em uma regi\u00e3o costeira.<\/p>\t<div class=\"wrapper-featured-image\">\n\t\t<figure class=\"spotlightImg\">\n\n\t\t\t<picture>\n\t\t\t\t<source media=\"(max-width: 768px)\" srcset=\"https:\/\/files.sunoresearch.com.br\/n\/uploads\/2020\/07\/632d0ab3-tsla-400x200.webp\">\n\t\t\t\t<img loading=\"lazy\" decoding=\"async\" class=\"newsContent__article__imgCapa lazyloadDisabled \" src=\"https:\/\/files.sunoresearch.com.br\/n\/uploads\/2020\/07\/632d0ab3-tsla-800x450.webp\" width=\"800\" height=\"450\" alt=\"Radar: Weg (WEGE3) paga proventos milion\u00e1rios, Tesla (TSLA34) sofre restri\u00e7\u00f5es na China, QuintoAndar chega ao M\u00e9xico\" fetchpriority=high \/>\n\t\t\t<\/picture>\n\n\t\t\t<figcaption class=\"wp-caption-text wp-caption-text--show\">Tesla tem desconto de 70% em impostos e pode construir f\u00e1brica no Texas<\/figcaption>\n\t\t<\/figure>\n\t<\/div>\n\n\n<p>Segundo a apura\u00e7\u00e3o da Ag\u00eancia Reuters, essa restri\u00e7\u00e3o deve come\u00e7ar a partir do dia 1\u00ba de julho. Uma autoridade de tr\u00e2nsito local, n\u00e3o identificada, teria relatado a medida \u00e0 Tesla na China.<\/p>\n<p>O motivo seriam \u201cquest\u00f5es nacionais\u201d, e um an\u00fancio oficial deve sair em breve, visando aumentar a seguran\u00e7a das reuni\u00f5es de portas fechadas do Partido Comunista da China.<\/p>\n\t<p>\n\t\t<a href=\"\" target=\"_blank\" data-element=\"shortcode-suno-banner\" title=\"Banner SUNO, clique e saiba mais\">\n\t\t\t<picture>\n\t\t\t\t<source media=\"(max-width: 500px)\" srcset=\"\">\n\t\t\t\t<img class=\"newsContent__article__imgCapa newsContent__article__imgCapa--banner\"\n\t\t\t\t\tsrc=\"\"\n\t\t\t\t\tdata-promo-id=\"77050\"\t\t\t\t\t\t\t\t\t\t\t\t\t\t\talt=\"\"\n\t\t\t\t>\n\t\t\t<\/picture>\n\t\t<\/a>\n\t<\/p>\n\n\n<p>Em ocasi\u00f5es anteriores os carros da Tesla j\u00e1 sofreram com regras mais duras. Ainda no come\u00e7o de junho, os carros da Tesla foram impedidos de entrar na regi\u00e3o central de Chengdu, sudoeste da China, porque o presidente Xi Jinping visitou a cidade.<\/p>\n<p>As restri\u00e7\u00f5es n\u00e3o foram anunciadas de modo oficial, mas v\u00eddeos publicados nas redes sociais mostram carros da Tesla sendo desviados de algumas \u00e1reas pela pol\u00edcia.<\/p>\n<p>Al\u00e9m disso, autom\u00f3veis da montadora de <a class=\"suno-keyword\" href=\"https:\/\/www.suno.com.br\/tudo-sobre\/elon-musk\/\" target=\"_blank\" rel=\"noopener\" data-force=\"no\" data-priority=\"2\">Elon Musk<\/a> tamb\u00e9m foram proibidos de entrar em complexos militares da China.<\/p>\n<p>O temor de espionagem vem em raz\u00e3o das c\u00e2meras dos ve\u00edculos e dos sensores de dire\u00e7\u00e3o aut\u00f4noma, e s\u00e3o parte de um conjunto de medidas que visa seguran\u00e7a nacional semelhante \u00e0s que os Estados Unidos v\u00eam tomando nos \u00faltimos anos \u2013 especialmente ap\u00f3s as disputas pelo 5G.<\/p>\n<p>Al\u00e9m disso, informa\u00e7\u00f5es pessoais poderiam estar em risco. \u00c9 o caso da lista de contatos dos motoristas, que pode ser sincronizada entre o celular e o ve\u00edculo.<\/p>\n\t<p>\n\t\t<a href=\"https:\/\/lp.suno.com.br\/planilha-controle-gastos\/\" target=\"_blank\" data-element=\"shortcode-suno-banner\" title=\"Banner SUNO, clique e saiba mais\">\n\t\t\t<picture>\n\t\t\t\t<source media=\"(max-width: 500px)\" srcset=\"https:\/\/files.sunoresearch.com.br\/n\/uploads\/2023\/03\/400x300-Planilha-controle-de-gastos.png\">\n\t\t\t\t<img class=\"newsContent__article__imgCapa newsContent__article__imgCapa--banner\"\n\t\t\t\t\tsrc=\"https:\/\/files.sunoresearch.com.br\/n\/uploads\/2023\/03\/1420x240-Planilha-controle-de-gastos.png\"\n\t\t\t\t\tdata-promo-id=\"101751\"\t\t\t\t\t\t\t\t\t\twidth='1420' height='240'\t\t\t\t\talt=\"https:\/\/files.sunoresearch.com.br\/n\/uploads\/2023\/03\/1420x240-Planilha-controle-de-gastos.png\"\n\t\t\t\t>\n\t\t\t<\/picture>\n\t\t<\/a>\n\t<\/p>\n\n\n<p>Nesse caso, o aspecto comercial \u00e9 relevante para a montadora, j\u00e1 que a Tesla possui uma grande f\u00e1brica em Xanghai.<\/p>\n<p>Al\u00e9m da <strong>Petrobras<\/strong>, confira outros destaques desta segunda-feira:<\/p>\n<h2 class=\"newsContent__article__title\">Ebanx demite cerca de 340 funcion\u00e1rios em novo avan\u00e7o da crise das startups de tecnologia<\/h2>\n<ul>\n<li>Os colaboradores da <strong>Ebanx<\/strong> tiveram um dif\u00edcil in\u00edcio de semana. Nesta ter\u00e7a-feira (21), o unic\u00f3rnio brasileiro de pagamentos internacionais anunciou a demiss\u00e3o de cerca de 340 funcion\u00e1rios do seu quadro de 1,7 mil pessoas.<\/li>\n<li>A reestrutura\u00e7\u00e3o da companhia segue a onda de demiss\u00f5es ocorridas nas \u00faltimas semanas em diversas empresas ligadas ao setor das tecnologias, que buscam reduzir custos em meio \u00e0 <a class=\"suno-keyword\" href=\"https:\/\/www.suno.com.br\/artigos\/crise-economica-oportunidade-ou-ameaca\/\" target=\"_blank\" rel=\"noopener\" data-force=\"no\" data-priority=\"1\">crise econ\u00f4mica<\/a>.<\/li>\n<li>\u201cA decis\u00e3o foi tomada com base no cen\u00e1rio atual do mercado de tecnologia como um todo, impactado de forma profunda e veloz pelo ambiente macroecon\u00f4mico. O Ebanx mant\u00e9m o compromisso com sua sustentabilidade e crescimento, seguindo na miss\u00e3o de gerar acesso entre consumidores e empresas globais\u201d, disse a Ebanx em nota.<\/li>\n<li>Segundo a ag\u00eancia de not\u00edcias Reuters, a demiss\u00e3o foi feita via videochamada, desligando posteriormente todos os acessos correspondentes aos sistemas da companhia, como o email corporativo ou a plataforma de mensagens Slack.<\/li>\n<li>Ao longo do primeiro semestre de 2022, diversas startups brasileiras decidiram demitir massivamente uma ampla fatia do seu quadro de funcion\u00e1rios. Al\u00e9m da Ebanx, companhias como a Empiricus, Mercado Bitcoin, Quinto Andar, Vtex, Bitso e Facily acabaram dispensando dezenas de colaboradores, inclusive fechando setores inteiros dentro das respectivas empresas em alguns casos.<\/li>\n<li>Cerca do 20% do quadro da Ebanx agora encontra-se em busca de novas oportunidades, e nas redes amigos e colegas compartilham planilhas com dados dos ex-funcion\u00e1rios da startup para ajud\u00e1-los a se realocar no mercado.<\/li>\n<li>De acordo com a empresa, foram descontinuados diversos projetos \u2014 sem detalhes de quais foram esses \u2014 principalmente os que encontravam-se fora do escopo matriz da startup: pagamentos internacionais.<\/li>\n<li>A Ebanx afirma que todas as pessoas afetadas pela decis\u00e3o desta ter\u00e7a-feira ter\u00e3o acesso a um pacote de benef\u00edcios que inclui a extens\u00e3o do plano de sa\u00fade e o computador de trabalho, por exemplo.<\/li>\n<li>Classificada como startup unic\u00f3rnio brasileira desde outubro de 2019, a empresa fundada h\u00e1 uma d\u00e9cada colabora com diversas empresas estrangeiras proporcionando solu\u00e7\u00f5es de pagamentos em moeda local.<\/li>\n<li>Em junho do ano anterior, a <strong>Ebanx<\/strong> arrecadou U$ 430 milh\u00f5es em uma rodada da Advent International. E em dezembro desse mesmo ano a empresa adquiriu a plataforma de transfer\u00eancias monet\u00e1rias Remessa Online por R$ 1,2 bilh\u00e3o.<\/li>\n<\/ul>\n<h2 class=\"newsContent__article__title\">QuintoAndar anuncia expans\u00e3o para o M\u00e9xico e lan\u00e7a marca internacional<\/h2>\n<ul>\n<li>A plataforma brasileira de moradia <strong><a class=\"suno-keyword\" href=\"https:\/\/www.suno.com.br\/artigos\/quinto-andar\/\" target=\"_blank\" rel=\"noopener\" data-force=\"no\" data-priority=\"2\">QuintoAndar<\/a><\/strong>\u00a0anunciou hoje (21) que vai come\u00e7ar opera\u00e7\u00e3o na\u00a0<strong>Cidade do M\u00e9xico<\/strong>, a primeira fora do pa\u00eds. Sob o nome Benvi, a nova marca internacional da proptech, a empresa disse que oferecer\u00e1 servi\u00e7os de aluguel como j\u00e1 faz no Brasil no mercado mexicano.<\/li>\n<li>\u201cA partir de hoje, os mexicanos poder\u00e3o encontrar seu lugar no mundo por meio da experi\u00eancia digital r\u00e1pida, simples e sem burocracia de Benvi, que ajudou mais de 500.000 pessoas a viverem melhor no Brasil\u201d, diz nota do QuintoAndar.<\/li>\n<li>Em dezembro de 2021, o QuintoAndar adquiriu as opera\u00e7\u00f5es imobili\u00e1rias do Grupo Navent, com empresas em seis pa\u00edses da Am\u00e9rica Latina, incluindo a Inmuebles24, no M\u00e9xico \u2013 a l\u00edder em classificados do segmento. \u201cO conhecimento da Inmuebles24 sobre o mercado local foi fundamental para que Benvi pudesse se aprofundar no cen\u00e1rio imobili\u00e1rio mexicano, e ser\u00e1 essencial \u00e0 medida que nos apresentarmos no pa\u00eds. As solu\u00e7\u00f5es de Benvi para propriet\u00e1rios e inquilinos ir\u00e3o ajud\u00e1-los a superar quest\u00f5es de moradia relevantes e nos colocar em uma posi\u00e7\u00e3o \u00fanica no mercado, como a melhor op\u00e7\u00e3o para aluguel na Cidade do M\u00e9xico\u201d, explica Nicol\u00e1s Tejerina, vice-presidente de Marketplaces Latam do QuintoAndar e principal executivo da opera\u00e7\u00e3o mexicana.<\/li>\n<li>O <strong>app de Benvi<\/strong>\u00a0est\u00e1 dispon\u00edvel em todas as lojas de aplicativos, segundo a QuintoAndar. \u201cOs propriet\u00e1rios j\u00e1 podem anunciar seus\u00a0<strong>im\u00f3veis para aluguel<\/strong> e acessar os benef\u00edcios exclusivos do processo, como fotos profissionais gratuitas, an\u00e1lise de cr\u00e9dito simplificada, suporte jur\u00eddico sem custo, experi\u00eancia digital de ponta a ponta segura e sem empecilhos para negocia\u00e7\u00e3o. Os interessados em alugar uma casa nova na Cidade do M\u00e9xico, j\u00e1 podem navegar pelas lista de im\u00f3veis dispon\u00edveis e agendar visitas diretamente no site.\u201d<\/li>\n<li>Atualmente, o QuintoAndar opera em mais de 75 cidades no Brasil, com mais de 175 mil contratos ativos de aluguel e R$ 90 bilh\u00f5es em ativos sob administra\u00e7\u00e3o. A expans\u00e3o para o M\u00e9xico foi anunciada em 2021, pr\u00f3ximo ao an\u00fancio sobre a extens\u00e3o da s\u00e9rie E de investimentos da empresa que elevou seu valuation para US$ 5,1 bilh\u00f5es, \u201cconsolidando o QuintoAndar como a maior plataforma de moradia da Am\u00e9rica Latina e uma das maiores startups do Brasil\u201d.<\/li>\n<li>\u201cO Benvi chega ao M\u00e9xico com sua plataforma de aluguel com a mesma proposta de valor j\u00e1 prestigiada no Brasil, desde a busca personalizada at\u00e9 a gest\u00e3o do aluguel e contratos, incluindo as melhores garantias do mercado para propriet\u00e1rios, com pagamento garantido independentemente do atraso ou inadimpl\u00eancia do inquilino, al\u00e9m de prote\u00e7\u00e3o contra danos at\u00e9 MXN\uff04 200.000\u201d, diz comunicado do aplicativo. \u201cPara o inquilino, os benef\u00edcios incluem aus\u00eancia da figura do fiador e contrato assinado sem necessidade de dep\u00f3sito ou aval. A escolha pelo pa\u00eds \u00e9 motivada pelo tamanho e similaridade entre os os dois mercados, como burocracia, garantias financeiras complexas, pouca agilidade e flexibilidade nas negocia\u00e7\u00f5es, cadeia fragmentada e gest\u00e3o assim\u00e9trica e informal de propriedades.\u201d<\/li>\n<li>Gabriel Braga, cofundador e CEO do QuintoAndar, disse em entrevista \u00e0 Forbes: \u201cO M\u00e9xico \u00e9 o segundo pa\u00eds mais relevante da Am\u00e9rica Latina em termos de tamanho e popula\u00e7\u00e3o. Por l\u00e1, o <strong>mercado imobili\u00e1rio<\/strong> sofre dores muito similares \u00e0s que n\u00f3s estamos ajudando a solucionar aqui no Brasil. Encontrar um im\u00f3vel no M\u00e9xico \u00e9 trabalhoso, as informa\u00e7\u00f5es s\u00e3o muito fragmentadas, voc\u00ea tem que fazer v\u00e1rias visitas improdutivas para encontrar o que procura, o processo n\u00e3o \u00e9 simples\u201d diz.<\/li>\n<li>Segundo pesquisa realizada pela empresa, apenas 17% dos 35 milh\u00f5es de im\u00f3veis residenciais no M\u00e9xico, no final do ano passado, estavam sendo ocupados para aluguel.<\/li>\n<li>Na vis\u00e3o do presidente, a proposta da empresa, que toma conta de contratos imobili\u00e1rios de R$ 90 bilh\u00f5es, pode ser de imenso valor em novos mercados. \u201cFacilidades como ter fotos profissionais, fazer todo o processo de forma digital e poder contar com as garantias de loca\u00e7\u00e3o e prote\u00e7\u00e3o contra danos de at\u00e9 200 mil pesos mexicanos (R$ 52 mil) podem levar o <strong>mercado mexicano<\/strong> para outro patamar\u201d, afirma Braga.<\/li>\n<li>\u201cNesse primeiro momento estamos indo com o esp\u00edrito de abertura, para aprender e entender como as coisas realmente funcionam por l\u00e1. Nossa plataforma nos permite operar com outras l\u00ednguas, moedas e outras peculiaridades. Al\u00e9m disso, temos um time no M\u00e9xico dedicado a entender como funcionam os processos e fazer a opera\u00e7\u00e3o dar certo\u201d, diz o CEO em entrevista com a Forbes.<\/li>\n<li>\u201dComo marca internacional, precis\u00e1vamos de um nome curto e simples que pudesse ser falado e entendido em diferentes idiomas, que provocasse associa\u00e7\u00f5es e significados positivos para nossa marca e que pudesse representar nosso posicionamento em diferentes partes do mundo\u201d, explica o CMO do QuintoAndar, Jo\u00e3o Chueiri, sobre a Benvi. E acrescenta: \u201cO desenvolvimento da marca Benvi est\u00e1 alinhado ao rebranding, feito em janeiro de 2022, que consolidou o nosso posicionamento como uma empresa que abre portas para o morar melhor com todo o cuidado e aten\u00e7\u00e3o que a moradia merece. Da mesma forma, a nova identidade visual foi criada para funcionar para ambas as marcas\u201d, finaliza, citando a Benvi.<\/li>\n<li>O <strong>QuintoAndar<\/strong>\u00a0foi avaliado, em agosto de 2021, pelo valor de R$ 26,4 bilh\u00f5es em sua \u00faltima rodada de investimentos.<\/li>\n<\/ul>\n<h2>Mercado Pago reinventa \u201cXou da Xuxa\u201d, estrelando Sasha Meneghel<\/h2>\n<ul>\n<li>O <strong>Mercado Pago<\/strong>, empresa de servi\u00e7os financeiros da plataforma de e-commerce <strong>Mercado Livre<\/strong> (<a class=\"suno-keyword\" href=\"https:\/\/www.suno.com.br\/bdrs\/meli34\/\" target=\"_blank\" rel=\"noopener\" data-force=\"yes\" data-priority=\"2\">MELI34<\/a>), divulgou nesta ter\u00e7a-feira (21) sua nova vers\u00e3o do programa de televis\u00e3o \u201cXou da Xuxa\u201d. A estrela, desta vez, \u00e9 Sasha, filha de Xuxa Meneghel.<\/li>\n<li>A a\u00e7\u00e3o publicit\u00e1ria faz parte da campanha para a nova conta banc\u00e1ria gratuita do Mercado Pago, cujo foco s\u00e3o os adolescentes de 13 a 17 anos.<\/li>\n<li>Chamada de \u201cConta s\u00f3 para grandinhos\u201d, a a\u00e7\u00e3o incentiva os respons\u00e1veis dos adolescentes a criarem uma conta no Mercado Pago, com a inten\u00e7\u00e3o de levar discuss\u00e3o sobre finan\u00e7as para os mais jovens.<\/li>\n<li>Em entrevista ao Estad\u00e3o, Iuri Maia, l\u00edder de marca do Mercado Pago, afirma que a empresa quer falar sobre <strong><a class=\"suno-keyword\" href=\"https:\/\/www.suno.com.br\/artigos\/educacao-financeira\/\" target=\"_blank\" rel=\"noopener\" data-force=\"no\" data-priority=\"2\">educa\u00e7\u00e3o financeira<\/a><\/strong> com eles [os jovens], \u201c\u00e9 a forma que n\u00f3s estamos construindo a nossa marca\u201d, disse.<\/li>\n<li>A campanha traz quadros cl\u00e1ssicos do antigo programa da m\u00e3e de Sasha, Xuxa Meneghel, com uma vers\u00e3o atualizada, ainda que \u201cretr\u00f4\u201d, com elementos tecnol\u00f3gicos.<\/li>\n<li>Em v\u00eddeo, Sasha narra os benef\u00edcios da conta da empresa, acompanhada por \u201cpaquitas\u201d, as antigas assistentes de palco do programa.<\/li>\n<li>\u201cEsse foi um trabalho super divertido \u2013 e diferente \u2013 para mim. Eu me orgulho muito da trajet\u00f3ria da minha m\u00e3e. Fico feliz quando tenho a oportunidade de demonstrar isso\u201d, disse Sasha, em entrevista ao Estad\u00e3o.<\/li>\n<\/ul>\n<h2 class=\"newsContent__article__title\">Weg (WEGE3) pagar\u00e1 R$ 181,6 milh\u00f5es em JCP; veja valor por a\u00e7\u00e3o<\/h2>\n<ul>\n<li>A <a class=\"suno-keyword\" href=\"https:\/\/www.suno.com.br\/acoes\/WEGE3\/\" target=\"_blank\" rel=\"noopener\" data-force=\"yes\" data-priority=\"2\"><strong>Weg<\/strong>\u00a0(WEGE3)<\/a>\u00a0comunicou nesta ter\u00e7a-feira (21) que vai pagar R$ 181,6 milh\u00f5es em\u00a0<a class=\"suno-keyword\" href=\"https:\/\/www.suno.com.br\/artigos\/entenda-o-jcp\/\" target=\"_blank\" rel=\"noopener\" data-force=\"no\" data-priority=\"1\">Juros Sobre Capital Pr\u00f3prio<\/a>\u00a0(<strong>JCP<\/strong>) aos seus acionistas.<\/li>\n<li>De acordo com <a class=\"suno-keyword\" href=\"https:\/\/www.suno.com.br\/artigos\/fato-relevante\/\" target=\"_blank\" rel=\"noopener\" data-force=\"no\" data-priority=\"1\">fato relevante<\/a>, o valor dos proventos por a\u00e7\u00e3o ser\u00e1 de R$ 0,04, que ser\u00e3o pagos em 17 de agosto.<\/li>\n<li>Apenas os investidores com <strong>a\u00e7\u00f5es da Weg<\/strong>\u00a0no dia 24 de junho ter\u00e3o direito de receber os rendimentos. A partir do dia 27 de junho, as a\u00e7\u00f5es ser\u00e3o negociadas sem direito aos\u00a0<strong><a class=\"suno-keyword\" href=\"https:\/\/www.suno.com.br\/guias\/dividendos\/\" target=\"_blank\" rel=\"noopener\" data-force=\"no\" data-priority=\"1\">dividendos<\/a><\/strong>.<\/li>\n<li>Segundo documento arquivado na <strong>Comiss\u00e3o de Valores Mobili\u00e1rios (CVM)<\/strong>, esses proventos fazem parte dos dividendos obrigat\u00f3rios do exerc\u00edcio de 2022.<\/li>\n<li>O valor dos JCP ter\u00e1 reten\u00e7\u00e3o do imposto de renda na fonte, com al\u00edquota de 15%, resultando em aproximadamente R$ 0,03 por a\u00e7\u00e3o.<\/li>\n<\/ul>\n<h2>JCP da Weg<\/h2>\n<ul>\n<li>Valor total: R$\u00a0181.661.262,12<\/li>\n<li>Valor por a\u00e7\u00e3o: R$ 0,043294118<\/li>\n<li>Data de corte: 24 de junho<\/li>\n<li>Data do pagamento: 17 de agosto<\/li>\n<li>Rendimento (dividend yield): 1,86%<\/li>\n<\/ul>\n<h2>Weg (WEGE3) \u00e9 aposta segura e \u00e0 prova de crise, diz BTG; a\u00e7\u00f5es sobem<\/h2>\n<ul>\n<li>Revisando sua tese, o <a class=\"suno-keyword\" href=\"https:\/\/www.suno.com.br\/acoes\/BPAC11\/\" target=\"_blank\" rel=\"noopener\" data-force=\"yes\" data-priority=\"2\">BTG Pactual (BPAC11)<\/a>\u00a0recomenda compra para as a\u00e7\u00f5es da\u00a0<a class=\"suno-keyword\" href=\"https:\/\/www.suno.com.br\/acoes\/WEGE3\/\" target=\"_blank\" rel=\"noopener\" data-force=\"yes\" data-priority=\"2\"><strong>Weg<\/strong>\u00a0(WEGE3)<\/a>. O pre\u00e7o-alvo da casa \u00e9 de R$ 40, ante cerca de R$ 22 na cota\u00e7\u00e3o atual.<\/li>\n<li>Para os analistas da casa, comprar as a\u00e7\u00f5es da Weg \u00e9 fazer \u2018uma aposta segura em tempos incertos\u2019, dado o contexto de risco de <a class=\"suno-keyword\" href=\"https:\/\/www.suno.com.br\/artigos\/recessao-economica\/\" target=\"_blank\" rel=\"noopener\" data-force=\"no\" data-priority=\"1\">recess\u00e3o econ\u00f4mica<\/a>.<\/li>\n<li>\u201cA crescente <a class=\"suno-keyword\" href=\"https:\/\/www.suno.com.br\/artigos\/aversao-ao-risco\/\" target=\"_blank\" rel=\"noopener\" data-force=\"no\" data-priority=\"1\">avers\u00e3o ao risco<\/a>\u00a0em a\u00e7\u00f5es globais est\u00e1 for\u00e7ando os investidores a buscar nomes defensivos em todo o mundo, inevitavelmente nos levando a revisar nosso modelo\u00a0<strong>WEGE3<\/strong>, discutir recentes tend\u00eancias e reconsiderar nossa aposta no nome, em meio \u00e0 recente liquida\u00e7\u00e3o do mercado. Apesar de n\u00e3o sabermos por quanto tempo o\u00a0<a class=\"suno-keyword\" href=\"https:\/\/www.suno.com.br\/artigos\/bear-market\/\" target=\"_blank\" rel=\"noopener\" data-force=\"no\" data-priority=\"1\">bear market<\/a> ir\u00e1 durar, os n\u00edveis de avalia\u00e7\u00e3o atuais e um modelo de neg\u00f3cios \u00e0 prova de crises suportam nosso upgrade para recomenda\u00e7\u00e3o de compra\u201d, afirmam os analistas.<\/li>\n<li>Vale lembrar que o\u00a0<strong>BTG Pactual<\/strong> cobre a Weg h\u00e1 anos e nunca a deu recomenda\u00e7\u00e3o de compra para a companhia.<\/li>\n<li>S\u00e3o tr\u00eas as considera\u00e7\u00f5es sugeridas pelo BTG Pactual ao analisar a Weg:<\/li>\n<\/ul>\n<ul>\n<li>Um ciclo perene de ramp-up, verticaliza\u00e7\u00e3o industrial e aumento da competitividade<\/li>\n<li>Produtos com grande flexibilidade, pois os\u00a0<strong>motores el\u00e9tricos<\/strong>\u00a0s\u00e3o aplicados em muitos processos industriais, e o sistema industrial minimiza os requisitos de capital<\/li>\n<li>Fabrica\u00e7\u00e3o e customiza\u00e7\u00e3o que d\u00e1 exposi\u00e7\u00e3o a v\u00e1rias tend\u00eancias duradouras do setor, como energia efici\u00eancia e mobilidade el\u00e9trica, refor\u00e7ando seu apelo\u00a0<a class=\"suno-keyword\" href=\"https:\/\/www.suno.com.br\/guias\/esg\/\" target=\"_blank\" rel=\"noopener\" data-force=\"no\" data-priority=\"2\">ESG<\/a><\/li>\n<li>\u201cVisitamos a\u00a0<strong>sede da Weg em Jaragu\u00e1 do Sul<\/strong> (SC) esta semana para conferir nossos pensamentos sobre a resili\u00eancia do neg\u00f3cio. O feedback foi positivo, confirmando que a Weg est\u00e1 alavancando seu processo produtivo verticalmente integrado para ganhar participa\u00e7\u00e3o de outros produtores que dependem muito de fornecedores terceirizados\u201d, afirmam os analistas do BTG.<\/li>\n<li>Os analistas destacam que a companhia est\u00e1 come\u00e7ando suas opera\u00e7\u00f5es em outras regi\u00f5es promissoras (por exemplo, \u00cdndia e Turquia) e deve apoiar continuidade do crescimento no\u00a0<a class=\"suno-keyword\" href=\"https:\/\/www.suno.com.br\/artigos\/mercado-externo\/\" target=\"_blank\" rel=\"noopener\" data-force=\"no\" data-priority=\"1\">mercado externo<\/a>, al\u00e9m de proporcionar uma melhor utiliza\u00e7\u00e3o da planta (taxa de execu\u00e7\u00e3o superiores aos volumes pr\u00e9-pandemia).<\/li>\n<li>\u201cA principal raz\u00e3o para nossa antiga classifica\u00e7\u00e3o Neutra foi o <a class=\"suno-keyword\" href=\"https:\/\/www.suno.com.br\/artigos\/premio-de-risco\/\" target=\"_blank\" rel=\"noopener\" data-force=\"no\" data-priority=\"1\">pr\u00eamio de risco<\/a> exagerado da Weg ante pares globais. Depois de cair 28% no acumulado do ano, esse pr\u00eamio diminuiu para um hist\u00f3rico de 5 anos baixo, oferecendo um bom ponto de entrada\u201d, dizem os analistas.<\/li>\n<li>\u201cQuando pensamos em uma empresa para comprar e manter, independente do pre\u00e7o, costumamos pensar na Weg \u2013 uma vis\u00e3o geralmente ofuscada por um rica valoriza\u00e7\u00e3o\u201d, concluem.<\/li>\n<li>No preg\u00e3o de hoje, a cota\u00e7\u00e3o das a\u00e7\u00f5es da <b>Weg\u00a0<\/b>subiu 4,98%, cotada a R$ 25,30. No ano, o papel acumula baixa de 20,99%.<\/li>\n<\/ul>\n<h2 class=\"newsContent__article__title\">A\u00e7\u00f5es de Cogna (COGN3) e Yduqs (YDUQ3) caem 4%; entenda o que aconteceu<\/h2>\n<ul>\n<li>Os ativos das empresas do setor de educa\u00e7\u00e3o est\u00e3o sofrendo nesta ter\u00e7a-feira (21). <a class=\"suno-keyword\" href=\"https:\/\/www.suno.com.br\/acoes\/COGN3\/\" target=\"_blank\" rel=\"noopener\" data-force=\"yes\" data-priority=\"2\"><strong>Cogna<\/strong>\u00a0(COGN3)<\/a>\u00a0lidera as perdas do dia no<strong>\u00a0Ibovespa hoje<\/strong>, fechando em queda de 4,76%, cotada a R$ 2,20. A\u00a0<a class=\"suno-keyword\" href=\"https:\/\/www.suno.com.br\/acoes\/yduq3\/\" target=\"_blank\" rel=\"noopener\" data-force=\"yes\" data-priority=\"2\"><strong>Yduqs\u00a0<\/strong>(YDUQ3)<\/a> perdeu 3,45%, a R$ 13,17.<\/li>\n<li>As a\u00e7\u00f5es de diversas companhias do setor est\u00e3o sendo pressionadas para baixo com a rea\u00e7\u00e3o de um pedido no\u00a0<strong>Supremo Tribunal Federal (STF)<\/strong> pela Associa\u00e7\u00e3o Nacional das Universidade Particulares (Anup) para cancelar os pedidos de abertura de cursos de medicina fora da lei do programa Mais M\u00e9dicos.<\/li>\n<li>\u201cFora a maior sensibilidade com a perspectiva de juros altos, o que afeta de forma global o mercado acion\u00e1rio, os pap\u00e9is de educa\u00e7\u00e3o s\u00e3o penalizados pela incerteza jur\u00eddica sobre o setor devido aos recentes processos impetrados no STF sobre a autoriza\u00e7\u00e3o e funcionamento de cursos de medicina\u201d, disse Alexsandro Nishimura, economista, head de conte\u00fado e s\u00f3cio da BRA.<\/li>\n<li>Na \u00faltima sexta-feira (17), o Conselho de Reitores das Universidade Brasileiras (CRUB) tamb\u00e9m protocolou a\u00e7\u00e3o de inconstitucionalidade no STF a respeito de autoriza\u00e7\u00f5es e o funcionamento de cursos de medicina.<\/li>\n<li>O crescimento de Cogna e YDUQS, entre outras empresas do setor, est\u00e1 atrelado aos cursos de medicina.<\/li>\n<\/ul>\n<p><a href=\"https:\/\/lp.suno.com.br\/5-amostras-suno-research\/\" target=\"_blank\" rel=\"noopener\" data-element=\"shortcode-suno-banner\" data-parameter=\"banner-mat-1-https:\/\/lp.suno.com.br\/5-amostras-suno-research\/\"><picture><source srcset=\"https:\/\/files.sunoresearch.com.br\/n\/uploads\/2022\/06\/Banner-Noticias-400x3005-amostras-400x300.jpg\" media=\"(max-width: 500px)\" \/><\/picture><\/a><\/p>\n<h2 class=\"newsContent__article__title\">Allied (ALLD3) lan\u00e7a plataforma de vendas de eletr\u00f4nicos usados<\/h2>\n<ul>\n<li>A <strong>Allied<\/strong> (ALLD3) anunciou nesta ter\u00e7a-feira (21) o lan\u00e7amento de uma plataforma de vendas de produtos eletr\u00f4nicos usados chamada Trocafy. Segundo a empresa, o objetivo inicial \u00e9 a negocia\u00e7\u00e3o de smartphones das marcas Apple (<a class=\"suno-keyword\" href=\"https:\/\/www.suno.com.br\/bdrs\/aapl34\/\" target=\"_blank\" rel=\"noopener\" data-force=\"yes\" data-priority=\"2\">AAPL34<\/a>), Samsung e Motorola, de acordo com comunicado enviado \u00e0 <strong>Comiss\u00e3o de Valores Mobili\u00e1rios (CVM)<\/strong>. A companhia poder\u00e1 envolver a entrada de novos produtos no m\u00e9dio prazo.<\/li>\n<li>\u201cEsse lan\u00e7amento \u00e9 aderente aos fundamentos de crescimento e de iniciativas de ASG (Ambiental, Social e Governan\u00e7a) da companhia e est\u00e1 alinhado ao seu direcionamento estrat\u00e9gico de buscar a lideran\u00e7a no mercado de recondicionados, aproveitando sua presen\u00e7a no <strong>segmento de eletr\u00f4nicos<\/strong> e a oferta de aparelhos recebidos por meio do Programa iPhone pra Sempre, em parceria com a Apple e o <a class=\"suno-keyword\" href=\"https:\/\/www.suno.com.br\/acoes\/ITUB4\/\" target=\"_blank\" rel=\"noopener\" data-force=\"yes\" data-priority=\"2\">Ita\u00fa (ITUB4)<\/a>\u201d, afirma a Allied em nota.<\/li>\n<li>Conforme a companhia, a Trocafy ter\u00e1 os benef\u00edcios oferecidos aos consumidores de uma garantia de 3 meses, devolu\u00e7\u00e3o f\u00e1cil em at\u00e9 10 dias e um controle de qualidade realizado por profissionais qualificados pela Allied.<\/li>\n<li>De acordo com a pesquisa do International Data Corporation (IDC), levantamento feito em novembro de 2021, o mercado de smartphones usados movimentou R$ 2,8 bilh\u00f5es naquele ano. A expectativa \u00e9 de atingir R$ 5 bilh\u00f5es at\u00e9 2024, informa a <strong>Allied<\/strong> em seu comunicado.<\/li>\n<\/ul>\n<h2 class=\"newsContent__article__title\">Multiplan (MULT3) vai pagar R$ 145 milh\u00f5es em JCP; confira valor por a\u00e7\u00e3o<\/h2>\n<ul>\n<li>A <a class=\"suno-keyword\" href=\"https:\/\/www.suno.com.br\/acoes\/MULT3\/\" target=\"_blank\" rel=\"noopener\" data-force=\"yes\" data-priority=\"2\"><strong>Multiplan<\/strong>\u00a0(MULT3)<\/a>\u00a0informou nesta ter\u00e7a-feira (21), via\u00a0<a class=\"suno-keyword\" href=\"https:\/\/www.suno.com.br\/artigos\/fato-relevante\/\" target=\"_blank\" rel=\"noopener\" data-force=\"no\" data-priority=\"1\">fato relevante<\/a>, que vai pagar R$ 145 milh\u00f5es em\u00a0<a class=\"suno-keyword\" href=\"https:\/\/www.suno.com.br\/artigos\/entenda-o-jcp\/\" target=\"_blank\" rel=\"noopener\" data-force=\"no\" data-priority=\"1\">Juros Sobre Capital Pr\u00f3prio<\/a> (JCP) aos seus acionistas.<\/li>\n<li>O valor dos proventos por a\u00e7\u00e3o ser\u00e1 de R$ 0,24, que ser\u00e3o pagos at\u00e9 30 de junho de 2023.<\/li>\n<li>Apenas os investidores com <strong>a\u00e7\u00f5es da Multiplan<\/strong>\u00a0no dia 24 de junho poder\u00e3o receber os rendimentos. A partir do dia 27 de junho as a\u00e7\u00f5es ser\u00e3o negociadas sem direito aos\u00a0<a class=\"suno-keyword\" href=\"https:\/\/www.suno.com.br\/guias\/dividendos\/\" target=\"_blank\" rel=\"noopener\" data-force=\"no\" data-priority=\"1\">dividendos<\/a>.<\/li>\n<li>Segundo documento arquivado na Comiss\u00e3o de Valores Mobili\u00e1rios (CVM), esses proventos fazem parte dos dividendos obrigat\u00f3rios do exerc\u00edcio de 2022.<\/li>\n<li>O valor dos JCP ter\u00e1 reten\u00e7\u00e3o do imposto de renda na fonte, com al\u00edquota de 15%, resultando em aproximadamente R$ 0,21 por a\u00e7\u00e3o.<\/li>\n<\/ul>\n<h2>JCP da Multiplan<\/h2>\n<ul>\n<li>Valor total: R$ 145 milh\u00f5es<\/li>\n<li>Valor por a\u00e7\u00e3o: R$ 0,24715441155<\/li>\n<li>Data de corte: 24 de junho<\/li>\n<li>Data do pagamento: at\u00e9 30 de junho de 2023<\/li>\n<li>Rendimento (dividend yield): 2,19%<\/li>\n<\/ul>\n\t<p>\n\t\t<a href=\"https:\/\/lp.suno.com.br\/ebook-como-analisar-uma-acao\/\" target=\"_blank\" data-element=\"shortcode-suno-banner\" title=\"Banner SUNO, clique e saiba mais\">\n\t\t\t<picture>\n\t\t\t\t<source media=\"(max-width: 500px)\" srcset=\"https:\/\/files.sunoresearch.com.br\/n\/uploads\/2023\/03\/Ebook-Acoes-Mobile-1.jpg\">\n\t\t\t\t<img class=\"newsContent__article__imgCapa newsContent__article__imgCapa--banner\"\n\t\t\t\t\tsrc=\"https:\/\/files.sunoresearch.com.br\/n\/uploads\/2023\/03\/Ebook-Acoes-Desktop-1.jpg\"\n\t\t\t\t\tdata-promo-id=\"171998\"\t\t\t\t\t\t\t\t\t\twidth='1420' height='286'\t\t\t\t\talt=\"https:\/\/files.sunoresearch.com.br\/n\/uploads\/2023\/03\/Ebook-Acoes-Desktop-1.jpg\"\n\t\t\t\t>\n\t\t\t<\/picture>\n\t\t<\/a>\n\t<\/p>\n\n\n<p>Da <b>Tesla <\/b>\u00e0 Allied, essas foram as empresas que se destacaram hoje. Para ler todas as mat\u00e9rias <a href=\"https:\/\/www.suno.com.br\/noticias\/\">clique aqui<\/a>.<\/p>\n","protected":false},"excerpt":{"rendered":"<p>Com suspeita de espionagem, a China decidiu tomar uma medida que pro\u00edbe ve\u00edculos da Tesla (TSLA34) de entrar no distrito de Beidaihe, em Qinhuangdao, prov\u00edncia de Hebei, norte do pa\u00eds. Durante a temporada de ver\u00e3o, o local costuma hospedar reuni\u00f5es da lideran\u00e7a do Partido Comunista e fica a 300 km a leste de Pequim, em [&hellip;]<\/p>\n","protected":false},"author":174,"featured_media":71291,"comment_status":"closed","ping_status":"closed","sticky":false,"template":"","format":"standard","meta":[],"categories":[64],"tags":[106150,1235,1873,727],"suno_strategy":[],"class_list":["post-269716","post","type-post","status-publish","format-standard","has-post-thumbnail","hentry","category-negocios","tag-allied-alld3","tag-mercado-livre-meli34","tag-mercado-pago","tag-tesla-tsla34"],"yoast_head":"<!-- This site is optimized with the Yoast SEO plugin v24.4 - https:\/\/yoast.com\/wordpress\/plugins\/seo\/ -->\n<title>Radar: Weg (WEGE3) paga proventos milion\u00e1rios, Tesla (TSLA34) sofre restri\u00e7\u00f5es na China<\/title>\n<meta name=\"description\" content=\"Os ve\u00edculos da Tesla passaram a ser limitados na China por suspeitas de espionagem. Weg (WEGE3) anuncia JCP milion\u00e1rio. Veja!\" \/>\n<meta name=\"robots\" content=\"index, follow, max-snippet:-1, max-image-preview:large, max-video-preview:-1\" \/>\n<link rel=\"canonical\" href=\"https:\/\/www.suno.com.br\/noticias\/radar-multiplan-mult3-weg-wege3-tesla-tsla34-china\/\" \/>\n<meta property=\"og:locale\" content=\"pt_BR\" \/>\n<meta property=\"og:type\" content=\"article\" \/>\n<meta property=\"og:title\" content=\"Radar: Weg (WEGE3) paga proventos milion\u00e1rios, Tesla (TSLA34) sofre restri\u00e7\u00f5es na China\" \/>\n<meta property=\"og:description\" content=\"Os ve\u00edculos da Tesla passaram a ser limitados na China por suspeitas de espionagem. Weg (WEGE3) anuncia JCP milion\u00e1rio. Veja!\" \/>\n<meta property=\"og:url\" content=\"https:\/\/www.suno.com.br\/noticias\/radar-multiplan-mult3-weg-wege3-tesla-tsla34-china\/\" \/>\n<meta property=\"og:site_name\" content=\"Suno Not\u00edcias\" \/>\n<meta property=\"article:publisher\" content=\"https:\/\/facebook.com\/sunoresearch\" \/>\n<meta property=\"og:image\" content=\"https:\/\/files.sunoresearch.com.br\/n\/uploads\/2020\/07\/632d0ab3-tsla.jpg\" \/>\n\t<meta property=\"og:image:width\" content=\"1400\" \/>\n\t<meta property=\"og:image:height\" content=\"950\" \/>\n\t<meta property=\"og:image:type\" content=\"image\/jpeg\" \/>\n<meta name=\"author\" content=\"Jorge C. Carrasco\" \/>\n<meta name=\"twitter:card\" content=\"summary_large_image\" \/>\n<meta name=\"twitter:creator\" content=\"@sunoresearch\" \/>\n<meta name=\"twitter:site\" content=\"@sunoresearch\" \/>\n<meta name=\"twitter:label1\" content=\"Escrito por\" \/>\n\t<meta name=\"twitter:data1\" content=\"Jorge C. Carrasco\" \/>\n\t<meta name=\"twitter:label2\" content=\"Est. tempo de leitura\" \/>\n\t<meta name=\"twitter:data2\" content=\"17 minutos\" \/>\n<script type=\"application\/ld+json\" class=\"yoast-schema-graph\">{\"@context\":\"https:\/\/schema.org\",\"@graph\":[{\"@type\":\"NewsArticle\",\"@id\":\"https:\/\/www.suno.com.br\/noticias\/radar-multiplan-mult3-weg-wege3-tesla-tsla34-china\/#article\",\"isPartOf\":{\"@id\":\"https:\/\/www.suno.com.br\/noticias\/radar-multiplan-mult3-weg-wege3-tesla-tsla34-china\/\"},\"author\":{\"name\":\"Jorge C. Carrasco\",\"@id\":\"https:\/\/www.suno.com.br\/noticias\/#\/schema\/person\/5e3d16fbfcfd3307a21fee0ba2e51dce\"},\"headline\":\"Radar: Weg (WEGE3) paga proventos milion\u00e1rios, Tesla (TSLA34) sofre restri\u00e7\u00f5es na China, QuintoAndar chega ao M\u00e9xico\",\"datePublished\":\"2022-06-22T00:36:23+00:00\",\"mainEntityOfPage\":{\"@id\":\"https:\/\/www.suno.com.br\/noticias\/radar-multiplan-mult3-weg-wege3-tesla-tsla34-china\/\"},\"wordCount\":3186,\"publisher\":{\"@id\":\"https:\/\/www.suno.com.br\/noticias\/#organization\"},\"image\":{\"@id\":\"https:\/\/www.suno.com.br\/noticias\/radar-multiplan-mult3-weg-wege3-tesla-tsla34-china\/#primaryimage\"},\"thumbnailUrl\":\"https:\/\/files.sunoresearch.com.br\/n\/uploads\/2020\/07\/632d0ab3-tsla-jpg.webp\",\"keywords\":[\"Allied (ALLD3)\",\"Mercado Livre (MELI34)\",\"Mercado Pago\",\"Tesla (TSLA34)\"],\"articleSection\":[\"Neg\u00f3cios\"],\"inLanguage\":\"pt-BR\"},{\"@type\":\"WebPage\",\"@id\":\"https:\/\/www.suno.com.br\/noticias\/radar-multiplan-mult3-weg-wege3-tesla-tsla34-china\/\",\"url\":\"https:\/\/www.suno.com.br\/noticias\/radar-multiplan-mult3-weg-wege3-tesla-tsla34-china\/\",\"name\":\"Radar: Weg (WEGE3) paga proventos milion\u00e1rios, Tesla (TSLA34) sofre restri\u00e7\u00f5es na China\",\"isPartOf\":{\"@id\":\"https:\/\/www.suno.com.br\/noticias\/#website\"},\"primaryImageOfPage\":{\"@id\":\"https:\/\/www.suno.com.br\/noticias\/radar-multiplan-mult3-weg-wege3-tesla-tsla34-china\/#primaryimage\"},\"image\":{\"@id\":\"https:\/\/www.suno.com.br\/noticias\/radar-multiplan-mult3-weg-wege3-tesla-tsla34-china\/#primaryimage\"},\"thumbnailUrl\":\"https:\/\/files.sunoresearch.com.br\/n\/uploads\/2020\/07\/632d0ab3-tsla-jpg.webp\",\"datePublished\":\"2022-06-22T00:36:23+00:00\",\"description\":\"Os ve\u00edculos da Tesla passaram a ser limitados na China por suspeitas de espionagem. Weg (WEGE3) anuncia JCP milion\u00e1rio. Veja!\",\"breadcrumb\":{\"@id\":\"https:\/\/www.suno.com.br\/noticias\/radar-multiplan-mult3-weg-wege3-tesla-tsla34-china\/#breadcrumb\"},\"inLanguage\":\"pt-BR\",\"potentialAction\":[{\"@type\":\"ReadAction\",\"target\":[\"https:\/\/www.suno.com.br\/noticias\/radar-multiplan-mult3-weg-wege3-tesla-tsla34-china\/\"]}]},{\"@type\":\"ImageObject\",\"inLanguage\":\"pt-BR\",\"@id\":\"https:\/\/www.suno.com.br\/noticias\/radar-multiplan-mult3-weg-wege3-tesla-tsla34-china\/#primaryimage\",\"url\":\"https:\/\/files.sunoresearch.com.br\/n\/uploads\/2020\/07\/632d0ab3-tsla-jpg.webp\",\"contentUrl\":\"https:\/\/files.sunoresearch.com.br\/n\/uploads\/2020\/07\/632d0ab3-tsla-jpg.webp\",\"width\":1400,\"height\":950,\"caption\":\"Tesla tem desconto de 70% em impostos e pode construir f\u00e1brica no Texas\"},{\"@type\":\"BreadcrumbList\",\"@id\":\"https:\/\/www.suno.com.br\/noticias\/radar-multiplan-mult3-weg-wege3-tesla-tsla34-china\/#breadcrumb\",\"itemListElement\":[{\"@type\":\"ListItem\",\"position\":1,\"name\":\"Not\u00edcias\",\"item\":\"https:\/\/www.suno.com.br\/noticias\/\"},{\"@type\":\"ListItem\",\"position\":2,\"name\":\"Neg\u00f3cios\",\"item\":\"https:\/\/www.suno.com.br\/noticias\/negocios\/\"},{\"@type\":\"ListItem\",\"position\":3,\"name\":\"Radar: Weg (WEGE3) paga proventos milion\u00e1rios, Tesla (TSLA34) sofre restri\u00e7\u00f5es na China, QuintoAndar chega ao M\u00e9xico\"}]},{\"@type\":\"WebSite\",\"@id\":\"https:\/\/www.suno.com.br\/noticias\/#website\",\"url\":\"https:\/\/www.suno.com.br\/noticias\/\",\"name\":\"Suno Not\u00edcias\",\"description\":\"Seu portal de informa\u00e7\u00e3o sobre o mundo dos investimentos\",\"publisher\":{\"@id\":\"https:\/\/www.suno.com.br\/noticias\/#organization\"},\"potentialAction\":[{\"@type\":\"SearchAction\",\"target\":{\"@type\":\"EntryPoint\",\"urlTemplate\":\"https:\/\/www.suno.com.br\/noticias\/?s={search_term_string}\"},\"query-input\":{\"@type\":\"PropertyValueSpecification\",\"valueRequired\":true,\"valueName\":\"search_term_string\"}}],\"inLanguage\":\"pt-BR\"},{\"@type\":\"Organization\",\"@id\":\"https:\/\/www.suno.com.br\/noticias\/#organization\",\"name\":\"Suno Not\u00edcias\",\"url\":\"https:\/\/www.suno.com.br\/noticias\/\",\"logo\":{\"@type\":\"ImageObject\",\"inLanguage\":\"pt-BR\",\"@id\":\"https:\/\/www.suno.com.br\/noticias\/#\/schema\/logo\/image\/\",\"url\":\"https:\/\/files.sunoresearch.com.br\/n\/uploads\/2021\/09\/suno-logo.png\",\"contentUrl\":\"https:\/\/files.sunoresearch.com.br\/n\/uploads\/2021\/09\/suno-logo.png\",\"width\":180,\"height\":180,\"caption\":\"Suno Not\u00edcias\"},\"image\":{\"@id\":\"https:\/\/www.suno.com.br\/noticias\/#\/schema\/logo\/image\/\"},\"sameAs\":[\"https:\/\/facebook.com\/sunoresearch\",\"https:\/\/x.com\/sunoresearch\",\"https:\/\/www.instagram.com\/suno\",\"https:\/\/www.linkedin.com\/company\/suno-research\/\",\"https:\/\/www.youtube.com\/c\/sunoresearch\"]},{\"@type\":\"Person\",\"@id\":\"https:\/\/www.suno.com.br\/noticias\/#\/schema\/person\/5e3d16fbfcfd3307a21fee0ba2e51dce\",\"name\":\"Jorge C. Carrasco\",\"image\":{\"@type\":\"ImageObject\",\"inLanguage\":\"pt-BR\",\"@id\":\"https:\/\/www.suno.com.br\/noticias\/#\/schema\/person\/image\/\",\"url\":\"https:\/\/secure.gravatar.com\/avatar\/eba2cc7d7174b6b346ad398772f904f2?s=96&r=g\",\"contentUrl\":\"https:\/\/secure.gravatar.com\/avatar\/eba2cc7d7174b6b346ad398772f904f2?s=96&r=g\",\"caption\":\"Jorge C. Carrasco\"},\"description\":\"Jornalista e escritor com experi\u00eancia na cobertura de economia, empreendedorismo, mercado financeiro, pol\u00edtica e assuntos internacionais. J\u00e1 colaborou com diversos jornais e revistas do Brasil e do exterior, como Estad\u00e3o, \u00c9poca, Foreign Policy, The Spectator Aus, Washington Examiner e Quillette.\",\"sameAs\":[\"felipe.areia@sunoresearch.com.br\"],\"url\":\"https:\/\/www.suno.com.br\/noticias\/author\/jorge-carrasco\/\"}]}<\/script>\n<!-- \/ Yoast SEO plugin. -->","yoast_head_json":{"title":"Radar: Weg (WEGE3) paga proventos milion\u00e1rios, Tesla (TSLA34) sofre restri\u00e7\u00f5es na China","description":"Os ve\u00edculos da Tesla passaram a ser limitados na China por suspeitas de espionagem. Weg (WEGE3) anuncia JCP milion\u00e1rio. Veja!","robots":{"index":"index","follow":"follow","max-snippet":"max-snippet:-1","max-image-preview":"max-image-preview:large","max-video-preview":"max-video-preview:-1"},"canonical":"https:\/\/www.suno.com.br\/noticias\/radar-multiplan-mult3-weg-wege3-tesla-tsla34-china\/","og_locale":"pt_BR","og_type":"article","og_title":"Radar: Weg (WEGE3) paga proventos milion\u00e1rios, Tesla (TSLA34) sofre restri\u00e7\u00f5es na China","og_description":"Os ve\u00edculos da Tesla passaram a ser limitados na China por suspeitas de espionagem. Weg (WEGE3) anuncia JCP milion\u00e1rio. Veja!","og_url":"https:\/\/www.suno.com.br\/noticias\/radar-multiplan-mult3-weg-wege3-tesla-tsla34-china\/","og_site_name":"Suno Not\u00edcias","article_publisher":"https:\/\/facebook.com\/sunoresearch","og_image":[{"width":1400,"height":950,"url":"https:\/\/files.sunoresearch.com.br\/n\/uploads\/2020\/07\/632d0ab3-tsla.jpg","type":"image\/jpeg"}],"author":"Jorge C. Carrasco","twitter_card":"summary_large_image","twitter_creator":"@sunoresearch","twitter_site":"@sunoresearch","twitter_misc":{"Escrito por":"Jorge C. Carrasco","Est. tempo de leitura":"17 minutos"},"schema":{"@context":"https:\/\/schema.org","@graph":[{"@type":"NewsArticle","@id":"https:\/\/www.suno.com.br\/noticias\/radar-multiplan-mult3-weg-wege3-tesla-tsla34-china\/#article","isPartOf":{"@id":"https:\/\/www.suno.com.br\/noticias\/radar-multiplan-mult3-weg-wege3-tesla-tsla34-china\/"},"author":{"name":"Jorge C. Carrasco","@id":"https:\/\/www.suno.com.br\/noticias\/#\/schema\/person\/5e3d16fbfcfd3307a21fee0ba2e51dce"},"headline":"Radar: Weg (WEGE3) paga proventos milion\u00e1rios, Tesla (TSLA34) sofre restri\u00e7\u00f5es na China, QuintoAndar chega ao M\u00e9xico","datePublished":"2022-06-22T00:36:23+00:00","mainEntityOfPage":{"@id":"https:\/\/www.suno.com.br\/noticias\/radar-multiplan-mult3-weg-wege3-tesla-tsla34-china\/"},"wordCount":3186,"publisher":{"@id":"https:\/\/www.suno.com.br\/noticias\/#organization"},"image":{"@id":"https:\/\/www.suno.com.br\/noticias\/radar-multiplan-mult3-weg-wege3-tesla-tsla34-china\/#primaryimage"},"thumbnailUrl":"https:\/\/files.sunoresearch.com.br\/n\/uploads\/2020\/07\/632d0ab3-tsla-jpg.webp","keywords":["Allied (ALLD3)","Mercado Livre (MELI34)","Mercado Pago","Tesla (TSLA34)"],"articleSection":["Neg\u00f3cios"],"inLanguage":"pt-BR"},{"@type":"WebPage","@id":"https:\/\/www.suno.com.br\/noticias\/radar-multiplan-mult3-weg-wege3-tesla-tsla34-china\/","url":"https:\/\/www.suno.com.br\/noticias\/radar-multiplan-mult3-weg-wege3-tesla-tsla34-china\/","name":"Radar: Weg (WEGE3) paga proventos milion\u00e1rios, Tesla (TSLA34) sofre restri\u00e7\u00f5es na China","isPartOf":{"@id":"https:\/\/www.suno.com.br\/noticias\/#website"},"primaryImageOfPage":{"@id":"https:\/\/www.suno.com.br\/noticias\/radar-multiplan-mult3-weg-wege3-tesla-tsla34-china\/#primaryimage"},"image":{"@id":"https:\/\/www.suno.com.br\/noticias\/radar-multiplan-mult3-weg-wege3-tesla-tsla34-china\/#primaryimage"},"thumbnailUrl":"https:\/\/files.sunoresearch.com.br\/n\/uploads\/2020\/07\/632d0ab3-tsla-jpg.webp","datePublished":"2022-06-22T00:36:23+00:00","description":"Os ve\u00edculos da Tesla passaram a ser limitados na China por suspeitas de espionagem. Weg (WEGE3) anuncia JCP milion\u00e1rio. Veja!","breadcrumb":{"@id":"https:\/\/www.suno.com.br\/noticias\/radar-multiplan-mult3-weg-wege3-tesla-tsla34-china\/#breadcrumb"},"inLanguage":"pt-BR","potentialAction":[{"@type":"ReadAction","target":["https:\/\/www.suno.com.br\/noticias\/radar-multiplan-mult3-weg-wege3-tesla-tsla34-china\/"]}]},{"@type":"ImageObject","inLanguage":"pt-BR","@id":"https:\/\/www.suno.com.br\/noticias\/radar-multiplan-mult3-weg-wege3-tesla-tsla34-china\/#primaryimage","url":"https:\/\/files.sunoresearch.com.br\/n\/uploads\/2020\/07\/632d0ab3-tsla-jpg.webp","contentUrl":"https:\/\/files.sunoresearch.com.br\/n\/uploads\/2020\/07\/632d0ab3-tsla-jpg.webp","width":1400,"height":950,"caption":"Tesla tem desconto de 70% em impostos e pode construir f\u00e1brica no Texas"},{"@type":"BreadcrumbList","@id":"https:\/\/www.suno.com.br\/noticias\/radar-multiplan-mult3-weg-wege3-tesla-tsla34-china\/#breadcrumb","itemListElement":[{"@type":"ListItem","position":1,"name":"Not\u00edcias","item":"https:\/\/www.suno.com.br\/noticias\/"},{"@type":"ListItem","position":2,"name":"Neg\u00f3cios","item":"https:\/\/www.suno.com.br\/noticias\/negocios\/"},{"@type":"ListItem","position":3,"name":"Radar: Weg (WEGE3) paga proventos milion\u00e1rios, Tesla (TSLA34) sofre restri\u00e7\u00f5es na China, QuintoAndar chega ao M\u00e9xico"}]},{"@type":"WebSite","@id":"https:\/\/www.suno.com.br\/noticias\/#website","url":"https:\/\/www.suno.com.br\/noticias\/","name":"Suno Not\u00edcias","description":"Seu portal de informa\u00e7\u00e3o sobre o mundo dos investimentos","publisher":{"@id":"https:\/\/www.suno.com.br\/noticias\/#organization"},"potentialAction":[{"@type":"SearchAction","target":{"@type":"EntryPoint","urlTemplate":"https:\/\/www.suno.com.br\/noticias\/?s={search_term_string}"},"query-input":{"@type":"PropertyValueSpecification","valueRequired":true,"valueName":"search_term_string"}}],"inLanguage":"pt-BR"},{"@type":"Organization","@id":"https:\/\/www.suno.com.br\/noticias\/#organization","name":"Suno Not\u00edcias","url":"https:\/\/www.suno.com.br\/noticias\/","logo":{"@type":"ImageObject","inLanguage":"pt-BR","@id":"https:\/\/www.suno.com.br\/noticias\/#\/schema\/logo\/image\/","url":"https:\/\/files.sunoresearch.com.br\/n\/uploads\/2021\/09\/suno-logo.png","contentUrl":"https:\/\/files.sunoresearch.com.br\/n\/uploads\/2021\/09\/suno-logo.png","width":180,"height":180,"caption":"Suno Not\u00edcias"},"image":{"@id":"https:\/\/www.suno.com.br\/noticias\/#\/schema\/logo\/image\/"},"sameAs":["https:\/\/facebook.com\/sunoresearch","https:\/\/x.com\/sunoresearch","https:\/\/www.instagram.com\/suno","https:\/\/www.linkedin.com\/company\/suno-research\/","https:\/\/www.youtube.com\/c\/sunoresearch"]},{"@type":"Person","@id":"https:\/\/www.suno.com.br\/noticias\/#\/schema\/person\/5e3d16fbfcfd3307a21fee0ba2e51dce","name":"Jorge C. Carrasco","image":{"@type":"ImageObject","inLanguage":"pt-BR","@id":"https:\/\/www.suno.com.br\/noticias\/#\/schema\/person\/image\/","url":"https:\/\/secure.gravatar.com\/avatar\/eba2cc7d7174b6b346ad398772f904f2?s=96&r=g","contentUrl":"https:\/\/secure.gravatar.com\/avatar\/eba2cc7d7174b6b346ad398772f904f2?s=96&r=g","caption":"Jorge C. Carrasco"},"description":"Jornalista e escritor com experi\u00eancia na cobertura de economia, empreendedorismo, mercado financeiro, pol\u00edtica e assuntos internacionais. J\u00e1 colaborou com diversos jornais e revistas do Brasil e do exterior, como Estad\u00e3o, \u00c9poca, Foreign Policy, The Spectator Aus, Washington Examiner e Quillette.","sameAs":["felipe.areia@sunoresearch.com.br"],"url":"https:\/\/www.suno.com.br\/noticias\/author\/jorge-carrasco\/"}]}},"default_loop_html":"<div class=\"cardsPage__listCard__boxs\"><div class=\"cardsPage__listCard__boxs__img\"><a href=\"https:\/\/www.suno.com.br\/noticias\/radar-multiplan-mult3-weg-wege3-tesla-tsla34-china\/\"><img class=\"mask\" src=\"https:\/\/www.suno.com.br\/noticias\/wp-content\/themes\/suno\/resources\/images\/spotlight\/spotlight1img\/bg-mask.png\" alt=\"Image Mask\"\/><img src=\"https:\/\/files.sunoresearch.com.br\/n\/uploads\/2020\/07\/632d0ab3-tsla-400x200.webp\" alt=\"Radar: Weg (WEGE3) paga proventos milion\u00e1rios, Tesla (TSLA34) sofre restri\u00e7\u00f5es na China, QuintoAndar chega ao M\u00e9xico\"\/><\/a><span class=\"spotlightCategory\"><a href=\"https:\/\/www.suno.com.br\/noticias\/negocios\/\">Neg\u00f3cios<\/a><\/span><\/div><div class=\"cardsPage__listCard__boxs__content\"><a href=\"https:\/\/www.suno.com.br\/noticias\/radar-multiplan-mult3-weg-wege3-tesla-tsla34-china\/\"><h2 class=\"content__title\">Radar: Weg (WEGE3) paga proventos milion\u00e1rios, Tesla (TSLA34) sofre restri\u00e7\u00f5es na China, QuintoAndar chega ao M\u00e9xico<\/h2><\/a><div class=\"newsContent__article__meta\"><div class=\"newsContent__article__meta__authorBox\"><a href=\"https:\/\/www.suno.com.br\/noticias\/author\/jorge-carrasco\/\" class=\"authorBox__avatar noMobi\"><img src=\"https:\/\/secure.gravatar.com\/avatar\/eba2cc7d7174b6b346ad398772f904f2?s=96&#038;r=g\" alt=\"Jorge C. Carrasco\"><\/a><div class=\"authorBox__name\"><span>por\n\t\t\t<a href=\"https:\/\/www.suno.com.br\/noticias\/author\/jorge-carrasco\/\"><span itemprop=\"author\">Jorge C. Carrasco<\/span><\/a><\/span><time datetime=\"2022-06-21T21:36:23-03:00\" itemprop=\"datePublished\">21\/06\/2022 21:36<\/time><\/div><\/div><\/div><\/div><\/div>","single_layout":"posts","amp_enabled":true,"_links":{"self":[{"href":"https:\/\/www.suno.com.br\/noticias\/wp-json\/wp\/v2\/posts\/269716"}],"collection":[{"href":"https:\/\/www.suno.com.br\/noticias\/wp-json\/wp\/v2\/posts"}],"about":[{"href":"https:\/\/www.suno.com.br\/noticias\/wp-json\/wp\/v2\/types\/post"}],"author":[{"embeddable":true,"href":"https:\/\/www.suno.com.br\/noticias\/wp-json\/wp\/v2\/users\/174"}],"replies":[{"embeddable":true,"href":"https:\/\/www.suno.com.br\/noticias\/wp-json\/wp\/v2\/comments?post=269716"}],"version-history":[{"count":3,"href":"https:\/\/www.suno.com.br\/noticias\/wp-json\/wp\/v2\/posts\/269716\/revisions"}],"predecessor-version":[{"id":269747,"href":"https:\/\/www.suno.com.br\/noticias\/wp-json\/wp\/v2\/posts\/269716\/revisions\/269747"}],"wp:featuredmedia":[{"embeddable":true,"href":"https:\/\/www.suno.com.br\/noticias\/wp-json\/wp\/v2\/media\/71291"}],"wp:attachment":[{"href":"https:\/\/www.suno.com.br\/noticias\/wp-json\/wp\/v2\/media?parent=269716"}],"wp:term":[{"taxonomy":"category","embeddable":true,"href":"https:\/\/www.suno.com.br\/noticias\/wp-json\/wp\/v2\/categories?post=269716"},{"taxonomy":"post_tag","embeddable":true,"href":"https:\/\/www.suno.com.br\/noticias\/wp-json\/wp\/v2\/tags?post=269716"},{"taxonomy":"suno_strategy","embeddable":true,"href":"https:\/\/www.suno.com.br\/noticias\/wp-json\/wp\/v2\/suno_strategy?post=269716"}],"curies":[{"name":"wp","href":"https:\/\/api.w.org\/{rel}","templated":true}]}}