{"id":269669,"date":"2022-06-21T19:05:43","date_gmt":"2022-06-21T22:05:43","guid":{"rendered":"https:\/\/www.suno.com.br\/noticias\/?p=269669"},"modified":"2022-06-21T19:51:29","modified_gmt":"2022-06-21T22:51:29","slug":"lira-cobra-mp-para-alterar-lei-estatais-combustiveis","status":"publish","type":"post","link":"https:\/\/www.suno.com.br\/noticias\/lira-cobra-mp-para-alterar-lei-estatais-combustiveis\/","title":{"rendered":"Lira cobra do governo MP para mudar Lei das Estatais; entenda o que prev\u00ea a legisla\u00e7\u00e3o"},"content":{"rendered":"<p>A batalha sobre o pre\u00e7o dos combust\u00edveis ganha mais um cap\u00edtulo depois do an\u00fancio da <a class=\"suno-keyword\" href=\"https:\/\/www.suno.com.br\/acoes\/PETR4\/\" target=\"_blank\" rel=\"noopener\" data-force=\"yes\" data-priority=\"2\">Petrobras (PETR4)<\/a> sobre o aumento da gasolina e do diesel e a ren\u00fancia do CEO da companhia, Jos\u00e9 Mauro Coelho, em meio \u00e0 press\u00e3o do presidente Jair Bolsonaro e do presidente da C\u00e2mara dos Deputados, Arthur Lira (PP-AL) contra a decis\u00e3o da diretoria da estatal sobre o reajuste. Lira pediu que o governo federal, mais especificamente o Minist\u00e9rio da Economia, encaminhe o mais r\u00e1pido poss\u00edvel uma medida provis\u00f3ria que altere a <strong>Lei das Estatais<\/strong> para assegurar \u201cuma maior sinergia\u201d entre as empresas e o governo no momento.<\/p>\t<div class=\"wrapper-featured-image\">\n\t\t<figure class=\"spotlightImg\">\n\n\t\t\t<picture>\n\t\t\t\t<source media=\"(max-width: 768px)\" srcset=\"https:\/\/files.sunoresearch.com.br\/n\/uploads\/2021\/06\/45913622-1021673-23052016pzzb1541--400x200.webp\">\n\t\t\t\t<img loading=\"lazy\" decoding=\"async\" class=\"newsContent__article__imgCapa lazyloadDisabled \" src=\"https:\/\/files.sunoresearch.com.br\/n\/uploads\/2021\/06\/45913622-1021673-23052016pzzb1541--800x450.webp\" width=\"800\" height=\"450\" alt=\"Lira cobra do governo MP para mudar Lei das Estatais; entenda o que prev\u00ea a legisla\u00e7\u00e3o\" fetchpriority=high \/>\n\t\t\t<\/picture>\n\n\t\t\t<figcaption class=\"wp-caption-text wp-caption-text--show\">O presidente da C\u00e2mara dos Deputados, Arthur Lira. Foto: Rodrigues Pozzebom\/Ag\u00eancia Brasil. <\/figcaption>\n\t\t<\/figure>\n\t<\/div>\n\n\n\t<p>\n\t\t<a href=\"\" target=\"_blank\" data-element=\"shortcode-suno-banner\" title=\"Banner SUNO, clique e saiba mais\">\n\t\t\t<picture>\n\t\t\t\t<source media=\"(max-width: 500px)\" srcset=\"\">\n\t\t\t\t<img class=\"newsContent__article__imgCapa newsContent__article__imgCapa--banner\"\n\t\t\t\t\tsrc=\"\"\n\t\t\t\t\tdata-promo-id=\"240038\"\t\t\t\t\t\t\t\t\t\t\t\t\t\t\talt=\"\"\n\t\t\t\t>\n\t\t\t<\/picture>\n\t\t<\/a>\n\t<\/p>\n\n\n<p>A discuss\u00e3o sobre a Lei da Estatais derrubou as empresas do governo nesta ter\u00e7a. Investidores temem interfer\u00eancia pol\u00edtica nas empresas. O Ibovespa fechou em queda de 0,17%. O mercado continua a monitorar de perto o movimento pol\u00edtico em torno dos pre\u00e7os praticados pela petrol\u00edfera, atento agora a uma eventual mudan\u00e7a na Lei das Estatais. Assim, no <strong>Ibovespa hoje<\/strong>, os ru\u00eddos pol\u00edticos trouxeram perdas para as a\u00e7\u00f5es da\u00a0<strong>Petrobras<\/strong> (PETR3, PETR4), que caiu 1,06% e 1,99%, respectivamente. A\u00e7\u00f5es de grandes bancos tamb\u00e9m sofreram consequ\u00eancias com temores sobre interfer\u00eancia pol\u00edtica: <strong>Banco do Brasil<\/strong> (BBAS3) caiu 4,10%, entre as maiores baixas do \u00edndice. Outros grandes bancos foram impactados: <strong>Bradesco<\/strong> (BBDC4) cedeu 0,85%, <strong>Ita\u00fa<\/strong> (ITUB4) recuou 1,06%.<\/p>\n<p>Al\u00e9m disso, hoje, em audi\u00eancia na C\u00e2mara dos Deputados, o ministro de Minas e Energia, Adolfo Sachsida, embora tenha se colocado como um economista de perfil liberal, questionou se o PPI, o pre\u00e7o de paridade internacional, ainda se justificaria para a Petrobras.<\/p>\n<p>&#8220;O <a class=\"suno-keyword\" href=\"https:\/\/www.suno.com.br\/artigos\/premio-de-risco\/\" target=\"_blank\" rel=\"noopener\" data-force=\"no\" data-priority=\"1\">pr\u00eamio de risco<\/a> pelo que vem pela frente entra na conta, embora n\u00e3o se saiba ao certo o que vem por a\u00ed. Sabe-se apenas que (o que ocorrer\u00e1) n\u00e3o \u00e9 o que foi prometido, de que n\u00e3o mudaria nada com o novo presidente (Caio Paes de Andrade)&#8221;, diz Rodrigo Natali, estrategista-chefe da Inv.<\/p>\n<p>No Congresso, Lira tamb\u00e9m defendeu a elabora\u00e7\u00e3o de uma MP que trate de impostos relacionados aos<strong> lucros das estatais<\/strong> e \u00e0 forma\u00e7\u00e3o dos conselhos deliberativos dessas empresas. \u201cIsso precisar\u00e1 de discuss\u00e3o mais pormenorizada para tratar de aspectos jur\u00eddicos e t\u00e9cnicos para saber se s\u00f3 envolvem a Petrobras, todo o setor de combust\u00edveis ou se envolvem outros setores no Brasil e, tamb\u00e9m, as quest\u00f5es pertinentes a essa discuss\u00e3o das inger\u00eancias dos conselhos e como eles se formam no \u00e2mbito das estatais\u201d, afirmou.<\/p>\n<p>Lira se reuniu na noite desta segunda-feira (20) com l\u00edderes partid\u00e1rios para discutir uma sa\u00edda para a crise dos sucessivos aumentos dos <strong>pre\u00e7os dos combust\u00edveis<\/strong>. O presidente do Senado, Rodrigo Pacheco, tamb\u00e9m participou do encontro.<\/p>\n\t<p>\n\t\t<a href=\"https:\/\/lp.suno.com.br\/planilha-controle-gastos\/\" target=\"_blank\" data-element=\"shortcode-suno-banner\" title=\"Banner SUNO, clique e saiba mais\">\n\t\t\t<picture>\n\t\t\t\t<source media=\"(max-width: 500px)\" srcset=\"https:\/\/files.sunoresearch.com.br\/n\/uploads\/2023\/03\/400x300-Planilha-controle-de-gastos.png\">\n\t\t\t\t<img class=\"newsContent__article__imgCapa newsContent__article__imgCapa--banner\"\n\t\t\t\t\tsrc=\"https:\/\/files.sunoresearch.com.br\/n\/uploads\/2023\/03\/1420x240-Planilha-controle-de-gastos.png\"\n\t\t\t\t\tdata-promo-id=\"101751\"\t\t\t\t\t\t\t\t\t\twidth='1420' height='240'\t\t\t\t\talt=\"https:\/\/files.sunoresearch.com.br\/n\/uploads\/2023\/03\/1420x240-Planilha-controle-de-gastos.png\"\n\t\t\t\t>\n\t\t\t<\/picture>\n\t\t<\/a>\n\t<\/p>\n\n\n<p><strong>Arthur Lira<\/strong> afirmou que h\u00e1 v\u00e1rias discuss\u00f5es em an\u00e1lise e disse que na ter\u00e7a-feira (21) novas reuni\u00f5es ocorrer\u00e3o para tratar do tema. Entre as propostas est\u00e3o uma vota\u00e7\u00e3o mais r\u00e1pida da PEC 16\/22, que est\u00e1 no Senado, e que reduz <strong>impostos federais<\/strong> sobre combust\u00edveis e com compensa\u00e7\u00e3o financeira para os estados que tamb\u00e9m reduzirem o ICMS sobre o setor.<\/p>\n\t<p>\n\t\t<a href=\"https:\/\/lp.suno.com.br\/ebook-como-analisar-uma-acao\/\" target=\"_blank\" data-element=\"shortcode-suno-banner\" title=\"Banner SUNO, clique e saiba mais\">\n\t\t\t<picture>\n\t\t\t\t<source media=\"(max-width: 500px)\" srcset=\"https:\/\/files.sunoresearch.com.br\/n\/uploads\/2023\/03\/Ebook-Acoes-Mobile-1.jpg\">\n\t\t\t\t<img class=\"newsContent__article__imgCapa newsContent__article__imgCapa--banner\"\n\t\t\t\t\tsrc=\"https:\/\/files.sunoresearch.com.br\/n\/uploads\/2023\/03\/Ebook-Acoes-Desktop-1.jpg\"\n\t\t\t\t\tdata-promo-id=\"171998\"\t\t\t\t\t\t\t\t\t\twidth='1420' height='286'\t\t\t\t\talt=\"https:\/\/files.sunoresearch.com.br\/n\/uploads\/2023\/03\/Ebook-Acoes-Desktop-1.jpg\"\n\t\t\t\t>\n\t\t\t<\/picture>\n\t\t<\/a>\n\t<\/p>\n\n\n<h2>Estatais e fundo de estabiliza\u00e7\u00e3o dos pre\u00e7os<\/h2>\n<p>Por outro lado, os senadores querem que a C\u00e2mara vote a proposta que cria um fundo de estabiliza\u00e7\u00e3o dos pre\u00e7os. Lira j\u00e1 havia dito que o texto n\u00e3o estava no radar, mas anunciou que vai debater a proposta nesta ter\u00e7a. \u201cO presidente Pacheco saiu para discutir com o Senado e fez um apelo para que seja discutido o PL 1472\/21, e tudo isso iremos avaliar\u201d, explicou Lira.<\/p>\n<p>\u201cH\u00e1 um sentimento quase un\u00e2nime por parte de todos os l\u00edderes de que o Minist\u00e9rio da Economia e o governo federal t\u00eam que se envolver nessas discuss\u00f5es, participar mais de perto e atuar mais perto\u201d, afirmou.<\/p>\n<p>Lira tamb\u00e9m informou que o l\u00edder do PL, deputado Altineu C\u00f4rtes (RJ), apresentou requerimento para a cria\u00e7\u00e3o de uma comiss\u00e3o parlamentar de inqu\u00e9rito (CPI) para investigar os <strong>lucros da Petrobras<\/strong> nos \u00faltimos anos.<\/p>\n\t<p>\n\t\t<a href=\"https:\/\/lp.suno.com.br\/planilha-da-vida-financeira\/\" target=\"_blank\" data-element=\"shortcode-suno-banner\" title=\"Banner SUNO, clique e saiba mais\">\n\t\t\t<picture>\n\t\t\t\t<source media=\"(max-width: 500px)\" srcset=\"https:\/\/files.sunoresearch.com.br\/n\/uploads\/2023\/04\/400x300-Planilha-vida-financeira-true.png\">\n\t\t\t\t<img class=\"newsContent__article__imgCapa newsContent__article__imgCapa--banner\"\n\t\t\t\t\tsrc=\"https:\/\/files.sunoresearch.com.br\/n\/uploads\/2023\/04\/1420x240-Planilha-vida-financeira-true.png\"\n\t\t\t\t\tdata-promo-id=\"106682\"\t\t\t\t\t\t\t\t\t\twidth='1420' height='240'\t\t\t\t\talt=\"https:\/\/files.sunoresearch.com.br\/n\/uploads\/2023\/04\/1420x240-Planilha-vida-financeira-true.png\"\n\t\t\t\t>\n\t\t\t<\/picture>\n\t\t<\/a>\n\t<\/p>\n\n\n<p>Sobre a CPI, Lira afirmou que qualquer partido e qualquer parlamentar pode requerer sua cria\u00e7\u00e3o, mas que os apoios \u00e0 proposta dependem de avalia\u00e7\u00e3o das lideran\u00e7as partid\u00e1rias. \u201cOs partidos est\u00e3o cada um com seu convencimento para dar respaldo ou n\u00e3o a esse pedido\u201d, disse.<\/p>\n<h2>Entenda o que prev\u00ea a Lei das Estatais e como mudan\u00e7as podem atingir a Petrobras<\/h2>\n<p>Em meio \u00e0 disparada do <strong>pre\u00e7o dos combust\u00edveis<\/strong> em ano eleitoral, o governo do presidente Jair Bolsonaro faz um cerco \u00e0 Petrobras &#8211; o que pode render uma Comiss\u00e3o Parlamentar de Inqu\u00e9rito (CPI) &#8211; e prepara uma medida provis\u00f3ria (MP) para mudar as regras da Lei das Estatais.<\/p>\n<p>A <strong>Lei das Estatais<\/strong> foi sancionada em junho de 2016 pelo ent\u00e3o presidente Michel Temer. Quando aprovou o texto, o governo classificou a lei (Lei 13.303\/2016) como um instrumento de car\u00e1ter &#8220;altamente moralizador&#8221; das empresas p\u00fablicas.<\/p>\n<p>Uma das principais mudan\u00e7as trazidas pela lei diz respeito a <strong>regras para nomea\u00e7\u00f5es<\/strong> de presidentes, diretores e conselheiros. Naquele momento, com a Petrobras mergulhada na crise da Opera\u00e7\u00e3o Lava Jato, emergiu o sentimento de que era preciso afastar nomea\u00e7\u00f5es pol\u00edticas das estatais e, dessa forma, trazer mais transpar\u00eancia e pessoas tecnicamente qualificadas para ocupar os cargos.<\/p>\n<p>O objetivo foi profissionalizar a administra\u00e7\u00e3o das empresas p\u00fablicas e sociedades de economia mistas, como a Petrobras, afastando sua gest\u00e3o dos interesses partid\u00e1rios e pol\u00edticos, para impedir a interfer\u00eancia pol\u00edtica na condu\u00e7\u00e3o dos neg\u00f3cios dessas empresas. Em termos pr\u00e1ticos, a lei diminui o poder do governo de pressionar e interferir nas decis\u00f5es dessas empresas.<\/p>\n<p>A Lei das Estatais n\u00e3o se limita ao governo federal. Ela estabelece uma norma jur\u00eddica para a empresa p\u00fablica em geral, no \u00e2mbito da Uni\u00e3o, dos Estados, do Distrito Federal e dos munic\u00edpios. Al\u00e9m disso, um dos pontos centrais da lei prev\u00ea requisitos m\u00ednimos para a composi\u00e7\u00e3o do conselho de administra\u00e7\u00e3o e da diretoria das estatais.<\/p>\n<h2><b>Condi\u00e7\u00f5es exigidas pela Lei das Estatais<\/b><\/h2>\n<p>S\u00e3o exigidas quatro condi\u00e7\u00f5es para os administradores das estatais: reputa\u00e7\u00e3o ilibada, not\u00f3rio conhecimento, forma\u00e7\u00e3o acad\u00eamica compat\u00edvel com o cargo para o qual foi indicado e experi\u00eancia profissional m\u00ednima. S\u00e3o exigidos, por exemplo, quatro anos de atua\u00e7\u00e3o como profissional liberal na \u00e1rea da estatal para alcan\u00e7ar a experi\u00eancia profissional m\u00ednima exigida.<\/p>\n<p>A legisla\u00e7\u00e3o determina ainda algumas proibi\u00e7\u00f5es para as vagas no conselho de administra\u00e7\u00e3o ou na diretoria das estatais. Para esses cargos, n\u00e3o podem ser indicados, por exemplo, ministros de Estado, secret\u00e1rios estaduais ou municipais, dirigentes partid\u00e1rios ou sindicais, nem seus parentes consangu\u00edneos ou afins at\u00e9 o terceiro grau.<\/p>\n<p>Se a pessoa indicada tiver sido ainda um dirigente partid\u00e1rio, h\u00e1 uma quarentena de 36 meses para que ela possa vir a ocupar um cargo de administrador de estatal.<\/p>\n<p>&#8220;\u00c9 isso o que est\u00e1 incomodando a atual gest\u00e3o&#8221;, avalia Antonio Carlos de Freitas J\u00fanior, especialista em Direito P\u00fablico e Constitucional. O advogado pondera sobre o risco de haver um retrocesso nas regras, abrindo novamente a porta das estatais para todo tipo de nomea\u00e7\u00e3o sem nenhum crit\u00e9rio profissional. &#8220;Na verdade, a t\u00edtulo de aprimorar a lei, o que sempre \u00e9 v\u00e1lido, corre-se o grande risco de desnatur\u00e1-la, desvirtu\u00e1-la e praticamente nulific\u00e1-la. Se a pretens\u00e3o for permitir a inger\u00eancia pol\u00edtica nessas empresas, a pr\u00f3pria lei perde sentido.&#8221;<\/p>\n<h2><b>Economia mista<\/b><\/h2>\n<p>A Petrobras \u00e9 uma empresa de economia mista e que tem o <strong>governo federal<\/strong> como principal s\u00f3cio. Por ser uma companhia de capital aberto na Bolsa de Valores, dentro e fora do Brasil, a Petrobras \u00e9 submetida a uma infinidade de auditorias, fiscaliza\u00e7\u00f5es e presta\u00e7\u00f5es de contas. Todo esse processo se intensificou com a cria\u00e7\u00e3o da Lei das Estatais, que foi comemorada pelo mercado, por trazer mais transpar\u00eancia ao processo de gest\u00e3o da empresa.<\/p>\n<p>O presidente Jair Bolsonaro j\u00e1 deixou claro que tem a inten\u00e7\u00e3o de mexer na pol\u00edtica de pre\u00e7os da Petrobras. Mas, hoje, as regras de gerenciamento e administra\u00e7\u00e3o da empresa n\u00e3o permitem que isso seja feito com uma &#8216;canetada&#8217; do governo. Por isso, alterar as regras previstas na <strong>Lei das Estatais<\/strong> permitiria que o governo passasse a ter mais controle de diretorias e conselhos para, assim, tomar decis\u00f5es sem dificuldades sobre as opera\u00e7\u00f5es da empresa.<\/p>\n<p><em>Com Ag\u00eancia C\u00e2mara de Not\u00edcias e Estad\u00e3o Conte\u00fado<\/em><\/p>\n\t<p>\n\t\t<a href=\"https:\/\/lp.suno.com.br\/planilha-de-controle-de-investimentos\/\" target=\"_blank\" data-element=\"shortcode-suno-banner\" title=\"Banner SUNO, clique e saiba mais\">\n\t\t\t<picture>\n\t\t\t\t<source media=\"(max-width: 500px)\" srcset=\"https:\/\/files.sunoresearch.com.br\/n\/uploads\/2023\/03\/400x300-Controle-de-Investimentos.png\">\n\t\t\t\t<img class=\"newsContent__article__imgCapa newsContent__article__imgCapa--banner\"\n\t\t\t\t\tsrc=\"https:\/\/files.sunoresearch.com.br\/n\/uploads\/2023\/03\/1420x240-Controle-de-Investimentos.png\"\n\t\t\t\t\tdata-promo-id=\"75934\"\t\t\t\t\t\t\t\t\t\twidth='1420' height='240'\t\t\t\t\talt=\"https:\/\/files.sunoresearch.com.br\/n\/uploads\/2023\/03\/1420x240-Controle-de-Investimentos.png\"\n\t\t\t\t>\n\t\t\t<\/picture>\n\t\t<\/a>\n\t<\/p>\n\n\n","protected":false},"excerpt":{"rendered":"<p>A batalha sobre o pre\u00e7o dos combust\u00edveis ganha mais um cap\u00edtulo depois do an\u00fancio da Petrobras (PETR4) sobre o aumento da gasolina e do diesel e a ren\u00fancia do CEO da companhia, Jos\u00e9 Mauro Coelho, em meio \u00e0 press\u00e3o do presidente Jair Bolsonaro e do presidente da C\u00e2mara dos Deputados, Arthur Lira (PP-AL) contra a [&hellip;]<\/p>\n","protected":false},"author":98,"featured_media":158387,"comment_status":"closed","ping_status":"closed","sticky":false,"template":"","format":"standard","meta":[],"categories":[61],"tags":[104858,1437,901,595],"suno_strategy":[],"class_list":["post-269669","post","type-post","status-publish","format-standard","has-post-thumbnail","hentry","category-politica","tag-arthur-lira","tag-combustiveis","tag-congresso-nacional","tag-petrobras-petr4"],"yoast_head":"<!-- This site is optimized with the Yoast SEO plugin v24.4 - https:\/\/yoast.com\/wordpress\/plugins\/seo\/ -->\n<title>Lira cobra do governo MP para mudar Lei das Estatais<\/title>\n<meta name=\"description\" content=\"Presidente da C\u00e2mara pediu atua\u00e7\u00e3o do Executivo por uma MP que mude a Lei das Estatais para taxar lucros da Petrobras\" \/>\n<meta name=\"robots\" content=\"index, follow, max-snippet:-1, max-image-preview:large, max-video-preview:-1\" \/>\n<link rel=\"canonical\" href=\"https:\/\/www.suno.com.br\/noticias\/lira-cobra-mp-para-alterar-lei-estatais-combustiveis\/\" \/>\n<meta property=\"og:locale\" content=\"pt_BR\" \/>\n<meta property=\"og:type\" content=\"article\" \/>\n<meta property=\"og:title\" content=\"Lira cobra do governo MP para mudar Lei das Estatais\" \/>\n<meta property=\"og:description\" content=\"Presidente da C\u00e2mara pediu atua\u00e7\u00e3o do Executivo por uma MP que mude a Lei das Estatais para taxar lucros da Petrobras\" \/>\n<meta property=\"og:url\" content=\"https:\/\/www.suno.com.br\/noticias\/lira-cobra-mp-para-alterar-lei-estatais-combustiveis\/\" \/>\n<meta property=\"og:site_name\" content=\"Suno Not\u00edcias\" \/>\n<meta property=\"article:publisher\" content=\"https:\/\/facebook.com\/sunoresearch\" \/>\n<meta property=\"og:image\" content=\"https:\/\/files.sunoresearch.com.br\/n\/uploads\/2021\/06\/45913622-1021673-23052016pzzb1541-.jpg\" \/>\n\t<meta property=\"og:image:width\" content=\"1526\" \/>\n\t<meta property=\"og:image:height\" content=\"1017\" \/>\n\t<meta property=\"og:image:type\" content=\"image\/jpeg\" \/>\n<meta name=\"author\" content=\"Marco Ant\u00f4nio Lopes\" \/>\n<meta name=\"twitter:card\" content=\"summary_large_image\" \/>\n<meta name=\"twitter:creator\" content=\"@sunoresearch\" \/>\n<meta name=\"twitter:site\" content=\"@sunoresearch\" \/>\n<meta name=\"twitter:label1\" content=\"Escrito por\" \/>\n\t<meta name=\"twitter:data1\" content=\"Marco Ant\u00f4nio Lopes\" \/>\n\t<meta name=\"twitter:label2\" content=\"Est. tempo de leitura\" \/>\n\t<meta name=\"twitter:data2\" content=\"8 minutos\" \/>\n<script type=\"application\/ld+json\" class=\"yoast-schema-graph\">{\"@context\":\"https:\/\/schema.org\",\"@graph\":[{\"@type\":\"NewsArticle\",\"@id\":\"https:\/\/www.suno.com.br\/noticias\/lira-cobra-mp-para-alterar-lei-estatais-combustiveis\/#article\",\"isPartOf\":{\"@id\":\"https:\/\/www.suno.com.br\/noticias\/lira-cobra-mp-para-alterar-lei-estatais-combustiveis\/\"},\"author\":{\"name\":\"Marco Ant\u00f4nio Lopes\",\"@id\":\"https:\/\/www.suno.com.br\/noticias\/#\/schema\/person\/829bbe8d57f84333b966b96229c6bf5f\"},\"headline\":\"Lira cobra do governo MP para mudar Lei das Estatais; entenda o que prev\u00ea a legisla\u00e7\u00e3o\",\"datePublished\":\"2022-06-21T22:05:43+00:00\",\"dateModified\":\"2022-06-21T22:51:29+00:00\",\"mainEntityOfPage\":{\"@id\":\"https:\/\/www.suno.com.br\/noticias\/lira-cobra-mp-para-alterar-lei-estatais-combustiveis\/\"},\"wordCount\":1503,\"publisher\":{\"@id\":\"https:\/\/www.suno.com.br\/noticias\/#organization\"},\"image\":{\"@id\":\"https:\/\/www.suno.com.br\/noticias\/lira-cobra-mp-para-alterar-lei-estatais-combustiveis\/#primaryimage\"},\"thumbnailUrl\":\"https:\/\/files.sunoresearch.com.br\/n\/uploads\/2021\/06\/45913622-1021673-23052016pzzb1541--jpg.webp\",\"keywords\":[\"Arthur Lira\",\"combust\u00edveis\",\"Congresso Nacional\",\"Petrobras (PETR4)\"],\"articleSection\":[\"Pol\u00edtica\"],\"inLanguage\":\"pt-BR\"},{\"@type\":\"WebPage\",\"@id\":\"https:\/\/www.suno.com.br\/noticias\/lira-cobra-mp-para-alterar-lei-estatais-combustiveis\/\",\"url\":\"https:\/\/www.suno.com.br\/noticias\/lira-cobra-mp-para-alterar-lei-estatais-combustiveis\/\",\"name\":\"Lira cobra do governo MP para mudar Lei das Estatais\",\"isPartOf\":{\"@id\":\"https:\/\/www.suno.com.br\/noticias\/#website\"},\"primaryImageOfPage\":{\"@id\":\"https:\/\/www.suno.com.br\/noticias\/lira-cobra-mp-para-alterar-lei-estatais-combustiveis\/#primaryimage\"},\"image\":{\"@id\":\"https:\/\/www.suno.com.br\/noticias\/lira-cobra-mp-para-alterar-lei-estatais-combustiveis\/#primaryimage\"},\"thumbnailUrl\":\"https:\/\/files.sunoresearch.com.br\/n\/uploads\/2021\/06\/45913622-1021673-23052016pzzb1541--jpg.webp\",\"datePublished\":\"2022-06-21T22:05:43+00:00\",\"dateModified\":\"2022-06-21T22:51:29+00:00\",\"description\":\"Presidente da C\u00e2mara pediu atua\u00e7\u00e3o do Executivo por uma MP que mude a Lei das Estatais para taxar lucros da Petrobras\",\"breadcrumb\":{\"@id\":\"https:\/\/www.suno.com.br\/noticias\/lira-cobra-mp-para-alterar-lei-estatais-combustiveis\/#breadcrumb\"},\"inLanguage\":\"pt-BR\",\"potentialAction\":[{\"@type\":\"ReadAction\",\"target\":[\"https:\/\/www.suno.com.br\/noticias\/lira-cobra-mp-para-alterar-lei-estatais-combustiveis\/\"]}]},{\"@type\":\"ImageObject\",\"inLanguage\":\"pt-BR\",\"@id\":\"https:\/\/www.suno.com.br\/noticias\/lira-cobra-mp-para-alterar-lei-estatais-combustiveis\/#primaryimage\",\"url\":\"https:\/\/files.sunoresearch.com.br\/n\/uploads\/2021\/06\/45913622-1021673-23052016pzzb1541--jpg.webp\",\"contentUrl\":\"https:\/\/files.sunoresearch.com.br\/n\/uploads\/2021\/06\/45913622-1021673-23052016pzzb1541--jpg.webp\",\"width\":1526,\"height\":1017,\"caption\":\"O presidente da C\u00e2mara dos Deputados, Arthur Lira. Foto: Rodrigues Pozzebom\/Ag\u00eancia Brasil.\"},{\"@type\":\"BreadcrumbList\",\"@id\":\"https:\/\/www.suno.com.br\/noticias\/lira-cobra-mp-para-alterar-lei-estatais-combustiveis\/#breadcrumb\",\"itemListElement\":[{\"@type\":\"ListItem\",\"position\":1,\"name\":\"Not\u00edcias\",\"item\":\"https:\/\/www.suno.com.br\/noticias\/\"},{\"@type\":\"ListItem\",\"position\":2,\"name\":\"Pol\u00edtica\",\"item\":\"https:\/\/www.suno.com.br\/noticias\/politica\/\"},{\"@type\":\"ListItem\",\"position\":3,\"name\":\"Lira cobra do governo MP para mudar Lei das Estatais; entenda o que prev\u00ea a legisla\u00e7\u00e3o\"}]},{\"@type\":\"WebSite\",\"@id\":\"https:\/\/www.suno.com.br\/noticias\/#website\",\"url\":\"https:\/\/www.suno.com.br\/noticias\/\",\"name\":\"Suno Not\u00edcias\",\"description\":\"Seu portal de informa\u00e7\u00e3o sobre o mundo dos investimentos\",\"publisher\":{\"@id\":\"https:\/\/www.suno.com.br\/noticias\/#organization\"},\"potentialAction\":[{\"@type\":\"SearchAction\",\"target\":{\"@type\":\"EntryPoint\",\"urlTemplate\":\"https:\/\/www.suno.com.br\/noticias\/?s={search_term_string}\"},\"query-input\":{\"@type\":\"PropertyValueSpecification\",\"valueRequired\":true,\"valueName\":\"search_term_string\"}}],\"inLanguage\":\"pt-BR\"},{\"@type\":\"Organization\",\"@id\":\"https:\/\/www.suno.com.br\/noticias\/#organization\",\"name\":\"Suno Not\u00edcias\",\"url\":\"https:\/\/www.suno.com.br\/noticias\/\",\"logo\":{\"@type\":\"ImageObject\",\"inLanguage\":\"pt-BR\",\"@id\":\"https:\/\/www.suno.com.br\/noticias\/#\/schema\/logo\/image\/\",\"url\":\"https:\/\/files.sunoresearch.com.br\/n\/uploads\/2021\/09\/suno-logo.png\",\"contentUrl\":\"https:\/\/files.sunoresearch.com.br\/n\/uploads\/2021\/09\/suno-logo.png\",\"width\":180,\"height\":180,\"caption\":\"Suno Not\u00edcias\"},\"image\":{\"@id\":\"https:\/\/www.suno.com.br\/noticias\/#\/schema\/logo\/image\/\"},\"sameAs\":[\"https:\/\/facebook.com\/sunoresearch\",\"https:\/\/x.com\/sunoresearch\",\"https:\/\/www.instagram.com\/suno\",\"https:\/\/www.linkedin.com\/company\/suno-research\/\",\"https:\/\/www.youtube.com\/c\/sunoresearch\"]},{\"@type\":\"Person\",\"@id\":\"https:\/\/www.suno.com.br\/noticias\/#\/schema\/person\/829bbe8d57f84333b966b96229c6bf5f\",\"name\":\"Marco Ant\u00f4nio Lopes\",\"image\":{\"@type\":\"ImageObject\",\"inLanguage\":\"pt-BR\",\"@id\":\"https:\/\/www.suno.com.br\/noticias\/#\/schema\/person\/image\/\",\"url\":\"https:\/\/secure.gravatar.com\/avatar\/385167b012fbc1cde32c5446ee253313?s=96&r=g\",\"contentUrl\":\"https:\/\/secure.gravatar.com\/avatar\/385167b012fbc1cde32c5446ee253313?s=96&r=g\",\"caption\":\"Marco Ant\u00f4nio Lopes\"},\"description\":\"Jornalista, \u00e9 editor no Suno Not\u00edcias. Trabalhou nas revistas Playboy, Super, Veja Comer &amp; Beber, Homem Vogue e Universo Masculino, al\u00e9m dos portais Abril.com, R7, nas editorias de Home, Esportes, Hora 7, Entretenimento e Geral, e Eu Quero Investir. Autor do livro Bruce Lee: Definitivo (Editora Conrad). Colaborou nas revistas Nova, Veja SP, Grandes Guerras, Placar, Bizz, Casa Claudia e Quatro Rodas.\",\"url\":\"https:\/\/www.suno.com.br\/noticias\/author\/marco-lopes\/\"}]}<\/script>\n<!-- \/ Yoast SEO plugin. -->","yoast_head_json":{"title":"Lira cobra do governo MP para mudar Lei das Estatais","description":"Presidente da C\u00e2mara pediu atua\u00e7\u00e3o do Executivo por uma MP que mude a Lei das Estatais para taxar lucros da Petrobras","robots":{"index":"index","follow":"follow","max-snippet":"max-snippet:-1","max-image-preview":"max-image-preview:large","max-video-preview":"max-video-preview:-1"},"canonical":"https:\/\/www.suno.com.br\/noticias\/lira-cobra-mp-para-alterar-lei-estatais-combustiveis\/","og_locale":"pt_BR","og_type":"article","og_title":"Lira cobra do governo MP para mudar Lei das Estatais","og_description":"Presidente da C\u00e2mara pediu atua\u00e7\u00e3o do Executivo por uma MP que mude a Lei das Estatais para taxar lucros da Petrobras","og_url":"https:\/\/www.suno.com.br\/noticias\/lira-cobra-mp-para-alterar-lei-estatais-combustiveis\/","og_site_name":"Suno Not\u00edcias","article_publisher":"https:\/\/facebook.com\/sunoresearch","og_image":[{"width":1526,"height":1017,"url":"https:\/\/files.sunoresearch.com.br\/n\/uploads\/2021\/06\/45913622-1021673-23052016pzzb1541-.jpg","type":"image\/jpeg"}],"author":"Marco Ant\u00f4nio Lopes","twitter_card":"summary_large_image","twitter_creator":"@sunoresearch","twitter_site":"@sunoresearch","twitter_misc":{"Escrito por":"Marco Ant\u00f4nio Lopes","Est. tempo de leitura":"8 minutos"},"schema":{"@context":"https:\/\/schema.org","@graph":[{"@type":"NewsArticle","@id":"https:\/\/www.suno.com.br\/noticias\/lira-cobra-mp-para-alterar-lei-estatais-combustiveis\/#article","isPartOf":{"@id":"https:\/\/www.suno.com.br\/noticias\/lira-cobra-mp-para-alterar-lei-estatais-combustiveis\/"},"author":{"name":"Marco Ant\u00f4nio Lopes","@id":"https:\/\/www.suno.com.br\/noticias\/#\/schema\/person\/829bbe8d57f84333b966b96229c6bf5f"},"headline":"Lira cobra do governo MP para mudar Lei das Estatais; entenda o que prev\u00ea a legisla\u00e7\u00e3o","datePublished":"2022-06-21T22:05:43+00:00","dateModified":"2022-06-21T22:51:29+00:00","mainEntityOfPage":{"@id":"https:\/\/www.suno.com.br\/noticias\/lira-cobra-mp-para-alterar-lei-estatais-combustiveis\/"},"wordCount":1503,"publisher":{"@id":"https:\/\/www.suno.com.br\/noticias\/#organization"},"image":{"@id":"https:\/\/www.suno.com.br\/noticias\/lira-cobra-mp-para-alterar-lei-estatais-combustiveis\/#primaryimage"},"thumbnailUrl":"https:\/\/files.sunoresearch.com.br\/n\/uploads\/2021\/06\/45913622-1021673-23052016pzzb1541--jpg.webp","keywords":["Arthur Lira","combust\u00edveis","Congresso Nacional","Petrobras (PETR4)"],"articleSection":["Pol\u00edtica"],"inLanguage":"pt-BR"},{"@type":"WebPage","@id":"https:\/\/www.suno.com.br\/noticias\/lira-cobra-mp-para-alterar-lei-estatais-combustiveis\/","url":"https:\/\/www.suno.com.br\/noticias\/lira-cobra-mp-para-alterar-lei-estatais-combustiveis\/","name":"Lira cobra do governo MP para mudar Lei das Estatais","isPartOf":{"@id":"https:\/\/www.suno.com.br\/noticias\/#website"},"primaryImageOfPage":{"@id":"https:\/\/www.suno.com.br\/noticias\/lira-cobra-mp-para-alterar-lei-estatais-combustiveis\/#primaryimage"},"image":{"@id":"https:\/\/www.suno.com.br\/noticias\/lira-cobra-mp-para-alterar-lei-estatais-combustiveis\/#primaryimage"},"thumbnailUrl":"https:\/\/files.sunoresearch.com.br\/n\/uploads\/2021\/06\/45913622-1021673-23052016pzzb1541--jpg.webp","datePublished":"2022-06-21T22:05:43+00:00","dateModified":"2022-06-21T22:51:29+00:00","description":"Presidente da C\u00e2mara pediu atua\u00e7\u00e3o do Executivo por uma MP que mude a Lei das Estatais para taxar lucros da Petrobras","breadcrumb":{"@id":"https:\/\/www.suno.com.br\/noticias\/lira-cobra-mp-para-alterar-lei-estatais-combustiveis\/#breadcrumb"},"inLanguage":"pt-BR","potentialAction":[{"@type":"ReadAction","target":["https:\/\/www.suno.com.br\/noticias\/lira-cobra-mp-para-alterar-lei-estatais-combustiveis\/"]}]},{"@type":"ImageObject","inLanguage":"pt-BR","@id":"https:\/\/www.suno.com.br\/noticias\/lira-cobra-mp-para-alterar-lei-estatais-combustiveis\/#primaryimage","url":"https:\/\/files.sunoresearch.com.br\/n\/uploads\/2021\/06\/45913622-1021673-23052016pzzb1541--jpg.webp","contentUrl":"https:\/\/files.sunoresearch.com.br\/n\/uploads\/2021\/06\/45913622-1021673-23052016pzzb1541--jpg.webp","width":1526,"height":1017,"caption":"O presidente da C\u00e2mara dos Deputados, Arthur Lira. Foto: Rodrigues Pozzebom\/Ag\u00eancia Brasil."},{"@type":"BreadcrumbList","@id":"https:\/\/www.suno.com.br\/noticias\/lira-cobra-mp-para-alterar-lei-estatais-combustiveis\/#breadcrumb","itemListElement":[{"@type":"ListItem","position":1,"name":"Not\u00edcias","item":"https:\/\/www.suno.com.br\/noticias\/"},{"@type":"ListItem","position":2,"name":"Pol\u00edtica","item":"https:\/\/www.suno.com.br\/noticias\/politica\/"},{"@type":"ListItem","position":3,"name":"Lira cobra do governo MP para mudar Lei das Estatais; entenda o que prev\u00ea a legisla\u00e7\u00e3o"}]},{"@type":"WebSite","@id":"https:\/\/www.suno.com.br\/noticias\/#website","url":"https:\/\/www.suno.com.br\/noticias\/","name":"Suno Not\u00edcias","description":"Seu portal de informa\u00e7\u00e3o sobre o mundo dos investimentos","publisher":{"@id":"https:\/\/www.suno.com.br\/noticias\/#organization"},"potentialAction":[{"@type":"SearchAction","target":{"@type":"EntryPoint","urlTemplate":"https:\/\/www.suno.com.br\/noticias\/?s={search_term_string}"},"query-input":{"@type":"PropertyValueSpecification","valueRequired":true,"valueName":"search_term_string"}}],"inLanguage":"pt-BR"},{"@type":"Organization","@id":"https:\/\/www.suno.com.br\/noticias\/#organization","name":"Suno Not\u00edcias","url":"https:\/\/www.suno.com.br\/noticias\/","logo":{"@type":"ImageObject","inLanguage":"pt-BR","@id":"https:\/\/www.suno.com.br\/noticias\/#\/schema\/logo\/image\/","url":"https:\/\/files.sunoresearch.com.br\/n\/uploads\/2021\/09\/suno-logo.png","contentUrl":"https:\/\/files.sunoresearch.com.br\/n\/uploads\/2021\/09\/suno-logo.png","width":180,"height":180,"caption":"Suno Not\u00edcias"},"image":{"@id":"https:\/\/www.suno.com.br\/noticias\/#\/schema\/logo\/image\/"},"sameAs":["https:\/\/facebook.com\/sunoresearch","https:\/\/x.com\/sunoresearch","https:\/\/www.instagram.com\/suno","https:\/\/www.linkedin.com\/company\/suno-research\/","https:\/\/www.youtube.com\/c\/sunoresearch"]},{"@type":"Person","@id":"https:\/\/www.suno.com.br\/noticias\/#\/schema\/person\/829bbe8d57f84333b966b96229c6bf5f","name":"Marco Ant\u00f4nio Lopes","image":{"@type":"ImageObject","inLanguage":"pt-BR","@id":"https:\/\/www.suno.com.br\/noticias\/#\/schema\/person\/image\/","url":"https:\/\/secure.gravatar.com\/avatar\/385167b012fbc1cde32c5446ee253313?s=96&r=g","contentUrl":"https:\/\/secure.gravatar.com\/avatar\/385167b012fbc1cde32c5446ee253313?s=96&r=g","caption":"Marco Ant\u00f4nio Lopes"},"description":"Jornalista, \u00e9 editor no Suno Not\u00edcias. Trabalhou nas revistas Playboy, Super, Veja Comer &amp; Beber, Homem Vogue e Universo Masculino, al\u00e9m dos portais Abril.com, R7, nas editorias de Home, Esportes, Hora 7, Entretenimento e Geral, e Eu Quero Investir. Autor do livro Bruce Lee: Definitivo (Editora Conrad). Colaborou nas revistas Nova, Veja SP, Grandes Guerras, Placar, Bizz, Casa Claudia e Quatro Rodas.","url":"https:\/\/www.suno.com.br\/noticias\/author\/marco-lopes\/"}]}},"default_loop_html":"<div class=\"cardsPage__listCard__boxs\"><div class=\"cardsPage__listCard__boxs__img\"><a href=\"https:\/\/www.suno.com.br\/noticias\/lira-cobra-mp-para-alterar-lei-estatais-combustiveis\/\"><img class=\"mask\" src=\"https:\/\/www.suno.com.br\/noticias\/wp-content\/themes\/suno\/resources\/images\/spotlight\/spotlight1img\/bg-mask.png\" alt=\"Image Mask\"\/><img src=\"https:\/\/files.sunoresearch.com.br\/n\/uploads\/2021\/06\/45913622-1021673-23052016pzzb1541--400x200.webp\" alt=\"Lira cobra do governo MP para mudar Lei das Estatais; entenda o que prev\u00ea a legisla\u00e7\u00e3o\"\/><\/a><span class=\"spotlightCategory\"><a href=\"https:\/\/www.suno.com.br\/noticias\/politica\/\">Pol\u00edtica<\/a><\/span><\/div><div class=\"cardsPage__listCard__boxs__content\"><a href=\"https:\/\/www.suno.com.br\/noticias\/lira-cobra-mp-para-alterar-lei-estatais-combustiveis\/\"><h2 class=\"content__title\">Lira cobra do governo MP para mudar Lei das Estatais; entenda o que prev\u00ea a legisla\u00e7\u00e3o<\/h2><\/a><div class=\"newsContent__article__meta\"><div class=\"newsContent__article__meta__authorBox\"><a href=\"https:\/\/www.suno.com.br\/noticias\/author\/marco-lopes\/\" class=\"authorBox__avatar noMobi\"><img src=\"https:\/\/secure.gravatar.com\/avatar\/385167b012fbc1cde32c5446ee253313?s=96&#038;r=g\" alt=\"Marco Ant\u00f4nio Lopes\"><\/a><div class=\"authorBox__name\"><span>por\n\t\t\t<a href=\"https:\/\/www.suno.com.br\/noticias\/author\/marco-lopes\/\"><span itemprop=\"author\">Marco Ant\u00f4nio Lopes<\/span><\/a><\/span><time datetime=\"2022-06-21T19:05:43-03:00\" itemprop=\"datePublished\">21\/06\/2022 19:05<\/time><\/div><\/div><\/div><\/div><\/div>","single_layout":"posts","amp_enabled":true,"_links":{"self":[{"href":"https:\/\/www.suno.com.br\/noticias\/wp-json\/wp\/v2\/posts\/269669"}],"collection":[{"href":"https:\/\/www.suno.com.br\/noticias\/wp-json\/wp\/v2\/posts"}],"about":[{"href":"https:\/\/www.suno.com.br\/noticias\/wp-json\/wp\/v2\/types\/post"}],"author":[{"embeddable":true,"href":"https:\/\/www.suno.com.br\/noticias\/wp-json\/wp\/v2\/users\/98"}],"replies":[{"embeddable":true,"href":"https:\/\/www.suno.com.br\/noticias\/wp-json\/wp\/v2\/comments?post=269669"}],"version-history":[{"count":3,"href":"https:\/\/www.suno.com.br\/noticias\/wp-json\/wp\/v2\/posts\/269669\/revisions"}],"predecessor-version":[{"id":269706,"href":"https:\/\/www.suno.com.br\/noticias\/wp-json\/wp\/v2\/posts\/269669\/revisions\/269706"}],"wp:featuredmedia":[{"embeddable":true,"href":"https:\/\/www.suno.com.br\/noticias\/wp-json\/wp\/v2\/media\/158387"}],"wp:attachment":[{"href":"https:\/\/www.suno.com.br\/noticias\/wp-json\/wp\/v2\/media?parent=269669"}],"wp:term":[{"taxonomy":"category","embeddable":true,"href":"https:\/\/www.suno.com.br\/noticias\/wp-json\/wp\/v2\/categories?post=269669"},{"taxonomy":"post_tag","embeddable":true,"href":"https:\/\/www.suno.com.br\/noticias\/wp-json\/wp\/v2\/tags?post=269669"},{"taxonomy":"suno_strategy","embeddable":true,"href":"https:\/\/www.suno.com.br\/noticias\/wp-json\/wp\/v2\/suno_strategy?post=269669"}],"curies":[{"name":"wp","href":"https:\/\/api.w.org\/{rel}","templated":true}]}}