{"id":269668,"date":"2022-06-21T20:19:11","date_gmt":"2022-06-21T23:19:11","guid":{"rendered":"https:\/\/www.suno.com.br\/noticias\/?p=269668"},"modified":"2022-06-21T20:19:11","modified_gmt":"2022-06-21T23:19:11","slug":"quintoandar-anuncia-expansao-mexico","status":"publish","type":"post","link":"https:\/\/www.suno.com.br\/noticias\/quintoandar-anuncia-expansao-mexico\/","title":{"rendered":"QuintoAndar anuncia expans\u00e3o para o M\u00e9xico e lan\u00e7a marca internacional"},"content":{"rendered":"<p>A plataforma brasileira de moradia <strong><a class=\"suno-keyword\" href=\"https:\/\/www.suno.com.br\/artigos\/quinto-andar\/\" target=\"_blank\" rel=\"noopener\" data-force=\"no\" data-priority=\"2\">QuintoAndar<\/a><\/strong> anunciou hoje (21) que vai come\u00e7ar opera\u00e7\u00e3o na <strong>Cidade do M\u00e9xico<\/strong>, a primeira fora do pa\u00eds. Sob o nome Benvi, a nova marca internacional da proptech, a empresa disse que oferecer\u00e1 servi\u00e7os de aluguel como j\u00e1 faz no Brasil no mercado mexicano. As informa\u00e7\u00f5es s\u00e3o da revista Forbes.<\/p>\t<div class=\"wrapper-featured-image\">\n\t\t<figure class=\"spotlightImg\">\n\n\t\t\t<picture>\n\t\t\t\t<source media=\"(max-width: 768px)\" srcset=\"https:\/\/files.sunoresearch.com.br\/n\/uploads\/2022\/01\/FOTO5ANDAR-400x200.jpg\">\n\t\t\t\t<img loading=\"lazy\" decoding=\"async\" class=\"newsContent__article__imgCapa lazyloadDisabled \" src=\"https:\/\/files.sunoresearch.com.br\/n\/uploads\/2022\/01\/FOTO5ANDAR-800x450.jpg\" width=\"800\" height=\"450\" alt=\"QuintoAndar anuncia expans\u00e3o para o M\u00e9xico e lan\u00e7a marca internacional\" fetchpriority=high \/>\n\t\t\t<\/picture>\n\n\t\t\t<figcaption class=\"wp-caption-text wp-caption-text--show\">JQuintoAndar expande para a Cidade do M\u00e9xico - Foto: Divulga\u00e7\u00e3o\/QuintoAndar<\/figcaption>\n\t\t<\/figure>\n\t<\/div>\n\n\n\t<p>\n\t\t<a href=\"https:\/\/lp.suno.com.br\/planilha-de-controle-de-investimentos\/\" target=\"_blank\" data-element=\"shortcode-suno-banner\" title=\"Banner SUNO, clique e saiba mais\">\n\t\t\t<picture>\n\t\t\t\t<source media=\"(max-width: 500px)\" srcset=\"https:\/\/files.sunoresearch.com.br\/n\/uploads\/2023\/03\/400x300-Controle-de-Investimentos.png\">\n\t\t\t\t<img class=\"newsContent__article__imgCapa newsContent__article__imgCapa--banner\"\n\t\t\t\t\tsrc=\"https:\/\/files.sunoresearch.com.br\/n\/uploads\/2023\/03\/1420x240-Controle-de-Investimentos.png\"\n\t\t\t\t\tdata-promo-id=\"75934\"\t\t\t\t\t\t\t\t\t\twidth='1420' height='240'\t\t\t\t\talt=\"https:\/\/files.sunoresearch.com.br\/n\/uploads\/2023\/03\/1420x240-Controle-de-Investimentos.png\"\n\t\t\t\t>\n\t\t\t<\/picture>\n\t\t<\/a>\n\t<\/p>\n\n\n<p>&#8220;A partir de hoje, os mexicanos poder\u00e3o encontrar seu lugar no mundo por meio da experi\u00eancia digital r\u00e1pida, simples e sem burocracia de Benvi, que ajudou mais de 500.000 pessoas a viverem melhor no Brasil&#8221;, diz nota do QuintoAndar.<\/p>\n<p>Em dezembro de 2021, o QuintoAndar adquiriu as opera\u00e7\u00f5es imobili\u00e1rias do Grupo Navent, com empresas em seis pa\u00edses da Am\u00e9rica Latina, incluindo a Inmuebles24, no M\u00e9xico &#8211; a l\u00edder em classificados do segmento. \u201cO conhecimento da Inmuebles24 sobre o mercado local foi fundamental para que Benvi pudesse se aprofundar no cen\u00e1rio imobili\u00e1rio mexicano, e ser\u00e1 essencial \u00e0 medida que nos apresentarmos no pa\u00eds. As solu\u00e7\u00f5es de Benvi para propriet\u00e1rios e inquilinos ir\u00e3o ajud\u00e1-los a superar quest\u00f5es de moradia relevantes e nos colocar em uma posi\u00e7\u00e3o \u00fanica no mercado, como a melhor op\u00e7\u00e3o para aluguel na Cidade do M\u00e9xico&#8221;, explica Nicol\u00e1s Tejerina, vice-presidente de Marketplaces Latam do QuintoAndar e principal executivo da opera\u00e7\u00e3o mexicana.<\/p>\n<p>O <strong>app de Benvi<\/strong> est\u00e1 dispon\u00edvel em todas as lojas de aplicativos, segundo a QuintoAndar. &#8220;Os propriet\u00e1rios j\u00e1 podem anunciar seus <strong>im\u00f3veis para aluguel<\/strong> e acessar os benef\u00edcios exclusivos do processo, como fotos profissionais gratuitas, an\u00e1lise de cr\u00e9dito simplificada, suporte jur\u00eddico sem custo, experi\u00eancia digital de ponta a ponta segura e sem empecilhos para negocia\u00e7\u00e3o. Os interessados em alugar uma casa nova na Cidade do M\u00e9xico, j\u00e1 podem navegar pelas lista de im\u00f3veis dispon\u00edveis e agendar visitas diretamente no site.&#8221;<\/p>\n<p>Atualmente, o QuintoAndar opera em mais de 75 cidades no Brasil, com mais de 175 mil contratos ativos de aluguel e R$ 90 bilh\u00f5es em ativos sob administra\u00e7\u00e3o. A expans\u00e3o para o M\u00e9xico foi anunciada em 2021, pr\u00f3ximo ao an\u00fancio sobre a extens\u00e3o da s\u00e9rie E de investimentos da empresa que elevou seu valuation para US$ 5,1 bilh\u00f5es, &#8220;consolidando o QuintoAndar como a maior plataforma de moradia da Am\u00e9rica Latina e uma das maiores startups do Brasil&#8221;.<\/p>\n<p>&#8220;O Benvi chega ao M\u00e9xico com sua plataforma de aluguel com a mesma proposta de valor j\u00e1 prestigiada no Brasil, desde a busca personalizada at\u00e9 a gest\u00e3o do aluguel e contratos, incluindo as melhores garantias do mercado para propriet\u00e1rios, com pagamento garantido independentemente do atraso ou inadimpl\u00eancia do inquilino, al\u00e9m de prote\u00e7\u00e3o contra danos at\u00e9 MXN\uff04 200.000&#8221;, diz comunicado do aplicativo. &#8220;Para o inquilino, os benef\u00edcios incluem aus\u00eancia da figura do fiador e contrato assinado sem necessidade de dep\u00f3sito ou aval. A escolha pelo pa\u00eds \u00e9 motivada pelo tamanho e similaridade entre os os dois mercados, como burocracia, garantias financeiras complexas, pouca agilidade e flexibilidade nas negocia\u00e7\u00f5es, cadeia fragmentada e gest\u00e3o assim\u00e9trica e informal de propriedades.&#8221;<\/p>\n\t<p>\n\t\t<a href=\"https:\/\/lp.suno.com.br\/ebook-como-analisar-uma-acao\/\" target=\"_blank\" data-element=\"shortcode-suno-banner\" title=\"Banner SUNO, clique e saiba mais\">\n\t\t\t<picture>\n\t\t\t\t<source media=\"(max-width: 500px)\" srcset=\"https:\/\/files.sunoresearch.com.br\/n\/uploads\/2023\/03\/Ebook-Acoes-Mobile-1.jpg\">\n\t\t\t\t<img class=\"newsContent__article__imgCapa newsContent__article__imgCapa--banner\"\n\t\t\t\t\tsrc=\"https:\/\/files.sunoresearch.com.br\/n\/uploads\/2023\/03\/Ebook-Acoes-Desktop-1.jpg\"\n\t\t\t\t\tdata-promo-id=\"171998\"\t\t\t\t\t\t\t\t\t\twidth='1420' height='286'\t\t\t\t\talt=\"https:\/\/files.sunoresearch.com.br\/n\/uploads\/2023\/03\/Ebook-Acoes-Desktop-1.jpg\"\n\t\t\t\t>\n\t\t\t<\/picture>\n\t\t<\/a>\n\t<\/p>\n\n\n<p>Gabriel Braga, cofundador e CEO do QuintoAndar, disse em entrevista \u00e0 Forbes: \u201cO M\u00e9xico \u00e9 o segundo pa\u00eds mais relevante da Am\u00e9rica Latina em termos de tamanho e popula\u00e7\u00e3o. Por l\u00e1, o <strong>mercado imobili\u00e1rio<\/strong> sofre dores muito similares \u00e0s que n\u00f3s estamos ajudando a solucionar aqui no Brasil. Encontrar um im\u00f3vel no M\u00e9xico \u00e9 trabalhoso, as informa\u00e7\u00f5es s\u00e3o muito fragmentadas, voc\u00ea tem que fazer v\u00e1rias visitas improdutivas para encontrar o que procura, o processo n\u00e3o \u00e9 simples\u201d diz .<\/p>\n\t<p>\n\t\t<a href=\"\" target=\"_blank\" data-element=\"shortcode-suno-banner\" title=\"Banner SUNO, clique e saiba mais\">\n\t\t\t<picture>\n\t\t\t\t<source media=\"(max-width: 500px)\" srcset=\"\">\n\t\t\t\t<img class=\"newsContent__article__imgCapa newsContent__article__imgCapa--banner\"\n\t\t\t\t\tsrc=\"\"\n\t\t\t\t\tdata-promo-id=\"240038\"\t\t\t\t\t\t\t\t\t\t\t\t\t\t\talt=\"\"\n\t\t\t\t>\n\t\t\t<\/picture>\n\t\t<\/a>\n\t<\/p>\n\n\n<p>Segundo pesquisa realizada pela empresa, apenas 17% dos 35 milh\u00f5es de im\u00f3veis residenciais no M\u00e9xico, no final do ano passado, estavam sendo ocupados para aluguel.<\/p>\n<p>Na vis\u00e3o do presidente, a proposta da empresa, que toma conta de contratos imobili\u00e1rios de R$ 90 bilh\u00f5es, pode ser de imenso valor em novos mercados. \u201cFacilidades como ter fotos profissionais, fazer todo o processo de forma digital e poder contar com as garantias de loca\u00e7\u00e3o e prote\u00e7\u00e3o contra danos de at\u00e9 200 mil pesos mexicanos (R$ 52 mil) podem levar o <strong>mercado mexicano<\/strong> para outro patamar\u201d, afirma Braga.<\/p>\n\t<p>\n\t\t<a href=\"https:\/\/lp.suno.com.br\/planilha-da-vida-financeira\/\" target=\"_blank\" data-element=\"shortcode-suno-banner\" title=\"Banner SUNO, clique e saiba mais\">\n\t\t\t<picture>\n\t\t\t\t<source media=\"(max-width: 500px)\" srcset=\"https:\/\/files.sunoresearch.com.br\/n\/uploads\/2023\/04\/400x300-Planilha-vida-financeira-true.png\">\n\t\t\t\t<img class=\"newsContent__article__imgCapa newsContent__article__imgCapa--banner\"\n\t\t\t\t\tsrc=\"https:\/\/files.sunoresearch.com.br\/n\/uploads\/2023\/04\/1420x240-Planilha-vida-financeira-true.png\"\n\t\t\t\t\tdata-promo-id=\"106682\"\t\t\t\t\t\t\t\t\t\twidth='1420' height='240'\t\t\t\t\talt=\"https:\/\/files.sunoresearch.com.br\/n\/uploads\/2023\/04\/1420x240-Planilha-vida-financeira-true.png\"\n\t\t\t\t>\n\t\t\t<\/picture>\n\t\t<\/a>\n\t<\/p>\n\n\n<p>\u201cNesse primeiro momento estamos indo com o esp\u00edrito de abertura, para aprender e entender como as coisas realmente funcionam por l\u00e1. Nossa plataforma nos permite operar com outras l\u00ednguas, moedas e outras peculiaridades. Al\u00e9m disso, temos um time no M\u00e9xico dedicado a entender como funcionam os processos e fazer a opera\u00e7\u00e3o dar certo\u201d, diz o CEO em entrevista com a Forbes.<\/p>\n<p>\u201dComo marca internacional, precis\u00e1vamos de um nome curto e simples que pudesse ser falado e entendido em diferentes idiomas, que provocasse associa\u00e7\u00f5es e significados positivos para nossa marca e que pudesse representar nosso posicionamento em diferentes partes do mundo\u201d, explica o CMO do QuintoAndar, Jo\u00e3o Chueiri, sobre a Benvi. E acrescenta: \u201cO desenvolvimento da marca Benvi est\u00e1 alinhado ao rebranding, feito em janeiro de 2022, que consolidou o nosso posicionamento como uma empresa que abre portas para o morar melhor com todo o cuidado e aten\u00e7\u00e3o que a moradia merece. Da mesma forma, a nova identidade visual foi criada para funcionar para ambas as marcas\u201d, finaliza, citando a Benvi.<\/p>\n<p>O <strong>QuintoAndar<\/strong> foi avaliado, em agosto de 2021, pelo valor de R$ 26,4 bilh\u00f5es em sua \u00faltima rodada de investimentos.<\/p>\n\t<p>\n\t\t<a href=\"https:\/\/lp.suno.com.br\/planilha-controle-gastos\/\" target=\"_blank\" data-element=\"shortcode-suno-banner\" title=\"Banner SUNO, clique e saiba mais\">\n\t\t\t<picture>\n\t\t\t\t<source media=\"(max-width: 500px)\" srcset=\"https:\/\/files.sunoresearch.com.br\/n\/uploads\/2023\/03\/400x300-Planilha-controle-de-gastos.png\">\n\t\t\t\t<img class=\"newsContent__article__imgCapa newsContent__article__imgCapa--banner\"\n\t\t\t\t\tsrc=\"https:\/\/files.sunoresearch.com.br\/n\/uploads\/2023\/03\/1420x240-Planilha-controle-de-gastos.png\"\n\t\t\t\t\tdata-promo-id=\"101751\"\t\t\t\t\t\t\t\t\t\twidth='1420' height='240'\t\t\t\t\talt=\"https:\/\/files.sunoresearch.com.br\/n\/uploads\/2023\/03\/1420x240-Planilha-controle-de-gastos.png\"\n\t\t\t\t>\n\t\t\t<\/picture>\n\t\t<\/a>\n\t<\/p>\n\n\n<p>&nbsp;<\/p>\n","protected":false},"excerpt":{"rendered":"<p>A plataforma brasileira de moradia QuintoAndar anunciou hoje (21) que vai come\u00e7ar opera\u00e7\u00e3o na Cidade do M\u00e9xico, a primeira fora do pa\u00eds. Sob o nome Benvi, a nova marca internacional da proptech, a empresa disse que oferecer\u00e1 servi\u00e7os de aluguel como j\u00e1 faz no Brasil no mercado mexicano. As informa\u00e7\u00f5es s\u00e3o da revista Forbes. JQuintoAndar [&hellip;]<\/p>\n","protected":false},"author":165,"featured_media":223056,"comment_status":"closed","ping_status":"closed","sticky":false,"template":"","format":"standard","meta":[],"categories":[64],"tags":[53351],"suno_strategy":[],"class_list":["post-269668","post","type-post","status-publish","format-standard","has-post-thumbnail","hentry","category-negocios","tag-quintoandar"],"yoast_head":"<!-- This site is optimized with the Yoast SEO plugin v24.4 - https:\/\/yoast.com\/wordpress\/plugins\/seo\/ -->\n<title>QuintoAndar anuncia expans\u00e3o para o M\u00e9xico e lan\u00e7a marca internacional<\/title>\n<meta name=\"description\" content=\"O QuintoAndar anunciou hoje (21) que vai iniciar opera\u00e7\u00f5es na Cidade do M\u00e9xico, sua primeira investida fora do pa\u00eds. Leia mais aqui\" \/>\n<meta name=\"robots\" content=\"index, follow, max-snippet:-1, max-image-preview:large, max-video-preview:-1\" \/>\n<link rel=\"canonical\" href=\"https:\/\/www.suno.com.br\/noticias\/quintoandar-anuncia-expansao-mexico\/\" \/>\n<meta property=\"og:locale\" content=\"pt_BR\" \/>\n<meta property=\"og:type\" content=\"article\" \/>\n<meta property=\"og:title\" content=\"QuintoAndar anuncia expans\u00e3o para o M\u00e9xico e lan\u00e7a marca internacional\" \/>\n<meta property=\"og:description\" content=\"O QuintoAndar anunciou hoje (21) que vai iniciar opera\u00e7\u00f5es na Cidade do M\u00e9xico, sua primeira investida fora do pa\u00eds. Leia mais aqui\" \/>\n<meta property=\"og:url\" content=\"https:\/\/www.suno.com.br\/noticias\/quintoandar-anuncia-expansao-mexico\/\" \/>\n<meta property=\"og:site_name\" content=\"Suno Not\u00edcias\" \/>\n<meta property=\"article:publisher\" content=\"https:\/\/facebook.com\/sunoresearch\" \/>\n<meta property=\"og:image\" content=\"https:\/\/files.sunoresearch.com.br\/n\/uploads\/2022\/01\/FOTO5ANDAR.jpg\" \/>\n\t<meta property=\"og:image:width\" content=\"1426\" \/>\n\t<meta property=\"og:image:height\" content=\"812\" \/>\n\t<meta property=\"og:image:type\" content=\"image\/jpeg\" \/>\n<meta name=\"author\" content=\"Ana Carolina Cury\" \/>\n<meta name=\"twitter:card\" content=\"summary_large_image\" \/>\n<meta name=\"twitter:creator\" content=\"@sunoresearch\" \/>\n<meta name=\"twitter:site\" content=\"@sunoresearch\" \/>\n<meta name=\"twitter:label1\" content=\"Escrito por\" \/>\n\t<meta name=\"twitter:data1\" content=\"Ana Carolina Cury\" \/>\n\t<meta name=\"twitter:label2\" content=\"Est. tempo de leitura\" \/>\n\t<meta name=\"twitter:data2\" content=\"5 minutos\" \/>\n<script type=\"application\/ld+json\" class=\"yoast-schema-graph\">{\"@context\":\"https:\/\/schema.org\",\"@graph\":[{\"@type\":\"NewsArticle\",\"@id\":\"https:\/\/www.suno.com.br\/noticias\/quintoandar-anuncia-expansao-mexico\/#article\",\"isPartOf\":{\"@id\":\"https:\/\/www.suno.com.br\/noticias\/quintoandar-anuncia-expansao-mexico\/\"},\"author\":{\"name\":\"Ana Carolina Cury\",\"@id\":\"https:\/\/www.suno.com.br\/noticias\/#\/schema\/person\/23ade539a9b626a27a055a2cceccc1f9\"},\"headline\":\"QuintoAndar anuncia expans\u00e3o para o M\u00e9xico e lan\u00e7a marca internacional\",\"datePublished\":\"2022-06-21T23:19:11+00:00\",\"mainEntityOfPage\":{\"@id\":\"https:\/\/www.suno.com.br\/noticias\/quintoandar-anuncia-expansao-mexico\/\"},\"wordCount\":941,\"publisher\":{\"@id\":\"https:\/\/www.suno.com.br\/noticias\/#organization\"},\"image\":{\"@id\":\"https:\/\/www.suno.com.br\/noticias\/quintoandar-anuncia-expansao-mexico\/#primaryimage\"},\"thumbnailUrl\":\"https:\/\/files.sunoresearch.com.br\/n\/uploads\/2022\/01\/FOTO5ANDAR.jpg\",\"keywords\":[\"QuintoAndar\"],\"articleSection\":[\"Neg\u00f3cios\"],\"inLanguage\":\"pt-BR\"},{\"@type\":\"WebPage\",\"@id\":\"https:\/\/www.suno.com.br\/noticias\/quintoandar-anuncia-expansao-mexico\/\",\"url\":\"https:\/\/www.suno.com.br\/noticias\/quintoandar-anuncia-expansao-mexico\/\",\"name\":\"QuintoAndar anuncia expans\u00e3o para o M\u00e9xico e lan\u00e7a marca internacional\",\"isPartOf\":{\"@id\":\"https:\/\/www.suno.com.br\/noticias\/#website\"},\"primaryImageOfPage\":{\"@id\":\"https:\/\/www.suno.com.br\/noticias\/quintoandar-anuncia-expansao-mexico\/#primaryimage\"},\"image\":{\"@id\":\"https:\/\/www.suno.com.br\/noticias\/quintoandar-anuncia-expansao-mexico\/#primaryimage\"},\"thumbnailUrl\":\"https:\/\/files.sunoresearch.com.br\/n\/uploads\/2022\/01\/FOTO5ANDAR.jpg\",\"datePublished\":\"2022-06-21T23:19:11+00:00\",\"description\":\"O QuintoAndar anunciou hoje (21) que vai iniciar opera\u00e7\u00f5es na Cidade do M\u00e9xico, sua primeira investida fora do pa\u00eds. Leia mais aqui\",\"breadcrumb\":{\"@id\":\"https:\/\/www.suno.com.br\/noticias\/quintoandar-anuncia-expansao-mexico\/#breadcrumb\"},\"inLanguage\":\"pt-BR\",\"potentialAction\":[{\"@type\":\"ReadAction\",\"target\":[\"https:\/\/www.suno.com.br\/noticias\/quintoandar-anuncia-expansao-mexico\/\"]}]},{\"@type\":\"ImageObject\",\"inLanguage\":\"pt-BR\",\"@id\":\"https:\/\/www.suno.com.br\/noticias\/quintoandar-anuncia-expansao-mexico\/#primaryimage\",\"url\":\"https:\/\/files.sunoresearch.com.br\/n\/uploads\/2022\/01\/FOTO5ANDAR.jpg\",\"contentUrl\":\"https:\/\/files.sunoresearch.com.br\/n\/uploads\/2022\/01\/FOTO5ANDAR.jpg\",\"width\":1426,\"height\":812,\"caption\":\"JQuintoAndar expande para a Cidade do M\u00e9xico - Foto: Divulga\u00e7\u00e3o\/QuintoAndar\"},{\"@type\":\"BreadcrumbList\",\"@id\":\"https:\/\/www.suno.com.br\/noticias\/quintoandar-anuncia-expansao-mexico\/#breadcrumb\",\"itemListElement\":[{\"@type\":\"ListItem\",\"position\":1,\"name\":\"Not\u00edcias\",\"item\":\"https:\/\/www.suno.com.br\/noticias\/\"},{\"@type\":\"ListItem\",\"position\":2,\"name\":\"Neg\u00f3cios\",\"item\":\"https:\/\/www.suno.com.br\/noticias\/negocios\/\"},{\"@type\":\"ListItem\",\"position\":3,\"name\":\"QuintoAndar anuncia expans\u00e3o para o M\u00e9xico e lan\u00e7a marca internacional\"}]},{\"@type\":\"WebSite\",\"@id\":\"https:\/\/www.suno.com.br\/noticias\/#website\",\"url\":\"https:\/\/www.suno.com.br\/noticias\/\",\"name\":\"Suno Not\u00edcias\",\"description\":\"Seu portal de informa\u00e7\u00e3o sobre o mundo dos investimentos\",\"publisher\":{\"@id\":\"https:\/\/www.suno.com.br\/noticias\/#organization\"},\"potentialAction\":[{\"@type\":\"SearchAction\",\"target\":{\"@type\":\"EntryPoint\",\"urlTemplate\":\"https:\/\/www.suno.com.br\/noticias\/?s={search_term_string}\"},\"query-input\":{\"@type\":\"PropertyValueSpecification\",\"valueRequired\":true,\"valueName\":\"search_term_string\"}}],\"inLanguage\":\"pt-BR\"},{\"@type\":\"Organization\",\"@id\":\"https:\/\/www.suno.com.br\/noticias\/#organization\",\"name\":\"Suno Not\u00edcias\",\"url\":\"https:\/\/www.suno.com.br\/noticias\/\",\"logo\":{\"@type\":\"ImageObject\",\"inLanguage\":\"pt-BR\",\"@id\":\"https:\/\/www.suno.com.br\/noticias\/#\/schema\/logo\/image\/\",\"url\":\"https:\/\/files.sunoresearch.com.br\/n\/uploads\/2021\/09\/suno-logo.png\",\"contentUrl\":\"https:\/\/files.sunoresearch.com.br\/n\/uploads\/2021\/09\/suno-logo.png\",\"width\":180,\"height\":180,\"caption\":\"Suno Not\u00edcias\"},\"image\":{\"@id\":\"https:\/\/www.suno.com.br\/noticias\/#\/schema\/logo\/image\/\"},\"sameAs\":[\"https:\/\/facebook.com\/sunoresearch\",\"https:\/\/x.com\/sunoresearch\",\"https:\/\/www.instagram.com\/suno\",\"https:\/\/www.linkedin.com\/company\/suno-research\/\",\"https:\/\/www.youtube.com\/c\/sunoresearch\"]},{\"@type\":\"Person\",\"@id\":\"https:\/\/www.suno.com.br\/noticias\/#\/schema\/person\/23ade539a9b626a27a055a2cceccc1f9\",\"name\":\"Ana Carolina Cury\",\"image\":{\"@type\":\"ImageObject\",\"inLanguage\":\"pt-BR\",\"@id\":\"https:\/\/www.suno.com.br\/noticias\/#\/schema\/person\/image\/\",\"url\":\"https:\/\/secure.gravatar.com\/avatar\/a3c7bae536b759b9ed2f07b5df9995e1?s=96&r=g\",\"contentUrl\":\"https:\/\/secure.gravatar.com\/avatar\/a3c7bae536b759b9ed2f07b5df9995e1?s=96&r=g\",\"caption\":\"Ana Carolina Cury\"},\"description\":\"Estagi\u00e1ria de Reda\u00e7\u00e3o, cobre mercado financeiro, macroeconomia, pol\u00edtica e neg\u00f3cios. Estudante de jornalismo na FAAP, \u00e9 monitora do laborat\u00f3rio de jornalismo da faculdade (LabJor) e trabalhou com a Band News no projeto primeira not\u00edcia em parceria com a FAAP.\",\"url\":\"https:\/\/www.suno.com.br\/noticias\/author\/ana-curysuno-com-br\/\"}]}<\/script>\n<!-- \/ Yoast SEO plugin. -->","yoast_head_json":{"title":"QuintoAndar anuncia expans\u00e3o para o M\u00e9xico e lan\u00e7a marca internacional","description":"O QuintoAndar anunciou hoje (21) que vai iniciar opera\u00e7\u00f5es na Cidade do M\u00e9xico, sua primeira investida fora do pa\u00eds. Leia mais aqui","robots":{"index":"index","follow":"follow","max-snippet":"max-snippet:-1","max-image-preview":"max-image-preview:large","max-video-preview":"max-video-preview:-1"},"canonical":"https:\/\/www.suno.com.br\/noticias\/quintoandar-anuncia-expansao-mexico\/","og_locale":"pt_BR","og_type":"article","og_title":"QuintoAndar anuncia expans\u00e3o para o M\u00e9xico e lan\u00e7a marca internacional","og_description":"O QuintoAndar anunciou hoje (21) que vai iniciar opera\u00e7\u00f5es na Cidade do M\u00e9xico, sua primeira investida fora do pa\u00eds. Leia mais aqui","og_url":"https:\/\/www.suno.com.br\/noticias\/quintoandar-anuncia-expansao-mexico\/","og_site_name":"Suno Not\u00edcias","article_publisher":"https:\/\/facebook.com\/sunoresearch","og_image":[{"width":1426,"height":812,"url":"https:\/\/files.sunoresearch.com.br\/n\/uploads\/2022\/01\/FOTO5ANDAR.jpg","type":"image\/jpeg"}],"author":"Ana Carolina Cury","twitter_card":"summary_large_image","twitter_creator":"@sunoresearch","twitter_site":"@sunoresearch","twitter_misc":{"Escrito por":"Ana Carolina Cury","Est. tempo de leitura":"5 minutos"},"schema":{"@context":"https:\/\/schema.org","@graph":[{"@type":"NewsArticle","@id":"https:\/\/www.suno.com.br\/noticias\/quintoandar-anuncia-expansao-mexico\/#article","isPartOf":{"@id":"https:\/\/www.suno.com.br\/noticias\/quintoandar-anuncia-expansao-mexico\/"},"author":{"name":"Ana Carolina Cury","@id":"https:\/\/www.suno.com.br\/noticias\/#\/schema\/person\/23ade539a9b626a27a055a2cceccc1f9"},"headline":"QuintoAndar anuncia expans\u00e3o para o M\u00e9xico e lan\u00e7a marca internacional","datePublished":"2022-06-21T23:19:11+00:00","mainEntityOfPage":{"@id":"https:\/\/www.suno.com.br\/noticias\/quintoandar-anuncia-expansao-mexico\/"},"wordCount":941,"publisher":{"@id":"https:\/\/www.suno.com.br\/noticias\/#organization"},"image":{"@id":"https:\/\/www.suno.com.br\/noticias\/quintoandar-anuncia-expansao-mexico\/#primaryimage"},"thumbnailUrl":"https:\/\/files.sunoresearch.com.br\/n\/uploads\/2022\/01\/FOTO5ANDAR.jpg","keywords":["QuintoAndar"],"articleSection":["Neg\u00f3cios"],"inLanguage":"pt-BR"},{"@type":"WebPage","@id":"https:\/\/www.suno.com.br\/noticias\/quintoandar-anuncia-expansao-mexico\/","url":"https:\/\/www.suno.com.br\/noticias\/quintoandar-anuncia-expansao-mexico\/","name":"QuintoAndar anuncia expans\u00e3o para o M\u00e9xico e lan\u00e7a marca internacional","isPartOf":{"@id":"https:\/\/www.suno.com.br\/noticias\/#website"},"primaryImageOfPage":{"@id":"https:\/\/www.suno.com.br\/noticias\/quintoandar-anuncia-expansao-mexico\/#primaryimage"},"image":{"@id":"https:\/\/www.suno.com.br\/noticias\/quintoandar-anuncia-expansao-mexico\/#primaryimage"},"thumbnailUrl":"https:\/\/files.sunoresearch.com.br\/n\/uploads\/2022\/01\/FOTO5ANDAR.jpg","datePublished":"2022-06-21T23:19:11+00:00","description":"O QuintoAndar anunciou hoje (21) que vai iniciar opera\u00e7\u00f5es na Cidade do M\u00e9xico, sua primeira investida fora do pa\u00eds. Leia mais aqui","breadcrumb":{"@id":"https:\/\/www.suno.com.br\/noticias\/quintoandar-anuncia-expansao-mexico\/#breadcrumb"},"inLanguage":"pt-BR","potentialAction":[{"@type":"ReadAction","target":["https:\/\/www.suno.com.br\/noticias\/quintoandar-anuncia-expansao-mexico\/"]}]},{"@type":"ImageObject","inLanguage":"pt-BR","@id":"https:\/\/www.suno.com.br\/noticias\/quintoandar-anuncia-expansao-mexico\/#primaryimage","url":"https:\/\/files.sunoresearch.com.br\/n\/uploads\/2022\/01\/FOTO5ANDAR.jpg","contentUrl":"https:\/\/files.sunoresearch.com.br\/n\/uploads\/2022\/01\/FOTO5ANDAR.jpg","width":1426,"height":812,"caption":"JQuintoAndar expande para a Cidade do M\u00e9xico - Foto: Divulga\u00e7\u00e3o\/QuintoAndar"},{"@type":"BreadcrumbList","@id":"https:\/\/www.suno.com.br\/noticias\/quintoandar-anuncia-expansao-mexico\/#breadcrumb","itemListElement":[{"@type":"ListItem","position":1,"name":"Not\u00edcias","item":"https:\/\/www.suno.com.br\/noticias\/"},{"@type":"ListItem","position":2,"name":"Neg\u00f3cios","item":"https:\/\/www.suno.com.br\/noticias\/negocios\/"},{"@type":"ListItem","position":3,"name":"QuintoAndar anuncia expans\u00e3o para o M\u00e9xico e lan\u00e7a marca internacional"}]},{"@type":"WebSite","@id":"https:\/\/www.suno.com.br\/noticias\/#website","url":"https:\/\/www.suno.com.br\/noticias\/","name":"Suno Not\u00edcias","description":"Seu portal de informa\u00e7\u00e3o sobre o mundo dos investimentos","publisher":{"@id":"https:\/\/www.suno.com.br\/noticias\/#organization"},"potentialAction":[{"@type":"SearchAction","target":{"@type":"EntryPoint","urlTemplate":"https:\/\/www.suno.com.br\/noticias\/?s={search_term_string}"},"query-input":{"@type":"PropertyValueSpecification","valueRequired":true,"valueName":"search_term_string"}}],"inLanguage":"pt-BR"},{"@type":"Organization","@id":"https:\/\/www.suno.com.br\/noticias\/#organization","name":"Suno Not\u00edcias","url":"https:\/\/www.suno.com.br\/noticias\/","logo":{"@type":"ImageObject","inLanguage":"pt-BR","@id":"https:\/\/www.suno.com.br\/noticias\/#\/schema\/logo\/image\/","url":"https:\/\/files.sunoresearch.com.br\/n\/uploads\/2021\/09\/suno-logo.png","contentUrl":"https:\/\/files.sunoresearch.com.br\/n\/uploads\/2021\/09\/suno-logo.png","width":180,"height":180,"caption":"Suno Not\u00edcias"},"image":{"@id":"https:\/\/www.suno.com.br\/noticias\/#\/schema\/logo\/image\/"},"sameAs":["https:\/\/facebook.com\/sunoresearch","https:\/\/x.com\/sunoresearch","https:\/\/www.instagram.com\/suno","https:\/\/www.linkedin.com\/company\/suno-research\/","https:\/\/www.youtube.com\/c\/sunoresearch"]},{"@type":"Person","@id":"https:\/\/www.suno.com.br\/noticias\/#\/schema\/person\/23ade539a9b626a27a055a2cceccc1f9","name":"Ana Carolina Cury","image":{"@type":"ImageObject","inLanguage":"pt-BR","@id":"https:\/\/www.suno.com.br\/noticias\/#\/schema\/person\/image\/","url":"https:\/\/secure.gravatar.com\/avatar\/a3c7bae536b759b9ed2f07b5df9995e1?s=96&r=g","contentUrl":"https:\/\/secure.gravatar.com\/avatar\/a3c7bae536b759b9ed2f07b5df9995e1?s=96&r=g","caption":"Ana Carolina Cury"},"description":"Estagi\u00e1ria de Reda\u00e7\u00e3o, cobre mercado financeiro, macroeconomia, pol\u00edtica e neg\u00f3cios. Estudante de jornalismo na FAAP, \u00e9 monitora do laborat\u00f3rio de jornalismo da faculdade (LabJor) e trabalhou com a Band News no projeto primeira not\u00edcia em parceria com a FAAP.","url":"https:\/\/www.suno.com.br\/noticias\/author\/ana-curysuno-com-br\/"}]}},"default_loop_html":"<div class=\"cardsPage__listCard__boxs\"><div class=\"cardsPage__listCard__boxs__img\"><a href=\"https:\/\/www.suno.com.br\/noticias\/quintoandar-anuncia-expansao-mexico\/\"><img class=\"mask\" src=\"https:\/\/www.suno.com.br\/noticias\/wp-content\/themes\/suno\/resources\/images\/spotlight\/spotlight1img\/bg-mask.png\" alt=\"Image Mask\"\/><img src=\"https:\/\/files.sunoresearch.com.br\/n\/uploads\/2022\/01\/FOTO5ANDAR-400x200.jpg\" alt=\"QuintoAndar anuncia expans\u00e3o para o M\u00e9xico e lan\u00e7a marca internacional\"\/><\/a><span class=\"spotlightCategory\"><a href=\"https:\/\/www.suno.com.br\/noticias\/negocios\/\">Neg\u00f3cios<\/a><\/span><\/div><div class=\"cardsPage__listCard__boxs__content\"><a href=\"https:\/\/www.suno.com.br\/noticias\/quintoandar-anuncia-expansao-mexico\/\"><h2 class=\"content__title\">QuintoAndar anuncia expans\u00e3o para o M\u00e9xico e lan\u00e7a marca internacional<\/h2><\/a><div class=\"newsContent__article__meta\"><div class=\"newsContent__article__meta__authorBox\"><a href=\"https:\/\/www.suno.com.br\/noticias\/author\/ana-curysuno-com-br\/\" class=\"authorBox__avatar noMobi\"><img src=\"https:\/\/files.sunoresearch.com.br\/n\/uploads\/2022\/04\/IMG-9970-1-150x150.jpg\" alt=\"Ana Carolina Cury\"><\/a><div class=\"authorBox__name\"><span>por\n\t\t\t<a href=\"https:\/\/www.suno.com.br\/noticias\/author\/ana-curysuno-com-br\/\"><span itemprop=\"author\">Ana Carolina Cury<\/span><\/a><\/span><time datetime=\"2022-06-21T20:19:11-03:00\" itemprop=\"datePublished\">21\/06\/2022 20:19<\/time><\/div><\/div><\/div><\/div><\/div>","single_layout":"posts","amp_enabled":true,"_links":{"self":[{"href":"https:\/\/www.suno.com.br\/noticias\/wp-json\/wp\/v2\/posts\/269668"}],"collection":[{"href":"https:\/\/www.suno.com.br\/noticias\/wp-json\/wp\/v2\/posts"}],"about":[{"href":"https:\/\/www.suno.com.br\/noticias\/wp-json\/wp\/v2\/types\/post"}],"author":[{"embeddable":true,"href":"https:\/\/www.suno.com.br\/noticias\/wp-json\/wp\/v2\/users\/165"}],"replies":[{"embeddable":true,"href":"https:\/\/www.suno.com.br\/noticias\/wp-json\/wp\/v2\/comments?post=269668"}],"version-history":[{"count":3,"href":"https:\/\/www.suno.com.br\/noticias\/wp-json\/wp\/v2\/posts\/269668\/revisions"}],"predecessor-version":[{"id":269718,"href":"https:\/\/www.suno.com.br\/noticias\/wp-json\/wp\/v2\/posts\/269668\/revisions\/269718"}],"wp:featuredmedia":[{"embeddable":true,"href":"https:\/\/www.suno.com.br\/noticias\/wp-json\/wp\/v2\/media\/223056"}],"wp:attachment":[{"href":"https:\/\/www.suno.com.br\/noticias\/wp-json\/wp\/v2\/media?parent=269668"}],"wp:term":[{"taxonomy":"category","embeddable":true,"href":"https:\/\/www.suno.com.br\/noticias\/wp-json\/wp\/v2\/categories?post=269668"},{"taxonomy":"post_tag","embeddable":true,"href":"https:\/\/www.suno.com.br\/noticias\/wp-json\/wp\/v2\/tags?post=269668"},{"taxonomy":"suno_strategy","embeddable":true,"href":"https:\/\/www.suno.com.br\/noticias\/wp-json\/wp\/v2\/suno_strategy?post=269668"}],"curies":[{"name":"wp","href":"https:\/\/api.w.org\/{rel}","templated":true}]}}