{"id":26964,"date":"2019-06-03T09:31:24","date_gmt":"2019-06-03T12:31:24","guid":{"rendered":"https:\/\/www.suno.com.br\/noticias\/?p=26964"},"modified":"2019-06-03T14:51:14","modified_gmt":"2019-06-03T17:51:14","slug":"petrobras-campos-venda","status":"publish","type":"post","link":"https:\/\/www.suno.com.br\/noticias\/petrobras-campos-venda\/","title":{"rendered":"Petrobras coloca campos dos polos de Rio Ventura e Rec\u00f4ncavo \u00e0 venda"},"content":{"rendered":"<p>A Petrobras anunciou nesta segunda-feira (3) que colocar\u00e1 \u00e0 venda os campos terrestres de <strong>Polo Rec\u00f4ncavo<\/strong> e <strong>Polo Rio Ventura,<\/strong> localizados na Bahia. A\u00e7\u00e3o que foi divulgada por meio de comunicado nesta manh\u00e3 \u00e9 mais uma etapa do programa de desinvestimentos da empresa.<\/p>\t<div class=\"wrapper-featured-image\">\n\t\t<figure class=\"spotlightImg\">\n\n\t\t\t<picture>\n\t\t\t\t<source media=\"(max-width: 768px)\" srcset=\"https:\/\/files.sunoresearch.com.br\/n\/uploads\/2019\/05\/3a9466a7-petrobras-400x200.webp\">\n\t\t\t\t<img loading=\"lazy\" decoding=\"async\" class=\"newsContent__article__imgCapa lazyloadDisabled newsContent__article__imgCapa--noCaption\" src=\"https:\/\/files.sunoresearch.com.br\/n\/uploads\/2019\/05\/3a9466a7-petrobras-800x450.webp\" width=\"800\" height=\"450\" alt=\"Petrobras coloca campos dos polos de Rio Ventura e Rec\u00f4ncavo \u00e0 venda\" fetchpriority=high \/>\n\t\t\t<\/picture>\n\n\t\t\t<figcaption class=\"wp-caption-text wp-caption-text--hide\">Petrobras (PETR4)<\/figcaption>\n\t\t<\/figure>\n\t<\/div>\n\n\n<p>Ainda no comunicado a <strong>Petrobras<\/strong> afirmou que as &#8220;opera\u00e7\u00f5es est\u00e3o alinhadas \u00e0 otimiza\u00e7\u00e3o do portf\u00f3lio e \u00e0 melhoria de aloca\u00e7\u00e3o do capital da companhia, visando a gera\u00e7\u00e3o de valor para os nossos acionistas&#8221;.<\/p>\n\t<p>\n\t\t<a href=\"https:\/\/lp.suno.com.br\/asset\/suno-fundo-infra-estrutura-snid11\/\" target=\"_blank\" data-element=\"shortcode-suno-banner\" title=\"Banner SUNO, clique e saiba mais\">\n\t\t\t<picture>\n\t\t\t\t<source media=\"(max-width: 500px)\" srcset=\"https:\/\/files.sunoresearch.com.br\/n\/uploads\/2024\/01\/400x300-Banner-Home-1-SNID-AO.png\">\n\t\t\t\t<img class=\"newsContent__article__imgCapa newsContent__article__imgCapa--banner\"\n\t\t\t\t\tsrc=\"https:\/\/files.sunoresearch.com.br\/n\/uploads\/2024\/01\/1420x240-Banner-Home-1-SNID-AO.png\"\n\t\t\t\t\tdata-promo-id=\"364419\"\t\t\t\t\t\t\t\t\t\twidth='1420' height='240'\t\t\t\t\talt=\"https:\/\/files.sunoresearch.com.br\/n\/uploads\/2024\/01\/1420x240-Banner-Home-1-SNID-AO.png\"\n\t\t\t\t>\n\t\t\t<\/picture>\n\t\t<\/a>\n\t<\/p>\n\n\n<h2>Polos \u00e0 venda<\/h2>\n<p>A <strong>estatal<\/strong> opera 75% do campo de <strong>Cambacica<\/strong> e 85% do de <strong>Guananbi<\/strong>, localizados no Polo Rec\u00f4ncavo. Nas demais concess\u00f5es a empresa tem participa\u00e7\u00e3o de 100%.<\/p>\n<p>A petroleira afirmou que os campos ser\u00e3o negociados com as instala\u00e7\u00f5es compartilhadas de escoamento e tratamento de produ\u00e7\u00e3o dos polos.<\/p>\n<h2>Desempenho produtivo das concess\u00f5es<\/h2>\n<ul>\n<li><strong>Polo Rec\u00f4ncavo<\/strong><br \/>\n&#8211; 14 concess\u00f5es terrestres<br \/>\n&#8211; Produ\u00e7\u00e3o total m\u00e9dia em 2018: 2,8 mil barris por dia de \u00f3leo e 588 mil m\u00b3 por dia de g\u00e1s.<\/li>\n<li><strong>Polo Rio Ventura<\/strong><br \/>\n&#8211; 8 concess\u00f5es terrestres<br \/>\n&#8211; Produ\u00e7\u00e3o total m\u00e9dia em 2018: 1,5 mil barris por dia de \u00f3leo e 43 m\u00b3 por dia de g\u00e1s.<\/li>\n<\/ul>\n<p><a href=\"https:\/\/www.suno.com.br\/noticias\/petrobras-cade-acordo-venda-refinarias\/\">Saiba mais:\u00a0Petrobras e Cade v\u00e3o assinar, ainda este m\u00eas, acordo para vender refinarias<\/a><\/p>\n<h2>Campos terrestres no Esp\u00edrito Santo<\/h2>\n<p>No \u00faltimo m\u00eas, a <strong>Petrobras<\/strong> j\u00e1 havia anunciado o interesse na concess\u00e3o de outros 27 <strong>campos<\/strong> <strong>terrestres<\/strong>. No entanto, esses est\u00e3o localizados no Esp\u00edrito Santo. Assim como na Bahia, as unidades seriam negociadas com as instala\u00e7\u00f5es compartilhadas de escoamento e tratamento de produ\u00e7\u00e3o.<\/p>\n<p>Dessa forma, a <strong>Petrobras<\/strong> abre a etapa de divulga\u00e7\u00e3o de oportunidade para a privatiza\u00e7\u00e3o dos seguintes campos:<\/p>\n<ul>\n<li>Bigu\u00e1;<\/li>\n<li>Cacimbas;<\/li>\n<li>Campo Grande;<\/li>\n<li>C\u00f3rrego Cedro Norte;<\/li>\n<li>C\u00f3rrego Cedro Norte Sul;<\/li>\n<li>C\u00f3rrego Dourado;<\/li>\n<li>C\u00f3rrego das Pedras;<\/li>\n<li>Fazenda Cedro;<\/li>\n<li>Fazenda Cedro Norte;<\/li>\n<li>Fazenda Queimada;<\/li>\n<li>Fazenda S\u00e3o Jorge;<\/li>\n<li>Guiriri;<\/li>\n<li>Inhambu;<\/li>\n<li>Jacutinga;<\/li>\n<li>Lagoa Bonita;<\/li>\n<li>Lagoa Suruaca;<\/li>\n<li>Mariricu;<\/li>\n<li>Mariricu Norte;<\/li>\n<li>Rio Ita\u00fanas;<\/li>\n<li>Rio Preto;<\/li>\n<li>Rio Preto Oeste;<\/li>\n<li>Rio Preto Sul;<\/li>\n<li>Rio S\u00e3o Mateus;<\/li>\n<li>S\u00e3o Mateus;<\/li>\n<li>S\u00e3o Mateus Leste;<\/li>\n<li>Seriema;<\/li>\n<li>Tabuiai\u00e1.<\/li>\n<\/ul>\n\t<p>\n\t\t<a href=\"https:\/\/lp.suno.com.br\/4-emissao-snel11\/\" target=\"_blank\" data-element=\"shortcode-suno-banner\" title=\"Banner SUNO, clique e saiba mais\">\n\t\t\t<picture>\n\t\t\t\t<source media=\"(max-width: 500px)\" srcset=\"https:\/\/files.sunoresearch.com.br\/n\/uploads\/2025\/07\/400x300-Mobile-Artigos-7.webp\">\n\t\t\t\t<img class=\"newsContent__article__imgCapa newsContent__article__imgCapa--banner\"\n\t\t\t\t\tsrc=\"https:\/\/files.sunoresearch.com.br\/n\/uploads\/2025\/07\/1420x240-Banner-Artigos-1-_-Banner-Materias-5.webp\"\n\t\t\t\t\tdata-promo-id=\"364417\"\t\t\t\t\t\t\t\t\t\twidth='1420' height='240'\t\t\t\t\talt=\"https:\/\/files.sunoresearch.com.br\/n\/uploads\/2025\/07\/1420x240-Banner-Artigos-1-_-Banner-Materias-5.webp\"\n\t\t\t\t>\n\t\t\t<\/picture>\n\t\t<\/a>\n\t<\/p>\n\n\n<p>A <b>Petrobras\u00a0<\/b>det\u00e9m 100% de todas as unidades. Os 27 campos produziram, em 2018, 2,8 mil barris de <strong>\u00f3leo<\/strong> por dia, em m\u00e9dia. Al\u00e9m disso, a quantidade de <strong>g\u00e1s<\/strong> chegou a 11 mil metros c\u00fabicos di\u00e1rios no mesmo per\u00edodo.<\/p>\n","protected":false},"excerpt":{"rendered":"<p>A Petrobras anunciou nesta segunda-feira (3) que colocar\u00e1 \u00e0 venda os campos terrestres de Polo Rec\u00f4ncavo e Polo Rio Ventura, localizados na Bahia. A\u00e7\u00e3o que foi divulgada por meio de comunicado nesta manh\u00e3 \u00e9 mais uma etapa do programa de desinvestimentos da empresa. Petrobras (PETR4) Ainda no comunicado a Petrobras afirmou que as &#8220;opera\u00e7\u00f5es est\u00e3o [&hellip;]<\/p>\n","protected":false},"author":11,"featured_media":26569,"comment_status":"closed","ping_status":"closed","sticky":false,"template":"","format":"standard","meta":[],"categories":[64],"tags":[595],"suno_strategy":[],"class_list":["post-26964","post","type-post","status-publish","format-standard","has-post-thumbnail","hentry","category-negocios","tag-petrobras-petr4"],"yoast_head":"<!-- This site is optimized with the Yoast SEO plugin v24.4 - https:\/\/yoast.com\/wordpress\/plugins\/seo\/ -->\n<title>Petrobras coloca campos dos polos de Rio Ventura e Rec\u00f4ncavo \u00e0 venda<\/title>\n<meta name=\"description\" content=\"Petrobras quer vender campos terresetres localizados na Bahia. An\u00fancio da empresa foi divulgado nesta segunda (3). Clique para saber mais.\" \/>\n<meta name=\"robots\" content=\"index, follow, max-snippet:-1, max-image-preview:large, max-video-preview:-1\" \/>\n<link rel=\"canonical\" href=\"https:\/\/www.suno.com.br\/noticias\/petrobras-campos-venda\/\" \/>\n<meta property=\"og:locale\" content=\"pt_BR\" \/>\n<meta property=\"og:type\" content=\"article\" \/>\n<meta property=\"og:title\" content=\"Petrobras coloca campos dos polos de Rio Ventura e Rec\u00f4ncavo \u00e0 venda\" \/>\n<meta property=\"og:description\" content=\"Petrobras quer vender campos terresetres localizados na Bahia. An\u00fancio da empresa foi divulgado nesta segunda (3). Clique para saber mais.\" \/>\n<meta property=\"og:url\" content=\"https:\/\/www.suno.com.br\/noticias\/petrobras-campos-venda\/\" \/>\n<meta property=\"og:site_name\" content=\"Suno Not\u00edcias\" \/>\n<meta property=\"article:publisher\" content=\"https:\/\/facebook.com\/sunoresearch\" \/>\n<meta property=\"og:image\" content=\"https:\/\/files.sunoresearch.com.br\/n\/uploads\/2019\/05\/3a9466a7-petrobras.jpg\" \/>\n\t<meta property=\"og:image:width\" content=\"1000\" \/>\n\t<meta property=\"og:image:height\" content=\"542\" \/>\n\t<meta property=\"og:image:type\" content=\"image\/jpeg\" \/>\n<meta name=\"author\" content=\"Renan Bandeira\" \/>\n<meta name=\"twitter:card\" content=\"summary_large_image\" \/>\n<meta name=\"twitter:creator\" content=\"@sunoresearch\" \/>\n<meta name=\"twitter:site\" content=\"@sunoresearch\" \/>\n<meta name=\"twitter:label1\" content=\"Escrito por\" \/>\n\t<meta name=\"twitter:data1\" content=\"Renan Bandeira\" \/>\n\t<meta name=\"twitter:label2\" content=\"Est. tempo de leitura\" \/>\n\t<meta name=\"twitter:data2\" content=\"2 minutos\" \/>\n<script type=\"application\/ld+json\" class=\"yoast-schema-graph\">{\"@context\":\"https:\/\/schema.org\",\"@graph\":[{\"@type\":\"NewsArticle\",\"@id\":\"https:\/\/www.suno.com.br\/noticias\/petrobras-campos-venda\/#article\",\"isPartOf\":{\"@id\":\"https:\/\/www.suno.com.br\/noticias\/petrobras-campos-venda\/\"},\"author\":{\"name\":\"Renan Bandeira\",\"@id\":\"https:\/\/www.suno.com.br\/noticias\/#\/schema\/person\/fc144a1c6108bd1dcd43784e88a3c138\"},\"headline\":\"Petrobras coloca campos dos polos de Rio Ventura e Rec\u00f4ncavo \u00e0 venda\",\"datePublished\":\"2019-06-03T12:31:24+00:00\",\"dateModified\":\"2019-06-03T17:51:14+00:00\",\"mainEntityOfPage\":{\"@id\":\"https:\/\/www.suno.com.br\/noticias\/petrobras-campos-venda\/\"},\"wordCount\":403,\"publisher\":{\"@id\":\"https:\/\/www.suno.com.br\/noticias\/#organization\"},\"image\":{\"@id\":\"https:\/\/www.suno.com.br\/noticias\/petrobras-campos-venda\/#primaryimage\"},\"thumbnailUrl\":\"https:\/\/files.sunoresearch.com.br\/n\/uploads\/2019\/05\/3a9466a7-petrobras-jpg.webp\",\"keywords\":[\"Petrobras (PETR4)\"],\"articleSection\":[\"Neg\u00f3cios\"],\"inLanguage\":\"pt-BR\"},{\"@type\":\"WebPage\",\"@id\":\"https:\/\/www.suno.com.br\/noticias\/petrobras-campos-venda\/\",\"url\":\"https:\/\/www.suno.com.br\/noticias\/petrobras-campos-venda\/\",\"name\":\"Petrobras coloca campos dos polos de Rio Ventura e Rec\u00f4ncavo \u00e0 venda\",\"isPartOf\":{\"@id\":\"https:\/\/www.suno.com.br\/noticias\/#website\"},\"primaryImageOfPage\":{\"@id\":\"https:\/\/www.suno.com.br\/noticias\/petrobras-campos-venda\/#primaryimage\"},\"image\":{\"@id\":\"https:\/\/www.suno.com.br\/noticias\/petrobras-campos-venda\/#primaryimage\"},\"thumbnailUrl\":\"https:\/\/files.sunoresearch.com.br\/n\/uploads\/2019\/05\/3a9466a7-petrobras-jpg.webp\",\"datePublished\":\"2019-06-03T12:31:24+00:00\",\"dateModified\":\"2019-06-03T17:51:14+00:00\",\"description\":\"Petrobras quer vender campos terresetres localizados na Bahia. An\u00fancio da empresa foi divulgado nesta segunda (3). Clique para saber mais.\",\"breadcrumb\":{\"@id\":\"https:\/\/www.suno.com.br\/noticias\/petrobras-campos-venda\/#breadcrumb\"},\"inLanguage\":\"pt-BR\",\"potentialAction\":[{\"@type\":\"ReadAction\",\"target\":[\"https:\/\/www.suno.com.br\/noticias\/petrobras-campos-venda\/\"]}]},{\"@type\":\"ImageObject\",\"inLanguage\":\"pt-BR\",\"@id\":\"https:\/\/www.suno.com.br\/noticias\/petrobras-campos-venda\/#primaryimage\",\"url\":\"https:\/\/files.sunoresearch.com.br\/n\/uploads\/2019\/05\/3a9466a7-petrobras-jpg.webp\",\"contentUrl\":\"https:\/\/files.sunoresearch.com.br\/n\/uploads\/2019\/05\/3a9466a7-petrobras-jpg.webp\",\"width\":1000,\"height\":542,\"caption\":\"Petrobras (PETR4)\"},{\"@type\":\"BreadcrumbList\",\"@id\":\"https:\/\/www.suno.com.br\/noticias\/petrobras-campos-venda\/#breadcrumb\",\"itemListElement\":[{\"@type\":\"ListItem\",\"position\":1,\"name\":\"Not\u00edcias\",\"item\":\"https:\/\/www.suno.com.br\/noticias\/\"},{\"@type\":\"ListItem\",\"position\":2,\"name\":\"Neg\u00f3cios\",\"item\":\"https:\/\/www.suno.com.br\/noticias\/negocios\/\"},{\"@type\":\"ListItem\",\"position\":3,\"name\":\"Petrobras coloca campos dos polos de Rio Ventura e Rec\u00f4ncavo \u00e0 venda\"}]},{\"@type\":\"WebSite\",\"@id\":\"https:\/\/www.suno.com.br\/noticias\/#website\",\"url\":\"https:\/\/www.suno.com.br\/noticias\/\",\"name\":\"Suno Not\u00edcias\",\"description\":\"Seu portal de informa\u00e7\u00e3o sobre o mundo dos investimentos\",\"publisher\":{\"@id\":\"https:\/\/www.suno.com.br\/noticias\/#organization\"},\"potentialAction\":[{\"@type\":\"SearchAction\",\"target\":{\"@type\":\"EntryPoint\",\"urlTemplate\":\"https:\/\/www.suno.com.br\/noticias\/?s={search_term_string}\"},\"query-input\":{\"@type\":\"PropertyValueSpecification\",\"valueRequired\":true,\"valueName\":\"search_term_string\"}}],\"inLanguage\":\"pt-BR\"},{\"@type\":\"Organization\",\"@id\":\"https:\/\/www.suno.com.br\/noticias\/#organization\",\"name\":\"Suno Not\u00edcias\",\"url\":\"https:\/\/www.suno.com.br\/noticias\/\",\"logo\":{\"@type\":\"ImageObject\",\"inLanguage\":\"pt-BR\",\"@id\":\"https:\/\/www.suno.com.br\/noticias\/#\/schema\/logo\/image\/\",\"url\":\"https:\/\/files.sunoresearch.com.br\/n\/uploads\/2021\/09\/suno-logo.png\",\"contentUrl\":\"https:\/\/files.sunoresearch.com.br\/n\/uploads\/2021\/09\/suno-logo.png\",\"width\":180,\"height\":180,\"caption\":\"Suno Not\u00edcias\"},\"image\":{\"@id\":\"https:\/\/www.suno.com.br\/noticias\/#\/schema\/logo\/image\/\"},\"sameAs\":[\"https:\/\/facebook.com\/sunoresearch\",\"https:\/\/x.com\/sunoresearch\",\"https:\/\/www.instagram.com\/suno\",\"https:\/\/www.linkedin.com\/company\/suno-research\/\",\"https:\/\/www.youtube.com\/c\/sunoresearch\"]},{\"@type\":\"Person\",\"@id\":\"https:\/\/www.suno.com.br\/noticias\/#\/schema\/person\/fc144a1c6108bd1dcd43784e88a3c138\",\"name\":\"Renan Bandeira\",\"image\":{\"@type\":\"ImageObject\",\"inLanguage\":\"pt-BR\",\"@id\":\"https:\/\/www.suno.com.br\/noticias\/#\/schema\/person\/image\/\",\"url\":\"https:\/\/secure.gravatar.com\/avatar\/68359cdb608f14f11bbefcb78f3fc747?s=96&r=g\",\"contentUrl\":\"https:\/\/secure.gravatar.com\/avatar\/68359cdb608f14f11bbefcb78f3fc747?s=96&r=g\",\"caption\":\"Renan Bandeira\"},\"description\":\"Renan Bandeira escreve sobre pol\u00edtica e economia para o portal da Suno Research. Antes da Suno, trabalhou em uma rede de televis\u00e3o, onde fazia reportagens sobre os mesmos temas. Estuda na Universidade Metodista de S\u00e3o Paulo.\",\"url\":\"https:\/\/www.suno.com.br\/noticias\/author\/renan-bandeira\/\"}]}<\/script>\n<!-- \/ Yoast SEO plugin. -->","yoast_head_json":{"title":"Petrobras coloca campos dos polos de Rio Ventura e Rec\u00f4ncavo \u00e0 venda","description":"Petrobras quer vender campos terresetres localizados na Bahia. An\u00fancio da empresa foi divulgado nesta segunda (3). Clique para saber mais.","robots":{"index":"index","follow":"follow","max-snippet":"max-snippet:-1","max-image-preview":"max-image-preview:large","max-video-preview":"max-video-preview:-1"},"canonical":"https:\/\/www.suno.com.br\/noticias\/petrobras-campos-venda\/","og_locale":"pt_BR","og_type":"article","og_title":"Petrobras coloca campos dos polos de Rio Ventura e Rec\u00f4ncavo \u00e0 venda","og_description":"Petrobras quer vender campos terresetres localizados na Bahia. An\u00fancio da empresa foi divulgado nesta segunda (3). Clique para saber mais.","og_url":"https:\/\/www.suno.com.br\/noticias\/petrobras-campos-venda\/","og_site_name":"Suno Not\u00edcias","article_publisher":"https:\/\/facebook.com\/sunoresearch","og_image":[{"width":1000,"height":542,"url":"https:\/\/files.sunoresearch.com.br\/n\/uploads\/2019\/05\/3a9466a7-petrobras.jpg","type":"image\/jpeg"}],"author":"Renan Bandeira","twitter_card":"summary_large_image","twitter_creator":"@sunoresearch","twitter_site":"@sunoresearch","twitter_misc":{"Escrito por":"Renan Bandeira","Est. tempo de leitura":"2 minutos"},"schema":{"@context":"https:\/\/schema.org","@graph":[{"@type":"NewsArticle","@id":"https:\/\/www.suno.com.br\/noticias\/petrobras-campos-venda\/#article","isPartOf":{"@id":"https:\/\/www.suno.com.br\/noticias\/petrobras-campos-venda\/"},"author":{"name":"Renan Bandeira","@id":"https:\/\/www.suno.com.br\/noticias\/#\/schema\/person\/fc144a1c6108bd1dcd43784e88a3c138"},"headline":"Petrobras coloca campos dos polos de Rio Ventura e Rec\u00f4ncavo \u00e0 venda","datePublished":"2019-06-03T12:31:24+00:00","dateModified":"2019-06-03T17:51:14+00:00","mainEntityOfPage":{"@id":"https:\/\/www.suno.com.br\/noticias\/petrobras-campos-venda\/"},"wordCount":403,"publisher":{"@id":"https:\/\/www.suno.com.br\/noticias\/#organization"},"image":{"@id":"https:\/\/www.suno.com.br\/noticias\/petrobras-campos-venda\/#primaryimage"},"thumbnailUrl":"https:\/\/files.sunoresearch.com.br\/n\/uploads\/2019\/05\/3a9466a7-petrobras-jpg.webp","keywords":["Petrobras (PETR4)"],"articleSection":["Neg\u00f3cios"],"inLanguage":"pt-BR"},{"@type":"WebPage","@id":"https:\/\/www.suno.com.br\/noticias\/petrobras-campos-venda\/","url":"https:\/\/www.suno.com.br\/noticias\/petrobras-campos-venda\/","name":"Petrobras coloca campos dos polos de Rio Ventura e Rec\u00f4ncavo \u00e0 venda","isPartOf":{"@id":"https:\/\/www.suno.com.br\/noticias\/#website"},"primaryImageOfPage":{"@id":"https:\/\/www.suno.com.br\/noticias\/petrobras-campos-venda\/#primaryimage"},"image":{"@id":"https:\/\/www.suno.com.br\/noticias\/petrobras-campos-venda\/#primaryimage"},"thumbnailUrl":"https:\/\/files.sunoresearch.com.br\/n\/uploads\/2019\/05\/3a9466a7-petrobras-jpg.webp","datePublished":"2019-06-03T12:31:24+00:00","dateModified":"2019-06-03T17:51:14+00:00","description":"Petrobras quer vender campos terresetres localizados na Bahia. An\u00fancio da empresa foi divulgado nesta segunda (3). Clique para saber mais.","breadcrumb":{"@id":"https:\/\/www.suno.com.br\/noticias\/petrobras-campos-venda\/#breadcrumb"},"inLanguage":"pt-BR","potentialAction":[{"@type":"ReadAction","target":["https:\/\/www.suno.com.br\/noticias\/petrobras-campos-venda\/"]}]},{"@type":"ImageObject","inLanguage":"pt-BR","@id":"https:\/\/www.suno.com.br\/noticias\/petrobras-campos-venda\/#primaryimage","url":"https:\/\/files.sunoresearch.com.br\/n\/uploads\/2019\/05\/3a9466a7-petrobras-jpg.webp","contentUrl":"https:\/\/files.sunoresearch.com.br\/n\/uploads\/2019\/05\/3a9466a7-petrobras-jpg.webp","width":1000,"height":542,"caption":"Petrobras (PETR4)"},{"@type":"BreadcrumbList","@id":"https:\/\/www.suno.com.br\/noticias\/petrobras-campos-venda\/#breadcrumb","itemListElement":[{"@type":"ListItem","position":1,"name":"Not\u00edcias","item":"https:\/\/www.suno.com.br\/noticias\/"},{"@type":"ListItem","position":2,"name":"Neg\u00f3cios","item":"https:\/\/www.suno.com.br\/noticias\/negocios\/"},{"@type":"ListItem","position":3,"name":"Petrobras coloca campos dos polos de Rio Ventura e Rec\u00f4ncavo \u00e0 venda"}]},{"@type":"WebSite","@id":"https:\/\/www.suno.com.br\/noticias\/#website","url":"https:\/\/www.suno.com.br\/noticias\/","name":"Suno Not\u00edcias","description":"Seu portal de informa\u00e7\u00e3o sobre o mundo dos investimentos","publisher":{"@id":"https:\/\/www.suno.com.br\/noticias\/#organization"},"potentialAction":[{"@type":"SearchAction","target":{"@type":"EntryPoint","urlTemplate":"https:\/\/www.suno.com.br\/noticias\/?s={search_term_string}"},"query-input":{"@type":"PropertyValueSpecification","valueRequired":true,"valueName":"search_term_string"}}],"inLanguage":"pt-BR"},{"@type":"Organization","@id":"https:\/\/www.suno.com.br\/noticias\/#organization","name":"Suno Not\u00edcias","url":"https:\/\/www.suno.com.br\/noticias\/","logo":{"@type":"ImageObject","inLanguage":"pt-BR","@id":"https:\/\/www.suno.com.br\/noticias\/#\/schema\/logo\/image\/","url":"https:\/\/files.sunoresearch.com.br\/n\/uploads\/2021\/09\/suno-logo.png","contentUrl":"https:\/\/files.sunoresearch.com.br\/n\/uploads\/2021\/09\/suno-logo.png","width":180,"height":180,"caption":"Suno Not\u00edcias"},"image":{"@id":"https:\/\/www.suno.com.br\/noticias\/#\/schema\/logo\/image\/"},"sameAs":["https:\/\/facebook.com\/sunoresearch","https:\/\/x.com\/sunoresearch","https:\/\/www.instagram.com\/suno","https:\/\/www.linkedin.com\/company\/suno-research\/","https:\/\/www.youtube.com\/c\/sunoresearch"]},{"@type":"Person","@id":"https:\/\/www.suno.com.br\/noticias\/#\/schema\/person\/fc144a1c6108bd1dcd43784e88a3c138","name":"Renan Bandeira","image":{"@type":"ImageObject","inLanguage":"pt-BR","@id":"https:\/\/www.suno.com.br\/noticias\/#\/schema\/person\/image\/","url":"https:\/\/secure.gravatar.com\/avatar\/68359cdb608f14f11bbefcb78f3fc747?s=96&r=g","contentUrl":"https:\/\/secure.gravatar.com\/avatar\/68359cdb608f14f11bbefcb78f3fc747?s=96&r=g","caption":"Renan Bandeira"},"description":"Renan Bandeira escreve sobre pol\u00edtica e economia para o portal da Suno Research. Antes da Suno, trabalhou em uma rede de televis\u00e3o, onde fazia reportagens sobre os mesmos temas. Estuda na Universidade Metodista de S\u00e3o Paulo.","url":"https:\/\/www.suno.com.br\/noticias\/author\/renan-bandeira\/"}]}},"default_loop_html":"<div class=\"cardsPage__listCard__boxs\"><div class=\"cardsPage__listCard__boxs__img\"><a href=\"https:\/\/www.suno.com.br\/noticias\/petrobras-campos-venda\/\"><img class=\"mask\" src=\"https:\/\/www.suno.com.br\/noticias\/wp-content\/themes\/suno\/resources\/images\/spotlight\/spotlight1img\/bg-mask.png\" alt=\"Image Mask\"\/><img src=\"https:\/\/files.sunoresearch.com.br\/n\/uploads\/2019\/05\/3a9466a7-petrobras-400x200.webp\" alt=\"Petrobras coloca campos dos polos de Rio Ventura e Rec\u00f4ncavo \u00e0 venda\"\/><\/a><span class=\"spotlightCategory\"><a href=\"https:\/\/www.suno.com.br\/noticias\/negocios\/\">Neg\u00f3cios<\/a><\/span><\/div><div class=\"cardsPage__listCard__boxs__content\"><a href=\"https:\/\/www.suno.com.br\/noticias\/petrobras-campos-venda\/\"><h2 class=\"content__title\">Petrobras coloca campos dos polos de Rio Ventura e Rec\u00f4ncavo \u00e0 venda<\/h2><\/a><div class=\"newsContent__article__meta\"><div class=\"newsContent__article__meta__authorBox\"><a href=\"https:\/\/www.suno.com.br\/noticias\/author\/renan-bandeira\/\" class=\"authorBox__avatar noMobi\"><img src=\"https:\/\/secure.gravatar.com\/avatar\/68359cdb608f14f11bbefcb78f3fc747?s=96&#038;r=g\" alt=\"Renan Bandeira\"><\/a><div class=\"authorBox__name\"><span>por\n\t\t\t<a href=\"https:\/\/www.suno.com.br\/noticias\/author\/renan-bandeira\/\"><span itemprop=\"author\">Renan Bandeira<\/span><\/a><\/span><time datetime=\"2019-06-03T09:31:24-03:00\" itemprop=\"datePublished\">03\/06\/2019 09:31<\/time><\/div><\/div><\/div><\/div><\/div>","single_layout":"posts","amp_enabled":true,"_links":{"self":[{"href":"https:\/\/www.suno.com.br\/noticias\/wp-json\/wp\/v2\/posts\/26964"}],"collection":[{"href":"https:\/\/www.suno.com.br\/noticias\/wp-json\/wp\/v2\/posts"}],"about":[{"href":"https:\/\/www.suno.com.br\/noticias\/wp-json\/wp\/v2\/types\/post"}],"author":[{"embeddable":true,"href":"https:\/\/www.suno.com.br\/noticias\/wp-json\/wp\/v2\/users\/11"}],"replies":[{"embeddable":true,"href":"https:\/\/www.suno.com.br\/noticias\/wp-json\/wp\/v2\/comments?post=26964"}],"version-history":[{"count":0,"href":"https:\/\/www.suno.com.br\/noticias\/wp-json\/wp\/v2\/posts\/26964\/revisions"}],"wp:featuredmedia":[{"embeddable":true,"href":"https:\/\/www.suno.com.br\/noticias\/wp-json\/wp\/v2\/media\/26569"}],"wp:attachment":[{"href":"https:\/\/www.suno.com.br\/noticias\/wp-json\/wp\/v2\/media?parent=26964"}],"wp:term":[{"taxonomy":"category","embeddable":true,"href":"https:\/\/www.suno.com.br\/noticias\/wp-json\/wp\/v2\/categories?post=26964"},{"taxonomy":"post_tag","embeddable":true,"href":"https:\/\/www.suno.com.br\/noticias\/wp-json\/wp\/v2\/tags?post=26964"},{"taxonomy":"suno_strategy","embeddable":true,"href":"https:\/\/www.suno.com.br\/noticias\/wp-json\/wp\/v2\/suno_strategy?post=26964"}],"curies":[{"name":"wp","href":"https:\/\/api.w.org\/{rel}","templated":true}]}}