{"id":269189,"date":"2022-06-20T20:31:58","date_gmt":"2022-06-20T23:31:58","guid":{"rendered":"https:\/\/www.suno.com.br\/noticias\/?p=269189"},"modified":"2022-06-20T20:50:33","modified_gmt":"2022-06-20T23:50:33","slug":"dolar-semana-maior-alta-fevereiro","status":"publish","type":"post","link":"https:\/\/www.suno.com.br\/noticias\/dolar-semana-maior-alta-fevereiro\/","title":{"rendered":"D\u00f3lar avan\u00e7a 0,81% e fecha na maior cota\u00e7\u00e3o desde fevereiro"},"content":{"rendered":"<p>A semana come\u00e7ou com uma<strong> <a class=\"suno-keyword\" href=\"https:\/\/www.suno.com.br\/artigos\/alta-do-dolar\/\" target=\"_blank\" rel=\"noopener\" data-force=\"no\" data-priority=\"1\">alta do d\u00f3lar<\/a><\/strong>, no maior valor desde fevereiro deste ano. Os analistas relacionam a perda do f\u00f4lego do real principalmente \u00e0 vis\u00e3o de aumento de risco pol\u00edtico e fiscal, junto de investidas do governo e aliados no Congresso, para conter os ajustes de<strong> pre\u00e7o dos combust\u00edveis<\/strong> pela <a class=\"suno-keyword\" href=\"https:\/\/www.suno.com.br\/acoes\/PETR4\/\" target=\"_blank\" rel=\"noopener\" data-force=\"yes\" data-priority=\"2\">Petrobras (PETR4)<\/a>. Segundo fontes do Broadcast, medidas como mudan\u00e7as na Lei de Estatais, taxa\u00e7\u00e3o de exporta\u00e7\u00f5es de petr\u00f3leo e o aumento da Contribui\u00e7\u00e3o Social sobre o Lucro L\u00edquido\u00a0 (CSLL) estariam em pauta na reuni\u00e3o de l\u00edderes na C\u00e2mara, marcada para o fim desta tarde.<\/p>\t<div class=\"wrapper-featured-image\">\n\t\t<figure class=\"spotlightImg\">\n\n\t\t\t<picture>\n\t\t\t\t<source media=\"(max-width: 768px)\" srcset=\"https:\/\/files.sunoresearch.com.br\/n\/uploads\/2022\/06\/Dolar-hoje-3-400x200.jpg\">\n\t\t\t\t<img loading=\"lazy\" decoding=\"async\" class=\"newsContent__article__imgCapa lazyloadDisabled \" src=\"https:\/\/files.sunoresearch.com.br\/n\/uploads\/2022\/06\/Dolar-hoje-3-800x450.jpg\" width=\"800\" height=\"450\" alt=\"D\u00f3lar avan\u00e7a 0,81% e fecha na maior cota\u00e7\u00e3o desde fevereiro\" fetchpriority=high \/>\n\t\t\t<\/picture>\n\n\t\t\t<figcaption class=\"wp-caption-text wp-caption-text--show\">O d\u00f3lar recua enquanto o mercado acompanha os dados de infla\u00e7\u00e3o no Brasil e EUA. Foto: Pixabay<\/figcaption>\n\t\t<\/figure>\n\t<\/div>\n\n\n\t<p>\n\t\t<a href=\"https:\/\/lp.suno.com.br\/planilha-de-controle-de-investimentos\/\" target=\"_blank\" data-element=\"shortcode-suno-banner\" title=\"Banner SUNO, clique e saiba mais\">\n\t\t\t<picture>\n\t\t\t\t<source media=\"(max-width: 500px)\" srcset=\"https:\/\/files.sunoresearch.com.br\/n\/uploads\/2023\/03\/400x300-Controle-de-Investimentos.png\">\n\t\t\t\t<img class=\"newsContent__article__imgCapa newsContent__article__imgCapa--banner\"\n\t\t\t\t\tsrc=\"https:\/\/files.sunoresearch.com.br\/n\/uploads\/2023\/03\/1420x240-Controle-de-Investimentos.png\"\n\t\t\t\t\tdata-promo-id=\"75934\"\t\t\t\t\t\t\t\t\t\twidth='1420' height='240'\t\t\t\t\talt=\"https:\/\/files.sunoresearch.com.br\/n\/uploads\/2023\/03\/1420x240-Controle-de-Investimentos.png\"\n\t\t\t\t>\n\t\t\t<\/picture>\n\t\t<\/a>\n\t<\/p>\n\n\n<p>O estresse no <strong>mercado de c\u00e2mbio<\/strong> come\u00e7ou pela manh\u00e3 com a not\u00edcia do pedido de <strong>demiss\u00e3o de Jos\u00e9 Mauro Coelho<\/strong> da presid\u00eancia da Petrobras (PETR4), na esteira de ataques do presidente Jair Bolsonaro e do presidente da C\u00e2mara, Arthur Lira (PP-AL). Ambos falaram em instalar uma CPI para investigar a pol\u00edtica de pre\u00e7os da companhia ap\u00f3s an\u00fancio de reajuste na sexta-feira (17). A sa\u00edda de Coelho deixa o caminho livre para o novo indicado pelo governo ao comando da Petrobras, Caio Paes de Andrade, egresso da equipe do <a class=\"suno-keyword\" href=\"https:\/\/www.suno.com.br\/artigos\/ministerio-da-economia\/\" target=\"_blank\" rel=\"noopener\" data-force=\"no\" data-priority=\"3\">Minist\u00e9rio da Economia<\/a>. Em rea\u00e7\u00e3o \u00e0 escalada do pre\u00e7o do diesel, o presidente da Associa\u00e7\u00e3o Brasileira de Condutores de Ve\u00edculos Automotores (Abrava), Wallace Landim, conhecido como Chor\u00e3o, atacou Bolsonaro e disse que &#8220;o pa\u00eds vai parar naturalmente por n\u00e3o ter mais como rodar&#8221;.<\/p>\n\t<p>\n\t\t<a href=\"https:\/\/lp.suno.com.br\/planilha-controle-gastos\/\" target=\"_blank\" data-element=\"shortcode-suno-banner\" title=\"Banner SUNO, clique e saiba mais\">\n\t\t\t<picture>\n\t\t\t\t<source media=\"(max-width: 500px)\" srcset=\"https:\/\/files.sunoresearch.com.br\/n\/uploads\/2023\/03\/400x300-Planilha-controle-de-gastos.png\">\n\t\t\t\t<img class=\"newsContent__article__imgCapa newsContent__article__imgCapa--banner\"\n\t\t\t\t\tsrc=\"https:\/\/files.sunoresearch.com.br\/n\/uploads\/2023\/03\/1420x240-Planilha-controle-de-gastos.png\"\n\t\t\t\t\tdata-promo-id=\"101751\"\t\t\t\t\t\t\t\t\t\twidth='1420' height='240'\t\t\t\t\talt=\"https:\/\/files.sunoresearch.com.br\/n\/uploads\/2023\/03\/1420x240-Planilha-controle-de-gastos.png\"\n\t\t\t\t>\n\t\t\t<\/picture>\n\t\t<\/a>\n\t<\/p>\n\n\n<p>Com esse pano de fundo negativo, investidores da <strong>moeda americana<\/strong> preferiram aumentar as posi\u00e7\u00f5es defensivas. Afora quedas pontuais e bem limitadas na abertura dos neg\u00f3cios e no in\u00edcio da tarde, o d\u00f3lar trabalhou em alta. Entre m\u00ednima de R$ 5,1375 e m\u00e1xima a R$ 5,1902, registrada na reta final do preg\u00e3o, encerrou com avan\u00e7o de 0,81%, cotado a R$ 5,1862 &#8211; maior valor de fechamento desde 14 de fevereiro (R$ 5,2185). Assim, o d\u00f3lar passa a apresentar valoriza\u00e7\u00e3o de 9,12% em junho. A liquidez foi reduzida em raz\u00e3o do feriado nos Estados Unidos, que deixou o mercado sem a refer\u00eancia das Bolsas em Nova York e dos Treasuries. O <a class=\"suno-keyword\" href=\"https:\/\/www.suno.com.br\/artigos\/contrato-futuro\/\" target=\"_blank\" rel=\"noopener\" data-force=\"no\" data-priority=\"1\">contrato futuro<\/a> de d\u00f3lar para julho, term\u00f4metro do apetite por neg\u00f3cios, movimentou menos de US$ 10 bilh\u00f5es.<\/p>\n\t<p>\n\t\t<a href=\"https:\/\/lp.suno.com.br\/ebook-como-analisar-uma-acao\/\" target=\"_blank\" data-element=\"shortcode-suno-banner\" title=\"Banner SUNO, clique e saiba mais\">\n\t\t\t<picture>\n\t\t\t\t<source media=\"(max-width: 500px)\" srcset=\"https:\/\/files.sunoresearch.com.br\/n\/uploads\/2023\/03\/Ebook-Acoes-Mobile-1.jpg\">\n\t\t\t\t<img class=\"newsContent__article__imgCapa newsContent__article__imgCapa--banner\"\n\t\t\t\t\tsrc=\"https:\/\/files.sunoresearch.com.br\/n\/uploads\/2023\/03\/Ebook-Acoes-Desktop-1.jpg\"\n\t\t\t\t\tdata-promo-id=\"171998\"\t\t\t\t\t\t\t\t\t\twidth='1420' height='286'\t\t\t\t\talt=\"https:\/\/files.sunoresearch.com.br\/n\/uploads\/2023\/03\/Ebook-Acoes-Desktop-1.jpg\"\n\t\t\t\t>\n\t\t\t<\/picture>\n\t\t<\/a>\n\t<\/p>\n\n\n<p>Segundo o economista-chefe da JF Trust, Eduardo Velho, a sa\u00edda de Coelho, embora j\u00e1 esperada, aumenta o <a class=\"suno-keyword\" href=\"https:\/\/www.suno.com.br\/artigos\/premio-de-risco\/\" target=\"_blank\" rel=\"noopener\" data-force=\"no\" data-priority=\"1\">pr\u00eamio de risco<\/a> e as press\u00f5es sobre o d\u00f3lar, que pode romper o patamar de R$ 5,20 nas pr\u00f3ximas semanas. &#8220;O acirramento pol\u00edtico e institucional tende a se agravar. Mesmo sendo pouco prov\u00e1vel, n\u00e3o se pode descartar um cen\u00e1rio de interven\u00e7\u00f5es do governo na ponta de <a class=\"suno-keyword\" href=\"https:\/\/www.suno.com.br\/artigos\/precos-administrados\/\" target=\"_blank\" rel=\"noopener\" data-force=\"no\" data-priority=\"1\">pre\u00e7os administrados<\/a> ou aumento dos gastos p\u00fablicos na medida que se aproxima o calend\u00e1rio eleitoral&#8221;, afirma.<\/p>\n<p>L\u00e1 fora, o <a class=\"suno-keyword\" href=\"https:\/\/www.suno.com.br\/artigos\/dxy\/\" target=\"_blank\" rel=\"noopener\" data-force=\"no\" data-priority=\"1\">\u00edndice DXY<\/a> &#8211; que mede o <strong>desempenho do d\u00f3lar<\/strong> frente a uma cesta de seis moedas &#8211; teve um dia de al\u00edvio, ap\u00f3s a escalada recente com a acelera\u00e7\u00e3o do ritmo de alta dos juros nos EUA pelo Federal Reserve na semana passada. A moeda americana caiu frente \u00e0 maioria das divisas emergentes e de exportadores de commodities. Em rela\u00e7\u00e3o aos pares do real, o desempenho foi misto, com baixa frente ao peso mexicano e alta na compara\u00e7\u00e3o com o peso chileno e o rand sul-africano. As cota\u00e7\u00f5es do petr\u00f3leo tiveram avan\u00e7o t\u00edmido, com o tipo Brent, refer\u00eancia para a Petrobras, ao redor dos US$ 114 o barril. O min\u00e9rio de ferro caiu quase 11% no <a class=\"suno-keyword\" href=\"https:\/\/www.suno.com.br\/artigos\/contrato-futuro\/\" target=\"_blank\" rel=\"noopener\" data-force=\"no\" data-priority=\"1\">mercado futuro<\/a> em Dalian e fechou com recuo de 8,18% no porto chin\u00eas de Qingdao, na China, cujas sider\u00fargicas est\u00e3o reduzidos as opera\u00e7\u00f5es.<\/p>\n\t<p>\n\t\t<a href=\"https:\/\/lp.suno.com.br\/planilha-da-vida-financeira\/\" target=\"_blank\" data-element=\"shortcode-suno-banner\" title=\"Banner SUNO, clique e saiba mais\">\n\t\t\t<picture>\n\t\t\t\t<source media=\"(max-width: 500px)\" srcset=\"https:\/\/files.sunoresearch.com.br\/n\/uploads\/2023\/04\/400x300-Planilha-vida-financeira-true.png\">\n\t\t\t\t<img class=\"newsContent__article__imgCapa newsContent__article__imgCapa--banner\"\n\t\t\t\t\tsrc=\"https:\/\/files.sunoresearch.com.br\/n\/uploads\/2023\/04\/1420x240-Planilha-vida-financeira-true.png\"\n\t\t\t\t\tdata-promo-id=\"106682\"\t\t\t\t\t\t\t\t\t\twidth='1420' height='240'\t\t\t\t\talt=\"https:\/\/files.sunoresearch.com.br\/n\/uploads\/2023\/04\/1420x240-Planilha-vida-financeira-true.png\"\n\t\t\t\t>\n\t\t\t<\/picture>\n\t\t<\/a>\n\t<\/p>\n\n\n<p>Para o CIO da Alphatree Capital, Rodrigo Jolig, ap\u00f3s resistir at\u00e9 de certa forma bem \u00e0 alta maior dos juros nos EUA, o mercado local parece, de fato, olhar novamente para &#8220;coisas ruins&#8221; do ambiente dom\u00e9stico, o que ajuda a explicar o desempenho fraco do real. &#8220;Mas acredito que o mercado vai acabar relevando esses problemas. Os n\u00fameros fiscais est\u00e3o melhores e n\u00e3o \u00e9 s\u00f3 o Brasil que est\u00e1 tentando segurar os pre\u00e7os dos combust\u00edveis, apesar de se falar muito aqui da press\u00e3o pol\u00edtica e dos motivos eleitorais&#8221;, diz Jolig.<\/p>\n<p>O gestor v\u00ea o<strong> d\u00f3lar<\/strong> ainda forte em rela\u00e7\u00e3o a divisas pares, em meio ao processo mais acelerado de <strong>alta de juros nos EUA<\/strong>. Ele destaca, contudo, que moedas emergentes de pa\u00edses com taxas de juros elevadas, caso do Brasil, se mostram bem defendidas contra a mar\u00e9 externa. &#8220;O real pode voltar a operar perto de R$ 5 nas pr\u00f3ximas semanas se o setor externo n\u00e3o adicionar muito risco. O CDI fala mais alto&#8221;, diz Jolig, que, por ora, n\u00e3o vislumbra um quadro desfavor\u00e1vel para commodities, vistas pelos investidores como prote\u00e7\u00e3o contra a infla\u00e7\u00e3o. &#8220;Por enquanto, s\u00f3 o Fed est\u00e1 fazendo o trabalho duro. Os outros bancos centrais desenvolvidos est\u00e3o atr\u00e1s. Enquanto n\u00e3o houver uma alta generalizada e mais forte dos juros, o quadro para commodities segue ok&#8221;.<\/p>\n\t<p>\n\t\t<a href=\"\" target=\"_blank\" data-element=\"shortcode-suno-banner\" title=\"Banner SUNO, clique e saiba mais\">\n\t\t\t<picture>\n\t\t\t\t<source media=\"(max-width: 500px)\" srcset=\"\">\n\t\t\t\t<img class=\"newsContent__article__imgCapa newsContent__article__imgCapa--banner\"\n\t\t\t\t\tsrc=\"\"\n\t\t\t\t\tdata-promo-id=\"240038\"\t\t\t\t\t\t\t\t\t\t\t\t\t\t\talt=\"\"\n\t\t\t\t>\n\t\t\t<\/picture>\n\t\t<\/a>\n\t<\/p>\n\n\n<p class=\"newsProviderSignature\"><em>Com informa\u00e7\u00f5es do Estad\u00e3o Conte\u00fado<\/em><\/p>\n","protected":false},"excerpt":{"rendered":"<p>A semana come\u00e7ou com uma alta do d\u00f3lar, no maior valor desde fevereiro deste ano. Os analistas relacionam a perda do f\u00f4lego do real principalmente \u00e0 vis\u00e3o de aumento de risco pol\u00edtico e fiscal, junto de investidas do governo e aliados no Congresso, para conter os ajustes de pre\u00e7o dos combust\u00edveis pela Petrobras (PETR4). Segundo [&hellip;]<\/p>\n","protected":false},"author":165,"featured_media":267422,"comment_status":"closed","ping_status":"closed","sticky":false,"template":"","format":"standard","meta":[],"categories":[62],"tags":[1437,326,595],"suno_strategy":[],"class_list":["post-269189","post","type-post","status-publish","format-standard","has-post-thumbnail","hentry","category-economia","tag-combustiveis","tag-dolar","tag-petrobras-petr4"],"yoast_head":"<!-- This site is optimized with the Yoast SEO plugin v24.4 - https:\/\/yoast.com\/wordpress\/plugins\/seo\/ -->\n<title>D\u00f3lar avan\u00e7a 0,81% e fecha na maior cota\u00e7\u00e3o desde fevereiro<\/title>\n<meta name=\"description\" content=\"Esta semana come\u00e7ou com uma alta do d\u00f3lar no mercado dom\u00e9stico de c\u00e2mbio, fechando no maior valor desde fevereiro deste ano.\" \/>\n<meta name=\"robots\" content=\"index, follow, max-snippet:-1, max-image-preview:large, max-video-preview:-1\" \/>\n<link rel=\"canonical\" href=\"https:\/\/www.suno.com.br\/noticias\/dolar-semana-maior-alta-fevereiro\/\" \/>\n<meta property=\"og:locale\" content=\"pt_BR\" \/>\n<meta property=\"og:type\" content=\"article\" \/>\n<meta property=\"og:title\" content=\"D\u00f3lar avan\u00e7a 0,81% e fecha na maior cota\u00e7\u00e3o desde fevereiro\" \/>\n<meta property=\"og:description\" content=\"Esta semana come\u00e7ou com uma alta do d\u00f3lar no mercado dom\u00e9stico de c\u00e2mbio, fechando no maior valor desde fevereiro deste ano.\" \/>\n<meta property=\"og:url\" content=\"https:\/\/www.suno.com.br\/noticias\/dolar-semana-maior-alta-fevereiro\/\" \/>\n<meta property=\"og:site_name\" content=\"Suno Not\u00edcias\" \/>\n<meta property=\"article:publisher\" content=\"https:\/\/facebook.com\/sunoresearch\" \/>\n<meta property=\"og:image\" content=\"https:\/\/files.sunoresearch.com.br\/n\/uploads\/2022\/06\/Dolar-hoje-3.jpg\" \/>\n\t<meta property=\"og:image:width\" content=\"1280\" \/>\n\t<meta property=\"og:image:height\" content=\"905\" \/>\n\t<meta property=\"og:image:type\" content=\"image\/jpeg\" \/>\n<meta name=\"author\" content=\"Ana Carolina Cury\" \/>\n<meta name=\"twitter:card\" content=\"summary_large_image\" \/>\n<meta name=\"twitter:creator\" content=\"@sunoresearch\" \/>\n<meta name=\"twitter:site\" content=\"@sunoresearch\" \/>\n<meta name=\"twitter:label1\" content=\"Escrito por\" \/>\n\t<meta name=\"twitter:data1\" content=\"Ana Carolina Cury\" \/>\n\t<meta name=\"twitter:label2\" content=\"Est. tempo de leitura\" \/>\n\t<meta name=\"twitter:data2\" content=\"4 minutos\" \/>\n<script type=\"application\/ld+json\" class=\"yoast-schema-graph\">{\"@context\":\"https:\/\/schema.org\",\"@graph\":[{\"@type\":\"NewsArticle\",\"@id\":\"https:\/\/www.suno.com.br\/noticias\/dolar-semana-maior-alta-fevereiro\/#article\",\"isPartOf\":{\"@id\":\"https:\/\/www.suno.com.br\/noticias\/dolar-semana-maior-alta-fevereiro\/\"},\"author\":{\"name\":\"Ana Carolina Cury\",\"@id\":\"https:\/\/www.suno.com.br\/noticias\/#\/schema\/person\/23ade539a9b626a27a055a2cceccc1f9\"},\"headline\":\"D\u00f3lar avan\u00e7a 0,81% e fecha na maior cota\u00e7\u00e3o desde fevereiro\",\"datePublished\":\"2022-06-20T23:31:58+00:00\",\"dateModified\":\"2022-06-20T23:50:33+00:00\",\"mainEntityOfPage\":{\"@id\":\"https:\/\/www.suno.com.br\/noticias\/dolar-semana-maior-alta-fevereiro\/\"},\"wordCount\":909,\"publisher\":{\"@id\":\"https:\/\/www.suno.com.br\/noticias\/#organization\"},\"image\":{\"@id\":\"https:\/\/www.suno.com.br\/noticias\/dolar-semana-maior-alta-fevereiro\/#primaryimage\"},\"thumbnailUrl\":\"https:\/\/files.sunoresearch.com.br\/n\/uploads\/2022\/06\/Dolar-hoje-3.jpg\",\"keywords\":[\"combust\u00edveis\",\"d\u00f3lar\",\"Petrobras (PETR4)\"],\"articleSection\":[\"Economia\"],\"inLanguage\":\"pt-BR\"},{\"@type\":\"WebPage\",\"@id\":\"https:\/\/www.suno.com.br\/noticias\/dolar-semana-maior-alta-fevereiro\/\",\"url\":\"https:\/\/www.suno.com.br\/noticias\/dolar-semana-maior-alta-fevereiro\/\",\"name\":\"D\u00f3lar avan\u00e7a 0,81% e fecha na maior cota\u00e7\u00e3o desde fevereiro\",\"isPartOf\":{\"@id\":\"https:\/\/www.suno.com.br\/noticias\/#website\"},\"primaryImageOfPage\":{\"@id\":\"https:\/\/www.suno.com.br\/noticias\/dolar-semana-maior-alta-fevereiro\/#primaryimage\"},\"image\":{\"@id\":\"https:\/\/www.suno.com.br\/noticias\/dolar-semana-maior-alta-fevereiro\/#primaryimage\"},\"thumbnailUrl\":\"https:\/\/files.sunoresearch.com.br\/n\/uploads\/2022\/06\/Dolar-hoje-3.jpg\",\"datePublished\":\"2022-06-20T23:31:58+00:00\",\"dateModified\":\"2022-06-20T23:50:33+00:00\",\"description\":\"Esta semana come\u00e7ou com uma alta do d\u00f3lar no mercado dom\u00e9stico de c\u00e2mbio, fechando no maior valor desde fevereiro deste ano.\",\"breadcrumb\":{\"@id\":\"https:\/\/www.suno.com.br\/noticias\/dolar-semana-maior-alta-fevereiro\/#breadcrumb\"},\"inLanguage\":\"pt-BR\",\"potentialAction\":[{\"@type\":\"ReadAction\",\"target\":[\"https:\/\/www.suno.com.br\/noticias\/dolar-semana-maior-alta-fevereiro\/\"]}]},{\"@type\":\"ImageObject\",\"inLanguage\":\"pt-BR\",\"@id\":\"https:\/\/www.suno.com.br\/noticias\/dolar-semana-maior-alta-fevereiro\/#primaryimage\",\"url\":\"https:\/\/files.sunoresearch.com.br\/n\/uploads\/2022\/06\/Dolar-hoje-3.jpg\",\"contentUrl\":\"https:\/\/files.sunoresearch.com.br\/n\/uploads\/2022\/06\/Dolar-hoje-3.jpg\",\"width\":1280,\"height\":905,\"caption\":\"O d\u00f3lar recua enquanto o mercado acompanha os dados de infla\u00e7\u00e3o no Brasil e EUA. Foto: Pixabay\"},{\"@type\":\"BreadcrumbList\",\"@id\":\"https:\/\/www.suno.com.br\/noticias\/dolar-semana-maior-alta-fevereiro\/#breadcrumb\",\"itemListElement\":[{\"@type\":\"ListItem\",\"position\":1,\"name\":\"Not\u00edcias\",\"item\":\"https:\/\/www.suno.com.br\/noticias\/\"},{\"@type\":\"ListItem\",\"position\":2,\"name\":\"Economia\",\"item\":\"https:\/\/www.suno.com.br\/noticias\/economia\/\"},{\"@type\":\"ListItem\",\"position\":3,\"name\":\"D\u00f3lar avan\u00e7a 0,81% e fecha na maior cota\u00e7\u00e3o desde fevereiro\"}]},{\"@type\":\"WebSite\",\"@id\":\"https:\/\/www.suno.com.br\/noticias\/#website\",\"url\":\"https:\/\/www.suno.com.br\/noticias\/\",\"name\":\"Suno Not\u00edcias\",\"description\":\"Seu portal de informa\u00e7\u00e3o sobre o mundo dos investimentos\",\"publisher\":{\"@id\":\"https:\/\/www.suno.com.br\/noticias\/#organization\"},\"potentialAction\":[{\"@type\":\"SearchAction\",\"target\":{\"@type\":\"EntryPoint\",\"urlTemplate\":\"https:\/\/www.suno.com.br\/noticias\/?s={search_term_string}\"},\"query-input\":{\"@type\":\"PropertyValueSpecification\",\"valueRequired\":true,\"valueName\":\"search_term_string\"}}],\"inLanguage\":\"pt-BR\"},{\"@type\":\"Organization\",\"@id\":\"https:\/\/www.suno.com.br\/noticias\/#organization\",\"name\":\"Suno Not\u00edcias\",\"url\":\"https:\/\/www.suno.com.br\/noticias\/\",\"logo\":{\"@type\":\"ImageObject\",\"inLanguage\":\"pt-BR\",\"@id\":\"https:\/\/www.suno.com.br\/noticias\/#\/schema\/logo\/image\/\",\"url\":\"https:\/\/files.sunoresearch.com.br\/n\/uploads\/2021\/09\/suno-logo.png\",\"contentUrl\":\"https:\/\/files.sunoresearch.com.br\/n\/uploads\/2021\/09\/suno-logo.png\",\"width\":180,\"height\":180,\"caption\":\"Suno Not\u00edcias\"},\"image\":{\"@id\":\"https:\/\/www.suno.com.br\/noticias\/#\/schema\/logo\/image\/\"},\"sameAs\":[\"https:\/\/facebook.com\/sunoresearch\",\"https:\/\/x.com\/sunoresearch\",\"https:\/\/www.instagram.com\/suno\",\"https:\/\/www.linkedin.com\/company\/suno-research\/\",\"https:\/\/www.youtube.com\/c\/sunoresearch\"]},{\"@type\":\"Person\",\"@id\":\"https:\/\/www.suno.com.br\/noticias\/#\/schema\/person\/23ade539a9b626a27a055a2cceccc1f9\",\"name\":\"Ana Carolina Cury\",\"image\":{\"@type\":\"ImageObject\",\"inLanguage\":\"pt-BR\",\"@id\":\"https:\/\/www.suno.com.br\/noticias\/#\/schema\/person\/image\/\",\"url\":\"https:\/\/secure.gravatar.com\/avatar\/a3c7bae536b759b9ed2f07b5df9995e1?s=96&r=g\",\"contentUrl\":\"https:\/\/secure.gravatar.com\/avatar\/a3c7bae536b759b9ed2f07b5df9995e1?s=96&r=g\",\"caption\":\"Ana Carolina Cury\"},\"description\":\"Estagi\u00e1ria de Reda\u00e7\u00e3o, cobre mercado financeiro, macroeconomia, pol\u00edtica e neg\u00f3cios. Estudante de jornalismo na FAAP, \u00e9 monitora do laborat\u00f3rio de jornalismo da faculdade (LabJor) e trabalhou com a Band News no projeto primeira not\u00edcia em parceria com a FAAP.\",\"url\":\"https:\/\/www.suno.com.br\/noticias\/author\/ana-curysuno-com-br\/\"}]}<\/script>\n<!-- \/ Yoast SEO plugin. -->","yoast_head_json":{"title":"D\u00f3lar avan\u00e7a 0,81% e fecha na maior cota\u00e7\u00e3o desde fevereiro","description":"Esta semana come\u00e7ou com uma alta do d\u00f3lar no mercado dom\u00e9stico de c\u00e2mbio, fechando no maior valor desde fevereiro deste ano.","robots":{"index":"index","follow":"follow","max-snippet":"max-snippet:-1","max-image-preview":"max-image-preview:large","max-video-preview":"max-video-preview:-1"},"canonical":"https:\/\/www.suno.com.br\/noticias\/dolar-semana-maior-alta-fevereiro\/","og_locale":"pt_BR","og_type":"article","og_title":"D\u00f3lar avan\u00e7a 0,81% e fecha na maior cota\u00e7\u00e3o desde fevereiro","og_description":"Esta semana come\u00e7ou com uma alta do d\u00f3lar no mercado dom\u00e9stico de c\u00e2mbio, fechando no maior valor desde fevereiro deste ano.","og_url":"https:\/\/www.suno.com.br\/noticias\/dolar-semana-maior-alta-fevereiro\/","og_site_name":"Suno Not\u00edcias","article_publisher":"https:\/\/facebook.com\/sunoresearch","og_image":[{"width":1280,"height":905,"url":"https:\/\/files.sunoresearch.com.br\/n\/uploads\/2022\/06\/Dolar-hoje-3.jpg","type":"image\/jpeg"}],"author":"Ana Carolina Cury","twitter_card":"summary_large_image","twitter_creator":"@sunoresearch","twitter_site":"@sunoresearch","twitter_misc":{"Escrito por":"Ana Carolina Cury","Est. tempo de leitura":"4 minutos"},"schema":{"@context":"https:\/\/schema.org","@graph":[{"@type":"NewsArticle","@id":"https:\/\/www.suno.com.br\/noticias\/dolar-semana-maior-alta-fevereiro\/#article","isPartOf":{"@id":"https:\/\/www.suno.com.br\/noticias\/dolar-semana-maior-alta-fevereiro\/"},"author":{"name":"Ana Carolina Cury","@id":"https:\/\/www.suno.com.br\/noticias\/#\/schema\/person\/23ade539a9b626a27a055a2cceccc1f9"},"headline":"D\u00f3lar avan\u00e7a 0,81% e fecha na maior cota\u00e7\u00e3o desde fevereiro","datePublished":"2022-06-20T23:31:58+00:00","dateModified":"2022-06-20T23:50:33+00:00","mainEntityOfPage":{"@id":"https:\/\/www.suno.com.br\/noticias\/dolar-semana-maior-alta-fevereiro\/"},"wordCount":909,"publisher":{"@id":"https:\/\/www.suno.com.br\/noticias\/#organization"},"image":{"@id":"https:\/\/www.suno.com.br\/noticias\/dolar-semana-maior-alta-fevereiro\/#primaryimage"},"thumbnailUrl":"https:\/\/files.sunoresearch.com.br\/n\/uploads\/2022\/06\/Dolar-hoje-3.jpg","keywords":["combust\u00edveis","d\u00f3lar","Petrobras (PETR4)"],"articleSection":["Economia"],"inLanguage":"pt-BR"},{"@type":"WebPage","@id":"https:\/\/www.suno.com.br\/noticias\/dolar-semana-maior-alta-fevereiro\/","url":"https:\/\/www.suno.com.br\/noticias\/dolar-semana-maior-alta-fevereiro\/","name":"D\u00f3lar avan\u00e7a 0,81% e fecha na maior cota\u00e7\u00e3o desde fevereiro","isPartOf":{"@id":"https:\/\/www.suno.com.br\/noticias\/#website"},"primaryImageOfPage":{"@id":"https:\/\/www.suno.com.br\/noticias\/dolar-semana-maior-alta-fevereiro\/#primaryimage"},"image":{"@id":"https:\/\/www.suno.com.br\/noticias\/dolar-semana-maior-alta-fevereiro\/#primaryimage"},"thumbnailUrl":"https:\/\/files.sunoresearch.com.br\/n\/uploads\/2022\/06\/Dolar-hoje-3.jpg","datePublished":"2022-06-20T23:31:58+00:00","dateModified":"2022-06-20T23:50:33+00:00","description":"Esta semana come\u00e7ou com uma alta do d\u00f3lar no mercado dom\u00e9stico de c\u00e2mbio, fechando no maior valor desde fevereiro deste ano.","breadcrumb":{"@id":"https:\/\/www.suno.com.br\/noticias\/dolar-semana-maior-alta-fevereiro\/#breadcrumb"},"inLanguage":"pt-BR","potentialAction":[{"@type":"ReadAction","target":["https:\/\/www.suno.com.br\/noticias\/dolar-semana-maior-alta-fevereiro\/"]}]},{"@type":"ImageObject","inLanguage":"pt-BR","@id":"https:\/\/www.suno.com.br\/noticias\/dolar-semana-maior-alta-fevereiro\/#primaryimage","url":"https:\/\/files.sunoresearch.com.br\/n\/uploads\/2022\/06\/Dolar-hoje-3.jpg","contentUrl":"https:\/\/files.sunoresearch.com.br\/n\/uploads\/2022\/06\/Dolar-hoje-3.jpg","width":1280,"height":905,"caption":"O d\u00f3lar recua enquanto o mercado acompanha os dados de infla\u00e7\u00e3o no Brasil e EUA. Foto: Pixabay"},{"@type":"BreadcrumbList","@id":"https:\/\/www.suno.com.br\/noticias\/dolar-semana-maior-alta-fevereiro\/#breadcrumb","itemListElement":[{"@type":"ListItem","position":1,"name":"Not\u00edcias","item":"https:\/\/www.suno.com.br\/noticias\/"},{"@type":"ListItem","position":2,"name":"Economia","item":"https:\/\/www.suno.com.br\/noticias\/economia\/"},{"@type":"ListItem","position":3,"name":"D\u00f3lar avan\u00e7a 0,81% e fecha na maior cota\u00e7\u00e3o desde fevereiro"}]},{"@type":"WebSite","@id":"https:\/\/www.suno.com.br\/noticias\/#website","url":"https:\/\/www.suno.com.br\/noticias\/","name":"Suno Not\u00edcias","description":"Seu portal de informa\u00e7\u00e3o sobre o mundo dos investimentos","publisher":{"@id":"https:\/\/www.suno.com.br\/noticias\/#organization"},"potentialAction":[{"@type":"SearchAction","target":{"@type":"EntryPoint","urlTemplate":"https:\/\/www.suno.com.br\/noticias\/?s={search_term_string}"},"query-input":{"@type":"PropertyValueSpecification","valueRequired":true,"valueName":"search_term_string"}}],"inLanguage":"pt-BR"},{"@type":"Organization","@id":"https:\/\/www.suno.com.br\/noticias\/#organization","name":"Suno Not\u00edcias","url":"https:\/\/www.suno.com.br\/noticias\/","logo":{"@type":"ImageObject","inLanguage":"pt-BR","@id":"https:\/\/www.suno.com.br\/noticias\/#\/schema\/logo\/image\/","url":"https:\/\/files.sunoresearch.com.br\/n\/uploads\/2021\/09\/suno-logo.png","contentUrl":"https:\/\/files.sunoresearch.com.br\/n\/uploads\/2021\/09\/suno-logo.png","width":180,"height":180,"caption":"Suno Not\u00edcias"},"image":{"@id":"https:\/\/www.suno.com.br\/noticias\/#\/schema\/logo\/image\/"},"sameAs":["https:\/\/facebook.com\/sunoresearch","https:\/\/x.com\/sunoresearch","https:\/\/www.instagram.com\/suno","https:\/\/www.linkedin.com\/company\/suno-research\/","https:\/\/www.youtube.com\/c\/sunoresearch"]},{"@type":"Person","@id":"https:\/\/www.suno.com.br\/noticias\/#\/schema\/person\/23ade539a9b626a27a055a2cceccc1f9","name":"Ana Carolina Cury","image":{"@type":"ImageObject","inLanguage":"pt-BR","@id":"https:\/\/www.suno.com.br\/noticias\/#\/schema\/person\/image\/","url":"https:\/\/secure.gravatar.com\/avatar\/a3c7bae536b759b9ed2f07b5df9995e1?s=96&r=g","contentUrl":"https:\/\/secure.gravatar.com\/avatar\/a3c7bae536b759b9ed2f07b5df9995e1?s=96&r=g","caption":"Ana Carolina Cury"},"description":"Estagi\u00e1ria de Reda\u00e7\u00e3o, cobre mercado financeiro, macroeconomia, pol\u00edtica e neg\u00f3cios. Estudante de jornalismo na FAAP, \u00e9 monitora do laborat\u00f3rio de jornalismo da faculdade (LabJor) e trabalhou com a Band News no projeto primeira not\u00edcia em parceria com a FAAP.","url":"https:\/\/www.suno.com.br\/noticias\/author\/ana-curysuno-com-br\/"}]}},"default_loop_html":"<div class=\"cardsPage__listCard__boxs\"><div class=\"cardsPage__listCard__boxs__img\"><a href=\"https:\/\/www.suno.com.br\/noticias\/dolar-semana-maior-alta-fevereiro\/\"><img class=\"mask\" src=\"https:\/\/www.suno.com.br\/noticias\/wp-content\/themes\/suno\/resources\/images\/spotlight\/spotlight1img\/bg-mask.png\" alt=\"Image Mask\"\/><img src=\"https:\/\/files.sunoresearch.com.br\/n\/uploads\/2022\/06\/Dolar-hoje-3-400x200.jpg\" alt=\"D\u00f3lar avan\u00e7a 0,81% e fecha na maior cota\u00e7\u00e3o desde fevereiro\"\/><\/a><span class=\"spotlightCategory\"><a href=\"https:\/\/www.suno.com.br\/noticias\/economia\/\">Economia<\/a><\/span><\/div><div class=\"cardsPage__listCard__boxs__content\"><a href=\"https:\/\/www.suno.com.br\/noticias\/dolar-semana-maior-alta-fevereiro\/\"><h2 class=\"content__title\">D\u00f3lar avan\u00e7a 0,81% e fecha na maior cota\u00e7\u00e3o desde fevereiro<\/h2><\/a><div class=\"newsContent__article__meta\"><div class=\"newsContent__article__meta__authorBox\"><a href=\"https:\/\/www.suno.com.br\/noticias\/author\/ana-curysuno-com-br\/\" class=\"authorBox__avatar noMobi\"><img src=\"https:\/\/files.sunoresearch.com.br\/n\/uploads\/2022\/04\/IMG-9970-1-150x150.jpg\" alt=\"Ana Carolina Cury\"><\/a><div class=\"authorBox__name\"><span>por\n\t\t\t<a href=\"https:\/\/www.suno.com.br\/noticias\/author\/ana-curysuno-com-br\/\"><span itemprop=\"author\">Ana Carolina Cury<\/span><\/a><\/span><time datetime=\"2022-06-20T20:31:58-03:00\" itemprop=\"datePublished\">20\/06\/2022 20:31<\/time><\/div><\/div><\/div><\/div><\/div>","single_layout":"posts","amp_enabled":true,"_links":{"self":[{"href":"https:\/\/www.suno.com.br\/noticias\/wp-json\/wp\/v2\/posts\/269189"}],"collection":[{"href":"https:\/\/www.suno.com.br\/noticias\/wp-json\/wp\/v2\/posts"}],"about":[{"href":"https:\/\/www.suno.com.br\/noticias\/wp-json\/wp\/v2\/types\/post"}],"author":[{"embeddable":true,"href":"https:\/\/www.suno.com.br\/noticias\/wp-json\/wp\/v2\/users\/165"}],"replies":[{"embeddable":true,"href":"https:\/\/www.suno.com.br\/noticias\/wp-json\/wp\/v2\/comments?post=269189"}],"version-history":[{"count":5,"href":"https:\/\/www.suno.com.br\/noticias\/wp-json\/wp\/v2\/posts\/269189\/revisions"}],"predecessor-version":[{"id":269253,"href":"https:\/\/www.suno.com.br\/noticias\/wp-json\/wp\/v2\/posts\/269189\/revisions\/269253"}],"wp:featuredmedia":[{"embeddable":true,"href":"https:\/\/www.suno.com.br\/noticias\/wp-json\/wp\/v2\/media\/267422"}],"wp:attachment":[{"href":"https:\/\/www.suno.com.br\/noticias\/wp-json\/wp\/v2\/media?parent=269189"}],"wp:term":[{"taxonomy":"category","embeddable":true,"href":"https:\/\/www.suno.com.br\/noticias\/wp-json\/wp\/v2\/categories?post=269189"},{"taxonomy":"post_tag","embeddable":true,"href":"https:\/\/www.suno.com.br\/noticias\/wp-json\/wp\/v2\/tags?post=269189"},{"taxonomy":"suno_strategy","embeddable":true,"href":"https:\/\/www.suno.com.br\/noticias\/wp-json\/wp\/v2\/suno_strategy?post=269189"}],"curies":[{"name":"wp","href":"https:\/\/api.w.org\/{rel}","templated":true}]}}