{"id":26913,"date":"2019-06-02T13:08:05","date_gmt":"2019-06-02T16:08:05","guid":{"rendered":"https:\/\/www.suno.com.br\/noticias\/?p=26913"},"modified":"2019-06-02T13:08:05","modified_gmt":"2019-06-02T16:08:05","slug":"vale-movimentacao-talude-mineradora-risco-rompimento","status":"publish","type":"post","link":"https:\/\/www.suno.com.br\/noticias\/vale-movimentacao-talude-mineradora-risco-rompimento\/","title":{"rendered":"Vale: movimenta\u00e7\u00e3o de talude de mina passa de 33,4 para 42,4 cm por dia"},"content":{"rendered":"<p>De acordo com a<strong> Ag\u00eancia Nacional de Minera\u00e7\u00e3o<\/strong> (ANM) a\u00a0velocidade da movimenta\u00e7\u00e3o do <strong>talude norte da Mina Gongo Soco<\/strong>, da <a href=\"https:\/\/www.suno.com.br\/artigos\/radar-vale3-mina-gongo-soco\/\">Vale<\/a>, em<strong> Bar\u00e3o de Cocais<\/strong>, aumentou. O aumento foi de\u00a033,4 cent\u00edmetros por dia para 42,4 cent\u00edmetros.<\/p>\t<div class=\"wrapper-featured-image\">\n\t\t<figure class=\"spotlightImg\">\n\n\t\t\t<picture>\n\t\t\t\t<source media=\"(max-width: 768px)\" srcset=\"https:\/\/files.sunoresearch.com.br\/n\/uploads\/2019\/05\/898fd381-vale-400x200.webp\">\n\t\t\t\t<img loading=\"lazy\" decoding=\"async\" class=\"newsContent__article__imgCapa lazyloadDisabled newsContent__article__imgCapa--noCaption\" src=\"https:\/\/files.sunoresearch.com.br\/n\/uploads\/2019\/05\/898fd381-vale-jpg.webp\" width=\"800\" height=\"450\" alt=\"Vale: movimenta\u00e7\u00e3o de talude de mina passa de 33,4 para 42,4 cm por dia\" fetchpriority=high \/>\n\t\t\t<\/picture>\n\n\t\t\t<figcaption class=\"wp-caption-text wp-caption-text--hide\">Vale: Deslocamento do talude norte da mina de Gongo Soco diminui<\/figcaption>\n\t\t<\/figure>\n\t<\/div>\n\n\n<p>Conforme a<strong> Vale<\/strong>, embora a velocidade tenha aumentado, acredita-se que a estrutura deslizar\u00e1 para dentro do cava gradativamente <strong>sem consequ\u00eancias para a Barragem Sul Superior<\/strong>.<\/p>\n<p>O material est\u00e1 &#8220;deslizando de forma gradual, o que at\u00e9 o momento corrobora as estimativas de que o desprendimento do talude devera ocorrer sem maiores consequ\u00eancias&#8221;, afirma a <strong>mineradora<\/strong> em nota.<\/p>\n<p>\u00c9 conhecido por <strong>talude<\/strong> um terreno inclinado que serve para dar sustenta\u00e7\u00e3o e estabilidade no solo. J\u00e1 por <strong>cava<\/strong>, a cavidade de onde \u00e9 retirado o min\u00e9rio.<\/p>\n\t<p>\n\t\t<a href=\"https:\/\/lp.suno.com.br\/ao\/sessao-estrategica-consultoria-c\/?utm_source=suno-noticias&#038;utm_medium=banner&#038;utm_campaing=dividendos-taxacao-pl\" target=\"_blank\" data-element=\"shortcode-suno-banner\" title=\"Banner SUNO, clique e saiba mais\">\n\t\t\t<picture>\n\t\t\t\t<source media=\"(max-width: 500px)\" srcset=\"https:\/\/files.sunoresearch.com.br\/n\/uploads\/2025\/09\/300x400.webp\">\n\t\t\t\t<img class=\"newsContent__article__imgCapa newsContent__article__imgCapa--banner\"\n\t\t\t\t\tsrc=\"https:\/\/files.sunoresearch.com.br\/n\/uploads\/2025\/09\/SN-DT-1420x240-1.webp\"\n\t\t\t\t\tdata-promo-id=\"628283\"\t\t\t\t\t\t\t\t\t\twidth='1420' height='240'\t\t\t\t\talt=\"https:\/\/files.sunoresearch.com.br\/n\/uploads\/2025\/09\/SN-DT-1420x240-1.webp\"\n\t\t\t\t>\n\t\t\t<\/picture>\n\t\t<\/a>\n\t<\/p>\n\n\n<h2>Blocos de talude se desprendem<\/h2>\n<p>Na \u00faltima sexta-feira (31), <strong>blocos de talude se desprenderam<\/strong>. No entanto, a <strong>mineradora<\/strong> afirmou que a estrutura da<strong> barragem Sul Superior<\/strong> n\u00e3o foi afetada.<\/p>\n<p>&#8220;A Vale informa que identificou ao longo da madrugada desta sexta-feira, o <strong>desprendimento de fragmentos do talude norte da cava da Mina de Congo Soco, em Bar\u00e3o de Cocais<\/strong>&#8220;, disse em nota.<\/p>\n<p><a href=\"https:\/\/www.suno.com.br\/noticias\/vale-deslocamento-2-metros\/\">Saiba Mais:\u00a0Vale: Descolamento da estrutura de Gongo Soco atingiu 2 metros desde 2018<\/a><\/p>\n<p>O maior receio da <strong>Defesa Civil<\/strong> e da <strong>ANM<\/strong> \u00e9 de rompimento do talude. Pois fica pr\u00f3ximo a barragem e poder\u00e1 ocasionar um rompimento em cadeia. A consequ\u00eancia seria a destrui\u00e7\u00e3o da barragem Superior e libera\u00e7\u00e3o de 6 milh\u00f5es de m\u00b3 de rejeitos.<\/p>\n<h2>Alerta n\u00edvel 3<\/h2>\n<p>No dia 22 de mar\u00e7o deste ano, a<strong> barragem<\/strong> atingiu o <strong>alerta m\u00e1ximo de rompimento<\/strong>, o n\u00edvel 3. Por sua vez, a barragem <strong>Sul Superior<\/strong> deixou de operar no dia 8 de fevereiro ap\u00f3s atingir o <strong>alerta de n\u00edvel 2<\/strong>.<\/p>\n<p>No \u00faltimo estudo, a <strong>mineradora<\/strong>\u00a0avaliava que a estrutura da <strong>mina<\/strong> poderia se <strong>romper<\/strong> entre os dias 19 a 25 de maio. Desde ent\u00e3o a cidade se encontra em alerta e muitos <strong>moradores deixaram o local<\/strong>.<\/p>\n<p><a href=\"https:\/\/www.suno.com.br\/noticias\/pib-primeiro-trimestre-vale-brumadinho\/\">Saiba Mais: PIB negativo no 1\u00ba tri teve influ\u00eancia da Vale e Brumadinho, diz IBGE<\/a><\/p>\n<p>A popula\u00e7\u00e3o de <strong>Bar\u00e3o de Cocais<\/strong> passou por dois simulados de emerg\u00eancia. Conforme a<strong> Defesa Civil<\/strong>, em caso de <strong>rompimento<\/strong> os moradores dever\u00e3o seguir pontos de encontros orientados por carros e som de alarmes.<\/p>\n<p>Em nota, a <strong>Vale<\/strong> afirma que &#8220;manter\u00e1 a comunidade de <strong>Bar\u00e3o de Cocais<\/strong> informada da situa\u00e7\u00e3o&#8221;, referente ao<strong> risco de rompimento<\/strong>.<\/p>\n","protected":false},"excerpt":{"rendered":"<p>De acordo com a Ag\u00eancia Nacional de Minera\u00e7\u00e3o (ANM) a\u00a0velocidade da movimenta\u00e7\u00e3o do talude norte da Mina Gongo Soco, da Vale, em Bar\u00e3o de Cocais, aumentou. O aumento foi de\u00a033,4 cent\u00edmetros por dia para 42,4 cent\u00edmetros. Vale: Deslocamento do talude norte da mina de Gongo Soco diminui Conforme a Vale, embora a velocidade tenha aumentado, [&hellip;]<\/p>\n","protected":false},"author":15,"featured_media":25128,"comment_status":"closed","ping_status":"closed","sticky":false,"template":"","format":"standard","meta":[],"categories":[64],"tags":[676],"suno_strategy":[],"class_list":["post-26913","post","type-post","status-publish","format-standard","has-post-thumbnail","hentry","category-negocios","tag-vale-vale3"],"yoast_head":"<!-- This site is optimized with the Yoast SEO plugin v24.4 - https:\/\/yoast.com\/wordpress\/plugins\/seo\/ -->\n<title>Vale: movimenta\u00e7\u00e3o de talude de mina passa de 33,4 para 42,4 cm por dia<\/title>\n<meta name=\"description\" content=\"De acordo com a ANM foi divulgado neste domingo (2), a velocidade da movimenta\u00e7\u00e3o de talude da mina da vale aumentou. Clique aqui e saiba mais\" \/>\n<meta name=\"robots\" content=\"index, follow, max-snippet:-1, max-image-preview:large, max-video-preview:-1\" \/>\n<link rel=\"canonical\" href=\"https:\/\/www.suno.com.br\/noticias\/vale-movimentacao-talude-mineradora-risco-rompimento\/\" \/>\n<meta property=\"og:locale\" content=\"pt_BR\" \/>\n<meta property=\"og:type\" content=\"article\" \/>\n<meta property=\"og:title\" content=\"Vale: movimenta\u00e7\u00e3o de talude de mina passa de 33,4 para 42,4 cm por dia\" \/>\n<meta property=\"og:description\" content=\"De acordo com a ANM foi divulgado neste domingo (2), a velocidade da movimenta\u00e7\u00e3o de talude da mina da vale aumentou. Clique aqui e saiba mais\" \/>\n<meta property=\"og:url\" content=\"https:\/\/www.suno.com.br\/noticias\/vale-movimentacao-talude-mineradora-risco-rompimento\/\" \/>\n<meta property=\"og:site_name\" content=\"Suno Not\u00edcias\" \/>\n<meta property=\"article:publisher\" content=\"https:\/\/facebook.com\/sunoresearch\" \/>\n<meta property=\"og:image\" content=\"https:\/\/files.sunoresearch.com.br\/n\/uploads\/2019\/05\/898fd381-vale.jpg\" \/>\n\t<meta property=\"og:image:width\" content=\"754\" \/>\n\t<meta property=\"og:image:height\" content=\"506\" \/>\n\t<meta property=\"og:image:type\" content=\"image\/jpeg\" \/>\n<meta name=\"author\" content=\"Poliana Santos\" \/>\n<meta name=\"twitter:card\" content=\"summary_large_image\" \/>\n<meta name=\"twitter:creator\" content=\"@sunoresearch\" \/>\n<meta name=\"twitter:site\" content=\"@sunoresearch\" \/>\n<meta name=\"twitter:label1\" content=\"Escrito por\" \/>\n\t<meta name=\"twitter:data1\" content=\"Poliana Santos\" \/>\n\t<meta name=\"twitter:label2\" content=\"Est. tempo de leitura\" \/>\n\t<meta name=\"twitter:data2\" content=\"2 minutos\" \/>\n<script type=\"application\/ld+json\" class=\"yoast-schema-graph\">{\"@context\":\"https:\/\/schema.org\",\"@graph\":[{\"@type\":\"NewsArticle\",\"@id\":\"https:\/\/www.suno.com.br\/noticias\/vale-movimentacao-talude-mineradora-risco-rompimento\/#article\",\"isPartOf\":{\"@id\":\"https:\/\/www.suno.com.br\/noticias\/vale-movimentacao-talude-mineradora-risco-rompimento\/\"},\"author\":{\"name\":\"Poliana Santos\",\"@id\":\"https:\/\/www.suno.com.br\/noticias\/#\/schema\/person\/02ec1f752758247878a2bf4abee1aeda\"},\"headline\":\"Vale: movimenta\u00e7\u00e3o de talude de mina passa de 33,4 para 42,4 cm por dia\",\"datePublished\":\"2019-06-02T16:08:05+00:00\",\"mainEntityOfPage\":{\"@id\":\"https:\/\/www.suno.com.br\/noticias\/vale-movimentacao-talude-mineradora-risco-rompimento\/\"},\"wordCount\":418,\"publisher\":{\"@id\":\"https:\/\/www.suno.com.br\/noticias\/#organization\"},\"image\":{\"@id\":\"https:\/\/www.suno.com.br\/noticias\/vale-movimentacao-talude-mineradora-risco-rompimento\/#primaryimage\"},\"thumbnailUrl\":\"https:\/\/files.sunoresearch.com.br\/n\/uploads\/2019\/05\/898fd381-vale-jpg.webp\",\"keywords\":[\"Vale (VALE3)\"],\"articleSection\":[\"Neg\u00f3cios\"],\"inLanguage\":\"pt-BR\"},{\"@type\":\"WebPage\",\"@id\":\"https:\/\/www.suno.com.br\/noticias\/vale-movimentacao-talude-mineradora-risco-rompimento\/\",\"url\":\"https:\/\/www.suno.com.br\/noticias\/vale-movimentacao-talude-mineradora-risco-rompimento\/\",\"name\":\"Vale: movimenta\u00e7\u00e3o de talude de mina passa de 33,4 para 42,4 cm por dia\",\"isPartOf\":{\"@id\":\"https:\/\/www.suno.com.br\/noticias\/#website\"},\"primaryImageOfPage\":{\"@id\":\"https:\/\/www.suno.com.br\/noticias\/vale-movimentacao-talude-mineradora-risco-rompimento\/#primaryimage\"},\"image\":{\"@id\":\"https:\/\/www.suno.com.br\/noticias\/vale-movimentacao-talude-mineradora-risco-rompimento\/#primaryimage\"},\"thumbnailUrl\":\"https:\/\/files.sunoresearch.com.br\/n\/uploads\/2019\/05\/898fd381-vale-jpg.webp\",\"datePublished\":\"2019-06-02T16:08:05+00:00\",\"description\":\"De acordo com a ANM foi divulgado neste domingo (2), a velocidade da movimenta\u00e7\u00e3o de talude da mina da vale aumentou. Clique aqui e saiba mais\",\"breadcrumb\":{\"@id\":\"https:\/\/www.suno.com.br\/noticias\/vale-movimentacao-talude-mineradora-risco-rompimento\/#breadcrumb\"},\"inLanguage\":\"pt-BR\",\"potentialAction\":[{\"@type\":\"ReadAction\",\"target\":[\"https:\/\/www.suno.com.br\/noticias\/vale-movimentacao-talude-mineradora-risco-rompimento\/\"]}]},{\"@type\":\"ImageObject\",\"inLanguage\":\"pt-BR\",\"@id\":\"https:\/\/www.suno.com.br\/noticias\/vale-movimentacao-talude-mineradora-risco-rompimento\/#primaryimage\",\"url\":\"https:\/\/files.sunoresearch.com.br\/n\/uploads\/2019\/05\/898fd381-vale-jpg.webp\",\"contentUrl\":\"https:\/\/files.sunoresearch.com.br\/n\/uploads\/2019\/05\/898fd381-vale-jpg.webp\",\"width\":754,\"height\":506,\"caption\":\"Vale: Deslocamento do talude norte da mina de Gongo Soco diminui\"},{\"@type\":\"BreadcrumbList\",\"@id\":\"https:\/\/www.suno.com.br\/noticias\/vale-movimentacao-talude-mineradora-risco-rompimento\/#breadcrumb\",\"itemListElement\":[{\"@type\":\"ListItem\",\"position\":1,\"name\":\"Not\u00edcias\",\"item\":\"https:\/\/www.suno.com.br\/noticias\/\"},{\"@type\":\"ListItem\",\"position\":2,\"name\":\"Neg\u00f3cios\",\"item\":\"https:\/\/www.suno.com.br\/noticias\/negocios\/\"},{\"@type\":\"ListItem\",\"position\":3,\"name\":\"Vale: movimenta\u00e7\u00e3o de talude de mina passa de 33,4 para 42,4 cm por dia\"}]},{\"@type\":\"WebSite\",\"@id\":\"https:\/\/www.suno.com.br\/noticias\/#website\",\"url\":\"https:\/\/www.suno.com.br\/noticias\/\",\"name\":\"Suno Not\u00edcias\",\"description\":\"Seu portal de informa\u00e7\u00e3o sobre o mundo dos investimentos\",\"publisher\":{\"@id\":\"https:\/\/www.suno.com.br\/noticias\/#organization\"},\"potentialAction\":[{\"@type\":\"SearchAction\",\"target\":{\"@type\":\"EntryPoint\",\"urlTemplate\":\"https:\/\/www.suno.com.br\/noticias\/?s={search_term_string}\"},\"query-input\":{\"@type\":\"PropertyValueSpecification\",\"valueRequired\":true,\"valueName\":\"search_term_string\"}}],\"inLanguage\":\"pt-BR\"},{\"@type\":\"Organization\",\"@id\":\"https:\/\/www.suno.com.br\/noticias\/#organization\",\"name\":\"Suno Not\u00edcias\",\"url\":\"https:\/\/www.suno.com.br\/noticias\/\",\"logo\":{\"@type\":\"ImageObject\",\"inLanguage\":\"pt-BR\",\"@id\":\"https:\/\/www.suno.com.br\/noticias\/#\/schema\/logo\/image\/\",\"url\":\"https:\/\/files.sunoresearch.com.br\/n\/uploads\/2021\/09\/suno-logo.png\",\"contentUrl\":\"https:\/\/files.sunoresearch.com.br\/n\/uploads\/2021\/09\/suno-logo.png\",\"width\":180,\"height\":180,\"caption\":\"Suno Not\u00edcias\"},\"image\":{\"@id\":\"https:\/\/www.suno.com.br\/noticias\/#\/schema\/logo\/image\/\"},\"sameAs\":[\"https:\/\/facebook.com\/sunoresearch\",\"https:\/\/x.com\/sunoresearch\",\"https:\/\/www.instagram.com\/suno\",\"https:\/\/www.linkedin.com\/company\/suno-research\/\",\"https:\/\/www.youtube.com\/c\/sunoresearch\"]},{\"@type\":\"Person\",\"@id\":\"https:\/\/www.suno.com.br\/noticias\/#\/schema\/person\/02ec1f752758247878a2bf4abee1aeda\",\"name\":\"Poliana Santos\",\"image\":{\"@type\":\"ImageObject\",\"inLanguage\":\"pt-BR\",\"@id\":\"https:\/\/www.suno.com.br\/noticias\/#\/schema\/person\/image\/\",\"url\":\"https:\/\/secure.gravatar.com\/avatar\/0645bd32f23d87b2130f2b2dff1d3f8d?s=96&r=g\",\"contentUrl\":\"https:\/\/secure.gravatar.com\/avatar\/0645bd32f23d87b2130f2b2dff1d3f8d?s=96&r=g\",\"caption\":\"Poliana Santos\"},\"description\":\"Rep\u00f3rter no Suno Not\u00edcias, com cobertura em mercado financeiro, economia, finan\u00e7as pessoais, renda fixa e varejo. Jornalista formada pela Faculdade C\u00e1sper L\u00edbero e possui passagem na R\u00e1dio Gazeta AM com a produ\u00e7\u00e3o de conte\u00fado sobre economia, pol\u00edtica, sa\u00fade, moda e m\u00fasica. Possui certificado de conclus\u00e3o do curso de An\u00e1lise de Balan\u00e7os pela Funda\u00e7\u00e3o Bradesco, Agenda Brasil pela FAAP, Educa\u00e7\u00e3o Pol\u00edtica por Alexandre Garcia e do Tesouro Direto e Mercado de A\u00e7\u00f5es pela B3.\",\"url\":\"https:\/\/www.suno.com.br\/noticias\/author\/poliana-santos\/\"}]}<\/script>\n<!-- \/ Yoast SEO plugin. -->","yoast_head_json":{"title":"Vale: movimenta\u00e7\u00e3o de talude de mina passa de 33,4 para 42,4 cm por dia","description":"De acordo com a ANM foi divulgado neste domingo (2), a velocidade da movimenta\u00e7\u00e3o de talude da mina da vale aumentou. Clique aqui e saiba mais","robots":{"index":"index","follow":"follow","max-snippet":"max-snippet:-1","max-image-preview":"max-image-preview:large","max-video-preview":"max-video-preview:-1"},"canonical":"https:\/\/www.suno.com.br\/noticias\/vale-movimentacao-talude-mineradora-risco-rompimento\/","og_locale":"pt_BR","og_type":"article","og_title":"Vale: movimenta\u00e7\u00e3o de talude de mina passa de 33,4 para 42,4 cm por dia","og_description":"De acordo com a ANM foi divulgado neste domingo (2), a velocidade da movimenta\u00e7\u00e3o de talude da mina da vale aumentou. Clique aqui e saiba mais","og_url":"https:\/\/www.suno.com.br\/noticias\/vale-movimentacao-talude-mineradora-risco-rompimento\/","og_site_name":"Suno Not\u00edcias","article_publisher":"https:\/\/facebook.com\/sunoresearch","og_image":[{"width":754,"height":506,"url":"https:\/\/files.sunoresearch.com.br\/n\/uploads\/2019\/05\/898fd381-vale.jpg","type":"image\/jpeg"}],"author":"Poliana Santos","twitter_card":"summary_large_image","twitter_creator":"@sunoresearch","twitter_site":"@sunoresearch","twitter_misc":{"Escrito por":"Poliana Santos","Est. tempo de leitura":"2 minutos"},"schema":{"@context":"https:\/\/schema.org","@graph":[{"@type":"NewsArticle","@id":"https:\/\/www.suno.com.br\/noticias\/vale-movimentacao-talude-mineradora-risco-rompimento\/#article","isPartOf":{"@id":"https:\/\/www.suno.com.br\/noticias\/vale-movimentacao-talude-mineradora-risco-rompimento\/"},"author":{"name":"Poliana Santos","@id":"https:\/\/www.suno.com.br\/noticias\/#\/schema\/person\/02ec1f752758247878a2bf4abee1aeda"},"headline":"Vale: movimenta\u00e7\u00e3o de talude de mina passa de 33,4 para 42,4 cm por dia","datePublished":"2019-06-02T16:08:05+00:00","mainEntityOfPage":{"@id":"https:\/\/www.suno.com.br\/noticias\/vale-movimentacao-talude-mineradora-risco-rompimento\/"},"wordCount":418,"publisher":{"@id":"https:\/\/www.suno.com.br\/noticias\/#organization"},"image":{"@id":"https:\/\/www.suno.com.br\/noticias\/vale-movimentacao-talude-mineradora-risco-rompimento\/#primaryimage"},"thumbnailUrl":"https:\/\/files.sunoresearch.com.br\/n\/uploads\/2019\/05\/898fd381-vale-jpg.webp","keywords":["Vale (VALE3)"],"articleSection":["Neg\u00f3cios"],"inLanguage":"pt-BR"},{"@type":"WebPage","@id":"https:\/\/www.suno.com.br\/noticias\/vale-movimentacao-talude-mineradora-risco-rompimento\/","url":"https:\/\/www.suno.com.br\/noticias\/vale-movimentacao-talude-mineradora-risco-rompimento\/","name":"Vale: movimenta\u00e7\u00e3o de talude de mina passa de 33,4 para 42,4 cm por dia","isPartOf":{"@id":"https:\/\/www.suno.com.br\/noticias\/#website"},"primaryImageOfPage":{"@id":"https:\/\/www.suno.com.br\/noticias\/vale-movimentacao-talude-mineradora-risco-rompimento\/#primaryimage"},"image":{"@id":"https:\/\/www.suno.com.br\/noticias\/vale-movimentacao-talude-mineradora-risco-rompimento\/#primaryimage"},"thumbnailUrl":"https:\/\/files.sunoresearch.com.br\/n\/uploads\/2019\/05\/898fd381-vale-jpg.webp","datePublished":"2019-06-02T16:08:05+00:00","description":"De acordo com a ANM foi divulgado neste domingo (2), a velocidade da movimenta\u00e7\u00e3o de talude da mina da vale aumentou. Clique aqui e saiba mais","breadcrumb":{"@id":"https:\/\/www.suno.com.br\/noticias\/vale-movimentacao-talude-mineradora-risco-rompimento\/#breadcrumb"},"inLanguage":"pt-BR","potentialAction":[{"@type":"ReadAction","target":["https:\/\/www.suno.com.br\/noticias\/vale-movimentacao-talude-mineradora-risco-rompimento\/"]}]},{"@type":"ImageObject","inLanguage":"pt-BR","@id":"https:\/\/www.suno.com.br\/noticias\/vale-movimentacao-talude-mineradora-risco-rompimento\/#primaryimage","url":"https:\/\/files.sunoresearch.com.br\/n\/uploads\/2019\/05\/898fd381-vale-jpg.webp","contentUrl":"https:\/\/files.sunoresearch.com.br\/n\/uploads\/2019\/05\/898fd381-vale-jpg.webp","width":754,"height":506,"caption":"Vale: Deslocamento do talude norte da mina de Gongo Soco diminui"},{"@type":"BreadcrumbList","@id":"https:\/\/www.suno.com.br\/noticias\/vale-movimentacao-talude-mineradora-risco-rompimento\/#breadcrumb","itemListElement":[{"@type":"ListItem","position":1,"name":"Not\u00edcias","item":"https:\/\/www.suno.com.br\/noticias\/"},{"@type":"ListItem","position":2,"name":"Neg\u00f3cios","item":"https:\/\/www.suno.com.br\/noticias\/negocios\/"},{"@type":"ListItem","position":3,"name":"Vale: movimenta\u00e7\u00e3o de talude de mina passa de 33,4 para 42,4 cm por dia"}]},{"@type":"WebSite","@id":"https:\/\/www.suno.com.br\/noticias\/#website","url":"https:\/\/www.suno.com.br\/noticias\/","name":"Suno Not\u00edcias","description":"Seu portal de informa\u00e7\u00e3o sobre o mundo dos investimentos","publisher":{"@id":"https:\/\/www.suno.com.br\/noticias\/#organization"},"potentialAction":[{"@type":"SearchAction","target":{"@type":"EntryPoint","urlTemplate":"https:\/\/www.suno.com.br\/noticias\/?s={search_term_string}"},"query-input":{"@type":"PropertyValueSpecification","valueRequired":true,"valueName":"search_term_string"}}],"inLanguage":"pt-BR"},{"@type":"Organization","@id":"https:\/\/www.suno.com.br\/noticias\/#organization","name":"Suno Not\u00edcias","url":"https:\/\/www.suno.com.br\/noticias\/","logo":{"@type":"ImageObject","inLanguage":"pt-BR","@id":"https:\/\/www.suno.com.br\/noticias\/#\/schema\/logo\/image\/","url":"https:\/\/files.sunoresearch.com.br\/n\/uploads\/2021\/09\/suno-logo.png","contentUrl":"https:\/\/files.sunoresearch.com.br\/n\/uploads\/2021\/09\/suno-logo.png","width":180,"height":180,"caption":"Suno Not\u00edcias"},"image":{"@id":"https:\/\/www.suno.com.br\/noticias\/#\/schema\/logo\/image\/"},"sameAs":["https:\/\/facebook.com\/sunoresearch","https:\/\/x.com\/sunoresearch","https:\/\/www.instagram.com\/suno","https:\/\/www.linkedin.com\/company\/suno-research\/","https:\/\/www.youtube.com\/c\/sunoresearch"]},{"@type":"Person","@id":"https:\/\/www.suno.com.br\/noticias\/#\/schema\/person\/02ec1f752758247878a2bf4abee1aeda","name":"Poliana Santos","image":{"@type":"ImageObject","inLanguage":"pt-BR","@id":"https:\/\/www.suno.com.br\/noticias\/#\/schema\/person\/image\/","url":"https:\/\/secure.gravatar.com\/avatar\/0645bd32f23d87b2130f2b2dff1d3f8d?s=96&r=g","contentUrl":"https:\/\/secure.gravatar.com\/avatar\/0645bd32f23d87b2130f2b2dff1d3f8d?s=96&r=g","caption":"Poliana Santos"},"description":"Rep\u00f3rter no Suno Not\u00edcias, com cobertura em mercado financeiro, economia, finan\u00e7as pessoais, renda fixa e varejo. Jornalista formada pela Faculdade C\u00e1sper L\u00edbero e possui passagem na R\u00e1dio Gazeta AM com a produ\u00e7\u00e3o de conte\u00fado sobre economia, pol\u00edtica, sa\u00fade, moda e m\u00fasica. Possui certificado de conclus\u00e3o do curso de An\u00e1lise de Balan\u00e7os pela Funda\u00e7\u00e3o Bradesco, Agenda Brasil pela FAAP, Educa\u00e7\u00e3o Pol\u00edtica por Alexandre Garcia e do Tesouro Direto e Mercado de A\u00e7\u00f5es pela B3.","url":"https:\/\/www.suno.com.br\/noticias\/author\/poliana-santos\/"}]}},"default_loop_html":"<div class=\"cardsPage__listCard__boxs\"><div class=\"cardsPage__listCard__boxs__img\"><a href=\"https:\/\/www.suno.com.br\/noticias\/vale-movimentacao-talude-mineradora-risco-rompimento\/\"><img class=\"mask\" src=\"https:\/\/www.suno.com.br\/noticias\/wp-content\/themes\/suno\/resources\/images\/spotlight\/spotlight1img\/bg-mask.png\" alt=\"Image Mask\"\/><img src=\"https:\/\/files.sunoresearch.com.br\/n\/uploads\/2019\/05\/898fd381-vale-400x200.webp\" alt=\"Vale: movimenta\u00e7\u00e3o de talude de mina passa de 33,4 para 42,4 cm por dia\"\/><\/a><span class=\"spotlightCategory\"><a href=\"https:\/\/www.suno.com.br\/noticias\/negocios\/\">Neg\u00f3cios<\/a><\/span><\/div><div class=\"cardsPage__listCard__boxs__content\"><a href=\"https:\/\/www.suno.com.br\/noticias\/vale-movimentacao-talude-mineradora-risco-rompimento\/\"><h2 class=\"content__title\">Vale: movimenta\u00e7\u00e3o de talude de mina passa de 33,4 para 42,4 cm por dia<\/h2><\/a><div class=\"newsContent__article__meta\"><div class=\"newsContent__article__meta__authorBox\"><a href=\"https:\/\/www.suno.com.br\/noticias\/author\/poliana-santos\/\" class=\"authorBox__avatar noMobi\"><img src=\"https:\/\/files.sunoresearch.com.br\/n\/uploads\/2020\/08\/7ef34026-whatsapp-image-2020-08-03-at-12.37.57-150x150.webp\" alt=\"Poliana Santos\"><\/a><div class=\"authorBox__name\"><span>por\n\t\t\t<a href=\"https:\/\/www.suno.com.br\/noticias\/author\/poliana-santos\/\"><span itemprop=\"author\">Poliana Santos<\/span><\/a><\/span><time datetime=\"2019-06-02T13:08:05-03:00\" itemprop=\"datePublished\">02\/06\/2019 13:08<\/time><\/div><\/div><\/div><\/div><\/div>","single_layout":"posts","amp_enabled":true,"_links":{"self":[{"href":"https:\/\/www.suno.com.br\/noticias\/wp-json\/wp\/v2\/posts\/26913"}],"collection":[{"href":"https:\/\/www.suno.com.br\/noticias\/wp-json\/wp\/v2\/posts"}],"about":[{"href":"https:\/\/www.suno.com.br\/noticias\/wp-json\/wp\/v2\/types\/post"}],"author":[{"embeddable":true,"href":"https:\/\/www.suno.com.br\/noticias\/wp-json\/wp\/v2\/users\/15"}],"replies":[{"embeddable":true,"href":"https:\/\/www.suno.com.br\/noticias\/wp-json\/wp\/v2\/comments?post=26913"}],"version-history":[{"count":0,"href":"https:\/\/www.suno.com.br\/noticias\/wp-json\/wp\/v2\/posts\/26913\/revisions"}],"wp:featuredmedia":[{"embeddable":true,"href":"https:\/\/www.suno.com.br\/noticias\/wp-json\/wp\/v2\/media\/25128"}],"wp:attachment":[{"href":"https:\/\/www.suno.com.br\/noticias\/wp-json\/wp\/v2\/media?parent=26913"}],"wp:term":[{"taxonomy":"category","embeddable":true,"href":"https:\/\/www.suno.com.br\/noticias\/wp-json\/wp\/v2\/categories?post=26913"},{"taxonomy":"post_tag","embeddable":true,"href":"https:\/\/www.suno.com.br\/noticias\/wp-json\/wp\/v2\/tags?post=26913"},{"taxonomy":"suno_strategy","embeddable":true,"href":"https:\/\/www.suno.com.br\/noticias\/wp-json\/wp\/v2\/suno_strategy?post=26913"}],"curies":[{"name":"wp","href":"https:\/\/api.w.org\/{rel}","templated":true}]}}