{"id":268911,"date":"2022-06-20T10:09:18","date_gmt":"2022-06-20T13:09:18","guid":{"rendered":"https:\/\/www.suno.com.br\/noticias\/?p=268911"},"modified":"2022-06-20T10:35:32","modified_gmt":"2022-06-20T13:35:32","slug":"petrobras-petr4-presidente-demissao","status":"publish","type":"post","link":"https:\/\/www.suno.com.br\/noticias\/petrobras-petr4-presidente-demissao\/","title":{"rendered":"Presidente da Petrobras (PETR4) pede demiss\u00e3o ap\u00f3s aumento da press\u00e3o pol\u00edtica"},"content":{"rendered":"<p>O Presidente da <strong>Petrobras<\/strong> (<a href=\"https:\/\/www.suno.com.br\/acoes\/petr4\/\">PETR4<\/a>), Jos\u00e9 Mauro Coelho, pediu demiss\u00e3o do cargo na manh\u00e3 desta segunda-feira (20). A decis\u00e3o se d\u00e1 logo ap\u00f3s o reajuste no pre\u00e7o de combust\u00edveis anunciado na sexta (17), o que aumentou a press\u00e3o pol\u00edtica sobre os executivos da estatal.<\/p><div class=\"videoFull \">\n\t\t\t<div class=\"videoWrapper yt-lazyload center\"\n\t\t\t\tdata-width=\"960\"\n\t\t\t\tdata-height=\"540\"\n\t\t\t\tdata-id=\"iW5aQvcugnU\"\n\t\t\t\tdata-alt=\"V\u00eddeo do YouTube - clique para reproduzir\"\n\t\t\t\tdata-logo=\"3\"\n\t\t\t\tdata-imagequality=\"maxres\">\n\t\t\t<\/div>\n\t\t<\/div><script type=\"application\/ld+json\">{\"@context\":\"https:\/\/schema.org\",\"@type\":\"VideoObject\",\"name\":\"PETROBRAS (PETR4): PRESIDENTE JOS\u00c9 MAURO COELHO PEDE DEMISS\u00c3O | Breaking News\",\"description\":\"#BreakingNews #Petrobras #PETR4 #PETR3 #Jos\u00e9MauroCoelho #Not\u00edciasdoDia #Not\u00edcias #Bolsonaro #ArthurLira #Petr\u00f3leo Leia mais: https:\/\/www.suno.com.br\/noticias\/petrobras-petr4-presidente-demissao\/ O Presidente da Petrobras (PETR4), Jos\u00e9 Mauro Coelho, pediu demiss\u00e3o do cargo na manh\u00e3 desta segunda-feira (20). A decis\u00e3o se d\u00e1 logo ap\u00f3s o reajuste no pre\u00e7o de combust\u00edveis feito na sexta (17), que aumentou a press\u00e3o pol\u00edtica sobre os executivos. \u201cA\u2026\",\"duration\":\"PT11M43S\",\"embedUrl\":\"https:\/\/www.youtube.com\/embed\/iW5aQvcugnU\",\"regionsAllowed\":\"pt-BR\",\"interactionStatistic\":{\"@type\":\"InteractionCounter\",\"interactionType\":{\"@type\":\"WatchAction\"},\"userInteractionCount\":3500},\"thumbnailUrl\":\"https:\/\/i.ytimg.com\/vi\/iW5aQvcugnU\/default.jpg\",\"uploadDate\":\"2022-06-20T13:22:30Z\"}<\/script>\n\n\t<p>\n\t\t<a href=\"\" target=\"_blank\" data-element=\"shortcode-suno-banner\" title=\"Banner SUNO, clique e saiba mais\">\n\t\t\t<picture>\n\t\t\t\t<source media=\"(max-width: 500px)\" srcset=\"\">\n\t\t\t\t<img class=\"newsContent__article__imgCapa newsContent__article__imgCapa--banner\"\n\t\t\t\t\tsrc=\"\"\n\t\t\t\t\tdata-promo-id=\"254218\"\t\t\t\t\t\t\t\t\t\t\t\t\t\t\talt=\"\"\n\t\t\t\t>\n\t\t\t<\/picture>\n\t\t<\/a>\n\t<\/p>\n\n\n<p>&#8220;A nomea\u00e7\u00e3o de um <strong>presidente<\/strong> interino ser\u00e1 examinada pelo Conselho de Administra\u00e7\u00e3o da Petrobras a partir de agora&#8221;, diz o <a href=\"https:\/\/www.rad.cvm.gov.br\/ENET\/frmExibirArquivoIPEExterno.aspx?NumeroProtocoloEntrega=991736\">comunicado<\/a> da Petrobras arquivado na Comiss\u00e3o de Valores Mobili\u00e1rios (CVM). Coelho estava desde abril no comando da empresa.<\/p>\n<p>A <a href=\"https:\/\/www.suno.com.br\/noticias\/bolsonaro-demite-presidente-petrobras-petr4\/\">sa\u00edda de Coelho j\u00e1 havia sido definida pelo governo Bolsonaro<\/a>, que indicou Caio Mario Paes de Andrade para o cargo. Ele sofria press\u00e3o de integrantes do executivo para renunciar e acelerar o processo de mudan\u00e7a na companhia e, na semana passada, o presidente da C\u00e2mara dos Deputados, Arthur Lira (PP-AL), se juntou ao coro e pediu sua sa\u00edda imediata ap\u00f3s o reajuste dos combust\u00edveis.<\/p>\n<p>\u201cEstamos perplexos. O presidente da estatal, como retalia\u00e7\u00e3o pelo seu desligamento \u2013 n\u00e3o tenho d\u00favida disso \u2013, aprovou o reajuste dos combust\u00edveis numa reuni\u00e3o convocada pela companhia \u00e0s pressas em pleno feriado. Est\u00e1 demitido pelo\u00a0<a class=\"suno-keyword\" href=\"https:\/\/www.suno.com.br\/artigos\/acionista-majoritario\/\" target=\"_blank\" rel=\"noopener\" data-force=\"no\" data-priority=\"1\">acionista majorit\u00e1rio<\/a>, que \u00e9 o Brasil. Ele j\u00e1 poderia ter entregado seu cargo. Est\u00e1 postergando sua sa\u00edda como forma de talvez massacrar pela sua demiss\u00e3o\u201d, disse Lira em entrevista \u00e0\u00a0<i>GloboNews<\/i>.<\/p>\n<p>No mesmo sentido, o\u00a0presidente\u00a0<strong>Jair<\/strong>\u00a0<strong>Bolsonaro\u00a0<\/strong>(PL) reagiu negativamente ao reajuste e teceu novas cr\u00edticas. Em ocasi\u00f5es anteriores, o presidente j\u00e1 havia criticado a estatal por reajustes que visavam eliminar a defasagem com o pre\u00e7o internacional.<\/p>\n<p>Segundo Bolsonaro, as altas da <strong>gasolina<\/strong> e do diesel s\u00e3o \u201cinconceb\u00edveis\u201d, e o mandat\u00e1rio chegou a propor a cria\u00e7\u00e3o de uma Comiss\u00e3o Parlamentar de Inqu\u00e9rito (CPI).<\/p>\n<p>&#8220;A ideia nossa \u00e9 propor uma CPI para investigar o presidente da Petrobras, os seus diretores e tamb\u00e9m o Conselho Administrativo e fiscal. N\u00f3s queremos saber se tem algo errado nessa conduta deles&#8221;, disse.<\/p>\n\t<p>\n\t\t<a href=\"https:\/\/lp.suno.com.br\/planilha-controle-gastos\/\" target=\"_blank\" data-element=\"shortcode-suno-banner\" title=\"Banner SUNO, clique e saiba mais\">\n\t\t\t<picture>\n\t\t\t\t<source media=\"(max-width: 500px)\" srcset=\"https:\/\/files.sunoresearch.com.br\/n\/uploads\/2023\/03\/400x300-Planilha-controle-de-gastos.png\">\n\t\t\t\t<img class=\"newsContent__article__imgCapa newsContent__article__imgCapa--banner\"\n\t\t\t\t\tsrc=\"https:\/\/files.sunoresearch.com.br\/n\/uploads\/2023\/03\/1420x240-Planilha-controle-de-gastos.png\"\n\t\t\t\t\tdata-promo-id=\"101751\"\t\t\t\t\t\t\t\t\t\twidth='1420' height='240'\t\t\t\t\talt=\"https:\/\/files.sunoresearch.com.br\/n\/uploads\/2023\/03\/1420x240-Planilha-controle-de-gastos.png\"\n\t\t\t\t>\n\t\t\t<\/picture>\n\t\t<\/a>\n\t<\/p>\n\n\n<p>\u201c\u00c9 inconceb\u00edvel se conceder um reajuste, com combust\u00edvel l\u00e1 em cima e com os lucros exorbitantes que a Petrobras est\u00e1 tendo\u201d, acrescentou Bolsonaro na entrevista a uma r\u00e1dio em Natal (RN). Bolsonaro disse tamb\u00e9m que o Conselho de Administra\u00e7\u00e3o da Petrobras est\u00e1 \u201cboicotando\u201d o Minist\u00e9rio de Minas e Energia (MME), que \u00e9 o v\u00ednculo entre o Planalto e a empresa.<\/p>\n<p>A ideia do Pal\u00e1cio do Planalto \u00e9 emplacar Caio Paes de Andrade, ex-secret\u00e1rio de Paulo Guedes, no\u00a0<strong>comando da empresa<\/strong> ainda nesta semana.<\/p>\n<p>\u201cCom a mudan\u00e7a, podemos botar gente mais competente l\u00e1 dentro para poder entender o fim social da empresa e n\u00e3o conceder esse reajuste, que destr\u00f3i a economia brasileira, leva infla\u00e7\u00e3o para a popula\u00e7\u00e3o, causa perda de\u00a0<a class=\"suno-keyword\" href=\"https:\/\/www.suno.com.br\/artigos\/poder-aquisitivo\/\" target=\"_blank\" rel=\"noopener\" data-force=\"no\" data-priority=\"1\">poder aquisitivo<\/a>\u00a0para toda a popula\u00e7\u00e3o que j\u00e1 vive uma situa\u00e7\u00e3o bastante cr\u00edtica\u201d, declarou.<\/p>\n<p>Mesmo ap\u00f3s o \u00faltimo aumento,<strong> o combust\u00edvel no Brasil segue mais barato<\/strong> do que o valor negociado no exterior. Segundo c\u00e1lculos da Associa\u00e7\u00e3o Brasileira dos Importadores de Combust\u00edveis (Abicom), a gasolina est\u00e1 R$ 0,22 por litro abaixo do pre\u00e7o de paridade, enquanto o diesel \u00e9 vendido com desconto de R$ 0,46 por litro.<\/p>\n<h2>Entenda o reajuste da Petrobras<\/h2>\n<p>O reajuste feito pela Petrobras se deu na manh\u00e3 de sexta (17), e a medida j\u00e1 era especulada, dado que a defasagem entre o pre\u00e7o praticado pela estatal e os pre\u00e7os internacionais havia aumentado.<\/p>\n\t<p>\n\t\t<a href=\"https:\/\/lp.suno.com.br\/planilha-da-vida-financeira\/\" target=\"_blank\" data-element=\"shortcode-suno-banner\" title=\"Banner SUNO, clique e saiba mais\">\n\t\t\t<picture>\n\t\t\t\t<source media=\"(max-width: 500px)\" srcset=\"https:\/\/files.sunoresearch.com.br\/n\/uploads\/2023\/04\/400x300-Planilha-vida-financeira-true.png\">\n\t\t\t\t<img class=\"newsContent__article__imgCapa newsContent__article__imgCapa--banner\"\n\t\t\t\t\tsrc=\"https:\/\/files.sunoresearch.com.br\/n\/uploads\/2023\/04\/1420x240-Planilha-vida-financeira-true.png\"\n\t\t\t\t\tdata-promo-id=\"106682\"\t\t\t\t\t\t\t\t\t\twidth='1420' height='240'\t\t\t\t\talt=\"https:\/\/files.sunoresearch.com.br\/n\/uploads\/2023\/04\/1420x240-Planilha-vida-financeira-true.png\"\n\t\t\t\t>\n\t\t\t<\/picture>\n\t\t<\/a>\n\t<\/p>\n\n\n<p>Desta forma, a <a href=\"https:\/\/www.suno.com.br\/noticias\/ppi-aprova-petrobras-petr4-estudos-privatizacao\/\">Pol\u00edtica de Paridade Internacional (PPI)<\/a>, &#8216;obriga&#8217; os executivos a manterem os pre\u00e7os praticados em linha com a cota\u00e7\u00e3o do petr\u00f3leo. Com aumento da tens\u00e3o no Leste Europeu e o contexto de demanda global, o Brent est\u00e1 na casa dos US$ 113.<\/p>\n<p>O reajuste foi de 5,2% na gasolina, passando a custar R$ 4,06 para as refinarias, enquanto o litro do diesel subiu 14,2%, para R$ 5,61. Nesse cen\u00e1rio, os combust\u00edveis devem encarecer para o consumidor final.<\/p>\n<h2>Solu\u00e7\u00f5es na mesa<\/h2>\n<p>Com o <strong>pre\u00e7o da gasolina<\/strong> aumentando sucessivamente, integrantes do governo v\u00eam pressionando por solu\u00e7\u00f5es que funcionem como um freio para a escalada nos reajustes.<\/p>\n<p>Lira (PP-AL) chegou a afirmar que o governo federal pode dobrar a taxa\u00e7\u00e3o dos<strong>\u00a0lucros da Petrobras<\/strong>\u00a0para reverter em benef\u00edcio ao consumidor.<\/p>\n\t<p>\n\t\t<a href=\"https:\/\/lp.suno.com.br\/ebook-como-analisar-uma-acao\/\" target=\"_blank\" data-element=\"shortcode-suno-banner\" title=\"Banner SUNO, clique e saiba mais\">\n\t\t\t<picture>\n\t\t\t\t<source media=\"(max-width: 500px)\" srcset=\"https:\/\/files.sunoresearch.com.br\/n\/uploads\/2023\/03\/Ebook-Acoes-Mobile-1.jpg\">\n\t\t\t\t<img class=\"newsContent__article__imgCapa newsContent__article__imgCapa--banner\"\n\t\t\t\t\tsrc=\"https:\/\/files.sunoresearch.com.br\/n\/uploads\/2023\/03\/Ebook-Acoes-Desktop-1.jpg\"\n\t\t\t\t\tdata-promo-id=\"171998\"\t\t\t\t\t\t\t\t\t\twidth='1420' height='286'\t\t\t\t\talt=\"https:\/\/files.sunoresearch.com.br\/n\/uploads\/2023\/03\/Ebook-Acoes-Desktop-1.jpg\"\n\t\t\t\t>\n\t\t\t<\/picture>\n\t\t<\/a>\n\t<\/p>\n\n\n<p>O presidente da C\u00e2mara dos deputados disse que a estatal \u00e9 um \u201cmonop\u00f3lio puro na veia\u201d, que precisa ser combatido, e trabalha para pagar dividendos a acionistas minorit\u00e1rios.<\/p>\n<p>\u201cN\u00f3s n\u00e3o queremos o caos, mas n\u00f3s vamos abrir essa caixa preta da Petrobras e responsabilizar essa diretoria e esse presidente por esses atos de m\u00e1-f\u00e9 com o povo brasileiro\u201d, disse.<\/p>\n<p>\u201cAqui a Petrobras paga de <a href=\"https:\/\/www.suno.com.br\/artigos\/csll\/\">CSLL [Contribui\u00e7\u00e3o Social Sobre Lucro L\u00edquido]<\/a>, por exemplo, x% sobre o lucro. N\u00f3s vamos, por exemplo, dobrar essa taxa\u00e7\u00e3o e tentar reverter isso diretamente para a popula\u00e7\u00e3o, para que tamb\u00e9m n\u00e3o entre no caixa do governo\u201d, acrescentou.<\/p>\n<p>Al\u00e9m disso, recentemente, um membro do\u00a0<a class=\"suno-keyword\" href=\"https:\/\/www.suno.com.br\/artigos\/conselho-administracao\/\" target=\"_blank\" rel=\"noopener\" data-force=\"no\" data-priority=\"1\">Conselho de Administra\u00e7\u00e3o<\/a> da Petrobras, Francisco Petro, prop\u00f4s o congelamento de pre\u00e7o dos combust\u00edveis por 45 dias como uma &#8216;sa\u00edda do meio&#8217; para a crise.<\/p>\n<p>Essa proposta de\u00a0<strong>congelamento de pre\u00e7os<\/strong> tamb\u00e9m implicaria em uma redu\u00e7\u00e3o das interfer\u00eancias do Planalto na Petrobras.\u00a0Com isso, o Governo Federal teria de se comprometer em retirar a sua atual indica\u00e7\u00e3o \u00e0 presid\u00eancia da estatal.<\/p>\n<p>\u201cH\u00e1 uma not\u00e1vel incompreens\u00e3o sobre a necessidade concreta de a Petrobras praticar pre\u00e7os que permitam a manuten\u00e7\u00e3o do abastecimento em um ambiente de higidez do funcionamento do mercado, a rentabilidade de seus ativos, o pagamento de tributos e a obten\u00e7\u00e3o de seus resultados, destinados inclusive \u00e0 Uni\u00e3o Federal em volumosos\u00a0<a class=\"suno-keyword\" href=\"https:\/\/www.suno.com.br\/guias\/dividendos\/\" target=\"_blank\" rel=\"noopener\" data-force=\"no\" data-priority=\"1\">dividendos<\/a>\u201c, diz a carta de Petros.<\/p>\n<p>O\u00a0conselheiro da <strong>Petrobras\u00a0<\/strong>foi eleito em assembleia pelos detentores de\u00a0<a class=\"suno-keyword\" href=\"https:\/\/www.suno.com.br\/artigos\/o-que-sao-acoes-ordinarias-preferenciais-e-units\/\" target=\"_blank\" rel=\"noopener\" data-force=\"no\" data-priority=\"1\">a\u00e7\u00f5es ordin\u00e1rias<\/a>\u00a0da companhia (<a href=\"https:\/\/statusinvest.com.br\/acoes\/petr3\">PETR3<\/a>), e deve permanecer no seu cargo at\u00e9 meados de abril de 2024.<\/p>\n\t<p>\n\t\t<a href=\"https:\/\/lp.suno.com.br\/planilha-de-controle-de-investimentos\/\" target=\"_blank\" data-element=\"shortcode-suno-banner\" title=\"Banner SUNO, clique e saiba mais\">\n\t\t\t<picture>\n\t\t\t\t<source media=\"(max-width: 500px)\" srcset=\"https:\/\/files.sunoresearch.com.br\/n\/uploads\/2023\/03\/400x300-Controle-de-Investimentos.png\">\n\t\t\t\t<img class=\"newsContent__article__imgCapa newsContent__article__imgCapa--banner\"\n\t\t\t\t\tsrc=\"https:\/\/files.sunoresearch.com.br\/n\/uploads\/2023\/03\/1420x240-Controle-de-Investimentos.png\"\n\t\t\t\t\tdata-promo-id=\"75934\"\t\t\t\t\t\t\t\t\t\twidth='1420' height='240'\t\t\t\t\talt=\"https:\/\/files.sunoresearch.com.br\/n\/uploads\/2023\/03\/1420x240-Controle-de-Investimentos.png\"\n\t\t\t\t>\n\t\t\t<\/picture>\n\t\t<\/a>\n\t<\/p>\n\n\n","protected":false},"excerpt":{"rendered":"<p>O Presidente da Petrobras (PETR4), Jos\u00e9 Mauro Coelho, pediu demiss\u00e3o do cargo na manh\u00e3 desta segunda-feira (20). A decis\u00e3o se d\u00e1 logo ap\u00f3s o reajuste no pre\u00e7o de combust\u00edveis anunciado na sexta (17), o que aumentou a press\u00e3o pol\u00edtica sobre os executivos da estatal. &#8220;A nomea\u00e7\u00e3o de um presidente interino ser\u00e1 examinada pelo Conselho de [&hellip;]<\/p>\n","protected":false},"author":73,"featured_media":248999,"comment_status":"closed","ping_status":"closed","sticky":false,"template":"","format":"standard","meta":[],"categories":[64],"tags":[595],"suno_strategy":[],"class_list":["post-268911","post","type-post","status-publish","format-standard","has-post-thumbnail","hentry","category-negocios","tag-petrobras-petr4"],"yoast_head":"<!-- This site is optimized with the Yoast SEO plugin v24.4 - https:\/\/yoast.com\/wordpress\/plugins\/seo\/ -->\n<title>Presidente da Petrobras (PETR4) pede demiss\u00e3o<\/title>\n<meta name=\"description\" content=\"Jos\u00e9 Mauro Ferreira Coelho ficaria no cargo de presidente da Petrobras (PETR4) at\u00e9 &#039;transi\u00e7\u00e3o&#039;, mas press\u00e3o pol\u00edtica aumentou. Clique e confira!\" \/>\n<meta name=\"robots\" content=\"index, follow, max-snippet:-1, max-image-preview:large, max-video-preview:-1\" \/>\n<link rel=\"canonical\" href=\"https:\/\/www.suno.com.br\/noticias\/petrobras-petr4-presidente-demissao\/\" \/>\n<meta property=\"og:locale\" content=\"pt_BR\" \/>\n<meta property=\"og:type\" content=\"article\" \/>\n<meta property=\"og:title\" content=\"Presidente da Petrobras (PETR4) pede demiss\u00e3o\" \/>\n<meta property=\"og:description\" content=\"Jos\u00e9 Mauro Ferreira Coelho ficaria no cargo de presidente da Petrobras (PETR4) at\u00e9 &#039;transi\u00e7\u00e3o&#039;, mas press\u00e3o pol\u00edtica aumentou. Clique e confira!\" \/>\n<meta property=\"og:url\" content=\"https:\/\/www.suno.com.br\/noticias\/petrobras-petr4-presidente-demissao\/\" \/>\n<meta property=\"og:site_name\" content=\"Suno Not\u00edcias\" \/>\n<meta property=\"article:publisher\" content=\"https:\/\/facebook.com\/sunoresearch\" \/>\n<meta property=\"og:image\" content=\"https:\/\/files.sunoresearch.com.br\/n\/uploads\/2022\/04\/coelho-petro-1.jpg\" \/>\n\t<meta property=\"og:image:width\" content=\"1200\" \/>\n\t<meta property=\"og:image:height\" content=\"858\" \/>\n\t<meta property=\"og:image:type\" content=\"image\/jpeg\" \/>\n<meta name=\"author\" content=\"Eduardo Vargas\" \/>\n<meta name=\"twitter:card\" content=\"summary_large_image\" \/>\n<meta name=\"twitter:creator\" content=\"@sunoresearch\" \/>\n<meta name=\"twitter:site\" content=\"@sunoresearch\" \/>\n<meta name=\"twitter:label1\" content=\"Escrito por\" \/>\n\t<meta name=\"twitter:data1\" content=\"Eduardo Vargas\" \/>\n\t<meta name=\"twitter:label2\" content=\"Est. tempo de leitura\" \/>\n\t<meta name=\"twitter:data2\" content=\"5 minutos\" \/>\n<script type=\"application\/ld+json\" class=\"yoast-schema-graph\">{\"@context\":\"https:\/\/schema.org\",\"@graph\":[{\"@type\":\"NewsArticle\",\"@id\":\"https:\/\/www.suno.com.br\/noticias\/petrobras-petr4-presidente-demissao\/#article\",\"isPartOf\":{\"@id\":\"https:\/\/www.suno.com.br\/noticias\/petrobras-petr4-presidente-demissao\/\"},\"author\":{\"name\":\"Eduardo Vargas\",\"@id\":\"https:\/\/www.suno.com.br\/noticias\/#\/schema\/person\/7f4d362bf3518e76090143ae77bb49a5\"},\"headline\":\"Presidente da Petrobras (PETR4) pede demiss\u00e3o ap\u00f3s aumento da press\u00e3o pol\u00edtica\",\"datePublished\":\"2022-06-20T13:09:18+00:00\",\"dateModified\":\"2022-06-20T13:35:32+00:00\",\"mainEntityOfPage\":{\"@id\":\"https:\/\/www.suno.com.br\/noticias\/petrobras-petr4-presidente-demissao\/\"},\"wordCount\":1031,\"publisher\":{\"@id\":\"https:\/\/www.suno.com.br\/noticias\/#organization\"},\"image\":{\"@id\":\"https:\/\/www.suno.com.br\/noticias\/petrobras-petr4-presidente-demissao\/#primaryimage\"},\"thumbnailUrl\":\"https:\/\/files.sunoresearch.com.br\/n\/uploads\/2022\/04\/coelho-petro-1.jpg\",\"keywords\":[\"Petrobras (PETR4)\"],\"articleSection\":[\"Neg\u00f3cios\"],\"inLanguage\":\"pt-BR\"},{\"@type\":\"WebPage\",\"@id\":\"https:\/\/www.suno.com.br\/noticias\/petrobras-petr4-presidente-demissao\/\",\"url\":\"https:\/\/www.suno.com.br\/noticias\/petrobras-petr4-presidente-demissao\/\",\"name\":\"Presidente da Petrobras (PETR4) pede demiss\u00e3o\",\"isPartOf\":{\"@id\":\"https:\/\/www.suno.com.br\/noticias\/#website\"},\"primaryImageOfPage\":{\"@id\":\"https:\/\/www.suno.com.br\/noticias\/petrobras-petr4-presidente-demissao\/#primaryimage\"},\"image\":{\"@id\":\"https:\/\/www.suno.com.br\/noticias\/petrobras-petr4-presidente-demissao\/#primaryimage\"},\"thumbnailUrl\":\"https:\/\/files.sunoresearch.com.br\/n\/uploads\/2022\/04\/coelho-petro-1.jpg\",\"datePublished\":\"2022-06-20T13:09:18+00:00\",\"dateModified\":\"2022-06-20T13:35:32+00:00\",\"description\":\"Jos\u00e9 Mauro Ferreira Coelho ficaria no cargo de presidente da Petrobras (PETR4) at\u00e9 'transi\u00e7\u00e3o', mas press\u00e3o pol\u00edtica aumentou. Clique e confira!\",\"breadcrumb\":{\"@id\":\"https:\/\/www.suno.com.br\/noticias\/petrobras-petr4-presidente-demissao\/#breadcrumb\"},\"inLanguage\":\"pt-BR\",\"potentialAction\":[{\"@type\":\"ReadAction\",\"target\":[\"https:\/\/www.suno.com.br\/noticias\/petrobras-petr4-presidente-demissao\/\"]}]},{\"@type\":\"ImageObject\",\"inLanguage\":\"pt-BR\",\"@id\":\"https:\/\/www.suno.com.br\/noticias\/petrobras-petr4-presidente-demissao\/#primaryimage\",\"url\":\"https:\/\/files.sunoresearch.com.br\/n\/uploads\/2022\/04\/coelho-petro-1.jpg\",\"contentUrl\":\"https:\/\/files.sunoresearch.com.br\/n\/uploads\/2022\/04\/coelho-petro-1.jpg\",\"width\":1200,\"height\":858,\"caption\":\"Ap\u00f3s indica\u00e7\u00e3o de Coelho, a\u00e7\u00f5es da Petrobras sobem quase 5% no intradia - Foto: Reprodu\u00e7\u00e3o\/Ag\u00eancia Senado\"},{\"@type\":\"BreadcrumbList\",\"@id\":\"https:\/\/www.suno.com.br\/noticias\/petrobras-petr4-presidente-demissao\/#breadcrumb\",\"itemListElement\":[{\"@type\":\"ListItem\",\"position\":1,\"name\":\"Not\u00edcias\",\"item\":\"https:\/\/www.suno.com.br\/noticias\/\"},{\"@type\":\"ListItem\",\"position\":2,\"name\":\"Neg\u00f3cios\",\"item\":\"https:\/\/www.suno.com.br\/noticias\/negocios\/\"},{\"@type\":\"ListItem\",\"position\":3,\"name\":\"Presidente da Petrobras (PETR4) pede demiss\u00e3o ap\u00f3s aumento da press\u00e3o pol\u00edtica\"}]},{\"@type\":\"WebSite\",\"@id\":\"https:\/\/www.suno.com.br\/noticias\/#website\",\"url\":\"https:\/\/www.suno.com.br\/noticias\/\",\"name\":\"Suno Not\u00edcias\",\"description\":\"Seu portal de informa\u00e7\u00e3o sobre o mundo dos investimentos\",\"publisher\":{\"@id\":\"https:\/\/www.suno.com.br\/noticias\/#organization\"},\"potentialAction\":[{\"@type\":\"SearchAction\",\"target\":{\"@type\":\"EntryPoint\",\"urlTemplate\":\"https:\/\/www.suno.com.br\/noticias\/?s={search_term_string}\"},\"query-input\":{\"@type\":\"PropertyValueSpecification\",\"valueRequired\":true,\"valueName\":\"search_term_string\"}}],\"inLanguage\":\"pt-BR\"},{\"@type\":\"Organization\",\"@id\":\"https:\/\/www.suno.com.br\/noticias\/#organization\",\"name\":\"Suno Not\u00edcias\",\"url\":\"https:\/\/www.suno.com.br\/noticias\/\",\"logo\":{\"@type\":\"ImageObject\",\"inLanguage\":\"pt-BR\",\"@id\":\"https:\/\/www.suno.com.br\/noticias\/#\/schema\/logo\/image\/\",\"url\":\"https:\/\/files.sunoresearch.com.br\/n\/uploads\/2021\/09\/suno-logo.png\",\"contentUrl\":\"https:\/\/files.sunoresearch.com.br\/n\/uploads\/2021\/09\/suno-logo.png\",\"width\":180,\"height\":180,\"caption\":\"Suno Not\u00edcias\"},\"image\":{\"@id\":\"https:\/\/www.suno.com.br\/noticias\/#\/schema\/logo\/image\/\"},\"sameAs\":[\"https:\/\/facebook.com\/sunoresearch\",\"https:\/\/x.com\/sunoresearch\",\"https:\/\/www.instagram.com\/suno\",\"https:\/\/www.linkedin.com\/company\/suno-research\/\",\"https:\/\/www.youtube.com\/c\/sunoresearch\"]},{\"@type\":\"Person\",\"@id\":\"https:\/\/www.suno.com.br\/noticias\/#\/schema\/person\/7f4d362bf3518e76090143ae77bb49a5\",\"name\":\"Eduardo Vargas\",\"image\":{\"@type\":\"ImageObject\",\"inLanguage\":\"pt-BR\",\"@id\":\"https:\/\/www.suno.com.br\/noticias\/#\/schema\/person\/image\/\",\"url\":\"https:\/\/secure.gravatar.com\/avatar\/dac340933427a22924c9f99d1eb2e3f2?s=96&r=g\",\"contentUrl\":\"https:\/\/secure.gravatar.com\/avatar\/dac340933427a22924c9f99d1eb2e3f2?s=96&r=g\",\"caption\":\"Eduardo Vargas\"},\"description\":\"Jornalista formado pela UFSC, cobre macroeconomia, neg\u00f3cios e startups para o Suno Not\u00edcias, escrevendo principalmente not\u00edcias sobre o mercado financeiro e a bolsa de valores. No YouTube e no Instagram, \u00e9 respons\u00e1vel pela produ\u00e7\u00e3o de Reels e Shorts do Suno Not\u00edcias. Anteriormente, trabalhou cobrindo economia e cotidiano no ND+ e para o ND, maior jornal impresso de Santa Catarina. Cursou um semestre letivo de Estudos de M\u00eddia na Universidad de Buenos Aires.\",\"url\":\"https:\/\/www.suno.com.br\/noticias\/author\/eduardo-vargas\/\"}]}<\/script>\n<!-- \/ Yoast SEO plugin. -->","yoast_head_json":{"title":"Presidente da Petrobras (PETR4) pede demiss\u00e3o","description":"Jos\u00e9 Mauro Ferreira Coelho ficaria no cargo de presidente da Petrobras (PETR4) at\u00e9 'transi\u00e7\u00e3o', mas press\u00e3o pol\u00edtica aumentou. Clique e confira!","robots":{"index":"index","follow":"follow","max-snippet":"max-snippet:-1","max-image-preview":"max-image-preview:large","max-video-preview":"max-video-preview:-1"},"canonical":"https:\/\/www.suno.com.br\/noticias\/petrobras-petr4-presidente-demissao\/","og_locale":"pt_BR","og_type":"article","og_title":"Presidente da Petrobras (PETR4) pede demiss\u00e3o","og_description":"Jos\u00e9 Mauro Ferreira Coelho ficaria no cargo de presidente da Petrobras (PETR4) at\u00e9 'transi\u00e7\u00e3o', mas press\u00e3o pol\u00edtica aumentou. Clique e confira!","og_url":"https:\/\/www.suno.com.br\/noticias\/petrobras-petr4-presidente-demissao\/","og_site_name":"Suno Not\u00edcias","article_publisher":"https:\/\/facebook.com\/sunoresearch","og_image":[{"width":1200,"height":858,"url":"https:\/\/files.sunoresearch.com.br\/n\/uploads\/2022\/04\/coelho-petro-1.jpg","type":"image\/jpeg"}],"author":"Eduardo Vargas","twitter_card":"summary_large_image","twitter_creator":"@sunoresearch","twitter_site":"@sunoresearch","twitter_misc":{"Escrito por":"Eduardo Vargas","Est. tempo de leitura":"5 minutos"},"schema":{"@context":"https:\/\/schema.org","@graph":[{"@type":"NewsArticle","@id":"https:\/\/www.suno.com.br\/noticias\/petrobras-petr4-presidente-demissao\/#article","isPartOf":{"@id":"https:\/\/www.suno.com.br\/noticias\/petrobras-petr4-presidente-demissao\/"},"author":{"name":"Eduardo Vargas","@id":"https:\/\/www.suno.com.br\/noticias\/#\/schema\/person\/7f4d362bf3518e76090143ae77bb49a5"},"headline":"Presidente da Petrobras (PETR4) pede demiss\u00e3o ap\u00f3s aumento da press\u00e3o pol\u00edtica","datePublished":"2022-06-20T13:09:18+00:00","dateModified":"2022-06-20T13:35:32+00:00","mainEntityOfPage":{"@id":"https:\/\/www.suno.com.br\/noticias\/petrobras-petr4-presidente-demissao\/"},"wordCount":1031,"publisher":{"@id":"https:\/\/www.suno.com.br\/noticias\/#organization"},"image":{"@id":"https:\/\/www.suno.com.br\/noticias\/petrobras-petr4-presidente-demissao\/#primaryimage"},"thumbnailUrl":"https:\/\/files.sunoresearch.com.br\/n\/uploads\/2022\/04\/coelho-petro-1.jpg","keywords":["Petrobras (PETR4)"],"articleSection":["Neg\u00f3cios"],"inLanguage":"pt-BR"},{"@type":"WebPage","@id":"https:\/\/www.suno.com.br\/noticias\/petrobras-petr4-presidente-demissao\/","url":"https:\/\/www.suno.com.br\/noticias\/petrobras-petr4-presidente-demissao\/","name":"Presidente da Petrobras (PETR4) pede demiss\u00e3o","isPartOf":{"@id":"https:\/\/www.suno.com.br\/noticias\/#website"},"primaryImageOfPage":{"@id":"https:\/\/www.suno.com.br\/noticias\/petrobras-petr4-presidente-demissao\/#primaryimage"},"image":{"@id":"https:\/\/www.suno.com.br\/noticias\/petrobras-petr4-presidente-demissao\/#primaryimage"},"thumbnailUrl":"https:\/\/files.sunoresearch.com.br\/n\/uploads\/2022\/04\/coelho-petro-1.jpg","datePublished":"2022-06-20T13:09:18+00:00","dateModified":"2022-06-20T13:35:32+00:00","description":"Jos\u00e9 Mauro Ferreira Coelho ficaria no cargo de presidente da Petrobras (PETR4) at\u00e9 'transi\u00e7\u00e3o', mas press\u00e3o pol\u00edtica aumentou. Clique e confira!","breadcrumb":{"@id":"https:\/\/www.suno.com.br\/noticias\/petrobras-petr4-presidente-demissao\/#breadcrumb"},"inLanguage":"pt-BR","potentialAction":[{"@type":"ReadAction","target":["https:\/\/www.suno.com.br\/noticias\/petrobras-petr4-presidente-demissao\/"]}]},{"@type":"ImageObject","inLanguage":"pt-BR","@id":"https:\/\/www.suno.com.br\/noticias\/petrobras-petr4-presidente-demissao\/#primaryimage","url":"https:\/\/files.sunoresearch.com.br\/n\/uploads\/2022\/04\/coelho-petro-1.jpg","contentUrl":"https:\/\/files.sunoresearch.com.br\/n\/uploads\/2022\/04\/coelho-petro-1.jpg","width":1200,"height":858,"caption":"Ap\u00f3s indica\u00e7\u00e3o de Coelho, a\u00e7\u00f5es da Petrobras sobem quase 5% no intradia - Foto: Reprodu\u00e7\u00e3o\/Ag\u00eancia Senado"},{"@type":"BreadcrumbList","@id":"https:\/\/www.suno.com.br\/noticias\/petrobras-petr4-presidente-demissao\/#breadcrumb","itemListElement":[{"@type":"ListItem","position":1,"name":"Not\u00edcias","item":"https:\/\/www.suno.com.br\/noticias\/"},{"@type":"ListItem","position":2,"name":"Neg\u00f3cios","item":"https:\/\/www.suno.com.br\/noticias\/negocios\/"},{"@type":"ListItem","position":3,"name":"Presidente da Petrobras (PETR4) pede demiss\u00e3o ap\u00f3s aumento da press\u00e3o pol\u00edtica"}]},{"@type":"WebSite","@id":"https:\/\/www.suno.com.br\/noticias\/#website","url":"https:\/\/www.suno.com.br\/noticias\/","name":"Suno Not\u00edcias","description":"Seu portal de informa\u00e7\u00e3o sobre o mundo dos investimentos","publisher":{"@id":"https:\/\/www.suno.com.br\/noticias\/#organization"},"potentialAction":[{"@type":"SearchAction","target":{"@type":"EntryPoint","urlTemplate":"https:\/\/www.suno.com.br\/noticias\/?s={search_term_string}"},"query-input":{"@type":"PropertyValueSpecification","valueRequired":true,"valueName":"search_term_string"}}],"inLanguage":"pt-BR"},{"@type":"Organization","@id":"https:\/\/www.suno.com.br\/noticias\/#organization","name":"Suno Not\u00edcias","url":"https:\/\/www.suno.com.br\/noticias\/","logo":{"@type":"ImageObject","inLanguage":"pt-BR","@id":"https:\/\/www.suno.com.br\/noticias\/#\/schema\/logo\/image\/","url":"https:\/\/files.sunoresearch.com.br\/n\/uploads\/2021\/09\/suno-logo.png","contentUrl":"https:\/\/files.sunoresearch.com.br\/n\/uploads\/2021\/09\/suno-logo.png","width":180,"height":180,"caption":"Suno Not\u00edcias"},"image":{"@id":"https:\/\/www.suno.com.br\/noticias\/#\/schema\/logo\/image\/"},"sameAs":["https:\/\/facebook.com\/sunoresearch","https:\/\/x.com\/sunoresearch","https:\/\/www.instagram.com\/suno","https:\/\/www.linkedin.com\/company\/suno-research\/","https:\/\/www.youtube.com\/c\/sunoresearch"]},{"@type":"Person","@id":"https:\/\/www.suno.com.br\/noticias\/#\/schema\/person\/7f4d362bf3518e76090143ae77bb49a5","name":"Eduardo Vargas","image":{"@type":"ImageObject","inLanguage":"pt-BR","@id":"https:\/\/www.suno.com.br\/noticias\/#\/schema\/person\/image\/","url":"https:\/\/secure.gravatar.com\/avatar\/dac340933427a22924c9f99d1eb2e3f2?s=96&r=g","contentUrl":"https:\/\/secure.gravatar.com\/avatar\/dac340933427a22924c9f99d1eb2e3f2?s=96&r=g","caption":"Eduardo Vargas"},"description":"Jornalista formado pela UFSC, cobre macroeconomia, neg\u00f3cios e startups para o Suno Not\u00edcias, escrevendo principalmente not\u00edcias sobre o mercado financeiro e a bolsa de valores. No YouTube e no Instagram, \u00e9 respons\u00e1vel pela produ\u00e7\u00e3o de Reels e Shorts do Suno Not\u00edcias. Anteriormente, trabalhou cobrindo economia e cotidiano no ND+ e para o ND, maior jornal impresso de Santa Catarina. Cursou um semestre letivo de Estudos de M\u00eddia na Universidad de Buenos Aires.","url":"https:\/\/www.suno.com.br\/noticias\/author\/eduardo-vargas\/"}]}},"default_loop_html":"<div class=\"cardsPage__listCard__boxs\"><div class=\"cardsPage__listCard__boxs__img\"><a href=\"https:\/\/www.suno.com.br\/noticias\/petrobras-petr4-presidente-demissao\/\"><img class=\"mask\" src=\"https:\/\/www.suno.com.br\/noticias\/wp-content\/themes\/suno\/resources\/images\/spotlight\/spotlight1img\/bg-mask.png\" alt=\"Image Mask\"\/><img src=\"https:\/\/files.sunoresearch.com.br\/n\/uploads\/2022\/04\/coelho-petro-1-400x200.jpg\" alt=\"Presidente da Petrobras (PETR4) pede demiss\u00e3o ap\u00f3s aumento da press\u00e3o pol\u00edtica\"\/><\/a><span class=\"spotlightCategory\"><a href=\"https:\/\/www.suno.com.br\/noticias\/negocios\/\">Neg\u00f3cios<\/a><\/span><\/div><div class=\"cardsPage__listCard__boxs__content\"><a href=\"https:\/\/www.suno.com.br\/noticias\/petrobras-petr4-presidente-demissao\/\"><h2 class=\"content__title\">Presidente da Petrobras (PETR4) pede demiss\u00e3o ap\u00f3s aumento da press\u00e3o pol\u00edtica<\/h2><\/a><div class=\"newsContent__article__meta\"><div class=\"newsContent__article__meta__authorBox\"><a href=\"https:\/\/www.suno.com.br\/noticias\/author\/eduardo-vargas\/\" class=\"authorBox__avatar noMobi\"><img src=\"https:\/\/secure.gravatar.com\/avatar\/dac340933427a22924c9f99d1eb2e3f2?s=96&#038;r=g\" alt=\"Eduardo Vargas\"><\/a><div class=\"authorBox__name\"><span>por\n\t\t\t<a href=\"https:\/\/www.suno.com.br\/noticias\/author\/eduardo-vargas\/\"><span itemprop=\"author\">Eduardo Vargas<\/span><\/a><\/span><time datetime=\"2022-06-20T10:09:18-03:00\" itemprop=\"datePublished\">20\/06\/2022 10:09<\/time><\/div><\/div><\/div><\/div><\/div>","single_layout":"posts","amp_enabled":true,"_links":{"self":[{"href":"https:\/\/www.suno.com.br\/noticias\/wp-json\/wp\/v2\/posts\/268911"}],"collection":[{"href":"https:\/\/www.suno.com.br\/noticias\/wp-json\/wp\/v2\/posts"}],"about":[{"href":"https:\/\/www.suno.com.br\/noticias\/wp-json\/wp\/v2\/types\/post"}],"author":[{"embeddable":true,"href":"https:\/\/www.suno.com.br\/noticias\/wp-json\/wp\/v2\/users\/73"}],"replies":[{"embeddable":true,"href":"https:\/\/www.suno.com.br\/noticias\/wp-json\/wp\/v2\/comments?post=268911"}],"version-history":[{"count":4,"href":"https:\/\/www.suno.com.br\/noticias\/wp-json\/wp\/v2\/posts\/268911\/revisions"}],"predecessor-version":[{"id":268934,"href":"https:\/\/www.suno.com.br\/noticias\/wp-json\/wp\/v2\/posts\/268911\/revisions\/268934"}],"wp:featuredmedia":[{"embeddable":true,"href":"https:\/\/www.suno.com.br\/noticias\/wp-json\/wp\/v2\/media\/248999"}],"wp:attachment":[{"href":"https:\/\/www.suno.com.br\/noticias\/wp-json\/wp\/v2\/media?parent=268911"}],"wp:term":[{"taxonomy":"category","embeddable":true,"href":"https:\/\/www.suno.com.br\/noticias\/wp-json\/wp\/v2\/categories?post=268911"},{"taxonomy":"post_tag","embeddable":true,"href":"https:\/\/www.suno.com.br\/noticias\/wp-json\/wp\/v2\/tags?post=268911"},{"taxonomy":"suno_strategy","embeddable":true,"href":"https:\/\/www.suno.com.br\/noticias\/wp-json\/wp\/v2\/suno_strategy?post=268911"}],"curies":[{"name":"wp","href":"https:\/\/api.w.org\/{rel}","templated":true}]}}