{"id":26882,"date":"2019-06-01T09:42:50","date_gmt":"2019-06-01T12:42:50","guid":{"rendered":"https:\/\/www.suno.com.br\/noticias\/?p=26882"},"modified":"2019-07-17T11:30:01","modified_gmt":"2019-07-17T14:30:01","slug":"caixa-prepara-liberacao-do-fgts-para-um-valor-de-ate-r-30-bi","status":"publish","type":"post","link":"https:\/\/www.suno.com.br\/noticias\/caixa-prepara-liberacao-do-fgts-para-um-valor-de-ate-r-30-bi\/","title":{"rendered":"Caixa prepara libera\u00e7\u00e3o do FGTS para um valor de at\u00e9 R$ 30 bi"},"content":{"rendered":"<p>A <strong>Caixa Econ\u00f4mica Federal<\/strong> j\u00e1 come\u00e7ou a preparar a opera\u00e7\u00e3o de saques do <a href=\"https:\/\/www.suno.com.br\/artigos\/fgts\/\">Fundo de Garantia por Tempo de Servi\u00e7o (FGTS)<\/a>. Segundo o jornal &#8220;Folha de S.Paulo&#8221;, o valor disponibilizado poderia alcan\u00e7ar R$ 30 bilh\u00f5es em tr\u00eas meses. Um valor que representa cerca de 0,5% do <a href=\"https:\/\/www.suno.com.br\/artigos\/o-produto-interno-bruto-pib\/\"><strong>Produto Interno Bruto (PIB).<\/strong><\/a><\/p>\t<div class=\"wrapper-featured-image\">\n\t\t<figure class=\"spotlightImg\">\n\n\t\t\t<picture>\n\t\t\t\t<source media=\"(max-width: 768px)\" srcset=\"https:\/\/files.sunoresearch.com.br\/n\/uploads\/2019\/01\/e6df791a-caixa-400x200.webp\">\n\t\t\t\t<img loading=\"lazy\" decoding=\"async\" class=\"newsContent__article__imgCapa lazyloadDisabled newsContent__article__imgCapa--noCaption\" src=\"https:\/\/files.sunoresearch.com.br\/n\/uploads\/2019\/01\/e6df791a-caixa-jpg.webp\" width=\"800\" height=\"450\" alt=\"Caixa prepara libera\u00e7\u00e3o do FGTS para um valor de at\u00e9 R$ 30 bi\" fetchpriority=high \/>\n\t\t\t<\/picture>\n\n\t\t\t<figcaption class=\"wp-caption-text wp-caption-text--hide\">A data de saque \u00e9 diferente das datas de dep\u00f3sito do coronavoucher, para evitar aglomera\u00e7\u00f5es nas ag\u00eancias.<\/figcaption>\n\t\t<\/figure>\n\t<\/div>\n\n\n\t<p>\n\t\t<a href=\"https:\/\/lp.suno.com.br\/suno-one\/?utm_campaign=_SNC6964518A_\" target=\"_blank\" data-element=\"shortcode-suno-banner\" title=\"Banner SUNO, clique e saiba mais\">\n\t\t\t<picture>\n\t\t\t\t<source media=\"(max-width: 500px)\" srcset=\"https:\/\/files.sunoresearch.com.br\/n\/uploads\/2025\/09\/400x300-Suno-One-png.webp\">\n\t\t\t\t<img class=\"newsContent__article__imgCapa newsContent__article__imgCapa--banner\"\n\t\t\t\t\tsrc=\"https:\/\/files.sunoresearch.com.br\/n\/uploads\/2025\/09\/1420x240-Suno-One-png.webp\"\n\t\t\t\t\tdata-promo-id=\"85810\"\t\t\t\t\t\t\t\t\t\twidth='1420' height='240'\t\t\t\t\talt=\"https:\/\/files.sunoresearch.com.br\/n\/uploads\/2025\/09\/1420x240-Suno-One-png.webp\"\n\t\t\t\t>\n\t\t\t<\/picture>\n\t\t<\/a>\n\t<\/p>\n\n\n<p>O <strong>ministro da Economia<\/strong>, <a href=\"https:\/\/www.suno.com.br\/tudo-sobre\/paulo-guedes\/\"><strong>Paulo Guedes<\/strong><\/a>, anunciou a libera\u00e7\u00e3o das contas do <strong>FGTS<\/strong> de contratos ativos dos trabalhadores como medida para reativar o consumo. Entretanto, essa opera\u00e7\u00e3o deveria ocorrer somente depois da aprova\u00e7\u00e3o da <strong>reforma da Previd\u00eancia.<\/strong><\/p>\n<p><a href=\"\/\/www.suno.com.br\/noticias\/fgts-pis-pasep-saque\/\">Saiba Mais:\u00a0Governo Federal vai liberar R$ 42 bilh\u00f5es do FGTS<\/a><\/p>\n<p>Caso o calend\u00e1rio da reforma se concretize, com as novas regras da aposentadoria aprovadas em setembro, os recursos do <strong>FGTS<\/strong> deveriam ser liberados at\u00e9 o Natal.<\/p>\n<p>O governo quer repetir a opera\u00e7\u00e3o realizada durante o Executivo do ex-presidente <strong>Michel Temer<\/strong>. Em 2017 o ent\u00e3o governo liberou recursos do <strong>FGTS,<\/strong> chegando a um valor total de R$ 44 bilh\u00f5es, garantindo recursos extra para os titulares de contas inativas.<\/p>\n\t<p>\n\t\t<a href=\"https:\/\/lp2.suno.com.br\/cl\/black-friday-2025\/?utm_campaign=_SNCDF0E4858_\" target=\"_blank\" data-element=\"shortcode-suno-banner\" title=\"Banner SUNO, clique e saiba mais\">\n\t\t\t<picture>\n\t\t\t\t<source media=\"(max-width: 500px)\" srcset=\"https:\/\/files.sunoresearch.com.br\/n\/uploads\/2025\/10\/Artigos-e-Noticias-Banner-Home-artigos-01-Mobile_-400x300-1-png.webp\">\n\t\t\t\t<img class=\"newsContent__article__imgCapa newsContent__article__imgCapa--banner\"\n\t\t\t\t\tsrc=\"https:\/\/files.sunoresearch.com.br\/n\/uploads\/2025\/10\/Artigos-e-Noticias-Banner-Home-artigos-01-Desktop_-1420x240-1-png.webp\"\n\t\t\t\t\tdata-promo-id=\"311259\"\t\t\t\t\t\t\t\t\t\twidth='1420' height='240'\t\t\t\t\talt=\"https:\/\/files.sunoresearch.com.br\/n\/uploads\/2025\/10\/Artigos-e-Noticias-Banner-Home-artigos-01-Desktop_-1420x240-1-png.webp\"\n\t\t\t\t>\n\t\t\t<\/picture>\n\t\t<\/a>\n\t<\/p>\n\n\n<p>Entretanto, naquela ocasi\u00e3o boa parte do montante do <strong>FGTS<\/strong> j\u00e1 tinha sido utilizada. Por isso, para liberar os R$ 30 bilh\u00f5es previstos, o governo dever\u00e1 utilizar quase o total do resto do montante.<\/p>\n<h2>Guedes anunciou libera\u00e7\u00e3o<\/h2>\n<p>O <strong>minist\u00e9rio da Economia<\/strong>\u00a0informou a inten\u00e7\u00e3o de liberar as contas inativas do FGTS ap\u00f3s a divulga\u00e7\u00e3o dos resultados do <strong>PIB<\/strong> do primeiro trimestre de 2019.<\/p>\n<p><a href=\"https:\/\/www.suno.com.br\/noticias\/governo-estuda-liberar-fgts-de-contas-inativas-fundo-sera-reformulado\/\">Saiba mais: Governo estuda liberar FGTS de contas inativas; fundo ser\u00e1 reformulado\u00a0<\/a><\/p>\n<p>O <strong>Instituto Brasileiro de Geografia e Estat\u00edstica (IBGE)<\/strong>\u00a0informou na semana passada que a economia brasileira teve uma contra\u00e7\u00e3o de 0,2% no primeiro trimestre do ano.\u00a0 O \u00edndice foi a seu menor n\u00edvel desde o \u00faltimo trimestre de 2016, quando registrou uma <strong>retra\u00e7\u00e3o<\/strong> de 2,3%.\u00a0Em valores, o total foi de R$ 1,714 trilh\u00e3o.<\/p>\n<p><a href=\"https:\/\/www.suno.com.br\/noticias\/pib-brasil-retracao-primeiro-tri\/\">Saiba Mais: PIB do Brasil tem queda de 0,2% no primeiro trimestre, diz IBGE<\/a><\/p>\n<p><span style=\"font-size: 1.21429rem;\">\u201cVamos liberar <\/span><strong style=\"font-size: 1.21429rem;\">PIS\/Pasep<\/strong><span style=\"font-size: 1.21429rem;\">,\u00a0<\/span><strong style=\"font-size: 1.21429rem;\">FGTS<\/strong><span style=\"font-size: 1.21429rem;\">, assim que sa\u00edrem as reformas. N\u00f3s n\u00e3o batemos o martelo ainda, mas todas as equipes est\u00e3o examinando isso\u201d, disse o ministro Guedes no \u00faltimo dia 30.<\/span><\/p>\n\t<p>\n\t\t<a href=\"https:\/\/lp.suno.com.br\/ao\/servico-especializado-suno-tf\/?utm_source=adwords&#038;utm_medium=search&#038;utm_campaign=search.servico.funilconsultoria&#038;utm_content=1147_responsivo-a&#038;hsa_acc=2326072784&#038;hsa_cam=18022897917&#038;hsa_grp=141470255993&#038;hsa_ad=616145467912&#038;hsa_src=g&#038;hsa_tgt=kwd-303658942458&#038;hsa_kw=gestora+de+investimentos&#038;hsa_mt=b&#038;hsa_net=adwords&#038;hsa_ver=3&#038;gad_source=1&#038;gclid=CjwKCAjw1emzBhB8EiwAHwZZxQMvA3xJVRzLGZ70LmuSzR55X-KvxijSay8c5Hm88Sznnq97j8XbORoC-sMQAvD_BwE\" target=\"_blank\" data-element=\"shortcode-suno-banner\" title=\"Banner SUNO, clique e saiba mais\">\n\t\t\t<picture>\n\t\t\t\t<source media=\"(max-width: 500px)\" srcset=\"https:\/\/files.sunoresearch.com.br\/n\/uploads\/2024\/06\/400x300-Mobile-Artigos-5.png\">\n\t\t\t\t<img class=\"newsContent__article__imgCapa newsContent__article__imgCapa--banner\"\n\t\t\t\t\tsrc=\"https:\/\/files.sunoresearch.com.br\/n\/uploads\/2024\/06\/1420x240-Banner-Artigos-1-_-Banner-Materias-3.png\"\n\t\t\t\t\tdata-promo-id=\"563605\"\t\t\t\t\t\t\t\t\t\twidth='1420' height='240'\t\t\t\t\talt=\"https:\/\/files.sunoresearch.com.br\/n\/uploads\/2024\/06\/1420x240-Banner-Artigos-1-_-Banner-Materias-3.png\"\n\t\t\t\t>\n\t\t\t<\/picture>\n\t\t<\/a>\n\t<\/p>\n\n\n<p>Al\u00e9m disso, o chefe da equipe econ\u00f4mica tamb\u00e9m explicou que PIS\/Pasep tamb\u00e9m ser\u00e3o liberados. No entanto, segundo o ministro, isso ainda n\u00e3o aconteceu porque o governo quis estudar a quest\u00e3o do FGTS.\u00a0\u201cGostar\u00edamos de disparar hoje, mas a\u00ed fomos examinar tamb\u00e9m o <strong>FGTS<\/strong>, que atrasou um pouco o <strong>PIS\/Pasep<\/strong>, para soltar junto\u201d, explicou Guedes.<\/p>\n","protected":false},"excerpt":{"rendered":"<p>A Caixa Econ\u00f4mica Federal j\u00e1 come\u00e7ou a preparar a opera\u00e7\u00e3o de saques do Fundo de Garantia por Tempo de Servi\u00e7o (FGTS). Segundo o jornal &#8220;Folha de S.Paulo&#8221;, o valor disponibilizado poderia alcan\u00e7ar R$ 30 bilh\u00f5es em tr\u00eas meses. Um valor que representa cerca de 0,5% do Produto Interno Bruto (PIB). A data de saque \u00e9 [&hellip;]<\/p>\n","protected":false},"author":9,"featured_media":10834,"comment_status":"closed","ping_status":"closed","sticky":false,"template":"","format":"standard","meta":[],"categories":[61],"tags":[910,796],"suno_strategy":[],"class_list":["post-26882","post","type-post","status-publish","format-standard","has-post-thumbnail","hentry","category-politica","tag-fgts","tag-paulo-guedes"],"yoast_head":"<!-- This site is optimized with the Yoast SEO plugin v24.4 - https:\/\/yoast.com\/wordpress\/plugins\/seo\/ -->\n<title>Caixa prepara libera\u00e7\u00e3o do FGTS para um valor de at\u00e9 R$ 30 bi<\/title>\n<meta name=\"description\" content=\"A Caixa Econ\u00f4mica Federal come\u00e7ou a preparar a opera\u00e7\u00e3o de saques do Fundo de Garantia do Tempo de Servi\u00e7o (FGTS). Clique aqui e saiba mais.\" \/>\n<meta name=\"robots\" content=\"index, follow, max-snippet:-1, max-image-preview:large, max-video-preview:-1\" \/>\n<link rel=\"canonical\" href=\"https:\/\/www.suno.com.br\/noticias\/caixa-prepara-liberacao-do-fgts-para-um-valor-de-ate-r-30-bi\/\" \/>\n<meta property=\"og:locale\" content=\"pt_BR\" \/>\n<meta property=\"og:type\" content=\"article\" \/>\n<meta property=\"og:title\" content=\"Caixa prepara libera\u00e7\u00e3o do FGTS para um valor de at\u00e9 R$ 30 bi\" \/>\n<meta property=\"og:description\" content=\"A Caixa Econ\u00f4mica Federal come\u00e7ou a preparar a opera\u00e7\u00e3o de saques do Fundo de Garantia do Tempo de Servi\u00e7o (FGTS). Clique aqui e saiba mais.\" \/>\n<meta property=\"og:url\" content=\"https:\/\/www.suno.com.br\/noticias\/caixa-prepara-liberacao-do-fgts-para-um-valor-de-ate-r-30-bi\/\" \/>\n<meta property=\"og:site_name\" content=\"Suno Not\u00edcias\" \/>\n<meta property=\"article:publisher\" content=\"https:\/\/facebook.com\/sunoresearch\" \/>\n<meta property=\"og:image\" content=\"https:\/\/files.sunoresearch.com.br\/n\/uploads\/2019\/01\/e6df791a-caixa.jpg\" \/>\n\t<meta property=\"og:image:width\" content=\"754\" \/>\n\t<meta property=\"og:image:height\" content=\"551\" \/>\n\t<meta property=\"og:image:type\" content=\"image\/jpeg\" \/>\n<meta name=\"author\" content=\"Carlo Cauti\" \/>\n<meta name=\"twitter:card\" content=\"summary_large_image\" \/>\n<meta name=\"twitter:creator\" content=\"@sunoresearch\" \/>\n<meta name=\"twitter:site\" content=\"@sunoresearch\" \/>\n<meta name=\"twitter:label1\" content=\"Escrito por\" \/>\n\t<meta name=\"twitter:data1\" content=\"Carlo Cauti\" \/>\n\t<meta name=\"twitter:label2\" content=\"Est. tempo de leitura\" \/>\n\t<meta name=\"twitter:data2\" content=\"2 minutos\" \/>\n<script type=\"application\/ld+json\" class=\"yoast-schema-graph\">{\"@context\":\"https:\/\/schema.org\",\"@graph\":[{\"@type\":\"NewsArticle\",\"@id\":\"https:\/\/www.suno.com.br\/noticias\/caixa-prepara-liberacao-do-fgts-para-um-valor-de-ate-r-30-bi\/#article\",\"isPartOf\":{\"@id\":\"https:\/\/www.suno.com.br\/noticias\/caixa-prepara-liberacao-do-fgts-para-um-valor-de-ate-r-30-bi\/\"},\"author\":{\"name\":\"Carlo Cauti\",\"@id\":\"https:\/\/www.suno.com.br\/noticias\/#\/schema\/person\/e6e0f723cc177805027f4566c1d5e0c8\"},\"headline\":\"Caixa prepara libera\u00e7\u00e3o do FGTS para um valor de at\u00e9 R$ 30 bi\",\"datePublished\":\"2019-06-01T12:42:50+00:00\",\"dateModified\":\"2019-07-17T14:30:01+00:00\",\"mainEntityOfPage\":{\"@id\":\"https:\/\/www.suno.com.br\/noticias\/caixa-prepara-liberacao-do-fgts-para-um-valor-de-ate-r-30-bi\/\"},\"wordCount\":445,\"publisher\":{\"@id\":\"https:\/\/www.suno.com.br\/noticias\/#organization\"},\"image\":{\"@id\":\"https:\/\/www.suno.com.br\/noticias\/caixa-prepara-liberacao-do-fgts-para-um-valor-de-ate-r-30-bi\/#primaryimage\"},\"thumbnailUrl\":\"https:\/\/files.sunoresearch.com.br\/n\/uploads\/2019\/01\/e6df791a-caixa-jpg.webp\",\"keywords\":[\"FGTS\",\"Paulo Guedes\"],\"articleSection\":[\"Pol\u00edtica\"],\"inLanguage\":\"pt-BR\"},{\"@type\":\"WebPage\",\"@id\":\"https:\/\/www.suno.com.br\/noticias\/caixa-prepara-liberacao-do-fgts-para-um-valor-de-ate-r-30-bi\/\",\"url\":\"https:\/\/www.suno.com.br\/noticias\/caixa-prepara-liberacao-do-fgts-para-um-valor-de-ate-r-30-bi\/\",\"name\":\"Caixa prepara libera\u00e7\u00e3o do FGTS para um valor de at\u00e9 R$ 30 bi\",\"isPartOf\":{\"@id\":\"https:\/\/www.suno.com.br\/noticias\/#website\"},\"primaryImageOfPage\":{\"@id\":\"https:\/\/www.suno.com.br\/noticias\/caixa-prepara-liberacao-do-fgts-para-um-valor-de-ate-r-30-bi\/#primaryimage\"},\"image\":{\"@id\":\"https:\/\/www.suno.com.br\/noticias\/caixa-prepara-liberacao-do-fgts-para-um-valor-de-ate-r-30-bi\/#primaryimage\"},\"thumbnailUrl\":\"https:\/\/files.sunoresearch.com.br\/n\/uploads\/2019\/01\/e6df791a-caixa-jpg.webp\",\"datePublished\":\"2019-06-01T12:42:50+00:00\",\"dateModified\":\"2019-07-17T14:30:01+00:00\",\"description\":\"A Caixa Econ\u00f4mica Federal come\u00e7ou a preparar a opera\u00e7\u00e3o de saques do Fundo de Garantia do Tempo de Servi\u00e7o (FGTS). Clique aqui e saiba mais.\",\"breadcrumb\":{\"@id\":\"https:\/\/www.suno.com.br\/noticias\/caixa-prepara-liberacao-do-fgts-para-um-valor-de-ate-r-30-bi\/#breadcrumb\"},\"inLanguage\":\"pt-BR\",\"potentialAction\":[{\"@type\":\"ReadAction\",\"target\":[\"https:\/\/www.suno.com.br\/noticias\/caixa-prepara-liberacao-do-fgts-para-um-valor-de-ate-r-30-bi\/\"]}]},{\"@type\":\"ImageObject\",\"inLanguage\":\"pt-BR\",\"@id\":\"https:\/\/www.suno.com.br\/noticias\/caixa-prepara-liberacao-do-fgts-para-um-valor-de-ate-r-30-bi\/#primaryimage\",\"url\":\"https:\/\/files.sunoresearch.com.br\/n\/uploads\/2019\/01\/e6df791a-caixa-jpg.webp\",\"contentUrl\":\"https:\/\/files.sunoresearch.com.br\/n\/uploads\/2019\/01\/e6df791a-caixa-jpg.webp\",\"width\":754,\"height\":551,\"caption\":\"A data de saque \u00e9 diferente das datas de dep\u00f3sito do coronavoucher, para evitar aglomera\u00e7\u00f5es nas ag\u00eancias.\"},{\"@type\":\"BreadcrumbList\",\"@id\":\"https:\/\/www.suno.com.br\/noticias\/caixa-prepara-liberacao-do-fgts-para-um-valor-de-ate-r-30-bi\/#breadcrumb\",\"itemListElement\":[{\"@type\":\"ListItem\",\"position\":1,\"name\":\"Not\u00edcias\",\"item\":\"https:\/\/www.suno.com.br\/noticias\/\"},{\"@type\":\"ListItem\",\"position\":2,\"name\":\"Pol\u00edtica\",\"item\":\"https:\/\/www.suno.com.br\/noticias\/politica\/\"},{\"@type\":\"ListItem\",\"position\":3,\"name\":\"Caixa prepara libera\u00e7\u00e3o do FGTS para um valor de at\u00e9 R$ 30 bi\"}]},{\"@type\":\"WebSite\",\"@id\":\"https:\/\/www.suno.com.br\/noticias\/#website\",\"url\":\"https:\/\/www.suno.com.br\/noticias\/\",\"name\":\"Suno Not\u00edcias\",\"description\":\"Seu portal de informa\u00e7\u00e3o sobre o mundo dos investimentos\",\"publisher\":{\"@id\":\"https:\/\/www.suno.com.br\/noticias\/#organization\"},\"potentialAction\":[{\"@type\":\"SearchAction\",\"target\":{\"@type\":\"EntryPoint\",\"urlTemplate\":\"https:\/\/www.suno.com.br\/noticias\/?s={search_term_string}\"},\"query-input\":{\"@type\":\"PropertyValueSpecification\",\"valueRequired\":true,\"valueName\":\"search_term_string\"}}],\"inLanguage\":\"pt-BR\"},{\"@type\":\"Organization\",\"@id\":\"https:\/\/www.suno.com.br\/noticias\/#organization\",\"name\":\"Suno Not\u00edcias\",\"url\":\"https:\/\/www.suno.com.br\/noticias\/\",\"logo\":{\"@type\":\"ImageObject\",\"inLanguage\":\"pt-BR\",\"@id\":\"https:\/\/www.suno.com.br\/noticias\/#\/schema\/logo\/image\/\",\"url\":\"https:\/\/files.sunoresearch.com.br\/n\/uploads\/2021\/09\/suno-logo.png\",\"contentUrl\":\"https:\/\/files.sunoresearch.com.br\/n\/uploads\/2021\/09\/suno-logo.png\",\"width\":180,\"height\":180,\"caption\":\"Suno Not\u00edcias\"},\"image\":{\"@id\":\"https:\/\/www.suno.com.br\/noticias\/#\/schema\/logo\/image\/\"},\"sameAs\":[\"https:\/\/facebook.com\/sunoresearch\",\"https:\/\/x.com\/sunoresearch\",\"https:\/\/www.instagram.com\/suno\",\"https:\/\/www.linkedin.com\/company\/suno-research\/\",\"https:\/\/www.youtube.com\/c\/sunoresearch\"]},{\"@type\":\"Person\",\"@id\":\"https:\/\/www.suno.com.br\/noticias\/#\/schema\/person\/e6e0f723cc177805027f4566c1d5e0c8\",\"name\":\"Carlo Cauti\",\"image\":{\"@type\":\"ImageObject\",\"inLanguage\":\"pt-BR\",\"@id\":\"https:\/\/www.suno.com.br\/noticias\/#\/schema\/person\/image\/\",\"url\":\"https:\/\/secure.gravatar.com\/avatar\/3ada9e0bd164c23abd4792a9606d583c?s=96&r=g\",\"contentUrl\":\"https:\/\/secure.gravatar.com\/avatar\/3ada9e0bd164c23abd4792a9606d583c?s=96&r=g\",\"caption\":\"Carlo Cauti\"},\"description\":\"Editor multim\u00eddia do SUNO Not\u00edcias. Italiano, formado em Ci\u00eancias Pol\u00edticas pela universidade LUISS G. Carli de Roma e mestre cum laude em Rela\u00e7\u00f5es Internacionais, Jornalismo Internacional e de Guerra e em Economia Internacional. Concluiu tamb\u00e9m um MBA em Finan\u00e7as na B3. No Brasil, teve passagem por ve\u00edculos como Estad\u00e3o, Globo, Veja e EXAME. e nas ag\u00eancias de not\u00edcias italianas ANSA e NOVA.\",\"url\":\"https:\/\/www.suno.com.br\/noticias\/author\/carlo-cauti\/\"}]}<\/script>\n<!-- \/ Yoast SEO plugin. -->","yoast_head_json":{"title":"Caixa prepara libera\u00e7\u00e3o do FGTS para um valor de at\u00e9 R$ 30 bi","description":"A Caixa Econ\u00f4mica Federal come\u00e7ou a preparar a opera\u00e7\u00e3o de saques do Fundo de Garantia do Tempo de Servi\u00e7o (FGTS). Clique aqui e saiba mais.","robots":{"index":"index","follow":"follow","max-snippet":"max-snippet:-1","max-image-preview":"max-image-preview:large","max-video-preview":"max-video-preview:-1"},"canonical":"https:\/\/www.suno.com.br\/noticias\/caixa-prepara-liberacao-do-fgts-para-um-valor-de-ate-r-30-bi\/","og_locale":"pt_BR","og_type":"article","og_title":"Caixa prepara libera\u00e7\u00e3o do FGTS para um valor de at\u00e9 R$ 30 bi","og_description":"A Caixa Econ\u00f4mica Federal come\u00e7ou a preparar a opera\u00e7\u00e3o de saques do Fundo de Garantia do Tempo de Servi\u00e7o (FGTS). Clique aqui e saiba mais.","og_url":"https:\/\/www.suno.com.br\/noticias\/caixa-prepara-liberacao-do-fgts-para-um-valor-de-ate-r-30-bi\/","og_site_name":"Suno Not\u00edcias","article_publisher":"https:\/\/facebook.com\/sunoresearch","og_image":[{"width":754,"height":551,"url":"https:\/\/files.sunoresearch.com.br\/n\/uploads\/2019\/01\/e6df791a-caixa.jpg","type":"image\/jpeg"}],"author":"Carlo Cauti","twitter_card":"summary_large_image","twitter_creator":"@sunoresearch","twitter_site":"@sunoresearch","twitter_misc":{"Escrito por":"Carlo Cauti","Est. tempo de leitura":"2 minutos"},"schema":{"@context":"https:\/\/schema.org","@graph":[{"@type":"NewsArticle","@id":"https:\/\/www.suno.com.br\/noticias\/caixa-prepara-liberacao-do-fgts-para-um-valor-de-ate-r-30-bi\/#article","isPartOf":{"@id":"https:\/\/www.suno.com.br\/noticias\/caixa-prepara-liberacao-do-fgts-para-um-valor-de-ate-r-30-bi\/"},"author":{"name":"Carlo Cauti","@id":"https:\/\/www.suno.com.br\/noticias\/#\/schema\/person\/e6e0f723cc177805027f4566c1d5e0c8"},"headline":"Caixa prepara libera\u00e7\u00e3o do FGTS para um valor de at\u00e9 R$ 30 bi","datePublished":"2019-06-01T12:42:50+00:00","dateModified":"2019-07-17T14:30:01+00:00","mainEntityOfPage":{"@id":"https:\/\/www.suno.com.br\/noticias\/caixa-prepara-liberacao-do-fgts-para-um-valor-de-ate-r-30-bi\/"},"wordCount":445,"publisher":{"@id":"https:\/\/www.suno.com.br\/noticias\/#organization"},"image":{"@id":"https:\/\/www.suno.com.br\/noticias\/caixa-prepara-liberacao-do-fgts-para-um-valor-de-ate-r-30-bi\/#primaryimage"},"thumbnailUrl":"https:\/\/files.sunoresearch.com.br\/n\/uploads\/2019\/01\/e6df791a-caixa-jpg.webp","keywords":["FGTS","Paulo Guedes"],"articleSection":["Pol\u00edtica"],"inLanguage":"pt-BR"},{"@type":"WebPage","@id":"https:\/\/www.suno.com.br\/noticias\/caixa-prepara-liberacao-do-fgts-para-um-valor-de-ate-r-30-bi\/","url":"https:\/\/www.suno.com.br\/noticias\/caixa-prepara-liberacao-do-fgts-para-um-valor-de-ate-r-30-bi\/","name":"Caixa prepara libera\u00e7\u00e3o do FGTS para um valor de at\u00e9 R$ 30 bi","isPartOf":{"@id":"https:\/\/www.suno.com.br\/noticias\/#website"},"primaryImageOfPage":{"@id":"https:\/\/www.suno.com.br\/noticias\/caixa-prepara-liberacao-do-fgts-para-um-valor-de-ate-r-30-bi\/#primaryimage"},"image":{"@id":"https:\/\/www.suno.com.br\/noticias\/caixa-prepara-liberacao-do-fgts-para-um-valor-de-ate-r-30-bi\/#primaryimage"},"thumbnailUrl":"https:\/\/files.sunoresearch.com.br\/n\/uploads\/2019\/01\/e6df791a-caixa-jpg.webp","datePublished":"2019-06-01T12:42:50+00:00","dateModified":"2019-07-17T14:30:01+00:00","description":"A Caixa Econ\u00f4mica Federal come\u00e7ou a preparar a opera\u00e7\u00e3o de saques do Fundo de Garantia do Tempo de Servi\u00e7o (FGTS). Clique aqui e saiba mais.","breadcrumb":{"@id":"https:\/\/www.suno.com.br\/noticias\/caixa-prepara-liberacao-do-fgts-para-um-valor-de-ate-r-30-bi\/#breadcrumb"},"inLanguage":"pt-BR","potentialAction":[{"@type":"ReadAction","target":["https:\/\/www.suno.com.br\/noticias\/caixa-prepara-liberacao-do-fgts-para-um-valor-de-ate-r-30-bi\/"]}]},{"@type":"ImageObject","inLanguage":"pt-BR","@id":"https:\/\/www.suno.com.br\/noticias\/caixa-prepara-liberacao-do-fgts-para-um-valor-de-ate-r-30-bi\/#primaryimage","url":"https:\/\/files.sunoresearch.com.br\/n\/uploads\/2019\/01\/e6df791a-caixa-jpg.webp","contentUrl":"https:\/\/files.sunoresearch.com.br\/n\/uploads\/2019\/01\/e6df791a-caixa-jpg.webp","width":754,"height":551,"caption":"A data de saque \u00e9 diferente das datas de dep\u00f3sito do coronavoucher, para evitar aglomera\u00e7\u00f5es nas ag\u00eancias."},{"@type":"BreadcrumbList","@id":"https:\/\/www.suno.com.br\/noticias\/caixa-prepara-liberacao-do-fgts-para-um-valor-de-ate-r-30-bi\/#breadcrumb","itemListElement":[{"@type":"ListItem","position":1,"name":"Not\u00edcias","item":"https:\/\/www.suno.com.br\/noticias\/"},{"@type":"ListItem","position":2,"name":"Pol\u00edtica","item":"https:\/\/www.suno.com.br\/noticias\/politica\/"},{"@type":"ListItem","position":3,"name":"Caixa prepara libera\u00e7\u00e3o do FGTS para um valor de at\u00e9 R$ 30 bi"}]},{"@type":"WebSite","@id":"https:\/\/www.suno.com.br\/noticias\/#website","url":"https:\/\/www.suno.com.br\/noticias\/","name":"Suno Not\u00edcias","description":"Seu portal de informa\u00e7\u00e3o sobre o mundo dos investimentos","publisher":{"@id":"https:\/\/www.suno.com.br\/noticias\/#organization"},"potentialAction":[{"@type":"SearchAction","target":{"@type":"EntryPoint","urlTemplate":"https:\/\/www.suno.com.br\/noticias\/?s={search_term_string}"},"query-input":{"@type":"PropertyValueSpecification","valueRequired":true,"valueName":"search_term_string"}}],"inLanguage":"pt-BR"},{"@type":"Organization","@id":"https:\/\/www.suno.com.br\/noticias\/#organization","name":"Suno Not\u00edcias","url":"https:\/\/www.suno.com.br\/noticias\/","logo":{"@type":"ImageObject","inLanguage":"pt-BR","@id":"https:\/\/www.suno.com.br\/noticias\/#\/schema\/logo\/image\/","url":"https:\/\/files.sunoresearch.com.br\/n\/uploads\/2021\/09\/suno-logo.png","contentUrl":"https:\/\/files.sunoresearch.com.br\/n\/uploads\/2021\/09\/suno-logo.png","width":180,"height":180,"caption":"Suno Not\u00edcias"},"image":{"@id":"https:\/\/www.suno.com.br\/noticias\/#\/schema\/logo\/image\/"},"sameAs":["https:\/\/facebook.com\/sunoresearch","https:\/\/x.com\/sunoresearch","https:\/\/www.instagram.com\/suno","https:\/\/www.linkedin.com\/company\/suno-research\/","https:\/\/www.youtube.com\/c\/sunoresearch"]},{"@type":"Person","@id":"https:\/\/www.suno.com.br\/noticias\/#\/schema\/person\/e6e0f723cc177805027f4566c1d5e0c8","name":"Carlo Cauti","image":{"@type":"ImageObject","inLanguage":"pt-BR","@id":"https:\/\/www.suno.com.br\/noticias\/#\/schema\/person\/image\/","url":"https:\/\/secure.gravatar.com\/avatar\/3ada9e0bd164c23abd4792a9606d583c?s=96&r=g","contentUrl":"https:\/\/secure.gravatar.com\/avatar\/3ada9e0bd164c23abd4792a9606d583c?s=96&r=g","caption":"Carlo Cauti"},"description":"Editor multim\u00eddia do SUNO Not\u00edcias. Italiano, formado em Ci\u00eancias Pol\u00edticas pela universidade LUISS G. Carli de Roma e mestre cum laude em Rela\u00e7\u00f5es Internacionais, Jornalismo Internacional e de Guerra e em Economia Internacional. Concluiu tamb\u00e9m um MBA em Finan\u00e7as na B3. No Brasil, teve passagem por ve\u00edculos como Estad\u00e3o, Globo, Veja e EXAME. e nas ag\u00eancias de not\u00edcias italianas ANSA e NOVA.","url":"https:\/\/www.suno.com.br\/noticias\/author\/carlo-cauti\/"}]}},"default_loop_html":"<div class=\"cardsPage__listCard__boxs\"><div class=\"cardsPage__listCard__boxs__img\"><a href=\"https:\/\/www.suno.com.br\/noticias\/caixa-prepara-liberacao-do-fgts-para-um-valor-de-ate-r-30-bi\/\"><img class=\"mask\" src=\"https:\/\/www.suno.com.br\/noticias\/wp-content\/themes\/suno\/resources\/images\/spotlight\/spotlight1img\/bg-mask.png\" alt=\"Image Mask\"\/><img src=\"https:\/\/files.sunoresearch.com.br\/n\/uploads\/2019\/01\/e6df791a-caixa-400x200.webp\" alt=\"Caixa prepara libera\u00e7\u00e3o do FGTS para um valor de at\u00e9 R$ 30 bi\"\/><\/a><span class=\"spotlightCategory\"><a href=\"https:\/\/www.suno.com.br\/noticias\/politica\/\">Pol\u00edtica<\/a><\/span><\/div><div class=\"cardsPage__listCard__boxs__content\"><a href=\"https:\/\/www.suno.com.br\/noticias\/caixa-prepara-liberacao-do-fgts-para-um-valor-de-ate-r-30-bi\/\"><h2 class=\"content__title\">Caixa prepara libera\u00e7\u00e3o do FGTS para um valor de at\u00e9 R$ 30 bi<\/h2><\/a><div class=\"newsContent__article__meta\"><div class=\"newsContent__article__meta__authorBox\"><a href=\"https:\/\/www.suno.com.br\/noticias\/author\/carlo-cauti\/\" class=\"authorBox__avatar noMobi\"><img src=\"https:\/\/files.sunoresearch.com.br\/n\/uploads\/2020\/08\/e3745f9a-perfil-carlo-cauti-150x150.webp\" alt=\"Carlo Cauti\"><\/a><div class=\"authorBox__name\"><span>por\n\t\t\t<a href=\"https:\/\/www.suno.com.br\/noticias\/author\/carlo-cauti\/\"><span itemprop=\"author\">Carlo Cauti<\/span><\/a><\/span><time datetime=\"2019-06-01T09:42:50-03:00\" itemprop=\"datePublished\">01\/06\/2019 09:42<\/time><\/div><\/div><\/div><\/div><\/div>","single_layout":"posts","amp_enabled":true,"_links":{"self":[{"href":"https:\/\/www.suno.com.br\/noticias\/wp-json\/wp\/v2\/posts\/26882"}],"collection":[{"href":"https:\/\/www.suno.com.br\/noticias\/wp-json\/wp\/v2\/posts"}],"about":[{"href":"https:\/\/www.suno.com.br\/noticias\/wp-json\/wp\/v2\/types\/post"}],"author":[{"embeddable":true,"href":"https:\/\/www.suno.com.br\/noticias\/wp-json\/wp\/v2\/users\/9"}],"replies":[{"embeddable":true,"href":"https:\/\/www.suno.com.br\/noticias\/wp-json\/wp\/v2\/comments?post=26882"}],"version-history":[{"count":0,"href":"https:\/\/www.suno.com.br\/noticias\/wp-json\/wp\/v2\/posts\/26882\/revisions"}],"wp:featuredmedia":[{"embeddable":true,"href":"https:\/\/www.suno.com.br\/noticias\/wp-json\/wp\/v2\/media\/10834"}],"wp:attachment":[{"href":"https:\/\/www.suno.com.br\/noticias\/wp-json\/wp\/v2\/media?parent=26882"}],"wp:term":[{"taxonomy":"category","embeddable":true,"href":"https:\/\/www.suno.com.br\/noticias\/wp-json\/wp\/v2\/categories?post=26882"},{"taxonomy":"post_tag","embeddable":true,"href":"https:\/\/www.suno.com.br\/noticias\/wp-json\/wp\/v2\/tags?post=26882"},{"taxonomy":"suno_strategy","embeddable":true,"href":"https:\/\/www.suno.com.br\/noticias\/wp-json\/wp\/v2\/suno_strategy?post=26882"}],"curies":[{"name":"wp","href":"https:\/\/api.w.org\/{rel}","templated":true}]}}