{"id":26864,"date":"2019-05-31T20:16:21","date_gmt":"2019-05-31T23:16:21","guid":{"rendered":"https:\/\/www.suno.com.br\/noticias\/?p=26864"},"modified":"2019-05-31T20:16:21","modified_gmt":"2019-05-31T23:16:21","slug":"prefeitura-barra-grow-patinetes","status":"publish","type":"post","link":"https:\/\/www.suno.com.br\/noticias\/prefeitura-barra-grow-patinetes\/","title":{"rendered":"Prefeitura de S\u00e3o Paulo barra Grow em reuni\u00e3o sobre patinetes"},"content":{"rendered":"<p>A <strong>Prefeitura de S\u00e3o Paulo<\/strong> decidiu impedir que a a <strong>Grow<\/strong> participasse de uma reuni\u00e3o nesta sexta-feira (31). A maior operadora de patinetes da capital paulista, dona das marcas <strong>Grin<\/strong> e <strong>Yellow,<\/strong> n\u00e3o foi admitida na reuni\u00e3o durante a qual foram discutidas as regras do uso desses equipamentos.<\/p>\t<div class=\"wrapper-featured-image\">\n\t\t<figure class=\"spotlightImg\">\n\n\t\t\t<picture>\n\t\t\t\t<source media=\"(max-width: 768px)\" srcset=\"https:\/\/files.sunoresearch.com.br\/n\/uploads\/2019\/05\/a097430d-patinetes-400x200.webp\">\n\t\t\t\t<img loading=\"lazy\" decoding=\"async\" class=\"newsContent__article__imgCapa lazyloadDisabled newsContent__article__imgCapa--noCaption\" src=\"https:\/\/files.sunoresearch.com.br\/n\/uploads\/2019\/05\/a097430d-patinetes.jpg\" width=\"800\" height=\"450\" alt=\"Prefeitura de S\u00e3o Paulo barra Grow em reuni\u00e3o sobre patinetes\" fetchpriority=high \/>\n\t\t\t<\/picture>\n\n\t\t\t<figcaption class=\"wp-caption-text wp-caption-text--hide\">Exclusivo: Grow enfrenta crise no comando e afasta SoftBank<\/figcaption>\n\t\t<\/figure>\n\t<\/div>\n\n\n<p>Segundo a\u00a0<strong>Prefeitura<\/strong> a empresa n\u00e3o p\u00f4de participar do encontro por estar processando o \u00f3rg\u00e3o p\u00fablico. A <strong>Grow<\/strong> iniciou um processo judicial ap\u00f3s a Prefeitura divulgar as modalidades para poder usar <strong>patinetes.<\/strong> Segundo a empresa afirma as novas regras s\u00e3o em conflito com regula\u00e7\u00e3o federal do tema.<\/p>\n\t<p>\n\t\t<a href=\"https:\/\/lp.suno.com.br\/planilha-da-vida-financeira\/\" target=\"_blank\" data-element=\"shortcode-suno-banner\" title=\"Banner SUNO, clique e saiba mais\">\n\t\t\t<picture>\n\t\t\t\t<source media=\"(max-width: 500px)\" srcset=\"https:\/\/files.sunoresearch.com.br\/n\/uploads\/2023\/04\/400x300-Planilha-vida-financeira-true.png\">\n\t\t\t\t<img class=\"newsContent__article__imgCapa newsContent__article__imgCapa--banner\"\n\t\t\t\t\tsrc=\"https:\/\/files.sunoresearch.com.br\/n\/uploads\/2023\/04\/1420x240-Planilha-vida-financeira-true.png\"\n\t\t\t\t\tdata-promo-id=\"106682\"\t\t\t\t\t\t\t\t\t\twidth='1420' height='240'\t\t\t\t\talt=\"https:\/\/files.sunoresearch.com.br\/n\/uploads\/2023\/04\/1420x240-Planilha-vida-financeira-true.png\"\n\t\t\t\t>\n\t\t\t<\/picture>\n\t\t<\/a>\n\t<\/p>\n\n\n<p>Uma resolu\u00e7\u00e3o de 2013, \u00fanico testo federal que regulamenta a quest\u00e3o, estipula que usu\u00e1rios de <strong>patinetes<\/strong> podem trafegar em \u00e1reas destinadas a pedestres, como cal\u00e7adas e cal\u00e7ad\u00f5es. Entretanto, a velocidade de seus equipamentos deve ser limitada a 6 km\/h. Nas ciclovias e ciclofaixas seu uso \u00e9 permitido com velocidade limitada a 20 km\/h.<\/p>\n<p><a href=\"https:\/\/www.suno.com.br\/noticias\/fiscalizacao-patinetes-eletricos-apreendidos\/\">Saiba mais: Prefeitura de SP apreende 557 patinetes em 1\u00ba dia de fiscaliza\u00e7\u00e3o\u00a0<\/a><\/p>\n<p>As novas regras vigentes em <strong>S\u00e3o Paulo<\/strong> pro\u00edbem o uso das patinetes sobre as cal\u00e7adas. Os <strong>patinetes<\/strong> poder\u00e3o ser utilizados somente em ciclovias e ciclorrotas e com uma velocidade m\u00e1xima de 40 km\/h.<\/p>\n<p>Mesmo impedindo para a <strong>Grow<\/strong> de participar ao evento, o prefeito de S\u00e3o Paulo, <strong>Bruno Covas<\/strong> salientou que a empresa mant\u00eam o direito de se cadastrar na Prefeitura e regularizar assim seu servi\u00e7o.\u00a0&#8220;N\u00e3o queremos chegar \u00e0 situa\u00e7\u00e3o de proibir as patinetes na cidade&#8221;, afirmou Covas.<\/p>\n\t<p>\n\t\t<a href=\"https:\/\/lp.statusinvest.com.br\/ao\/assessoria-status-invest\/\" target=\"_blank\" data-element=\"shortcode-suno-banner\" title=\"Banner SUNO, clique e saiba mais\">\n\t\t\t<picture>\n\t\t\t\t<source media=\"(max-width: 500px)\" srcset=\"https:\/\/files.sunoresearch.com.br\/n\/uploads\/2024\/03\/400x300-Mobile-1.png\">\n\t\t\t\t<img class=\"newsContent__article__imgCapa newsContent__article__imgCapa--banner\"\n\t\t\t\t\tsrc=\"https:\/\/files.sunoresearch.com.br\/n\/uploads\/2024\/03\/1420-x-240-Desktop.png\"\n\t\t\t\t\tdata-promo-id=\"537299\"\t\t\t\t\t\t\t\t\t\twidth='1420' height='250'\t\t\t\t\talt=\"https:\/\/files.sunoresearch.com.br\/n\/uploads\/2024\/03\/1420-x-240-Desktop.png\"\n\t\t\t\t>\n\t\t\t<\/picture>\n\t\t<\/a>\n\t<\/p>\n\n\n<p>Duas empresas que participaram da reuni\u00e3o se cadastraram para regularizar seus servi\u00e7os. A <strong>Scoo,<\/strong> que tem uma frota de 300 patinetes, e a <strong>Flipon,<\/strong> que tem 250 patinetes.<\/p>\n<h2>Uso de capacetes e multas<\/h2>\n<p>Na reuni\u00e3o participaram oito empresas, que discutiram com o prefeito sobre o uso de capacetes e a aplica\u00e7\u00e3o de multas aplicadas para as empresas.<\/p>\n<p><a href=\"https:\/\/www.suno.com.br\/noticias\/yellow-tembici-bicicletas-bikes-eletricas-sao-paulo\/\">Saiba mais:\u00a0Yellow e Tembici lan\u00e7am bicicletas el\u00e9tricas em S\u00e3o Paulo neste m\u00eas<\/a><\/p>\n<p>Segundo <strong>Covas,<\/strong> as multas ser\u00e3o aplicadas pela <strong>Companhia de Engenharia de Tr\u00e2nsito (CET)<\/strong>. As empresas poder\u00e3o eventualmente repassar os valores aos usu\u00e1rios de patinetes. Elas tamb\u00e9m dever\u00e3o identificar os usu\u00e1rios a partir das infra\u00e7\u00f5es constatadas pela pr\u00f3pria CET. As regras definitivas dever\u00e3o ser publicadas em at\u00e9 30 dias.<\/p>\n<h2>Recolhimento de patinetes<\/h2>\n<p>Na \u00faltima quarta-feira (29) a <strong>Prefeitura<\/strong> come\u00e7ou a recolher 557 patinetes das ruas da cidade. A <strong>Grow<\/strong> denunciou que parte desses equipamentos foi danificada.<\/p>\n<p><a href=\"https:\/\/www.suno.com.br\/noticias\/yellow-e-grin-anunciam-fusao\/\">Saiba mais:\u00a0Yellow e Grin anunciam fus\u00e3o<\/a><\/p>\n<p>A prefeitura rebateu que a empresa n\u00e3o se cadastrou at\u00e9 a ter\u00e7a-feira (28) como operadora de transporte, e por isso sua situa\u00e7\u00e3o \u00e9 irregular.<\/p>\n<h2>Batalha judicial sobre os capacetes<\/h2>\n<p>Nessa sexta-feira (31) o <strong>Tribunal de Justi\u00e7a de S\u00e3o Paulo<\/strong> suspendeu a obrigatoriedade do uso de capacetes pelos usu\u00e1rios de patinetes el\u00e9tricas. A decis\u00e3o contrasta as regras impostas pela Prefeitura de S\u00e3o Paulo, e divulgadas no dia 13 de maio. O prefeito <strong>Covas<\/strong> disse que vai acatar a decis\u00e3o judicial.<\/p>\n\t<p>\n\t\t<a href=\"https:\/\/lp.suno.com.br\/ao\/sessao-estrategica-consultoria-c\/?utm_source=suno-noticias&#038;utm_medium=banner&#038;utm_campaing=dividendos-taxacao-pl\" target=\"_blank\" data-element=\"shortcode-suno-banner\" title=\"Banner SUNO, clique e saiba mais\">\n\t\t\t<picture>\n\t\t\t\t<source media=\"(max-width: 500px)\" srcset=\"https:\/\/files.sunoresearch.com.br\/n\/uploads\/2025\/09\/300x400.webp\">\n\t\t\t\t<img class=\"newsContent__article__imgCapa newsContent__article__imgCapa--banner\"\n\t\t\t\t\tsrc=\"https:\/\/files.sunoresearch.com.br\/n\/uploads\/2025\/09\/SN-DT-1420x240-1.webp\"\n\t\t\t\t\tdata-promo-id=\"628283\"\t\t\t\t\t\t\t\t\t\twidth='1420' height='240'\t\t\t\t\talt=\"https:\/\/files.sunoresearch.com.br\/n\/uploads\/2025\/09\/SN-DT-1420x240-1.webp\"\n\t\t\t\t>\n\t\t\t<\/picture>\n\t\t<\/a>\n\t<\/p>\n\n\n<p>A decis\u00e3o de segunda inst\u00e2ncia, todavia, continua proibindo a circula\u00e7\u00e3o de <strong>patinetes<\/strong> em cal\u00e7adas. Al\u00e9m disso, os ju\u00edzes salientaram que os usu\u00e1rios devem ser advertidos dos riscos da atividade sem o equipamento de prote\u00e7\u00e3o.<\/p>\n","protected":false},"excerpt":{"rendered":"<p>A Prefeitura de S\u00e3o Paulo decidiu impedir que a a Grow participasse de uma reuni\u00e3o nesta sexta-feira (31). A maior operadora de patinetes da capital paulista, dona das marcas Grin e Yellow, n\u00e3o foi admitida na reuni\u00e3o durante a qual foram discutidas as regras do uso desses equipamentos. Exclusivo: Grow enfrenta crise no comando e [&hellip;]<\/p>\n","protected":false},"author":9,"featured_media":26867,"comment_status":"closed","ping_status":"closed","sticky":false,"template":"","format":"standard","meta":[],"categories":[64],"tags":[1054,1053,1056,843,1052],"suno_strategy":[],"class_list":["post-26864","post","type-post","status-publish","format-standard","has-post-thumbnail","hentry","category-negocios","tag-grin","tag-grow","tag-patinetes","tag-sao-paulo","tag-yellow"],"yoast_head":"<!-- This site is optimized with the Yoast SEO plugin v24.4 - https:\/\/yoast.com\/wordpress\/plugins\/seo\/ -->\n<title>Prefeitura de S\u00e3o Paulo barra Grow em reuni\u00e3o sobre patinetes<\/title>\n<meta name=\"description\" content=\"A Prefeitura de S\u00e3o Paulo impediu que a a Grow participasse de uma reuni\u00e3o para discutir regras sobre patinentes. Clique aqui e saiba mais.\" \/>\n<meta name=\"robots\" content=\"index, follow, max-snippet:-1, max-image-preview:large, max-video-preview:-1\" \/>\n<link rel=\"canonical\" href=\"https:\/\/www.suno.com.br\/noticias\/prefeitura-barra-grow-patinetes\/\" \/>\n<meta property=\"og:locale\" content=\"pt_BR\" \/>\n<meta property=\"og:type\" content=\"article\" \/>\n<meta property=\"og:title\" content=\"Prefeitura de S\u00e3o Paulo barra Grow em reuni\u00e3o sobre patinetes\" \/>\n<meta property=\"og:description\" content=\"A Prefeitura de S\u00e3o Paulo impediu que a a Grow participasse de uma reuni\u00e3o para discutir regras sobre patinentes. Clique aqui e saiba mais.\" \/>\n<meta property=\"og:url\" content=\"https:\/\/www.suno.com.br\/noticias\/prefeitura-barra-grow-patinetes\/\" \/>\n<meta property=\"og:site_name\" content=\"Suno Not\u00edcias\" \/>\n<meta property=\"article:publisher\" content=\"https:\/\/facebook.com\/sunoresearch\" \/>\n<meta property=\"og:image\" content=\"https:\/\/files.sunoresearch.com.br\/n\/uploads\/2019\/05\/a097430d-patinetes.jpg\" \/>\n\t<meta property=\"og:image:width\" content=\"700\" \/>\n\t<meta property=\"og:image:height\" content=\"467\" \/>\n\t<meta property=\"og:image:type\" content=\"image\/jpeg\" \/>\n<meta name=\"author\" content=\"Carlo Cauti\" \/>\n<meta name=\"twitter:card\" content=\"summary_large_image\" \/>\n<meta name=\"twitter:creator\" content=\"@sunoresearch\" \/>\n<meta name=\"twitter:site\" content=\"@sunoresearch\" \/>\n<meta name=\"twitter:label1\" content=\"Escrito por\" \/>\n\t<meta name=\"twitter:data1\" content=\"Carlo Cauti\" \/>\n\t<meta name=\"twitter:label2\" content=\"Est. tempo de leitura\" \/>\n\t<meta name=\"twitter:data2\" content=\"3 minutos\" \/>\n<script type=\"application\/ld+json\" class=\"yoast-schema-graph\">{\"@context\":\"https:\/\/schema.org\",\"@graph\":[{\"@type\":\"NewsArticle\",\"@id\":\"https:\/\/www.suno.com.br\/noticias\/prefeitura-barra-grow-patinetes\/#article\",\"isPartOf\":{\"@id\":\"https:\/\/www.suno.com.br\/noticias\/prefeitura-barra-grow-patinetes\/\"},\"author\":{\"name\":\"Carlo Cauti\",\"@id\":\"https:\/\/www.suno.com.br\/noticias\/#\/schema\/person\/e6e0f723cc177805027f4566c1d5e0c8\"},\"headline\":\"Prefeitura de S\u00e3o Paulo barra Grow em reuni\u00e3o sobre patinetes\",\"datePublished\":\"2019-05-31T23:16:21+00:00\",\"mainEntityOfPage\":{\"@id\":\"https:\/\/www.suno.com.br\/noticias\/prefeitura-barra-grow-patinetes\/\"},\"wordCount\":577,\"publisher\":{\"@id\":\"https:\/\/www.suno.com.br\/noticias\/#organization\"},\"image\":{\"@id\":\"https:\/\/www.suno.com.br\/noticias\/prefeitura-barra-grow-patinetes\/#primaryimage\"},\"thumbnailUrl\":\"https:\/\/files.sunoresearch.com.br\/n\/uploads\/2019\/05\/a097430d-patinetes.jpg\",\"keywords\":[\"Grin\",\"Grow\",\"patinetes\",\"S\u00e3o Paulo\",\"Yellow\"],\"articleSection\":[\"Neg\u00f3cios\"],\"inLanguage\":\"pt-BR\"},{\"@type\":\"WebPage\",\"@id\":\"https:\/\/www.suno.com.br\/noticias\/prefeitura-barra-grow-patinetes\/\",\"url\":\"https:\/\/www.suno.com.br\/noticias\/prefeitura-barra-grow-patinetes\/\",\"name\":\"Prefeitura de S\u00e3o Paulo barra Grow em reuni\u00e3o sobre patinetes\",\"isPartOf\":{\"@id\":\"https:\/\/www.suno.com.br\/noticias\/#website\"},\"primaryImageOfPage\":{\"@id\":\"https:\/\/www.suno.com.br\/noticias\/prefeitura-barra-grow-patinetes\/#primaryimage\"},\"image\":{\"@id\":\"https:\/\/www.suno.com.br\/noticias\/prefeitura-barra-grow-patinetes\/#primaryimage\"},\"thumbnailUrl\":\"https:\/\/files.sunoresearch.com.br\/n\/uploads\/2019\/05\/a097430d-patinetes.jpg\",\"datePublished\":\"2019-05-31T23:16:21+00:00\",\"description\":\"A Prefeitura de S\u00e3o Paulo impediu que a a Grow participasse de uma reuni\u00e3o para discutir regras sobre patinentes. Clique aqui e saiba mais.\",\"breadcrumb\":{\"@id\":\"https:\/\/www.suno.com.br\/noticias\/prefeitura-barra-grow-patinetes\/#breadcrumb\"},\"inLanguage\":\"pt-BR\",\"potentialAction\":[{\"@type\":\"ReadAction\",\"target\":[\"https:\/\/www.suno.com.br\/noticias\/prefeitura-barra-grow-patinetes\/\"]}]},{\"@type\":\"ImageObject\",\"inLanguage\":\"pt-BR\",\"@id\":\"https:\/\/www.suno.com.br\/noticias\/prefeitura-barra-grow-patinetes\/#primaryimage\",\"url\":\"https:\/\/files.sunoresearch.com.br\/n\/uploads\/2019\/05\/a097430d-patinetes.jpg\",\"contentUrl\":\"https:\/\/files.sunoresearch.com.br\/n\/uploads\/2019\/05\/a097430d-patinetes.jpg\",\"width\":700,\"height\":467,\"caption\":\"Exclusivo: Grow enfrenta crise no comando e afasta SoftBank\"},{\"@type\":\"BreadcrumbList\",\"@id\":\"https:\/\/www.suno.com.br\/noticias\/prefeitura-barra-grow-patinetes\/#breadcrumb\",\"itemListElement\":[{\"@type\":\"ListItem\",\"position\":1,\"name\":\"Not\u00edcias\",\"item\":\"https:\/\/www.suno.com.br\/noticias\/\"},{\"@type\":\"ListItem\",\"position\":2,\"name\":\"Neg\u00f3cios\",\"item\":\"https:\/\/www.suno.com.br\/noticias\/negocios\/\"},{\"@type\":\"ListItem\",\"position\":3,\"name\":\"Prefeitura de S\u00e3o Paulo barra Grow em reuni\u00e3o sobre patinetes\"}]},{\"@type\":\"WebSite\",\"@id\":\"https:\/\/www.suno.com.br\/noticias\/#website\",\"url\":\"https:\/\/www.suno.com.br\/noticias\/\",\"name\":\"Suno Not\u00edcias\",\"description\":\"Seu portal de informa\u00e7\u00e3o sobre o mundo dos investimentos\",\"publisher\":{\"@id\":\"https:\/\/www.suno.com.br\/noticias\/#organization\"},\"potentialAction\":[{\"@type\":\"SearchAction\",\"target\":{\"@type\":\"EntryPoint\",\"urlTemplate\":\"https:\/\/www.suno.com.br\/noticias\/?s={search_term_string}\"},\"query-input\":{\"@type\":\"PropertyValueSpecification\",\"valueRequired\":true,\"valueName\":\"search_term_string\"}}],\"inLanguage\":\"pt-BR\"},{\"@type\":\"Organization\",\"@id\":\"https:\/\/www.suno.com.br\/noticias\/#organization\",\"name\":\"Suno Not\u00edcias\",\"url\":\"https:\/\/www.suno.com.br\/noticias\/\",\"logo\":{\"@type\":\"ImageObject\",\"inLanguage\":\"pt-BR\",\"@id\":\"https:\/\/www.suno.com.br\/noticias\/#\/schema\/logo\/image\/\",\"url\":\"https:\/\/files.sunoresearch.com.br\/n\/uploads\/2021\/09\/suno-logo.png\",\"contentUrl\":\"https:\/\/files.sunoresearch.com.br\/n\/uploads\/2021\/09\/suno-logo.png\",\"width\":180,\"height\":180,\"caption\":\"Suno Not\u00edcias\"},\"image\":{\"@id\":\"https:\/\/www.suno.com.br\/noticias\/#\/schema\/logo\/image\/\"},\"sameAs\":[\"https:\/\/facebook.com\/sunoresearch\",\"https:\/\/x.com\/sunoresearch\",\"https:\/\/www.instagram.com\/suno\",\"https:\/\/www.linkedin.com\/company\/suno-research\/\",\"https:\/\/www.youtube.com\/c\/sunoresearch\"]},{\"@type\":\"Person\",\"@id\":\"https:\/\/www.suno.com.br\/noticias\/#\/schema\/person\/e6e0f723cc177805027f4566c1d5e0c8\",\"name\":\"Carlo Cauti\",\"image\":{\"@type\":\"ImageObject\",\"inLanguage\":\"pt-BR\",\"@id\":\"https:\/\/www.suno.com.br\/noticias\/#\/schema\/person\/image\/\",\"url\":\"https:\/\/secure.gravatar.com\/avatar\/3ada9e0bd164c23abd4792a9606d583c?s=96&r=g\",\"contentUrl\":\"https:\/\/secure.gravatar.com\/avatar\/3ada9e0bd164c23abd4792a9606d583c?s=96&r=g\",\"caption\":\"Carlo Cauti\"},\"description\":\"Editor multim\u00eddia do SUNO Not\u00edcias. Italiano, formado em Ci\u00eancias Pol\u00edticas pela universidade LUISS G. Carli de Roma e mestre cum laude em Rela\u00e7\u00f5es Internacionais, Jornalismo Internacional e de Guerra e em Economia Internacional. Concluiu tamb\u00e9m um MBA em Finan\u00e7as na B3. No Brasil, teve passagem por ve\u00edculos como Estad\u00e3o, Globo, Veja e EXAME. e nas ag\u00eancias de not\u00edcias italianas ANSA e NOVA.\",\"url\":\"https:\/\/www.suno.com.br\/noticias\/author\/carlo-cauti\/\"}]}<\/script>\n<!-- \/ Yoast SEO plugin. -->","yoast_head_json":{"title":"Prefeitura de S\u00e3o Paulo barra Grow em reuni\u00e3o sobre patinetes","description":"A Prefeitura de S\u00e3o Paulo impediu que a a Grow participasse de uma reuni\u00e3o para discutir regras sobre patinentes. Clique aqui e saiba mais.","robots":{"index":"index","follow":"follow","max-snippet":"max-snippet:-1","max-image-preview":"max-image-preview:large","max-video-preview":"max-video-preview:-1"},"canonical":"https:\/\/www.suno.com.br\/noticias\/prefeitura-barra-grow-patinetes\/","og_locale":"pt_BR","og_type":"article","og_title":"Prefeitura de S\u00e3o Paulo barra Grow em reuni\u00e3o sobre patinetes","og_description":"A Prefeitura de S\u00e3o Paulo impediu que a a Grow participasse de uma reuni\u00e3o para discutir regras sobre patinentes. Clique aqui e saiba mais.","og_url":"https:\/\/www.suno.com.br\/noticias\/prefeitura-barra-grow-patinetes\/","og_site_name":"Suno Not\u00edcias","article_publisher":"https:\/\/facebook.com\/sunoresearch","og_image":[{"width":700,"height":467,"url":"https:\/\/files.sunoresearch.com.br\/n\/uploads\/2019\/05\/a097430d-patinetes.jpg","type":"image\/jpeg"}],"author":"Carlo Cauti","twitter_card":"summary_large_image","twitter_creator":"@sunoresearch","twitter_site":"@sunoresearch","twitter_misc":{"Escrito por":"Carlo Cauti","Est. tempo de leitura":"3 minutos"},"schema":{"@context":"https:\/\/schema.org","@graph":[{"@type":"NewsArticle","@id":"https:\/\/www.suno.com.br\/noticias\/prefeitura-barra-grow-patinetes\/#article","isPartOf":{"@id":"https:\/\/www.suno.com.br\/noticias\/prefeitura-barra-grow-patinetes\/"},"author":{"name":"Carlo Cauti","@id":"https:\/\/www.suno.com.br\/noticias\/#\/schema\/person\/e6e0f723cc177805027f4566c1d5e0c8"},"headline":"Prefeitura de S\u00e3o Paulo barra Grow em reuni\u00e3o sobre patinetes","datePublished":"2019-05-31T23:16:21+00:00","mainEntityOfPage":{"@id":"https:\/\/www.suno.com.br\/noticias\/prefeitura-barra-grow-patinetes\/"},"wordCount":577,"publisher":{"@id":"https:\/\/www.suno.com.br\/noticias\/#organization"},"image":{"@id":"https:\/\/www.suno.com.br\/noticias\/prefeitura-barra-grow-patinetes\/#primaryimage"},"thumbnailUrl":"https:\/\/files.sunoresearch.com.br\/n\/uploads\/2019\/05\/a097430d-patinetes.jpg","keywords":["Grin","Grow","patinetes","S\u00e3o Paulo","Yellow"],"articleSection":["Neg\u00f3cios"],"inLanguage":"pt-BR"},{"@type":"WebPage","@id":"https:\/\/www.suno.com.br\/noticias\/prefeitura-barra-grow-patinetes\/","url":"https:\/\/www.suno.com.br\/noticias\/prefeitura-barra-grow-patinetes\/","name":"Prefeitura de S\u00e3o Paulo barra Grow em reuni\u00e3o sobre patinetes","isPartOf":{"@id":"https:\/\/www.suno.com.br\/noticias\/#website"},"primaryImageOfPage":{"@id":"https:\/\/www.suno.com.br\/noticias\/prefeitura-barra-grow-patinetes\/#primaryimage"},"image":{"@id":"https:\/\/www.suno.com.br\/noticias\/prefeitura-barra-grow-patinetes\/#primaryimage"},"thumbnailUrl":"https:\/\/files.sunoresearch.com.br\/n\/uploads\/2019\/05\/a097430d-patinetes.jpg","datePublished":"2019-05-31T23:16:21+00:00","description":"A Prefeitura de S\u00e3o Paulo impediu que a a Grow participasse de uma reuni\u00e3o para discutir regras sobre patinentes. Clique aqui e saiba mais.","breadcrumb":{"@id":"https:\/\/www.suno.com.br\/noticias\/prefeitura-barra-grow-patinetes\/#breadcrumb"},"inLanguage":"pt-BR","potentialAction":[{"@type":"ReadAction","target":["https:\/\/www.suno.com.br\/noticias\/prefeitura-barra-grow-patinetes\/"]}]},{"@type":"ImageObject","inLanguage":"pt-BR","@id":"https:\/\/www.suno.com.br\/noticias\/prefeitura-barra-grow-patinetes\/#primaryimage","url":"https:\/\/files.sunoresearch.com.br\/n\/uploads\/2019\/05\/a097430d-patinetes.jpg","contentUrl":"https:\/\/files.sunoresearch.com.br\/n\/uploads\/2019\/05\/a097430d-patinetes.jpg","width":700,"height":467,"caption":"Exclusivo: Grow enfrenta crise no comando e afasta SoftBank"},{"@type":"BreadcrumbList","@id":"https:\/\/www.suno.com.br\/noticias\/prefeitura-barra-grow-patinetes\/#breadcrumb","itemListElement":[{"@type":"ListItem","position":1,"name":"Not\u00edcias","item":"https:\/\/www.suno.com.br\/noticias\/"},{"@type":"ListItem","position":2,"name":"Neg\u00f3cios","item":"https:\/\/www.suno.com.br\/noticias\/negocios\/"},{"@type":"ListItem","position":3,"name":"Prefeitura de S\u00e3o Paulo barra Grow em reuni\u00e3o sobre patinetes"}]},{"@type":"WebSite","@id":"https:\/\/www.suno.com.br\/noticias\/#website","url":"https:\/\/www.suno.com.br\/noticias\/","name":"Suno Not\u00edcias","description":"Seu portal de informa\u00e7\u00e3o sobre o mundo dos investimentos","publisher":{"@id":"https:\/\/www.suno.com.br\/noticias\/#organization"},"potentialAction":[{"@type":"SearchAction","target":{"@type":"EntryPoint","urlTemplate":"https:\/\/www.suno.com.br\/noticias\/?s={search_term_string}"},"query-input":{"@type":"PropertyValueSpecification","valueRequired":true,"valueName":"search_term_string"}}],"inLanguage":"pt-BR"},{"@type":"Organization","@id":"https:\/\/www.suno.com.br\/noticias\/#organization","name":"Suno Not\u00edcias","url":"https:\/\/www.suno.com.br\/noticias\/","logo":{"@type":"ImageObject","inLanguage":"pt-BR","@id":"https:\/\/www.suno.com.br\/noticias\/#\/schema\/logo\/image\/","url":"https:\/\/files.sunoresearch.com.br\/n\/uploads\/2021\/09\/suno-logo.png","contentUrl":"https:\/\/files.sunoresearch.com.br\/n\/uploads\/2021\/09\/suno-logo.png","width":180,"height":180,"caption":"Suno Not\u00edcias"},"image":{"@id":"https:\/\/www.suno.com.br\/noticias\/#\/schema\/logo\/image\/"},"sameAs":["https:\/\/facebook.com\/sunoresearch","https:\/\/x.com\/sunoresearch","https:\/\/www.instagram.com\/suno","https:\/\/www.linkedin.com\/company\/suno-research\/","https:\/\/www.youtube.com\/c\/sunoresearch"]},{"@type":"Person","@id":"https:\/\/www.suno.com.br\/noticias\/#\/schema\/person\/e6e0f723cc177805027f4566c1d5e0c8","name":"Carlo Cauti","image":{"@type":"ImageObject","inLanguage":"pt-BR","@id":"https:\/\/www.suno.com.br\/noticias\/#\/schema\/person\/image\/","url":"https:\/\/secure.gravatar.com\/avatar\/3ada9e0bd164c23abd4792a9606d583c?s=96&r=g","contentUrl":"https:\/\/secure.gravatar.com\/avatar\/3ada9e0bd164c23abd4792a9606d583c?s=96&r=g","caption":"Carlo Cauti"},"description":"Editor multim\u00eddia do SUNO Not\u00edcias. Italiano, formado em Ci\u00eancias Pol\u00edticas pela universidade LUISS G. Carli de Roma e mestre cum laude em Rela\u00e7\u00f5es Internacionais, Jornalismo Internacional e de Guerra e em Economia Internacional. Concluiu tamb\u00e9m um MBA em Finan\u00e7as na B3. No Brasil, teve passagem por ve\u00edculos como Estad\u00e3o, Globo, Veja e EXAME. e nas ag\u00eancias de not\u00edcias italianas ANSA e NOVA.","url":"https:\/\/www.suno.com.br\/noticias\/author\/carlo-cauti\/"}]}},"default_loop_html":"<div class=\"cardsPage__listCard__boxs\"><div class=\"cardsPage__listCard__boxs__img\"><a href=\"https:\/\/www.suno.com.br\/noticias\/prefeitura-barra-grow-patinetes\/\"><img class=\"mask\" src=\"https:\/\/www.suno.com.br\/noticias\/wp-content\/themes\/suno\/resources\/images\/spotlight\/spotlight1img\/bg-mask.png\" alt=\"Image Mask\"\/><img src=\"https:\/\/files.sunoresearch.com.br\/n\/uploads\/2019\/05\/a097430d-patinetes-400x200.webp\" alt=\"Prefeitura de S\u00e3o Paulo barra Grow em reuni\u00e3o sobre patinetes\"\/><\/a><span class=\"spotlightCategory\"><a href=\"https:\/\/www.suno.com.br\/noticias\/negocios\/\">Neg\u00f3cios<\/a><\/span><\/div><div class=\"cardsPage__listCard__boxs__content\"><a href=\"https:\/\/www.suno.com.br\/noticias\/prefeitura-barra-grow-patinetes\/\"><h2 class=\"content__title\">Prefeitura de S\u00e3o Paulo barra Grow em reuni\u00e3o sobre patinetes<\/h2><\/a><div class=\"newsContent__article__meta\"><div class=\"newsContent__article__meta__authorBox\"><a href=\"https:\/\/www.suno.com.br\/noticias\/author\/carlo-cauti\/\" class=\"authorBox__avatar noMobi\"><img src=\"https:\/\/files.sunoresearch.com.br\/n\/uploads\/2020\/08\/e3745f9a-perfil-carlo-cauti-150x150.webp\" alt=\"Carlo Cauti\"><\/a><div class=\"authorBox__name\"><span>por\n\t\t\t<a href=\"https:\/\/www.suno.com.br\/noticias\/author\/carlo-cauti\/\"><span itemprop=\"author\">Carlo Cauti<\/span><\/a><\/span><time datetime=\"2019-05-31T20:16:21-03:00\" itemprop=\"datePublished\">31\/05\/2019 20:16<\/time><\/div><\/div><\/div><\/div><\/div>","single_layout":"posts","amp_enabled":true,"_links":{"self":[{"href":"https:\/\/www.suno.com.br\/noticias\/wp-json\/wp\/v2\/posts\/26864"}],"collection":[{"href":"https:\/\/www.suno.com.br\/noticias\/wp-json\/wp\/v2\/posts"}],"about":[{"href":"https:\/\/www.suno.com.br\/noticias\/wp-json\/wp\/v2\/types\/post"}],"author":[{"embeddable":true,"href":"https:\/\/www.suno.com.br\/noticias\/wp-json\/wp\/v2\/users\/9"}],"replies":[{"embeddable":true,"href":"https:\/\/www.suno.com.br\/noticias\/wp-json\/wp\/v2\/comments?post=26864"}],"version-history":[{"count":0,"href":"https:\/\/www.suno.com.br\/noticias\/wp-json\/wp\/v2\/posts\/26864\/revisions"}],"wp:featuredmedia":[{"embeddable":true,"href":"https:\/\/www.suno.com.br\/noticias\/wp-json\/wp\/v2\/media\/26867"}],"wp:attachment":[{"href":"https:\/\/www.suno.com.br\/noticias\/wp-json\/wp\/v2\/media?parent=26864"}],"wp:term":[{"taxonomy":"category","embeddable":true,"href":"https:\/\/www.suno.com.br\/noticias\/wp-json\/wp\/v2\/categories?post=26864"},{"taxonomy":"post_tag","embeddable":true,"href":"https:\/\/www.suno.com.br\/noticias\/wp-json\/wp\/v2\/tags?post=26864"},{"taxonomy":"suno_strategy","embeddable":true,"href":"https:\/\/www.suno.com.br\/noticias\/wp-json\/wp\/v2\/suno_strategy?post=26864"}],"curies":[{"name":"wp","href":"https:\/\/api.w.org\/{rel}","templated":true}]}}