{"id":268515,"date":"2022-06-17T19:52:44","date_gmt":"2022-06-17T22:52:44","guid":{"rendered":"https:\/\/www.suno.com.br\/noticias\/?p=268515"},"modified":"2022-06-17T19:52:44","modified_gmt":"2022-06-17T22:52:44","slug":"petrobras-petr4-congelamento-precos","status":"publish","type":"post","link":"https:\/\/www.suno.com.br\/noticias\/petrobras-petr4-congelamento-precos\/","title":{"rendered":"Conselheiro da Petrobras (PETR4) sugere congelar pre\u00e7os de combust\u00edveis por 45 dias"},"content":{"rendered":"<p>Membro do <a class=\"suno-keyword\" href=\"https:\/\/www.suno.com.br\/artigos\/conselho-administracao\/\" target=\"_blank\" rel=\"noopener\" data-force=\"no\" data-priority=\"1\">Conselho de Administra\u00e7\u00e3o<\/a> da\u00a0<strong>Petrobras<\/strong> (<a href=\"https:\/\/www.suno.com.br\/acoes\/petr4\/\">PETR4<\/a>), Francisco Petros prop\u00f4s o congelamento de pre\u00e7o dos combust\u00edveis por 45 dias como &#8220;solu\u00e7\u00e3o&#8221; para o panorama atual, que teve hoje novo reajuste <a href=\"https:\/\/www.suno.com.br\/noticias\/petrobras-petr4-anuncia-alta-gasolina-diesel-acoes-despencam\/\">anunciado pela estatal<\/a>. As informa\u00e7\u00f5es s\u00e3o do jornal Valor Econ\u00f4mico. O executivo pretende estimular uma solu\u00e7\u00e3o conciliat\u00f3ria: o aumento resultou numa crise entre a estatal e o governo federal e aliados no Congresso. O presidente Jair Bolsonaro sugeriu uma CPI da Petrobras. O presidente da C\u00e2mara Arthur Lira (PP-AL) quer que seja elevada a <a href=\"https:\/\/www.suno.com.br\/noticias\/presidente-petrobras-petr4-governo-reajuste\/\">taxa\u00e7\u00e3o sobre os lucros da empresa<\/a>.<\/p><div class=\"videoFull \">\n\t\t\t<div class=\"videoWrapper yt-lazyload center\"\n\t\t\t\tdata-width=\"960\"\n\t\t\t\tdata-height=\"540\"\n\t\t\t\tdata-id=\"gWvoi6qJhbk\"\n\t\t\t\tdata-alt=\"V\u00eddeo do YouTube - clique para reproduzir\"\n\t\t\t\tdata-logo=\"3\"\n\t\t\t\tdata-imagequality=\"maxres\">\n\t\t\t<\/div>\n\t\t<\/div><script type=\"application\/ld+json\">{\"@context\":\"https:\/\/schema.org\",\"@type\":\"VideoObject\",\"name\":\"Governo pressiona Petrobras e quer passar PEC dos combust\u00edveis\",\"description\":\"#PETROBRAS #BOLSONARO #PETR4 #PETRO Governo pressiona Petrobras e quer passar PEC dos combust\u00edveis #macroeconomia #investimentos \ud83d\udcca \ud835\udc00\ud835\udc29\ud835\udc2b\ud835\udc1e\ud835\udc27\ud835\udc1d\ud835\udc1a \ud835\udc1c\ud835\udc28\ud835\udc26\ud835\udc28 \ud835\udc1a\ud835\udc27\ud835\udc1a\ud835\udc25\ud835\udc22\ud835\udc2c\ud835\udc1a\ud835\udc2b \ud835\udc2e\ud835\udc26\ud835\udc1a \ud835\udc1a\u00e7\u00e3\ud835\udc28 [\ud835\udc04\ud835\udc01\ud835\udc0e\ud835\udc0e\ud835\udc0a \ud835\udc06\ud835\udc11\ud835\udc00\ud835\udc13\ud835\udc14\ud835\udc08\ud835\udc13\ud835\udc0e] \ud83d\udc49 https:\/\/lp.suno.com.br\/ebook-como-analisar-uma-acao\/?utm_source=youtube.noticias&utm_medium=video&utm_campaign=ebookcomoanalisarumaacao.20220307&utm_content= \ud83d\udcda [\ud835\udc04-\ud835\udc1b\ud835\udc28\ud835\udc28\ud835\udc24 \ud835\udc06\ud835\udc2b\ud835\udc1a\ud835\udc2d\ud835\udc2e\ud835\udc22\ud835\udc2d\ud835\udc28] \ud835\udc06\ud835\udc2e\ud835\udc22\ud835\udc1a \ud835\udc02\ud835\udc28\ud835\udc26\ud835\udc29\ud835\udc25\ud835\udc1e\ud835\udc2d\ud835\udc28: \ud835\udc03\ud835\udc22\ud835\udc2f\ud835\udc22\ud835\udc1d\ud835\udc1e\ud835\udc27\ud835\udc1d\ud835\udc28\ud835\udc2c: https:\/\/lp.suno.com.br\/lm\/ebook\/guia-completo-dividendos\/?utm_source=youtube.noticias&utm_medium=video&utm_campaign=ebook-guiacompleto:dividendos.20220315&utm_content= \ud83d\udcda [\ud835\udc04-\ud835\udc1b\ud835\udc28\ud835\udc28\ud835\udc24 \ud835\udc06\ud835\udc2b\ud835\udc1a\ud835\udc2d\ud835\udc2e\ud835\udc22\ud835\udc2d\ud835\udc28] \ud835\udde7\ud835\udde8\ud835\uddd7\ud835\udde2 \ud835\udde6\ud835\udde2\ud835\uddd5\ud835\udde5\ud835\uddd8 \ud835\udde5\ud835\uddd8\ud835\udde1\ud835\uddd7\ud835\uddd4 \ud835\uddd9\ud835\udddc\ud835\uddeb\ud835\uddd4 \ud83d\udc49 https:\/\/lp.suno.com.br\/lm\/ebook\/renda-fixa\/?utm_source=youtube.noticias&utm_medium=video&utm_campaign=ebook:rendafixa.20220411 \ud83d\udc47 \ud835\udc12\ud835\udc22\ud835\udc20\ud835\udc1a \ud835\udc27\ud835\udc28\ud835\udc2c\ud835\udc2c\ud835\udc1a\ud835\udc2c \ud835\udc2b\ud835\udc1e\ud835\udc1d\ud835\udc1e\ud835\udc2c \ud835\udc2c\ud835\udc28\ud835\udc1c\ud835\udc22\ud835\udc1a\ud835\udc22\ud835\udc2c: Portal Suno Not\u00edcias: https:\/\/www.suno.com.br\/noticias\/ Twitter: https:\/\/twitter.com\/sunonoticias Instagram: https:\/\/www.instagram.com\/sunonoticias\/ Telegram:\u2026\",\"duration\":\"PT12M41S\",\"embedUrl\":\"https:\/\/www.youtube.com\/embed\/gWvoi6qJhbk\",\"regionsAllowed\":\"pt-BR\",\"interactionStatistic\":{\"@type\":\"InteractionCounter\",\"interactionType\":{\"@type\":\"WatchAction\"},\"userInteractionCount\":2303},\"thumbnailUrl\":\"https:\/\/i.ytimg.com\/vi\/gWvoi6qJhbk\/default.jpg\",\"uploadDate\":\"2022-06-17T12:00:22Z\"}<\/script>\n\n\t<p>\n\t\t<a href=\"\" target=\"_blank\" data-element=\"shortcode-suno-banner\" title=\"Banner SUNO, clique e saiba mais\">\n\t\t\t<picture>\n\t\t\t\t<source media=\"(max-width: 500px)\" srcset=\"\">\n\t\t\t\t<img class=\"newsContent__article__imgCapa newsContent__article__imgCapa--banner\"\n\t\t\t\t\tsrc=\"\"\n\t\t\t\t\tdata-promo-id=\"254218\"\t\t\t\t\t\t\t\t\t\t\t\t\t\t\talt=\"\"\n\t\t\t\t>\n\t\t\t<\/picture>\n\t\t<\/a>\n\t<\/p>\n\n\n<p>Depois de reajustar o <strong>pre\u00e7o da gasolina<\/strong> em 5,18% e o diesel em 14,2% (varia\u00e7\u00f5es nos valores de repasse \u00e0s refinarias), a Petrobras formou um grupo de trabalho que inclui membros da empresa, especialistas do mercado de combust\u00edveis e integrantes do governo para criar uma &#8216;f\u00f3rmula de reajuste&#8217;.<\/p>\n<p>A press\u00e3o dos chefes do executivo e do legislativo marcou o dia depois do an\u00fancio do aumento dos pre\u00e7os dos combust\u00edveis. Os dois reiteraram cr\u00edticas que vinham fazendo \u00e0 petroleira em fun\u00e7\u00e3o das altas de pre\u00e7os, apontados como motivos para a perda do capital pol\u00edtico em meio ao ano eleitoral.<\/p>\n<p>Essa proposta de\u00a0<strong>congelamento de pre\u00e7os<\/strong> tamb\u00e9m implicaria em uma redu\u00e7\u00e3o das interfer\u00eancias do Planalto na Petrobras. Com isso, o Governo Federal teria de se comprometer em retirar a sua atual indica\u00e7\u00e3o ao cargo de <strong>presidente da Petrobras<\/strong> &#8211;\u00a0j\u00e1 que recentemente o secret\u00e1rio de desestatiza\u00e7\u00e3o do <a class=\"suno-keyword\" href=\"https:\/\/www.suno.com.br\/artigos\/ministerio-da-economia\/\" target=\"_blank\" rel=\"noopener\" data-force=\"no\" data-priority=\"3\">Minist\u00e9rio da Economia<\/a>, Caio Paes de Andrade, foi indicado como o escolhido para substituir o atual presidente, Jos\u00e9 Mauro Coelho.<\/p>\n\n\t<div data-element=\"shortcode-read-more\" class=\"readToo\">\n\t\t\t\t<span class=\"readToo__title\">Leia mais<\/span>\n\t\t\t\t<ul class=\"readToo__list\">\n\t\t\t<li><a href=\"https:\/\/www.suno.com.br\/noticias\/ibovespa-hoje-fechamento-17062022\/\">Ibovespa despenca 2,90% e perde os 100 mil pontos; Petrobras (PETR4) cai 6%<\/a><\/li><li><a href=\"https:\/\/www.suno.com.br\/noticias\/petrobras-petr4-bolsonaro-cpi-rejuste-incocebivel\/\">Bolsonaro sugere cria\u00e7\u00e3o de CPI da Petrobras (PETR4): &#8220;Reajuste \u00e9 inconceb\u00edvel&#8221;<\/a><\/li><li><a href=\"https:\/\/www.suno.com.br\/noticias\/petrobras-petr4-reajuste-defasagem-acoes-atrativas\/\">Petrobras (PETR4): a\u00e7\u00f5es seguem atrativas, apesar da queda de hoje, diz banco; entenda por qu\u00ea<\/a><\/li><li><a href=\"https:\/\/www.suno.com.br\/noticias\/petrobras-petr4-anuncia-alta-gasolina-diesel-acoes-despencam\/\">Petrobras (PETR4) anuncia alta de 5,2% na gasolina e 14,2% no diesel; a\u00e7\u00f5es despencam<\/a><\/li>\t\t<\/ul>\n\t<\/div>\n\n\n<p>A proposta de Petros teve como &#8216;alvo&#8217; Coelho e os ministros das Minas e Energia, Adolfo Sachsida, e da Casa Civil, Ciro Nogueira. O <strong>conselheiro da Petrobras<\/strong> foi eleito em assembleia pelos detentores de <a class=\"suno-keyword\" href=\"https:\/\/www.suno.com.br\/artigos\/o-que-sao-acoes-ordinarias-preferenciais-e-units\/\" target=\"_blank\" rel=\"noopener\" data-force=\"no\" data-priority=\"1\">a\u00e7\u00f5es ordin\u00e1rias<\/a> da companhia (PETR3), e deve permanecer no seu cargo at\u00e9 meados de abril de 2024.<\/p>\n<p>Segundo apura\u00e7\u00e3o do jornal Valor Econ\u00f4mico, Petros reconhece em carta que existem dificuldades do governo em lidar com a volatilidade no mercado internacional, com as oscila\u00e7\u00f5es recentes da <a class=\"suno-keyword\" href=\"https:\/\/www.suno.com.br\/artigos\/cotacao-do-petroleo\/\" target=\"_blank\" rel=\"noopener\" data-force=\"no\" data-priority=\"1\">cota\u00e7\u00e3o do petr\u00f3leo<\/a>.<\/p>\n<p>No documento, tamb\u00e9m teceu elogios \u00e0s recentes propostas que apontam a redu\u00e7\u00e3o de tributos sob o combust\u00edvel como forma de baratear &#8211; ou de &#8216;amenizar&#8217; as altas da gasolina e do diesel. Apesar disso, destacou que essas propostas n\u00e3o s\u00e3o suficientes para conter o impacto atual na cadeia produtiva da companhia.<\/p>\n\t<p>\n\t\t<a href=\"https:\/\/lp.suno.com.br\/planilha-controle-gastos\/\" target=\"_blank\" data-element=\"shortcode-suno-banner\" title=\"Banner SUNO, clique e saiba mais\">\n\t\t\t<picture>\n\t\t\t\t<source media=\"(max-width: 500px)\" srcset=\"https:\/\/files.sunoresearch.com.br\/n\/uploads\/2023\/03\/400x300-Planilha-controle-de-gastos.png\">\n\t\t\t\t<img class=\"newsContent__article__imgCapa newsContent__article__imgCapa--banner\"\n\t\t\t\t\tsrc=\"https:\/\/files.sunoresearch.com.br\/n\/uploads\/2023\/03\/1420x240-Planilha-controle-de-gastos.png\"\n\t\t\t\t\tdata-promo-id=\"101751\"\t\t\t\t\t\t\t\t\t\twidth='1420' height='240'\t\t\t\t\talt=\"https:\/\/files.sunoresearch.com.br\/n\/uploads\/2023\/03\/1420x240-Planilha-controle-de-gastos.png\"\n\t\t\t\t>\n\t\t\t<\/picture>\n\t\t<\/a>\n\t<\/p>\n\n\n<p>Segundo o conselheiro, a &#8216;fun\u00e7\u00e3o social da Petrobras&#8217; deve ser exercida.<\/p>\n<p>&#8220;H\u00e1 uma not\u00e1vel incompreens\u00e3o sobre a necessidade concreta de a Petrobras praticar pre\u00e7os que permitam a manuten\u00e7\u00e3o do abastecimento em um ambiente de higidez do funcionamento do mercado, a rentabilidade de seus ativos, o pagamento de tributos e a obten\u00e7\u00e3o de seus resultados, destinados inclusive \u00e0 Uni\u00e3o Federal em volumosos <a class=\"suno-keyword\" href=\"https:\/\/www.suno.com.br\/guias\/dividendos\/\" target=\"_blank\" rel=\"noopener\" data-force=\"no\" data-priority=\"1\">dividendos<\/a>&#8220;, diz a carta.<\/p>\n<h2>Lira aumenta riscos de interven\u00e7\u00e3o na Petrobras<\/h2>\n<p>Nesse contexto, as <strong>a\u00e7\u00f5es da Petrobras<\/strong> ca\u00edram 6% no preg\u00e3o desta sexta (17), chegando ao &#8216;fundo&#8217; de 10% no intradia.<\/p>\n<p>Analistas apontam que subiu o risco pol\u00edtico, em ano eleitoral. O chefe do Congresso chegou a amea\u00e7ar dobrar a Contribui\u00e7\u00e3o Social sobre o <a class=\"suno-keyword\" href=\"https:\/\/www.suno.com.br\/artigos\/lucro-liquido\/\" target=\"_blank\" rel=\"noopener\" data-force=\"no\" data-priority=\"1\">Lucro L\u00edquido<\/a> (CSLL) da Petrobras para financiar caminhoneiros e motoristas de aplicativos, o que afetaria diretamente o <a class=\"suno-keyword\" href=\"https:\/\/www.suno.com.br\/artigos\/resultado-financeiro\/\" target=\"_blank\" rel=\"noopener\" data-force=\"no\" data-priority=\"1\">resultado financeiro<\/a> da estatal.<\/p>\n\t<p>\n\t\t<a href=\"https:\/\/lp.suno.com.br\/planilha-da-vida-financeira\/\" target=\"_blank\" data-element=\"shortcode-suno-banner\" title=\"Banner SUNO, clique e saiba mais\">\n\t\t\t<picture>\n\t\t\t\t<source media=\"(max-width: 500px)\" srcset=\"https:\/\/files.sunoresearch.com.br\/n\/uploads\/2023\/04\/400x300-Planilha-vida-financeira-true.png\">\n\t\t\t\t<img class=\"newsContent__article__imgCapa newsContent__article__imgCapa--banner\"\n\t\t\t\t\tsrc=\"https:\/\/files.sunoresearch.com.br\/n\/uploads\/2023\/04\/1420x240-Planilha-vida-financeira-true.png\"\n\t\t\t\t\tdata-promo-id=\"106682\"\t\t\t\t\t\t\t\t\t\twidth='1420' height='240'\t\t\t\t\talt=\"https:\/\/files.sunoresearch.com.br\/n\/uploads\/2023\/04\/1420x240-Planilha-vida-financeira-true.png\"\n\t\t\t\t>\n\t\t\t<\/picture>\n\t\t<\/a>\n\t<\/p>\n\n\n<p>Al\u00e9m disso,\u00a0<strong>Lira<\/strong> vinculou, ainda nesta sexta (17), o reajuste de pre\u00e7o da Petrobras \u00e0 troca de presidente, dizendo que o reajuste poderia ser uma retalia\u00e7\u00e3o pela demiss\u00e3o de Coelho, ocorrida h\u00e1 poucas semanas.<\/p>\n<p>\u201cEstamos perplexos. O presidente da Petrobras, como retalia\u00e7\u00e3o pelo seu desligamento \u2013 n\u00e3o tenho d\u00favida disso -, aprovou o reajuste dos combust\u00edveis numa reuni\u00e3o convocada pela companhia \u00e0s pressas em pleno feriado. Est\u00e1 demitido pelo <a class=\"suno-keyword\" href=\"https:\/\/www.suno.com.br\/artigos\/acionista-majoritario\/\" target=\"_blank\" rel=\"noopener\" data-force=\"no\" data-priority=\"1\">acionista majorit\u00e1rio<\/a>, que \u00e9 o Brasil. Ele j\u00e1 poderia ter entregado seu cargo. Est\u00e1 postergando sua sa\u00edda como forma de talvez massacrar pela sua demiss\u00e3o\u201d, <a href=\"https:\/\/www.suno.com.br\/noticias\/presidente-petrobras-petr4-governo-reajuste\/\">afirmou o parlamentar, em entrevista \u00e0 GloboNews<\/a>.<\/p>\n\t<p>\n\t\t<a href=\"https:\/\/lp.suno.com.br\/ebook-como-analisar-uma-acao\/\" target=\"_blank\" data-element=\"shortcode-suno-banner\" title=\"Banner SUNO, clique e saiba mais\">\n\t\t\t<picture>\n\t\t\t\t<source media=\"(max-width: 500px)\" srcset=\"https:\/\/files.sunoresearch.com.br\/n\/uploads\/2023\/03\/Ebook-Acoes-Mobile-1.jpg\">\n\t\t\t\t<img class=\"newsContent__article__imgCapa newsContent__article__imgCapa--banner\"\n\t\t\t\t\tsrc=\"https:\/\/files.sunoresearch.com.br\/n\/uploads\/2023\/03\/Ebook-Acoes-Desktop-1.jpg\"\n\t\t\t\t\tdata-promo-id=\"171998\"\t\t\t\t\t\t\t\t\t\twidth='1420' height='286'\t\t\t\t\talt=\"https:\/\/files.sunoresearch.com.br\/n\/uploads\/2023\/03\/Ebook-Acoes-Desktop-1.jpg\"\n\t\t\t\t>\n\t\t\t<\/picture>\n\t\t<\/a>\n\t<\/p>\n\n\n<p>O presidente da C\u00e2mara tamb\u00e9m falou que iria abrir a \u201ccaixa-preta\u201d da estatal e fez amea\u00e7as de processo aos atuais diretores por causa dos reajustes.<\/p>\n<p>Al\u00e9m das falas de Lira, o ministro do <a href=\"https:\/\/portal.stf.jus.br\/\">Supremo Tribunal Federal (STF)<\/a> indicado por Bolsonaro, Andr\u00e9 Mendon\u00e7a, solicitou uma s\u00e9rie de documentos relativos aos \u00faltimos reajustes.<\/p>\n<p>O presidente da Rep\u00fablica, por sua vez, refor\u00e7ou a sugest\u00e3o pela abertura de uma Comiss\u00e3o Parlamentar de Inqu\u00e9rito (CPI) para investigar os reajustes. A fala vai de encontro \u00e0s \u00faltimas declara\u00e7\u00f5es de Bolsonaro, repletas de cr\u00edticas diretas ao lucro da Petrobras.<\/p>\n<p>Vale frisar que, para uma eventual interven\u00e7\u00e3o na <strong>Petrobras<\/strong> &#8211; como as citadas por Lira &#8211; seria necess\u00e1rio uma altera\u00e7\u00e3o dr\u00e1stica na Lei das Estatais, a normativa que &#8216;blinda&#8217; as estatais de interfer\u00eancias por meio de regras de governan\u00e7a.<\/p>\n\t<p>\n\t\t<a href=\"https:\/\/lp.suno.com.br\/planilha-de-controle-de-investimentos\/\" target=\"_blank\" data-element=\"shortcode-suno-banner\" title=\"Banner SUNO, clique e saiba mais\">\n\t\t\t<picture>\n\t\t\t\t<source media=\"(max-width: 500px)\" srcset=\"https:\/\/files.sunoresearch.com.br\/n\/uploads\/2023\/03\/400x300-Controle-de-Investimentos.png\">\n\t\t\t\t<img class=\"newsContent__article__imgCapa newsContent__article__imgCapa--banner\"\n\t\t\t\t\tsrc=\"https:\/\/files.sunoresearch.com.br\/n\/uploads\/2023\/03\/1420x240-Controle-de-Investimentos.png\"\n\t\t\t\t\tdata-promo-id=\"75934\"\t\t\t\t\t\t\t\t\t\twidth='1420' height='240'\t\t\t\t\talt=\"https:\/\/files.sunoresearch.com.br\/n\/uploads\/2023\/03\/1420x240-Controle-de-Investimentos.png\"\n\t\t\t\t>\n\t\t\t<\/picture>\n\t\t<\/a>\n\t<\/p>\n\n\n","protected":false},"excerpt":{"rendered":"<p>Membro do Conselho de Administra\u00e7\u00e3o da\u00a0Petrobras (PETR4), Francisco Petros prop\u00f4s o congelamento de pre\u00e7o dos combust\u00edveis por 45 dias como &#8220;solu\u00e7\u00e3o&#8221; para o panorama atual, que teve hoje novo reajuste anunciado pela estatal. As informa\u00e7\u00f5es s\u00e3o do jornal Valor Econ\u00f4mico. O executivo pretende estimular uma solu\u00e7\u00e3o conciliat\u00f3ria: o aumento resultou numa crise entre a estatal [&hellip;]<\/p>\n","protected":false},"author":73,"featured_media":244077,"comment_status":"closed","ping_status":"closed","sticky":false,"template":"","format":"standard","meta":[],"categories":[62,61],"tags":[104858,719,2426,595],"suno_strategy":[],"class_list":["post-268515","post","type-post","status-publish","format-standard","has-post-thumbnail","hentry","category-economia","category-politica","tag-arthur-lira","tag-jair-bolsonaro","tag-petr3","tag-petrobras-petr4"],"yoast_head":"<!-- This site is optimized with the Yoast SEO plugin v24.4 - https:\/\/yoast.com\/wordpress\/plugins\/seo\/ -->\n<title>Conselheiro da Petrobras (PETR4) sugere congelar pre\u00e7os por 45 dias<\/title>\n<meta name=\"description\" content=\"Proposta de Francisco Petros sobre reajuste de combust\u00edveis vem em meio \u00e0s cr\u00edticas de Bolsonaro e Lira \u00e0 Petrobras. Clique e confira!\" \/>\n<meta name=\"robots\" content=\"index, follow, max-snippet:-1, max-image-preview:large, max-video-preview:-1\" \/>\n<link rel=\"canonical\" href=\"https:\/\/www.suno.com.br\/noticias\/petrobras-petr4-congelamento-precos\/\" \/>\n<meta property=\"og:locale\" content=\"pt_BR\" \/>\n<meta property=\"og:type\" content=\"article\" \/>\n<meta property=\"og:title\" content=\"Conselheiro da Petrobras (PETR4) sugere congelar pre\u00e7os por 45 dias\" \/>\n<meta property=\"og:description\" content=\"Proposta de Francisco Petros sobre reajuste de combust\u00edveis vem em meio \u00e0s cr\u00edticas de Bolsonaro e Lira \u00e0 Petrobras. Clique e confira!\" \/>\n<meta property=\"og:url\" content=\"https:\/\/www.suno.com.br\/noticias\/petrobras-petr4-congelamento-precos\/\" \/>\n<meta property=\"og:site_name\" content=\"Suno Not\u00edcias\" \/>\n<meta property=\"article:publisher\" content=\"https:\/\/facebook.com\/sunoresearch\" \/>\n<meta property=\"og:image\" content=\"https:\/\/files.sunoresearch.com.br\/n\/uploads\/2022\/03\/Conteudo25449-scaled.jpg\" \/>\n\t<meta property=\"og:image:width\" content=\"2560\" \/>\n\t<meta property=\"og:image:height\" content=\"1703\" \/>\n\t<meta property=\"og:image:type\" content=\"image\/jpeg\" \/>\n<meta name=\"author\" content=\"Eduardo Vargas\" \/>\n<meta name=\"twitter:card\" content=\"summary_large_image\" \/>\n<meta name=\"twitter:creator\" content=\"@sunoresearch\" \/>\n<meta name=\"twitter:site\" content=\"@sunoresearch\" \/>\n<meta name=\"twitter:label1\" content=\"Escrito por\" \/>\n\t<meta name=\"twitter:data1\" content=\"Eduardo Vargas\" \/>\n\t<meta name=\"twitter:label2\" content=\"Est. tempo de leitura\" \/>\n\t<meta name=\"twitter:data2\" content=\"4 minutos\" \/>\n<script type=\"application\/ld+json\" class=\"yoast-schema-graph\">{\"@context\":\"https:\/\/schema.org\",\"@graph\":[{\"@type\":\"NewsArticle\",\"@id\":\"https:\/\/www.suno.com.br\/noticias\/petrobras-petr4-congelamento-precos\/#article\",\"isPartOf\":{\"@id\":\"https:\/\/www.suno.com.br\/noticias\/petrobras-petr4-congelamento-precos\/\"},\"author\":{\"name\":\"Eduardo Vargas\",\"@id\":\"https:\/\/www.suno.com.br\/noticias\/#\/schema\/person\/7f4d362bf3518e76090143ae77bb49a5\"},\"headline\":\"Conselheiro da Petrobras (PETR4) sugere congelar pre\u00e7os de combust\u00edveis por 45 dias\",\"datePublished\":\"2022-06-17T22:52:44+00:00\",\"mainEntityOfPage\":{\"@id\":\"https:\/\/www.suno.com.br\/noticias\/petrobras-petr4-congelamento-precos\/\"},\"wordCount\":868,\"publisher\":{\"@id\":\"https:\/\/www.suno.com.br\/noticias\/#organization\"},\"image\":{\"@id\":\"https:\/\/www.suno.com.br\/noticias\/petrobras-petr4-congelamento-precos\/#primaryimage\"},\"thumbnailUrl\":\"https:\/\/files.sunoresearch.com.br\/n\/uploads\/2022\/03\/Conteudo25449-scaled.jpg\",\"keywords\":[\"Arthur Lira\",\"Jair Bolsonaro\",\"PETR3\",\"Petrobras (PETR4)\"],\"articleSection\":[\"Economia\",\"Pol\u00edtica\"],\"inLanguage\":\"pt-BR\"},{\"@type\":\"WebPage\",\"@id\":\"https:\/\/www.suno.com.br\/noticias\/petrobras-petr4-congelamento-precos\/\",\"url\":\"https:\/\/www.suno.com.br\/noticias\/petrobras-petr4-congelamento-precos\/\",\"name\":\"Conselheiro da Petrobras (PETR4) sugere congelar pre\u00e7os por 45 dias\",\"isPartOf\":{\"@id\":\"https:\/\/www.suno.com.br\/noticias\/#website\"},\"primaryImageOfPage\":{\"@id\":\"https:\/\/www.suno.com.br\/noticias\/petrobras-petr4-congelamento-precos\/#primaryimage\"},\"image\":{\"@id\":\"https:\/\/www.suno.com.br\/noticias\/petrobras-petr4-congelamento-precos\/#primaryimage\"},\"thumbnailUrl\":\"https:\/\/files.sunoresearch.com.br\/n\/uploads\/2022\/03\/Conteudo25449-scaled.jpg\",\"datePublished\":\"2022-06-17T22:52:44+00:00\",\"description\":\"Proposta de Francisco Petros sobre reajuste de combust\u00edveis vem em meio \u00e0s cr\u00edticas de Bolsonaro e Lira \u00e0 Petrobras. Clique e confira!\",\"breadcrumb\":{\"@id\":\"https:\/\/www.suno.com.br\/noticias\/petrobras-petr4-congelamento-precos\/#breadcrumb\"},\"inLanguage\":\"pt-BR\",\"potentialAction\":[{\"@type\":\"ReadAction\",\"target\":[\"https:\/\/www.suno.com.br\/noticias\/petrobras-petr4-congelamento-precos\/\"]}]},{\"@type\":\"ImageObject\",\"inLanguage\":\"pt-BR\",\"@id\":\"https:\/\/www.suno.com.br\/noticias\/petrobras-petr4-congelamento-precos\/#primaryimage\",\"url\":\"https:\/\/files.sunoresearch.com.br\/n\/uploads\/2022\/03\/Conteudo25449-scaled.jpg\",\"contentUrl\":\"https:\/\/files.sunoresearch.com.br\/n\/uploads\/2022\/03\/Conteudo25449-scaled.jpg\",\"width\":2560,\"height\":1703,\"caption\":\"Petrobras (PETR4) no Rio de Janeiro (RJ). Foto: Geraldo Falc\u00e3o\/Ag\u00eancia Petrobras.\"},{\"@type\":\"BreadcrumbList\",\"@id\":\"https:\/\/www.suno.com.br\/noticias\/petrobras-petr4-congelamento-precos\/#breadcrumb\",\"itemListElement\":[{\"@type\":\"ListItem\",\"position\":1,\"name\":\"Not\u00edcias\",\"item\":\"https:\/\/www.suno.com.br\/noticias\/\"},{\"@type\":\"ListItem\",\"position\":2,\"name\":\"Pol\u00edtica\",\"item\":\"https:\/\/www.suno.com.br\/noticias\/politica\/\"},{\"@type\":\"ListItem\",\"position\":3,\"name\":\"Conselheiro da Petrobras (PETR4) sugere congelar pre\u00e7os de combust\u00edveis por 45 dias\"}]},{\"@type\":\"WebSite\",\"@id\":\"https:\/\/www.suno.com.br\/noticias\/#website\",\"url\":\"https:\/\/www.suno.com.br\/noticias\/\",\"name\":\"Suno Not\u00edcias\",\"description\":\"Seu portal de informa\u00e7\u00e3o sobre o mundo dos investimentos\",\"publisher\":{\"@id\":\"https:\/\/www.suno.com.br\/noticias\/#organization\"},\"potentialAction\":[{\"@type\":\"SearchAction\",\"target\":{\"@type\":\"EntryPoint\",\"urlTemplate\":\"https:\/\/www.suno.com.br\/noticias\/?s={search_term_string}\"},\"query-input\":{\"@type\":\"PropertyValueSpecification\",\"valueRequired\":true,\"valueName\":\"search_term_string\"}}],\"inLanguage\":\"pt-BR\"},{\"@type\":\"Organization\",\"@id\":\"https:\/\/www.suno.com.br\/noticias\/#organization\",\"name\":\"Suno Not\u00edcias\",\"url\":\"https:\/\/www.suno.com.br\/noticias\/\",\"logo\":{\"@type\":\"ImageObject\",\"inLanguage\":\"pt-BR\",\"@id\":\"https:\/\/www.suno.com.br\/noticias\/#\/schema\/logo\/image\/\",\"url\":\"https:\/\/files.sunoresearch.com.br\/n\/uploads\/2021\/09\/suno-logo.png\",\"contentUrl\":\"https:\/\/files.sunoresearch.com.br\/n\/uploads\/2021\/09\/suno-logo.png\",\"width\":180,\"height\":180,\"caption\":\"Suno Not\u00edcias\"},\"image\":{\"@id\":\"https:\/\/www.suno.com.br\/noticias\/#\/schema\/logo\/image\/\"},\"sameAs\":[\"https:\/\/facebook.com\/sunoresearch\",\"https:\/\/x.com\/sunoresearch\",\"https:\/\/www.instagram.com\/suno\",\"https:\/\/www.linkedin.com\/company\/suno-research\/\",\"https:\/\/www.youtube.com\/c\/sunoresearch\"]},{\"@type\":\"Person\",\"@id\":\"https:\/\/www.suno.com.br\/noticias\/#\/schema\/person\/7f4d362bf3518e76090143ae77bb49a5\",\"name\":\"Eduardo Vargas\",\"image\":{\"@type\":\"ImageObject\",\"inLanguage\":\"pt-BR\",\"@id\":\"https:\/\/www.suno.com.br\/noticias\/#\/schema\/person\/image\/\",\"url\":\"https:\/\/secure.gravatar.com\/avatar\/dac340933427a22924c9f99d1eb2e3f2?s=96&r=g\",\"contentUrl\":\"https:\/\/secure.gravatar.com\/avatar\/dac340933427a22924c9f99d1eb2e3f2?s=96&r=g\",\"caption\":\"Eduardo Vargas\"},\"description\":\"Jornalista formado pela UFSC, cobre macroeconomia, neg\u00f3cios e startups para o Suno Not\u00edcias, escrevendo principalmente not\u00edcias sobre o mercado financeiro e a bolsa de valores. No YouTube e no Instagram, \u00e9 respons\u00e1vel pela produ\u00e7\u00e3o de Reels e Shorts do Suno Not\u00edcias. Anteriormente, trabalhou cobrindo economia e cotidiano no ND+ e para o ND, maior jornal impresso de Santa Catarina. Cursou um semestre letivo de Estudos de M\u00eddia na Universidad de Buenos Aires.\",\"url\":\"https:\/\/www.suno.com.br\/noticias\/author\/eduardo-vargas\/\"}]}<\/script>\n<!-- \/ Yoast SEO plugin. -->","yoast_head_json":{"title":"Conselheiro da Petrobras (PETR4) sugere congelar pre\u00e7os por 45 dias","description":"Proposta de Francisco Petros sobre reajuste de combust\u00edveis vem em meio \u00e0s cr\u00edticas de Bolsonaro e Lira \u00e0 Petrobras. Clique e confira!","robots":{"index":"index","follow":"follow","max-snippet":"max-snippet:-1","max-image-preview":"max-image-preview:large","max-video-preview":"max-video-preview:-1"},"canonical":"https:\/\/www.suno.com.br\/noticias\/petrobras-petr4-congelamento-precos\/","og_locale":"pt_BR","og_type":"article","og_title":"Conselheiro da Petrobras (PETR4) sugere congelar pre\u00e7os por 45 dias","og_description":"Proposta de Francisco Petros sobre reajuste de combust\u00edveis vem em meio \u00e0s cr\u00edticas de Bolsonaro e Lira \u00e0 Petrobras. Clique e confira!","og_url":"https:\/\/www.suno.com.br\/noticias\/petrobras-petr4-congelamento-precos\/","og_site_name":"Suno Not\u00edcias","article_publisher":"https:\/\/facebook.com\/sunoresearch","og_image":[{"width":2560,"height":1703,"url":"https:\/\/files.sunoresearch.com.br\/n\/uploads\/2022\/03\/Conteudo25449-scaled.jpg","type":"image\/jpeg"}],"author":"Eduardo Vargas","twitter_card":"summary_large_image","twitter_creator":"@sunoresearch","twitter_site":"@sunoresearch","twitter_misc":{"Escrito por":"Eduardo Vargas","Est. tempo de leitura":"4 minutos"},"schema":{"@context":"https:\/\/schema.org","@graph":[{"@type":"NewsArticle","@id":"https:\/\/www.suno.com.br\/noticias\/petrobras-petr4-congelamento-precos\/#article","isPartOf":{"@id":"https:\/\/www.suno.com.br\/noticias\/petrobras-petr4-congelamento-precos\/"},"author":{"name":"Eduardo Vargas","@id":"https:\/\/www.suno.com.br\/noticias\/#\/schema\/person\/7f4d362bf3518e76090143ae77bb49a5"},"headline":"Conselheiro da Petrobras (PETR4) sugere congelar pre\u00e7os de combust\u00edveis por 45 dias","datePublished":"2022-06-17T22:52:44+00:00","mainEntityOfPage":{"@id":"https:\/\/www.suno.com.br\/noticias\/petrobras-petr4-congelamento-precos\/"},"wordCount":868,"publisher":{"@id":"https:\/\/www.suno.com.br\/noticias\/#organization"},"image":{"@id":"https:\/\/www.suno.com.br\/noticias\/petrobras-petr4-congelamento-precos\/#primaryimage"},"thumbnailUrl":"https:\/\/files.sunoresearch.com.br\/n\/uploads\/2022\/03\/Conteudo25449-scaled.jpg","keywords":["Arthur Lira","Jair Bolsonaro","PETR3","Petrobras (PETR4)"],"articleSection":["Economia","Pol\u00edtica"],"inLanguage":"pt-BR"},{"@type":"WebPage","@id":"https:\/\/www.suno.com.br\/noticias\/petrobras-petr4-congelamento-precos\/","url":"https:\/\/www.suno.com.br\/noticias\/petrobras-petr4-congelamento-precos\/","name":"Conselheiro da Petrobras (PETR4) sugere congelar pre\u00e7os por 45 dias","isPartOf":{"@id":"https:\/\/www.suno.com.br\/noticias\/#website"},"primaryImageOfPage":{"@id":"https:\/\/www.suno.com.br\/noticias\/petrobras-petr4-congelamento-precos\/#primaryimage"},"image":{"@id":"https:\/\/www.suno.com.br\/noticias\/petrobras-petr4-congelamento-precos\/#primaryimage"},"thumbnailUrl":"https:\/\/files.sunoresearch.com.br\/n\/uploads\/2022\/03\/Conteudo25449-scaled.jpg","datePublished":"2022-06-17T22:52:44+00:00","description":"Proposta de Francisco Petros sobre reajuste de combust\u00edveis vem em meio \u00e0s cr\u00edticas de Bolsonaro e Lira \u00e0 Petrobras. Clique e confira!","breadcrumb":{"@id":"https:\/\/www.suno.com.br\/noticias\/petrobras-petr4-congelamento-precos\/#breadcrumb"},"inLanguage":"pt-BR","potentialAction":[{"@type":"ReadAction","target":["https:\/\/www.suno.com.br\/noticias\/petrobras-petr4-congelamento-precos\/"]}]},{"@type":"ImageObject","inLanguage":"pt-BR","@id":"https:\/\/www.suno.com.br\/noticias\/petrobras-petr4-congelamento-precos\/#primaryimage","url":"https:\/\/files.sunoresearch.com.br\/n\/uploads\/2022\/03\/Conteudo25449-scaled.jpg","contentUrl":"https:\/\/files.sunoresearch.com.br\/n\/uploads\/2022\/03\/Conteudo25449-scaled.jpg","width":2560,"height":1703,"caption":"Petrobras (PETR4) no Rio de Janeiro (RJ). Foto: Geraldo Falc\u00e3o\/Ag\u00eancia Petrobras."},{"@type":"BreadcrumbList","@id":"https:\/\/www.suno.com.br\/noticias\/petrobras-petr4-congelamento-precos\/#breadcrumb","itemListElement":[{"@type":"ListItem","position":1,"name":"Not\u00edcias","item":"https:\/\/www.suno.com.br\/noticias\/"},{"@type":"ListItem","position":2,"name":"Pol\u00edtica","item":"https:\/\/www.suno.com.br\/noticias\/politica\/"},{"@type":"ListItem","position":3,"name":"Conselheiro da Petrobras (PETR4) sugere congelar pre\u00e7os de combust\u00edveis por 45 dias"}]},{"@type":"WebSite","@id":"https:\/\/www.suno.com.br\/noticias\/#website","url":"https:\/\/www.suno.com.br\/noticias\/","name":"Suno Not\u00edcias","description":"Seu portal de informa\u00e7\u00e3o sobre o mundo dos investimentos","publisher":{"@id":"https:\/\/www.suno.com.br\/noticias\/#organization"},"potentialAction":[{"@type":"SearchAction","target":{"@type":"EntryPoint","urlTemplate":"https:\/\/www.suno.com.br\/noticias\/?s={search_term_string}"},"query-input":{"@type":"PropertyValueSpecification","valueRequired":true,"valueName":"search_term_string"}}],"inLanguage":"pt-BR"},{"@type":"Organization","@id":"https:\/\/www.suno.com.br\/noticias\/#organization","name":"Suno Not\u00edcias","url":"https:\/\/www.suno.com.br\/noticias\/","logo":{"@type":"ImageObject","inLanguage":"pt-BR","@id":"https:\/\/www.suno.com.br\/noticias\/#\/schema\/logo\/image\/","url":"https:\/\/files.sunoresearch.com.br\/n\/uploads\/2021\/09\/suno-logo.png","contentUrl":"https:\/\/files.sunoresearch.com.br\/n\/uploads\/2021\/09\/suno-logo.png","width":180,"height":180,"caption":"Suno Not\u00edcias"},"image":{"@id":"https:\/\/www.suno.com.br\/noticias\/#\/schema\/logo\/image\/"},"sameAs":["https:\/\/facebook.com\/sunoresearch","https:\/\/x.com\/sunoresearch","https:\/\/www.instagram.com\/suno","https:\/\/www.linkedin.com\/company\/suno-research\/","https:\/\/www.youtube.com\/c\/sunoresearch"]},{"@type":"Person","@id":"https:\/\/www.suno.com.br\/noticias\/#\/schema\/person\/7f4d362bf3518e76090143ae77bb49a5","name":"Eduardo Vargas","image":{"@type":"ImageObject","inLanguage":"pt-BR","@id":"https:\/\/www.suno.com.br\/noticias\/#\/schema\/person\/image\/","url":"https:\/\/secure.gravatar.com\/avatar\/dac340933427a22924c9f99d1eb2e3f2?s=96&r=g","contentUrl":"https:\/\/secure.gravatar.com\/avatar\/dac340933427a22924c9f99d1eb2e3f2?s=96&r=g","caption":"Eduardo Vargas"},"description":"Jornalista formado pela UFSC, cobre macroeconomia, neg\u00f3cios e startups para o Suno Not\u00edcias, escrevendo principalmente not\u00edcias sobre o mercado financeiro e a bolsa de valores. No YouTube e no Instagram, \u00e9 respons\u00e1vel pela produ\u00e7\u00e3o de Reels e Shorts do Suno Not\u00edcias. Anteriormente, trabalhou cobrindo economia e cotidiano no ND+ e para o ND, maior jornal impresso de Santa Catarina. Cursou um semestre letivo de Estudos de M\u00eddia na Universidad de Buenos Aires.","url":"https:\/\/www.suno.com.br\/noticias\/author\/eduardo-vargas\/"}]}},"default_loop_html":"<div class=\"cardsPage__listCard__boxs\"><div class=\"cardsPage__listCard__boxs__img\"><a href=\"https:\/\/www.suno.com.br\/noticias\/petrobras-petr4-anuncia-alta-gasolina-diesel-acoes-despencam\/\"><img class=\"mask\" src=\"https:\/\/www.suno.com.br\/noticias\/wp-content\/themes\/suno\/resources\/images\/spotlight\/spotlight1img\/bg-mask.png\" alt=\"Image Mask\"\/><img src=\"https:\/\/files.sunoresearch.com.br\/n\/uploads\/2022\/03\/Gasolina-400x200.jpg\" alt=\"Petrobras (PETR4) anuncia alta de 5,2% na gasolina e 14,2% no diesel; a\u00e7\u00f5es despencam\"\/><\/a><span class=\"spotlightCategory\"><a href=\"https:\/\/www.suno.com.br\/noticias\/negocios\/\">Neg\u00f3cios<\/a><\/span><\/div><div class=\"cardsPage__listCard__boxs__content\"><a href=\"https:\/\/www.suno.com.br\/noticias\/petrobras-petr4-anuncia-alta-gasolina-diesel-acoes-despencam\/\"><h2 class=\"content__title\">Petrobras (PETR4) anuncia alta de 5,2% na gasolina e 14,2% no diesel; a\u00e7\u00f5es despencam<\/h2><\/a><div class=\"newsContent__article__meta\"><div class=\"newsContent__article__meta__authorBox\"><a href=\"https:\/\/www.suno.com.br\/noticias\/author\/victoria\/\" class=\"authorBox__avatar noMobi\"><img src=\"https:\/\/files.sunoresearch.com.br\/n\/uploads\/2021\/12\/20190129VickyPINEAPPLE01-1-150x150.jpg\" alt=\"Vict\u00f3ria Anhesini\"><\/a><div class=\"authorBox__name\"><span>por\n\t\t\t<a href=\"https:\/\/www.suno.com.br\/noticias\/author\/victoria\/\"><span itemprop=\"author\">Vict\u00f3ria Anhesini<\/span><\/a><\/span><time datetime=\"2022-06-17T12:14:15-03:00\" itemprop=\"datePublished\">17\/06\/2022 12:14<\/time><\/div><\/div><\/div><\/div><\/div>","single_layout":"posts","amp_enabled":true,"_links":{"self":[{"href":"https:\/\/www.suno.com.br\/noticias\/wp-json\/wp\/v2\/posts\/268515"}],"collection":[{"href":"https:\/\/www.suno.com.br\/noticias\/wp-json\/wp\/v2\/posts"}],"about":[{"href":"https:\/\/www.suno.com.br\/noticias\/wp-json\/wp\/v2\/types\/post"}],"author":[{"embeddable":true,"href":"https:\/\/www.suno.com.br\/noticias\/wp-json\/wp\/v2\/users\/73"}],"replies":[{"embeddable":true,"href":"https:\/\/www.suno.com.br\/noticias\/wp-json\/wp\/v2\/comments?post=268515"}],"version-history":[{"count":3,"href":"https:\/\/www.suno.com.br\/noticias\/wp-json\/wp\/v2\/posts\/268515\/revisions"}],"predecessor-version":[{"id":268602,"href":"https:\/\/www.suno.com.br\/noticias\/wp-json\/wp\/v2\/posts\/268515\/revisions\/268602"}],"wp:featuredmedia":[{"embeddable":true,"href":"https:\/\/www.suno.com.br\/noticias\/wp-json\/wp\/v2\/media\/244077"}],"wp:attachment":[{"href":"https:\/\/www.suno.com.br\/noticias\/wp-json\/wp\/v2\/media?parent=268515"}],"wp:term":[{"taxonomy":"category","embeddable":true,"href":"https:\/\/www.suno.com.br\/noticias\/wp-json\/wp\/v2\/categories?post=268515"},{"taxonomy":"post_tag","embeddable":true,"href":"https:\/\/www.suno.com.br\/noticias\/wp-json\/wp\/v2\/tags?post=268515"},{"taxonomy":"suno_strategy","embeddable":true,"href":"https:\/\/www.suno.com.br\/noticias\/wp-json\/wp\/v2\/suno_strategy?post=268515"}],"curies":[{"name":"wp","href":"https:\/\/api.w.org\/{rel}","templated":true}]}}