{"id":26831,"date":"2019-05-31T17:48:49","date_gmt":"2019-05-31T20:48:49","guid":{"rendered":"https:\/\/www.suno.com.br\/noticias\/?p=26831"},"modified":"2021-06-13T23:44:06","modified_gmt":"2021-06-14T02:44:06","slug":"ibovespa-fechamento-31052019","status":"publish","type":"post","link":"https:\/\/www.suno.com.br\/noticias\/ibovespa-fechamento-31052019\/","title":{"rendered":"Ibovespa fecha em baixa com amea\u00e7a comercial de Trump ao M\u00e9xico"},"content":{"rendered":"<p>O Ibovespa fechou em queda de 0,44% com 97.030,32 pontos, nesta sexta-feira (31). A baixa refletiu o cen\u00e1rio externo, com o presidente norte-americano, Donald Trump, amea\u00e7ando taxar os produtos mexicanos importados. A partir de 10 de junho, haver\u00e3o <strong>tarifas alfandeg\u00e1rias<\/strong> de 5% sobre os produtos mexicanos importados, nos <strong>Estados Unidos<\/strong>.<\/p>\t<div class=\"wrapper-featured-image\">\n\t\t<figure class=\"spotlightImg\">\n\n\t\t\t<picture>\n\t\t\t\t<source media=\"(max-width: 768px)\" srcset=\"https:\/\/files.sunoresearch.com.br\/n\/uploads\/2019\/02\/46812155-ibovespa-400x200.webp\">\n\t\t\t\t<img loading=\"lazy\" decoding=\"async\" class=\"newsContent__article__imgCapa lazyloadDisabled newsContent__article__imgCapa--noCaption\" src=\"https:\/\/files.sunoresearch.com.br\/n\/uploads\/2019\/02\/46812155-ibovespa-800x450.webp\" width=\"800\" height=\"450\" alt=\"Ibovespa fecha em baixa com amea\u00e7a comercial de Trump ao M\u00e9xico\" fetchpriority=high \/>\n\t\t\t<\/picture>\n\n\t\t\t<figcaption class=\"wp-caption-text wp-caption-text--hide\">O Ibovespa travou as negocia\u00e7\u00f5es ap\u00f3s uma queda de 18,97% e todas as a\u00e7\u00f5es entraram em leil\u00e3o. Clique aqui para saber mais.<\/figcaption>\n\t\t<\/figure>\n\t<\/div>\n\n\n<p>Deste modo, as a\u00e7\u00f5es de montadoras com f\u00e1bricas no <strong>M\u00e9xico<\/strong> despencaram, assim como \u00edndices acion\u00e1rios em todo o mundo, incluindo o <strong>Ibovespa<\/strong>.<\/p>\n<p>A pontua\u00e7\u00e3o m\u00ednima do <strong>Ibovespa<\/strong> foi de 96.792,40 pontos, e a m\u00e1xima de 97.992,31 pontos. Em maio, a alta do \u00edndice acion\u00e1rio foi de 0,7%. Este foi o primeiro crescimento positivo registrado pelo \u00edndice para o m\u00eas, desde 2009.<\/p>\n<p>Assim, o ganho do \u00edndice da <strong>Bolsa de Valores de S\u00e3o Paulo<\/strong> em 2019 j\u00e1 toca 10,4%.<\/p>\n\t<p>\n\t\t<a href=\"https:\/\/lp.suno.com.br\/planilha-controle-gastos\/\" target=\"_blank\" data-element=\"shortcode-suno-banner\" title=\"Banner SUNO, clique e saiba mais\">\n\t\t\t<picture>\n\t\t\t\t<source media=\"(max-width: 500px)\" srcset=\"https:\/\/files.sunoresearch.com.br\/n\/uploads\/2023\/03\/400x300-Planilha-controle-de-gastos.png\">\n\t\t\t\t<img class=\"newsContent__article__imgCapa newsContent__article__imgCapa--banner\"\n\t\t\t\t\tsrc=\"https:\/\/files.sunoresearch.com.br\/n\/uploads\/2023\/03\/1420x240-Planilha-controle-de-gastos.png\"\n\t\t\t\t\tdata-promo-id=\"101751\"\t\t\t\t\t\t\t\t\t\twidth='1420' height='240'\t\t\t\t\talt=\"https:\/\/files.sunoresearch.com.br\/n\/uploads\/2023\/03\/1420x240-Planilha-controle-de-gastos.png\"\n\t\t\t\t>\n\t\t\t<\/picture>\n\t\t<\/a>\n\t<\/p>\n\n\n<h2>Trump anuncia taxas ao M\u00e9xico<\/h2>\n<p>Na noite da \u00faltima quinta-feira (30), Trump anunciou a possibilidade de taxar os produtos importados do <strong>M\u00e9xico<\/strong>. A medida deve ocorrer como compensa\u00e7\u00e3o da imigra\u00e7\u00e3o ilegal de mexicanos aos <strong>Estados Unidos<\/strong>.<\/p>\n<p>Deste modo, a decis\u00e3o de <strong>Trump<\/strong> mira eliminar a entrada de <strong>imigrantes clandestinos<\/strong> em territ\u00f3rio dos EUA.<\/p>\n<p>Segundo comunicado da <strong>Casa Branca<\/strong>, o percentual das taxas sobre produtos importados mexicanos vai aumentar gradualmente, caso n\u00e3o haja queda na <strong>imigra\u00e7\u00e3o ilegal<\/strong>, conforme:<\/p>\n<ul>\n<li>10 de junho: tarifas alfandeg\u00e1rias de 5%;<\/li>\n<li>1\u00ba de agosto: tarifas alfandeg\u00e1rias de 15%;<\/li>\n<li>1\u00ba de setembro: tarifas alfandeg\u00e1rias de 20%;<\/li>\n<li>1\u00ba de outubro: tarifas alfandeg\u00e1rias de 25%;<\/li>\n<\/ul>\n<p>Quando a taxa chegar a 25%, deve permanecer no percentual indefinidamente.<\/p>\n\t<p>\n\t\t<a href=\"https:\/\/lp.suno.com.br\/ebook-como-analisar-uma-acao\/\" target=\"_blank\" data-element=\"shortcode-suno-banner\" title=\"Banner SUNO, clique e saiba mais\">\n\t\t\t<picture>\n\t\t\t\t<source media=\"(max-width: 500px)\" srcset=\"https:\/\/files.sunoresearch.com.br\/n\/uploads\/2023\/12\/Ebook-Acoes-Mobile.jpg\">\n\t\t\t\t<img class=\"newsContent__article__imgCapa newsContent__article__imgCapa--banner\"\n\t\t\t\t\tsrc=\"https:\/\/files.sunoresearch.com.br\/n\/uploads\/2023\/12\/Ebook-Acoes-Desktop.webp\"\n\t\t\t\t\tdata-promo-id=\"311260\"\t\t\t\t\t\t\t\t\t\twidth='1420' height='286'\t\t\t\t\talt=\"https:\/\/files.sunoresearch.com.br\/n\/uploads\/2023\/12\/Ebook-Acoes-Desktop.webp\"\n\t\t\t\t>\n\t\t\t<\/picture>\n\t\t<\/a>\n\t<\/p>\n\n\n<h2>Montadoras caem<\/h2>\n<p>Ap\u00f3s o an\u00fancio, diversas montadoras ao redor do mundo apresentaram baixa nos papeis.<\/p>\n<p>Confira abaixo a retra\u00e7\u00e3o das a\u00e7\u00f5es das <strong>montadoras<\/strong> listadas na<strong> Bolsa de Valores de T\u00f3quio<\/strong> (TYO), no fechamento:<\/p>\n<ul>\n<li><strong>Nissan:<\/strong> queda de 5,31% a <span class=\"r-iSn03YuVzbA4\" data-rtid=\"iSn03YuVzbA4\"><span class=\"IsqQVc NprOob iSn03YuVzbA4-zJFzKq8ukm8\">735 ienes. <\/span><\/span><\/li>\n<li><strong>Toyota:<\/strong> queda de <span class=\"WlRRw IsqQVc fw-price-dn r-idlGa4aju4BY\" data-rtid=\"idlGa4aju4BY\"><span aria-label=\"Diminuiu 2,85%\"><span class=\"idlGa4aju4BY-Y5HEJA6AmUY\" aria-hidden=\"true\">2,85% a <span class=\"r-i2FYuzvWYrec\" data-rtid=\"i2FYuzvWYrec\"><span class=\"IsqQVc NprOob i2FYuzvWYrec-zJFzKq8ukm8\">6.384 ienes.<\/span><\/span><\/span><\/span><\/span><\/li>\n<li><strong>Honda:<\/strong> queda de 4,26% a <span class=\"r-iUIfU5ptZsMY\" data-rtid=\"iUIfU5ptZsMY\"><span class=\"IsqQVc NprOob iUIfU5ptZsMY-zJFzKq8ukm8\">2.651 ienes. <\/span><\/span><\/li>\n<\/ul>\n<div>Confira abaixo a contra\u00e7\u00e3o das a\u00e7\u00f5es das montadoras listadas na <strong>Bolsa de Valores de Nova York<\/strong> (<a href=\"https:\/\/www.suno.com.br\/artigos\/nyse\/\">NYSE<\/a>), no fechamento:<\/div>\n<ul>\n<li><strong>General Motors (GM):<\/strong> queda de 4,57% a US$ 33,24.<\/li>\n<li><strong>Ford:<\/strong> queda de 2,57% a US$ 9,49.<\/li>\n<\/ul>\n<p>A <strong>Fiat Chrysler Automobiles (FCA)<\/strong> \u00e9 listada na <strong>Bolsa de Valores de Mil\u00e3o (BIT)<\/strong>. As a\u00e7\u00f5es da companhia encerraram com queda de 4,76%, sendo cotadas a 11,44 euros.<\/p>\n<p><a href=\"https:\/\/www.suno.com.br\/noticias\/montadoras-queda-acoes-trump-mexico\/\">Saiba mais &#8211; Montadoras tem perdas nas Bolsas ap\u00f3s Trump anunciar taxas ao M\u00e9xico<\/a><\/p>\n<h2>China deve compor lista de empresas estrangeiras n\u00e3o confi\u00e1veis<\/h2>\n<p>O <strong>minist\u00e9rio do Com\u00e9rcio da China<\/strong>, afirmou que o governo criar\u00e1 uma lista de <strong>empresas estrangeiras<\/strong> &#8220;n\u00e3o confi\u00e1veis&#8221;.<\/p>\n<p>&#8220;As empresas, organiza\u00e7\u00f5es e particulares estrangeiros que n\u00e3o respeitam as normas de mercado, que se afastam do esp\u00edrito de um contrato, que imp\u00f5em embargos ou param de fornecer pe\u00e7as a <strong>empresas chinesas<\/strong> por motivos n\u00e3o comerciais e afetam gravemente seus interesses e direitos leg\u00edtimos ser\u00e3o colocadas em uma lista de entidades <strong>n\u00e3o confi\u00e1veis<\/strong>&#8220;, disse o <strong>porta-voz do minist\u00e9rio da China<\/strong>, <strong>Gao Feng<\/strong>.<\/p>\n<p>A medida foi tomada ap\u00f3s <strong><a href=\"https:\/\/www.suno.com.br\/tudo-sobre\/donald-trump\/\">Donald Trump<\/a><\/strong>, colocar a l\u00edder do 5G, <strong>Huawei<\/strong>, em sua lista negra.<\/p>\n<p><a href=\"https:\/\/www.suno.com.br\/noticias\/china-lista-empresa-eua\/\">Saiba mais &#8211; China vai criar lista de empresas estrangeiras n\u00e3o confi\u00e1veis<\/a><\/p>\n<h2>Prazo encerrado para emendas da reforma da Previd\u00eancia<\/h2>\n<p>Na noite da \u00faltima quinta-feira (30), encerrou-se o prazo para deputados e partidos apresentarem emendas \u00e0 PEC. A <strong>comiss\u00e3o especial<\/strong> recebeu <strong>277 emendas<\/strong> \u00e0 proposta compilada pelo minist\u00e9rio da Economia.<\/p>\n<p><a href=\"https:\/\/www.suno.com.br\/noticias\/reforma-da-previdencia-277-emendas\/\">Saiba mais &#8211; PEC da reforma da Previd\u00eancia j\u00e1 tem 277 emendas<\/a><\/p>\n<h2>Desemprego no Brasil cai<\/h2>\n<p>A <strong>taxa de desemprego<\/strong> caiu para <strong>12,5%<\/strong> no Brasil, durante o trimestre encerrado em abril. De acordo com os dados divulgados pelo Instituto Brasileiro de Geografia e Estat\u00edstica (IBGE), nesta sexta-feira (31), agora o desemprego atinge <strong>13,2 milh\u00f5es<\/strong> de pessoas.<\/p>\n<p>Os novos dados divulgados pelo <strong>IBGE<\/strong> apontam um recuo em rela\u00e7\u00e3o a taxa registrada no trimestre com final em mar\u00e7o, onde o desemprego atingia <strong>12,7%<\/strong> da popula\u00e7\u00e3o. Comparado ao mesmo per\u00edodo do ano anterior, a taxa de desempregados caiu 0,4 ponto percentual.<\/p>\n<p><a href=\"https:\/\/www.suno.com.br\/noticias\/desemprego-cai-ibge\/\">Saiba mais &#8211; Desemprego cai e agora atinge 12,5% da popula\u00e7\u00e3o brasileira, diz IBGE <\/a><\/p>\n<h2>BRF \u00e9 destaque negativo do Ibovespa<\/h2>\n<p>A <strong>BRF<\/strong> (BRFS3) foi destaque negativo do \u00edndice acion\u00e1rio da <strong><a href=\"https:\/\/www.suno.com.br\/artigos\/b3\/\">B3<\/a><\/strong> (Brasil, Bolsa, Balc\u00e3o) no preg\u00e3o desta data.<\/p>\n<p>Na v\u00e9spera, a empresa anunciou que est\u00e1 negociando com a <strong>Marfrig<\/strong> (MRFG3) uma fus\u00e3o. A informa\u00e7\u00e3o foi divulgada em fato relevante pela BRF.<\/p>\n<p>Na v\u00e9spera, as empresas assinaram um Memorando de Entendimentos <strong>vinculante<\/strong>. Tal memorando prev\u00ea per\u00edodo de exclusividade de 90 dias (prorrog\u00e1veis por 30 dias) no qual as empresas n\u00e3o poder\u00e3o iniciar negocia\u00e7\u00f5es com terceiros.<\/p>\n<p><a href=\"https:\/\/www.suno.com.br\/noticias\/brf-marfrig-fusao-gigantes\/\">Saiba mais &#8211; BRF e Marfrig, gigantes dos alimentos, anunciam negocia\u00e7\u00e3o de fus\u00e3o <\/a><\/p>\n<h2>Bolsas internacionais<\/h2>\n<ul>\n<li>Nasdaq (Estados Unidos): queda de 1,51%<\/li>\n<li>FTSE 100 (Reino Unido): queda de 0,78%<\/li>\n<li>Nikkei (Jap\u00e3o): queda de 1,63%<\/li>\n<li>CAC40 (Fran\u00e7a): queda de 0,79%<\/li>\n<\/ul>\n<h2>Maiores altas do Ibovespa<\/h2>\n<ul>\n<li>EGIE3 alta de 4,77% (R$ 46,32)<\/li>\n<li>BRKM5 alta de 4,06% (R$ 42,78)<\/li>\n<li>UGPA3 alta de 3,87% (R$ 20,68)<\/li>\n<li>ENBR3 alta de 3,87% (R$ 19,84)<\/li>\n<li>TAEE11 alta de 3,35% (R$ 26,53)<\/li>\n<\/ul>\n<h2>Maiores quedas do Ibovespa<\/h2>\n<ul>\n<li>BRFS3 queda de 4,52% (R$ 27,70)<\/li>\n<li>SUZB3 queda de 3,24% (R$ 32,22)<\/li>\n<li>BTOW3 queda de 3,15% (R$ 31,40)<\/li>\n<li>IRBR3 queda de 2,32% (R$ 101,88)<\/li>\n<li>PETR4 queda de 2,29% (R$ 25,55)<\/li>\n<\/ul>\n","protected":false},"excerpt":{"rendered":"<p>O Ibovespa fechou em queda de 0,44% com 97.030,32 pontos, nesta sexta-feira (31). A baixa refletiu o cen\u00e1rio externo, com o presidente norte-americano, Donald Trump, amea\u00e7ando taxar os produtos mexicanos importados. A partir de 10 de junho, haver\u00e3o tarifas alfandeg\u00e1rias de 5% sobre os produtos mexicanos importados, nos Estados Unidos. O Ibovespa travou as negocia\u00e7\u00f5es [&hellip;]<\/p>\n","protected":false},"author":12,"featured_media":14918,"comment_status":"closed","ping_status":"closed","sticky":false,"template":"","format":"standard","meta":[],"categories":[60],"tags":[711,1296,724,793,1413,870,1017,905,821,721,729,877,940,864],"suno_strategy":[],"class_list":["post-26831","post","type-post","status-publish","format-standard","has-post-thumbnail","hentry","category-mercado","tag-china","tag-desemprego","tag-donald-trump","tag-estados-unidos-eua","tag-fiat-chrysler-fca","tag-ford-fdmo34","tag-general-motors-gmco34","tag-honda","tag-ibge","tag-ibovespa","tag-mexico","tag-nissan","tag-reforma-da-previdencia","tag-toyota-tmco34"],"yoast_head":"<!-- This site is optimized with the Yoast SEO plugin v24.4 - https:\/\/yoast.com\/wordpress\/plugins\/seo\/ -->\n<title>Ibovespa fecha em baixa com amea\u00e7a comercial de Trump ao M\u00e9xico<\/title>\n<meta name=\"description\" content=\"O Ibovespa encerrou em baixa devido ao cen\u00e1rio externo; Trump amea\u00e7ou taxar os produtos importados do M\u00e9xico. Clique para saber mais.\" \/>\n<meta name=\"robots\" content=\"index, follow, max-snippet:-1, max-image-preview:large, max-video-preview:-1\" \/>\n<link rel=\"canonical\" href=\"https:\/\/www.suno.com.br\/noticias\/ibovespa-fechamento-31052019\/\" \/>\n<meta property=\"og:locale\" content=\"pt_BR\" \/>\n<meta property=\"og:type\" content=\"article\" \/>\n<meta property=\"og:title\" content=\"Ibovespa fecha em baixa com amea\u00e7a comercial de Trump ao M\u00e9xico\" \/>\n<meta property=\"og:description\" content=\"O Ibovespa encerrou em baixa devido ao cen\u00e1rio externo; Trump amea\u00e7ou taxar os produtos importados do M\u00e9xico. Clique para saber mais.\" \/>\n<meta property=\"og:url\" content=\"https:\/\/www.suno.com.br\/noticias\/ibovespa-fechamento-31052019\/\" \/>\n<meta property=\"og:site_name\" content=\"Suno Not\u00edcias\" \/>\n<meta property=\"article:publisher\" content=\"https:\/\/facebook.com\/sunoresearch\" \/>\n<meta property=\"og:image\" content=\"https:\/\/files.sunoresearch.com.br\/n\/uploads\/2019\/02\/46812155-ibovespa-1024x680.jpg\" \/>\n\t<meta property=\"og:image:width\" content=\"1024\" \/>\n\t<meta property=\"og:image:height\" content=\"680\" \/>\n\t<meta property=\"og:image:type\" content=\"image\/jpeg\" \/>\n<meta name=\"author\" content=\"Amanda Gushiken\" \/>\n<meta name=\"twitter:card\" content=\"summary_large_image\" \/>\n<meta name=\"twitter:creator\" content=\"@sunoresearch\" \/>\n<meta name=\"twitter:site\" content=\"@sunoresearch\" \/>\n<meta name=\"twitter:label1\" content=\"Escrito por\" \/>\n\t<meta name=\"twitter:data1\" content=\"Amanda Gushiken\" \/>\n\t<meta name=\"twitter:label2\" content=\"Est. tempo de leitura\" \/>\n\t<meta name=\"twitter:data2\" content=\"4 minutos\" \/>\n<script type=\"application\/ld+json\" class=\"yoast-schema-graph\">{\"@context\":\"https:\/\/schema.org\",\"@graph\":[{\"@type\":\"NewsArticle\",\"@id\":\"https:\/\/www.suno.com.br\/noticias\/ibovespa-fechamento-31052019\/#article\",\"isPartOf\":{\"@id\":\"https:\/\/www.suno.com.br\/noticias\/ibovespa-fechamento-31052019\/\"},\"author\":{\"name\":\"Amanda Gushiken\",\"@id\":\"https:\/\/www.suno.com.br\/noticias\/#\/schema\/person\/a5b06fa4e879d8e8e119c6ed3cd630d1\"},\"headline\":\"Ibovespa fecha em baixa com amea\u00e7a comercial de Trump ao M\u00e9xico\",\"datePublished\":\"2019-05-31T20:48:49+00:00\",\"dateModified\":\"2021-06-14T02:44:06+00:00\",\"mainEntityOfPage\":{\"@id\":\"https:\/\/www.suno.com.br\/noticias\/ibovespa-fechamento-31052019\/\"},\"wordCount\":860,\"publisher\":{\"@id\":\"https:\/\/www.suno.com.br\/noticias\/#organization\"},\"image\":{\"@id\":\"https:\/\/www.suno.com.br\/noticias\/ibovespa-fechamento-31052019\/#primaryimage\"},\"thumbnailUrl\":\"https:\/\/files.sunoresearch.com.br\/n\/uploads\/2019\/02\/46812155-ibovespa-scaled.webp\",\"keywords\":[\"China\",\"Desemprego\",\"Donald Trump\",\"Estados Unidos (EUA)\",\"Fiat Chrysler (FCA)\",\"Ford (FDMO34)\",\"General Motors (GMCO34)\",\"Honda\",\"IBGE\",\"Ibovespa\",\"M\u00e9xico\",\"Nissan\",\"Reforma da Previd\u00eancia\",\"Toyota (TMCO34)\"],\"articleSection\":[\"Mercado\"],\"inLanguage\":\"pt-BR\"},{\"@type\":\"WebPage\",\"@id\":\"https:\/\/www.suno.com.br\/noticias\/ibovespa-fechamento-31052019\/\",\"url\":\"https:\/\/www.suno.com.br\/noticias\/ibovespa-fechamento-31052019\/\",\"name\":\"Ibovespa fecha em baixa com amea\u00e7a comercial de Trump ao M\u00e9xico\",\"isPartOf\":{\"@id\":\"https:\/\/www.suno.com.br\/noticias\/#website\"},\"primaryImageOfPage\":{\"@id\":\"https:\/\/www.suno.com.br\/noticias\/ibovespa-fechamento-31052019\/#primaryimage\"},\"image\":{\"@id\":\"https:\/\/www.suno.com.br\/noticias\/ibovespa-fechamento-31052019\/#primaryimage\"},\"thumbnailUrl\":\"https:\/\/files.sunoresearch.com.br\/n\/uploads\/2019\/02\/46812155-ibovespa-scaled.webp\",\"datePublished\":\"2019-05-31T20:48:49+00:00\",\"dateModified\":\"2021-06-14T02:44:06+00:00\",\"description\":\"O Ibovespa encerrou em baixa devido ao cen\u00e1rio externo; Trump amea\u00e7ou taxar os produtos importados do M\u00e9xico. Clique para saber mais.\",\"breadcrumb\":{\"@id\":\"https:\/\/www.suno.com.br\/noticias\/ibovespa-fechamento-31052019\/#breadcrumb\"},\"inLanguage\":\"pt-BR\",\"potentialAction\":[{\"@type\":\"ReadAction\",\"target\":[\"https:\/\/www.suno.com.br\/noticias\/ibovespa-fechamento-31052019\/\"]}]},{\"@type\":\"ImageObject\",\"inLanguage\":\"pt-BR\",\"@id\":\"https:\/\/www.suno.com.br\/noticias\/ibovespa-fechamento-31052019\/#primaryimage\",\"url\":\"https:\/\/files.sunoresearch.com.br\/n\/uploads\/2019\/02\/46812155-ibovespa-scaled.webp\",\"contentUrl\":\"https:\/\/files.sunoresearch.com.br\/n\/uploads\/2019\/02\/46812155-ibovespa-scaled.webp\",\"width\":2560,\"height\":1700,\"caption\":\"O Ibovespa travou as negocia\u00e7\u00f5es ap\u00f3s uma queda de 18,97% e todas as a\u00e7\u00f5es entraram em leil\u00e3o. Clique aqui para saber mais.\"},{\"@type\":\"BreadcrumbList\",\"@id\":\"https:\/\/www.suno.com.br\/noticias\/ibovespa-fechamento-31052019\/#breadcrumb\",\"itemListElement\":[{\"@type\":\"ListItem\",\"position\":1,\"name\":\"Not\u00edcias\",\"item\":\"https:\/\/www.suno.com.br\/noticias\/\"},{\"@type\":\"ListItem\",\"position\":2,\"name\":\"Mercado\",\"item\":\"https:\/\/www.suno.com.br\/noticias\/mercado\/\"},{\"@type\":\"ListItem\",\"position\":3,\"name\":\"Ibovespa fecha em baixa com amea\u00e7a comercial de Trump ao M\u00e9xico\"}]},{\"@type\":\"WebSite\",\"@id\":\"https:\/\/www.suno.com.br\/noticias\/#website\",\"url\":\"https:\/\/www.suno.com.br\/noticias\/\",\"name\":\"Suno Not\u00edcias\",\"description\":\"Seu portal de informa\u00e7\u00e3o sobre o mundo dos investimentos\",\"publisher\":{\"@id\":\"https:\/\/www.suno.com.br\/noticias\/#organization\"},\"potentialAction\":[{\"@type\":\"SearchAction\",\"target\":{\"@type\":\"EntryPoint\",\"urlTemplate\":\"https:\/\/www.suno.com.br\/noticias\/?s={search_term_string}\"},\"query-input\":{\"@type\":\"PropertyValueSpecification\",\"valueRequired\":true,\"valueName\":\"search_term_string\"}}],\"inLanguage\":\"pt-BR\"},{\"@type\":\"Organization\",\"@id\":\"https:\/\/www.suno.com.br\/noticias\/#organization\",\"name\":\"Suno Not\u00edcias\",\"url\":\"https:\/\/www.suno.com.br\/noticias\/\",\"logo\":{\"@type\":\"ImageObject\",\"inLanguage\":\"pt-BR\",\"@id\":\"https:\/\/www.suno.com.br\/noticias\/#\/schema\/logo\/image\/\",\"url\":\"https:\/\/files.sunoresearch.com.br\/n\/uploads\/2021\/09\/suno-logo.png\",\"contentUrl\":\"https:\/\/files.sunoresearch.com.br\/n\/uploads\/2021\/09\/suno-logo.png\",\"width\":180,\"height\":180,\"caption\":\"Suno Not\u00edcias\"},\"image\":{\"@id\":\"https:\/\/www.suno.com.br\/noticias\/#\/schema\/logo\/image\/\"},\"sameAs\":[\"https:\/\/facebook.com\/sunoresearch\",\"https:\/\/x.com\/sunoresearch\",\"https:\/\/www.instagram.com\/suno\",\"https:\/\/www.linkedin.com\/company\/suno-research\/\",\"https:\/\/www.youtube.com\/c\/sunoresearch\"]},{\"@type\":\"Person\",\"@id\":\"https:\/\/www.suno.com.br\/noticias\/#\/schema\/person\/a5b06fa4e879d8e8e119c6ed3cd630d1\",\"name\":\"Amanda Gushiken\",\"image\":{\"@type\":\"ImageObject\",\"inLanguage\":\"pt-BR\",\"@id\":\"https:\/\/www.suno.com.br\/noticias\/#\/schema\/person\/image\/\",\"url\":\"https:\/\/secure.gravatar.com\/avatar\/ecd84705e6b65e3685ae80d725501fbe?s=96&r=g\",\"contentUrl\":\"https:\/\/secure.gravatar.com\/avatar\/ecd84705e6b65e3685ae80d725501fbe?s=96&r=g\",\"caption\":\"Amanda Gushiken\"},\"description\":\"Amanda Sayuri Gushiken escreve sobre finan\u00e7as e neg\u00f3cios para o portal Suno Not\u00edcias. Antes, trabalhou selecionando not\u00edcias da imprensa para clientes do mercado financeiro. Tamb\u00e9m desenvolveu pesquisa acad\u00eamica pela Universidade Anhembi Morumbi na \u00e1rea de Teorias da Comunica\u00e7\u00e3o e \u00e9 fot\u00f3grafa nas horas vagas.\",\"url\":\"https:\/\/www.suno.com.br\/noticias\/author\/amanda\/\"}]}<\/script>\n<!-- \/ Yoast SEO plugin. -->","yoast_head_json":{"title":"Ibovespa fecha em baixa com amea\u00e7a comercial de Trump ao M\u00e9xico","description":"O Ibovespa encerrou em baixa devido ao cen\u00e1rio externo; Trump amea\u00e7ou taxar os produtos importados do M\u00e9xico. Clique para saber mais.","robots":{"index":"index","follow":"follow","max-snippet":"max-snippet:-1","max-image-preview":"max-image-preview:large","max-video-preview":"max-video-preview:-1"},"canonical":"https:\/\/www.suno.com.br\/noticias\/ibovespa-fechamento-31052019\/","og_locale":"pt_BR","og_type":"article","og_title":"Ibovespa fecha em baixa com amea\u00e7a comercial de Trump ao M\u00e9xico","og_description":"O Ibovespa encerrou em baixa devido ao cen\u00e1rio externo; Trump amea\u00e7ou taxar os produtos importados do M\u00e9xico. Clique para saber mais.","og_url":"https:\/\/www.suno.com.br\/noticias\/ibovespa-fechamento-31052019\/","og_site_name":"Suno Not\u00edcias","article_publisher":"https:\/\/facebook.com\/sunoresearch","og_image":[{"width":1024,"height":680,"url":"https:\/\/files.sunoresearch.com.br\/n\/uploads\/2019\/02\/46812155-ibovespa-1024x680.jpg","type":"image\/jpeg"}],"author":"Amanda Gushiken","twitter_card":"summary_large_image","twitter_creator":"@sunoresearch","twitter_site":"@sunoresearch","twitter_misc":{"Escrito por":"Amanda Gushiken","Est. tempo de leitura":"4 minutos"},"schema":{"@context":"https:\/\/schema.org","@graph":[{"@type":"NewsArticle","@id":"https:\/\/www.suno.com.br\/noticias\/ibovespa-fechamento-31052019\/#article","isPartOf":{"@id":"https:\/\/www.suno.com.br\/noticias\/ibovespa-fechamento-31052019\/"},"author":{"name":"Amanda Gushiken","@id":"https:\/\/www.suno.com.br\/noticias\/#\/schema\/person\/a5b06fa4e879d8e8e119c6ed3cd630d1"},"headline":"Ibovespa fecha em baixa com amea\u00e7a comercial de Trump ao M\u00e9xico","datePublished":"2019-05-31T20:48:49+00:00","dateModified":"2021-06-14T02:44:06+00:00","mainEntityOfPage":{"@id":"https:\/\/www.suno.com.br\/noticias\/ibovespa-fechamento-31052019\/"},"wordCount":860,"publisher":{"@id":"https:\/\/www.suno.com.br\/noticias\/#organization"},"image":{"@id":"https:\/\/www.suno.com.br\/noticias\/ibovespa-fechamento-31052019\/#primaryimage"},"thumbnailUrl":"https:\/\/files.sunoresearch.com.br\/n\/uploads\/2019\/02\/46812155-ibovespa-scaled.webp","keywords":["China","Desemprego","Donald Trump","Estados Unidos (EUA)","Fiat Chrysler (FCA)","Ford (FDMO34)","General Motors (GMCO34)","Honda","IBGE","Ibovespa","M\u00e9xico","Nissan","Reforma da Previd\u00eancia","Toyota (TMCO34)"],"articleSection":["Mercado"],"inLanguage":"pt-BR"},{"@type":"WebPage","@id":"https:\/\/www.suno.com.br\/noticias\/ibovespa-fechamento-31052019\/","url":"https:\/\/www.suno.com.br\/noticias\/ibovespa-fechamento-31052019\/","name":"Ibovespa fecha em baixa com amea\u00e7a comercial de Trump ao M\u00e9xico","isPartOf":{"@id":"https:\/\/www.suno.com.br\/noticias\/#website"},"primaryImageOfPage":{"@id":"https:\/\/www.suno.com.br\/noticias\/ibovespa-fechamento-31052019\/#primaryimage"},"image":{"@id":"https:\/\/www.suno.com.br\/noticias\/ibovespa-fechamento-31052019\/#primaryimage"},"thumbnailUrl":"https:\/\/files.sunoresearch.com.br\/n\/uploads\/2019\/02\/46812155-ibovespa-scaled.webp","datePublished":"2019-05-31T20:48:49+00:00","dateModified":"2021-06-14T02:44:06+00:00","description":"O Ibovespa encerrou em baixa devido ao cen\u00e1rio externo; Trump amea\u00e7ou taxar os produtos importados do M\u00e9xico. Clique para saber mais.","breadcrumb":{"@id":"https:\/\/www.suno.com.br\/noticias\/ibovespa-fechamento-31052019\/#breadcrumb"},"inLanguage":"pt-BR","potentialAction":[{"@type":"ReadAction","target":["https:\/\/www.suno.com.br\/noticias\/ibovespa-fechamento-31052019\/"]}]},{"@type":"ImageObject","inLanguage":"pt-BR","@id":"https:\/\/www.suno.com.br\/noticias\/ibovespa-fechamento-31052019\/#primaryimage","url":"https:\/\/files.sunoresearch.com.br\/n\/uploads\/2019\/02\/46812155-ibovespa-scaled.webp","contentUrl":"https:\/\/files.sunoresearch.com.br\/n\/uploads\/2019\/02\/46812155-ibovespa-scaled.webp","width":2560,"height":1700,"caption":"O Ibovespa travou as negocia\u00e7\u00f5es ap\u00f3s uma queda de 18,97% e todas as a\u00e7\u00f5es entraram em leil\u00e3o. Clique aqui para saber mais."},{"@type":"BreadcrumbList","@id":"https:\/\/www.suno.com.br\/noticias\/ibovespa-fechamento-31052019\/#breadcrumb","itemListElement":[{"@type":"ListItem","position":1,"name":"Not\u00edcias","item":"https:\/\/www.suno.com.br\/noticias\/"},{"@type":"ListItem","position":2,"name":"Mercado","item":"https:\/\/www.suno.com.br\/noticias\/mercado\/"},{"@type":"ListItem","position":3,"name":"Ibovespa fecha em baixa com amea\u00e7a comercial de Trump ao M\u00e9xico"}]},{"@type":"WebSite","@id":"https:\/\/www.suno.com.br\/noticias\/#website","url":"https:\/\/www.suno.com.br\/noticias\/","name":"Suno Not\u00edcias","description":"Seu portal de informa\u00e7\u00e3o sobre o mundo dos investimentos","publisher":{"@id":"https:\/\/www.suno.com.br\/noticias\/#organization"},"potentialAction":[{"@type":"SearchAction","target":{"@type":"EntryPoint","urlTemplate":"https:\/\/www.suno.com.br\/noticias\/?s={search_term_string}"},"query-input":{"@type":"PropertyValueSpecification","valueRequired":true,"valueName":"search_term_string"}}],"inLanguage":"pt-BR"},{"@type":"Organization","@id":"https:\/\/www.suno.com.br\/noticias\/#organization","name":"Suno Not\u00edcias","url":"https:\/\/www.suno.com.br\/noticias\/","logo":{"@type":"ImageObject","inLanguage":"pt-BR","@id":"https:\/\/www.suno.com.br\/noticias\/#\/schema\/logo\/image\/","url":"https:\/\/files.sunoresearch.com.br\/n\/uploads\/2021\/09\/suno-logo.png","contentUrl":"https:\/\/files.sunoresearch.com.br\/n\/uploads\/2021\/09\/suno-logo.png","width":180,"height":180,"caption":"Suno Not\u00edcias"},"image":{"@id":"https:\/\/www.suno.com.br\/noticias\/#\/schema\/logo\/image\/"},"sameAs":["https:\/\/facebook.com\/sunoresearch","https:\/\/x.com\/sunoresearch","https:\/\/www.instagram.com\/suno","https:\/\/www.linkedin.com\/company\/suno-research\/","https:\/\/www.youtube.com\/c\/sunoresearch"]},{"@type":"Person","@id":"https:\/\/www.suno.com.br\/noticias\/#\/schema\/person\/a5b06fa4e879d8e8e119c6ed3cd630d1","name":"Amanda Gushiken","image":{"@type":"ImageObject","inLanguage":"pt-BR","@id":"https:\/\/www.suno.com.br\/noticias\/#\/schema\/person\/image\/","url":"https:\/\/secure.gravatar.com\/avatar\/ecd84705e6b65e3685ae80d725501fbe?s=96&r=g","contentUrl":"https:\/\/secure.gravatar.com\/avatar\/ecd84705e6b65e3685ae80d725501fbe?s=96&r=g","caption":"Amanda Gushiken"},"description":"Amanda Sayuri Gushiken escreve sobre finan\u00e7as e neg\u00f3cios para o portal Suno Not\u00edcias. Antes, trabalhou selecionando not\u00edcias da imprensa para clientes do mercado financeiro. Tamb\u00e9m desenvolveu pesquisa acad\u00eamica pela Universidade Anhembi Morumbi na \u00e1rea de Teorias da Comunica\u00e7\u00e3o e \u00e9 fot\u00f3grafa nas horas vagas.","url":"https:\/\/www.suno.com.br\/noticias\/author\/amanda\/"}]}},"default_loop_html":"<div class=\"cardsPage__listCard__boxs\"><div class=\"cardsPage__listCard__boxs__img\"><a href=\"https:\/\/www.suno.com.br\/noticias\/ibovespa-fechamento-31052019\/\"><img class=\"mask\" src=\"https:\/\/www.suno.com.br\/noticias\/wp-content\/themes\/suno\/resources\/images\/spotlight\/spotlight1img\/bg-mask.png\" alt=\"Image Mask\"\/><img src=\"https:\/\/files.sunoresearch.com.br\/n\/uploads\/2019\/02\/46812155-ibovespa-400x200.webp\" alt=\"Ibovespa fecha em baixa com amea\u00e7a comercial de Trump ao M\u00e9xico\"\/><\/a><span class=\"spotlightCategory\"><a href=\"https:\/\/www.suno.com.br\/noticias\/mercado\/\">Mercado<\/a><\/span><\/div><div class=\"cardsPage__listCard__boxs__content\"><a href=\"https:\/\/www.suno.com.br\/noticias\/ibovespa-fechamento-31052019\/\"><h2 class=\"content__title\">Ibovespa fecha em baixa com amea\u00e7a comercial de Trump ao M\u00e9xico<\/h2><\/a><div class=\"newsContent__article__meta\"><div class=\"newsContent__article__meta__authorBox\"><a href=\"https:\/\/www.suno.com.br\/noticias\/author\/amanda\/\" class=\"authorBox__avatar noMobi\"><img src=\"https:\/\/files.sunoresearch.com.br\/n\/uploads\/2018\/11\/c6ad30be-amanda-150x150.webp\" alt=\"Amanda Gushiken\"><\/a><div class=\"authorBox__name\"><span>por\n\t\t\t<a href=\"https:\/\/www.suno.com.br\/noticias\/author\/amanda\/\"><span itemprop=\"author\">Amanda Gushiken<\/span><\/a><\/span><time datetime=\"2019-05-31T17:48:49-03:00\" itemprop=\"datePublished\">31\/05\/2019 17:48<\/time><\/div><\/div><\/div><\/div><\/div>","single_layout":"posts","amp_enabled":true,"_links":{"self":[{"href":"https:\/\/www.suno.com.br\/noticias\/wp-json\/wp\/v2\/posts\/26831"}],"collection":[{"href":"https:\/\/www.suno.com.br\/noticias\/wp-json\/wp\/v2\/posts"}],"about":[{"href":"https:\/\/www.suno.com.br\/noticias\/wp-json\/wp\/v2\/types\/post"}],"author":[{"embeddable":true,"href":"https:\/\/www.suno.com.br\/noticias\/wp-json\/wp\/v2\/users\/12"}],"replies":[{"embeddable":true,"href":"https:\/\/www.suno.com.br\/noticias\/wp-json\/wp\/v2\/comments?post=26831"}],"version-history":[{"count":1,"href":"https:\/\/www.suno.com.br\/noticias\/wp-json\/wp\/v2\/posts\/26831\/revisions"}],"predecessor-version":[{"id":153929,"href":"https:\/\/www.suno.com.br\/noticias\/wp-json\/wp\/v2\/posts\/26831\/revisions\/153929"}],"wp:featuredmedia":[{"embeddable":true,"href":"https:\/\/www.suno.com.br\/noticias\/wp-json\/wp\/v2\/media\/14918"}],"wp:attachment":[{"href":"https:\/\/www.suno.com.br\/noticias\/wp-json\/wp\/v2\/media?parent=26831"}],"wp:term":[{"taxonomy":"category","embeddable":true,"href":"https:\/\/www.suno.com.br\/noticias\/wp-json\/wp\/v2\/categories?post=26831"},{"taxonomy":"post_tag","embeddable":true,"href":"https:\/\/www.suno.com.br\/noticias\/wp-json\/wp\/v2\/tags?post=26831"},{"taxonomy":"suno_strategy","embeddable":true,"href":"https:\/\/www.suno.com.br\/noticias\/wp-json\/wp\/v2\/suno_strategy?post=26831"}],"curies":[{"name":"wp","href":"https:\/\/api.w.org\/{rel}","templated":true}]}}