{"id":26821,"date":"2019-05-31T18:27:58","date_gmt":"2019-05-31T21:27:58","guid":{"rendered":"https:\/\/www.suno.com.br\/noticias\/?p=26821"},"modified":"2019-05-31T18:27:58","modified_gmt":"2019-05-31T21:27:58","slug":"smart-fit-aumento-capital-patria","status":"publish","type":"post","link":"https:\/\/www.suno.com.br\/noticias\/smart-fit-aumento-capital-patria\/","title":{"rendered":"Smart Fit deve receber inje\u00e7\u00e3o de R$ 500 milh\u00f5es da P\u00e1tria Investimentos"},"content":{"rendered":"<p>A <strong>P\u00e1tria Investimentos<\/strong> anunciou que deve injetar cerca de <strong>R$ 500 milh\u00f5es<\/strong> na rede de academias Smart Fit, nesta sexta-feira (31).<\/p>\t<div class=\"wrapper-featured-image\">\n\t\t<figure class=\"spotlightImg\">\n\n\t\t\t<picture>\n\t\t\t\t<source media=\"(max-width: 768px)\" srcset=\"https:\/\/files.sunoresearch.com.br\/n\/uploads\/2019\/05\/32fa143a-smartfit-400x200.webp\">\n\t\t\t\t<img loading=\"lazy\" decoding=\"async\" class=\"newsContent__article__imgCapa lazyloadDisabled newsContent__article__imgCapa--noCaption\" src=\"https:\/\/files.sunoresearch.com.br\/n\/uploads\/2019\/05\/32fa143a-smartfit-jpg.webp\" width=\"800\" height=\"450\" alt=\"Smart Fit deve receber inje\u00e7\u00e3o de R$ 500 milh\u00f5es da P\u00e1tria Investimentos\" fetchpriority=high \/>\n\t\t\t<\/picture>\n\n\t\t\t<figcaption class=\"wp-caption-text wp-caption-text--hide\">Smart Fit realizar\u00e1 joint ventures na Am\u00e9rica Latina<\/figcaption>\n\t\t<\/figure>\n\t<\/div>\n\n\n<p>O acordo do aporte foi realizado pelos acionistas controladores da <strong>Smart Fit<\/strong>, em conjunto com a\u00a0<strong>BPE Fit<\/strong>. Tal fundo \u00e9 controlado pelo P\u00e1tria, e deve ser respons\u00e1vel pela inje\u00e7\u00e3o de\u00a0R$ 500 milh\u00f5es.<\/p>\n<p>A inje\u00e7\u00e3o deve ocorrer\u00a0mediante emiss\u00e3o de novas <a href=\"https:\/\/www.suno.com.br\/artigos\/acoes-ordinarias\/\">a\u00e7\u00f5es ordin\u00e1rias<\/a>, que pertencer\u00e3o \u00e0 BPE Fit. Al\u00e9m disso, a BPE Fit tamb\u00e9m comprar\u00e1 a\u00e7\u00f5es detidas pelos acionistas da <strong>Smart Fit<\/strong>.<\/p>\n<p>Contudo, a opera\u00e7\u00e3o de <a href=\"https:\/\/www.suno.com.br\/artigos\/aumento-capital\/\">aumento de capital<\/a> manter\u00e1 o atual grupo de controle da empresa. Al\u00e9m da P\u00e1tria Investimentos, a\u00a0<strong>Fam\u00edlia Corona<\/strong> tamb\u00e9m \u00e9 controladora da rede.<\/p>\n<p>A <strong>Smart Fit<\/strong> n\u00e3o\u00a0informou o destino dos recursos levantados.<\/p>\n\t<p>\n\t\t<a href=\"https:\/\/lp.suno.com.br\/ao\/cadastro-whatsapp\/?utm_source=sunoresearch&#038;utm_medium=banner.sidebar&#038;utm_campaign=_SNC1787C4C9_\" target=\"_blank\" data-element=\"shortcode-suno-banner\" title=\"Banner SUNO, clique e saiba mais\">\n\t\t\t<picture>\n\t\t\t\t<source media=\"(max-width: 500px)\" srcset=\"https:\/\/files.sunoresearch.com.br\/n\/uploads\/2024\/09\/wpp-suno.png\">\n\t\t\t\t<img class=\"newsContent__article__imgCapa newsContent__article__imgCapa--banner\"\n\t\t\t\t\tsrc=\"https:\/\/files.sunoresearch.com.br\/n\/uploads\/2024\/09\/wpp-suno.png\"\n\t\t\t\t\tdata-promo-id=\"574195\"\t\t\t\t\t\t\t\t\t\twidth='360' height='98'\t\t\t\t\talt=\"https:\/\/files.sunoresearch.com.br\/n\/uploads\/2024\/09\/wpp-suno.png\"\n\t\t\t\t>\n\t\t\t<\/picture>\n\t\t<\/a>\n\t<\/p>\n\n\n<h2>Setor fitness e a\u00a0Smart Fit<\/h2>\n<p>De acordo com a\u00a0<strong>Associa\u00e7\u00e3o Brasileira de Academias<\/strong> (Acad Brasil), o faturamento do setor fitness manteve-se est\u00e1vel, em US$ 2 bilh\u00f5es nos \u00faltimos dois anos. Contudo, a <strong>taxa de penetra\u00e7\u00e3o<\/strong> no mercado cresceu\u00a0de 4,6%, em 2017, para 5% em 2018.\u00a0 Deste modo, a concorr\u00eancia aumenta no setor.<\/p>\n<p>No total de estabelecimentos (academias), o <strong>Brasil<\/strong> tamb\u00e9m manteve o posto de vice-l\u00edder. Em 2018, foram identificadas 34,5 mil unidades, total que fica abaixo apenas dos EUA. Os <strong>Estados Unidos<\/strong> contavam com cerca de\u00a038,4 mil <strong>academias<\/strong> no ano passado.<\/p>\n<p><a href=\"https:\/\/www.suno.com.br\/noticias\/fiscalizacao-patinetes-eletricos-apreendidos\/\">Saiba mais &#8211; Prefeitura de SP apreende 557 patinetes em 1\u00ba dia de fiscaliza\u00e7\u00e3o<\/a><\/p>\n<p>\u201cA boa not\u00edcia \u00e9 que as\u00a0<strong>academias<\/strong> que j\u00e1 est\u00e3o em funcionamento dever\u00e3o se recuperar positivamente, com mais facilidade do que alguns outros setores. Uma vez que os investimentos maiores j\u00e1 foram feitos em infraestrutura\u201d, afirmou <strong>Gustavo Borges<\/strong>, ex-nadador, medalhista ol\u00edmpico e presidente da Acad Brasil, ao &#8220;Correio Braziliense&#8221;.<\/p>\n<p>Em 2019, o modelo intitulado <strong>low cost<\/strong> (baixo custo), importado dos Estados Unidos, completa 10 anos no Brasil. O modelo \u00e9 baseado em pre\u00e7os mais acess\u00edveis e servi\u00e7os mais simples.<\/p>\n<p>O primeiro estabelecimento low cost no Brasil foi inaugurado em 2009. Com a cria\u00e7\u00e3o da\u00a0<strong>Smart Fit<\/strong>, do<strong> Grupo Bio Ritmo<\/strong>. O grupo foi fundado por <strong>Edgard Corona<\/strong>, a partir de uma academia que iniciou as atividades em 1996, na zona sul de S\u00e3o Paulo.<\/p>\n","protected":false},"excerpt":{"rendered":"<p>A P\u00e1tria Investimentos anunciou que deve injetar cerca de R$ 500 milh\u00f5es na rede de academias Smart Fit, nesta sexta-feira (31). Smart Fit realizar\u00e1 joint ventures na Am\u00e9rica Latina O acordo do aporte foi realizado pelos acionistas controladores da Smart Fit, em conjunto com a\u00a0BPE Fit. Tal fundo \u00e9 controlado pelo P\u00e1tria, e deve ser [&hellip;]<\/p>\n","protected":false},"author":12,"featured_media":26841,"comment_status":"closed","ping_status":"closed","sticky":false,"template":"","format":"standard","meta":[],"categories":[64],"tags":[1139,636],"suno_strategy":[],"class_list":["post-26821","post","type-post","status-publish","format-standard","has-post-thumbnail","hentry","category-negocios","tag-patria-investimentos","tag-smart-fit-smft3"],"yoast_head":"<!-- This site is optimized with the Yoast SEO plugin v24.4 - https:\/\/yoast.com\/wordpress\/plugins\/seo\/ -->\n<title>Smart Fit deve receber inje\u00e7\u00e3o de R$ 500 milh\u00f5es da P\u00e1tria Investimentos<\/title>\n<meta name=\"description\" content=\"Em uma opera\u00e7\u00e3o de aumento de capital, a rede Smart Fit deve receber aporte de R$ 500 milh\u00f5es do BPE Fit. Clique para saber mais.\" \/>\n<meta name=\"robots\" content=\"index, follow, max-snippet:-1, max-image-preview:large, max-video-preview:-1\" \/>\n<link rel=\"canonical\" href=\"https:\/\/www.suno.com.br\/noticias\/smart-fit-aumento-capital-patria\/\" \/>\n<meta property=\"og:locale\" content=\"pt_BR\" \/>\n<meta property=\"og:type\" content=\"article\" \/>\n<meta property=\"og:title\" content=\"Smart Fit deve receber inje\u00e7\u00e3o de R$ 500 milh\u00f5es da P\u00e1tria Investimentos\" \/>\n<meta property=\"og:description\" content=\"Em uma opera\u00e7\u00e3o de aumento de capital, a rede Smart Fit deve receber aporte de R$ 500 milh\u00f5es do BPE Fit. Clique para saber mais.\" \/>\n<meta property=\"og:url\" content=\"https:\/\/www.suno.com.br\/noticias\/smart-fit-aumento-capital-patria\/\" \/>\n<meta property=\"og:site_name\" content=\"Suno Not\u00edcias\" \/>\n<meta property=\"article:publisher\" content=\"https:\/\/facebook.com\/sunoresearch\" \/>\n<meta property=\"og:image\" content=\"https:\/\/files.sunoresearch.com.br\/n\/uploads\/2019\/05\/32fa143a-smartfit.jpg\" \/>\n\t<meta property=\"og:image:width\" content=\"590\" \/>\n\t<meta property=\"og:image:height\" content=\"316\" \/>\n\t<meta property=\"og:image:type\" content=\"image\/jpeg\" \/>\n<meta name=\"author\" content=\"Amanda Gushiken\" \/>\n<meta name=\"twitter:card\" content=\"summary_large_image\" \/>\n<meta name=\"twitter:creator\" content=\"@sunoresearch\" \/>\n<meta name=\"twitter:site\" content=\"@sunoresearch\" \/>\n<meta name=\"twitter:label1\" content=\"Escrito por\" \/>\n\t<meta name=\"twitter:data1\" content=\"Amanda Gushiken\" \/>\n\t<meta name=\"twitter:label2\" content=\"Est. tempo de leitura\" \/>\n\t<meta name=\"twitter:data2\" content=\"2 minutos\" \/>\n<script type=\"application\/ld+json\" class=\"yoast-schema-graph\">{\"@context\":\"https:\/\/schema.org\",\"@graph\":[{\"@type\":\"NewsArticle\",\"@id\":\"https:\/\/www.suno.com.br\/noticias\/smart-fit-aumento-capital-patria\/#article\",\"isPartOf\":{\"@id\":\"https:\/\/www.suno.com.br\/noticias\/smart-fit-aumento-capital-patria\/\"},\"author\":{\"name\":\"Amanda Gushiken\",\"@id\":\"https:\/\/www.suno.com.br\/noticias\/#\/schema\/person\/a5b06fa4e879d8e8e119c6ed3cd630d1\"},\"headline\":\"Smart Fit deve receber inje\u00e7\u00e3o de R$ 500 milh\u00f5es da P\u00e1tria Investimentos\",\"datePublished\":\"2019-05-31T21:27:58+00:00\",\"mainEntityOfPage\":{\"@id\":\"https:\/\/www.suno.com.br\/noticias\/smart-fit-aumento-capital-patria\/\"},\"wordCount\":385,\"publisher\":{\"@id\":\"https:\/\/www.suno.com.br\/noticias\/#organization\"},\"image\":{\"@id\":\"https:\/\/www.suno.com.br\/noticias\/smart-fit-aumento-capital-patria\/#primaryimage\"},\"thumbnailUrl\":\"https:\/\/files.sunoresearch.com.br\/n\/uploads\/2019\/05\/32fa143a-smartfit-jpg.webp\",\"keywords\":[\"P\u00e1tria Investimentos\",\"Smart Fit (SMFT3)\"],\"articleSection\":[\"Neg\u00f3cios\"],\"inLanguage\":\"pt-BR\"},{\"@type\":\"WebPage\",\"@id\":\"https:\/\/www.suno.com.br\/noticias\/smart-fit-aumento-capital-patria\/\",\"url\":\"https:\/\/www.suno.com.br\/noticias\/smart-fit-aumento-capital-patria\/\",\"name\":\"Smart Fit deve receber inje\u00e7\u00e3o de R$ 500 milh\u00f5es da P\u00e1tria Investimentos\",\"isPartOf\":{\"@id\":\"https:\/\/www.suno.com.br\/noticias\/#website\"},\"primaryImageOfPage\":{\"@id\":\"https:\/\/www.suno.com.br\/noticias\/smart-fit-aumento-capital-patria\/#primaryimage\"},\"image\":{\"@id\":\"https:\/\/www.suno.com.br\/noticias\/smart-fit-aumento-capital-patria\/#primaryimage\"},\"thumbnailUrl\":\"https:\/\/files.sunoresearch.com.br\/n\/uploads\/2019\/05\/32fa143a-smartfit-jpg.webp\",\"datePublished\":\"2019-05-31T21:27:58+00:00\",\"description\":\"Em uma opera\u00e7\u00e3o de aumento de capital, a rede Smart Fit deve receber aporte de R$ 500 milh\u00f5es do BPE Fit. Clique para saber mais.\",\"breadcrumb\":{\"@id\":\"https:\/\/www.suno.com.br\/noticias\/smart-fit-aumento-capital-patria\/#breadcrumb\"},\"inLanguage\":\"pt-BR\",\"potentialAction\":[{\"@type\":\"ReadAction\",\"target\":[\"https:\/\/www.suno.com.br\/noticias\/smart-fit-aumento-capital-patria\/\"]}]},{\"@type\":\"ImageObject\",\"inLanguage\":\"pt-BR\",\"@id\":\"https:\/\/www.suno.com.br\/noticias\/smart-fit-aumento-capital-patria\/#primaryimage\",\"url\":\"https:\/\/files.sunoresearch.com.br\/n\/uploads\/2019\/05\/32fa143a-smartfit-jpg.webp\",\"contentUrl\":\"https:\/\/files.sunoresearch.com.br\/n\/uploads\/2019\/05\/32fa143a-smartfit-jpg.webp\",\"width\":590,\"height\":316,\"caption\":\"Smart Fit realizar\u00e1 joint ventures na Am\u00e9rica Latina\"},{\"@type\":\"BreadcrumbList\",\"@id\":\"https:\/\/www.suno.com.br\/noticias\/smart-fit-aumento-capital-patria\/#breadcrumb\",\"itemListElement\":[{\"@type\":\"ListItem\",\"position\":1,\"name\":\"Not\u00edcias\",\"item\":\"https:\/\/www.suno.com.br\/noticias\/\"},{\"@type\":\"ListItem\",\"position\":2,\"name\":\"Neg\u00f3cios\",\"item\":\"https:\/\/www.suno.com.br\/noticias\/negocios\/\"},{\"@type\":\"ListItem\",\"position\":3,\"name\":\"Smart Fit deve receber inje\u00e7\u00e3o de R$ 500 milh\u00f5es da P\u00e1tria Investimentos\"}]},{\"@type\":\"WebSite\",\"@id\":\"https:\/\/www.suno.com.br\/noticias\/#website\",\"url\":\"https:\/\/www.suno.com.br\/noticias\/\",\"name\":\"Suno Not\u00edcias\",\"description\":\"Seu portal de informa\u00e7\u00e3o sobre o mundo dos investimentos\",\"publisher\":{\"@id\":\"https:\/\/www.suno.com.br\/noticias\/#organization\"},\"potentialAction\":[{\"@type\":\"SearchAction\",\"target\":{\"@type\":\"EntryPoint\",\"urlTemplate\":\"https:\/\/www.suno.com.br\/noticias\/?s={search_term_string}\"},\"query-input\":{\"@type\":\"PropertyValueSpecification\",\"valueRequired\":true,\"valueName\":\"search_term_string\"}}],\"inLanguage\":\"pt-BR\"},{\"@type\":\"Organization\",\"@id\":\"https:\/\/www.suno.com.br\/noticias\/#organization\",\"name\":\"Suno Not\u00edcias\",\"url\":\"https:\/\/www.suno.com.br\/noticias\/\",\"logo\":{\"@type\":\"ImageObject\",\"inLanguage\":\"pt-BR\",\"@id\":\"https:\/\/www.suno.com.br\/noticias\/#\/schema\/logo\/image\/\",\"url\":\"https:\/\/files.sunoresearch.com.br\/n\/uploads\/2021\/09\/suno-logo.png\",\"contentUrl\":\"https:\/\/files.sunoresearch.com.br\/n\/uploads\/2021\/09\/suno-logo.png\",\"width\":180,\"height\":180,\"caption\":\"Suno Not\u00edcias\"},\"image\":{\"@id\":\"https:\/\/www.suno.com.br\/noticias\/#\/schema\/logo\/image\/\"},\"sameAs\":[\"https:\/\/facebook.com\/sunoresearch\",\"https:\/\/x.com\/sunoresearch\",\"https:\/\/www.instagram.com\/suno\",\"https:\/\/www.linkedin.com\/company\/suno-research\/\",\"https:\/\/www.youtube.com\/c\/sunoresearch\"]},{\"@type\":\"Person\",\"@id\":\"https:\/\/www.suno.com.br\/noticias\/#\/schema\/person\/a5b06fa4e879d8e8e119c6ed3cd630d1\",\"name\":\"Amanda Gushiken\",\"image\":{\"@type\":\"ImageObject\",\"inLanguage\":\"pt-BR\",\"@id\":\"https:\/\/www.suno.com.br\/noticias\/#\/schema\/person\/image\/\",\"url\":\"https:\/\/secure.gravatar.com\/avatar\/ecd84705e6b65e3685ae80d725501fbe?s=96&r=g\",\"contentUrl\":\"https:\/\/secure.gravatar.com\/avatar\/ecd84705e6b65e3685ae80d725501fbe?s=96&r=g\",\"caption\":\"Amanda Gushiken\"},\"description\":\"Amanda Sayuri Gushiken escreve sobre finan\u00e7as e neg\u00f3cios para o portal Suno Not\u00edcias. Antes, trabalhou selecionando not\u00edcias da imprensa para clientes do mercado financeiro. Tamb\u00e9m desenvolveu pesquisa acad\u00eamica pela Universidade Anhembi Morumbi na \u00e1rea de Teorias da Comunica\u00e7\u00e3o e \u00e9 fot\u00f3grafa nas horas vagas.\",\"url\":\"https:\/\/www.suno.com.br\/noticias\/author\/amanda\/\"}]}<\/script>\n<!-- \/ Yoast SEO plugin. -->","yoast_head_json":{"title":"Smart Fit deve receber inje\u00e7\u00e3o de R$ 500 milh\u00f5es da P\u00e1tria Investimentos","description":"Em uma opera\u00e7\u00e3o de aumento de capital, a rede Smart Fit deve receber aporte de R$ 500 milh\u00f5es do BPE Fit. Clique para saber mais.","robots":{"index":"index","follow":"follow","max-snippet":"max-snippet:-1","max-image-preview":"max-image-preview:large","max-video-preview":"max-video-preview:-1"},"canonical":"https:\/\/www.suno.com.br\/noticias\/smart-fit-aumento-capital-patria\/","og_locale":"pt_BR","og_type":"article","og_title":"Smart Fit deve receber inje\u00e7\u00e3o de R$ 500 milh\u00f5es da P\u00e1tria Investimentos","og_description":"Em uma opera\u00e7\u00e3o de aumento de capital, a rede Smart Fit deve receber aporte de R$ 500 milh\u00f5es do BPE Fit. Clique para saber mais.","og_url":"https:\/\/www.suno.com.br\/noticias\/smart-fit-aumento-capital-patria\/","og_site_name":"Suno Not\u00edcias","article_publisher":"https:\/\/facebook.com\/sunoresearch","og_image":[{"width":590,"height":316,"url":"https:\/\/files.sunoresearch.com.br\/n\/uploads\/2019\/05\/32fa143a-smartfit.jpg","type":"image\/jpeg"}],"author":"Amanda Gushiken","twitter_card":"summary_large_image","twitter_creator":"@sunoresearch","twitter_site":"@sunoresearch","twitter_misc":{"Escrito por":"Amanda Gushiken","Est. tempo de leitura":"2 minutos"},"schema":{"@context":"https:\/\/schema.org","@graph":[{"@type":"NewsArticle","@id":"https:\/\/www.suno.com.br\/noticias\/smart-fit-aumento-capital-patria\/#article","isPartOf":{"@id":"https:\/\/www.suno.com.br\/noticias\/smart-fit-aumento-capital-patria\/"},"author":{"name":"Amanda Gushiken","@id":"https:\/\/www.suno.com.br\/noticias\/#\/schema\/person\/a5b06fa4e879d8e8e119c6ed3cd630d1"},"headline":"Smart Fit deve receber inje\u00e7\u00e3o de R$ 500 milh\u00f5es da P\u00e1tria Investimentos","datePublished":"2019-05-31T21:27:58+00:00","mainEntityOfPage":{"@id":"https:\/\/www.suno.com.br\/noticias\/smart-fit-aumento-capital-patria\/"},"wordCount":385,"publisher":{"@id":"https:\/\/www.suno.com.br\/noticias\/#organization"},"image":{"@id":"https:\/\/www.suno.com.br\/noticias\/smart-fit-aumento-capital-patria\/#primaryimage"},"thumbnailUrl":"https:\/\/files.sunoresearch.com.br\/n\/uploads\/2019\/05\/32fa143a-smartfit-jpg.webp","keywords":["P\u00e1tria Investimentos","Smart Fit (SMFT3)"],"articleSection":["Neg\u00f3cios"],"inLanguage":"pt-BR"},{"@type":"WebPage","@id":"https:\/\/www.suno.com.br\/noticias\/smart-fit-aumento-capital-patria\/","url":"https:\/\/www.suno.com.br\/noticias\/smart-fit-aumento-capital-patria\/","name":"Smart Fit deve receber inje\u00e7\u00e3o de R$ 500 milh\u00f5es da P\u00e1tria Investimentos","isPartOf":{"@id":"https:\/\/www.suno.com.br\/noticias\/#website"},"primaryImageOfPage":{"@id":"https:\/\/www.suno.com.br\/noticias\/smart-fit-aumento-capital-patria\/#primaryimage"},"image":{"@id":"https:\/\/www.suno.com.br\/noticias\/smart-fit-aumento-capital-patria\/#primaryimage"},"thumbnailUrl":"https:\/\/files.sunoresearch.com.br\/n\/uploads\/2019\/05\/32fa143a-smartfit-jpg.webp","datePublished":"2019-05-31T21:27:58+00:00","description":"Em uma opera\u00e7\u00e3o de aumento de capital, a rede Smart Fit deve receber aporte de R$ 500 milh\u00f5es do BPE Fit. Clique para saber mais.","breadcrumb":{"@id":"https:\/\/www.suno.com.br\/noticias\/smart-fit-aumento-capital-patria\/#breadcrumb"},"inLanguage":"pt-BR","potentialAction":[{"@type":"ReadAction","target":["https:\/\/www.suno.com.br\/noticias\/smart-fit-aumento-capital-patria\/"]}]},{"@type":"ImageObject","inLanguage":"pt-BR","@id":"https:\/\/www.suno.com.br\/noticias\/smart-fit-aumento-capital-patria\/#primaryimage","url":"https:\/\/files.sunoresearch.com.br\/n\/uploads\/2019\/05\/32fa143a-smartfit-jpg.webp","contentUrl":"https:\/\/files.sunoresearch.com.br\/n\/uploads\/2019\/05\/32fa143a-smartfit-jpg.webp","width":590,"height":316,"caption":"Smart Fit realizar\u00e1 joint ventures na Am\u00e9rica Latina"},{"@type":"BreadcrumbList","@id":"https:\/\/www.suno.com.br\/noticias\/smart-fit-aumento-capital-patria\/#breadcrumb","itemListElement":[{"@type":"ListItem","position":1,"name":"Not\u00edcias","item":"https:\/\/www.suno.com.br\/noticias\/"},{"@type":"ListItem","position":2,"name":"Neg\u00f3cios","item":"https:\/\/www.suno.com.br\/noticias\/negocios\/"},{"@type":"ListItem","position":3,"name":"Smart Fit deve receber inje\u00e7\u00e3o de R$ 500 milh\u00f5es da P\u00e1tria Investimentos"}]},{"@type":"WebSite","@id":"https:\/\/www.suno.com.br\/noticias\/#website","url":"https:\/\/www.suno.com.br\/noticias\/","name":"Suno Not\u00edcias","description":"Seu portal de informa\u00e7\u00e3o sobre o mundo dos investimentos","publisher":{"@id":"https:\/\/www.suno.com.br\/noticias\/#organization"},"potentialAction":[{"@type":"SearchAction","target":{"@type":"EntryPoint","urlTemplate":"https:\/\/www.suno.com.br\/noticias\/?s={search_term_string}"},"query-input":{"@type":"PropertyValueSpecification","valueRequired":true,"valueName":"search_term_string"}}],"inLanguage":"pt-BR"},{"@type":"Organization","@id":"https:\/\/www.suno.com.br\/noticias\/#organization","name":"Suno Not\u00edcias","url":"https:\/\/www.suno.com.br\/noticias\/","logo":{"@type":"ImageObject","inLanguage":"pt-BR","@id":"https:\/\/www.suno.com.br\/noticias\/#\/schema\/logo\/image\/","url":"https:\/\/files.sunoresearch.com.br\/n\/uploads\/2021\/09\/suno-logo.png","contentUrl":"https:\/\/files.sunoresearch.com.br\/n\/uploads\/2021\/09\/suno-logo.png","width":180,"height":180,"caption":"Suno Not\u00edcias"},"image":{"@id":"https:\/\/www.suno.com.br\/noticias\/#\/schema\/logo\/image\/"},"sameAs":["https:\/\/facebook.com\/sunoresearch","https:\/\/x.com\/sunoresearch","https:\/\/www.instagram.com\/suno","https:\/\/www.linkedin.com\/company\/suno-research\/","https:\/\/www.youtube.com\/c\/sunoresearch"]},{"@type":"Person","@id":"https:\/\/www.suno.com.br\/noticias\/#\/schema\/person\/a5b06fa4e879d8e8e119c6ed3cd630d1","name":"Amanda Gushiken","image":{"@type":"ImageObject","inLanguage":"pt-BR","@id":"https:\/\/www.suno.com.br\/noticias\/#\/schema\/person\/image\/","url":"https:\/\/secure.gravatar.com\/avatar\/ecd84705e6b65e3685ae80d725501fbe?s=96&r=g","contentUrl":"https:\/\/secure.gravatar.com\/avatar\/ecd84705e6b65e3685ae80d725501fbe?s=96&r=g","caption":"Amanda Gushiken"},"description":"Amanda Sayuri Gushiken escreve sobre finan\u00e7as e neg\u00f3cios para o portal Suno Not\u00edcias. Antes, trabalhou selecionando not\u00edcias da imprensa para clientes do mercado financeiro. Tamb\u00e9m desenvolveu pesquisa acad\u00eamica pela Universidade Anhembi Morumbi na \u00e1rea de Teorias da Comunica\u00e7\u00e3o e \u00e9 fot\u00f3grafa nas horas vagas.","url":"https:\/\/www.suno.com.br\/noticias\/author\/amanda\/"}]}},"default_loop_html":"<div class=\"cardsPage__listCard__boxs\"><div class=\"cardsPage__listCard__boxs__img\"><a href=\"https:\/\/www.suno.com.br\/noticias\/smart-fit-aumento-capital-patria\/\"><img class=\"mask\" src=\"https:\/\/www.suno.com.br\/noticias\/wp-content\/themes\/suno\/resources\/images\/spotlight\/spotlight1img\/bg-mask.png\" alt=\"Image Mask\"\/><img src=\"https:\/\/files.sunoresearch.com.br\/n\/uploads\/2019\/05\/32fa143a-smartfit-400x200.webp\" alt=\"Smart Fit deve receber inje\u00e7\u00e3o de R$ 500 milh\u00f5es da P\u00e1tria Investimentos\"\/><\/a><span class=\"spotlightCategory\"><a href=\"https:\/\/www.suno.com.br\/noticias\/negocios\/\">Neg\u00f3cios<\/a><\/span><\/div><div class=\"cardsPage__listCard__boxs__content\"><a href=\"https:\/\/www.suno.com.br\/noticias\/smart-fit-aumento-capital-patria\/\"><h2 class=\"content__title\">Smart Fit deve receber inje\u00e7\u00e3o de R$ 500 milh\u00f5es da P\u00e1tria Investimentos<\/h2><\/a><div class=\"newsContent__article__meta\"><div class=\"newsContent__article__meta__authorBox\"><a href=\"https:\/\/www.suno.com.br\/noticias\/author\/amanda\/\" class=\"authorBox__avatar noMobi\"><img src=\"https:\/\/files.sunoresearch.com.br\/n\/uploads\/2018\/11\/c6ad30be-amanda-150x150.webp\" alt=\"Amanda Gushiken\"><\/a><div class=\"authorBox__name\"><span>por\n\t\t\t<a href=\"https:\/\/www.suno.com.br\/noticias\/author\/amanda\/\"><span itemprop=\"author\">Amanda Gushiken<\/span><\/a><\/span><time datetime=\"2019-05-31T18:27:58-03:00\" itemprop=\"datePublished\">31\/05\/2019 18:27<\/time><\/div><\/div><\/div><\/div><\/div>","single_layout":"posts","amp_enabled":true,"_links":{"self":[{"href":"https:\/\/www.suno.com.br\/noticias\/wp-json\/wp\/v2\/posts\/26821"}],"collection":[{"href":"https:\/\/www.suno.com.br\/noticias\/wp-json\/wp\/v2\/posts"}],"about":[{"href":"https:\/\/www.suno.com.br\/noticias\/wp-json\/wp\/v2\/types\/post"}],"author":[{"embeddable":true,"href":"https:\/\/www.suno.com.br\/noticias\/wp-json\/wp\/v2\/users\/12"}],"replies":[{"embeddable":true,"href":"https:\/\/www.suno.com.br\/noticias\/wp-json\/wp\/v2\/comments?post=26821"}],"version-history":[{"count":0,"href":"https:\/\/www.suno.com.br\/noticias\/wp-json\/wp\/v2\/posts\/26821\/revisions"}],"wp:featuredmedia":[{"embeddable":true,"href":"https:\/\/www.suno.com.br\/noticias\/wp-json\/wp\/v2\/media\/26841"}],"wp:attachment":[{"href":"https:\/\/www.suno.com.br\/noticias\/wp-json\/wp\/v2\/media?parent=26821"}],"wp:term":[{"taxonomy":"category","embeddable":true,"href":"https:\/\/www.suno.com.br\/noticias\/wp-json\/wp\/v2\/categories?post=26821"},{"taxonomy":"post_tag","embeddable":true,"href":"https:\/\/www.suno.com.br\/noticias\/wp-json\/wp\/v2\/tags?post=26821"},{"taxonomy":"suno_strategy","embeddable":true,"href":"https:\/\/www.suno.com.br\/noticias\/wp-json\/wp\/v2\/suno_strategy?post=26821"}],"curies":[{"name":"wp","href":"https:\/\/api.w.org\/{rel}","templated":true}]}}