{"id":26807,"date":"2019-05-31T15:15:19","date_gmt":"2019-05-31T18:15:19","guid":{"rendered":"https:\/\/www.suno.com.br\/noticias\/?p=26807"},"modified":"2019-05-31T20:51:21","modified_gmt":"2019-05-31T23:51:21","slug":"eternit-demissao-400-funcionarios-acoes","status":"publish","type":"post","link":"https:\/\/www.suno.com.br\/noticias\/eternit-demissao-400-funcionarios-acoes\/","title":{"rendered":"Ap\u00f3s cair 14%, Eternit desvaloriza mais 6% com demiss\u00e3o de funcion\u00e1rios"},"content":{"rendered":"<p>A Eternit (ETER3) anunciou nesta sexta-feira (31) a <strong>demiss\u00e3o<\/strong> de 400 funcion\u00e1rios da subsidi\u00e1ria <strong>Sama<\/strong>,\u00a0focada em <strong>minera\u00e7\u00e3o<\/strong> de amianto e localizada em Mina\u00e7u (GO).<\/p>\t<div class=\"wrapper-featured-image\">\n\t\t<figure class=\"spotlightImg\">\n\n\t\t\t<picture>\n\t\t\t\t<source media=\"(max-width: 768px)\" srcset=\"https:\/\/files.sunoresearch.com.br\/n\/uploads\/2019\/05\/28dc62f4-eternit-400x200.webp\">\n\t\t\t\t<img loading=\"lazy\" decoding=\"async\" class=\"newsContent__article__imgCapa lazyloadDisabled newsContent__article__imgCapa--noCaption\" src=\"https:\/\/files.sunoresearch.com.br\/n\/uploads\/2019\/05\/28dc62f4-eternit-800x450.webp\" width=\"800\" height=\"450\" alt=\"Ap\u00f3s cair 14%, Eternit desvaloriza mais 6% com demiss\u00e3o de funcion\u00e1rios\" fetchpriority=high \/>\n\t\t\t<\/picture>\n\n\t\t\t<figcaption class=\"wp-caption-text wp-caption-text--hide\">A Eternit \u00e9 l\u00edder nacional de mercado no segmento de coberturas. (divulga\u00e7\u00e3o)<\/figcaption>\n\t\t<\/figure>\n\t<\/div>\n\n\n<p>Ap\u00f3s o an\u00fancio, as <a href=\"https:\/\/www.suno.com.br\/artigos\/acoes-ordinarias\/\">a\u00e7\u00f5es ordin\u00e1rias<\/a> da <strong>Eternit<\/strong> encerraram em baixa de 6,88% a R$ 2,30 na Bolsa de Valores de S\u00e3o Paulo (<a href=\"https:\/\/www.suno.com.br\/artigos\/b3\/\">B3<\/a>). Na v\u00e9spera, a companhia caiu\u00a014,83%, com os papeis cotados a R$\u00a02,47 (veja abaixo).<\/p>\n\t<p>\n\t\t<a href=\"https:\/\/lp2.suno.com.br\/pv\/bolsa-para-iniciantes?utm_campaign=_SNC757A2733_rs.mpr26---meu-primeiro-rendimento---venda---not\u00edcias&#038;utm_source=suno-not\u00edcias&#038;utm_medium=banner.noticias\" target=\"_blank\" data-element=\"shortcode-suno-banner\" title=\"Banner SUNO, clique e saiba mais\">\n\t\t\t<picture>\n\t\t\t\t<source media=\"(max-width: 500px)\" srcset=\"https:\/\/files.sunoresearch.com.br\/n\/uploads\/2026\/04\/400x300-Banner-Materias-01-png.webp\">\n\t\t\t\t<img class=\"newsContent__article__imgCapa newsContent__article__imgCapa--banner\"\n\t\t\t\t\tsrc=\"https:\/\/files.sunoresearch.com.br\/n\/uploads\/2026\/04\/1420x240-Banner-Materias-01-png.webp\"\n\t\t\t\t\tdata-promo-id=\"647482\"\t\t\t\t\t\t\t\t\t\twidth='1420' height='240'\t\t\t\t\talt=\"https:\/\/files.sunoresearch.com.br\/n\/uploads\/2026\/04\/1420x240-Banner-Materias-01-png.webp\"\n\t\t\t\t>\n\t\t\t<\/picture>\n\t\t<\/a>\n\t<\/p>\n\n\n<h2>Demiss\u00e3o dos funcion\u00e1rios da Sama<\/h2>\n<p>As atividades da <strong>Sama<\/strong> estavam suspensas desde 11 de fevereiro. De acordo com o\u00a0presidente-executivo da <strong>Eternit<\/strong>, Lu\u00eds Augusto Barbosa, ao &#8220;Valor Econ\u00f4mico&#8221;, os funcion\u00e1rios n\u00e3o recebiam os sal\u00e1rios h\u00e1 quase tr\u00eas meses.<\/p>\n<p style=\"text-align: center;\"><iframe loading=\"lazy\" src=\"https:\/\/www.youtube.com\/embed\/BGOB3wNptQU\" width=\"560\" height=\"315\" frameborder=\"0\" allowfullscreen=\"allowfullscreen\"><\/iframe><\/p>\n<p>Antes do atraso, a companhia havia antecipado o pagamento do <strong>13\u00ba sal\u00e1rio<\/strong>, al\u00e9m do <a href=\"https:\/\/www.suno.com.br\/artigos\/participacao-nos-lucros\/\">Programa de Participa\u00e7\u00e3o nos Lucros e Resultados<\/a>\u00a0(<strong>PLR<\/strong>).<\/p>\n<p>&#8220;N\u00e3o t\u00ednhamos mais nenhuma verba para antecipar. O melhor seria rescindir os contratos. Dessa forma, conseguimos diminuir os custos da <strong>Sama<\/strong>, pois ainda est\u00e1vamos pagando plano de sa\u00fade, plano odontol\u00f3gico e cesta-b\u00e1sica para os funcion\u00e1rios&#8221;, contou Barbosa. O custo mensal da<strong> folha de pagamentos<\/strong> da Sama era de R$ 2 milh\u00f5es.<\/p>\n<p>Ao passo que o executivo estima que o custo total das <strong>rescis\u00f5es<\/strong> dos 300 funcion\u00e1rios diretos, e 100 indiretos, some <strong>R$ 12 milh\u00f5es<\/strong>.\u00a0Os recursos rescis\u00f3rios ser\u00e3o pagos em quatro parcelas.<\/p>\n<p>&#8220;Nas duas primeiras parcelas, j\u00e1 vamos liquidar as rescis\u00f5es de mais de 50% das pessoas&#8221;, disse o presidente da <strong>Eternit<\/strong>. A empresa espera que isto ocorra em at\u00e9 45 dias.<\/p>\n<p>&#8220;Os funcion\u00e1rios poder\u00e3o acessar outras verbas, como o <a href=\"https:\/\/www.suno.com.br\/artigos\/fgts\/\">Fundo de Garantia do Tempo de Servi\u00e7o<\/a> (<strong>FGTS<\/strong>) e o <strong>seguro-desemprego<\/strong>&#8220;, acrescentou o executivo.<\/p>\n<p>Ainda conforme Barbosa, a demiss\u00e3o dos funcion\u00e1rios da <strong>Sama<\/strong> n\u00e3o representa o encerramento das atividades na mina de amianto. Uma equipe ser\u00e1 mantida para lidar e desligar os equipamentos. Deste modo, as opera\u00e7\u00f5es poder\u00e3o ser retomadas a qualquer momento.<\/p>\n<p><a href=\"https:\/\/www.suno.com.br\/noticias\/odebrecht-brookfield-venda-brk-ambiental\/\">Saiba mais &#8211;\u00a0Odebrecht cobra de Brookfield cerca de R$ 393 milh\u00f5es por BRK Ambiental<\/a><\/p>\n<h2>STF proibiu amianto crisotila no Brasil<\/h2>\n<p>Em 29 de novembro de 2017, o\u00a0<strong>Supremo Tribunal Federal<\/strong> (STF) proibiu a extra\u00e7\u00e3o, produ\u00e7\u00e3o, comercializa\u00e7\u00e3o e o uso do <strong>amianto crisotila<\/strong> no Pa\u00eds. Em sua decis\u00e3o, o \u00f3rg\u00e3o tamb\u00e9m retirou do Legislativo o poder de tramitar a pauta.<\/p>\n<p>Assim, a empresa extrativista alterou a rota dos produtos do mercado nacional, para o <strong>mercado externo<\/strong>. Atendendo outros pa\u00edses onde o produto \u00e9 permitido, como os Estados Unidos da Am\u00e9rica (EUA), \u00cdndia, Indon\u00e9sia e Mal\u00e1sia.<\/p>\n<p>Mas, em 11 fevereiro de 2019, a <strong>Eternit<\/strong> suspendeu as atividades da Sama.\u00a0Atualmente, a empresa fez\u00a0pedido de efeito suspensivo ao <strong>STF<\/strong>, para voltar a produzir e comercializar a fibra.\u00a0O <strong>amianto crisotila<\/strong> \u00e9 utilizado principalmente para a produ\u00e7\u00e3o de\u00a0<strong>telhas<\/strong> e <strong>caixas d\u00b4\u00e1gua<\/strong>.<\/p>\n<p>&#8220;Estive com a ministra\u00a0[do <strong>STF<\/strong>] Rosa Weber, mas o processo est\u00e1 parado na Procuradoria-Geral da Rep\u00fablica (<strong>PGR<\/strong>), esperando aprecia\u00e7\u00e3o da <strong>Raquel Dodge<\/strong> h\u00e1 cerca de 100 dias. Por causa disso, Rosa Weber n\u00e3o pode despachar&#8221;, declarou ao &#8220;Valor Econ\u00f4mico&#8221; o presidente da Eternit.<\/p>\n<p>Em 26 de abril, pol\u00edticos fizeram visita \u00e0 mina de amianto da <strong>Sama<\/strong> em Mina\u00e7u:<\/p>\n<ul>\n<li>o governador de Goi\u00e1s, Ronaldo Caiado (DEM);<\/li>\n<li>o presidente do Senado,\u00a0Davi Alcolumbre (DEM);<\/li>\n<li>al\u00e9m de\u00a0cinco senadores\u00a0e os vereadores de Mina\u00e7u.<\/li>\n<\/ul>\n<p>A <strong>Eternit<\/strong> defende que n\u00e3o h\u00e1 riscos na extra\u00e7\u00e3o do <strong>amianto crisotila<\/strong> para os funcion\u00e1rios. Segundo a empresa, os trabalhadores n\u00e3o tem contato com a mat\u00e9ria-prima, devido aos processos utilizados.<\/p>\n<p><a href=\"https:\/\/www.suno.com.br\/noticias\/recuperacao-judicial-processo-mais-rapido\/\">Saiba mais &#8211;\u00a0Recupera\u00e7\u00e3o judicial: grupo apresentar\u00e1 medidas para acelerar processo\u00a0<\/a><\/p>\n<h2>Recupera\u00e7\u00e3o judicial da Eternit<\/h2>\n<p>A Eternit fez o pedido de <strong>recupera\u00e7\u00e3o judicial<\/strong> em mar\u00e7o de 2018. O pedido foi consequ\u00eancia das restri\u00e7\u00f5es de extra\u00e7\u00e3o e produ\u00e7\u00e3o do <strong>amianto crisotila<\/strong>. Deste modo, um plano de reestrutura\u00e7\u00e3o passou pelos credores, e foi aprovado na \u00faltima quinta-feira (30).<\/p>\n<p>Contudo, o plano de <a href=\"https:\/\/www.suno.com.br\/artigos\/recuperacao-judicial\/\">recupera\u00e7\u00e3o judicial<\/a> da <strong>Eternit<\/strong> n\u00e3o agradou aos investidores. E as a\u00e7\u00f5es da companhia encerraram com queda de 14,83%, com os papeis cotados a R$\u00a02,47.<\/p>\n","protected":false},"excerpt":{"rendered":"<p>A Eternit (ETER3) anunciou nesta sexta-feira (31) a demiss\u00e3o de 400 funcion\u00e1rios da subsidi\u00e1ria Sama,\u00a0focada em minera\u00e7\u00e3o de amianto e localizada em Mina\u00e7u (GO). A Eternit \u00e9 l\u00edder nacional de mercado no segmento de coberturas. (divulga\u00e7\u00e3o) Ap\u00f3s o an\u00fancio, as a\u00e7\u00f5es ordin\u00e1rias da Eternit encerraram em baixa de 6,88% a R$ 2,30 na Bolsa de [&hellip;]<\/p>\n","protected":false},"author":12,"featured_media":26811,"comment_status":"closed","ping_status":"closed","sticky":false,"template":"","format":"standard","meta":[],"categories":[60],"tags":[314,785],"suno_strategy":[],"class_list":["post-26807","post","type-post","status-publish","format-standard","has-post-thumbnail","hentry","category-mercado","tag-recuperacao-judicial","tag-supremo-tribunal-federal-stf"],"yoast_head":"<!-- This site is optimized with the Yoast SEO plugin v24.4 - https:\/\/yoast.com\/wordpress\/plugins\/seo\/ -->\n<title>Ap\u00f3s cair 14%, Eternit desvaloriza mais 6% com demiss\u00e3o de funcion\u00e1rios<\/title>\n<meta name=\"description\" content=\"As a\u00e7\u00f5es da Eternit caem 6% ap\u00f3s o an\u00fancio da demiss\u00e3o de 400 funcion\u00e1rios da subsidi\u00e1ria Sama, que minera amianto. Clique para saber mais.\" \/>\n<meta name=\"robots\" content=\"index, follow, max-snippet:-1, max-image-preview:large, max-video-preview:-1\" \/>\n<link rel=\"canonical\" href=\"https:\/\/www.suno.com.br\/noticias\/eternit-demissao-400-funcionarios-acoes\/\" \/>\n<meta property=\"og:locale\" content=\"pt_BR\" \/>\n<meta property=\"og:type\" content=\"article\" \/>\n<meta property=\"og:title\" content=\"Ap\u00f3s cair 14%, Eternit desvaloriza mais 6% com demiss\u00e3o de funcion\u00e1rios\" \/>\n<meta property=\"og:description\" content=\"As a\u00e7\u00f5es da Eternit caem 6% ap\u00f3s o an\u00fancio da demiss\u00e3o de 400 funcion\u00e1rios da subsidi\u00e1ria Sama, que minera amianto. Clique para saber mais.\" \/>\n<meta property=\"og:url\" content=\"https:\/\/www.suno.com.br\/noticias\/eternit-demissao-400-funcionarios-acoes\/\" \/>\n<meta property=\"og:site_name\" content=\"Suno Not\u00edcias\" \/>\n<meta property=\"article:publisher\" content=\"https:\/\/facebook.com\/sunoresearch\" \/>\n<meta property=\"og:image\" content=\"https:\/\/files.sunoresearch.com.br\/n\/uploads\/2019\/05\/28dc62f4-eternit.jpg\" \/>\n\t<meta property=\"og:image:width\" content=\"1200\" \/>\n\t<meta property=\"og:image:height\" content=\"800\" \/>\n\t<meta property=\"og:image:type\" content=\"image\/jpeg\" \/>\n<meta name=\"author\" content=\"Amanda Gushiken\" \/>\n<meta name=\"twitter:card\" content=\"summary_large_image\" \/>\n<meta name=\"twitter:creator\" content=\"@sunoresearch\" \/>\n<meta name=\"twitter:site\" content=\"@sunoresearch\" \/>\n<meta name=\"twitter:label1\" content=\"Escrito por\" \/>\n\t<meta name=\"twitter:data1\" content=\"Amanda Gushiken\" \/>\n\t<meta name=\"twitter:label2\" content=\"Est. tempo de leitura\" \/>\n\t<meta name=\"twitter:data2\" content=\"3 minutos\" \/>\n<script type=\"application\/ld+json\" class=\"yoast-schema-graph\">{\"@context\":\"https:\/\/schema.org\",\"@graph\":[{\"@type\":\"NewsArticle\",\"@id\":\"https:\/\/www.suno.com.br\/noticias\/eternit-demissao-400-funcionarios-acoes\/#article\",\"isPartOf\":{\"@id\":\"https:\/\/www.suno.com.br\/noticias\/eternit-demissao-400-funcionarios-acoes\/\"},\"author\":{\"name\":\"Amanda Gushiken\",\"@id\":\"https:\/\/www.suno.com.br\/noticias\/#\/schema\/person\/a5b06fa4e879d8e8e119c6ed3cd630d1\"},\"headline\":\"Ap\u00f3s cair 14%, Eternit desvaloriza mais 6% com demiss\u00e3o de funcion\u00e1rios\",\"datePublished\":\"2019-05-31T18:15:19+00:00\",\"dateModified\":\"2019-05-31T23:51:21+00:00\",\"mainEntityOfPage\":{\"@id\":\"https:\/\/www.suno.com.br\/noticias\/eternit-demissao-400-funcionarios-acoes\/\"},\"wordCount\":705,\"publisher\":{\"@id\":\"https:\/\/www.suno.com.br\/noticias\/#organization\"},\"image\":{\"@id\":\"https:\/\/www.suno.com.br\/noticias\/eternit-demissao-400-funcionarios-acoes\/#primaryimage\"},\"thumbnailUrl\":\"https:\/\/files.sunoresearch.com.br\/n\/uploads\/2019\/05\/28dc62f4-eternit-jpg.webp\",\"keywords\":[\"recupera\u00e7\u00e3o judicial\",\"Supremo Tribunal Federal (STF)\"],\"articleSection\":[\"Mercado\"],\"inLanguage\":\"pt-BR\"},{\"@type\":\"WebPage\",\"@id\":\"https:\/\/www.suno.com.br\/noticias\/eternit-demissao-400-funcionarios-acoes\/\",\"url\":\"https:\/\/www.suno.com.br\/noticias\/eternit-demissao-400-funcionarios-acoes\/\",\"name\":\"Ap\u00f3s cair 14%, Eternit desvaloriza mais 6% com demiss\u00e3o de funcion\u00e1rios\",\"isPartOf\":{\"@id\":\"https:\/\/www.suno.com.br\/noticias\/#website\"},\"primaryImageOfPage\":{\"@id\":\"https:\/\/www.suno.com.br\/noticias\/eternit-demissao-400-funcionarios-acoes\/#primaryimage\"},\"image\":{\"@id\":\"https:\/\/www.suno.com.br\/noticias\/eternit-demissao-400-funcionarios-acoes\/#primaryimage\"},\"thumbnailUrl\":\"https:\/\/files.sunoresearch.com.br\/n\/uploads\/2019\/05\/28dc62f4-eternit-jpg.webp\",\"datePublished\":\"2019-05-31T18:15:19+00:00\",\"dateModified\":\"2019-05-31T23:51:21+00:00\",\"description\":\"As a\u00e7\u00f5es da Eternit caem 6% ap\u00f3s o an\u00fancio da demiss\u00e3o de 400 funcion\u00e1rios da subsidi\u00e1ria Sama, que minera amianto. Clique para saber mais.\",\"breadcrumb\":{\"@id\":\"https:\/\/www.suno.com.br\/noticias\/eternit-demissao-400-funcionarios-acoes\/#breadcrumb\"},\"inLanguage\":\"pt-BR\",\"potentialAction\":[{\"@type\":\"ReadAction\",\"target\":[\"https:\/\/www.suno.com.br\/noticias\/eternit-demissao-400-funcionarios-acoes\/\"]}]},{\"@type\":\"ImageObject\",\"inLanguage\":\"pt-BR\",\"@id\":\"https:\/\/www.suno.com.br\/noticias\/eternit-demissao-400-funcionarios-acoes\/#primaryimage\",\"url\":\"https:\/\/files.sunoresearch.com.br\/n\/uploads\/2019\/05\/28dc62f4-eternit-jpg.webp\",\"contentUrl\":\"https:\/\/files.sunoresearch.com.br\/n\/uploads\/2019\/05\/28dc62f4-eternit-jpg.webp\",\"width\":1200,\"height\":800,\"caption\":\"A Eternit \u00e9 l\u00edder nacional de mercado no segmento de coberturas. (divulga\u00e7\u00e3o)\"},{\"@type\":\"BreadcrumbList\",\"@id\":\"https:\/\/www.suno.com.br\/noticias\/eternit-demissao-400-funcionarios-acoes\/#breadcrumb\",\"itemListElement\":[{\"@type\":\"ListItem\",\"position\":1,\"name\":\"Not\u00edcias\",\"item\":\"https:\/\/www.suno.com.br\/noticias\/\"},{\"@type\":\"ListItem\",\"position\":2,\"name\":\"Mercado\",\"item\":\"https:\/\/www.suno.com.br\/noticias\/mercado\/\"},{\"@type\":\"ListItem\",\"position\":3,\"name\":\"Ap\u00f3s cair 14%, Eternit desvaloriza mais 6% com demiss\u00e3o de funcion\u00e1rios\"}]},{\"@type\":\"WebSite\",\"@id\":\"https:\/\/www.suno.com.br\/noticias\/#website\",\"url\":\"https:\/\/www.suno.com.br\/noticias\/\",\"name\":\"Suno Not\u00edcias\",\"description\":\"Seu portal de informa\u00e7\u00e3o sobre o mundo dos investimentos\",\"publisher\":{\"@id\":\"https:\/\/www.suno.com.br\/noticias\/#organization\"},\"potentialAction\":[{\"@type\":\"SearchAction\",\"target\":{\"@type\":\"EntryPoint\",\"urlTemplate\":\"https:\/\/www.suno.com.br\/noticias\/?s={search_term_string}\"},\"query-input\":{\"@type\":\"PropertyValueSpecification\",\"valueRequired\":true,\"valueName\":\"search_term_string\"}}],\"inLanguage\":\"pt-BR\"},{\"@type\":\"Organization\",\"@id\":\"https:\/\/www.suno.com.br\/noticias\/#organization\",\"name\":\"Suno Not\u00edcias\",\"url\":\"https:\/\/www.suno.com.br\/noticias\/\",\"logo\":{\"@type\":\"ImageObject\",\"inLanguage\":\"pt-BR\",\"@id\":\"https:\/\/www.suno.com.br\/noticias\/#\/schema\/logo\/image\/\",\"url\":\"https:\/\/files.sunoresearch.com.br\/n\/uploads\/2021\/09\/suno-logo.png\",\"contentUrl\":\"https:\/\/files.sunoresearch.com.br\/n\/uploads\/2021\/09\/suno-logo.png\",\"width\":180,\"height\":180,\"caption\":\"Suno Not\u00edcias\"},\"image\":{\"@id\":\"https:\/\/www.suno.com.br\/noticias\/#\/schema\/logo\/image\/\"},\"sameAs\":[\"https:\/\/facebook.com\/sunoresearch\",\"https:\/\/x.com\/sunoresearch\",\"https:\/\/www.instagram.com\/suno\",\"https:\/\/www.linkedin.com\/company\/suno-research\/\",\"https:\/\/www.youtube.com\/c\/sunoresearch\"]},{\"@type\":\"Person\",\"@id\":\"https:\/\/www.suno.com.br\/noticias\/#\/schema\/person\/a5b06fa4e879d8e8e119c6ed3cd630d1\",\"name\":\"Amanda Gushiken\",\"image\":{\"@type\":\"ImageObject\",\"inLanguage\":\"pt-BR\",\"@id\":\"https:\/\/www.suno.com.br\/noticias\/#\/schema\/person\/image\/\",\"url\":\"https:\/\/secure.gravatar.com\/avatar\/ecd84705e6b65e3685ae80d725501fbe?s=96&r=g\",\"contentUrl\":\"https:\/\/secure.gravatar.com\/avatar\/ecd84705e6b65e3685ae80d725501fbe?s=96&r=g\",\"caption\":\"Amanda Gushiken\"},\"description\":\"Amanda Sayuri Gushiken escreve sobre finan\u00e7as e neg\u00f3cios para o portal Suno Not\u00edcias. Antes, trabalhou selecionando not\u00edcias da imprensa para clientes do mercado financeiro. Tamb\u00e9m desenvolveu pesquisa acad\u00eamica pela Universidade Anhembi Morumbi na \u00e1rea de Teorias da Comunica\u00e7\u00e3o e \u00e9 fot\u00f3grafa nas horas vagas.\",\"url\":\"https:\/\/www.suno.com.br\/noticias\/author\/amanda\/\"}]}<\/script>\n<!-- \/ Yoast SEO plugin. -->","yoast_head_json":{"title":"Ap\u00f3s cair 14%, Eternit desvaloriza mais 6% com demiss\u00e3o de funcion\u00e1rios","description":"As a\u00e7\u00f5es da Eternit caem 6% ap\u00f3s o an\u00fancio da demiss\u00e3o de 400 funcion\u00e1rios da subsidi\u00e1ria Sama, que minera amianto. Clique para saber mais.","robots":{"index":"index","follow":"follow","max-snippet":"max-snippet:-1","max-image-preview":"max-image-preview:large","max-video-preview":"max-video-preview:-1"},"canonical":"https:\/\/www.suno.com.br\/noticias\/eternit-demissao-400-funcionarios-acoes\/","og_locale":"pt_BR","og_type":"article","og_title":"Ap\u00f3s cair 14%, Eternit desvaloriza mais 6% com demiss\u00e3o de funcion\u00e1rios","og_description":"As a\u00e7\u00f5es da Eternit caem 6% ap\u00f3s o an\u00fancio da demiss\u00e3o de 400 funcion\u00e1rios da subsidi\u00e1ria Sama, que minera amianto. Clique para saber mais.","og_url":"https:\/\/www.suno.com.br\/noticias\/eternit-demissao-400-funcionarios-acoes\/","og_site_name":"Suno Not\u00edcias","article_publisher":"https:\/\/facebook.com\/sunoresearch","og_image":[{"width":1200,"height":800,"url":"https:\/\/files.sunoresearch.com.br\/n\/uploads\/2019\/05\/28dc62f4-eternit.jpg","type":"image\/jpeg"}],"author":"Amanda Gushiken","twitter_card":"summary_large_image","twitter_creator":"@sunoresearch","twitter_site":"@sunoresearch","twitter_misc":{"Escrito por":"Amanda Gushiken","Est. tempo de leitura":"3 minutos"},"schema":{"@context":"https:\/\/schema.org","@graph":[{"@type":"NewsArticle","@id":"https:\/\/www.suno.com.br\/noticias\/eternit-demissao-400-funcionarios-acoes\/#article","isPartOf":{"@id":"https:\/\/www.suno.com.br\/noticias\/eternit-demissao-400-funcionarios-acoes\/"},"author":{"name":"Amanda Gushiken","@id":"https:\/\/www.suno.com.br\/noticias\/#\/schema\/person\/a5b06fa4e879d8e8e119c6ed3cd630d1"},"headline":"Ap\u00f3s cair 14%, Eternit desvaloriza mais 6% com demiss\u00e3o de funcion\u00e1rios","datePublished":"2019-05-31T18:15:19+00:00","dateModified":"2019-05-31T23:51:21+00:00","mainEntityOfPage":{"@id":"https:\/\/www.suno.com.br\/noticias\/eternit-demissao-400-funcionarios-acoes\/"},"wordCount":705,"publisher":{"@id":"https:\/\/www.suno.com.br\/noticias\/#organization"},"image":{"@id":"https:\/\/www.suno.com.br\/noticias\/eternit-demissao-400-funcionarios-acoes\/#primaryimage"},"thumbnailUrl":"https:\/\/files.sunoresearch.com.br\/n\/uploads\/2019\/05\/28dc62f4-eternit-jpg.webp","keywords":["recupera\u00e7\u00e3o judicial","Supremo Tribunal Federal (STF)"],"articleSection":["Mercado"],"inLanguage":"pt-BR"},{"@type":"WebPage","@id":"https:\/\/www.suno.com.br\/noticias\/eternit-demissao-400-funcionarios-acoes\/","url":"https:\/\/www.suno.com.br\/noticias\/eternit-demissao-400-funcionarios-acoes\/","name":"Ap\u00f3s cair 14%, Eternit desvaloriza mais 6% com demiss\u00e3o de funcion\u00e1rios","isPartOf":{"@id":"https:\/\/www.suno.com.br\/noticias\/#website"},"primaryImageOfPage":{"@id":"https:\/\/www.suno.com.br\/noticias\/eternit-demissao-400-funcionarios-acoes\/#primaryimage"},"image":{"@id":"https:\/\/www.suno.com.br\/noticias\/eternit-demissao-400-funcionarios-acoes\/#primaryimage"},"thumbnailUrl":"https:\/\/files.sunoresearch.com.br\/n\/uploads\/2019\/05\/28dc62f4-eternit-jpg.webp","datePublished":"2019-05-31T18:15:19+00:00","dateModified":"2019-05-31T23:51:21+00:00","description":"As a\u00e7\u00f5es da Eternit caem 6% ap\u00f3s o an\u00fancio da demiss\u00e3o de 400 funcion\u00e1rios da subsidi\u00e1ria Sama, que minera amianto. Clique para saber mais.","breadcrumb":{"@id":"https:\/\/www.suno.com.br\/noticias\/eternit-demissao-400-funcionarios-acoes\/#breadcrumb"},"inLanguage":"pt-BR","potentialAction":[{"@type":"ReadAction","target":["https:\/\/www.suno.com.br\/noticias\/eternit-demissao-400-funcionarios-acoes\/"]}]},{"@type":"ImageObject","inLanguage":"pt-BR","@id":"https:\/\/www.suno.com.br\/noticias\/eternit-demissao-400-funcionarios-acoes\/#primaryimage","url":"https:\/\/files.sunoresearch.com.br\/n\/uploads\/2019\/05\/28dc62f4-eternit-jpg.webp","contentUrl":"https:\/\/files.sunoresearch.com.br\/n\/uploads\/2019\/05\/28dc62f4-eternit-jpg.webp","width":1200,"height":800,"caption":"A Eternit \u00e9 l\u00edder nacional de mercado no segmento de coberturas. (divulga\u00e7\u00e3o)"},{"@type":"BreadcrumbList","@id":"https:\/\/www.suno.com.br\/noticias\/eternit-demissao-400-funcionarios-acoes\/#breadcrumb","itemListElement":[{"@type":"ListItem","position":1,"name":"Not\u00edcias","item":"https:\/\/www.suno.com.br\/noticias\/"},{"@type":"ListItem","position":2,"name":"Mercado","item":"https:\/\/www.suno.com.br\/noticias\/mercado\/"},{"@type":"ListItem","position":3,"name":"Ap\u00f3s cair 14%, Eternit desvaloriza mais 6% com demiss\u00e3o de funcion\u00e1rios"}]},{"@type":"WebSite","@id":"https:\/\/www.suno.com.br\/noticias\/#website","url":"https:\/\/www.suno.com.br\/noticias\/","name":"Suno Not\u00edcias","description":"Seu portal de informa\u00e7\u00e3o sobre o mundo dos investimentos","publisher":{"@id":"https:\/\/www.suno.com.br\/noticias\/#organization"},"potentialAction":[{"@type":"SearchAction","target":{"@type":"EntryPoint","urlTemplate":"https:\/\/www.suno.com.br\/noticias\/?s={search_term_string}"},"query-input":{"@type":"PropertyValueSpecification","valueRequired":true,"valueName":"search_term_string"}}],"inLanguage":"pt-BR"},{"@type":"Organization","@id":"https:\/\/www.suno.com.br\/noticias\/#organization","name":"Suno Not\u00edcias","url":"https:\/\/www.suno.com.br\/noticias\/","logo":{"@type":"ImageObject","inLanguage":"pt-BR","@id":"https:\/\/www.suno.com.br\/noticias\/#\/schema\/logo\/image\/","url":"https:\/\/files.sunoresearch.com.br\/n\/uploads\/2021\/09\/suno-logo.png","contentUrl":"https:\/\/files.sunoresearch.com.br\/n\/uploads\/2021\/09\/suno-logo.png","width":180,"height":180,"caption":"Suno Not\u00edcias"},"image":{"@id":"https:\/\/www.suno.com.br\/noticias\/#\/schema\/logo\/image\/"},"sameAs":["https:\/\/facebook.com\/sunoresearch","https:\/\/x.com\/sunoresearch","https:\/\/www.instagram.com\/suno","https:\/\/www.linkedin.com\/company\/suno-research\/","https:\/\/www.youtube.com\/c\/sunoresearch"]},{"@type":"Person","@id":"https:\/\/www.suno.com.br\/noticias\/#\/schema\/person\/a5b06fa4e879d8e8e119c6ed3cd630d1","name":"Amanda Gushiken","image":{"@type":"ImageObject","inLanguage":"pt-BR","@id":"https:\/\/www.suno.com.br\/noticias\/#\/schema\/person\/image\/","url":"https:\/\/secure.gravatar.com\/avatar\/ecd84705e6b65e3685ae80d725501fbe?s=96&r=g","contentUrl":"https:\/\/secure.gravatar.com\/avatar\/ecd84705e6b65e3685ae80d725501fbe?s=96&r=g","caption":"Amanda Gushiken"},"description":"Amanda Sayuri Gushiken escreve sobre finan\u00e7as e neg\u00f3cios para o portal Suno Not\u00edcias. Antes, trabalhou selecionando not\u00edcias da imprensa para clientes do mercado financeiro. Tamb\u00e9m desenvolveu pesquisa acad\u00eamica pela Universidade Anhembi Morumbi na \u00e1rea de Teorias da Comunica\u00e7\u00e3o e \u00e9 fot\u00f3grafa nas horas vagas.","url":"https:\/\/www.suno.com.br\/noticias\/author\/amanda\/"}]}},"default_loop_html":"<div class=\"cardsPage__listCard__boxs\"><div class=\"cardsPage__listCard__boxs__img\"><a href=\"https:\/\/www.suno.com.br\/noticias\/eternit-demissao-400-funcionarios-acoes\/\"><img class=\"mask\" src=\"https:\/\/www.suno.com.br\/noticias\/wp-content\/themes\/suno\/resources\/images\/spotlight\/spotlight1img\/bg-mask.png\" alt=\"Image Mask\"\/><img src=\"https:\/\/files.sunoresearch.com.br\/n\/uploads\/2019\/05\/28dc62f4-eternit-400x200.webp\" alt=\"Ap\u00f3s cair 14%, Eternit desvaloriza mais 6% com demiss\u00e3o de funcion\u00e1rios\"\/><\/a><span class=\"spotlightCategory\"><a href=\"https:\/\/www.suno.com.br\/noticias\/mercado\/\">Mercado<\/a><\/span><\/div><div class=\"cardsPage__listCard__boxs__content\"><a href=\"https:\/\/www.suno.com.br\/noticias\/eternit-demissao-400-funcionarios-acoes\/\"><h2 class=\"content__title\">Ap\u00f3s cair 14%, Eternit desvaloriza mais 6% com demiss\u00e3o de funcion\u00e1rios<\/h2><\/a><div class=\"newsContent__article__meta\"><div class=\"newsContent__article__meta__authorBox\"><a href=\"https:\/\/www.suno.com.br\/noticias\/author\/amanda\/\" class=\"authorBox__avatar noMobi\"><img src=\"https:\/\/files.sunoresearch.com.br\/n\/uploads\/2018\/11\/c6ad30be-amanda-150x150.webp\" alt=\"Amanda Gushiken\"><\/a><div class=\"authorBox__name\"><span>por\n\t\t\t<a href=\"https:\/\/www.suno.com.br\/noticias\/author\/amanda\/\"><span itemprop=\"author\">Amanda Gushiken<\/span><\/a><\/span><time datetime=\"2019-05-31T15:15:19-03:00\" itemprop=\"datePublished\">31\/05\/2019 15:15<\/time><\/div><\/div><\/div><\/div><\/div>","single_layout":"posts","amp_enabled":true,"_links":{"self":[{"href":"https:\/\/www.suno.com.br\/noticias\/wp-json\/wp\/v2\/posts\/26807"}],"collection":[{"href":"https:\/\/www.suno.com.br\/noticias\/wp-json\/wp\/v2\/posts"}],"about":[{"href":"https:\/\/www.suno.com.br\/noticias\/wp-json\/wp\/v2\/types\/post"}],"author":[{"embeddable":true,"href":"https:\/\/www.suno.com.br\/noticias\/wp-json\/wp\/v2\/users\/12"}],"replies":[{"embeddable":true,"href":"https:\/\/www.suno.com.br\/noticias\/wp-json\/wp\/v2\/comments?post=26807"}],"version-history":[{"count":0,"href":"https:\/\/www.suno.com.br\/noticias\/wp-json\/wp\/v2\/posts\/26807\/revisions"}],"wp:featuredmedia":[{"embeddable":true,"href":"https:\/\/www.suno.com.br\/noticias\/wp-json\/wp\/v2\/media\/26811"}],"wp:attachment":[{"href":"https:\/\/www.suno.com.br\/noticias\/wp-json\/wp\/v2\/media?parent=26807"}],"wp:term":[{"taxonomy":"category","embeddable":true,"href":"https:\/\/www.suno.com.br\/noticias\/wp-json\/wp\/v2\/categories?post=26807"},{"taxonomy":"post_tag","embeddable":true,"href":"https:\/\/www.suno.com.br\/noticias\/wp-json\/wp\/v2\/tags?post=26807"},{"taxonomy":"suno_strategy","embeddable":true,"href":"https:\/\/www.suno.com.br\/noticias\/wp-json\/wp\/v2\/suno_strategy?post=26807"}],"curies":[{"name":"wp","href":"https:\/\/api.w.org\/{rel}","templated":true}]}}