{"id":26803,"date":"2019-05-31T14:09:56","date_gmt":"2019-05-31T17:09:56","guid":{"rendered":"https:\/\/www.suno.com.br\/noticias\/?p=26803"},"modified":"2021-02-17T22:48:49","modified_gmt":"2021-02-18T01:48:49","slug":"contas-do-setor-publico-tem-superavit-de-r-66-bi-em-abril-diz-bc","status":"publish","type":"post","link":"https:\/\/www.suno.com.br\/noticias\/contas-do-setor-publico-tem-superavit-de-r-66-bi-em-abril-diz-bc\/","title":{"rendered":"Contas do setor p\u00fablico t\u00eam super\u00e1vit de R$ 6,6 bi em abril, diz BC"},"content":{"rendered":"<p>As contas do setor p\u00fablico registraram um <strong>saldo positivo<\/strong> de R$ 6,6 bilh\u00f5es no m\u00eas de abril. Assim, as contas consolidadas englobam o governo federal, os estados e munic\u00edpios e as empresas estatais. As informa\u00e7\u00f5es foram divulgadas nesta sexta-feira (31) pelo <strong>Banco Central<\/strong>.<\/p>\t<div class=\"wrapper-featured-image\">\n\t\t<figure class=\"spotlightImg\">\n\n\t\t\t<picture>\n\t\t\t\t<source media=\"(max-width: 768px)\" srcset=\"https:\/\/files.sunoresearch.com.br\/n\/uploads\/2019\/05\/79376167-economia-brasileira-400x200.webp\">\n\t\t\t\t<img loading=\"lazy\" decoding=\"async\" class=\"newsContent__article__imgCapa lazyloadDisabled newsContent__article__imgCapa--noCaption\" src=\"https:\/\/files.sunoresearch.com.br\/n\/uploads\/2019\/05\/79376167-economia-brasileira-jpg.webp\" width=\"800\" height=\"450\" alt=\"Contas do setor p\u00fablico t\u00eam super\u00e1vit de R$ 6,6 bi em abril, diz BC\" fetchpriority=high \/>\n\t\t\t<\/picture>\n\n\t\t\t<figcaption class=\"wp-caption-text wp-caption-text--hide\">contas do setor p\u00fablico<\/figcaption>\n\t\t<\/figure>\n\t<\/div>\n\n\n<p>Al\u00e9m disso, o resultado em 2019 \u00e9 melhor do que o do mesmo m\u00eas de 2018. Isso ocorre porque, na \u00e9poca, os super\u00e1vit era de R$ 2,6 bilh\u00f5es. Assim, o <b>saldo positivo\u00a0<\/b>nas <strong>contas do setor p\u00fablico<\/strong> significa que os valores recebidos com impostos e contribui\u00e7\u00f5es ao <strong>governo<\/strong> foram maiores que as despesas.<\/p>\n\t<p>\n\t\t<a href=\"https:\/\/lp.suno.com.br\/ebook-investindo-em-dividendos\/\" target=\"_blank\" data-element=\"shortcode-suno-banner\" title=\"Banner SUNO, clique e saiba mais\">\n\t\t\t<picture>\n\t\t\t\t<source media=\"(max-width: 500px)\" srcset=\"https:\/\/files.sunoresearch.com.br\/n\/uploads\/2023\/03\/400x300-Dividendos.png\">\n\t\t\t\t<img class=\"newsContent__article__imgCapa newsContent__article__imgCapa--banner\"\n\t\t\t\t\tsrc=\"https:\/\/files.sunoresearch.com.br\/n\/uploads\/2023\/03\/1420x240-Dividendos.png\"\n\t\t\t\t\tdata-promo-id=\"383163\"\t\t\t\t\t\t\t\t\t\twidth='1420' height='240'\t\t\t\t\talt=\"https:\/\/files.sunoresearch.com.br\/n\/uploads\/2023\/03\/1420x240-Dividendos.png\"\n\t\t\t\t>\n\t\t\t<\/picture>\n\t\t<\/a>\n\t<\/p>\n\n\n<p>Sendo assim, cada segmento do setor p\u00fablico registrou os seguintes valores:<\/p>\n<p><a href=\"https:\/\/www.suno.com.br\/noticias\/pib-brasil-retracao-primeiro-tri\/\">Saiba Mais: PIB do Brasil tem queda de 0,2% no primeiro trimestre, diz IBGE<\/a><\/p>\n<ul>\n<li>governo federal: R$ 6,1 bilh\u00f5es de super\u00e1vit prim\u00e1rio;<\/li>\n<li>estados e munic\u00edpios: saldo positivo de R$ 731 milh\u00f5es;<\/li>\n<li>estatais: saldo negativo (ou d\u00e9ficit) de R$ 227 milh\u00f5es.<\/li>\n<\/ul>\n<p>No acumulado deste ano, as <strong>receitas<\/strong> ainda est\u00e3o a frente das <strong>despesas<\/strong>. Dessa forma, o <strong>super\u00e1vit<\/strong> considerado desde janeiro \u00e9 de R$ 19,9 bilh\u00f5es. Al\u00e9m disso, no mesmo per\u00edodo de 2018, o resultado era menor. Assim, na \u00e9poca, as <strong>contas p\u00fablicas<\/strong> estavam com um saldo positivo de R$ 7,2 bilh\u00f5es.<\/p>\n<p>J\u00e1 no ano de 2018, as <strong>contas do setor p\u00fablico<\/strong> fecharam no negativo. Isso porque os valores terminaram em um <strong>d\u00e9ficit<\/strong> de R$ 108 bilh\u00f5es. O resultado representou a quinta vez seguida que o governo terminou o ano no vermelho.<\/p>\n<p><a href=\"https:\/\/www.suno.com.br\/noticias\/previdencia-camara-economia-800-bi-capitalizacao\/\">Saiba Mais: Previd\u00eancia: C\u00e2mara quer economia de R$ 800 bi, sem capitaliza\u00e7\u00e3o<\/a><\/p>\n<p>Com esse resultado parcial positivo, a <strong>meta fiscal<\/strong> \u00e9 favorecida. Assim, a meta estipulada prev\u00ea um <strong>d\u00e9ficit<\/strong> de R$ 139 bilh\u00f5es. Desse modo, a perman\u00eancia do <strong>super\u00e1vit<\/strong>, at\u00e9 agora, \u00e9 favor\u00e1vel para que o governo consiga cumprir a meta fiscal.<\/p>\n<h2>Previd\u00eancia e bloqueios<\/h2>\n<p>Al\u00e9m disso, o <strong>Executivo<\/strong> busca outras medidas para ficar dentro do estipulado. A principal delas \u00e9 a aprova\u00e7\u00e3o da <strong>reforma da Previd\u00eancia<\/strong>. Isso porque de acordo com os c\u00e1lculos da equipe econ\u00f4mica, a economia prevista com a mudan\u00e7a previdenci\u00e1ria \u00e9 de R$ 1,2 trilh\u00e3o em 10 anos. Dessa forma, a folga nas contas seria maior.<\/p>\n<p><a href=\"https:\/\/www.suno.com.br\/noticias\/fgts-contas-liberar-saldo\/\">Saiba Mais: FGTS: Governo estuda liberar saldo de contas ativas para impulsionar economia<\/a><\/p>\n<p>No entanto, isso s\u00f3 ocorrer\u00e1 caso a reforma da <strong>Previd\u00eancia<\/strong> seja aprovada pelo <strong>Congresso<\/strong>. Al\u00e9m disso, a medida aprovada deve manter a previs\u00e3o de economia feita pelo governo. Na contrapartida, o Legislativo busca uma PEC com economia de R$ 800 bilh\u00f5es.<\/p>\n\t<p>\n\t\t<a href=\"https:\/\/lp.suno.com.br\/ao\/sessao-estrategica-consultoria-c\/?utm_source=suno-noticias&#038;utm_medium=banner&#038;utm_campaing=dividendos-taxacao-pl\" target=\"_blank\" data-element=\"shortcode-suno-banner\" title=\"Banner SUNO, clique e saiba mais\">\n\t\t\t<picture>\n\t\t\t\t<source media=\"(max-width: 500px)\" srcset=\"https:\/\/files.sunoresearch.com.br\/n\/uploads\/2025\/09\/300x400.webp\">\n\t\t\t\t<img class=\"newsContent__article__imgCapa newsContent__article__imgCapa--banner\"\n\t\t\t\t\tsrc=\"https:\/\/files.sunoresearch.com.br\/n\/uploads\/2025\/09\/SN-DT-1420x240-1.webp\"\n\t\t\t\t\tdata-promo-id=\"628283\"\t\t\t\t\t\t\t\t\t\twidth='1420' height='240'\t\t\t\t\talt=\"https:\/\/files.sunoresearch.com.br\/n\/uploads\/2025\/09\/SN-DT-1420x240-1.webp\"\n\t\t\t\t>\n\t\t\t<\/picture>\n\t\t<\/a>\n\t<\/p>\n\n\n<p>Outra medida utilizada pelo <strong>Executivo<\/strong> para conter os gastos e buscar o <strong>equil\u00edbrio fiscal<\/strong> \u00e9 o <strong>contingenciamento<\/strong> de recursos. Dessa forma, j\u00e1 foram bloqueados cerca de R$ 30 bilh\u00f5es de diversos setores da m\u00e1quina p\u00fablica.<\/p>\n","protected":false},"excerpt":{"rendered":"<p>As contas do setor p\u00fablico registraram um saldo positivo de R$ 6,6 bilh\u00f5es no m\u00eas de abril. Assim, as contas consolidadas englobam o governo federal, os estados e munic\u00edpios e as empresas estatais. As informa\u00e7\u00f5es foram divulgadas nesta sexta-feira (31) pelo Banco Central. contas do setor p\u00fablico Al\u00e9m disso, o resultado em 2019 \u00e9 melhor [&hellip;]<\/p>\n","protected":false},"author":16,"featured_media":24916,"comment_status":"closed","ping_status":"closed","sticky":false,"template":"","format":"standard","meta":[],"categories":[62],"tags":[1842,740,1128],"suno_strategy":[],"class_list":["post-26803","post","type-post","status-publish","format-standard","has-post-thumbnail","hentry","category-economia","tag-banco-central-bc","tag-economia","tag-orcamento-publico"],"yoast_head":"<!-- This site is optimized with the Yoast SEO plugin v24.4 - https:\/\/yoast.com\/wordpress\/plugins\/seo\/ -->\n<title>Contas do setor p\u00fablico t\u00eam super\u00e1vit de R$ 6,6 bi em abril, diz BC<\/title>\n<meta name=\"description\" content=\"O super\u00e1vit das contas do setor p\u00fablico j\u00e1 \u00e9 maior do que o registrado no mesmo per\u00edodo do ano anterior, o que favorece o equil\u00edbrio fiscal.\" \/>\n<meta name=\"robots\" content=\"index, follow, max-snippet:-1, max-image-preview:large, max-video-preview:-1\" \/>\n<link rel=\"canonical\" href=\"https:\/\/www.suno.com.br\/noticias\/contas-do-setor-publico-tem-superavit-de-r-66-bi-em-abril-diz-bc\/\" \/>\n<meta property=\"og:locale\" content=\"pt_BR\" \/>\n<meta property=\"og:type\" content=\"article\" \/>\n<meta property=\"og:title\" content=\"Contas do setor p\u00fablico t\u00eam super\u00e1vit de R$ 6,6 bi em abril, diz BC\" \/>\n<meta property=\"og:description\" content=\"O super\u00e1vit das contas do setor p\u00fablico j\u00e1 \u00e9 maior do que o registrado no mesmo per\u00edodo do ano anterior, o que favorece o equil\u00edbrio fiscal.\" \/>\n<meta property=\"og:url\" content=\"https:\/\/www.suno.com.br\/noticias\/contas-do-setor-publico-tem-superavit-de-r-66-bi-em-abril-diz-bc\/\" \/>\n<meta property=\"og:site_name\" content=\"Suno Not\u00edcias\" \/>\n<meta property=\"article:publisher\" content=\"https:\/\/facebook.com\/sunoresearch\" \/>\n<meta property=\"og:image\" content=\"https:\/\/files.sunoresearch.com.br\/n\/uploads\/2019\/05\/79376167-economia-brasileira.jpg\" \/>\n\t<meta property=\"og:image:width\" content=\"1100\" \/>\n\t<meta property=\"og:image:height\" content=\"370\" \/>\n\t<meta property=\"og:image:type\" content=\"image\/jpeg\" \/>\n<meta name=\"author\" content=\"Beatriz Oliveira\" \/>\n<meta name=\"twitter:card\" content=\"summary_large_image\" \/>\n<meta name=\"twitter:creator\" content=\"@sunoresearch\" \/>\n<meta name=\"twitter:site\" content=\"@sunoresearch\" \/>\n<meta name=\"twitter:label1\" content=\"Escrito por\" \/>\n\t<meta name=\"twitter:data1\" content=\"Beatriz Oliveira\" \/>\n\t<meta name=\"twitter:label2\" content=\"Est. tempo de leitura\" \/>\n\t<meta name=\"twitter:data2\" content=\"2 minutos\" \/>\n<script type=\"application\/ld+json\" class=\"yoast-schema-graph\">{\"@context\":\"https:\/\/schema.org\",\"@graph\":[{\"@type\":\"NewsArticle\",\"@id\":\"https:\/\/www.suno.com.br\/noticias\/contas-do-setor-publico-tem-superavit-de-r-66-bi-em-abril-diz-bc\/#article\",\"isPartOf\":{\"@id\":\"https:\/\/www.suno.com.br\/noticias\/contas-do-setor-publico-tem-superavit-de-r-66-bi-em-abril-diz-bc\/\"},\"author\":{\"name\":\"Beatriz Oliveira\",\"@id\":\"https:\/\/www.suno.com.br\/noticias\/#\/schema\/person\/e67f665add014bf99f644028de070cc3\"},\"headline\":\"Contas do setor p\u00fablico t\u00eam super\u00e1vit de R$ 6,6 bi em abril, diz BC\",\"datePublished\":\"2019-05-31T17:09:56+00:00\",\"dateModified\":\"2021-02-18T01:48:49+00:00\",\"mainEntityOfPage\":{\"@id\":\"https:\/\/www.suno.com.br\/noticias\/contas-do-setor-publico-tem-superavit-de-r-66-bi-em-abril-diz-bc\/\"},\"wordCount\":485,\"publisher\":{\"@id\":\"https:\/\/www.suno.com.br\/noticias\/#organization\"},\"image\":{\"@id\":\"https:\/\/www.suno.com.br\/noticias\/contas-do-setor-publico-tem-superavit-de-r-66-bi-em-abril-diz-bc\/#primaryimage\"},\"thumbnailUrl\":\"https:\/\/files.sunoresearch.com.br\/n\/uploads\/2019\/05\/79376167-economia-brasileira-jpg.webp\",\"keywords\":[\"Banco Central (BC)\",\"Economia\",\"Or\u00e7amento P\u00fablico\"],\"articleSection\":[\"Economia\"],\"inLanguage\":\"pt-BR\"},{\"@type\":\"WebPage\",\"@id\":\"https:\/\/www.suno.com.br\/noticias\/contas-do-setor-publico-tem-superavit-de-r-66-bi-em-abril-diz-bc\/\",\"url\":\"https:\/\/www.suno.com.br\/noticias\/contas-do-setor-publico-tem-superavit-de-r-66-bi-em-abril-diz-bc\/\",\"name\":\"Contas do setor p\u00fablico t\u00eam super\u00e1vit de R$ 6,6 bi em abril, diz BC\",\"isPartOf\":{\"@id\":\"https:\/\/www.suno.com.br\/noticias\/#website\"},\"primaryImageOfPage\":{\"@id\":\"https:\/\/www.suno.com.br\/noticias\/contas-do-setor-publico-tem-superavit-de-r-66-bi-em-abril-diz-bc\/#primaryimage\"},\"image\":{\"@id\":\"https:\/\/www.suno.com.br\/noticias\/contas-do-setor-publico-tem-superavit-de-r-66-bi-em-abril-diz-bc\/#primaryimage\"},\"thumbnailUrl\":\"https:\/\/files.sunoresearch.com.br\/n\/uploads\/2019\/05\/79376167-economia-brasileira-jpg.webp\",\"datePublished\":\"2019-05-31T17:09:56+00:00\",\"dateModified\":\"2021-02-18T01:48:49+00:00\",\"description\":\"O super\u00e1vit das contas do setor p\u00fablico j\u00e1 \u00e9 maior do que o registrado no mesmo per\u00edodo do ano anterior, o que favorece o equil\u00edbrio fiscal.\",\"breadcrumb\":{\"@id\":\"https:\/\/www.suno.com.br\/noticias\/contas-do-setor-publico-tem-superavit-de-r-66-bi-em-abril-diz-bc\/#breadcrumb\"},\"inLanguage\":\"pt-BR\",\"potentialAction\":[{\"@type\":\"ReadAction\",\"target\":[\"https:\/\/www.suno.com.br\/noticias\/contas-do-setor-publico-tem-superavit-de-r-66-bi-em-abril-diz-bc\/\"]}]},{\"@type\":\"ImageObject\",\"inLanguage\":\"pt-BR\",\"@id\":\"https:\/\/www.suno.com.br\/noticias\/contas-do-setor-publico-tem-superavit-de-r-66-bi-em-abril-diz-bc\/#primaryimage\",\"url\":\"https:\/\/files.sunoresearch.com.br\/n\/uploads\/2019\/05\/79376167-economia-brasileira-jpg.webp\",\"contentUrl\":\"https:\/\/files.sunoresearch.com.br\/n\/uploads\/2019\/05\/79376167-economia-brasileira-jpg.webp\",\"width\":1100,\"height\":370,\"caption\":\"contas do setor p\u00fablico\"},{\"@type\":\"BreadcrumbList\",\"@id\":\"https:\/\/www.suno.com.br\/noticias\/contas-do-setor-publico-tem-superavit-de-r-66-bi-em-abril-diz-bc\/#breadcrumb\",\"itemListElement\":[{\"@type\":\"ListItem\",\"position\":1,\"name\":\"Not\u00edcias\",\"item\":\"https:\/\/www.suno.com.br\/noticias\/\"},{\"@type\":\"ListItem\",\"position\":2,\"name\":\"Economia\",\"item\":\"https:\/\/www.suno.com.br\/noticias\/economia\/\"},{\"@type\":\"ListItem\",\"position\":3,\"name\":\"Contas do setor p\u00fablico t\u00eam super\u00e1vit de R$ 6,6 bi em abril, diz BC\"}]},{\"@type\":\"WebSite\",\"@id\":\"https:\/\/www.suno.com.br\/noticias\/#website\",\"url\":\"https:\/\/www.suno.com.br\/noticias\/\",\"name\":\"Suno Not\u00edcias\",\"description\":\"Seu portal de informa\u00e7\u00e3o sobre o mundo dos investimentos\",\"publisher\":{\"@id\":\"https:\/\/www.suno.com.br\/noticias\/#organization\"},\"potentialAction\":[{\"@type\":\"SearchAction\",\"target\":{\"@type\":\"EntryPoint\",\"urlTemplate\":\"https:\/\/www.suno.com.br\/noticias\/?s={search_term_string}\"},\"query-input\":{\"@type\":\"PropertyValueSpecification\",\"valueRequired\":true,\"valueName\":\"search_term_string\"}}],\"inLanguage\":\"pt-BR\"},{\"@type\":\"Organization\",\"@id\":\"https:\/\/www.suno.com.br\/noticias\/#organization\",\"name\":\"Suno Not\u00edcias\",\"url\":\"https:\/\/www.suno.com.br\/noticias\/\",\"logo\":{\"@type\":\"ImageObject\",\"inLanguage\":\"pt-BR\",\"@id\":\"https:\/\/www.suno.com.br\/noticias\/#\/schema\/logo\/image\/\",\"url\":\"https:\/\/files.sunoresearch.com.br\/n\/uploads\/2021\/09\/suno-logo.png\",\"contentUrl\":\"https:\/\/files.sunoresearch.com.br\/n\/uploads\/2021\/09\/suno-logo.png\",\"width\":180,\"height\":180,\"caption\":\"Suno Not\u00edcias\"},\"image\":{\"@id\":\"https:\/\/www.suno.com.br\/noticias\/#\/schema\/logo\/image\/\"},\"sameAs\":[\"https:\/\/facebook.com\/sunoresearch\",\"https:\/\/x.com\/sunoresearch\",\"https:\/\/www.instagram.com\/suno\",\"https:\/\/www.linkedin.com\/company\/suno-research\/\",\"https:\/\/www.youtube.com\/c\/sunoresearch\"]},{\"@type\":\"Person\",\"@id\":\"https:\/\/www.suno.com.br\/noticias\/#\/schema\/person\/e67f665add014bf99f644028de070cc3\",\"name\":\"Beatriz Oliveira\",\"image\":{\"@type\":\"ImageObject\",\"inLanguage\":\"pt-BR\",\"@id\":\"https:\/\/www.suno.com.br\/noticias\/#\/schema\/person\/image\/\",\"url\":\"https:\/\/secure.gravatar.com\/avatar\/c9aa6a0aaecc598d257d5d5bd349157d?s=96&r=g\",\"contentUrl\":\"https:\/\/secure.gravatar.com\/avatar\/c9aa6a0aaecc598d257d5d5bd349157d?s=96&r=g\",\"caption\":\"Beatriz Oliveira\"},\"description\":\"Formada em Jornalismo pela Faculdade Paulus de Tecnologia e Comunica\u00e7\u00e3o, Beatriz Oliveira escreve para o portal de not\u00edcias Suno Research. Antes, passou pelas reda\u00e7\u00f5es da Revista EXAME e da Rede Bandeirantes.\",\"url\":\"https:\/\/www.suno.com.br\/noticias\/author\/beatriz\/\"}]}<\/script>\n<!-- \/ Yoast SEO plugin. -->","yoast_head_json":{"title":"Contas do setor p\u00fablico t\u00eam super\u00e1vit de R$ 6,6 bi em abril, diz BC","description":"O super\u00e1vit das contas do setor p\u00fablico j\u00e1 \u00e9 maior do que o registrado no mesmo per\u00edodo do ano anterior, o que favorece o equil\u00edbrio fiscal.","robots":{"index":"index","follow":"follow","max-snippet":"max-snippet:-1","max-image-preview":"max-image-preview:large","max-video-preview":"max-video-preview:-1"},"canonical":"https:\/\/www.suno.com.br\/noticias\/contas-do-setor-publico-tem-superavit-de-r-66-bi-em-abril-diz-bc\/","og_locale":"pt_BR","og_type":"article","og_title":"Contas do setor p\u00fablico t\u00eam super\u00e1vit de R$ 6,6 bi em abril, diz BC","og_description":"O super\u00e1vit das contas do setor p\u00fablico j\u00e1 \u00e9 maior do que o registrado no mesmo per\u00edodo do ano anterior, o que favorece o equil\u00edbrio fiscal.","og_url":"https:\/\/www.suno.com.br\/noticias\/contas-do-setor-publico-tem-superavit-de-r-66-bi-em-abril-diz-bc\/","og_site_name":"Suno Not\u00edcias","article_publisher":"https:\/\/facebook.com\/sunoresearch","og_image":[{"width":1100,"height":370,"url":"https:\/\/files.sunoresearch.com.br\/n\/uploads\/2019\/05\/79376167-economia-brasileira.jpg","type":"image\/jpeg"}],"author":"Beatriz Oliveira","twitter_card":"summary_large_image","twitter_creator":"@sunoresearch","twitter_site":"@sunoresearch","twitter_misc":{"Escrito por":"Beatriz Oliveira","Est. tempo de leitura":"2 minutos"},"schema":{"@context":"https:\/\/schema.org","@graph":[{"@type":"NewsArticle","@id":"https:\/\/www.suno.com.br\/noticias\/contas-do-setor-publico-tem-superavit-de-r-66-bi-em-abril-diz-bc\/#article","isPartOf":{"@id":"https:\/\/www.suno.com.br\/noticias\/contas-do-setor-publico-tem-superavit-de-r-66-bi-em-abril-diz-bc\/"},"author":{"name":"Beatriz Oliveira","@id":"https:\/\/www.suno.com.br\/noticias\/#\/schema\/person\/e67f665add014bf99f644028de070cc3"},"headline":"Contas do setor p\u00fablico t\u00eam super\u00e1vit de R$ 6,6 bi em abril, diz BC","datePublished":"2019-05-31T17:09:56+00:00","dateModified":"2021-02-18T01:48:49+00:00","mainEntityOfPage":{"@id":"https:\/\/www.suno.com.br\/noticias\/contas-do-setor-publico-tem-superavit-de-r-66-bi-em-abril-diz-bc\/"},"wordCount":485,"publisher":{"@id":"https:\/\/www.suno.com.br\/noticias\/#organization"},"image":{"@id":"https:\/\/www.suno.com.br\/noticias\/contas-do-setor-publico-tem-superavit-de-r-66-bi-em-abril-diz-bc\/#primaryimage"},"thumbnailUrl":"https:\/\/files.sunoresearch.com.br\/n\/uploads\/2019\/05\/79376167-economia-brasileira-jpg.webp","keywords":["Banco Central (BC)","Economia","Or\u00e7amento P\u00fablico"],"articleSection":["Economia"],"inLanguage":"pt-BR"},{"@type":"WebPage","@id":"https:\/\/www.suno.com.br\/noticias\/contas-do-setor-publico-tem-superavit-de-r-66-bi-em-abril-diz-bc\/","url":"https:\/\/www.suno.com.br\/noticias\/contas-do-setor-publico-tem-superavit-de-r-66-bi-em-abril-diz-bc\/","name":"Contas do setor p\u00fablico t\u00eam super\u00e1vit de R$ 6,6 bi em abril, diz BC","isPartOf":{"@id":"https:\/\/www.suno.com.br\/noticias\/#website"},"primaryImageOfPage":{"@id":"https:\/\/www.suno.com.br\/noticias\/contas-do-setor-publico-tem-superavit-de-r-66-bi-em-abril-diz-bc\/#primaryimage"},"image":{"@id":"https:\/\/www.suno.com.br\/noticias\/contas-do-setor-publico-tem-superavit-de-r-66-bi-em-abril-diz-bc\/#primaryimage"},"thumbnailUrl":"https:\/\/files.sunoresearch.com.br\/n\/uploads\/2019\/05\/79376167-economia-brasileira-jpg.webp","datePublished":"2019-05-31T17:09:56+00:00","dateModified":"2021-02-18T01:48:49+00:00","description":"O super\u00e1vit das contas do setor p\u00fablico j\u00e1 \u00e9 maior do que o registrado no mesmo per\u00edodo do ano anterior, o que favorece o equil\u00edbrio fiscal.","breadcrumb":{"@id":"https:\/\/www.suno.com.br\/noticias\/contas-do-setor-publico-tem-superavit-de-r-66-bi-em-abril-diz-bc\/#breadcrumb"},"inLanguage":"pt-BR","potentialAction":[{"@type":"ReadAction","target":["https:\/\/www.suno.com.br\/noticias\/contas-do-setor-publico-tem-superavit-de-r-66-bi-em-abril-diz-bc\/"]}]},{"@type":"ImageObject","inLanguage":"pt-BR","@id":"https:\/\/www.suno.com.br\/noticias\/contas-do-setor-publico-tem-superavit-de-r-66-bi-em-abril-diz-bc\/#primaryimage","url":"https:\/\/files.sunoresearch.com.br\/n\/uploads\/2019\/05\/79376167-economia-brasileira-jpg.webp","contentUrl":"https:\/\/files.sunoresearch.com.br\/n\/uploads\/2019\/05\/79376167-economia-brasileira-jpg.webp","width":1100,"height":370,"caption":"contas do setor p\u00fablico"},{"@type":"BreadcrumbList","@id":"https:\/\/www.suno.com.br\/noticias\/contas-do-setor-publico-tem-superavit-de-r-66-bi-em-abril-diz-bc\/#breadcrumb","itemListElement":[{"@type":"ListItem","position":1,"name":"Not\u00edcias","item":"https:\/\/www.suno.com.br\/noticias\/"},{"@type":"ListItem","position":2,"name":"Economia","item":"https:\/\/www.suno.com.br\/noticias\/economia\/"},{"@type":"ListItem","position":3,"name":"Contas do setor p\u00fablico t\u00eam super\u00e1vit de R$ 6,6 bi em abril, diz BC"}]},{"@type":"WebSite","@id":"https:\/\/www.suno.com.br\/noticias\/#website","url":"https:\/\/www.suno.com.br\/noticias\/","name":"Suno Not\u00edcias","description":"Seu portal de informa\u00e7\u00e3o sobre o mundo dos investimentos","publisher":{"@id":"https:\/\/www.suno.com.br\/noticias\/#organization"},"potentialAction":[{"@type":"SearchAction","target":{"@type":"EntryPoint","urlTemplate":"https:\/\/www.suno.com.br\/noticias\/?s={search_term_string}"},"query-input":{"@type":"PropertyValueSpecification","valueRequired":true,"valueName":"search_term_string"}}],"inLanguage":"pt-BR"},{"@type":"Organization","@id":"https:\/\/www.suno.com.br\/noticias\/#organization","name":"Suno Not\u00edcias","url":"https:\/\/www.suno.com.br\/noticias\/","logo":{"@type":"ImageObject","inLanguage":"pt-BR","@id":"https:\/\/www.suno.com.br\/noticias\/#\/schema\/logo\/image\/","url":"https:\/\/files.sunoresearch.com.br\/n\/uploads\/2021\/09\/suno-logo.png","contentUrl":"https:\/\/files.sunoresearch.com.br\/n\/uploads\/2021\/09\/suno-logo.png","width":180,"height":180,"caption":"Suno Not\u00edcias"},"image":{"@id":"https:\/\/www.suno.com.br\/noticias\/#\/schema\/logo\/image\/"},"sameAs":["https:\/\/facebook.com\/sunoresearch","https:\/\/x.com\/sunoresearch","https:\/\/www.instagram.com\/suno","https:\/\/www.linkedin.com\/company\/suno-research\/","https:\/\/www.youtube.com\/c\/sunoresearch"]},{"@type":"Person","@id":"https:\/\/www.suno.com.br\/noticias\/#\/schema\/person\/e67f665add014bf99f644028de070cc3","name":"Beatriz Oliveira","image":{"@type":"ImageObject","inLanguage":"pt-BR","@id":"https:\/\/www.suno.com.br\/noticias\/#\/schema\/person\/image\/","url":"https:\/\/secure.gravatar.com\/avatar\/c9aa6a0aaecc598d257d5d5bd349157d?s=96&r=g","contentUrl":"https:\/\/secure.gravatar.com\/avatar\/c9aa6a0aaecc598d257d5d5bd349157d?s=96&r=g","caption":"Beatriz Oliveira"},"description":"Formada em Jornalismo pela Faculdade Paulus de Tecnologia e Comunica\u00e7\u00e3o, Beatriz Oliveira escreve para o portal de not\u00edcias Suno Research. Antes, passou pelas reda\u00e7\u00f5es da Revista EXAME e da Rede Bandeirantes.","url":"https:\/\/www.suno.com.br\/noticias\/author\/beatriz\/"}]}},"default_loop_html":"<div class=\"cardsPage__listCard__boxs\"><div class=\"cardsPage__listCard__boxs__img\"><a href=\"https:\/\/www.suno.com.br\/noticias\/contas-do-setor-publico-tem-superavit-de-r-66-bi-em-abril-diz-bc\/\"><img class=\"mask\" src=\"https:\/\/www.suno.com.br\/noticias\/wp-content\/themes\/suno\/resources\/images\/spotlight\/spotlight1img\/bg-mask.png\" alt=\"Image Mask\"\/><img src=\"https:\/\/files.sunoresearch.com.br\/n\/uploads\/2019\/05\/79376167-economia-brasileira-400x200.webp\" alt=\"Contas do setor p\u00fablico t\u00eam super\u00e1vit de R$ 6,6 bi em abril, diz BC\"\/><\/a><span class=\"spotlightCategory\"><a href=\"https:\/\/www.suno.com.br\/noticias\/economia\/\">Economia<\/a><\/span><\/div><div class=\"cardsPage__listCard__boxs__content\"><a href=\"https:\/\/www.suno.com.br\/noticias\/contas-do-setor-publico-tem-superavit-de-r-66-bi-em-abril-diz-bc\/\"><h2 class=\"content__title\">Contas do setor p\u00fablico t\u00eam super\u00e1vit de R$ 6,6 bi em abril, diz BC<\/h2><\/a><div class=\"newsContent__article__meta\"><div class=\"newsContent__article__meta__authorBox\"><a href=\"https:\/\/www.suno.com.br\/noticias\/author\/beatriz\/\" class=\"authorBox__avatar noMobi\"><img src=\"https:\/\/secure.gravatar.com\/avatar\/c9aa6a0aaecc598d257d5d5bd349157d?s=96&#038;r=g\" alt=\"Beatriz Oliveira\"><\/a><div class=\"authorBox__name\"><span>por\n\t\t\t<a href=\"https:\/\/www.suno.com.br\/noticias\/author\/beatriz\/\"><span itemprop=\"author\">Beatriz Oliveira<\/span><\/a><\/span><time datetime=\"2019-05-31T14:09:56-03:00\" itemprop=\"datePublished\">31\/05\/2019 14:09<\/time><\/div><\/div><\/div><\/div><\/div>","single_layout":"posts","amp_enabled":true,"_links":{"self":[{"href":"https:\/\/www.suno.com.br\/noticias\/wp-json\/wp\/v2\/posts\/26803"}],"collection":[{"href":"https:\/\/www.suno.com.br\/noticias\/wp-json\/wp\/v2\/posts"}],"about":[{"href":"https:\/\/www.suno.com.br\/noticias\/wp-json\/wp\/v2\/types\/post"}],"author":[{"embeddable":true,"href":"https:\/\/www.suno.com.br\/noticias\/wp-json\/wp\/v2\/users\/16"}],"replies":[{"embeddable":true,"href":"https:\/\/www.suno.com.br\/noticias\/wp-json\/wp\/v2\/comments?post=26803"}],"version-history":[{"count":0,"href":"https:\/\/www.suno.com.br\/noticias\/wp-json\/wp\/v2\/posts\/26803\/revisions"}],"wp:featuredmedia":[{"embeddable":true,"href":"https:\/\/www.suno.com.br\/noticias\/wp-json\/wp\/v2\/media\/24916"}],"wp:attachment":[{"href":"https:\/\/www.suno.com.br\/noticias\/wp-json\/wp\/v2\/media?parent=26803"}],"wp:term":[{"taxonomy":"category","embeddable":true,"href":"https:\/\/www.suno.com.br\/noticias\/wp-json\/wp\/v2\/categories?post=26803"},{"taxonomy":"post_tag","embeddable":true,"href":"https:\/\/www.suno.com.br\/noticias\/wp-json\/wp\/v2\/tags?post=26803"},{"taxonomy":"suno_strategy","embeddable":true,"href":"https:\/\/www.suno.com.br\/noticias\/wp-json\/wp\/v2\/suno_strategy?post=26803"}],"curies":[{"name":"wp","href":"https:\/\/api.w.org\/{rel}","templated":true}]}}