{"id":26790,"date":"2019-05-31T14:24:55","date_gmt":"2019-05-31T17:24:55","guid":{"rendered":"https:\/\/www.suno.com.br\/noticias\/?p=26790"},"modified":"2019-05-31T14:24:55","modified_gmt":"2019-05-31T17:24:55","slug":"odebrecht-brookfield-venda-brk-ambiental","status":"publish","type":"post","link":"https:\/\/www.suno.com.br\/noticias\/odebrecht-brookfield-venda-brk-ambiental\/","title":{"rendered":"Odebrecht cobra de Brookfield cerca de R$ 393 milh\u00f5es por BRK Ambiental"},"content":{"rendered":"<p>A venda da <strong>BRK Ambiental<\/strong>, feita pelo grupo brasileiro Odebrecht e comprada pela canadense <strong>Brookfield<\/strong> em abril de 2017, tornou-se motivo de conflito entre as empresas. Isto, pois, segundo a Odebrecht, h\u00e1 um montante de cerca de <strong>R$ 400 milh\u00f5es<\/strong> da transa\u00e7\u00e3o da aquisi\u00e7\u00e3o da empresa. O caso est\u00e1 sendo discutido pela c\u00e2mara internacional de arbitragem. As informa\u00e7\u00f5es s\u00e3o do &#8220;Estado de S. Paulo&#8221;.<\/p>\t<div class=\"wrapper-featured-image\">\n\t\t<figure class=\"spotlightImg\">\n\n\t\t\t<picture>\n\t\t\t\t<source media=\"(max-width: 768px)\" srcset=\"https:\/\/files.sunoresearch.com.br\/n\/uploads\/2019\/03\/51709518-odebrecht-400x200.webp\">\n\t\t\t\t<img loading=\"lazy\" decoding=\"async\" class=\"newsContent__article__imgCapa lazyloadDisabled newsContent__article__imgCapa--noCaption\" src=\"https:\/\/files.sunoresearch.com.br\/n\/uploads\/2019\/03\/51709518-odebrecht-jpg.webp\" width=\"800\" height=\"450\" alt=\"Odebrecht cobra de Brookfield cerca de R$ 393 milh\u00f5es por BRK Ambiental\" fetchpriority=high \/>\n\t\t\t<\/picture>\n\n\t\t\t<figcaption class=\"wp-caption-text wp-caption-text--hide\">Odebrecht adia assembleia-geral com credores da Braskem<\/figcaption>\n\t\t<\/figure>\n\t<\/div>\n\n\n<p>Contudo, a Brookfield n\u00e3o reconhece qualquer montante devido. De acordo com a <strong>Odebrecht<\/strong>, R$ 350 milh\u00f5es s\u00e3o referentes a valores que na \u00e9poca estavam em uma <strong>conta cau\u00e7\u00e3o<\/strong>. Tal conta serviria para cobrir poss\u00edveis obriga\u00e7\u00f5es de indeniza\u00e7\u00f5es n\u00e3o resolvidas.<\/p>\n\t<p>\n\t\t<a href=\"https:\/\/lp.suno.com.br\/ao\/sessao-estrategica-consultoria-c\/?utm_source=suno-noticias&#038;utm_medium=banner&#038;utm_campaign=_SNC36CE4E9F_&#038;utm_content=fundos-imobiliarios-ou-imoveis-onde-investir-500-mil-go\" target=\"_blank\" data-element=\"shortcode-suno-banner\" title=\"Banner SUNO, clique e saiba mais\">\n\t\t\t<picture>\n\t\t\t\t<source media=\"(max-width: 500px)\" srcset=\"https:\/\/files.sunoresearch.com.br\/n\/uploads\/2025\/09\/300x400.webp\">\n\t\t\t\t<img class=\"newsContent__article__imgCapa newsContent__article__imgCapa--banner\"\n\t\t\t\t\tsrc=\"https:\/\/files.sunoresearch.com.br\/n\/uploads\/2025\/09\/SN-DT-1420x240-1.webp\"\n\t\t\t\t\tdata-promo-id=\"635171\"\t\t\t\t\t\t\t\t\t\twidth='1420' height='240'\t\t\t\t\talt=\"https:\/\/files.sunoresearch.com.br\/n\/uploads\/2025\/09\/SN-DT-1420x240-1.webp\"\n\t\t\t\t>\n\t\t\t<\/picture>\n\t\t<\/a>\n\t<\/p>\n\n\n<p>Desta forma, a verba estava retida. E serviria para dar prote\u00e7\u00e3o ao comprador caso houvesse algum empecilho ap\u00f3s o fechamento do neg\u00f3cio.<\/p>\n<p>O jornal obteve acesso a cartas trocadas entre as empresas. E estaria estabelecido no documento que a <strong>Brookfield<\/strong> deveria retornar, anualmente, 20% do montante durante cinco anos.<\/p>\n<p>Conforme a correspond\u00eancia, a <strong>Odebrecht<\/strong> chama de &#8220;abusiva&#8221; a conduta adotada pela canadense. Al\u00e9m disso, acusou que o hist\u00f3rico da negocia\u00e7\u00e3o demonstra que a <strong>Brookfield<\/strong> aproveitou-se de uma situa\u00e7\u00e3o fr\u00e1gil do grupo brasileiro, para\u00a0\u201cinserir alguns conceitos no contrato de forma premeditada\u201d que n\u00e3o liberaram os recursos da conta cau\u00e7\u00e3o por conta de\u00a0\u201cinterpreta\u00e7\u00f5es extensas, abusivas, ilegal e sem crit\u00e9rios\u201d.<\/p>\n<p>A <strong>BRK Ambiental<\/strong> foi comprada em 2017, e at\u00e9 2016 chama-se <strong>Odebrecht Ambiental<\/strong>. Deste modo, cerca de R$ 100 milh\u00f5es deveriam ter sido retornados pela Brookfield ao grupo brasileiro. Este, que possui uma d\u00edvida pr\u00f3xima a R$ 100 bilh\u00f5es, e passa perto de pedir <a href=\"https:\/\/www.suno.com.br\/artigos\/recuperacao-judicial\/\">recupera\u00e7\u00e3o judicial<\/a>.<\/p>\n<p>Na \u00faltima quarta-feira (29), a subsidi\u00e1ria sucroalcooleira do grupo, a <strong>Atvos<\/strong>, entrou com pedido de <strong>recupera\u00e7\u00e3o judicial<\/strong>.<\/p>\n<p><a href=\"https:\/\/www.suno.com.br\/noticias\/atvos-odebrecht-pedido-recuperacao-judicial-dividas\/\">Saiba mais &#8211;\u00a0Atvos, empresa da Odebrecht, entrega pedido de recupera\u00e7\u00e3o judicial com d\u00edvidas de R$ 12 bi\u00a0<\/a><\/p>\n<h2>Acordo de repasse entre Odebrecht e Brookfield valeria por 18 meses<\/h2>\n<p>A <strong>Brookfield<\/strong> n\u00e3o reconhece o direito da <strong>Odebrecht<\/strong> receber qualquer valor. Em adendo, a canadense vendeu ativos da <strong>BRK Ambiental<\/strong>.<\/p>\n<p>Em 13 de maio, a Brookfield fechou acordo com o grupo sul-coreano <strong>GS Inima<\/strong> para a venda de\u00a0tr\u00eas companhias de tratamento de \u00e1gua e res\u00edduos industriais da BRK Ambiental. A transa\u00e7\u00e3o envolveu R$ 780 milh\u00f5es desembolsados pelo sul-coreano.<\/p>\n<p>De acordo com a Odebrecht, o acordo de venda da <strong>Odebrecht Ambiental<\/strong> previa cl\u00e1usulas de <strong>pagamento<\/strong> de percentual caso a Brookfield vendesse a empresa.<\/p>\n<p>Ent\u00e3o, segundo apura\u00e7\u00e3o do jornal, para fechar o acordo, definiu-se que a <strong>Odebrecht<\/strong> venderia a subsidi\u00e1ria ambiental por um valor menor. Desta forma, quando a <strong>Brookfield<\/strong> conseguisse um comprador para um ativos, haveria repasse de 80% da diferen\u00e7a entre o valor de compra e o de venda para a companhia brasileira.<\/p>\n<p>O acordo valeria por <strong>18 meses<\/strong>, al\u00e9m de <strong>120 dias<\/strong> para que a transa\u00e7\u00e3o fosse finalizada. A transa\u00e7\u00e3o s\u00f3 ocorreria com o <strong>aval<\/strong> da Odebrecht.<\/p>\n\t<p>\n\t\t<a href=\"https:\/\/www.suno.com.br\/wealth\/\" target=\"_blank\" data-element=\"shortcode-suno-banner\" title=\"Banner SUNO, clique e saiba mais\">\n\t\t\t<picture>\n\t\t\t\t<source media=\"(max-width: 500px)\" srcset=\"https:\/\/files.sunoresearch.com.br\/n\/uploads\/2024\/01\/400x300-Mobile-WEALTH.png\">\n\t\t\t\t<img class=\"newsContent__article__imgCapa newsContent__article__imgCapa--banner\"\n\t\t\t\t\tsrc=\"https:\/\/files.sunoresearch.com.br\/n\/uploads\/2024\/01\/1420x240-Banner-Artigos-1-_-Banner-Materias-1-6.png\"\n\t\t\t\t\tdata-promo-id=\"512147\"\t\t\t\t\t\t\t\t\t\twidth='1420' height='240'\t\t\t\t\talt=\"https:\/\/files.sunoresearch.com.br\/n\/uploads\/2024\/01\/1420x240-Banner-Artigos-1-_-Banner-Materias-1-6.png\"\n\t\t\t\t>\n\t\t\t<\/picture>\n\t\t<\/a>\n\t<\/p>\n\n\n<h2>Venda ocorreu ap\u00f3s o prazo<\/h2>\n<p>A conclus\u00e3o da venda dos ativos da <strong>BRK Ambiental<\/strong> ao grupo chin\u00eas <strong>GS Inima<\/strong> teria ocorrido ap\u00f3s o prazo de <strong>18 meses<\/strong> somados a 120 dias. Desta forma, a Brookfield argumenta que a Odebrecht n\u00e3o tem direito a receber qualquer percentual da venda.<\/p>\n<p>\u201cComo previamente informado na notifica\u00e7\u00e3o, o vendedor n\u00e3o tem direito a nenhuma reivindica\u00e7\u00e3o de informa\u00e7\u00e3o ou pagamento sobre a transa\u00e7\u00e3o comercial de servi\u00e7os p\u00fablicos. E, daqui para frente, nenhuma informa\u00e7\u00e3o ou pagamento ser\u00e1 oferecido e nenhum documento \u00e9 devido ao vendedor\u201d, afirmou a canadense em carta enviada \u00e0 Odebrecht, em 6 de maio, obtida pelo &#8220;Estado de S. Paulo&#8221;.<\/p>\n<p>Contudo, a Odebrecht rebate que em 17 de agosto de 2018, dentro do prazo previsto no contrato, j\u00e1 teria dado <strong>aval<\/strong> \u00e0 transa\u00e7\u00e3o entre a canadense e o grupo sul-coreano. Por conta disso, teria direito a receber\u00a0R$ 43 milh\u00f5es. A conclus\u00e3o da venda ocorreu apenas nove meses depois.<\/p>\n<p>O Grupo <strong>Odebrecht<\/strong> pediu \u00e0 Justi\u00e7a para obter acesso aos <strong>documentos<\/strong> sobre a venda dos ativos da <strong>BRK Ambiental<\/strong>. Em decis\u00e3o liminar, o juiz concedeu o direito da brasileira ver os documentos, e obrigou a canadense a liber\u00e1-los.<\/p>\n","protected":false},"excerpt":{"rendered":"<p>A venda da BRK Ambiental, feita pelo grupo brasileiro Odebrecht e comprada pela canadense Brookfield em abril de 2017, tornou-se motivo de conflito entre as empresas. Isto, pois, segundo a Odebrecht, h\u00e1 um montante de cerca de R$ 400 milh\u00f5es da transa\u00e7\u00e3o da aquisi\u00e7\u00e3o da empresa. O caso est\u00e1 sendo discutido pela c\u00e2mara internacional de [&hellip;]<\/p>\n","protected":false},"author":12,"featured_media":17129,"comment_status":"closed","ping_status":"closed","sticky":false,"template":"","format":"standard","meta":[],"categories":[64],"tags":[1422,783,314],"suno_strategy":[],"class_list":["post-26790","post","type-post","status-publish","format-standard","has-post-thumbnail","hentry","category-negocios","tag-brookfield","tag-odebrecht","tag-recuperacao-judicial"],"yoast_head":"<!-- This site is optimized with the Yoast SEO plugin v24.4 - https:\/\/yoast.com\/wordpress\/plugins\/seo\/ -->\n<title>Odebrecht cobra de Brookfield cerca de R$ 393 mi por BRK Ambiental<\/title>\n<meta name=\"description\" content=\"O Grupo Odebrecht tem cobrado cerca de R$ 393 milh\u00f5es da Brookfield que seriam referentes \u00e0 venda da BRK Ambiental. Clique para saber mais.\" \/>\n<meta name=\"robots\" content=\"index, follow, max-snippet:-1, max-image-preview:large, max-video-preview:-1\" \/>\n<link rel=\"canonical\" href=\"https:\/\/www.suno.com.br\/noticias\/odebrecht-brookfield-venda-brk-ambiental\/\" \/>\n<meta property=\"og:locale\" content=\"pt_BR\" \/>\n<meta property=\"og:type\" content=\"article\" \/>\n<meta property=\"og:title\" content=\"Odebrecht cobra de Brookfield cerca de R$ 393 mi por BRK Ambiental\" \/>\n<meta property=\"og:description\" content=\"O Grupo Odebrecht tem cobrado cerca de R$ 393 milh\u00f5es da Brookfield que seriam referentes \u00e0 venda da BRK Ambiental. Clique para saber mais.\" \/>\n<meta property=\"og:url\" content=\"https:\/\/www.suno.com.br\/noticias\/odebrecht-brookfield-venda-brk-ambiental\/\" \/>\n<meta property=\"og:site_name\" content=\"Suno Not\u00edcias\" \/>\n<meta property=\"article:publisher\" content=\"https:\/\/facebook.com\/sunoresearch\" \/>\n<meta property=\"og:image\" content=\"https:\/\/files.sunoresearch.com.br\/n\/uploads\/2019\/03\/51709518-odebrecht.jpg\" \/>\n\t<meta property=\"og:image:width\" content=\"700\" \/>\n\t<meta property=\"og:image:height\" content=\"392\" \/>\n\t<meta property=\"og:image:type\" content=\"image\/jpeg\" \/>\n<meta name=\"author\" content=\"Amanda Gushiken\" \/>\n<meta name=\"twitter:card\" content=\"summary_large_image\" \/>\n<meta name=\"twitter:creator\" content=\"@sunoresearch\" \/>\n<meta name=\"twitter:site\" content=\"@sunoresearch\" \/>\n<meta name=\"twitter:label1\" content=\"Escrito por\" \/>\n\t<meta name=\"twitter:data1\" content=\"Amanda Gushiken\" \/>\n\t<meta name=\"twitter:label2\" content=\"Est. tempo de leitura\" \/>\n\t<meta name=\"twitter:data2\" content=\"4 minutos\" \/>\n<script type=\"application\/ld+json\" class=\"yoast-schema-graph\">{\"@context\":\"https:\/\/schema.org\",\"@graph\":[{\"@type\":\"NewsArticle\",\"@id\":\"https:\/\/www.suno.com.br\/noticias\/odebrecht-brookfield-venda-brk-ambiental\/#article\",\"isPartOf\":{\"@id\":\"https:\/\/www.suno.com.br\/noticias\/odebrecht-brookfield-venda-brk-ambiental\/\"},\"author\":{\"name\":\"Amanda Gushiken\",\"@id\":\"https:\/\/www.suno.com.br\/noticias\/#\/schema\/person\/a5b06fa4e879d8e8e119c6ed3cd630d1\"},\"headline\":\"Odebrecht cobra de Brookfield cerca de R$ 393 milh\u00f5es por BRK Ambiental\",\"datePublished\":\"2019-05-31T17:24:55+00:00\",\"mainEntityOfPage\":{\"@id\":\"https:\/\/www.suno.com.br\/noticias\/odebrecht-brookfield-venda-brk-ambiental\/\"},\"wordCount\":717,\"publisher\":{\"@id\":\"https:\/\/www.suno.com.br\/noticias\/#organization\"},\"image\":{\"@id\":\"https:\/\/www.suno.com.br\/noticias\/odebrecht-brookfield-venda-brk-ambiental\/#primaryimage\"},\"thumbnailUrl\":\"https:\/\/files.sunoresearch.com.br\/n\/uploads\/2019\/03\/51709518-odebrecht-jpg.webp\",\"keywords\":[\"Brookfield\",\"Odebrecht\",\"recupera\u00e7\u00e3o judicial\"],\"articleSection\":[\"Neg\u00f3cios\"],\"inLanguage\":\"pt-BR\"},{\"@type\":\"WebPage\",\"@id\":\"https:\/\/www.suno.com.br\/noticias\/odebrecht-brookfield-venda-brk-ambiental\/\",\"url\":\"https:\/\/www.suno.com.br\/noticias\/odebrecht-brookfield-venda-brk-ambiental\/\",\"name\":\"Odebrecht cobra de Brookfield cerca de R$ 393 mi por BRK Ambiental\",\"isPartOf\":{\"@id\":\"https:\/\/www.suno.com.br\/noticias\/#website\"},\"primaryImageOfPage\":{\"@id\":\"https:\/\/www.suno.com.br\/noticias\/odebrecht-brookfield-venda-brk-ambiental\/#primaryimage\"},\"image\":{\"@id\":\"https:\/\/www.suno.com.br\/noticias\/odebrecht-brookfield-venda-brk-ambiental\/#primaryimage\"},\"thumbnailUrl\":\"https:\/\/files.sunoresearch.com.br\/n\/uploads\/2019\/03\/51709518-odebrecht-jpg.webp\",\"datePublished\":\"2019-05-31T17:24:55+00:00\",\"description\":\"O Grupo Odebrecht tem cobrado cerca de R$ 393 milh\u00f5es da Brookfield que seriam referentes \u00e0 venda da BRK Ambiental. Clique para saber mais.\",\"breadcrumb\":{\"@id\":\"https:\/\/www.suno.com.br\/noticias\/odebrecht-brookfield-venda-brk-ambiental\/#breadcrumb\"},\"inLanguage\":\"pt-BR\",\"potentialAction\":[{\"@type\":\"ReadAction\",\"target\":[\"https:\/\/www.suno.com.br\/noticias\/odebrecht-brookfield-venda-brk-ambiental\/\"]}]},{\"@type\":\"ImageObject\",\"inLanguage\":\"pt-BR\",\"@id\":\"https:\/\/www.suno.com.br\/noticias\/odebrecht-brookfield-venda-brk-ambiental\/#primaryimage\",\"url\":\"https:\/\/files.sunoresearch.com.br\/n\/uploads\/2019\/03\/51709518-odebrecht-jpg.webp\",\"contentUrl\":\"https:\/\/files.sunoresearch.com.br\/n\/uploads\/2019\/03\/51709518-odebrecht-jpg.webp\",\"width\":700,\"height\":392,\"caption\":\"Odebrecht adia assembleia-geral com credores da Braskem\"},{\"@type\":\"BreadcrumbList\",\"@id\":\"https:\/\/www.suno.com.br\/noticias\/odebrecht-brookfield-venda-brk-ambiental\/#breadcrumb\",\"itemListElement\":[{\"@type\":\"ListItem\",\"position\":1,\"name\":\"Not\u00edcias\",\"item\":\"https:\/\/www.suno.com.br\/noticias\/\"},{\"@type\":\"ListItem\",\"position\":2,\"name\":\"Neg\u00f3cios\",\"item\":\"https:\/\/www.suno.com.br\/noticias\/negocios\/\"},{\"@type\":\"ListItem\",\"position\":3,\"name\":\"Odebrecht cobra de Brookfield cerca de R$ 393 milh\u00f5es por BRK Ambiental\"}]},{\"@type\":\"WebSite\",\"@id\":\"https:\/\/www.suno.com.br\/noticias\/#website\",\"url\":\"https:\/\/www.suno.com.br\/noticias\/\",\"name\":\"Suno Not\u00edcias\",\"description\":\"Seu portal de informa\u00e7\u00e3o sobre o mundo dos investimentos\",\"publisher\":{\"@id\":\"https:\/\/www.suno.com.br\/noticias\/#organization\"},\"potentialAction\":[{\"@type\":\"SearchAction\",\"target\":{\"@type\":\"EntryPoint\",\"urlTemplate\":\"https:\/\/www.suno.com.br\/noticias\/?s={search_term_string}\"},\"query-input\":{\"@type\":\"PropertyValueSpecification\",\"valueRequired\":true,\"valueName\":\"search_term_string\"}}],\"inLanguage\":\"pt-BR\"},{\"@type\":\"Organization\",\"@id\":\"https:\/\/www.suno.com.br\/noticias\/#organization\",\"name\":\"Suno Not\u00edcias\",\"url\":\"https:\/\/www.suno.com.br\/noticias\/\",\"logo\":{\"@type\":\"ImageObject\",\"inLanguage\":\"pt-BR\",\"@id\":\"https:\/\/www.suno.com.br\/noticias\/#\/schema\/logo\/image\/\",\"url\":\"https:\/\/files.sunoresearch.com.br\/n\/uploads\/2021\/09\/suno-logo.png\",\"contentUrl\":\"https:\/\/files.sunoresearch.com.br\/n\/uploads\/2021\/09\/suno-logo.png\",\"width\":180,\"height\":180,\"caption\":\"Suno Not\u00edcias\"},\"image\":{\"@id\":\"https:\/\/www.suno.com.br\/noticias\/#\/schema\/logo\/image\/\"},\"sameAs\":[\"https:\/\/facebook.com\/sunoresearch\",\"https:\/\/x.com\/sunoresearch\",\"https:\/\/www.instagram.com\/suno\",\"https:\/\/www.linkedin.com\/company\/suno-research\/\",\"https:\/\/www.youtube.com\/c\/sunoresearch\"]},{\"@type\":\"Person\",\"@id\":\"https:\/\/www.suno.com.br\/noticias\/#\/schema\/person\/a5b06fa4e879d8e8e119c6ed3cd630d1\",\"name\":\"Amanda Gushiken\",\"image\":{\"@type\":\"ImageObject\",\"inLanguage\":\"pt-BR\",\"@id\":\"https:\/\/www.suno.com.br\/noticias\/#\/schema\/person\/image\/\",\"url\":\"https:\/\/secure.gravatar.com\/avatar\/ecd84705e6b65e3685ae80d725501fbe?s=96&r=g\",\"contentUrl\":\"https:\/\/secure.gravatar.com\/avatar\/ecd84705e6b65e3685ae80d725501fbe?s=96&r=g\",\"caption\":\"Amanda Gushiken\"},\"description\":\"Amanda Sayuri Gushiken escreve sobre finan\u00e7as e neg\u00f3cios para o portal Suno Not\u00edcias. Antes, trabalhou selecionando not\u00edcias da imprensa para clientes do mercado financeiro. Tamb\u00e9m desenvolveu pesquisa acad\u00eamica pela Universidade Anhembi Morumbi na \u00e1rea de Teorias da Comunica\u00e7\u00e3o e \u00e9 fot\u00f3grafa nas horas vagas.\",\"url\":\"https:\/\/www.suno.com.br\/noticias\/author\/amanda\/\"}]}<\/script>\n<!-- \/ Yoast SEO plugin. -->","yoast_head_json":{"title":"Odebrecht cobra de Brookfield cerca de R$ 393 mi por BRK Ambiental","description":"O Grupo Odebrecht tem cobrado cerca de R$ 393 milh\u00f5es da Brookfield que seriam referentes \u00e0 venda da BRK Ambiental. Clique para saber mais.","robots":{"index":"index","follow":"follow","max-snippet":"max-snippet:-1","max-image-preview":"max-image-preview:large","max-video-preview":"max-video-preview:-1"},"canonical":"https:\/\/www.suno.com.br\/noticias\/odebrecht-brookfield-venda-brk-ambiental\/","og_locale":"pt_BR","og_type":"article","og_title":"Odebrecht cobra de Brookfield cerca de R$ 393 mi por BRK Ambiental","og_description":"O Grupo Odebrecht tem cobrado cerca de R$ 393 milh\u00f5es da Brookfield que seriam referentes \u00e0 venda da BRK Ambiental. Clique para saber mais.","og_url":"https:\/\/www.suno.com.br\/noticias\/odebrecht-brookfield-venda-brk-ambiental\/","og_site_name":"Suno Not\u00edcias","article_publisher":"https:\/\/facebook.com\/sunoresearch","og_image":[{"width":700,"height":392,"url":"https:\/\/files.sunoresearch.com.br\/n\/uploads\/2019\/03\/51709518-odebrecht.jpg","type":"image\/jpeg"}],"author":"Amanda Gushiken","twitter_card":"summary_large_image","twitter_creator":"@sunoresearch","twitter_site":"@sunoresearch","twitter_misc":{"Escrito por":"Amanda Gushiken","Est. tempo de leitura":"4 minutos"},"schema":{"@context":"https:\/\/schema.org","@graph":[{"@type":"NewsArticle","@id":"https:\/\/www.suno.com.br\/noticias\/odebrecht-brookfield-venda-brk-ambiental\/#article","isPartOf":{"@id":"https:\/\/www.suno.com.br\/noticias\/odebrecht-brookfield-venda-brk-ambiental\/"},"author":{"name":"Amanda Gushiken","@id":"https:\/\/www.suno.com.br\/noticias\/#\/schema\/person\/a5b06fa4e879d8e8e119c6ed3cd630d1"},"headline":"Odebrecht cobra de Brookfield cerca de R$ 393 milh\u00f5es por BRK Ambiental","datePublished":"2019-05-31T17:24:55+00:00","mainEntityOfPage":{"@id":"https:\/\/www.suno.com.br\/noticias\/odebrecht-brookfield-venda-brk-ambiental\/"},"wordCount":717,"publisher":{"@id":"https:\/\/www.suno.com.br\/noticias\/#organization"},"image":{"@id":"https:\/\/www.suno.com.br\/noticias\/odebrecht-brookfield-venda-brk-ambiental\/#primaryimage"},"thumbnailUrl":"https:\/\/files.sunoresearch.com.br\/n\/uploads\/2019\/03\/51709518-odebrecht-jpg.webp","keywords":["Brookfield","Odebrecht","recupera\u00e7\u00e3o judicial"],"articleSection":["Neg\u00f3cios"],"inLanguage":"pt-BR"},{"@type":"WebPage","@id":"https:\/\/www.suno.com.br\/noticias\/odebrecht-brookfield-venda-brk-ambiental\/","url":"https:\/\/www.suno.com.br\/noticias\/odebrecht-brookfield-venda-brk-ambiental\/","name":"Odebrecht cobra de Brookfield cerca de R$ 393 mi por BRK Ambiental","isPartOf":{"@id":"https:\/\/www.suno.com.br\/noticias\/#website"},"primaryImageOfPage":{"@id":"https:\/\/www.suno.com.br\/noticias\/odebrecht-brookfield-venda-brk-ambiental\/#primaryimage"},"image":{"@id":"https:\/\/www.suno.com.br\/noticias\/odebrecht-brookfield-venda-brk-ambiental\/#primaryimage"},"thumbnailUrl":"https:\/\/files.sunoresearch.com.br\/n\/uploads\/2019\/03\/51709518-odebrecht-jpg.webp","datePublished":"2019-05-31T17:24:55+00:00","description":"O Grupo Odebrecht tem cobrado cerca de R$ 393 milh\u00f5es da Brookfield que seriam referentes \u00e0 venda da BRK Ambiental. Clique para saber mais.","breadcrumb":{"@id":"https:\/\/www.suno.com.br\/noticias\/odebrecht-brookfield-venda-brk-ambiental\/#breadcrumb"},"inLanguage":"pt-BR","potentialAction":[{"@type":"ReadAction","target":["https:\/\/www.suno.com.br\/noticias\/odebrecht-brookfield-venda-brk-ambiental\/"]}]},{"@type":"ImageObject","inLanguage":"pt-BR","@id":"https:\/\/www.suno.com.br\/noticias\/odebrecht-brookfield-venda-brk-ambiental\/#primaryimage","url":"https:\/\/files.sunoresearch.com.br\/n\/uploads\/2019\/03\/51709518-odebrecht-jpg.webp","contentUrl":"https:\/\/files.sunoresearch.com.br\/n\/uploads\/2019\/03\/51709518-odebrecht-jpg.webp","width":700,"height":392,"caption":"Odebrecht adia assembleia-geral com credores da Braskem"},{"@type":"BreadcrumbList","@id":"https:\/\/www.suno.com.br\/noticias\/odebrecht-brookfield-venda-brk-ambiental\/#breadcrumb","itemListElement":[{"@type":"ListItem","position":1,"name":"Not\u00edcias","item":"https:\/\/www.suno.com.br\/noticias\/"},{"@type":"ListItem","position":2,"name":"Neg\u00f3cios","item":"https:\/\/www.suno.com.br\/noticias\/negocios\/"},{"@type":"ListItem","position":3,"name":"Odebrecht cobra de Brookfield cerca de R$ 393 milh\u00f5es por BRK Ambiental"}]},{"@type":"WebSite","@id":"https:\/\/www.suno.com.br\/noticias\/#website","url":"https:\/\/www.suno.com.br\/noticias\/","name":"Suno Not\u00edcias","description":"Seu portal de informa\u00e7\u00e3o sobre o mundo dos investimentos","publisher":{"@id":"https:\/\/www.suno.com.br\/noticias\/#organization"},"potentialAction":[{"@type":"SearchAction","target":{"@type":"EntryPoint","urlTemplate":"https:\/\/www.suno.com.br\/noticias\/?s={search_term_string}"},"query-input":{"@type":"PropertyValueSpecification","valueRequired":true,"valueName":"search_term_string"}}],"inLanguage":"pt-BR"},{"@type":"Organization","@id":"https:\/\/www.suno.com.br\/noticias\/#organization","name":"Suno Not\u00edcias","url":"https:\/\/www.suno.com.br\/noticias\/","logo":{"@type":"ImageObject","inLanguage":"pt-BR","@id":"https:\/\/www.suno.com.br\/noticias\/#\/schema\/logo\/image\/","url":"https:\/\/files.sunoresearch.com.br\/n\/uploads\/2021\/09\/suno-logo.png","contentUrl":"https:\/\/files.sunoresearch.com.br\/n\/uploads\/2021\/09\/suno-logo.png","width":180,"height":180,"caption":"Suno Not\u00edcias"},"image":{"@id":"https:\/\/www.suno.com.br\/noticias\/#\/schema\/logo\/image\/"},"sameAs":["https:\/\/facebook.com\/sunoresearch","https:\/\/x.com\/sunoresearch","https:\/\/www.instagram.com\/suno","https:\/\/www.linkedin.com\/company\/suno-research\/","https:\/\/www.youtube.com\/c\/sunoresearch"]},{"@type":"Person","@id":"https:\/\/www.suno.com.br\/noticias\/#\/schema\/person\/a5b06fa4e879d8e8e119c6ed3cd630d1","name":"Amanda Gushiken","image":{"@type":"ImageObject","inLanguage":"pt-BR","@id":"https:\/\/www.suno.com.br\/noticias\/#\/schema\/person\/image\/","url":"https:\/\/secure.gravatar.com\/avatar\/ecd84705e6b65e3685ae80d725501fbe?s=96&r=g","contentUrl":"https:\/\/secure.gravatar.com\/avatar\/ecd84705e6b65e3685ae80d725501fbe?s=96&r=g","caption":"Amanda Gushiken"},"description":"Amanda Sayuri Gushiken escreve sobre finan\u00e7as e neg\u00f3cios para o portal Suno Not\u00edcias. Antes, trabalhou selecionando not\u00edcias da imprensa para clientes do mercado financeiro. Tamb\u00e9m desenvolveu pesquisa acad\u00eamica pela Universidade Anhembi Morumbi na \u00e1rea de Teorias da Comunica\u00e7\u00e3o e \u00e9 fot\u00f3grafa nas horas vagas.","url":"https:\/\/www.suno.com.br\/noticias\/author\/amanda\/"}]}},"default_loop_html":"<div class=\"cardsPage__listCard__boxs\"><div class=\"cardsPage__listCard__boxs__img\"><a href=\"https:\/\/www.suno.com.br\/noticias\/odebrecht-brookfield-venda-brk-ambiental\/\"><img class=\"mask\" src=\"https:\/\/www.suno.com.br\/noticias\/wp-content\/themes\/suno\/resources\/images\/spotlight\/spotlight1img\/bg-mask.png\" alt=\"Image Mask\"\/><img src=\"https:\/\/files.sunoresearch.com.br\/n\/uploads\/2019\/03\/51709518-odebrecht-400x200.webp\" alt=\"Odebrecht cobra de Brookfield cerca de R$ 393 milh\u00f5es por BRK Ambiental\"\/><\/a><span class=\"spotlightCategory\"><a href=\"https:\/\/www.suno.com.br\/noticias\/negocios\/\">Neg\u00f3cios<\/a><\/span><\/div><div class=\"cardsPage__listCard__boxs__content\"><a href=\"https:\/\/www.suno.com.br\/noticias\/odebrecht-brookfield-venda-brk-ambiental\/\"><h2 class=\"content__title\">Odebrecht cobra de Brookfield cerca de R$ 393 milh\u00f5es por BRK Ambiental<\/h2><\/a><div class=\"newsContent__article__meta\"><div class=\"newsContent__article__meta__authorBox\"><a href=\"https:\/\/www.suno.com.br\/noticias\/author\/amanda\/\" class=\"authorBox__avatar noMobi\"><img src=\"https:\/\/files.sunoresearch.com.br\/n\/uploads\/2018\/11\/c6ad30be-amanda-150x150.webp\" alt=\"Amanda Gushiken\"><\/a><div class=\"authorBox__name\"><span>por\n\t\t\t<a href=\"https:\/\/www.suno.com.br\/noticias\/author\/amanda\/\"><span itemprop=\"author\">Amanda Gushiken<\/span><\/a><\/span><time datetime=\"2019-05-31T14:24:55-03:00\" itemprop=\"datePublished\">31\/05\/2019 14:24<\/time><\/div><\/div><\/div><\/div><\/div>","single_layout":"posts","amp_enabled":true,"_links":{"self":[{"href":"https:\/\/www.suno.com.br\/noticias\/wp-json\/wp\/v2\/posts\/26790"}],"collection":[{"href":"https:\/\/www.suno.com.br\/noticias\/wp-json\/wp\/v2\/posts"}],"about":[{"href":"https:\/\/www.suno.com.br\/noticias\/wp-json\/wp\/v2\/types\/post"}],"author":[{"embeddable":true,"href":"https:\/\/www.suno.com.br\/noticias\/wp-json\/wp\/v2\/users\/12"}],"replies":[{"embeddable":true,"href":"https:\/\/www.suno.com.br\/noticias\/wp-json\/wp\/v2\/comments?post=26790"}],"version-history":[{"count":0,"href":"https:\/\/www.suno.com.br\/noticias\/wp-json\/wp\/v2\/posts\/26790\/revisions"}],"wp:featuredmedia":[{"embeddable":true,"href":"https:\/\/www.suno.com.br\/noticias\/wp-json\/wp\/v2\/media\/17129"}],"wp:attachment":[{"href":"https:\/\/www.suno.com.br\/noticias\/wp-json\/wp\/v2\/media?parent=26790"}],"wp:term":[{"taxonomy":"category","embeddable":true,"href":"https:\/\/www.suno.com.br\/noticias\/wp-json\/wp\/v2\/categories?post=26790"},{"taxonomy":"post_tag","embeddable":true,"href":"https:\/\/www.suno.com.br\/noticias\/wp-json\/wp\/v2\/tags?post=26790"},{"taxonomy":"suno_strategy","embeddable":true,"href":"https:\/\/www.suno.com.br\/noticias\/wp-json\/wp\/v2\/suno_strategy?post=26790"}],"curies":[{"name":"wp","href":"https:\/\/api.w.org\/{rel}","templated":true}]}}