{"id":26788,"date":"2019-05-31T13:38:01","date_gmt":"2019-05-31T16:38:01","guid":{"rendered":"https:\/\/www.suno.com.br\/noticias\/?p=26788"},"modified":"2019-05-31T13:38:01","modified_gmt":"2019-05-31T16:38:01","slug":"reforma-da-previdencia-277-emendas","status":"publish","type":"post","link":"https:\/\/www.suno.com.br\/noticias\/reforma-da-previdencia-277-emendas\/","title":{"rendered":"PEC da reforma da Previd\u00eancia j\u00e1 tem 277 emendas"},"content":{"rendered":"<p>O texto da <strong>PEC<\/strong> da reforma da Previd\u00eancia j\u00e1 recebeu 277 emendas. De acordo com a consultoria da <strong>C\u00e2mara dos Deputados<\/strong>, as altera\u00e7\u00f5es n\u00e3o fogem do que j\u00e1 era divulgado pelos parlamentares. Assim, as <strong>emendas<\/strong> sugerem mudan\u00e7as nos pontos que j\u00e1 causavam diverg\u00eancias.<\/p>\t<div class=\"wrapper-featured-image\">\n\t\t<figure class=\"spotlightImg\">\n\n\t\t\t<picture>\n\t\t\t\t<source media=\"(max-width: 768px)\" srcset=\"https:\/\/files.sunoresearch.com.br\/n\/uploads\/2019\/04\/d8f125cc-reforma-da-previdencia-400x200.webp\">\n\t\t\t\t<img loading=\"lazy\" decoding=\"async\" class=\"newsContent__article__imgCapa lazyloadDisabled newsContent__article__imgCapa--noCaption\" src=\"https:\/\/files.sunoresearch.com.br\/n\/uploads\/2019\/04\/d8f125cc-reforma-da-previdencia-800x450.webp\" width=\"800\" height=\"450\" alt=\"PEC da reforma da Previd\u00eancia j\u00e1 tem 277 emendas\" fetchpriority=high \/>\n\t\t\t<\/picture>\n\n\t\t\t<figcaption class=\"wp-caption-text wp-caption-text--hide\">reforma da previd\u00eancia<\/figcaption>\n\t\t<\/figure>\n\t<\/div>\n\n\n<p>Desse modo, algumas das quest\u00f5es s\u00e3o referentes ao <strong>Benef\u00edcio de Presta\u00e7\u00e3o Continuada (BPC)<\/strong> e a aposentadoria rural. Esses pontos devem ser reformulados na <strong>reforma da Previd\u00eancia<\/strong> pelas emendas.<\/p>\n\t<p>\n\t\t<a href=\"https:\/\/lp.suno.com.br\/suno-one\/?utm_campaign=_SNC6964518A_\" target=\"_blank\" data-element=\"shortcode-suno-banner\" title=\"Banner SUNO, clique e saiba mais\">\n\t\t\t<picture>\n\t\t\t\t<source media=\"(max-width: 500px)\" srcset=\"https:\/\/files.sunoresearch.com.br\/n\/uploads\/2025\/09\/400x300-Suno-One-png.webp\">\n\t\t\t\t<img class=\"newsContent__article__imgCapa newsContent__article__imgCapa--banner\"\n\t\t\t\t\tsrc=\"https:\/\/files.sunoresearch.com.br\/n\/uploads\/2025\/09\/1420x240-Suno-One-png.webp\"\n\t\t\t\t\tdata-promo-id=\"383121\"\t\t\t\t\t\t\t\t\t\twidth='1420' height='240'\t\t\t\t\talt=\"https:\/\/files.sunoresearch.com.br\/n\/uploads\/2025\/09\/1420x240-Suno-One-png.webp\"\n\t\t\t\t>\n\t\t\t<\/picture>\n\t\t<\/a>\n\t<\/p>\n\n\n<p>Al\u00e9m disso, foram apresentadas emendas:<\/p>\n<ul>\n<li>sobre aposentadorias de policiais;<\/li>\n<li>sobre a aplica\u00e7\u00e3o da reforma nos Estados e munic\u00edpios;<\/li>\n<li>sobre o regime de capitaliza\u00e7\u00e3o;<\/li>\n<\/ul>\n<p>O parecer da reforma ser\u00e1 apresentando ainda este m\u00eas, de acordo com o relator, <strong>Samuel Moreira<\/strong> (PSDB). Contudo, antes disso, a consultoria da C\u00e2mara ainda faz um filtro em todas as emendas. Dessa forma, o deputado relator ganha tempo para negocia\u00e7\u00e3o.<\/p>\n<p><a href=\"https:\/\/www.suno.com.br\/noticias\/pl-reforma-previdencia-centrao\/\">Saiba Mais: PL, do Centr\u00e3o, apresenta alternativa \u00e0 reforma da Previd\u00eancia de Guedes<\/a><\/p>\n<p>Nesse sentido, <strong>Samuel Moreira<\/strong> afirma que pretende estruturar o texto em conjunto com os l\u00edderes de partidos. Dessa forma, a proposta seria constru\u00edda de modo a ter mais chance de ser aprovada.<\/p>\n<h2>Economia de R$ 800 bi<\/h2>\n<p>Contudo, os <strong>deputados federais<\/strong> trabalham na PEC com o intuito de alcan\u00e7ar R$ 800 bilh\u00f5es de economia. Assim, o valor previsto pela <strong>C\u00e2mara<\/strong> est\u00e1 abaixo do R$ 1,2 trilh\u00e3o estruturado pelo texto do <strong>governo<\/strong>. Dessa forma, os parlamentares argumentam que os R$ 400 bilh\u00f5es que provavelmente deixar\u00e3o de fora da reforma n\u00e3o s\u00e3o destinados ao <strong>ajuste fiscal<\/strong>.<\/p>\n<p>Para os deputados, o valor de R$ 1,2 trilh\u00e3o engloba a mudan\u00e7a de regime da <strong>Previd\u00eancia<\/strong>. Essa altera\u00e7\u00e3o seria feita do atual sistema de <strong>reparti\u00e7\u00e3o<\/strong> para o de <strong>capitaliza\u00e7\u00e3o<\/strong>. Confira a diferen\u00e7a entre os dois:<\/p>\n<p><a href=\"https:\/\/www.suno.com.br\/noticias\/reforma-da-previdencia-relator-diz-ser-possivel-antecipar-parecer\/\">Saiba Mais: Reforma da Previd\u00eancia: relator diz ser poss\u00edvel antecipar parecer<\/a><\/p>\n<p>A mudan\u00e7a para o novo sistema recebe muita resist\u00eancia dos integrantes do <strong>Legislativo<\/strong>.\u00a0Os parlamentares desconfiam que o valor para <strong>capitalizar<\/strong> \u00e9 maior que o divulgado pelo governo. Dessa forma, eles defendem que a prioridade \u00e9 o <strong>ajuste fiscal<\/strong>.<\/p>\n<h2>Reforma da Previd\u00eancia<\/h2>\n<p>O texto da <strong>reforma da Previd\u00eancia<\/strong> segue em tramita\u00e7\u00e3o na C\u00e2mara dos Deputados. Assim, atualmente a Proposta de Emenda \u00e0 Constitui\u00e7\u00e3o (PEC) \u00e9 analisada em seu m\u00e9rito na <strong>Comiss\u00e3o Especial<\/strong>. Nesta etapa, os deputados podem apresentar emendas e altera\u00e7\u00f5es no texto.<\/p>\n\t<p>\n\t\t<a href=\"https:\/\/lp2.suno.com.br\/pv\/curso-zero-ao-primeiro-rendimento\/?utm_source=suno-noticias&#038;utm_medium=banner&#038;utm_campaign=_SNC4CCF8112_\" target=\"_blank\" data-element=\"shortcode-suno-banner\" title=\"Banner SUNO, clique e saiba mais\">\n\t\t\t<picture>\n\t\t\t\t<source media=\"(max-width: 500px)\" srcset=\"https:\/\/files.sunoresearch.com.br\/n\/uploads\/2025\/12\/Artigos-e-Noticias-Banner-Materias-02-Mobile_-400x300-1-png.webp\">\n\t\t\t\t<img class=\"newsContent__article__imgCapa newsContent__article__imgCapa--banner\"\n\t\t\t\t\tsrc=\"https:\/\/files.sunoresearch.com.br\/n\/uploads\/2025\/12\/Artigos-e-Noticias-Banner-Materias-01-Desktop_-1420x240-1-png.webp\"\n\t\t\t\t\tdata-promo-id=\"635313\"\t\t\t\t\t\t\t\t\t\twidth='1420' height='240'\t\t\t\t\talt=\"https:\/\/files.sunoresearch.com.br\/n\/uploads\/2025\/12\/Artigos-e-Noticias-Banner-Materias-01-Desktop_-1420x240-1-png.webp\"\n\t\t\t\t>\n\t\t\t<\/picture>\n\t\t<\/a>\n\t<\/p>\n\n\n<p>Em um total de 40 sess\u00f5es, os parlamentares precisam votar a medida e aprovar o parecer feito pelo relator. O texto deve ser entregue por <strong>Samuel Moreira<\/strong> (PSDB) at\u00e9 o pr\u00f3ximo dia 15.<\/p>\n<p>Ap\u00f3s aprova\u00e7\u00e3o na Comiss\u00e3o Especial, a <strong>PEC<\/strong> passar\u00e1 ent\u00e3o ao plen\u00e1rio da C\u00e2mara dos Deputados. L\u00e1, a proposta precisa do apoio de 308 dos 513 deputados para ser aprovada. Em seguida, o texto vai para an\u00e1lise no <strong>Senado<\/strong>. Caso sofra altera\u00e7\u00f5es pelos senadores, deve voltar para mais uma vota\u00e7\u00e3o na C\u00e2mara.<\/p>\n<p><a href=\"https:\/\/www.suno.com.br\/noticias\/reforma-da-previdencia-nao-suficiente\/\">Saiba Mais: Reforma da Previd\u00eancia n\u00e3o \u00e9 suficiente para crescimento, diz Santander<\/a><\/p>\n<p>O governo defende a aprova\u00e7\u00e3o da <strong>reforma da Previd\u00eancia<\/strong> para promover um <strong>ajuste fiscal<\/strong> nas contas p\u00fablicas. Isso porque a <strong>meta fiscal<\/strong> para 2019 prev\u00ea um <strong>d\u00e9ficit<\/strong> de R$ 139 bilh\u00f5es. Com a proposta, o Executivo estima uma economia de R$ 1,2 trilh\u00e3o nos pr\u00f3ximos dez anos. Esse cen\u00e1rio seria favor\u00e1vel \u00e0 confian\u00e7a dos investidores e \u00e0 volta de investimentos no Brasil.<\/p>\n","protected":false},"excerpt":{"rendered":"<p>O texto da PEC da reforma da Previd\u00eancia j\u00e1 recebeu 277 emendas. De acordo com a consultoria da C\u00e2mara dos Deputados, as altera\u00e7\u00f5es n\u00e3o fogem do que j\u00e1 era divulgado pelos parlamentares. Assim, as emendas sugerem mudan\u00e7as nos pontos que j\u00e1 causavam diverg\u00eancias. reforma da previd\u00eancia Desse modo, algumas das quest\u00f5es s\u00e3o referentes ao Benef\u00edcio [&hellip;]<\/p>\n","protected":false},"author":16,"featured_media":22837,"comment_status":"closed","ping_status":"closed","sticky":false,"template":"","format":"standard","meta":[],"categories":[61],"tags":[938,322,940],"suno_strategy":[],"class_list":["post-26788","post","type-post","status-publish","format-standard","has-post-thumbnail","hentry","category-politica","tag-camara-dos-deputados","tag-previdencia-social","tag-reforma-da-previdencia"],"yoast_head":"<!-- This site is optimized with the Yoast SEO plugin v24.4 - https:\/\/yoast.com\/wordpress\/plugins\/seo\/ -->\n<title>PEC da reforma da Previd\u00eancia j\u00e1 tem 277 emendas<\/title>\n<meta name=\"description\" content=\"As altera\u00e7\u00f5es apresentadas na reforma da Previd\u00eancia pelas emendas n\u00e3o divergem muito do que j\u00e1 era apontado pelos parlamentares. Entenda.\" \/>\n<meta name=\"robots\" content=\"index, follow, max-snippet:-1, max-image-preview:large, max-video-preview:-1\" \/>\n<link rel=\"canonical\" href=\"https:\/\/www.suno.com.br\/noticias\/reforma-da-previdencia-277-emendas\/\" \/>\n<meta property=\"og:locale\" content=\"pt_BR\" \/>\n<meta property=\"og:type\" content=\"article\" \/>\n<meta property=\"og:title\" content=\"PEC da reforma da Previd\u00eancia j\u00e1 tem 277 emendas\" \/>\n<meta property=\"og:description\" content=\"As altera\u00e7\u00f5es apresentadas na reforma da Previd\u00eancia pelas emendas n\u00e3o divergem muito do que j\u00e1 era apontado pelos parlamentares. Entenda.\" \/>\n<meta property=\"og:url\" content=\"https:\/\/www.suno.com.br\/noticias\/reforma-da-previdencia-277-emendas\/\" \/>\n<meta property=\"og:site_name\" content=\"Suno Not\u00edcias\" \/>\n<meta property=\"article:publisher\" content=\"https:\/\/facebook.com\/sunoresearch\" \/>\n<meta property=\"og:image\" content=\"https:\/\/files.sunoresearch.com.br\/n\/uploads\/2019\/04\/d8f125cc-reforma-da-previdencia.jpg\" \/>\n\t<meta property=\"og:image:width\" content=\"1140\" \/>\n\t<meta property=\"og:image:height\" content=\"760\" \/>\n\t<meta property=\"og:image:type\" content=\"image\/jpeg\" \/>\n<meta name=\"author\" content=\"Beatriz Oliveira\" \/>\n<meta name=\"twitter:card\" content=\"summary_large_image\" \/>\n<meta name=\"twitter:creator\" content=\"@sunoresearch\" \/>\n<meta name=\"twitter:site\" content=\"@sunoresearch\" \/>\n<meta name=\"twitter:label1\" content=\"Escrito por\" \/>\n\t<meta name=\"twitter:data1\" content=\"Beatriz Oliveira\" \/>\n\t<meta name=\"twitter:label2\" content=\"Est. tempo de leitura\" \/>\n\t<meta name=\"twitter:data2\" content=\"3 minutos\" \/>\n<script type=\"application\/ld+json\" class=\"yoast-schema-graph\">{\"@context\":\"https:\/\/schema.org\",\"@graph\":[{\"@type\":\"NewsArticle\",\"@id\":\"https:\/\/www.suno.com.br\/noticias\/reforma-da-previdencia-277-emendas\/#article\",\"isPartOf\":{\"@id\":\"https:\/\/www.suno.com.br\/noticias\/reforma-da-previdencia-277-emendas\/\"},\"author\":{\"name\":\"Beatriz Oliveira\",\"@id\":\"https:\/\/www.suno.com.br\/noticias\/#\/schema\/person\/e67f665add014bf99f644028de070cc3\"},\"headline\":\"PEC da reforma da Previd\u00eancia j\u00e1 tem 277 emendas\",\"datePublished\":\"2019-05-31T16:38:01+00:00\",\"mainEntityOfPage\":{\"@id\":\"https:\/\/www.suno.com.br\/noticias\/reforma-da-previdencia-277-emendas\/\"},\"wordCount\":596,\"publisher\":{\"@id\":\"https:\/\/www.suno.com.br\/noticias\/#organization\"},\"image\":{\"@id\":\"https:\/\/www.suno.com.br\/noticias\/reforma-da-previdencia-277-emendas\/#primaryimage\"},\"thumbnailUrl\":\"https:\/\/files.sunoresearch.com.br\/n\/uploads\/2019\/04\/d8f125cc-reforma-da-previdencia-jpg.webp\",\"keywords\":[\"C\u00e2mara dos Deputados\",\"Previd\u00eancia Social\",\"Reforma da Previd\u00eancia\"],\"articleSection\":[\"Pol\u00edtica\"],\"inLanguage\":\"pt-BR\"},{\"@type\":\"WebPage\",\"@id\":\"https:\/\/www.suno.com.br\/noticias\/reforma-da-previdencia-277-emendas\/\",\"url\":\"https:\/\/www.suno.com.br\/noticias\/reforma-da-previdencia-277-emendas\/\",\"name\":\"PEC da reforma da Previd\u00eancia j\u00e1 tem 277 emendas\",\"isPartOf\":{\"@id\":\"https:\/\/www.suno.com.br\/noticias\/#website\"},\"primaryImageOfPage\":{\"@id\":\"https:\/\/www.suno.com.br\/noticias\/reforma-da-previdencia-277-emendas\/#primaryimage\"},\"image\":{\"@id\":\"https:\/\/www.suno.com.br\/noticias\/reforma-da-previdencia-277-emendas\/#primaryimage\"},\"thumbnailUrl\":\"https:\/\/files.sunoresearch.com.br\/n\/uploads\/2019\/04\/d8f125cc-reforma-da-previdencia-jpg.webp\",\"datePublished\":\"2019-05-31T16:38:01+00:00\",\"description\":\"As altera\u00e7\u00f5es apresentadas na reforma da Previd\u00eancia pelas emendas n\u00e3o divergem muito do que j\u00e1 era apontado pelos parlamentares. Entenda.\",\"breadcrumb\":{\"@id\":\"https:\/\/www.suno.com.br\/noticias\/reforma-da-previdencia-277-emendas\/#breadcrumb\"},\"inLanguage\":\"pt-BR\",\"potentialAction\":[{\"@type\":\"ReadAction\",\"target\":[\"https:\/\/www.suno.com.br\/noticias\/reforma-da-previdencia-277-emendas\/\"]}]},{\"@type\":\"ImageObject\",\"inLanguage\":\"pt-BR\",\"@id\":\"https:\/\/www.suno.com.br\/noticias\/reforma-da-previdencia-277-emendas\/#primaryimage\",\"url\":\"https:\/\/files.sunoresearch.com.br\/n\/uploads\/2019\/04\/d8f125cc-reforma-da-previdencia-jpg.webp\",\"contentUrl\":\"https:\/\/files.sunoresearch.com.br\/n\/uploads\/2019\/04\/d8f125cc-reforma-da-previdencia-jpg.webp\",\"width\":1140,\"height\":760,\"caption\":\"reforma da previd\u00eancia\"},{\"@type\":\"BreadcrumbList\",\"@id\":\"https:\/\/www.suno.com.br\/noticias\/reforma-da-previdencia-277-emendas\/#breadcrumb\",\"itemListElement\":[{\"@type\":\"ListItem\",\"position\":1,\"name\":\"Not\u00edcias\",\"item\":\"https:\/\/www.suno.com.br\/noticias\/\"},{\"@type\":\"ListItem\",\"position\":2,\"name\":\"Pol\u00edtica\",\"item\":\"https:\/\/www.suno.com.br\/noticias\/politica\/\"},{\"@type\":\"ListItem\",\"position\":3,\"name\":\"PEC da reforma da Previd\u00eancia j\u00e1 tem 277 emendas\"}]},{\"@type\":\"WebSite\",\"@id\":\"https:\/\/www.suno.com.br\/noticias\/#website\",\"url\":\"https:\/\/www.suno.com.br\/noticias\/\",\"name\":\"Suno Not\u00edcias\",\"description\":\"Seu portal de informa\u00e7\u00e3o sobre o mundo dos investimentos\",\"publisher\":{\"@id\":\"https:\/\/www.suno.com.br\/noticias\/#organization\"},\"potentialAction\":[{\"@type\":\"SearchAction\",\"target\":{\"@type\":\"EntryPoint\",\"urlTemplate\":\"https:\/\/www.suno.com.br\/noticias\/?s={search_term_string}\"},\"query-input\":{\"@type\":\"PropertyValueSpecification\",\"valueRequired\":true,\"valueName\":\"search_term_string\"}}],\"inLanguage\":\"pt-BR\"},{\"@type\":\"Organization\",\"@id\":\"https:\/\/www.suno.com.br\/noticias\/#organization\",\"name\":\"Suno Not\u00edcias\",\"url\":\"https:\/\/www.suno.com.br\/noticias\/\",\"logo\":{\"@type\":\"ImageObject\",\"inLanguage\":\"pt-BR\",\"@id\":\"https:\/\/www.suno.com.br\/noticias\/#\/schema\/logo\/image\/\",\"url\":\"https:\/\/files.sunoresearch.com.br\/n\/uploads\/2021\/09\/suno-logo.png\",\"contentUrl\":\"https:\/\/files.sunoresearch.com.br\/n\/uploads\/2021\/09\/suno-logo.png\",\"width\":180,\"height\":180,\"caption\":\"Suno Not\u00edcias\"},\"image\":{\"@id\":\"https:\/\/www.suno.com.br\/noticias\/#\/schema\/logo\/image\/\"},\"sameAs\":[\"https:\/\/facebook.com\/sunoresearch\",\"https:\/\/x.com\/sunoresearch\",\"https:\/\/www.instagram.com\/suno\",\"https:\/\/www.linkedin.com\/company\/suno-research\/\",\"https:\/\/www.youtube.com\/c\/sunoresearch\"]},{\"@type\":\"Person\",\"@id\":\"https:\/\/www.suno.com.br\/noticias\/#\/schema\/person\/e67f665add014bf99f644028de070cc3\",\"name\":\"Beatriz Oliveira\",\"image\":{\"@type\":\"ImageObject\",\"inLanguage\":\"pt-BR\",\"@id\":\"https:\/\/www.suno.com.br\/noticias\/#\/schema\/person\/image\/\",\"url\":\"https:\/\/secure.gravatar.com\/avatar\/c9aa6a0aaecc598d257d5d5bd349157d?s=96&r=g\",\"contentUrl\":\"https:\/\/secure.gravatar.com\/avatar\/c9aa6a0aaecc598d257d5d5bd349157d?s=96&r=g\",\"caption\":\"Beatriz Oliveira\"},\"description\":\"Formada em Jornalismo pela Faculdade Paulus de Tecnologia e Comunica\u00e7\u00e3o, Beatriz Oliveira escreve para o portal de not\u00edcias Suno Research. Antes, passou pelas reda\u00e7\u00f5es da Revista EXAME e da Rede Bandeirantes.\",\"url\":\"https:\/\/www.suno.com.br\/noticias\/author\/beatriz\/\"}]}<\/script>\n<!-- \/ Yoast SEO plugin. -->","yoast_head_json":{"title":"PEC da reforma da Previd\u00eancia j\u00e1 tem 277 emendas","description":"As altera\u00e7\u00f5es apresentadas na reforma da Previd\u00eancia pelas emendas n\u00e3o divergem muito do que j\u00e1 era apontado pelos parlamentares. Entenda.","robots":{"index":"index","follow":"follow","max-snippet":"max-snippet:-1","max-image-preview":"max-image-preview:large","max-video-preview":"max-video-preview:-1"},"canonical":"https:\/\/www.suno.com.br\/noticias\/reforma-da-previdencia-277-emendas\/","og_locale":"pt_BR","og_type":"article","og_title":"PEC da reforma da Previd\u00eancia j\u00e1 tem 277 emendas","og_description":"As altera\u00e7\u00f5es apresentadas na reforma da Previd\u00eancia pelas emendas n\u00e3o divergem muito do que j\u00e1 era apontado pelos parlamentares. Entenda.","og_url":"https:\/\/www.suno.com.br\/noticias\/reforma-da-previdencia-277-emendas\/","og_site_name":"Suno Not\u00edcias","article_publisher":"https:\/\/facebook.com\/sunoresearch","og_image":[{"width":1140,"height":760,"url":"https:\/\/files.sunoresearch.com.br\/n\/uploads\/2019\/04\/d8f125cc-reforma-da-previdencia.jpg","type":"image\/jpeg"}],"author":"Beatriz Oliveira","twitter_card":"summary_large_image","twitter_creator":"@sunoresearch","twitter_site":"@sunoresearch","twitter_misc":{"Escrito por":"Beatriz Oliveira","Est. tempo de leitura":"3 minutos"},"schema":{"@context":"https:\/\/schema.org","@graph":[{"@type":"NewsArticle","@id":"https:\/\/www.suno.com.br\/noticias\/reforma-da-previdencia-277-emendas\/#article","isPartOf":{"@id":"https:\/\/www.suno.com.br\/noticias\/reforma-da-previdencia-277-emendas\/"},"author":{"name":"Beatriz Oliveira","@id":"https:\/\/www.suno.com.br\/noticias\/#\/schema\/person\/e67f665add014bf99f644028de070cc3"},"headline":"PEC da reforma da Previd\u00eancia j\u00e1 tem 277 emendas","datePublished":"2019-05-31T16:38:01+00:00","mainEntityOfPage":{"@id":"https:\/\/www.suno.com.br\/noticias\/reforma-da-previdencia-277-emendas\/"},"wordCount":596,"publisher":{"@id":"https:\/\/www.suno.com.br\/noticias\/#organization"},"image":{"@id":"https:\/\/www.suno.com.br\/noticias\/reforma-da-previdencia-277-emendas\/#primaryimage"},"thumbnailUrl":"https:\/\/files.sunoresearch.com.br\/n\/uploads\/2019\/04\/d8f125cc-reforma-da-previdencia-jpg.webp","keywords":["C\u00e2mara dos Deputados","Previd\u00eancia Social","Reforma da Previd\u00eancia"],"articleSection":["Pol\u00edtica"],"inLanguage":"pt-BR"},{"@type":"WebPage","@id":"https:\/\/www.suno.com.br\/noticias\/reforma-da-previdencia-277-emendas\/","url":"https:\/\/www.suno.com.br\/noticias\/reforma-da-previdencia-277-emendas\/","name":"PEC da reforma da Previd\u00eancia j\u00e1 tem 277 emendas","isPartOf":{"@id":"https:\/\/www.suno.com.br\/noticias\/#website"},"primaryImageOfPage":{"@id":"https:\/\/www.suno.com.br\/noticias\/reforma-da-previdencia-277-emendas\/#primaryimage"},"image":{"@id":"https:\/\/www.suno.com.br\/noticias\/reforma-da-previdencia-277-emendas\/#primaryimage"},"thumbnailUrl":"https:\/\/files.sunoresearch.com.br\/n\/uploads\/2019\/04\/d8f125cc-reforma-da-previdencia-jpg.webp","datePublished":"2019-05-31T16:38:01+00:00","description":"As altera\u00e7\u00f5es apresentadas na reforma da Previd\u00eancia pelas emendas n\u00e3o divergem muito do que j\u00e1 era apontado pelos parlamentares. Entenda.","breadcrumb":{"@id":"https:\/\/www.suno.com.br\/noticias\/reforma-da-previdencia-277-emendas\/#breadcrumb"},"inLanguage":"pt-BR","potentialAction":[{"@type":"ReadAction","target":["https:\/\/www.suno.com.br\/noticias\/reforma-da-previdencia-277-emendas\/"]}]},{"@type":"ImageObject","inLanguage":"pt-BR","@id":"https:\/\/www.suno.com.br\/noticias\/reforma-da-previdencia-277-emendas\/#primaryimage","url":"https:\/\/files.sunoresearch.com.br\/n\/uploads\/2019\/04\/d8f125cc-reforma-da-previdencia-jpg.webp","contentUrl":"https:\/\/files.sunoresearch.com.br\/n\/uploads\/2019\/04\/d8f125cc-reforma-da-previdencia-jpg.webp","width":1140,"height":760,"caption":"reforma da previd\u00eancia"},{"@type":"BreadcrumbList","@id":"https:\/\/www.suno.com.br\/noticias\/reforma-da-previdencia-277-emendas\/#breadcrumb","itemListElement":[{"@type":"ListItem","position":1,"name":"Not\u00edcias","item":"https:\/\/www.suno.com.br\/noticias\/"},{"@type":"ListItem","position":2,"name":"Pol\u00edtica","item":"https:\/\/www.suno.com.br\/noticias\/politica\/"},{"@type":"ListItem","position":3,"name":"PEC da reforma da Previd\u00eancia j\u00e1 tem 277 emendas"}]},{"@type":"WebSite","@id":"https:\/\/www.suno.com.br\/noticias\/#website","url":"https:\/\/www.suno.com.br\/noticias\/","name":"Suno Not\u00edcias","description":"Seu portal de informa\u00e7\u00e3o sobre o mundo dos investimentos","publisher":{"@id":"https:\/\/www.suno.com.br\/noticias\/#organization"},"potentialAction":[{"@type":"SearchAction","target":{"@type":"EntryPoint","urlTemplate":"https:\/\/www.suno.com.br\/noticias\/?s={search_term_string}"},"query-input":{"@type":"PropertyValueSpecification","valueRequired":true,"valueName":"search_term_string"}}],"inLanguage":"pt-BR"},{"@type":"Organization","@id":"https:\/\/www.suno.com.br\/noticias\/#organization","name":"Suno Not\u00edcias","url":"https:\/\/www.suno.com.br\/noticias\/","logo":{"@type":"ImageObject","inLanguage":"pt-BR","@id":"https:\/\/www.suno.com.br\/noticias\/#\/schema\/logo\/image\/","url":"https:\/\/files.sunoresearch.com.br\/n\/uploads\/2021\/09\/suno-logo.png","contentUrl":"https:\/\/files.sunoresearch.com.br\/n\/uploads\/2021\/09\/suno-logo.png","width":180,"height":180,"caption":"Suno Not\u00edcias"},"image":{"@id":"https:\/\/www.suno.com.br\/noticias\/#\/schema\/logo\/image\/"},"sameAs":["https:\/\/facebook.com\/sunoresearch","https:\/\/x.com\/sunoresearch","https:\/\/www.instagram.com\/suno","https:\/\/www.linkedin.com\/company\/suno-research\/","https:\/\/www.youtube.com\/c\/sunoresearch"]},{"@type":"Person","@id":"https:\/\/www.suno.com.br\/noticias\/#\/schema\/person\/e67f665add014bf99f644028de070cc3","name":"Beatriz Oliveira","image":{"@type":"ImageObject","inLanguage":"pt-BR","@id":"https:\/\/www.suno.com.br\/noticias\/#\/schema\/person\/image\/","url":"https:\/\/secure.gravatar.com\/avatar\/c9aa6a0aaecc598d257d5d5bd349157d?s=96&r=g","contentUrl":"https:\/\/secure.gravatar.com\/avatar\/c9aa6a0aaecc598d257d5d5bd349157d?s=96&r=g","caption":"Beatriz Oliveira"},"description":"Formada em Jornalismo pela Faculdade Paulus de Tecnologia e Comunica\u00e7\u00e3o, Beatriz Oliveira escreve para o portal de not\u00edcias Suno Research. Antes, passou pelas reda\u00e7\u00f5es da Revista EXAME e da Rede Bandeirantes.","url":"https:\/\/www.suno.com.br\/noticias\/author\/beatriz\/"}]}},"default_loop_html":"<div class=\"cardsPage__listCard__boxs\"><div class=\"cardsPage__listCard__boxs__img\"><a href=\"https:\/\/www.suno.com.br\/noticias\/reforma-da-previdencia-277-emendas\/\"><img class=\"mask\" src=\"https:\/\/www.suno.com.br\/noticias\/wp-content\/themes\/suno\/resources\/images\/spotlight\/spotlight1img\/bg-mask.png\" alt=\"Image Mask\"\/><img src=\"https:\/\/files.sunoresearch.com.br\/n\/uploads\/2019\/04\/d8f125cc-reforma-da-previdencia-400x200.webp\" alt=\"PEC da reforma da Previd\u00eancia j\u00e1 tem 277 emendas\"\/><\/a><span class=\"spotlightCategory\"><a href=\"https:\/\/www.suno.com.br\/noticias\/politica\/\">Pol\u00edtica<\/a><\/span><\/div><div class=\"cardsPage__listCard__boxs__content\"><a href=\"https:\/\/www.suno.com.br\/noticias\/reforma-da-previdencia-277-emendas\/\"><h2 class=\"content__title\">PEC da reforma da Previd\u00eancia j\u00e1 tem 277 emendas<\/h2><\/a><div class=\"newsContent__article__meta\"><div class=\"newsContent__article__meta__authorBox\"><a href=\"https:\/\/www.suno.com.br\/noticias\/author\/beatriz\/\" class=\"authorBox__avatar noMobi\"><img src=\"https:\/\/secure.gravatar.com\/avatar\/c9aa6a0aaecc598d257d5d5bd349157d?s=96&#038;r=g\" alt=\"Beatriz Oliveira\"><\/a><div class=\"authorBox__name\"><span>por\n\t\t\t<a href=\"https:\/\/www.suno.com.br\/noticias\/author\/beatriz\/\"><span itemprop=\"author\">Beatriz Oliveira<\/span><\/a><\/span><time datetime=\"2019-05-31T13:38:01-03:00\" itemprop=\"datePublished\">31\/05\/2019 13:38<\/time><\/div><\/div><\/div><\/div><\/div>","single_layout":"posts","amp_enabled":true,"_links":{"self":[{"href":"https:\/\/www.suno.com.br\/noticias\/wp-json\/wp\/v2\/posts\/26788"}],"collection":[{"href":"https:\/\/www.suno.com.br\/noticias\/wp-json\/wp\/v2\/posts"}],"about":[{"href":"https:\/\/www.suno.com.br\/noticias\/wp-json\/wp\/v2\/types\/post"}],"author":[{"embeddable":true,"href":"https:\/\/www.suno.com.br\/noticias\/wp-json\/wp\/v2\/users\/16"}],"replies":[{"embeddable":true,"href":"https:\/\/www.suno.com.br\/noticias\/wp-json\/wp\/v2\/comments?post=26788"}],"version-history":[{"count":0,"href":"https:\/\/www.suno.com.br\/noticias\/wp-json\/wp\/v2\/posts\/26788\/revisions"}],"wp:featuredmedia":[{"embeddable":true,"href":"https:\/\/www.suno.com.br\/noticias\/wp-json\/wp\/v2\/media\/22837"}],"wp:attachment":[{"href":"https:\/\/www.suno.com.br\/noticias\/wp-json\/wp\/v2\/media?parent=26788"}],"wp:term":[{"taxonomy":"category","embeddable":true,"href":"https:\/\/www.suno.com.br\/noticias\/wp-json\/wp\/v2\/categories?post=26788"},{"taxonomy":"post_tag","embeddable":true,"href":"https:\/\/www.suno.com.br\/noticias\/wp-json\/wp\/v2\/tags?post=26788"},{"taxonomy":"suno_strategy","embeddable":true,"href":"https:\/\/www.suno.com.br\/noticias\/wp-json\/wp\/v2\/suno_strategy?post=26788"}],"curies":[{"name":"wp","href":"https:\/\/api.w.org\/{rel}","templated":true}]}}