{"id":267750,"date":"2022-06-15T11:22:35","date_gmt":"2022-06-15T14:22:35","guid":{"rendered":"https:\/\/www.suno.com.br\/noticias\/?p=267750"},"modified":"2022-06-17T11:24:19","modified_gmt":"2022-06-17T14:24:19","slug":"dolar-tem-perdas-ganhos-mercado-aguarda-fed-copom","status":"publish","type":"post","link":"https:\/\/www.suno.com.br\/noticias\/dolar-tem-perdas-ganhos-mercado-aguarda-fed-copom\/","title":{"rendered":"D\u00f3lar opera inst\u00e1vel, enquanto mercado aguarda Fed e Copom"},"content":{"rendered":"<p>O <strong>d\u00f3lar<\/strong> opera entre perdas e ganhos nesta quarta-feira (15), em meio ao al\u00edvio no mercado externo e alta nas bolsas europeias. O mercado tamb\u00e9m aguarda novas decis\u00f5es do Fed no cen\u00e1rio externo e Copom no Brasil.<\/p>\t<div class=\"wrapper-featured-image\">\n\t\t<figure class=\"spotlightImg\">\n\n\t\t\t<picture>\n\t\t\t\t<source media=\"(max-width: 768px)\" srcset=\"https:\/\/files.sunoresearch.com.br\/n\/uploads\/2022\/06\/dolar-2-1-400x200.jpg\">\n\t\t\t\t<img loading=\"lazy\" decoding=\"async\" class=\"newsContent__article__imgCapa lazyloadDisabled \" src=\"https:\/\/files.sunoresearch.com.br\/n\/uploads\/2022\/06\/dolar-2-1-800x450.jpg\" width=\"800\" height=\"450\" alt=\"D\u00f3lar opera inst\u00e1vel, enquanto mercado aguarda Fed e Copom\" fetchpriority=high \/>\n\t\t\t<\/picture>\n\n\t\t\t<figcaption class=\"wp-caption-text wp-caption-text--show\">D\u00f3lar salta 1,75% na semana, com Copom, infla\u00e7\u00e3o dos EUA e Fed no radar. Foto: Pixabay<\/figcaption>\n\t\t<\/figure>\n\t<\/div>\n\n\n\t<p>\n\t\t<a href=\"\" target=\"_blank\" data-element=\"shortcode-suno-banner\" title=\"Banner SUNO, clique e saiba mais\">\n\t\t\t<picture>\n\t\t\t\t<source media=\"(max-width: 500px)\" srcset=\"\">\n\t\t\t\t<img class=\"newsContent__article__imgCapa newsContent__article__imgCapa--banner\"\n\t\t\t\t\tsrc=\"\"\n\t\t\t\t\tdata-promo-id=\"240038\"\t\t\t\t\t\t\t\t\t\t\t\t\t\t\talt=\"\"\n\t\t\t\t>\n\t\t\t<\/picture>\n\t\t<\/a>\n\t<\/p>\n\n\n<p>A <strong>cota\u00e7\u00e3o do d\u00f3lar<\/strong> tem queda\u00a0 de 0,09%, por volta das 11h20, chegando aos R$ 5,11.<\/p>\n<p>A <strong>taxa de c\u00e2mbio<\/strong> operava em alta mais cedo, com a melhora dos mercados no exterior, ap\u00f3s a forte precifica\u00e7\u00e3o de alta de 0,75 pontos-base dos juros nos Estados Unidos nesta quarta-feira (15).<\/p>\n<p>A moeda norte-americana, o petr\u00f3leo e os juros dos Treasuries recuam, enquanto os mercados de a\u00e7\u00f5es em Nova York e na Europa sobem. Al\u00e9m da espera pelo desfecho das reuni\u00f5es do Federal Reserve (Fed, o banco central norte-americano) e do Comit\u00ea de Pol\u00edtica Monet\u00e1ria do Banco Central, os investidores avaliam as delibera\u00e7\u00f5es da reuni\u00e3o emergencial realizada nesta manh\u00e3 pelo Banco Central Europeu (BCE).<\/p>\n\t<div data-element=\"shortcode-read-more\" class=\"knowMore\">\n\t\t\t\t<span class=\"knowMore__title\">Veja mais:<\/span>\n\t\t\t\t<a class=\"knowMore__link\" href=\"https:\/\/www.suno.com.br\/noticias\/copom-deve-aumentar-taxa-selic-mais-alta\/\">\n\t\t\tCopom deve aumentar taxa Selic para 13,25% e mercado j\u00e1 prev\u00ea mais uma alta; veja por qu\u00ea\t\t<\/a>\n\t<\/div>\n\n\n<p>Al\u00e9m da <strong>movimenta\u00e7\u00e3o do d\u00f3lar,<\/strong> o euro e as bolsas da Europa diminu\u00edram seus ganhos ap\u00f3s a divulga\u00e7\u00e3o de um comunicado do BCE h\u00e1 pouco. No texto, a autoridade monet\u00e1ria refor\u00e7a compromisso para agir contra o risco de fragmenta\u00e7\u00e3o nos mercados de d\u00edvida da zona do euro.<\/p>\n<p>Da reuni\u00e3o do Copom espera-se uma alta de 50 pontos-base da Selic, para 13,25% ao ano, com o comunicado deixando a porta aberta mais eleva\u00e7\u00f5es.<\/p>\n\t<p>\n\t\t<a href=\"https:\/\/lp.suno.com.br\/planilha-controle-gastos\/\" target=\"_blank\" data-element=\"shortcode-suno-banner\" title=\"Banner SUNO, clique e saiba mais\">\n\t\t\t<picture>\n\t\t\t\t<source media=\"(max-width: 500px)\" srcset=\"https:\/\/files.sunoresearch.com.br\/n\/uploads\/2023\/03\/400x300-Planilha-controle-de-gastos.png\">\n\t\t\t\t<img class=\"newsContent__article__imgCapa newsContent__article__imgCapa--banner\"\n\t\t\t\t\tsrc=\"https:\/\/files.sunoresearch.com.br\/n\/uploads\/2023\/03\/1420x240-Planilha-controle-de-gastos.png\"\n\t\t\t\t\tdata-promo-id=\"101751\"\t\t\t\t\t\t\t\t\t\twidth='1420' height='240'\t\t\t\t\talt=\"https:\/\/files.sunoresearch.com.br\/n\/uploads\/2023\/03\/1420x240-Planilha-controle-de-gastos.png\"\n\t\t\t\t>\n\t\t\t<\/picture>\n\t\t<\/a>\n\t<\/p>\n\n\n<p>O Banco Central esclareceu que o comit\u00ea deve utilizar os dados do Boletim Focus &#8220;como usual&#8221; Segundo o BC, o Focus \u00e9 automatizado e os membros do Copom t\u00eam acesso aos dados atualizados em seu sistema de conting\u00eancia durante a greve dos servidores do BC, que tem impedido as divulga\u00e7\u00f5es regulares da pesquisa.<\/p>\n<p>No mercado de juros, por causa do feriado de Corpus Christi amanh\u00e3 no Brasil, o Tesouro adiantou para hoje o leil\u00e3o de LTN e NTN-F (11h00), que pode ser menor e n\u00e3o trazer press\u00e3o de alta, como de costume.<\/p>\n\t<p>\n\t\t<a href=\"https:\/\/lp.suno.com.br\/planilha-da-vida-financeira\/\" target=\"_blank\" data-element=\"shortcode-suno-banner\" title=\"Banner SUNO, clique e saiba mais\">\n\t\t\t<picture>\n\t\t\t\t<source media=\"(max-width: 500px)\" srcset=\"https:\/\/files.sunoresearch.com.br\/n\/uploads\/2023\/04\/400x300-Planilha-vida-financeira-true.png\">\n\t\t\t\t<img class=\"newsContent__article__imgCapa newsContent__article__imgCapa--banner\"\n\t\t\t\t\tsrc=\"https:\/\/files.sunoresearch.com.br\/n\/uploads\/2023\/04\/1420x240-Planilha-vida-financeira-true.png\"\n\t\t\t\t\tdata-promo-id=\"106682\"\t\t\t\t\t\t\t\t\t\twidth='1420' height='240'\t\t\t\t\talt=\"https:\/\/files.sunoresearch.com.br\/n\/uploads\/2023\/04\/1420x240-Planilha-vida-financeira-true.png\"\n\t\t\t\t>\n\t\t\t<\/picture>\n\t\t<\/a>\n\t<\/p>\n\n\n<p>Assim como o <strong>pre\u00e7o do d\u00f3lar<\/strong>, est\u00e1 no radar a <a href=\"https:\/\/www.suno.com.br\/noticias\/petrobras-petr4-falta-combustiveis\/\" target=\"_blank\" rel=\"noopener\">possibilidade de a Petrobras<\/a> anunciar ainda esta semana reajuste de combust\u00edveis. Em comunicado ontem \u00e0 noite, a estatal diz manter seu compromisso com a pr\u00e1tica de pre\u00e7os competitivos e em equil\u00edbrio com o mercado.<\/p>\n<p>O Broadcast (sistema de not\u00edcias em tempo real do Grupo Estado) apurou que emiss\u00e1rios do alto escal\u00e3o do governo e a diretoria da Petrobras reuniram-se na noite de segunda-feira, 13, para tentar impedir o aumento de combust\u00edveis.<\/p>\n<p>No cen\u00e1rio nacional, o <strong>d\u00f3lar hoje<\/strong> tamb\u00e9m \u00e9 impactado pelo o \u00cdndice Geral de Pre\u00e7os &#8211; 10 (IGP-10), que subiu 0,74% em junho, ap\u00f3s ter aumentado 0,10% em maio, abaixo da mediana (0,78%) das estimativas dos analistas do mercado financeiro ouvidos pelo Proje\u00e7\u00f5es Broadcast, que esperavam uma alta desde 0,48% a 0,92%.<\/p>\n\t<p>\n\t\t<a href=\"https:\/\/lp.suno.com.br\/ebook-como-analisar-uma-acao\/\" target=\"_blank\" data-element=\"shortcode-suno-banner\" title=\"Banner SUNO, clique e saiba mais\">\n\t\t\t<picture>\n\t\t\t\t<source media=\"(max-width: 500px)\" srcset=\"https:\/\/files.sunoresearch.com.br\/n\/uploads\/2023\/03\/Ebook-Acoes-Mobile-1.jpg\">\n\t\t\t\t<img class=\"newsContent__article__imgCapa newsContent__article__imgCapa--banner\"\n\t\t\t\t\tsrc=\"https:\/\/files.sunoresearch.com.br\/n\/uploads\/2023\/03\/Ebook-Acoes-Desktop-1.jpg\"\n\t\t\t\t\tdata-promo-id=\"171998\"\t\t\t\t\t\t\t\t\t\twidth='1420' height='286'\t\t\t\t\talt=\"https:\/\/files.sunoresearch.com.br\/n\/uploads\/2023\/03\/Ebook-Acoes-Desktop-1.jpg\"\n\t\t\t\t>\n\t\t\t<\/picture>\n\t\t<\/a>\n\t<\/p>\n\n\n<p>O Broadcast apurou que o secret\u00e1rio especial de Desestatiza\u00e7\u00e3o, Desinvestimento e Mercados do Minist\u00e9rio da Economia, Diogo Mac Cord, est\u00e1 de sa\u00edda do governo Bolsonaro e deve deixar o comando da secretaria ao final do m\u00eas.<\/p>\n<p>O aviso foi dado \u00e0 sua equipe na noite de ontem, ap\u00f3s a cerim\u00f4nia de privatiza\u00e7\u00e3o da Eletrobras na B3.<\/p>\n<p>De acordo com fontes presentes, Mac Cord afirmou que seu ciclo no governo federal estaria conclu\u00eddo com o desfecho da desestatiza\u00e7\u00e3o da estatal de energia.<\/p>\n<h2>\u00daltima cota\u00e7\u00e3o do d\u00f3lar<\/h2>\n<p>Nesta ter\u00e7a-feira (14), o <strong>d\u00f3lar<\/strong> fechou em queda de 0,04%, a 5,142 reais na venda, registrando a primeira baixa depois de 6 altas di\u00e1rias seguidas.<\/p>\n<p class=\"newsProviderSignature\">(Com informa\u00e7\u00f5es de Estad\u00e3o Conte\u00fado)<\/p>\n\t<p>\n\t\t<a href=\"https:\/\/lp.suno.com.br\/planilha-de-controle-de-investimentos\/\" target=\"_blank\" data-element=\"shortcode-suno-banner\" title=\"Banner SUNO, clique e saiba mais\">\n\t\t\t<picture>\n\t\t\t\t<source media=\"(max-width: 500px)\" srcset=\"https:\/\/files.sunoresearch.com.br\/n\/uploads\/2023\/03\/400x300-Controle-de-Investimentos.png\">\n\t\t\t\t<img class=\"newsContent__article__imgCapa newsContent__article__imgCapa--banner\"\n\t\t\t\t\tsrc=\"https:\/\/files.sunoresearch.com.br\/n\/uploads\/2023\/03\/1420x240-Controle-de-Investimentos.png\"\n\t\t\t\t\tdata-promo-id=\"75934\"\t\t\t\t\t\t\t\t\t\twidth='1420' height='240'\t\t\t\t\talt=\"https:\/\/files.sunoresearch.com.br\/n\/uploads\/2023\/03\/1420x240-Controle-de-Investimentos.png\"\n\t\t\t\t>\n\t\t\t<\/picture>\n\t\t<\/a>\n\t<\/p>\n\n\n","protected":false},"excerpt":{"rendered":"<p>O d\u00f3lar opera entre perdas e ganhos nesta quarta-feira (15), em meio ao al\u00edvio no mercado externo e alta nas bolsas europeias. O mercado tamb\u00e9m aguarda novas decis\u00f5es do Fed no cen\u00e1rio externo e Copom no Brasil. D\u00f3lar salta 1,75% na semana, com Copom, infla\u00e7\u00e3o dos EUA e Fed no radar. Foto: Pixabay A cota\u00e7\u00e3o [&hellip;]<\/p>\n","protected":false},"author":173,"featured_media":267764,"comment_status":"closed","ping_status":"closed","sticky":false,"template":"","format":"standard","meta":[],"categories":[60],"tags":[326,1852],"suno_strategy":[],"class_list":["post-267750","post","type-post","status-publish","format-standard","has-post-thumbnail","hentry","category-mercado","tag-dolar","tag-dolar-futuro"],"yoast_head":"<!-- This site is optimized with the Yoast SEO plugin v24.4 - https:\/\/yoast.com\/wordpress\/plugins\/seo\/ -->\n<title>D\u00f3lar tem perdas e ganhos, enquanto mercado aguarda Fed e Copom<\/title>\n<meta name=\"description\" content=\"D\u00f3lar tem perdas e ganhos nesta quarta-feira (15), enquanto mercado aguarda Fed e Copom. Saiba mais sobre o desempenho do d\u00f3lar hoje.\" \/>\n<meta name=\"robots\" content=\"index, follow, max-snippet:-1, max-image-preview:large, max-video-preview:-1\" \/>\n<link rel=\"canonical\" href=\"https:\/\/www.suno.com.br\/noticias\/dolar-tem-perdas-ganhos-mercado-aguarda-fed-copom\/\" \/>\n<meta property=\"og:locale\" content=\"pt_BR\" \/>\n<meta property=\"og:type\" content=\"article\" \/>\n<meta property=\"og:title\" content=\"D\u00f3lar tem perdas e ganhos, enquanto mercado aguarda Fed e Copom\" \/>\n<meta property=\"og:description\" content=\"D\u00f3lar tem perdas e ganhos nesta quarta-feira (15), enquanto mercado aguarda Fed e Copom. Saiba mais sobre o desempenho do d\u00f3lar hoje.\" \/>\n<meta property=\"og:url\" content=\"https:\/\/www.suno.com.br\/noticias\/dolar-tem-perdas-ganhos-mercado-aguarda-fed-copom\/\" \/>\n<meta property=\"og:site_name\" content=\"Suno Not\u00edcias\" \/>\n<meta property=\"article:publisher\" content=\"https:\/\/facebook.com\/sunoresearch\" \/>\n<meta property=\"og:image\" content=\"https:\/\/files.sunoresearch.com.br\/n\/uploads\/2022\/06\/dolar-2-1.jpg\" \/>\n\t<meta property=\"og:image:width\" content=\"1920\" \/>\n\t<meta property=\"og:image:height\" content=\"1357\" \/>\n\t<meta property=\"og:image:type\" content=\"image\/jpeg\" \/>\n<meta name=\"author\" content=\"Jo\u00e3o Vitor\" \/>\n<meta name=\"twitter:card\" content=\"summary_large_image\" \/>\n<meta name=\"twitter:creator\" content=\"@sunoresearch\" \/>\n<meta name=\"twitter:site\" content=\"@sunoresearch\" \/>\n<meta name=\"twitter:label1\" content=\"Escrito por\" \/>\n\t<meta name=\"twitter:data1\" content=\"Jo\u00e3o Vitor\" \/>\n\t<meta name=\"twitter:label2\" content=\"Est. tempo de leitura\" \/>\n\t<meta name=\"twitter:data2\" content=\"3 minutos\" \/>\n<script type=\"application\/ld+json\" class=\"yoast-schema-graph\">{\"@context\":\"https:\/\/schema.org\",\"@graph\":[{\"@type\":\"NewsArticle\",\"@id\":\"https:\/\/www.suno.com.br\/noticias\/dolar-tem-perdas-ganhos-mercado-aguarda-fed-copom\/#article\",\"isPartOf\":{\"@id\":\"https:\/\/www.suno.com.br\/noticias\/dolar-tem-perdas-ganhos-mercado-aguarda-fed-copom\/\"},\"author\":{\"name\":\"Jo\u00e3o Vitor\",\"@id\":\"https:\/\/www.suno.com.br\/noticias\/#\/schema\/person\/87fc6973867c52dd884811905c43afba\"},\"headline\":\"D\u00f3lar opera inst\u00e1vel, enquanto mercado aguarda Fed e Copom\",\"datePublished\":\"2022-06-15T14:22:35+00:00\",\"dateModified\":\"2022-06-17T14:24:19+00:00\",\"mainEntityOfPage\":{\"@id\":\"https:\/\/www.suno.com.br\/noticias\/dolar-tem-perdas-ganhos-mercado-aguarda-fed-copom\/\"},\"wordCount\":642,\"publisher\":{\"@id\":\"https:\/\/www.suno.com.br\/noticias\/#organization\"},\"image\":{\"@id\":\"https:\/\/www.suno.com.br\/noticias\/dolar-tem-perdas-ganhos-mercado-aguarda-fed-copom\/#primaryimage\"},\"thumbnailUrl\":\"https:\/\/files.sunoresearch.com.br\/n\/uploads\/2022\/06\/dolar-2-1.jpg\",\"keywords\":[\"d\u00f3lar\",\"d\u00f3lar futuro\"],\"articleSection\":[\"Mercado\"],\"inLanguage\":\"pt-BR\"},{\"@type\":\"WebPage\",\"@id\":\"https:\/\/www.suno.com.br\/noticias\/dolar-tem-perdas-ganhos-mercado-aguarda-fed-copom\/\",\"url\":\"https:\/\/www.suno.com.br\/noticias\/dolar-tem-perdas-ganhos-mercado-aguarda-fed-copom\/\",\"name\":\"D\u00f3lar tem perdas e ganhos, enquanto mercado aguarda Fed e Copom\",\"isPartOf\":{\"@id\":\"https:\/\/www.suno.com.br\/noticias\/#website\"},\"primaryImageOfPage\":{\"@id\":\"https:\/\/www.suno.com.br\/noticias\/dolar-tem-perdas-ganhos-mercado-aguarda-fed-copom\/#primaryimage\"},\"image\":{\"@id\":\"https:\/\/www.suno.com.br\/noticias\/dolar-tem-perdas-ganhos-mercado-aguarda-fed-copom\/#primaryimage\"},\"thumbnailUrl\":\"https:\/\/files.sunoresearch.com.br\/n\/uploads\/2022\/06\/dolar-2-1.jpg\",\"datePublished\":\"2022-06-15T14:22:35+00:00\",\"dateModified\":\"2022-06-17T14:24:19+00:00\",\"description\":\"D\u00f3lar tem perdas e ganhos nesta quarta-feira (15), enquanto mercado aguarda Fed e Copom. Saiba mais sobre o desempenho do d\u00f3lar hoje.\",\"breadcrumb\":{\"@id\":\"https:\/\/www.suno.com.br\/noticias\/dolar-tem-perdas-ganhos-mercado-aguarda-fed-copom\/#breadcrumb\"},\"inLanguage\":\"pt-BR\",\"potentialAction\":[{\"@type\":\"ReadAction\",\"target\":[\"https:\/\/www.suno.com.br\/noticias\/dolar-tem-perdas-ganhos-mercado-aguarda-fed-copom\/\"]}]},{\"@type\":\"ImageObject\",\"inLanguage\":\"pt-BR\",\"@id\":\"https:\/\/www.suno.com.br\/noticias\/dolar-tem-perdas-ganhos-mercado-aguarda-fed-copom\/#primaryimage\",\"url\":\"https:\/\/files.sunoresearch.com.br\/n\/uploads\/2022\/06\/dolar-2-1.jpg\",\"contentUrl\":\"https:\/\/files.sunoresearch.com.br\/n\/uploads\/2022\/06\/dolar-2-1.jpg\",\"width\":1920,\"height\":1357,\"caption\":\"D\u00f3lar salta 1,75% na semana, com Copom, infla\u00e7\u00e3o dos EUA e Fed no radar. Foto: Pixabay\"},{\"@type\":\"BreadcrumbList\",\"@id\":\"https:\/\/www.suno.com.br\/noticias\/dolar-tem-perdas-ganhos-mercado-aguarda-fed-copom\/#breadcrumb\",\"itemListElement\":[{\"@type\":\"ListItem\",\"position\":1,\"name\":\"Not\u00edcias\",\"item\":\"https:\/\/www.suno.com.br\/noticias\/\"},{\"@type\":\"ListItem\",\"position\":2,\"name\":\"Mercado\",\"item\":\"https:\/\/www.suno.com.br\/noticias\/mercado\/\"},{\"@type\":\"ListItem\",\"position\":3,\"name\":\"D\u00f3lar opera inst\u00e1vel, enquanto mercado aguarda Fed e Copom\"}]},{\"@type\":\"WebSite\",\"@id\":\"https:\/\/www.suno.com.br\/noticias\/#website\",\"url\":\"https:\/\/www.suno.com.br\/noticias\/\",\"name\":\"Suno Not\u00edcias\",\"description\":\"Seu portal de informa\u00e7\u00e3o sobre o mundo dos investimentos\",\"publisher\":{\"@id\":\"https:\/\/www.suno.com.br\/noticias\/#organization\"},\"potentialAction\":[{\"@type\":\"SearchAction\",\"target\":{\"@type\":\"EntryPoint\",\"urlTemplate\":\"https:\/\/www.suno.com.br\/noticias\/?s={search_term_string}\"},\"query-input\":{\"@type\":\"PropertyValueSpecification\",\"valueRequired\":true,\"valueName\":\"search_term_string\"}}],\"inLanguage\":\"pt-BR\"},{\"@type\":\"Organization\",\"@id\":\"https:\/\/www.suno.com.br\/noticias\/#organization\",\"name\":\"Suno Not\u00edcias\",\"url\":\"https:\/\/www.suno.com.br\/noticias\/\",\"logo\":{\"@type\":\"ImageObject\",\"inLanguage\":\"pt-BR\",\"@id\":\"https:\/\/www.suno.com.br\/noticias\/#\/schema\/logo\/image\/\",\"url\":\"https:\/\/files.sunoresearch.com.br\/n\/uploads\/2021\/09\/suno-logo.png\",\"contentUrl\":\"https:\/\/files.sunoresearch.com.br\/n\/uploads\/2021\/09\/suno-logo.png\",\"width\":180,\"height\":180,\"caption\":\"Suno Not\u00edcias\"},\"image\":{\"@id\":\"https:\/\/www.suno.com.br\/noticias\/#\/schema\/logo\/image\/\"},\"sameAs\":[\"https:\/\/facebook.com\/sunoresearch\",\"https:\/\/x.com\/sunoresearch\",\"https:\/\/www.instagram.com\/suno\",\"https:\/\/www.linkedin.com\/company\/suno-research\/\",\"https:\/\/www.youtube.com\/c\/sunoresearch\"]},{\"@type\":\"Person\",\"@id\":\"https:\/\/www.suno.com.br\/noticias\/#\/schema\/person\/87fc6973867c52dd884811905c43afba\",\"name\":\"Jo\u00e3o Vitor\",\"image\":{\"@type\":\"ImageObject\",\"inLanguage\":\"pt-BR\",\"@id\":\"https:\/\/www.suno.com.br\/noticias\/#\/schema\/person\/image\/\",\"url\":\"https:\/\/secure.gravatar.com\/avatar\/2843227ca03ccf8cc7ccca45204c127e?s=96&r=g\",\"contentUrl\":\"https:\/\/secure.gravatar.com\/avatar\/2843227ca03ccf8cc7ccca45204c127e?s=96&r=g\",\"caption\":\"Jo\u00e3o Vitor\"},\"description\":\"Redator profissional, com atua\u00e7\u00e3o no mercado editorial na produ\u00e7\u00e3o de not\u00edcias e conte\u00fados sobre o mercado de a\u00e7\u00f5es, fundos imobili\u00e1rios e economia popular. Graduando em Engenharia Qu\u00edmica pela Unesp, tamb\u00e9m j\u00e1 atuou como consultor financeiro.\",\"url\":\"https:\/\/www.suno.com.br\/noticias\/author\/joao-vitor-jacintho\/\"}]}<\/script>\n<!-- \/ Yoast SEO plugin. -->","yoast_head_json":{"title":"D\u00f3lar tem perdas e ganhos, enquanto mercado aguarda Fed e Copom","description":"D\u00f3lar tem perdas e ganhos nesta quarta-feira (15), enquanto mercado aguarda Fed e Copom. Saiba mais sobre o desempenho do d\u00f3lar hoje.","robots":{"index":"index","follow":"follow","max-snippet":"max-snippet:-1","max-image-preview":"max-image-preview:large","max-video-preview":"max-video-preview:-1"},"canonical":"https:\/\/www.suno.com.br\/noticias\/dolar-tem-perdas-ganhos-mercado-aguarda-fed-copom\/","og_locale":"pt_BR","og_type":"article","og_title":"D\u00f3lar tem perdas e ganhos, enquanto mercado aguarda Fed e Copom","og_description":"D\u00f3lar tem perdas e ganhos nesta quarta-feira (15), enquanto mercado aguarda Fed e Copom. Saiba mais sobre o desempenho do d\u00f3lar hoje.","og_url":"https:\/\/www.suno.com.br\/noticias\/dolar-tem-perdas-ganhos-mercado-aguarda-fed-copom\/","og_site_name":"Suno Not\u00edcias","article_publisher":"https:\/\/facebook.com\/sunoresearch","og_image":[{"width":1920,"height":1357,"url":"https:\/\/files.sunoresearch.com.br\/n\/uploads\/2022\/06\/dolar-2-1.jpg","type":"image\/jpeg"}],"author":"Jo\u00e3o Vitor","twitter_card":"summary_large_image","twitter_creator":"@sunoresearch","twitter_site":"@sunoresearch","twitter_misc":{"Escrito por":"Jo\u00e3o Vitor","Est. tempo de leitura":"3 minutos"},"schema":{"@context":"https:\/\/schema.org","@graph":[{"@type":"NewsArticle","@id":"https:\/\/www.suno.com.br\/noticias\/dolar-tem-perdas-ganhos-mercado-aguarda-fed-copom\/#article","isPartOf":{"@id":"https:\/\/www.suno.com.br\/noticias\/dolar-tem-perdas-ganhos-mercado-aguarda-fed-copom\/"},"author":{"name":"Jo\u00e3o Vitor","@id":"https:\/\/www.suno.com.br\/noticias\/#\/schema\/person\/87fc6973867c52dd884811905c43afba"},"headline":"D\u00f3lar opera inst\u00e1vel, enquanto mercado aguarda Fed e Copom","datePublished":"2022-06-15T14:22:35+00:00","dateModified":"2022-06-17T14:24:19+00:00","mainEntityOfPage":{"@id":"https:\/\/www.suno.com.br\/noticias\/dolar-tem-perdas-ganhos-mercado-aguarda-fed-copom\/"},"wordCount":642,"publisher":{"@id":"https:\/\/www.suno.com.br\/noticias\/#organization"},"image":{"@id":"https:\/\/www.suno.com.br\/noticias\/dolar-tem-perdas-ganhos-mercado-aguarda-fed-copom\/#primaryimage"},"thumbnailUrl":"https:\/\/files.sunoresearch.com.br\/n\/uploads\/2022\/06\/dolar-2-1.jpg","keywords":["d\u00f3lar","d\u00f3lar futuro"],"articleSection":["Mercado"],"inLanguage":"pt-BR"},{"@type":"WebPage","@id":"https:\/\/www.suno.com.br\/noticias\/dolar-tem-perdas-ganhos-mercado-aguarda-fed-copom\/","url":"https:\/\/www.suno.com.br\/noticias\/dolar-tem-perdas-ganhos-mercado-aguarda-fed-copom\/","name":"D\u00f3lar tem perdas e ganhos, enquanto mercado aguarda Fed e Copom","isPartOf":{"@id":"https:\/\/www.suno.com.br\/noticias\/#website"},"primaryImageOfPage":{"@id":"https:\/\/www.suno.com.br\/noticias\/dolar-tem-perdas-ganhos-mercado-aguarda-fed-copom\/#primaryimage"},"image":{"@id":"https:\/\/www.suno.com.br\/noticias\/dolar-tem-perdas-ganhos-mercado-aguarda-fed-copom\/#primaryimage"},"thumbnailUrl":"https:\/\/files.sunoresearch.com.br\/n\/uploads\/2022\/06\/dolar-2-1.jpg","datePublished":"2022-06-15T14:22:35+00:00","dateModified":"2022-06-17T14:24:19+00:00","description":"D\u00f3lar tem perdas e ganhos nesta quarta-feira (15), enquanto mercado aguarda Fed e Copom. Saiba mais sobre o desempenho do d\u00f3lar hoje.","breadcrumb":{"@id":"https:\/\/www.suno.com.br\/noticias\/dolar-tem-perdas-ganhos-mercado-aguarda-fed-copom\/#breadcrumb"},"inLanguage":"pt-BR","potentialAction":[{"@type":"ReadAction","target":["https:\/\/www.suno.com.br\/noticias\/dolar-tem-perdas-ganhos-mercado-aguarda-fed-copom\/"]}]},{"@type":"ImageObject","inLanguage":"pt-BR","@id":"https:\/\/www.suno.com.br\/noticias\/dolar-tem-perdas-ganhos-mercado-aguarda-fed-copom\/#primaryimage","url":"https:\/\/files.sunoresearch.com.br\/n\/uploads\/2022\/06\/dolar-2-1.jpg","contentUrl":"https:\/\/files.sunoresearch.com.br\/n\/uploads\/2022\/06\/dolar-2-1.jpg","width":1920,"height":1357,"caption":"D\u00f3lar salta 1,75% na semana, com Copom, infla\u00e7\u00e3o dos EUA e Fed no radar. Foto: Pixabay"},{"@type":"BreadcrumbList","@id":"https:\/\/www.suno.com.br\/noticias\/dolar-tem-perdas-ganhos-mercado-aguarda-fed-copom\/#breadcrumb","itemListElement":[{"@type":"ListItem","position":1,"name":"Not\u00edcias","item":"https:\/\/www.suno.com.br\/noticias\/"},{"@type":"ListItem","position":2,"name":"Mercado","item":"https:\/\/www.suno.com.br\/noticias\/mercado\/"},{"@type":"ListItem","position":3,"name":"D\u00f3lar opera inst\u00e1vel, enquanto mercado aguarda Fed e Copom"}]},{"@type":"WebSite","@id":"https:\/\/www.suno.com.br\/noticias\/#website","url":"https:\/\/www.suno.com.br\/noticias\/","name":"Suno Not\u00edcias","description":"Seu portal de informa\u00e7\u00e3o sobre o mundo dos investimentos","publisher":{"@id":"https:\/\/www.suno.com.br\/noticias\/#organization"},"potentialAction":[{"@type":"SearchAction","target":{"@type":"EntryPoint","urlTemplate":"https:\/\/www.suno.com.br\/noticias\/?s={search_term_string}"},"query-input":{"@type":"PropertyValueSpecification","valueRequired":true,"valueName":"search_term_string"}}],"inLanguage":"pt-BR"},{"@type":"Organization","@id":"https:\/\/www.suno.com.br\/noticias\/#organization","name":"Suno Not\u00edcias","url":"https:\/\/www.suno.com.br\/noticias\/","logo":{"@type":"ImageObject","inLanguage":"pt-BR","@id":"https:\/\/www.suno.com.br\/noticias\/#\/schema\/logo\/image\/","url":"https:\/\/files.sunoresearch.com.br\/n\/uploads\/2021\/09\/suno-logo.png","contentUrl":"https:\/\/files.sunoresearch.com.br\/n\/uploads\/2021\/09\/suno-logo.png","width":180,"height":180,"caption":"Suno Not\u00edcias"},"image":{"@id":"https:\/\/www.suno.com.br\/noticias\/#\/schema\/logo\/image\/"},"sameAs":["https:\/\/facebook.com\/sunoresearch","https:\/\/x.com\/sunoresearch","https:\/\/www.instagram.com\/suno","https:\/\/www.linkedin.com\/company\/suno-research\/","https:\/\/www.youtube.com\/c\/sunoresearch"]},{"@type":"Person","@id":"https:\/\/www.suno.com.br\/noticias\/#\/schema\/person\/87fc6973867c52dd884811905c43afba","name":"Jo\u00e3o Vitor","image":{"@type":"ImageObject","inLanguage":"pt-BR","@id":"https:\/\/www.suno.com.br\/noticias\/#\/schema\/person\/image\/","url":"https:\/\/secure.gravatar.com\/avatar\/2843227ca03ccf8cc7ccca45204c127e?s=96&r=g","contentUrl":"https:\/\/secure.gravatar.com\/avatar\/2843227ca03ccf8cc7ccca45204c127e?s=96&r=g","caption":"Jo\u00e3o Vitor"},"description":"Redator profissional, com atua\u00e7\u00e3o no mercado editorial na produ\u00e7\u00e3o de not\u00edcias e conte\u00fados sobre o mercado de a\u00e7\u00f5es, fundos imobili\u00e1rios e economia popular. Graduando em Engenharia Qu\u00edmica pela Unesp, tamb\u00e9m j\u00e1 atuou como consultor financeiro.","url":"https:\/\/www.suno.com.br\/noticias\/author\/joao-vitor-jacintho\/"}]}},"default_loop_html":"<div class=\"cardsPage__listCard__boxs\"><div class=\"cardsPage__listCard__boxs__img\"><a href=\"https:\/\/www.suno.com.br\/noticias\/dolar-tem-perdas-ganhos-mercado-aguarda-fed-copom\/\"><img class=\"mask\" src=\"https:\/\/www.suno.com.br\/noticias\/wp-content\/themes\/suno\/resources\/images\/spotlight\/spotlight1img\/bg-mask.png\" alt=\"Image Mask\"\/><img src=\"https:\/\/files.sunoresearch.com.br\/n\/uploads\/2022\/06\/dolar-2-1-400x200.jpg\" alt=\"D\u00f3lar opera inst\u00e1vel, enquanto mercado aguarda Fed e Copom\"\/><\/a><span class=\"spotlightCategory\"><a href=\"https:\/\/www.suno.com.br\/noticias\/mercado\/\">Mercado<\/a><\/span><\/div><div class=\"cardsPage__listCard__boxs__content\"><a href=\"https:\/\/www.suno.com.br\/noticias\/dolar-tem-perdas-ganhos-mercado-aguarda-fed-copom\/\"><h2 class=\"content__title\">D\u00f3lar opera inst\u00e1vel, enquanto mercado aguarda Fed e Copom<\/h2><\/a><div class=\"newsContent__article__meta\"><div class=\"newsContent__article__meta__authorBox\"><a href=\"https:\/\/www.suno.com.br\/noticias\/author\/joao-vitor-jacintho\/\" class=\"authorBox__avatar noMobi\"><img src=\"https:\/\/secure.gravatar.com\/avatar\/2843227ca03ccf8cc7ccca45204c127e?s=96&#038;r=g\" alt=\"Jo\u00e3o Vitor Jacintho\"><\/a><div class=\"authorBox__name\"><span>por\n\t\t\t<a href=\"https:\/\/www.suno.com.br\/noticias\/author\/joao-vitor-jacintho\/\"><span itemprop=\"author\">Jo\u00e3o Vitor Jacintho<\/span><\/a><\/span><time datetime=\"2022-06-15T11:22:35-03:00\" itemprop=\"datePublished\">15\/06\/2022 11:22<\/time><\/div><\/div><\/div><\/div><\/div>","single_layout":"posts","amp_enabled":true,"_links":{"self":[{"href":"https:\/\/www.suno.com.br\/noticias\/wp-json\/wp\/v2\/posts\/267750"}],"collection":[{"href":"https:\/\/www.suno.com.br\/noticias\/wp-json\/wp\/v2\/posts"}],"about":[{"href":"https:\/\/www.suno.com.br\/noticias\/wp-json\/wp\/v2\/types\/post"}],"author":[{"embeddable":true,"href":"https:\/\/www.suno.com.br\/noticias\/wp-json\/wp\/v2\/users\/173"}],"replies":[{"embeddable":true,"href":"https:\/\/www.suno.com.br\/noticias\/wp-json\/wp\/v2\/comments?post=267750"}],"version-history":[{"count":4,"href":"https:\/\/www.suno.com.br\/noticias\/wp-json\/wp\/v2\/posts\/267750\/revisions"}],"predecessor-version":[{"id":267787,"href":"https:\/\/www.suno.com.br\/noticias\/wp-json\/wp\/v2\/posts\/267750\/revisions\/267787"}],"wp:featuredmedia":[{"embeddable":true,"href":"https:\/\/www.suno.com.br\/noticias\/wp-json\/wp\/v2\/media\/267764"}],"wp:attachment":[{"href":"https:\/\/www.suno.com.br\/noticias\/wp-json\/wp\/v2\/media?parent=267750"}],"wp:term":[{"taxonomy":"category","embeddable":true,"href":"https:\/\/www.suno.com.br\/noticias\/wp-json\/wp\/v2\/categories?post=267750"},{"taxonomy":"post_tag","embeddable":true,"href":"https:\/\/www.suno.com.br\/noticias\/wp-json\/wp\/v2\/tags?post=267750"},{"taxonomy":"suno_strategy","embeddable":true,"href":"https:\/\/www.suno.com.br\/noticias\/wp-json\/wp\/v2\/suno_strategy?post=267750"}],"curies":[{"name":"wp","href":"https:\/\/api.w.org\/{rel}","templated":true}]}}