{"id":267621,"date":"2022-06-14T22:34:13","date_gmt":"2022-06-15T01:34:13","guid":{"rendered":"https:\/\/www.suno.com.br\/noticias\/?p=267621"},"modified":"2022-06-14T22:34:13","modified_gmt":"2022-06-15T01:34:13","slug":"radar-oi-oibr3-tecnologia-fibra-otica-cvc-cvcb3-telefonica-vivt3","status":"publish","type":"post","link":"https:\/\/www.suno.com.br\/noticias\/radar-oi-oibr3-tecnologia-fibra-otica-cvc-cvcb3-telefonica-vivt3\/","title":{"rendered":"Radar: Oi (OIBR3) lan\u00e7a tecnologia de fibra \u00f3tica, CVC (CVCB3) aprova oferta de a\u00e7\u00f5es de at\u00e9 R$ 477,2 mi, Telef\u00f4nica (VIVT3) pagar\u00e1 R$ 480 milh\u00f5es em JCP"},"content":{"rendered":"<p>Nesta quarta-feira (14), a <strong>Oi<\/strong> (OIBR3) anunciou o lan\u00e7amento de uma tecnologia de fibra \u00f3tica in\u00e9dita na Am\u00e9rica Latina: o Fiber To The Room (FTTR). Mais conhecido com Oi Fibra X, o projeto desenvolvido pela telef\u00f3nica em parceria com a Huawei e buscar\u00e1 levar a conectividade da fibra \u00f3tica a todos os c\u00f4modos das casas.<\/p>\t<div class=\"wrapper-featured-image\">\n\t\t<figure class=\"spotlightImg\">\n\n\t\t\t<picture>\n\t\t\t\t<source media=\"(max-width: 768px)\" srcset=\"https:\/\/files.sunoresearch.com.br\/n\/uploads\/2022\/06\/Radar.-Oi-OIBR3-tem-processo-de-recuperacao-adiado-novamente-Banrisul-BRSR6-e-Romi-ROMI3-pagarao-R-1686-milhoes-em-JCP-Banco-do-Brasil-BBAS3-briga-com-FII-pela-reducao-do-aluguel-1-400x200.jpg\">\n\t\t\t\t<img loading=\"lazy\" decoding=\"async\" class=\"newsContent__article__imgCapa lazyloadDisabled \" src=\"https:\/\/files.sunoresearch.com.br\/n\/uploads\/2022\/06\/Radar.-Oi-OIBR3-tem-processo-de-recuperacao-adiado-novamente-Banrisul-BRSR6-e-Romi-ROMI3-pagarao-R-1686-milhoes-em-JCP-Banco-do-Brasil-BBAS3-briga-com-FII-pela-reducao-do-aluguel-1-800x450.jpg\" width=\"800\" height=\"450\" alt=\"Radar: Oi (OIBR3) lan\u00e7a tecnologia de fibra \u00f3tica, CVC (CVCB3) aprova oferta de a\u00e7\u00f5es de at\u00e9 R$ 477,2 mi, Telef\u00f4nica (VIVT3) pagar\u00e1 R$ 480 milh\u00f5es em JCP\" fetchpriority=high \/>\n\t\t\t<\/picture>\n\n\t\t\t<figcaption class=\"wp-caption-text wp-caption-text--show\">Oi (OIBR3). Foto: Getty Images.<\/figcaption>\n\t\t<\/figure>\n\t<\/div>\n\n\n<p>Para o diretor de consumidor e empresarial da Oi, Roberto Guenzburguer, essa nova tecnologia vai proporcionar a mesma qualidade de internet em todos os c\u00f4modos sem precisar de um adaptador. Al\u00e9m disso, a tecnologia n\u00e3o exige a necessidade de obras nem interfere na decora\u00e7\u00e3o da casa com cabos, que n\u00e3o ficam vis\u00edveis.<\/p>\n<p>\u201cA instala\u00e7\u00e3o do FTTR resolve os problemas de obstru\u00e7\u00e3o da casa do cliente. Al\u00e9m da utiliza\u00e7\u00e3o da estrutura de dutos existente, de uma forma simples e f\u00e1cil, a solu\u00e7\u00e3o utiliza cabo micro-\u00f3tico transparente, por fora da parede, praticamente invis\u00edvel, sem interferir na arquitetura ou decora\u00e7\u00e3o do ambiente\u201d, explicou durante o evento de lan\u00e7amento o diretor de tecnologia e opera\u00e7\u00f5es da Oi, Ricardo Drumond Andrade.<\/p>\n<p>O lan\u00e7amento da Oi \u00e9 pioneiro no Brasil e a tecnologia FTTR, in\u00e9dita nas Am\u00e9ricas. Apenas China e o Emirados \u00c1rabes possuem essa tecnologia.<\/p>\n\t<p>\n\t\t<a href=\"\" target=\"_blank\" data-element=\"shortcode-suno-banner\" title=\"Banner SUNO, clique e saiba mais\">\n\t\t\t<picture>\n\t\t\t\t<source media=\"(max-width: 500px)\" srcset=\"\">\n\t\t\t\t<img class=\"newsContent__article__imgCapa newsContent__article__imgCapa--banner\"\n\t\t\t\t\tsrc=\"\"\n\t\t\t\t\tdata-promo-id=\"77050\"\t\t\t\t\t\t\t\t\t\t\t\t\t\t\talt=\"\"\n\t\t\t\t>\n\t\t\t<\/picture>\n\t\t<\/a>\n\t<\/p>\n\n\n<p>Com a venda da sua unidade de fibra \u00f3tica para o <a class=\"suno-keyword\" href=\"https:\/\/www.suno.com.br\/acoes\/BPAC11\/\" target=\"_blank\" rel=\"noopener\" data-force=\"yes\" data-priority=\"2\">BTG Pactual (BPAC11)<\/a> e a Globenet, a nova <a class=\"suno-keyword\" href=\"https:\/\/www.suno.com.br\/acoes\/OIBR3\/\" target=\"_blank\" rel=\"noopener\" data-force=\"yes\" data-priority=\"2\">Oi (OIBR3)<\/a>, como tem sido chamada pelos executivos, est\u00e1 aumentando seus investimentos em novas tecnologias da internet. Em 2021, a receita da Oi Fibra atingiu um patamar de R$ 2,9 bilh\u00f5es, crescimento de 113% na compara\u00e7\u00e3o com o ano anterior.<\/p>\n<p>A Oi Fibra X surge como um complemento para quem j\u00e1 \u00e9 cliente da Oi Fibra, ou seja, a pessoa pode contratar o produto pelo valor mensal de R$ 59,90, independente do plano que j\u00e1 possui. Com isso, a conta \u00e9: o plano de internet da Oi mais o valor da Oi Fibra X, para possuir internet de mesma qualidade em todos os c\u00f4modos da casa.<\/p>\n\t<p>\n\t\t<a href=\"https:\/\/lp.suno.com.br\/planilha-controle-gastos\/\" target=\"_blank\" data-element=\"shortcode-suno-banner\" title=\"Banner SUNO, clique e saiba mais\">\n\t\t\t<picture>\n\t\t\t\t<source media=\"(max-width: 500px)\" srcset=\"https:\/\/files.sunoresearch.com.br\/n\/uploads\/2023\/03\/400x300-Planilha-controle-de-gastos.png\">\n\t\t\t\t<img class=\"newsContent__article__imgCapa newsContent__article__imgCapa--banner\"\n\t\t\t\t\tsrc=\"https:\/\/files.sunoresearch.com.br\/n\/uploads\/2023\/03\/1420x240-Planilha-controle-de-gastos.png\"\n\t\t\t\t\tdata-promo-id=\"101751\"\t\t\t\t\t\t\t\t\t\twidth='1420' height='240'\t\t\t\t\talt=\"https:\/\/files.sunoresearch.com.br\/n\/uploads\/2023\/03\/1420x240-Planilha-controle-de-gastos.png\"\n\t\t\t\t>\n\t\t\t<\/picture>\n\t\t<\/a>\n\t<\/p>\n\n\n<p>\u201cA Huawei se orgulha em fazer parte do lan\u00e7amento de tecnologia FTTR no Brasil em conjunto com a Oi. A novidade permitir\u00e1 que mais lares brasileiros tenham uma experi\u00eancia de uso melhor do wi-fi. A parceria simboliza nosso compromisso com a inova\u00e7\u00e3o, desta vez com a primeira oferta de tecnologia FTTR a consumidores em toda Am\u00e9rica Latina\u201d, disse o CEO da Huawei Brasil, Sun Baocheng.<\/p>\n<p>Al\u00e9m da <strong>Oi<\/strong>, confira outros destaques desta ter\u00e7a-feira:<\/p>\n<h2>CVC (CVCB3) aprova oferta de a\u00e7\u00f5es de at\u00e9 R$ 477,2 milh\u00f5es<\/h2>\n<ul>\n<li>O <a class=\"suno-keyword\" href=\"https:\/\/www.suno.com.br\/artigos\/conselho-administracao\/\" target=\"_blank\" rel=\"noopener\" data-force=\"no\" data-priority=\"1\">Conselho de Administra\u00e7\u00e3o<\/a> da <strong>CVC<\/strong> (CVCB3) aprovou nesta ter\u00e7a-feira (14) a realiza\u00e7\u00e3o de oferta p\u00fablica de distribui\u00e7\u00e3o prim\u00e1ria de a\u00e7\u00f5es, com esfor\u00e7os restritos de coloca\u00e7\u00e3o.<\/li>\n<li>Inicialmente, a oferta conta com 46,5 milh\u00f5es de <a class=\"suno-keyword\" href=\"https:\/\/www.suno.com.br\/artigos\/o-que-sao-acoes-ordinarias-preferenciais-e-units\/\" target=\"_blank\" rel=\"noopener\" data-force=\"no\" data-priority=\"1\">a\u00e7\u00f5es ordin\u00e1rias<\/a>, que poder\u00e1 aumentar em at\u00e9 25% com possibilidade de lote adicional de 11,625 milh\u00f5es de pap\u00e9is.<\/li>\n<li>A CVC disse que pode captar at\u00e9 R$ 477,2 milh\u00f5es com a oferta, caso o lote adicional seja integralmente colocado e com base no fechamento do dia anterior, de R$ 8,21 por a\u00e7\u00e3o. Sem o acr\u00e9scimo, o montante total seria de R$ 381,7 milh\u00f5es.<\/li>\n<li>Entretanto, o valor \u00e9 apenas indicativo, uma vez que a defini\u00e7\u00e3o de pre\u00e7o por a\u00e7\u00e3o da oferta ocorrer\u00e1 no dia 23 de junho ap\u00f3s consulta com participantes do mercado. Os novos pap\u00e9is come\u00e7am a ser negociados na <a class=\"suno-keyword\" href=\"https:\/\/www.suno.com.br\/acoes\/B3SA3\/\" target=\"_blank\" rel=\"noopener\" data-force=\"yes\" data-priority=\"2\">B3 (B3SA3)<\/a> em 27 de junho.<\/li>\n<li>A empresa destacou que o p\u00fablico alvo da <a class=\"suno-keyword\" href=\"https:\/\/www.suno.com.br\/artigos\/oferta-restrita\/\" target=\"_blank\" rel=\"noopener\" data-force=\"no\" data-priority=\"1\">oferta restrita<\/a> ser\u00e1 exclusivamente de acionistas e de investidores profissionais.<\/li>\n<li>Na semana anterior, a companhia informou que estava avaliando a realiza\u00e7\u00e3o de oferta subsequente (follow-on) de a\u00e7\u00f5es.<\/li>\n<li>Em <strong><a class=\"suno-keyword\" href=\"https:\/\/www.suno.com.br\/artigos\/fato-relevante\/\" target=\"_blank\" rel=\"noopener\" data-force=\"no\" data-priority=\"1\">fato relevante<\/a><\/strong>, a CVC afirmou que a oferta foi motivada pela gradual recupera\u00e7\u00e3o do setor de turismo nos \u00faltimos meses, com consequente aumento da procura por viagens de lazer e corporativas, assim como a constante avalia\u00e7\u00e3o das fontes de capital dispon\u00edveis \u2013 incluindo seus custos \u2013 para suportar o crescimento das opera\u00e7\u00f5es.<\/li>\n<li>Em nota enviada hoje \u00e0 Comiss\u00e3o de Valores Mobili\u00e1rios (CVM), a empresa afirmou que os recursos provenientes da oferta servir\u00e3o para refor\u00e7o do capital de giro da CVC para desenvolvimento de sua estrat\u00e9gia de crescimento, assim como para o pagamento de parte do <a class=\"suno-keyword\" href=\"https:\/\/www.suno.com.br\/artigos\/saldo-devedor\/\" target=\"_blank\" rel=\"noopener\" data-force=\"no\" data-priority=\"1\">saldo devedor<\/a> em aberto de deb\u00eantures de emiss\u00e3o da empresa.<\/li>\n<\/ul>\n<h2 class=\"newsContent__article__title\">Petrobras (PETR4) e a Ra\u00edzen (RAIZ4) fecham acordo para a avalia\u00e7\u00e3o de neg\u00f3cios com biometano<\/h2>\n<ul>\n<li>A <strong>Petrobras<\/strong> (PETR4) e a <strong>Ra\u00edzen<\/strong> (RAIZ4) anunciaram nesta quarta-feira (14) uma nova parceria para a avalia\u00e7\u00e3o de potenciais neg\u00f3cios com biometano.<\/li>\n<li>O projeto assinado pelas empresas envolve a avalia\u00e7\u00e3o de potenciais neg\u00f3cios de produ\u00e7\u00e3o, compra e venda do combust\u00edvel renov\u00e1vel produzido pela Ra\u00edzen a partir de res\u00edduos da cana-de-a\u00e7\u00facar (vinha\u00e7a e torta de filtro) gerados na opera\u00e7\u00e3o agroindustrial dos bioparques de energia da companhia, segundo o documento divulgado pelas companhias na tarde de hoje.<\/li>\n<li>Para Jos\u00e9 Mauro Coelho, atual presidente da Petrobras, o projeto conectar\u00e1 a produ\u00e7\u00e3o de biometano renov\u00e1vel com a produ\u00e7\u00e3o de combust\u00edveis e refino de alta qualidade que ser\u00e3o obtidos com menores emiss\u00f5es de carbono.<\/li>\n<li>\u201cA iniciativa refor\u00e7a nosso compromisso em buscar oportunidades econ\u00f4micas e sustent\u00e1veis que combinem gera\u00e7\u00e3o de valor e baixo carbono, oferecendo produtos de melhor qualidade e eficientes do ponto de vista ambiental\u201d, afirmou o executivo.<\/li>\n<li>Ainda segundo o documento, o novo projeto prev\u00ea tamb\u00e9m estudos para o desenvolvimento de solu\u00e7\u00f5es de log\u00edstica de entrega do biometano que viabilizem a utiliza\u00e7\u00e3o do combust\u00edvel nas opera\u00e7\u00f5es de refino da Petrobras.<\/li>\n<li>O biometano est\u00e1 inserido na categoria de combust\u00edveis sustent\u00e1veis (como o diesel R5 e o BioQAV) e pode contribuir com os objetivos de descarboniza\u00e7\u00e3o da Petrobras.<\/li>\n<\/ul>\n\t<p>\n\t\t<a href=\"https:\/\/lp.suno.com.br\/planilha-da-vida-financeira\/\" target=\"_blank\" data-element=\"shortcode-suno-banner\" title=\"Banner SUNO, clique e saiba mais\">\n\t\t\t<picture>\n\t\t\t\t<source media=\"(max-width: 500px)\" srcset=\"https:\/\/files.sunoresearch.com.br\/n\/uploads\/2023\/04\/400x300-Planilha-vida-financeira-true.png\">\n\t\t\t\t<img class=\"newsContent__article__imgCapa newsContent__article__imgCapa--banner\"\n\t\t\t\t\tsrc=\"https:\/\/files.sunoresearch.com.br\/n\/uploads\/2023\/04\/1420x240-Planilha-vida-financeira-true.png\"\n\t\t\t\t\tdata-promo-id=\"106682\"\t\t\t\t\t\t\t\t\t\twidth='1420' height='240'\t\t\t\t\talt=\"https:\/\/files.sunoresearch.com.br\/n\/uploads\/2023\/04\/1420x240-Planilha-vida-financeira-true.png\"\n\t\t\t\t>\n\t\t\t<\/picture>\n\t\t<\/a>\n\t<\/p>\n\n\n<h2 class=\"newsContent__article__title\">B3 (B3SA3) tem queda de 8,5% no volume di\u00e1rio em maio, para R$ 30,4 bilh\u00f5es<\/h2>\n<ul>\n<li>A <a class=\"suno-keyword\" href=\"https:\/\/www.suno.com.br\/acoes\/B3SA3\/\" target=\"_blank\" rel=\"noopener\" data-force=\"yes\" data-priority=\"2\"><strong>B3<\/strong>\u00a0(B3SA3)<\/a> registrou volume financeiro m\u00e9dio di\u00e1rio de R$ 30,4 bilh\u00f5es em maio, equivalente a uma queda de 8,5% na compara\u00e7\u00e3o com maio de 2021.<\/li>\n<li>Em rela\u00e7\u00e3o a abril de 2022, houve alta de 5,5%. A B3 divulgou os valores em seus destaques operacionais nesta ter\u00e7a-feira (14). Os maiores volumes vieram do\u00a0<strong>mercado \u00e0 vista de a\u00e7\u00f5es<\/strong>, com R$ 29,3 milh\u00f5es na m\u00e9dia di\u00e1ria, queda anual de 8,4%, e valoriza\u00e7\u00e3o mensal de 5,2%.<\/li>\n<li>O n\u00famero total de contas na deposit\u00e1ria chegou a 5,1 milh\u00f5es, 37,5% a mais que em abril de 2021. Em rela\u00e7\u00e3o aos n\u00fameros de mar\u00e7o, a B3 apurou crescimento de 0,9%. Os investidores pessoas f\u00edsicas somaram 4,3 milh\u00f5es, alta anual de 40,4% e mensal de 1%.<\/li>\n<li>O n\u00famero de empresas listadas passou de 437 para 452 em 12 meses. O <a class=\"suno-keyword\" href=\"https:\/\/www.suno.com.br\/artigos\/valor-de-mercado\/\" target=\"_blank\" rel=\"noopener\" data-force=\"no\" data-priority=\"1\">valor de mercado<\/a>\u00a0das companhias recuou 17,3% na mesma base de compara\u00e7\u00e3o e diminuiu 6,2% em um m\u00eas, para R$ 4,497 bilh\u00f5es.<\/li>\n<\/ul>\n<h2 class=\"newsContent__article__title\">Telef\u00f4nica (VIVT3) pagar\u00e1 R$ 480 milh\u00f5es em JCP; veja valor por a\u00e7\u00e3o<\/h2>\n<ul>\n<li>A <strong>Telef\u00f4nica<\/strong> (VIVT3) anunciou nesta ter\u00e7a-feira (14) que vai pagar R$ 480 milh\u00f5es em <a class=\"suno-keyword\" href=\"https:\/\/www.suno.com.br\/artigos\/entenda-o-jcp\/\" target=\"_blank\" rel=\"noopener\" data-force=\"no\" data-priority=\"1\">Juros Sobre Capital Pr\u00f3prio<\/a> (JCP) aos seus acionistas.<\/li>\n<li>O valor dos proventos por a\u00e7\u00e3o ser\u00e1 de R$ 0,28, que ser\u00e3o pagos at\u00e9 31 de julho de 2023.<\/li>\n<li>Apenas os investidores com a\u00e7\u00f5es da Telef\u00f4nica no dia 30 de junho de 2022 ter\u00e3o direito de receber os rendimentos. A partir do dia 1\u00ba de julho, as a\u00e7\u00f5es ser\u00e3o negociadas sem direito aos <a class=\"suno-keyword\" href=\"https:\/\/www.suno.com.br\/guias\/dividendos\/\" target=\"_blank\" rel=\"noopener\" data-force=\"no\" data-priority=\"1\">dividendos<\/a>.<\/li>\n<li>Segundo documento arquivado na Comiss\u00e3o de Valores Mobili\u00e1rios (CVM), esses proventos fazem parte dos dividendos obrigat\u00f3rios do exerc\u00edcio de 2022.<\/li>\n<li>O valor dos JCP ter\u00e1 reten\u00e7\u00e3o do imposto de renda na fonte, com al\u00edquota de 15%, resultando em aproximadamente R$ 0,24 por a\u00e7\u00e3o.<\/li>\n<\/ul>\n<h3>Confira o JCP da Telef\u00f4nica<\/h3>\n<ul>\n<li>Valor total: R$ 480 milh\u00f5es<\/li>\n<li>Valor por a\u00e7\u00e3o: R$ 0,28712558126<\/li>\n<li>Data de corte: 30 de junho de 2022<\/li>\n<li>Data do pagamento: at\u00e9 31 de julho de 2023<\/li>\n<li>Rendimento (dividend yield): 7,89%<\/li>\n<\/ul>\n\t<p>\n\t\t<a href=\"https:\/\/lp.suno.com.br\/ebook-como-analisar-uma-acao\/\" target=\"_blank\" data-element=\"shortcode-suno-banner\" title=\"Banner SUNO, clique e saiba mais\">\n\t\t\t<picture>\n\t\t\t\t<source media=\"(max-width: 500px)\" srcset=\"https:\/\/files.sunoresearch.com.br\/n\/uploads\/2023\/03\/Ebook-Acoes-Mobile-1.jpg\">\n\t\t\t\t<img class=\"newsContent__article__imgCapa newsContent__article__imgCapa--banner\"\n\t\t\t\t\tsrc=\"https:\/\/files.sunoresearch.com.br\/n\/uploads\/2023\/03\/Ebook-Acoes-Desktop-1.jpg\"\n\t\t\t\t\tdata-promo-id=\"171998\"\t\t\t\t\t\t\t\t\t\twidth='1420' height='286'\t\t\t\t\talt=\"https:\/\/files.sunoresearch.com.br\/n\/uploads\/2023\/03\/Ebook-Acoes-Desktop-1.jpg\"\n\t\t\t\t>\n\t\t\t<\/picture>\n\t\t<\/a>\n\t<\/p>\n\n\n<p>Da <b>Oi <\/b>\u00e0 Telef\u00f4nica, essas foram as empresas que se destacaram hoje. Para ler todas as mat\u00e9rias <a href=\"https:\/\/www.suno.com.br\/noticias\/\">clique aqui<\/a>.<\/p>\n","protected":false},"excerpt":{"rendered":"<p>Nesta quarta-feira (14), a Oi (OIBR3) anunciou o lan\u00e7amento de uma tecnologia de fibra \u00f3tica in\u00e9dita na Am\u00e9rica Latina: o Fiber To The Room (FTTR). Mais conhecido com Oi Fibra X, o projeto desenvolvido pela telef\u00f3nica em parceria com a Huawei e buscar\u00e1 levar a conectividade da fibra \u00f3tica a todos os c\u00f4modos das casas. [&hellip;]<\/p>\n","protected":false},"author":174,"featured_media":265652,"comment_status":"closed","ping_status":"closed","sticky":false,"template":"","format":"standard","meta":[],"categories":[64],"tags":[442,584,595,106933,659],"suno_strategy":[],"class_list":["post-267621","post","type-post","status-publish","format-standard","has-post-thumbnail","hentry","category-negocios","tag-cvc-cvcb3","tag-oi-oibr3-oibr4","tag-petrobras-petr4","tag-raizen-raiz4","tag-telefonica-vivt3"],"yoast_head":"<!-- This site is optimized with the Yoast SEO plugin v24.4 - https:\/\/yoast.com\/wordpress\/plugins\/seo\/ -->\n<title>Radar: Oi (OIBR3) lan\u00e7a tecnologia in\u00e9dita de fibra \u00f3tica, CVC (CVCB3) aprova oferta de a\u00e7\u00f5es<\/title>\n<meta name=\"description\" content=\"A Oi anuncia o lan\u00e7amento de uma tecnologia in\u00e9dita de fibra \u00f3tica e a CVC aprova oferta de a\u00e7\u00f5es milion\u00e1ria. Confira mais no radar de hoje.\" \/>\n<meta name=\"robots\" content=\"index, follow, max-snippet:-1, max-image-preview:large, max-video-preview:-1\" \/>\n<link rel=\"canonical\" href=\"https:\/\/www.suno.com.br\/noticias\/radar-oi-oibr3-tecnologia-fibra-otica-cvc-cvcb3-telefonica-vivt3\/\" \/>\n<meta property=\"og:locale\" content=\"pt_BR\" \/>\n<meta property=\"og:type\" content=\"article\" \/>\n<meta property=\"og:title\" content=\"Radar: Oi (OIBR3) lan\u00e7a tecnologia in\u00e9dita de fibra \u00f3tica, CVC (CVCB3) aprova oferta de a\u00e7\u00f5es\" \/>\n<meta property=\"og:description\" content=\"A Oi anuncia o lan\u00e7amento de uma tecnologia in\u00e9dita de fibra \u00f3tica e a CVC aprova oferta de a\u00e7\u00f5es milion\u00e1ria. Confira mais no radar de hoje.\" \/>\n<meta property=\"og:url\" content=\"https:\/\/www.suno.com.br\/noticias\/radar-oi-oibr3-tecnologia-fibra-otica-cvc-cvcb3-telefonica-vivt3\/\" \/>\n<meta property=\"og:site_name\" content=\"Suno Not\u00edcias\" \/>\n<meta property=\"article:publisher\" content=\"https:\/\/facebook.com\/sunoresearch\" \/>\n<meta property=\"og:image\" content=\"https:\/\/files.sunoresearch.com.br\/n\/uploads\/2022\/06\/Radar.-Oi-OIBR3-tem-processo-de-recuperacao-adiado-novamente-Banrisul-BRSR6-e-Romi-ROMI3-pagarao-R-1686-milhoes-em-JCP-Banco-do-Brasil-BBAS3-briga-com-FII-pela-reducao-do-aluguel-1.jpg\" \/>\n\t<meta property=\"og:image:width\" content=\"2000\" \/>\n\t<meta property=\"og:image:height\" content=\"1333\" \/>\n\t<meta property=\"og:image:type\" content=\"image\/jpeg\" \/>\n<meta name=\"author\" content=\"Jorge C. Carrasco\" \/>\n<meta name=\"twitter:card\" content=\"summary_large_image\" \/>\n<meta name=\"twitter:creator\" content=\"@sunoresearch\" \/>\n<meta name=\"twitter:site\" content=\"@sunoresearch\" \/>\n<meta name=\"twitter:label1\" content=\"Escrito por\" \/>\n\t<meta name=\"twitter:data1\" content=\"Jorge C. Carrasco\" \/>\n\t<meta name=\"twitter:label2\" content=\"Est. tempo de leitura\" \/>\n\t<meta name=\"twitter:data2\" content=\"6 minutos\" \/>\n<script type=\"application\/ld+json\" class=\"yoast-schema-graph\">{\"@context\":\"https:\/\/schema.org\",\"@graph\":[{\"@type\":\"NewsArticle\",\"@id\":\"https:\/\/www.suno.com.br\/noticias\/radar-oi-oibr3-tecnologia-fibra-otica-cvc-cvcb3-telefonica-vivt3\/#article\",\"isPartOf\":{\"@id\":\"https:\/\/www.suno.com.br\/noticias\/radar-oi-oibr3-tecnologia-fibra-otica-cvc-cvcb3-telefonica-vivt3\/\"},\"author\":{\"name\":\"Jorge C. Carrasco\",\"@id\":\"https:\/\/www.suno.com.br\/noticias\/#\/schema\/person\/5e3d16fbfcfd3307a21fee0ba2e51dce\"},\"headline\":\"Radar: Oi (OIBR3) lan\u00e7a tecnologia de fibra \u00f3tica, CVC (CVCB3) aprova oferta de a\u00e7\u00f5es de at\u00e9 R$ 477,2 mi, Telef\u00f4nica (VIVT3) pagar\u00e1 R$ 480 milh\u00f5es em JCP\",\"datePublished\":\"2022-06-15T01:34:13+00:00\",\"mainEntityOfPage\":{\"@id\":\"https:\/\/www.suno.com.br\/noticias\/radar-oi-oibr3-tecnologia-fibra-otica-cvc-cvcb3-telefonica-vivt3\/\"},\"wordCount\":1394,\"publisher\":{\"@id\":\"https:\/\/www.suno.com.br\/noticias\/#organization\"},\"image\":{\"@id\":\"https:\/\/www.suno.com.br\/noticias\/radar-oi-oibr3-tecnologia-fibra-otica-cvc-cvcb3-telefonica-vivt3\/#primaryimage\"},\"thumbnailUrl\":\"https:\/\/files.sunoresearch.com.br\/n\/uploads\/2022\/06\/Radar.-Oi-OIBR3-tem-processo-de-recuperacao-adiado-novamente-Banrisul-BRSR6-e-Romi-ROMI3-pagarao-R-1686-milhoes-em-JCP-Banco-do-Brasil-BBAS3-briga-com-FII-pela-reducao-do-aluguel-1.jpg\",\"keywords\":[\"CVC (CVCB3)\",\"Oi (OIBR3\/OIBR4)\",\"Petrobras (PETR4)\",\"Ra\u00edzen (RAIZ4)\",\"Telef\u00f4nica (VIVT3)\"],\"articleSection\":[\"Neg\u00f3cios\"],\"inLanguage\":\"pt-BR\"},{\"@type\":\"WebPage\",\"@id\":\"https:\/\/www.suno.com.br\/noticias\/radar-oi-oibr3-tecnologia-fibra-otica-cvc-cvcb3-telefonica-vivt3\/\",\"url\":\"https:\/\/www.suno.com.br\/noticias\/radar-oi-oibr3-tecnologia-fibra-otica-cvc-cvcb3-telefonica-vivt3\/\",\"name\":\"Radar: Oi (OIBR3) lan\u00e7a tecnologia in\u00e9dita de fibra \u00f3tica, CVC (CVCB3) aprova oferta de a\u00e7\u00f5es\",\"isPartOf\":{\"@id\":\"https:\/\/www.suno.com.br\/noticias\/#website\"},\"primaryImageOfPage\":{\"@id\":\"https:\/\/www.suno.com.br\/noticias\/radar-oi-oibr3-tecnologia-fibra-otica-cvc-cvcb3-telefonica-vivt3\/#primaryimage\"},\"image\":{\"@id\":\"https:\/\/www.suno.com.br\/noticias\/radar-oi-oibr3-tecnologia-fibra-otica-cvc-cvcb3-telefonica-vivt3\/#primaryimage\"},\"thumbnailUrl\":\"https:\/\/files.sunoresearch.com.br\/n\/uploads\/2022\/06\/Radar.-Oi-OIBR3-tem-processo-de-recuperacao-adiado-novamente-Banrisul-BRSR6-e-Romi-ROMI3-pagarao-R-1686-milhoes-em-JCP-Banco-do-Brasil-BBAS3-briga-com-FII-pela-reducao-do-aluguel-1.jpg\",\"datePublished\":\"2022-06-15T01:34:13+00:00\",\"description\":\"A Oi anuncia o lan\u00e7amento de uma tecnologia in\u00e9dita de fibra \u00f3tica e a CVC aprova oferta de a\u00e7\u00f5es milion\u00e1ria. Confira mais no radar de hoje.\",\"breadcrumb\":{\"@id\":\"https:\/\/www.suno.com.br\/noticias\/radar-oi-oibr3-tecnologia-fibra-otica-cvc-cvcb3-telefonica-vivt3\/#breadcrumb\"},\"inLanguage\":\"pt-BR\",\"potentialAction\":[{\"@type\":\"ReadAction\",\"target\":[\"https:\/\/www.suno.com.br\/noticias\/radar-oi-oibr3-tecnologia-fibra-otica-cvc-cvcb3-telefonica-vivt3\/\"]}]},{\"@type\":\"ImageObject\",\"inLanguage\":\"pt-BR\",\"@id\":\"https:\/\/www.suno.com.br\/noticias\/radar-oi-oibr3-tecnologia-fibra-otica-cvc-cvcb3-telefonica-vivt3\/#primaryimage\",\"url\":\"https:\/\/files.sunoresearch.com.br\/n\/uploads\/2022\/06\/Radar.-Oi-OIBR3-tem-processo-de-recuperacao-adiado-novamente-Banrisul-BRSR6-e-Romi-ROMI3-pagarao-R-1686-milhoes-em-JCP-Banco-do-Brasil-BBAS3-briga-com-FII-pela-reducao-do-aluguel-1.jpg\",\"contentUrl\":\"https:\/\/files.sunoresearch.com.br\/n\/uploads\/2022\/06\/Radar.-Oi-OIBR3-tem-processo-de-recuperacao-adiado-novamente-Banrisul-BRSR6-e-Romi-ROMI3-pagarao-R-1686-milhoes-em-JCP-Banco-do-Brasil-BBAS3-briga-com-FII-pela-reducao-do-aluguel-1.jpg\",\"width\":2000,\"height\":1333,\"caption\":\"Oi (OIBR3). Foto: Getty Images.\"},{\"@type\":\"BreadcrumbList\",\"@id\":\"https:\/\/www.suno.com.br\/noticias\/radar-oi-oibr3-tecnologia-fibra-otica-cvc-cvcb3-telefonica-vivt3\/#breadcrumb\",\"itemListElement\":[{\"@type\":\"ListItem\",\"position\":1,\"name\":\"Not\u00edcias\",\"item\":\"https:\/\/www.suno.com.br\/noticias\/\"},{\"@type\":\"ListItem\",\"position\":2,\"name\":\"Neg\u00f3cios\",\"item\":\"https:\/\/www.suno.com.br\/noticias\/negocios\/\"},{\"@type\":\"ListItem\",\"position\":3,\"name\":\"Radar: Oi (OIBR3) lan\u00e7a tecnologia de fibra \u00f3tica, CVC (CVCB3) aprova oferta de a\u00e7\u00f5es de at\u00e9 R$ 477,2 mi, Telef\u00f4nica (VIVT3) pagar\u00e1 R$ 480 milh\u00f5es em JCP\"}]},{\"@type\":\"WebSite\",\"@id\":\"https:\/\/www.suno.com.br\/noticias\/#website\",\"url\":\"https:\/\/www.suno.com.br\/noticias\/\",\"name\":\"Suno Not\u00edcias\",\"description\":\"Seu portal de informa\u00e7\u00e3o sobre o mundo dos investimentos\",\"publisher\":{\"@id\":\"https:\/\/www.suno.com.br\/noticias\/#organization\"},\"potentialAction\":[{\"@type\":\"SearchAction\",\"target\":{\"@type\":\"EntryPoint\",\"urlTemplate\":\"https:\/\/www.suno.com.br\/noticias\/?s={search_term_string}\"},\"query-input\":{\"@type\":\"PropertyValueSpecification\",\"valueRequired\":true,\"valueName\":\"search_term_string\"}}],\"inLanguage\":\"pt-BR\"},{\"@type\":\"Organization\",\"@id\":\"https:\/\/www.suno.com.br\/noticias\/#organization\",\"name\":\"Suno Not\u00edcias\",\"url\":\"https:\/\/www.suno.com.br\/noticias\/\",\"logo\":{\"@type\":\"ImageObject\",\"inLanguage\":\"pt-BR\",\"@id\":\"https:\/\/www.suno.com.br\/noticias\/#\/schema\/logo\/image\/\",\"url\":\"https:\/\/files.sunoresearch.com.br\/n\/uploads\/2021\/09\/suno-logo.png\",\"contentUrl\":\"https:\/\/files.sunoresearch.com.br\/n\/uploads\/2021\/09\/suno-logo.png\",\"width\":180,\"height\":180,\"caption\":\"Suno Not\u00edcias\"},\"image\":{\"@id\":\"https:\/\/www.suno.com.br\/noticias\/#\/schema\/logo\/image\/\"},\"sameAs\":[\"https:\/\/facebook.com\/sunoresearch\",\"https:\/\/x.com\/sunoresearch\",\"https:\/\/www.instagram.com\/suno\",\"https:\/\/www.linkedin.com\/company\/suno-research\/\",\"https:\/\/www.youtube.com\/c\/sunoresearch\"]},{\"@type\":\"Person\",\"@id\":\"https:\/\/www.suno.com.br\/noticias\/#\/schema\/person\/5e3d16fbfcfd3307a21fee0ba2e51dce\",\"name\":\"Jorge C. Carrasco\",\"image\":{\"@type\":\"ImageObject\",\"inLanguage\":\"pt-BR\",\"@id\":\"https:\/\/www.suno.com.br\/noticias\/#\/schema\/person\/image\/\",\"url\":\"https:\/\/secure.gravatar.com\/avatar\/eba2cc7d7174b6b346ad398772f904f2?s=96&r=g\",\"contentUrl\":\"https:\/\/secure.gravatar.com\/avatar\/eba2cc7d7174b6b346ad398772f904f2?s=96&r=g\",\"caption\":\"Jorge C. Carrasco\"},\"description\":\"Jornalista e escritor com experi\u00eancia na cobertura de economia, empreendedorismo, mercado financeiro, pol\u00edtica e assuntos internacionais. J\u00e1 colaborou com diversos jornais e revistas do Brasil e do exterior, como Estad\u00e3o, \u00c9poca, Foreign Policy, The Spectator Aus, Washington Examiner e Quillette.\",\"sameAs\":[\"felipe.areia@sunoresearch.com.br\"],\"url\":\"https:\/\/www.suno.com.br\/noticias\/author\/jorge-carrasco\/\"}]}<\/script>\n<!-- \/ Yoast SEO plugin. -->","yoast_head_json":{"title":"Radar: Oi (OIBR3) lan\u00e7a tecnologia in\u00e9dita de fibra \u00f3tica, CVC (CVCB3) aprova oferta de a\u00e7\u00f5es","description":"A Oi anuncia o lan\u00e7amento de uma tecnologia in\u00e9dita de fibra \u00f3tica e a CVC aprova oferta de a\u00e7\u00f5es milion\u00e1ria. Confira mais no radar de hoje.","robots":{"index":"index","follow":"follow","max-snippet":"max-snippet:-1","max-image-preview":"max-image-preview:large","max-video-preview":"max-video-preview:-1"},"canonical":"https:\/\/www.suno.com.br\/noticias\/radar-oi-oibr3-tecnologia-fibra-otica-cvc-cvcb3-telefonica-vivt3\/","og_locale":"pt_BR","og_type":"article","og_title":"Radar: Oi (OIBR3) lan\u00e7a tecnologia in\u00e9dita de fibra \u00f3tica, CVC (CVCB3) aprova oferta de a\u00e7\u00f5es","og_description":"A Oi anuncia o lan\u00e7amento de uma tecnologia in\u00e9dita de fibra \u00f3tica e a CVC aprova oferta de a\u00e7\u00f5es milion\u00e1ria. Confira mais no radar de hoje.","og_url":"https:\/\/www.suno.com.br\/noticias\/radar-oi-oibr3-tecnologia-fibra-otica-cvc-cvcb3-telefonica-vivt3\/","og_site_name":"Suno Not\u00edcias","article_publisher":"https:\/\/facebook.com\/sunoresearch","og_image":[{"width":2000,"height":1333,"url":"https:\/\/files.sunoresearch.com.br\/n\/uploads\/2022\/06\/Radar.-Oi-OIBR3-tem-processo-de-recuperacao-adiado-novamente-Banrisul-BRSR6-e-Romi-ROMI3-pagarao-R-1686-milhoes-em-JCP-Banco-do-Brasil-BBAS3-briga-com-FII-pela-reducao-do-aluguel-1.jpg","type":"image\/jpeg"}],"author":"Jorge C. Carrasco","twitter_card":"summary_large_image","twitter_creator":"@sunoresearch","twitter_site":"@sunoresearch","twitter_misc":{"Escrito por":"Jorge C. Carrasco","Est. tempo de leitura":"6 minutos"},"schema":{"@context":"https:\/\/schema.org","@graph":[{"@type":"NewsArticle","@id":"https:\/\/www.suno.com.br\/noticias\/radar-oi-oibr3-tecnologia-fibra-otica-cvc-cvcb3-telefonica-vivt3\/#article","isPartOf":{"@id":"https:\/\/www.suno.com.br\/noticias\/radar-oi-oibr3-tecnologia-fibra-otica-cvc-cvcb3-telefonica-vivt3\/"},"author":{"name":"Jorge C. Carrasco","@id":"https:\/\/www.suno.com.br\/noticias\/#\/schema\/person\/5e3d16fbfcfd3307a21fee0ba2e51dce"},"headline":"Radar: Oi (OIBR3) lan\u00e7a tecnologia de fibra \u00f3tica, CVC (CVCB3) aprova oferta de a\u00e7\u00f5es de at\u00e9 R$ 477,2 mi, Telef\u00f4nica (VIVT3) pagar\u00e1 R$ 480 milh\u00f5es em JCP","datePublished":"2022-06-15T01:34:13+00:00","mainEntityOfPage":{"@id":"https:\/\/www.suno.com.br\/noticias\/radar-oi-oibr3-tecnologia-fibra-otica-cvc-cvcb3-telefonica-vivt3\/"},"wordCount":1394,"publisher":{"@id":"https:\/\/www.suno.com.br\/noticias\/#organization"},"image":{"@id":"https:\/\/www.suno.com.br\/noticias\/radar-oi-oibr3-tecnologia-fibra-otica-cvc-cvcb3-telefonica-vivt3\/#primaryimage"},"thumbnailUrl":"https:\/\/files.sunoresearch.com.br\/n\/uploads\/2022\/06\/Radar.-Oi-OIBR3-tem-processo-de-recuperacao-adiado-novamente-Banrisul-BRSR6-e-Romi-ROMI3-pagarao-R-1686-milhoes-em-JCP-Banco-do-Brasil-BBAS3-briga-com-FII-pela-reducao-do-aluguel-1.jpg","keywords":["CVC (CVCB3)","Oi (OIBR3\/OIBR4)","Petrobras (PETR4)","Ra\u00edzen (RAIZ4)","Telef\u00f4nica (VIVT3)"],"articleSection":["Neg\u00f3cios"],"inLanguage":"pt-BR"},{"@type":"WebPage","@id":"https:\/\/www.suno.com.br\/noticias\/radar-oi-oibr3-tecnologia-fibra-otica-cvc-cvcb3-telefonica-vivt3\/","url":"https:\/\/www.suno.com.br\/noticias\/radar-oi-oibr3-tecnologia-fibra-otica-cvc-cvcb3-telefonica-vivt3\/","name":"Radar: Oi (OIBR3) lan\u00e7a tecnologia in\u00e9dita de fibra \u00f3tica, CVC (CVCB3) aprova oferta de a\u00e7\u00f5es","isPartOf":{"@id":"https:\/\/www.suno.com.br\/noticias\/#website"},"primaryImageOfPage":{"@id":"https:\/\/www.suno.com.br\/noticias\/radar-oi-oibr3-tecnologia-fibra-otica-cvc-cvcb3-telefonica-vivt3\/#primaryimage"},"image":{"@id":"https:\/\/www.suno.com.br\/noticias\/radar-oi-oibr3-tecnologia-fibra-otica-cvc-cvcb3-telefonica-vivt3\/#primaryimage"},"thumbnailUrl":"https:\/\/files.sunoresearch.com.br\/n\/uploads\/2022\/06\/Radar.-Oi-OIBR3-tem-processo-de-recuperacao-adiado-novamente-Banrisul-BRSR6-e-Romi-ROMI3-pagarao-R-1686-milhoes-em-JCP-Banco-do-Brasil-BBAS3-briga-com-FII-pela-reducao-do-aluguel-1.jpg","datePublished":"2022-06-15T01:34:13+00:00","description":"A Oi anuncia o lan\u00e7amento de uma tecnologia in\u00e9dita de fibra \u00f3tica e a CVC aprova oferta de a\u00e7\u00f5es milion\u00e1ria. Confira mais no radar de hoje.","breadcrumb":{"@id":"https:\/\/www.suno.com.br\/noticias\/radar-oi-oibr3-tecnologia-fibra-otica-cvc-cvcb3-telefonica-vivt3\/#breadcrumb"},"inLanguage":"pt-BR","potentialAction":[{"@type":"ReadAction","target":["https:\/\/www.suno.com.br\/noticias\/radar-oi-oibr3-tecnologia-fibra-otica-cvc-cvcb3-telefonica-vivt3\/"]}]},{"@type":"ImageObject","inLanguage":"pt-BR","@id":"https:\/\/www.suno.com.br\/noticias\/radar-oi-oibr3-tecnologia-fibra-otica-cvc-cvcb3-telefonica-vivt3\/#primaryimage","url":"https:\/\/files.sunoresearch.com.br\/n\/uploads\/2022\/06\/Radar.-Oi-OIBR3-tem-processo-de-recuperacao-adiado-novamente-Banrisul-BRSR6-e-Romi-ROMI3-pagarao-R-1686-milhoes-em-JCP-Banco-do-Brasil-BBAS3-briga-com-FII-pela-reducao-do-aluguel-1.jpg","contentUrl":"https:\/\/files.sunoresearch.com.br\/n\/uploads\/2022\/06\/Radar.-Oi-OIBR3-tem-processo-de-recuperacao-adiado-novamente-Banrisul-BRSR6-e-Romi-ROMI3-pagarao-R-1686-milhoes-em-JCP-Banco-do-Brasil-BBAS3-briga-com-FII-pela-reducao-do-aluguel-1.jpg","width":2000,"height":1333,"caption":"Oi (OIBR3). Foto: Getty Images."},{"@type":"BreadcrumbList","@id":"https:\/\/www.suno.com.br\/noticias\/radar-oi-oibr3-tecnologia-fibra-otica-cvc-cvcb3-telefonica-vivt3\/#breadcrumb","itemListElement":[{"@type":"ListItem","position":1,"name":"Not\u00edcias","item":"https:\/\/www.suno.com.br\/noticias\/"},{"@type":"ListItem","position":2,"name":"Neg\u00f3cios","item":"https:\/\/www.suno.com.br\/noticias\/negocios\/"},{"@type":"ListItem","position":3,"name":"Radar: Oi (OIBR3) lan\u00e7a tecnologia de fibra \u00f3tica, CVC (CVCB3) aprova oferta de a\u00e7\u00f5es de at\u00e9 R$ 477,2 mi, Telef\u00f4nica (VIVT3) pagar\u00e1 R$ 480 milh\u00f5es em JCP"}]},{"@type":"WebSite","@id":"https:\/\/www.suno.com.br\/noticias\/#website","url":"https:\/\/www.suno.com.br\/noticias\/","name":"Suno Not\u00edcias","description":"Seu portal de informa\u00e7\u00e3o sobre o mundo dos investimentos","publisher":{"@id":"https:\/\/www.suno.com.br\/noticias\/#organization"},"potentialAction":[{"@type":"SearchAction","target":{"@type":"EntryPoint","urlTemplate":"https:\/\/www.suno.com.br\/noticias\/?s={search_term_string}"},"query-input":{"@type":"PropertyValueSpecification","valueRequired":true,"valueName":"search_term_string"}}],"inLanguage":"pt-BR"},{"@type":"Organization","@id":"https:\/\/www.suno.com.br\/noticias\/#organization","name":"Suno Not\u00edcias","url":"https:\/\/www.suno.com.br\/noticias\/","logo":{"@type":"ImageObject","inLanguage":"pt-BR","@id":"https:\/\/www.suno.com.br\/noticias\/#\/schema\/logo\/image\/","url":"https:\/\/files.sunoresearch.com.br\/n\/uploads\/2021\/09\/suno-logo.png","contentUrl":"https:\/\/files.sunoresearch.com.br\/n\/uploads\/2021\/09\/suno-logo.png","width":180,"height":180,"caption":"Suno Not\u00edcias"},"image":{"@id":"https:\/\/www.suno.com.br\/noticias\/#\/schema\/logo\/image\/"},"sameAs":["https:\/\/facebook.com\/sunoresearch","https:\/\/x.com\/sunoresearch","https:\/\/www.instagram.com\/suno","https:\/\/www.linkedin.com\/company\/suno-research\/","https:\/\/www.youtube.com\/c\/sunoresearch"]},{"@type":"Person","@id":"https:\/\/www.suno.com.br\/noticias\/#\/schema\/person\/5e3d16fbfcfd3307a21fee0ba2e51dce","name":"Jorge C. Carrasco","image":{"@type":"ImageObject","inLanguage":"pt-BR","@id":"https:\/\/www.suno.com.br\/noticias\/#\/schema\/person\/image\/","url":"https:\/\/secure.gravatar.com\/avatar\/eba2cc7d7174b6b346ad398772f904f2?s=96&r=g","contentUrl":"https:\/\/secure.gravatar.com\/avatar\/eba2cc7d7174b6b346ad398772f904f2?s=96&r=g","caption":"Jorge C. Carrasco"},"description":"Jornalista e escritor com experi\u00eancia na cobertura de economia, empreendedorismo, mercado financeiro, pol\u00edtica e assuntos internacionais. J\u00e1 colaborou com diversos jornais e revistas do Brasil e do exterior, como Estad\u00e3o, \u00c9poca, Foreign Policy, The Spectator Aus, Washington Examiner e Quillette.","sameAs":["felipe.areia@sunoresearch.com.br"],"url":"https:\/\/www.suno.com.br\/noticias\/author\/jorge-carrasco\/"}]}},"default_loop_html":"<div class=\"cardsPage__listCard__boxs\"><div class=\"cardsPage__listCard__boxs__img\"><a href=\"https:\/\/www.suno.com.br\/noticias\/radar-oi-oibr3-tecnologia-fibra-otica-cvc-cvcb3-telefonica-vivt3\/\"><img class=\"mask\" src=\"https:\/\/www.suno.com.br\/noticias\/wp-content\/themes\/suno\/resources\/images\/spotlight\/spotlight1img\/bg-mask.png\" alt=\"Image Mask\"\/><img src=\"https:\/\/files.sunoresearch.com.br\/n\/uploads\/2022\/06\/Radar.-Oi-OIBR3-tem-processo-de-recuperacao-adiado-novamente-Banrisul-BRSR6-e-Romi-ROMI3-pagarao-R-1686-milhoes-em-JCP-Banco-do-Brasil-BBAS3-briga-com-FII-pela-reducao-do-aluguel-1-400x200.jpg\" alt=\"Radar: Oi (OIBR3) lan\u00e7a tecnologia de fibra \u00f3tica, CVC (CVCB3) aprova oferta de a\u00e7\u00f5es de at\u00e9 R$ 477,2 mi, Telef\u00f4nica (VIVT3) pagar\u00e1 R$ 480 milh\u00f5es em JCP\"\/><\/a><span class=\"spotlightCategory\"><a href=\"https:\/\/www.suno.com.br\/noticias\/negocios\/\">Neg\u00f3cios<\/a><\/span><\/div><div class=\"cardsPage__listCard__boxs__content\"><a href=\"https:\/\/www.suno.com.br\/noticias\/radar-oi-oibr3-tecnologia-fibra-otica-cvc-cvcb3-telefonica-vivt3\/\"><h2 class=\"content__title\">Radar: Oi (OIBR3) lan\u00e7a tecnologia de fibra \u00f3tica, CVC (CVCB3) aprova oferta de a\u00e7\u00f5es de at\u00e9 R$ 477,2 mi, Telef\u00f4nica (VIVT3) pagar\u00e1 R$ 480 milh\u00f5es em JCP<\/h2><\/a><div class=\"newsContent__article__meta\"><div class=\"newsContent__article__meta__authorBox\"><a href=\"https:\/\/www.suno.com.br\/noticias\/author\/jorge-carrasco\/\" class=\"authorBox__avatar noMobi\"><img src=\"https:\/\/secure.gravatar.com\/avatar\/eba2cc7d7174b6b346ad398772f904f2?s=96&#038;r=g\" alt=\"Jorge C. Carrasco\"><\/a><div class=\"authorBox__name\"><span>por\n\t\t\t<a href=\"https:\/\/www.suno.com.br\/noticias\/author\/jorge-carrasco\/\"><span itemprop=\"author\">Jorge C. Carrasco<\/span><\/a><\/span><time datetime=\"2022-06-14T22:34:13-03:00\" itemprop=\"datePublished\">14\/06\/2022 22:34<\/time><\/div><\/div><\/div><\/div><\/div>","single_layout":"posts","amp_enabled":true,"_links":{"self":[{"href":"https:\/\/www.suno.com.br\/noticias\/wp-json\/wp\/v2\/posts\/267621"}],"collection":[{"href":"https:\/\/www.suno.com.br\/noticias\/wp-json\/wp\/v2\/posts"}],"about":[{"href":"https:\/\/www.suno.com.br\/noticias\/wp-json\/wp\/v2\/types\/post"}],"author":[{"embeddable":true,"href":"https:\/\/www.suno.com.br\/noticias\/wp-json\/wp\/v2\/users\/174"}],"replies":[{"embeddable":true,"href":"https:\/\/www.suno.com.br\/noticias\/wp-json\/wp\/v2\/comments?post=267621"}],"version-history":[{"count":3,"href":"https:\/\/www.suno.com.br\/noticias\/wp-json\/wp\/v2\/posts\/267621\/revisions"}],"predecessor-version":[{"id":267696,"href":"https:\/\/www.suno.com.br\/noticias\/wp-json\/wp\/v2\/posts\/267621\/revisions\/267696"}],"wp:featuredmedia":[{"embeddable":true,"href":"https:\/\/www.suno.com.br\/noticias\/wp-json\/wp\/v2\/media\/265652"}],"wp:attachment":[{"href":"https:\/\/www.suno.com.br\/noticias\/wp-json\/wp\/v2\/media?parent=267621"}],"wp:term":[{"taxonomy":"category","embeddable":true,"href":"https:\/\/www.suno.com.br\/noticias\/wp-json\/wp\/v2\/categories?post=267621"},{"taxonomy":"post_tag","embeddable":true,"href":"https:\/\/www.suno.com.br\/noticias\/wp-json\/wp\/v2\/tags?post=267621"},{"taxonomy":"suno_strategy","embeddable":true,"href":"https:\/\/www.suno.com.br\/noticias\/wp-json\/wp\/v2\/suno_strategy?post=267621"}],"curies":[{"name":"wp","href":"https:\/\/api.w.org\/{rel}","templated":true}]}}