{"id":267521,"date":"2022-06-14T21:59:54","date_gmt":"2022-06-15T00:59:54","guid":{"rendered":"https:\/\/www.suno.com.br\/noticias\/?p=267521"},"modified":"2022-06-14T21:59:54","modified_gmt":"2022-06-15T00:59:54","slug":"musk-falara-funcionarios-twitter-twtr34","status":"publish","type":"post","link":"https:\/\/www.suno.com.br\/noticias\/musk-falara-funcionarios-twitter-twtr34\/","title":{"rendered":"Musk falar\u00e1 com funcion\u00e1rios do Twitter (TWTR34) pela 1\u00aa vez desde abril"},"content":{"rendered":"<p>O empres\u00e1rio <strong><a class=\"suno-keyword\" href=\"https:\/\/www.suno.com.br\/tudo-sobre\/elon-musk\/\" target=\"_blank\" rel=\"noopener\" data-force=\"no\" data-priority=\"2\">Elon Musk<\/a> <\/strong>falar\u00e1 com os funcion\u00e1rios do <strong>Twitter (<a class=\"suno-keyword\" href=\"https:\/\/www.suno.com.br\/bdrs\/twtr34\/\" target=\"_blank\" rel=\"noopener\" data-force=\"yes\" data-priority=\"2\">TWTR34<\/a>)\u00a0<\/strong> pela primeira vez desde abril, quando come\u00e7ou a demonstrar interesse pela empresa. Est\u00e1 agendada nesta quinta-feira, 15, uma reuni\u00e3o geral.<\/p>\t<div class=\"wrapper-featured-image\">\n\t\t<figure class=\"spotlightImg\">\n\n\t\t\t<picture>\n\t\t\t\t<source media=\"(max-width: 768px)\" srcset=\"https:\/\/files.sunoresearch.com.br\/n\/uploads\/2020\/09\/c1ad52c6-nintchdbpict0004031238451-400x200.webp\">\n\t\t\t\t<img loading=\"lazy\" decoding=\"async\" class=\"newsContent__article__imgCapa lazyloadDisabled \" src=\"https:\/\/files.sunoresearch.com.br\/n\/uploads\/2020\/09\/c1ad52c6-nintchdbpict0004031238451-800x450.webp\" width=\"800\" height=\"450\" alt=\"Musk falar\u00e1 com funcion\u00e1rios do Twitter (TWTR34) pela 1\u00aa vez desde abril\" fetchpriority=high \/>\n\t\t\t<\/picture>\n\n\t\t\t<figcaption class=\"wp-caption-text wp-caption-text--show\">Elon Musk. Foto: Divulga\u00e7\u00e3o<\/figcaption>\n\t\t<\/figure>\n\t<\/div>\n\n\n\t<p>\n\t\t<a href=\"https:\/\/lp.suno.com.br\/ebook-como-analisar-uma-acao\/\" target=\"_blank\" data-element=\"shortcode-suno-banner\" title=\"Banner SUNO, clique e saiba mais\">\n\t\t\t<picture>\n\t\t\t\t<source media=\"(max-width: 500px)\" srcset=\"https:\/\/files.sunoresearch.com.br\/n\/uploads\/2023\/03\/Ebook-Acoes-Mobile-1.jpg\">\n\t\t\t\t<img class=\"newsContent__article__imgCapa newsContent__article__imgCapa--banner\"\n\t\t\t\t\tsrc=\"https:\/\/files.sunoresearch.com.br\/n\/uploads\/2023\/03\/Ebook-Acoes-Desktop-1.jpg\"\n\t\t\t\t\tdata-promo-id=\"171998\"\t\t\t\t\t\t\t\t\t\twidth='1420' height='286'\t\t\t\t\talt=\"https:\/\/files.sunoresearch.com.br\/n\/uploads\/2023\/03\/Ebook-Acoes-Desktop-1.jpg\"\n\t\t\t\t>\n\t\t\t<\/picture>\n\t\t<\/a>\n\t<\/p>\n\n\n<p>De acordo com um porta-voz, o an\u00fancio foi feito aos funcion\u00e1rios via e-mail enviado pelo <strong>CEO do Twitter<\/strong>, Parag Agrawal, que tamb\u00e9m informou que perguntas podem ser enviadas a Musk antecipadamente. Ainda segundo o porta-voz, a chefe de marketing da empresa, Leslie Berland, vai mediar o evento.<\/p>\n\t<p>\n\t\t<a href=\"https:\/\/lp.suno.com.br\/planilha-de-controle-de-investimentos\/\" target=\"_blank\" data-element=\"shortcode-suno-banner\" title=\"Banner SUNO, clique e saiba mais\">\n\t\t\t<picture>\n\t\t\t\t<source media=\"(max-width: 500px)\" srcset=\"https:\/\/files.sunoresearch.com.br\/n\/uploads\/2023\/03\/400x300-Controle-de-Investimentos.png\">\n\t\t\t\t<img class=\"newsContent__article__imgCapa newsContent__article__imgCapa--banner\"\n\t\t\t\t\tsrc=\"https:\/\/files.sunoresearch.com.br\/n\/uploads\/2023\/03\/1420x240-Controle-de-Investimentos.png\"\n\t\t\t\t\tdata-promo-id=\"75934\"\t\t\t\t\t\t\t\t\t\twidth='1420' height='240'\t\t\t\t\talt=\"https:\/\/files.sunoresearch.com.br\/n\/uploads\/2023\/03\/1420x240-Controle-de-Investimentos.png\"\n\t\t\t\t>\n\t\t\t<\/picture>\n\t\t<\/a>\n\t<\/p>\n\n\n<p>No fim de abril, o Twitter aceitou a <strong>oferta de US$ 44 bilh\u00f5e<\/strong>s de Musk para adquirir a empresa. Semanas depois, Musk disse que o acordo estava suspenso devido a preocupa\u00e7\u00f5es quanto \u00e0 precis\u00e3o das estimativas da empresa sobre contas de spam em sua plataforma de <strong>m\u00eddia social<\/strong>. No in\u00edcio deste m\u00eas, o bilion\u00e1rio amea\u00e7ou cancelar a transa\u00e7\u00e3o, acusando a empresa de n\u00e3o atender sua solicita\u00e7\u00e3o de dados sobre contas de spam.<\/p>\n\t<p>\n\t\t<a href=\"https:\/\/lp.suno.com.br\/planilha-controle-gastos\/\" target=\"_blank\" data-element=\"shortcode-suno-banner\" title=\"Banner SUNO, clique e saiba mais\">\n\t\t\t<picture>\n\t\t\t\t<source media=\"(max-width: 500px)\" srcset=\"https:\/\/files.sunoresearch.com.br\/n\/uploads\/2023\/03\/400x300-Planilha-controle-de-gastos.png\">\n\t\t\t\t<img class=\"newsContent__article__imgCapa newsContent__article__imgCapa--banner\"\n\t\t\t\t\tsrc=\"https:\/\/files.sunoresearch.com.br\/n\/uploads\/2023\/03\/1420x240-Planilha-controle-de-gastos.png\"\n\t\t\t\t\tdata-promo-id=\"101751\"\t\t\t\t\t\t\t\t\t\twidth='1420' height='240'\t\t\t\t\talt=\"https:\/\/files.sunoresearch.com.br\/n\/uploads\/2023\/03\/1420x240-Planilha-controle-de-gastos.png\"\n\t\t\t\t>\n\t\t\t<\/picture>\n\t\t<\/a>\n\t<\/p>\n\n\n<p>Mesmo com a reuni\u00e3o marcada para quinta, n\u00e3o \u00e9 poss\u00edvel ainda determinar se os planos de Musk de falar com funcion\u00e1rios do Twitter significam que os dois lados chegaram a um acordo.<\/p>\n<p>As <strong>a\u00e7\u00f5es do Twitter<\/strong> &#8211; que est\u00e3o sendo negociadas abaixo do pre\u00e7o de oferta de Musk, em meio a d\u00favidas dos investidores sobre a concretiza\u00e7\u00e3o do acordo &#8211; subiram quase 3% nas bolsas de Nova York ontem, ap\u00f3s o an\u00fancio da reuni\u00e3o geral. O pre\u00e7o do papel encerrou o preg\u00e3o passado em cerca de US$ 37, bem abaixo do pre\u00e7o da oferta feita por Musk, de US$ 54,20. Hoje, os pap\u00e9is subiram 0,51%, para US$ 37,22.<\/p>\n\t<p>\n\t\t<a href=\"https:\/\/lp.suno.com.br\/planilha-da-vida-financeira\/\" target=\"_blank\" data-element=\"shortcode-suno-banner\" title=\"Banner SUNO, clique e saiba mais\">\n\t\t\t<picture>\n\t\t\t\t<source media=\"(max-width: 500px)\" srcset=\"https:\/\/files.sunoresearch.com.br\/n\/uploads\/2023\/04\/400x300-Planilha-vida-financeira-true.png\">\n\t\t\t\t<img class=\"newsContent__article__imgCapa newsContent__article__imgCapa--banner\"\n\t\t\t\t\tsrc=\"https:\/\/files.sunoresearch.com.br\/n\/uploads\/2023\/04\/1420x240-Planilha-vida-financeira-true.png\"\n\t\t\t\t\tdata-promo-id=\"106682\"\t\t\t\t\t\t\t\t\t\twidth='1420' height='240'\t\t\t\t\talt=\"https:\/\/files.sunoresearch.com.br\/n\/uploads\/2023\/04\/1420x240-Planilha-vida-financeira-true.png\"\n\t\t\t\t>\n\t\t\t<\/picture>\n\t\t<\/a>\n\t<\/p>\n\n\n<p>A incerteza sobre o resultado do acordo deixou os funcion\u00e1rios preocupados com seus empregos e alguns come\u00e7aram a planejar a demiss\u00e3o, ao passo que outros disseram que a<strong> venda do Twitter<\/strong> para Musk poderia ajudar no recrutamento. O cen\u00e1rio tamb\u00e9m levantou quest\u00f5es sobre como operar uma plataforma com cerca de 229 milh\u00f5es de usu\u00e1rios di\u00e1rios, enquanto seu poss\u00edvel futuro propriet\u00e1rio a usa para atacar publicamente a empresa.<\/p>\n<p><strong>Musk<\/strong> disse que faria mudan\u00e7as significativas no Twitter ao compr\u00e1-lo, incluindo oferecer tweets mais longos, criar um bot\u00e3o de edi\u00e7\u00e3o e tornar o algoritmo da plataforma p\u00fablico. Ele tamb\u00e9m falou sobre depender menos de publicidade e suavizar a postura do Twitter sobre modera\u00e7\u00e3o de conte\u00fado. Em maio, Musk disse que reverteria o banimento do ex-presidente <a class=\"suno-keyword\" href=\"https:\/\/www.suno.com.br\/tudo-sobre\/donald-trump\/\" target=\"_blank\" rel=\"noopener\" data-force=\"no\" data-priority=\"2\">Donald Trump<\/a> da plataforma, a\u00e7\u00e3o que chamou de &#8220;decis\u00e3o moralmente ruim&#8221;.<\/p>\n\t<p>\n\t\t<a href=\"\" target=\"_blank\" data-element=\"shortcode-suno-banner\" title=\"Banner SUNO, clique e saiba mais\">\n\t\t\t<picture>\n\t\t\t\t<source media=\"(max-width: 500px)\" srcset=\"\">\n\t\t\t\t<img class=\"newsContent__article__imgCapa newsContent__article__imgCapa--banner\"\n\t\t\t\t\tsrc=\"\"\n\t\t\t\t\tdata-promo-id=\"240038\"\t\t\t\t\t\t\t\t\t\t\t\t\t\t\talt=\"\"\n\t\t\t\t>\n\t\t\t<\/picture>\n\t\t<\/a>\n\t<\/p>\n\n\n<p class=\"newsProviderSignature\"><em>Com informa\u00e7\u00f5es do Estad\u00e3o Conte\u00fado<\/em><\/p>\n","protected":false},"excerpt":{"rendered":"<p>O empres\u00e1rio Elon Musk falar\u00e1 com os funcion\u00e1rios do Twitter (TWTR34)\u00a0 pela primeira vez desde abril, quando come\u00e7ou a demonstrar interesse pela empresa. Est\u00e1 agendada nesta quinta-feira, 15, uma reuni\u00e3o geral. Elon Musk. Foto: Divulga\u00e7\u00e3o De acordo com um porta-voz, o an\u00fancio foi feito aos funcion\u00e1rios via e-mail enviado pelo CEO do Twitter, Parag Agrawal, [&hellip;]<\/p>\n","protected":false},"author":165,"featured_media":88363,"comment_status":"closed","ping_status":"closed","sticky":false,"template":"","format":"standard","meta":[],"categories":[64],"tags":[726,1110],"suno_strategy":[],"class_list":["post-267521","post","type-post","status-publish","format-standard","has-post-thumbnail","hentry","category-negocios","tag-elon-musk","tag-twitter-twtr34"],"yoast_head":"<!-- This site is optimized with the Yoast SEO plugin v24.4 - https:\/\/yoast.com\/wordpress\/plugins\/seo\/ -->\n<title>Musk falar\u00e1 com funcion\u00e1rios do Twitter (TWTR34) pela 1\u00aa vez desde abril<\/title>\n<meta name=\"description\" content=\"Pela primeira vez, desde abril deste ano, o empres\u00e1rio Elon Musk ir\u00e1 conversar com os funcion\u00e1rios do Twitter nesta quinta, 15.\" \/>\n<meta name=\"robots\" content=\"index, follow, max-snippet:-1, max-image-preview:large, max-video-preview:-1\" \/>\n<link rel=\"canonical\" href=\"https:\/\/www.suno.com.br\/noticias\/musk-falara-funcionarios-twitter-twtr34\/\" \/>\n<meta property=\"og:locale\" content=\"pt_BR\" \/>\n<meta property=\"og:type\" content=\"article\" \/>\n<meta property=\"og:title\" content=\"Musk falar\u00e1 com funcion\u00e1rios do Twitter (TWTR34) pela 1\u00aa vez desde abril\" \/>\n<meta property=\"og:description\" content=\"Pela primeira vez, desde abril deste ano, o empres\u00e1rio Elon Musk ir\u00e1 conversar com os funcion\u00e1rios do Twitter nesta quinta, 15.\" \/>\n<meta property=\"og:url\" content=\"https:\/\/www.suno.com.br\/noticias\/musk-falara-funcionarios-twitter-twtr34\/\" \/>\n<meta property=\"og:site_name\" content=\"Suno Not\u00edcias\" \/>\n<meta property=\"article:publisher\" content=\"https:\/\/facebook.com\/sunoresearch\" \/>\n<meta property=\"og:image\" content=\"https:\/\/files.sunoresearch.com.br\/n\/uploads\/2020\/09\/c1ad52c6-nintchdbpict0004031238451.jpg\" \/>\n\t<meta property=\"og:image:width\" content=\"1200\" \/>\n\t<meta property=\"og:image:height\" content=\"800\" \/>\n\t<meta property=\"og:image:type\" content=\"image\/jpeg\" \/>\n<meta name=\"author\" content=\"Ana Carolina Cury\" \/>\n<meta name=\"twitter:card\" content=\"summary_large_image\" \/>\n<meta name=\"twitter:creator\" content=\"@sunoresearch\" \/>\n<meta name=\"twitter:site\" content=\"@sunoresearch\" \/>\n<meta name=\"twitter:label1\" content=\"Escrito por\" \/>\n\t<meta name=\"twitter:data1\" content=\"Ana Carolina Cury\" \/>\n\t<meta name=\"twitter:label2\" content=\"Est. tempo de leitura\" \/>\n\t<meta name=\"twitter:data2\" content=\"2 minutos\" \/>\n<script type=\"application\/ld+json\" class=\"yoast-schema-graph\">{\"@context\":\"https:\/\/schema.org\",\"@graph\":[{\"@type\":\"NewsArticle\",\"@id\":\"https:\/\/www.suno.com.br\/noticias\/musk-falara-funcionarios-twitter-twtr34\/#article\",\"isPartOf\":{\"@id\":\"https:\/\/www.suno.com.br\/noticias\/musk-falara-funcionarios-twitter-twtr34\/\"},\"author\":{\"name\":\"Ana Carolina Cury\",\"@id\":\"https:\/\/www.suno.com.br\/noticias\/#\/schema\/person\/23ade539a9b626a27a055a2cceccc1f9\"},\"headline\":\"Musk falar\u00e1 com funcion\u00e1rios do Twitter (TWTR34) pela 1\u00aa vez desde abril\",\"datePublished\":\"2022-06-15T00:59:54+00:00\",\"mainEntityOfPage\":{\"@id\":\"https:\/\/www.suno.com.br\/noticias\/musk-falara-funcionarios-twitter-twtr34\/\"},\"wordCount\":471,\"publisher\":{\"@id\":\"https:\/\/www.suno.com.br\/noticias\/#organization\"},\"image\":{\"@id\":\"https:\/\/www.suno.com.br\/noticias\/musk-falara-funcionarios-twitter-twtr34\/#primaryimage\"},\"thumbnailUrl\":\"https:\/\/files.sunoresearch.com.br\/n\/uploads\/2020\/09\/c1ad52c6-nintchdbpict0004031238451-jpg.webp\",\"keywords\":[\"Elon Musk\",\"Twitter (TWTR34)\"],\"articleSection\":[\"Neg\u00f3cios\"],\"inLanguage\":\"pt-BR\"},{\"@type\":\"WebPage\",\"@id\":\"https:\/\/www.suno.com.br\/noticias\/musk-falara-funcionarios-twitter-twtr34\/\",\"url\":\"https:\/\/www.suno.com.br\/noticias\/musk-falara-funcionarios-twitter-twtr34\/\",\"name\":\"Musk falar\u00e1 com funcion\u00e1rios do Twitter (TWTR34) pela 1\u00aa vez desde abril\",\"isPartOf\":{\"@id\":\"https:\/\/www.suno.com.br\/noticias\/#website\"},\"primaryImageOfPage\":{\"@id\":\"https:\/\/www.suno.com.br\/noticias\/musk-falara-funcionarios-twitter-twtr34\/#primaryimage\"},\"image\":{\"@id\":\"https:\/\/www.suno.com.br\/noticias\/musk-falara-funcionarios-twitter-twtr34\/#primaryimage\"},\"thumbnailUrl\":\"https:\/\/files.sunoresearch.com.br\/n\/uploads\/2020\/09\/c1ad52c6-nintchdbpict0004031238451-jpg.webp\",\"datePublished\":\"2022-06-15T00:59:54+00:00\",\"description\":\"Pela primeira vez, desde abril deste ano, o empres\u00e1rio Elon Musk ir\u00e1 conversar com os funcion\u00e1rios do Twitter nesta quinta, 15.\",\"breadcrumb\":{\"@id\":\"https:\/\/www.suno.com.br\/noticias\/musk-falara-funcionarios-twitter-twtr34\/#breadcrumb\"},\"inLanguage\":\"pt-BR\",\"potentialAction\":[{\"@type\":\"ReadAction\",\"target\":[\"https:\/\/www.suno.com.br\/noticias\/musk-falara-funcionarios-twitter-twtr34\/\"]}]},{\"@type\":\"ImageObject\",\"inLanguage\":\"pt-BR\",\"@id\":\"https:\/\/www.suno.com.br\/noticias\/musk-falara-funcionarios-twitter-twtr34\/#primaryimage\",\"url\":\"https:\/\/files.sunoresearch.com.br\/n\/uploads\/2020\/09\/c1ad52c6-nintchdbpict0004031238451-jpg.webp\",\"contentUrl\":\"https:\/\/files.sunoresearch.com.br\/n\/uploads\/2020\/09\/c1ad52c6-nintchdbpict0004031238451-jpg.webp\",\"width\":1200,\"height\":800,\"caption\":\"Elon Musk. Foto: Divulga\u00e7\u00e3o\"},{\"@type\":\"BreadcrumbList\",\"@id\":\"https:\/\/www.suno.com.br\/noticias\/musk-falara-funcionarios-twitter-twtr34\/#breadcrumb\",\"itemListElement\":[{\"@type\":\"ListItem\",\"position\":1,\"name\":\"Not\u00edcias\",\"item\":\"https:\/\/www.suno.com.br\/noticias\/\"},{\"@type\":\"ListItem\",\"position\":2,\"name\":\"Neg\u00f3cios\",\"item\":\"https:\/\/www.suno.com.br\/noticias\/negocios\/\"},{\"@type\":\"ListItem\",\"position\":3,\"name\":\"Musk falar\u00e1 com funcion\u00e1rios do Twitter (TWTR34) pela 1\u00aa vez desde abril\"}]},{\"@type\":\"WebSite\",\"@id\":\"https:\/\/www.suno.com.br\/noticias\/#website\",\"url\":\"https:\/\/www.suno.com.br\/noticias\/\",\"name\":\"Suno Not\u00edcias\",\"description\":\"Seu portal de informa\u00e7\u00e3o sobre o mundo dos investimentos\",\"publisher\":{\"@id\":\"https:\/\/www.suno.com.br\/noticias\/#organization\"},\"potentialAction\":[{\"@type\":\"SearchAction\",\"target\":{\"@type\":\"EntryPoint\",\"urlTemplate\":\"https:\/\/www.suno.com.br\/noticias\/?s={search_term_string}\"},\"query-input\":{\"@type\":\"PropertyValueSpecification\",\"valueRequired\":true,\"valueName\":\"search_term_string\"}}],\"inLanguage\":\"pt-BR\"},{\"@type\":\"Organization\",\"@id\":\"https:\/\/www.suno.com.br\/noticias\/#organization\",\"name\":\"Suno Not\u00edcias\",\"url\":\"https:\/\/www.suno.com.br\/noticias\/\",\"logo\":{\"@type\":\"ImageObject\",\"inLanguage\":\"pt-BR\",\"@id\":\"https:\/\/www.suno.com.br\/noticias\/#\/schema\/logo\/image\/\",\"url\":\"https:\/\/files.sunoresearch.com.br\/n\/uploads\/2021\/09\/suno-logo.png\",\"contentUrl\":\"https:\/\/files.sunoresearch.com.br\/n\/uploads\/2021\/09\/suno-logo.png\",\"width\":180,\"height\":180,\"caption\":\"Suno Not\u00edcias\"},\"image\":{\"@id\":\"https:\/\/www.suno.com.br\/noticias\/#\/schema\/logo\/image\/\"},\"sameAs\":[\"https:\/\/facebook.com\/sunoresearch\",\"https:\/\/x.com\/sunoresearch\",\"https:\/\/www.instagram.com\/suno\",\"https:\/\/www.linkedin.com\/company\/suno-research\/\",\"https:\/\/www.youtube.com\/c\/sunoresearch\"]},{\"@type\":\"Person\",\"@id\":\"https:\/\/www.suno.com.br\/noticias\/#\/schema\/person\/23ade539a9b626a27a055a2cceccc1f9\",\"name\":\"Ana Carolina Cury\",\"image\":{\"@type\":\"ImageObject\",\"inLanguage\":\"pt-BR\",\"@id\":\"https:\/\/www.suno.com.br\/noticias\/#\/schema\/person\/image\/\",\"url\":\"https:\/\/secure.gravatar.com\/avatar\/a3c7bae536b759b9ed2f07b5df9995e1?s=96&r=g\",\"contentUrl\":\"https:\/\/secure.gravatar.com\/avatar\/a3c7bae536b759b9ed2f07b5df9995e1?s=96&r=g\",\"caption\":\"Ana Carolina Cury\"},\"description\":\"Estagi\u00e1ria de Reda\u00e7\u00e3o, cobre mercado financeiro, macroeconomia, pol\u00edtica e neg\u00f3cios. Estudante de jornalismo na FAAP, \u00e9 monitora do laborat\u00f3rio de jornalismo da faculdade (LabJor) e trabalhou com a Band News no projeto primeira not\u00edcia em parceria com a FAAP.\",\"url\":\"https:\/\/www.suno.com.br\/noticias\/author\/ana-curysuno-com-br\/\"}]}<\/script>\n<!-- \/ Yoast SEO plugin. -->","yoast_head_json":{"title":"Musk falar\u00e1 com funcion\u00e1rios do Twitter (TWTR34) pela 1\u00aa vez desde abril","description":"Pela primeira vez, desde abril deste ano, o empres\u00e1rio Elon Musk ir\u00e1 conversar com os funcion\u00e1rios do Twitter nesta quinta, 15.","robots":{"index":"index","follow":"follow","max-snippet":"max-snippet:-1","max-image-preview":"max-image-preview:large","max-video-preview":"max-video-preview:-1"},"canonical":"https:\/\/www.suno.com.br\/noticias\/musk-falara-funcionarios-twitter-twtr34\/","og_locale":"pt_BR","og_type":"article","og_title":"Musk falar\u00e1 com funcion\u00e1rios do Twitter (TWTR34) pela 1\u00aa vez desde abril","og_description":"Pela primeira vez, desde abril deste ano, o empres\u00e1rio Elon Musk ir\u00e1 conversar com os funcion\u00e1rios do Twitter nesta quinta, 15.","og_url":"https:\/\/www.suno.com.br\/noticias\/musk-falara-funcionarios-twitter-twtr34\/","og_site_name":"Suno Not\u00edcias","article_publisher":"https:\/\/facebook.com\/sunoresearch","og_image":[{"width":1200,"height":800,"url":"https:\/\/files.sunoresearch.com.br\/n\/uploads\/2020\/09\/c1ad52c6-nintchdbpict0004031238451.jpg","type":"image\/jpeg"}],"author":"Ana Carolina Cury","twitter_card":"summary_large_image","twitter_creator":"@sunoresearch","twitter_site":"@sunoresearch","twitter_misc":{"Escrito por":"Ana Carolina Cury","Est. tempo de leitura":"2 minutos"},"schema":{"@context":"https:\/\/schema.org","@graph":[{"@type":"NewsArticle","@id":"https:\/\/www.suno.com.br\/noticias\/musk-falara-funcionarios-twitter-twtr34\/#article","isPartOf":{"@id":"https:\/\/www.suno.com.br\/noticias\/musk-falara-funcionarios-twitter-twtr34\/"},"author":{"name":"Ana Carolina Cury","@id":"https:\/\/www.suno.com.br\/noticias\/#\/schema\/person\/23ade539a9b626a27a055a2cceccc1f9"},"headline":"Musk falar\u00e1 com funcion\u00e1rios do Twitter (TWTR34) pela 1\u00aa vez desde abril","datePublished":"2022-06-15T00:59:54+00:00","mainEntityOfPage":{"@id":"https:\/\/www.suno.com.br\/noticias\/musk-falara-funcionarios-twitter-twtr34\/"},"wordCount":471,"publisher":{"@id":"https:\/\/www.suno.com.br\/noticias\/#organization"},"image":{"@id":"https:\/\/www.suno.com.br\/noticias\/musk-falara-funcionarios-twitter-twtr34\/#primaryimage"},"thumbnailUrl":"https:\/\/files.sunoresearch.com.br\/n\/uploads\/2020\/09\/c1ad52c6-nintchdbpict0004031238451-jpg.webp","keywords":["Elon Musk","Twitter (TWTR34)"],"articleSection":["Neg\u00f3cios"],"inLanguage":"pt-BR"},{"@type":"WebPage","@id":"https:\/\/www.suno.com.br\/noticias\/musk-falara-funcionarios-twitter-twtr34\/","url":"https:\/\/www.suno.com.br\/noticias\/musk-falara-funcionarios-twitter-twtr34\/","name":"Musk falar\u00e1 com funcion\u00e1rios do Twitter (TWTR34) pela 1\u00aa vez desde abril","isPartOf":{"@id":"https:\/\/www.suno.com.br\/noticias\/#website"},"primaryImageOfPage":{"@id":"https:\/\/www.suno.com.br\/noticias\/musk-falara-funcionarios-twitter-twtr34\/#primaryimage"},"image":{"@id":"https:\/\/www.suno.com.br\/noticias\/musk-falara-funcionarios-twitter-twtr34\/#primaryimage"},"thumbnailUrl":"https:\/\/files.sunoresearch.com.br\/n\/uploads\/2020\/09\/c1ad52c6-nintchdbpict0004031238451-jpg.webp","datePublished":"2022-06-15T00:59:54+00:00","description":"Pela primeira vez, desde abril deste ano, o empres\u00e1rio Elon Musk ir\u00e1 conversar com os funcion\u00e1rios do Twitter nesta quinta, 15.","breadcrumb":{"@id":"https:\/\/www.suno.com.br\/noticias\/musk-falara-funcionarios-twitter-twtr34\/#breadcrumb"},"inLanguage":"pt-BR","potentialAction":[{"@type":"ReadAction","target":["https:\/\/www.suno.com.br\/noticias\/musk-falara-funcionarios-twitter-twtr34\/"]}]},{"@type":"ImageObject","inLanguage":"pt-BR","@id":"https:\/\/www.suno.com.br\/noticias\/musk-falara-funcionarios-twitter-twtr34\/#primaryimage","url":"https:\/\/files.sunoresearch.com.br\/n\/uploads\/2020\/09\/c1ad52c6-nintchdbpict0004031238451-jpg.webp","contentUrl":"https:\/\/files.sunoresearch.com.br\/n\/uploads\/2020\/09\/c1ad52c6-nintchdbpict0004031238451-jpg.webp","width":1200,"height":800,"caption":"Elon Musk. Foto: Divulga\u00e7\u00e3o"},{"@type":"BreadcrumbList","@id":"https:\/\/www.suno.com.br\/noticias\/musk-falara-funcionarios-twitter-twtr34\/#breadcrumb","itemListElement":[{"@type":"ListItem","position":1,"name":"Not\u00edcias","item":"https:\/\/www.suno.com.br\/noticias\/"},{"@type":"ListItem","position":2,"name":"Neg\u00f3cios","item":"https:\/\/www.suno.com.br\/noticias\/negocios\/"},{"@type":"ListItem","position":3,"name":"Musk falar\u00e1 com funcion\u00e1rios do Twitter (TWTR34) pela 1\u00aa vez desde abril"}]},{"@type":"WebSite","@id":"https:\/\/www.suno.com.br\/noticias\/#website","url":"https:\/\/www.suno.com.br\/noticias\/","name":"Suno Not\u00edcias","description":"Seu portal de informa\u00e7\u00e3o sobre o mundo dos investimentos","publisher":{"@id":"https:\/\/www.suno.com.br\/noticias\/#organization"},"potentialAction":[{"@type":"SearchAction","target":{"@type":"EntryPoint","urlTemplate":"https:\/\/www.suno.com.br\/noticias\/?s={search_term_string}"},"query-input":{"@type":"PropertyValueSpecification","valueRequired":true,"valueName":"search_term_string"}}],"inLanguage":"pt-BR"},{"@type":"Organization","@id":"https:\/\/www.suno.com.br\/noticias\/#organization","name":"Suno Not\u00edcias","url":"https:\/\/www.suno.com.br\/noticias\/","logo":{"@type":"ImageObject","inLanguage":"pt-BR","@id":"https:\/\/www.suno.com.br\/noticias\/#\/schema\/logo\/image\/","url":"https:\/\/files.sunoresearch.com.br\/n\/uploads\/2021\/09\/suno-logo.png","contentUrl":"https:\/\/files.sunoresearch.com.br\/n\/uploads\/2021\/09\/suno-logo.png","width":180,"height":180,"caption":"Suno Not\u00edcias"},"image":{"@id":"https:\/\/www.suno.com.br\/noticias\/#\/schema\/logo\/image\/"},"sameAs":["https:\/\/facebook.com\/sunoresearch","https:\/\/x.com\/sunoresearch","https:\/\/www.instagram.com\/suno","https:\/\/www.linkedin.com\/company\/suno-research\/","https:\/\/www.youtube.com\/c\/sunoresearch"]},{"@type":"Person","@id":"https:\/\/www.suno.com.br\/noticias\/#\/schema\/person\/23ade539a9b626a27a055a2cceccc1f9","name":"Ana Carolina Cury","image":{"@type":"ImageObject","inLanguage":"pt-BR","@id":"https:\/\/www.suno.com.br\/noticias\/#\/schema\/person\/image\/","url":"https:\/\/secure.gravatar.com\/avatar\/a3c7bae536b759b9ed2f07b5df9995e1?s=96&r=g","contentUrl":"https:\/\/secure.gravatar.com\/avatar\/a3c7bae536b759b9ed2f07b5df9995e1?s=96&r=g","caption":"Ana Carolina Cury"},"description":"Estagi\u00e1ria de Reda\u00e7\u00e3o, cobre mercado financeiro, macroeconomia, pol\u00edtica e neg\u00f3cios. Estudante de jornalismo na FAAP, \u00e9 monitora do laborat\u00f3rio de jornalismo da faculdade (LabJor) e trabalhou com a Band News no projeto primeira not\u00edcia em parceria com a FAAP.","url":"https:\/\/www.suno.com.br\/noticias\/author\/ana-curysuno-com-br\/"}]}},"default_loop_html":"<div class=\"cardsPage__listCard__boxs\"><div class=\"cardsPage__listCard__boxs__img\"><a href=\"https:\/\/www.suno.com.br\/noticias\/musk-falara-funcionarios-twitter-twtr34\/\"><img class=\"mask\" src=\"https:\/\/www.suno.com.br\/noticias\/wp-content\/themes\/suno\/resources\/images\/spotlight\/spotlight1img\/bg-mask.png\" alt=\"Image Mask\"\/><img src=\"https:\/\/files.sunoresearch.com.br\/n\/uploads\/2020\/09\/c1ad52c6-nintchdbpict0004031238451-400x200.webp\" alt=\"Musk falar\u00e1 com funcion\u00e1rios do Twitter (TWTR34) pela 1\u00aa vez desde abril\"\/><\/a><span class=\"spotlightCategory\"><a href=\"https:\/\/www.suno.com.br\/noticias\/negocios\/\">Neg\u00f3cios<\/a><\/span><\/div><div class=\"cardsPage__listCard__boxs__content\"><a href=\"https:\/\/www.suno.com.br\/noticias\/musk-falara-funcionarios-twitter-twtr34\/\"><h2 class=\"content__title\">Musk falar\u00e1 com funcion\u00e1rios do Twitter (TWTR34) pela 1\u00aa vez desde abril<\/h2><\/a><div class=\"newsContent__article__meta\"><div class=\"newsContent__article__meta__authorBox\"><a href=\"https:\/\/www.suno.com.br\/noticias\/author\/ana-curysuno-com-br\/\" class=\"authorBox__avatar noMobi\"><img src=\"https:\/\/files.sunoresearch.com.br\/n\/uploads\/2022\/04\/IMG-9970-1-150x150.jpg\" alt=\"Ana Carolina Cury\"><\/a><div class=\"authorBox__name\"><span>por\n\t\t\t<a href=\"https:\/\/www.suno.com.br\/noticias\/author\/ana-curysuno-com-br\/\"><span itemprop=\"author\">Ana Carolina Cury<\/span><\/a><\/span><time datetime=\"2022-06-14T21:59:54-03:00\" itemprop=\"datePublished\">14\/06\/2022 21:59<\/time><\/div><\/div><\/div><\/div><\/div>","single_layout":"posts","amp_enabled":true,"_links":{"self":[{"href":"https:\/\/www.suno.com.br\/noticias\/wp-json\/wp\/v2\/posts\/267521"}],"collection":[{"href":"https:\/\/www.suno.com.br\/noticias\/wp-json\/wp\/v2\/posts"}],"about":[{"href":"https:\/\/www.suno.com.br\/noticias\/wp-json\/wp\/v2\/types\/post"}],"author":[{"embeddable":true,"href":"https:\/\/www.suno.com.br\/noticias\/wp-json\/wp\/v2\/users\/165"}],"replies":[{"embeddable":true,"href":"https:\/\/www.suno.com.br\/noticias\/wp-json\/wp\/v2\/comments?post=267521"}],"version-history":[{"count":4,"href":"https:\/\/www.suno.com.br\/noticias\/wp-json\/wp\/v2\/posts\/267521\/revisions"}],"predecessor-version":[{"id":267688,"href":"https:\/\/www.suno.com.br\/noticias\/wp-json\/wp\/v2\/posts\/267521\/revisions\/267688"}],"wp:featuredmedia":[{"embeddable":true,"href":"https:\/\/www.suno.com.br\/noticias\/wp-json\/wp\/v2\/media\/88363"}],"wp:attachment":[{"href":"https:\/\/www.suno.com.br\/noticias\/wp-json\/wp\/v2\/media?parent=267521"}],"wp:term":[{"taxonomy":"category","embeddable":true,"href":"https:\/\/www.suno.com.br\/noticias\/wp-json\/wp\/v2\/categories?post=267521"},{"taxonomy":"post_tag","embeddable":true,"href":"https:\/\/www.suno.com.br\/noticias\/wp-json\/wp\/v2\/tags?post=267521"},{"taxonomy":"suno_strategy","embeddable":true,"href":"https:\/\/www.suno.com.br\/noticias\/wp-json\/wp\/v2\/suno_strategy?post=267521"}],"curies":[{"name":"wp","href":"https:\/\/api.w.org\/{rel}","templated":true}]}}