{"id":26748,"date":"2019-05-31T11:50:53","date_gmt":"2019-05-31T14:50:53","guid":{"rendered":"https:\/\/www.suno.com.br\/noticias\/?p=26748"},"modified":"2019-05-31T12:18:10","modified_gmt":"2019-05-31T15:18:10","slug":"talude-mina-vale-desprende","status":"publish","type":"post","link":"https:\/\/www.suno.com.br\/noticias\/talude-mina-vale-desprende\/","title":{"rendered":"Blocos do talude da Mina de Gongo Soco da Vale se desprendem"},"content":{"rendered":"<p>Blocos do talude norte da mina de Gongo Soco, em Bar\u00e3o de Cocais, se desprenderam na manh\u00e3 desta sexta-feira (31), no entanto, de acordo com a Vale, a estrutura da barragem Sul Superior n\u00e3o foi afetada.<\/p>\t<div class=\"wrapper-featured-image\">\n\t\t<figure class=\"spotlightImg\">\n\n\t\t\t<picture>\n\t\t\t\t<source media=\"(max-width: 768px)\" srcset=\"https:\/\/files.sunoresearch.com.br\/n\/uploads\/2019\/05\/5d13b9a1-vale-400x200.webp\">\n\t\t\t\t<img loading=\"lazy\" decoding=\"async\" class=\"newsContent__article__imgCapa lazyloadDisabled newsContent__article__imgCapa--noCaption\" src=\"https:\/\/files.sunoresearch.com.br\/n\/uploads\/2019\/05\/5d13b9a1-vale-jpg.webp\" width=\"800\" height=\"450\" alt=\"Blocos do talude da Mina de Gongo Soco da Vale se desprendem\" fetchpriority=high \/>\n\t\t\t<\/picture>\n\n\t\t\t<figcaption class=\"wp-caption-text wp-caption-text--hide\">Blocos do talude da Mina de Gongo Soco da Vale se desprendem <\/figcaption>\n\t\t<\/figure>\n\t<\/div>\n\n\n<p>Por meio de nota,\u00a0 &#8220;<strong>Vale<\/strong> informa que identificou ao longo da madrugada desta sexta-feira, o desprendimento de fragmentos do talude norte da cava da <strong>Mina<\/strong> <strong>de<\/strong> <strong>Gongo<\/strong> <strong>Soco<\/strong>, em Bar\u00e3o de Cocais (MG)&#8221;. No entanto, os blocos do talude deslizaram at\u00e9 o fundo da cava.<\/p>\n\t<p>\n\t\t<a href=\"https:\/\/lp.suno.com.br\/ao\/sessao-estrategica-consultoria-c\/?utm_source=suno-noticias&#038;utm_medium=banner&#038;utm_campaing=dividendos-taxacao-pl\" target=\"_blank\" data-element=\"shortcode-suno-banner\" title=\"Banner SUNO, clique e saiba mais\">\n\t\t\t<picture>\n\t\t\t\t<source media=\"(max-width: 500px)\" srcset=\"https:\/\/files.sunoresearch.com.br\/n\/uploads\/2025\/09\/300x400.webp\">\n\t\t\t\t<img class=\"newsContent__article__imgCapa newsContent__article__imgCapa--banner\"\n\t\t\t\t\tsrc=\"https:\/\/files.sunoresearch.com.br\/n\/uploads\/2025\/09\/SN-DT-1420x240-1.webp\"\n\t\t\t\t\tdata-promo-id=\"628283\"\t\t\t\t\t\t\t\t\t\twidth='1420' height='240'\t\t\t\t\talt=\"https:\/\/files.sunoresearch.com.br\/n\/uploads\/2025\/09\/SN-DT-1420x240-1.webp\"\n\t\t\t\t>\n\t\t\t<\/picture>\n\t\t<\/a>\n\t<\/p>\n\n\n<p>De acordo com a Vale, as avalia\u00e7\u00f5es indicam que o material est\u00e1 &#8220;deslizando de forma gradual, o que at\u00e9 o momento corrobora as estimativas de que o desprendimento do talude dever\u00e1 ocorrer sem maiores consequ\u00eancias&#8221;.<\/p>\n<p>A estrutura da mina de Gongo Soco fica a 1,5 quil\u00f4metros da barragem Superior Sul. O principal receio por parte da <strong>Defesa<\/strong> <strong>Civil<\/strong> e da<strong> Ag\u00eancia Nacional de Minera\u00e7\u00e3o (ANM)<\/strong>, \u00e9 de que o rompimento do talude da mina ocasione um\u00a0rompimento em cadeia, destruindo a <strong>barragem<\/strong> <strong>Superior<\/strong> <strong>Sul<\/strong> e liberando 6 milh\u00f5es de m\u00b3 de rejeitos.<\/p>\n<h2>Procedimentos ap\u00f3s o alerta n\u00edvel 3<\/h2>\n<p>Em 22 de mar\u00e7o, a barragem atingiu o alerta m\u00e1ximo de rompimento, o n\u00edvel 3. A <strong>ANM<\/strong>, determinou que a <strong>Mina<\/strong> <strong>de<\/strong> <strong>Gongo<\/strong> <strong>Soco<\/strong> fosse interditada. J\u00e1 a Barragem Sul Superior, n\u00e3o opera desde 8 de fevereiro com o alerta de risco chegou ao n\u00edvel 2.<\/p>\n<p>Al\u00e9m disso, a Vale evacuou a <strong>zona<\/strong> <strong>de<\/strong> <strong>autossalvamento<\/strong>, que s\u00e3o as \u00e1reas que seriam atingidas em menos de 30 minutos em caso de rompimento, ou ent\u00e3o \u00e1reas situadas a menos de 10 quil\u00f4metros da mina.<\/p>\n<p><a href=\"https:\/\/www.suno.com.br\/noticias\/vale-deslocamento-2-metros\/\">Saiba mais:\u00a0Vale: Descolamento da estrutura de Gongo Soco atingiu 2 metros desde 2018<\/a><\/p>\n<p>J\u00e1 a popula\u00e7\u00e3o de Bar\u00e3o de Cocais, passou por dois simulados de emerg\u00eancia. Em caso de rompimento da barragem, os moradores v\u00e3o seguir para pontos de encontro determinados pela <strong>Defesa<\/strong> <strong>Civil<\/strong>, sendo orientados por carros de som e alarmes.<\/p>\n<h2>Deslocamento da estrutura<\/h2>\n<p>De acordo com a <strong>ANM<\/strong>, na \u00faltima quinta-feira (30), o deslocamento da estrutura chegou a 29,1 cm, chegando a um total de dois metros de movimenta\u00e7\u00e3o desde o fim de 2018. A Ag\u00eancia informou o <strong>talude<\/strong> deslocava 10 cent\u00edmetros por ano.<\/p>\n<p>Com a movimenta\u00e7\u00e3o entre 24 cm e 29,1 cm nesta semana, a <strong>estrutura<\/strong> da mina corre o risco de se romper a qualquer momento. No entanto, a <strong>Vale<\/strong>, em nota, afirma que &#8220;manter\u00e1 a comunidade de <strong>Bar\u00e3o<\/strong> <strong>de<\/strong> <strong>Cocais<\/strong> informada da situa\u00e7\u00e3o&#8221;.<\/p>\n\t<p>\n\t\t<a href=\"https:\/\/lp.suno.com.br\/minicurso-valuation\/\" target=\"_blank\" data-element=\"shortcode-suno-banner\" title=\"Banner SUNO, clique e saiba mais\">\n\t\t\t<picture>\n\t\t\t\t<source media=\"(max-width: 500px)\" srcset=\"https:\/\/files.sunoresearch.com.br\/n\/uploads\/2023\/03\/400x300-Minicurso-Valuation.png\">\n\t\t\t\t<img class=\"newsContent__article__imgCapa newsContent__article__imgCapa--banner\"\n\t\t\t\t\tsrc=\"https:\/\/files.sunoresearch.com.br\/n\/uploads\/2023\/03\/1420x240-Minicurso-Valuation.png\"\n\t\t\t\t\tdata-promo-id=\"383160\"\t\t\t\t\t\t\t\t\t\twidth='1420' height='240'\t\t\t\t\talt=\"https:\/\/files.sunoresearch.com.br\/n\/uploads\/2023\/03\/1420x240-Minicurso-Valuation.png\"\n\t\t\t\t>\n\t\t\t<\/picture>\n\t\t<\/a>\n\t<\/p>\n\n\n","protected":false},"excerpt":{"rendered":"<p>Blocos do talude norte da mina de Gongo Soco, em Bar\u00e3o de Cocais, se desprenderam na manh\u00e3 desta sexta-feira (31), no entanto, de acordo com a Vale, a estrutura da barragem Sul Superior n\u00e3o foi afetada. Blocos do talude da Mina de Gongo Soco da Vale se desprendem Por meio de nota,\u00a0 &#8220;Vale informa que [&hellip;]<\/p>\n","protected":false},"author":11,"featured_media":26759,"comment_status":"closed","ping_status":"closed","sticky":false,"template":"","format":"standard","meta":[],"categories":[64],"tags":[676],"suno_strategy":[],"class_list":["post-26748","post","type-post","status-publish","format-standard","has-post-thumbnail","hentry","category-negocios","tag-vale-vale3"],"yoast_head":"<!-- This site is optimized with the Yoast SEO plugin v24.4 - https:\/\/yoast.com\/wordpress\/plugins\/seo\/ -->\n<title>Blocos do talude da Mina de Gongo Soco da Vale se desprendem<\/title>\n<meta name=\"description\" content=\"Segundo a Vale, as partes que se desprenderam foram para o fundo da cava; Barragem Sul Superior n\u00e3o foi afetada. Clique e saiba mais.\" \/>\n<meta name=\"robots\" content=\"index, follow, max-snippet:-1, max-image-preview:large, max-video-preview:-1\" \/>\n<link rel=\"canonical\" href=\"https:\/\/www.suno.com.br\/noticias\/talude-mina-vale-desprende\/\" \/>\n<meta property=\"og:locale\" content=\"pt_BR\" \/>\n<meta property=\"og:type\" content=\"article\" \/>\n<meta property=\"og:title\" content=\"Blocos do talude da Mina de Gongo Soco da Vale se desprendem\" \/>\n<meta property=\"og:description\" content=\"Segundo a Vale, as partes que se desprenderam foram para o fundo da cava; Barragem Sul Superior n\u00e3o foi afetada. Clique e saiba mais.\" \/>\n<meta property=\"og:url\" content=\"https:\/\/www.suno.com.br\/noticias\/talude-mina-vale-desprende\/\" \/>\n<meta property=\"og:site_name\" content=\"Suno Not\u00edcias\" \/>\n<meta property=\"article:publisher\" content=\"https:\/\/facebook.com\/sunoresearch\" \/>\n<meta property=\"og:image\" content=\"https:\/\/files.sunoresearch.com.br\/n\/uploads\/2019\/05\/5d13b9a1-vale.jpg\" \/>\n\t<meta property=\"og:image:width\" content=\"550\" \/>\n\t<meta property=\"og:image:height\" content=\"350\" \/>\n\t<meta property=\"og:image:type\" content=\"image\/jpeg\" \/>\n<meta name=\"author\" content=\"Renan Bandeira\" \/>\n<meta name=\"twitter:card\" content=\"summary_large_image\" \/>\n<meta name=\"twitter:creator\" content=\"@sunoresearch\" \/>\n<meta name=\"twitter:site\" content=\"@sunoresearch\" \/>\n<meta name=\"twitter:label1\" content=\"Escrito por\" \/>\n\t<meta name=\"twitter:data1\" content=\"Renan Bandeira\" \/>\n\t<meta name=\"twitter:label2\" content=\"Est. tempo de leitura\" \/>\n\t<meta name=\"twitter:data2\" content=\"2 minutos\" \/>\n<script type=\"application\/ld+json\" class=\"yoast-schema-graph\">{\"@context\":\"https:\/\/schema.org\",\"@graph\":[{\"@type\":\"NewsArticle\",\"@id\":\"https:\/\/www.suno.com.br\/noticias\/talude-mina-vale-desprende\/#article\",\"isPartOf\":{\"@id\":\"https:\/\/www.suno.com.br\/noticias\/talude-mina-vale-desprende\/\"},\"author\":{\"name\":\"Renan Bandeira\",\"@id\":\"https:\/\/www.suno.com.br\/noticias\/#\/schema\/person\/fc144a1c6108bd1dcd43784e88a3c138\"},\"headline\":\"Blocos do talude da Mina de Gongo Soco da Vale se desprendem\",\"datePublished\":\"2019-05-31T14:50:53+00:00\",\"dateModified\":\"2019-05-31T15:18:10+00:00\",\"mainEntityOfPage\":{\"@id\":\"https:\/\/www.suno.com.br\/noticias\/talude-mina-vale-desprende\/\"},\"wordCount\":429,\"publisher\":{\"@id\":\"https:\/\/www.suno.com.br\/noticias\/#organization\"},\"image\":{\"@id\":\"https:\/\/www.suno.com.br\/noticias\/talude-mina-vale-desprende\/#primaryimage\"},\"thumbnailUrl\":\"https:\/\/files.sunoresearch.com.br\/n\/uploads\/2019\/05\/5d13b9a1-vale-jpg.webp\",\"keywords\":[\"Vale (VALE3)\"],\"articleSection\":[\"Neg\u00f3cios\"],\"inLanguage\":\"pt-BR\"},{\"@type\":\"WebPage\",\"@id\":\"https:\/\/www.suno.com.br\/noticias\/talude-mina-vale-desprende\/\",\"url\":\"https:\/\/www.suno.com.br\/noticias\/talude-mina-vale-desprende\/\",\"name\":\"Blocos do talude da Mina de Gongo Soco da Vale se desprendem\",\"isPartOf\":{\"@id\":\"https:\/\/www.suno.com.br\/noticias\/#website\"},\"primaryImageOfPage\":{\"@id\":\"https:\/\/www.suno.com.br\/noticias\/talude-mina-vale-desprende\/#primaryimage\"},\"image\":{\"@id\":\"https:\/\/www.suno.com.br\/noticias\/talude-mina-vale-desprende\/#primaryimage\"},\"thumbnailUrl\":\"https:\/\/files.sunoresearch.com.br\/n\/uploads\/2019\/05\/5d13b9a1-vale-jpg.webp\",\"datePublished\":\"2019-05-31T14:50:53+00:00\",\"dateModified\":\"2019-05-31T15:18:10+00:00\",\"description\":\"Segundo a Vale, as partes que se desprenderam foram para o fundo da cava; Barragem Sul Superior n\u00e3o foi afetada. Clique e saiba mais.\",\"breadcrumb\":{\"@id\":\"https:\/\/www.suno.com.br\/noticias\/talude-mina-vale-desprende\/#breadcrumb\"},\"inLanguage\":\"pt-BR\",\"potentialAction\":[{\"@type\":\"ReadAction\",\"target\":[\"https:\/\/www.suno.com.br\/noticias\/talude-mina-vale-desprende\/\"]}]},{\"@type\":\"ImageObject\",\"inLanguage\":\"pt-BR\",\"@id\":\"https:\/\/www.suno.com.br\/noticias\/talude-mina-vale-desprende\/#primaryimage\",\"url\":\"https:\/\/files.sunoresearch.com.br\/n\/uploads\/2019\/05\/5d13b9a1-vale-jpg.webp\",\"contentUrl\":\"https:\/\/files.sunoresearch.com.br\/n\/uploads\/2019\/05\/5d13b9a1-vale-jpg.webp\",\"width\":550,\"height\":350,\"caption\":\"Blocos do talude da Mina de Gongo Soco da Vale se desprendem\"},{\"@type\":\"BreadcrumbList\",\"@id\":\"https:\/\/www.suno.com.br\/noticias\/talude-mina-vale-desprende\/#breadcrumb\",\"itemListElement\":[{\"@type\":\"ListItem\",\"position\":1,\"name\":\"Not\u00edcias\",\"item\":\"https:\/\/www.suno.com.br\/noticias\/\"},{\"@type\":\"ListItem\",\"position\":2,\"name\":\"Neg\u00f3cios\",\"item\":\"https:\/\/www.suno.com.br\/noticias\/negocios\/\"},{\"@type\":\"ListItem\",\"position\":3,\"name\":\"Blocos do talude da Mina de Gongo Soco da Vale se desprendem\"}]},{\"@type\":\"WebSite\",\"@id\":\"https:\/\/www.suno.com.br\/noticias\/#website\",\"url\":\"https:\/\/www.suno.com.br\/noticias\/\",\"name\":\"Suno Not\u00edcias\",\"description\":\"Seu portal de informa\u00e7\u00e3o sobre o mundo dos investimentos\",\"publisher\":{\"@id\":\"https:\/\/www.suno.com.br\/noticias\/#organization\"},\"potentialAction\":[{\"@type\":\"SearchAction\",\"target\":{\"@type\":\"EntryPoint\",\"urlTemplate\":\"https:\/\/www.suno.com.br\/noticias\/?s={search_term_string}\"},\"query-input\":{\"@type\":\"PropertyValueSpecification\",\"valueRequired\":true,\"valueName\":\"search_term_string\"}}],\"inLanguage\":\"pt-BR\"},{\"@type\":\"Organization\",\"@id\":\"https:\/\/www.suno.com.br\/noticias\/#organization\",\"name\":\"Suno Not\u00edcias\",\"url\":\"https:\/\/www.suno.com.br\/noticias\/\",\"logo\":{\"@type\":\"ImageObject\",\"inLanguage\":\"pt-BR\",\"@id\":\"https:\/\/www.suno.com.br\/noticias\/#\/schema\/logo\/image\/\",\"url\":\"https:\/\/files.sunoresearch.com.br\/n\/uploads\/2021\/09\/suno-logo.png\",\"contentUrl\":\"https:\/\/files.sunoresearch.com.br\/n\/uploads\/2021\/09\/suno-logo.png\",\"width\":180,\"height\":180,\"caption\":\"Suno Not\u00edcias\"},\"image\":{\"@id\":\"https:\/\/www.suno.com.br\/noticias\/#\/schema\/logo\/image\/\"},\"sameAs\":[\"https:\/\/facebook.com\/sunoresearch\",\"https:\/\/x.com\/sunoresearch\",\"https:\/\/www.instagram.com\/suno\",\"https:\/\/www.linkedin.com\/company\/suno-research\/\",\"https:\/\/www.youtube.com\/c\/sunoresearch\"]},{\"@type\":\"Person\",\"@id\":\"https:\/\/www.suno.com.br\/noticias\/#\/schema\/person\/fc144a1c6108bd1dcd43784e88a3c138\",\"name\":\"Renan Bandeira\",\"image\":{\"@type\":\"ImageObject\",\"inLanguage\":\"pt-BR\",\"@id\":\"https:\/\/www.suno.com.br\/noticias\/#\/schema\/person\/image\/\",\"url\":\"https:\/\/secure.gravatar.com\/avatar\/68359cdb608f14f11bbefcb78f3fc747?s=96&r=g\",\"contentUrl\":\"https:\/\/secure.gravatar.com\/avatar\/68359cdb608f14f11bbefcb78f3fc747?s=96&r=g\",\"caption\":\"Renan Bandeira\"},\"description\":\"Renan Bandeira escreve sobre pol\u00edtica e economia para o portal da Suno Research. Antes da Suno, trabalhou em uma rede de televis\u00e3o, onde fazia reportagens sobre os mesmos temas. Estuda na Universidade Metodista de S\u00e3o Paulo.\",\"url\":\"https:\/\/www.suno.com.br\/noticias\/author\/renan-bandeira\/\"}]}<\/script>\n<!-- \/ Yoast SEO plugin. -->","yoast_head_json":{"title":"Blocos do talude da Mina de Gongo Soco da Vale se desprendem","description":"Segundo a Vale, as partes que se desprenderam foram para o fundo da cava; Barragem Sul Superior n\u00e3o foi afetada. Clique e saiba mais.","robots":{"index":"index","follow":"follow","max-snippet":"max-snippet:-1","max-image-preview":"max-image-preview:large","max-video-preview":"max-video-preview:-1"},"canonical":"https:\/\/www.suno.com.br\/noticias\/talude-mina-vale-desprende\/","og_locale":"pt_BR","og_type":"article","og_title":"Blocos do talude da Mina de Gongo Soco da Vale se desprendem","og_description":"Segundo a Vale, as partes que se desprenderam foram para o fundo da cava; Barragem Sul Superior n\u00e3o foi afetada. Clique e saiba mais.","og_url":"https:\/\/www.suno.com.br\/noticias\/talude-mina-vale-desprende\/","og_site_name":"Suno Not\u00edcias","article_publisher":"https:\/\/facebook.com\/sunoresearch","og_image":[{"width":550,"height":350,"url":"https:\/\/files.sunoresearch.com.br\/n\/uploads\/2019\/05\/5d13b9a1-vale.jpg","type":"image\/jpeg"}],"author":"Renan Bandeira","twitter_card":"summary_large_image","twitter_creator":"@sunoresearch","twitter_site":"@sunoresearch","twitter_misc":{"Escrito por":"Renan Bandeira","Est. tempo de leitura":"2 minutos"},"schema":{"@context":"https:\/\/schema.org","@graph":[{"@type":"NewsArticle","@id":"https:\/\/www.suno.com.br\/noticias\/talude-mina-vale-desprende\/#article","isPartOf":{"@id":"https:\/\/www.suno.com.br\/noticias\/talude-mina-vale-desprende\/"},"author":{"name":"Renan Bandeira","@id":"https:\/\/www.suno.com.br\/noticias\/#\/schema\/person\/fc144a1c6108bd1dcd43784e88a3c138"},"headline":"Blocos do talude da Mina de Gongo Soco da Vale se desprendem","datePublished":"2019-05-31T14:50:53+00:00","dateModified":"2019-05-31T15:18:10+00:00","mainEntityOfPage":{"@id":"https:\/\/www.suno.com.br\/noticias\/talude-mina-vale-desprende\/"},"wordCount":429,"publisher":{"@id":"https:\/\/www.suno.com.br\/noticias\/#organization"},"image":{"@id":"https:\/\/www.suno.com.br\/noticias\/talude-mina-vale-desprende\/#primaryimage"},"thumbnailUrl":"https:\/\/files.sunoresearch.com.br\/n\/uploads\/2019\/05\/5d13b9a1-vale-jpg.webp","keywords":["Vale (VALE3)"],"articleSection":["Neg\u00f3cios"],"inLanguage":"pt-BR"},{"@type":"WebPage","@id":"https:\/\/www.suno.com.br\/noticias\/talude-mina-vale-desprende\/","url":"https:\/\/www.suno.com.br\/noticias\/talude-mina-vale-desprende\/","name":"Blocos do talude da Mina de Gongo Soco da Vale se desprendem","isPartOf":{"@id":"https:\/\/www.suno.com.br\/noticias\/#website"},"primaryImageOfPage":{"@id":"https:\/\/www.suno.com.br\/noticias\/talude-mina-vale-desprende\/#primaryimage"},"image":{"@id":"https:\/\/www.suno.com.br\/noticias\/talude-mina-vale-desprende\/#primaryimage"},"thumbnailUrl":"https:\/\/files.sunoresearch.com.br\/n\/uploads\/2019\/05\/5d13b9a1-vale-jpg.webp","datePublished":"2019-05-31T14:50:53+00:00","dateModified":"2019-05-31T15:18:10+00:00","description":"Segundo a Vale, as partes que se desprenderam foram para o fundo da cava; Barragem Sul Superior n\u00e3o foi afetada. Clique e saiba mais.","breadcrumb":{"@id":"https:\/\/www.suno.com.br\/noticias\/talude-mina-vale-desprende\/#breadcrumb"},"inLanguage":"pt-BR","potentialAction":[{"@type":"ReadAction","target":["https:\/\/www.suno.com.br\/noticias\/talude-mina-vale-desprende\/"]}]},{"@type":"ImageObject","inLanguage":"pt-BR","@id":"https:\/\/www.suno.com.br\/noticias\/talude-mina-vale-desprende\/#primaryimage","url":"https:\/\/files.sunoresearch.com.br\/n\/uploads\/2019\/05\/5d13b9a1-vale-jpg.webp","contentUrl":"https:\/\/files.sunoresearch.com.br\/n\/uploads\/2019\/05\/5d13b9a1-vale-jpg.webp","width":550,"height":350,"caption":"Blocos do talude da Mina de Gongo Soco da Vale se desprendem"},{"@type":"BreadcrumbList","@id":"https:\/\/www.suno.com.br\/noticias\/talude-mina-vale-desprende\/#breadcrumb","itemListElement":[{"@type":"ListItem","position":1,"name":"Not\u00edcias","item":"https:\/\/www.suno.com.br\/noticias\/"},{"@type":"ListItem","position":2,"name":"Neg\u00f3cios","item":"https:\/\/www.suno.com.br\/noticias\/negocios\/"},{"@type":"ListItem","position":3,"name":"Blocos do talude da Mina de Gongo Soco da Vale se desprendem"}]},{"@type":"WebSite","@id":"https:\/\/www.suno.com.br\/noticias\/#website","url":"https:\/\/www.suno.com.br\/noticias\/","name":"Suno Not\u00edcias","description":"Seu portal de informa\u00e7\u00e3o sobre o mundo dos investimentos","publisher":{"@id":"https:\/\/www.suno.com.br\/noticias\/#organization"},"potentialAction":[{"@type":"SearchAction","target":{"@type":"EntryPoint","urlTemplate":"https:\/\/www.suno.com.br\/noticias\/?s={search_term_string}"},"query-input":{"@type":"PropertyValueSpecification","valueRequired":true,"valueName":"search_term_string"}}],"inLanguage":"pt-BR"},{"@type":"Organization","@id":"https:\/\/www.suno.com.br\/noticias\/#organization","name":"Suno Not\u00edcias","url":"https:\/\/www.suno.com.br\/noticias\/","logo":{"@type":"ImageObject","inLanguage":"pt-BR","@id":"https:\/\/www.suno.com.br\/noticias\/#\/schema\/logo\/image\/","url":"https:\/\/files.sunoresearch.com.br\/n\/uploads\/2021\/09\/suno-logo.png","contentUrl":"https:\/\/files.sunoresearch.com.br\/n\/uploads\/2021\/09\/suno-logo.png","width":180,"height":180,"caption":"Suno Not\u00edcias"},"image":{"@id":"https:\/\/www.suno.com.br\/noticias\/#\/schema\/logo\/image\/"},"sameAs":["https:\/\/facebook.com\/sunoresearch","https:\/\/x.com\/sunoresearch","https:\/\/www.instagram.com\/suno","https:\/\/www.linkedin.com\/company\/suno-research\/","https:\/\/www.youtube.com\/c\/sunoresearch"]},{"@type":"Person","@id":"https:\/\/www.suno.com.br\/noticias\/#\/schema\/person\/fc144a1c6108bd1dcd43784e88a3c138","name":"Renan Bandeira","image":{"@type":"ImageObject","inLanguage":"pt-BR","@id":"https:\/\/www.suno.com.br\/noticias\/#\/schema\/person\/image\/","url":"https:\/\/secure.gravatar.com\/avatar\/68359cdb608f14f11bbefcb78f3fc747?s=96&r=g","contentUrl":"https:\/\/secure.gravatar.com\/avatar\/68359cdb608f14f11bbefcb78f3fc747?s=96&r=g","caption":"Renan Bandeira"},"description":"Renan Bandeira escreve sobre pol\u00edtica e economia para o portal da Suno Research. Antes da Suno, trabalhou em uma rede de televis\u00e3o, onde fazia reportagens sobre os mesmos temas. Estuda na Universidade Metodista de S\u00e3o Paulo.","url":"https:\/\/www.suno.com.br\/noticias\/author\/renan-bandeira\/"}]}},"default_loop_html":"<div class=\"cardsPage__listCard__boxs\"><div class=\"cardsPage__listCard__boxs__img\"><a href=\"https:\/\/www.suno.com.br\/noticias\/talude-mina-vale-desprende\/\"><img class=\"mask\" src=\"https:\/\/www.suno.com.br\/noticias\/wp-content\/themes\/suno\/resources\/images\/spotlight\/spotlight1img\/bg-mask.png\" alt=\"Image Mask\"\/><img src=\"https:\/\/files.sunoresearch.com.br\/n\/uploads\/2019\/05\/5d13b9a1-vale-400x200.webp\" alt=\"Blocos do talude da Mina de Gongo Soco da Vale se desprendem\"\/><\/a><span class=\"spotlightCategory\"><a href=\"https:\/\/www.suno.com.br\/noticias\/negocios\/\">Neg\u00f3cios<\/a><\/span><\/div><div class=\"cardsPage__listCard__boxs__content\"><a href=\"https:\/\/www.suno.com.br\/noticias\/talude-mina-vale-desprende\/\"><h2 class=\"content__title\">Blocos do talude da Mina de Gongo Soco da Vale se desprendem<\/h2><\/a><div class=\"newsContent__article__meta\"><div class=\"newsContent__article__meta__authorBox\"><a href=\"https:\/\/www.suno.com.br\/noticias\/author\/renan-bandeira\/\" class=\"authorBox__avatar noMobi\"><img src=\"https:\/\/secure.gravatar.com\/avatar\/68359cdb608f14f11bbefcb78f3fc747?s=96&#038;r=g\" alt=\"Renan Bandeira\"><\/a><div class=\"authorBox__name\"><span>por\n\t\t\t<a href=\"https:\/\/www.suno.com.br\/noticias\/author\/renan-bandeira\/\"><span itemprop=\"author\">Renan Bandeira<\/span><\/a><\/span><time datetime=\"2019-05-31T11:50:53-03:00\" itemprop=\"datePublished\">31\/05\/2019 11:50<\/time><\/div><\/div><\/div><\/div><\/div>","single_layout":"posts","amp_enabled":true,"_links":{"self":[{"href":"https:\/\/www.suno.com.br\/noticias\/wp-json\/wp\/v2\/posts\/26748"}],"collection":[{"href":"https:\/\/www.suno.com.br\/noticias\/wp-json\/wp\/v2\/posts"}],"about":[{"href":"https:\/\/www.suno.com.br\/noticias\/wp-json\/wp\/v2\/types\/post"}],"author":[{"embeddable":true,"href":"https:\/\/www.suno.com.br\/noticias\/wp-json\/wp\/v2\/users\/11"}],"replies":[{"embeddable":true,"href":"https:\/\/www.suno.com.br\/noticias\/wp-json\/wp\/v2\/comments?post=26748"}],"version-history":[{"count":0,"href":"https:\/\/www.suno.com.br\/noticias\/wp-json\/wp\/v2\/posts\/26748\/revisions"}],"wp:featuredmedia":[{"embeddable":true,"href":"https:\/\/www.suno.com.br\/noticias\/wp-json\/wp\/v2\/media\/26759"}],"wp:attachment":[{"href":"https:\/\/www.suno.com.br\/noticias\/wp-json\/wp\/v2\/media?parent=26748"}],"wp:term":[{"taxonomy":"category","embeddable":true,"href":"https:\/\/www.suno.com.br\/noticias\/wp-json\/wp\/v2\/categories?post=26748"},{"taxonomy":"post_tag","embeddable":true,"href":"https:\/\/www.suno.com.br\/noticias\/wp-json\/wp\/v2\/tags?post=26748"},{"taxonomy":"suno_strategy","embeddable":true,"href":"https:\/\/www.suno.com.br\/noticias\/wp-json\/wp\/v2\/suno_strategy?post=26748"}],"curies":[{"name":"wp","href":"https:\/\/api.w.org\/{rel}","templated":true}]}}