{"id":267421,"date":"2022-06-14T13:07:33","date_gmt":"2022-06-14T16:07:33","guid":{"rendered":"https:\/\/www.suno.com.br\/noticias\/?p=267421"},"modified":"2022-06-14T17:51:29","modified_gmt":"2022-06-14T20:51:29","slug":"forever-21-falencia-liquidacao","status":"publish","type":"post","link":"https:\/\/www.suno.com.br\/noticias\/forever-21-falencia-liquidacao\/","title":{"rendered":"Forever 21 faz liquida\u00e7\u00e3o de 50% e fechar\u00e1 todas as lojas at\u00e9 domingo"},"content":{"rendered":"<p>A rede de loja de roupas fast-fashion americana <strong>Forever 21<\/strong> ir\u00e1 encerrar as suas opera\u00e7\u00f5es no Brasil j\u00e1 nesta semana. A empresa, que est\u00e1 no Brasil desde 2014, se prepara para fechar todas as suas unidades at\u00e9 o domingo (19).<\/p>\t<div class=\"wrapper-featured-image\">\n\t\t<figure class=\"spotlightImg\">\n\n\t\t\t<picture>\n\t\t\t\t<source media=\"(max-width: 768px)\" srcset=\"https:\/\/files.sunoresearch.com.br\/n\/uploads\/2019\/09\/a028b8bb-forever-21-400x200.webp\">\n\t\t\t\t<img loading=\"lazy\" decoding=\"async\" class=\"newsContent__article__imgCapa lazyloadDisabled \" src=\"https:\/\/files.sunoresearch.com.br\/n\/uploads\/2019\/09\/a028b8bb-forever-21-800x450.webp\" width=\"800\" height=\"450\" alt=\"Forever 21 faz liquida\u00e7\u00e3o de 50% e fechar\u00e1 todas as lojas at\u00e9 domingo\" fetchpriority=high \/>\n\t\t\t<\/picture>\n\n\t\t\t<figcaption class=\"wp-caption-text wp-caption-text--show\">A Forever 21 teve sua compra anunciada ainda na semana passada, pela Authentic Brands Group (ABG)<\/figcaption>\n\t\t<\/figure>\n\t<\/div>\n\n\n\t<p>\n\t\t<a href=\"\" target=\"_blank\" data-element=\"shortcode-suno-banner\" title=\"Banner SUNO, clique e saiba mais\">\n\t\t\t<picture>\n\t\t\t\t<source media=\"(max-width: 500px)\" srcset=\"\">\n\t\t\t\t<img class=\"newsContent__article__imgCapa newsContent__article__imgCapa--banner\"\n\t\t\t\t\tsrc=\"\"\n\t\t\t\t\tdata-promo-id=\"138420\"\t\t\t\t\t\t\t\t\t\t\t\t\t\t\talt=\"\"\n\t\t\t\t>\n\t\t\t<\/picture>\n\t\t<\/a>\n\t<\/p>\n\n\n<p>Perto de fechar, a Forever 21 anunciou nas redes sociais uma <a href=\"https:\/\/www.suno.com.br\/noticias\/cotistas-patc11-opac-capitania-patria\/\"><strong>liquida\u00e7\u00e3o<\/strong> <\/a>com tudo pela metade do pre\u00e7o.<\/p>\n<p>A <strong>liquida\u00e7\u00e3o<\/strong>, segundo a marca, valer\u00e1 para as unidades de:<\/p>\n<ul>\n<li>Bourbon (SP)<\/li>\n<li>Guarulhos (SP)<\/li>\n<li>Outlet Catarina (SP)<\/li>\n<li>Catuai (PR)<\/li>\n<li>Recife (PE)<\/li>\n<\/ul>\n<blockquote class=\"instagram-media\" style=\"background: #FFF; border: 0; border-radius: 3px; box-shadow: 0 0 1px 0 rgba(0,0,0,0.5),0 1px 10px 0 rgba(0,0,0,0.15); margin: 1px; max-width: 540px; min-width: 326px; padding: 0; width: calc(100% - 2px);\" data-instgrm-permalink=\"https:\/\/www.instagram.com\/p\/Cewn-DdPV9P\/?utm_source=ig_embed&amp;utm_campaign=loading\" data-instgrm-version=\"14\">\n<div style=\"padding: 16px;\">\n<p>&nbsp;<\/p>\n<div style=\"display: flex; flex-direction: row; align-items: center;\">\n<div style=\"background-color: #f4f4f4; border-radius: 50%; flex-grow: 0; height: 40px; margin-right: 14px; width: 40px;\"><\/div>\n<div style=\"display: flex; flex-direction: column; flex-grow: 1; justify-content: center;\">\n<div style=\"background-color: #f4f4f4; border-radius: 4px; flex-grow: 0; height: 14px; margin-bottom: 6px; width: 100px;\"><\/div>\n<div style=\"background-color: #f4f4f4; border-radius: 4px; flex-grow: 0; height: 14px; width: 60px;\"><\/div>\n<\/div>\n<\/div>\n<div style=\"padding: 19% 0;\"><\/div>\n<div style=\"display: block; height: 50px; margin: 0 auto 12px; width: 50px;\"><\/div>\n<div style=\"padding-top: 8px;\">\n<div style=\"color: #3897f0; font-family: Arial,sans-serif; font-size: 14px; font-style: normal; font-weight: 550; line-height: 18px;\">Ver essa foto no Instagram<\/div>\n<\/div>\n<div style=\"padding: 12.5% 0;\"><\/div>\n<div style=\"display: flex; flex-direction: row; margin-bottom: 14px; align-items: center;\">\n<div>\n<div style=\"background-color: #f4f4f4; border-radius: 50%; height: 12.5px; width: 12.5px; transform: translateX(0px) translateY(7px);\"><\/div>\n<div style=\"background-color: #f4f4f4; height: 12.5px; transform: rotate(-45deg) translateX(3px) translateY(1px); width: 12.5px; flex-grow: 0; margin-right: 14px; margin-left: 2px;\"><\/div>\n<div style=\"background-color: #f4f4f4; border-radius: 50%; height: 12.5px; width: 12.5px; transform: translateX(9px) translateY(-18px);\"><\/div>\n<\/div>\n<div style=\"margin-left: 8px;\">\n<div style=\"background-color: #f4f4f4; border-radius: 50%; flex-grow: 0; height: 20px; width: 20px;\"><\/div>\n<div style=\"width: 0; height: 0; border-top: 2px solid transparent; border-left: 6px solid #f4f4f4; border-bottom: 2px solid transparent; transform: translateX(16px) translateY(-4px) rotate(30deg);\"><\/div>\n<\/div>\n<div style=\"margin-left: auto;\">\n<div style=\"width: 0px; border-top: 8px solid #F4F4F4; border-right: 8px solid transparent; transform: translateY(16px);\"><\/div>\n<div style=\"background-color: #f4f4f4; flex-grow: 0; height: 12px; width: 16px; transform: translateY(-4px);\"><\/div>\n<div style=\"width: 0; height: 0; border-top: 8px solid #F4F4F4; border-left: 8px solid transparent; transform: translateY(-4px) translateX(8px);\"><\/div>\n<\/div>\n<\/div>\n<div style=\"display: flex; flex-direction: column; flex-grow: 1; justify-content: center; margin-bottom: 24px;\">\n<div style=\"background-color: #f4f4f4; border-radius: 4px; flex-grow: 0; height: 14px; margin-bottom: 6px; width: 224px;\"><\/div>\n<div style=\"background-color: #f4f4f4; border-radius: 4px; flex-grow: 0; height: 14px; width: 144px;\"><\/div>\n<\/div>\n<p>&nbsp;<\/p>\n<p style=\"color: #c9c8cd; font-family: Arial,sans-serif; font-size: 14px; line-height: 17px; margin-bottom: 0; margin-top: 8px; overflow: hidden; padding: 8px 0 7px; text-align: center; text-overflow: ellipsis; white-space: nowrap;\"><a style=\"color: #c9c8cd; font-family: Arial,sans-serif; font-size: 14px; font-style: normal; font-weight: normal; line-height: 17px; text-decoration: none;\" href=\"https:\/\/www.instagram.com\/p\/Cewn-DdPV9P\/?utm_source=ig_embed&amp;utm_campaign=loading\" target=\"_blank\" rel=\"noopener\">Uma publica\u00e7\u00e3o compartilhada por Forever 21 Brasil (@forever21brasil)<\/a><\/p>\n<\/div>\n<\/blockquote>\n<p><script async src=\"\/\/www.instagram.com\/embed.js\"><\/script><br \/>\nNa loja, camisetas eram vendidas por R$ 40, e vestidos tinham mudado de pre\u00e7o de R$ 59 para R$ 15. Algumas regatas saem por at\u00e9 R$ 5.<\/p>\n<p>Vale lembrar que, atualmente, a empresa est\u00e1 em <a class=\"suno-keyword\" href=\"https:\/\/www.suno.com.br\/artigos\/recuperacao-judicial\/\" target=\"_blank\" rel=\"noopener\" data-force=\"no\" data-priority=\"2\">recupera\u00e7\u00e3o judicial<\/a> nos Estados Unidos. A companhia sofreu ao se adaptar \u00e0s mudan\u00e7as digitais e \u00e0s de consumo.<\/p>\n<p>A companhia foi &#8216;do c\u00e9u ao inferno&#8217; em poucos anos: tinha lojas gigantes em espa\u00e7os de destaque, como a Times Square, em Nova York, e chegou a beirar presen\u00e7a em 50 pa\u00edses.<\/p>\n\t<p>\n\t\t<a href=\"https:\/\/lp.suno.com.br\/planilha-controle-gastos\/\" target=\"_blank\" data-element=\"shortcode-suno-banner\" title=\"Banner SUNO, clique e saiba mais\">\n\t\t\t<picture>\n\t\t\t\t<source media=\"(max-width: 500px)\" srcset=\"https:\/\/files.sunoresearch.com.br\/n\/uploads\/2023\/03\/400x300-Planilha-controle-de-gastos.png\">\n\t\t\t\t<img class=\"newsContent__article__imgCapa newsContent__article__imgCapa--banner\"\n\t\t\t\t\tsrc=\"https:\/\/files.sunoresearch.com.br\/n\/uploads\/2023\/03\/1420x240-Planilha-controle-de-gastos.png\"\n\t\t\t\t\tdata-promo-id=\"101751\"\t\t\t\t\t\t\t\t\t\twidth='1420' height='240'\t\t\t\t\talt=\"https:\/\/files.sunoresearch.com.br\/n\/uploads\/2023\/03\/1420x240-Planilha-controle-de-gastos.png\"\n\t\t\t\t>\n\t\t\t<\/picture>\n\t\t<\/a>\n\t<\/p>\n\n\n<p>A empresa n\u00e3o lidou bem com a expans\u00e3o desenfreada e com as mudan\u00e7as <a href=\"https:\/\/www.suno.com.br\/noticias\/vendas-no-varejo-fevereiro-2022\/\">no <strong>varejo<\/strong> e no consumo<\/a> e, assim, entrou com pedido de recupera\u00e7\u00e3o judicial nos Estados Unidos ainda em 2019.<\/p>\n<h2>Mesmo com mais de 800 lojas, Forever 21 foi \u00e0 derrocada com o e-commerce<\/h2>\n<p>\u00c0 \u00e9poca, a marca sediada em Los Angeles informou o fechamento de cerca de 350 lojas, incluindo 178 nos EUA. Contudo, a opera\u00e7\u00e3o na Am\u00e9rica Latina foi preservada.<\/p>\n<p>Atualmente, as companhias que dominam o ramo vendem em grande parte (ou na totalidade) pela internet, em plataformas como <strong>Shopee<\/strong> e <strong>Shein<\/strong> &#8211; com pe\u00e7as de baixa durabilidade e pre\u00e7o mais baixo.<\/p>\n<p>Esse contexto fez com que, mesmo que com mais de 800 lojas nos EUA, \u00c1sia, Europa e Am\u00e9rica Latina, a varejista tivesse que recorrer ao Chapter 11 &#8211; termo que denomina o processo de recupera\u00e7\u00e3o judicial nos EUA e permite que a empresa mantenha seus bens enquanto, simultaneamente, reestrutura suas opera\u00e7\u00f5es.<\/p>\n<p>Contudo, ainda na semana passada, o Authentic Brands Group (ABG), empresa global de desenvolvimento de marcas, anunciou a compra da <strong>Forever 21<\/strong>, dividindo o <a class=\"suno-keyword\" href=\"https:\/\/www.suno.com.br\/artigos\/capital-social\/\" target=\"_blank\" rel=\"noopener\" data-force=\"no\" data-priority=\"2\">capital social<\/a> da empresa com o fundo Brookfield Property Partners.<\/p>\n<p>Na loja, camisetas eram vendidas por R$ 40. Vestidos tinham sido remarcados de R$ 59 para R$ 15. Regatas estavam at\u00e9 por R$ 5. &#8220;Acho ruim fechar&#8221;, afirmou Victor Antonelli, analista de risco. &#8220;S\u00e3o poucas as lojas como essa, com variedade e pre\u00e7o baixo.&#8221;<\/p>\n<h2><b>Empresa foi acusada de trabalho escravo nos EUA<\/b><\/h2>\n<p>Em 2012, o Minist\u00e9rio do Trabalho dos EUA disse ter encontrado oficinas de fornecedores da Forever 21 em condi\u00e7\u00f5es de trabalho an\u00e1logo \u00e0 escravid\u00e3o em Los Angeles, na Calif\u00f3rnia, onde fica a sede da empresa. A rede disse, por\u00e9m, que esses problemas teriam sido resolvidos naquele mesmo ano. Segundo a revista <i>Forbes<\/i>, a empresa tamb\u00e9m j\u00e1 foi processada mais de 50 vezes por violar direitos autorais. Procurada, a Forever 21, tanto no Brasil quanto nos EUA, n\u00e3o respondeu \u00e0 reportagem.<\/p>\n<p>A professora de ingl\u00eas Bettina Oliveira, que foi \u00e0 liquida\u00e7\u00e3o e comprou um vestido de R$ 129 por R$ 75, disse que n\u00e3o era cliente da loja por quest\u00f5es como essas. &#8220;N\u00e3o vou sentir falta. Al\u00e9m de tudo isso, a modelagem \u00e9 sempre feita para pessoas muito pequenas e magras.&#8221;<\/p>\n<h2>Processos por inadimpl\u00eancia no aluguel<\/h2>\n<p>Quando as primeiras unidades da rede de <strong>varejo de moda<\/strong> Forever 21 abriram no Brasil, filas imensas de consumidores \u00e1vidos por roupas a pre\u00e7os baixos se formaram na entrada das lojas. Agora, oito anos depois, a marca est\u00e1 de sa\u00edda: as araras est\u00e3o quase vazias, sem produtos, e uma liquida\u00e7\u00e3o com tudo pela metade do pre\u00e7o est\u00e1 em andamento para queimar o estoque at\u00e9 dia 19, data em que as 15 unidades da empresa no Pa\u00eds devem fechar definitivamente.<\/p>\n<p>No Bourbon Shopping, em S\u00e3o Paulo, os consumidores foram surpreendidos. &#8220;N\u00e3o sabia que ia fechar. A\u00ed entrei, vi a liquida\u00e7\u00e3o e um funcion\u00e1rio me falou (do encerramento). Comprei mais de dez pe\u00e7as na semana passada e paguei menos de R$ 300, com 50% de desconto. Voltei agora para comprar mais umas camisas&#8221;, disse a advogada Lu\u00edza Maria Mello, 25 anos.<\/p>\n<p>Com boa parte dos consumidores hoje \u00e9 mais seletiva e n\u00e3o gasta mais tanto com o chamado <strong>fast fashion<\/strong>. E quem gosta desse tipo de moda, lembra o especialista em varejo Sandro Magaldi, prefere a internet, com plataformas como Shopee e Shein, de pre\u00e7os mais baixos. Al\u00e9m disso, existe o movimento contr\u00e1rio, o slow fashion, pelo qual o consumidor prefere pagar um pre\u00e7o maior em roupas de melhor qualidade.<\/p>\n<p>Aqui, o caldo come\u00e7ou a entornar no ano passado, quando a Forever 21 virou alvo de a\u00e7\u00f5es judiciais movidas por shoppings cobrando alugu\u00e9is em atraso. Sem acordos, a empresa de moda fechou no come\u00e7o de 2021 todas as 11 lojas nos shoppings da rede <strong>Multiplan (MULT3)<\/strong>, entre elas, as dos shoppings Morumbi, Vila Ol\u00edmpia e An\u00e1lia Franco (S\u00e3o Paulo), Bras\u00edlia, Ribeir\u00e3o Preto (SP) e Canoas (RS). Procurada, a Multiplan n\u00e3o quis comentar o assunto.<\/p>\n<p>Meses depois, a Justi\u00e7a do Rio de Janeiro acatou pedido do shopping RioSul (administrado pela Combrascan) e deu 30 dias de prazo para que a marca deixasse o local. O despejo foi realizado. Procurado, o RioSul disse que n\u00e3o divulga detalhes de negocia\u00e7\u00f5es comerciais.<\/p>\n<p>Havia, pelo menos, mais dois processos por inadimpl\u00eancia no aluguel, movidos pelos Shopping Tijuca e o Plaza Shopping Niter\u00f3i, ambos da BRMalls, que tamb\u00e9m n\u00e3o quis comentar o assunto. A Associa\u00e7\u00e3o Brasileira de Shopping Centers (Abrasce) disse n\u00e3o ter informa\u00e7\u00f5es sobre se esses casos foram resolvidos ou n\u00e3o.<\/p>\n<h2>Forever 21: lojas eram consideradas &#8220;\u00e2ncora&#8221; em centros de compras<\/h2>\n<p>As <strong>lojas da Forever 21<\/strong> eram consideradas &#8220;\u00e2ncora&#8221; nos centros de compra em que atuavam, com \u00e1reas de mais de 1.000 m\u00b2 nos empreendimentos. &#8220;Fica dif\u00edcil renegociar com uma empresa quando se sabe que a matriz dela est\u00e1 passando por um processo de recupera\u00e7\u00e3o judicial&#8221;, diz o presidente da Associa\u00e7\u00e3o Brasileira de Lojistas de Shopping (Alshop), Nabil Sahyoun.<\/p>\n<p>Segundo Sahyoun, a <strong>Forever 21<\/strong> tem hoje 15 lojas no Brasil e todas devem fechar at\u00e9 domingo. Os funcion\u00e1rios da loja no shopping Bourbon, em S\u00e3o Paulo, confirmam a informa\u00e7\u00e3o. A equipe de dez pessoas ser\u00e1 demitida ainda este m\u00eas. &#8220;Estou aqui h\u00e1 sete anos e nunca achei que isso pudesse acontecer. A liquida\u00e7\u00e3o est\u00e1 indo bem. As prateleiras e cabides v\u00e3o ser vendidas a outras empresas. Eu mesmo n\u00e3o sei onde vou trabalhar agora&#8221;, disse um funcion\u00e1rio.<\/p>\n<p class=\"newsProviderSignature\"><em>(Com informa\u00e7\u00f5es do Estad\u00e3o Conte\u00fado)<\/em><\/p>\n\t<p>\n\t\t<a href=\"https:\/\/lp.suno.com.br\/ebook-como-analisar-uma-acao\/\" target=\"_blank\" data-element=\"shortcode-suno-banner\" title=\"Banner SUNO, clique e saiba mais\">\n\t\t\t<picture>\n\t\t\t\t<source media=\"(max-width: 500px)\" srcset=\"https:\/\/files.sunoresearch.com.br\/n\/uploads\/2023\/03\/Ebook-Acoes-Mobile-1.jpg\">\n\t\t\t\t<img class=\"newsContent__article__imgCapa newsContent__article__imgCapa--banner\"\n\t\t\t\t\tsrc=\"https:\/\/files.sunoresearch.com.br\/n\/uploads\/2023\/03\/Ebook-Acoes-Desktop-1.jpg\"\n\t\t\t\t\tdata-promo-id=\"171998\"\t\t\t\t\t\t\t\t\t\twidth='1420' height='286'\t\t\t\t\talt=\"https:\/\/files.sunoresearch.com.br\/n\/uploads\/2023\/03\/Ebook-Acoes-Desktop-1.jpg\"\n\t\t\t\t>\n\t\t\t<\/picture>\n\t\t<\/a>\n\t<\/p>\n\n\n","protected":false},"excerpt":{"rendered":"<p>A rede de loja de roupas fast-fashion americana Forever 21 ir\u00e1 encerrar as suas opera\u00e7\u00f5es no Brasil j\u00e1 nesta semana. A empresa, que est\u00e1 no Brasil desde 2014, se prepara para fechar todas as suas unidades at\u00e9 o domingo (19). A Forever 21 teve sua compra anunciada ainda na semana passada, pela Authentic Brands Group [&hellip;]<\/p>\n","protected":false},"author":73,"featured_media":39249,"comment_status":"closed","ping_status":"closed","sticky":false,"template":"","format":"standard","meta":[],"categories":[64],"tags":[1927],"suno_strategy":[],"class_list":["post-267421","post","type-post","status-publish","format-standard","has-post-thumbnail","hentry","category-negocios","tag-forever-21"],"yoast_head":"<!-- This site is optimized with the Yoast SEO plugin v24.4 - https:\/\/yoast.com\/wordpress\/plugins\/seo\/ -->\n<title>Forever 21 faz liquida\u00e7\u00e3o de 50% e fechar\u00e1 todas as lojas at\u00e9 domingo<\/title>\n<meta name=\"description\" content=\"A Forever 21 dar\u00e1 descontos de at\u00e9 50% em diversas lojas em meio ao seu processo de fal\u00eancia e compra pela ABG. Clique aqui e confira!\" \/>\n<meta name=\"robots\" content=\"index, follow, max-snippet:-1, max-image-preview:large, max-video-preview:-1\" \/>\n<link rel=\"canonical\" href=\"https:\/\/www.suno.com.br\/noticias\/forever-21-falencia-liquidacao\/\" \/>\n<meta property=\"og:locale\" content=\"pt_BR\" \/>\n<meta property=\"og:type\" content=\"article\" \/>\n<meta property=\"og:title\" content=\"Forever 21 faz liquida\u00e7\u00e3o de 50% e fechar\u00e1 todas as lojas at\u00e9 domingo\" \/>\n<meta property=\"og:description\" content=\"A Forever 21 dar\u00e1 descontos de at\u00e9 50% em diversas lojas em meio ao seu processo de fal\u00eancia e compra pela ABG. Clique aqui e confira!\" \/>\n<meta property=\"og:url\" content=\"https:\/\/www.suno.com.br\/noticias\/forever-21-falencia-liquidacao\/\" \/>\n<meta property=\"og:site_name\" content=\"Suno Not\u00edcias\" \/>\n<meta property=\"article:publisher\" content=\"https:\/\/facebook.com\/sunoresearch\" \/>\n<meta property=\"og:image\" content=\"https:\/\/files.sunoresearch.com.br\/n\/uploads\/2019\/09\/a028b8bb-forever-21.jpg\" \/>\n\t<meta property=\"og:image:width\" content=\"2000\" \/>\n\t<meta property=\"og:image:height\" content=\"1333\" \/>\n\t<meta property=\"og:image:type\" content=\"image\/jpeg\" \/>\n<meta name=\"author\" content=\"Eduardo Vargas\" \/>\n<meta name=\"twitter:card\" content=\"summary_large_image\" \/>\n<meta name=\"twitter:creator\" content=\"@sunoresearch\" \/>\n<meta name=\"twitter:site\" content=\"@sunoresearch\" \/>\n<meta name=\"twitter:label1\" content=\"Escrito por\" \/>\n\t<meta name=\"twitter:data1\" content=\"Eduardo Vargas\" \/>\n\t<meta name=\"twitter:label2\" content=\"Est. tempo de leitura\" \/>\n\t<meta name=\"twitter:data2\" content=\"5 minutos\" \/>\n<script type=\"application\/ld+json\" class=\"yoast-schema-graph\">{\"@context\":\"https:\/\/schema.org\",\"@graph\":[{\"@type\":\"NewsArticle\",\"@id\":\"https:\/\/www.suno.com.br\/noticias\/forever-21-falencia-liquidacao\/#article\",\"isPartOf\":{\"@id\":\"https:\/\/www.suno.com.br\/noticias\/forever-21-falencia-liquidacao\/\"},\"author\":{\"name\":\"Eduardo Vargas\",\"@id\":\"https:\/\/www.suno.com.br\/noticias\/#\/schema\/person\/7f4d362bf3518e76090143ae77bb49a5\"},\"headline\":\"Forever 21 faz liquida\u00e7\u00e3o de 50% e fechar\u00e1 todas as lojas at\u00e9 domingo\",\"datePublished\":\"2022-06-14T16:07:33+00:00\",\"dateModified\":\"2022-06-14T20:51:29+00:00\",\"mainEntityOfPage\":{\"@id\":\"https:\/\/www.suno.com.br\/noticias\/forever-21-falencia-liquidacao\/\"},\"wordCount\":1146,\"publisher\":{\"@id\":\"https:\/\/www.suno.com.br\/noticias\/#organization\"},\"image\":{\"@id\":\"https:\/\/www.suno.com.br\/noticias\/forever-21-falencia-liquidacao\/#primaryimage\"},\"thumbnailUrl\":\"https:\/\/files.sunoresearch.com.br\/n\/uploads\/2019\/09\/a028b8bb-forever-21-jpg.webp\",\"keywords\":[\"forever 21\"],\"articleSection\":[\"Neg\u00f3cios\"],\"inLanguage\":\"pt-BR\"},{\"@type\":\"WebPage\",\"@id\":\"https:\/\/www.suno.com.br\/noticias\/forever-21-falencia-liquidacao\/\",\"url\":\"https:\/\/www.suno.com.br\/noticias\/forever-21-falencia-liquidacao\/\",\"name\":\"Forever 21 faz liquida\u00e7\u00e3o de 50% e fechar\u00e1 todas as lojas at\u00e9 domingo\",\"isPartOf\":{\"@id\":\"https:\/\/www.suno.com.br\/noticias\/#website\"},\"primaryImageOfPage\":{\"@id\":\"https:\/\/www.suno.com.br\/noticias\/forever-21-falencia-liquidacao\/#primaryimage\"},\"image\":{\"@id\":\"https:\/\/www.suno.com.br\/noticias\/forever-21-falencia-liquidacao\/#primaryimage\"},\"thumbnailUrl\":\"https:\/\/files.sunoresearch.com.br\/n\/uploads\/2019\/09\/a028b8bb-forever-21-jpg.webp\",\"datePublished\":\"2022-06-14T16:07:33+00:00\",\"dateModified\":\"2022-06-14T20:51:29+00:00\",\"description\":\"A Forever 21 dar\u00e1 descontos de at\u00e9 50% em diversas lojas em meio ao seu processo de fal\u00eancia e compra pela ABG. Clique aqui e confira!\",\"breadcrumb\":{\"@id\":\"https:\/\/www.suno.com.br\/noticias\/forever-21-falencia-liquidacao\/#breadcrumb\"},\"inLanguage\":\"pt-BR\",\"potentialAction\":[{\"@type\":\"ReadAction\",\"target\":[\"https:\/\/www.suno.com.br\/noticias\/forever-21-falencia-liquidacao\/\"]}]},{\"@type\":\"ImageObject\",\"inLanguage\":\"pt-BR\",\"@id\":\"https:\/\/www.suno.com.br\/noticias\/forever-21-falencia-liquidacao\/#primaryimage\",\"url\":\"https:\/\/files.sunoresearch.com.br\/n\/uploads\/2019\/09\/a028b8bb-forever-21-jpg.webp\",\"contentUrl\":\"https:\/\/files.sunoresearch.com.br\/n\/uploads\/2019\/09\/a028b8bb-forever-21-jpg.webp\",\"width\":2000,\"height\":1333,\"caption\":\"A Forever 21 teve sua compra anunciada ainda na semana passada, pela Authentic Brands Group (ABG)\"},{\"@type\":\"BreadcrumbList\",\"@id\":\"https:\/\/www.suno.com.br\/noticias\/forever-21-falencia-liquidacao\/#breadcrumb\",\"itemListElement\":[{\"@type\":\"ListItem\",\"position\":1,\"name\":\"Not\u00edcias\",\"item\":\"https:\/\/www.suno.com.br\/noticias\/\"},{\"@type\":\"ListItem\",\"position\":2,\"name\":\"Neg\u00f3cios\",\"item\":\"https:\/\/www.suno.com.br\/noticias\/negocios\/\"},{\"@type\":\"ListItem\",\"position\":3,\"name\":\"Forever 21 faz liquida\u00e7\u00e3o de 50% e fechar\u00e1 todas as lojas at\u00e9 domingo\"}]},{\"@type\":\"WebSite\",\"@id\":\"https:\/\/www.suno.com.br\/noticias\/#website\",\"url\":\"https:\/\/www.suno.com.br\/noticias\/\",\"name\":\"Suno Not\u00edcias\",\"description\":\"Seu portal de informa\u00e7\u00e3o sobre o mundo dos investimentos\",\"publisher\":{\"@id\":\"https:\/\/www.suno.com.br\/noticias\/#organization\"},\"potentialAction\":[{\"@type\":\"SearchAction\",\"target\":{\"@type\":\"EntryPoint\",\"urlTemplate\":\"https:\/\/www.suno.com.br\/noticias\/?s={search_term_string}\"},\"query-input\":{\"@type\":\"PropertyValueSpecification\",\"valueRequired\":true,\"valueName\":\"search_term_string\"}}],\"inLanguage\":\"pt-BR\"},{\"@type\":\"Organization\",\"@id\":\"https:\/\/www.suno.com.br\/noticias\/#organization\",\"name\":\"Suno Not\u00edcias\",\"url\":\"https:\/\/www.suno.com.br\/noticias\/\",\"logo\":{\"@type\":\"ImageObject\",\"inLanguage\":\"pt-BR\",\"@id\":\"https:\/\/www.suno.com.br\/noticias\/#\/schema\/logo\/image\/\",\"url\":\"https:\/\/files.sunoresearch.com.br\/n\/uploads\/2021\/09\/suno-logo.png\",\"contentUrl\":\"https:\/\/files.sunoresearch.com.br\/n\/uploads\/2021\/09\/suno-logo.png\",\"width\":180,\"height\":180,\"caption\":\"Suno Not\u00edcias\"},\"image\":{\"@id\":\"https:\/\/www.suno.com.br\/noticias\/#\/schema\/logo\/image\/\"},\"sameAs\":[\"https:\/\/facebook.com\/sunoresearch\",\"https:\/\/x.com\/sunoresearch\",\"https:\/\/www.instagram.com\/suno\",\"https:\/\/www.linkedin.com\/company\/suno-research\/\",\"https:\/\/www.youtube.com\/c\/sunoresearch\"]},{\"@type\":\"Person\",\"@id\":\"https:\/\/www.suno.com.br\/noticias\/#\/schema\/person\/7f4d362bf3518e76090143ae77bb49a5\",\"name\":\"Eduardo Vargas\",\"image\":{\"@type\":\"ImageObject\",\"inLanguage\":\"pt-BR\",\"@id\":\"https:\/\/www.suno.com.br\/noticias\/#\/schema\/person\/image\/\",\"url\":\"https:\/\/secure.gravatar.com\/avatar\/dac340933427a22924c9f99d1eb2e3f2?s=96&r=g\",\"contentUrl\":\"https:\/\/secure.gravatar.com\/avatar\/dac340933427a22924c9f99d1eb2e3f2?s=96&r=g\",\"caption\":\"Eduardo Vargas\"},\"description\":\"Jornalista formado pela UFSC, cobre macroeconomia, neg\u00f3cios e startups para o Suno Not\u00edcias, escrevendo principalmente not\u00edcias sobre o mercado financeiro e a bolsa de valores. No YouTube e no Instagram, \u00e9 respons\u00e1vel pela produ\u00e7\u00e3o de Reels e Shorts do Suno Not\u00edcias. Anteriormente, trabalhou cobrindo economia e cotidiano no ND+ e para o ND, maior jornal impresso de Santa Catarina. Cursou um semestre letivo de Estudos de M\u00eddia na Universidad de Buenos Aires.\",\"url\":\"https:\/\/www.suno.com.br\/noticias\/author\/eduardo-vargas\/\"}]}<\/script>\n<!-- \/ Yoast SEO plugin. -->","yoast_head_json":{"title":"Forever 21 faz liquida\u00e7\u00e3o de 50% e fechar\u00e1 todas as lojas at\u00e9 domingo","description":"A Forever 21 dar\u00e1 descontos de at\u00e9 50% em diversas lojas em meio ao seu processo de fal\u00eancia e compra pela ABG. Clique aqui e confira!","robots":{"index":"index","follow":"follow","max-snippet":"max-snippet:-1","max-image-preview":"max-image-preview:large","max-video-preview":"max-video-preview:-1"},"canonical":"https:\/\/www.suno.com.br\/noticias\/forever-21-falencia-liquidacao\/","og_locale":"pt_BR","og_type":"article","og_title":"Forever 21 faz liquida\u00e7\u00e3o de 50% e fechar\u00e1 todas as lojas at\u00e9 domingo","og_description":"A Forever 21 dar\u00e1 descontos de at\u00e9 50% em diversas lojas em meio ao seu processo de fal\u00eancia e compra pela ABG. Clique aqui e confira!","og_url":"https:\/\/www.suno.com.br\/noticias\/forever-21-falencia-liquidacao\/","og_site_name":"Suno Not\u00edcias","article_publisher":"https:\/\/facebook.com\/sunoresearch","og_image":[{"width":2000,"height":1333,"url":"https:\/\/files.sunoresearch.com.br\/n\/uploads\/2019\/09\/a028b8bb-forever-21.jpg","type":"image\/jpeg"}],"author":"Eduardo Vargas","twitter_card":"summary_large_image","twitter_creator":"@sunoresearch","twitter_site":"@sunoresearch","twitter_misc":{"Escrito por":"Eduardo Vargas","Est. tempo de leitura":"5 minutos"},"schema":{"@context":"https:\/\/schema.org","@graph":[{"@type":"NewsArticle","@id":"https:\/\/www.suno.com.br\/noticias\/forever-21-falencia-liquidacao\/#article","isPartOf":{"@id":"https:\/\/www.suno.com.br\/noticias\/forever-21-falencia-liquidacao\/"},"author":{"name":"Eduardo Vargas","@id":"https:\/\/www.suno.com.br\/noticias\/#\/schema\/person\/7f4d362bf3518e76090143ae77bb49a5"},"headline":"Forever 21 faz liquida\u00e7\u00e3o de 50% e fechar\u00e1 todas as lojas at\u00e9 domingo","datePublished":"2022-06-14T16:07:33+00:00","dateModified":"2022-06-14T20:51:29+00:00","mainEntityOfPage":{"@id":"https:\/\/www.suno.com.br\/noticias\/forever-21-falencia-liquidacao\/"},"wordCount":1146,"publisher":{"@id":"https:\/\/www.suno.com.br\/noticias\/#organization"},"image":{"@id":"https:\/\/www.suno.com.br\/noticias\/forever-21-falencia-liquidacao\/#primaryimage"},"thumbnailUrl":"https:\/\/files.sunoresearch.com.br\/n\/uploads\/2019\/09\/a028b8bb-forever-21-jpg.webp","keywords":["forever 21"],"articleSection":["Neg\u00f3cios"],"inLanguage":"pt-BR"},{"@type":"WebPage","@id":"https:\/\/www.suno.com.br\/noticias\/forever-21-falencia-liquidacao\/","url":"https:\/\/www.suno.com.br\/noticias\/forever-21-falencia-liquidacao\/","name":"Forever 21 faz liquida\u00e7\u00e3o de 50% e fechar\u00e1 todas as lojas at\u00e9 domingo","isPartOf":{"@id":"https:\/\/www.suno.com.br\/noticias\/#website"},"primaryImageOfPage":{"@id":"https:\/\/www.suno.com.br\/noticias\/forever-21-falencia-liquidacao\/#primaryimage"},"image":{"@id":"https:\/\/www.suno.com.br\/noticias\/forever-21-falencia-liquidacao\/#primaryimage"},"thumbnailUrl":"https:\/\/files.sunoresearch.com.br\/n\/uploads\/2019\/09\/a028b8bb-forever-21-jpg.webp","datePublished":"2022-06-14T16:07:33+00:00","dateModified":"2022-06-14T20:51:29+00:00","description":"A Forever 21 dar\u00e1 descontos de at\u00e9 50% em diversas lojas em meio ao seu processo de fal\u00eancia e compra pela ABG. Clique aqui e confira!","breadcrumb":{"@id":"https:\/\/www.suno.com.br\/noticias\/forever-21-falencia-liquidacao\/#breadcrumb"},"inLanguage":"pt-BR","potentialAction":[{"@type":"ReadAction","target":["https:\/\/www.suno.com.br\/noticias\/forever-21-falencia-liquidacao\/"]}]},{"@type":"ImageObject","inLanguage":"pt-BR","@id":"https:\/\/www.suno.com.br\/noticias\/forever-21-falencia-liquidacao\/#primaryimage","url":"https:\/\/files.sunoresearch.com.br\/n\/uploads\/2019\/09\/a028b8bb-forever-21-jpg.webp","contentUrl":"https:\/\/files.sunoresearch.com.br\/n\/uploads\/2019\/09\/a028b8bb-forever-21-jpg.webp","width":2000,"height":1333,"caption":"A Forever 21 teve sua compra anunciada ainda na semana passada, pela Authentic Brands Group (ABG)"},{"@type":"BreadcrumbList","@id":"https:\/\/www.suno.com.br\/noticias\/forever-21-falencia-liquidacao\/#breadcrumb","itemListElement":[{"@type":"ListItem","position":1,"name":"Not\u00edcias","item":"https:\/\/www.suno.com.br\/noticias\/"},{"@type":"ListItem","position":2,"name":"Neg\u00f3cios","item":"https:\/\/www.suno.com.br\/noticias\/negocios\/"},{"@type":"ListItem","position":3,"name":"Forever 21 faz liquida\u00e7\u00e3o de 50% e fechar\u00e1 todas as lojas at\u00e9 domingo"}]},{"@type":"WebSite","@id":"https:\/\/www.suno.com.br\/noticias\/#website","url":"https:\/\/www.suno.com.br\/noticias\/","name":"Suno Not\u00edcias","description":"Seu portal de informa\u00e7\u00e3o sobre o mundo dos investimentos","publisher":{"@id":"https:\/\/www.suno.com.br\/noticias\/#organization"},"potentialAction":[{"@type":"SearchAction","target":{"@type":"EntryPoint","urlTemplate":"https:\/\/www.suno.com.br\/noticias\/?s={search_term_string}"},"query-input":{"@type":"PropertyValueSpecification","valueRequired":true,"valueName":"search_term_string"}}],"inLanguage":"pt-BR"},{"@type":"Organization","@id":"https:\/\/www.suno.com.br\/noticias\/#organization","name":"Suno Not\u00edcias","url":"https:\/\/www.suno.com.br\/noticias\/","logo":{"@type":"ImageObject","inLanguage":"pt-BR","@id":"https:\/\/www.suno.com.br\/noticias\/#\/schema\/logo\/image\/","url":"https:\/\/files.sunoresearch.com.br\/n\/uploads\/2021\/09\/suno-logo.png","contentUrl":"https:\/\/files.sunoresearch.com.br\/n\/uploads\/2021\/09\/suno-logo.png","width":180,"height":180,"caption":"Suno Not\u00edcias"},"image":{"@id":"https:\/\/www.suno.com.br\/noticias\/#\/schema\/logo\/image\/"},"sameAs":["https:\/\/facebook.com\/sunoresearch","https:\/\/x.com\/sunoresearch","https:\/\/www.instagram.com\/suno","https:\/\/www.linkedin.com\/company\/suno-research\/","https:\/\/www.youtube.com\/c\/sunoresearch"]},{"@type":"Person","@id":"https:\/\/www.suno.com.br\/noticias\/#\/schema\/person\/7f4d362bf3518e76090143ae77bb49a5","name":"Eduardo Vargas","image":{"@type":"ImageObject","inLanguage":"pt-BR","@id":"https:\/\/www.suno.com.br\/noticias\/#\/schema\/person\/image\/","url":"https:\/\/secure.gravatar.com\/avatar\/dac340933427a22924c9f99d1eb2e3f2?s=96&r=g","contentUrl":"https:\/\/secure.gravatar.com\/avatar\/dac340933427a22924c9f99d1eb2e3f2?s=96&r=g","caption":"Eduardo Vargas"},"description":"Jornalista formado pela UFSC, cobre macroeconomia, neg\u00f3cios e startups para o Suno Not\u00edcias, escrevendo principalmente not\u00edcias sobre o mercado financeiro e a bolsa de valores. No YouTube e no Instagram, \u00e9 respons\u00e1vel pela produ\u00e7\u00e3o de Reels e Shorts do Suno Not\u00edcias. Anteriormente, trabalhou cobrindo economia e cotidiano no ND+ e para o ND, maior jornal impresso de Santa Catarina. Cursou um semestre letivo de Estudos de M\u00eddia na Universidad de Buenos Aires.","url":"https:\/\/www.suno.com.br\/noticias\/author\/eduardo-vargas\/"}]}},"default_loop_html":"<div class=\"cardsPage__listCard__boxs\"><div class=\"cardsPage__listCard__boxs__img\"><a href=\"https:\/\/www.suno.com.br\/noticias\/forever-21-falencia-liquidacao\/\"><img class=\"mask\" src=\"https:\/\/www.suno.com.br\/noticias\/wp-content\/themes\/suno\/resources\/images\/spotlight\/spotlight1img\/bg-mask.png\" alt=\"Image Mask\"\/><img src=\"https:\/\/files.sunoresearch.com.br\/n\/uploads\/2019\/09\/a028b8bb-forever-21-400x200.webp\" alt=\"Forever 21 faz liquida\u00e7\u00e3o de 50% e fechar\u00e1 todas as lojas at\u00e9 domingo\"\/><\/a><span class=\"spotlightCategory\"><a href=\"https:\/\/www.suno.com.br\/noticias\/negocios\/\">Neg\u00f3cios<\/a><\/span><\/div><div class=\"cardsPage__listCard__boxs__content\"><a href=\"https:\/\/www.suno.com.br\/noticias\/forever-21-falencia-liquidacao\/\"><h2 class=\"content__title\">Forever 21 faz liquida\u00e7\u00e3o de 50% e fechar\u00e1 todas as lojas at\u00e9 domingo<\/h2><\/a><div class=\"newsContent__article__meta\"><div class=\"newsContent__article__meta__authorBox\"><a href=\"https:\/\/www.suno.com.br\/noticias\/author\/eduardo-vargas\/\" class=\"authorBox__avatar noMobi\"><img src=\"https:\/\/secure.gravatar.com\/avatar\/dac340933427a22924c9f99d1eb2e3f2?s=96&#038;r=g\" alt=\"Eduardo Vargas\"><\/a><div class=\"authorBox__name\"><span>por\n\t\t\t<a href=\"https:\/\/www.suno.com.br\/noticias\/author\/eduardo-vargas\/\"><span itemprop=\"author\">Eduardo Vargas<\/span><\/a><\/span><time datetime=\"2022-06-14T13:07:33-03:00\" itemprop=\"datePublished\">14\/06\/2022 13:07<\/time><\/div><\/div><\/div><\/div><\/div>","single_layout":"posts","amp_enabled":true,"_links":{"self":[{"href":"https:\/\/www.suno.com.br\/noticias\/wp-json\/wp\/v2\/posts\/267421"}],"collection":[{"href":"https:\/\/www.suno.com.br\/noticias\/wp-json\/wp\/v2\/posts"}],"about":[{"href":"https:\/\/www.suno.com.br\/noticias\/wp-json\/wp\/v2\/types\/post"}],"author":[{"embeddable":true,"href":"https:\/\/www.suno.com.br\/noticias\/wp-json\/wp\/v2\/users\/73"}],"replies":[{"embeddable":true,"href":"https:\/\/www.suno.com.br\/noticias\/wp-json\/wp\/v2\/comments?post=267421"}],"version-history":[{"count":5,"href":"https:\/\/www.suno.com.br\/noticias\/wp-json\/wp\/v2\/posts\/267421\/revisions"}],"predecessor-version":[{"id":267610,"href":"https:\/\/www.suno.com.br\/noticias\/wp-json\/wp\/v2\/posts\/267421\/revisions\/267610"}],"wp:featuredmedia":[{"embeddable":true,"href":"https:\/\/www.suno.com.br\/noticias\/wp-json\/wp\/v2\/media\/39249"}],"wp:attachment":[{"href":"https:\/\/www.suno.com.br\/noticias\/wp-json\/wp\/v2\/media?parent=267421"}],"wp:term":[{"taxonomy":"category","embeddable":true,"href":"https:\/\/www.suno.com.br\/noticias\/wp-json\/wp\/v2\/categories?post=267421"},{"taxonomy":"post_tag","embeddable":true,"href":"https:\/\/www.suno.com.br\/noticias\/wp-json\/wp\/v2\/tags?post=267421"},{"taxonomy":"suno_strategy","embeddable":true,"href":"https:\/\/www.suno.com.br\/noticias\/wp-json\/wp\/v2\/suno_strategy?post=267421"}],"curies":[{"name":"wp","href":"https:\/\/api.w.org\/{rel}","templated":true}]}}