{"id":267305,"date":"2022-06-13T22:27:08","date_gmt":"2022-06-14T01:27:08","guid":{"rendered":"https:\/\/www.suno.com.br\/noticias\/?p=267305"},"modified":"2022-06-13T22:27:08","modified_gmt":"2022-06-14T01:27:08","slug":"acoes-oi-oibr3-cai-7-ibovespa-entenda","status":"publish","type":"post","link":"https:\/\/www.suno.com.br\/noticias\/acoes-oi-oibr3-cai-7-ibovespa-entenda\/","title":{"rendered":"A\u00e7\u00f5es da Oi (OIBR3) t\u00eam queda de 7,27%; entenda os motivos"},"content":{"rendered":"<p>No fechamento desta segunda-feira (13) do Ibovespa, a a\u00e7\u00e3o da <a class=\"suno-keyword\" href=\"https:\/\/www.suno.com.br\/acoes\/OIBR3\/\" target=\"_blank\" rel=\"noopener\" data-force=\"yes\" data-priority=\"2\"><strong>Oi<\/strong> (OIBR3)<\/a> perdeu 7,27%, cotada a R$ 0,51. No ano, os ativos j\u00e1 perdem 32,00%.<\/p>\t<div class=\"wrapper-featured-image\">\n\t\t<figure class=\"spotlightImg\">\n\n\t\t\t<picture>\n\t\t\t\t<source media=\"(max-width: 768px)\" srcset=\"https:\/\/files.sunoresearch.com.br\/n\/uploads\/2022\/05\/Oi-OIBR3-e-Vivo-VIVT3-consideram-devolver-concessoes-lenta-troca-da-diretoria-da-Petrobras-PETR4-e-previsao-da-receita-da-Embraer-EMBR3-1-400x200.jpg\">\n\t\t\t\t<img loading=\"lazy\" decoding=\"async\" class=\"newsContent__article__imgCapa lazyloadDisabled \" src=\"https:\/\/files.sunoresearch.com.br\/n\/uploads\/2022\/05\/Oi-OIBR3-e-Vivo-VIVT3-consideram-devolver-concessoes-lenta-troca-da-diretoria-da-Petrobras-PETR4-e-previsao-da-receita-da-Embraer-EMBR3-1-800x450.jpg\" width=\"800\" height=\"450\" alt=\"A\u00e7\u00f5es da Oi (OIBR3) t\u00eam queda de 7,27%; entenda os motivos\" fetchpriority=high \/>\n\t\t\t<\/picture>\n\n\t\t\t<figcaption class=\"wp-caption-text wp-caption-text--show\">Oi (OIBR3). Foto: Getty Images.<\/figcaption>\n\t\t<\/figure>\n\t<\/div>\n\n\n\t<p>\n\t\t<a href=\"\" target=\"_blank\" data-element=\"shortcode-suno-banner\" title=\"Banner SUNO, clique e saiba mais\">\n\t\t\t<picture>\n\t\t\t\t<source media=\"(max-width: 500px)\" srcset=\"\">\n\t\t\t\t<img class=\"newsContent__article__imgCapa newsContent__article__imgCapa--banner\"\n\t\t\t\t\tsrc=\"\"\n\t\t\t\t\tdata-promo-id=\"250705\"\t\t\t\t\t\t\t\t\t\t\t\t\t\t\talt=\"\"\n\t\t\t\t>\n\t\t\t<\/picture>\n\t\t<\/a>\n\t<\/p>\n\n\n<p>De acordo com o analista Gabriel Tinem, da Genial Investimentos, existem dois fatores predominantes em rela\u00e7\u00e3o \u00e0 queda da Oi: a d\u00edvida com a Anatel (Ag\u00eancia Nacional de Telecomunica\u00e7\u00f5es), avaliada pelo <a class=\"suno-keyword\" href=\"https:\/\/www.suno.com.br\/acoes\/BPAC11\/\" target=\"_blank\" rel=\"noopener\" data-force=\"yes\" data-priority=\"2\"><strong>BTG<\/strong> <strong>Pactual<\/strong> (BPAC11)<\/a> como desfecho \u201cpior que o esperado\u201d, e as cl\u00e1usulas da venda do controle da V.tal (<strong>InfraCo)<\/strong>.<\/p>\n<p>A respeito da <strong>d\u00edvida da Oi<\/strong>, que foi de R$ 20,2 bilh\u00f5es para R$ 9,11 bilh\u00f5es, mas considerando os dep\u00f3sitos judiciais j\u00e1 efetuados pela operadora nos \u00faltimos anos, a Anatel deve receber agora o montante de R$ 7,33 bilh\u00f5es.<\/p>\n\t<p>\n\t\t<a href=\"https:\/\/lp.suno.com.br\/planilha-controle-gastos\/\" target=\"_blank\" data-element=\"shortcode-suno-banner\" title=\"Banner SUNO, clique e saiba mais\">\n\t\t\t<picture>\n\t\t\t\t<source media=\"(max-width: 500px)\" srcset=\"https:\/\/files.sunoresearch.com.br\/n\/uploads\/2023\/03\/400x300-Planilha-controle-de-gastos.png\">\n\t\t\t\t<img class=\"newsContent__article__imgCapa newsContent__article__imgCapa--banner\"\n\t\t\t\t\tsrc=\"https:\/\/files.sunoresearch.com.br\/n\/uploads\/2023\/03\/1420x240-Planilha-controle-de-gastos.png\"\n\t\t\t\t\tdata-promo-id=\"101751\"\t\t\t\t\t\t\t\t\t\twidth='1420' height='240'\t\t\t\t\talt=\"https:\/\/files.sunoresearch.com.br\/n\/uploads\/2023\/03\/1420x240-Planilha-controle-de-gastos.png\"\n\t\t\t\t>\n\t\t\t<\/picture>\n\t\t<\/a>\n\t<\/p>\n\n\n<p>\u201cEmbora reduzir um passivo de R$ 20,2 bilh\u00f5es para R$ 7,3 bilh\u00f5es n\u00e3o possa ser considerado um mau neg\u00f3cio, \u00e9 pior do que n\u00f3s (e o mercado) esper\u00e1vamos\u201d, diz o relat\u00f3rio do banco de investimentos.<\/p>\n<p>Apesar da percep\u00e7\u00e3o negativa por parte do mercado, a Genial v\u00ea aspectos positivos no acordo. Tinem, da Genial, aponta que a transa\u00e7\u00e3o melhora o perfil de pagamento da empresa, representa um avan\u00e7o importante para encerrar processos judiciais em andamento, al\u00e9m de melhorar a alavancagem e a liquidez da companhia.<\/p>\n<p>J\u00e1 a conclus\u00e3o da <a href=\"https:\/\/www.suno.com.br\/noticias\/btg-bpac11-assume-v-tal-oi-oibr3-estrutura-executiva\/\">venda da unidade de fibra<\/a> \u00f3tica da Oi, a <strong>V.tal<\/strong>, em conjunto com a Globenet Cabos Submarinos, por R$ 12,9 bilh\u00f5es, com algumas condi\u00e7\u00f5es, para o BTG n\u00e3o foi muito bem recebida pelo mercado, diz o BTG.<\/p>\n<p>De acordo com o analista, na parcela prim\u00e1ria, houve a subscri\u00e7\u00e3o e integraliza\u00e7\u00e3o pelo BTG de novas <a class=\"suno-keyword\" href=\"https:\/\/www.suno.com.br\/artigos\/o-que-sao-acoes-ordinarias-preferenciais-e-units\/\" target=\"_blank\" rel=\"noopener\" data-force=\"no\" data-priority=\"1\">a\u00e7\u00f5es ordin\u00e1rias<\/a> da V.tal, por um valor de R$ 1,78 bilh\u00e3o, o que aumentou o valor de equity (<a class=\"suno-keyword\" href=\"https:\/\/www.suno.com.br\/artigos\/equity-value\/\" target=\"_blank\" rel=\"noopener\" data-force=\"no\" data-priority=\"1\">Equity Value<\/a>). J\u00e1 a secund\u00e1ria incluiu a aquisi\u00e7\u00e3o pelo banco de a\u00e7\u00f5es ordin\u00e1rias da Oi representativas do capital social da V.tal, o que n\u00e3o altera o equity value.<\/p>\n\t<p>\n\t\t<a href=\"https:\/\/lp.suno.com.br\/planilha-da-vida-financeira\/\" target=\"_blank\" data-element=\"shortcode-suno-banner\" title=\"Banner SUNO, clique e saiba mais\">\n\t\t\t<picture>\n\t\t\t\t<source media=\"(max-width: 500px)\" srcset=\"https:\/\/files.sunoresearch.com.br\/n\/uploads\/2023\/04\/400x300-Planilha-vida-financeira-true.png\">\n\t\t\t\t<img class=\"newsContent__article__imgCapa newsContent__article__imgCapa--banner\"\n\t\t\t\t\tsrc=\"https:\/\/files.sunoresearch.com.br\/n\/uploads\/2023\/04\/1420x240-Planilha-vida-financeira-true.png\"\n\t\t\t\t\tdata-promo-id=\"106682\"\t\t\t\t\t\t\t\t\t\twidth='1420' height='240'\t\t\t\t\talt=\"https:\/\/files.sunoresearch.com.br\/n\/uploads\/2023\/04\/1420x240-Planilha-vida-financeira-true.png\"\n\t\t\t\t>\n\t\t\t<\/picture>\n\t\t<\/a>\n\t<\/p>\n\n\n<p>Desta forma, a parcela ser\u00e1 dividida em tr\u00eas:<\/p>\n<ul>\n<li>Uma realizada no ato, de R$ 4,26 bilh\u00f5es;<\/li>\n<li>Outra paga at\u00e9 dezembro de 2022, de R$ 1,32 bilh\u00f5es; e<\/li>\n<li>Uma \u00faltima at\u00e9 dezembro de 2023 de R$ 2,42 bilh\u00f5es. Nesta situa\u00e7\u00e3o, o BTG seria detentor de 51% da V.tal e a Oi, dos 49% remanescentes.<\/li>\n<\/ul>\n<p>&#8220;Com a contribui\u00e7\u00e3o da Globenet, houve a incorpora\u00e7\u00e3o de novas a\u00e7\u00f5es ordin\u00e1rias da V.tal. Em suma, neste momento, o grupo teria 57,9% do controle e a Oi 42,1%&#8221;, diz o relat\u00f3rio da Genial. Desta forma, o montante total foi de R$ 22,3 bilh\u00f5es.<\/p>\n<p>O que trouxe preocupa\u00e7\u00e3o ao mercado foi a &#8220;surpresa do closing&#8221;, chamado tamb\u00e9m de \u201cajustes adicionais ap\u00f3s o fechamento\u201d, nos quais as partes realizaram c\u00e1lculos e verifica\u00e7\u00f5es sobre componentes financeiros e operacionais previstos no contrato (endividamento, capital de giro, Capex etc).<\/p>\n\t<p>\n\t\t<a href=\"https:\/\/lp.suno.com.br\/ebook-como-analisar-uma-acao\/\" target=\"_blank\" data-element=\"shortcode-suno-banner\" title=\"Banner SUNO, clique e saiba mais\">\n\t\t\t<picture>\n\t\t\t\t<source media=\"(max-width: 500px)\" srcset=\"https:\/\/files.sunoresearch.com.br\/n\/uploads\/2023\/03\/Ebook-Acoes-Mobile-1.jpg\">\n\t\t\t\t<img class=\"newsContent__article__imgCapa newsContent__article__imgCapa--banner\"\n\t\t\t\t\tsrc=\"https:\/\/files.sunoresearch.com.br\/n\/uploads\/2023\/03\/Ebook-Acoes-Desktop-1.jpg\"\n\t\t\t\t\tdata-promo-id=\"171998\"\t\t\t\t\t\t\t\t\t\twidth='1420' height='286'\t\t\t\t\talt=\"https:\/\/files.sunoresearch.com.br\/n\/uploads\/2023\/03\/Ebook-Acoes-Desktop-1.jpg\"\n\t\t\t\t>\n\t\t\t<\/picture>\n\t\t<\/a>\n\t<\/p>\n\n\n<p>Portanto, adicionalmente, o BTG Pactual &#8220;ganharia mais uma participa\u00e7\u00e3o de 3,65% em at\u00e9 30 dias a partir desse closing e um adicional de at\u00e9 3,73% a ser definido, em fun\u00e7\u00e3o da aplica\u00e7\u00e3o e apura\u00e7\u00e3o das condi\u00e7\u00f5es favor\u00e1veis para a Oi negociadas no contrato FTTH&#8221;, explica Gabriel Tinem.<\/p>\n<p>Ou seja, o BTG teria uma participa\u00e7\u00e3o de 7,38% adicional frente ao que o mercado esperava, o que levou \u00e0 queda das a\u00e7\u00f5es da Oi. &#8220;Em suma, acreditamos ter sido coerente a resposta do mercado para esse recuo, tendo em vista a menor participa\u00e7\u00e3o da Oi em um dos seus principais ativos&#8221;, refor\u00e7a o relat\u00f3rio.<\/p>\n<p>A Genial Investimentos reitera classifica\u00e7\u00e3o de manter as <strong>a\u00e7\u00f5es da Oi<\/strong>, com pre\u00e7o-alvo de R$ 1,20 e alta de 118,18%.<\/p>\n\t<p>\n\t\t<a href=\"https:\/\/lp.suno.com.br\/planilha-de-controle-de-investimentos\/\" target=\"_blank\" data-element=\"shortcode-suno-banner\" title=\"Banner SUNO, clique e saiba mais\">\n\t\t\t<picture>\n\t\t\t\t<source media=\"(max-width: 500px)\" srcset=\"https:\/\/files.sunoresearch.com.br\/n\/uploads\/2023\/03\/400x300-Controle-de-Investimentos.png\">\n\t\t\t\t<img class=\"newsContent__article__imgCapa newsContent__article__imgCapa--banner\"\n\t\t\t\t\tsrc=\"https:\/\/files.sunoresearch.com.br\/n\/uploads\/2023\/03\/1420x240-Controle-de-Investimentos.png\"\n\t\t\t\t\tdata-promo-id=\"75934\"\t\t\t\t\t\t\t\t\t\twidth='1420' height='240'\t\t\t\t\talt=\"https:\/\/files.sunoresearch.com.br\/n\/uploads\/2023\/03\/1420x240-Controle-de-Investimentos.png\"\n\t\t\t\t>\n\t\t\t<\/picture>\n\t\t<\/a>\n\t<\/p>\n\n\n","protected":false},"excerpt":{"rendered":"<p>No fechamento desta segunda-feira (13) do Ibovespa, a a\u00e7\u00e3o da Oi (OIBR3) perdeu 7,27%, cotada a R$ 0,51. No ano, os ativos j\u00e1 perdem 32,00%. Oi (OIBR3). Foto: Getty Images. De acordo com o analista Gabriel Tinem, da Genial Investimentos, existem dois fatores predominantes em rela\u00e7\u00e3o \u00e0 queda da Oi: a d\u00edvida com a Anatel [&hellip;]<\/p>\n","protected":false},"author":146,"featured_media":262570,"comment_status":"closed","ping_status":"closed","sticky":false,"template":"","format":"standard","meta":[],"categories":[64],"tags":[105816,584],"suno_strategy":[],"class_list":["post-267305","post","type-post","status-publish","format-standard","has-post-thumbnail","hentry","category-negocios","tag-especialistas","tag-oi-oibr3-oibr4"],"yoast_head":"<!-- This site is optimized with the Yoast SEO plugin v24.4 - https:\/\/yoast.com\/wordpress\/plugins\/seo\/ -->\n<title>Oi (OIBR3) cai 7,27% no Ibovespa; entenda os motivos<\/title>\n<meta name=\"description\" content=\"As a\u00e7\u00f5es da Oi (OIBR3) ca\u00edram 7,27% nesta segunda-feira (13), no Ibovespa. Entenda o que houve com os ativos aqui!\" \/>\n<meta name=\"robots\" content=\"index, follow, max-snippet:-1, max-image-preview:large, max-video-preview:-1\" \/>\n<link rel=\"canonical\" href=\"https:\/\/www.suno.com.br\/noticias\/acoes-oi-oibr3-cai-7-ibovespa-entenda\/\" \/>\n<meta property=\"og:locale\" content=\"pt_BR\" \/>\n<meta property=\"og:type\" content=\"article\" \/>\n<meta property=\"og:title\" content=\"Oi (OIBR3) cai 7,27% no Ibovespa; entenda os motivos\" \/>\n<meta property=\"og:description\" content=\"As a\u00e7\u00f5es da Oi (OIBR3) ca\u00edram 7,27% nesta segunda-feira (13), no Ibovespa. Entenda o que houve com os ativos aqui!\" \/>\n<meta property=\"og:url\" content=\"https:\/\/www.suno.com.br\/noticias\/acoes-oi-oibr3-cai-7-ibovespa-entenda\/\" \/>\n<meta property=\"og:site_name\" content=\"Suno Not\u00edcias\" \/>\n<meta property=\"article:publisher\" content=\"https:\/\/facebook.com\/sunoresearch\" \/>\n<meta property=\"og:image\" content=\"https:\/\/files.sunoresearch.com.br\/n\/uploads\/2022\/05\/Oi-OIBR3-e-Vivo-VIVT3-consideram-devolver-concessoes-lenta-troca-da-diretoria-da-Petrobras-PETR4-e-previsao-da-receita-da-Embraer-EMBR3-1.jpg\" \/>\n\t<meta property=\"og:image:width\" content=\"2000\" \/>\n\t<meta property=\"og:image:height\" content=\"1333\" \/>\n\t<meta property=\"og:image:type\" content=\"image\/jpeg\" \/>\n<meta name=\"author\" content=\"Vict\u00f3ria Anhesini\" \/>\n<meta name=\"twitter:card\" content=\"summary_large_image\" \/>\n<meta name=\"twitter:creator\" content=\"@sunoresearch\" \/>\n<meta name=\"twitter:site\" content=\"@sunoresearch\" \/>\n<meta name=\"twitter:label1\" content=\"Escrito por\" \/>\n\t<meta name=\"twitter:data1\" content=\"Vict\u00f3ria Anhesini\" \/>\n\t<meta name=\"twitter:label2\" content=\"Est. tempo de leitura\" \/>\n\t<meta name=\"twitter:data2\" content=\"3 minutos\" \/>\n<script type=\"application\/ld+json\" class=\"yoast-schema-graph\">{\"@context\":\"https:\/\/schema.org\",\"@graph\":[{\"@type\":\"NewsArticle\",\"@id\":\"https:\/\/www.suno.com.br\/noticias\/acoes-oi-oibr3-cai-7-ibovespa-entenda\/#article\",\"isPartOf\":{\"@id\":\"https:\/\/www.suno.com.br\/noticias\/acoes-oi-oibr3-cai-7-ibovespa-entenda\/\"},\"author\":{\"name\":\"Vict\u00f3ria Anhesini\",\"@id\":\"https:\/\/www.suno.com.br\/noticias\/#\/schema\/person\/46d847cb19ad53fde0857adca989c23f\"},\"headline\":\"A\u00e7\u00f5es da Oi (OIBR3) t\u00eam queda de 7,27%; entenda os motivos\",\"datePublished\":\"2022-06-14T01:27:08+00:00\",\"mainEntityOfPage\":{\"@id\":\"https:\/\/www.suno.com.br\/noticias\/acoes-oi-oibr3-cai-7-ibovespa-entenda\/\"},\"wordCount\":631,\"publisher\":{\"@id\":\"https:\/\/www.suno.com.br\/noticias\/#organization\"},\"image\":{\"@id\":\"https:\/\/www.suno.com.br\/noticias\/acoes-oi-oibr3-cai-7-ibovespa-entenda\/#primaryimage\"},\"thumbnailUrl\":\"https:\/\/files.sunoresearch.com.br\/n\/uploads\/2022\/05\/Oi-OIBR3-e-Vivo-VIVT3-consideram-devolver-concessoes-lenta-troca-da-diretoria-da-Petrobras-PETR4-e-previsao-da-receita-da-Embraer-EMBR3-1.jpg\",\"keywords\":[\"Especialistas\",\"Oi (OIBR3\/OIBR4)\"],\"articleSection\":[\"Neg\u00f3cios\"],\"inLanguage\":\"pt-BR\"},{\"@type\":\"WebPage\",\"@id\":\"https:\/\/www.suno.com.br\/noticias\/acoes-oi-oibr3-cai-7-ibovespa-entenda\/\",\"url\":\"https:\/\/www.suno.com.br\/noticias\/acoes-oi-oibr3-cai-7-ibovespa-entenda\/\",\"name\":\"Oi (OIBR3) cai 7,27% no Ibovespa; entenda os motivos\",\"isPartOf\":{\"@id\":\"https:\/\/www.suno.com.br\/noticias\/#website\"},\"primaryImageOfPage\":{\"@id\":\"https:\/\/www.suno.com.br\/noticias\/acoes-oi-oibr3-cai-7-ibovespa-entenda\/#primaryimage\"},\"image\":{\"@id\":\"https:\/\/www.suno.com.br\/noticias\/acoes-oi-oibr3-cai-7-ibovespa-entenda\/#primaryimage\"},\"thumbnailUrl\":\"https:\/\/files.sunoresearch.com.br\/n\/uploads\/2022\/05\/Oi-OIBR3-e-Vivo-VIVT3-consideram-devolver-concessoes-lenta-troca-da-diretoria-da-Petrobras-PETR4-e-previsao-da-receita-da-Embraer-EMBR3-1.jpg\",\"datePublished\":\"2022-06-14T01:27:08+00:00\",\"description\":\"As a\u00e7\u00f5es da Oi (OIBR3) ca\u00edram 7,27% nesta segunda-feira (13), no Ibovespa. Entenda o que houve com os ativos aqui!\",\"breadcrumb\":{\"@id\":\"https:\/\/www.suno.com.br\/noticias\/acoes-oi-oibr3-cai-7-ibovespa-entenda\/#breadcrumb\"},\"inLanguage\":\"pt-BR\",\"potentialAction\":[{\"@type\":\"ReadAction\",\"target\":[\"https:\/\/www.suno.com.br\/noticias\/acoes-oi-oibr3-cai-7-ibovespa-entenda\/\"]}]},{\"@type\":\"ImageObject\",\"inLanguage\":\"pt-BR\",\"@id\":\"https:\/\/www.suno.com.br\/noticias\/acoes-oi-oibr3-cai-7-ibovespa-entenda\/#primaryimage\",\"url\":\"https:\/\/files.sunoresearch.com.br\/n\/uploads\/2022\/05\/Oi-OIBR3-e-Vivo-VIVT3-consideram-devolver-concessoes-lenta-troca-da-diretoria-da-Petrobras-PETR4-e-previsao-da-receita-da-Embraer-EMBR3-1.jpg\",\"contentUrl\":\"https:\/\/files.sunoresearch.com.br\/n\/uploads\/2022\/05\/Oi-OIBR3-e-Vivo-VIVT3-consideram-devolver-concessoes-lenta-troca-da-diretoria-da-Petrobras-PETR4-e-previsao-da-receita-da-Embraer-EMBR3-1.jpg\",\"width\":2000,\"height\":1333,\"caption\":\"Oi (OIBR3). Foto: Getty Images.\"},{\"@type\":\"BreadcrumbList\",\"@id\":\"https:\/\/www.suno.com.br\/noticias\/acoes-oi-oibr3-cai-7-ibovespa-entenda\/#breadcrumb\",\"itemListElement\":[{\"@type\":\"ListItem\",\"position\":1,\"name\":\"Not\u00edcias\",\"item\":\"https:\/\/www.suno.com.br\/noticias\/\"},{\"@type\":\"ListItem\",\"position\":2,\"name\":\"Neg\u00f3cios\",\"item\":\"https:\/\/www.suno.com.br\/noticias\/negocios\/\"},{\"@type\":\"ListItem\",\"position\":3,\"name\":\"A\u00e7\u00f5es da Oi (OIBR3) t\u00eam queda de 7,27%; entenda os motivos\"}]},{\"@type\":\"WebSite\",\"@id\":\"https:\/\/www.suno.com.br\/noticias\/#website\",\"url\":\"https:\/\/www.suno.com.br\/noticias\/\",\"name\":\"Suno Not\u00edcias\",\"description\":\"Seu portal de informa\u00e7\u00e3o sobre o mundo dos investimentos\",\"publisher\":{\"@id\":\"https:\/\/www.suno.com.br\/noticias\/#organization\"},\"potentialAction\":[{\"@type\":\"SearchAction\",\"target\":{\"@type\":\"EntryPoint\",\"urlTemplate\":\"https:\/\/www.suno.com.br\/noticias\/?s={search_term_string}\"},\"query-input\":{\"@type\":\"PropertyValueSpecification\",\"valueRequired\":true,\"valueName\":\"search_term_string\"}}],\"inLanguage\":\"pt-BR\"},{\"@type\":\"Organization\",\"@id\":\"https:\/\/www.suno.com.br\/noticias\/#organization\",\"name\":\"Suno Not\u00edcias\",\"url\":\"https:\/\/www.suno.com.br\/noticias\/\",\"logo\":{\"@type\":\"ImageObject\",\"inLanguage\":\"pt-BR\",\"@id\":\"https:\/\/www.suno.com.br\/noticias\/#\/schema\/logo\/image\/\",\"url\":\"https:\/\/files.sunoresearch.com.br\/n\/uploads\/2021\/09\/suno-logo.png\",\"contentUrl\":\"https:\/\/files.sunoresearch.com.br\/n\/uploads\/2021\/09\/suno-logo.png\",\"width\":180,\"height\":180,\"caption\":\"Suno Not\u00edcias\"},\"image\":{\"@id\":\"https:\/\/www.suno.com.br\/noticias\/#\/schema\/logo\/image\/\"},\"sameAs\":[\"https:\/\/facebook.com\/sunoresearch\",\"https:\/\/x.com\/sunoresearch\",\"https:\/\/www.instagram.com\/suno\",\"https:\/\/www.linkedin.com\/company\/suno-research\/\",\"https:\/\/www.youtube.com\/c\/sunoresearch\"]},{\"@type\":\"Person\",\"@id\":\"https:\/\/www.suno.com.br\/noticias\/#\/schema\/person\/46d847cb19ad53fde0857adca989c23f\",\"name\":\"Vict\u00f3ria Anhesini\",\"image\":{\"@type\":\"ImageObject\",\"inLanguage\":\"pt-BR\",\"@id\":\"https:\/\/www.suno.com.br\/noticias\/#\/schema\/person\/image\/\",\"url\":\"https:\/\/secure.gravatar.com\/avatar\/0172bdfcd9129dd9dd68794804304e6e?s=96&r=g\",\"contentUrl\":\"https:\/\/secure.gravatar.com\/avatar\/0172bdfcd9129dd9dd68794804304e6e?s=96&r=g\",\"caption\":\"Vict\u00f3ria Anhesini\"},\"description\":\"Rep\u00f3rter no Suno Not\u00edcias, cobre mercados, neg\u00f3cios e economia, escrevendo majoritariamente sobre movimentos das empresas, cobertura de balan\u00e7os trimestrais e Bolsa de Valores. Formada em jornalismo pela Universidade Presbiteriana Mackenzie em 2019, passou pelo portal de economia e finan\u00e7as EuQueroInvestir como rep\u00f3rter e anteriormente, trabalhou na assessoria de imprensa PinePR, onde liderou com startups de inova\u00e7\u00e3o, tecnologia e finan\u00e7as. Em seu tempo livre, fala sobre m\u00fasica para ambos os sites do selo ForMusic, Wikimetal e Mad Sound, e faz trabalho volunt\u00e1rio no programa Escreve Cartas do Poupatempo.\",\"sameAs\":[\"https:\/\/www.linkedin.com\/in\/victoria-anhesini\/\"],\"url\":\"https:\/\/www.suno.com.br\/noticias\/author\/victoria\/\"}]}<\/script>\n<!-- \/ Yoast SEO plugin. -->","yoast_head_json":{"title":"Oi (OIBR3) cai 7,27% no Ibovespa; entenda os motivos","description":"As a\u00e7\u00f5es da Oi (OIBR3) ca\u00edram 7,27% nesta segunda-feira (13), no Ibovespa. Entenda o que houve com os ativos aqui!","robots":{"index":"index","follow":"follow","max-snippet":"max-snippet:-1","max-image-preview":"max-image-preview:large","max-video-preview":"max-video-preview:-1"},"canonical":"https:\/\/www.suno.com.br\/noticias\/acoes-oi-oibr3-cai-7-ibovespa-entenda\/","og_locale":"pt_BR","og_type":"article","og_title":"Oi (OIBR3) cai 7,27% no Ibovespa; entenda os motivos","og_description":"As a\u00e7\u00f5es da Oi (OIBR3) ca\u00edram 7,27% nesta segunda-feira (13), no Ibovespa. Entenda o que houve com os ativos aqui!","og_url":"https:\/\/www.suno.com.br\/noticias\/acoes-oi-oibr3-cai-7-ibovespa-entenda\/","og_site_name":"Suno Not\u00edcias","article_publisher":"https:\/\/facebook.com\/sunoresearch","og_image":[{"width":2000,"height":1333,"url":"https:\/\/files.sunoresearch.com.br\/n\/uploads\/2022\/05\/Oi-OIBR3-e-Vivo-VIVT3-consideram-devolver-concessoes-lenta-troca-da-diretoria-da-Petrobras-PETR4-e-previsao-da-receita-da-Embraer-EMBR3-1.jpg","type":"image\/jpeg"}],"author":"Vict\u00f3ria Anhesini","twitter_card":"summary_large_image","twitter_creator":"@sunoresearch","twitter_site":"@sunoresearch","twitter_misc":{"Escrito por":"Vict\u00f3ria Anhesini","Est. tempo de leitura":"3 minutos"},"schema":{"@context":"https:\/\/schema.org","@graph":[{"@type":"NewsArticle","@id":"https:\/\/www.suno.com.br\/noticias\/acoes-oi-oibr3-cai-7-ibovespa-entenda\/#article","isPartOf":{"@id":"https:\/\/www.suno.com.br\/noticias\/acoes-oi-oibr3-cai-7-ibovespa-entenda\/"},"author":{"name":"Vict\u00f3ria Anhesini","@id":"https:\/\/www.suno.com.br\/noticias\/#\/schema\/person\/46d847cb19ad53fde0857adca989c23f"},"headline":"A\u00e7\u00f5es da Oi (OIBR3) t\u00eam queda de 7,27%; entenda os motivos","datePublished":"2022-06-14T01:27:08+00:00","mainEntityOfPage":{"@id":"https:\/\/www.suno.com.br\/noticias\/acoes-oi-oibr3-cai-7-ibovespa-entenda\/"},"wordCount":631,"publisher":{"@id":"https:\/\/www.suno.com.br\/noticias\/#organization"},"image":{"@id":"https:\/\/www.suno.com.br\/noticias\/acoes-oi-oibr3-cai-7-ibovespa-entenda\/#primaryimage"},"thumbnailUrl":"https:\/\/files.sunoresearch.com.br\/n\/uploads\/2022\/05\/Oi-OIBR3-e-Vivo-VIVT3-consideram-devolver-concessoes-lenta-troca-da-diretoria-da-Petrobras-PETR4-e-previsao-da-receita-da-Embraer-EMBR3-1.jpg","keywords":["Especialistas","Oi (OIBR3\/OIBR4)"],"articleSection":["Neg\u00f3cios"],"inLanguage":"pt-BR"},{"@type":"WebPage","@id":"https:\/\/www.suno.com.br\/noticias\/acoes-oi-oibr3-cai-7-ibovespa-entenda\/","url":"https:\/\/www.suno.com.br\/noticias\/acoes-oi-oibr3-cai-7-ibovespa-entenda\/","name":"Oi (OIBR3) cai 7,27% no Ibovespa; entenda os motivos","isPartOf":{"@id":"https:\/\/www.suno.com.br\/noticias\/#website"},"primaryImageOfPage":{"@id":"https:\/\/www.suno.com.br\/noticias\/acoes-oi-oibr3-cai-7-ibovespa-entenda\/#primaryimage"},"image":{"@id":"https:\/\/www.suno.com.br\/noticias\/acoes-oi-oibr3-cai-7-ibovespa-entenda\/#primaryimage"},"thumbnailUrl":"https:\/\/files.sunoresearch.com.br\/n\/uploads\/2022\/05\/Oi-OIBR3-e-Vivo-VIVT3-consideram-devolver-concessoes-lenta-troca-da-diretoria-da-Petrobras-PETR4-e-previsao-da-receita-da-Embraer-EMBR3-1.jpg","datePublished":"2022-06-14T01:27:08+00:00","description":"As a\u00e7\u00f5es da Oi (OIBR3) ca\u00edram 7,27% nesta segunda-feira (13), no Ibovespa. Entenda o que houve com os ativos aqui!","breadcrumb":{"@id":"https:\/\/www.suno.com.br\/noticias\/acoes-oi-oibr3-cai-7-ibovespa-entenda\/#breadcrumb"},"inLanguage":"pt-BR","potentialAction":[{"@type":"ReadAction","target":["https:\/\/www.suno.com.br\/noticias\/acoes-oi-oibr3-cai-7-ibovespa-entenda\/"]}]},{"@type":"ImageObject","inLanguage":"pt-BR","@id":"https:\/\/www.suno.com.br\/noticias\/acoes-oi-oibr3-cai-7-ibovespa-entenda\/#primaryimage","url":"https:\/\/files.sunoresearch.com.br\/n\/uploads\/2022\/05\/Oi-OIBR3-e-Vivo-VIVT3-consideram-devolver-concessoes-lenta-troca-da-diretoria-da-Petrobras-PETR4-e-previsao-da-receita-da-Embraer-EMBR3-1.jpg","contentUrl":"https:\/\/files.sunoresearch.com.br\/n\/uploads\/2022\/05\/Oi-OIBR3-e-Vivo-VIVT3-consideram-devolver-concessoes-lenta-troca-da-diretoria-da-Petrobras-PETR4-e-previsao-da-receita-da-Embraer-EMBR3-1.jpg","width":2000,"height":1333,"caption":"Oi (OIBR3). Foto: Getty Images."},{"@type":"BreadcrumbList","@id":"https:\/\/www.suno.com.br\/noticias\/acoes-oi-oibr3-cai-7-ibovespa-entenda\/#breadcrumb","itemListElement":[{"@type":"ListItem","position":1,"name":"Not\u00edcias","item":"https:\/\/www.suno.com.br\/noticias\/"},{"@type":"ListItem","position":2,"name":"Neg\u00f3cios","item":"https:\/\/www.suno.com.br\/noticias\/negocios\/"},{"@type":"ListItem","position":3,"name":"A\u00e7\u00f5es da Oi (OIBR3) t\u00eam queda de 7,27%; entenda os motivos"}]},{"@type":"WebSite","@id":"https:\/\/www.suno.com.br\/noticias\/#website","url":"https:\/\/www.suno.com.br\/noticias\/","name":"Suno Not\u00edcias","description":"Seu portal de informa\u00e7\u00e3o sobre o mundo dos investimentos","publisher":{"@id":"https:\/\/www.suno.com.br\/noticias\/#organization"},"potentialAction":[{"@type":"SearchAction","target":{"@type":"EntryPoint","urlTemplate":"https:\/\/www.suno.com.br\/noticias\/?s={search_term_string}"},"query-input":{"@type":"PropertyValueSpecification","valueRequired":true,"valueName":"search_term_string"}}],"inLanguage":"pt-BR"},{"@type":"Organization","@id":"https:\/\/www.suno.com.br\/noticias\/#organization","name":"Suno Not\u00edcias","url":"https:\/\/www.suno.com.br\/noticias\/","logo":{"@type":"ImageObject","inLanguage":"pt-BR","@id":"https:\/\/www.suno.com.br\/noticias\/#\/schema\/logo\/image\/","url":"https:\/\/files.sunoresearch.com.br\/n\/uploads\/2021\/09\/suno-logo.png","contentUrl":"https:\/\/files.sunoresearch.com.br\/n\/uploads\/2021\/09\/suno-logo.png","width":180,"height":180,"caption":"Suno Not\u00edcias"},"image":{"@id":"https:\/\/www.suno.com.br\/noticias\/#\/schema\/logo\/image\/"},"sameAs":["https:\/\/facebook.com\/sunoresearch","https:\/\/x.com\/sunoresearch","https:\/\/www.instagram.com\/suno","https:\/\/www.linkedin.com\/company\/suno-research\/","https:\/\/www.youtube.com\/c\/sunoresearch"]},{"@type":"Person","@id":"https:\/\/www.suno.com.br\/noticias\/#\/schema\/person\/46d847cb19ad53fde0857adca989c23f","name":"Vict\u00f3ria Anhesini","image":{"@type":"ImageObject","inLanguage":"pt-BR","@id":"https:\/\/www.suno.com.br\/noticias\/#\/schema\/person\/image\/","url":"https:\/\/secure.gravatar.com\/avatar\/0172bdfcd9129dd9dd68794804304e6e?s=96&r=g","contentUrl":"https:\/\/secure.gravatar.com\/avatar\/0172bdfcd9129dd9dd68794804304e6e?s=96&r=g","caption":"Vict\u00f3ria Anhesini"},"description":"Rep\u00f3rter no Suno Not\u00edcias, cobre mercados, neg\u00f3cios e economia, escrevendo majoritariamente sobre movimentos das empresas, cobertura de balan\u00e7os trimestrais e Bolsa de Valores. Formada em jornalismo pela Universidade Presbiteriana Mackenzie em 2019, passou pelo portal de economia e finan\u00e7as EuQueroInvestir como rep\u00f3rter e anteriormente, trabalhou na assessoria de imprensa PinePR, onde liderou com startups de inova\u00e7\u00e3o, tecnologia e finan\u00e7as. Em seu tempo livre, fala sobre m\u00fasica para ambos os sites do selo ForMusic, Wikimetal e Mad Sound, e faz trabalho volunt\u00e1rio no programa Escreve Cartas do Poupatempo.","sameAs":["https:\/\/www.linkedin.com\/in\/victoria-anhesini\/"],"url":"https:\/\/www.suno.com.br\/noticias\/author\/victoria\/"}]}},"default_loop_html":"<div class=\"cardsPage__listCard__boxs\"><div class=\"cardsPage__listCard__boxs__img\"><a href=\"https:\/\/www.suno.com.br\/noticias\/acoes-oi-oibr3-cai-7-ibovespa-entenda\/\"><img class=\"mask\" src=\"https:\/\/www.suno.com.br\/noticias\/wp-content\/themes\/suno\/resources\/images\/spotlight\/spotlight1img\/bg-mask.png\" alt=\"Image Mask\"\/><img src=\"https:\/\/files.sunoresearch.com.br\/n\/uploads\/2022\/05\/Oi-OIBR3-e-Vivo-VIVT3-consideram-devolver-concessoes-lenta-troca-da-diretoria-da-Petrobras-PETR4-e-previsao-da-receita-da-Embraer-EMBR3-1-400x200.jpg\" alt=\"A\u00e7\u00f5es da Oi (OIBR3) t\u00eam queda de 7,27%; entenda os motivos\"\/><\/a><span class=\"spotlightCategory\"><a href=\"https:\/\/www.suno.com.br\/noticias\/negocios\/\">Neg\u00f3cios<\/a><\/span><\/div><div class=\"cardsPage__listCard__boxs__content\"><a href=\"https:\/\/www.suno.com.br\/noticias\/acoes-oi-oibr3-cai-7-ibovespa-entenda\/\"><h2 class=\"content__title\">A\u00e7\u00f5es da Oi (OIBR3) t\u00eam queda de 7,27%; entenda os motivos<\/h2><\/a><div class=\"newsContent__article__meta\"><div class=\"newsContent__article__meta__authorBox\"><a href=\"https:\/\/www.suno.com.br\/noticias\/author\/victoria\/\" class=\"authorBox__avatar noMobi\"><img src=\"https:\/\/files.sunoresearch.com.br\/n\/uploads\/2021\/12\/20190129VickyPINEAPPLE01-1-150x150.jpg\" alt=\"Vict\u00f3ria Anhesini\"><\/a><div class=\"authorBox__name\"><span>por\n\t\t\t<a href=\"https:\/\/www.suno.com.br\/noticias\/author\/victoria\/\"><span itemprop=\"author\">Vict\u00f3ria Anhesini<\/span><\/a><\/span><time datetime=\"2022-06-13T22:27:08-03:00\" itemprop=\"datePublished\">13\/06\/2022 22:27<\/time><\/div><\/div><\/div><\/div><\/div>","single_layout":"posts","amp_enabled":true,"_links":{"self":[{"href":"https:\/\/www.suno.com.br\/noticias\/wp-json\/wp\/v2\/posts\/267305"}],"collection":[{"href":"https:\/\/www.suno.com.br\/noticias\/wp-json\/wp\/v2\/posts"}],"about":[{"href":"https:\/\/www.suno.com.br\/noticias\/wp-json\/wp\/v2\/types\/post"}],"author":[{"embeddable":true,"href":"https:\/\/www.suno.com.br\/noticias\/wp-json\/wp\/v2\/users\/146"}],"replies":[{"embeddable":true,"href":"https:\/\/www.suno.com.br\/noticias\/wp-json\/wp\/v2\/comments?post=267305"}],"version-history":[{"count":3,"href":"https:\/\/www.suno.com.br\/noticias\/wp-json\/wp\/v2\/posts\/267305\/revisions"}],"predecessor-version":[{"id":267320,"href":"https:\/\/www.suno.com.br\/noticias\/wp-json\/wp\/v2\/posts\/267305\/revisions\/267320"}],"wp:featuredmedia":[{"embeddable":true,"href":"https:\/\/www.suno.com.br\/noticias\/wp-json\/wp\/v2\/media\/262570"}],"wp:attachment":[{"href":"https:\/\/www.suno.com.br\/noticias\/wp-json\/wp\/v2\/media?parent=267305"}],"wp:term":[{"taxonomy":"category","embeddable":true,"href":"https:\/\/www.suno.com.br\/noticias\/wp-json\/wp\/v2\/categories?post=267305"},{"taxonomy":"post_tag","embeddable":true,"href":"https:\/\/www.suno.com.br\/noticias\/wp-json\/wp\/v2\/tags?post=267305"},{"taxonomy":"suno_strategy","embeddable":true,"href":"https:\/\/www.suno.com.br\/noticias\/wp-json\/wp\/v2\/suno_strategy?post=267305"}],"curies":[{"name":"wp","href":"https:\/\/api.w.org\/{rel}","templated":true}]}}