{"id":267106,"date":"2022-06-13T14:53:49","date_gmt":"2022-06-13T17:53:49","guid":{"rendered":"https:\/\/www.suno.com.br\/noticias\/?p=267106"},"modified":"2022-06-13T14:53:49","modified_gmt":"2022-06-13T17:53:49","slug":"eletrobras-elet3-carrefour-brasil-crfb3-destaques","status":"publish","type":"post","link":"https:\/\/www.suno.com.br\/noticias\/eletrobras-elet3-carrefour-brasil-crfb3-destaques\/","title":{"rendered":"Eletrobras (ELET3) e Carrefour Brasil (CRFB3) agitam o mercado"},"content":{"rendered":"<p>Entre os destaques do mercado financeiro de hoje (13) est\u00e1 a <a href=\"https:\/\/www.suno.com.br\/acoes\/elet3\/\" target=\"_blank\" rel=\"noopener\">Eletrobras (ELET3)<\/a>, que come\u00e7ou a negocia\u00e7\u00e3o de novas cotas nesta segunda-feira (13), com queda em suas a\u00e7\u00f5es, assim como grande parte dos pap\u00e9is do Ibovespa.<\/p>\t<div class=\"wrapper-featured-image\">\n\t\t<figure class=\"spotlightImg\">\n\n\t\t\t<picture>\n\t\t\t\t<source media=\"(max-width: 768px)\" srcset=\"https:\/\/files.sunoresearch.com.br\/n\/uploads\/2021\/02\/8ddce5e3-eletrobras-1-400x200.webp\">\n\t\t\t\t<img loading=\"lazy\" decoding=\"async\" class=\"newsContent__article__imgCapa lazyloadDisabled \" src=\"https:\/\/files.sunoresearch.com.br\/n\/uploads\/2021\/02\/8ddce5e3-eletrobras-1-800x450.webp\" width=\"800\" height=\"450\" alt=\"Eletrobras (ELET3) e Carrefour Brasil (CRFB3) agitam o mercado\" fetchpriority=high \/>\n\t\t\t<\/picture>\n\n\t\t\t<figcaption class=\"wp-caption-text wp-caption-text--show\">Eletrobras (ELET3). Foto: divulga\u00e7\u00e3o.<\/figcaption>\n\t\t<\/figure>\n\t<\/div>\n\n\n\t<p>\n\t\t<a href=\"\" target=\"_blank\" data-element=\"shortcode-suno-banner\" title=\"Banner SUNO, clique e saiba mais\">\n\t\t\t<picture>\n\t\t\t\t<source media=\"(max-width: 500px)\" srcset=\"\">\n\t\t\t\t<img class=\"newsContent__article__imgCapa newsContent__article__imgCapa--banner\"\n\t\t\t\t\tsrc=\"\"\n\t\t\t\t\tdata-promo-id=\"138420\"\t\t\t\t\t\t\t\t\t\t\t\t\t\t\talt=\"\"\n\t\t\t\t>\n\t\t\t<\/picture>\n\t\t<\/a>\n\t<\/p>\n\n\n<p>Outro tema inclu\u00eddo nos destaques do mercado financeiro s\u00e3o a <a href=\"https:\/\/www.suno.com.br\/acoes\/rent3\/\" target=\"_blank\" rel=\"noopener\">Localiza (RENT3)<\/a> e <a href=\"https:\/\/www.suno.com.br\/acoes\/lcam3\/\" target=\"_blank\" rel=\"noopener\">Unidas (LCAM3)<\/a>, que assinaram contrato de venda de ativos pelo valor de R$ 3,57 bilh\u00f5es para a Brookfield, que tamb\u00e9m controla a Ouro Verde.<\/p>\n<p>Por fim, outra empresa que agita o mercado \u00e9 o <a href=\"https:\/\/www.suno.com.br\/acoes\/crfb3\/\" target=\"_blank\" rel=\"noopener\">Carrefour Brasil (CRFB3)<\/a>, que investiu R$ 2,1 bilh\u00f5es na convers\u00e3o de 124 lojas do Grupo Big.<\/p>\n\t<div data-element=\"shortcode-read-more\" class=\"knowMore\">\n\t\t\t\t<span class=\"knowMore__title\">Saiba Mais<\/span>\n\t\t\t\t<a class=\"knowMore__link\" href=\"https:\/\/www.suno.com.br\/noticias\/ibovespa-queda-magazine-luiza-mglu3-2\/\">\n\t\t\tIbovespa opera em forte queda, em linha com exterior; Magazine Luiza (MGLU3) tomba\t\t<\/a>\n\t<\/div>\n\n\n<p>Veja os destaques do mercado financeiro:<\/p>\n<h2>A\u00e7\u00f5es da Eletrobras (ELET3) t\u00eam queda ap\u00f3s privatiza\u00e7\u00e3o<\/h2>\n<p>Entre os destaques do mercado financeiro hoje (13) est\u00e1 a Eletrobras (ELET3), que iniciou a negocia\u00e7\u00e3o de suas novas a\u00e7\u00f5es em queda nesta segunda-feira (13), em meio a avers\u00e3o ao risco com novas restri\u00e7\u00f5es na China e aumento da infla\u00e7\u00e3o nos Estados Unidos. Com a perspectiva de crescimento dos juros americanos, as bolsas operam em queda hoje.<\/p>\n\t<p>\n\t\t<a href=\"https:\/\/lp.suno.com.br\/planilha-controle-gastos\/\" target=\"_blank\" data-element=\"shortcode-suno-banner\" title=\"Banner SUNO, clique e saiba mais\">\n\t\t\t<picture>\n\t\t\t\t<source media=\"(max-width: 500px)\" srcset=\"https:\/\/files.sunoresearch.com.br\/n\/uploads\/2023\/03\/400x300-Planilha-controle-de-gastos.png\">\n\t\t\t\t<img class=\"newsContent__article__imgCapa newsContent__article__imgCapa--banner\"\n\t\t\t\t\tsrc=\"https:\/\/files.sunoresearch.com.br\/n\/uploads\/2023\/03\/1420x240-Planilha-controle-de-gastos.png\"\n\t\t\t\t\tdata-promo-id=\"101751\"\t\t\t\t\t\t\t\t\t\twidth='1420' height='240'\t\t\t\t\talt=\"https:\/\/files.sunoresearch.com.br\/n\/uploads\/2023\/03\/1420x240-Planilha-controle-de-gastos.png\"\n\t\t\t\t>\n\t\t\t<\/picture>\n\t\t<\/a>\n\t<\/p>\n\n\n<p>Na \u00faltima quinta-feira (9), a Eletrobras (ELET3) realizou uma oferta que movimentou R$ 33,68 bilh\u00f5es. Na oferta prim\u00e1ria se inclui 627.675.340 de a\u00e7\u00f5es ordin\u00e1rias e a secund\u00e1ria 69.801.516 a\u00e7\u00f5es, que pertencem ao BNDES. Ainda se tem um lote suplementar que aumentaria a oferta em 15%. O pre\u00e7o fixado por a\u00e7\u00e3o \u00e9 de R$ 42.<\/p>\n<p>No radar do mercado tamb\u00e9m est\u00e1 o processo de conclus\u00e3o da privatiza\u00e7\u00e3o da Eletrobras, que tem liquida\u00e7\u00e3o das a\u00e7\u00f5es previsto para esta pr\u00f3xima ter\u00e7a-feira (14). O governo, juntamente \u00e0 empresa, tem trabalhado na busca pela assinatura de novos contratos de concess\u00e3o, com 22 usinas hidrel\u00e9tricas.<\/p>\n<p>Por conta disso, as usinas poder\u00e3o vender energia a pre\u00e7o de mercado, em meio a Ambiente de Comercializa\u00e7\u00e3o Livre (ACL).\u00a0Do valor total de R$ 67 bilh\u00f5es que ser\u00e3o adicionados pelas concess\u00f5es, cerca de R$ 25,3 bilh\u00f5es se destinam \u00e0 Uni\u00e3o, para outorga de novos contratos, com prazo de dura\u00e7\u00e3o de 30 anos.<\/p>\n<h2>Localiza (RENT3) e Unidas (LCAM3) assinam contrato de venda de ativos \u00e0 Brookfield por R$ 3,57 bilh\u00f5es<\/h2>\n<p>Al\u00e9m da Eletrobras (ELET3), a Localiza (RENT3) e a Unidas (LCAM3) assinaram um contrato nesta segunda-feira (13), fechando a venda de ativos para a gestora do Canad\u00e1, <strong>Brookfield Asset Management<\/strong>. A gestora tamb\u00e9m controla a locadora <strong>Ouro Verde<\/strong>. O valor total da negocia\u00e7\u00e3o foi de R$ 3,570 bilh\u00f5es.<\/p>\n\t<p>\n\t\t<a href=\"https:\/\/lp.suno.com.br\/planilha-da-vida-financeira\/\" target=\"_blank\" data-element=\"shortcode-suno-banner\" title=\"Banner SUNO, clique e saiba mais\">\n\t\t\t<picture>\n\t\t\t\t<source media=\"(max-width: 500px)\" srcset=\"https:\/\/files.sunoresearch.com.br\/n\/uploads\/2023\/04\/400x300-Planilha-vida-financeira-true.png\">\n\t\t\t\t<img class=\"newsContent__article__imgCapa newsContent__article__imgCapa--banner\"\n\t\t\t\t\tsrc=\"https:\/\/files.sunoresearch.com.br\/n\/uploads\/2023\/04\/1420x240-Planilha-vida-financeira-true.png\"\n\t\t\t\t\tdata-promo-id=\"106682\"\t\t\t\t\t\t\t\t\t\twidth='1420' height='240'\t\t\t\t\talt=\"https:\/\/files.sunoresearch.com.br\/n\/uploads\/2023\/04\/1420x240-Planilha-vida-financeira-true.png\"\n\t\t\t\t>\n\t\t\t<\/picture>\n\t\t<\/a>\n\t<\/p>\n\n\n<p>Apesar disso, o valor da negocia\u00e7\u00e3o entre as locadoras est\u00e1 sujeita a reajustes, depois do fechamento da opera\u00e7\u00e3o. Os ativos da Unidas que est\u00e3o presentes na venda incluem um total de 49 mil ve\u00edculos. A venda foi determinada pelo Conselho Administrativo de Defesa Econ\u00f4mica (Cade).<\/p>\n<p>A conclus\u00e3o da opera\u00e7\u00e3o ainda est\u00e1 sujeita a aprova\u00e7\u00e3o da Brookfield pelo tribunal do Cade. Mas as empresas Localiza e a Unidas anunciaram a negocia\u00e7\u00e3o no come\u00e7o do m\u00eas de junho, quando se estimou o valor de R$ 3,5 bilh\u00f5es.<\/p>\n<h2>Carrefour Brasil (CRFB3) investe R$ 2,1 bilh\u00f5es na convers\u00e3o de 33% das lojas do Grupo Big<\/h2>\n<p>Assim como a Eletrobras (ELET3), se destaca hoje o Carrefour Brasil (CRFB3), que vai investir R$ 2,1 bilh\u00f5es na convers\u00e3o de cerca de 33% das <strong>lojas do Grupo Big<\/strong>, totalizando 124 unidades. O total de lojas da companhia \u00e9 374, em que parte delas s\u00e3o convertidas para integrar as duas empresas. Apesar do processo se iniciar agora, sua conclus\u00e3o deve ocorrer apenas ao final de 2023.<\/p>\n\t<p>\n\t\t<a href=\"https:\/\/lp.suno.com.br\/ebook-como-analisar-uma-acao\/\" target=\"_blank\" data-element=\"shortcode-suno-banner\" title=\"Banner SUNO, clique e saiba mais\">\n\t\t\t<picture>\n\t\t\t\t<source media=\"(max-width: 500px)\" srcset=\"https:\/\/files.sunoresearch.com.br\/n\/uploads\/2023\/03\/Ebook-Acoes-Mobile-1.jpg\">\n\t\t\t\t<img class=\"newsContent__article__imgCapa newsContent__article__imgCapa--banner\"\n\t\t\t\t\tsrc=\"https:\/\/files.sunoresearch.com.br\/n\/uploads\/2023\/03\/Ebook-Acoes-Desktop-1.jpg\"\n\t\t\t\t\tdata-promo-id=\"171998\"\t\t\t\t\t\t\t\t\t\twidth='1420' height='286'\t\t\t\t\talt=\"https:\/\/files.sunoresearch.com.br\/n\/uploads\/2023\/03\/Ebook-Acoes-Desktop-1.jpg\"\n\t\t\t\t>\n\t\t\t<\/picture>\n\t\t<\/a>\n\t<\/p>\n\n\n<p>O tema foi abordado em an\u00fancio feito pela Comiss\u00e3o de Valores Mobili\u00e1rios (CVM) no \u00faltimo domingo (12), e foi pauta durante uma teleconfer\u00eancia feita nesta segunda-feira (13), por volta das 10 horas. De um total de 124 lojas, se inclui 38 lojas do Maxxi Atacado, 28 do Big e 4 do TodoDia, que v\u00e3o ter a marca do Atacad\u00e3o, pertencente ao Grupo Carrefour.<\/p>\n<p>Al\u00e9m disso, tamb\u00e9m h\u00e1 47 unidades que virar\u00e3o de fato Carrefour e outras 7 unidades que se tornar\u00e3o Sam\u2019s Club. O valor total previsto de convers\u00e3o \u00e9 de R$ 2,1 bilh\u00f5es, dos quais R$ 1,9 bilh\u00e3o vem de investimentos (capex). Os outros R$ 200 milh\u00f5es s\u00e3o de despesas operacionais.<\/p>\n<p>Assim, a<strong> Eletrobras (ELET3)<\/strong> e a Carrefour Brasil (CRFB3) ficaram entre os temas de destaque do mercado financeiro hoje da Suno Not\u00edcias, que informa diariamente os investidores sobre os principais acontecimentos da bolsa de valores brasileira.<\/p>\n\t<p>\n\t\t<a href=\"https:\/\/lp.suno.com.br\/planilha-de-controle-de-investimentos\/\" target=\"_blank\" data-element=\"shortcode-suno-banner\" title=\"Banner SUNO, clique e saiba mais\">\n\t\t\t<picture>\n\t\t\t\t<source media=\"(max-width: 500px)\" srcset=\"https:\/\/files.sunoresearch.com.br\/n\/uploads\/2023\/03\/400x300-Controle-de-Investimentos.png\">\n\t\t\t\t<img class=\"newsContent__article__imgCapa newsContent__article__imgCapa--banner\"\n\t\t\t\t\tsrc=\"https:\/\/files.sunoresearch.com.br\/n\/uploads\/2023\/03\/1420x240-Controle-de-Investimentos.png\"\n\t\t\t\t\tdata-promo-id=\"75934\"\t\t\t\t\t\t\t\t\t\twidth='1420' height='240'\t\t\t\t\talt=\"https:\/\/files.sunoresearch.com.br\/n\/uploads\/2023\/03\/1420x240-Controle-de-Investimentos.png\"\n\t\t\t\t>\n\t\t\t<\/picture>\n\t\t<\/a>\n\t<\/p>\n\n\n","protected":false},"excerpt":{"rendered":"<p>Entre os destaques do mercado financeiro de hoje (13) est\u00e1 a Eletrobras (ELET3), que come\u00e7ou a negocia\u00e7\u00e3o de novas cotas nesta segunda-feira (13), com queda em suas a\u00e7\u00f5es, assim como grande parte dos pap\u00e9is do Ibovespa. Eletrobras (ELET3). Foto: divulga\u00e7\u00e3o. Outro tema inclu\u00eddo nos destaques do mercado financeiro s\u00e3o a Localiza (RENT3) e Unidas (LCAM3), [&hellip;]<\/p>\n","protected":false},"author":173,"featured_media":117670,"comment_status":"closed","ping_status":"closed","sticky":false,"template":"","format":"standard","meta":[],"categories":[60],"tags":[405,455,4065,1061],"suno_strategy":[],"class_list":["post-267106","post","type-post","status-publish","format-standard","has-post-thumbnail","hentry","category-mercado","tag-carrefour-crfb3","tag-eletrobras-elet3-elet5-elet6","tag-localiza-rent3","tag-unidas-lcam3"],"yoast_head":"<!-- This site is optimized with the Yoast SEO plugin v24.4 - https:\/\/yoast.com\/wordpress\/plugins\/seo\/ -->\n<title>Eletrobras (ELET3) e Carrefour Brasil (CRFB3) agitam o mercado<\/title>\n<meta name=\"description\" content=\"A Eletrobras (ELET3) e a Carrefour Brasil (CRFB3) agitam o mercado nesta segunda-feira (13). Saiba mais sobre os destaques de hoje.\" \/>\n<meta name=\"robots\" content=\"index, follow, max-snippet:-1, max-image-preview:large, max-video-preview:-1\" \/>\n<link rel=\"canonical\" href=\"https:\/\/www.suno.com.br\/noticias\/eletrobras-elet3-carrefour-brasil-crfb3-destaques\/\" \/>\n<meta property=\"og:locale\" content=\"pt_BR\" \/>\n<meta property=\"og:type\" content=\"article\" \/>\n<meta property=\"og:title\" content=\"Eletrobras (ELET3) e Carrefour Brasil (CRFB3) agitam o mercado\" \/>\n<meta property=\"og:description\" content=\"A Eletrobras (ELET3) e a Carrefour Brasil (CRFB3) agitam o mercado nesta segunda-feira (13). Saiba mais sobre os destaques de hoje.\" \/>\n<meta property=\"og:url\" content=\"https:\/\/www.suno.com.br\/noticias\/eletrobras-elet3-carrefour-brasil-crfb3-destaques\/\" \/>\n<meta property=\"og:site_name\" content=\"Suno Not\u00edcias\" \/>\n<meta property=\"article:publisher\" content=\"https:\/\/facebook.com\/sunoresearch\" \/>\n<meta property=\"og:image\" content=\"https:\/\/files.sunoresearch.com.br\/n\/uploads\/2021\/02\/8ddce5e3-eletrobras-1.jpg\" \/>\n\t<meta property=\"og:image:width\" content=\"1200\" \/>\n\t<meta property=\"og:image:height\" content=\"800\" \/>\n\t<meta property=\"og:image:type\" content=\"image\/jpeg\" \/>\n<meta name=\"author\" content=\"Jo\u00e3o Vitor\" \/>\n<meta name=\"twitter:card\" content=\"summary_large_image\" \/>\n<meta name=\"twitter:creator\" content=\"@sunoresearch\" \/>\n<meta name=\"twitter:site\" content=\"@sunoresearch\" \/>\n<meta name=\"twitter:label1\" content=\"Escrito por\" \/>\n\t<meta name=\"twitter:data1\" content=\"Jo\u00e3o Vitor\" \/>\n\t<meta name=\"twitter:label2\" content=\"Est. tempo de leitura\" \/>\n\t<meta name=\"twitter:data2\" content=\"4 minutos\" \/>\n<script type=\"application\/ld+json\" class=\"yoast-schema-graph\">{\"@context\":\"https:\/\/schema.org\",\"@graph\":[{\"@type\":\"NewsArticle\",\"@id\":\"https:\/\/www.suno.com.br\/noticias\/eletrobras-elet3-carrefour-brasil-crfb3-destaques\/#article\",\"isPartOf\":{\"@id\":\"https:\/\/www.suno.com.br\/noticias\/eletrobras-elet3-carrefour-brasil-crfb3-destaques\/\"},\"author\":{\"name\":\"Jo\u00e3o Vitor\",\"@id\":\"https:\/\/www.suno.com.br\/noticias\/#\/schema\/person\/87fc6973867c52dd884811905c43afba\"},\"headline\":\"Eletrobras (ELET3) e Carrefour Brasil (CRFB3) agitam o mercado\",\"datePublished\":\"2022-06-13T17:53:49+00:00\",\"mainEntityOfPage\":{\"@id\":\"https:\/\/www.suno.com.br\/noticias\/eletrobras-elet3-carrefour-brasil-crfb3-destaques\/\"},\"wordCount\":769,\"publisher\":{\"@id\":\"https:\/\/www.suno.com.br\/noticias\/#organization\"},\"image\":{\"@id\":\"https:\/\/www.suno.com.br\/noticias\/eletrobras-elet3-carrefour-brasil-crfb3-destaques\/#primaryimage\"},\"thumbnailUrl\":\"https:\/\/files.sunoresearch.com.br\/n\/uploads\/2021\/02\/8ddce5e3-eletrobras-1.jpg\",\"keywords\":[\"Carrefour (CRFB3)\",\"Eletrobras (ELET3\/ELET5\/ELET6)\",\"Localiza (RENT3)\",\"Unidas (LCAM3)\"],\"articleSection\":[\"Mercado\"],\"inLanguage\":\"pt-BR\"},{\"@type\":\"WebPage\",\"@id\":\"https:\/\/www.suno.com.br\/noticias\/eletrobras-elet3-carrefour-brasil-crfb3-destaques\/\",\"url\":\"https:\/\/www.suno.com.br\/noticias\/eletrobras-elet3-carrefour-brasil-crfb3-destaques\/\",\"name\":\"Eletrobras (ELET3) e Carrefour Brasil (CRFB3) agitam o mercado\",\"isPartOf\":{\"@id\":\"https:\/\/www.suno.com.br\/noticias\/#website\"},\"primaryImageOfPage\":{\"@id\":\"https:\/\/www.suno.com.br\/noticias\/eletrobras-elet3-carrefour-brasil-crfb3-destaques\/#primaryimage\"},\"image\":{\"@id\":\"https:\/\/www.suno.com.br\/noticias\/eletrobras-elet3-carrefour-brasil-crfb3-destaques\/#primaryimage\"},\"thumbnailUrl\":\"https:\/\/files.sunoresearch.com.br\/n\/uploads\/2021\/02\/8ddce5e3-eletrobras-1.jpg\",\"datePublished\":\"2022-06-13T17:53:49+00:00\",\"description\":\"A Eletrobras (ELET3) e a Carrefour Brasil (CRFB3) agitam o mercado nesta segunda-feira (13). Saiba mais sobre os destaques de hoje.\",\"breadcrumb\":{\"@id\":\"https:\/\/www.suno.com.br\/noticias\/eletrobras-elet3-carrefour-brasil-crfb3-destaques\/#breadcrumb\"},\"inLanguage\":\"pt-BR\",\"potentialAction\":[{\"@type\":\"ReadAction\",\"target\":[\"https:\/\/www.suno.com.br\/noticias\/eletrobras-elet3-carrefour-brasil-crfb3-destaques\/\"]}]},{\"@type\":\"ImageObject\",\"inLanguage\":\"pt-BR\",\"@id\":\"https:\/\/www.suno.com.br\/noticias\/eletrobras-elet3-carrefour-brasil-crfb3-destaques\/#primaryimage\",\"url\":\"https:\/\/files.sunoresearch.com.br\/n\/uploads\/2021\/02\/8ddce5e3-eletrobras-1.jpg\",\"contentUrl\":\"https:\/\/files.sunoresearch.com.br\/n\/uploads\/2021\/02\/8ddce5e3-eletrobras-1.jpg\",\"width\":1200,\"height\":800,\"caption\":\"Eletrobras (ELET3). Foto: divulga\u00e7\u00e3o.\"},{\"@type\":\"BreadcrumbList\",\"@id\":\"https:\/\/www.suno.com.br\/noticias\/eletrobras-elet3-carrefour-brasil-crfb3-destaques\/#breadcrumb\",\"itemListElement\":[{\"@type\":\"ListItem\",\"position\":1,\"name\":\"Not\u00edcias\",\"item\":\"https:\/\/www.suno.com.br\/noticias\/\"},{\"@type\":\"ListItem\",\"position\":2,\"name\":\"Mercado\",\"item\":\"https:\/\/www.suno.com.br\/noticias\/mercado\/\"},{\"@type\":\"ListItem\",\"position\":3,\"name\":\"Eletrobras (ELET3) e Carrefour Brasil (CRFB3) agitam o mercado\"}]},{\"@type\":\"WebSite\",\"@id\":\"https:\/\/www.suno.com.br\/noticias\/#website\",\"url\":\"https:\/\/www.suno.com.br\/noticias\/\",\"name\":\"Suno Not\u00edcias\",\"description\":\"Seu portal de informa\u00e7\u00e3o sobre o mundo dos investimentos\",\"publisher\":{\"@id\":\"https:\/\/www.suno.com.br\/noticias\/#organization\"},\"potentialAction\":[{\"@type\":\"SearchAction\",\"target\":{\"@type\":\"EntryPoint\",\"urlTemplate\":\"https:\/\/www.suno.com.br\/noticias\/?s={search_term_string}\"},\"query-input\":{\"@type\":\"PropertyValueSpecification\",\"valueRequired\":true,\"valueName\":\"search_term_string\"}}],\"inLanguage\":\"pt-BR\"},{\"@type\":\"Organization\",\"@id\":\"https:\/\/www.suno.com.br\/noticias\/#organization\",\"name\":\"Suno Not\u00edcias\",\"url\":\"https:\/\/www.suno.com.br\/noticias\/\",\"logo\":{\"@type\":\"ImageObject\",\"inLanguage\":\"pt-BR\",\"@id\":\"https:\/\/www.suno.com.br\/noticias\/#\/schema\/logo\/image\/\",\"url\":\"https:\/\/files.sunoresearch.com.br\/n\/uploads\/2021\/09\/suno-logo.png\",\"contentUrl\":\"https:\/\/files.sunoresearch.com.br\/n\/uploads\/2021\/09\/suno-logo.png\",\"width\":180,\"height\":180,\"caption\":\"Suno Not\u00edcias\"},\"image\":{\"@id\":\"https:\/\/www.suno.com.br\/noticias\/#\/schema\/logo\/image\/\"},\"sameAs\":[\"https:\/\/facebook.com\/sunoresearch\",\"https:\/\/x.com\/sunoresearch\",\"https:\/\/www.instagram.com\/suno\",\"https:\/\/www.linkedin.com\/company\/suno-research\/\",\"https:\/\/www.youtube.com\/c\/sunoresearch\"]},{\"@type\":\"Person\",\"@id\":\"https:\/\/www.suno.com.br\/noticias\/#\/schema\/person\/87fc6973867c52dd884811905c43afba\",\"name\":\"Jo\u00e3o Vitor\",\"image\":{\"@type\":\"ImageObject\",\"inLanguage\":\"pt-BR\",\"@id\":\"https:\/\/www.suno.com.br\/noticias\/#\/schema\/person\/image\/\",\"url\":\"https:\/\/secure.gravatar.com\/avatar\/2843227ca03ccf8cc7ccca45204c127e?s=96&r=g\",\"contentUrl\":\"https:\/\/secure.gravatar.com\/avatar\/2843227ca03ccf8cc7ccca45204c127e?s=96&r=g\",\"caption\":\"Jo\u00e3o Vitor\"},\"description\":\"Redator profissional, com atua\u00e7\u00e3o no mercado editorial na produ\u00e7\u00e3o de not\u00edcias e conte\u00fados sobre o mercado de a\u00e7\u00f5es, fundos imobili\u00e1rios e economia popular. Graduando em Engenharia Qu\u00edmica pela Unesp, tamb\u00e9m j\u00e1 atuou como consultor financeiro.\",\"url\":\"https:\/\/www.suno.com.br\/noticias\/author\/joao-vitor-jacintho\/\"}]}<\/script>\n<!-- \/ Yoast SEO plugin. -->","yoast_head_json":{"title":"Eletrobras (ELET3) e Carrefour Brasil (CRFB3) agitam o mercado","description":"A Eletrobras (ELET3) e a Carrefour Brasil (CRFB3) agitam o mercado nesta segunda-feira (13). Saiba mais sobre os destaques de hoje.","robots":{"index":"index","follow":"follow","max-snippet":"max-snippet:-1","max-image-preview":"max-image-preview:large","max-video-preview":"max-video-preview:-1"},"canonical":"https:\/\/www.suno.com.br\/noticias\/eletrobras-elet3-carrefour-brasil-crfb3-destaques\/","og_locale":"pt_BR","og_type":"article","og_title":"Eletrobras (ELET3) e Carrefour Brasil (CRFB3) agitam o mercado","og_description":"A Eletrobras (ELET3) e a Carrefour Brasil (CRFB3) agitam o mercado nesta segunda-feira (13). Saiba mais sobre os destaques de hoje.","og_url":"https:\/\/www.suno.com.br\/noticias\/eletrobras-elet3-carrefour-brasil-crfb3-destaques\/","og_site_name":"Suno Not\u00edcias","article_publisher":"https:\/\/facebook.com\/sunoresearch","og_image":[{"width":1200,"height":800,"url":"https:\/\/files.sunoresearch.com.br\/n\/uploads\/2021\/02\/8ddce5e3-eletrobras-1.jpg","type":"image\/jpeg"}],"author":"Jo\u00e3o Vitor","twitter_card":"summary_large_image","twitter_creator":"@sunoresearch","twitter_site":"@sunoresearch","twitter_misc":{"Escrito por":"Jo\u00e3o Vitor","Est. tempo de leitura":"4 minutos"},"schema":{"@context":"https:\/\/schema.org","@graph":[{"@type":"NewsArticle","@id":"https:\/\/www.suno.com.br\/noticias\/eletrobras-elet3-carrefour-brasil-crfb3-destaques\/#article","isPartOf":{"@id":"https:\/\/www.suno.com.br\/noticias\/eletrobras-elet3-carrefour-brasil-crfb3-destaques\/"},"author":{"name":"Jo\u00e3o Vitor","@id":"https:\/\/www.suno.com.br\/noticias\/#\/schema\/person\/87fc6973867c52dd884811905c43afba"},"headline":"Eletrobras (ELET3) e Carrefour Brasil (CRFB3) agitam o mercado","datePublished":"2022-06-13T17:53:49+00:00","mainEntityOfPage":{"@id":"https:\/\/www.suno.com.br\/noticias\/eletrobras-elet3-carrefour-brasil-crfb3-destaques\/"},"wordCount":769,"publisher":{"@id":"https:\/\/www.suno.com.br\/noticias\/#organization"},"image":{"@id":"https:\/\/www.suno.com.br\/noticias\/eletrobras-elet3-carrefour-brasil-crfb3-destaques\/#primaryimage"},"thumbnailUrl":"https:\/\/files.sunoresearch.com.br\/n\/uploads\/2021\/02\/8ddce5e3-eletrobras-1.jpg","keywords":["Carrefour (CRFB3)","Eletrobras (ELET3\/ELET5\/ELET6)","Localiza (RENT3)","Unidas (LCAM3)"],"articleSection":["Mercado"],"inLanguage":"pt-BR"},{"@type":"WebPage","@id":"https:\/\/www.suno.com.br\/noticias\/eletrobras-elet3-carrefour-brasil-crfb3-destaques\/","url":"https:\/\/www.suno.com.br\/noticias\/eletrobras-elet3-carrefour-brasil-crfb3-destaques\/","name":"Eletrobras (ELET3) e Carrefour Brasil (CRFB3) agitam o mercado","isPartOf":{"@id":"https:\/\/www.suno.com.br\/noticias\/#website"},"primaryImageOfPage":{"@id":"https:\/\/www.suno.com.br\/noticias\/eletrobras-elet3-carrefour-brasil-crfb3-destaques\/#primaryimage"},"image":{"@id":"https:\/\/www.suno.com.br\/noticias\/eletrobras-elet3-carrefour-brasil-crfb3-destaques\/#primaryimage"},"thumbnailUrl":"https:\/\/files.sunoresearch.com.br\/n\/uploads\/2021\/02\/8ddce5e3-eletrobras-1.jpg","datePublished":"2022-06-13T17:53:49+00:00","description":"A Eletrobras (ELET3) e a Carrefour Brasil (CRFB3) agitam o mercado nesta segunda-feira (13). Saiba mais sobre os destaques de hoje.","breadcrumb":{"@id":"https:\/\/www.suno.com.br\/noticias\/eletrobras-elet3-carrefour-brasil-crfb3-destaques\/#breadcrumb"},"inLanguage":"pt-BR","potentialAction":[{"@type":"ReadAction","target":["https:\/\/www.suno.com.br\/noticias\/eletrobras-elet3-carrefour-brasil-crfb3-destaques\/"]}]},{"@type":"ImageObject","inLanguage":"pt-BR","@id":"https:\/\/www.suno.com.br\/noticias\/eletrobras-elet3-carrefour-brasil-crfb3-destaques\/#primaryimage","url":"https:\/\/files.sunoresearch.com.br\/n\/uploads\/2021\/02\/8ddce5e3-eletrobras-1.jpg","contentUrl":"https:\/\/files.sunoresearch.com.br\/n\/uploads\/2021\/02\/8ddce5e3-eletrobras-1.jpg","width":1200,"height":800,"caption":"Eletrobras (ELET3). Foto: divulga\u00e7\u00e3o."},{"@type":"BreadcrumbList","@id":"https:\/\/www.suno.com.br\/noticias\/eletrobras-elet3-carrefour-brasil-crfb3-destaques\/#breadcrumb","itemListElement":[{"@type":"ListItem","position":1,"name":"Not\u00edcias","item":"https:\/\/www.suno.com.br\/noticias\/"},{"@type":"ListItem","position":2,"name":"Mercado","item":"https:\/\/www.suno.com.br\/noticias\/mercado\/"},{"@type":"ListItem","position":3,"name":"Eletrobras (ELET3) e Carrefour Brasil (CRFB3) agitam o mercado"}]},{"@type":"WebSite","@id":"https:\/\/www.suno.com.br\/noticias\/#website","url":"https:\/\/www.suno.com.br\/noticias\/","name":"Suno Not\u00edcias","description":"Seu portal de informa\u00e7\u00e3o sobre o mundo dos investimentos","publisher":{"@id":"https:\/\/www.suno.com.br\/noticias\/#organization"},"potentialAction":[{"@type":"SearchAction","target":{"@type":"EntryPoint","urlTemplate":"https:\/\/www.suno.com.br\/noticias\/?s={search_term_string}"},"query-input":{"@type":"PropertyValueSpecification","valueRequired":true,"valueName":"search_term_string"}}],"inLanguage":"pt-BR"},{"@type":"Organization","@id":"https:\/\/www.suno.com.br\/noticias\/#organization","name":"Suno Not\u00edcias","url":"https:\/\/www.suno.com.br\/noticias\/","logo":{"@type":"ImageObject","inLanguage":"pt-BR","@id":"https:\/\/www.suno.com.br\/noticias\/#\/schema\/logo\/image\/","url":"https:\/\/files.sunoresearch.com.br\/n\/uploads\/2021\/09\/suno-logo.png","contentUrl":"https:\/\/files.sunoresearch.com.br\/n\/uploads\/2021\/09\/suno-logo.png","width":180,"height":180,"caption":"Suno Not\u00edcias"},"image":{"@id":"https:\/\/www.suno.com.br\/noticias\/#\/schema\/logo\/image\/"},"sameAs":["https:\/\/facebook.com\/sunoresearch","https:\/\/x.com\/sunoresearch","https:\/\/www.instagram.com\/suno","https:\/\/www.linkedin.com\/company\/suno-research\/","https:\/\/www.youtube.com\/c\/sunoresearch"]},{"@type":"Person","@id":"https:\/\/www.suno.com.br\/noticias\/#\/schema\/person\/87fc6973867c52dd884811905c43afba","name":"Jo\u00e3o Vitor","image":{"@type":"ImageObject","inLanguage":"pt-BR","@id":"https:\/\/www.suno.com.br\/noticias\/#\/schema\/person\/image\/","url":"https:\/\/secure.gravatar.com\/avatar\/2843227ca03ccf8cc7ccca45204c127e?s=96&r=g","contentUrl":"https:\/\/secure.gravatar.com\/avatar\/2843227ca03ccf8cc7ccca45204c127e?s=96&r=g","caption":"Jo\u00e3o Vitor"},"description":"Redator profissional, com atua\u00e7\u00e3o no mercado editorial na produ\u00e7\u00e3o de not\u00edcias e conte\u00fados sobre o mercado de a\u00e7\u00f5es, fundos imobili\u00e1rios e economia popular. Graduando em Engenharia Qu\u00edmica pela Unesp, tamb\u00e9m j\u00e1 atuou como consultor financeiro.","url":"https:\/\/www.suno.com.br\/noticias\/author\/joao-vitor-jacintho\/"}]}},"default_loop_html":"<div class=\"cardsPage__listCard__boxs\"><div class=\"cardsPage__listCard__boxs__img\"><a href=\"https:\/\/www.suno.com.br\/noticias\/eletrobras-elet3-carrefour-brasil-crfb3-destaques\/\"><img class=\"mask\" src=\"https:\/\/www.suno.com.br\/noticias\/wp-content\/themes\/suno\/resources\/images\/spotlight\/spotlight1img\/bg-mask.png\" alt=\"Image Mask\"\/><img src=\"https:\/\/files.sunoresearch.com.br\/n\/uploads\/2021\/02\/8ddce5e3-eletrobras-1-400x200.webp\" alt=\"Eletrobras (ELET3) e Carrefour Brasil (CRFB3) agitam o mercado\"\/><\/a><span class=\"spotlightCategory\"><a href=\"https:\/\/www.suno.com.br\/noticias\/mercado\/\">Mercado<\/a><\/span><\/div><div class=\"cardsPage__listCard__boxs__content\"><a href=\"https:\/\/www.suno.com.br\/noticias\/eletrobras-elet3-carrefour-brasil-crfb3-destaques\/\"><h2 class=\"content__title\">Eletrobras (ELET3) e Carrefour Brasil (CRFB3) agitam o mercado<\/h2><\/a><div class=\"newsContent__article__meta\"><div class=\"newsContent__article__meta__authorBox\"><a href=\"https:\/\/www.suno.com.br\/noticias\/author\/joao-vitor-jacintho\/\" class=\"authorBox__avatar noMobi\"><img src=\"https:\/\/secure.gravatar.com\/avatar\/2843227ca03ccf8cc7ccca45204c127e?s=96&#038;r=g\" alt=\"Jo\u00e3o Vitor Jacintho\"><\/a><div class=\"authorBox__name\"><span>por\n\t\t\t<a href=\"https:\/\/www.suno.com.br\/noticias\/author\/joao-vitor-jacintho\/\"><span itemprop=\"author\">Jo\u00e3o Vitor Jacintho<\/span><\/a><\/span><time datetime=\"2022-06-13T14:53:49-03:00\" itemprop=\"datePublished\">13\/06\/2022 14:53<\/time><\/div><\/div><\/div><\/div><\/div>","single_layout":"posts","amp_enabled":true,"_links":{"self":[{"href":"https:\/\/www.suno.com.br\/noticias\/wp-json\/wp\/v2\/posts\/267106"}],"collection":[{"href":"https:\/\/www.suno.com.br\/noticias\/wp-json\/wp\/v2\/posts"}],"about":[{"href":"https:\/\/www.suno.com.br\/noticias\/wp-json\/wp\/v2\/types\/post"}],"author":[{"embeddable":true,"href":"https:\/\/www.suno.com.br\/noticias\/wp-json\/wp\/v2\/users\/173"}],"replies":[{"embeddable":true,"href":"https:\/\/www.suno.com.br\/noticias\/wp-json\/wp\/v2\/comments?post=267106"}],"version-history":[{"count":3,"href":"https:\/\/www.suno.com.br\/noticias\/wp-json\/wp\/v2\/posts\/267106\/revisions"}],"predecessor-version":[{"id":267168,"href":"https:\/\/www.suno.com.br\/noticias\/wp-json\/wp\/v2\/posts\/267106\/revisions\/267168"}],"wp:featuredmedia":[{"embeddable":true,"href":"https:\/\/www.suno.com.br\/noticias\/wp-json\/wp\/v2\/media\/117670"}],"wp:attachment":[{"href":"https:\/\/www.suno.com.br\/noticias\/wp-json\/wp\/v2\/media?parent=267106"}],"wp:term":[{"taxonomy":"category","embeddable":true,"href":"https:\/\/www.suno.com.br\/noticias\/wp-json\/wp\/v2\/categories?post=267106"},{"taxonomy":"post_tag","embeddable":true,"href":"https:\/\/www.suno.com.br\/noticias\/wp-json\/wp\/v2\/tags?post=267106"},{"taxonomy":"suno_strategy","embeddable":true,"href":"https:\/\/www.suno.com.br\/noticias\/wp-json\/wp\/v2\/suno_strategy?post=267106"}],"curies":[{"name":"wp","href":"https:\/\/api.w.org\/{rel}","templated":true}]}}