{"id":267029,"date":"2022-06-13T11:19:54","date_gmt":"2022-06-13T14:19:54","guid":{"rendered":"https:\/\/www.suno.com.br\/noticias\/?p=267029"},"modified":"2022-06-13T13:12:27","modified_gmt":"2022-06-13T16:12:27","slug":"ibovespa-queda-magazine-luiza-mglu3-2","status":"publish","type":"post","link":"https:\/\/www.suno.com.br\/noticias\/ibovespa-queda-magazine-luiza-mglu3-2\/","title":{"rendered":"Ibovespa opera em forte queda, em linha com exterior; Magazine Luiza (MGLU3) tomba"},"content":{"rendered":"<p>O <strong>Ibovespa<\/strong> opera em queda de 2,26% nesta segunda-feira (13), abrindo a semana em baixa generalizada das a\u00e7\u00f5es, em meio \u00e0s preocupa\u00e7\u00f5es com restri\u00e7\u00f5es na China, al\u00e9m do aumento da infla\u00e7\u00e3o nos Estados Unidos.<\/p>\t<div class=\"wrapper-featured-image\">\n\t\t<figure class=\"spotlightImg\">\n\n\t\t\t<picture>\n\t\t\t\t<source media=\"(max-width: 768px)\" srcset=\"https:\/\/files.sunoresearch.com.br\/n\/uploads\/2022\/06\/Ibovespa-hoje-2-400x200.jpg\">\n\t\t\t\t<img loading=\"lazy\" decoding=\"async\" class=\"newsContent__article__imgCapa lazyloadDisabled \" src=\"https:\/\/files.sunoresearch.com.br\/n\/uploads\/2022\/06\/Ibovespa-hoje-2-800x450.jpg\" width=\"800\" height=\"450\" alt=\"Ibovespa opera em forte queda, em linha com exterior; Magazine Luiza (MGLU3) tomba\" fetchpriority=high \/>\n\t\t\t<\/picture>\n\n\t\t\t<figcaption class=\"wp-caption-text wp-caption-text--show\">Ibovespa hoje. Foto: Pixabay<\/figcaption>\n\t\t<\/figure>\n\t<\/div>\n\n\n\t<p>\n\t\t<a href=\"\" target=\"_blank\" data-element=\"shortcode-suno-banner\" title=\"Banner SUNO, clique e saiba mais\">\n\t\t\t<picture>\n\t\t\t\t<source media=\"(max-width: 500px)\" srcset=\"\">\n\t\t\t\t<img class=\"newsContent__article__imgCapa newsContent__article__imgCapa--banner\"\n\t\t\t\t\tsrc=\"\"\n\t\t\t\t\tdata-promo-id=\"138420\"\t\t\t\t\t\t\t\t\t\t\t\t\t\t\talt=\"\"\n\t\t\t\t>\n\t\t\t<\/picture>\n\t\t<\/a>\n\t<\/p>\n\n\n<p>No Brasil, a <strong>bolsa de valores hoje<\/strong> est\u00e1 em linha com o mercado externo. As bolsas europeias e dos Estados Unidos est\u00e3o majoritariamente em queda na sess\u00e3o de hoje. O S&amp;P 500 cai 2,50%, enquanto a Nasdaq tem uma desvaloriza\u00e7\u00e3o de 3,01%, por volta das 10h48.<\/p>\n<p>Todas as a\u00e7\u00f5es do <strong>\u00edndice Bovespa<\/strong> tem queda na manh\u00e3 desta segunda-feira, mas algumas acabaram se destacando com um melhor desempenho que as demais. Uma das empresas com uma performance melhor \u00e9 a <a href=\"https:\/\/www.suno.com.br\/acoes\/taee11\/\" target=\"_blank\" rel=\"noopener\">Taesa (TAEE11)<\/a>, com uma queda de 0,17%, seguida pela <a href=\"https:\/\/www.suno.com.br\/acoes\/suzb3\/\" target=\"_blank\" rel=\"noopener\">Suzano (SUZB3)<\/a>, que caiu 0,19%.<\/p>\n\t<div data-element=\"shortcode-read-more\" class=\"knowMore\">\n\t\t\t\t<span class=\"knowMore__title\">Veja mais:<\/span>\n\t\t\t\t<a class=\"knowMore__link\" href=\"https:\/\/www.suno.com.br\/noticias\/carrefour-crfb3-investira-lojas-grupo-big\/\">\n\t\t\tCarrefour (CRFB3) investir\u00e1 R$ 2,1 bilh\u00f5es para &#039;converter&#039; 124 lojas do Grupo Big\t\t<\/a>\n\t<\/div>\n\n\n<p>Na lista de maiores quedas do dia se destacou a <a href=\"https:\/\/www.suno.com.br\/acoes\/viia3\/\" target=\"_blank\" rel=\"noopener\">Via S\/A (VIIA3)<\/a> que se desvaloriza 6,71%. A segunda empresa com maior baixa da sess\u00e3o \u00e9 a <a href=\"https:\/\/www.suno.com.br\/acoes\/mglu3\/\" target=\"_blank\" rel=\"noopener\">Magazine Luiza (MGLU3)<\/a>, que varia -6,21%. A <a href=\"https:\/\/www.suno.com.br\/acoes\/vale3\/\" target=\"_blank\" rel=\"noopener\">Vale (VALE3)<\/a> tamb\u00e9m cai mais 4% com a ascens\u00e3o do pre\u00e7o do min\u00e9rio de ferro.<\/p>\n<h2>Not\u00edcias que movimentam o Ibovespa hoje<\/h2>\n<ul>\n<li>Petrobras (PETR4) recebe intima\u00e7\u00e3o que paralisa negocia\u00e7\u00f5es da venda de campos de produ\u00e7\u00e3o no Polo Bahia Terra<\/li>\n<li>Eletrobras (ELET3) ter\u00e1 novas a\u00e7\u00f5es negociadas hoje (13) na bolsa de valores (B3)<\/li>\n<li>Carrefour Brasil (CRFB3) investir\u00e1 R$ 2,1 bilh\u00f5es para converter 124 unidades do Grupo Big<\/li>\n<\/ul>\n\t<p>\n\t\t<a href=\"https:\/\/lp.suno.com.br\/planilha-controle-gastos\/\" target=\"_blank\" data-element=\"shortcode-suno-banner\" title=\"Banner SUNO, clique e saiba mais\">\n\t\t\t<picture>\n\t\t\t\t<source media=\"(max-width: 500px)\" srcset=\"https:\/\/files.sunoresearch.com.br\/n\/uploads\/2023\/03\/400x300-Planilha-controle-de-gastos.png\">\n\t\t\t\t<img class=\"newsContent__article__imgCapa newsContent__article__imgCapa--banner\"\n\t\t\t\t\tsrc=\"https:\/\/files.sunoresearch.com.br\/n\/uploads\/2023\/03\/1420x240-Planilha-controle-de-gastos.png\"\n\t\t\t\t\tdata-promo-id=\"101751\"\t\t\t\t\t\t\t\t\t\twidth='1420' height='240'\t\t\t\t\talt=\"https:\/\/files.sunoresearch.com.br\/n\/uploads\/2023\/03\/1420x240-Planilha-controle-de-gastos.png\"\n\t\t\t\t>\n\t\t\t<\/picture>\n\t\t<\/a>\n\t<\/p>\n\n\n<h2>Petrobras recebe intima\u00e7\u00e3o que paralisa negocia\u00e7\u00f5es da venda de campos de produ\u00e7\u00e3o no Polo Bahia Terra<\/h2>\n<p>Um dos assuntos que impactam a <strong>cota\u00e7\u00e3o do Ibovespa<\/strong> \u00e9 a <a href=\"https:\/\/www.suno.com.br\/acoes\/petr4\/\" target=\"_blank\" rel=\"noopener\">Petrobras (PETR4)<\/a>, que informou nesta \u00faltima sexta-feira (13), que recebeu uma intima\u00e7\u00e3o no dia 9 de junho de 2022, referente a decis\u00e3o Tribunal de Justi\u00e7a do Estado do Rio de Janeiro, em que ocorre a paralisa\u00e7\u00e3o das negocia\u00e7\u00f5es de contrato para a venda dos campos de produ\u00e7\u00e3o terrestre do Polo Bahia Terra.<\/p>\n<p>O processo de negocia\u00e7\u00e3o ocorria com o cons\u00f3rcio de empresas Petrorec\u00f4ncavo e Eneva, e envolve a venda de campos de produ\u00e7\u00e3o terrestres que ficam na Bacia do Rec\u00f4ncavo e Tucano. A Petrobras (PETR4) diz que est\u00e1 tomando todas medidas cab\u00edveis para atender os seus interesses e de seus investidores.<\/p>\n<p>Al\u00e9m disso, a companhia ainda refor\u00e7a a ado\u00e7\u00e3o do &#8220;processo competitivo do Polo Bahia Terra \u00e0s suas normas internas e disposi\u00e7\u00f5es do procedimento especial de cess\u00e3o de direitos de explora\u00e7\u00e3o, desenvolvimento e produ\u00e7\u00e3o de petr\u00f3leo, g\u00e1s natural e outros hidrocarbonetos fluidos&#8221;, informou a Petrobras em documento divulgado ao mercado.<\/p>\n\t<p>\n\t\t<a href=\"https:\/\/lp.suno.com.br\/planilha-da-vida-financeira\/\" target=\"_blank\" data-element=\"shortcode-suno-banner\" title=\"Banner SUNO, clique e saiba mais\">\n\t\t\t<picture>\n\t\t\t\t<source media=\"(max-width: 500px)\" srcset=\"https:\/\/files.sunoresearch.com.br\/n\/uploads\/2023\/04\/400x300-Planilha-vida-financeira-true.png\">\n\t\t\t\t<img class=\"newsContent__article__imgCapa newsContent__article__imgCapa--banner\"\n\t\t\t\t\tsrc=\"https:\/\/files.sunoresearch.com.br\/n\/uploads\/2023\/04\/1420x240-Planilha-vida-financeira-true.png\"\n\t\t\t\t\tdata-promo-id=\"106682\"\t\t\t\t\t\t\t\t\t\twidth='1420' height='240'\t\t\t\t\talt=\"https:\/\/files.sunoresearch.com.br\/n\/uploads\/2023\/04\/1420x240-Planilha-vida-financeira-true.png\"\n\t\t\t\t>\n\t\t\t<\/picture>\n\t\t<\/a>\n\t<\/p>\n\n\n<h2>Eletrobras ter\u00e1 novas a\u00e7\u00f5es negociadas hoje (13) na bolsa de valores (B3)<\/h2>\n<p>Al\u00e9m disso, outro tema de relev\u00e2ncia na <strong>movimenta\u00e7\u00e3o do Ibovespa<\/strong> \u00e9 a <a href=\"https:\/\/www.suno.com.br\/acoes\/elet3\/\" target=\"_blank\" rel=\"noopener\">Eletrobras (ELET3)<\/a>. Ap\u00f3s sua privatiza\u00e7\u00e3o, novas a\u00e7\u00f5es da companhia passaram a ser negociadas na bolsa de valores hoje (13) e estreiam em baixa com temores do mercado sobre novas medidas restritivas na China e a infla\u00e7\u00e3o em alta nos EUA, que aumenta a perspectiva de aumento dos juros.<\/p>\n<p>As a\u00e7\u00f5es da Eletrobras (ELET3) tem queda de 2,56%, enquanto os pap\u00e9is da ELET6 se desvalorizam 0,88%. O volume pode alcan\u00e7ar a marca dos R$ 33,7 bilh\u00f5es, em meio ao pre\u00e7o fixado por a\u00e7\u00e3o de R$ 42. Se trata da terceira maior opera\u00e7\u00e3o do mundo no ano de 2022, segundo informa\u00e7\u00f5es da Dealogic.<\/p>\n<p>Al\u00e9m disso, a liquida\u00e7\u00e3o das a\u00e7\u00f5es da Eletrobras vai ocorrer at\u00e9 amanh\u00e3 (14), \u00e0s 10h. A empresa, juntamente com o governo, est\u00e1 trabalhando para assinar novos contratos de concess\u00e3o, que inclui 22 usinas hidrel\u00e9tricas. Estas, por sua vez, poder\u00e3o vender energia com pre\u00e7os de mercado, conforme Ambiente de Comercializa\u00e7\u00e3o Livre (ACL).<\/p>\n<p>As concess\u00f5es t\u00eam um volume total de R$ 67 milh\u00f5es, dos quais R$ 25,3 bilh\u00f5es tem como destino a Uni\u00e3o, para bonifica\u00e7\u00e3o da outorga de novos contratos, com um prazo um 30 anos. O montante total foi definido pelo Conselho Nacional de Pol\u00edtica Energ\u00e9tica (CNPE). Com a privatiza\u00e7\u00e3o da Eletrobras, boa parte dos contratos ser\u00e3o retirados do regime de cotas, se inserindo no regime independente, fazendo com que a empresa tenha mais liberdade para negociar.<\/p>\n<p>Os novos contratos de concess\u00e3o incluem as usinas Mascarenhas, Sobradinho, Tucuru\u00ed e Itumbiara. As novas assinaturas poder\u00e3o ocorrer no pr\u00f3ximo m\u00eas, segundo informa\u00e7\u00f5es do Broadcast, embora os recursos n\u00e3o estejam previstos no Or\u00e7amento da Uni\u00e3o de 2022.<\/p>\n<h2>Carrefour Brasil investir\u00e1 R$ 2,1 bilh\u00f5es para converter 124 unidades do Grupo Big<\/h2>\n<p>Do mesmo modo, outro assunto que mexe com o <strong>Ibovespa hoje<\/strong> \u00e9 o <a href=\"https:\/\/www.suno.com.br\/acoes\/crfb3\/\" target=\"_blank\" rel=\"noopener\">Carrefour Brasil (CRFB3)<\/a>, que divulgou ao mercado que vai realizar um investimento de R$ 2,1 bilh\u00f5es para converter mais de 33% das unidades do Grupo Big, como parte do processo de integra\u00e7\u00e3o das empresas. Desse modo, de um total de 374 lojas, 124 ser\u00e3o convertidas pelo Carrefour, processo que tem como prazo previsto de encerramento o final de 2023, embora seja iniciado nesse momento.<\/p>\n\t<p>\n\t\t<a href=\"https:\/\/lp.suno.com.br\/ebook-como-analisar-uma-acao\/\" target=\"_blank\" data-element=\"shortcode-suno-banner\" title=\"Banner SUNO, clique e saiba mais\">\n\t\t\t<picture>\n\t\t\t\t<source media=\"(max-width: 500px)\" srcset=\"https:\/\/files.sunoresearch.com.br\/n\/uploads\/2023\/03\/Ebook-Acoes-Mobile-1.jpg\">\n\t\t\t\t<img class=\"newsContent__article__imgCapa newsContent__article__imgCapa--banner\"\n\t\t\t\t\tsrc=\"https:\/\/files.sunoresearch.com.br\/n\/uploads\/2023\/03\/Ebook-Acoes-Desktop-1.jpg\"\n\t\t\t\t\tdata-promo-id=\"171998\"\t\t\t\t\t\t\t\t\t\twidth='1420' height='286'\t\t\t\t\talt=\"https:\/\/files.sunoresearch.com.br\/n\/uploads\/2023\/03\/Ebook-Acoes-Desktop-1.jpg\"\n\t\t\t\t>\n\t\t\t<\/picture>\n\t\t<\/a>\n\t<\/p>\n\n\n<p>O fato foi divulgado neste domingo (12) ao mercado, atrav\u00e9s de apresenta\u00e7\u00e3o publicada na Comiss\u00e3o de Valores Mobili\u00e1rios (CVM). As convers\u00f5es incluem 38 lojas do Maxxi Atacado, assim como 28 do Big e 4 do TodoDia. Nesse processo, estas lojas v\u00e3o operar sob a marca Atacad\u00e3o, que pertence ao Grupo Carrefour. Al\u00e9m disso, 47 lojas do Big v\u00e3o de fato se tornar Carrefour e outras 7 unidades v\u00e3o virar Sam\u2019s Club.<\/p>\n<p>Do total de R$ 2,1 bilh\u00f5es em recursos estimados para essas convers\u00f5es, cerca de R$ 1,9 bilh\u00e3o v\u00eam de investimentos e outros R$ 200 milh\u00f5es s\u00e3o de despesas operacionais, conforme destacado durante a apresenta\u00e7\u00e3o.<\/p>\n<h2>Menores baixas do Ibovespa<\/h2>\n<p>As a\u00e7\u00f5es com os melhores desempenhos do Ibovespa, por volta das 10h41, eram:<\/p>\n<ul>\n<li>TAEE11: -0,17%<\/li>\n<li>SUZB3: -0,19%<\/li>\n<li>EGIE3: -0,66%<\/li>\n<li>ABEV3: -0,74%<\/li>\n<li>CIEL3: -0,79%<\/li>\n<\/ul>\n<h2>Maiores baixas do Ibovespa<\/h2>\n<p>As maiores baixas do Ibovespa, por volta das 10h41, eram:<\/p>\n<ul>\n<li>VIIA3: -6,71%<\/li>\n<li>MGLU3: -6,21%<\/li>\n<li>LWSA3: -6,18%<\/li>\n<li>AMER3: -6,11%<\/li>\n<li>COGN3: -5,98%<\/li>\n<\/ul>\n<h2>\u00daltima cota\u00e7\u00e3o do Ibovespa<\/h2>\n<p>Nesta sexta-feira (10), o<strong> Ibovespa<\/strong> terminou o \u00faltimo preg\u00e3o semanal em queda de 1,51%, encerrando a semana em baixa de 5,06%.<\/p>\n\t<p>\n\t\t<a href=\"https:\/\/lp.suno.com.br\/planilha-de-controle-de-investimentos\/\" target=\"_blank\" data-element=\"shortcode-suno-banner\" title=\"Banner SUNO, clique e saiba mais\">\n\t\t\t<picture>\n\t\t\t\t<source media=\"(max-width: 500px)\" srcset=\"https:\/\/files.sunoresearch.com.br\/n\/uploads\/2023\/03\/400x300-Controle-de-Investimentos.png\">\n\t\t\t\t<img class=\"newsContent__article__imgCapa newsContent__article__imgCapa--banner\"\n\t\t\t\t\tsrc=\"https:\/\/files.sunoresearch.com.br\/n\/uploads\/2023\/03\/1420x240-Controle-de-Investimentos.png\"\n\t\t\t\t\tdata-promo-id=\"75934\"\t\t\t\t\t\t\t\t\t\twidth='1420' height='240'\t\t\t\t\talt=\"https:\/\/files.sunoresearch.com.br\/n\/uploads\/2023\/03\/1420x240-Controle-de-Investimentos.png\"\n\t\t\t\t>\n\t\t\t<\/picture>\n\t\t<\/a>\n\t<\/p>\n\n\n","protected":false},"excerpt":{"rendered":"<p>O Ibovespa opera em queda de 2,26% nesta segunda-feira (13), abrindo a semana em baixa generalizada das a\u00e7\u00f5es, em meio \u00e0s preocupa\u00e7\u00f5es com restri\u00e7\u00f5es na China, al\u00e9m do aumento da infla\u00e7\u00e3o nos Estados Unidos. Ibovespa hoje. Foto: Pixabay No Brasil, a bolsa de valores hoje est\u00e1 em linha com o mercado externo. As bolsas europeias [&hellip;]<\/p>\n","protected":false},"author":173,"featured_media":267049,"comment_status":"closed","ping_status":"closed","sticky":false,"template":"","format":"standard","meta":[],"categories":[60],"tags":[359,106605,405,423,2257,455,465,721,548,595,648,649],"suno_strategy":[],"class_list":["post-267029","post","type-post","status-publish","format-standard","has-post-thumbnail","hentry","category-mercado","tag-ambev-abev3","tag-americanas-s-a-amer3","tag-carrefour-crfb3","tag-cielo-ciel3","tag-cogna-cogn3","tag-eletrobras-elet3-elet5-elet6","tag-engie-egie3","tag-ibovespa","tag-magazine-luiza-mglu3","tag-petrobras-petr4","tag-suzano-suzb3","tag-taesa-taee11-taee3-taee4"],"yoast_head":"<!-- This site is optimized with the Yoast SEO plugin v24.4 - https:\/\/yoast.com\/wordpress\/plugins\/seo\/ -->\n<title>Ibovespa em queda, com Magazine Luiza (MGLU3) entre os destaques<\/title>\n<meta name=\"description\" content=\"Ibovespa tem queda generalizada em suas a\u00e7\u00f5es, com Magazine Luiza (MGLU3) entre os destaques de baixa. Saiba mais sobre o Ibovespa.\" \/>\n<meta name=\"robots\" content=\"index, follow, max-snippet:-1, max-image-preview:large, max-video-preview:-1\" \/>\n<link rel=\"canonical\" href=\"https:\/\/www.suno.com.br\/noticias\/ibovespa-queda-magazine-luiza-mglu3-2\/\" \/>\n<meta property=\"og:locale\" content=\"pt_BR\" \/>\n<meta property=\"og:type\" content=\"article\" \/>\n<meta property=\"og:title\" content=\"Ibovespa em queda, com Magazine Luiza (MGLU3) entre os destaques\" \/>\n<meta property=\"og:description\" content=\"Ibovespa tem queda generalizada em suas a\u00e7\u00f5es, com Magazine Luiza (MGLU3) entre os destaques de baixa. Saiba mais sobre o Ibovespa.\" \/>\n<meta property=\"og:url\" content=\"https:\/\/www.suno.com.br\/noticias\/ibovespa-queda-magazine-luiza-mglu3-2\/\" \/>\n<meta property=\"og:site_name\" content=\"Suno Not\u00edcias\" \/>\n<meta property=\"article:publisher\" content=\"https:\/\/facebook.com\/sunoresearch\" \/>\n<meta property=\"og:image\" content=\"https:\/\/files.sunoresearch.com.br\/n\/uploads\/2022\/06\/Ibovespa-hoje-2.jpg\" \/>\n\t<meta property=\"og:image:width\" content=\"1280\" \/>\n\t<meta property=\"og:image:height\" content=\"718\" \/>\n\t<meta property=\"og:image:type\" content=\"image\/jpeg\" \/>\n<meta name=\"author\" content=\"Jo\u00e3o Vitor\" \/>\n<meta name=\"twitter:card\" content=\"summary_large_image\" \/>\n<meta name=\"twitter:creator\" content=\"@sunoresearch\" \/>\n<meta name=\"twitter:site\" content=\"@sunoresearch\" \/>\n<meta name=\"twitter:label1\" content=\"Escrito por\" \/>\n\t<meta name=\"twitter:data1\" content=\"Jo\u00e3o Vitor\" \/>\n\t<meta name=\"twitter:label2\" content=\"Est. tempo de leitura\" \/>\n\t<meta name=\"twitter:data2\" content=\"5 minutos\" \/>\n<script type=\"application\/ld+json\" class=\"yoast-schema-graph\">{\"@context\":\"https:\/\/schema.org\",\"@graph\":[{\"@type\":\"NewsArticle\",\"@id\":\"https:\/\/www.suno.com.br\/noticias\/ibovespa-queda-magazine-luiza-mglu3-2\/#article\",\"isPartOf\":{\"@id\":\"https:\/\/www.suno.com.br\/noticias\/ibovespa-queda-magazine-luiza-mglu3-2\/\"},\"author\":{\"name\":\"Jo\u00e3o Vitor\",\"@id\":\"https:\/\/www.suno.com.br\/noticias\/#\/schema\/person\/87fc6973867c52dd884811905c43afba\"},\"headline\":\"Ibovespa opera em forte queda, em linha com exterior; Magazine Luiza (MGLU3) tomba\",\"datePublished\":\"2022-06-13T14:19:54+00:00\",\"dateModified\":\"2022-06-13T16:12:27+00:00\",\"mainEntityOfPage\":{\"@id\":\"https:\/\/www.suno.com.br\/noticias\/ibovespa-queda-magazine-luiza-mglu3-2\/\"},\"wordCount\":1060,\"publisher\":{\"@id\":\"https:\/\/www.suno.com.br\/noticias\/#organization\"},\"image\":{\"@id\":\"https:\/\/www.suno.com.br\/noticias\/ibovespa-queda-magazine-luiza-mglu3-2\/#primaryimage\"},\"thumbnailUrl\":\"https:\/\/files.sunoresearch.com.br\/n\/uploads\/2022\/06\/Ibovespa-hoje-2.jpg\",\"keywords\":[\"AMBEV (ABEV3)\",\"Americanas (AMER3)\",\"Carrefour (CRFB3)\",\"Cielo (CIEL3)\",\"Cogna (COGN3)\",\"Eletrobras (ELET3\/ELET5\/ELET6)\",\"Engie (EGIE3)\",\"Ibovespa\",\"Magazine Luiza (MGLU3)\",\"Petrobras (PETR4)\",\"Suzano (SUZB3)\",\"Taesa (TAEE11\/TAEE3\/TAEE4)\"],\"articleSection\":[\"Mercado\"],\"inLanguage\":\"pt-BR\"},{\"@type\":\"WebPage\",\"@id\":\"https:\/\/www.suno.com.br\/noticias\/ibovespa-queda-magazine-luiza-mglu3-2\/\",\"url\":\"https:\/\/www.suno.com.br\/noticias\/ibovespa-queda-magazine-luiza-mglu3-2\/\",\"name\":\"Ibovespa em queda, com Magazine Luiza (MGLU3) entre os destaques\",\"isPartOf\":{\"@id\":\"https:\/\/www.suno.com.br\/noticias\/#website\"},\"primaryImageOfPage\":{\"@id\":\"https:\/\/www.suno.com.br\/noticias\/ibovespa-queda-magazine-luiza-mglu3-2\/#primaryimage\"},\"image\":{\"@id\":\"https:\/\/www.suno.com.br\/noticias\/ibovespa-queda-magazine-luiza-mglu3-2\/#primaryimage\"},\"thumbnailUrl\":\"https:\/\/files.sunoresearch.com.br\/n\/uploads\/2022\/06\/Ibovespa-hoje-2.jpg\",\"datePublished\":\"2022-06-13T14:19:54+00:00\",\"dateModified\":\"2022-06-13T16:12:27+00:00\",\"description\":\"Ibovespa tem queda generalizada em suas a\u00e7\u00f5es, com Magazine Luiza (MGLU3) entre os destaques de baixa. Saiba mais sobre o Ibovespa.\",\"breadcrumb\":{\"@id\":\"https:\/\/www.suno.com.br\/noticias\/ibovespa-queda-magazine-luiza-mglu3-2\/#breadcrumb\"},\"inLanguage\":\"pt-BR\",\"potentialAction\":[{\"@type\":\"ReadAction\",\"target\":[\"https:\/\/www.suno.com.br\/noticias\/ibovespa-queda-magazine-luiza-mglu3-2\/\"]}]},{\"@type\":\"ImageObject\",\"inLanguage\":\"pt-BR\",\"@id\":\"https:\/\/www.suno.com.br\/noticias\/ibovespa-queda-magazine-luiza-mglu3-2\/#primaryimage\",\"url\":\"https:\/\/files.sunoresearch.com.br\/n\/uploads\/2022\/06\/Ibovespa-hoje-2.jpg\",\"contentUrl\":\"https:\/\/files.sunoresearch.com.br\/n\/uploads\/2022\/06\/Ibovespa-hoje-2.jpg\",\"width\":1280,\"height\":718,\"caption\":\"Ibovespa hoje. Foto: Pixabay\"},{\"@type\":\"BreadcrumbList\",\"@id\":\"https:\/\/www.suno.com.br\/noticias\/ibovespa-queda-magazine-luiza-mglu3-2\/#breadcrumb\",\"itemListElement\":[{\"@type\":\"ListItem\",\"position\":1,\"name\":\"Not\u00edcias\",\"item\":\"https:\/\/www.suno.com.br\/noticias\/\"},{\"@type\":\"ListItem\",\"position\":2,\"name\":\"Mercado\",\"item\":\"https:\/\/www.suno.com.br\/noticias\/mercado\/\"},{\"@type\":\"ListItem\",\"position\":3,\"name\":\"Ibovespa opera em forte queda, em linha com exterior; Magazine Luiza (MGLU3) tomba\"}]},{\"@type\":\"WebSite\",\"@id\":\"https:\/\/www.suno.com.br\/noticias\/#website\",\"url\":\"https:\/\/www.suno.com.br\/noticias\/\",\"name\":\"Suno Not\u00edcias\",\"description\":\"Seu portal de informa\u00e7\u00e3o sobre o mundo dos investimentos\",\"publisher\":{\"@id\":\"https:\/\/www.suno.com.br\/noticias\/#organization\"},\"potentialAction\":[{\"@type\":\"SearchAction\",\"target\":{\"@type\":\"EntryPoint\",\"urlTemplate\":\"https:\/\/www.suno.com.br\/noticias\/?s={search_term_string}\"},\"query-input\":{\"@type\":\"PropertyValueSpecification\",\"valueRequired\":true,\"valueName\":\"search_term_string\"}}],\"inLanguage\":\"pt-BR\"},{\"@type\":\"Organization\",\"@id\":\"https:\/\/www.suno.com.br\/noticias\/#organization\",\"name\":\"Suno Not\u00edcias\",\"url\":\"https:\/\/www.suno.com.br\/noticias\/\",\"logo\":{\"@type\":\"ImageObject\",\"inLanguage\":\"pt-BR\",\"@id\":\"https:\/\/www.suno.com.br\/noticias\/#\/schema\/logo\/image\/\",\"url\":\"https:\/\/files.sunoresearch.com.br\/n\/uploads\/2021\/09\/suno-logo.png\",\"contentUrl\":\"https:\/\/files.sunoresearch.com.br\/n\/uploads\/2021\/09\/suno-logo.png\",\"width\":180,\"height\":180,\"caption\":\"Suno Not\u00edcias\"},\"image\":{\"@id\":\"https:\/\/www.suno.com.br\/noticias\/#\/schema\/logo\/image\/\"},\"sameAs\":[\"https:\/\/facebook.com\/sunoresearch\",\"https:\/\/x.com\/sunoresearch\",\"https:\/\/www.instagram.com\/suno\",\"https:\/\/www.linkedin.com\/company\/suno-research\/\",\"https:\/\/www.youtube.com\/c\/sunoresearch\"]},{\"@type\":\"Person\",\"@id\":\"https:\/\/www.suno.com.br\/noticias\/#\/schema\/person\/87fc6973867c52dd884811905c43afba\",\"name\":\"Jo\u00e3o Vitor\",\"image\":{\"@type\":\"ImageObject\",\"inLanguage\":\"pt-BR\",\"@id\":\"https:\/\/www.suno.com.br\/noticias\/#\/schema\/person\/image\/\",\"url\":\"https:\/\/secure.gravatar.com\/avatar\/2843227ca03ccf8cc7ccca45204c127e?s=96&r=g\",\"contentUrl\":\"https:\/\/secure.gravatar.com\/avatar\/2843227ca03ccf8cc7ccca45204c127e?s=96&r=g\",\"caption\":\"Jo\u00e3o Vitor\"},\"description\":\"Redator profissional, com atua\u00e7\u00e3o no mercado editorial na produ\u00e7\u00e3o de not\u00edcias e conte\u00fados sobre o mercado de a\u00e7\u00f5es, fundos imobili\u00e1rios e economia popular. Graduando em Engenharia Qu\u00edmica pela Unesp, tamb\u00e9m j\u00e1 atuou como consultor financeiro.\",\"url\":\"https:\/\/www.suno.com.br\/noticias\/author\/joao-vitor-jacintho\/\"}]}<\/script>\n<!-- \/ Yoast SEO plugin. -->","yoast_head_json":{"title":"Ibovespa em queda, com Magazine Luiza (MGLU3) entre os destaques","description":"Ibovespa tem queda generalizada em suas a\u00e7\u00f5es, com Magazine Luiza (MGLU3) entre os destaques de baixa. Saiba mais sobre o Ibovespa.","robots":{"index":"index","follow":"follow","max-snippet":"max-snippet:-1","max-image-preview":"max-image-preview:large","max-video-preview":"max-video-preview:-1"},"canonical":"https:\/\/www.suno.com.br\/noticias\/ibovespa-queda-magazine-luiza-mglu3-2\/","og_locale":"pt_BR","og_type":"article","og_title":"Ibovespa em queda, com Magazine Luiza (MGLU3) entre os destaques","og_description":"Ibovespa tem queda generalizada em suas a\u00e7\u00f5es, com Magazine Luiza (MGLU3) entre os destaques de baixa. Saiba mais sobre o Ibovespa.","og_url":"https:\/\/www.suno.com.br\/noticias\/ibovespa-queda-magazine-luiza-mglu3-2\/","og_site_name":"Suno Not\u00edcias","article_publisher":"https:\/\/facebook.com\/sunoresearch","og_image":[{"width":1280,"height":718,"url":"https:\/\/files.sunoresearch.com.br\/n\/uploads\/2022\/06\/Ibovespa-hoje-2.jpg","type":"image\/jpeg"}],"author":"Jo\u00e3o Vitor","twitter_card":"summary_large_image","twitter_creator":"@sunoresearch","twitter_site":"@sunoresearch","twitter_misc":{"Escrito por":"Jo\u00e3o Vitor","Est. tempo de leitura":"5 minutos"},"schema":{"@context":"https:\/\/schema.org","@graph":[{"@type":"NewsArticle","@id":"https:\/\/www.suno.com.br\/noticias\/ibovespa-queda-magazine-luiza-mglu3-2\/#article","isPartOf":{"@id":"https:\/\/www.suno.com.br\/noticias\/ibovespa-queda-magazine-luiza-mglu3-2\/"},"author":{"name":"Jo\u00e3o Vitor","@id":"https:\/\/www.suno.com.br\/noticias\/#\/schema\/person\/87fc6973867c52dd884811905c43afba"},"headline":"Ibovespa opera em forte queda, em linha com exterior; Magazine Luiza (MGLU3) tomba","datePublished":"2022-06-13T14:19:54+00:00","dateModified":"2022-06-13T16:12:27+00:00","mainEntityOfPage":{"@id":"https:\/\/www.suno.com.br\/noticias\/ibovespa-queda-magazine-luiza-mglu3-2\/"},"wordCount":1060,"publisher":{"@id":"https:\/\/www.suno.com.br\/noticias\/#organization"},"image":{"@id":"https:\/\/www.suno.com.br\/noticias\/ibovespa-queda-magazine-luiza-mglu3-2\/#primaryimage"},"thumbnailUrl":"https:\/\/files.sunoresearch.com.br\/n\/uploads\/2022\/06\/Ibovespa-hoje-2.jpg","keywords":["AMBEV (ABEV3)","Americanas (AMER3)","Carrefour (CRFB3)","Cielo (CIEL3)","Cogna (COGN3)","Eletrobras (ELET3\/ELET5\/ELET6)","Engie (EGIE3)","Ibovespa","Magazine Luiza (MGLU3)","Petrobras (PETR4)","Suzano (SUZB3)","Taesa (TAEE11\/TAEE3\/TAEE4)"],"articleSection":["Mercado"],"inLanguage":"pt-BR"},{"@type":"WebPage","@id":"https:\/\/www.suno.com.br\/noticias\/ibovespa-queda-magazine-luiza-mglu3-2\/","url":"https:\/\/www.suno.com.br\/noticias\/ibovespa-queda-magazine-luiza-mglu3-2\/","name":"Ibovespa em queda, com Magazine Luiza (MGLU3) entre os destaques","isPartOf":{"@id":"https:\/\/www.suno.com.br\/noticias\/#website"},"primaryImageOfPage":{"@id":"https:\/\/www.suno.com.br\/noticias\/ibovespa-queda-magazine-luiza-mglu3-2\/#primaryimage"},"image":{"@id":"https:\/\/www.suno.com.br\/noticias\/ibovespa-queda-magazine-luiza-mglu3-2\/#primaryimage"},"thumbnailUrl":"https:\/\/files.sunoresearch.com.br\/n\/uploads\/2022\/06\/Ibovespa-hoje-2.jpg","datePublished":"2022-06-13T14:19:54+00:00","dateModified":"2022-06-13T16:12:27+00:00","description":"Ibovespa tem queda generalizada em suas a\u00e7\u00f5es, com Magazine Luiza (MGLU3) entre os destaques de baixa. Saiba mais sobre o Ibovespa.","breadcrumb":{"@id":"https:\/\/www.suno.com.br\/noticias\/ibovespa-queda-magazine-luiza-mglu3-2\/#breadcrumb"},"inLanguage":"pt-BR","potentialAction":[{"@type":"ReadAction","target":["https:\/\/www.suno.com.br\/noticias\/ibovespa-queda-magazine-luiza-mglu3-2\/"]}]},{"@type":"ImageObject","inLanguage":"pt-BR","@id":"https:\/\/www.suno.com.br\/noticias\/ibovespa-queda-magazine-luiza-mglu3-2\/#primaryimage","url":"https:\/\/files.sunoresearch.com.br\/n\/uploads\/2022\/06\/Ibovespa-hoje-2.jpg","contentUrl":"https:\/\/files.sunoresearch.com.br\/n\/uploads\/2022\/06\/Ibovespa-hoje-2.jpg","width":1280,"height":718,"caption":"Ibovespa hoje. Foto: Pixabay"},{"@type":"BreadcrumbList","@id":"https:\/\/www.suno.com.br\/noticias\/ibovespa-queda-magazine-luiza-mglu3-2\/#breadcrumb","itemListElement":[{"@type":"ListItem","position":1,"name":"Not\u00edcias","item":"https:\/\/www.suno.com.br\/noticias\/"},{"@type":"ListItem","position":2,"name":"Mercado","item":"https:\/\/www.suno.com.br\/noticias\/mercado\/"},{"@type":"ListItem","position":3,"name":"Ibovespa opera em forte queda, em linha com exterior; Magazine Luiza (MGLU3) tomba"}]},{"@type":"WebSite","@id":"https:\/\/www.suno.com.br\/noticias\/#website","url":"https:\/\/www.suno.com.br\/noticias\/","name":"Suno Not\u00edcias","description":"Seu portal de informa\u00e7\u00e3o sobre o mundo dos investimentos","publisher":{"@id":"https:\/\/www.suno.com.br\/noticias\/#organization"},"potentialAction":[{"@type":"SearchAction","target":{"@type":"EntryPoint","urlTemplate":"https:\/\/www.suno.com.br\/noticias\/?s={search_term_string}"},"query-input":{"@type":"PropertyValueSpecification","valueRequired":true,"valueName":"search_term_string"}}],"inLanguage":"pt-BR"},{"@type":"Organization","@id":"https:\/\/www.suno.com.br\/noticias\/#organization","name":"Suno Not\u00edcias","url":"https:\/\/www.suno.com.br\/noticias\/","logo":{"@type":"ImageObject","inLanguage":"pt-BR","@id":"https:\/\/www.suno.com.br\/noticias\/#\/schema\/logo\/image\/","url":"https:\/\/files.sunoresearch.com.br\/n\/uploads\/2021\/09\/suno-logo.png","contentUrl":"https:\/\/files.sunoresearch.com.br\/n\/uploads\/2021\/09\/suno-logo.png","width":180,"height":180,"caption":"Suno Not\u00edcias"},"image":{"@id":"https:\/\/www.suno.com.br\/noticias\/#\/schema\/logo\/image\/"},"sameAs":["https:\/\/facebook.com\/sunoresearch","https:\/\/x.com\/sunoresearch","https:\/\/www.instagram.com\/suno","https:\/\/www.linkedin.com\/company\/suno-research\/","https:\/\/www.youtube.com\/c\/sunoresearch"]},{"@type":"Person","@id":"https:\/\/www.suno.com.br\/noticias\/#\/schema\/person\/87fc6973867c52dd884811905c43afba","name":"Jo\u00e3o Vitor","image":{"@type":"ImageObject","inLanguage":"pt-BR","@id":"https:\/\/www.suno.com.br\/noticias\/#\/schema\/person\/image\/","url":"https:\/\/secure.gravatar.com\/avatar\/2843227ca03ccf8cc7ccca45204c127e?s=96&r=g","contentUrl":"https:\/\/secure.gravatar.com\/avatar\/2843227ca03ccf8cc7ccca45204c127e?s=96&r=g","caption":"Jo\u00e3o Vitor"},"description":"Redator profissional, com atua\u00e7\u00e3o no mercado editorial na produ\u00e7\u00e3o de not\u00edcias e conte\u00fados sobre o mercado de a\u00e7\u00f5es, fundos imobili\u00e1rios e economia popular. Graduando em Engenharia Qu\u00edmica pela Unesp, tamb\u00e9m j\u00e1 atuou como consultor financeiro.","url":"https:\/\/www.suno.com.br\/noticias\/author\/joao-vitor-jacintho\/"}]}},"default_loop_html":"<div class=\"cardsPage__listCard__boxs\"><div class=\"cardsPage__listCard__boxs__img\"><a href=\"https:\/\/www.suno.com.br\/noticias\/ibovespa-queda-magazine-luiza-mglu3-2\/\"><img class=\"mask\" src=\"https:\/\/www.suno.com.br\/noticias\/wp-content\/themes\/suno\/resources\/images\/spotlight\/spotlight1img\/bg-mask.png\" alt=\"Image Mask\"\/><img src=\"https:\/\/files.sunoresearch.com.br\/n\/uploads\/2022\/06\/Ibovespa-hoje-2-400x200.jpg\" alt=\"Ibovespa opera em forte queda, em linha com exterior; Magazine Luiza (MGLU3) tomba\"\/><\/a><span class=\"spotlightCategory\"><a href=\"https:\/\/www.suno.com.br\/noticias\/mercado\/\">Mercado<\/a><\/span><\/div><div class=\"cardsPage__listCard__boxs__content\"><a href=\"https:\/\/www.suno.com.br\/noticias\/ibovespa-queda-magazine-luiza-mglu3-2\/\"><h2 class=\"content__title\">Ibovespa opera em forte queda, em linha com exterior; Magazine Luiza (MGLU3) tomba<\/h2><\/a><div class=\"newsContent__article__meta\"><div class=\"newsContent__article__meta__authorBox\"><a href=\"https:\/\/www.suno.com.br\/noticias\/author\/joao-vitor-jacintho\/\" class=\"authorBox__avatar noMobi\"><img src=\"https:\/\/secure.gravatar.com\/avatar\/2843227ca03ccf8cc7ccca45204c127e?s=96&#038;r=g\" alt=\"Jo\u00e3o Vitor Jacintho\"><\/a><div class=\"authorBox__name\"><span>por\n\t\t\t<a href=\"https:\/\/www.suno.com.br\/noticias\/author\/joao-vitor-jacintho\/\"><span itemprop=\"author\">Jo\u00e3o Vitor Jacintho<\/span><\/a><\/span><time datetime=\"2022-06-13T11:19:54-03:00\" itemprop=\"datePublished\">13\/06\/2022 11:19<\/time><\/div><\/div><\/div><\/div><\/div>","single_layout":"posts","amp_enabled":true,"_links":{"self":[{"href":"https:\/\/www.suno.com.br\/noticias\/wp-json\/wp\/v2\/posts\/267029"}],"collection":[{"href":"https:\/\/www.suno.com.br\/noticias\/wp-json\/wp\/v2\/posts"}],"about":[{"href":"https:\/\/www.suno.com.br\/noticias\/wp-json\/wp\/v2\/types\/post"}],"author":[{"embeddable":true,"href":"https:\/\/www.suno.com.br\/noticias\/wp-json\/wp\/v2\/users\/173"}],"replies":[{"embeddable":true,"href":"https:\/\/www.suno.com.br\/noticias\/wp-json\/wp\/v2\/comments?post=267029"}],"version-history":[{"count":4,"href":"https:\/\/www.suno.com.br\/noticias\/wp-json\/wp\/v2\/posts\/267029\/revisions"}],"predecessor-version":[{"id":267132,"href":"https:\/\/www.suno.com.br\/noticias\/wp-json\/wp\/v2\/posts\/267029\/revisions\/267132"}],"wp:featuredmedia":[{"embeddable":true,"href":"https:\/\/www.suno.com.br\/noticias\/wp-json\/wp\/v2\/media\/267049"}],"wp:attachment":[{"href":"https:\/\/www.suno.com.br\/noticias\/wp-json\/wp\/v2\/media?parent=267029"}],"wp:term":[{"taxonomy":"category","embeddable":true,"href":"https:\/\/www.suno.com.br\/noticias\/wp-json\/wp\/v2\/categories?post=267029"},{"taxonomy":"post_tag","embeddable":true,"href":"https:\/\/www.suno.com.br\/noticias\/wp-json\/wp\/v2\/tags?post=267029"},{"taxonomy":"suno_strategy","embeddable":true,"href":"https:\/\/www.suno.com.br\/noticias\/wp-json\/wp\/v2\/suno_strategy?post=267029"}],"curies":[{"name":"wp","href":"https:\/\/api.w.org\/{rel}","templated":true}]}}