{"id":26647,"date":"2019-05-30T17:11:03","date_gmt":"2019-05-30T20:11:03","guid":{"rendered":"https:\/\/www.suno.com.br\/noticias\/?p=26647"},"modified":"2019-05-30T17:11:03","modified_gmt":"2019-05-30T20:11:03","slug":"pib-primeiro-trimestre-vale-brumadinho","status":"publish","type":"post","link":"https:\/\/www.suno.com.br\/noticias\/pib-primeiro-trimestre-vale-brumadinho\/","title":{"rendered":"PIB negativo no 1\u00ba tri teve influ\u00eancia da Vale e Brumadinho, diz IBGE"},"content":{"rendered":"<p>As restri\u00e7\u00f5es impostas \u00e0 produ\u00e7\u00e3o de min\u00e9rio de ferro pela Vale em Minas Gerais, ap\u00f3s a <strong>trag\u00e9dia de Brumadinho<\/strong>, afetou a ind\u00fastria de minera\u00e7\u00e3o brasileira a ponto de auxiliar a retra\u00e7\u00e3o de 0,2% do <a href=\"https:\/\/www.suno.com.br\/artigos\/pib-produto-interno-bruto\/\">Produto Interno Bruto<\/a> (<strong>PIB<\/strong>) brasileiro do primeiro trimestre de 2019.<\/p>\t<div class=\"wrapper-featured-image\">\n\t\t<figure class=\"spotlightImg\">\n\n\t\t\t<picture>\n\t\t\t\t<source media=\"(max-width: 768px)\" srcset=\"https:\/\/files.sunoresearch.com.br\/n\/uploads\/2019\/01\/86ab43a5-brumadinho-vale-2-400x200.webp\">\n\t\t\t\t<img loading=\"lazy\" decoding=\"async\" class=\"newsContent__article__imgCapa lazyloadDisabled newsContent__article__imgCapa--noCaption\" src=\"https:\/\/files.sunoresearch.com.br\/n\/uploads\/2019\/01\/86ab43a5-brumadinho-vale-2-800x450.webp\" width=\"800\" height=\"450\" alt=\"PIB negativo no 1\u00ba tri teve influ\u00eancia da Vale e Brumadinho, diz IBGE\" fetchpriority=high \/>\n\t\t\t<\/picture>\n\n\t\t\t<figcaption class=\"wp-caption-text wp-caption-text--hide\">1 ano ap\u00f3s Brumadinho, vale a pena investir na mineradora?<\/figcaption>\n\t\t<\/figure>\n\t<\/div>\n\n\n<p>Segundo o Instituto Brasileiro de Geografia e Estat\u00edstica (IBGE), o recuo no <strong>PIB<\/strong> de todo o <strong>setor industrial<\/strong> foi de 0,7%, na compara\u00e7\u00e3o com o trimestre anterior. O <strong>segmento extrativo<\/strong> obteve contra\u00e7\u00e3o de\u00a06,3% entre janeiro e mar\u00e7o de 2019, ante os tr\u00eas meses anteriores. Tal recuo foi estimulado pelas opera\u00e7\u00f5es da <strong>Vale<\/strong> em menor escala.<\/p>\n<p>Anteriormente, a \u00faltima vez que a ind\u00fastria extrativa apresentou contra\u00e7\u00e3o deste n\u00edvel foi no quarto trimestre de 2008, ap\u00f3s a <strong><a href=\"https:\/\/www.suno.com.br\/artigos\/crise-do-subprime\/\">crise do subprime<\/a><\/strong>. No per\u00edodo, os pre\u00e7os das <strong>commodities<\/strong> despencaram devido \u00e0 crise financeira global, que obteve como estopim a\u00a0fal\u00eancia do banco Lehman Brothers em setembro daquele ano.<\/p>\n<p><a href=\"https:\/\/www.suno.com.br\/noticias\/vale-plano-desmonte-barragem\/\">Saiba mais &#8211;\u00a0Vale entrega plano de desmonte da barragem de Bar\u00e3o de Cocais \u00e0 Semad<\/a><\/p>\n<p>Conforme a coordenadora de Contas Nacionais do <strong>IBGE<\/strong>, Rebeca Palis, &#8220;a ind\u00fastria extrativa foi respons\u00e1vel pela queda do PIB&#8221;. Caso a ind\u00fastria extrativa n\u00e3o tivesse ca\u00eddo, o <strong>PIB<\/strong> do <strong>Brasil<\/strong> poderia ter apresentado resultado est\u00e1vel, com crescimento pr\u00f3ximo de zero.<\/p>\n<p>As restri\u00e7\u00f5es \u00e0s opera\u00e7\u00f5es da <strong>Vale<\/strong> afetaram minas com capacidade equivalente a 20% da produ\u00e7\u00e3o nacional de<strong> min\u00e9rio de ferro<\/strong>. O maior ativo da <strong>Vale<\/strong>, a mina de Brucutu, tamb\u00e9m obteve a produ\u00e7\u00e3o influenciada negativamente.<\/p>\n<h2>Min\u00e9rio de ferro e mercado mundial<\/h2>\n<p>Com a maior demanda da <strong>China<\/strong> por <strong>min\u00e9rio de ferro<\/strong>, visto que a exporta\u00e7\u00e3o de <strong>a\u00e7o<\/strong> est\u00e1 em alta, a cota\u00e7\u00e3o dos contratos futuros do min\u00e9rio de ferro subiram na Bolsa de Valores chinesa de Dalian.<\/p>\n<p>Deste modo, a <strong>Companhia Sider\u00fargica Nacional<\/strong> (CSNA3), que tamb\u00e9m extrai min\u00e9rio de ferro, foi beneficiada. Mas, caso a <strong>Vale<\/strong> estivesse operando em suas condi\u00e7\u00f5es normais, a oferta de min\u00e9rio de ferro talvez tivesse impedido a alta do pre\u00e7o da<strong> <a href=\"https:\/\/www.suno.com.br\/artigos\/o-que-commodities\/\">commodity<\/a><\/strong>.<\/p>\n\t<p>\n\t\t<a href=\"https:\/\/lp.suno.com.br\/ao\/cadastro-whatsapp\/\" target=\"_blank\" data-element=\"shortcode-suno-banner\" title=\"Banner SUNO, clique e saiba mais\">\n\t\t\t<picture>\n\t\t\t\t<source media=\"(max-width: 500px)\" srcset=\"https:\/\/files.sunoresearch.com.br\/n\/uploads\/2024\/02\/400x300-Mobile-Artigos-7.png\">\n\t\t\t\t<img class=\"newsContent__article__imgCapa newsContent__article__imgCapa--banner\"\n\t\t\t\t\tsrc=\"https:\/\/files.sunoresearch.com.br\/n\/uploads\/2024\/01\/1420x240-Banner-Artigos-1-_-Banner-Materias-8.png\"\n\t\t\t\t\tdata-promo-id=\"517344\"\t\t\t\t\t\t\t\t\t\twidth='1420' height='240'\t\t\t\t\talt=\"https:\/\/files.sunoresearch.com.br\/n\/uploads\/2024\/01\/1420x240-Banner-Artigos-1-_-Banner-Materias-8.png\"\n\t\t\t\t>\n\t\t\t<\/picture>\n\t\t<\/a>\n\t<\/p>\n\n\n<h2>Trag\u00e9dia de Brumadinho e a Vale<\/h2>\n<p>A <strong>barragem<\/strong> 1 de rejeitos da mina de C\u00f3rrego do Feij\u00e3o, em Brumadinho (MG) foi rompida no dia 25 de janeiro de 2019. A <strong>mina<\/strong>, localizada na \u00e1rea metropolitana de Belo Horizonte, \u00e9 de propriedade da Vale.<\/p>\n<p>Segundo o Instituto M\u00e9dico Legal (IML) de Belo Horizonte, ao menos 245 pessoas morreram com o rompimento da barragem da <strong>trag\u00e9dia de Brumadinho<\/strong>.<\/p>\n<p>O acidente gerou uma avalanche de <strong>lama<\/strong>, que liberou em torno de 13 milh\u00f5es de metros c\u00fabicos (m\u00b3) de <strong>rejeitos<\/strong>. A lama destruiu parte do centro administrativo da empresa em <strong>Brumadinho<\/strong>, e arrastou casas e at\u00e9 uma ponte. A barragem da <strong>Vale<\/strong> rompida fazia parte do complexo de Paraopeba.<\/p>\n\t<p>\n\t\t<a href=\"https:\/\/lp.suno.com.br\/minicurso-valuation\/\" target=\"_blank\" data-element=\"shortcode-suno-banner\" title=\"Banner SUNO, clique e saiba mais\">\n\t\t\t<picture>\n\t\t\t\t<source media=\"(max-width: 500px)\" srcset=\"https:\/\/files.sunoresearch.com.br\/n\/uploads\/2023\/03\/400x300-Minicurso-Valuation.png\">\n\t\t\t\t<img class=\"newsContent__article__imgCapa newsContent__article__imgCapa--banner\"\n\t\t\t\t\tsrc=\"https:\/\/files.sunoresearch.com.br\/n\/uploads\/2023\/03\/1420x240-Minicurso-Valuation.png\"\n\t\t\t\t\tdata-promo-id=\"383160\"\t\t\t\t\t\t\t\t\t\twidth='1420' height='240'\t\t\t\t\talt=\"https:\/\/files.sunoresearch.com.br\/n\/uploads\/2023\/03\/1420x240-Minicurso-Valuation.png\"\n\t\t\t\t>\n\t\t\t<\/picture>\n\t\t<\/a>\n\t<\/p>\n\n\n<p>Com o acidente, a pr\u00f3pria mineradora anunciou a suspens\u00e3o das atividades em minas com <strong>barragens<\/strong> semelhantes. Tais barragens s\u00e3o constru\u00eddas com o m\u00e9todo de <strong>alteamento a montante<\/strong>.<\/p>\n<p>Este m\u00e9todo tem custos mais baixos para a conten\u00e7\u00e3o dos rejeitos da minera\u00e7\u00e3o. Contudo, h\u00e1 m\u00e9todos mais eficazes para garantir a <strong>seguran\u00e7a<\/strong> e a <strong>prote\u00e7\u00e3o ambiental<\/strong>. Como a minera\u00e7\u00e3o a seco, que n\u00e3o produz rejeitos.<\/p>\n<p>Posteriormente, o Minist\u00e9rio P\u00fablico de MG e a Ag\u00eancia Nacional de Minera\u00e7\u00e3o (ANM) decidiram pelo fechamento de outras unidades da <strong>Vale<\/strong>.<\/p>\n","protected":false},"excerpt":{"rendered":"<p>As restri\u00e7\u00f5es impostas \u00e0 produ\u00e7\u00e3o de min\u00e9rio de ferro pela Vale em Minas Gerais, ap\u00f3s a trag\u00e9dia de Brumadinho, afetou a ind\u00fastria de minera\u00e7\u00e3o brasileira a ponto de auxiliar a retra\u00e7\u00e3o de 0,2% do Produto Interno Bruto (PIB) brasileiro do primeiro trimestre de 2019. 1 ano ap\u00f3s Brumadinho, vale a pena investir na mineradora? Segundo [&hellip;]<\/p>\n","protected":false},"author":12,"featured_media":13037,"comment_status":"closed","ping_status":"closed","sticky":false,"template":"","format":"standard","meta":[],"categories":[62],"tags":[1032,807,676],"suno_strategy":[],"class_list":["post-26647","post","type-post","status-publish","format-standard","has-post-thumbnail","hentry","category-economia","tag-brumadinho","tag-produto-interno-bruto-pib","tag-vale-vale3"],"yoast_head":"<!-- This site is optimized with the Yoast SEO plugin v24.4 - https:\/\/yoast.com\/wordpress\/plugins\/seo\/ -->\n<title>PIB negativo no 1\u00ba tri teve influ\u00eancia da Vale e Brumadinho, diz IBGE<\/title>\n<meta name=\"description\" content=\"A contra\u00e7\u00e3o do PIB no primeiro trimestre de 2019 foi influenciada pelo rompimento da barragem da mina da Vale. Clique para saber mais.\" \/>\n<meta name=\"robots\" content=\"index, follow, max-snippet:-1, max-image-preview:large, max-video-preview:-1\" \/>\n<link rel=\"canonical\" href=\"https:\/\/www.suno.com.br\/noticias\/pib-primeiro-trimestre-vale-brumadinho\/\" \/>\n<meta property=\"og:locale\" content=\"pt_BR\" \/>\n<meta property=\"og:type\" content=\"article\" \/>\n<meta property=\"og:title\" content=\"PIB negativo no 1\u00ba tri teve influ\u00eancia da Vale e Brumadinho, diz IBGE\" \/>\n<meta property=\"og:description\" content=\"A contra\u00e7\u00e3o do PIB no primeiro trimestre de 2019 foi influenciada pelo rompimento da barragem da mina da Vale. Clique para saber mais.\" \/>\n<meta property=\"og:url\" content=\"https:\/\/www.suno.com.br\/noticias\/pib-primeiro-trimestre-vale-brumadinho\/\" \/>\n<meta property=\"og:site_name\" content=\"Suno Not\u00edcias\" \/>\n<meta property=\"article:publisher\" content=\"https:\/\/facebook.com\/sunoresearch\" \/>\n<meta property=\"og:image\" content=\"https:\/\/files.sunoresearch.com.br\/n\/uploads\/2019\/01\/86ab43a5-brumadinho-vale-2.jpg\" \/>\n\t<meta property=\"og:image:width\" content=\"1140\" \/>\n\t<meta property=\"og:image:height\" content=\"760\" \/>\n\t<meta property=\"og:image:type\" content=\"image\/jpeg\" \/>\n<meta name=\"author\" content=\"Amanda Gushiken\" \/>\n<meta name=\"twitter:card\" content=\"summary_large_image\" \/>\n<meta name=\"twitter:creator\" content=\"@sunoresearch\" \/>\n<meta name=\"twitter:site\" content=\"@sunoresearch\" \/>\n<meta name=\"twitter:label1\" content=\"Escrito por\" \/>\n\t<meta name=\"twitter:data1\" content=\"Amanda Gushiken\" \/>\n\t<meta name=\"twitter:label2\" content=\"Est. tempo de leitura\" \/>\n\t<meta name=\"twitter:data2\" content=\"3 minutos\" \/>\n<script type=\"application\/ld+json\" class=\"yoast-schema-graph\">{\"@context\":\"https:\/\/schema.org\",\"@graph\":[{\"@type\":\"NewsArticle\",\"@id\":\"https:\/\/www.suno.com.br\/noticias\/pib-primeiro-trimestre-vale-brumadinho\/#article\",\"isPartOf\":{\"@id\":\"https:\/\/www.suno.com.br\/noticias\/pib-primeiro-trimestre-vale-brumadinho\/\"},\"author\":{\"name\":\"Amanda Gushiken\",\"@id\":\"https:\/\/www.suno.com.br\/noticias\/#\/schema\/person\/a5b06fa4e879d8e8e119c6ed3cd630d1\"},\"headline\":\"PIB negativo no 1\u00ba tri teve influ\u00eancia da Vale e Brumadinho, diz IBGE\",\"datePublished\":\"2019-05-30T20:11:03+00:00\",\"mainEntityOfPage\":{\"@id\":\"https:\/\/www.suno.com.br\/noticias\/pib-primeiro-trimestre-vale-brumadinho\/\"},\"wordCount\":594,\"publisher\":{\"@id\":\"https:\/\/www.suno.com.br\/noticias\/#organization\"},\"image\":{\"@id\":\"https:\/\/www.suno.com.br\/noticias\/pib-primeiro-trimestre-vale-brumadinho\/#primaryimage\"},\"thumbnailUrl\":\"https:\/\/files.sunoresearch.com.br\/n\/uploads\/2019\/01\/86ab43a5-brumadinho-vale-2-jpg.webp\",\"keywords\":[\"Brumadinho\",\"Produto Interno Bruto (PIB)\",\"Vale (VALE3)\"],\"articleSection\":[\"Economia\"],\"inLanguage\":\"pt-BR\"},{\"@type\":\"WebPage\",\"@id\":\"https:\/\/www.suno.com.br\/noticias\/pib-primeiro-trimestre-vale-brumadinho\/\",\"url\":\"https:\/\/www.suno.com.br\/noticias\/pib-primeiro-trimestre-vale-brumadinho\/\",\"name\":\"PIB negativo no 1\u00ba tri teve influ\u00eancia da Vale e Brumadinho, diz IBGE\",\"isPartOf\":{\"@id\":\"https:\/\/www.suno.com.br\/noticias\/#website\"},\"primaryImageOfPage\":{\"@id\":\"https:\/\/www.suno.com.br\/noticias\/pib-primeiro-trimestre-vale-brumadinho\/#primaryimage\"},\"image\":{\"@id\":\"https:\/\/www.suno.com.br\/noticias\/pib-primeiro-trimestre-vale-brumadinho\/#primaryimage\"},\"thumbnailUrl\":\"https:\/\/files.sunoresearch.com.br\/n\/uploads\/2019\/01\/86ab43a5-brumadinho-vale-2-jpg.webp\",\"datePublished\":\"2019-05-30T20:11:03+00:00\",\"description\":\"A contra\u00e7\u00e3o do PIB no primeiro trimestre de 2019 foi influenciada pelo rompimento da barragem da mina da Vale. Clique para saber mais.\",\"breadcrumb\":{\"@id\":\"https:\/\/www.suno.com.br\/noticias\/pib-primeiro-trimestre-vale-brumadinho\/#breadcrumb\"},\"inLanguage\":\"pt-BR\",\"potentialAction\":[{\"@type\":\"ReadAction\",\"target\":[\"https:\/\/www.suno.com.br\/noticias\/pib-primeiro-trimestre-vale-brumadinho\/\"]}]},{\"@type\":\"ImageObject\",\"inLanguage\":\"pt-BR\",\"@id\":\"https:\/\/www.suno.com.br\/noticias\/pib-primeiro-trimestre-vale-brumadinho\/#primaryimage\",\"url\":\"https:\/\/files.sunoresearch.com.br\/n\/uploads\/2019\/01\/86ab43a5-brumadinho-vale-2-jpg.webp\",\"contentUrl\":\"https:\/\/files.sunoresearch.com.br\/n\/uploads\/2019\/01\/86ab43a5-brumadinho-vale-2-jpg.webp\",\"width\":1140,\"height\":760,\"caption\":\"1 ano ap\u00f3s Brumadinho, vale a pena investir na mineradora?\"},{\"@type\":\"BreadcrumbList\",\"@id\":\"https:\/\/www.suno.com.br\/noticias\/pib-primeiro-trimestre-vale-brumadinho\/#breadcrumb\",\"itemListElement\":[{\"@type\":\"ListItem\",\"position\":1,\"name\":\"Not\u00edcias\",\"item\":\"https:\/\/www.suno.com.br\/noticias\/\"},{\"@type\":\"ListItem\",\"position\":2,\"name\":\"Economia\",\"item\":\"https:\/\/www.suno.com.br\/noticias\/economia\/\"},{\"@type\":\"ListItem\",\"position\":3,\"name\":\"PIB negativo no 1\u00ba tri teve influ\u00eancia da Vale e Brumadinho, diz IBGE\"}]},{\"@type\":\"WebSite\",\"@id\":\"https:\/\/www.suno.com.br\/noticias\/#website\",\"url\":\"https:\/\/www.suno.com.br\/noticias\/\",\"name\":\"Suno Not\u00edcias\",\"description\":\"Seu portal de informa\u00e7\u00e3o sobre o mundo dos investimentos\",\"publisher\":{\"@id\":\"https:\/\/www.suno.com.br\/noticias\/#organization\"},\"potentialAction\":[{\"@type\":\"SearchAction\",\"target\":{\"@type\":\"EntryPoint\",\"urlTemplate\":\"https:\/\/www.suno.com.br\/noticias\/?s={search_term_string}\"},\"query-input\":{\"@type\":\"PropertyValueSpecification\",\"valueRequired\":true,\"valueName\":\"search_term_string\"}}],\"inLanguage\":\"pt-BR\"},{\"@type\":\"Organization\",\"@id\":\"https:\/\/www.suno.com.br\/noticias\/#organization\",\"name\":\"Suno Not\u00edcias\",\"url\":\"https:\/\/www.suno.com.br\/noticias\/\",\"logo\":{\"@type\":\"ImageObject\",\"inLanguage\":\"pt-BR\",\"@id\":\"https:\/\/www.suno.com.br\/noticias\/#\/schema\/logo\/image\/\",\"url\":\"https:\/\/files.sunoresearch.com.br\/n\/uploads\/2021\/09\/suno-logo.png\",\"contentUrl\":\"https:\/\/files.sunoresearch.com.br\/n\/uploads\/2021\/09\/suno-logo.png\",\"width\":180,\"height\":180,\"caption\":\"Suno Not\u00edcias\"},\"image\":{\"@id\":\"https:\/\/www.suno.com.br\/noticias\/#\/schema\/logo\/image\/\"},\"sameAs\":[\"https:\/\/facebook.com\/sunoresearch\",\"https:\/\/x.com\/sunoresearch\",\"https:\/\/www.instagram.com\/suno\",\"https:\/\/www.linkedin.com\/company\/suno-research\/\",\"https:\/\/www.youtube.com\/c\/sunoresearch\"]},{\"@type\":\"Person\",\"@id\":\"https:\/\/www.suno.com.br\/noticias\/#\/schema\/person\/a5b06fa4e879d8e8e119c6ed3cd630d1\",\"name\":\"Amanda Gushiken\",\"image\":{\"@type\":\"ImageObject\",\"inLanguage\":\"pt-BR\",\"@id\":\"https:\/\/www.suno.com.br\/noticias\/#\/schema\/person\/image\/\",\"url\":\"https:\/\/secure.gravatar.com\/avatar\/ecd84705e6b65e3685ae80d725501fbe?s=96&r=g\",\"contentUrl\":\"https:\/\/secure.gravatar.com\/avatar\/ecd84705e6b65e3685ae80d725501fbe?s=96&r=g\",\"caption\":\"Amanda Gushiken\"},\"description\":\"Amanda Sayuri Gushiken escreve sobre finan\u00e7as e neg\u00f3cios para o portal Suno Not\u00edcias. Antes, trabalhou selecionando not\u00edcias da imprensa para clientes do mercado financeiro. Tamb\u00e9m desenvolveu pesquisa acad\u00eamica pela Universidade Anhembi Morumbi na \u00e1rea de Teorias da Comunica\u00e7\u00e3o e \u00e9 fot\u00f3grafa nas horas vagas.\",\"url\":\"https:\/\/www.suno.com.br\/noticias\/author\/amanda\/\"}]}<\/script>\n<!-- \/ Yoast SEO plugin. -->","yoast_head_json":{"title":"PIB negativo no 1\u00ba tri teve influ\u00eancia da Vale e Brumadinho, diz IBGE","description":"A contra\u00e7\u00e3o do PIB no primeiro trimestre de 2019 foi influenciada pelo rompimento da barragem da mina da Vale. Clique para saber mais.","robots":{"index":"index","follow":"follow","max-snippet":"max-snippet:-1","max-image-preview":"max-image-preview:large","max-video-preview":"max-video-preview:-1"},"canonical":"https:\/\/www.suno.com.br\/noticias\/pib-primeiro-trimestre-vale-brumadinho\/","og_locale":"pt_BR","og_type":"article","og_title":"PIB negativo no 1\u00ba tri teve influ\u00eancia da Vale e Brumadinho, diz IBGE","og_description":"A contra\u00e7\u00e3o do PIB no primeiro trimestre de 2019 foi influenciada pelo rompimento da barragem da mina da Vale. Clique para saber mais.","og_url":"https:\/\/www.suno.com.br\/noticias\/pib-primeiro-trimestre-vale-brumadinho\/","og_site_name":"Suno Not\u00edcias","article_publisher":"https:\/\/facebook.com\/sunoresearch","og_image":[{"width":1140,"height":760,"url":"https:\/\/files.sunoresearch.com.br\/n\/uploads\/2019\/01\/86ab43a5-brumadinho-vale-2.jpg","type":"image\/jpeg"}],"author":"Amanda Gushiken","twitter_card":"summary_large_image","twitter_creator":"@sunoresearch","twitter_site":"@sunoresearch","twitter_misc":{"Escrito por":"Amanda Gushiken","Est. tempo de leitura":"3 minutos"},"schema":{"@context":"https:\/\/schema.org","@graph":[{"@type":"NewsArticle","@id":"https:\/\/www.suno.com.br\/noticias\/pib-primeiro-trimestre-vale-brumadinho\/#article","isPartOf":{"@id":"https:\/\/www.suno.com.br\/noticias\/pib-primeiro-trimestre-vale-brumadinho\/"},"author":{"name":"Amanda Gushiken","@id":"https:\/\/www.suno.com.br\/noticias\/#\/schema\/person\/a5b06fa4e879d8e8e119c6ed3cd630d1"},"headline":"PIB negativo no 1\u00ba tri teve influ\u00eancia da Vale e Brumadinho, diz IBGE","datePublished":"2019-05-30T20:11:03+00:00","mainEntityOfPage":{"@id":"https:\/\/www.suno.com.br\/noticias\/pib-primeiro-trimestre-vale-brumadinho\/"},"wordCount":594,"publisher":{"@id":"https:\/\/www.suno.com.br\/noticias\/#organization"},"image":{"@id":"https:\/\/www.suno.com.br\/noticias\/pib-primeiro-trimestre-vale-brumadinho\/#primaryimage"},"thumbnailUrl":"https:\/\/files.sunoresearch.com.br\/n\/uploads\/2019\/01\/86ab43a5-brumadinho-vale-2-jpg.webp","keywords":["Brumadinho","Produto Interno Bruto (PIB)","Vale (VALE3)"],"articleSection":["Economia"],"inLanguage":"pt-BR"},{"@type":"WebPage","@id":"https:\/\/www.suno.com.br\/noticias\/pib-primeiro-trimestre-vale-brumadinho\/","url":"https:\/\/www.suno.com.br\/noticias\/pib-primeiro-trimestre-vale-brumadinho\/","name":"PIB negativo no 1\u00ba tri teve influ\u00eancia da Vale e Brumadinho, diz IBGE","isPartOf":{"@id":"https:\/\/www.suno.com.br\/noticias\/#website"},"primaryImageOfPage":{"@id":"https:\/\/www.suno.com.br\/noticias\/pib-primeiro-trimestre-vale-brumadinho\/#primaryimage"},"image":{"@id":"https:\/\/www.suno.com.br\/noticias\/pib-primeiro-trimestre-vale-brumadinho\/#primaryimage"},"thumbnailUrl":"https:\/\/files.sunoresearch.com.br\/n\/uploads\/2019\/01\/86ab43a5-brumadinho-vale-2-jpg.webp","datePublished":"2019-05-30T20:11:03+00:00","description":"A contra\u00e7\u00e3o do PIB no primeiro trimestre de 2019 foi influenciada pelo rompimento da barragem da mina da Vale. Clique para saber mais.","breadcrumb":{"@id":"https:\/\/www.suno.com.br\/noticias\/pib-primeiro-trimestre-vale-brumadinho\/#breadcrumb"},"inLanguage":"pt-BR","potentialAction":[{"@type":"ReadAction","target":["https:\/\/www.suno.com.br\/noticias\/pib-primeiro-trimestre-vale-brumadinho\/"]}]},{"@type":"ImageObject","inLanguage":"pt-BR","@id":"https:\/\/www.suno.com.br\/noticias\/pib-primeiro-trimestre-vale-brumadinho\/#primaryimage","url":"https:\/\/files.sunoresearch.com.br\/n\/uploads\/2019\/01\/86ab43a5-brumadinho-vale-2-jpg.webp","contentUrl":"https:\/\/files.sunoresearch.com.br\/n\/uploads\/2019\/01\/86ab43a5-brumadinho-vale-2-jpg.webp","width":1140,"height":760,"caption":"1 ano ap\u00f3s Brumadinho, vale a pena investir na mineradora?"},{"@type":"BreadcrumbList","@id":"https:\/\/www.suno.com.br\/noticias\/pib-primeiro-trimestre-vale-brumadinho\/#breadcrumb","itemListElement":[{"@type":"ListItem","position":1,"name":"Not\u00edcias","item":"https:\/\/www.suno.com.br\/noticias\/"},{"@type":"ListItem","position":2,"name":"Economia","item":"https:\/\/www.suno.com.br\/noticias\/economia\/"},{"@type":"ListItem","position":3,"name":"PIB negativo no 1\u00ba tri teve influ\u00eancia da Vale e Brumadinho, diz IBGE"}]},{"@type":"WebSite","@id":"https:\/\/www.suno.com.br\/noticias\/#website","url":"https:\/\/www.suno.com.br\/noticias\/","name":"Suno Not\u00edcias","description":"Seu portal de informa\u00e7\u00e3o sobre o mundo dos investimentos","publisher":{"@id":"https:\/\/www.suno.com.br\/noticias\/#organization"},"potentialAction":[{"@type":"SearchAction","target":{"@type":"EntryPoint","urlTemplate":"https:\/\/www.suno.com.br\/noticias\/?s={search_term_string}"},"query-input":{"@type":"PropertyValueSpecification","valueRequired":true,"valueName":"search_term_string"}}],"inLanguage":"pt-BR"},{"@type":"Organization","@id":"https:\/\/www.suno.com.br\/noticias\/#organization","name":"Suno Not\u00edcias","url":"https:\/\/www.suno.com.br\/noticias\/","logo":{"@type":"ImageObject","inLanguage":"pt-BR","@id":"https:\/\/www.suno.com.br\/noticias\/#\/schema\/logo\/image\/","url":"https:\/\/files.sunoresearch.com.br\/n\/uploads\/2021\/09\/suno-logo.png","contentUrl":"https:\/\/files.sunoresearch.com.br\/n\/uploads\/2021\/09\/suno-logo.png","width":180,"height":180,"caption":"Suno Not\u00edcias"},"image":{"@id":"https:\/\/www.suno.com.br\/noticias\/#\/schema\/logo\/image\/"},"sameAs":["https:\/\/facebook.com\/sunoresearch","https:\/\/x.com\/sunoresearch","https:\/\/www.instagram.com\/suno","https:\/\/www.linkedin.com\/company\/suno-research\/","https:\/\/www.youtube.com\/c\/sunoresearch"]},{"@type":"Person","@id":"https:\/\/www.suno.com.br\/noticias\/#\/schema\/person\/a5b06fa4e879d8e8e119c6ed3cd630d1","name":"Amanda Gushiken","image":{"@type":"ImageObject","inLanguage":"pt-BR","@id":"https:\/\/www.suno.com.br\/noticias\/#\/schema\/person\/image\/","url":"https:\/\/secure.gravatar.com\/avatar\/ecd84705e6b65e3685ae80d725501fbe?s=96&r=g","contentUrl":"https:\/\/secure.gravatar.com\/avatar\/ecd84705e6b65e3685ae80d725501fbe?s=96&r=g","caption":"Amanda Gushiken"},"description":"Amanda Sayuri Gushiken escreve sobre finan\u00e7as e neg\u00f3cios para o portal Suno Not\u00edcias. Antes, trabalhou selecionando not\u00edcias da imprensa para clientes do mercado financeiro. Tamb\u00e9m desenvolveu pesquisa acad\u00eamica pela Universidade Anhembi Morumbi na \u00e1rea de Teorias da Comunica\u00e7\u00e3o e \u00e9 fot\u00f3grafa nas horas vagas.","url":"https:\/\/www.suno.com.br\/noticias\/author\/amanda\/"}]}},"default_loop_html":"<div class=\"cardsPage__listCard__boxs\"><div class=\"cardsPage__listCard__boxs__img\"><a href=\"https:\/\/www.suno.com.br\/noticias\/pib-primeiro-trimestre-vale-brumadinho\/\"><img class=\"mask\" src=\"https:\/\/www.suno.com.br\/noticias\/wp-content\/themes\/suno\/resources\/images\/spotlight\/spotlight1img\/bg-mask.png\" alt=\"Image Mask\"\/><img src=\"https:\/\/files.sunoresearch.com.br\/n\/uploads\/2019\/01\/86ab43a5-brumadinho-vale-2-400x200.webp\" alt=\"PIB negativo no 1\u00ba tri teve influ\u00eancia da Vale e Brumadinho, diz IBGE\"\/><\/a><span class=\"spotlightCategory\"><a href=\"https:\/\/www.suno.com.br\/noticias\/economia\/\">Economia<\/a><\/span><\/div><div class=\"cardsPage__listCard__boxs__content\"><a href=\"https:\/\/www.suno.com.br\/noticias\/pib-primeiro-trimestre-vale-brumadinho\/\"><h2 class=\"content__title\">PIB negativo no 1\u00ba tri teve influ\u00eancia da Vale e Brumadinho, diz IBGE<\/h2><\/a><div class=\"newsContent__article__meta\"><div class=\"newsContent__article__meta__authorBox\"><a href=\"https:\/\/www.suno.com.br\/noticias\/author\/amanda\/\" class=\"authorBox__avatar noMobi\"><img src=\"https:\/\/files.sunoresearch.com.br\/n\/uploads\/2018\/11\/c6ad30be-amanda-150x150.webp\" alt=\"Amanda Gushiken\"><\/a><div class=\"authorBox__name\"><span>por\n\t\t\t<a href=\"https:\/\/www.suno.com.br\/noticias\/author\/amanda\/\"><span itemprop=\"author\">Amanda Gushiken<\/span><\/a><\/span><time datetime=\"2019-05-30T17:11:03-03:00\" itemprop=\"datePublished\">30\/05\/2019 17:11<\/time><\/div><\/div><\/div><\/div><\/div>","single_layout":"posts","amp_enabled":true,"_links":{"self":[{"href":"https:\/\/www.suno.com.br\/noticias\/wp-json\/wp\/v2\/posts\/26647"}],"collection":[{"href":"https:\/\/www.suno.com.br\/noticias\/wp-json\/wp\/v2\/posts"}],"about":[{"href":"https:\/\/www.suno.com.br\/noticias\/wp-json\/wp\/v2\/types\/post"}],"author":[{"embeddable":true,"href":"https:\/\/www.suno.com.br\/noticias\/wp-json\/wp\/v2\/users\/12"}],"replies":[{"embeddable":true,"href":"https:\/\/www.suno.com.br\/noticias\/wp-json\/wp\/v2\/comments?post=26647"}],"version-history":[{"count":0,"href":"https:\/\/www.suno.com.br\/noticias\/wp-json\/wp\/v2\/posts\/26647\/revisions"}],"wp:featuredmedia":[{"embeddable":true,"href":"https:\/\/www.suno.com.br\/noticias\/wp-json\/wp\/v2\/media\/13037"}],"wp:attachment":[{"href":"https:\/\/www.suno.com.br\/noticias\/wp-json\/wp\/v2\/media?parent=26647"}],"wp:term":[{"taxonomy":"category","embeddable":true,"href":"https:\/\/www.suno.com.br\/noticias\/wp-json\/wp\/v2\/categories?post=26647"},{"taxonomy":"post_tag","embeddable":true,"href":"https:\/\/www.suno.com.br\/noticias\/wp-json\/wp\/v2\/tags?post=26647"},{"taxonomy":"suno_strategy","embeddable":true,"href":"https:\/\/www.suno.com.br\/noticias\/wp-json\/wp\/v2\/suno_strategy?post=26647"}],"curies":[{"name":"wp","href":"https:\/\/api.w.org\/{rel}","templated":true}]}}