{"id":26627,"date":"2019-05-30T16:16:32","date_gmt":"2019-05-30T19:16:32","guid":{"rendered":"https:\/\/www.suno.com.br\/noticias\/?p=26627"},"modified":"2019-05-30T16:16:32","modified_gmt":"2019-05-30T19:16:32","slug":"privatizacao-governo-bolsonaro-stf","status":"publish","type":"post","link":"https:\/\/www.suno.com.br\/noticias\/privatizacao-governo-bolsonaro-stf\/","title":{"rendered":"Com plen\u00e1rio do STF, privatiza\u00e7\u00f5es do governo podem estar em xeque"},"content":{"rendered":"<p>Ocorre nesta quinta-feira (30) o plen\u00e1rio do <strong>Supremo Tribunal Federal<\/strong> (STF) para votar <strong>liminares<\/strong> concedidas por ministros da corte que podem paralisar os <strong>desinvestimentos<\/strong> estatais. Integrantes do governo e representantes da <strong>Petrobras<\/strong> (PETR3) buscam barrar tais liminares.<\/p>\t<div class=\"wrapper-featured-image\">\n\t\t<figure class=\"spotlightImg\">\n\n\t\t\t<picture>\n\t\t\t\t<source media=\"(max-width: 768px)\" srcset=\"https:\/\/files.sunoresearch.com.br\/n\/uploads\/2018\/10\/400cae58-dias-toffoli-400x200.webp\">\n\t\t\t\t<img loading=\"lazy\" decoding=\"async\" class=\"newsContent__article__imgCapa lazyloadDisabled newsContent__article__imgCapa--noCaption\" src=\"https:\/\/files.sunoresearch.com.br\/n\/uploads\/2018\/10\/400cae58-dias-toffoli-800x450.webp\" width=\"800\" height=\"450\" alt=\"Com plen\u00e1rio do STF, privatiza\u00e7\u00f5es do governo podem estar em xeque\" fetchpriority=high \/>\n\t\t\t<\/picture>\n\n\t\t\t<figcaption class=\"wp-caption-text wp-caption-text--hide\">Toffoli decide que Petrobras deve fornecer combust\u00edvel a navios do Ir\u00e3<\/figcaption>\n\t\t<\/figure>\n\t<\/div>\n\n\n<p>De acordo com fontes da &#8220;Reuters&#8221;, o que teria estimulado a mobiliza\u00e7\u00e3o daqueles que s\u00e3o contra as liminares do <strong>STF<\/strong> seria o fato de que o julgamento apresenta opini\u00f5es equilibradas. Deste modo:<\/p>\n<ul>\n<li>o plano de <strong>privatiza\u00e7\u00f5es<\/strong> do governo do presidente Jair <strong>Bolsonaro<\/strong> podem estar em xeque;<\/li>\n<li>assim como o\u00a0<strong>Programa de Parcerias e Desinvestimentos<\/strong> da <strong>Petrobras<\/strong>, previsto no Plano de Neg\u00f3cios e Gest\u00e3o 2019-2023. O objetivo do programa \u00e9 reduzir a <a href=\"https:\/\/www.suno.com.br\/artigos\/divida-liquida\/\">d\u00edvida l\u00edquida<\/a> de petroleira de US$ 372,2 bilh\u00f5es.<\/li>\n<\/ul>\n\t<p>\n\t\t<a href=\"https:\/\/lp2.suno.com.br\/onde-investir-2026?utm_campaign=_SNC094D2575_rs.ein26&#038;utm_source=suno.com.br&#038;utm_medium=banner.noticias\" target=\"_blank\" data-element=\"shortcode-suno-banner\" title=\"Banner SUNO, clique e saiba mais\">\n\t\t\t<picture>\n\t\t\t\t<source media=\"(max-width: 500px)\" srcset=\"https:\/\/files.sunoresearch.com.br\/n\/uploads\/2026\/01\/Banner-Materias-01-Mbl_-400x300-1-png.webp\">\n\t\t\t\t<img class=\"newsContent__article__imgCapa newsContent__article__imgCapa--banner\"\n\t\t\t\t\tsrc=\"https:\/\/files.sunoresearch.com.br\/n\/uploads\/2026\/01\/Banner-Materias-01-Dkp_-1420x240-1-png.webp\"\n\t\t\t\t\tdata-promo-id=\"638391\"\t\t\t\t\t\t\t\t\t\twidth='1420' height='240'\t\t\t\t\talt=\"https:\/\/files.sunoresearch.com.br\/n\/uploads\/2026\/01\/Banner-Materias-01-Dkp_-1420x240-1-png.webp\"\n\t\t\t\t>\n\t\t\t<\/picture>\n\t\t<\/a>\n\t<\/p>\n\n\n<p>Uma das pautas que deve ser decidida no plen\u00e1rio do <strong>STF<\/strong> deve ser a conclus\u00e3o da venda do controle acion\u00e1rio da<strong> Transportadora Associada de G\u00e1s<\/strong> (TAG), controlada pela Petrobras, \u00e0 francesa <strong>Engie<\/strong>, um neg\u00f3cio fechado por US$ 8,6 bilh\u00f5es.<\/p>\n<p>O movimento do governo em conjunto com a <strong>Petrobras<\/strong> para barrar as liminares teve in\u00edcio na \u00faltima segunda-feira (27). O presidente do STF, <strong>Dias Toffoli<\/strong>, pautou processos que:<\/p>\n<ul>\n<li>Discutem se a venda da TAG pela Petrobras deve ser conclu\u00edda. Isto, pois, o ministro do STF <strong>Edson Fachin<\/strong>, relator do caso, suspendeu a <strong>aquisi\u00e7\u00e3o<\/strong> na \u00faltima segunda-feira (27). Em liminar que prev\u00ea que a opera\u00e7\u00e3o deve respeitar processo licitat\u00f3rio.<\/li>\n<li>Discutem se a venda do controle acion\u00e1rio de empresas estatais devem ter aval pr\u00e9vio do <strong>Legislativo<\/strong>.<\/li>\n<\/ul>\n<p>O grupo de oposi\u00e7\u00e3o \u00e0s liminares incluem: advogados e t\u00e9cnicos da Advocacia-Geral da Uni\u00e3o (AGU), minist\u00e9rios da Economia e de Minas e Energia, e da Petrobras.<\/p>\n<p><a href=\"https:\/\/www.suno.com.br\/noticias\/nao-existe-estatal-eficiente\/\">Saiba mais &#8211;\u00a0\u201cN\u00e3o existe estatal eficiente\u201d, afirma secret\u00e1rio especial de Desestatiza\u00e7\u00e3o<\/a><\/p>\n<h2>Governo Bolsonaro e as privatiza\u00e7\u00f5es<\/h2>\n<p>O <strong>governo Bolsonaro<\/strong>, por meio do minist\u00e9rio da Economia, lan\u00e7ou um plano de <strong>desinvestimentos<\/strong> com meta de arrecada\u00e7\u00e3o de US$ 20 bilh\u00f5es em 2019. Os desinvestimentos s\u00e3o liderados pelo secret\u00e1rio de Desestatiza\u00e7\u00e3o e de Desinvestimento, Salim Mattar.<\/p>\n<p>A secretaria de Mattar \u00e9 ainda subdividida em:<\/p>\n<ul>\n<li>Secretaria de Coordena\u00e7\u00e3o e Governan\u00e7a do Patrim\u00f4nio da Uni\u00e3o: cuida de 134 estatais (neste grupo est\u00e3o inclusos a Petrobras, o Banco Nacional do Desenvolvimento Econ\u00f4mico e Social, o Banco do Brasil, a Caixa Econ\u00f4mica Federal, dentre outros).<\/li>\n<li>Secretaria de Coordena\u00e7\u00e3o e Governan\u00e7a das Empresas Estatais: cuida de 743 mil im\u00f3veis estatais.<\/li>\n<\/ul>\n<p><a href=\"https:\/\/www.suno.com.br\/noticias\/petrobras-justica-suspende-venda-subsidiaria\/\">Saiba mais &#8211;\u00a0Justi\u00e7a suspende venda de mais uma subsidi\u00e1ria da Petrobras<\/a><\/p>\n<h2>Suspens\u00e3o da venda da TAG pelo STF e a inseguran\u00e7a jur\u00eddica<\/h2>\n<p>A outra parte da negocia\u00e7\u00e3o da venda da TAG pela Petrobras, a francesa <strong>Engie<\/strong> afirmou em nota na \u00faltima ter\u00e7a-feira (28) que\u00a0&#8220;as equipes e o corpo de diretores da empresa est\u00e3o plenamente comprometidos com o processo&#8221;.<\/p>\n<p>Contudo, \u00e0 corte, a companhia afirmou que a liminar que barra a opera\u00e7\u00e3o\u00a0&#8220;cria uma situa\u00e7\u00e3o de extrema <strong>inseguran\u00e7a jur\u00eddica<\/strong>&#8220;. E que uma manuten\u00e7\u00e3o dessa decis\u00e3o pode &#8220;inviabilizar a conclus\u00e3o do certame e afetar a concretiza\u00e7\u00e3o do neg\u00f3cio&#8221;.<\/p>\n<p>Neste contexto de inseguran\u00e7a jur\u00eddica, devem participar do julgamento do STF nesta quinta-feira interessados em participar do <strong>leil\u00e3o<\/strong> de excedente do <strong>pr\u00e9-sal<\/strong> da cess\u00e3o onerosa. Isto, mesmo que as regras estipuladas para o leil\u00e3o sejam bem distintas do caso da <strong>Petrobras<\/strong>.\u00a0O leil\u00e3o est\u00e1 agendado para\u00a028 de outubro.<\/p>\n\t<p>\n\t\t<a href=\"https:\/\/lp.suno.com.br\/asset\/suno-fundo-de-fundos-snff11\/\" target=\"_blank\" data-element=\"shortcode-suno-banner\" title=\"Banner SUNO, clique e saiba mais\">\n\t\t\t<picture>\n\t\t\t\t<source media=\"(max-width: 500px)\" srcset=\"https:\/\/files.sunoresearch.com.br\/n\/uploads\/2024\/01\/400x300-Mobile-Artigos-3-SNFF-AO.png\">\n\t\t\t\t<img class=\"newsContent__article__imgCapa newsContent__article__imgCapa--banner\"\n\t\t\t\t\tsrc=\"https:\/\/files.sunoresearch.com.br\/n\/uploads\/2024\/01\/1420x240-Banner-Artigos-1-_-Banner-Materias-1-SNFF-AO.png\"\n\t\t\t\t\tdata-promo-id=\"364418\"\t\t\t\t\t\t\t\t\t\twidth='1420' height='240'\t\t\t\t\talt=\"https:\/\/files.sunoresearch.com.br\/n\/uploads\/2024\/01\/1420x240-Banner-Artigos-1-_-Banner-Materias-1-SNFF-AO.png\"\n\t\t\t\t>\n\t\t\t<\/picture>\n\t\t<\/a>\n\t<\/p>\n\n\n<h2>Principal amea\u00e7a \u00e0s privatiza\u00e7\u00f5es<\/h2>\n<p>A principal pauta de discuss\u00e3o que ser\u00e1 travada no plen\u00e1rio deve ser a manuten\u00e7\u00e3o ou o fim dos eleitos da liminar concedida pelo ministro do STF, Ricardo\u00a0Lewandowski em junho do ano passado.<\/p>\n<p>Com base na <strong>Lei das Estatais<\/strong>, o ministro determinou que a venda de a\u00e7\u00f5es de <a href=\"https:\/\/www.suno.com.br\/artigos\/estatal-so-se-for-de-graca\/\">empresas estatais<\/a>, <a href=\"https:\/\/www.suno.com.br\/artigos\/sociedade-de-economia-mista\/\">empresas de economia mista<\/a> ou as suas subsidi\u00e1rias controladas exige aval do <strong>Congresso<\/strong> Nacional e <strong>licita\u00e7\u00e3o p\u00fablica<\/strong>. A medida \u00e9 v\u00e1lida para os casos\u00a0que se cuidar de aliena\u00e7\u00e3o do controle acion\u00e1rio.<\/p>\n<p>Desta forma, Lewandowski e seus apoiadores acreditam que o <strong>Legislativo<\/strong> deve participar do processo de aliena\u00e7\u00e3o de bens.<\/p>\n<p>Em sua defesa, a <strong>Petrobras<\/strong> argumenta que n\u00e3o violou a decis\u00e3o do ministro na aquisi\u00e7\u00e3o da TAG pela Engie. A petroleira afirma que obteve autoriza\u00e7\u00e3o legislativa para a transa\u00e7\u00e3o,\u00a0com base na <strong>Lei do Petr\u00f3leo<\/strong>.<\/p>\n<p>Al\u00e9m disso, a estatal acrescentou que houve procedimento licitat\u00f3rio competitivo. Por meio de decreto respaldado pelo Tribunal de Contas da Uni\u00e3o.<\/p>\n<p><a href=\"https:\/\/www.suno.com.br\/noticias\/petrobras-repeite-licitacao-venda-tag\/\">Saiba mais &#8211;\u00a0Petrobras: em liminar, Fachin suspende venda da TAG e de refinarias\u00a0<\/a><\/p>\n<h2>Paulo Guedes e ministros do STF<\/h2>\n<p>Na manh\u00e3 desta quinta-feira (30), o ministro da Economia, <strong><a href=\"https:\/\/www.suno.com.br\/tudo-sobre\/paulo-guedes\/\">Paulo Guedes<\/a><\/strong>, encontrou-se com\u00a0integrantes do Supremo Tribunal Federal.<\/p>\n<p>&#8220;Eu tento dar essa \u00e2ngulo econ\u00f4mico para que os legisladores entendam os efeitos sobre a economia que podem ser <strong>devastadores.<\/strong>\u00a0Isto, caso haja uma <strong>interfer\u00eancia jur\u00eddica<\/strong> num procedimento normal de uma companhia de petr\u00f3leo&#8221;, comentou o ministro aos jornalistas depois com membros do <strong>STF<\/strong>.<\/p>\n","protected":false},"excerpt":{"rendered":"<p>Ocorre nesta quinta-feira (30) o plen\u00e1rio do Supremo Tribunal Federal (STF) para votar liminares concedidas por ministros da corte que podem paralisar os desinvestimentos estatais. Integrantes do governo e representantes da Petrobras (PETR3) buscam barrar tais liminares. Toffoli decide que Petrobras deve fornecer combust\u00edvel a navios do Ir\u00e3 De acordo com fontes da &#8220;Reuters&#8221;, o [&hellip;]<\/p>\n","protected":false},"author":12,"featured_media":5552,"comment_status":"closed","ping_status":"closed","sticky":false,"template":"","format":"standard","meta":[],"categories":[61],"tags":[465,719,796,595,945,785],"suno_strategy":[],"class_list":["post-26627","post","type-post","status-publish","format-standard","has-post-thumbnail","hentry","category-politica","tag-engie-egie3","tag-jair-bolsonaro","tag-paulo-guedes","tag-petrobras-petr4","tag-privatizacoes","tag-supremo-tribunal-federal-stf"],"yoast_head":"<!-- This site is optimized with the Yoast SEO plugin v24.4 - https:\/\/yoast.com\/wordpress\/plugins\/seo\/ -->\n<title>Com plen\u00e1rio do STF, privatiza\u00e7\u00f5es do governo podem estar em xeque<\/title>\n<meta name=\"description\" content=\"O STF tem plen\u00e1rio nesta data para votar liminares concedidas entorno de planos de desinvestimento do governo. Clique para saber mais.\" \/>\n<meta name=\"robots\" content=\"index, follow, max-snippet:-1, max-image-preview:large, max-video-preview:-1\" \/>\n<link rel=\"canonical\" href=\"https:\/\/www.suno.com.br\/noticias\/privatizacao-governo-bolsonaro-stf\/\" \/>\n<meta property=\"og:locale\" content=\"pt_BR\" \/>\n<meta property=\"og:type\" content=\"article\" \/>\n<meta property=\"og:title\" content=\"Com plen\u00e1rio do STF, privatiza\u00e7\u00f5es do governo podem estar em xeque\" \/>\n<meta property=\"og:description\" content=\"O STF tem plen\u00e1rio nesta data para votar liminares concedidas entorno de planos de desinvestimento do governo. Clique para saber mais.\" \/>\n<meta property=\"og:url\" content=\"https:\/\/www.suno.com.br\/noticias\/privatizacao-governo-bolsonaro-stf\/\" \/>\n<meta property=\"og:site_name\" content=\"Suno Not\u00edcias\" \/>\n<meta property=\"article:publisher\" content=\"https:\/\/facebook.com\/sunoresearch\" \/>\n<meta property=\"og:image\" content=\"https:\/\/files.sunoresearch.com.br\/n\/uploads\/2018\/10\/400cae58-dias-toffoli.jpg\" \/>\n\t<meta property=\"og:image:width\" content=\"2000\" \/>\n\t<meta property=\"og:image:height\" content=\"1351\" \/>\n\t<meta property=\"og:image:type\" content=\"image\/jpeg\" \/>\n<meta name=\"author\" content=\"Amanda Gushiken\" \/>\n<meta name=\"twitter:card\" content=\"summary_large_image\" \/>\n<meta name=\"twitter:creator\" content=\"@sunoresearch\" \/>\n<meta name=\"twitter:site\" content=\"@sunoresearch\" \/>\n<meta name=\"twitter:label1\" content=\"Escrito por\" \/>\n\t<meta name=\"twitter:data1\" content=\"Amanda Gushiken\" \/>\n\t<meta name=\"twitter:label2\" content=\"Est. tempo de leitura\" \/>\n\t<meta name=\"twitter:data2\" content=\"4 minutos\" \/>\n<script type=\"application\/ld+json\" class=\"yoast-schema-graph\">{\"@context\":\"https:\/\/schema.org\",\"@graph\":[{\"@type\":\"NewsArticle\",\"@id\":\"https:\/\/www.suno.com.br\/noticias\/privatizacao-governo-bolsonaro-stf\/#article\",\"isPartOf\":{\"@id\":\"https:\/\/www.suno.com.br\/noticias\/privatizacao-governo-bolsonaro-stf\/\"},\"author\":{\"name\":\"Amanda Gushiken\",\"@id\":\"https:\/\/www.suno.com.br\/noticias\/#\/schema\/person\/a5b06fa4e879d8e8e119c6ed3cd630d1\"},\"headline\":\"Com plen\u00e1rio do STF, privatiza\u00e7\u00f5es do governo podem estar em xeque\",\"datePublished\":\"2019-05-30T19:16:32+00:00\",\"mainEntityOfPage\":{\"@id\":\"https:\/\/www.suno.com.br\/noticias\/privatizacao-governo-bolsonaro-stf\/\"},\"wordCount\":867,\"publisher\":{\"@id\":\"https:\/\/www.suno.com.br\/noticias\/#organization\"},\"image\":{\"@id\":\"https:\/\/www.suno.com.br\/noticias\/privatizacao-governo-bolsonaro-stf\/#primaryimage\"},\"thumbnailUrl\":\"https:\/\/files.sunoresearch.com.br\/n\/uploads\/2018\/10\/400cae58-dias-toffoli-jpg.webp\",\"keywords\":[\"Engie (EGIE3)\",\"Jair Bolsonaro\",\"Paulo Guedes\",\"Petrobras (PETR4)\",\"privatiza\u00e7\u00f5es\",\"Supremo Tribunal Federal (STF)\"],\"articleSection\":[\"Pol\u00edtica\"],\"inLanguage\":\"pt-BR\"},{\"@type\":\"WebPage\",\"@id\":\"https:\/\/www.suno.com.br\/noticias\/privatizacao-governo-bolsonaro-stf\/\",\"url\":\"https:\/\/www.suno.com.br\/noticias\/privatizacao-governo-bolsonaro-stf\/\",\"name\":\"Com plen\u00e1rio do STF, privatiza\u00e7\u00f5es do governo podem estar em xeque\",\"isPartOf\":{\"@id\":\"https:\/\/www.suno.com.br\/noticias\/#website\"},\"primaryImageOfPage\":{\"@id\":\"https:\/\/www.suno.com.br\/noticias\/privatizacao-governo-bolsonaro-stf\/#primaryimage\"},\"image\":{\"@id\":\"https:\/\/www.suno.com.br\/noticias\/privatizacao-governo-bolsonaro-stf\/#primaryimage\"},\"thumbnailUrl\":\"https:\/\/files.sunoresearch.com.br\/n\/uploads\/2018\/10\/400cae58-dias-toffoli-jpg.webp\",\"datePublished\":\"2019-05-30T19:16:32+00:00\",\"description\":\"O STF tem plen\u00e1rio nesta data para votar liminares concedidas entorno de planos de desinvestimento do governo. Clique para saber mais.\",\"breadcrumb\":{\"@id\":\"https:\/\/www.suno.com.br\/noticias\/privatizacao-governo-bolsonaro-stf\/#breadcrumb\"},\"inLanguage\":\"pt-BR\",\"potentialAction\":[{\"@type\":\"ReadAction\",\"target\":[\"https:\/\/www.suno.com.br\/noticias\/privatizacao-governo-bolsonaro-stf\/\"]}]},{\"@type\":\"ImageObject\",\"inLanguage\":\"pt-BR\",\"@id\":\"https:\/\/www.suno.com.br\/noticias\/privatizacao-governo-bolsonaro-stf\/#primaryimage\",\"url\":\"https:\/\/files.sunoresearch.com.br\/n\/uploads\/2018\/10\/400cae58-dias-toffoli-jpg.webp\",\"contentUrl\":\"https:\/\/files.sunoresearch.com.br\/n\/uploads\/2018\/10\/400cae58-dias-toffoli-jpg.webp\",\"width\":2000,\"height\":1351,\"caption\":\"Toffoli decide que Petrobras deve fornecer combust\u00edvel a navios do Ir\u00e3\"},{\"@type\":\"BreadcrumbList\",\"@id\":\"https:\/\/www.suno.com.br\/noticias\/privatizacao-governo-bolsonaro-stf\/#breadcrumb\",\"itemListElement\":[{\"@type\":\"ListItem\",\"position\":1,\"name\":\"Not\u00edcias\",\"item\":\"https:\/\/www.suno.com.br\/noticias\/\"},{\"@type\":\"ListItem\",\"position\":2,\"name\":\"Pol\u00edtica\",\"item\":\"https:\/\/www.suno.com.br\/noticias\/politica\/\"},{\"@type\":\"ListItem\",\"position\":3,\"name\":\"Com plen\u00e1rio do STF, privatiza\u00e7\u00f5es do governo podem estar em xeque\"}]},{\"@type\":\"WebSite\",\"@id\":\"https:\/\/www.suno.com.br\/noticias\/#website\",\"url\":\"https:\/\/www.suno.com.br\/noticias\/\",\"name\":\"Suno Not\u00edcias\",\"description\":\"Seu portal de informa\u00e7\u00e3o sobre o mundo dos investimentos\",\"publisher\":{\"@id\":\"https:\/\/www.suno.com.br\/noticias\/#organization\"},\"potentialAction\":[{\"@type\":\"SearchAction\",\"target\":{\"@type\":\"EntryPoint\",\"urlTemplate\":\"https:\/\/www.suno.com.br\/noticias\/?s={search_term_string}\"},\"query-input\":{\"@type\":\"PropertyValueSpecification\",\"valueRequired\":true,\"valueName\":\"search_term_string\"}}],\"inLanguage\":\"pt-BR\"},{\"@type\":\"Organization\",\"@id\":\"https:\/\/www.suno.com.br\/noticias\/#organization\",\"name\":\"Suno Not\u00edcias\",\"url\":\"https:\/\/www.suno.com.br\/noticias\/\",\"logo\":{\"@type\":\"ImageObject\",\"inLanguage\":\"pt-BR\",\"@id\":\"https:\/\/www.suno.com.br\/noticias\/#\/schema\/logo\/image\/\",\"url\":\"https:\/\/files.sunoresearch.com.br\/n\/uploads\/2021\/09\/suno-logo.png\",\"contentUrl\":\"https:\/\/files.sunoresearch.com.br\/n\/uploads\/2021\/09\/suno-logo.png\",\"width\":180,\"height\":180,\"caption\":\"Suno Not\u00edcias\"},\"image\":{\"@id\":\"https:\/\/www.suno.com.br\/noticias\/#\/schema\/logo\/image\/\"},\"sameAs\":[\"https:\/\/facebook.com\/sunoresearch\",\"https:\/\/x.com\/sunoresearch\",\"https:\/\/www.instagram.com\/suno\",\"https:\/\/www.linkedin.com\/company\/suno-research\/\",\"https:\/\/www.youtube.com\/c\/sunoresearch\"]},{\"@type\":\"Person\",\"@id\":\"https:\/\/www.suno.com.br\/noticias\/#\/schema\/person\/a5b06fa4e879d8e8e119c6ed3cd630d1\",\"name\":\"Amanda Gushiken\",\"image\":{\"@type\":\"ImageObject\",\"inLanguage\":\"pt-BR\",\"@id\":\"https:\/\/www.suno.com.br\/noticias\/#\/schema\/person\/image\/\",\"url\":\"https:\/\/secure.gravatar.com\/avatar\/ecd84705e6b65e3685ae80d725501fbe?s=96&r=g\",\"contentUrl\":\"https:\/\/secure.gravatar.com\/avatar\/ecd84705e6b65e3685ae80d725501fbe?s=96&r=g\",\"caption\":\"Amanda Gushiken\"},\"description\":\"Amanda Sayuri Gushiken escreve sobre finan\u00e7as e neg\u00f3cios para o portal Suno Not\u00edcias. Antes, trabalhou selecionando not\u00edcias da imprensa para clientes do mercado financeiro. Tamb\u00e9m desenvolveu pesquisa acad\u00eamica pela Universidade Anhembi Morumbi na \u00e1rea de Teorias da Comunica\u00e7\u00e3o e \u00e9 fot\u00f3grafa nas horas vagas.\",\"url\":\"https:\/\/www.suno.com.br\/noticias\/author\/amanda\/\"}]}<\/script>\n<!-- \/ Yoast SEO plugin. -->","yoast_head_json":{"title":"Com plen\u00e1rio do STF, privatiza\u00e7\u00f5es do governo podem estar em xeque","description":"O STF tem plen\u00e1rio nesta data para votar liminares concedidas entorno de planos de desinvestimento do governo. Clique para saber mais.","robots":{"index":"index","follow":"follow","max-snippet":"max-snippet:-1","max-image-preview":"max-image-preview:large","max-video-preview":"max-video-preview:-1"},"canonical":"https:\/\/www.suno.com.br\/noticias\/privatizacao-governo-bolsonaro-stf\/","og_locale":"pt_BR","og_type":"article","og_title":"Com plen\u00e1rio do STF, privatiza\u00e7\u00f5es do governo podem estar em xeque","og_description":"O STF tem plen\u00e1rio nesta data para votar liminares concedidas entorno de planos de desinvestimento do governo. Clique para saber mais.","og_url":"https:\/\/www.suno.com.br\/noticias\/privatizacao-governo-bolsonaro-stf\/","og_site_name":"Suno Not\u00edcias","article_publisher":"https:\/\/facebook.com\/sunoresearch","og_image":[{"width":2000,"height":1351,"url":"https:\/\/files.sunoresearch.com.br\/n\/uploads\/2018\/10\/400cae58-dias-toffoli.jpg","type":"image\/jpeg"}],"author":"Amanda Gushiken","twitter_card":"summary_large_image","twitter_creator":"@sunoresearch","twitter_site":"@sunoresearch","twitter_misc":{"Escrito por":"Amanda Gushiken","Est. tempo de leitura":"4 minutos"},"schema":{"@context":"https:\/\/schema.org","@graph":[{"@type":"NewsArticle","@id":"https:\/\/www.suno.com.br\/noticias\/privatizacao-governo-bolsonaro-stf\/#article","isPartOf":{"@id":"https:\/\/www.suno.com.br\/noticias\/privatizacao-governo-bolsonaro-stf\/"},"author":{"name":"Amanda Gushiken","@id":"https:\/\/www.suno.com.br\/noticias\/#\/schema\/person\/a5b06fa4e879d8e8e119c6ed3cd630d1"},"headline":"Com plen\u00e1rio do STF, privatiza\u00e7\u00f5es do governo podem estar em xeque","datePublished":"2019-05-30T19:16:32+00:00","mainEntityOfPage":{"@id":"https:\/\/www.suno.com.br\/noticias\/privatizacao-governo-bolsonaro-stf\/"},"wordCount":867,"publisher":{"@id":"https:\/\/www.suno.com.br\/noticias\/#organization"},"image":{"@id":"https:\/\/www.suno.com.br\/noticias\/privatizacao-governo-bolsonaro-stf\/#primaryimage"},"thumbnailUrl":"https:\/\/files.sunoresearch.com.br\/n\/uploads\/2018\/10\/400cae58-dias-toffoli-jpg.webp","keywords":["Engie (EGIE3)","Jair Bolsonaro","Paulo Guedes","Petrobras (PETR4)","privatiza\u00e7\u00f5es","Supremo Tribunal Federal (STF)"],"articleSection":["Pol\u00edtica"],"inLanguage":"pt-BR"},{"@type":"WebPage","@id":"https:\/\/www.suno.com.br\/noticias\/privatizacao-governo-bolsonaro-stf\/","url":"https:\/\/www.suno.com.br\/noticias\/privatizacao-governo-bolsonaro-stf\/","name":"Com plen\u00e1rio do STF, privatiza\u00e7\u00f5es do governo podem estar em xeque","isPartOf":{"@id":"https:\/\/www.suno.com.br\/noticias\/#website"},"primaryImageOfPage":{"@id":"https:\/\/www.suno.com.br\/noticias\/privatizacao-governo-bolsonaro-stf\/#primaryimage"},"image":{"@id":"https:\/\/www.suno.com.br\/noticias\/privatizacao-governo-bolsonaro-stf\/#primaryimage"},"thumbnailUrl":"https:\/\/files.sunoresearch.com.br\/n\/uploads\/2018\/10\/400cae58-dias-toffoli-jpg.webp","datePublished":"2019-05-30T19:16:32+00:00","description":"O STF tem plen\u00e1rio nesta data para votar liminares concedidas entorno de planos de desinvestimento do governo. Clique para saber mais.","breadcrumb":{"@id":"https:\/\/www.suno.com.br\/noticias\/privatizacao-governo-bolsonaro-stf\/#breadcrumb"},"inLanguage":"pt-BR","potentialAction":[{"@type":"ReadAction","target":["https:\/\/www.suno.com.br\/noticias\/privatizacao-governo-bolsonaro-stf\/"]}]},{"@type":"ImageObject","inLanguage":"pt-BR","@id":"https:\/\/www.suno.com.br\/noticias\/privatizacao-governo-bolsonaro-stf\/#primaryimage","url":"https:\/\/files.sunoresearch.com.br\/n\/uploads\/2018\/10\/400cae58-dias-toffoli-jpg.webp","contentUrl":"https:\/\/files.sunoresearch.com.br\/n\/uploads\/2018\/10\/400cae58-dias-toffoli-jpg.webp","width":2000,"height":1351,"caption":"Toffoli decide que Petrobras deve fornecer combust\u00edvel a navios do Ir\u00e3"},{"@type":"BreadcrumbList","@id":"https:\/\/www.suno.com.br\/noticias\/privatizacao-governo-bolsonaro-stf\/#breadcrumb","itemListElement":[{"@type":"ListItem","position":1,"name":"Not\u00edcias","item":"https:\/\/www.suno.com.br\/noticias\/"},{"@type":"ListItem","position":2,"name":"Pol\u00edtica","item":"https:\/\/www.suno.com.br\/noticias\/politica\/"},{"@type":"ListItem","position":3,"name":"Com plen\u00e1rio do STF, privatiza\u00e7\u00f5es do governo podem estar em xeque"}]},{"@type":"WebSite","@id":"https:\/\/www.suno.com.br\/noticias\/#website","url":"https:\/\/www.suno.com.br\/noticias\/","name":"Suno Not\u00edcias","description":"Seu portal de informa\u00e7\u00e3o sobre o mundo dos investimentos","publisher":{"@id":"https:\/\/www.suno.com.br\/noticias\/#organization"},"potentialAction":[{"@type":"SearchAction","target":{"@type":"EntryPoint","urlTemplate":"https:\/\/www.suno.com.br\/noticias\/?s={search_term_string}"},"query-input":{"@type":"PropertyValueSpecification","valueRequired":true,"valueName":"search_term_string"}}],"inLanguage":"pt-BR"},{"@type":"Organization","@id":"https:\/\/www.suno.com.br\/noticias\/#organization","name":"Suno Not\u00edcias","url":"https:\/\/www.suno.com.br\/noticias\/","logo":{"@type":"ImageObject","inLanguage":"pt-BR","@id":"https:\/\/www.suno.com.br\/noticias\/#\/schema\/logo\/image\/","url":"https:\/\/files.sunoresearch.com.br\/n\/uploads\/2021\/09\/suno-logo.png","contentUrl":"https:\/\/files.sunoresearch.com.br\/n\/uploads\/2021\/09\/suno-logo.png","width":180,"height":180,"caption":"Suno Not\u00edcias"},"image":{"@id":"https:\/\/www.suno.com.br\/noticias\/#\/schema\/logo\/image\/"},"sameAs":["https:\/\/facebook.com\/sunoresearch","https:\/\/x.com\/sunoresearch","https:\/\/www.instagram.com\/suno","https:\/\/www.linkedin.com\/company\/suno-research\/","https:\/\/www.youtube.com\/c\/sunoresearch"]},{"@type":"Person","@id":"https:\/\/www.suno.com.br\/noticias\/#\/schema\/person\/a5b06fa4e879d8e8e119c6ed3cd630d1","name":"Amanda Gushiken","image":{"@type":"ImageObject","inLanguage":"pt-BR","@id":"https:\/\/www.suno.com.br\/noticias\/#\/schema\/person\/image\/","url":"https:\/\/secure.gravatar.com\/avatar\/ecd84705e6b65e3685ae80d725501fbe?s=96&r=g","contentUrl":"https:\/\/secure.gravatar.com\/avatar\/ecd84705e6b65e3685ae80d725501fbe?s=96&r=g","caption":"Amanda Gushiken"},"description":"Amanda Sayuri Gushiken escreve sobre finan\u00e7as e neg\u00f3cios para o portal Suno Not\u00edcias. Antes, trabalhou selecionando not\u00edcias da imprensa para clientes do mercado financeiro. Tamb\u00e9m desenvolveu pesquisa acad\u00eamica pela Universidade Anhembi Morumbi na \u00e1rea de Teorias da Comunica\u00e7\u00e3o e \u00e9 fot\u00f3grafa nas horas vagas.","url":"https:\/\/www.suno.com.br\/noticias\/author\/amanda\/"}]}},"default_loop_html":"<div class=\"cardsPage__listCard__boxs\"><div class=\"cardsPage__listCard__boxs__img\"><a href=\"https:\/\/www.suno.com.br\/noticias\/privatizacao-governo-bolsonaro-stf\/\"><img class=\"mask\" src=\"https:\/\/www.suno.com.br\/noticias\/wp-content\/themes\/suno\/resources\/images\/spotlight\/spotlight1img\/bg-mask.png\" alt=\"Image Mask\"\/><img src=\"https:\/\/files.sunoresearch.com.br\/n\/uploads\/2018\/10\/400cae58-dias-toffoli-400x200.webp\" alt=\"Com plen\u00e1rio do STF, privatiza\u00e7\u00f5es do governo podem estar em xeque\"\/><\/a><span class=\"spotlightCategory\"><a href=\"https:\/\/www.suno.com.br\/noticias\/politica\/\">Pol\u00edtica<\/a><\/span><\/div><div class=\"cardsPage__listCard__boxs__content\"><a href=\"https:\/\/www.suno.com.br\/noticias\/privatizacao-governo-bolsonaro-stf\/\"><h2 class=\"content__title\">Com plen\u00e1rio do STF, privatiza\u00e7\u00f5es do governo podem estar em xeque<\/h2><\/a><div class=\"newsContent__article__meta\"><div class=\"newsContent__article__meta__authorBox\"><a href=\"https:\/\/www.suno.com.br\/noticias\/author\/amanda\/\" class=\"authorBox__avatar noMobi\"><img src=\"https:\/\/files.sunoresearch.com.br\/n\/uploads\/2018\/11\/c6ad30be-amanda-150x150.webp\" alt=\"Amanda Gushiken\"><\/a><div class=\"authorBox__name\"><span>por\n\t\t\t<a href=\"https:\/\/www.suno.com.br\/noticias\/author\/amanda\/\"><span itemprop=\"author\">Amanda Gushiken<\/span><\/a><\/span><time datetime=\"2019-05-30T16:16:32-03:00\" itemprop=\"datePublished\">30\/05\/2019 16:16<\/time><\/div><\/div><\/div><\/div><\/div>","single_layout":"posts","amp_enabled":true,"_links":{"self":[{"href":"https:\/\/www.suno.com.br\/noticias\/wp-json\/wp\/v2\/posts\/26627"}],"collection":[{"href":"https:\/\/www.suno.com.br\/noticias\/wp-json\/wp\/v2\/posts"}],"about":[{"href":"https:\/\/www.suno.com.br\/noticias\/wp-json\/wp\/v2\/types\/post"}],"author":[{"embeddable":true,"href":"https:\/\/www.suno.com.br\/noticias\/wp-json\/wp\/v2\/users\/12"}],"replies":[{"embeddable":true,"href":"https:\/\/www.suno.com.br\/noticias\/wp-json\/wp\/v2\/comments?post=26627"}],"version-history":[{"count":0,"href":"https:\/\/www.suno.com.br\/noticias\/wp-json\/wp\/v2\/posts\/26627\/revisions"}],"wp:featuredmedia":[{"embeddable":true,"href":"https:\/\/www.suno.com.br\/noticias\/wp-json\/wp\/v2\/media\/5552"}],"wp:attachment":[{"href":"https:\/\/www.suno.com.br\/noticias\/wp-json\/wp\/v2\/media?parent=26627"}],"wp:term":[{"taxonomy":"category","embeddable":true,"href":"https:\/\/www.suno.com.br\/noticias\/wp-json\/wp\/v2\/categories?post=26627"},{"taxonomy":"post_tag","embeddable":true,"href":"https:\/\/www.suno.com.br\/noticias\/wp-json\/wp\/v2\/tags?post=26627"},{"taxonomy":"suno_strategy","embeddable":true,"href":"https:\/\/www.suno.com.br\/noticias\/wp-json\/wp\/v2\/suno_strategy?post=26627"}],"curies":[{"name":"wp","href":"https:\/\/api.w.org\/{rel}","templated":true}]}}