{"id":26608,"date":"2019-05-30T14:32:54","date_gmt":"2019-05-30T17:32:54","guid":{"rendered":"https:\/\/www.suno.com.br\/noticias\/?p=26608"},"modified":"2019-05-30T14:32:54","modified_gmt":"2019-05-30T17:32:54","slug":"rabobank-pib-07-2019","status":"publish","type":"post","link":"https:\/\/www.suno.com.br\/noticias\/rabobank-pib-07-2019\/","title":{"rendered":"Rabobank estima PIB em 0,7% no ano, ap\u00f3s resultado do 1T19"},"content":{"rendered":"<p>O Rabobank informou que a previs\u00e3o para o <a href=\"https:\/\/www.suno.com.br\/artigos\/pib-produto-interno-bruto\/\"><strong>Produto Interno Bruto (PIB)<\/strong><\/a> do Brasil em 2019 \u00e9 agora de 0,7%. A \u00faltima proje\u00e7\u00e3o do banco era de 0,8%. Assim, a queda ocorreu depois que o <strong>Instituto Brasileiro de Geografia e Estat\u00edstica <\/strong>(<strong>IBGE<\/strong>) divulgou o resultado trimestral do indicador.<\/p>\t<div class=\"wrapper-featured-image\">\n\t\t<figure class=\"spotlightImg\">\n\n\t\t\t<picture>\n\t\t\t\t<source media=\"(max-width: 768px)\" srcset=\"https:\/\/files.sunoresearch.com.br\/n\/uploads\/2019\/05\/888e7f68-rabobank-400x200.webp\">\n\t\t\t\t<img loading=\"lazy\" decoding=\"async\" class=\"newsContent__article__imgCapa lazyloadDisabled newsContent__article__imgCapa--noCaption\" src=\"https:\/\/files.sunoresearch.com.br\/n\/uploads\/2019\/05\/888e7f68-rabobank-800x450.webp\" width=\"800\" height=\"450\" alt=\"Rabobank estima PIB em 0,7% no ano, ap\u00f3s resultado do 1T19\" fetchpriority=high \/>\n\t\t\t<\/picture>\n\n\t\t\t<figcaption class=\"wp-caption-text wp-caption-text--hide\">Rabobank<\/figcaption>\n\t\t<\/figure>\n\t<\/div>\n\n\n<p>Isso porque nesta quinta-feira (30), o instituto declarou que o <a href=\"https:\/\/www.suno.com.br\/noticias\/pib-brasil-retracao-primeiro-tri\/\"><strong>crescimento brasileiro<\/strong> no primeiro trimestre foi reduzido em 0,2%<\/a>.\u00a0\u201cA contribui\u00e7\u00e3o da demanda externa veio pior do que imagin\u00e1vamos\u201d, disse o economista-chefe do <strong>Rabobank<\/strong>, Mauricio Oreng. Assim, ele ressaltou que as exporta\u00e7\u00f5es sofreram queda de 0,3% no per\u00edodo.<\/p>\n\t<p>\n\t\t<a href=\"https:\/\/lp.suno.com.br\/asset\/suno-fundo-infra-estrutura-snid11\/\" target=\"_blank\" data-element=\"shortcode-suno-banner\" title=\"Banner SUNO, clique e saiba mais\">\n\t\t\t<picture>\n\t\t\t\t<source media=\"(max-width: 500px)\" srcset=\"https:\/\/files.sunoresearch.com.br\/n\/uploads\/2024\/01\/400x300-Banner-Home-1-SNID-AO.png\">\n\t\t\t\t<img class=\"newsContent__article__imgCapa newsContent__article__imgCapa--banner\"\n\t\t\t\t\tsrc=\"https:\/\/files.sunoresearch.com.br\/n\/uploads\/2024\/01\/1420x240-Banner-Home-1-SNID-AO.png\"\n\t\t\t\t\tdata-promo-id=\"364419\"\t\t\t\t\t\t\t\t\t\twidth='1420' height='240'\t\t\t\t\talt=\"https:\/\/files.sunoresearch.com.br\/n\/uploads\/2024\/01\/1420x240-Banner-Home-1-SNID-AO.png\"\n\t\t\t\t>\n\t\t\t<\/picture>\n\t\t<\/a>\n\t<\/p>\n\n\n<p>Outro ponto de destaque para o economista foi o resultado da <strong>Forma\u00e7\u00e3o Bruta de Capital Fixo<\/strong>. Isso porque o indicador caiu 1,7% no trimestre. No entanto, o resultado negativo j\u00e1 era esperado.<\/p>\n<p><a href=\"https:\/\/www.suno.com.br\/noticias\/citi-brasil-reve-alta-pib-2019\/\">Saiba Mais: Citi Brasil rev\u00ea estimativa de alta do PIB anual de 1,4% para 0,9%<\/a><\/p>\n<p>\u201cO <strong>investimento<\/strong> reflete mais o longo prazo, que depende da confian\u00e7a dos <strong>empres\u00e1rios.<\/strong> As empresas tiveram um in\u00edcio de recupera\u00e7\u00e3o da confian\u00e7a e esse movimento j\u00e1 foi completamente revertido\u201d, afirmou.<\/p>\n<h2>PIB trimestral<\/h2>\n<p>A retra\u00e7\u00e3o do <strong>PIB<\/strong> \u00e9 a primeira desde o \u00faltimo trimestre de 2016, quando registrou uma <strong>queda<\/strong> de 2,3%. Em valores, o total foi de R$ 1,714 trilh\u00e3o. Assim, os n\u00fameros est\u00e3o de acordo com o esperado pelo mercado. Al\u00e9m disso, o registro mostra uma <strong>estagna\u00e7\u00e3o<\/strong> da <strong>economia<\/strong> e uma piora das <strong>expectativas<\/strong> para 2019.<\/p>\n<p><a href=\"https:\/\/www.suno.com.br\/noticias\/boletim-focus-previsao-pib-cai\/\">Saiba Mais: Boletim Focus: previs\u00e3o do PIB cai pela 13\u00aa vez seguida e \u00edndice vai a 1,23%<\/a><\/p>\n<p>Em compara\u00e7\u00e3o com os primeiros tr\u00eas meses de 2018, a alta no indicador \u00e9 de 0,5%. J\u00e1 no acumulado do ano at\u00e9 mar\u00e7o, o avan\u00e7o \u00e9 de 0,9%. De acordo com o IBGE, o principal fator de influ\u00eancia foi a forte queda da <strong>ind\u00fastria extrativa<\/strong>. Isso porque o setor recuou 6,3%, como reflexo do desastre do rompimento da barragem da <strong>Vale<\/strong> em <strong>Brumadinho<\/strong> (MG).<\/p>\n<p>\u201cO incidente de <strong>Brumadinho<\/strong> e o consequente estado de alerta de outros s\u00edtios de minera\u00e7\u00e3o afetaram todo o setor\u201d, explica a gerente de Contas Nacionais do IBGE, Claudia Dion\u00edsio.<\/p>\n<p><a href=\"https:\/\/www.suno.com.br\/noticias\/itau-projeta-retracao-pib-1-trimestre\/\">Saiba Mais: Ita\u00fa reduz proje\u00e7\u00e3o do PIB no 1T e prev\u00ea retra\u00e7\u00e3o de 0,2%<\/a><\/p>\n<p>O\u00a0resultado tamb\u00e9m foi puxado pela queda no setor <strong>industrial<\/strong>, que caiu 0,7%. Al\u00e9m disso, tamb\u00e9m influenciou a retra\u00e7\u00e3o de 0,5% na <strong>agropecu\u00e1ria<\/strong>.<\/p>\n","protected":false},"excerpt":{"rendered":"<p>O Rabobank informou que a previs\u00e3o para o Produto Interno Bruto (PIB) do Brasil em 2019 \u00e9 agora de 0,7%. A \u00faltima proje\u00e7\u00e3o do banco era de 0,8%. Assim, a queda ocorreu depois que o Instituto Brasileiro de Geografia e Estat\u00edstica (IBGE) divulgou o resultado trimestral do indicador. Rabobank Isso porque nesta quinta-feira (30), o [&hellip;]<\/p>\n","protected":false},"author":16,"featured_media":26610,"comment_status":"closed","ping_status":"closed","sticky":false,"template":"","format":"standard","meta":[],"categories":[62],"tags":[289,740,807],"suno_strategy":[],"class_list":["post-26608","post","type-post","status-publish","format-standard","has-post-thumbnail","hentry","category-economia","tag-bancos","tag-economia","tag-produto-interno-bruto-pib"],"yoast_head":"<!-- This site is optimized with the Yoast SEO plugin v24.4 - https:\/\/yoast.com\/wordpress\/plugins\/seo\/ -->\n<title>Rabobank estima PIB em 0,7% no ano, ap\u00f3s resultado do 1T19<\/title>\n<meta name=\"description\" content=\"A revis\u00e3o do crescimento do PIB feita pelo Rabobank ocorre depois de divulga\u00e7\u00e3o do resultado do primeiro trimestre. Clique e saiba mais.\" \/>\n<meta name=\"robots\" content=\"index, follow, max-snippet:-1, max-image-preview:large, max-video-preview:-1\" \/>\n<link rel=\"canonical\" href=\"https:\/\/www.suno.com.br\/noticias\/rabobank-pib-07-2019\/\" \/>\n<meta property=\"og:locale\" content=\"pt_BR\" \/>\n<meta property=\"og:type\" content=\"article\" \/>\n<meta property=\"og:title\" content=\"Rabobank estima PIB em 0,7% no ano, ap\u00f3s resultado do 1T19\" \/>\n<meta property=\"og:description\" content=\"A revis\u00e3o do crescimento do PIB feita pelo Rabobank ocorre depois de divulga\u00e7\u00e3o do resultado do primeiro trimestre. Clique e saiba mais.\" \/>\n<meta property=\"og:url\" content=\"https:\/\/www.suno.com.br\/noticias\/rabobank-pib-07-2019\/\" \/>\n<meta property=\"og:site_name\" content=\"Suno Not\u00edcias\" \/>\n<meta property=\"article:publisher\" content=\"https:\/\/facebook.com\/sunoresearch\" \/>\n<meta property=\"og:image\" content=\"https:\/\/files.sunoresearch.com.br\/n\/uploads\/2019\/05\/888e7f68-rabobank.jpg\" \/>\n\t<meta property=\"og:image:width\" content=\"1024\" \/>\n\t<meta property=\"og:image:height\" content=\"576\" \/>\n\t<meta property=\"og:image:type\" content=\"image\/jpeg\" \/>\n<meta name=\"author\" content=\"Beatriz Oliveira\" \/>\n<meta name=\"twitter:card\" content=\"summary_large_image\" \/>\n<meta name=\"twitter:creator\" content=\"@sunoresearch\" \/>\n<meta name=\"twitter:site\" content=\"@sunoresearch\" \/>\n<meta name=\"twitter:label1\" content=\"Escrito por\" \/>\n\t<meta name=\"twitter:data1\" content=\"Beatriz Oliveira\" \/>\n\t<meta name=\"twitter:label2\" content=\"Est. tempo de leitura\" \/>\n\t<meta name=\"twitter:data2\" content=\"2 minutos\" \/>\n<script type=\"application\/ld+json\" class=\"yoast-schema-graph\">{\"@context\":\"https:\/\/schema.org\",\"@graph\":[{\"@type\":\"NewsArticle\",\"@id\":\"https:\/\/www.suno.com.br\/noticias\/rabobank-pib-07-2019\/#article\",\"isPartOf\":{\"@id\":\"https:\/\/www.suno.com.br\/noticias\/rabobank-pib-07-2019\/\"},\"author\":{\"name\":\"Beatriz Oliveira\",\"@id\":\"https:\/\/www.suno.com.br\/noticias\/#\/schema\/person\/e67f665add014bf99f644028de070cc3\"},\"headline\":\"Rabobank estima PIB em 0,7% no ano, ap\u00f3s resultado do 1T19\",\"datePublished\":\"2019-05-30T17:32:54+00:00\",\"mainEntityOfPage\":{\"@id\":\"https:\/\/www.suno.com.br\/noticias\/rabobank-pib-07-2019\/\"},\"wordCount\":401,\"publisher\":{\"@id\":\"https:\/\/www.suno.com.br\/noticias\/#organization\"},\"image\":{\"@id\":\"https:\/\/www.suno.com.br\/noticias\/rabobank-pib-07-2019\/#primaryimage\"},\"thumbnailUrl\":\"https:\/\/files.sunoresearch.com.br\/n\/uploads\/2019\/05\/888e7f68-rabobank-jpg.webp\",\"keywords\":[\"bancos\",\"Economia\",\"Produto Interno Bruto (PIB)\"],\"articleSection\":[\"Economia\"],\"inLanguage\":\"pt-BR\"},{\"@type\":\"WebPage\",\"@id\":\"https:\/\/www.suno.com.br\/noticias\/rabobank-pib-07-2019\/\",\"url\":\"https:\/\/www.suno.com.br\/noticias\/rabobank-pib-07-2019\/\",\"name\":\"Rabobank estima PIB em 0,7% no ano, ap\u00f3s resultado do 1T19\",\"isPartOf\":{\"@id\":\"https:\/\/www.suno.com.br\/noticias\/#website\"},\"primaryImageOfPage\":{\"@id\":\"https:\/\/www.suno.com.br\/noticias\/rabobank-pib-07-2019\/#primaryimage\"},\"image\":{\"@id\":\"https:\/\/www.suno.com.br\/noticias\/rabobank-pib-07-2019\/#primaryimage\"},\"thumbnailUrl\":\"https:\/\/files.sunoresearch.com.br\/n\/uploads\/2019\/05\/888e7f68-rabobank-jpg.webp\",\"datePublished\":\"2019-05-30T17:32:54+00:00\",\"description\":\"A revis\u00e3o do crescimento do PIB feita pelo Rabobank ocorre depois de divulga\u00e7\u00e3o do resultado do primeiro trimestre. Clique e saiba mais.\",\"breadcrumb\":{\"@id\":\"https:\/\/www.suno.com.br\/noticias\/rabobank-pib-07-2019\/#breadcrumb\"},\"inLanguage\":\"pt-BR\",\"potentialAction\":[{\"@type\":\"ReadAction\",\"target\":[\"https:\/\/www.suno.com.br\/noticias\/rabobank-pib-07-2019\/\"]}]},{\"@type\":\"ImageObject\",\"inLanguage\":\"pt-BR\",\"@id\":\"https:\/\/www.suno.com.br\/noticias\/rabobank-pib-07-2019\/#primaryimage\",\"url\":\"https:\/\/files.sunoresearch.com.br\/n\/uploads\/2019\/05\/888e7f68-rabobank-jpg.webp\",\"contentUrl\":\"https:\/\/files.sunoresearch.com.br\/n\/uploads\/2019\/05\/888e7f68-rabobank-jpg.webp\",\"width\":1024,\"height\":576,\"caption\":\"Rabobank\"},{\"@type\":\"BreadcrumbList\",\"@id\":\"https:\/\/www.suno.com.br\/noticias\/rabobank-pib-07-2019\/#breadcrumb\",\"itemListElement\":[{\"@type\":\"ListItem\",\"position\":1,\"name\":\"Not\u00edcias\",\"item\":\"https:\/\/www.suno.com.br\/noticias\/\"},{\"@type\":\"ListItem\",\"position\":2,\"name\":\"Economia\",\"item\":\"https:\/\/www.suno.com.br\/noticias\/economia\/\"},{\"@type\":\"ListItem\",\"position\":3,\"name\":\"Rabobank estima PIB em 0,7% no ano, ap\u00f3s resultado do 1T19\"}]},{\"@type\":\"WebSite\",\"@id\":\"https:\/\/www.suno.com.br\/noticias\/#website\",\"url\":\"https:\/\/www.suno.com.br\/noticias\/\",\"name\":\"Suno Not\u00edcias\",\"description\":\"Seu portal de informa\u00e7\u00e3o sobre o mundo dos investimentos\",\"publisher\":{\"@id\":\"https:\/\/www.suno.com.br\/noticias\/#organization\"},\"potentialAction\":[{\"@type\":\"SearchAction\",\"target\":{\"@type\":\"EntryPoint\",\"urlTemplate\":\"https:\/\/www.suno.com.br\/noticias\/?s={search_term_string}\"},\"query-input\":{\"@type\":\"PropertyValueSpecification\",\"valueRequired\":true,\"valueName\":\"search_term_string\"}}],\"inLanguage\":\"pt-BR\"},{\"@type\":\"Organization\",\"@id\":\"https:\/\/www.suno.com.br\/noticias\/#organization\",\"name\":\"Suno Not\u00edcias\",\"url\":\"https:\/\/www.suno.com.br\/noticias\/\",\"logo\":{\"@type\":\"ImageObject\",\"inLanguage\":\"pt-BR\",\"@id\":\"https:\/\/www.suno.com.br\/noticias\/#\/schema\/logo\/image\/\",\"url\":\"https:\/\/files.sunoresearch.com.br\/n\/uploads\/2021\/09\/suno-logo.png\",\"contentUrl\":\"https:\/\/files.sunoresearch.com.br\/n\/uploads\/2021\/09\/suno-logo.png\",\"width\":180,\"height\":180,\"caption\":\"Suno Not\u00edcias\"},\"image\":{\"@id\":\"https:\/\/www.suno.com.br\/noticias\/#\/schema\/logo\/image\/\"},\"sameAs\":[\"https:\/\/facebook.com\/sunoresearch\",\"https:\/\/x.com\/sunoresearch\",\"https:\/\/www.instagram.com\/suno\",\"https:\/\/www.linkedin.com\/company\/suno-research\/\",\"https:\/\/www.youtube.com\/c\/sunoresearch\"]},{\"@type\":\"Person\",\"@id\":\"https:\/\/www.suno.com.br\/noticias\/#\/schema\/person\/e67f665add014bf99f644028de070cc3\",\"name\":\"Beatriz Oliveira\",\"image\":{\"@type\":\"ImageObject\",\"inLanguage\":\"pt-BR\",\"@id\":\"https:\/\/www.suno.com.br\/noticias\/#\/schema\/person\/image\/\",\"url\":\"https:\/\/secure.gravatar.com\/avatar\/c9aa6a0aaecc598d257d5d5bd349157d?s=96&r=g\",\"contentUrl\":\"https:\/\/secure.gravatar.com\/avatar\/c9aa6a0aaecc598d257d5d5bd349157d?s=96&r=g\",\"caption\":\"Beatriz Oliveira\"},\"description\":\"Formada em Jornalismo pela Faculdade Paulus de Tecnologia e Comunica\u00e7\u00e3o, Beatriz Oliveira escreve para o portal de not\u00edcias Suno Research. Antes, passou pelas reda\u00e7\u00f5es da Revista EXAME e da Rede Bandeirantes.\",\"url\":\"https:\/\/www.suno.com.br\/noticias\/author\/beatriz\/\"}]}<\/script>\n<!-- \/ Yoast SEO plugin. -->","yoast_head_json":{"title":"Rabobank estima PIB em 0,7% no ano, ap\u00f3s resultado do 1T19","description":"A revis\u00e3o do crescimento do PIB feita pelo Rabobank ocorre depois de divulga\u00e7\u00e3o do resultado do primeiro trimestre. Clique e saiba mais.","robots":{"index":"index","follow":"follow","max-snippet":"max-snippet:-1","max-image-preview":"max-image-preview:large","max-video-preview":"max-video-preview:-1"},"canonical":"https:\/\/www.suno.com.br\/noticias\/rabobank-pib-07-2019\/","og_locale":"pt_BR","og_type":"article","og_title":"Rabobank estima PIB em 0,7% no ano, ap\u00f3s resultado do 1T19","og_description":"A revis\u00e3o do crescimento do PIB feita pelo Rabobank ocorre depois de divulga\u00e7\u00e3o do resultado do primeiro trimestre. Clique e saiba mais.","og_url":"https:\/\/www.suno.com.br\/noticias\/rabobank-pib-07-2019\/","og_site_name":"Suno Not\u00edcias","article_publisher":"https:\/\/facebook.com\/sunoresearch","og_image":[{"width":1024,"height":576,"url":"https:\/\/files.sunoresearch.com.br\/n\/uploads\/2019\/05\/888e7f68-rabobank.jpg","type":"image\/jpeg"}],"author":"Beatriz Oliveira","twitter_card":"summary_large_image","twitter_creator":"@sunoresearch","twitter_site":"@sunoresearch","twitter_misc":{"Escrito por":"Beatriz Oliveira","Est. tempo de leitura":"2 minutos"},"schema":{"@context":"https:\/\/schema.org","@graph":[{"@type":"NewsArticle","@id":"https:\/\/www.suno.com.br\/noticias\/rabobank-pib-07-2019\/#article","isPartOf":{"@id":"https:\/\/www.suno.com.br\/noticias\/rabobank-pib-07-2019\/"},"author":{"name":"Beatriz Oliveira","@id":"https:\/\/www.suno.com.br\/noticias\/#\/schema\/person\/e67f665add014bf99f644028de070cc3"},"headline":"Rabobank estima PIB em 0,7% no ano, ap\u00f3s resultado do 1T19","datePublished":"2019-05-30T17:32:54+00:00","mainEntityOfPage":{"@id":"https:\/\/www.suno.com.br\/noticias\/rabobank-pib-07-2019\/"},"wordCount":401,"publisher":{"@id":"https:\/\/www.suno.com.br\/noticias\/#organization"},"image":{"@id":"https:\/\/www.suno.com.br\/noticias\/rabobank-pib-07-2019\/#primaryimage"},"thumbnailUrl":"https:\/\/files.sunoresearch.com.br\/n\/uploads\/2019\/05\/888e7f68-rabobank-jpg.webp","keywords":["bancos","Economia","Produto Interno Bruto (PIB)"],"articleSection":["Economia"],"inLanguage":"pt-BR"},{"@type":"WebPage","@id":"https:\/\/www.suno.com.br\/noticias\/rabobank-pib-07-2019\/","url":"https:\/\/www.suno.com.br\/noticias\/rabobank-pib-07-2019\/","name":"Rabobank estima PIB em 0,7% no ano, ap\u00f3s resultado do 1T19","isPartOf":{"@id":"https:\/\/www.suno.com.br\/noticias\/#website"},"primaryImageOfPage":{"@id":"https:\/\/www.suno.com.br\/noticias\/rabobank-pib-07-2019\/#primaryimage"},"image":{"@id":"https:\/\/www.suno.com.br\/noticias\/rabobank-pib-07-2019\/#primaryimage"},"thumbnailUrl":"https:\/\/files.sunoresearch.com.br\/n\/uploads\/2019\/05\/888e7f68-rabobank-jpg.webp","datePublished":"2019-05-30T17:32:54+00:00","description":"A revis\u00e3o do crescimento do PIB feita pelo Rabobank ocorre depois de divulga\u00e7\u00e3o do resultado do primeiro trimestre. Clique e saiba mais.","breadcrumb":{"@id":"https:\/\/www.suno.com.br\/noticias\/rabobank-pib-07-2019\/#breadcrumb"},"inLanguage":"pt-BR","potentialAction":[{"@type":"ReadAction","target":["https:\/\/www.suno.com.br\/noticias\/rabobank-pib-07-2019\/"]}]},{"@type":"ImageObject","inLanguage":"pt-BR","@id":"https:\/\/www.suno.com.br\/noticias\/rabobank-pib-07-2019\/#primaryimage","url":"https:\/\/files.sunoresearch.com.br\/n\/uploads\/2019\/05\/888e7f68-rabobank-jpg.webp","contentUrl":"https:\/\/files.sunoresearch.com.br\/n\/uploads\/2019\/05\/888e7f68-rabobank-jpg.webp","width":1024,"height":576,"caption":"Rabobank"},{"@type":"BreadcrumbList","@id":"https:\/\/www.suno.com.br\/noticias\/rabobank-pib-07-2019\/#breadcrumb","itemListElement":[{"@type":"ListItem","position":1,"name":"Not\u00edcias","item":"https:\/\/www.suno.com.br\/noticias\/"},{"@type":"ListItem","position":2,"name":"Economia","item":"https:\/\/www.suno.com.br\/noticias\/economia\/"},{"@type":"ListItem","position":3,"name":"Rabobank estima PIB em 0,7% no ano, ap\u00f3s resultado do 1T19"}]},{"@type":"WebSite","@id":"https:\/\/www.suno.com.br\/noticias\/#website","url":"https:\/\/www.suno.com.br\/noticias\/","name":"Suno Not\u00edcias","description":"Seu portal de informa\u00e7\u00e3o sobre o mundo dos investimentos","publisher":{"@id":"https:\/\/www.suno.com.br\/noticias\/#organization"},"potentialAction":[{"@type":"SearchAction","target":{"@type":"EntryPoint","urlTemplate":"https:\/\/www.suno.com.br\/noticias\/?s={search_term_string}"},"query-input":{"@type":"PropertyValueSpecification","valueRequired":true,"valueName":"search_term_string"}}],"inLanguage":"pt-BR"},{"@type":"Organization","@id":"https:\/\/www.suno.com.br\/noticias\/#organization","name":"Suno Not\u00edcias","url":"https:\/\/www.suno.com.br\/noticias\/","logo":{"@type":"ImageObject","inLanguage":"pt-BR","@id":"https:\/\/www.suno.com.br\/noticias\/#\/schema\/logo\/image\/","url":"https:\/\/files.sunoresearch.com.br\/n\/uploads\/2021\/09\/suno-logo.png","contentUrl":"https:\/\/files.sunoresearch.com.br\/n\/uploads\/2021\/09\/suno-logo.png","width":180,"height":180,"caption":"Suno Not\u00edcias"},"image":{"@id":"https:\/\/www.suno.com.br\/noticias\/#\/schema\/logo\/image\/"},"sameAs":["https:\/\/facebook.com\/sunoresearch","https:\/\/x.com\/sunoresearch","https:\/\/www.instagram.com\/suno","https:\/\/www.linkedin.com\/company\/suno-research\/","https:\/\/www.youtube.com\/c\/sunoresearch"]},{"@type":"Person","@id":"https:\/\/www.suno.com.br\/noticias\/#\/schema\/person\/e67f665add014bf99f644028de070cc3","name":"Beatriz Oliveira","image":{"@type":"ImageObject","inLanguage":"pt-BR","@id":"https:\/\/www.suno.com.br\/noticias\/#\/schema\/person\/image\/","url":"https:\/\/secure.gravatar.com\/avatar\/c9aa6a0aaecc598d257d5d5bd349157d?s=96&r=g","contentUrl":"https:\/\/secure.gravatar.com\/avatar\/c9aa6a0aaecc598d257d5d5bd349157d?s=96&r=g","caption":"Beatriz Oliveira"},"description":"Formada em Jornalismo pela Faculdade Paulus de Tecnologia e Comunica\u00e7\u00e3o, Beatriz Oliveira escreve para o portal de not\u00edcias Suno Research. Antes, passou pelas reda\u00e7\u00f5es da Revista EXAME e da Rede Bandeirantes.","url":"https:\/\/www.suno.com.br\/noticias\/author\/beatriz\/"}]}},"default_loop_html":"<div class=\"cardsPage__listCard__boxs\"><div class=\"cardsPage__listCard__boxs__img\"><a href=\"https:\/\/www.suno.com.br\/noticias\/rabobank-pib-07-2019\/\"><img class=\"mask\" src=\"https:\/\/www.suno.com.br\/noticias\/wp-content\/themes\/suno\/resources\/images\/spotlight\/spotlight1img\/bg-mask.png\" alt=\"Image Mask\"\/><img src=\"https:\/\/files.sunoresearch.com.br\/n\/uploads\/2019\/05\/888e7f68-rabobank-400x200.webp\" alt=\"Rabobank estima PIB em 0,7% no ano, ap\u00f3s resultado do 1T19\"\/><\/a><span class=\"spotlightCategory\"><a href=\"https:\/\/www.suno.com.br\/noticias\/economia\/\">Economia<\/a><\/span><\/div><div class=\"cardsPage__listCard__boxs__content\"><a href=\"https:\/\/www.suno.com.br\/noticias\/rabobank-pib-07-2019\/\"><h2 class=\"content__title\">Rabobank estima PIB em 0,7% no ano, ap\u00f3s resultado do 1T19<\/h2><\/a><div class=\"newsContent__article__meta\"><div class=\"newsContent__article__meta__authorBox\"><a href=\"https:\/\/www.suno.com.br\/noticias\/author\/beatriz\/\" class=\"authorBox__avatar noMobi\"><img src=\"https:\/\/secure.gravatar.com\/avatar\/c9aa6a0aaecc598d257d5d5bd349157d?s=96&#038;r=g\" alt=\"Beatriz Oliveira\"><\/a><div class=\"authorBox__name\"><span>por\n\t\t\t<a href=\"https:\/\/www.suno.com.br\/noticias\/author\/beatriz\/\"><span itemprop=\"author\">Beatriz Oliveira<\/span><\/a><\/span><time datetime=\"2019-05-30T14:32:54-03:00\" itemprop=\"datePublished\">30\/05\/2019 14:32<\/time><\/div><\/div><\/div><\/div><\/div>","single_layout":"posts","amp_enabled":true,"_links":{"self":[{"href":"https:\/\/www.suno.com.br\/noticias\/wp-json\/wp\/v2\/posts\/26608"}],"collection":[{"href":"https:\/\/www.suno.com.br\/noticias\/wp-json\/wp\/v2\/posts"}],"about":[{"href":"https:\/\/www.suno.com.br\/noticias\/wp-json\/wp\/v2\/types\/post"}],"author":[{"embeddable":true,"href":"https:\/\/www.suno.com.br\/noticias\/wp-json\/wp\/v2\/users\/16"}],"replies":[{"embeddable":true,"href":"https:\/\/www.suno.com.br\/noticias\/wp-json\/wp\/v2\/comments?post=26608"}],"version-history":[{"count":0,"href":"https:\/\/www.suno.com.br\/noticias\/wp-json\/wp\/v2\/posts\/26608\/revisions"}],"wp:featuredmedia":[{"embeddable":true,"href":"https:\/\/www.suno.com.br\/noticias\/wp-json\/wp\/v2\/media\/26610"}],"wp:attachment":[{"href":"https:\/\/www.suno.com.br\/noticias\/wp-json\/wp\/v2\/media?parent=26608"}],"wp:term":[{"taxonomy":"category","embeddable":true,"href":"https:\/\/www.suno.com.br\/noticias\/wp-json\/wp\/v2\/categories?post=26608"},{"taxonomy":"post_tag","embeddable":true,"href":"https:\/\/www.suno.com.br\/noticias\/wp-json\/wp\/v2\/tags?post=26608"},{"taxonomy":"suno_strategy","embeddable":true,"href":"https:\/\/www.suno.com.br\/noticias\/wp-json\/wp\/v2\/suno_strategy?post=26608"}],"curies":[{"name":"wp","href":"https:\/\/api.w.org\/{rel}","templated":true}]}}