{"id":26604,"date":"2019-05-30T14:06:07","date_gmt":"2019-05-30T17:06:07","guid":{"rendered":"https:\/\/www.suno.com.br\/noticias\/?p=26604"},"modified":"2019-06-19T16:01:06","modified_gmt":"2019-06-19T19:01:06","slug":"ipo-2019-b3-neoenergia","status":"publish","type":"post","link":"https:\/\/www.suno.com.br\/noticias\/ipo-2019-b3-neoenergia\/","title":{"rendered":"Novo IPO em 2019: Neoenergia deve precificar a\u00e7\u00f5es no fim de junho"},"content":{"rendered":"<p>Ap\u00f3s a <a href=\"https:\/\/www.suno.com.br\/artigos\/ipo\/\">oferta p\u00fablica inicial<\/a> (IPO) da <strong>Centauro<\/strong> (CNTO3), a pr\u00f3xima empresa que deve estrear na <strong><a href=\"https:\/\/www.suno.com.br\/artigos\/b3\/\">B3<\/a> <\/strong>deve ser a <strong>Neoenergia<\/strong>. A companhia deve precificar as a\u00e7\u00f5es no fim de junho. Na pr\u00f3xima semana, a empresa planeja oferecer mais detalhes e apresenta\u00e7\u00f5es aos investidores (roadshows). As informa\u00e7\u00f5es s\u00e3o do &#8220;Estado de S. Paulo&#8221;.<\/p>\t<div class=\"wrapper-featured-image\">\n\t\t<figure class=\"spotlightImg\">\n\n\t\t\t<picture>\n\t\t\t\t<source media=\"(max-width: 768px)\" srcset=\"https:\/\/files.sunoresearch.com.br\/n\/uploads\/2019\/05\/e29e93ad-neoenergia-400x200.webp\">\n\t\t\t\t<img loading=\"lazy\" decoding=\"async\" class=\"newsContent__article__imgCapa lazyloadDisabled newsContent__article__imgCapa--noCaption\" src=\"https:\/\/files.sunoresearch.com.br\/n\/uploads\/2019\/05\/e29e93ad-neoenergia-800x450.webp\" width=\"800\" height=\"450\" alt=\"Novo IPO em 2019: Neoenergia deve precificar a\u00e7\u00f5es no fim de junho\" fetchpriority=high \/>\n\t\t\t<\/picture>\n\n\t\t\t<figcaption class=\"wp-caption-text wp-caption-text--hide\">Neoenergia deve estrear IPO. (divulga\u00e7\u00e3o)<\/figcaption>\n\t\t<\/figure>\n\t<\/div>\n\n\n<p>O valor de mercado da <strong>Neoenergia<\/strong> \u00e9 avaliado em cerca de R$ 18,4 bilh\u00f5es atualmente. No pedido de <strong>abertura de capital<\/strong>, foi solicitada a admiss\u00e3o para negocia\u00e7\u00e3o dos t\u00edtulos no segmento <a href=\"https:\/\/www.suno.com.br\/artigos\/novo-mercado\/\">Novo Mercado<\/a> da <strong>B3<\/strong>.<\/p>\n<p style=\"text-align: center;\"><iframe loading=\"lazy\" src=\"https:\/\/www.youtube.com\/embed\/hMD-ZwBcKFk\" width=\"560\" height=\"315\" frameborder=\"0\" allowfullscreen=\"allowfullscreen\"><\/iframe><\/p>\n<p>O <strong>IPO<\/strong> deve ser a oportunidade do Banco do Brasil (BB\/BBAS3) deixar a participa\u00e7\u00e3o na empresa de energia.<\/p>\n\t<p>\n\t\t<a href=\"https:\/\/lp.suno.com.br\/minicurso-valuation\/\" target=\"_blank\" data-element=\"shortcode-suno-banner\" title=\"Banner SUNO, clique e saiba mais\">\n\t\t\t<picture>\n\t\t\t\t<source media=\"(max-width: 500px)\" srcset=\"https:\/\/files.sunoresearch.com.br\/n\/uploads\/2023\/03\/400x300-Minicurso-Valuation.png\">\n\t\t\t\t<img class=\"newsContent__article__imgCapa newsContent__article__imgCapa--banner\"\n\t\t\t\t\tsrc=\"https:\/\/files.sunoresearch.com.br\/n\/uploads\/2023\/03\/1420x240-Minicurso-Valuation.png\"\n\t\t\t\t\tdata-promo-id=\"383160\"\t\t\t\t\t\t\t\t\t\twidth='1420' height='240'\t\t\t\t\talt=\"https:\/\/files.sunoresearch.com.br\/n\/uploads\/2023\/03\/1420x240-Minicurso-Valuation.png\"\n\t\t\t\t>\n\t\t\t<\/picture>\n\t\t<\/a>\n\t<\/p>\n\n\n<p>Os principais s\u00f3cios da Neoenergia s\u00e3o:<\/p>\n<ul>\n<li><strong>Iberdrola<\/strong> com participa\u00e7\u00e3o de 52,45% (deve manter controle);<\/li>\n<li><strong> Banco do Brasil<\/strong> (BBAS3) com participa\u00e7\u00e3o de 9,34% (deve vender toda a fatia);<\/li>\n<li>e o <strong>Previ<\/strong> (Caixa de Previd\u00eancia dos Funcion\u00e1rios do Banco do Brasil) com participa\u00e7\u00e3o de\u00a038,21% (deve desfazer-se de parcela m\u00ednima).<\/li>\n<\/ul>\n<h2>Neoenergia com nova usina<\/h2>\n<p><span style=\"font-size: 1.21429rem;\">Na \u00faltima quinta-feira (23), a <strong>Neoenergia<\/strong> inaugurou\u00a0a <\/span><strong style=\"font-size: 1.21429rem;\">usina hidrel\u00e9trica<\/strong><span style=\"font-size: 1.21429rem;\"> do Baixo Igua\u00e7u, em Capanema (PR). A usina fica a 567 quil\u00f4metros da capital paranaense, Curitiba.<\/span><\/p>\n<p>O presidente da\u00a0presidente da empresa Iberdrola, Ignacio Gal\u00e1n, compareceu ao evento.\u00a0A espanhola <strong>Iberdrola<\/strong> \u00e9 a controladora da <strong>Neoenergia<\/strong>, e atua nos segmentos de distribui\u00e7\u00e3o de <strong>g\u00e1s natural<\/strong> e na gera\u00e7\u00e3o e distribui\u00e7\u00e3o de <strong>energia el\u00e9trica<\/strong>.<\/p>\n<p>Sobre a abertura de capital da companhia, Gal\u00e1n afirmou que deve ocorrer nos &#8220;nos primeiros dias&#8221;. A <strong>Neoenergia<\/strong> atua na <strong>distribui\u00e7\u00e3o de energia<\/strong> no Brasil, e entre as principais subsidi\u00e1rias est\u00e3o:<\/p>\n<ul>\n<li><span style=\"font-size: 1.21429rem;\">Elektro, que opera em S\u00e3o Paulo e no Mato Grosso do Sul;<\/span><\/li>\n<li><span style=\"font-size: 1.21429rem;\"> Coelba, que opera na Bahia;<\/span><\/li>\n<li><span style=\"font-size: 1.21429rem;\"> Celpe, que opera em Pernambuco<\/span><\/li>\n<li><span style=\"font-size: 1.21429rem;\"> e Cosern, que opera Rio Grande do Norte.<\/span><\/li>\n<\/ul>\n<p>A <strong>Neoenergia<\/strong> j\u00e1 tinha tentado estrear na <strong>Bolsa<\/strong> em 2017. Entretanto, na \u00e9poca, a <strong>precifica\u00e7\u00e3o<\/strong> ofertada pelos investidores n\u00e3o agradou os acionistas brasileiros.<\/p>\n<p><a href=\"https:\/\/www.suno.com.br\/noticias\/banco-do-brasil-vender-neoenergia\/\">Saiba mais &#8211;\u00a0Banco do Brasil vai vender participa\u00e7\u00e3o da Neoenergia<\/a><\/p>\n<h2>Deb\u00eantures<\/h2>\n<p>A <strong>Iberdrola<\/strong> planeja uma oferta p\u00fablica de distribui\u00e7\u00e3o de R$ 1,25 bilh\u00e3o em deb\u00eantures. Segundo o economista da Suno Research, Rodrigo Wainberg, &#8220;as <a href=\"https:\/\/www.suno.com.br\/artigos\/o-que-sao-debentures\/\"><strong>deb\u00eantures<\/strong><\/a> s\u00e3o t\u00edtulos de d\u00edvida que uma <strong>Sociedade An\u00f4nima<\/strong> (S\/A) possui com um investidor&#8221;.<\/p>\n<p>Tal <strong>d\u00edvida<\/strong>\u00a0pode ser de m\u00e9dio ou longo prazo. Deste modo, o credor passa a ter direito de <strong>cr\u00e9dito<\/strong> com a companhia.<\/p>\n<p>A <strong>Neoenergia<\/strong> informou que ser\u00e3o emitidas e oferecidas, inicialmente, um total de 1,250 milh\u00e3o de <strong>deb\u00eantures<\/strong>. Cada uma precificada a R$ 1 mil. No entanto, poder\u00e1 haver disponibilidade de um lote adicional de de 250 mil deb\u00eantures. Desta forma, o total a ser arrecadado pode atingir R$ 1,5 bilh\u00e3o.<\/p>\n<p>As deb\u00eantures dever\u00e3o ser emitidas em suas s\u00e9ries:<\/p>\n<ol>\n<li>com vencimento em 10 anos (15 de junho de 2029);<\/li>\n<li>e com vencimento em 14 anos (15 de junho de 2033).<\/li>\n<\/ol>\n<p>Segundo a <strong>Neoenergia<\/strong>, trata-se da sexta emiss\u00e3o de deb\u00eantures para financiar as opera\u00e7\u00f5es brasileiras.<\/p>\n","protected":false},"excerpt":{"rendered":"<p>Ap\u00f3s a oferta p\u00fablica inicial (IPO) da Centauro (CNTO3), a pr\u00f3xima empresa que deve estrear na B3 deve ser a Neoenergia. A companhia deve precificar as a\u00e7\u00f5es no fim de junho. Na pr\u00f3xima semana, a empresa planeja oferecer mais detalhes e apresenta\u00e7\u00f5es aos investidores (roadshows). As informa\u00e7\u00f5es s\u00e3o do &#8220;Estado de S. Paulo&#8221;. Neoenergia deve [&hellip;]<\/p>\n","protected":false},"author":12,"featured_media":28661,"comment_status":"closed","ping_status":"closed","sticky":false,"template":"","format":"standard","meta":[],"categories":[64],"tags":[286,367,319,575],"suno_strategy":[],"class_list":["post-26604","post","type-post","status-publish","format-standard","has-post-thumbnail","hentry","category-negocios","tag-acoes","tag-b3-b3sa3","tag-ipo-oferta-inicial-de-acoes","tag-neoenergia-neoe3"],"yoast_head":"<!-- This site is optimized with the Yoast SEO plugin v24.4 - https:\/\/yoast.com\/wordpress\/plugins\/seo\/ -->\n<title>Novo IPO em 2019: Neoenergia deve precificar a\u00e7\u00f5es no fim de junho<\/title>\n<meta name=\"description\" content=\"Neoenergia deve precificar as a\u00e7\u00f5es que ser\u00e3o ofertadas no IPO no fim de junho; negocia\u00e7\u00f5es devem iniciar em julho. Clique para saber mais.\" \/>\n<meta name=\"robots\" content=\"index, follow, max-snippet:-1, max-image-preview:large, max-video-preview:-1\" \/>\n<link rel=\"canonical\" href=\"https:\/\/www.suno.com.br\/noticias\/ipo-2019-b3-neoenergia\/\" \/>\n<meta property=\"og:locale\" content=\"pt_BR\" \/>\n<meta property=\"og:type\" content=\"article\" \/>\n<meta property=\"og:title\" content=\"Novo IPO em 2019: Neoenergia deve precificar a\u00e7\u00f5es no fim de junho\" \/>\n<meta property=\"og:description\" content=\"Neoenergia deve precificar as a\u00e7\u00f5es que ser\u00e3o ofertadas no IPO no fim de junho; negocia\u00e7\u00f5es devem iniciar em julho. Clique para saber mais.\" \/>\n<meta property=\"og:url\" content=\"https:\/\/www.suno.com.br\/noticias\/ipo-2019-b3-neoenergia\/\" \/>\n<meta property=\"og:site_name\" content=\"Suno Not\u00edcias\" \/>\n<meta property=\"article:publisher\" content=\"https:\/\/facebook.com\/sunoresearch\" \/>\n<meta property=\"og:image\" content=\"https:\/\/files.sunoresearch.com.br\/n\/uploads\/2019\/05\/e29e93ad-neoenergia.png\" \/>\n\t<meta property=\"og:image:width\" content=\"857\" \/>\n\t<meta property=\"og:image:height\" content=\"720\" \/>\n\t<meta property=\"og:image:type\" content=\"image\/png\" \/>\n<meta name=\"author\" content=\"Amanda Gushiken\" \/>\n<meta name=\"twitter:card\" content=\"summary_large_image\" \/>\n<meta name=\"twitter:creator\" content=\"@sunoresearch\" \/>\n<meta name=\"twitter:site\" content=\"@sunoresearch\" \/>\n<meta name=\"twitter:label1\" content=\"Escrito por\" \/>\n\t<meta name=\"twitter:data1\" content=\"Amanda Gushiken\" \/>\n\t<meta name=\"twitter:label2\" content=\"Est. tempo de leitura\" \/>\n\t<meta name=\"twitter:data2\" content=\"3 minutos\" \/>\n<script type=\"application\/ld+json\" class=\"yoast-schema-graph\">{\"@context\":\"https:\/\/schema.org\",\"@graph\":[{\"@type\":\"NewsArticle\",\"@id\":\"https:\/\/www.suno.com.br\/noticias\/ipo-2019-b3-neoenergia\/#article\",\"isPartOf\":{\"@id\":\"https:\/\/www.suno.com.br\/noticias\/ipo-2019-b3-neoenergia\/\"},\"author\":{\"name\":\"Amanda Gushiken\",\"@id\":\"https:\/\/www.suno.com.br\/noticias\/#\/schema\/person\/a5b06fa4e879d8e8e119c6ed3cd630d1\"},\"headline\":\"Novo IPO em 2019: Neoenergia deve precificar a\u00e7\u00f5es no fim de junho\",\"datePublished\":\"2019-05-30T17:06:07+00:00\",\"dateModified\":\"2019-06-19T19:01:06+00:00\",\"mainEntityOfPage\":{\"@id\":\"https:\/\/www.suno.com.br\/noticias\/ipo-2019-b3-neoenergia\/\"},\"wordCount\":527,\"publisher\":{\"@id\":\"https:\/\/www.suno.com.br\/noticias\/#organization\"},\"image\":{\"@id\":\"https:\/\/www.suno.com.br\/noticias\/ipo-2019-b3-neoenergia\/#primaryimage\"},\"thumbnailUrl\":\"https:\/\/files.sunoresearch.com.br\/n\/uploads\/2019\/05\/e29e93ad-neoenergia-png.webp\",\"keywords\":[\"A\u00e7\u00f5es\",\"B3 (B3SA3)\",\"IPO (Oferta Inicial de A\u00e7\u00f5es)\",\"Neoenergia (NEOE3)\"],\"articleSection\":[\"Neg\u00f3cios\"],\"inLanguage\":\"pt-BR\"},{\"@type\":\"WebPage\",\"@id\":\"https:\/\/www.suno.com.br\/noticias\/ipo-2019-b3-neoenergia\/\",\"url\":\"https:\/\/www.suno.com.br\/noticias\/ipo-2019-b3-neoenergia\/\",\"name\":\"Novo IPO em 2019: Neoenergia deve precificar a\u00e7\u00f5es no fim de junho\",\"isPartOf\":{\"@id\":\"https:\/\/www.suno.com.br\/noticias\/#website\"},\"primaryImageOfPage\":{\"@id\":\"https:\/\/www.suno.com.br\/noticias\/ipo-2019-b3-neoenergia\/#primaryimage\"},\"image\":{\"@id\":\"https:\/\/www.suno.com.br\/noticias\/ipo-2019-b3-neoenergia\/#primaryimage\"},\"thumbnailUrl\":\"https:\/\/files.sunoresearch.com.br\/n\/uploads\/2019\/05\/e29e93ad-neoenergia-png.webp\",\"datePublished\":\"2019-05-30T17:06:07+00:00\",\"dateModified\":\"2019-06-19T19:01:06+00:00\",\"description\":\"Neoenergia deve precificar as a\u00e7\u00f5es que ser\u00e3o ofertadas no IPO no fim de junho; negocia\u00e7\u00f5es devem iniciar em julho. Clique para saber mais.\",\"breadcrumb\":{\"@id\":\"https:\/\/www.suno.com.br\/noticias\/ipo-2019-b3-neoenergia\/#breadcrumb\"},\"inLanguage\":\"pt-BR\",\"potentialAction\":[{\"@type\":\"ReadAction\",\"target\":[\"https:\/\/www.suno.com.br\/noticias\/ipo-2019-b3-neoenergia\/\"]}]},{\"@type\":\"ImageObject\",\"inLanguage\":\"pt-BR\",\"@id\":\"https:\/\/www.suno.com.br\/noticias\/ipo-2019-b3-neoenergia\/#primaryimage\",\"url\":\"https:\/\/files.sunoresearch.com.br\/n\/uploads\/2019\/05\/e29e93ad-neoenergia-png.webp\",\"contentUrl\":\"https:\/\/files.sunoresearch.com.br\/n\/uploads\/2019\/05\/e29e93ad-neoenergia-png.webp\",\"width\":857,\"height\":720,\"caption\":\"Neoenergia deve estrear IPO. (divulga\u00e7\u00e3o)\"},{\"@type\":\"BreadcrumbList\",\"@id\":\"https:\/\/www.suno.com.br\/noticias\/ipo-2019-b3-neoenergia\/#breadcrumb\",\"itemListElement\":[{\"@type\":\"ListItem\",\"position\":1,\"name\":\"Not\u00edcias\",\"item\":\"https:\/\/www.suno.com.br\/noticias\/\"},{\"@type\":\"ListItem\",\"position\":2,\"name\":\"Neg\u00f3cios\",\"item\":\"https:\/\/www.suno.com.br\/noticias\/negocios\/\"},{\"@type\":\"ListItem\",\"position\":3,\"name\":\"Novo IPO em 2019: Neoenergia deve precificar a\u00e7\u00f5es no fim de junho\"}]},{\"@type\":\"WebSite\",\"@id\":\"https:\/\/www.suno.com.br\/noticias\/#website\",\"url\":\"https:\/\/www.suno.com.br\/noticias\/\",\"name\":\"Suno Not\u00edcias\",\"description\":\"Seu portal de informa\u00e7\u00e3o sobre o mundo dos investimentos\",\"publisher\":{\"@id\":\"https:\/\/www.suno.com.br\/noticias\/#organization\"},\"potentialAction\":[{\"@type\":\"SearchAction\",\"target\":{\"@type\":\"EntryPoint\",\"urlTemplate\":\"https:\/\/www.suno.com.br\/noticias\/?s={search_term_string}\"},\"query-input\":{\"@type\":\"PropertyValueSpecification\",\"valueRequired\":true,\"valueName\":\"search_term_string\"}}],\"inLanguage\":\"pt-BR\"},{\"@type\":\"Organization\",\"@id\":\"https:\/\/www.suno.com.br\/noticias\/#organization\",\"name\":\"Suno Not\u00edcias\",\"url\":\"https:\/\/www.suno.com.br\/noticias\/\",\"logo\":{\"@type\":\"ImageObject\",\"inLanguage\":\"pt-BR\",\"@id\":\"https:\/\/www.suno.com.br\/noticias\/#\/schema\/logo\/image\/\",\"url\":\"https:\/\/files.sunoresearch.com.br\/n\/uploads\/2021\/09\/suno-logo.png\",\"contentUrl\":\"https:\/\/files.sunoresearch.com.br\/n\/uploads\/2021\/09\/suno-logo.png\",\"width\":180,\"height\":180,\"caption\":\"Suno Not\u00edcias\"},\"image\":{\"@id\":\"https:\/\/www.suno.com.br\/noticias\/#\/schema\/logo\/image\/\"},\"sameAs\":[\"https:\/\/facebook.com\/sunoresearch\",\"https:\/\/x.com\/sunoresearch\",\"https:\/\/www.instagram.com\/suno\",\"https:\/\/www.linkedin.com\/company\/suno-research\/\",\"https:\/\/www.youtube.com\/c\/sunoresearch\"]},{\"@type\":\"Person\",\"@id\":\"https:\/\/www.suno.com.br\/noticias\/#\/schema\/person\/a5b06fa4e879d8e8e119c6ed3cd630d1\",\"name\":\"Amanda Gushiken\",\"image\":{\"@type\":\"ImageObject\",\"inLanguage\":\"pt-BR\",\"@id\":\"https:\/\/www.suno.com.br\/noticias\/#\/schema\/person\/image\/\",\"url\":\"https:\/\/secure.gravatar.com\/avatar\/ecd84705e6b65e3685ae80d725501fbe?s=96&r=g\",\"contentUrl\":\"https:\/\/secure.gravatar.com\/avatar\/ecd84705e6b65e3685ae80d725501fbe?s=96&r=g\",\"caption\":\"Amanda Gushiken\"},\"description\":\"Amanda Sayuri Gushiken escreve sobre finan\u00e7as e neg\u00f3cios para o portal Suno Not\u00edcias. Antes, trabalhou selecionando not\u00edcias da imprensa para clientes do mercado financeiro. Tamb\u00e9m desenvolveu pesquisa acad\u00eamica pela Universidade Anhembi Morumbi na \u00e1rea de Teorias da Comunica\u00e7\u00e3o e \u00e9 fot\u00f3grafa nas horas vagas.\",\"url\":\"https:\/\/www.suno.com.br\/noticias\/author\/amanda\/\"}]}<\/script>\n<!-- \/ Yoast SEO plugin. -->","yoast_head_json":{"title":"Novo IPO em 2019: Neoenergia deve precificar a\u00e7\u00f5es no fim de junho","description":"Neoenergia deve precificar as a\u00e7\u00f5es que ser\u00e3o ofertadas no IPO no fim de junho; negocia\u00e7\u00f5es devem iniciar em julho. Clique para saber mais.","robots":{"index":"index","follow":"follow","max-snippet":"max-snippet:-1","max-image-preview":"max-image-preview:large","max-video-preview":"max-video-preview:-1"},"canonical":"https:\/\/www.suno.com.br\/noticias\/ipo-2019-b3-neoenergia\/","og_locale":"pt_BR","og_type":"article","og_title":"Novo IPO em 2019: Neoenergia deve precificar a\u00e7\u00f5es no fim de junho","og_description":"Neoenergia deve precificar as a\u00e7\u00f5es que ser\u00e3o ofertadas no IPO no fim de junho; negocia\u00e7\u00f5es devem iniciar em julho. Clique para saber mais.","og_url":"https:\/\/www.suno.com.br\/noticias\/ipo-2019-b3-neoenergia\/","og_site_name":"Suno Not\u00edcias","article_publisher":"https:\/\/facebook.com\/sunoresearch","og_image":[{"width":857,"height":720,"url":"https:\/\/files.sunoresearch.com.br\/n\/uploads\/2019\/05\/e29e93ad-neoenergia.png","type":"image\/png"}],"author":"Amanda Gushiken","twitter_card":"summary_large_image","twitter_creator":"@sunoresearch","twitter_site":"@sunoresearch","twitter_misc":{"Escrito por":"Amanda Gushiken","Est. tempo de leitura":"3 minutos"},"schema":{"@context":"https:\/\/schema.org","@graph":[{"@type":"NewsArticle","@id":"https:\/\/www.suno.com.br\/noticias\/ipo-2019-b3-neoenergia\/#article","isPartOf":{"@id":"https:\/\/www.suno.com.br\/noticias\/ipo-2019-b3-neoenergia\/"},"author":{"name":"Amanda Gushiken","@id":"https:\/\/www.suno.com.br\/noticias\/#\/schema\/person\/a5b06fa4e879d8e8e119c6ed3cd630d1"},"headline":"Novo IPO em 2019: Neoenergia deve precificar a\u00e7\u00f5es no fim de junho","datePublished":"2019-05-30T17:06:07+00:00","dateModified":"2019-06-19T19:01:06+00:00","mainEntityOfPage":{"@id":"https:\/\/www.suno.com.br\/noticias\/ipo-2019-b3-neoenergia\/"},"wordCount":527,"publisher":{"@id":"https:\/\/www.suno.com.br\/noticias\/#organization"},"image":{"@id":"https:\/\/www.suno.com.br\/noticias\/ipo-2019-b3-neoenergia\/#primaryimage"},"thumbnailUrl":"https:\/\/files.sunoresearch.com.br\/n\/uploads\/2019\/05\/e29e93ad-neoenergia-png.webp","keywords":["A\u00e7\u00f5es","B3 (B3SA3)","IPO (Oferta Inicial de A\u00e7\u00f5es)","Neoenergia (NEOE3)"],"articleSection":["Neg\u00f3cios"],"inLanguage":"pt-BR"},{"@type":"WebPage","@id":"https:\/\/www.suno.com.br\/noticias\/ipo-2019-b3-neoenergia\/","url":"https:\/\/www.suno.com.br\/noticias\/ipo-2019-b3-neoenergia\/","name":"Novo IPO em 2019: Neoenergia deve precificar a\u00e7\u00f5es no fim de junho","isPartOf":{"@id":"https:\/\/www.suno.com.br\/noticias\/#website"},"primaryImageOfPage":{"@id":"https:\/\/www.suno.com.br\/noticias\/ipo-2019-b3-neoenergia\/#primaryimage"},"image":{"@id":"https:\/\/www.suno.com.br\/noticias\/ipo-2019-b3-neoenergia\/#primaryimage"},"thumbnailUrl":"https:\/\/files.sunoresearch.com.br\/n\/uploads\/2019\/05\/e29e93ad-neoenergia-png.webp","datePublished":"2019-05-30T17:06:07+00:00","dateModified":"2019-06-19T19:01:06+00:00","description":"Neoenergia deve precificar as a\u00e7\u00f5es que ser\u00e3o ofertadas no IPO no fim de junho; negocia\u00e7\u00f5es devem iniciar em julho. Clique para saber mais.","breadcrumb":{"@id":"https:\/\/www.suno.com.br\/noticias\/ipo-2019-b3-neoenergia\/#breadcrumb"},"inLanguage":"pt-BR","potentialAction":[{"@type":"ReadAction","target":["https:\/\/www.suno.com.br\/noticias\/ipo-2019-b3-neoenergia\/"]}]},{"@type":"ImageObject","inLanguage":"pt-BR","@id":"https:\/\/www.suno.com.br\/noticias\/ipo-2019-b3-neoenergia\/#primaryimage","url":"https:\/\/files.sunoresearch.com.br\/n\/uploads\/2019\/05\/e29e93ad-neoenergia-png.webp","contentUrl":"https:\/\/files.sunoresearch.com.br\/n\/uploads\/2019\/05\/e29e93ad-neoenergia-png.webp","width":857,"height":720,"caption":"Neoenergia deve estrear IPO. (divulga\u00e7\u00e3o)"},{"@type":"BreadcrumbList","@id":"https:\/\/www.suno.com.br\/noticias\/ipo-2019-b3-neoenergia\/#breadcrumb","itemListElement":[{"@type":"ListItem","position":1,"name":"Not\u00edcias","item":"https:\/\/www.suno.com.br\/noticias\/"},{"@type":"ListItem","position":2,"name":"Neg\u00f3cios","item":"https:\/\/www.suno.com.br\/noticias\/negocios\/"},{"@type":"ListItem","position":3,"name":"Novo IPO em 2019: Neoenergia deve precificar a\u00e7\u00f5es no fim de junho"}]},{"@type":"WebSite","@id":"https:\/\/www.suno.com.br\/noticias\/#website","url":"https:\/\/www.suno.com.br\/noticias\/","name":"Suno Not\u00edcias","description":"Seu portal de informa\u00e7\u00e3o sobre o mundo dos investimentos","publisher":{"@id":"https:\/\/www.suno.com.br\/noticias\/#organization"},"potentialAction":[{"@type":"SearchAction","target":{"@type":"EntryPoint","urlTemplate":"https:\/\/www.suno.com.br\/noticias\/?s={search_term_string}"},"query-input":{"@type":"PropertyValueSpecification","valueRequired":true,"valueName":"search_term_string"}}],"inLanguage":"pt-BR"},{"@type":"Organization","@id":"https:\/\/www.suno.com.br\/noticias\/#organization","name":"Suno Not\u00edcias","url":"https:\/\/www.suno.com.br\/noticias\/","logo":{"@type":"ImageObject","inLanguage":"pt-BR","@id":"https:\/\/www.suno.com.br\/noticias\/#\/schema\/logo\/image\/","url":"https:\/\/files.sunoresearch.com.br\/n\/uploads\/2021\/09\/suno-logo.png","contentUrl":"https:\/\/files.sunoresearch.com.br\/n\/uploads\/2021\/09\/suno-logo.png","width":180,"height":180,"caption":"Suno Not\u00edcias"},"image":{"@id":"https:\/\/www.suno.com.br\/noticias\/#\/schema\/logo\/image\/"},"sameAs":["https:\/\/facebook.com\/sunoresearch","https:\/\/x.com\/sunoresearch","https:\/\/www.instagram.com\/suno","https:\/\/www.linkedin.com\/company\/suno-research\/","https:\/\/www.youtube.com\/c\/sunoresearch"]},{"@type":"Person","@id":"https:\/\/www.suno.com.br\/noticias\/#\/schema\/person\/a5b06fa4e879d8e8e119c6ed3cd630d1","name":"Amanda Gushiken","image":{"@type":"ImageObject","inLanguage":"pt-BR","@id":"https:\/\/www.suno.com.br\/noticias\/#\/schema\/person\/image\/","url":"https:\/\/secure.gravatar.com\/avatar\/ecd84705e6b65e3685ae80d725501fbe?s=96&r=g","contentUrl":"https:\/\/secure.gravatar.com\/avatar\/ecd84705e6b65e3685ae80d725501fbe?s=96&r=g","caption":"Amanda Gushiken"},"description":"Amanda Sayuri Gushiken escreve sobre finan\u00e7as e neg\u00f3cios para o portal Suno Not\u00edcias. Antes, trabalhou selecionando not\u00edcias da imprensa para clientes do mercado financeiro. Tamb\u00e9m desenvolveu pesquisa acad\u00eamica pela Universidade Anhembi Morumbi na \u00e1rea de Teorias da Comunica\u00e7\u00e3o e \u00e9 fot\u00f3grafa nas horas vagas.","url":"https:\/\/www.suno.com.br\/noticias\/author\/amanda\/"}]}},"default_loop_html":"<div class=\"cardsPage__listCard__boxs\"><div class=\"cardsPage__listCard__boxs__img\"><a href=\"https:\/\/www.suno.com.br\/noticias\/ipo-2019-b3-neoenergia\/\"><img class=\"mask\" src=\"https:\/\/www.suno.com.br\/noticias\/wp-content\/themes\/suno\/resources\/images\/spotlight\/spotlight1img\/bg-mask.png\" alt=\"Image Mask\"\/><img src=\"https:\/\/files.sunoresearch.com.br\/n\/uploads\/2019\/05\/e29e93ad-neoenergia-400x200.webp\" alt=\"Novo IPO em 2019: Neoenergia deve precificar a\u00e7\u00f5es no fim de junho\"\/><\/a><span class=\"spotlightCategory\"><a href=\"https:\/\/www.suno.com.br\/noticias\/negocios\/\">Neg\u00f3cios<\/a><\/span><\/div><div class=\"cardsPage__listCard__boxs__content\"><a href=\"https:\/\/www.suno.com.br\/noticias\/ipo-2019-b3-neoenergia\/\"><h2 class=\"content__title\">Novo IPO em 2019: Neoenergia deve precificar a\u00e7\u00f5es no fim de junho<\/h2><\/a><div class=\"newsContent__article__meta\"><div class=\"newsContent__article__meta__authorBox\"><a href=\"https:\/\/www.suno.com.br\/noticias\/author\/amanda\/\" class=\"authorBox__avatar noMobi\"><img src=\"https:\/\/files.sunoresearch.com.br\/n\/uploads\/2018\/11\/c6ad30be-amanda-150x150.webp\" alt=\"Amanda Gushiken\"><\/a><div class=\"authorBox__name\"><span>por\n\t\t\t<a href=\"https:\/\/www.suno.com.br\/noticias\/author\/amanda\/\"><span itemprop=\"author\">Amanda Gushiken<\/span><\/a><\/span><time datetime=\"2019-05-30T14:06:07-03:00\" itemprop=\"datePublished\">30\/05\/2019 14:06<\/time><\/div><\/div><\/div><\/div><\/div>","single_layout":"posts","amp_enabled":true,"_links":{"self":[{"href":"https:\/\/www.suno.com.br\/noticias\/wp-json\/wp\/v2\/posts\/26604"}],"collection":[{"href":"https:\/\/www.suno.com.br\/noticias\/wp-json\/wp\/v2\/posts"}],"about":[{"href":"https:\/\/www.suno.com.br\/noticias\/wp-json\/wp\/v2\/types\/post"}],"author":[{"embeddable":true,"href":"https:\/\/www.suno.com.br\/noticias\/wp-json\/wp\/v2\/users\/12"}],"replies":[{"embeddable":true,"href":"https:\/\/www.suno.com.br\/noticias\/wp-json\/wp\/v2\/comments?post=26604"}],"version-history":[{"count":0,"href":"https:\/\/www.suno.com.br\/noticias\/wp-json\/wp\/v2\/posts\/26604\/revisions"}],"wp:featuredmedia":[{"embeddable":true,"href":"https:\/\/www.suno.com.br\/noticias\/wp-json\/wp\/v2\/media\/28661"}],"wp:attachment":[{"href":"https:\/\/www.suno.com.br\/noticias\/wp-json\/wp\/v2\/media?parent=26604"}],"wp:term":[{"taxonomy":"category","embeddable":true,"href":"https:\/\/www.suno.com.br\/noticias\/wp-json\/wp\/v2\/categories?post=26604"},{"taxonomy":"post_tag","embeddable":true,"href":"https:\/\/www.suno.com.br\/noticias\/wp-json\/wp\/v2\/tags?post=26604"},{"taxonomy":"suno_strategy","embeddable":true,"href":"https:\/\/www.suno.com.br\/noticias\/wp-json\/wp\/v2\/suno_strategy?post=26604"}],"curies":[{"name":"wp","href":"https:\/\/api.w.org\/{rel}","templated":true}]}}