{"id":265992,"date":"2022-06-08T21:25:10","date_gmt":"2022-06-09T00:25:10","guid":{"rendered":"https:\/\/www.suno.com.br\/noticias\/?p=265992"},"modified":"2022-06-08T21:25:10","modified_gmt":"2022-06-09T00:25:10","slug":"eletrobras-elet3-estima-demanda-53-bi-reserva-acoes","status":"publish","type":"post","link":"https:\/\/www.suno.com.br\/noticias\/eletrobras-elet3-estima-demanda-53-bi-reserva-acoes\/","title":{"rendered":"Eletrobras (ELET3) estima demanda total de R$ 53,5 bi em reserva de a\u00e7\u00f5es, diz site"},"content":{"rendered":"<p>A <a class=\"suno-keyword\" href=\"https:\/\/www.suno.com.br\/acoes\/ELET3\/\" target=\"_blank\" rel=\"noopener\" data-force=\"yes\" data-priority=\"2\"><strong>Eletrobras<\/strong> (ELET3)<\/a> encerrou nesta quarta-feira (8) o pedido de reserva de a\u00e7\u00f5es. A empresa est\u00e1 estimando aproximadamente R$ 53,5 bilh\u00f5es na demanda total, segundo informa\u00e7\u00f5es do site Pipeline, do Valor Econ\u00f4mico. A precifica\u00e7\u00e3o da oferta ser\u00e1 anunciada nesta quinta (9).<\/p>\t<div class=\"wrapper-featured-image\">\n\t\t<figure class=\"spotlightImg\">\n\n\t\t\t<picture>\n\t\t\t\t<source media=\"(max-width: 768px)\" srcset=\"https:\/\/files.sunoresearch.com.br\/n\/uploads\/2021\/02\/1c887e52-333672741-400x200.webp\">\n\t\t\t\t<img loading=\"lazy\" decoding=\"async\" class=\"newsContent__article__imgCapa lazyloadDisabled \" src=\"https:\/\/files.sunoresearch.com.br\/n\/uploads\/2021\/02\/1c887e52-333672741-800x450.webp\" width=\"800\" height=\"450\" alt=\"Eletrobras (ELET3) estima demanda total de R$ 53,5 bi em reserva de a\u00e7\u00f5es, diz site\" fetchpriority=high \/>\n\t\t\t<\/picture>\n\n\t\t\t<figcaption class=\"wp-caption-text wp-caption-text--show\">Eletrobras (ELET3). Foto: Divulga\u00e7\u00e3o.<\/figcaption>\n\t\t<\/figure>\n\t<\/div>\n\n\n\t<p>\n\t\t<a href=\"\" target=\"_blank\" data-element=\"shortcode-suno-banner\" title=\"Banner SUNO, clique e saiba mais\">\n\t\t\t<picture>\n\t\t\t\t<source media=\"(max-width: 500px)\" srcset=\"\">\n\t\t\t\t<img class=\"newsContent__article__imgCapa newsContent__article__imgCapa--banner\"\n\t\t\t\t\tsrc=\"\"\n\t\t\t\t\tdata-promo-id=\"265372\"\t\t\t\t\t\t\t\t\t\t\t\t\t\t\talt=\"\"\n\t\t\t\t>\n\t\t\t<\/picture>\n\t\t<\/a>\n\t<\/p>\n\n\n<p>Mais cedo, conforme informado pelo Estad\u00e3o, foi noticiado que a demanda por <a class=\"suno-keyword\" href=\"https:\/\/www.suno.com.br\/artigos\/compra-de-acoes\/\" target=\"_blank\" rel=\"noopener\" data-force=\"no\" data-priority=\"1\">compra de a\u00e7\u00f5es<\/a> com a utiliza\u00e7\u00e3o do <strong>FGTS<\/strong> ultrapassou o limite pr\u00e9-determinado pelo governo, de R$ 6 bilh\u00f5es, chegando a R$ 7,5 bilh\u00f5es.<\/p>\n<p>Em caso de\u00a0<strong>demanda maior que o teto<\/strong>, o prospecto da oferta aponta um m\u00e1ximo de R$ 50 mil por trabalhador, de forma que o n\u00famero de pedidos de reserva consigam ser atendidos completamente, antes da necessidade de um rateio. A demanda intensa vista pelo mercado se deve ao fato de que h\u00e1 possibilidade de uma maior\u00a0<a class=\"suno-keyword\" href=\"https:\/\/www.suno.com.br\/artigos\/rentabilidade\/\" target=\"_blank\" rel=\"noopener\" data-force=\"no\" data-priority=\"2\">rentabilidade do investimento<\/a>, j\u00e1 que o FGTS rende 3% ao ano, valor muito abaixo da\u00a0<strong>infla\u00e7\u00e3o<\/strong>\u00a0atual \u2013 que j\u00e1 bate 7,89% ao ano, na \u00faltima medi\u00e7\u00e3o feita em abril.<\/p>\n\t<p>\n\t\t<a href=\"https:\/\/lp.suno.com.br\/planilha-controle-gastos\/\" target=\"_blank\" data-element=\"shortcode-suno-banner\" title=\"Banner SUNO, clique e saiba mais\">\n\t\t\t<picture>\n\t\t\t\t<source media=\"(max-width: 500px)\" srcset=\"https:\/\/files.sunoresearch.com.br\/n\/uploads\/2023\/03\/400x300-Planilha-controle-de-gastos.png\">\n\t\t\t\t<img class=\"newsContent__article__imgCapa newsContent__article__imgCapa--banner\"\n\t\t\t\t\tsrc=\"https:\/\/files.sunoresearch.com.br\/n\/uploads\/2023\/03\/1420x240-Planilha-controle-de-gastos.png\"\n\t\t\t\t\tdata-promo-id=\"101751\"\t\t\t\t\t\t\t\t\t\twidth='1420' height='240'\t\t\t\t\talt=\"https:\/\/files.sunoresearch.com.br\/n\/uploads\/2023\/03\/1420x240-Planilha-controle-de-gastos.png\"\n\t\t\t\t>\n\t\t\t<\/picture>\n\t\t<\/a>\n\t<\/p>\n\n\n<p>A <strong>oferta priorit\u00e1ria<\/strong>, oferecida aos atuais acionistas (com exce\u00e7\u00e3o do governo, que n\u00e3o vai aderir), est\u00e1 em torno de R$ 5 bilh\u00f5es. O varejo tamb\u00e9m v\u00ea uma reserva de at\u00e9 R$ 3 bilh\u00f5es.<\/p>\n\t<p>\n\t\t<a href=\"https:\/\/lp.suno.com.br\/planilha-da-vida-financeira\/\" target=\"_blank\" data-element=\"shortcode-suno-banner\" title=\"Banner SUNO, clique e saiba mais\">\n\t\t\t<picture>\n\t\t\t\t<source media=\"(max-width: 500px)\" srcset=\"https:\/\/files.sunoresearch.com.br\/n\/uploads\/2023\/04\/400x300-Planilha-vida-financeira-true.png\">\n\t\t\t\t<img class=\"newsContent__article__imgCapa newsContent__article__imgCapa--banner\"\n\t\t\t\t\tsrc=\"https:\/\/files.sunoresearch.com.br\/n\/uploads\/2023\/04\/1420x240-Planilha-vida-financeira-true.png\"\n\t\t\t\t\tdata-promo-id=\"106682\"\t\t\t\t\t\t\t\t\t\twidth='1420' height='240'\t\t\t\t\talt=\"https:\/\/files.sunoresearch.com.br\/n\/uploads\/2023\/04\/1420x240-Planilha-vida-financeira-true.png\"\n\t\t\t\t>\n\t\t\t<\/picture>\n\t\t<\/a>\n\t<\/p>\n\n\n<p>Ainda h\u00e1 mais disputa na oferta: investidores institucionais ter\u00e3o que lutar pelas fatias restantes da Eletrobras. O site <em>Pipeline<\/em> havia informado previamente que entrar\u00e3o novatos como GIC, SPX e RWC na opera\u00e7\u00e3o &#8211; al\u00e9m de 3G Radar e Banco Cl\u00e1ssico. O jornal estima aproximadamente R$ 26 bilh\u00f5es em reservas para um n\u00famero de a\u00e7\u00f5es da ordem de R$ 6,5 bilh\u00f5es.<\/p>\n\t<p>\n\t\t<a href=\"https:\/\/lp.suno.com.br\/ebook-como-analisar-uma-acao\/\" target=\"_blank\" data-element=\"shortcode-suno-banner\" title=\"Banner SUNO, clique e saiba mais\">\n\t\t\t<picture>\n\t\t\t\t<source media=\"(max-width: 500px)\" srcset=\"https:\/\/files.sunoresearch.com.br\/n\/uploads\/2023\/03\/Ebook-Acoes-Mobile-1.jpg\">\n\t\t\t\t<img class=\"newsContent__article__imgCapa newsContent__article__imgCapa--banner\"\n\t\t\t\t\tsrc=\"https:\/\/files.sunoresearch.com.br\/n\/uploads\/2023\/03\/Ebook-Acoes-Desktop-1.jpg\"\n\t\t\t\t\tdata-promo-id=\"171998\"\t\t\t\t\t\t\t\t\t\twidth='1420' height='286'\t\t\t\t\talt=\"https:\/\/files.sunoresearch.com.br\/n\/uploads\/2023\/03\/Ebook-Acoes-Desktop-1.jpg\"\n\t\t\t\t>\n\t\t\t<\/picture>\n\t\t<\/a>\n\t<\/p>\n\n\n<p>O pre\u00e7o por a\u00e7\u00e3o ser\u00e1 fixado no dia 9 de junho e o in\u00edcio da negocia\u00e7\u00e3o das<strong>\u00a0novas a\u00e7\u00f5es da Eletrobras<\/strong>\u00a0est\u00e1 previsto para o dia 10.<\/p>\n<p>A\u00a0<strong>oferta de a\u00e7\u00f5es da Eletrobras<\/strong>\u00a0poder\u00e1 ter lote suplementar de at\u00e9 15% das a\u00e7\u00f5es da oferta inicial.<\/p>\n<p>O pre\u00e7o estabelecido como refer\u00eancia para a oferta para as a\u00e7\u00f5es da Eletrobras \u00e9 de R$ 44, em 26 de maio &#8212; nesta quarta os pap\u00e9is estavam cotados a R$ 42,14 (ELET3) e R$ 41,63 (ELET6). Dessa forma, a oferta pode envolver montante de R$ 34 bilh\u00f5es.<\/p>\n<p>Se a Eletrobras conseguir vender todos os pap\u00e9is previstos, a Uni\u00e3o e o <strong>BNDES<\/strong> pretendem passar de 60% para 32,96% do capital da empresa ap\u00f3s oferta. Assim, a el\u00e9trica n\u00e3o ser\u00e1 mais controlada pelo governo, j\u00e1 que haver\u00e1 dilui\u00e7\u00e3o.<\/p>\n<p>Os coordenadores da oferta da <strong>Eletrobras<\/strong> ser\u00e3o:<\/p>\n<ul>\n<li><a class=\"suno-keyword\" href=\"https:\/\/www.suno.com.br\/acoes\/BPAC11\/\" target=\"_blank\" rel=\"noopener\" data-force=\"yes\" data-priority=\"2\">BTG Pactual (BPAC11)<\/a>\u00a0\u2013 l\u00edder<\/li>\n<li>Bank Of America (BofA),<\/li>\n<li>Goldman Sachs,<\/li>\n<li>Ita\u00fa BBA,<\/li>\n<li>XP Investimentos,<\/li>\n<li>Bradesco BBI<\/li>\n<li>Caixa Econ\u00f4mica Federal<\/li>\n<li>Citi<\/li>\n<li>Credit Suisse<\/li>\n<li>JP Morgan<\/li>\n<li>Morgan Stanley<\/li>\n<li>Safra<\/li>\n<\/ul>\n<h2>Metade da oferta j\u00e1 est\u00e1 ancorada<\/h2>\n<p>De acordo com o jornal\u00a0<em>Valor Econ\u00f4mico<\/em>, apesar do momento relativamente fraco do mercado, a Eletrobras n\u00e3o vai encontrar dificuldades de emplacar sua oferta.\u00a0Isso porque metade da oferta j\u00e1 est\u00e1 ancorada, ou seja, j\u00e1 tem investidores comprometidos a ficar com parte das a\u00e7\u00f5es da estatal.<\/p>\n<p>Veja os fundos j\u00e1 comprometidos com a opera\u00e7\u00e3o:<\/p>\n<ul>\n<li>GIC, de Cingapura (tem a maior posi\u00e7\u00e3o no grupo dos \u00e2ncoras)<\/li>\n<li>SPX, do Brasil<\/li>\n<li>Truxt, do Brasil<\/li>\n<li>Squadra, do Brasil<\/li>\n<li>Ita\u00fa Asset, do Brasil,<\/li>\n<li>Zimmer, dos EUA<\/li>\n<li>Gqg Partners, dos EUA<\/li>\n<li>RWX, brit\u00e2nica<\/li>\n<\/ul>\n<p>Al\u00e9m disso, os bancos coordenadores t\u00eam o compromisso com os investidores que j\u00e1 est\u00e3o na base acion\u00e1ria da<strong> Eletrobras<\/strong>, como as gestoras 3G Radar e o banco Cl\u00e1ssico.\u00a0Para participar do grupo de investidores \u00e2ncoras, \u00e9 necess\u00e1rio cheques a partir de R$ 1,5 bilh\u00e3o.<\/p>\n\t<p>\n\t\t<a href=\"https:\/\/lp.suno.com.br\/planilha-de-controle-de-investimentos\/\" target=\"_blank\" data-element=\"shortcode-suno-banner\" title=\"Banner SUNO, clique e saiba mais\">\n\t\t\t<picture>\n\t\t\t\t<source media=\"(max-width: 500px)\" srcset=\"https:\/\/files.sunoresearch.com.br\/n\/uploads\/2023\/03\/400x300-Controle-de-Investimentos.png\">\n\t\t\t\t<img class=\"newsContent__article__imgCapa newsContent__article__imgCapa--banner\"\n\t\t\t\t\tsrc=\"https:\/\/files.sunoresearch.com.br\/n\/uploads\/2023\/03\/1420x240-Controle-de-Investimentos.png\"\n\t\t\t\t\tdata-promo-id=\"75934\"\t\t\t\t\t\t\t\t\t\twidth='1420' height='240'\t\t\t\t\talt=\"https:\/\/files.sunoresearch.com.br\/n\/uploads\/2023\/03\/1420x240-Controle-de-Investimentos.png\"\n\t\t\t\t>\n\t\t\t<\/picture>\n\t\t<\/a>\n\t<\/p>\n\n\n","protected":false},"excerpt":{"rendered":"<p>A Eletrobras (ELET3) encerrou nesta quarta-feira (8) o pedido de reserva de a\u00e7\u00f5es. A empresa est\u00e1 estimando aproximadamente R$ 53,5 bilh\u00f5es na demanda total, segundo informa\u00e7\u00f5es do site Pipeline, do Valor Econ\u00f4mico. A precifica\u00e7\u00e3o da oferta ser\u00e1 anunciada nesta quinta (9). Eletrobras (ELET3). Foto: Divulga\u00e7\u00e3o. Mais cedo, conforme informado pelo Estad\u00e3o, foi noticiado que a [&hellip;]<\/p>\n","protected":false},"author":146,"featured_media":118747,"comment_status":"closed","ping_status":"closed","sticky":false,"template":"","format":"standard","meta":[],"categories":[64],"tags":[455],"suno_strategy":[],"class_list":["post-265992","post","type-post","status-publish","format-standard","has-post-thumbnail","hentry","category-negocios","tag-eletrobras-elet3-elet5-elet6"],"yoast_head":"<!-- This site is optimized with the Yoast SEO plugin v24.4 - https:\/\/yoast.com\/wordpress\/plugins\/seo\/ -->\n<title>Eletrobras (ELET3) estima uma demanda de R$ 53,5 bi em reserva<\/title>\n<meta name=\"description\" content=\"A Eletrobras (ELET3) est\u00e1 esperando captar aproximadamente R$ 53,5 bilh\u00f5es na reserva de compra de a\u00e7\u00f5es como um todo. Veja mais!\" \/>\n<meta name=\"robots\" content=\"index, follow, max-snippet:-1, max-image-preview:large, max-video-preview:-1\" \/>\n<link rel=\"canonical\" href=\"https:\/\/www.suno.com.br\/noticias\/eletrobras-elet3-estima-demanda-53-bi-reserva-acoes\/\" \/>\n<meta property=\"og:locale\" content=\"pt_BR\" \/>\n<meta property=\"og:type\" content=\"article\" \/>\n<meta property=\"og:title\" content=\"Eletrobras (ELET3) estima uma demanda de R$ 53,5 bi em reserva\" \/>\n<meta property=\"og:description\" content=\"A Eletrobras (ELET3) est\u00e1 esperando captar aproximadamente R$ 53,5 bilh\u00f5es na reserva de compra de a\u00e7\u00f5es como um todo. Veja mais!\" \/>\n<meta property=\"og:url\" content=\"https:\/\/www.suno.com.br\/noticias\/eletrobras-elet3-estima-demanda-53-bi-reserva-acoes\/\" \/>\n<meta property=\"og:site_name\" content=\"Suno Not\u00edcias\" \/>\n<meta property=\"article:publisher\" content=\"https:\/\/facebook.com\/sunoresearch\" \/>\n<meta property=\"og:image\" content=\"https:\/\/files.sunoresearch.com.br\/n\/uploads\/2021\/02\/1c887e52-333672741.jpg\" \/>\n\t<meta property=\"og:image:width\" content=\"1200\" \/>\n\t<meta property=\"og:image:height\" content=\"800\" \/>\n\t<meta property=\"og:image:type\" content=\"image\/jpeg\" \/>\n<meta name=\"author\" content=\"Vict\u00f3ria Anhesini\" \/>\n<meta name=\"twitter:card\" content=\"summary_large_image\" \/>\n<meta name=\"twitter:creator\" content=\"@sunoresearch\" \/>\n<meta name=\"twitter:site\" content=\"@sunoresearch\" \/>\n<meta name=\"twitter:label1\" content=\"Escrito por\" \/>\n\t<meta name=\"twitter:data1\" content=\"Vict\u00f3ria Anhesini\" \/>\n\t<meta name=\"twitter:label2\" content=\"Est. tempo de leitura\" \/>\n\t<meta name=\"twitter:data2\" content=\"3 minutos\" \/>\n<script type=\"application\/ld+json\" class=\"yoast-schema-graph\">{\"@context\":\"https:\/\/schema.org\",\"@graph\":[{\"@type\":\"NewsArticle\",\"@id\":\"https:\/\/www.suno.com.br\/noticias\/eletrobras-elet3-estima-demanda-53-bi-reserva-acoes\/#article\",\"isPartOf\":{\"@id\":\"https:\/\/www.suno.com.br\/noticias\/eletrobras-elet3-estima-demanda-53-bi-reserva-acoes\/\"},\"author\":{\"name\":\"Vict\u00f3ria Anhesini\",\"@id\":\"https:\/\/www.suno.com.br\/noticias\/#\/schema\/person\/46d847cb19ad53fde0857adca989c23f\"},\"headline\":\"Eletrobras (ELET3) estima demanda total de R$ 53,5 bi em reserva de a\u00e7\u00f5es, diz site\",\"datePublished\":\"2022-06-09T00:25:10+00:00\",\"mainEntityOfPage\":{\"@id\":\"https:\/\/www.suno.com.br\/noticias\/eletrobras-elet3-estima-demanda-53-bi-reserva-acoes\/\"},\"wordCount\":626,\"publisher\":{\"@id\":\"https:\/\/www.suno.com.br\/noticias\/#organization\"},\"image\":{\"@id\":\"https:\/\/www.suno.com.br\/noticias\/eletrobras-elet3-estima-demanda-53-bi-reserva-acoes\/#primaryimage\"},\"thumbnailUrl\":\"https:\/\/files.sunoresearch.com.br\/n\/uploads\/2021\/02\/1c887e52-333672741-jpg.webp\",\"keywords\":[\"Eletrobras (ELET3\/ELET5\/ELET6)\"],\"articleSection\":[\"Neg\u00f3cios\"],\"inLanguage\":\"pt-BR\"},{\"@type\":\"WebPage\",\"@id\":\"https:\/\/www.suno.com.br\/noticias\/eletrobras-elet3-estima-demanda-53-bi-reserva-acoes\/\",\"url\":\"https:\/\/www.suno.com.br\/noticias\/eletrobras-elet3-estima-demanda-53-bi-reserva-acoes\/\",\"name\":\"Eletrobras (ELET3) estima uma demanda de R$ 53,5 bi em reserva\",\"isPartOf\":{\"@id\":\"https:\/\/www.suno.com.br\/noticias\/#website\"},\"primaryImageOfPage\":{\"@id\":\"https:\/\/www.suno.com.br\/noticias\/eletrobras-elet3-estima-demanda-53-bi-reserva-acoes\/#primaryimage\"},\"image\":{\"@id\":\"https:\/\/www.suno.com.br\/noticias\/eletrobras-elet3-estima-demanda-53-bi-reserva-acoes\/#primaryimage\"},\"thumbnailUrl\":\"https:\/\/files.sunoresearch.com.br\/n\/uploads\/2021\/02\/1c887e52-333672741-jpg.webp\",\"datePublished\":\"2022-06-09T00:25:10+00:00\",\"description\":\"A Eletrobras (ELET3) est\u00e1 esperando captar aproximadamente R$ 53,5 bilh\u00f5es na reserva de compra de a\u00e7\u00f5es como um todo. Veja mais!\",\"breadcrumb\":{\"@id\":\"https:\/\/www.suno.com.br\/noticias\/eletrobras-elet3-estima-demanda-53-bi-reserva-acoes\/#breadcrumb\"},\"inLanguage\":\"pt-BR\",\"potentialAction\":[{\"@type\":\"ReadAction\",\"target\":[\"https:\/\/www.suno.com.br\/noticias\/eletrobras-elet3-estima-demanda-53-bi-reserva-acoes\/\"]}]},{\"@type\":\"ImageObject\",\"inLanguage\":\"pt-BR\",\"@id\":\"https:\/\/www.suno.com.br\/noticias\/eletrobras-elet3-estima-demanda-53-bi-reserva-acoes\/#primaryimage\",\"url\":\"https:\/\/files.sunoresearch.com.br\/n\/uploads\/2021\/02\/1c887e52-333672741-jpg.webp\",\"contentUrl\":\"https:\/\/files.sunoresearch.com.br\/n\/uploads\/2021\/02\/1c887e52-333672741-jpg.webp\",\"width\":1200,\"height\":800,\"caption\":\"Eletrobras (ELET3). Foto: Divulga\u00e7\u00e3o.\"},{\"@type\":\"BreadcrumbList\",\"@id\":\"https:\/\/www.suno.com.br\/noticias\/eletrobras-elet3-estima-demanda-53-bi-reserva-acoes\/#breadcrumb\",\"itemListElement\":[{\"@type\":\"ListItem\",\"position\":1,\"name\":\"Not\u00edcias\",\"item\":\"https:\/\/www.suno.com.br\/noticias\/\"},{\"@type\":\"ListItem\",\"position\":2,\"name\":\"Neg\u00f3cios\",\"item\":\"https:\/\/www.suno.com.br\/noticias\/negocios\/\"},{\"@type\":\"ListItem\",\"position\":3,\"name\":\"Eletrobras (ELET3) estima demanda total de R$ 53,5 bi em reserva de a\u00e7\u00f5es, diz site\"}]},{\"@type\":\"WebSite\",\"@id\":\"https:\/\/www.suno.com.br\/noticias\/#website\",\"url\":\"https:\/\/www.suno.com.br\/noticias\/\",\"name\":\"Suno Not\u00edcias\",\"description\":\"Seu portal de informa\u00e7\u00e3o sobre o mundo dos investimentos\",\"publisher\":{\"@id\":\"https:\/\/www.suno.com.br\/noticias\/#organization\"},\"potentialAction\":[{\"@type\":\"SearchAction\",\"target\":{\"@type\":\"EntryPoint\",\"urlTemplate\":\"https:\/\/www.suno.com.br\/noticias\/?s={search_term_string}\"},\"query-input\":{\"@type\":\"PropertyValueSpecification\",\"valueRequired\":true,\"valueName\":\"search_term_string\"}}],\"inLanguage\":\"pt-BR\"},{\"@type\":\"Organization\",\"@id\":\"https:\/\/www.suno.com.br\/noticias\/#organization\",\"name\":\"Suno Not\u00edcias\",\"url\":\"https:\/\/www.suno.com.br\/noticias\/\",\"logo\":{\"@type\":\"ImageObject\",\"inLanguage\":\"pt-BR\",\"@id\":\"https:\/\/www.suno.com.br\/noticias\/#\/schema\/logo\/image\/\",\"url\":\"https:\/\/files.sunoresearch.com.br\/n\/uploads\/2021\/09\/suno-logo.png\",\"contentUrl\":\"https:\/\/files.sunoresearch.com.br\/n\/uploads\/2021\/09\/suno-logo.png\",\"width\":180,\"height\":180,\"caption\":\"Suno Not\u00edcias\"},\"image\":{\"@id\":\"https:\/\/www.suno.com.br\/noticias\/#\/schema\/logo\/image\/\"},\"sameAs\":[\"https:\/\/facebook.com\/sunoresearch\",\"https:\/\/x.com\/sunoresearch\",\"https:\/\/www.instagram.com\/suno\",\"https:\/\/www.linkedin.com\/company\/suno-research\/\",\"https:\/\/www.youtube.com\/c\/sunoresearch\"]},{\"@type\":\"Person\",\"@id\":\"https:\/\/www.suno.com.br\/noticias\/#\/schema\/person\/46d847cb19ad53fde0857adca989c23f\",\"name\":\"Vict\u00f3ria Anhesini\",\"image\":{\"@type\":\"ImageObject\",\"inLanguage\":\"pt-BR\",\"@id\":\"https:\/\/www.suno.com.br\/noticias\/#\/schema\/person\/image\/\",\"url\":\"https:\/\/secure.gravatar.com\/avatar\/0172bdfcd9129dd9dd68794804304e6e?s=96&r=g\",\"contentUrl\":\"https:\/\/secure.gravatar.com\/avatar\/0172bdfcd9129dd9dd68794804304e6e?s=96&r=g\",\"caption\":\"Vict\u00f3ria Anhesini\"},\"description\":\"Rep\u00f3rter no Suno Not\u00edcias, cobre mercados, neg\u00f3cios e economia, escrevendo majoritariamente sobre movimentos das empresas, cobertura de balan\u00e7os trimestrais e Bolsa de Valores. Formada em jornalismo pela Universidade Presbiteriana Mackenzie em 2019, passou pelo portal de economia e finan\u00e7as EuQueroInvestir como rep\u00f3rter e anteriormente, trabalhou na assessoria de imprensa PinePR, onde liderou com startups de inova\u00e7\u00e3o, tecnologia e finan\u00e7as. Em seu tempo livre, fala sobre m\u00fasica para ambos os sites do selo ForMusic, Wikimetal e Mad Sound, e faz trabalho volunt\u00e1rio no programa Escreve Cartas do Poupatempo.\",\"sameAs\":[\"https:\/\/www.linkedin.com\/in\/victoria-anhesini\/\"],\"url\":\"https:\/\/www.suno.com.br\/noticias\/author\/victoria\/\"}]}<\/script>\n<!-- \/ Yoast SEO plugin. -->","yoast_head_json":{"title":"Eletrobras (ELET3) estima uma demanda de R$ 53,5 bi em reserva","description":"A Eletrobras (ELET3) est\u00e1 esperando captar aproximadamente R$ 53,5 bilh\u00f5es na reserva de compra de a\u00e7\u00f5es como um todo. Veja mais!","robots":{"index":"index","follow":"follow","max-snippet":"max-snippet:-1","max-image-preview":"max-image-preview:large","max-video-preview":"max-video-preview:-1"},"canonical":"https:\/\/www.suno.com.br\/noticias\/eletrobras-elet3-estima-demanda-53-bi-reserva-acoes\/","og_locale":"pt_BR","og_type":"article","og_title":"Eletrobras (ELET3) estima uma demanda de R$ 53,5 bi em reserva","og_description":"A Eletrobras (ELET3) est\u00e1 esperando captar aproximadamente R$ 53,5 bilh\u00f5es na reserva de compra de a\u00e7\u00f5es como um todo. Veja mais!","og_url":"https:\/\/www.suno.com.br\/noticias\/eletrobras-elet3-estima-demanda-53-bi-reserva-acoes\/","og_site_name":"Suno Not\u00edcias","article_publisher":"https:\/\/facebook.com\/sunoresearch","og_image":[{"width":1200,"height":800,"url":"https:\/\/files.sunoresearch.com.br\/n\/uploads\/2021\/02\/1c887e52-333672741.jpg","type":"image\/jpeg"}],"author":"Vict\u00f3ria Anhesini","twitter_card":"summary_large_image","twitter_creator":"@sunoresearch","twitter_site":"@sunoresearch","twitter_misc":{"Escrito por":"Vict\u00f3ria Anhesini","Est. tempo de leitura":"3 minutos"},"schema":{"@context":"https:\/\/schema.org","@graph":[{"@type":"NewsArticle","@id":"https:\/\/www.suno.com.br\/noticias\/eletrobras-elet3-estima-demanda-53-bi-reserva-acoes\/#article","isPartOf":{"@id":"https:\/\/www.suno.com.br\/noticias\/eletrobras-elet3-estima-demanda-53-bi-reserva-acoes\/"},"author":{"name":"Vict\u00f3ria Anhesini","@id":"https:\/\/www.suno.com.br\/noticias\/#\/schema\/person\/46d847cb19ad53fde0857adca989c23f"},"headline":"Eletrobras (ELET3) estima demanda total de R$ 53,5 bi em reserva de a\u00e7\u00f5es, diz site","datePublished":"2022-06-09T00:25:10+00:00","mainEntityOfPage":{"@id":"https:\/\/www.suno.com.br\/noticias\/eletrobras-elet3-estima-demanda-53-bi-reserva-acoes\/"},"wordCount":626,"publisher":{"@id":"https:\/\/www.suno.com.br\/noticias\/#organization"},"image":{"@id":"https:\/\/www.suno.com.br\/noticias\/eletrobras-elet3-estima-demanda-53-bi-reserva-acoes\/#primaryimage"},"thumbnailUrl":"https:\/\/files.sunoresearch.com.br\/n\/uploads\/2021\/02\/1c887e52-333672741-jpg.webp","keywords":["Eletrobras (ELET3\/ELET5\/ELET6)"],"articleSection":["Neg\u00f3cios"],"inLanguage":"pt-BR"},{"@type":"WebPage","@id":"https:\/\/www.suno.com.br\/noticias\/eletrobras-elet3-estima-demanda-53-bi-reserva-acoes\/","url":"https:\/\/www.suno.com.br\/noticias\/eletrobras-elet3-estima-demanda-53-bi-reserva-acoes\/","name":"Eletrobras (ELET3) estima uma demanda de R$ 53,5 bi em reserva","isPartOf":{"@id":"https:\/\/www.suno.com.br\/noticias\/#website"},"primaryImageOfPage":{"@id":"https:\/\/www.suno.com.br\/noticias\/eletrobras-elet3-estima-demanda-53-bi-reserva-acoes\/#primaryimage"},"image":{"@id":"https:\/\/www.suno.com.br\/noticias\/eletrobras-elet3-estima-demanda-53-bi-reserva-acoes\/#primaryimage"},"thumbnailUrl":"https:\/\/files.sunoresearch.com.br\/n\/uploads\/2021\/02\/1c887e52-333672741-jpg.webp","datePublished":"2022-06-09T00:25:10+00:00","description":"A Eletrobras (ELET3) est\u00e1 esperando captar aproximadamente R$ 53,5 bilh\u00f5es na reserva de compra de a\u00e7\u00f5es como um todo. Veja mais!","breadcrumb":{"@id":"https:\/\/www.suno.com.br\/noticias\/eletrobras-elet3-estima-demanda-53-bi-reserva-acoes\/#breadcrumb"},"inLanguage":"pt-BR","potentialAction":[{"@type":"ReadAction","target":["https:\/\/www.suno.com.br\/noticias\/eletrobras-elet3-estima-demanda-53-bi-reserva-acoes\/"]}]},{"@type":"ImageObject","inLanguage":"pt-BR","@id":"https:\/\/www.suno.com.br\/noticias\/eletrobras-elet3-estima-demanda-53-bi-reserva-acoes\/#primaryimage","url":"https:\/\/files.sunoresearch.com.br\/n\/uploads\/2021\/02\/1c887e52-333672741-jpg.webp","contentUrl":"https:\/\/files.sunoresearch.com.br\/n\/uploads\/2021\/02\/1c887e52-333672741-jpg.webp","width":1200,"height":800,"caption":"Eletrobras (ELET3). Foto: Divulga\u00e7\u00e3o."},{"@type":"BreadcrumbList","@id":"https:\/\/www.suno.com.br\/noticias\/eletrobras-elet3-estima-demanda-53-bi-reserva-acoes\/#breadcrumb","itemListElement":[{"@type":"ListItem","position":1,"name":"Not\u00edcias","item":"https:\/\/www.suno.com.br\/noticias\/"},{"@type":"ListItem","position":2,"name":"Neg\u00f3cios","item":"https:\/\/www.suno.com.br\/noticias\/negocios\/"},{"@type":"ListItem","position":3,"name":"Eletrobras (ELET3) estima demanda total de R$ 53,5 bi em reserva de a\u00e7\u00f5es, diz site"}]},{"@type":"WebSite","@id":"https:\/\/www.suno.com.br\/noticias\/#website","url":"https:\/\/www.suno.com.br\/noticias\/","name":"Suno Not\u00edcias","description":"Seu portal de informa\u00e7\u00e3o sobre o mundo dos investimentos","publisher":{"@id":"https:\/\/www.suno.com.br\/noticias\/#organization"},"potentialAction":[{"@type":"SearchAction","target":{"@type":"EntryPoint","urlTemplate":"https:\/\/www.suno.com.br\/noticias\/?s={search_term_string}"},"query-input":{"@type":"PropertyValueSpecification","valueRequired":true,"valueName":"search_term_string"}}],"inLanguage":"pt-BR"},{"@type":"Organization","@id":"https:\/\/www.suno.com.br\/noticias\/#organization","name":"Suno Not\u00edcias","url":"https:\/\/www.suno.com.br\/noticias\/","logo":{"@type":"ImageObject","inLanguage":"pt-BR","@id":"https:\/\/www.suno.com.br\/noticias\/#\/schema\/logo\/image\/","url":"https:\/\/files.sunoresearch.com.br\/n\/uploads\/2021\/09\/suno-logo.png","contentUrl":"https:\/\/files.sunoresearch.com.br\/n\/uploads\/2021\/09\/suno-logo.png","width":180,"height":180,"caption":"Suno Not\u00edcias"},"image":{"@id":"https:\/\/www.suno.com.br\/noticias\/#\/schema\/logo\/image\/"},"sameAs":["https:\/\/facebook.com\/sunoresearch","https:\/\/x.com\/sunoresearch","https:\/\/www.instagram.com\/suno","https:\/\/www.linkedin.com\/company\/suno-research\/","https:\/\/www.youtube.com\/c\/sunoresearch"]},{"@type":"Person","@id":"https:\/\/www.suno.com.br\/noticias\/#\/schema\/person\/46d847cb19ad53fde0857adca989c23f","name":"Vict\u00f3ria Anhesini","image":{"@type":"ImageObject","inLanguage":"pt-BR","@id":"https:\/\/www.suno.com.br\/noticias\/#\/schema\/person\/image\/","url":"https:\/\/secure.gravatar.com\/avatar\/0172bdfcd9129dd9dd68794804304e6e?s=96&r=g","contentUrl":"https:\/\/secure.gravatar.com\/avatar\/0172bdfcd9129dd9dd68794804304e6e?s=96&r=g","caption":"Vict\u00f3ria Anhesini"},"description":"Rep\u00f3rter no Suno Not\u00edcias, cobre mercados, neg\u00f3cios e economia, escrevendo majoritariamente sobre movimentos das empresas, cobertura de balan\u00e7os trimestrais e Bolsa de Valores. Formada em jornalismo pela Universidade Presbiteriana Mackenzie em 2019, passou pelo portal de economia e finan\u00e7as EuQueroInvestir como rep\u00f3rter e anteriormente, trabalhou na assessoria de imprensa PinePR, onde liderou com startups de inova\u00e7\u00e3o, tecnologia e finan\u00e7as. Em seu tempo livre, fala sobre m\u00fasica para ambos os sites do selo ForMusic, Wikimetal e Mad Sound, e faz trabalho volunt\u00e1rio no programa Escreve Cartas do Poupatempo.","sameAs":["https:\/\/www.linkedin.com\/in\/victoria-anhesini\/"],"url":"https:\/\/www.suno.com.br\/noticias\/author\/victoria\/"}]}},"default_loop_html":"<div class=\"cardsPage__listCard__boxs\"><div class=\"cardsPage__listCard__boxs__img\"><a href=\"https:\/\/www.suno.com.br\/noticias\/eletrobras-elet3-estima-demanda-53-bi-reserva-acoes\/\"><img class=\"mask\" src=\"https:\/\/www.suno.com.br\/noticias\/wp-content\/themes\/suno\/resources\/images\/spotlight\/spotlight1img\/bg-mask.png\" alt=\"Image Mask\"\/><img src=\"https:\/\/files.sunoresearch.com.br\/n\/uploads\/2021\/02\/1c887e52-333672741-400x200.webp\" alt=\"Eletrobras (ELET3) estima demanda total de R$ 53,5 bi em reserva de a\u00e7\u00f5es, diz site\"\/><\/a><span class=\"spotlightCategory\"><a href=\"https:\/\/www.suno.com.br\/noticias\/negocios\/\">Neg\u00f3cios<\/a><\/span><\/div><div class=\"cardsPage__listCard__boxs__content\"><a href=\"https:\/\/www.suno.com.br\/noticias\/eletrobras-elet3-estima-demanda-53-bi-reserva-acoes\/\"><h2 class=\"content__title\">Eletrobras (ELET3) estima demanda total de R$ 53,5 bi em reserva de a\u00e7\u00f5es, diz site<\/h2><\/a><div class=\"newsContent__article__meta\"><div class=\"newsContent__article__meta__authorBox\"><a href=\"https:\/\/www.suno.com.br\/noticias\/author\/victoria\/\" class=\"authorBox__avatar noMobi\"><img src=\"https:\/\/files.sunoresearch.com.br\/n\/uploads\/2021\/12\/20190129VickyPINEAPPLE01-1-150x150.jpg\" alt=\"Vict\u00f3ria Anhesini\"><\/a><div class=\"authorBox__name\"><span>por\n\t\t\t<a href=\"https:\/\/www.suno.com.br\/noticias\/author\/victoria\/\"><span itemprop=\"author\">Vict\u00f3ria Anhesini<\/span><\/a><\/span><time datetime=\"2022-06-08T21:25:10-03:00\" itemprop=\"datePublished\">08\/06\/2022 21:25<\/time><\/div><\/div><\/div><\/div><\/div>","single_layout":"posts","amp_enabled":true,"_links":{"self":[{"href":"https:\/\/www.suno.com.br\/noticias\/wp-json\/wp\/v2\/posts\/265992"}],"collection":[{"href":"https:\/\/www.suno.com.br\/noticias\/wp-json\/wp\/v2\/posts"}],"about":[{"href":"https:\/\/www.suno.com.br\/noticias\/wp-json\/wp\/v2\/types\/post"}],"author":[{"embeddable":true,"href":"https:\/\/www.suno.com.br\/noticias\/wp-json\/wp\/v2\/users\/146"}],"replies":[{"embeddable":true,"href":"https:\/\/www.suno.com.br\/noticias\/wp-json\/wp\/v2\/comments?post=265992"}],"version-history":[{"count":3,"href":"https:\/\/www.suno.com.br\/noticias\/wp-json\/wp\/v2\/posts\/265992\/revisions"}],"predecessor-version":[{"id":266023,"href":"https:\/\/www.suno.com.br\/noticias\/wp-json\/wp\/v2\/posts\/265992\/revisions\/266023"}],"wp:featuredmedia":[{"embeddable":true,"href":"https:\/\/www.suno.com.br\/noticias\/wp-json\/wp\/v2\/media\/118747"}],"wp:attachment":[{"href":"https:\/\/www.suno.com.br\/noticias\/wp-json\/wp\/v2\/media?parent=265992"}],"wp:term":[{"taxonomy":"category","embeddable":true,"href":"https:\/\/www.suno.com.br\/noticias\/wp-json\/wp\/v2\/categories?post=265992"},{"taxonomy":"post_tag","embeddable":true,"href":"https:\/\/www.suno.com.br\/noticias\/wp-json\/wp\/v2\/tags?post=265992"},{"taxonomy":"suno_strategy","embeddable":true,"href":"https:\/\/www.suno.com.br\/noticias\/wp-json\/wp\/v2\/suno_strategy?post=265992"}],"curies":[{"name":"wp","href":"https:\/\/api.w.org\/{rel}","templated":true}]}}