{"id":265952,"date":"2022-06-08T19:34:59","date_gmt":"2022-06-08T22:34:59","guid":{"rendered":"https:\/\/www.suno.com.br\/noticias\/?p=265952"},"modified":"2022-06-08T19:34:59","modified_gmt":"2022-06-08T22:34:59","slug":"fusao-brmalls-brml3-aliansce-sonae-also3-aprovada","status":"publish","type":"post","link":"https:\/\/www.suno.com.br\/noticias\/fusao-brmalls-brml3-aliansce-sonae-also3-aprovada\/","title":{"rendered":"Fus\u00e3o da brMalls (BRML3) e Aliansce Sonae (ALSO3) \u00e9 aprovada por acionistas"},"content":{"rendered":"<p>Os acionistas da <a class=\"suno-keyword\" href=\"https:\/\/www.suno.com.br\/acoes\/brml3\/\" target=\"_blank\" rel=\"noopener\" data-force=\"yes\" data-priority=\"2\"><strong>brMalls<\/strong> (BRML3)<\/a> aprovaram, nesta quarta-feira (8), a fus\u00e3o com a <a class=\"suno-keyword\" href=\"https:\/\/www.suno.com.br\/acoes\/ALSO3\/\" target=\"_blank\" rel=\"noopener\" data-force=\"yes\" data-priority=\"2\"><strong>Aliansce Sonae<\/strong> (ALSO3)<\/a>. Com o neg\u00f3cio, a empresa ser\u00e1 considerada o maior conglomerado de shoppings no Brasil.<\/p>\t<div class=\"wrapper-featured-image\">\n\t\t<figure class=\"spotlightImg\">\n\n\t\t\t<picture>\n\t\t\t\t<source media=\"(max-width: 768px)\" srcset=\"https:\/\/files.sunoresearch.com.br\/n\/uploads\/2022\/06\/brmalls-2-400x200.jpg\">\n\t\t\t\t<img loading=\"lazy\" decoding=\"async\" class=\"newsContent__article__imgCapa lazyloadDisabled \" src=\"https:\/\/files.sunoresearch.com.br\/n\/uploads\/2022\/06\/brmalls-2-800x450.jpg\" width=\"800\" height=\"450\" alt=\"Fus\u00e3o da brMalls (BRML3) e Aliansce Sonae (ALSO3) \u00e9 aprovada por acionistas\" fetchpriority=high \/>\n\t\t\t<\/picture>\n\n\t\t\t<figcaption class=\"wp-caption-text wp-caption-text--show\">brMalls (BRML3). Foto: brMalls\/Divulga\u00e7\u00e3o<\/figcaption>\n\t\t<\/figure>\n\t<\/div>\n\n\n\t<p>\n\t\t<a href=\"\" target=\"_blank\" data-element=\"shortcode-suno-banner\" title=\"Banner SUNO, clique e saiba mais\">\n\t\t\t<picture>\n\t\t\t\t<source media=\"(max-width: 500px)\" srcset=\"\">\n\t\t\t\t<img class=\"newsContent__article__imgCapa newsContent__article__imgCapa--banner\"\n\t\t\t\t\tsrc=\"\"\n\t\t\t\t\tdata-promo-id=\"138420\"\t\t\t\t\t\t\t\t\t\t\t\t\t\t\talt=\"\"\n\t\t\t\t>\n\t\t\t<\/picture>\n\t\t<\/a>\n\t<\/p>\n\n\n<p>A brMalls realizou sua <strong>Assembleia Geral Extraordin\u00e1ria (AGE)<\/strong> com os acionistas para deliberar a respeito da proposta de fus\u00e3o de forma presencial, mas havia tamb\u00e9m a possibilidade de votar a dist\u00e2ncia.<\/p>\n<p>Na assembleia da brMalls, a aprova\u00e7\u00e3o pelos acionistas chegou a 68,5%, de acordo com o presidente da companhia, <strong>Ruy Kameyama<\/strong>. A apura\u00e7\u00e3o realizada pelo <em>Broadcast<\/em> aponta que a proposta de remunera\u00e7\u00e3o da diretoria foi aprovada com mais de 60%<\/p>\n<p>J\u00e1 na Aliansce Sonae a aprova\u00e7\u00e3o chegou a 79,6%. O CEO, Rafael Sales, estima R$ 210 milh\u00f5es por ano em sinergias dentro da opera\u00e7\u00e3o.<\/p>\n<p>Em <a class=\"suno-keyword\" href=\"https:\/\/www.suno.com.br\/artigos\/fato-relevante\/\" target=\"_blank\" rel=\"noopener\" data-force=\"no\" data-priority=\"1\">fato relevante<\/a> enviado \u00e0 <strong>Comiss\u00e3o de Valores Mobili\u00e1rios (CVM)<\/strong>, as companhias ressaltam que a uni\u00e3o traz ganhos para todos os envolvidos, como clientes, parceiros, acionistas e consumidores. Em nota assinada por ambos os CEOs, apontam:<\/p>\n<blockquote><p>&#8220;Esta nova companhia ser\u00e1 a maior plataforma de shoppings da Am\u00e9rica Latina. Ela nasce avaliada pelo mercado em R$ 12 bilh\u00f5es, com 69 shoppings e cerca de 13 mil lojas, que recebem aproximadamente 60 milh\u00f5es de visitantes por m\u00eas.&#8221;<\/p><\/blockquote>\n<p>A fus\u00e3o ainda est\u00e1 sujeita \u00e0 aprova\u00e7\u00e3o por parte do <strong>Conselho Administrativo de Defesa Econ\u00f4mica (CADE)<\/strong>.<\/p>\n\t<p>\n\t\t<a href=\"https:\/\/lp.suno.com.br\/planilha-controle-gastos\/\" target=\"_blank\" data-element=\"shortcode-suno-banner\" title=\"Banner SUNO, clique e saiba mais\">\n\t\t\t<picture>\n\t\t\t\t<source media=\"(max-width: 500px)\" srcset=\"https:\/\/files.sunoresearch.com.br\/n\/uploads\/2023\/03\/400x300-Planilha-controle-de-gastos.png\">\n\t\t\t\t<img class=\"newsContent__article__imgCapa newsContent__article__imgCapa--banner\"\n\t\t\t\t\tsrc=\"https:\/\/files.sunoresearch.com.br\/n\/uploads\/2023\/03\/1420x240-Planilha-controle-de-gastos.png\"\n\t\t\t\t\tdata-promo-id=\"101751\"\t\t\t\t\t\t\t\t\t\twidth='1420' height='240'\t\t\t\t\talt=\"https:\/\/files.sunoresearch.com.br\/n\/uploads\/2023\/03\/1420x240-Planilha-controle-de-gastos.png\"\n\t\t\t\t>\n\t\t\t<\/picture>\n\t\t<\/a>\n\t<\/p>\n\n\n<h2 class=\"newsContent__article__title\">brMalls (BRML3) aprova plano de reten\u00e7\u00e3o de at\u00e9 R$ 50 mi na fus\u00e3o com Aliansce (ALSO3)<\/h2>\n<p>A\u00a0<a class=\"suno-keyword\" href=\"https:\/\/www.suno.com.br\/acoes\/BRML3\/\" target=\"_blank\" rel=\"noopener\" data-force=\"yes\" data-priority=\"2\"><strong>brMalls<\/strong>\u00a0(BRML3)<\/a>\u00a0informou nesta segunda-feira, 6, que seu conselho de administra\u00e7\u00e3o, eleito em 29 de abril, deliberou nesta segunda-feira, por maioria, o plano de reten\u00e7\u00e3o de at\u00e9 R$ 50 milh\u00f5es no \u00e2mbito da fus\u00e3o com a\u00a0<a class=\"suno-keyword\" href=\"https:\/\/www.suno.com.br\/acoes\/ALSO3\/\" target=\"_blank\" rel=\"noopener\" data-force=\"yes\" data-priority=\"2\">Aliansce Sonae (ALSO3)<\/a>.<\/p>\n<p>Como mostrou o\u00a0<i>Broadcast<\/i>, sistema de not\u00edcias em tempo real do Grupo Estado, em 13 de maio, a medida foi revelada pelo presidente da BRMalls, Ruy Kameyama, ap\u00f3s ser questionado em teleconfer\u00eancia com investidores e analistas sobre a pol\u00edtica de reten\u00e7\u00e3o de talentos enquanto a proposta de combina\u00e7\u00e3o de neg\u00f3cios com a Aliansce n\u00e3o \u00e9 conclu\u00edda.<\/p>\n<h2>Questionamentos<\/h2>\n<p>Segundo a\u00a0<strong>brMalls<\/strong>, o\u00a0<strong>plano de reten\u00e7\u00e3o<\/strong>\u00a0\u00e9 destinado a colaboradores e administradores da companhia, sendo o montante m\u00e1ximo destinado aos diretores estatut\u00e1rios de R$ 15 milh\u00f5es.<\/p>\n<p><a href=\"https:\/\/lp.xpi.com.br\/transforme-seu-fgts-suno\" target=\"_blank\" rel=\"noopener\" data-element=\"shortcode-suno-banner\" data-parameter=\"banner-mat-1-https:\/\/lp.xpi.com.br\/transforme-seu-fgts-suno\"><picture><source srcset=\"https:\/\/files.sunoresearch.com.br\/n\/uploads\/2022\/06\/Noticias_-Mobile-400x300-2-400x300.png\" media=\"(max-width: 500px)\" \/><\/picture><\/a><\/p>\n<p>Durante a semana, a <strong>fus\u00e3o entre brMalls\u00a0e Aliansce\u00a0<\/strong>levantou alguns questionamentos entre gestores e investidores envolvendo a pol\u00edtica de remunera\u00e7\u00e3o de executivos que ficaram e os que deixaram o neg\u00f3cio. Al\u00e9m disso, existe a conta ap\u00f3s a fus\u00e3o, a ser paga aos bancos que participaram.<\/p>\n<p>A opera\u00e7\u00e3o ganhou mais apoio de abril at\u00e9 agora com s\u00f3cios da brMalls mudando manifesta\u00e7\u00f5es anteriormente contr\u00e1rias, al\u00e9m de uma melhora sobre as condi\u00e7\u00f5es oferecidas pela Aliansce.<\/p>\n\t<p>\n\t\t<a href=\"https:\/\/lp.suno.com.br\/planilha-da-vida-financeira\/\" target=\"_blank\" data-element=\"shortcode-suno-banner\" title=\"Banner SUNO, clique e saiba mais\">\n\t\t\t<picture>\n\t\t\t\t<source media=\"(max-width: 500px)\" srcset=\"https:\/\/files.sunoresearch.com.br\/n\/uploads\/2023\/04\/400x300-Planilha-vida-financeira-true.png\">\n\t\t\t\t<img class=\"newsContent__article__imgCapa newsContent__article__imgCapa--banner\"\n\t\t\t\t\tsrc=\"https:\/\/files.sunoresearch.com.br\/n\/uploads\/2023\/04\/1420x240-Planilha-vida-financeira-true.png\"\n\t\t\t\t\tdata-promo-id=\"106682\"\t\t\t\t\t\t\t\t\t\twidth='1420' height='240'\t\t\t\t\talt=\"https:\/\/files.sunoresearch.com.br\/n\/uploads\/2023\/04\/1420x240-Planilha-vida-financeira-true.png\"\n\t\t\t\t>\n\t\t\t<\/picture>\n\t\t<\/a>\n\t<\/p>\n\n\n<p>Os questionamentos que surgiram agora est\u00e3o entre os gestores e investidores, mas n\u00e3o \u00e9 necessariamente impeditivo para o acordo final, de acordo com fontes ouvidas pelo\u00a0<em>Valor Econ\u00f4mico<\/em>. No caso, o movimento trouxe certo desconforto que n\u00e3o era previsto a essa altura do campeonato pela brMalls.<\/p>\n<p>A companhia tem a inten\u00e7\u00e3o de definir e divulgar melhor ao mercado seu plano de remunera\u00e7\u00e3o nos pr\u00f3ximos dias.<\/p>\n<p>\u00c9 esperado que o acordo e o\u00a0<strong>pacote de remunera\u00e7\u00e3o global\u00a0<\/strong>da brMalls sejam votados na AGE desta quarta. Parte dos investidores acredita que o custo da transa\u00e7\u00e3o \u00e9 alto demais, levando-se em conta valores definidos e taxas de comiss\u00e3o a assessores e bancos dos dois lados.<\/p>\n<p>Os fundos americanos participantes (FSBA, da Fl\u00f3rida, e o Calstrs, da Calif\u00f3rnia) devem votar favoravelmente \u00e0 fus\u00e3o, mas contra a proposta da remunera\u00e7\u00e3o, conforme reportagem do\u00a0<em>Valor<\/em>.<\/p>\n<p>A\u00a0<strong>proposta do\u00a0<a class=\"suno-keyword\" href=\"https:\/\/www.suno.com.br\/artigos\/conselho-administracao\/\" target=\"_blank\" rel=\"noopener\" data-force=\"no\" data-priority=\"1\">Conselho de Administra\u00e7\u00e3o<\/a>\u00a0da brMalls<\/strong>\u00a0apresenta um novo pacote de compensa\u00e7\u00e3o de at\u00e9 R$ 92 milh\u00f5es aos executivos.<\/p>\n<p>Esse pacote cont\u00e9m um\u00a0<strong>plano de incentivo<\/strong>\u00a0e reten\u00e7\u00e3o de at\u00e9 R$ 50 milh\u00f5es aos profissionais que ficarem, al\u00e9m de pacote de rescis\u00e3o de R$ 12,5 milh\u00f5es aos que forem demitidos (incluindo eventualmente o CEO de uma das empresas). H\u00e1 ainda R$ 29,5 milh\u00f5es adicionais ao pacote de a\u00e7\u00f5es vigente.<\/p>\n\t<p>\n\t\t<a href=\"https:\/\/lp.suno.com.br\/ebook-como-analisar-uma-acao\/\" target=\"_blank\" data-element=\"shortcode-suno-banner\" title=\"Banner SUNO, clique e saiba mais\">\n\t\t\t<picture>\n\t\t\t\t<source media=\"(max-width: 500px)\" srcset=\"https:\/\/files.sunoresearch.com.br\/n\/uploads\/2023\/03\/Ebook-Acoes-Mobile-1.jpg\">\n\t\t\t\t<img class=\"newsContent__article__imgCapa newsContent__article__imgCapa--banner\"\n\t\t\t\t\tsrc=\"https:\/\/files.sunoresearch.com.br\/n\/uploads\/2023\/03\/Ebook-Acoes-Desktop-1.jpg\"\n\t\t\t\t\tdata-promo-id=\"171998\"\t\t\t\t\t\t\t\t\t\twidth='1420' height='286'\t\t\t\t\talt=\"https:\/\/files.sunoresearch.com.br\/n\/uploads\/2023\/03\/Ebook-Acoes-Desktop-1.jpg\"\n\t\t\t\t>\n\t\t\t<\/picture>\n\t\t<\/a>\n\t<\/p>\n\n\n<p>O conselho atual da brMalls foi empossado em abril, contendo membros da Aliansce \u2014 que t\u00eam conhecimento das insatisfa\u00e7\u00f5es de parte dos fundos \u2014 e da gestora Squadra.<\/p>\n<p>Mas o que causou de fato mais desconforto entre as partes do neg\u00f3cio foi a falta de informa\u00e7\u00f5es mais precisas a respeito da pol\u00edtica de remunera\u00e7\u00e3o dos executivos beneficiados, por \u00e1reas ou n\u00edveis.<\/p>\n<p>Por fim, outro ponto que levantou preocupa\u00e7\u00e3o entre alguns\u00a0<strong>acionistas minorit\u00e1rios<\/strong> \u00e9 o pagamento das comiss\u00f5es aos bancos e advogados. Isso tende a ser detalhado posteriormente, ap\u00f3s a aprova\u00e7\u00e3o das transa\u00e7\u00f5es.<\/p>\n<h2>Cota\u00e7\u00e3o da BR Malls e Aliansce Sonae<\/h2>\n<p>As a\u00e7\u00f5es do <strong>brMalls<\/strong> fecharam em alta de 1,07%, a R$ 8,54. No ano, acumula ganhos de 6,88%. As <strong>a\u00e7\u00f5es da Aliansce Sonae<\/strong> subiram 1,14%, a R$ 18,67 e acumula queda de 9,46% no ano.<\/p>\n\t<p>\n\t\t<a href=\"https:\/\/lp.suno.com.br\/planilha-de-controle-de-investimentos\/\" target=\"_blank\" data-element=\"shortcode-suno-banner\" title=\"Banner SUNO, clique e saiba mais\">\n\t\t\t<picture>\n\t\t\t\t<source media=\"(max-width: 500px)\" srcset=\"https:\/\/files.sunoresearch.com.br\/n\/uploads\/2023\/03\/400x300-Controle-de-Investimentos.png\">\n\t\t\t\t<img class=\"newsContent__article__imgCapa newsContent__article__imgCapa--banner\"\n\t\t\t\t\tsrc=\"https:\/\/files.sunoresearch.com.br\/n\/uploads\/2023\/03\/1420x240-Controle-de-Investimentos.png\"\n\t\t\t\t\tdata-promo-id=\"75934\"\t\t\t\t\t\t\t\t\t\twidth='1420' height='240'\t\t\t\t\talt=\"https:\/\/files.sunoresearch.com.br\/n\/uploads\/2023\/03\/1420x240-Controle-de-Investimentos.png\"\n\t\t\t\t>\n\t\t\t<\/picture>\n\t\t<\/a>\n\t<\/p>\n\n\n","protected":false},"excerpt":{"rendered":"<p>Os acionistas da brMalls (BRML3) aprovaram, nesta quarta-feira (8), a fus\u00e3o com a Aliansce Sonae (ALSO3). Com o neg\u00f3cio, a empresa ser\u00e1 considerada o maior conglomerado de shoppings no Brasil. brMalls (BRML3). Foto: brMalls\/Divulga\u00e7\u00e3o A brMalls realizou sua Assembleia Geral Extraordin\u00e1ria (AGE) com os acionistas para deliberar a respeito da proposta de fus\u00e3o de forma [&hellip;]<\/p>\n","protected":false},"author":146,"featured_media":265956,"comment_status":"closed","ping_status":"closed","sticky":false,"template":"","format":"standard","meta":[],"categories":[64],"tags":[38091,79856],"suno_strategy":[],"class_list":["post-265952","post","type-post","status-publish","format-standard","has-post-thumbnail","hentry","category-negocios","tag-aliansce-sonae-also3","tag-br-malls-brml3"],"yoast_head":"<!-- This site is optimized with the Yoast SEO plugin v24.4 - https:\/\/yoast.com\/wordpress\/plugins\/seo\/ -->\n<title>brMalls (BRML3): acionistas aprovam fus\u00e3o com Aliansce Sonae (ALSO3)<\/title>\n<meta name=\"description\" content=\"Os acionistas da brMalls (BRML3) aprovaram, nesta quarta-feira (8), a fus\u00e3o com a Aliansce Sonae (ALSO3). Veja os detalhes aqui!\" \/>\n<meta name=\"robots\" content=\"index, follow, max-snippet:-1, max-image-preview:large, max-video-preview:-1\" \/>\n<link rel=\"canonical\" href=\"https:\/\/www.suno.com.br\/noticias\/fusao-brmalls-brml3-aliansce-sonae-also3-aprovada\/\" \/>\n<meta property=\"og:locale\" content=\"pt_BR\" \/>\n<meta property=\"og:type\" content=\"article\" \/>\n<meta property=\"og:title\" content=\"brMalls (BRML3): acionistas aprovam fus\u00e3o com Aliansce Sonae (ALSO3)\" \/>\n<meta property=\"og:description\" content=\"Os acionistas da brMalls (BRML3) aprovaram, nesta quarta-feira (8), a fus\u00e3o com a Aliansce Sonae (ALSO3). Veja os detalhes aqui!\" \/>\n<meta property=\"og:url\" content=\"https:\/\/www.suno.com.br\/noticias\/fusao-brmalls-brml3-aliansce-sonae-also3-aprovada\/\" \/>\n<meta property=\"og:site_name\" content=\"Suno Not\u00edcias\" \/>\n<meta property=\"article:publisher\" content=\"https:\/\/facebook.com\/sunoresearch\" \/>\n<meta property=\"og:image\" content=\"https:\/\/files.sunoresearch.com.br\/n\/uploads\/2022\/06\/brmalls-2.jpg\" \/>\n\t<meta property=\"og:image:width\" content=\"1200\" \/>\n\t<meta property=\"og:image:height\" content=\"800\" \/>\n\t<meta property=\"og:image:type\" content=\"image\/jpeg\" \/>\n<meta name=\"author\" content=\"Vict\u00f3ria Anhesini\" \/>\n<meta name=\"twitter:card\" content=\"summary_large_image\" \/>\n<meta name=\"twitter:creator\" content=\"@sunoresearch\" \/>\n<meta name=\"twitter:site\" content=\"@sunoresearch\" \/>\n<meta name=\"twitter:label1\" content=\"Escrito por\" \/>\n\t<meta name=\"twitter:data1\" content=\"Vict\u00f3ria Anhesini\" \/>\n\t<meta name=\"twitter:label2\" content=\"Est. tempo de leitura\" \/>\n\t<meta name=\"twitter:data2\" content=\"4 minutos\" \/>\n<script type=\"application\/ld+json\" class=\"yoast-schema-graph\">{\"@context\":\"https:\/\/schema.org\",\"@graph\":[{\"@type\":\"NewsArticle\",\"@id\":\"https:\/\/www.suno.com.br\/noticias\/fusao-brmalls-brml3-aliansce-sonae-also3-aprovada\/#article\",\"isPartOf\":{\"@id\":\"https:\/\/www.suno.com.br\/noticias\/fusao-brmalls-brml3-aliansce-sonae-also3-aprovada\/\"},\"author\":{\"name\":\"Vict\u00f3ria Anhesini\",\"@id\":\"https:\/\/www.suno.com.br\/noticias\/#\/schema\/person\/46d847cb19ad53fde0857adca989c23f\"},\"headline\":\"Fus\u00e3o da brMalls (BRML3) e Aliansce Sonae (ALSO3) \u00e9 aprovada por acionistas\",\"datePublished\":\"2022-06-08T22:34:59+00:00\",\"mainEntityOfPage\":{\"@id\":\"https:\/\/www.suno.com.br\/noticias\/fusao-brmalls-brml3-aliansce-sonae-also3-aprovada\/\"},\"wordCount\":858,\"publisher\":{\"@id\":\"https:\/\/www.suno.com.br\/noticias\/#organization\"},\"image\":{\"@id\":\"https:\/\/www.suno.com.br\/noticias\/fusao-brmalls-brml3-aliansce-sonae-also3-aprovada\/#primaryimage\"},\"thumbnailUrl\":\"https:\/\/files.sunoresearch.com.br\/n\/uploads\/2022\/06\/brmalls-2.jpg\",\"keywords\":[\"Aliansce Sonae (ALSO3)\",\"BRMalls (BRML3)\"],\"articleSection\":[\"Neg\u00f3cios\"],\"inLanguage\":\"pt-BR\"},{\"@type\":\"WebPage\",\"@id\":\"https:\/\/www.suno.com.br\/noticias\/fusao-brmalls-brml3-aliansce-sonae-also3-aprovada\/\",\"url\":\"https:\/\/www.suno.com.br\/noticias\/fusao-brmalls-brml3-aliansce-sonae-also3-aprovada\/\",\"name\":\"brMalls (BRML3): acionistas aprovam fus\u00e3o com Aliansce Sonae (ALSO3)\",\"isPartOf\":{\"@id\":\"https:\/\/www.suno.com.br\/noticias\/#website\"},\"primaryImageOfPage\":{\"@id\":\"https:\/\/www.suno.com.br\/noticias\/fusao-brmalls-brml3-aliansce-sonae-also3-aprovada\/#primaryimage\"},\"image\":{\"@id\":\"https:\/\/www.suno.com.br\/noticias\/fusao-brmalls-brml3-aliansce-sonae-also3-aprovada\/#primaryimage\"},\"thumbnailUrl\":\"https:\/\/files.sunoresearch.com.br\/n\/uploads\/2022\/06\/brmalls-2.jpg\",\"datePublished\":\"2022-06-08T22:34:59+00:00\",\"description\":\"Os acionistas da brMalls (BRML3) aprovaram, nesta quarta-feira (8), a fus\u00e3o com a Aliansce Sonae (ALSO3). Veja os detalhes aqui!\",\"breadcrumb\":{\"@id\":\"https:\/\/www.suno.com.br\/noticias\/fusao-brmalls-brml3-aliansce-sonae-also3-aprovada\/#breadcrumb\"},\"inLanguage\":\"pt-BR\",\"potentialAction\":[{\"@type\":\"ReadAction\",\"target\":[\"https:\/\/www.suno.com.br\/noticias\/fusao-brmalls-brml3-aliansce-sonae-also3-aprovada\/\"]}]},{\"@type\":\"ImageObject\",\"inLanguage\":\"pt-BR\",\"@id\":\"https:\/\/www.suno.com.br\/noticias\/fusao-brmalls-brml3-aliansce-sonae-also3-aprovada\/#primaryimage\",\"url\":\"https:\/\/files.sunoresearch.com.br\/n\/uploads\/2022\/06\/brmalls-2.jpg\",\"contentUrl\":\"https:\/\/files.sunoresearch.com.br\/n\/uploads\/2022\/06\/brmalls-2.jpg\",\"width\":1200,\"height\":800,\"caption\":\"brMalls (BRML3). Foto: brMalls\/Divulga\u00e7\u00e3o\"},{\"@type\":\"BreadcrumbList\",\"@id\":\"https:\/\/www.suno.com.br\/noticias\/fusao-brmalls-brml3-aliansce-sonae-also3-aprovada\/#breadcrumb\",\"itemListElement\":[{\"@type\":\"ListItem\",\"position\":1,\"name\":\"Not\u00edcias\",\"item\":\"https:\/\/www.suno.com.br\/noticias\/\"},{\"@type\":\"ListItem\",\"position\":2,\"name\":\"Neg\u00f3cios\",\"item\":\"https:\/\/www.suno.com.br\/noticias\/negocios\/\"},{\"@type\":\"ListItem\",\"position\":3,\"name\":\"Fus\u00e3o da brMalls (BRML3) e Aliansce Sonae (ALSO3) \u00e9 aprovada por acionistas\"}]},{\"@type\":\"WebSite\",\"@id\":\"https:\/\/www.suno.com.br\/noticias\/#website\",\"url\":\"https:\/\/www.suno.com.br\/noticias\/\",\"name\":\"Suno Not\u00edcias\",\"description\":\"Seu portal de informa\u00e7\u00e3o sobre o mundo dos investimentos\",\"publisher\":{\"@id\":\"https:\/\/www.suno.com.br\/noticias\/#organization\"},\"potentialAction\":[{\"@type\":\"SearchAction\",\"target\":{\"@type\":\"EntryPoint\",\"urlTemplate\":\"https:\/\/www.suno.com.br\/noticias\/?s={search_term_string}\"},\"query-input\":{\"@type\":\"PropertyValueSpecification\",\"valueRequired\":true,\"valueName\":\"search_term_string\"}}],\"inLanguage\":\"pt-BR\"},{\"@type\":\"Organization\",\"@id\":\"https:\/\/www.suno.com.br\/noticias\/#organization\",\"name\":\"Suno Not\u00edcias\",\"url\":\"https:\/\/www.suno.com.br\/noticias\/\",\"logo\":{\"@type\":\"ImageObject\",\"inLanguage\":\"pt-BR\",\"@id\":\"https:\/\/www.suno.com.br\/noticias\/#\/schema\/logo\/image\/\",\"url\":\"https:\/\/files.sunoresearch.com.br\/n\/uploads\/2021\/09\/suno-logo.png\",\"contentUrl\":\"https:\/\/files.sunoresearch.com.br\/n\/uploads\/2021\/09\/suno-logo.png\",\"width\":180,\"height\":180,\"caption\":\"Suno Not\u00edcias\"},\"image\":{\"@id\":\"https:\/\/www.suno.com.br\/noticias\/#\/schema\/logo\/image\/\"},\"sameAs\":[\"https:\/\/facebook.com\/sunoresearch\",\"https:\/\/x.com\/sunoresearch\",\"https:\/\/www.instagram.com\/suno\",\"https:\/\/www.linkedin.com\/company\/suno-research\/\",\"https:\/\/www.youtube.com\/c\/sunoresearch\"]},{\"@type\":\"Person\",\"@id\":\"https:\/\/www.suno.com.br\/noticias\/#\/schema\/person\/46d847cb19ad53fde0857adca989c23f\",\"name\":\"Vict\u00f3ria Anhesini\",\"image\":{\"@type\":\"ImageObject\",\"inLanguage\":\"pt-BR\",\"@id\":\"https:\/\/www.suno.com.br\/noticias\/#\/schema\/person\/image\/\",\"url\":\"https:\/\/secure.gravatar.com\/avatar\/0172bdfcd9129dd9dd68794804304e6e?s=96&r=g\",\"contentUrl\":\"https:\/\/secure.gravatar.com\/avatar\/0172bdfcd9129dd9dd68794804304e6e?s=96&r=g\",\"caption\":\"Vict\u00f3ria Anhesini\"},\"description\":\"Rep\u00f3rter no Suno Not\u00edcias, cobre mercados, neg\u00f3cios e economia, escrevendo majoritariamente sobre movimentos das empresas, cobertura de balan\u00e7os trimestrais e Bolsa de Valores. Formada em jornalismo pela Universidade Presbiteriana Mackenzie em 2019, passou pelo portal de economia e finan\u00e7as EuQueroInvestir como rep\u00f3rter e anteriormente, trabalhou na assessoria de imprensa PinePR, onde liderou com startups de inova\u00e7\u00e3o, tecnologia e finan\u00e7as. Em seu tempo livre, fala sobre m\u00fasica para ambos os sites do selo ForMusic, Wikimetal e Mad Sound, e faz trabalho volunt\u00e1rio no programa Escreve Cartas do Poupatempo.\",\"sameAs\":[\"https:\/\/www.linkedin.com\/in\/victoria-anhesini\/\"],\"url\":\"https:\/\/www.suno.com.br\/noticias\/author\/victoria\/\"}]}<\/script>\n<!-- \/ Yoast SEO plugin. -->","yoast_head_json":{"title":"brMalls (BRML3): acionistas aprovam fus\u00e3o com Aliansce Sonae (ALSO3)","description":"Os acionistas da brMalls (BRML3) aprovaram, nesta quarta-feira (8), a fus\u00e3o com a Aliansce Sonae (ALSO3). Veja os detalhes aqui!","robots":{"index":"index","follow":"follow","max-snippet":"max-snippet:-1","max-image-preview":"max-image-preview:large","max-video-preview":"max-video-preview:-1"},"canonical":"https:\/\/www.suno.com.br\/noticias\/fusao-brmalls-brml3-aliansce-sonae-also3-aprovada\/","og_locale":"pt_BR","og_type":"article","og_title":"brMalls (BRML3): acionistas aprovam fus\u00e3o com Aliansce Sonae (ALSO3)","og_description":"Os acionistas da brMalls (BRML3) aprovaram, nesta quarta-feira (8), a fus\u00e3o com a Aliansce Sonae (ALSO3). Veja os detalhes aqui!","og_url":"https:\/\/www.suno.com.br\/noticias\/fusao-brmalls-brml3-aliansce-sonae-also3-aprovada\/","og_site_name":"Suno Not\u00edcias","article_publisher":"https:\/\/facebook.com\/sunoresearch","og_image":[{"width":1200,"height":800,"url":"https:\/\/files.sunoresearch.com.br\/n\/uploads\/2022\/06\/brmalls-2.jpg","type":"image\/jpeg"}],"author":"Vict\u00f3ria Anhesini","twitter_card":"summary_large_image","twitter_creator":"@sunoresearch","twitter_site":"@sunoresearch","twitter_misc":{"Escrito por":"Vict\u00f3ria Anhesini","Est. tempo de leitura":"4 minutos"},"schema":{"@context":"https:\/\/schema.org","@graph":[{"@type":"NewsArticle","@id":"https:\/\/www.suno.com.br\/noticias\/fusao-brmalls-brml3-aliansce-sonae-also3-aprovada\/#article","isPartOf":{"@id":"https:\/\/www.suno.com.br\/noticias\/fusao-brmalls-brml3-aliansce-sonae-also3-aprovada\/"},"author":{"name":"Vict\u00f3ria Anhesini","@id":"https:\/\/www.suno.com.br\/noticias\/#\/schema\/person\/46d847cb19ad53fde0857adca989c23f"},"headline":"Fus\u00e3o da brMalls (BRML3) e Aliansce Sonae (ALSO3) \u00e9 aprovada por acionistas","datePublished":"2022-06-08T22:34:59+00:00","mainEntityOfPage":{"@id":"https:\/\/www.suno.com.br\/noticias\/fusao-brmalls-brml3-aliansce-sonae-also3-aprovada\/"},"wordCount":858,"publisher":{"@id":"https:\/\/www.suno.com.br\/noticias\/#organization"},"image":{"@id":"https:\/\/www.suno.com.br\/noticias\/fusao-brmalls-brml3-aliansce-sonae-also3-aprovada\/#primaryimage"},"thumbnailUrl":"https:\/\/files.sunoresearch.com.br\/n\/uploads\/2022\/06\/brmalls-2.jpg","keywords":["Aliansce Sonae (ALSO3)","BRMalls (BRML3)"],"articleSection":["Neg\u00f3cios"],"inLanguage":"pt-BR"},{"@type":"WebPage","@id":"https:\/\/www.suno.com.br\/noticias\/fusao-brmalls-brml3-aliansce-sonae-also3-aprovada\/","url":"https:\/\/www.suno.com.br\/noticias\/fusao-brmalls-brml3-aliansce-sonae-also3-aprovada\/","name":"brMalls (BRML3): acionistas aprovam fus\u00e3o com Aliansce Sonae (ALSO3)","isPartOf":{"@id":"https:\/\/www.suno.com.br\/noticias\/#website"},"primaryImageOfPage":{"@id":"https:\/\/www.suno.com.br\/noticias\/fusao-brmalls-brml3-aliansce-sonae-also3-aprovada\/#primaryimage"},"image":{"@id":"https:\/\/www.suno.com.br\/noticias\/fusao-brmalls-brml3-aliansce-sonae-also3-aprovada\/#primaryimage"},"thumbnailUrl":"https:\/\/files.sunoresearch.com.br\/n\/uploads\/2022\/06\/brmalls-2.jpg","datePublished":"2022-06-08T22:34:59+00:00","description":"Os acionistas da brMalls (BRML3) aprovaram, nesta quarta-feira (8), a fus\u00e3o com a Aliansce Sonae (ALSO3). Veja os detalhes aqui!","breadcrumb":{"@id":"https:\/\/www.suno.com.br\/noticias\/fusao-brmalls-brml3-aliansce-sonae-also3-aprovada\/#breadcrumb"},"inLanguage":"pt-BR","potentialAction":[{"@type":"ReadAction","target":["https:\/\/www.suno.com.br\/noticias\/fusao-brmalls-brml3-aliansce-sonae-also3-aprovada\/"]}]},{"@type":"ImageObject","inLanguage":"pt-BR","@id":"https:\/\/www.suno.com.br\/noticias\/fusao-brmalls-brml3-aliansce-sonae-also3-aprovada\/#primaryimage","url":"https:\/\/files.sunoresearch.com.br\/n\/uploads\/2022\/06\/brmalls-2.jpg","contentUrl":"https:\/\/files.sunoresearch.com.br\/n\/uploads\/2022\/06\/brmalls-2.jpg","width":1200,"height":800,"caption":"brMalls (BRML3). Foto: brMalls\/Divulga\u00e7\u00e3o"},{"@type":"BreadcrumbList","@id":"https:\/\/www.suno.com.br\/noticias\/fusao-brmalls-brml3-aliansce-sonae-also3-aprovada\/#breadcrumb","itemListElement":[{"@type":"ListItem","position":1,"name":"Not\u00edcias","item":"https:\/\/www.suno.com.br\/noticias\/"},{"@type":"ListItem","position":2,"name":"Neg\u00f3cios","item":"https:\/\/www.suno.com.br\/noticias\/negocios\/"},{"@type":"ListItem","position":3,"name":"Fus\u00e3o da brMalls (BRML3) e Aliansce Sonae (ALSO3) \u00e9 aprovada por acionistas"}]},{"@type":"WebSite","@id":"https:\/\/www.suno.com.br\/noticias\/#website","url":"https:\/\/www.suno.com.br\/noticias\/","name":"Suno Not\u00edcias","description":"Seu portal de informa\u00e7\u00e3o sobre o mundo dos investimentos","publisher":{"@id":"https:\/\/www.suno.com.br\/noticias\/#organization"},"potentialAction":[{"@type":"SearchAction","target":{"@type":"EntryPoint","urlTemplate":"https:\/\/www.suno.com.br\/noticias\/?s={search_term_string}"},"query-input":{"@type":"PropertyValueSpecification","valueRequired":true,"valueName":"search_term_string"}}],"inLanguage":"pt-BR"},{"@type":"Organization","@id":"https:\/\/www.suno.com.br\/noticias\/#organization","name":"Suno Not\u00edcias","url":"https:\/\/www.suno.com.br\/noticias\/","logo":{"@type":"ImageObject","inLanguage":"pt-BR","@id":"https:\/\/www.suno.com.br\/noticias\/#\/schema\/logo\/image\/","url":"https:\/\/files.sunoresearch.com.br\/n\/uploads\/2021\/09\/suno-logo.png","contentUrl":"https:\/\/files.sunoresearch.com.br\/n\/uploads\/2021\/09\/suno-logo.png","width":180,"height":180,"caption":"Suno Not\u00edcias"},"image":{"@id":"https:\/\/www.suno.com.br\/noticias\/#\/schema\/logo\/image\/"},"sameAs":["https:\/\/facebook.com\/sunoresearch","https:\/\/x.com\/sunoresearch","https:\/\/www.instagram.com\/suno","https:\/\/www.linkedin.com\/company\/suno-research\/","https:\/\/www.youtube.com\/c\/sunoresearch"]},{"@type":"Person","@id":"https:\/\/www.suno.com.br\/noticias\/#\/schema\/person\/46d847cb19ad53fde0857adca989c23f","name":"Vict\u00f3ria Anhesini","image":{"@type":"ImageObject","inLanguage":"pt-BR","@id":"https:\/\/www.suno.com.br\/noticias\/#\/schema\/person\/image\/","url":"https:\/\/secure.gravatar.com\/avatar\/0172bdfcd9129dd9dd68794804304e6e?s=96&r=g","contentUrl":"https:\/\/secure.gravatar.com\/avatar\/0172bdfcd9129dd9dd68794804304e6e?s=96&r=g","caption":"Vict\u00f3ria Anhesini"},"description":"Rep\u00f3rter no Suno Not\u00edcias, cobre mercados, neg\u00f3cios e economia, escrevendo majoritariamente sobre movimentos das empresas, cobertura de balan\u00e7os trimestrais e Bolsa de Valores. Formada em jornalismo pela Universidade Presbiteriana Mackenzie em 2019, passou pelo portal de economia e finan\u00e7as EuQueroInvestir como rep\u00f3rter e anteriormente, trabalhou na assessoria de imprensa PinePR, onde liderou com startups de inova\u00e7\u00e3o, tecnologia e finan\u00e7as. Em seu tempo livre, fala sobre m\u00fasica para ambos os sites do selo ForMusic, Wikimetal e Mad Sound, e faz trabalho volunt\u00e1rio no programa Escreve Cartas do Poupatempo.","sameAs":["https:\/\/www.linkedin.com\/in\/victoria-anhesini\/"],"url":"https:\/\/www.suno.com.br\/noticias\/author\/victoria\/"}]}},"default_loop_html":"<div class=\"cardsPage__listCard__boxs\"><div class=\"cardsPage__listCard__boxs__img\"><a href=\"https:\/\/www.suno.com.br\/noticias\/fusao-brmalls-brml3-aliansce-sonae-also3-aprovada\/\"><img class=\"mask\" src=\"https:\/\/www.suno.com.br\/noticias\/wp-content\/themes\/suno\/resources\/images\/spotlight\/spotlight1img\/bg-mask.png\" alt=\"Image Mask\"\/><img src=\"https:\/\/files.sunoresearch.com.br\/n\/uploads\/2022\/06\/brmalls-2-400x200.jpg\" alt=\"Fus\u00e3o da brMalls (BRML3) e Aliansce Sonae (ALSO3) \u00e9 aprovada por acionistas\"\/><\/a><span class=\"spotlightCategory\"><a href=\"https:\/\/www.suno.com.br\/noticias\/negocios\/\">Neg\u00f3cios<\/a><\/span><\/div><div class=\"cardsPage__listCard__boxs__content\"><a href=\"https:\/\/www.suno.com.br\/noticias\/fusao-brmalls-brml3-aliansce-sonae-also3-aprovada\/\"><h2 class=\"content__title\">Fus\u00e3o da brMalls (BRML3) e Aliansce Sonae (ALSO3) \u00e9 aprovada por acionistas<\/h2><\/a><div class=\"newsContent__article__meta\"><div class=\"newsContent__article__meta__authorBox\"><a href=\"https:\/\/www.suno.com.br\/noticias\/author\/victoria\/\" class=\"authorBox__avatar noMobi\"><img src=\"https:\/\/files.sunoresearch.com.br\/n\/uploads\/2021\/12\/20190129VickyPINEAPPLE01-1-150x150.jpg\" alt=\"Vict\u00f3ria Anhesini\"><\/a><div class=\"authorBox__name\"><span>por\n\t\t\t<a href=\"https:\/\/www.suno.com.br\/noticias\/author\/victoria\/\"><span itemprop=\"author\">Vict\u00f3ria Anhesini<\/span><\/a><\/span><time datetime=\"2022-06-08T19:34:59-03:00\" itemprop=\"datePublished\">08\/06\/2022 19:34<\/time><\/div><\/div><\/div><\/div><\/div>","single_layout":"posts","amp_enabled":true,"_links":{"self":[{"href":"https:\/\/www.suno.com.br\/noticias\/wp-json\/wp\/v2\/posts\/265952"}],"collection":[{"href":"https:\/\/www.suno.com.br\/noticias\/wp-json\/wp\/v2\/posts"}],"about":[{"href":"https:\/\/www.suno.com.br\/noticias\/wp-json\/wp\/v2\/types\/post"}],"author":[{"embeddable":true,"href":"https:\/\/www.suno.com.br\/noticias\/wp-json\/wp\/v2\/users\/146"}],"replies":[{"embeddable":true,"href":"https:\/\/www.suno.com.br\/noticias\/wp-json\/wp\/v2\/comments?post=265952"}],"version-history":[{"count":3,"href":"https:\/\/www.suno.com.br\/noticias\/wp-json\/wp\/v2\/posts\/265952\/revisions"}],"predecessor-version":[{"id":265979,"href":"https:\/\/www.suno.com.br\/noticias\/wp-json\/wp\/v2\/posts\/265952\/revisions\/265979"}],"wp:featuredmedia":[{"embeddable":true,"href":"https:\/\/www.suno.com.br\/noticias\/wp-json\/wp\/v2\/media\/265956"}],"wp:attachment":[{"href":"https:\/\/www.suno.com.br\/noticias\/wp-json\/wp\/v2\/media?parent=265952"}],"wp:term":[{"taxonomy":"category","embeddable":true,"href":"https:\/\/www.suno.com.br\/noticias\/wp-json\/wp\/v2\/categories?post=265952"},{"taxonomy":"post_tag","embeddable":true,"href":"https:\/\/www.suno.com.br\/noticias\/wp-json\/wp\/v2\/tags?post=265952"},{"taxonomy":"suno_strategy","embeddable":true,"href":"https:\/\/www.suno.com.br\/noticias\/wp-json\/wp\/v2\/suno_strategy?post=265952"}],"curies":[{"name":"wp","href":"https:\/\/api.w.org\/{rel}","templated":true}]}}