{"id":265910,"date":"2022-06-08T17:49:38","date_gmt":"2022-06-08T20:49:38","guid":{"rendered":"https:\/\/www.suno.com.br\/noticias\/?p=265910"},"modified":"2022-06-08T17:59:21","modified_gmt":"2022-06-08T20:59:21","slug":"stj-planos-procedimentos-lista-ans-rol-taxativo","status":"publish","type":"post","link":"https:\/\/www.suno.com.br\/noticias\/stj-planos-procedimentos-lista-ans-rol-taxativo\/","title":{"rendered":"Rol da ANS: STJ decide que planos n\u00e3o precisam cobrir tratamentos fora da lista da ag\u00eancia"},"content":{"rendered":"<p>O Superior Tribunal de Justi\u00e7a (STJ) decidiu nesta quarta-feira, 8, restringir os procedimentos oferecidos pelas operadoras de planos de sa\u00fade no Pa\u00eds. Seis dos nove ministros integrantes do colegiado votaram a favor da fixa\u00e7\u00e3o do <strong>rol taxativo<\/strong>, que desobriga as empresas a cobrir pedidos m\u00e9dicos de pacientes que n\u00e3o estejam previstos na lista da Ag\u00eancia Nacional de Sa\u00fade Suplementar (<strong>ANS<\/strong>).<\/p>\t<div class=\"wrapper-featured-image\">\n\t\t<figure class=\"spotlightImg\">\n\n\t\t\t<picture>\n\t\t\t\t<source media=\"(max-width: 768px)\" srcset=\"https:\/\/files.sunoresearch.com.br\/n\/uploads\/2022\/05\/ANS-400x200.jpg\">\n\t\t\t\t<img loading=\"lazy\" decoding=\"async\" class=\"newsContent__article__imgCapa lazyloadDisabled \" src=\"https:\/\/files.sunoresearch.com.br\/n\/uploads\/2022\/05\/ANS-800x450.jpg\" width=\"800\" height=\"450\" alt=\"Rol da ANS: STJ decide que planos n\u00e3o precisam cobrir tratamentos fora da lista da ag\u00eancia\" fetchpriority=high \/>\n\t\t\t<\/picture>\n\n\t\t\t<figcaption class=\"wp-caption-text wp-caption-text--show\">ANS: argumento para o reajuste \u00e9 de que houve aumento das despesas das operadoras, com procedimentos eletivos, por exemplo, em 2021. Foto: Ag\u00eancia Brasil<\/figcaption>\n\t\t<\/figure>\n\t<\/div>\n\n\n\t<p>\n\t\t<a href=\"\" target=\"_blank\" data-element=\"shortcode-suno-banner\" title=\"Banner SUNO, clique e saiba mais\">\n\t\t\t<picture>\n\t\t\t\t<source media=\"(max-width: 500px)\" srcset=\"\">\n\t\t\t\t<img class=\"newsContent__article__imgCapa newsContent__article__imgCapa--banner\"\n\t\t\t\t\tsrc=\"\"\n\t\t\t\t\tdata-promo-id=\"240038\"\t\t\t\t\t\t\t\t\t\t\t\t\t\t\talt=\"\"\n\t\t\t\t>\n\t\t\t<\/picture>\n\t\t<\/a>\n\t<\/p>\n\n\n<p>A vota\u00e7\u00e3o ocorreu sob protestos em frente \u00e0 sede do STJ. Ativistas e artistas como Marcos Mion, Dira Paes, Bruno Gagliasso, Titi Muller, Paulo Vieira e Juliette mobilizaram a <strong>hashtag &#8220;Rol Taxativo<\/strong> Mata&#8221; nas redes sociais, que chegou a se tornar o 11\u00ba assuntos mais comentado na tarde desta quarta no Twitter.<\/p>\n<p>Os protestos, por\u00e9m, n\u00e3o surtiram efeito dentro da Corte.<\/p>\n<p>O julgamento foi retomado com o placar empatado em 1 a 1. Em fevereiro, o ministro Villas B\u00f4as Cueva apresentou um pedido de suspens\u00e3o do <strong>julgamento da ANS<\/strong>. Ele foi o primeiro a votar na tarde desta quarta.<\/p>\n\t<div data-element=\"shortcode-read-more\" class=\"knowMore\">\n\t\t\t\t<span class=\"knowMore__title\">Leia mais<\/span>\n\t\t\t\t<a class=\"knowMore__link\" href=\"https:\/\/www.suno.com.br\/noticias\/rol-da-ans-stj-julgamento-obrigacoes-planos-saude\/\">\n\t\t\tRol taxativo da ANS: STJ julga hoje obriga\u00e7\u00f5es dos planos de sa\u00fade\t\t<\/a>\n\t<\/div>\n\n\n<h2><b>STJ: <strong>rol da ANS<\/strong> \u00e9, em regra, taxativo<\/b><\/h2>\n<p>Embora tenha seguido o voto do relator do caso, Luis Felipe Salom\u00e3o, na defesa do rol taxativo, Cueva estabeleceu quatro requisitos para garantir a seguran\u00e7a jur\u00eddica dessa regra e dissipar as tens\u00f5es entre operadoras e pacientes.<\/p>\n\t<p>\n\t\t<a href=\"https:\/\/lp.suno.com.br\/ebook-como-analisar-uma-acao\/\" target=\"_blank\" data-element=\"shortcode-suno-banner\" title=\"Banner SUNO, clique e saiba mais\">\n\t\t\t<picture>\n\t\t\t\t<source media=\"(max-width: 500px)\" srcset=\"https:\/\/files.sunoresearch.com.br\/n\/uploads\/2023\/03\/Ebook-Acoes-Mobile-1.jpg\">\n\t\t\t\t<img class=\"newsContent__article__imgCapa newsContent__article__imgCapa--banner\"\n\t\t\t\t\tsrc=\"https:\/\/files.sunoresearch.com.br\/n\/uploads\/2023\/03\/Ebook-Acoes-Desktop-1.jpg\"\n\t\t\t\t\tdata-promo-id=\"171998\"\t\t\t\t\t\t\t\t\t\twidth='1420' height='286'\t\t\t\t\talt=\"https:\/\/files.sunoresearch.com.br\/n\/uploads\/2023\/03\/Ebook-Acoes-Desktop-1.jpg\"\n\t\t\t\t>\n\t\t\t<\/picture>\n\t\t<\/a>\n\t<\/p>\n\n\n<p>S\u00e3o eles:<\/p>\n<p><b>1.<\/b> O <strong>rol da ANS<\/strong> \u00e9, em regra, taxativo;<\/p>\n<p><b>2.<\/b> A <strong>operadora de plano<\/strong> ou <strong>seguro de sa\u00fade<\/strong> n\u00e3o \u00e9 obrigada a arcar com pedido de tratamento n\u00e3o constante no rol, caso exista procedimento efetivo, eficaz e seguro capaz de garantir a cura do paciente e j\u00e1 esteja incorporado no rol;<\/p>\n<p><b>3.<\/b> \u00c9 poss\u00edvel a contrata\u00e7\u00e3o de cobertura ampliada, ou a negocia\u00e7\u00e3o de aditivo contratual de procedimento que n\u00e3o esteja inclu\u00eddo no rol;<\/p>\n<p><b>4.<\/b> N\u00e3o havendo substituto terap\u00eautico ou esgotados os procedimentos do rol, pode haver a t\u00edtulo excepcional a cobertura do tratamento indicado pelo m\u00e9dico ou odont\u00f3logo assistentes desde que: n\u00e3o tenha sido indeferido pela ANS a incorpora\u00e7\u00e3o do procedimento ao rol; haja a comprova\u00e7\u00e3o da efic\u00e1cia do tratamento a luz da medicina baseada em evid\u00eancias; haja recomenda\u00e7\u00f5es de \u00f3rg\u00e3os t\u00e9cnicos de renome nacional e estrangeiro, como Conitec e Natjus; seja realizado quando poss\u00edvel o di\u00e1logo interinstitucional dos magistrado com experts na \u00e1rea da sa\u00fade, sem deslocamento da compet\u00eancia do julgamento do feito para a justi\u00e7a federal.<\/p>\n<p>&#8220;O rol taxativo permite previsibilidade essencial para a elabora\u00e7\u00e3o de c\u00e1lculos atuariais embasadores das mensalidades pagas pelos benefici\u00e1rios, aptas a manter a m\u00e9dio e <a class=\"suno-keyword\" href=\"https:\/\/www.suno.com.br\/artigos\/longo-prazo\/\" target=\"_blank\" rel=\"noopener\" data-force=\"no\" data-priority=\"1\">longo prazo<\/a> os planos de sa\u00fade sustent\u00e1veis&#8221;, argumentou o ministro. &#8220;A alta exagerada de pre\u00e7os e contribui\u00e7\u00f5es provocar\u00e1 barreiras \u00e0 manuten\u00e7\u00e3o contratual, transferindo a coletividade de usu\u00e1rios da sa\u00fade p\u00fablica a pressionar ainda mais o SUS&#8221;, completou.<\/p>\n<p>As propostas de Cueva foram incorporadas ao voto de Salom\u00e3o, que foi seguido integralmente pelos ministros Raul Ara\u00fajo, Maria Isabel Gallotti, Marco Buzzi e Marco Belizze. A diverg\u00eancia foi aberta ainda na primeira sess\u00e3o de julgamento, em fevereiro, pela ministra Nancy Andrighi, que fez um complemento ao seu voto na sess\u00e3o desta quarta. Ela argumentou que &#8220;a natureza exemplificativa do rol de procedimentos e eventos em sa\u00fade n\u00e3o leva \u00e0 obrigatoriedade de cobertura de todo e qualquer tratamento prescrito&#8221;. Apenas os ministros Moura Ribeiro e Sanseverino a acompanharam.<\/p>\n\t<p>\n\t\t<a href=\"https:\/\/lp.suno.com.br\/planilha-controle-gastos\/\" target=\"_blank\" data-element=\"shortcode-suno-banner\" title=\"Banner SUNO, clique e saiba mais\">\n\t\t\t<picture>\n\t\t\t\t<source media=\"(max-width: 500px)\" srcset=\"https:\/\/files.sunoresearch.com.br\/n\/uploads\/2023\/03\/400x300-Planilha-controle-de-gastos.png\">\n\t\t\t\t<img class=\"newsContent__article__imgCapa newsContent__article__imgCapa--banner\"\n\t\t\t\t\tsrc=\"https:\/\/files.sunoresearch.com.br\/n\/uploads\/2023\/03\/1420x240-Planilha-controle-de-gastos.png\"\n\t\t\t\t\tdata-promo-id=\"101751\"\t\t\t\t\t\t\t\t\t\twidth='1420' height='240'\t\t\t\t\talt=\"https:\/\/files.sunoresearch.com.br\/n\/uploads\/2023\/03\/1420x240-Planilha-controle-de-gastos.png\"\n\t\t\t\t>\n\t\t\t<\/picture>\n\t\t<\/a>\n\t<\/p>\n\n\n<p>&#8220;Saliento que, no meu entendimento, a quest\u00e3o relativa \u00e0 natureza do rol de procedimentos e eventos em sa\u00fade da ANS n\u00e3o deve ser analisada sob o prisma do tratamento prescrito para essa ou aquela doen\u00e7a, sob pena de permitirmos o cometimento de mais injusti\u00e7as, como aquelas que sofreram at\u00e9 recentemente os benefici\u00e1rios de transtorno de espectro autista, que tiveram a respectiva cobertura negada pelas operadoras, sob o fundamento de aus\u00eancia de previs\u00e3o naquele rol&#8221;, afirmou a ministra Nancy Andrighi.<\/p>\n<p>&#8220;Soa pois incoerente falar em taxatividade de um rol que \u00e9 periodicamente alterado para inclus\u00e3o e exclus\u00e3o de tecnologia em sa\u00fade&#8221;, completou.<\/p>\n<p>O caso concreto <strong>analisado pelo STJ<\/strong> tratava de um recurso especial apresentado pela fam\u00edlia de um paciente com esquizofrenia paranoide contra a empresa Unimed, que negou o acesso a um procedimento cerebral n\u00e3o previsto no rol da ANS para o plano que ele havia contratado. Ao votar, o ministro Marco Buzzi argumentou que a discuss\u00e3o do caso pelo Judici\u00e1rio foi necess\u00e1ria porque, mais uma vez, os Poderes Executivo e Legislativo se omitiram da responsabilidade prim\u00e1ria.<\/p>\n<p>Em nota, a Unimed afirmou que &#8220;a taxatividade do rol assegura a qualidade e a seguran\u00e7a assistencial, uma vez que procedimentos e medicamentos a serem inclu\u00eddos na cobertura devem passar pela avalia\u00e7\u00e3o de tecnologias em sa\u00fade (ATS)&#8221;.<\/p>\n<p>Alvo da disputa, a ANS diz que taxatividade do rol de procedimentos \u00e9 prevista em lei, que confere \u00e0 associa\u00e7\u00e3o a prerrogativa &#8220;de estabelecer as coberturas obrigat\u00f3rias a serem ofertadas pelos planos de sa\u00fade, sem preju\u00edzo das coberturas adicionais contratadas pelos pr\u00f3prios consumidores, com o pagamento da contrapartida correspondente&#8221;.<\/p>\n\t<p>\n\t\t<a href=\"https:\/\/lp.suno.com.br\/planilha-da-vida-financeira\/\" target=\"_blank\" data-element=\"shortcode-suno-banner\" title=\"Banner SUNO, clique e saiba mais\">\n\t\t\t<picture>\n\t\t\t\t<source media=\"(max-width: 500px)\" srcset=\"https:\/\/files.sunoresearch.com.br\/n\/uploads\/2023\/04\/400x300-Planilha-vida-financeira-true.png\">\n\t\t\t\t<img class=\"newsContent__article__imgCapa newsContent__article__imgCapa--banner\"\n\t\t\t\t\tsrc=\"https:\/\/files.sunoresearch.com.br\/n\/uploads\/2023\/04\/1420x240-Planilha-vida-financeira-true.png\"\n\t\t\t\t\tdata-promo-id=\"106682\"\t\t\t\t\t\t\t\t\t\twidth='1420' height='240'\t\t\t\t\talt=\"https:\/\/files.sunoresearch.com.br\/n\/uploads\/2023\/04\/1420x240-Planilha-vida-financeira-true.png\"\n\t\t\t\t>\n\t\t\t<\/picture>\n\t\t<\/a>\n\t<\/p>\n\n\n<p>&#8220;Sem a clareza do que deve ser necessariamente coberto, isto \u00e9, daquilo que esteja em contrato ou no <strong>rol definido pela ANS<\/strong>, fica imposs\u00edvel estimar os riscos que ser\u00e3o cobertos e, logo, definir o pre\u00e7o dos produtos&#8221;, explicou.<\/p>\n<p>Os argumentos da ANS foram utilizados pelas operadoras de planos de sa\u00fade. As empresas apontava a necessidade de o STJ garantir seguran\u00e7a jur\u00eddica e previsibilidade dos pre\u00e7os, impedindo que fossem surpreendidas por demandas n\u00e3o previstas em contrato. Na outra ponta, os consumidores defendiam o rol exemplificativo como forma de assegura que os tratamentos n\u00e3o ser\u00e3o interrompidos por falta de cobertura.<\/p>\n<p>Em v\u00eddeo publicado no Twitter, a ativista Andr\u00e9a Werner afirmou que as associa\u00e7\u00f5es defensores dos consumidores e de pacientes v\u00e3o recorrer ao Supremo Tribunal Federal (STF) para reverter a decis\u00e3o.<\/p>\n<p>Ela \u00e9 fundadora do Instituto Lagarta Vira Pupa, que defende os direitos de pessoas deficientes, e comentou casos de pacientes oncol\u00f3gicos que perderiam a cobertura de imunoterapia. &#8220;Quando a gente fala que <strong>rol taxativo da ANS<\/strong> mata n\u00e3o \u00e9 uma palavrinha m\u00e1gica para gerar engajamento, \u00e9 porque mata mesmo. Vai gente morrer at\u00e9 isso ir para o STF&#8221;, afirmou.<\/p>\n<p class=\"newsProviderSignature\">Com informa\u00e7\u00f5es do Estad\u00e3o Conte\u00fado<\/p>\n\t<p>\n\t\t<a href=\"https:\/\/lp.suno.com.br\/planilha-de-controle-de-investimentos\/\" target=\"_blank\" data-element=\"shortcode-suno-banner\" title=\"Banner SUNO, clique e saiba mais\">\n\t\t\t<picture>\n\t\t\t\t<source media=\"(max-width: 500px)\" srcset=\"https:\/\/files.sunoresearch.com.br\/n\/uploads\/2023\/03\/400x300-Controle-de-Investimentos.png\">\n\t\t\t\t<img class=\"newsContent__article__imgCapa newsContent__article__imgCapa--banner\"\n\t\t\t\t\tsrc=\"https:\/\/files.sunoresearch.com.br\/n\/uploads\/2023\/03\/1420x240-Controle-de-Investimentos.png\"\n\t\t\t\t\tdata-promo-id=\"75934\"\t\t\t\t\t\t\t\t\t\twidth='1420' height='240'\t\t\t\t\talt=\"https:\/\/files.sunoresearch.com.br\/n\/uploads\/2023\/03\/1420x240-Controle-de-Investimentos.png\"\n\t\t\t\t>\n\t\t\t<\/picture>\n\t\t<\/a>\n\t<\/p>\n\n\n","protected":false},"excerpt":{"rendered":"<p>O Superior Tribunal de Justi\u00e7a (STJ) decidiu nesta quarta-feira, 8, restringir os procedimentos oferecidos pelas operadoras de planos de sa\u00fade no Pa\u00eds. Seis dos nove ministros integrantes do colegiado votaram a favor da fixa\u00e7\u00e3o do rol taxativo, que desobriga as empresas a cobrir pedidos m\u00e9dicos de pacientes que n\u00e3o estejam previstos na lista da Ag\u00eancia [&hellip;]<\/p>\n","protected":false},"author":43,"featured_media":261780,"comment_status":"closed","ping_status":"closed","sticky":false,"template":"","format":"standard","meta":[],"categories":[62],"tags":[],"suno_strategy":[],"class_list":["post-265910","post","type-post","status-publish","format-standard","has-post-thumbnail","hentry","category-economia"],"yoast_head":"<!-- This site is optimized with the Yoast SEO plugin v24.4 - https:\/\/yoast.com\/wordpress\/plugins\/seo\/ -->\n<title>STJ: planos n\u00e3o precisam cobrir procedimentos fora da lista da ANS<\/title>\n<meta name=\"description\" content=\"STJ decidiu restringir os procedimentos oferecidos pelas operadoras de planos de sa\u00fade que n\u00e3o estejam previstos na lista da ANS.\" \/>\n<meta name=\"robots\" content=\"index, follow, max-snippet:-1, max-image-preview:large, max-video-preview:-1\" \/>\n<link rel=\"canonical\" href=\"https:\/\/www.suno.com.br\/noticias\/stj-planos-procedimentos-lista-ans-rol-taxativo\/\" \/>\n<meta property=\"og:locale\" content=\"pt_BR\" \/>\n<meta property=\"og:type\" content=\"article\" \/>\n<meta property=\"og:title\" content=\"STJ: planos n\u00e3o precisam cobrir procedimentos fora da lista da ANS\" \/>\n<meta property=\"og:description\" content=\"STJ decidiu restringir os procedimentos oferecidos pelas operadoras de planos de sa\u00fade que n\u00e3o estejam previstos na lista da ANS.\" \/>\n<meta property=\"og:url\" content=\"https:\/\/www.suno.com.br\/noticias\/stj-planos-procedimentos-lista-ans-rol-taxativo\/\" \/>\n<meta property=\"og:site_name\" content=\"Suno Not\u00edcias\" \/>\n<meta property=\"article:publisher\" content=\"https:\/\/facebook.com\/sunoresearch\" \/>\n<meta property=\"article:author\" content=\"https:\/\/www.facebook.com\/sunonoticias\/\" \/>\n<meta property=\"og:image\" content=\"https:\/\/files.sunoresearch.com.br\/n\/uploads\/2022\/05\/ANS.jpg\" \/>\n\t<meta property=\"og:image:width\" content=\"1350\" \/>\n\t<meta property=\"og:image:height\" content=\"808\" \/>\n\t<meta property=\"og:image:type\" content=\"image\/jpeg\" \/>\n<meta name=\"author\" content=\"Reda\u00e7\u00e3o Suno Not\u00edcias\" \/>\n<meta name=\"twitter:card\" content=\"summary_large_image\" \/>\n<meta name=\"twitter:creator\" content=\"@https:\/\/twitter.com\/sunoresearch\" \/>\n<meta name=\"twitter:site\" content=\"@sunoresearch\" \/>\n<meta name=\"twitter:label1\" content=\"Escrito por\" \/>\n\t<meta name=\"twitter:data1\" content=\"Reda\u00e7\u00e3o Suno Not\u00edcias\" \/>\n\t<meta name=\"twitter:label2\" content=\"Est. tempo de leitura\" \/>\n\t<meta name=\"twitter:data2\" content=\"5 minutos\" \/>\n<script type=\"application\/ld+json\" class=\"yoast-schema-graph\">{\"@context\":\"https:\/\/schema.org\",\"@graph\":[{\"@type\":\"NewsArticle\",\"@id\":\"https:\/\/www.suno.com.br\/noticias\/stj-planos-procedimentos-lista-ans-rol-taxativo\/#article\",\"isPartOf\":{\"@id\":\"https:\/\/www.suno.com.br\/noticias\/stj-planos-procedimentos-lista-ans-rol-taxativo\/\"},\"author\":{\"name\":\"Reda\u00e7\u00e3o Suno Not\u00edcias\",\"@id\":\"https:\/\/www.suno.com.br\/noticias\/#\/schema\/person\/c1b1bd3727fa852bd045e9dbff3673ea\"},\"headline\":\"Rol da ANS: STJ decide que planos n\u00e3o precisam cobrir tratamentos fora da lista da ag\u00eancia\",\"datePublished\":\"2022-06-08T20:49:38+00:00\",\"dateModified\":\"2022-06-08T20:59:21+00:00\",\"mainEntityOfPage\":{\"@id\":\"https:\/\/www.suno.com.br\/noticias\/stj-planos-procedimentos-lista-ans-rol-taxativo\/\"},\"wordCount\":1103,\"publisher\":{\"@id\":\"https:\/\/www.suno.com.br\/noticias\/#organization\"},\"image\":{\"@id\":\"https:\/\/www.suno.com.br\/noticias\/stj-planos-procedimentos-lista-ans-rol-taxativo\/#primaryimage\"},\"thumbnailUrl\":\"https:\/\/files.sunoresearch.com.br\/n\/uploads\/2022\/05\/ANS.jpg\",\"articleSection\":[\"Economia\"],\"inLanguage\":\"pt-BR\"},{\"@type\":\"WebPage\",\"@id\":\"https:\/\/www.suno.com.br\/noticias\/stj-planos-procedimentos-lista-ans-rol-taxativo\/\",\"url\":\"https:\/\/www.suno.com.br\/noticias\/stj-planos-procedimentos-lista-ans-rol-taxativo\/\",\"name\":\"STJ: planos n\u00e3o precisam cobrir procedimentos fora da lista da ANS\",\"isPartOf\":{\"@id\":\"https:\/\/www.suno.com.br\/noticias\/#website\"},\"primaryImageOfPage\":{\"@id\":\"https:\/\/www.suno.com.br\/noticias\/stj-planos-procedimentos-lista-ans-rol-taxativo\/#primaryimage\"},\"image\":{\"@id\":\"https:\/\/www.suno.com.br\/noticias\/stj-planos-procedimentos-lista-ans-rol-taxativo\/#primaryimage\"},\"thumbnailUrl\":\"https:\/\/files.sunoresearch.com.br\/n\/uploads\/2022\/05\/ANS.jpg\",\"datePublished\":\"2022-06-08T20:49:38+00:00\",\"dateModified\":\"2022-06-08T20:59:21+00:00\",\"description\":\"STJ decidiu restringir os procedimentos oferecidos pelas operadoras de planos de sa\u00fade que n\u00e3o estejam previstos na lista da ANS.\",\"breadcrumb\":{\"@id\":\"https:\/\/www.suno.com.br\/noticias\/stj-planos-procedimentos-lista-ans-rol-taxativo\/#breadcrumb\"},\"inLanguage\":\"pt-BR\",\"potentialAction\":[{\"@type\":\"ReadAction\",\"target\":[\"https:\/\/www.suno.com.br\/noticias\/stj-planos-procedimentos-lista-ans-rol-taxativo\/\"]}]},{\"@type\":\"ImageObject\",\"inLanguage\":\"pt-BR\",\"@id\":\"https:\/\/www.suno.com.br\/noticias\/stj-planos-procedimentos-lista-ans-rol-taxativo\/#primaryimage\",\"url\":\"https:\/\/files.sunoresearch.com.br\/n\/uploads\/2022\/05\/ANS.jpg\",\"contentUrl\":\"https:\/\/files.sunoresearch.com.br\/n\/uploads\/2022\/05\/ANS.jpg\",\"width\":1350,\"height\":808,\"caption\":\"ANS: argumento para o reajuste \u00e9 de que houve aumento das despesas das operadoras, com procedimentos eletivos, por exemplo, em 2021. Foto: Ag\u00eancia Brasil\"},{\"@type\":\"BreadcrumbList\",\"@id\":\"https:\/\/www.suno.com.br\/noticias\/stj-planos-procedimentos-lista-ans-rol-taxativo\/#breadcrumb\",\"itemListElement\":[{\"@type\":\"ListItem\",\"position\":1,\"name\":\"Not\u00edcias\",\"item\":\"https:\/\/www.suno.com.br\/noticias\/\"},{\"@type\":\"ListItem\",\"position\":2,\"name\":\"Economia\",\"item\":\"https:\/\/www.suno.com.br\/noticias\/economia\/\"},{\"@type\":\"ListItem\",\"position\":3,\"name\":\"Rol da ANS: STJ decide que planos n\u00e3o precisam cobrir tratamentos fora da lista da ag\u00eancia\"}]},{\"@type\":\"WebSite\",\"@id\":\"https:\/\/www.suno.com.br\/noticias\/#website\",\"url\":\"https:\/\/www.suno.com.br\/noticias\/\",\"name\":\"Suno Not\u00edcias\",\"description\":\"Seu portal de informa\u00e7\u00e3o sobre o mundo dos investimentos\",\"publisher\":{\"@id\":\"https:\/\/www.suno.com.br\/noticias\/#organization\"},\"potentialAction\":[{\"@type\":\"SearchAction\",\"target\":{\"@type\":\"EntryPoint\",\"urlTemplate\":\"https:\/\/www.suno.com.br\/noticias\/?s={search_term_string}\"},\"query-input\":{\"@type\":\"PropertyValueSpecification\",\"valueRequired\":true,\"valueName\":\"search_term_string\"}}],\"inLanguage\":\"pt-BR\"},{\"@type\":\"Organization\",\"@id\":\"https:\/\/www.suno.com.br\/noticias\/#organization\",\"name\":\"Suno Not\u00edcias\",\"url\":\"https:\/\/www.suno.com.br\/noticias\/\",\"logo\":{\"@type\":\"ImageObject\",\"inLanguage\":\"pt-BR\",\"@id\":\"https:\/\/www.suno.com.br\/noticias\/#\/schema\/logo\/image\/\",\"url\":\"https:\/\/files.sunoresearch.com.br\/n\/uploads\/2021\/09\/suno-logo.png\",\"contentUrl\":\"https:\/\/files.sunoresearch.com.br\/n\/uploads\/2021\/09\/suno-logo.png\",\"width\":180,\"height\":180,\"caption\":\"Suno Not\u00edcias\"},\"image\":{\"@id\":\"https:\/\/www.suno.com.br\/noticias\/#\/schema\/logo\/image\/\"},\"sameAs\":[\"https:\/\/facebook.com\/sunoresearch\",\"https:\/\/x.com\/sunoresearch\",\"https:\/\/www.instagram.com\/suno\",\"https:\/\/www.linkedin.com\/company\/suno-research\/\",\"https:\/\/www.youtube.com\/c\/sunoresearch\"]},{\"@type\":\"Person\",\"@id\":\"https:\/\/www.suno.com.br\/noticias\/#\/schema\/person\/c1b1bd3727fa852bd045e9dbff3673ea\",\"name\":\"Reda\u00e7\u00e3o Suno Not\u00edcias\",\"image\":{\"@type\":\"ImageObject\",\"inLanguage\":\"pt-BR\",\"@id\":\"https:\/\/www.suno.com.br\/noticias\/#\/schema\/person\/image\/\",\"url\":\"https:\/\/secure.gravatar.com\/avatar\/b8104b9b5a71985d5238ee59fbe418af?s=96&r=g\",\"contentUrl\":\"https:\/\/secure.gravatar.com\/avatar\/b8104b9b5a71985d5238ee59fbe418af?s=96&r=g\",\"caption\":\"Reda\u00e7\u00e3o Suno Not\u00edcias\"},\"description\":\"O Suno Not\u00edcias \u00e9 um portal de informa\u00e7\u00f5es sobre Mercado Financeiro, Pol\u00edtica, Neg\u00f3cios, Economia e Finan\u00e7as Pessoais.\",\"sameAs\":[\"https:\/\/www.suno.com.br\/noticias\",\"https:\/\/www.facebook.com\/sunonoticias\/\",\"https:\/\/www.instagram.com\/sunonoticias\/\",\"https:\/\/x.com\/https:\/\/twitter.com\/sunoresearch\",\"https:\/\/www.youtube.com\/sunonoticias\"],\"url\":\"https:\/\/www.suno.com.br\/noticias\/author\/redacao-suno\/\"}]}<\/script>\n<!-- \/ Yoast SEO plugin. -->","yoast_head_json":{"title":"STJ: planos n\u00e3o precisam cobrir procedimentos fora da lista da ANS","description":"STJ decidiu restringir os procedimentos oferecidos pelas operadoras de planos de sa\u00fade que n\u00e3o estejam previstos na lista da ANS.","robots":{"index":"index","follow":"follow","max-snippet":"max-snippet:-1","max-image-preview":"max-image-preview:large","max-video-preview":"max-video-preview:-1"},"canonical":"https:\/\/www.suno.com.br\/noticias\/stj-planos-procedimentos-lista-ans-rol-taxativo\/","og_locale":"pt_BR","og_type":"article","og_title":"STJ: planos n\u00e3o precisam cobrir procedimentos fora da lista da ANS","og_description":"STJ decidiu restringir os procedimentos oferecidos pelas operadoras de planos de sa\u00fade que n\u00e3o estejam previstos na lista da ANS.","og_url":"https:\/\/www.suno.com.br\/noticias\/stj-planos-procedimentos-lista-ans-rol-taxativo\/","og_site_name":"Suno Not\u00edcias","article_publisher":"https:\/\/facebook.com\/sunoresearch","article_author":"https:\/\/www.facebook.com\/sunonoticias\/","og_image":[{"width":1350,"height":808,"url":"https:\/\/files.sunoresearch.com.br\/n\/uploads\/2022\/05\/ANS.jpg","type":"image\/jpeg"}],"author":"Reda\u00e7\u00e3o Suno Not\u00edcias","twitter_card":"summary_large_image","twitter_creator":"@https:\/\/twitter.com\/sunoresearch","twitter_site":"@sunoresearch","twitter_misc":{"Escrito por":"Reda\u00e7\u00e3o Suno Not\u00edcias","Est. tempo de leitura":"5 minutos"},"schema":{"@context":"https:\/\/schema.org","@graph":[{"@type":"NewsArticle","@id":"https:\/\/www.suno.com.br\/noticias\/stj-planos-procedimentos-lista-ans-rol-taxativo\/#article","isPartOf":{"@id":"https:\/\/www.suno.com.br\/noticias\/stj-planos-procedimentos-lista-ans-rol-taxativo\/"},"author":{"name":"Reda\u00e7\u00e3o Suno Not\u00edcias","@id":"https:\/\/www.suno.com.br\/noticias\/#\/schema\/person\/c1b1bd3727fa852bd045e9dbff3673ea"},"headline":"Rol da ANS: STJ decide que planos n\u00e3o precisam cobrir tratamentos fora da lista da ag\u00eancia","datePublished":"2022-06-08T20:49:38+00:00","dateModified":"2022-06-08T20:59:21+00:00","mainEntityOfPage":{"@id":"https:\/\/www.suno.com.br\/noticias\/stj-planos-procedimentos-lista-ans-rol-taxativo\/"},"wordCount":1103,"publisher":{"@id":"https:\/\/www.suno.com.br\/noticias\/#organization"},"image":{"@id":"https:\/\/www.suno.com.br\/noticias\/stj-planos-procedimentos-lista-ans-rol-taxativo\/#primaryimage"},"thumbnailUrl":"https:\/\/files.sunoresearch.com.br\/n\/uploads\/2022\/05\/ANS.jpg","articleSection":["Economia"],"inLanguage":"pt-BR"},{"@type":"WebPage","@id":"https:\/\/www.suno.com.br\/noticias\/stj-planos-procedimentos-lista-ans-rol-taxativo\/","url":"https:\/\/www.suno.com.br\/noticias\/stj-planos-procedimentos-lista-ans-rol-taxativo\/","name":"STJ: planos n\u00e3o precisam cobrir procedimentos fora da lista da ANS","isPartOf":{"@id":"https:\/\/www.suno.com.br\/noticias\/#website"},"primaryImageOfPage":{"@id":"https:\/\/www.suno.com.br\/noticias\/stj-planos-procedimentos-lista-ans-rol-taxativo\/#primaryimage"},"image":{"@id":"https:\/\/www.suno.com.br\/noticias\/stj-planos-procedimentos-lista-ans-rol-taxativo\/#primaryimage"},"thumbnailUrl":"https:\/\/files.sunoresearch.com.br\/n\/uploads\/2022\/05\/ANS.jpg","datePublished":"2022-06-08T20:49:38+00:00","dateModified":"2022-06-08T20:59:21+00:00","description":"STJ decidiu restringir os procedimentos oferecidos pelas operadoras de planos de sa\u00fade que n\u00e3o estejam previstos na lista da ANS.","breadcrumb":{"@id":"https:\/\/www.suno.com.br\/noticias\/stj-planos-procedimentos-lista-ans-rol-taxativo\/#breadcrumb"},"inLanguage":"pt-BR","potentialAction":[{"@type":"ReadAction","target":["https:\/\/www.suno.com.br\/noticias\/stj-planos-procedimentos-lista-ans-rol-taxativo\/"]}]},{"@type":"ImageObject","inLanguage":"pt-BR","@id":"https:\/\/www.suno.com.br\/noticias\/stj-planos-procedimentos-lista-ans-rol-taxativo\/#primaryimage","url":"https:\/\/files.sunoresearch.com.br\/n\/uploads\/2022\/05\/ANS.jpg","contentUrl":"https:\/\/files.sunoresearch.com.br\/n\/uploads\/2022\/05\/ANS.jpg","width":1350,"height":808,"caption":"ANS: argumento para o reajuste \u00e9 de que houve aumento das despesas das operadoras, com procedimentos eletivos, por exemplo, em 2021. Foto: Ag\u00eancia Brasil"},{"@type":"BreadcrumbList","@id":"https:\/\/www.suno.com.br\/noticias\/stj-planos-procedimentos-lista-ans-rol-taxativo\/#breadcrumb","itemListElement":[{"@type":"ListItem","position":1,"name":"Not\u00edcias","item":"https:\/\/www.suno.com.br\/noticias\/"},{"@type":"ListItem","position":2,"name":"Economia","item":"https:\/\/www.suno.com.br\/noticias\/economia\/"},{"@type":"ListItem","position":3,"name":"Rol da ANS: STJ decide que planos n\u00e3o precisam cobrir tratamentos fora da lista da ag\u00eancia"}]},{"@type":"WebSite","@id":"https:\/\/www.suno.com.br\/noticias\/#website","url":"https:\/\/www.suno.com.br\/noticias\/","name":"Suno Not\u00edcias","description":"Seu portal de informa\u00e7\u00e3o sobre o mundo dos investimentos","publisher":{"@id":"https:\/\/www.suno.com.br\/noticias\/#organization"},"potentialAction":[{"@type":"SearchAction","target":{"@type":"EntryPoint","urlTemplate":"https:\/\/www.suno.com.br\/noticias\/?s={search_term_string}"},"query-input":{"@type":"PropertyValueSpecification","valueRequired":true,"valueName":"search_term_string"}}],"inLanguage":"pt-BR"},{"@type":"Organization","@id":"https:\/\/www.suno.com.br\/noticias\/#organization","name":"Suno Not\u00edcias","url":"https:\/\/www.suno.com.br\/noticias\/","logo":{"@type":"ImageObject","inLanguage":"pt-BR","@id":"https:\/\/www.suno.com.br\/noticias\/#\/schema\/logo\/image\/","url":"https:\/\/files.sunoresearch.com.br\/n\/uploads\/2021\/09\/suno-logo.png","contentUrl":"https:\/\/files.sunoresearch.com.br\/n\/uploads\/2021\/09\/suno-logo.png","width":180,"height":180,"caption":"Suno Not\u00edcias"},"image":{"@id":"https:\/\/www.suno.com.br\/noticias\/#\/schema\/logo\/image\/"},"sameAs":["https:\/\/facebook.com\/sunoresearch","https:\/\/x.com\/sunoresearch","https:\/\/www.instagram.com\/suno","https:\/\/www.linkedin.com\/company\/suno-research\/","https:\/\/www.youtube.com\/c\/sunoresearch"]},{"@type":"Person","@id":"https:\/\/www.suno.com.br\/noticias\/#\/schema\/person\/c1b1bd3727fa852bd045e9dbff3673ea","name":"Reda\u00e7\u00e3o Suno Not\u00edcias","image":{"@type":"ImageObject","inLanguage":"pt-BR","@id":"https:\/\/www.suno.com.br\/noticias\/#\/schema\/person\/image\/","url":"https:\/\/secure.gravatar.com\/avatar\/b8104b9b5a71985d5238ee59fbe418af?s=96&r=g","contentUrl":"https:\/\/secure.gravatar.com\/avatar\/b8104b9b5a71985d5238ee59fbe418af?s=96&r=g","caption":"Reda\u00e7\u00e3o Suno Not\u00edcias"},"description":"O Suno Not\u00edcias \u00e9 um portal de informa\u00e7\u00f5es sobre Mercado Financeiro, Pol\u00edtica, Neg\u00f3cios, Economia e Finan\u00e7as Pessoais.","sameAs":["https:\/\/www.suno.com.br\/noticias","https:\/\/www.facebook.com\/sunonoticias\/","https:\/\/www.instagram.com\/sunonoticias\/","https:\/\/x.com\/https:\/\/twitter.com\/sunoresearch","https:\/\/www.youtube.com\/sunonoticias"],"url":"https:\/\/www.suno.com.br\/noticias\/author\/redacao-suno\/"}]}},"default_loop_html":"<div class=\"cardsPage__listCard__boxs\"><div class=\"cardsPage__listCard__boxs__img\"><a href=\"https:\/\/www.suno.com.br\/noticias\/stj-planos-procedimentos-lista-ans-rol-taxativo\/\"><img class=\"mask\" src=\"https:\/\/www.suno.com.br\/noticias\/wp-content\/themes\/suno\/resources\/images\/spotlight\/spotlight1img\/bg-mask.png\" alt=\"Image Mask\"\/><img src=\"https:\/\/files.sunoresearch.com.br\/n\/uploads\/2022\/05\/ANS-400x200.jpg\" alt=\"Rol da ANS: STJ decide que planos n\u00e3o precisam cobrir tratamentos fora da lista da ag\u00eancia\"\/><\/a><span class=\"spotlightCategory\"><a href=\"https:\/\/www.suno.com.br\/noticias\/economia\/\">Economia<\/a><\/span><\/div><div class=\"cardsPage__listCard__boxs__content\"><a href=\"https:\/\/www.suno.com.br\/noticias\/stj-planos-procedimentos-lista-ans-rol-taxativo\/\"><h2 class=\"content__title\">Rol da ANS: STJ decide que planos n\u00e3o precisam cobrir tratamentos fora da lista da ag\u00eancia<\/h2><\/a><div class=\"newsContent__article__meta\"><div class=\"newsContent__article__meta__authorBox\"><a href=\"https:\/\/www.suno.com.br\/noticias\/author\/redacao-suno\/\" class=\"authorBox__avatar noMobi\"><img src=\"https:\/\/files.sunoresearch.com.br\/n\/uploads\/2020\/08\/0ace682d-redacao-1-150x150.webp\" alt=\"Reda\u00e7\u00e3o Suno Not\u00edcias\"><\/a><div class=\"authorBox__name\"><span>por\n\t\t\t<a href=\"https:\/\/www.suno.com.br\/noticias\/author\/redacao-suno\/\"><span itemprop=\"author\">Reda\u00e7\u00e3o Suno Not\u00edcias<\/span><\/a><\/span><time datetime=\"2022-06-08T17:49:38-03:00\" itemprop=\"datePublished\">08\/06\/2022 17:49<\/time><\/div><\/div><\/div><\/div><\/div>","single_layout":"posts","amp_enabled":true,"_links":{"self":[{"href":"https:\/\/www.suno.com.br\/noticias\/wp-json\/wp\/v2\/posts\/265910"}],"collection":[{"href":"https:\/\/www.suno.com.br\/noticias\/wp-json\/wp\/v2\/posts"}],"about":[{"href":"https:\/\/www.suno.com.br\/noticias\/wp-json\/wp\/v2\/types\/post"}],"author":[{"embeddable":true,"href":"https:\/\/www.suno.com.br\/noticias\/wp-json\/wp\/v2\/users\/43"}],"replies":[{"embeddable":true,"href":"https:\/\/www.suno.com.br\/noticias\/wp-json\/wp\/v2\/comments?post=265910"}],"version-history":[{"count":4,"href":"https:\/\/www.suno.com.br\/noticias\/wp-json\/wp\/v2\/posts\/265910\/revisions"}],"predecessor-version":[{"id":265934,"href":"https:\/\/www.suno.com.br\/noticias\/wp-json\/wp\/v2\/posts\/265910\/revisions\/265934"}],"wp:featuredmedia":[{"embeddable":true,"href":"https:\/\/www.suno.com.br\/noticias\/wp-json\/wp\/v2\/media\/261780"}],"wp:attachment":[{"href":"https:\/\/www.suno.com.br\/noticias\/wp-json\/wp\/v2\/media?parent=265910"}],"wp:term":[{"taxonomy":"category","embeddable":true,"href":"https:\/\/www.suno.com.br\/noticias\/wp-json\/wp\/v2\/categories?post=265910"},{"taxonomy":"post_tag","embeddable":true,"href":"https:\/\/www.suno.com.br\/noticias\/wp-json\/wp\/v2\/tags?post=265910"},{"taxonomy":"suno_strategy","embeddable":true,"href":"https:\/\/www.suno.com.br\/noticias\/wp-json\/wp\/v2\/suno_strategy?post=265910"}],"curies":[{"name":"wp","href":"https:\/\/api.w.org\/{rel}","templated":true}]}}