{"id":265810,"date":"2022-06-08T15:48:12","date_gmt":"2022-06-08T18:48:12","guid":{"rendered":"https:\/\/www.suno.com.br\/noticias\/?p=265810"},"modified":"2022-06-08T15:51:25","modified_gmt":"2022-06-08T18:51:25","slug":"pao-de-acucar-pcar3-corte-preco-alvo-riscos","status":"publish","type":"post","link":"https:\/\/www.suno.com.br\/noticias\/pao-de-acucar-pcar3-corte-preco-alvo-riscos\/","title":{"rendered":"P\u00e3o de A\u00e7\u00facar (PCAR3): &#8220;Riscos superam oportunidades&#8221; e analistas cortam pre\u00e7o-alvo"},"content":{"rendered":"<p>Os analistas do banco<strong> Credit Suisse<\/strong> decidiram reduzir o <a class=\"suno-keyword\" href=\"https:\/\/www.suno.com.br\/artigos\/preco-alvo\/\" target=\"_blank\" rel=\"noopener\" data-force=\"no\" data-priority=\"1\">pre\u00e7o alvo<\/a> da a\u00e7\u00e3o do <a class=\"suno-keyword\" href=\"https:\/\/www.suno.com.br\/acoes\/PCAR3\/\" target=\"_blank\" rel=\"noopener\" data-force=\"yes\" data-priority=\"2\"><strong>P\u00e3o de A\u00e7\u00facar<\/strong> (PCAR3)<\/a> de R$ 27 para R$ 26, mas com potencial de alta de 31,1% com base no fechamento da \u00faltima segunda-feira (6). A institui\u00e7\u00e3o reitera a<strong> recomenda\u00e7\u00e3o neutra<\/strong> para o ativo.<\/p>\t<div class=\"wrapper-featured-image\">\n\t\t<figure class=\"spotlightImg\">\n\n\t\t\t<picture>\n\t\t\t\t<source media=\"(max-width: 768px)\" srcset=\"https:\/\/files.sunoresearch.com.br\/n\/uploads\/2022\/02\/Fachada-Unidade-Pao-de-acucar-400x200.jpeg\">\n\t\t\t\t<img loading=\"lazy\" decoding=\"async\" class=\"newsContent__article__imgCapa lazyloadDisabled \" src=\"https:\/\/files.sunoresearch.com.br\/n\/uploads\/2022\/02\/Fachada-Unidade-Pao-de-acucar-800x450.jpeg\" width=\"800\" height=\"450\" alt=\"P\u00e3o de A\u00e7\u00facar (PCAR3): &#8220;Riscos superam oportunidades&#8221; e analistas cortam pre\u00e7o-alvo\" fetchpriority=high \/>\n\t\t\t<\/picture>\n\n\t\t\t<figcaption class=\"wp-caption-text wp-caption-text--show\">GPA - Grupo P\u00e3o de A\u00e7\u00facar (PCAR3). Foto: Divulga\u00e7\u00e3o<\/figcaption>\n\t\t<\/figure>\n\t<\/div>\n\n\n\t<p>\n\t\t<a href=\"\" target=\"_blank\" data-element=\"shortcode-suno-banner\" title=\"Banner SUNO, clique e saiba mais\">\n\t\t\t<picture>\n\t\t\t\t<source media=\"(max-width: 500px)\" srcset=\"\">\n\t\t\t\t<img class=\"newsContent__article__imgCapa newsContent__article__imgCapa--banner\"\n\t\t\t\t\tsrc=\"\"\n\t\t\t\t\tdata-promo-id=\"138420\"\t\t\t\t\t\t\t\t\t\t\t\t\t\t\talt=\"\"\n\t\t\t\t>\n\t\t\t<\/picture>\n\t\t<\/a>\n\t<\/p>\n\n\n<p>A nova proje\u00e7\u00e3o para o P\u00e3o de A\u00e7\u00facar feita pelo banco inclui uma expectativa menor do crescimento da empresa, agora de 6% no <a class=\"suno-keyword\" href=\"https:\/\/www.suno.com.br\/artigos\/lpa-lucro-por-acao\/\" target=\"_blank\" rel=\"noopener\" data-force=\"no\" data-priority=\"1\">lucro por a\u00e7\u00e3o<\/a> entre 2021 e 2026, ante 7% de estimativas anteriores.<\/p>\n<p>De acordo com relat\u00f3rio, os principais riscos do P\u00e3o de A\u00e7\u00facar s\u00e3o \u201c<strong>desinvestimentos<\/strong>, contexto macroecon\u00f4mico, plano de expans\u00e3o e competi\u00e7\u00e3o\u201d.<\/p>\n<p>Analistas ressaltam que a tese de investimentos da companhia precisa ter visibilidade, apesar do potencial de alta. O Credit Suisse v\u00ea falta de sinaliza\u00e7\u00e3o mais forte sobre o futuro da empresa.<\/p>\n\t<p>\n\t\t<a href=\"https:\/\/lp.suno.com.br\/planilha-controle-gastos\/\" target=\"_blank\" data-element=\"shortcode-suno-banner\" title=\"Banner SUNO, clique e saiba mais\">\n\t\t\t<picture>\n\t\t\t\t<source media=\"(max-width: 500px)\" srcset=\"https:\/\/files.sunoresearch.com.br\/n\/uploads\/2023\/03\/400x300-Planilha-controle-de-gastos.png\">\n\t\t\t\t<img class=\"newsContent__article__imgCapa newsContent__article__imgCapa--banner\"\n\t\t\t\t\tsrc=\"https:\/\/files.sunoresearch.com.br\/n\/uploads\/2023\/03\/1420x240-Planilha-controle-de-gastos.png\"\n\t\t\t\t\tdata-promo-id=\"101751\"\t\t\t\t\t\t\t\t\t\twidth='1420' height='240'\t\t\t\t\talt=\"https:\/\/files.sunoresearch.com.br\/n\/uploads\/2023\/03\/1420x240-Planilha-controle-de-gastos.png\"\n\t\t\t\t>\n\t\t\t<\/picture>\n\t\t<\/a>\n\t<\/p>\n\n\n<p>O relat\u00f3rio aponta que as a\u00e7\u00f5es do <a class=\"suno-keyword\" href=\"https:\/\/www.suno.com.br\/acoes\/asai3\/\" target=\"_blank\" rel=\"noopener\" data-force=\"yes\" data-priority=\"2\"><strong>Assa\u00ed<\/strong> (ASAI3)<\/a> s\u00e3o uma alternativa mais consistente para os investidores, pela &#8220;maior resili\u00eancia comercial, assim como um crescimento de alta qualidade e um menor risco de execu\u00e7\u00e3o&#8221;.<\/p>\n<p>Segundo o banco, as <strong>opera\u00e7\u00f5es no Brasil do P\u00e3o de A\u00e7\u00facar<\/strong> passam por um momento de transi\u00e7\u00e3o, com a sa\u00edda do segmento de hipermercados. Isso vai ajudar a companhia a recuperar margens, dizem os analistas.<\/p>\n\t<p>\n\t\t<a href=\"https:\/\/lp.suno.com.br\/planilha-da-vida-financeira\/\" target=\"_blank\" data-element=\"shortcode-suno-banner\" title=\"Banner SUNO, clique e saiba mais\">\n\t\t\t<picture>\n\t\t\t\t<source media=\"(max-width: 500px)\" srcset=\"https:\/\/files.sunoresearch.com.br\/n\/uploads\/2023\/04\/400x300-Planilha-vida-financeira-true.png\">\n\t\t\t\t<img class=\"newsContent__article__imgCapa newsContent__article__imgCapa--banner\"\n\t\t\t\t\tsrc=\"https:\/\/files.sunoresearch.com.br\/n\/uploads\/2023\/04\/1420x240-Planilha-vida-financeira-true.png\"\n\t\t\t\t\tdata-promo-id=\"106682\"\t\t\t\t\t\t\t\t\t\twidth='1420' height='240'\t\t\t\t\talt=\"https:\/\/files.sunoresearch.com.br\/n\/uploads\/2023\/04\/1420x240-Planilha-vida-financeira-true.png\"\n\t\t\t\t>\n\t\t\t<\/picture>\n\t\t<\/a>\n\t<\/p>\n\n\n<p>O mercado financeiro, diz o CS, s\u00f3 voltar\u00e1 a confiar novamente na companhia &#8220;a partir do momento que a transforma\u00e7\u00e3o dos neg\u00f3cios acontecer de forma tang\u00edvel, por meio de dados operacionais encorpados&#8221;.<\/p>\n<h2>Desinvestimento no Grupo \u00c9xito<\/h2>\n<p>O relat\u00f3rio do Credit Suisse destaca tamb\u00e9m o <a href=\"https:\/\/www.suno.com.br\/noticias\/pao-de-acucar-pcar3-vende-acoes-exito-390-mi\/\"><strong>desinvestimento do Grupo \u00c9xito, <\/strong><\/a>que deve ocorrer em breve. A opera\u00e7\u00e3o pode destravar o valor do P\u00e3o de A\u00e7\u00facar no <a class=\"suno-keyword\" href=\"https:\/\/www.suno.com.br\/artigos\/curto-prazo\/\" target=\"_blank\" rel=\"noopener\" data-force=\"no\" data-priority=\"1\">curto prazo<\/a>.<\/p>\n\t<p>\n\t\t<a href=\"https:\/\/lp.suno.com.br\/ebook-como-analisar-uma-acao\/\" target=\"_blank\" data-element=\"shortcode-suno-banner\" title=\"Banner SUNO, clique e saiba mais\">\n\t\t\t<picture>\n\t\t\t\t<source media=\"(max-width: 500px)\" srcset=\"https:\/\/files.sunoresearch.com.br\/n\/uploads\/2023\/03\/Ebook-Acoes-Mobile-1.jpg\">\n\t\t\t\t<img class=\"newsContent__article__imgCapa newsContent__article__imgCapa--banner\"\n\t\t\t\t\tsrc=\"https:\/\/files.sunoresearch.com.br\/n\/uploads\/2023\/03\/Ebook-Acoes-Desktop-1.jpg\"\n\t\t\t\t\tdata-promo-id=\"171998\"\t\t\t\t\t\t\t\t\t\twidth='1420' height='286'\t\t\t\t\talt=\"https:\/\/files.sunoresearch.com.br\/n\/uploads\/2023\/03\/Ebook-Acoes-Desktop-1.jpg\"\n\t\t\t\t>\n\t\t\t<\/picture>\n\t\t<\/a>\n\t<\/p>\n\n\n<p>O texto ressalta que Marcelo Pimentel, novo CEO do GPA, tem mencionado o assunto. &#8220;Acreditamos que isso fa\u00e7a parte do mandato&#8221;, disseram.<\/p>\n<h2>Cota\u00e7\u00e3o do P\u00e3o de A\u00e7\u00facar<\/h2>\n<p>As a\u00e7\u00f5es do\u00a0<strong>P\u00e3o de A\u00e7\u00facar\u00a0<\/strong>operam em queda de 1,01%, cotadas a R$ 19,47, pr\u00f3ximo das 15h40. No ano, os ativos acumulam baixa de 5,37%.<\/p>\n\t<p>\n\t\t<a href=\"https:\/\/lp.suno.com.br\/planilha-de-controle-de-investimentos\/\" target=\"_blank\" data-element=\"shortcode-suno-banner\" title=\"Banner SUNO, clique e saiba mais\">\n\t\t\t<picture>\n\t\t\t\t<source media=\"(max-width: 500px)\" srcset=\"https:\/\/files.sunoresearch.com.br\/n\/uploads\/2023\/03\/400x300-Controle-de-Investimentos.png\">\n\t\t\t\t<img class=\"newsContent__article__imgCapa newsContent__article__imgCapa--banner\"\n\t\t\t\t\tsrc=\"https:\/\/files.sunoresearch.com.br\/n\/uploads\/2023\/03\/1420x240-Controle-de-Investimentos.png\"\n\t\t\t\t\tdata-promo-id=\"75934\"\t\t\t\t\t\t\t\t\t\twidth='1420' height='240'\t\t\t\t\talt=\"https:\/\/files.sunoresearch.com.br\/n\/uploads\/2023\/03\/1420x240-Controle-de-Investimentos.png\"\n\t\t\t\t>\n\t\t\t<\/picture>\n\t\t<\/a>\n\t<\/p>\n\n\n","protected":false},"excerpt":{"rendered":"<p>Os analistas do banco Credit Suisse decidiram reduzir o pre\u00e7o alvo da a\u00e7\u00e3o do P\u00e3o de A\u00e7\u00facar (PCAR3) de R$ 27 para R$ 26, mas com potencial de alta de 31,1% com base no fechamento da \u00faltima segunda-feira (6). A institui\u00e7\u00e3o reitera a recomenda\u00e7\u00e3o neutra para o ativo. GPA &#8211; Grupo P\u00e3o de A\u00e7\u00facar (PCAR3). [&hellip;]<\/p>\n","protected":false},"author":146,"featured_media":234957,"comment_status":"closed","ping_status":"closed","sticky":false,"template":"","format":"standard","meta":[],"categories":[64],"tags":[1788,105816,1964],"suno_strategy":[],"class_list":["post-265810","post","type-post","status-publish","format-standard","has-post-thumbnail","hentry","category-negocios","tag-credit-suisse-c1su34","tag-especialistas","tag-grupo-pao-de-acucar-pcar3-pcar4"],"yoast_head":"<!-- This site is optimized with the Yoast SEO plugin v24.4 - https:\/\/yoast.com\/wordpress\/plugins\/seo\/ -->\n<title>P\u00e3o de A\u00e7\u00facar (PCAR3): riscos aumentam e analistas cortam pre\u00e7o-alvo<\/title>\n<meta name=\"description\" content=\"O Credit Suisse cortou o pre\u00e7o-alvo das a\u00e7\u00f5es do P\u00e3o de A\u00e7\u00facar (PCAR3). Veja os motivos dos analistas e novo valor aqui.\" \/>\n<meta name=\"robots\" content=\"index, follow, max-snippet:-1, max-image-preview:large, max-video-preview:-1\" \/>\n<link rel=\"canonical\" href=\"https:\/\/www.suno.com.br\/noticias\/pao-de-acucar-pcar3-corte-preco-alvo-riscos\/\" \/>\n<meta property=\"og:locale\" content=\"pt_BR\" \/>\n<meta property=\"og:type\" content=\"article\" \/>\n<meta property=\"og:title\" content=\"P\u00e3o de A\u00e7\u00facar (PCAR3): riscos aumentam e analistas cortam pre\u00e7o-alvo\" \/>\n<meta property=\"og:description\" content=\"O Credit Suisse cortou o pre\u00e7o-alvo das a\u00e7\u00f5es do P\u00e3o de A\u00e7\u00facar (PCAR3). Veja os motivos dos analistas e novo valor aqui.\" \/>\n<meta property=\"og:url\" content=\"https:\/\/www.suno.com.br\/noticias\/pao-de-acucar-pcar3-corte-preco-alvo-riscos\/\" \/>\n<meta property=\"og:site_name\" content=\"Suno Not\u00edcias\" \/>\n<meta property=\"article:publisher\" content=\"https:\/\/facebook.com\/sunoresearch\" \/>\n<meta property=\"og:image\" content=\"https:\/\/files.sunoresearch.com.br\/n\/uploads\/2022\/02\/Fachada-Unidade-Pao-de-acucar.jpeg\" \/>\n\t<meta property=\"og:image:width\" content=\"1600\" \/>\n\t<meta property=\"og:image:height\" content=\"1067\" \/>\n\t<meta property=\"og:image:type\" content=\"image\/jpeg\" \/>\n<meta name=\"author\" content=\"Vict\u00f3ria Anhesini\" \/>\n<meta name=\"twitter:card\" content=\"summary_large_image\" \/>\n<meta name=\"twitter:creator\" content=\"@sunoresearch\" \/>\n<meta name=\"twitter:site\" content=\"@sunoresearch\" \/>\n<meta name=\"twitter:label1\" content=\"Escrito por\" \/>\n\t<meta name=\"twitter:data1\" content=\"Vict\u00f3ria Anhesini\" \/>\n\t<meta name=\"twitter:label2\" content=\"Est. tempo de leitura\" \/>\n\t<meta name=\"twitter:data2\" content=\"2 minutos\" \/>\n<script type=\"application\/ld+json\" class=\"yoast-schema-graph\">{\"@context\":\"https:\/\/schema.org\",\"@graph\":[{\"@type\":\"NewsArticle\",\"@id\":\"https:\/\/www.suno.com.br\/noticias\/pao-de-acucar-pcar3-corte-preco-alvo-riscos\/#article\",\"isPartOf\":{\"@id\":\"https:\/\/www.suno.com.br\/noticias\/pao-de-acucar-pcar3-corte-preco-alvo-riscos\/\"},\"author\":{\"name\":\"Vict\u00f3ria Anhesini\",\"@id\":\"https:\/\/www.suno.com.br\/noticias\/#\/schema\/person\/46d847cb19ad53fde0857adca989c23f\"},\"headline\":\"P\u00e3o de A\u00e7\u00facar (PCAR3): &#8220;Riscos superam oportunidades&#8221; e analistas cortam pre\u00e7o-alvo\",\"datePublished\":\"2022-06-08T18:48:12+00:00\",\"dateModified\":\"2022-06-08T18:51:25+00:00\",\"mainEntityOfPage\":{\"@id\":\"https:\/\/www.suno.com.br\/noticias\/pao-de-acucar-pcar3-corte-preco-alvo-riscos\/\"},\"wordCount\":384,\"publisher\":{\"@id\":\"https:\/\/www.suno.com.br\/noticias\/#organization\"},\"image\":{\"@id\":\"https:\/\/www.suno.com.br\/noticias\/pao-de-acucar-pcar3-corte-preco-alvo-riscos\/#primaryimage\"},\"thumbnailUrl\":\"https:\/\/files.sunoresearch.com.br\/n\/uploads\/2022\/02\/Fachada-Unidade-Pao-de-acucar.jpeg\",\"keywords\":[\"Credit Suisse (C1SU34)\",\"Especialistas\",\"Grupo P\u00e3o de A\u00e7\u00facar (PCAR3\/PCAR4)\"],\"articleSection\":[\"Neg\u00f3cios\"],\"inLanguage\":\"pt-BR\"},{\"@type\":\"WebPage\",\"@id\":\"https:\/\/www.suno.com.br\/noticias\/pao-de-acucar-pcar3-corte-preco-alvo-riscos\/\",\"url\":\"https:\/\/www.suno.com.br\/noticias\/pao-de-acucar-pcar3-corte-preco-alvo-riscos\/\",\"name\":\"P\u00e3o de A\u00e7\u00facar (PCAR3): riscos aumentam e analistas cortam pre\u00e7o-alvo\",\"isPartOf\":{\"@id\":\"https:\/\/www.suno.com.br\/noticias\/#website\"},\"primaryImageOfPage\":{\"@id\":\"https:\/\/www.suno.com.br\/noticias\/pao-de-acucar-pcar3-corte-preco-alvo-riscos\/#primaryimage\"},\"image\":{\"@id\":\"https:\/\/www.suno.com.br\/noticias\/pao-de-acucar-pcar3-corte-preco-alvo-riscos\/#primaryimage\"},\"thumbnailUrl\":\"https:\/\/files.sunoresearch.com.br\/n\/uploads\/2022\/02\/Fachada-Unidade-Pao-de-acucar.jpeg\",\"datePublished\":\"2022-06-08T18:48:12+00:00\",\"dateModified\":\"2022-06-08T18:51:25+00:00\",\"description\":\"O Credit Suisse cortou o pre\u00e7o-alvo das a\u00e7\u00f5es do P\u00e3o de A\u00e7\u00facar (PCAR3). Veja os motivos dos analistas e novo valor aqui.\",\"breadcrumb\":{\"@id\":\"https:\/\/www.suno.com.br\/noticias\/pao-de-acucar-pcar3-corte-preco-alvo-riscos\/#breadcrumb\"},\"inLanguage\":\"pt-BR\",\"potentialAction\":[{\"@type\":\"ReadAction\",\"target\":[\"https:\/\/www.suno.com.br\/noticias\/pao-de-acucar-pcar3-corte-preco-alvo-riscos\/\"]}]},{\"@type\":\"ImageObject\",\"inLanguage\":\"pt-BR\",\"@id\":\"https:\/\/www.suno.com.br\/noticias\/pao-de-acucar-pcar3-corte-preco-alvo-riscos\/#primaryimage\",\"url\":\"https:\/\/files.sunoresearch.com.br\/n\/uploads\/2022\/02\/Fachada-Unidade-Pao-de-acucar.jpeg\",\"contentUrl\":\"https:\/\/files.sunoresearch.com.br\/n\/uploads\/2022\/02\/Fachada-Unidade-Pao-de-acucar.jpeg\",\"width\":1600,\"height\":1067,\"caption\":\"GPA - Grupo P\u00e3o de A\u00e7\u00facar (PCAR3). Foto: Divulga\u00e7\u00e3o\"},{\"@type\":\"BreadcrumbList\",\"@id\":\"https:\/\/www.suno.com.br\/noticias\/pao-de-acucar-pcar3-corte-preco-alvo-riscos\/#breadcrumb\",\"itemListElement\":[{\"@type\":\"ListItem\",\"position\":1,\"name\":\"Not\u00edcias\",\"item\":\"https:\/\/www.suno.com.br\/noticias\/\"},{\"@type\":\"ListItem\",\"position\":2,\"name\":\"Neg\u00f3cios\",\"item\":\"https:\/\/www.suno.com.br\/noticias\/negocios\/\"},{\"@type\":\"ListItem\",\"position\":3,\"name\":\"P\u00e3o de A\u00e7\u00facar (PCAR3): &#8220;Riscos superam oportunidades&#8221; e analistas cortam pre\u00e7o-alvo\"}]},{\"@type\":\"WebSite\",\"@id\":\"https:\/\/www.suno.com.br\/noticias\/#website\",\"url\":\"https:\/\/www.suno.com.br\/noticias\/\",\"name\":\"Suno Not\u00edcias\",\"description\":\"Seu portal de informa\u00e7\u00e3o sobre o mundo dos investimentos\",\"publisher\":{\"@id\":\"https:\/\/www.suno.com.br\/noticias\/#organization\"},\"potentialAction\":[{\"@type\":\"SearchAction\",\"target\":{\"@type\":\"EntryPoint\",\"urlTemplate\":\"https:\/\/www.suno.com.br\/noticias\/?s={search_term_string}\"},\"query-input\":{\"@type\":\"PropertyValueSpecification\",\"valueRequired\":true,\"valueName\":\"search_term_string\"}}],\"inLanguage\":\"pt-BR\"},{\"@type\":\"Organization\",\"@id\":\"https:\/\/www.suno.com.br\/noticias\/#organization\",\"name\":\"Suno Not\u00edcias\",\"url\":\"https:\/\/www.suno.com.br\/noticias\/\",\"logo\":{\"@type\":\"ImageObject\",\"inLanguage\":\"pt-BR\",\"@id\":\"https:\/\/www.suno.com.br\/noticias\/#\/schema\/logo\/image\/\",\"url\":\"https:\/\/files.sunoresearch.com.br\/n\/uploads\/2021\/09\/suno-logo.png\",\"contentUrl\":\"https:\/\/files.sunoresearch.com.br\/n\/uploads\/2021\/09\/suno-logo.png\",\"width\":180,\"height\":180,\"caption\":\"Suno Not\u00edcias\"},\"image\":{\"@id\":\"https:\/\/www.suno.com.br\/noticias\/#\/schema\/logo\/image\/\"},\"sameAs\":[\"https:\/\/facebook.com\/sunoresearch\",\"https:\/\/x.com\/sunoresearch\",\"https:\/\/www.instagram.com\/suno\",\"https:\/\/www.linkedin.com\/company\/suno-research\/\",\"https:\/\/www.youtube.com\/c\/sunoresearch\"]},{\"@type\":\"Person\",\"@id\":\"https:\/\/www.suno.com.br\/noticias\/#\/schema\/person\/46d847cb19ad53fde0857adca989c23f\",\"name\":\"Vict\u00f3ria Anhesini\",\"image\":{\"@type\":\"ImageObject\",\"inLanguage\":\"pt-BR\",\"@id\":\"https:\/\/www.suno.com.br\/noticias\/#\/schema\/person\/image\/\",\"url\":\"https:\/\/secure.gravatar.com\/avatar\/0172bdfcd9129dd9dd68794804304e6e?s=96&r=g\",\"contentUrl\":\"https:\/\/secure.gravatar.com\/avatar\/0172bdfcd9129dd9dd68794804304e6e?s=96&r=g\",\"caption\":\"Vict\u00f3ria Anhesini\"},\"description\":\"Rep\u00f3rter no Suno Not\u00edcias, cobre mercados, neg\u00f3cios e economia, escrevendo majoritariamente sobre movimentos das empresas, cobertura de balan\u00e7os trimestrais e Bolsa de Valores. Formada em jornalismo pela Universidade Presbiteriana Mackenzie em 2019, passou pelo portal de economia e finan\u00e7as EuQueroInvestir como rep\u00f3rter e anteriormente, trabalhou na assessoria de imprensa PinePR, onde liderou com startups de inova\u00e7\u00e3o, tecnologia e finan\u00e7as. Em seu tempo livre, fala sobre m\u00fasica para ambos os sites do selo ForMusic, Wikimetal e Mad Sound, e faz trabalho volunt\u00e1rio no programa Escreve Cartas do Poupatempo.\",\"sameAs\":[\"https:\/\/www.linkedin.com\/in\/victoria-anhesini\/\"],\"url\":\"https:\/\/www.suno.com.br\/noticias\/author\/victoria\/\"}]}<\/script>\n<!-- \/ Yoast SEO plugin. -->","yoast_head_json":{"title":"P\u00e3o de A\u00e7\u00facar (PCAR3): riscos aumentam e analistas cortam pre\u00e7o-alvo","description":"O Credit Suisse cortou o pre\u00e7o-alvo das a\u00e7\u00f5es do P\u00e3o de A\u00e7\u00facar (PCAR3). Veja os motivos dos analistas e novo valor aqui.","robots":{"index":"index","follow":"follow","max-snippet":"max-snippet:-1","max-image-preview":"max-image-preview:large","max-video-preview":"max-video-preview:-1"},"canonical":"https:\/\/www.suno.com.br\/noticias\/pao-de-acucar-pcar3-corte-preco-alvo-riscos\/","og_locale":"pt_BR","og_type":"article","og_title":"P\u00e3o de A\u00e7\u00facar (PCAR3): riscos aumentam e analistas cortam pre\u00e7o-alvo","og_description":"O Credit Suisse cortou o pre\u00e7o-alvo das a\u00e7\u00f5es do P\u00e3o de A\u00e7\u00facar (PCAR3). Veja os motivos dos analistas e novo valor aqui.","og_url":"https:\/\/www.suno.com.br\/noticias\/pao-de-acucar-pcar3-corte-preco-alvo-riscos\/","og_site_name":"Suno Not\u00edcias","article_publisher":"https:\/\/facebook.com\/sunoresearch","og_image":[{"width":1600,"height":1067,"url":"https:\/\/files.sunoresearch.com.br\/n\/uploads\/2022\/02\/Fachada-Unidade-Pao-de-acucar.jpeg","type":"image\/jpeg"}],"author":"Vict\u00f3ria Anhesini","twitter_card":"summary_large_image","twitter_creator":"@sunoresearch","twitter_site":"@sunoresearch","twitter_misc":{"Escrito por":"Vict\u00f3ria Anhesini","Est. tempo de leitura":"2 minutos"},"schema":{"@context":"https:\/\/schema.org","@graph":[{"@type":"NewsArticle","@id":"https:\/\/www.suno.com.br\/noticias\/pao-de-acucar-pcar3-corte-preco-alvo-riscos\/#article","isPartOf":{"@id":"https:\/\/www.suno.com.br\/noticias\/pao-de-acucar-pcar3-corte-preco-alvo-riscos\/"},"author":{"name":"Vict\u00f3ria Anhesini","@id":"https:\/\/www.suno.com.br\/noticias\/#\/schema\/person\/46d847cb19ad53fde0857adca989c23f"},"headline":"P\u00e3o de A\u00e7\u00facar (PCAR3): &#8220;Riscos superam oportunidades&#8221; e analistas cortam pre\u00e7o-alvo","datePublished":"2022-06-08T18:48:12+00:00","dateModified":"2022-06-08T18:51:25+00:00","mainEntityOfPage":{"@id":"https:\/\/www.suno.com.br\/noticias\/pao-de-acucar-pcar3-corte-preco-alvo-riscos\/"},"wordCount":384,"publisher":{"@id":"https:\/\/www.suno.com.br\/noticias\/#organization"},"image":{"@id":"https:\/\/www.suno.com.br\/noticias\/pao-de-acucar-pcar3-corte-preco-alvo-riscos\/#primaryimage"},"thumbnailUrl":"https:\/\/files.sunoresearch.com.br\/n\/uploads\/2022\/02\/Fachada-Unidade-Pao-de-acucar.jpeg","keywords":["Credit Suisse (C1SU34)","Especialistas","Grupo P\u00e3o de A\u00e7\u00facar (PCAR3\/PCAR4)"],"articleSection":["Neg\u00f3cios"],"inLanguage":"pt-BR"},{"@type":"WebPage","@id":"https:\/\/www.suno.com.br\/noticias\/pao-de-acucar-pcar3-corte-preco-alvo-riscos\/","url":"https:\/\/www.suno.com.br\/noticias\/pao-de-acucar-pcar3-corte-preco-alvo-riscos\/","name":"P\u00e3o de A\u00e7\u00facar (PCAR3): riscos aumentam e analistas cortam pre\u00e7o-alvo","isPartOf":{"@id":"https:\/\/www.suno.com.br\/noticias\/#website"},"primaryImageOfPage":{"@id":"https:\/\/www.suno.com.br\/noticias\/pao-de-acucar-pcar3-corte-preco-alvo-riscos\/#primaryimage"},"image":{"@id":"https:\/\/www.suno.com.br\/noticias\/pao-de-acucar-pcar3-corte-preco-alvo-riscos\/#primaryimage"},"thumbnailUrl":"https:\/\/files.sunoresearch.com.br\/n\/uploads\/2022\/02\/Fachada-Unidade-Pao-de-acucar.jpeg","datePublished":"2022-06-08T18:48:12+00:00","dateModified":"2022-06-08T18:51:25+00:00","description":"O Credit Suisse cortou o pre\u00e7o-alvo das a\u00e7\u00f5es do P\u00e3o de A\u00e7\u00facar (PCAR3). Veja os motivos dos analistas e novo valor aqui.","breadcrumb":{"@id":"https:\/\/www.suno.com.br\/noticias\/pao-de-acucar-pcar3-corte-preco-alvo-riscos\/#breadcrumb"},"inLanguage":"pt-BR","potentialAction":[{"@type":"ReadAction","target":["https:\/\/www.suno.com.br\/noticias\/pao-de-acucar-pcar3-corte-preco-alvo-riscos\/"]}]},{"@type":"ImageObject","inLanguage":"pt-BR","@id":"https:\/\/www.suno.com.br\/noticias\/pao-de-acucar-pcar3-corte-preco-alvo-riscos\/#primaryimage","url":"https:\/\/files.sunoresearch.com.br\/n\/uploads\/2022\/02\/Fachada-Unidade-Pao-de-acucar.jpeg","contentUrl":"https:\/\/files.sunoresearch.com.br\/n\/uploads\/2022\/02\/Fachada-Unidade-Pao-de-acucar.jpeg","width":1600,"height":1067,"caption":"GPA - Grupo P\u00e3o de A\u00e7\u00facar (PCAR3). Foto: Divulga\u00e7\u00e3o"},{"@type":"BreadcrumbList","@id":"https:\/\/www.suno.com.br\/noticias\/pao-de-acucar-pcar3-corte-preco-alvo-riscos\/#breadcrumb","itemListElement":[{"@type":"ListItem","position":1,"name":"Not\u00edcias","item":"https:\/\/www.suno.com.br\/noticias\/"},{"@type":"ListItem","position":2,"name":"Neg\u00f3cios","item":"https:\/\/www.suno.com.br\/noticias\/negocios\/"},{"@type":"ListItem","position":3,"name":"P\u00e3o de A\u00e7\u00facar (PCAR3): &#8220;Riscos superam oportunidades&#8221; e analistas cortam pre\u00e7o-alvo"}]},{"@type":"WebSite","@id":"https:\/\/www.suno.com.br\/noticias\/#website","url":"https:\/\/www.suno.com.br\/noticias\/","name":"Suno Not\u00edcias","description":"Seu portal de informa\u00e7\u00e3o sobre o mundo dos investimentos","publisher":{"@id":"https:\/\/www.suno.com.br\/noticias\/#organization"},"potentialAction":[{"@type":"SearchAction","target":{"@type":"EntryPoint","urlTemplate":"https:\/\/www.suno.com.br\/noticias\/?s={search_term_string}"},"query-input":{"@type":"PropertyValueSpecification","valueRequired":true,"valueName":"search_term_string"}}],"inLanguage":"pt-BR"},{"@type":"Organization","@id":"https:\/\/www.suno.com.br\/noticias\/#organization","name":"Suno Not\u00edcias","url":"https:\/\/www.suno.com.br\/noticias\/","logo":{"@type":"ImageObject","inLanguage":"pt-BR","@id":"https:\/\/www.suno.com.br\/noticias\/#\/schema\/logo\/image\/","url":"https:\/\/files.sunoresearch.com.br\/n\/uploads\/2021\/09\/suno-logo.png","contentUrl":"https:\/\/files.sunoresearch.com.br\/n\/uploads\/2021\/09\/suno-logo.png","width":180,"height":180,"caption":"Suno Not\u00edcias"},"image":{"@id":"https:\/\/www.suno.com.br\/noticias\/#\/schema\/logo\/image\/"},"sameAs":["https:\/\/facebook.com\/sunoresearch","https:\/\/x.com\/sunoresearch","https:\/\/www.instagram.com\/suno","https:\/\/www.linkedin.com\/company\/suno-research\/","https:\/\/www.youtube.com\/c\/sunoresearch"]},{"@type":"Person","@id":"https:\/\/www.suno.com.br\/noticias\/#\/schema\/person\/46d847cb19ad53fde0857adca989c23f","name":"Vict\u00f3ria Anhesini","image":{"@type":"ImageObject","inLanguage":"pt-BR","@id":"https:\/\/www.suno.com.br\/noticias\/#\/schema\/person\/image\/","url":"https:\/\/secure.gravatar.com\/avatar\/0172bdfcd9129dd9dd68794804304e6e?s=96&r=g","contentUrl":"https:\/\/secure.gravatar.com\/avatar\/0172bdfcd9129dd9dd68794804304e6e?s=96&r=g","caption":"Vict\u00f3ria Anhesini"},"description":"Rep\u00f3rter no Suno Not\u00edcias, cobre mercados, neg\u00f3cios e economia, escrevendo majoritariamente sobre movimentos das empresas, cobertura de balan\u00e7os trimestrais e Bolsa de Valores. Formada em jornalismo pela Universidade Presbiteriana Mackenzie em 2019, passou pelo portal de economia e finan\u00e7as EuQueroInvestir como rep\u00f3rter e anteriormente, trabalhou na assessoria de imprensa PinePR, onde liderou com startups de inova\u00e7\u00e3o, tecnologia e finan\u00e7as. Em seu tempo livre, fala sobre m\u00fasica para ambos os sites do selo ForMusic, Wikimetal e Mad Sound, e faz trabalho volunt\u00e1rio no programa Escreve Cartas do Poupatempo.","sameAs":["https:\/\/www.linkedin.com\/in\/victoria-anhesini\/"],"url":"https:\/\/www.suno.com.br\/noticias\/author\/victoria\/"}]}},"default_loop_html":"<div class=\"cardsPage__listCard__boxs\"><div class=\"cardsPage__listCard__boxs__img\"><a href=\"https:\/\/www.suno.com.br\/noticias\/pao-de-acucar-pcar3-corte-preco-alvo-riscos\/\"><img class=\"mask\" src=\"https:\/\/www.suno.com.br\/noticias\/wp-content\/themes\/suno\/resources\/images\/spotlight\/spotlight1img\/bg-mask.png\" alt=\"Image Mask\"\/><img src=\"https:\/\/files.sunoresearch.com.br\/n\/uploads\/2022\/02\/Fachada-Unidade-Pao-de-acucar-400x200.jpeg\" alt=\"P\u00e3o de A\u00e7\u00facar (PCAR3): &#8220;Riscos superam oportunidades&#8221; e analistas cortam pre\u00e7o-alvo\"\/><\/a><span class=\"spotlightCategory\"><a href=\"https:\/\/www.suno.com.br\/noticias\/negocios\/\">Neg\u00f3cios<\/a><\/span><\/div><div class=\"cardsPage__listCard__boxs__content\"><a href=\"https:\/\/www.suno.com.br\/noticias\/pao-de-acucar-pcar3-corte-preco-alvo-riscos\/\"><h2 class=\"content__title\">P\u00e3o de A\u00e7\u00facar (PCAR3): &#8220;Riscos superam oportunidades&#8221; e analistas cortam pre\u00e7o-alvo<\/h2><\/a><div class=\"newsContent__article__meta\"><div class=\"newsContent__article__meta__authorBox\"><a href=\"https:\/\/www.suno.com.br\/noticias\/author\/victoria\/\" class=\"authorBox__avatar noMobi\"><img src=\"https:\/\/files.sunoresearch.com.br\/n\/uploads\/2021\/12\/20190129VickyPINEAPPLE01-1-150x150.jpg\" alt=\"Vict\u00f3ria Anhesini\"><\/a><div class=\"authorBox__name\"><span>por\n\t\t\t<a href=\"https:\/\/www.suno.com.br\/noticias\/author\/victoria\/\"><span itemprop=\"author\">Vict\u00f3ria Anhesini<\/span><\/a><\/span><time datetime=\"2022-06-08T15:48:12-03:00\" itemprop=\"datePublished\">08\/06\/2022 15:48<\/time><\/div><\/div><\/div><\/div><\/div>","single_layout":"posts","amp_enabled":true,"_links":{"self":[{"href":"https:\/\/www.suno.com.br\/noticias\/wp-json\/wp\/v2\/posts\/265810"}],"collection":[{"href":"https:\/\/www.suno.com.br\/noticias\/wp-json\/wp\/v2\/posts"}],"about":[{"href":"https:\/\/www.suno.com.br\/noticias\/wp-json\/wp\/v2\/types\/post"}],"author":[{"embeddable":true,"href":"https:\/\/www.suno.com.br\/noticias\/wp-json\/wp\/v2\/users\/146"}],"replies":[{"embeddable":true,"href":"https:\/\/www.suno.com.br\/noticias\/wp-json\/wp\/v2\/comments?post=265810"}],"version-history":[{"count":3,"href":"https:\/\/www.suno.com.br\/noticias\/wp-json\/wp\/v2\/posts\/265810\/revisions"}],"predecessor-version":[{"id":265884,"href":"https:\/\/www.suno.com.br\/noticias\/wp-json\/wp\/v2\/posts\/265810\/revisions\/265884"}],"wp:featuredmedia":[{"embeddable":true,"href":"https:\/\/www.suno.com.br\/noticias\/wp-json\/wp\/v2\/media\/234957"}],"wp:attachment":[{"href":"https:\/\/www.suno.com.br\/noticias\/wp-json\/wp\/v2\/media?parent=265810"}],"wp:term":[{"taxonomy":"category","embeddable":true,"href":"https:\/\/www.suno.com.br\/noticias\/wp-json\/wp\/v2\/categories?post=265810"},{"taxonomy":"post_tag","embeddable":true,"href":"https:\/\/www.suno.com.br\/noticias\/wp-json\/wp\/v2\/tags?post=265810"},{"taxonomy":"suno_strategy","embeddable":true,"href":"https:\/\/www.suno.com.br\/noticias\/wp-json\/wp\/v2\/suno_strategy?post=265810"}],"curies":[{"name":"wp","href":"https:\/\/api.w.org\/{rel}","templated":true}]}}