{"id":265704,"date":"2022-06-08T09:38:17","date_gmt":"2022-06-08T12:38:17","guid":{"rendered":"https:\/\/www.suno.com.br\/noticias\/?p=265704"},"modified":"2022-06-08T09:38:17","modified_gmt":"2022-06-08T12:38:17","slug":"rol-da-ans-stj-julgamento-obrigacoes-planos-saude","status":"publish","type":"post","link":"https:\/\/www.suno.com.br\/noticias\/rol-da-ans-stj-julgamento-obrigacoes-planos-saude\/","title":{"rendered":"Rol taxativo da ANS: STJ julga hoje obriga\u00e7\u00f5es dos planos de sa\u00fade"},"content":{"rendered":"<p>A Segunda Se\u00e7\u00e3o do Superior Tribunal de Justi\u00e7a (STJ) vai retomar, nesta quarta-feira (8), em sess\u00e3o marcada para as 14h, o julgamento se lista de procedimentos da Ag\u00eancia Nacional de Sa\u00fade Suplementar (ANS)\u00a0 de cobertura obrigat\u00f3ria para os planos de sa\u00fade, <strong>rol da ANS<\/strong>, \u00e9 exemplificativa ou taxativa. Essa decis\u00e3o vai afetar o direito de 49 milh\u00f5es de brasileiros clientes de planos de sa\u00fade, mas tamb\u00e9m deve gerar impacto no Sistema \u00danico de Sa\u00fade (SUS).<\/p>\t<div class=\"wrapper-featured-image\">\n\t\t<figure class=\"spotlightImg\">\n\n\t\t\t<picture>\n\t\t\t\t<source media=\"(max-width: 768px)\" srcset=\"https:\/\/files.sunoresearch.com.br\/n\/uploads\/2021\/03\/a062b825-setor-saude1-400x200.webp\">\n\t\t\t\t<img loading=\"lazy\" decoding=\"async\" class=\"newsContent__article__imgCapa lazyloadDisabled \" src=\"https:\/\/files.sunoresearch.com.br\/n\/uploads\/2021\/03\/a062b825-setor-saude1-800x450.webp\" width=\"800\" height=\"450\" alt=\"Rol taxativo da ANS: STJ julga hoje obriga\u00e7\u00f5es dos planos de sa\u00fade\" fetchpriority=high \/>\n\t\t\t<\/picture>\n\n\t\t\t<figcaption class=\"wp-caption-text wp-caption-text--show\">Banco projeta crescimento s\u00f3lido para Rede D&#039;Or e outras empresas do setor.Foto: Pixabay<\/figcaption>\n\t\t<\/figure>\n\t<\/div>\n\n\n\t<p>\n\t\t<a href=\"https:\/\/lp.suno.com.br\/planilha-controle-gastos\/\" target=\"_blank\" data-element=\"shortcode-suno-banner\" title=\"Banner SUNO, clique e saiba mais\">\n\t\t\t<picture>\n\t\t\t\t<source media=\"(max-width: 500px)\" srcset=\"https:\/\/files.sunoresearch.com.br\/n\/uploads\/2023\/03\/400x300-Planilha-controle-de-gastos.png\">\n\t\t\t\t<img class=\"newsContent__article__imgCapa newsContent__article__imgCapa--banner\"\n\t\t\t\t\tsrc=\"https:\/\/files.sunoresearch.com.br\/n\/uploads\/2023\/03\/1420x240-Planilha-controle-de-gastos.png\"\n\t\t\t\t\tdata-promo-id=\"101751\"\t\t\t\t\t\t\t\t\t\twidth='1420' height='240'\t\t\t\t\talt=\"https:\/\/files.sunoresearch.com.br\/n\/uploads\/2023\/03\/1420x240-Planilha-controle-de-gastos.png\"\n\t\t\t\t>\n\t\t\t<\/picture>\n\t\t<\/a>\n\t<\/p>\n\n\n<p>O STJ vai definir se o rol da ANS, a lista de exames, consultas, cirurgias e tratamentos devem ser obrigatoriamente cobertos pelos planos de sa\u00fade.<\/p>\n<p>Atualmente, o entendimento \u00e9 que o rol (a lista) \u00e9 <strong>exemplificativo<\/strong>, ou seja, os planos de sa\u00fade s\u00e3o obrigados a cobrir o que \u00e9 prescrito pelo m\u00e9dico, necess\u00e1rio ao tratamento do paciente, ainda que o procedimento n\u00e3o esteja inclu\u00eddo no rol.<\/p>\n<p>No entanto, a ANS e as operadoras defendem que o rol deve ser <strong>taxativo<\/strong>, o que significa que a cobertura dever\u00e1 ser obrigat\u00f3ria apenas para o que estiver na lista.<\/p>\n<p>Se a decis\u00e3o do STJ for favor\u00e1vel \u00e0 ANS, as operadoras n\u00e3o ser\u00e3o obrigadas a custear tratamentos e indica\u00e7\u00f5es m\u00e9dicas que n\u00e3o estejam na <strong>lista da ANS<\/strong>.<\/p>\n<p>O julgamento volta \u00e0 se\u00e7\u00e3o com voto-vista do ministro Villas B\u00f4as Cueva. Antes dele, j\u00e1 votaram o relator dos embargos, ministro Luis Felipe Salom\u00e3o \u2013 para quem o rol \u00e9 taxativo, mas admite exce\u00e7\u00f5es \u2013, e a ministra Nancy Andrighi \u2013 segundo a qual a lista da ANS \u00e9 meramente exemplificativa.<\/p>\n<p>Al\u00e9m do ministro Cueva, devem votar outros seis magistrados. Em regra o presidente do colegiado s\u00f3 vota em caso de empate no julgamento.<\/p>\n\t<p>\n\t\t<a href=\"\" target=\"_blank\" data-element=\"shortcode-suno-banner\" title=\"Banner SUNO, clique e saiba mais\">\n\t\t\t<picture>\n\t\t\t\t<source media=\"(max-width: 500px)\" srcset=\"\">\n\t\t\t\t<img class=\"newsContent__article__imgCapa newsContent__article__imgCapa--banner\"\n\t\t\t\t\tsrc=\"\"\n\t\t\t\t\tdata-promo-id=\"138420\"\t\t\t\t\t\t\t\t\t\t\t\t\t\t\talt=\"\"\n\t\t\t\t>\n\t\t\t<\/picture>\n\t\t<\/a>\n\t<\/p>\n\n\n<h2>Impactos da Rol da ANS<\/h2>\n<p>O advogado Rafael Robba escreveu ao jornal O Estado de S.Paulo que, a lei que criou a ANS, em 2000, diz expressamente que o rol \u00e9 uma refer\u00eancia b\u00e1sica de cobertura, e que, portanto, n\u00e3o deu poder \u00e0 ag\u00eancia de limitar as coberturas previstas na lei anterior.<\/p>\n\t<div data-element=\"shortcode-read-more\" class=\"knowMore\">\n\t\t\t\t<span class=\"knowMore__title\">Veja Tamb\u00e9m<\/span>\n\t\t\t\t<a class=\"knowMore__link\" href=\"https:\/\/www.suno.com.br\/noticias\/ans-autoriza-reajuste-planos-saude\/\">\n\t\t\tANS aprova aumento de at\u00e9 15,5% para planos de sa\u00fade, o maior em 22 anos\t\t<\/a>\n\t<\/div>\n\n\n<p>Al\u00e9m disso, o advogado acrescenta que essa decis\u00e3o vai contra ao C\u00f3digo de Defesa do Consumidor e na Lei dos Planos de Sa\u00fade. &#8220;Negar cobertura de exames e procedimentos a quem paga mensalmente um plano de sa\u00fade, \u00e9 o mesmo que recusar o acesso do paciente ao diagn\u00f3stico e tratamento de sua doen\u00e7a ou problema de sa\u00fade. A negativa \u00e9, portanto, abusiva e nula de pleno direito.&#8221;<\/p>\n<p>Al\u00e9m de clientes de planos de sa\u00fade, o SUS tamb\u00e9m pode ser afetado pela decis\u00e3o do<strong> rol da ANS<\/strong>, segundo o advogado. &#8220;Historicamente, \u00e9 o SUS que, mesmo subfinanciado, arca com os procedimentos de m\u00e9dia e alta complexidade exclu\u00eddos do mercado de sa\u00fade suplementar. As negativas de cobertura e a disputa de interpreta\u00e7\u00f5es sobre o rol expressam quest\u00f5es mais profundas.&#8221;<\/p>\n\t<p>\n\t\t<a href=\"https:\/\/lp.suno.com.br\/planilha-de-controle-de-investimentos\/\" target=\"_blank\" data-element=\"shortcode-suno-banner\" title=\"Banner SUNO, clique e saiba mais\">\n\t\t\t<picture>\n\t\t\t\t<source media=\"(max-width: 500px)\" srcset=\"https:\/\/files.sunoresearch.com.br\/n\/uploads\/2023\/03\/400x300-Controle-de-Investimentos.png\">\n\t\t\t\t<img class=\"newsContent__article__imgCapa newsContent__article__imgCapa--banner\"\n\t\t\t\t\tsrc=\"https:\/\/files.sunoresearch.com.br\/n\/uploads\/2023\/03\/1420x240-Controle-de-Investimentos.png\"\n\t\t\t\t\tdata-promo-id=\"75934\"\t\t\t\t\t\t\t\t\t\twidth='1420' height='240'\t\t\t\t\talt=\"https:\/\/files.sunoresearch.com.br\/n\/uploads\/2023\/03\/1420x240-Controle-de-Investimentos.png\"\n\t\t\t\t>\n\t\t\t<\/picture>\n\t\t<\/a>\n\t<\/p>\n\n\n","protected":false},"excerpt":{"rendered":"<p>A Segunda Se\u00e7\u00e3o do Superior Tribunal de Justi\u00e7a (STJ) vai retomar, nesta quarta-feira (8), em sess\u00e3o marcada para as 14h, o julgamento se lista de procedimentos da Ag\u00eancia Nacional de Sa\u00fade Suplementar (ANS)\u00a0 de cobertura obrigat\u00f3ria para os planos de sa\u00fade, rol da ANS, \u00e9 exemplificativa ou taxativa. Essa decis\u00e3o vai afetar o direito de [&hellip;]<\/p>\n","protected":false},"author":15,"featured_media":130481,"comment_status":"closed","ping_status":"closed","sticky":false,"template":"","format":"standard","meta":[],"categories":[62],"tags":[1208],"suno_strategy":[],"class_list":["post-265704","post","type-post","status-publish","format-standard","has-post-thumbnail","hentry","category-economia","tag-ans"],"yoast_head":"<!-- This site is optimized with the Yoast SEO plugin v24.4 - https:\/\/yoast.com\/wordpress\/plugins\/seo\/ -->\n<title>Rol da ANS: STJ retoma julgamento sobre as obriga\u00e7\u00f5es dos planos<\/title>\n<meta name=\"description\" content=\"O STJ vai retomar o julgamento se o rol da ANS\u00a0de cobertura obrigat\u00f3ria para os planos de sa\u00fade, \u00e9 exemplificativa ou taxativa. Entenda aqui\" \/>\n<meta name=\"robots\" content=\"index, follow, max-snippet:-1, max-image-preview:large, max-video-preview:-1\" \/>\n<link rel=\"canonical\" href=\"https:\/\/www.suno.com.br\/noticias\/rol-da-ans-stj-julgamento-obrigacoes-planos-saude\/\" \/>\n<meta property=\"og:locale\" content=\"pt_BR\" \/>\n<meta property=\"og:type\" content=\"article\" \/>\n<meta property=\"og:title\" content=\"Rol da ANS: STJ retoma julgamento sobre as obriga\u00e7\u00f5es dos planos\" \/>\n<meta property=\"og:description\" content=\"O STJ vai retomar o julgamento se o rol da ANS\u00a0de cobertura obrigat\u00f3ria para os planos de sa\u00fade, \u00e9 exemplificativa ou taxativa. Entenda aqui\" \/>\n<meta property=\"og:url\" content=\"https:\/\/www.suno.com.br\/noticias\/rol-da-ans-stj-julgamento-obrigacoes-planos-saude\/\" \/>\n<meta property=\"og:site_name\" content=\"Suno Not\u00edcias\" \/>\n<meta property=\"article:publisher\" content=\"https:\/\/facebook.com\/sunoresearch\" \/>\n<meta property=\"og:image\" content=\"https:\/\/files.sunoresearch.com.br\/n\/uploads\/2021\/03\/a062b825-setor-saude1.jpg\" \/>\n\t<meta property=\"og:image:width\" content=\"1200\" \/>\n\t<meta property=\"og:image:height\" content=\"799\" \/>\n\t<meta property=\"og:image:type\" content=\"image\/jpeg\" \/>\n<meta name=\"author\" content=\"Poliana Santos\" \/>\n<meta name=\"twitter:card\" content=\"summary_large_image\" \/>\n<meta name=\"twitter:creator\" content=\"@sunoresearch\" \/>\n<meta name=\"twitter:site\" content=\"@sunoresearch\" \/>\n<meta name=\"twitter:label1\" content=\"Escrito por\" \/>\n\t<meta name=\"twitter:data1\" content=\"Poliana Santos\" \/>\n\t<meta name=\"twitter:label2\" content=\"Est. tempo de leitura\" \/>\n\t<meta name=\"twitter:data2\" content=\"3 minutos\" \/>\n<script type=\"application\/ld+json\" class=\"yoast-schema-graph\">{\"@context\":\"https:\/\/schema.org\",\"@graph\":[{\"@type\":\"NewsArticle\",\"@id\":\"https:\/\/www.suno.com.br\/noticias\/rol-da-ans-stj-julgamento-obrigacoes-planos-saude\/#article\",\"isPartOf\":{\"@id\":\"https:\/\/www.suno.com.br\/noticias\/rol-da-ans-stj-julgamento-obrigacoes-planos-saude\/\"},\"author\":{\"name\":\"Poliana Santos\",\"@id\":\"https:\/\/www.suno.com.br\/noticias\/#\/schema\/person\/02ec1f752758247878a2bf4abee1aeda\"},\"headline\":\"Rol taxativo da ANS: STJ julga hoje obriga\u00e7\u00f5es dos planos de sa\u00fade\",\"datePublished\":\"2022-06-08T12:38:17+00:00\",\"mainEntityOfPage\":{\"@id\":\"https:\/\/www.suno.com.br\/noticias\/rol-da-ans-stj-julgamento-obrigacoes-planos-saude\/\"},\"wordCount\":517,\"publisher\":{\"@id\":\"https:\/\/www.suno.com.br\/noticias\/#organization\"},\"image\":{\"@id\":\"https:\/\/www.suno.com.br\/noticias\/rol-da-ans-stj-julgamento-obrigacoes-planos-saude\/#primaryimage\"},\"thumbnailUrl\":\"https:\/\/files.sunoresearch.com.br\/n\/uploads\/2021\/03\/a062b825-setor-saude1-jpg.webp\",\"keywords\":[\"ANS\"],\"articleSection\":[\"Economia\"],\"inLanguage\":\"pt-BR\"},{\"@type\":\"WebPage\",\"@id\":\"https:\/\/www.suno.com.br\/noticias\/rol-da-ans-stj-julgamento-obrigacoes-planos-saude\/\",\"url\":\"https:\/\/www.suno.com.br\/noticias\/rol-da-ans-stj-julgamento-obrigacoes-planos-saude\/\",\"name\":\"Rol da ANS: STJ retoma julgamento sobre as obriga\u00e7\u00f5es dos planos\",\"isPartOf\":{\"@id\":\"https:\/\/www.suno.com.br\/noticias\/#website\"},\"primaryImageOfPage\":{\"@id\":\"https:\/\/www.suno.com.br\/noticias\/rol-da-ans-stj-julgamento-obrigacoes-planos-saude\/#primaryimage\"},\"image\":{\"@id\":\"https:\/\/www.suno.com.br\/noticias\/rol-da-ans-stj-julgamento-obrigacoes-planos-saude\/#primaryimage\"},\"thumbnailUrl\":\"https:\/\/files.sunoresearch.com.br\/n\/uploads\/2021\/03\/a062b825-setor-saude1-jpg.webp\",\"datePublished\":\"2022-06-08T12:38:17+00:00\",\"description\":\"O STJ vai retomar o julgamento se o rol da ANS\u00a0de cobertura obrigat\u00f3ria para os planos de sa\u00fade, \u00e9 exemplificativa ou taxativa. Entenda aqui\",\"breadcrumb\":{\"@id\":\"https:\/\/www.suno.com.br\/noticias\/rol-da-ans-stj-julgamento-obrigacoes-planos-saude\/#breadcrumb\"},\"inLanguage\":\"pt-BR\",\"potentialAction\":[{\"@type\":\"ReadAction\",\"target\":[\"https:\/\/www.suno.com.br\/noticias\/rol-da-ans-stj-julgamento-obrigacoes-planos-saude\/\"]}]},{\"@type\":\"ImageObject\",\"inLanguage\":\"pt-BR\",\"@id\":\"https:\/\/www.suno.com.br\/noticias\/rol-da-ans-stj-julgamento-obrigacoes-planos-saude\/#primaryimage\",\"url\":\"https:\/\/files.sunoresearch.com.br\/n\/uploads\/2021\/03\/a062b825-setor-saude1-jpg.webp\",\"contentUrl\":\"https:\/\/files.sunoresearch.com.br\/n\/uploads\/2021\/03\/a062b825-setor-saude1-jpg.webp\",\"width\":1200,\"height\":799,\"caption\":\"Banco projeta crescimento s\u00f3lido para Rede D'Or e outras empresas do setor.Foto: Pixabay\"},{\"@type\":\"BreadcrumbList\",\"@id\":\"https:\/\/www.suno.com.br\/noticias\/rol-da-ans-stj-julgamento-obrigacoes-planos-saude\/#breadcrumb\",\"itemListElement\":[{\"@type\":\"ListItem\",\"position\":1,\"name\":\"Not\u00edcias\",\"item\":\"https:\/\/www.suno.com.br\/noticias\/\"},{\"@type\":\"ListItem\",\"position\":2,\"name\":\"Economia\",\"item\":\"https:\/\/www.suno.com.br\/noticias\/economia\/\"},{\"@type\":\"ListItem\",\"position\":3,\"name\":\"Rol taxativo da ANS: STJ julga hoje obriga\u00e7\u00f5es dos planos de sa\u00fade\"}]},{\"@type\":\"WebSite\",\"@id\":\"https:\/\/www.suno.com.br\/noticias\/#website\",\"url\":\"https:\/\/www.suno.com.br\/noticias\/\",\"name\":\"Suno Not\u00edcias\",\"description\":\"Seu portal de informa\u00e7\u00e3o sobre o mundo dos investimentos\",\"publisher\":{\"@id\":\"https:\/\/www.suno.com.br\/noticias\/#organization\"},\"potentialAction\":[{\"@type\":\"SearchAction\",\"target\":{\"@type\":\"EntryPoint\",\"urlTemplate\":\"https:\/\/www.suno.com.br\/noticias\/?s={search_term_string}\"},\"query-input\":{\"@type\":\"PropertyValueSpecification\",\"valueRequired\":true,\"valueName\":\"search_term_string\"}}],\"inLanguage\":\"pt-BR\"},{\"@type\":\"Organization\",\"@id\":\"https:\/\/www.suno.com.br\/noticias\/#organization\",\"name\":\"Suno Not\u00edcias\",\"url\":\"https:\/\/www.suno.com.br\/noticias\/\",\"logo\":{\"@type\":\"ImageObject\",\"inLanguage\":\"pt-BR\",\"@id\":\"https:\/\/www.suno.com.br\/noticias\/#\/schema\/logo\/image\/\",\"url\":\"https:\/\/files.sunoresearch.com.br\/n\/uploads\/2021\/09\/suno-logo.png\",\"contentUrl\":\"https:\/\/files.sunoresearch.com.br\/n\/uploads\/2021\/09\/suno-logo.png\",\"width\":180,\"height\":180,\"caption\":\"Suno Not\u00edcias\"},\"image\":{\"@id\":\"https:\/\/www.suno.com.br\/noticias\/#\/schema\/logo\/image\/\"},\"sameAs\":[\"https:\/\/facebook.com\/sunoresearch\",\"https:\/\/x.com\/sunoresearch\",\"https:\/\/www.instagram.com\/suno\",\"https:\/\/www.linkedin.com\/company\/suno-research\/\",\"https:\/\/www.youtube.com\/c\/sunoresearch\"]},{\"@type\":\"Person\",\"@id\":\"https:\/\/www.suno.com.br\/noticias\/#\/schema\/person\/02ec1f752758247878a2bf4abee1aeda\",\"name\":\"Poliana Santos\",\"image\":{\"@type\":\"ImageObject\",\"inLanguage\":\"pt-BR\",\"@id\":\"https:\/\/www.suno.com.br\/noticias\/#\/schema\/person\/image\/\",\"url\":\"https:\/\/secure.gravatar.com\/avatar\/0645bd32f23d87b2130f2b2dff1d3f8d?s=96&r=g\",\"contentUrl\":\"https:\/\/secure.gravatar.com\/avatar\/0645bd32f23d87b2130f2b2dff1d3f8d?s=96&r=g\",\"caption\":\"Poliana Santos\"},\"description\":\"Rep\u00f3rter no Suno Not\u00edcias, com cobertura em mercado financeiro, economia, finan\u00e7as pessoais, renda fixa e varejo. Jornalista formada pela Faculdade C\u00e1sper L\u00edbero e possui passagem na R\u00e1dio Gazeta AM com a produ\u00e7\u00e3o de conte\u00fado sobre economia, pol\u00edtica, sa\u00fade, moda e m\u00fasica. Possui certificado de conclus\u00e3o do curso de An\u00e1lise de Balan\u00e7os pela Funda\u00e7\u00e3o Bradesco, Agenda Brasil pela FAAP, Educa\u00e7\u00e3o Pol\u00edtica por Alexandre Garcia e do Tesouro Direto e Mercado de A\u00e7\u00f5es pela B3.\",\"url\":\"https:\/\/www.suno.com.br\/noticias\/author\/poliana-santos\/\"}]}<\/script>\n<!-- \/ Yoast SEO plugin. -->","yoast_head_json":{"title":"Rol da ANS: STJ retoma julgamento sobre as obriga\u00e7\u00f5es dos planos","description":"O STJ vai retomar o julgamento se o rol da ANS\u00a0de cobertura obrigat\u00f3ria para os planos de sa\u00fade, \u00e9 exemplificativa ou taxativa. Entenda aqui","robots":{"index":"index","follow":"follow","max-snippet":"max-snippet:-1","max-image-preview":"max-image-preview:large","max-video-preview":"max-video-preview:-1"},"canonical":"https:\/\/www.suno.com.br\/noticias\/rol-da-ans-stj-julgamento-obrigacoes-planos-saude\/","og_locale":"pt_BR","og_type":"article","og_title":"Rol da ANS: STJ retoma julgamento sobre as obriga\u00e7\u00f5es dos planos","og_description":"O STJ vai retomar o julgamento se o rol da ANS\u00a0de cobertura obrigat\u00f3ria para os planos de sa\u00fade, \u00e9 exemplificativa ou taxativa. Entenda aqui","og_url":"https:\/\/www.suno.com.br\/noticias\/rol-da-ans-stj-julgamento-obrigacoes-planos-saude\/","og_site_name":"Suno Not\u00edcias","article_publisher":"https:\/\/facebook.com\/sunoresearch","og_image":[{"width":1200,"height":799,"url":"https:\/\/files.sunoresearch.com.br\/n\/uploads\/2021\/03\/a062b825-setor-saude1.jpg","type":"image\/jpeg"}],"author":"Poliana Santos","twitter_card":"summary_large_image","twitter_creator":"@sunoresearch","twitter_site":"@sunoresearch","twitter_misc":{"Escrito por":"Poliana Santos","Est. tempo de leitura":"3 minutos"},"schema":{"@context":"https:\/\/schema.org","@graph":[{"@type":"NewsArticle","@id":"https:\/\/www.suno.com.br\/noticias\/rol-da-ans-stj-julgamento-obrigacoes-planos-saude\/#article","isPartOf":{"@id":"https:\/\/www.suno.com.br\/noticias\/rol-da-ans-stj-julgamento-obrigacoes-planos-saude\/"},"author":{"name":"Poliana Santos","@id":"https:\/\/www.suno.com.br\/noticias\/#\/schema\/person\/02ec1f752758247878a2bf4abee1aeda"},"headline":"Rol taxativo da ANS: STJ julga hoje obriga\u00e7\u00f5es dos planos de sa\u00fade","datePublished":"2022-06-08T12:38:17+00:00","mainEntityOfPage":{"@id":"https:\/\/www.suno.com.br\/noticias\/rol-da-ans-stj-julgamento-obrigacoes-planos-saude\/"},"wordCount":517,"publisher":{"@id":"https:\/\/www.suno.com.br\/noticias\/#organization"},"image":{"@id":"https:\/\/www.suno.com.br\/noticias\/rol-da-ans-stj-julgamento-obrigacoes-planos-saude\/#primaryimage"},"thumbnailUrl":"https:\/\/files.sunoresearch.com.br\/n\/uploads\/2021\/03\/a062b825-setor-saude1-jpg.webp","keywords":["ANS"],"articleSection":["Economia"],"inLanguage":"pt-BR"},{"@type":"WebPage","@id":"https:\/\/www.suno.com.br\/noticias\/rol-da-ans-stj-julgamento-obrigacoes-planos-saude\/","url":"https:\/\/www.suno.com.br\/noticias\/rol-da-ans-stj-julgamento-obrigacoes-planos-saude\/","name":"Rol da ANS: STJ retoma julgamento sobre as obriga\u00e7\u00f5es dos planos","isPartOf":{"@id":"https:\/\/www.suno.com.br\/noticias\/#website"},"primaryImageOfPage":{"@id":"https:\/\/www.suno.com.br\/noticias\/rol-da-ans-stj-julgamento-obrigacoes-planos-saude\/#primaryimage"},"image":{"@id":"https:\/\/www.suno.com.br\/noticias\/rol-da-ans-stj-julgamento-obrigacoes-planos-saude\/#primaryimage"},"thumbnailUrl":"https:\/\/files.sunoresearch.com.br\/n\/uploads\/2021\/03\/a062b825-setor-saude1-jpg.webp","datePublished":"2022-06-08T12:38:17+00:00","description":"O STJ vai retomar o julgamento se o rol da ANS\u00a0de cobertura obrigat\u00f3ria para os planos de sa\u00fade, \u00e9 exemplificativa ou taxativa. Entenda aqui","breadcrumb":{"@id":"https:\/\/www.suno.com.br\/noticias\/rol-da-ans-stj-julgamento-obrigacoes-planos-saude\/#breadcrumb"},"inLanguage":"pt-BR","potentialAction":[{"@type":"ReadAction","target":["https:\/\/www.suno.com.br\/noticias\/rol-da-ans-stj-julgamento-obrigacoes-planos-saude\/"]}]},{"@type":"ImageObject","inLanguage":"pt-BR","@id":"https:\/\/www.suno.com.br\/noticias\/rol-da-ans-stj-julgamento-obrigacoes-planos-saude\/#primaryimage","url":"https:\/\/files.sunoresearch.com.br\/n\/uploads\/2021\/03\/a062b825-setor-saude1-jpg.webp","contentUrl":"https:\/\/files.sunoresearch.com.br\/n\/uploads\/2021\/03\/a062b825-setor-saude1-jpg.webp","width":1200,"height":799,"caption":"Banco projeta crescimento s\u00f3lido para Rede D'Or e outras empresas do setor.Foto: Pixabay"},{"@type":"BreadcrumbList","@id":"https:\/\/www.suno.com.br\/noticias\/rol-da-ans-stj-julgamento-obrigacoes-planos-saude\/#breadcrumb","itemListElement":[{"@type":"ListItem","position":1,"name":"Not\u00edcias","item":"https:\/\/www.suno.com.br\/noticias\/"},{"@type":"ListItem","position":2,"name":"Economia","item":"https:\/\/www.suno.com.br\/noticias\/economia\/"},{"@type":"ListItem","position":3,"name":"Rol taxativo da ANS: STJ julga hoje obriga\u00e7\u00f5es dos planos de sa\u00fade"}]},{"@type":"WebSite","@id":"https:\/\/www.suno.com.br\/noticias\/#website","url":"https:\/\/www.suno.com.br\/noticias\/","name":"Suno Not\u00edcias","description":"Seu portal de informa\u00e7\u00e3o sobre o mundo dos investimentos","publisher":{"@id":"https:\/\/www.suno.com.br\/noticias\/#organization"},"potentialAction":[{"@type":"SearchAction","target":{"@type":"EntryPoint","urlTemplate":"https:\/\/www.suno.com.br\/noticias\/?s={search_term_string}"},"query-input":{"@type":"PropertyValueSpecification","valueRequired":true,"valueName":"search_term_string"}}],"inLanguage":"pt-BR"},{"@type":"Organization","@id":"https:\/\/www.suno.com.br\/noticias\/#organization","name":"Suno Not\u00edcias","url":"https:\/\/www.suno.com.br\/noticias\/","logo":{"@type":"ImageObject","inLanguage":"pt-BR","@id":"https:\/\/www.suno.com.br\/noticias\/#\/schema\/logo\/image\/","url":"https:\/\/files.sunoresearch.com.br\/n\/uploads\/2021\/09\/suno-logo.png","contentUrl":"https:\/\/files.sunoresearch.com.br\/n\/uploads\/2021\/09\/suno-logo.png","width":180,"height":180,"caption":"Suno Not\u00edcias"},"image":{"@id":"https:\/\/www.suno.com.br\/noticias\/#\/schema\/logo\/image\/"},"sameAs":["https:\/\/facebook.com\/sunoresearch","https:\/\/x.com\/sunoresearch","https:\/\/www.instagram.com\/suno","https:\/\/www.linkedin.com\/company\/suno-research\/","https:\/\/www.youtube.com\/c\/sunoresearch"]},{"@type":"Person","@id":"https:\/\/www.suno.com.br\/noticias\/#\/schema\/person\/02ec1f752758247878a2bf4abee1aeda","name":"Poliana Santos","image":{"@type":"ImageObject","inLanguage":"pt-BR","@id":"https:\/\/www.suno.com.br\/noticias\/#\/schema\/person\/image\/","url":"https:\/\/secure.gravatar.com\/avatar\/0645bd32f23d87b2130f2b2dff1d3f8d?s=96&r=g","contentUrl":"https:\/\/secure.gravatar.com\/avatar\/0645bd32f23d87b2130f2b2dff1d3f8d?s=96&r=g","caption":"Poliana Santos"},"description":"Rep\u00f3rter no Suno Not\u00edcias, com cobertura em mercado financeiro, economia, finan\u00e7as pessoais, renda fixa e varejo. Jornalista formada pela Faculdade C\u00e1sper L\u00edbero e possui passagem na R\u00e1dio Gazeta AM com a produ\u00e7\u00e3o de conte\u00fado sobre economia, pol\u00edtica, sa\u00fade, moda e m\u00fasica. Possui certificado de conclus\u00e3o do curso de An\u00e1lise de Balan\u00e7os pela Funda\u00e7\u00e3o Bradesco, Agenda Brasil pela FAAP, Educa\u00e7\u00e3o Pol\u00edtica por Alexandre Garcia e do Tesouro Direto e Mercado de A\u00e7\u00f5es pela B3.","url":"https:\/\/www.suno.com.br\/noticias\/author\/poliana-santos\/"}]}},"default_loop_html":"<div class=\"cardsPage__listCard__boxs\"><div class=\"cardsPage__listCard__boxs__img\"><a href=\"https:\/\/www.suno.com.br\/noticias\/rol-da-ans-stj-julgamento-obrigacoes-planos-saude\/\"><img class=\"mask\" src=\"https:\/\/www.suno.com.br\/noticias\/wp-content\/themes\/suno\/resources\/images\/spotlight\/spotlight1img\/bg-mask.png\" alt=\"Image Mask\"\/><img src=\"https:\/\/files.sunoresearch.com.br\/n\/uploads\/2021\/03\/a062b825-setor-saude1-400x200.webp\" alt=\"Rol taxativo da ANS: STJ julga hoje obriga\u00e7\u00f5es dos planos de sa\u00fade\"\/><\/a><span class=\"spotlightCategory\"><a href=\"https:\/\/www.suno.com.br\/noticias\/economia\/\">Economia<\/a><\/span><\/div><div class=\"cardsPage__listCard__boxs__content\"><a href=\"https:\/\/www.suno.com.br\/noticias\/rol-da-ans-stj-julgamento-obrigacoes-planos-saude\/\"><h2 class=\"content__title\">Rol taxativo da ANS: STJ julga hoje obriga\u00e7\u00f5es dos planos de sa\u00fade<\/h2><\/a><div class=\"newsContent__article__meta\"><div class=\"newsContent__article__meta__authorBox\"><a href=\"https:\/\/www.suno.com.br\/noticias\/author\/poliana-santos\/\" class=\"authorBox__avatar noMobi\"><img src=\"https:\/\/files.sunoresearch.com.br\/n\/uploads\/2020\/08\/7ef34026-whatsapp-image-2020-08-03-at-12.37.57-150x150.webp\" alt=\"Poliana Santos\"><\/a><div class=\"authorBox__name\"><span>por\n\t\t\t<a href=\"https:\/\/www.suno.com.br\/noticias\/author\/poliana-santos\/\"><span itemprop=\"author\">Poliana Santos<\/span><\/a><\/span><time datetime=\"2022-06-08T09:38:17-03:00\" itemprop=\"datePublished\">08\/06\/2022 09:38<\/time><\/div><\/div><\/div><\/div><\/div>","single_layout":"posts","amp_enabled":true,"_links":{"self":[{"href":"https:\/\/www.suno.com.br\/noticias\/wp-json\/wp\/v2\/posts\/265704"}],"collection":[{"href":"https:\/\/www.suno.com.br\/noticias\/wp-json\/wp\/v2\/posts"}],"about":[{"href":"https:\/\/www.suno.com.br\/noticias\/wp-json\/wp\/v2\/types\/post"}],"author":[{"embeddable":true,"href":"https:\/\/www.suno.com.br\/noticias\/wp-json\/wp\/v2\/users\/15"}],"replies":[{"embeddable":true,"href":"https:\/\/www.suno.com.br\/noticias\/wp-json\/wp\/v2\/comments?post=265704"}],"version-history":[{"count":3,"href":"https:\/\/www.suno.com.br\/noticias\/wp-json\/wp\/v2\/posts\/265704\/revisions"}],"predecessor-version":[{"id":265717,"href":"https:\/\/www.suno.com.br\/noticias\/wp-json\/wp\/v2\/posts\/265704\/revisions\/265717"}],"wp:featuredmedia":[{"embeddable":true,"href":"https:\/\/www.suno.com.br\/noticias\/wp-json\/wp\/v2\/media\/130481"}],"wp:attachment":[{"href":"https:\/\/www.suno.com.br\/noticias\/wp-json\/wp\/v2\/media?parent=265704"}],"wp:term":[{"taxonomy":"category","embeddable":true,"href":"https:\/\/www.suno.com.br\/noticias\/wp-json\/wp\/v2\/categories?post=265704"},{"taxonomy":"post_tag","embeddable":true,"href":"https:\/\/www.suno.com.br\/noticias\/wp-json\/wp\/v2\/tags?post=265704"},{"taxonomy":"suno_strategy","embeddable":true,"href":"https:\/\/www.suno.com.br\/noticias\/wp-json\/wp\/v2\/suno_strategy?post=265704"}],"curies":[{"name":"wp","href":"https:\/\/api.w.org\/{rel}","templated":true}]}}