{"id":265668,"date":"2022-06-08T09:11:36","date_gmt":"2022-06-08T12:11:36","guid":{"rendered":"https:\/\/www.suno.com.br\/noticias\/?p=265668"},"modified":"2022-06-08T09:11:36","modified_gmt":"2022-06-08T12:11:36","slug":"acoes-eletrobras-elet3-fgts-hoje-reserva","status":"publish","type":"post","link":"https:\/\/www.suno.com.br\/noticias\/acoes-eletrobras-elet3-fgts-hoje-reserva\/","title":{"rendered":"Reserva de a\u00e7\u00f5es da Eletrobras (ELET3) com FGTS acaba hoje \u00e0s 12h; saiba tudo aqui"},"content":{"rendered":"<p>O trabalhador que tem conta no <a class=\"suno-keyword\" href=\"https:\/\/www.suno.com.br\/artigos\/fgts\/\" target=\"_blank\" rel=\"noopener\" data-force=\"no\" data-priority=\"3\">Fundo de Garantia do Tempo de Servi\u00e7o (FGTS)<\/a> precisa ficar atento. O prazo para reservar a\u00e7\u00f5es da <a class=\"suno-keyword\" href=\"https:\/\/www.suno.com.br\/acoes\/ELET3\/\" target=\"_blank\" rel=\"noopener\" data-force=\"yes\" data-priority=\"2\"><strong>Eletrobras<\/strong> (ELET3)<\/a> com recursos do FGTS acaba hoje (8) \u00e0s 12h. Como a companhia est\u00e1 em processo de privatiza\u00e7\u00e3o por venda de a\u00e7\u00f5es, o governo est\u00e1 vendendo pap\u00e9is para reduzir a participa\u00e7\u00e3o na empresa a, no m\u00e1ximo, 45%.<img decoding=\"async\" style=\"width: 1px; height: 1px;\" src=\"https:\/\/agenciabrasil.ebc.com.br\/ebc.png?id=1464432&amp;o=rss\" \/><img decoding=\"async\" style=\"width: 1px; height: 1px;\" src=\"https:\/\/agenciabrasil.ebc.com.br\/ebc.gif?id=1464432&amp;o=rss\" \/><\/p>\t<div class=\"wrapper-featured-image\">\n\t\t<figure class=\"spotlightImg\">\n\n\t\t\t<picture>\n\t\t\t\t<source media=\"(max-width: 768px)\" srcset=\"https:\/\/files.sunoresearch.com.br\/n\/uploads\/2021\/02\/c3b3f26a-eletrobras-400x200.webp\">\n\t\t\t\t<img loading=\"lazy\" decoding=\"async\" class=\"newsContent__article__imgCapa lazyloadDisabled \" src=\"https:\/\/files.sunoresearch.com.br\/n\/uploads\/2021\/02\/c3b3f26a-eletrobras-800x450.webp\" width=\"800\" height=\"450\" alt=\"Reserva de a\u00e7\u00f5es da Eletrobras (ELET3) com FGTS acaba hoje \u00e0s 12h; saiba tudo aqui\" fetchpriority=high \/>\n\t\t\t<\/picture>\n\n\t\t\t<figcaption class=\"wp-caption-text wp-caption-text--show\">Eletrobras (ELET3). Foto: Divulga\u00e7\u00e3o.<\/figcaption>\n\t\t<\/figure>\n\t<\/div>\n\n\n\t<p>\n\t\t<a href=\"https:\/\/lp.suno.com.br\/planilha-controle-gastos\/\" target=\"_blank\" data-element=\"shortcode-suno-banner\" title=\"Banner SUNO, clique e saiba mais\">\n\t\t\t<picture>\n\t\t\t\t<source media=\"(max-width: 500px)\" srcset=\"https:\/\/files.sunoresearch.com.br\/n\/uploads\/2023\/03\/400x300-Planilha-controle-de-gastos.png\">\n\t\t\t\t<img class=\"newsContent__article__imgCapa newsContent__article__imgCapa--banner\"\n\t\t\t\t\tsrc=\"https:\/\/files.sunoresearch.com.br\/n\/uploads\/2023\/03\/1420x240-Planilha-controle-de-gastos.png\"\n\t\t\t\t\tdata-promo-id=\"101751\"\t\t\t\t\t\t\t\t\t\twidth='1420' height='240'\t\t\t\t\talt=\"https:\/\/files.sunoresearch.com.br\/n\/uploads\/2023\/03\/1420x240-Planilha-controle-de-gastos.png\"\n\t\t\t\t>\n\t\t\t<\/picture>\n\t\t<\/a>\n\t<\/p>\n\n\n<p>Amanh\u00e3 (9), haver\u00e1 a defini\u00e7\u00e3o do pre\u00e7o das a\u00e7\u00f5es, em processo que envolve os fundos de investimento, os bancos e a Eletrobras. As pessoas f\u00edsicas n\u00e3o participar\u00e3o do processo. No dia 14, ocorrer\u00e1 a liquida\u00e7\u00e3o do investimento, com a parcela aplicada passando a ser corrigida pela varia\u00e7\u00e3o do pre\u00e7o das a\u00e7\u00f5es da empresa el\u00e9trica.<\/p>\n<p>A companhia reservou at\u00e9 R$ 6 bilh\u00f5es para que trabalhadores <strong>comprem a\u00e7\u00f5es da Eletrobras com recursos do FGTS<\/strong>. Caso a demanda supere esse valor, haver\u00e1 um rateio proporcional entre os investidores, e parte do saldo reservado pelo trabalhador na oferta p\u00fablica ser\u00e1 devolvida ao Fundo de Garantia.<\/p>\n<h2>Varia\u00e7\u00e3o e riscos<\/h2>\n<p>O trabalhador deve ficar atento aos riscos da opera\u00e7\u00e3o. Como o <a class=\"suno-keyword\" href=\"https:\/\/www.suno.com.br\/artigos\/mercado-de-acoes\/\" target=\"_blank\" rel=\"noopener\" data-force=\"no\" data-priority=\"2\">mercado de a\u00e7\u00f5es<\/a> \u00e9 vari\u00e1vel, os<strong> pap\u00e9is da Eletrobras<\/strong> estar\u00e3o sujeitos \u00e0s oscila\u00e7\u00f5es do mercado financeiro.<\/p>\n<p>Ser\u00e1 preciso\u00a0ter\u00a0paci\u00eancia e observar a evolu\u00e7\u00e3o dos pap\u00e9is no <a class=\"suno-keyword\" href=\"https:\/\/www.suno.com.br\/artigos\/longo-prazo\/\" target=\"_blank\" rel=\"noopener\" data-force=\"no\" data-priority=\"1\">longo prazo<\/a>, antes de vender as a\u00e7\u00f5es quando as cota\u00e7\u00f5es baixarem e houver\u00a0preju\u00edzo.<\/p>\n<p>O investimento tem prazo m\u00ednimo de um ano. Quem <strong>comprar a\u00e7\u00f5es da Eletrobras com o FGTS\u00a0<\/strong>ter\u00e1 de esperar pelo menos 12 meses para se desfazer dos pap\u00e9is.<\/p>\n<p>Ap\u00f3s a venda, o dinheiro voltar\u00e1 para a conta do FGTS e s\u00f3 poder\u00e1 ser sacado nas regras atuais, como demiss\u00e3o sem justa causa, financiamentos de im\u00f3veis, doen\u00e7as graves ou o saque anivers\u00e1rio (saque que ocorre uma vez por ano em troca de n\u00e3o\u00a0ter\u00a0direito a receber o saldo em caso de demiss\u00e3o).<\/p>\n<p>Assim como nos demais investimentos em mercado de capital, haver\u00e1 a cobran\u00e7a de 15% de <a class=\"suno-keyword\" href=\"https:\/\/www.suno.com.br\/guias\/imposto-de-renda-guia\/\" target=\"_blank\" rel=\"noopener\" data-force=\"no\" data-priority=\"2\">Imposto de Renda<\/a>. A al\u00edquota incidir\u00e1 sobre os rendimentos auferidos entre a data de aplica\u00e7\u00e3o e a data de resgate que excederem \u00e0 remunera\u00e7\u00e3o da conta vinculada do FGTS de cada participante.<\/p>\n\t<p>\n\t\t<a href=\"\" target=\"_blank\" data-element=\"shortcode-suno-banner\" title=\"Banner SUNO, clique e saiba mais\">\n\t\t\t<picture>\n\t\t\t\t<source media=\"(max-width: 500px)\" srcset=\"\">\n\t\t\t\t<img class=\"newsContent__article__imgCapa newsContent__article__imgCapa--banner\"\n\t\t\t\t\tsrc=\"\"\n\t\t\t\t\tdata-promo-id=\"265372\"\t\t\t\t\t\t\t\t\t\t\t\t\t\t\talt=\"\"\n\t\t\t\t>\n\t\t\t<\/picture>\n\t\t<\/a>\n\t<\/p>\n\n\n<h2>Procedimentos<\/h2>\n<p>O trabalhador poder\u00e1 usar at\u00e9 metade do saldo da conta do Fundo de Garantia para reservar <strong>a\u00e7\u00f5es da estatal<\/strong>. Dessa forma, quem tiver saldo de R$ 40 mil no FGTS s\u00f3 poder\u00e1 destinar R$ 20 mil para a compra das<strong> a\u00e7\u00f5es da Eletrobras<\/strong>.<\/p>\n<p>No caso de o empregado\u00a0ter\u00a0mais de uma conta no FGTS, poder\u00e1 usar at\u00e9 50% do saldo de cada uma.<\/p>\n<p>O pedido de reserva dever\u00e1 ser feito diretamente nas p\u00e1ginas de bancos e de corretoras que mant\u00eam <a class=\"suno-keyword\" href=\"https:\/\/www.suno.com.br\/artigos\/fundos-mutuos\/\" target=\"_blank\" rel=\"noopener\" data-force=\"no\" data-priority=\"1\">Fundos M\u00fatuos<\/a> de Privatiza\u00e7\u00e3o ligados ao FGTS (FMP-FGTS), que investem 90% dos recursos em a\u00e7\u00f5es da empresa a ser privatizada e os 10% restante em renda fixa. As taxas de administra\u00e7\u00e3o variam conforme a institui\u00e7\u00e3o financeira.<\/p>\n<p>Os fundos de investimento est\u00e3o pedindo limite m\u00ednimo de R$ 200 por trabalhador. Dessa forma, \u00e9 necess\u00e1rio\u00a0ter\u00a0pelo menos R$ 400 de saldo nas contas do FGTS para participar da reserva de a\u00e7\u00f5es.<\/p>\n<h2>Autoriza\u00e7\u00e3o para consulta<\/h2>\n<p>Antes de fazer a opera\u00e7\u00e3o de reserva, o trabalhador dever\u00e1 autorizar que as <a class=\"suno-keyword\" href=\"https:\/\/www.suno.com.br\/artigos\/instituicoes-financeiras\/\" target=\"_blank\" rel=\"noopener\" data-force=\"no\" data-priority=\"1\">institui\u00e7\u00f5es financeiras<\/a> consultem os saldos do FGTS e efetuem a reserva dos valores para a aplica\u00e7\u00e3o no FMP-FGTS. O procedimento deve ser feito no aplicativo FGTS, da Caixa Econ\u00f4mica Federal, dispon\u00edvel para <em>smartphones<\/em> e <em>tablets<\/em>.<\/p>\n\t<p>\n\t\t<a href=\"https:\/\/lp.suno.com.br\/ebook-como-analisar-uma-acao\/\" target=\"_blank\" data-element=\"shortcode-suno-banner\" title=\"Banner SUNO, clique e saiba mais\">\n\t\t\t<picture>\n\t\t\t\t<source media=\"(max-width: 500px)\" srcset=\"https:\/\/files.sunoresearch.com.br\/n\/uploads\/2023\/03\/Ebook-Acoes-Mobile-1.jpg\">\n\t\t\t\t<img class=\"newsContent__article__imgCapa newsContent__article__imgCapa--banner\"\n\t\t\t\t\tsrc=\"https:\/\/files.sunoresearch.com.br\/n\/uploads\/2023\/03\/Ebook-Acoes-Desktop-1.jpg\"\n\t\t\t\t\tdata-promo-id=\"171998\"\t\t\t\t\t\t\t\t\t\twidth='1420' height='286'\t\t\t\t\talt=\"https:\/\/files.sunoresearch.com.br\/n\/uploads\/2023\/03\/Ebook-Acoes-Desktop-1.jpg\"\n\t\t\t\t>\n\t\t\t<\/picture>\n\t\t<\/a>\n\t<\/p>\n\n\n<p>Ao abrir o aplicativo, o trabalhador deve clicar no bot\u00e3o \u201cAutorizar bancos a consultarem seu FGTS\u201d. Em seguida, deve escolher a op\u00e7\u00e3o \u201cAplica\u00e7\u00e3o nos fundos m\u00fatuos de privatiza\u00e7\u00e3o FGTS\u201d, selecionar a op\u00e7\u00e3o \u201c<strong>FMP Eletrobras<\/strong>\u201d e escolher uma das dezenas de administradoras (bancos e corretoras que operam o FMP) que aparecerem. A institui\u00e7\u00e3o financeira escolhida deve ser a mesma em que o trabalhador far\u00e1 a reserva.<\/p>\n<p>Na mesma tela, \u00e9 poss\u00edvel simular a aplica\u00e7\u00e3o no FMP-FGTS. O pr\u00f3prio aplicativo esclarece que s\u00f3 \u00e9 permitida a aplica\u00e7\u00e3o com valores inteiros. Dessa forma, o saldo m\u00e1ximo de 50% do valor de cada conta vinculada do FGTS deve ser arredondado para baixo, desconsiderando os centavos.<\/p>\n<p>Em seguida, o trabalhador deve ir ao <em>site<\/em> ou ao aplicativo do banco ou da corretora escolhida fazer a reserva. Durante o processo, a administradora do FMP-FGTS consulta o saldo das contas do Fundo de Garantia de cada trabalhador fornecido pela Caixa Econ\u00f4mica Federal, conforme a autoriza\u00e7\u00e3o no aplicativo.<\/p>\n<p>Nos \u00faltimos dias, o aplicativo da Caixa apresentou instabilidade na hora da consulta do saldo, impedindo a conclus\u00e3o da reserva. A orienta\u00e7\u00e3o \u00e9 que o trabalhador repita essa etapa v\u00e1rias vezes at\u00e9 finalizar o procedimento.<\/p>\n<h2>\u00daltima cota\u00e7\u00e3o da Eletrobras<\/h2>\n<p>Na \u00faltima sess\u00e3o, ter\u00e7a-feira (7), a Eletrobras encerrou o preg\u00e3o em queda de 0,48%, negociada a R$ 41,70<\/p>\n<p class=\"newsProviderSignature\"><em>(Com informa\u00e7\u00f5es da Ag\u00eancia Brasil)<\/em><\/p>\n\t<p>\n\t\t<a href=\"https:\/\/lp.suno.com.br\/planilha-de-controle-de-investimentos\/\" target=\"_blank\" data-element=\"shortcode-suno-banner\" title=\"Banner SUNO, clique e saiba mais\">\n\t\t\t<picture>\n\t\t\t\t<source media=\"(max-width: 500px)\" srcset=\"https:\/\/files.sunoresearch.com.br\/n\/uploads\/2023\/03\/400x300-Controle-de-Investimentos.png\">\n\t\t\t\t<img class=\"newsContent__article__imgCapa newsContent__article__imgCapa--banner\"\n\t\t\t\t\tsrc=\"https:\/\/files.sunoresearch.com.br\/n\/uploads\/2023\/03\/1420x240-Controle-de-Investimentos.png\"\n\t\t\t\t\tdata-promo-id=\"75934\"\t\t\t\t\t\t\t\t\t\twidth='1420' height='240'\t\t\t\t\talt=\"https:\/\/files.sunoresearch.com.br\/n\/uploads\/2023\/03\/1420x240-Controle-de-Investimentos.png\"\n\t\t\t\t>\n\t\t\t<\/picture>\n\t\t<\/a>\n\t<\/p>\n\n\n","protected":false},"excerpt":{"rendered":"<p>O trabalhador que tem conta no Fundo de Garantia do Tempo de Servi\u00e7o (FGTS) precisa ficar atento. O prazo para reservar a\u00e7\u00f5es da Eletrobras (ELET3) com recursos do FGTS acaba hoje (8) \u00e0s 12h. Como a companhia est\u00e1 em processo de privatiza\u00e7\u00e3o por venda de a\u00e7\u00f5es, o governo est\u00e1 vendendo pap\u00e9is para reduzir a participa\u00e7\u00e3o [&hellip;]<\/p>\n","protected":false},"author":15,"featured_media":125973,"comment_status":"closed","ping_status":"closed","sticky":false,"template":"","format":"standard","meta":[],"categories":[64],"tags":[455],"suno_strategy":[],"class_list":["post-265668","post","type-post","status-publish","format-standard","has-post-thumbnail","hentry","category-negocios","tag-eletrobras-elet3-elet5-elet6"],"yoast_head":"<!-- This site is optimized with the Yoast SEO plugin v24.4 - https:\/\/yoast.com\/wordpress\/plugins\/seo\/ -->\n<title>Reserva de a\u00e7\u00f5es da Eletrobras (ELET3) com FGTS acaba hoje \u00e0s 12h<\/title>\n<meta name=\"description\" content=\"prazo para reservar a\u00e7\u00f5es da Eletrobras (ELET3) com recursos do FGTS acaba hoje (8) \u00e0s 12h. Clique aqui e saiba mais.\" \/>\n<meta name=\"robots\" content=\"index, follow, max-snippet:-1, max-image-preview:large, max-video-preview:-1\" \/>\n<link rel=\"canonical\" href=\"https:\/\/www.suno.com.br\/noticias\/acoes-eletrobras-elet3-fgts-hoje-reserva\/\" \/>\n<meta property=\"og:locale\" content=\"pt_BR\" \/>\n<meta property=\"og:type\" content=\"article\" \/>\n<meta property=\"og:title\" content=\"Reserva de a\u00e7\u00f5es da Eletrobras (ELET3) com FGTS acaba hoje \u00e0s 12h\" \/>\n<meta property=\"og:description\" content=\"prazo para reservar a\u00e7\u00f5es da Eletrobras (ELET3) com recursos do FGTS acaba hoje (8) \u00e0s 12h. Clique aqui e saiba mais.\" \/>\n<meta property=\"og:url\" content=\"https:\/\/www.suno.com.br\/noticias\/acoes-eletrobras-elet3-fgts-hoje-reserva\/\" \/>\n<meta property=\"og:site_name\" content=\"Suno Not\u00edcias\" \/>\n<meta property=\"article:publisher\" content=\"https:\/\/facebook.com\/sunoresearch\" \/>\n<meta property=\"og:image\" content=\"https:\/\/files.sunoresearch.com.br\/n\/uploads\/2021\/02\/c3b3f26a-eletrobras.jpg\" \/>\n\t<meta property=\"og:image:width\" content=\"1200\" \/>\n\t<meta property=\"og:image:height\" content=\"800\" \/>\n\t<meta property=\"og:image:type\" content=\"image\/jpeg\" \/>\n<meta name=\"author\" content=\"Poliana Santos\" \/>\n<meta name=\"twitter:card\" content=\"summary_large_image\" \/>\n<meta name=\"twitter:creator\" content=\"@sunoresearch\" \/>\n<meta name=\"twitter:site\" content=\"@sunoresearch\" \/>\n<meta name=\"twitter:label1\" content=\"Escrito por\" \/>\n\t<meta name=\"twitter:data1\" content=\"Poliana Santos\" \/>\n\t<meta name=\"twitter:label2\" content=\"Est. tempo de leitura\" \/>\n\t<meta name=\"twitter:data2\" content=\"4 minutos\" \/>\n<script type=\"application\/ld+json\" class=\"yoast-schema-graph\">{\"@context\":\"https:\/\/schema.org\",\"@graph\":[{\"@type\":\"NewsArticle\",\"@id\":\"https:\/\/www.suno.com.br\/noticias\/acoes-eletrobras-elet3-fgts-hoje-reserva\/#article\",\"isPartOf\":{\"@id\":\"https:\/\/www.suno.com.br\/noticias\/acoes-eletrobras-elet3-fgts-hoje-reserva\/\"},\"author\":{\"name\":\"Poliana Santos\",\"@id\":\"https:\/\/www.suno.com.br\/noticias\/#\/schema\/person\/02ec1f752758247878a2bf4abee1aeda\"},\"headline\":\"Reserva de a\u00e7\u00f5es da Eletrobras (ELET3) com FGTS acaba hoje \u00e0s 12h; saiba tudo aqui\",\"datePublished\":\"2022-06-08T12:11:36+00:00\",\"mainEntityOfPage\":{\"@id\":\"https:\/\/www.suno.com.br\/noticias\/acoes-eletrobras-elet3-fgts-hoje-reserva\/\"},\"wordCount\":865,\"publisher\":{\"@id\":\"https:\/\/www.suno.com.br\/noticias\/#organization\"},\"image\":{\"@id\":\"https:\/\/www.suno.com.br\/noticias\/acoes-eletrobras-elet3-fgts-hoje-reserva\/#primaryimage\"},\"thumbnailUrl\":\"https:\/\/files.sunoresearch.com.br\/n\/uploads\/2021\/02\/c3b3f26a-eletrobras-jpg.webp\",\"keywords\":[\"Eletrobras (ELET3\/ELET5\/ELET6)\"],\"articleSection\":[\"Neg\u00f3cios\"],\"inLanguage\":\"pt-BR\"},{\"@type\":\"WebPage\",\"@id\":\"https:\/\/www.suno.com.br\/noticias\/acoes-eletrobras-elet3-fgts-hoje-reserva\/\",\"url\":\"https:\/\/www.suno.com.br\/noticias\/acoes-eletrobras-elet3-fgts-hoje-reserva\/\",\"name\":\"Reserva de a\u00e7\u00f5es da Eletrobras (ELET3) com FGTS acaba hoje \u00e0s 12h\",\"isPartOf\":{\"@id\":\"https:\/\/www.suno.com.br\/noticias\/#website\"},\"primaryImageOfPage\":{\"@id\":\"https:\/\/www.suno.com.br\/noticias\/acoes-eletrobras-elet3-fgts-hoje-reserva\/#primaryimage\"},\"image\":{\"@id\":\"https:\/\/www.suno.com.br\/noticias\/acoes-eletrobras-elet3-fgts-hoje-reserva\/#primaryimage\"},\"thumbnailUrl\":\"https:\/\/files.sunoresearch.com.br\/n\/uploads\/2021\/02\/c3b3f26a-eletrobras-jpg.webp\",\"datePublished\":\"2022-06-08T12:11:36+00:00\",\"description\":\"prazo para reservar a\u00e7\u00f5es da Eletrobras (ELET3) com recursos do FGTS acaba hoje (8) \u00e0s 12h. Clique aqui e saiba mais.\",\"breadcrumb\":{\"@id\":\"https:\/\/www.suno.com.br\/noticias\/acoes-eletrobras-elet3-fgts-hoje-reserva\/#breadcrumb\"},\"inLanguage\":\"pt-BR\",\"potentialAction\":[{\"@type\":\"ReadAction\",\"target\":[\"https:\/\/www.suno.com.br\/noticias\/acoes-eletrobras-elet3-fgts-hoje-reserva\/\"]}]},{\"@type\":\"ImageObject\",\"inLanguage\":\"pt-BR\",\"@id\":\"https:\/\/www.suno.com.br\/noticias\/acoes-eletrobras-elet3-fgts-hoje-reserva\/#primaryimage\",\"url\":\"https:\/\/files.sunoresearch.com.br\/n\/uploads\/2021\/02\/c3b3f26a-eletrobras-jpg.webp\",\"contentUrl\":\"https:\/\/files.sunoresearch.com.br\/n\/uploads\/2021\/02\/c3b3f26a-eletrobras-jpg.webp\",\"width\":1200,\"height\":800,\"caption\":\"Eletrobras (ELET3). Foto: Divulga\u00e7\u00e3o.\"},{\"@type\":\"BreadcrumbList\",\"@id\":\"https:\/\/www.suno.com.br\/noticias\/acoes-eletrobras-elet3-fgts-hoje-reserva\/#breadcrumb\",\"itemListElement\":[{\"@type\":\"ListItem\",\"position\":1,\"name\":\"Not\u00edcias\",\"item\":\"https:\/\/www.suno.com.br\/noticias\/\"},{\"@type\":\"ListItem\",\"position\":2,\"name\":\"Neg\u00f3cios\",\"item\":\"https:\/\/www.suno.com.br\/noticias\/negocios\/\"},{\"@type\":\"ListItem\",\"position\":3,\"name\":\"Reserva de a\u00e7\u00f5es da Eletrobras (ELET3) com FGTS acaba hoje \u00e0s 12h; saiba tudo aqui\"}]},{\"@type\":\"WebSite\",\"@id\":\"https:\/\/www.suno.com.br\/noticias\/#website\",\"url\":\"https:\/\/www.suno.com.br\/noticias\/\",\"name\":\"Suno Not\u00edcias\",\"description\":\"Seu portal de informa\u00e7\u00e3o sobre o mundo dos investimentos\",\"publisher\":{\"@id\":\"https:\/\/www.suno.com.br\/noticias\/#organization\"},\"potentialAction\":[{\"@type\":\"SearchAction\",\"target\":{\"@type\":\"EntryPoint\",\"urlTemplate\":\"https:\/\/www.suno.com.br\/noticias\/?s={search_term_string}\"},\"query-input\":{\"@type\":\"PropertyValueSpecification\",\"valueRequired\":true,\"valueName\":\"search_term_string\"}}],\"inLanguage\":\"pt-BR\"},{\"@type\":\"Organization\",\"@id\":\"https:\/\/www.suno.com.br\/noticias\/#organization\",\"name\":\"Suno Not\u00edcias\",\"url\":\"https:\/\/www.suno.com.br\/noticias\/\",\"logo\":{\"@type\":\"ImageObject\",\"inLanguage\":\"pt-BR\",\"@id\":\"https:\/\/www.suno.com.br\/noticias\/#\/schema\/logo\/image\/\",\"url\":\"https:\/\/files.sunoresearch.com.br\/n\/uploads\/2021\/09\/suno-logo.png\",\"contentUrl\":\"https:\/\/files.sunoresearch.com.br\/n\/uploads\/2021\/09\/suno-logo.png\",\"width\":180,\"height\":180,\"caption\":\"Suno Not\u00edcias\"},\"image\":{\"@id\":\"https:\/\/www.suno.com.br\/noticias\/#\/schema\/logo\/image\/\"},\"sameAs\":[\"https:\/\/facebook.com\/sunoresearch\",\"https:\/\/x.com\/sunoresearch\",\"https:\/\/www.instagram.com\/suno\",\"https:\/\/www.linkedin.com\/company\/suno-research\/\",\"https:\/\/www.youtube.com\/c\/sunoresearch\"]},{\"@type\":\"Person\",\"@id\":\"https:\/\/www.suno.com.br\/noticias\/#\/schema\/person\/02ec1f752758247878a2bf4abee1aeda\",\"name\":\"Poliana Santos\",\"image\":{\"@type\":\"ImageObject\",\"inLanguage\":\"pt-BR\",\"@id\":\"https:\/\/www.suno.com.br\/noticias\/#\/schema\/person\/image\/\",\"url\":\"https:\/\/secure.gravatar.com\/avatar\/0645bd32f23d87b2130f2b2dff1d3f8d?s=96&r=g\",\"contentUrl\":\"https:\/\/secure.gravatar.com\/avatar\/0645bd32f23d87b2130f2b2dff1d3f8d?s=96&r=g\",\"caption\":\"Poliana Santos\"},\"description\":\"Rep\u00f3rter no Suno Not\u00edcias, com cobertura em mercado financeiro, economia, finan\u00e7as pessoais, renda fixa e varejo. Jornalista formada pela Faculdade C\u00e1sper L\u00edbero e possui passagem na R\u00e1dio Gazeta AM com a produ\u00e7\u00e3o de conte\u00fado sobre economia, pol\u00edtica, sa\u00fade, moda e m\u00fasica. Possui certificado de conclus\u00e3o do curso de An\u00e1lise de Balan\u00e7os pela Funda\u00e7\u00e3o Bradesco, Agenda Brasil pela FAAP, Educa\u00e7\u00e3o Pol\u00edtica por Alexandre Garcia e do Tesouro Direto e Mercado de A\u00e7\u00f5es pela B3.\",\"url\":\"https:\/\/www.suno.com.br\/noticias\/author\/poliana-santos\/\"}]}<\/script>\n<!-- \/ Yoast SEO plugin. -->","yoast_head_json":{"title":"Reserva de a\u00e7\u00f5es da Eletrobras (ELET3) com FGTS acaba hoje \u00e0s 12h","description":"prazo para reservar a\u00e7\u00f5es da Eletrobras (ELET3) com recursos do FGTS acaba hoje (8) \u00e0s 12h. Clique aqui e saiba mais.","robots":{"index":"index","follow":"follow","max-snippet":"max-snippet:-1","max-image-preview":"max-image-preview:large","max-video-preview":"max-video-preview:-1"},"canonical":"https:\/\/www.suno.com.br\/noticias\/acoes-eletrobras-elet3-fgts-hoje-reserva\/","og_locale":"pt_BR","og_type":"article","og_title":"Reserva de a\u00e7\u00f5es da Eletrobras (ELET3) com FGTS acaba hoje \u00e0s 12h","og_description":"prazo para reservar a\u00e7\u00f5es da Eletrobras (ELET3) com recursos do FGTS acaba hoje (8) \u00e0s 12h. Clique aqui e saiba mais.","og_url":"https:\/\/www.suno.com.br\/noticias\/acoes-eletrobras-elet3-fgts-hoje-reserva\/","og_site_name":"Suno Not\u00edcias","article_publisher":"https:\/\/facebook.com\/sunoresearch","og_image":[{"width":1200,"height":800,"url":"https:\/\/files.sunoresearch.com.br\/n\/uploads\/2021\/02\/c3b3f26a-eletrobras.jpg","type":"image\/jpeg"}],"author":"Poliana Santos","twitter_card":"summary_large_image","twitter_creator":"@sunoresearch","twitter_site":"@sunoresearch","twitter_misc":{"Escrito por":"Poliana Santos","Est. tempo de leitura":"4 minutos"},"schema":{"@context":"https:\/\/schema.org","@graph":[{"@type":"NewsArticle","@id":"https:\/\/www.suno.com.br\/noticias\/acoes-eletrobras-elet3-fgts-hoje-reserva\/#article","isPartOf":{"@id":"https:\/\/www.suno.com.br\/noticias\/acoes-eletrobras-elet3-fgts-hoje-reserva\/"},"author":{"name":"Poliana Santos","@id":"https:\/\/www.suno.com.br\/noticias\/#\/schema\/person\/02ec1f752758247878a2bf4abee1aeda"},"headline":"Reserva de a\u00e7\u00f5es da Eletrobras (ELET3) com FGTS acaba hoje \u00e0s 12h; saiba tudo aqui","datePublished":"2022-06-08T12:11:36+00:00","mainEntityOfPage":{"@id":"https:\/\/www.suno.com.br\/noticias\/acoes-eletrobras-elet3-fgts-hoje-reserva\/"},"wordCount":865,"publisher":{"@id":"https:\/\/www.suno.com.br\/noticias\/#organization"},"image":{"@id":"https:\/\/www.suno.com.br\/noticias\/acoes-eletrobras-elet3-fgts-hoje-reserva\/#primaryimage"},"thumbnailUrl":"https:\/\/files.sunoresearch.com.br\/n\/uploads\/2021\/02\/c3b3f26a-eletrobras-jpg.webp","keywords":["Eletrobras (ELET3\/ELET5\/ELET6)"],"articleSection":["Neg\u00f3cios"],"inLanguage":"pt-BR"},{"@type":"WebPage","@id":"https:\/\/www.suno.com.br\/noticias\/acoes-eletrobras-elet3-fgts-hoje-reserva\/","url":"https:\/\/www.suno.com.br\/noticias\/acoes-eletrobras-elet3-fgts-hoje-reserva\/","name":"Reserva de a\u00e7\u00f5es da Eletrobras (ELET3) com FGTS acaba hoje \u00e0s 12h","isPartOf":{"@id":"https:\/\/www.suno.com.br\/noticias\/#website"},"primaryImageOfPage":{"@id":"https:\/\/www.suno.com.br\/noticias\/acoes-eletrobras-elet3-fgts-hoje-reserva\/#primaryimage"},"image":{"@id":"https:\/\/www.suno.com.br\/noticias\/acoes-eletrobras-elet3-fgts-hoje-reserva\/#primaryimage"},"thumbnailUrl":"https:\/\/files.sunoresearch.com.br\/n\/uploads\/2021\/02\/c3b3f26a-eletrobras-jpg.webp","datePublished":"2022-06-08T12:11:36+00:00","description":"prazo para reservar a\u00e7\u00f5es da Eletrobras (ELET3) com recursos do FGTS acaba hoje (8) \u00e0s 12h. Clique aqui e saiba mais.","breadcrumb":{"@id":"https:\/\/www.suno.com.br\/noticias\/acoes-eletrobras-elet3-fgts-hoje-reserva\/#breadcrumb"},"inLanguage":"pt-BR","potentialAction":[{"@type":"ReadAction","target":["https:\/\/www.suno.com.br\/noticias\/acoes-eletrobras-elet3-fgts-hoje-reserva\/"]}]},{"@type":"ImageObject","inLanguage":"pt-BR","@id":"https:\/\/www.suno.com.br\/noticias\/acoes-eletrobras-elet3-fgts-hoje-reserva\/#primaryimage","url":"https:\/\/files.sunoresearch.com.br\/n\/uploads\/2021\/02\/c3b3f26a-eletrobras-jpg.webp","contentUrl":"https:\/\/files.sunoresearch.com.br\/n\/uploads\/2021\/02\/c3b3f26a-eletrobras-jpg.webp","width":1200,"height":800,"caption":"Eletrobras (ELET3). Foto: Divulga\u00e7\u00e3o."},{"@type":"BreadcrumbList","@id":"https:\/\/www.suno.com.br\/noticias\/acoes-eletrobras-elet3-fgts-hoje-reserva\/#breadcrumb","itemListElement":[{"@type":"ListItem","position":1,"name":"Not\u00edcias","item":"https:\/\/www.suno.com.br\/noticias\/"},{"@type":"ListItem","position":2,"name":"Neg\u00f3cios","item":"https:\/\/www.suno.com.br\/noticias\/negocios\/"},{"@type":"ListItem","position":3,"name":"Reserva de a\u00e7\u00f5es da Eletrobras (ELET3) com FGTS acaba hoje \u00e0s 12h; saiba tudo aqui"}]},{"@type":"WebSite","@id":"https:\/\/www.suno.com.br\/noticias\/#website","url":"https:\/\/www.suno.com.br\/noticias\/","name":"Suno Not\u00edcias","description":"Seu portal de informa\u00e7\u00e3o sobre o mundo dos investimentos","publisher":{"@id":"https:\/\/www.suno.com.br\/noticias\/#organization"},"potentialAction":[{"@type":"SearchAction","target":{"@type":"EntryPoint","urlTemplate":"https:\/\/www.suno.com.br\/noticias\/?s={search_term_string}"},"query-input":{"@type":"PropertyValueSpecification","valueRequired":true,"valueName":"search_term_string"}}],"inLanguage":"pt-BR"},{"@type":"Organization","@id":"https:\/\/www.suno.com.br\/noticias\/#organization","name":"Suno Not\u00edcias","url":"https:\/\/www.suno.com.br\/noticias\/","logo":{"@type":"ImageObject","inLanguage":"pt-BR","@id":"https:\/\/www.suno.com.br\/noticias\/#\/schema\/logo\/image\/","url":"https:\/\/files.sunoresearch.com.br\/n\/uploads\/2021\/09\/suno-logo.png","contentUrl":"https:\/\/files.sunoresearch.com.br\/n\/uploads\/2021\/09\/suno-logo.png","width":180,"height":180,"caption":"Suno Not\u00edcias"},"image":{"@id":"https:\/\/www.suno.com.br\/noticias\/#\/schema\/logo\/image\/"},"sameAs":["https:\/\/facebook.com\/sunoresearch","https:\/\/x.com\/sunoresearch","https:\/\/www.instagram.com\/suno","https:\/\/www.linkedin.com\/company\/suno-research\/","https:\/\/www.youtube.com\/c\/sunoresearch"]},{"@type":"Person","@id":"https:\/\/www.suno.com.br\/noticias\/#\/schema\/person\/02ec1f752758247878a2bf4abee1aeda","name":"Poliana Santos","image":{"@type":"ImageObject","inLanguage":"pt-BR","@id":"https:\/\/www.suno.com.br\/noticias\/#\/schema\/person\/image\/","url":"https:\/\/secure.gravatar.com\/avatar\/0645bd32f23d87b2130f2b2dff1d3f8d?s=96&r=g","contentUrl":"https:\/\/secure.gravatar.com\/avatar\/0645bd32f23d87b2130f2b2dff1d3f8d?s=96&r=g","caption":"Poliana Santos"},"description":"Rep\u00f3rter no Suno Not\u00edcias, com cobertura em mercado financeiro, economia, finan\u00e7as pessoais, renda fixa e varejo. Jornalista formada pela Faculdade C\u00e1sper L\u00edbero e possui passagem na R\u00e1dio Gazeta AM com a produ\u00e7\u00e3o de conte\u00fado sobre economia, pol\u00edtica, sa\u00fade, moda e m\u00fasica. Possui certificado de conclus\u00e3o do curso de An\u00e1lise de Balan\u00e7os pela Funda\u00e7\u00e3o Bradesco, Agenda Brasil pela FAAP, Educa\u00e7\u00e3o Pol\u00edtica por Alexandre Garcia e do Tesouro Direto e Mercado de A\u00e7\u00f5es pela B3.","url":"https:\/\/www.suno.com.br\/noticias\/author\/poliana-santos\/"}]}},"default_loop_html":"<div class=\"cardsPage__listCard__boxs\"><div class=\"cardsPage__listCard__boxs__img\"><a href=\"https:\/\/www.suno.com.br\/noticias\/acoes-eletrobras-elet3-fgts-hoje-reserva\/\"><img class=\"mask\" src=\"https:\/\/www.suno.com.br\/noticias\/wp-content\/themes\/suno\/resources\/images\/spotlight\/spotlight1img\/bg-mask.png\" alt=\"Image Mask\"\/><img src=\"https:\/\/files.sunoresearch.com.br\/n\/uploads\/2021\/02\/c3b3f26a-eletrobras-400x200.webp\" alt=\"Reserva de a\u00e7\u00f5es da Eletrobras (ELET3) com FGTS acaba hoje \u00e0s 12h; saiba tudo aqui\"\/><\/a><span class=\"spotlightCategory\"><a href=\"https:\/\/www.suno.com.br\/noticias\/negocios\/\">Neg\u00f3cios<\/a><\/span><\/div><div class=\"cardsPage__listCard__boxs__content\"><a href=\"https:\/\/www.suno.com.br\/noticias\/acoes-eletrobras-elet3-fgts-hoje-reserva\/\"><h2 class=\"content__title\">Reserva de a\u00e7\u00f5es da Eletrobras (ELET3) com FGTS acaba hoje \u00e0s 12h; saiba tudo aqui<\/h2><\/a><div class=\"newsContent__article__meta\"><div class=\"newsContent__article__meta__authorBox\"><a href=\"https:\/\/www.suno.com.br\/noticias\/author\/poliana-santos\/\" class=\"authorBox__avatar noMobi\"><img src=\"https:\/\/files.sunoresearch.com.br\/n\/uploads\/2020\/08\/7ef34026-whatsapp-image-2020-08-03-at-12.37.57-150x150.webp\" alt=\"Poliana Santos\"><\/a><div class=\"authorBox__name\"><span>por\n\t\t\t<a href=\"https:\/\/www.suno.com.br\/noticias\/author\/poliana-santos\/\"><span itemprop=\"author\">Poliana Santos<\/span><\/a><\/span><time datetime=\"2022-06-08T09:11:36-03:00\" itemprop=\"datePublished\">08\/06\/2022 09:11<\/time><\/div><\/div><\/div><\/div><\/div>","single_layout":"posts","amp_enabled":true,"_links":{"self":[{"href":"https:\/\/www.suno.com.br\/noticias\/wp-json\/wp\/v2\/posts\/265668"}],"collection":[{"href":"https:\/\/www.suno.com.br\/noticias\/wp-json\/wp\/v2\/posts"}],"about":[{"href":"https:\/\/www.suno.com.br\/noticias\/wp-json\/wp\/v2\/types\/post"}],"author":[{"embeddable":true,"href":"https:\/\/www.suno.com.br\/noticias\/wp-json\/wp\/v2\/users\/15"}],"replies":[{"embeddable":true,"href":"https:\/\/www.suno.com.br\/noticias\/wp-json\/wp\/v2\/comments?post=265668"}],"version-history":[{"count":3,"href":"https:\/\/www.suno.com.br\/noticias\/wp-json\/wp\/v2\/posts\/265668\/revisions"}],"predecessor-version":[{"id":265705,"href":"https:\/\/www.suno.com.br\/noticias\/wp-json\/wp\/v2\/posts\/265668\/revisions\/265705"}],"wp:featuredmedia":[{"embeddable":true,"href":"https:\/\/www.suno.com.br\/noticias\/wp-json\/wp\/v2\/media\/125973"}],"wp:attachment":[{"href":"https:\/\/www.suno.com.br\/noticias\/wp-json\/wp\/v2\/media?parent=265668"}],"wp:term":[{"taxonomy":"category","embeddable":true,"href":"https:\/\/www.suno.com.br\/noticias\/wp-json\/wp\/v2\/categories?post=265668"},{"taxonomy":"post_tag","embeddable":true,"href":"https:\/\/www.suno.com.br\/noticias\/wp-json\/wp\/v2\/tags?post=265668"},{"taxonomy":"suno_strategy","embeddable":true,"href":"https:\/\/www.suno.com.br\/noticias\/wp-json\/wp\/v2\/suno_strategy?post=265668"}],"curies":[{"name":"wp","href":"https:\/\/api.w.org\/{rel}","templated":true}]}}