{"id":26566,"date":"2019-05-30T12:50:34","date_gmt":"2019-05-30T15:50:34","guid":{"rendered":"https:\/\/www.suno.com.br\/noticias\/?p=26566"},"modified":"2019-05-30T14:45:38","modified_gmt":"2019-05-30T17:45:38","slug":"cvm-multas-acusados-1t19","status":"publish","type":"post","link":"https:\/\/www.suno.com.br\/noticias\/cvm-multas-acusados-1t19\/","title":{"rendered":"CVM: Multas aplicadas a 32 acusados somam R$ 183,3 mi no 1T19"},"content":{"rendered":"<p>A <a href=\"https:\/\/www.suno.com.br\/artigos\/cvm\/\">Comiss\u00e3o de Valores Imobili\u00e1rios (CVM)<\/a> recebeu um total de R$ 183,3 milh\u00f5es em multas aplicadas contra 32 acusados entre janeiro e mar\u00e7o deste ano. Os valores foram divulgados nesta quinta-feira (30) pela pr\u00f3pria autarquia.<\/p>\t<div class=\"wrapper-featured-image\">\n\t\t<figure class=\"spotlightImg\">\n\n\t\t\t<picture>\n\t\t\t\t<source media=\"(max-width: 768px)\" srcset=\"https:\/\/files.sunoresearch.com.br\/n\/uploads\/2019\/05\/1059abbc-cvm-400x200.webp\">\n\t\t\t\t<img loading=\"lazy\" decoding=\"async\" class=\"newsContent__article__imgCapa lazyloadDisabled newsContent__article__imgCapa--noCaption\" src=\"https:\/\/files.sunoresearch.com.br\/n\/uploads\/2019\/05\/1059abbc-cvm-jpg.webp\" width=\"800\" height=\"450\" alt=\"CVM: Multas aplicadas a 32 acusados somam R$ 183,3 mi no 1T19\" fetchpriority=high \/>\n\t\t\t<\/picture>\n\n\t\t\t<figcaption class=\"wp-caption-text wp-caption-text--hide\">CVM: Multas aplicadas contra 32 acusados somam R$ 183,3 mi no 1T19<\/figcaption>\n\t\t<\/figure>\n\t<\/div>\n\n\n<p>No mesmo per\u00edodo do ano anterior, as penalidades aplicadas pela <strong>CVM<\/strong> somaram R$ 63,5 milh\u00f5es, divididas entre 78 acusados. No entanto, os valores foram aplicados seguindo os seguintes fatores:<\/p>\n<ul>\n<li>n\u00famero de pessoas envolvidas no processo;<\/li>\n<li>gravidade dos casos;<\/li>\n<li>tamanho das opera\u00e7\u00f5es envolvidas.<\/li>\n<\/ul>\n\t<p>\n\t\t<a href=\"https:\/\/lp2.suno.com.br\/lm\/minicurso-construindo-um-portfolio-milionario?utm_campaign=_SNCEBB048DA_sc.mcpm26&#038;utm_source=suno.com.br&#038;utm_medium=banner.noticias\" target=\"_blank\" data-element=\"shortcode-suno-banner\" title=\"Banner SUNO, clique e saiba mais\">\n\t\t\t<picture>\n\t\t\t\t<source media=\"(max-width: 500px)\" srcset=\"https:\/\/files.sunoresearch.com.br\/n\/uploads\/2026\/01\/MB-PS-HOME-DE-ARTIGOS-400x300-ID_01_x1-jpg.webp\">\n\t\t\t\t<img class=\"newsContent__article__imgCapa newsContent__article__imgCapa--banner\"\n\t\t\t\t\tsrc=\"https:\/\/files.sunoresearch.com.br\/n\/uploads\/2026\/01\/DT-PS-HOME-DE-ARTIGOS-1420x240-ID_01_x1-jpg.webp\"\n\t\t\t\t\tdata-promo-id=\"638432\"\t\t\t\t\t\t\t\t\t\twidth='1420' height='240'\t\t\t\t\talt=\"https:\/\/files.sunoresearch.com.br\/n\/uploads\/2026\/01\/DT-PS-HOME-DE-ARTIGOS-1420x240-ID_01_x1-jpg.webp\"\n\t\t\t\t>\n\t\t\t<\/picture>\n\t\t<\/a>\n\t<\/p>\n\n\n<p>O principal influenciador da alta no valor recebido foi o caso da Postalis, fundo de pens\u00e3o dos <strong>Correios<\/strong>. Assim, a quest\u00e3o foi analisada em janeiro deste ano, e recebeu multa de R$ 120 milh\u00f5es. Dessa forma, o valor representa cerca de 65% do total recebido pela autarquia no per\u00edodo. No caso da <strong>Postalis<\/strong>, foi analisado as fraudes que levaram o fundo a um preju\u00edzo de R$ 32,5 milh\u00f5es.<\/p>\n<p>Durante o primeiro trimestre deste ano, foram aplicadas, al\u00e9m das multas:<\/p>\n<ul>\n<li>7 advert\u00eancias;<\/li>\n<li>4 inabilita\u00e7\u00f5es;<\/li>\n<li>15 absolvi\u00e7\u00f5es.<\/li>\n<\/ul>\n<h2>\u00daltimos casos na CVM<\/h2>\n<p>A CVM acusou <strong>Joesley<\/strong> <strong>Batista<\/strong> pela pr\u00e1tica de opera\u00e7\u00f5es irregulares no Banco Original, que pertence ao grupo J&amp;F, do qual \u00e9 s\u00f3cio.<\/p>\n<p>O processo foi iniciado na \u00faltima segunda-feira (27) e \u00e9 resultado de uma investiga\u00e7\u00e3o que acontece desde abril do \u00faltimo ano. A acusa\u00e7\u00e3o contra o <strong>Banco<\/strong> <strong>Original<\/strong> se refere a pr\u00e1tica n\u00e3o equitativa com derivativos de taxas de juros. A a\u00e7\u00e3o ocorreu antes que fosse realizado o acordo de dela\u00e7\u00e3o premiada de <strong>Joesley<\/strong> e de outros executivos do grupo.<\/p>\n<p><a href=\"https:\/\/www.suno.com.br\/noticias\/joesley-batista-cvm-banco-original\/\">Saiba mais:\u00a0Joesley Batista: CVM acusa empres\u00e1rio de pr\u00e1ticas irregulares do Banco Original<\/a><\/p>\n<p>Al\u00e9m de Joesley Batista, <strong>Eike<\/strong> <strong>Batista<\/strong> tamb\u00e9m foi julgado pela Comiss\u00e3o. No caso de Eike, j\u00e1 houve condena\u00e7\u00e3o, de forma un\u00e2nime. Assim, o empres\u00e1rio foi condenado a pagar multa de R$ 536 milh\u00f5es pelo crime de <a href=\"https:\/\/www.suno.com.br\/artigos\/insider-trading\/\">&#8220;insider trading&#8221;<\/a>.<\/p>\n<p>O crime de <strong>insider trading<\/strong>\u00a0caracteriza o uso de informa\u00e7\u00f5es privilegiadas para conseguir ganhos acima da m\u00e9dia em algum investimento. Nesse caso, <strong>Eike<\/strong> foi acusado de utilizar informa\u00e7\u00f5es n\u00e3o dispon\u00edveis ao mercado para negociar as a\u00e7\u00f5es da petroleira <strong>OGX<\/strong>.<\/p>\n<p><a href=\"https:\/\/www.suno.com.br\/noticias\/eike-batista-condenado-insider-trading\/\">Saiba mais&gt;\u00a0Eike Batista \u00e9 condenado a pagar multa de R$ 536 mi por insider trading<\/a><\/p>\n<p>Al\u00e9m da multa aplicada pela <strong>CVM<\/strong>, o empres\u00e1rio n\u00e3o poder\u00e1 assumir a administra\u00e7\u00e3o de nenhuma companhia aberta ou conselhos fiscais pelo per\u00edodo de sete anos.<\/p>\n","protected":false},"excerpt":{"rendered":"<p>A Comiss\u00e3o de Valores Imobili\u00e1rios (CVM) recebeu um total de R$ 183,3 milh\u00f5es em multas aplicadas contra 32 acusados entre janeiro e mar\u00e7o deste ano. Os valores foram divulgados nesta quinta-feira (30) pela pr\u00f3pria autarquia. CVM: Multas aplicadas contra 32 acusados somam R$ 183,3 mi no 1T19 No mesmo per\u00edodo do ano anterior, as penalidades [&hellip;]<\/p>\n","protected":false},"author":11,"featured_media":26592,"comment_status":"closed","ping_status":"closed","sticky":false,"template":"","format":"standard","meta":[],"categories":[64],"tags":[902],"suno_strategy":[],"class_list":["post-26566","post","type-post","status-publish","format-standard","has-post-thumbnail","hentry","category-negocios","tag-comissao-de-valores-mobiliarios-cvm"],"yoast_head":"<!-- This site is optimized with the Yoast SEO plugin v24.4 - https:\/\/yoast.com\/wordpress\/plugins\/seo\/ -->\n<title>CVM: Multas aplicadas a 32 acusados somam R$ 183,3 mi no 1T19<\/title>\n<meta name=\"description\" content=\"Nesta semana, a CVM julgou Joesley Batista e Eike Batista; O regulador multou Eike pela pr\u00e1tica de insider trading. Clique e saiba mais.\" \/>\n<meta name=\"robots\" content=\"index, follow, max-snippet:-1, max-image-preview:large, max-video-preview:-1\" \/>\n<link rel=\"canonical\" href=\"https:\/\/www.suno.com.br\/noticias\/cvm-multas-acusados-1t19\/\" \/>\n<meta property=\"og:locale\" content=\"pt_BR\" \/>\n<meta property=\"og:type\" content=\"article\" \/>\n<meta property=\"og:title\" content=\"CVM: Multas aplicadas a 32 acusados somam R$ 183,3 mi no 1T19\" \/>\n<meta property=\"og:description\" content=\"Nesta semana, a CVM julgou Joesley Batista e Eike Batista; O regulador multou Eike pela pr\u00e1tica de insider trading. Clique e saiba mais.\" \/>\n<meta property=\"og:url\" content=\"https:\/\/www.suno.com.br\/noticias\/cvm-multas-acusados-1t19\/\" \/>\n<meta property=\"og:site_name\" content=\"Suno Not\u00edcias\" \/>\n<meta property=\"article:publisher\" content=\"https:\/\/facebook.com\/sunoresearch\" \/>\n<meta property=\"og:image\" content=\"https:\/\/files.sunoresearch.com.br\/n\/uploads\/2019\/05\/1059abbc-cvm.jpg\" \/>\n\t<meta property=\"og:image:width\" content=\"1100\" \/>\n\t<meta property=\"og:image:height\" content=\"370\" \/>\n\t<meta property=\"og:image:type\" content=\"image\/jpeg\" \/>\n<meta name=\"author\" content=\"Renan Bandeira\" \/>\n<meta name=\"twitter:card\" content=\"summary_large_image\" \/>\n<meta name=\"twitter:creator\" content=\"@sunoresearch\" \/>\n<meta name=\"twitter:site\" content=\"@sunoresearch\" \/>\n<meta name=\"twitter:label1\" content=\"Escrito por\" \/>\n\t<meta name=\"twitter:data1\" content=\"Renan Bandeira\" \/>\n\t<meta name=\"twitter:label2\" content=\"Est. tempo de leitura\" \/>\n\t<meta name=\"twitter:data2\" content=\"2 minutos\" \/>\n<script type=\"application\/ld+json\" class=\"yoast-schema-graph\">{\"@context\":\"https:\/\/schema.org\",\"@graph\":[{\"@type\":\"NewsArticle\",\"@id\":\"https:\/\/www.suno.com.br\/noticias\/cvm-multas-acusados-1t19\/#article\",\"isPartOf\":{\"@id\":\"https:\/\/www.suno.com.br\/noticias\/cvm-multas-acusados-1t19\/\"},\"author\":{\"name\":\"Renan Bandeira\",\"@id\":\"https:\/\/www.suno.com.br\/noticias\/#\/schema\/person\/fc144a1c6108bd1dcd43784e88a3c138\"},\"headline\":\"CVM: Multas aplicadas a 32 acusados somam R$ 183,3 mi no 1T19\",\"datePublished\":\"2019-05-30T15:50:34+00:00\",\"dateModified\":\"2019-05-30T17:45:38+00:00\",\"mainEntityOfPage\":{\"@id\":\"https:\/\/www.suno.com.br\/noticias\/cvm-multas-acusados-1t19\/\"},\"wordCount\":425,\"publisher\":{\"@id\":\"https:\/\/www.suno.com.br\/noticias\/#organization\"},\"image\":{\"@id\":\"https:\/\/www.suno.com.br\/noticias\/cvm-multas-acusados-1t19\/#primaryimage\"},\"thumbnailUrl\":\"https:\/\/files.sunoresearch.com.br\/n\/uploads\/2019\/05\/1059abbc-cvm-jpg.webp\",\"keywords\":[\"Comiss\u00e3o de Valores Mobili\u00e1rios (CVM)\"],\"articleSection\":[\"Neg\u00f3cios\"],\"inLanguage\":\"pt-BR\"},{\"@type\":\"WebPage\",\"@id\":\"https:\/\/www.suno.com.br\/noticias\/cvm-multas-acusados-1t19\/\",\"url\":\"https:\/\/www.suno.com.br\/noticias\/cvm-multas-acusados-1t19\/\",\"name\":\"CVM: Multas aplicadas a 32 acusados somam R$ 183,3 mi no 1T19\",\"isPartOf\":{\"@id\":\"https:\/\/www.suno.com.br\/noticias\/#website\"},\"primaryImageOfPage\":{\"@id\":\"https:\/\/www.suno.com.br\/noticias\/cvm-multas-acusados-1t19\/#primaryimage\"},\"image\":{\"@id\":\"https:\/\/www.suno.com.br\/noticias\/cvm-multas-acusados-1t19\/#primaryimage\"},\"thumbnailUrl\":\"https:\/\/files.sunoresearch.com.br\/n\/uploads\/2019\/05\/1059abbc-cvm-jpg.webp\",\"datePublished\":\"2019-05-30T15:50:34+00:00\",\"dateModified\":\"2019-05-30T17:45:38+00:00\",\"description\":\"Nesta semana, a CVM julgou Joesley Batista e Eike Batista; O regulador multou Eike pela pr\u00e1tica de insider trading. Clique e saiba mais.\",\"breadcrumb\":{\"@id\":\"https:\/\/www.suno.com.br\/noticias\/cvm-multas-acusados-1t19\/#breadcrumb\"},\"inLanguage\":\"pt-BR\",\"potentialAction\":[{\"@type\":\"ReadAction\",\"target\":[\"https:\/\/www.suno.com.br\/noticias\/cvm-multas-acusados-1t19\/\"]}]},{\"@type\":\"ImageObject\",\"inLanguage\":\"pt-BR\",\"@id\":\"https:\/\/www.suno.com.br\/noticias\/cvm-multas-acusados-1t19\/#primaryimage\",\"url\":\"https:\/\/files.sunoresearch.com.br\/n\/uploads\/2019\/05\/1059abbc-cvm-jpg.webp\",\"contentUrl\":\"https:\/\/files.sunoresearch.com.br\/n\/uploads\/2019\/05\/1059abbc-cvm-jpg.webp\",\"width\":1100,\"height\":370,\"caption\":\"CVM: Multas aplicadas contra 32 acusados somam R$ 183,3 mi no 1T19\"},{\"@type\":\"BreadcrumbList\",\"@id\":\"https:\/\/www.suno.com.br\/noticias\/cvm-multas-acusados-1t19\/#breadcrumb\",\"itemListElement\":[{\"@type\":\"ListItem\",\"position\":1,\"name\":\"Not\u00edcias\",\"item\":\"https:\/\/www.suno.com.br\/noticias\/\"},{\"@type\":\"ListItem\",\"position\":2,\"name\":\"Neg\u00f3cios\",\"item\":\"https:\/\/www.suno.com.br\/noticias\/negocios\/\"},{\"@type\":\"ListItem\",\"position\":3,\"name\":\"CVM: Multas aplicadas a 32 acusados somam R$ 183,3 mi no 1T19\"}]},{\"@type\":\"WebSite\",\"@id\":\"https:\/\/www.suno.com.br\/noticias\/#website\",\"url\":\"https:\/\/www.suno.com.br\/noticias\/\",\"name\":\"Suno Not\u00edcias\",\"description\":\"Seu portal de informa\u00e7\u00e3o sobre o mundo dos investimentos\",\"publisher\":{\"@id\":\"https:\/\/www.suno.com.br\/noticias\/#organization\"},\"potentialAction\":[{\"@type\":\"SearchAction\",\"target\":{\"@type\":\"EntryPoint\",\"urlTemplate\":\"https:\/\/www.suno.com.br\/noticias\/?s={search_term_string}\"},\"query-input\":{\"@type\":\"PropertyValueSpecification\",\"valueRequired\":true,\"valueName\":\"search_term_string\"}}],\"inLanguage\":\"pt-BR\"},{\"@type\":\"Organization\",\"@id\":\"https:\/\/www.suno.com.br\/noticias\/#organization\",\"name\":\"Suno Not\u00edcias\",\"url\":\"https:\/\/www.suno.com.br\/noticias\/\",\"logo\":{\"@type\":\"ImageObject\",\"inLanguage\":\"pt-BR\",\"@id\":\"https:\/\/www.suno.com.br\/noticias\/#\/schema\/logo\/image\/\",\"url\":\"https:\/\/files.sunoresearch.com.br\/n\/uploads\/2021\/09\/suno-logo.png\",\"contentUrl\":\"https:\/\/files.sunoresearch.com.br\/n\/uploads\/2021\/09\/suno-logo.png\",\"width\":180,\"height\":180,\"caption\":\"Suno Not\u00edcias\"},\"image\":{\"@id\":\"https:\/\/www.suno.com.br\/noticias\/#\/schema\/logo\/image\/\"},\"sameAs\":[\"https:\/\/facebook.com\/sunoresearch\",\"https:\/\/x.com\/sunoresearch\",\"https:\/\/www.instagram.com\/suno\",\"https:\/\/www.linkedin.com\/company\/suno-research\/\",\"https:\/\/www.youtube.com\/c\/sunoresearch\"]},{\"@type\":\"Person\",\"@id\":\"https:\/\/www.suno.com.br\/noticias\/#\/schema\/person\/fc144a1c6108bd1dcd43784e88a3c138\",\"name\":\"Renan Bandeira\",\"image\":{\"@type\":\"ImageObject\",\"inLanguage\":\"pt-BR\",\"@id\":\"https:\/\/www.suno.com.br\/noticias\/#\/schema\/person\/image\/\",\"url\":\"https:\/\/secure.gravatar.com\/avatar\/68359cdb608f14f11bbefcb78f3fc747?s=96&r=g\",\"contentUrl\":\"https:\/\/secure.gravatar.com\/avatar\/68359cdb608f14f11bbefcb78f3fc747?s=96&r=g\",\"caption\":\"Renan Bandeira\"},\"description\":\"Renan Bandeira escreve sobre pol\u00edtica e economia para o portal da Suno Research. Antes da Suno, trabalhou em uma rede de televis\u00e3o, onde fazia reportagens sobre os mesmos temas. Estuda na Universidade Metodista de S\u00e3o Paulo.\",\"url\":\"https:\/\/www.suno.com.br\/noticias\/author\/renan-bandeira\/\"}]}<\/script>\n<!-- \/ Yoast SEO plugin. -->","yoast_head_json":{"title":"CVM: Multas aplicadas a 32 acusados somam R$ 183,3 mi no 1T19","description":"Nesta semana, a CVM julgou Joesley Batista e Eike Batista; O regulador multou Eike pela pr\u00e1tica de insider trading. Clique e saiba mais.","robots":{"index":"index","follow":"follow","max-snippet":"max-snippet:-1","max-image-preview":"max-image-preview:large","max-video-preview":"max-video-preview:-1"},"canonical":"https:\/\/www.suno.com.br\/noticias\/cvm-multas-acusados-1t19\/","og_locale":"pt_BR","og_type":"article","og_title":"CVM: Multas aplicadas a 32 acusados somam R$ 183,3 mi no 1T19","og_description":"Nesta semana, a CVM julgou Joesley Batista e Eike Batista; O regulador multou Eike pela pr\u00e1tica de insider trading. Clique e saiba mais.","og_url":"https:\/\/www.suno.com.br\/noticias\/cvm-multas-acusados-1t19\/","og_site_name":"Suno Not\u00edcias","article_publisher":"https:\/\/facebook.com\/sunoresearch","og_image":[{"width":1100,"height":370,"url":"https:\/\/files.sunoresearch.com.br\/n\/uploads\/2019\/05\/1059abbc-cvm.jpg","type":"image\/jpeg"}],"author":"Renan Bandeira","twitter_card":"summary_large_image","twitter_creator":"@sunoresearch","twitter_site":"@sunoresearch","twitter_misc":{"Escrito por":"Renan Bandeira","Est. tempo de leitura":"2 minutos"},"schema":{"@context":"https:\/\/schema.org","@graph":[{"@type":"NewsArticle","@id":"https:\/\/www.suno.com.br\/noticias\/cvm-multas-acusados-1t19\/#article","isPartOf":{"@id":"https:\/\/www.suno.com.br\/noticias\/cvm-multas-acusados-1t19\/"},"author":{"name":"Renan Bandeira","@id":"https:\/\/www.suno.com.br\/noticias\/#\/schema\/person\/fc144a1c6108bd1dcd43784e88a3c138"},"headline":"CVM: Multas aplicadas a 32 acusados somam R$ 183,3 mi no 1T19","datePublished":"2019-05-30T15:50:34+00:00","dateModified":"2019-05-30T17:45:38+00:00","mainEntityOfPage":{"@id":"https:\/\/www.suno.com.br\/noticias\/cvm-multas-acusados-1t19\/"},"wordCount":425,"publisher":{"@id":"https:\/\/www.suno.com.br\/noticias\/#organization"},"image":{"@id":"https:\/\/www.suno.com.br\/noticias\/cvm-multas-acusados-1t19\/#primaryimage"},"thumbnailUrl":"https:\/\/files.sunoresearch.com.br\/n\/uploads\/2019\/05\/1059abbc-cvm-jpg.webp","keywords":["Comiss\u00e3o de Valores Mobili\u00e1rios (CVM)"],"articleSection":["Neg\u00f3cios"],"inLanguage":"pt-BR"},{"@type":"WebPage","@id":"https:\/\/www.suno.com.br\/noticias\/cvm-multas-acusados-1t19\/","url":"https:\/\/www.suno.com.br\/noticias\/cvm-multas-acusados-1t19\/","name":"CVM: Multas aplicadas a 32 acusados somam R$ 183,3 mi no 1T19","isPartOf":{"@id":"https:\/\/www.suno.com.br\/noticias\/#website"},"primaryImageOfPage":{"@id":"https:\/\/www.suno.com.br\/noticias\/cvm-multas-acusados-1t19\/#primaryimage"},"image":{"@id":"https:\/\/www.suno.com.br\/noticias\/cvm-multas-acusados-1t19\/#primaryimage"},"thumbnailUrl":"https:\/\/files.sunoresearch.com.br\/n\/uploads\/2019\/05\/1059abbc-cvm-jpg.webp","datePublished":"2019-05-30T15:50:34+00:00","dateModified":"2019-05-30T17:45:38+00:00","description":"Nesta semana, a CVM julgou Joesley Batista e Eike Batista; O regulador multou Eike pela pr\u00e1tica de insider trading. Clique e saiba mais.","breadcrumb":{"@id":"https:\/\/www.suno.com.br\/noticias\/cvm-multas-acusados-1t19\/#breadcrumb"},"inLanguage":"pt-BR","potentialAction":[{"@type":"ReadAction","target":["https:\/\/www.suno.com.br\/noticias\/cvm-multas-acusados-1t19\/"]}]},{"@type":"ImageObject","inLanguage":"pt-BR","@id":"https:\/\/www.suno.com.br\/noticias\/cvm-multas-acusados-1t19\/#primaryimage","url":"https:\/\/files.sunoresearch.com.br\/n\/uploads\/2019\/05\/1059abbc-cvm-jpg.webp","contentUrl":"https:\/\/files.sunoresearch.com.br\/n\/uploads\/2019\/05\/1059abbc-cvm-jpg.webp","width":1100,"height":370,"caption":"CVM: Multas aplicadas contra 32 acusados somam R$ 183,3 mi no 1T19"},{"@type":"BreadcrumbList","@id":"https:\/\/www.suno.com.br\/noticias\/cvm-multas-acusados-1t19\/#breadcrumb","itemListElement":[{"@type":"ListItem","position":1,"name":"Not\u00edcias","item":"https:\/\/www.suno.com.br\/noticias\/"},{"@type":"ListItem","position":2,"name":"Neg\u00f3cios","item":"https:\/\/www.suno.com.br\/noticias\/negocios\/"},{"@type":"ListItem","position":3,"name":"CVM: Multas aplicadas a 32 acusados somam R$ 183,3 mi no 1T19"}]},{"@type":"WebSite","@id":"https:\/\/www.suno.com.br\/noticias\/#website","url":"https:\/\/www.suno.com.br\/noticias\/","name":"Suno Not\u00edcias","description":"Seu portal de informa\u00e7\u00e3o sobre o mundo dos investimentos","publisher":{"@id":"https:\/\/www.suno.com.br\/noticias\/#organization"},"potentialAction":[{"@type":"SearchAction","target":{"@type":"EntryPoint","urlTemplate":"https:\/\/www.suno.com.br\/noticias\/?s={search_term_string}"},"query-input":{"@type":"PropertyValueSpecification","valueRequired":true,"valueName":"search_term_string"}}],"inLanguage":"pt-BR"},{"@type":"Organization","@id":"https:\/\/www.suno.com.br\/noticias\/#organization","name":"Suno Not\u00edcias","url":"https:\/\/www.suno.com.br\/noticias\/","logo":{"@type":"ImageObject","inLanguage":"pt-BR","@id":"https:\/\/www.suno.com.br\/noticias\/#\/schema\/logo\/image\/","url":"https:\/\/files.sunoresearch.com.br\/n\/uploads\/2021\/09\/suno-logo.png","contentUrl":"https:\/\/files.sunoresearch.com.br\/n\/uploads\/2021\/09\/suno-logo.png","width":180,"height":180,"caption":"Suno Not\u00edcias"},"image":{"@id":"https:\/\/www.suno.com.br\/noticias\/#\/schema\/logo\/image\/"},"sameAs":["https:\/\/facebook.com\/sunoresearch","https:\/\/x.com\/sunoresearch","https:\/\/www.instagram.com\/suno","https:\/\/www.linkedin.com\/company\/suno-research\/","https:\/\/www.youtube.com\/c\/sunoresearch"]},{"@type":"Person","@id":"https:\/\/www.suno.com.br\/noticias\/#\/schema\/person\/fc144a1c6108bd1dcd43784e88a3c138","name":"Renan Bandeira","image":{"@type":"ImageObject","inLanguage":"pt-BR","@id":"https:\/\/www.suno.com.br\/noticias\/#\/schema\/person\/image\/","url":"https:\/\/secure.gravatar.com\/avatar\/68359cdb608f14f11bbefcb78f3fc747?s=96&r=g","contentUrl":"https:\/\/secure.gravatar.com\/avatar\/68359cdb608f14f11bbefcb78f3fc747?s=96&r=g","caption":"Renan Bandeira"},"description":"Renan Bandeira escreve sobre pol\u00edtica e economia para o portal da Suno Research. Antes da Suno, trabalhou em uma rede de televis\u00e3o, onde fazia reportagens sobre os mesmos temas. Estuda na Universidade Metodista de S\u00e3o Paulo.","url":"https:\/\/www.suno.com.br\/noticias\/author\/renan-bandeira\/"}]}},"default_loop_html":"<div class=\"cardsPage__listCard__boxs\"><div class=\"cardsPage__listCard__boxs__img\"><a href=\"https:\/\/www.suno.com.br\/noticias\/cvm-multas-acusados-1t19\/\"><img class=\"mask\" src=\"https:\/\/www.suno.com.br\/noticias\/wp-content\/themes\/suno\/resources\/images\/spotlight\/spotlight1img\/bg-mask.png\" alt=\"Image Mask\"\/><img src=\"https:\/\/files.sunoresearch.com.br\/n\/uploads\/2019\/05\/1059abbc-cvm-400x200.webp\" alt=\"CVM: Multas aplicadas a 32 acusados somam R$ 183,3 mi no 1T19\"\/><\/a><span class=\"spotlightCategory\"><a href=\"https:\/\/www.suno.com.br\/noticias\/negocios\/\">Neg\u00f3cios<\/a><\/span><\/div><div class=\"cardsPage__listCard__boxs__content\"><a href=\"https:\/\/www.suno.com.br\/noticias\/cvm-multas-acusados-1t19\/\"><h2 class=\"content__title\">CVM: Multas aplicadas a 32 acusados somam R$ 183,3 mi no 1T19<\/h2><\/a><div class=\"newsContent__article__meta\"><div class=\"newsContent__article__meta__authorBox\"><a href=\"https:\/\/www.suno.com.br\/noticias\/author\/renan-bandeira\/\" class=\"authorBox__avatar noMobi\"><img src=\"https:\/\/secure.gravatar.com\/avatar\/68359cdb608f14f11bbefcb78f3fc747?s=96&#038;r=g\" alt=\"Renan Bandeira\"><\/a><div class=\"authorBox__name\"><span>por\n\t\t\t<a href=\"https:\/\/www.suno.com.br\/noticias\/author\/renan-bandeira\/\"><span itemprop=\"author\">Renan Bandeira<\/span><\/a><\/span><time datetime=\"2019-05-30T12:50:34-03:00\" itemprop=\"datePublished\">30\/05\/2019 12:50<\/time><\/div><\/div><\/div><\/div><\/div>","single_layout":"posts","amp_enabled":true,"_links":{"self":[{"href":"https:\/\/www.suno.com.br\/noticias\/wp-json\/wp\/v2\/posts\/26566"}],"collection":[{"href":"https:\/\/www.suno.com.br\/noticias\/wp-json\/wp\/v2\/posts"}],"about":[{"href":"https:\/\/www.suno.com.br\/noticias\/wp-json\/wp\/v2\/types\/post"}],"author":[{"embeddable":true,"href":"https:\/\/www.suno.com.br\/noticias\/wp-json\/wp\/v2\/users\/11"}],"replies":[{"embeddable":true,"href":"https:\/\/www.suno.com.br\/noticias\/wp-json\/wp\/v2\/comments?post=26566"}],"version-history":[{"count":0,"href":"https:\/\/www.suno.com.br\/noticias\/wp-json\/wp\/v2\/posts\/26566\/revisions"}],"wp:featuredmedia":[{"embeddable":true,"href":"https:\/\/www.suno.com.br\/noticias\/wp-json\/wp\/v2\/media\/26592"}],"wp:attachment":[{"href":"https:\/\/www.suno.com.br\/noticias\/wp-json\/wp\/v2\/media?parent=26566"}],"wp:term":[{"taxonomy":"category","embeddable":true,"href":"https:\/\/www.suno.com.br\/noticias\/wp-json\/wp\/v2\/categories?post=26566"},{"taxonomy":"post_tag","embeddable":true,"href":"https:\/\/www.suno.com.br\/noticias\/wp-json\/wp\/v2\/tags?post=26566"},{"taxonomy":"suno_strategy","embeddable":true,"href":"https:\/\/www.suno.com.br\/noticias\/wp-json\/wp\/v2\/suno_strategy?post=26566"}],"curies":[{"name":"wp","href":"https:\/\/api.w.org\/{rel}","templated":true}]}}