{"id":26558,"date":"2019-05-30T11:36:45","date_gmt":"2019-05-30T14:36:45","guid":{"rendered":"https:\/\/www.suno.com.br\/noticias\/?p=26558"},"modified":"2019-05-30T11:36:45","modified_gmt":"2019-05-30T14:36:45","slug":"petrobras-justica-suspende-venda-subsidiaria","status":"publish","type":"post","link":"https:\/\/www.suno.com.br\/noticias\/petrobras-justica-suspende-venda-subsidiaria\/","title":{"rendered":"Justi\u00e7a suspende venda de mais uma subsidi\u00e1ria da Petrobras"},"content":{"rendered":"<p>A <strong>Justi\u00e7a Federal<\/strong> do <strong>Rio de Janeiro<\/strong> suspendeu mais uma tentativa de venda de uma <strong>subsidi\u00e1ria<\/strong> da Petrobras. Assim, a empresa fica proibida, por enquanto, de vender a participa\u00e7\u00e3o de 100% que tem em duas unidades produtoras de fertilizantes.<\/p>\t<div class=\"wrapper-featured-image\">\n\t\t<figure class=\"spotlightImg\">\n\n\t\t\t<picture>\n\t\t\t\t<source media=\"(max-width: 768px)\" srcset=\"https:\/\/files.sunoresearch.com.br\/n\/uploads\/2019\/05\/3a9466a7-petrobras-400x200.webp\">\n\t\t\t\t<img loading=\"lazy\" decoding=\"async\" class=\"newsContent__article__imgCapa lazyloadDisabled newsContent__article__imgCapa--noCaption\" src=\"https:\/\/files.sunoresearch.com.br\/n\/uploads\/2019\/05\/3a9466a7-petrobras-800x450.webp\" width=\"800\" height=\"450\" alt=\"Justi\u00e7a suspende venda de mais uma subsidi\u00e1ria da Petrobras\" fetchpriority=high \/>\n\t\t\t<\/picture>\n\n\t\t\t<figcaption class=\"wp-caption-text wp-caption-text--hide\">Petrobras (PETR4)<\/figcaption>\n\t\t<\/figure>\n\t<\/div>\n\n\n<p>A <strong>Petrobras<\/strong> tem um plano de desinvestimento que prev\u00ea venda de ativos at\u00e9 2023. Com isso, o objetivo \u00e9 arrecadar R$ 26,9 bilh\u00f5es com as <strong>privatiza\u00e7\u00f5es<\/strong>. Sendo assim, as vendas da\u00a0<strong>Arauc\u00e1ria Nitrogenados S.A.<\/strong> (Ansa) e da <strong>Unidade de Fertilizantes Nitrogenados III<\/strong> (UFN-III) faziam parte deste projeto. Contudo, a opera\u00e7\u00e3o foi suspensa.<\/p>\n\t<p>\n\t\t<a href=\"https:\/\/lp.suno.com.br\/ebook-como-analisar-uma-acao\/\" target=\"_blank\" data-element=\"shortcode-suno-banner\" title=\"Banner SUNO, clique e saiba mais\">\n\t\t\t<picture>\n\t\t\t\t<source media=\"(max-width: 500px)\" srcset=\"https:\/\/files.sunoresearch.com.br\/n\/uploads\/2023\/12\/Ebook-Acoes-Mobile.jpg\">\n\t\t\t\t<img class=\"newsContent__article__imgCapa newsContent__article__imgCapa--banner\"\n\t\t\t\t\tsrc=\"https:\/\/files.sunoresearch.com.br\/n\/uploads\/2023\/12\/Ebook-Acoes-Mobile.jpg\"\n\t\t\t\t\tdata-promo-id=\"101750\"\t\t\t\t\t\t\t\t\t\twidth='400' height='300'\t\t\t\t\talt=\"https:\/\/files.sunoresearch.com.br\/n\/uploads\/2023\/12\/Ebook-Acoes-Mobile.jpg\"\n\t\t\t\t>\n\t\t\t<\/picture>\n\t\t<\/a>\n\t<\/p>\n\n\n<p>De acordo com a <strong>estatal,<\/strong> a decis\u00e3o da <strong>justi\u00e7a<\/strong> veio em resposta a uma a\u00e7\u00e3o popular contra as vendas. No entanto, a <strong>petroleira<\/strong>\u00a0afirmou que tomar\u00e1 as medidas cab\u00edveis a favor dos interesses dos investidores e da pr\u00f3pria empresa.<\/p>\n<p><a href=\"https:\/\/www.suno.com.br\/noticias\/petrobras-repeite-licitacao-venda-tag\/\">Saiba Mais: Petrobras: em liminar, Fachin suspende venda da TAG e de refinarias<\/a><\/p>\n<h2>Desinvestimento na Petrobras<\/h2>\n<p>A empresa montou um projeto de desinvestimento que est\u00e1 em seu plano de neg\u00f3cios para 2019 e 2023. Com isso, o objetivo da <strong>Petrobras<\/strong>\u00a0\u00e9 diminuir as d\u00edvidas que a <strong>estatal<\/strong> acumula. Assim, a <strong>petroleira<\/strong> pretende focar os investimentos na explora\u00e7\u00e3o do petr\u00f3leo, sobretudo, no pr\u00e9-sal.<\/p>\n<p>No entanto, a empresa vem sofrendo v\u00e1rias derrotas frente \u00e0s tentativas de privatiza\u00e7\u00f5es. No dia 27 de maio, o <strong>Supremo Tribunal Federal<\/strong> suspendeu a venda da subsidi\u00e1ria <strong>TAG<\/strong> (Transportadora Associada de G\u00e1s S.A.).<\/p>\n<p><a href=\"https:\/\/www.suno.com.br\/noticias\/petrobras-comeca-venda-campos-terrestres\/\">Saiba Mais: Petrobras come\u00e7a venda de 27 campos terrestres no Esp\u00edrito Santo<\/a><\/p>\n<p>Isso porque o ministro <strong>Edson Fachin<\/strong> definiu que a venda dos 90% de participa\u00e7\u00e3o da <strong>Petrobras<\/strong> na empresa deve ser feita seguindo licita\u00e7\u00f5es.\u00a0A <strong>Petrobras<\/strong> anunciou que venderia 90% da <strong>TAG<\/strong> em abril deste ano.<\/p>\n<p>A venda seria feita para o grupo franc\u00eas <strong>Engie<\/strong> junto com o fundo canadense <strong>Caisse de D\u00e9p\u00f4t et Placemente du Qu\u00e9bec <\/strong>(<strong>CDPQ<\/strong>). Assim, o valor estava previsto em\u00a0US$ 8,6 bilh\u00f5es.<\/p>\n<h2>Na mira do STF<\/h2>\n<p>Nesse sentido, o\u00a0<strong>STF<\/strong> vai decidir nesta quinta-feira (30) se o governo federal pode realizar a venda de estatais sem o aval do <strong>Congresso Nacional<\/strong>. A decis\u00e3o a ser tomada valer\u00e1 tamb\u00e9m para governos estaduais e prefeituras.<\/p>\n<p><a href=\"https:\/\/www.suno.com.br\/noticias\/petrobras-inicia-privatizacao-br-distribuidora\/\">Saiba Mais: Petrobras inicia privatiza\u00e7\u00e3o da BR Distribuidora, diz site<\/a><\/p>\n<p>Durante o julgamento ser\u00e1 definido se a decis\u00e3o liminar concedida pelo ministro <strong>Ricardo Lewandowski<\/strong>, ainda no ano passado, ser\u00e1 confirmada ou rejeitada pelos ministros do <strong>STF<\/strong>. A medida de Lewandowski indica que o governo n\u00e3o pode vender estatais sem autoriza\u00e7\u00e3o do <strong>Poder<\/strong> <strong>Legislativo<\/strong>.<\/p>\n\t<p>\n\t\t<a href=\"https:\/\/lp.suno.com.br\/ebook-guia-ir\/\" target=\"_blank\" data-element=\"shortcode-suno-banner\" title=\"Banner SUNO, clique e saiba mais\">\n\t\t\t<picture>\n\t\t\t\t<source media=\"(max-width: 500px)\" srcset=\"https:\/\/files.sunoresearch.com.br\/n\/uploads\/2023\/03\/400x300-Ebook-IR.png\">\n\t\t\t\t<img class=\"newsContent__article__imgCapa newsContent__article__imgCapa--banner\"\n\t\t\t\t\tsrc=\"https:\/\/files.sunoresearch.com.br\/n\/uploads\/2023\/03\/1420x240-Ebook-IR.png\"\n\t\t\t\t\tdata-promo-id=\"383124\"\t\t\t\t\t\t\t\t\t\twidth='1420' height='240'\t\t\t\t\talt=\"https:\/\/files.sunoresearch.com.br\/n\/uploads\/2023\/03\/1420x240-Ebook-IR.png\"\n\t\t\t\t>\n\t\t\t<\/picture>\n\t\t<\/a>\n\t<\/p>\n\n\n<p>De acordo com <strong>Lewandowski<\/strong>, \u00e9 obrigat\u00f3rio que o <strong>Legislativo<\/strong> autorize a venda de estatais quando o caso faz o poder p\u00fablico perder o controle acion\u00e1rio da empresa.<\/p>\n<p>Al\u00e9m disso, o ministro estabeleceu que para a <strong>venda<\/strong>, \u00e9 necess\u00e1rio a realiza\u00e7\u00e3o de licita\u00e7\u00e3o. Al\u00e9m disso, o processo s\u00f3 ser\u00e1 ser dispensado se n\u00e3o houver perda do controle acion\u00e1rio das empresas pelo poder p\u00fablico. Desse modo, as decis\u00f5es do <strong>STF<\/strong> nesta quinta-feira afetar\u00e3o diretamente o projeto de desinvestimento da <strong>Petrobras<\/strong>.<\/p>\n","protected":false},"excerpt":{"rendered":"<p>A Justi\u00e7a Federal do Rio de Janeiro suspendeu mais uma tentativa de venda de uma subsidi\u00e1ria da Petrobras. Assim, a empresa fica proibida, por enquanto, de vender a participa\u00e7\u00e3o de 100% que tem em duas unidades produtoras de fertilizantes. Petrobras (PETR4) A Petrobras tem um plano de desinvestimento que prev\u00ea venda de ativos at\u00e9 2023. [&hellip;]<\/p>\n","protected":false},"author":16,"featured_media":26569,"comment_status":"closed","ping_status":"closed","sticky":false,"template":"","format":"standard","meta":[],"categories":[64],"tags":[595,945,785],"suno_strategy":[],"class_list":["post-26558","post","type-post","status-publish","format-standard","has-post-thumbnail","hentry","category-negocios","tag-petrobras-petr4","tag-privatizacoes","tag-supremo-tribunal-federal-stf"],"yoast_head":"<!-- This site is optimized with the Yoast SEO plugin v24.4 - https:\/\/yoast.com\/wordpress\/plugins\/seo\/ -->\n<title>Justi\u00e7a suspende venda de mais uma subsidi\u00e1ria da Petrobras<\/title>\n<meta name=\"description\" content=\"A decis\u00e3o \u00e9 a segunda que atrapalha o projeto de desinvestimento da Petrobras; a venda da TAG tamb\u00e9m foi barrada. Clique aqui e saiba mais.\" \/>\n<meta name=\"robots\" content=\"index, follow, max-snippet:-1, max-image-preview:large, max-video-preview:-1\" \/>\n<link rel=\"canonical\" href=\"https:\/\/www.suno.com.br\/noticias\/petrobras-justica-suspende-venda-subsidiaria\/\" \/>\n<meta property=\"og:locale\" content=\"pt_BR\" \/>\n<meta property=\"og:type\" content=\"article\" \/>\n<meta property=\"og:title\" content=\"Justi\u00e7a suspende venda de mais uma subsidi\u00e1ria da Petrobras\" \/>\n<meta property=\"og:description\" content=\"A decis\u00e3o \u00e9 a segunda que atrapalha o projeto de desinvestimento da Petrobras; a venda da TAG tamb\u00e9m foi barrada. Clique aqui e saiba mais.\" \/>\n<meta property=\"og:url\" content=\"https:\/\/www.suno.com.br\/noticias\/petrobras-justica-suspende-venda-subsidiaria\/\" \/>\n<meta property=\"og:site_name\" content=\"Suno Not\u00edcias\" \/>\n<meta property=\"article:publisher\" content=\"https:\/\/facebook.com\/sunoresearch\" \/>\n<meta property=\"og:image\" content=\"https:\/\/files.sunoresearch.com.br\/n\/uploads\/2019\/05\/3a9466a7-petrobras.jpg\" \/>\n\t<meta property=\"og:image:width\" content=\"1000\" \/>\n\t<meta property=\"og:image:height\" content=\"542\" \/>\n\t<meta property=\"og:image:type\" content=\"image\/jpeg\" \/>\n<meta name=\"author\" content=\"Beatriz Oliveira\" \/>\n<meta name=\"twitter:card\" content=\"summary_large_image\" \/>\n<meta name=\"twitter:creator\" content=\"@sunoresearch\" \/>\n<meta name=\"twitter:site\" content=\"@sunoresearch\" \/>\n<meta name=\"twitter:label1\" content=\"Escrito por\" \/>\n\t<meta name=\"twitter:data1\" content=\"Beatriz Oliveira\" \/>\n\t<meta name=\"twitter:label2\" content=\"Est. tempo de leitura\" \/>\n\t<meta name=\"twitter:data2\" content=\"3 minutos\" \/>\n<script type=\"application\/ld+json\" class=\"yoast-schema-graph\">{\"@context\":\"https:\/\/schema.org\",\"@graph\":[{\"@type\":\"NewsArticle\",\"@id\":\"https:\/\/www.suno.com.br\/noticias\/petrobras-justica-suspende-venda-subsidiaria\/#article\",\"isPartOf\":{\"@id\":\"https:\/\/www.suno.com.br\/noticias\/petrobras-justica-suspende-venda-subsidiaria\/\"},\"author\":{\"name\":\"Beatriz Oliveira\",\"@id\":\"https:\/\/www.suno.com.br\/noticias\/#\/schema\/person\/e67f665add014bf99f644028de070cc3\"},\"headline\":\"Justi\u00e7a suspende venda de mais uma subsidi\u00e1ria da Petrobras\",\"datePublished\":\"2019-05-30T14:36:45+00:00\",\"mainEntityOfPage\":{\"@id\":\"https:\/\/www.suno.com.br\/noticias\/petrobras-justica-suspende-venda-subsidiaria\/\"},\"wordCount\":528,\"publisher\":{\"@id\":\"https:\/\/www.suno.com.br\/noticias\/#organization\"},\"image\":{\"@id\":\"https:\/\/www.suno.com.br\/noticias\/petrobras-justica-suspende-venda-subsidiaria\/#primaryimage\"},\"thumbnailUrl\":\"https:\/\/files.sunoresearch.com.br\/n\/uploads\/2019\/05\/3a9466a7-petrobras-jpg.webp\",\"keywords\":[\"Petrobras (PETR4)\",\"privatiza\u00e7\u00f5es\",\"Supremo Tribunal Federal (STF)\"],\"articleSection\":[\"Neg\u00f3cios\"],\"inLanguage\":\"pt-BR\"},{\"@type\":\"WebPage\",\"@id\":\"https:\/\/www.suno.com.br\/noticias\/petrobras-justica-suspende-venda-subsidiaria\/\",\"url\":\"https:\/\/www.suno.com.br\/noticias\/petrobras-justica-suspende-venda-subsidiaria\/\",\"name\":\"Justi\u00e7a suspende venda de mais uma subsidi\u00e1ria da Petrobras\",\"isPartOf\":{\"@id\":\"https:\/\/www.suno.com.br\/noticias\/#website\"},\"primaryImageOfPage\":{\"@id\":\"https:\/\/www.suno.com.br\/noticias\/petrobras-justica-suspende-venda-subsidiaria\/#primaryimage\"},\"image\":{\"@id\":\"https:\/\/www.suno.com.br\/noticias\/petrobras-justica-suspende-venda-subsidiaria\/#primaryimage\"},\"thumbnailUrl\":\"https:\/\/files.sunoresearch.com.br\/n\/uploads\/2019\/05\/3a9466a7-petrobras-jpg.webp\",\"datePublished\":\"2019-05-30T14:36:45+00:00\",\"description\":\"A decis\u00e3o \u00e9 a segunda que atrapalha o projeto de desinvestimento da Petrobras; a venda da TAG tamb\u00e9m foi barrada. Clique aqui e saiba mais.\",\"breadcrumb\":{\"@id\":\"https:\/\/www.suno.com.br\/noticias\/petrobras-justica-suspende-venda-subsidiaria\/#breadcrumb\"},\"inLanguage\":\"pt-BR\",\"potentialAction\":[{\"@type\":\"ReadAction\",\"target\":[\"https:\/\/www.suno.com.br\/noticias\/petrobras-justica-suspende-venda-subsidiaria\/\"]}]},{\"@type\":\"ImageObject\",\"inLanguage\":\"pt-BR\",\"@id\":\"https:\/\/www.suno.com.br\/noticias\/petrobras-justica-suspende-venda-subsidiaria\/#primaryimage\",\"url\":\"https:\/\/files.sunoresearch.com.br\/n\/uploads\/2019\/05\/3a9466a7-petrobras-jpg.webp\",\"contentUrl\":\"https:\/\/files.sunoresearch.com.br\/n\/uploads\/2019\/05\/3a9466a7-petrobras-jpg.webp\",\"width\":1000,\"height\":542,\"caption\":\"Petrobras (PETR4)\"},{\"@type\":\"BreadcrumbList\",\"@id\":\"https:\/\/www.suno.com.br\/noticias\/petrobras-justica-suspende-venda-subsidiaria\/#breadcrumb\",\"itemListElement\":[{\"@type\":\"ListItem\",\"position\":1,\"name\":\"Not\u00edcias\",\"item\":\"https:\/\/www.suno.com.br\/noticias\/\"},{\"@type\":\"ListItem\",\"position\":2,\"name\":\"Neg\u00f3cios\",\"item\":\"https:\/\/www.suno.com.br\/noticias\/negocios\/\"},{\"@type\":\"ListItem\",\"position\":3,\"name\":\"Justi\u00e7a suspende venda de mais uma subsidi\u00e1ria da Petrobras\"}]},{\"@type\":\"WebSite\",\"@id\":\"https:\/\/www.suno.com.br\/noticias\/#website\",\"url\":\"https:\/\/www.suno.com.br\/noticias\/\",\"name\":\"Suno Not\u00edcias\",\"description\":\"Seu portal de informa\u00e7\u00e3o sobre o mundo dos investimentos\",\"publisher\":{\"@id\":\"https:\/\/www.suno.com.br\/noticias\/#organization\"},\"potentialAction\":[{\"@type\":\"SearchAction\",\"target\":{\"@type\":\"EntryPoint\",\"urlTemplate\":\"https:\/\/www.suno.com.br\/noticias\/?s={search_term_string}\"},\"query-input\":{\"@type\":\"PropertyValueSpecification\",\"valueRequired\":true,\"valueName\":\"search_term_string\"}}],\"inLanguage\":\"pt-BR\"},{\"@type\":\"Organization\",\"@id\":\"https:\/\/www.suno.com.br\/noticias\/#organization\",\"name\":\"Suno Not\u00edcias\",\"url\":\"https:\/\/www.suno.com.br\/noticias\/\",\"logo\":{\"@type\":\"ImageObject\",\"inLanguage\":\"pt-BR\",\"@id\":\"https:\/\/www.suno.com.br\/noticias\/#\/schema\/logo\/image\/\",\"url\":\"https:\/\/files.sunoresearch.com.br\/n\/uploads\/2021\/09\/suno-logo.png\",\"contentUrl\":\"https:\/\/files.sunoresearch.com.br\/n\/uploads\/2021\/09\/suno-logo.png\",\"width\":180,\"height\":180,\"caption\":\"Suno Not\u00edcias\"},\"image\":{\"@id\":\"https:\/\/www.suno.com.br\/noticias\/#\/schema\/logo\/image\/\"},\"sameAs\":[\"https:\/\/facebook.com\/sunoresearch\",\"https:\/\/x.com\/sunoresearch\",\"https:\/\/www.instagram.com\/suno\",\"https:\/\/www.linkedin.com\/company\/suno-research\/\",\"https:\/\/www.youtube.com\/c\/sunoresearch\"]},{\"@type\":\"Person\",\"@id\":\"https:\/\/www.suno.com.br\/noticias\/#\/schema\/person\/e67f665add014bf99f644028de070cc3\",\"name\":\"Beatriz Oliveira\",\"image\":{\"@type\":\"ImageObject\",\"inLanguage\":\"pt-BR\",\"@id\":\"https:\/\/www.suno.com.br\/noticias\/#\/schema\/person\/image\/\",\"url\":\"https:\/\/secure.gravatar.com\/avatar\/c9aa6a0aaecc598d257d5d5bd349157d?s=96&r=g\",\"contentUrl\":\"https:\/\/secure.gravatar.com\/avatar\/c9aa6a0aaecc598d257d5d5bd349157d?s=96&r=g\",\"caption\":\"Beatriz Oliveira\"},\"description\":\"Formada em Jornalismo pela Faculdade Paulus de Tecnologia e Comunica\u00e7\u00e3o, Beatriz Oliveira escreve para o portal de not\u00edcias Suno Research. Antes, passou pelas reda\u00e7\u00f5es da Revista EXAME e da Rede Bandeirantes.\",\"url\":\"https:\/\/www.suno.com.br\/noticias\/author\/beatriz\/\"}]}<\/script>\n<!-- \/ Yoast SEO plugin. -->","yoast_head_json":{"title":"Justi\u00e7a suspende venda de mais uma subsidi\u00e1ria da Petrobras","description":"A decis\u00e3o \u00e9 a segunda que atrapalha o projeto de desinvestimento da Petrobras; a venda da TAG tamb\u00e9m foi barrada. Clique aqui e saiba mais.","robots":{"index":"index","follow":"follow","max-snippet":"max-snippet:-1","max-image-preview":"max-image-preview:large","max-video-preview":"max-video-preview:-1"},"canonical":"https:\/\/www.suno.com.br\/noticias\/petrobras-justica-suspende-venda-subsidiaria\/","og_locale":"pt_BR","og_type":"article","og_title":"Justi\u00e7a suspende venda de mais uma subsidi\u00e1ria da Petrobras","og_description":"A decis\u00e3o \u00e9 a segunda que atrapalha o projeto de desinvestimento da Petrobras; a venda da TAG tamb\u00e9m foi barrada. Clique aqui e saiba mais.","og_url":"https:\/\/www.suno.com.br\/noticias\/petrobras-justica-suspende-venda-subsidiaria\/","og_site_name":"Suno Not\u00edcias","article_publisher":"https:\/\/facebook.com\/sunoresearch","og_image":[{"width":1000,"height":542,"url":"https:\/\/files.sunoresearch.com.br\/n\/uploads\/2019\/05\/3a9466a7-petrobras.jpg","type":"image\/jpeg"}],"author":"Beatriz Oliveira","twitter_card":"summary_large_image","twitter_creator":"@sunoresearch","twitter_site":"@sunoresearch","twitter_misc":{"Escrito por":"Beatriz Oliveira","Est. tempo de leitura":"3 minutos"},"schema":{"@context":"https:\/\/schema.org","@graph":[{"@type":"NewsArticle","@id":"https:\/\/www.suno.com.br\/noticias\/petrobras-justica-suspende-venda-subsidiaria\/#article","isPartOf":{"@id":"https:\/\/www.suno.com.br\/noticias\/petrobras-justica-suspende-venda-subsidiaria\/"},"author":{"name":"Beatriz Oliveira","@id":"https:\/\/www.suno.com.br\/noticias\/#\/schema\/person\/e67f665add014bf99f644028de070cc3"},"headline":"Justi\u00e7a suspende venda de mais uma subsidi\u00e1ria da Petrobras","datePublished":"2019-05-30T14:36:45+00:00","mainEntityOfPage":{"@id":"https:\/\/www.suno.com.br\/noticias\/petrobras-justica-suspende-venda-subsidiaria\/"},"wordCount":528,"publisher":{"@id":"https:\/\/www.suno.com.br\/noticias\/#organization"},"image":{"@id":"https:\/\/www.suno.com.br\/noticias\/petrobras-justica-suspende-venda-subsidiaria\/#primaryimage"},"thumbnailUrl":"https:\/\/files.sunoresearch.com.br\/n\/uploads\/2019\/05\/3a9466a7-petrobras-jpg.webp","keywords":["Petrobras (PETR4)","privatiza\u00e7\u00f5es","Supremo Tribunal Federal (STF)"],"articleSection":["Neg\u00f3cios"],"inLanguage":"pt-BR"},{"@type":"WebPage","@id":"https:\/\/www.suno.com.br\/noticias\/petrobras-justica-suspende-venda-subsidiaria\/","url":"https:\/\/www.suno.com.br\/noticias\/petrobras-justica-suspende-venda-subsidiaria\/","name":"Justi\u00e7a suspende venda de mais uma subsidi\u00e1ria da Petrobras","isPartOf":{"@id":"https:\/\/www.suno.com.br\/noticias\/#website"},"primaryImageOfPage":{"@id":"https:\/\/www.suno.com.br\/noticias\/petrobras-justica-suspende-venda-subsidiaria\/#primaryimage"},"image":{"@id":"https:\/\/www.suno.com.br\/noticias\/petrobras-justica-suspende-venda-subsidiaria\/#primaryimage"},"thumbnailUrl":"https:\/\/files.sunoresearch.com.br\/n\/uploads\/2019\/05\/3a9466a7-petrobras-jpg.webp","datePublished":"2019-05-30T14:36:45+00:00","description":"A decis\u00e3o \u00e9 a segunda que atrapalha o projeto de desinvestimento da Petrobras; a venda da TAG tamb\u00e9m foi barrada. Clique aqui e saiba mais.","breadcrumb":{"@id":"https:\/\/www.suno.com.br\/noticias\/petrobras-justica-suspende-venda-subsidiaria\/#breadcrumb"},"inLanguage":"pt-BR","potentialAction":[{"@type":"ReadAction","target":["https:\/\/www.suno.com.br\/noticias\/petrobras-justica-suspende-venda-subsidiaria\/"]}]},{"@type":"ImageObject","inLanguage":"pt-BR","@id":"https:\/\/www.suno.com.br\/noticias\/petrobras-justica-suspende-venda-subsidiaria\/#primaryimage","url":"https:\/\/files.sunoresearch.com.br\/n\/uploads\/2019\/05\/3a9466a7-petrobras-jpg.webp","contentUrl":"https:\/\/files.sunoresearch.com.br\/n\/uploads\/2019\/05\/3a9466a7-petrobras-jpg.webp","width":1000,"height":542,"caption":"Petrobras (PETR4)"},{"@type":"BreadcrumbList","@id":"https:\/\/www.suno.com.br\/noticias\/petrobras-justica-suspende-venda-subsidiaria\/#breadcrumb","itemListElement":[{"@type":"ListItem","position":1,"name":"Not\u00edcias","item":"https:\/\/www.suno.com.br\/noticias\/"},{"@type":"ListItem","position":2,"name":"Neg\u00f3cios","item":"https:\/\/www.suno.com.br\/noticias\/negocios\/"},{"@type":"ListItem","position":3,"name":"Justi\u00e7a suspende venda de mais uma subsidi\u00e1ria da Petrobras"}]},{"@type":"WebSite","@id":"https:\/\/www.suno.com.br\/noticias\/#website","url":"https:\/\/www.suno.com.br\/noticias\/","name":"Suno Not\u00edcias","description":"Seu portal de informa\u00e7\u00e3o sobre o mundo dos investimentos","publisher":{"@id":"https:\/\/www.suno.com.br\/noticias\/#organization"},"potentialAction":[{"@type":"SearchAction","target":{"@type":"EntryPoint","urlTemplate":"https:\/\/www.suno.com.br\/noticias\/?s={search_term_string}"},"query-input":{"@type":"PropertyValueSpecification","valueRequired":true,"valueName":"search_term_string"}}],"inLanguage":"pt-BR"},{"@type":"Organization","@id":"https:\/\/www.suno.com.br\/noticias\/#organization","name":"Suno Not\u00edcias","url":"https:\/\/www.suno.com.br\/noticias\/","logo":{"@type":"ImageObject","inLanguage":"pt-BR","@id":"https:\/\/www.suno.com.br\/noticias\/#\/schema\/logo\/image\/","url":"https:\/\/files.sunoresearch.com.br\/n\/uploads\/2021\/09\/suno-logo.png","contentUrl":"https:\/\/files.sunoresearch.com.br\/n\/uploads\/2021\/09\/suno-logo.png","width":180,"height":180,"caption":"Suno Not\u00edcias"},"image":{"@id":"https:\/\/www.suno.com.br\/noticias\/#\/schema\/logo\/image\/"},"sameAs":["https:\/\/facebook.com\/sunoresearch","https:\/\/x.com\/sunoresearch","https:\/\/www.instagram.com\/suno","https:\/\/www.linkedin.com\/company\/suno-research\/","https:\/\/www.youtube.com\/c\/sunoresearch"]},{"@type":"Person","@id":"https:\/\/www.suno.com.br\/noticias\/#\/schema\/person\/e67f665add014bf99f644028de070cc3","name":"Beatriz Oliveira","image":{"@type":"ImageObject","inLanguage":"pt-BR","@id":"https:\/\/www.suno.com.br\/noticias\/#\/schema\/person\/image\/","url":"https:\/\/secure.gravatar.com\/avatar\/c9aa6a0aaecc598d257d5d5bd349157d?s=96&r=g","contentUrl":"https:\/\/secure.gravatar.com\/avatar\/c9aa6a0aaecc598d257d5d5bd349157d?s=96&r=g","caption":"Beatriz Oliveira"},"description":"Formada em Jornalismo pela Faculdade Paulus de Tecnologia e Comunica\u00e7\u00e3o, Beatriz Oliveira escreve para o portal de not\u00edcias Suno Research. Antes, passou pelas reda\u00e7\u00f5es da Revista EXAME e da Rede Bandeirantes.","url":"https:\/\/www.suno.com.br\/noticias\/author\/beatriz\/"}]}},"default_loop_html":"<div class=\"cardsPage__listCard__boxs\"><div class=\"cardsPage__listCard__boxs__img\"><a href=\"https:\/\/www.suno.com.br\/noticias\/petrobras-justica-suspende-venda-subsidiaria\/\"><img class=\"mask\" src=\"https:\/\/www.suno.com.br\/noticias\/wp-content\/themes\/suno\/resources\/images\/spotlight\/spotlight1img\/bg-mask.png\" alt=\"Image Mask\"\/><img src=\"https:\/\/files.sunoresearch.com.br\/n\/uploads\/2019\/05\/3a9466a7-petrobras-400x200.webp\" alt=\"Justi\u00e7a suspende venda de mais uma subsidi\u00e1ria da Petrobras\"\/><\/a><span class=\"spotlightCategory\"><a href=\"https:\/\/www.suno.com.br\/noticias\/negocios\/\">Neg\u00f3cios<\/a><\/span><\/div><div class=\"cardsPage__listCard__boxs__content\"><a href=\"https:\/\/www.suno.com.br\/noticias\/petrobras-justica-suspende-venda-subsidiaria\/\"><h2 class=\"content__title\">Justi\u00e7a suspende venda de mais uma subsidi\u00e1ria da Petrobras<\/h2><\/a><div class=\"newsContent__article__meta\"><div class=\"newsContent__article__meta__authorBox\"><a href=\"https:\/\/www.suno.com.br\/noticias\/author\/beatriz\/\" class=\"authorBox__avatar noMobi\"><img src=\"https:\/\/secure.gravatar.com\/avatar\/c9aa6a0aaecc598d257d5d5bd349157d?s=96&#038;r=g\" alt=\"Beatriz Oliveira\"><\/a><div class=\"authorBox__name\"><span>por\n\t\t\t<a href=\"https:\/\/www.suno.com.br\/noticias\/author\/beatriz\/\"><span itemprop=\"author\">Beatriz Oliveira<\/span><\/a><\/span><time datetime=\"2019-05-30T11:36:45-03:00\" itemprop=\"datePublished\">30\/05\/2019 11:36<\/time><\/div><\/div><\/div><\/div><\/div>","single_layout":"posts","amp_enabled":true,"_links":{"self":[{"href":"https:\/\/www.suno.com.br\/noticias\/wp-json\/wp\/v2\/posts\/26558"}],"collection":[{"href":"https:\/\/www.suno.com.br\/noticias\/wp-json\/wp\/v2\/posts"}],"about":[{"href":"https:\/\/www.suno.com.br\/noticias\/wp-json\/wp\/v2\/types\/post"}],"author":[{"embeddable":true,"href":"https:\/\/www.suno.com.br\/noticias\/wp-json\/wp\/v2\/users\/16"}],"replies":[{"embeddable":true,"href":"https:\/\/www.suno.com.br\/noticias\/wp-json\/wp\/v2\/comments?post=26558"}],"version-history":[{"count":0,"href":"https:\/\/www.suno.com.br\/noticias\/wp-json\/wp\/v2\/posts\/26558\/revisions"}],"wp:featuredmedia":[{"embeddable":true,"href":"https:\/\/www.suno.com.br\/noticias\/wp-json\/wp\/v2\/media\/26569"}],"wp:attachment":[{"href":"https:\/\/www.suno.com.br\/noticias\/wp-json\/wp\/v2\/media?parent=26558"}],"wp:term":[{"taxonomy":"category","embeddable":true,"href":"https:\/\/www.suno.com.br\/noticias\/wp-json\/wp\/v2\/categories?post=26558"},{"taxonomy":"post_tag","embeddable":true,"href":"https:\/\/www.suno.com.br\/noticias\/wp-json\/wp\/v2\/tags?post=26558"},{"taxonomy":"suno_strategy","embeddable":true,"href":"https:\/\/www.suno.com.br\/noticias\/wp-json\/wp\/v2\/suno_strategy?post=26558"}],"curies":[{"name":"wp","href":"https:\/\/api.w.org\/{rel}","templated":true}]}}