{"id":26545,"date":"2019-05-30T10:23:03","date_gmt":"2019-05-30T13:23:03","guid":{"rendered":"https:\/\/www.suno.com.br\/noticias\/?p=26545"},"modified":"2019-05-30T15:01:03","modified_gmt":"2019-05-30T18:01:03","slug":"ibovespa-30052019","status":"publish","type":"post","link":"https:\/\/www.suno.com.br\/noticias\/ibovespa-30052019\/","title":{"rendered":"Ibovespa est\u00e1vel com retra\u00e7\u00e3o do PIB e cen\u00e1rio otimista sobre reforma"},"content":{"rendered":"<p>Ibovespa opera com leve <strong>queda<\/strong> e pr\u00f3ximo \u00e0 estabilidade nesta quinta-feira (30). Por volta das 10h15, o \u00edndice apontava um crescimento de 0,02%, somando 96.581,77 pontos.<\/p>\t<div class=\"wrapper-featured-image\">\n\t\t<figure class=\"spotlightImg\">\n\n\t\t\t<picture>\n\t\t\t\t<source media=\"(max-width: 768px)\" srcset=\"https:\/\/files.sunoresearch.com.br\/n\/uploads\/2018\/10\/e864d2c6-ibovespa-5-400x200.webp\">\n\t\t\t\t<img loading=\"lazy\" decoding=\"async\" class=\"newsContent__article__imgCapa lazyloadDisabled newsContent__article__imgCapa--noCaption\" src=\"https:\/\/files.sunoresearch.com.br\/n\/uploads\/2018\/10\/e864d2c6-ibovespa-5-800x450.webp\" width=\"800\" height=\"450\" alt=\"Ibovespa est\u00e1vel com retra\u00e7\u00e3o do PIB e cen\u00e1rio otimista sobre reforma\" fetchpriority=high \/>\n\t\t\t<\/picture>\n\n\t\t\t<figcaption class=\"wp-caption-text wp-caption-text--hide\">Ibovespa sobe; Governadores e Maia se re\u00fanem e reforma pode ser lida nesta ter\u00e7a <\/figcaption>\n\t\t<\/figure>\n\t<\/div>\n\n\n<p>A estabilidade do <strong>Ibovespa<\/strong> \u00e9 decorrente da retra\u00e7\u00e3o do <strong>Produto<\/strong> <strong>Interno<\/strong> <strong>Bruto<\/strong> <strong>(PIB)<\/strong> nacional. O <strong>mercado<\/strong> vinha confiante em rela\u00e7\u00e3o \u00e0 aprova\u00e7\u00e3o da <strong>reforma da Previd\u00eancia<\/strong>, o que gerava otimismo internamente.<\/p>\n\t<p>\n\t\t<a href=\"https:\/\/lp2.suno.com.br\/pv\/eu-invisto-2026\/?utm_source=suno-noticias&#038;utm_medium=banner&#038;utm_campaign=_SNC4CCF8112_\" target=\"_blank\" data-element=\"shortcode-suno-banner\" title=\"Banner SUNO, clique e saiba mais\">\n\t\t\t<picture>\n\t\t\t\t<source media=\"(max-width: 500px)\" srcset=\"https:\/\/files.sunoresearch.com.br\/n\/uploads\/2025\/12\/Banner-Materias-01-Mbl_-400x300-1-png.webp\">\n\t\t\t\t<img class=\"newsContent__article__imgCapa newsContent__article__imgCapa--banner\"\n\t\t\t\t\tsrc=\"https:\/\/files.sunoresearch.com.br\/n\/uploads\/2025\/12\/Banner-Materias-01-Dkp_-1420x240-1-png.webp\"\n\t\t\t\t\tdata-promo-id=\"635514\"\t\t\t\t\t\t\t\t\t\twidth='1420' height='240'\t\t\t\t\talt=\"https:\/\/files.sunoresearch.com.br\/n\/uploads\/2025\/12\/Banner-Materias-01-Dkp_-1420x240-1-png.webp\"\n\t\t\t\t>\n\t\t\t<\/picture>\n\t\t<\/a>\n\t<\/p>\n\n\n<p>No entanto, os investidores viram o <strong>Instituto Brasileiro de Geografia e Estat\u00edstica (IBGE)<\/strong> divulgar um recuo de 0,2% na <strong>economia<\/strong> <strong>nacional.<\/strong> Iss<strong>o<\/strong>\u00a0acabou freando as perspectivas do mercado. Al\u00e9m disso, o vencimento de medidas provis\u00f3rias tamb\u00e9m preocupam.<\/p>\n<p><a href=\"https:\/\/www.suno.com.br\/noticias\/dolar-alta-pib-recuo-guerra-comercial\/\">Saiba mais:\u00a0D\u00f3lar em alta devido ao recuo do PIB e as tens\u00f5es da guerra comercial<\/a><\/p>\n<h2>Retra\u00e7\u00e3o do PIB<\/h2>\n<p>O <a href=\"https:\/\/www.suno.com.br\/artigos\/pib-produto-interno-bruto\/\">Produto Interno Bruto (PIB)<\/a> do Brasil registrou uma <strong>retra\u00e7\u00e3o<\/strong> de 0,2% no primeiro trimestre de 2019 em compara\u00e7\u00e3o ao quarto trimestre de 2018. Em valores, o total foi de R$ 1,714 trilh\u00e3o. Os dados foram divulgados nesta quinta-feira (30) pelo <strong>Instituto Brasileiro de Geografia e Estat\u00edsticas (IBGE)<\/strong>.<\/p>\n<p>A retra\u00e7\u00e3o do <strong>PIB<\/strong> \u00e9 a primeira desde o \u00faltimo trimestre de 2016, quando registrou uma <strong>queda<\/strong> de 2,3%. Assim, os n\u00fameros est\u00e3o de acordo com o esperado pelo mercado. Al\u00e9m disso, o registro mostra uma <strong>estagna\u00e7\u00e3o<\/strong> da <strong>economia<\/strong> e uma piora das <strong>expectativas<\/strong> para 2019.<\/p>\n<p><a href=\"https:\/\/www.suno.com.br\/noticias\/pib-brasil-retracao-primeiro-tri\/\">Saiba mais:\u00a0PIB do Brasil tem queda de 0,2% no primeiro trimestre, diz IBGE<\/a><\/p>\n<p>Em compara\u00e7\u00e3o com os primeiros tr\u00eas meses de 2018, a alta no indicador \u00e9 de 0,5%. J\u00e1 no acumulado do ano at\u00e9 mar\u00e7o, o avan\u00e7o \u00e9 de 0,9%.<\/p>\n<h2>Reforma da Previd\u00eancia<\/h2>\n<p>Articulando a aprova\u00e7\u00e3o da proposta da <strong>reforma da Previd\u00eancia<\/strong>, o ministro da Economia, <strong>Paulo<\/strong> <strong>Guedes<\/strong> se reuniu com a bancada do Partido Progressista (PP) na \u00faltima quarta-feira (29). Ao final do encontro, Guedes afirmou que o governo est\u00e1 confiante em encontrar um &#8220;meio-termo&#8221; com o <strong>Congresso<\/strong> <strong>Nacional<\/strong> para aprova\u00e7\u00e3o da reforma.<\/p>\n<p><a href=\"https:\/\/www.suno.com.br\/noticias\/reforma-previdencia-governo-recursos-deputados\/\">Saiba mais:\u00a0Por votos na reforma da Previd\u00eancia, governo oferece verba a deputados<\/a><\/p>\n<p>O PP \u00e9 um dos 13 partidos que se mostraram a favor da reforma, mas defendiam que o texto fosse alterado pelo <strong>governo<\/strong>. No entanto, entre as modifica\u00e7\u00f5es estariam a retirada das altera\u00e7\u00f5es referentes ao pagamento do <strong>Benef\u00edcio de Presta\u00e7\u00e3o Continuada (BPC)<\/strong>, pago a idosos de baixa renda e aposentados rurais.<\/p>\n<h2>Principais destaques da Bolsa<\/h2>\n<h3>Altas<\/h3>\n<ul>\n<li>SBSP3 alta de 4,29% (R$ 44,44);<\/li>\n<li>BRDT3 alta de 4,06% (R$ 24,60);<\/li>\n<li>VVAR3 alta de 3,85% (R$ 4,58);<\/li>\n<li>RAIL3 alta de 3,57% (R$ 19,17);<\/li>\n<li>UGPA3 alta de 3,24% (R$ 20,05).<\/li>\n<\/ul>\n<h3>Quedas<\/h3>\n<ul>\n<li>JBSS3 queda de 6,33% (R$ 21,17);<\/li>\n<li>BRFS3 queda de 5,49% (R$ 28,73);<\/li>\n<li>CIEL3 queda de 4,25% (R$ 6,76);<\/li>\n<li>CSNA3 queda de 4,13% (R$ 16,71);<\/li>\n<li>SUZB3 queda de 3,57% (R$ 33,25).<\/li>\n<\/ul>\n\t<p>\n\t\t<a href=\"https:\/\/lp.suno.com.br\/asset\/suno-fundo-de-fundos-snff11\/\" target=\"_blank\" data-element=\"shortcode-suno-banner\" title=\"Banner SUNO, clique e saiba mais\">\n\t\t\t<picture>\n\t\t\t\t<source media=\"(max-width: 500px)\" srcset=\"https:\/\/files.sunoresearch.com.br\/n\/uploads\/2024\/01\/400x300-Mobile-Artigos-3-SNFF-AO.png\">\n\t\t\t\t<img class=\"newsContent__article__imgCapa newsContent__article__imgCapa--banner\"\n\t\t\t\t\tsrc=\"https:\/\/files.sunoresearch.com.br\/n\/uploads\/2024\/01\/1420x240-Banner-Artigos-1-_-Banner-Materias-1-SNFF-AO.png\"\n\t\t\t\t\tdata-promo-id=\"364418\"\t\t\t\t\t\t\t\t\t\twidth='1420' height='240'\t\t\t\t\talt=\"https:\/\/files.sunoresearch.com.br\/n\/uploads\/2024\/01\/1420x240-Banner-Artigos-1-_-Banner-Materias-1-SNFF-AO.png\"\n\t\t\t\t>\n\t\t\t<\/picture>\n\t\t<\/a>\n\t<\/p>\n\n\n<h2>\u00daltima cota\u00e7\u00e3o<\/h2>\n<p>Na \u00faltima sess\u00e3o, na quarta-feira (29), o <strong>Ibovespa<\/strong> registrou uma alta de 0,18%, ficando com\u00a096.566,55 pontos.<\/p>\n","protected":false},"excerpt":{"rendered":"<p>Ibovespa opera com leve queda e pr\u00f3ximo \u00e0 estabilidade nesta quinta-feira (30). Por volta das 10h15, o \u00edndice apontava um crescimento de 0,02%, somando 96.581,77 pontos. Ibovespa sobe; Governadores e Maia se re\u00fanem e reforma pode ser lida nesta ter\u00e7a A estabilidade do Ibovespa \u00e9 decorrente da retra\u00e7\u00e3o do Produto Interno Bruto (PIB) nacional. O [&hellip;]<\/p>\n","protected":false},"author":11,"featured_media":5021,"comment_status":"closed","ping_status":"closed","sticky":false,"template":"","format":"standard","meta":[],"categories":[60],"tags":[721],"suno_strategy":[],"class_list":["post-26545","post","type-post","status-publish","format-standard","has-post-thumbnail","hentry","category-mercado","tag-ibovespa"],"yoast_head":"<!-- This site is optimized with the Yoast SEO plugin v24.4 - https:\/\/yoast.com\/wordpress\/plugins\/seo\/ -->\n<title>Ibovespa est\u00e1vel com retra\u00e7\u00e3o do PIB e cen\u00e1rio otimista sobre reforma<\/title>\n<meta name=\"description\" content=\"O Ibovespa operava em otimismo com as novidades sobre a reforma, no entanto, o recuo do PIB freou a alta do \u00edndice. Clique para saber mais.\" \/>\n<meta name=\"robots\" content=\"index, follow, max-snippet:-1, max-image-preview:large, max-video-preview:-1\" \/>\n<link rel=\"canonical\" href=\"https:\/\/www.suno.com.br\/noticias\/ibovespa-30052019\/\" \/>\n<meta property=\"og:locale\" content=\"pt_BR\" \/>\n<meta property=\"og:type\" content=\"article\" \/>\n<meta property=\"og:title\" content=\"Ibovespa est\u00e1vel com retra\u00e7\u00e3o do PIB e cen\u00e1rio otimista sobre reforma\" \/>\n<meta property=\"og:description\" content=\"O Ibovespa operava em otimismo com as novidades sobre a reforma, no entanto, o recuo do PIB freou a alta do \u00edndice. Clique para saber mais.\" \/>\n<meta property=\"og:url\" content=\"https:\/\/www.suno.com.br\/noticias\/ibovespa-30052019\/\" \/>\n<meta property=\"og:site_name\" content=\"Suno Not\u00edcias\" \/>\n<meta property=\"article:publisher\" content=\"https:\/\/facebook.com\/sunoresearch\" \/>\n<meta property=\"og:image\" content=\"https:\/\/files.sunoresearch.com.br\/n\/uploads\/2018\/10\/e864d2c6-ibovespa-5-scaled.webp\" \/>\n\t<meta property=\"og:image:width\" content=\"2560\" \/>\n\t<meta property=\"og:image:height\" content=\"1700\" \/>\n\t<meta property=\"og:image:type\" content=\"image\/jpeg\" \/>\n<meta name=\"author\" content=\"Renan Bandeira\" \/>\n<meta name=\"twitter:card\" content=\"summary_large_image\" \/>\n<meta name=\"twitter:creator\" content=\"@sunoresearch\" \/>\n<meta name=\"twitter:site\" content=\"@sunoresearch\" \/>\n<meta name=\"twitter:label1\" content=\"Escrito por\" \/>\n\t<meta name=\"twitter:data1\" content=\"Renan Bandeira\" \/>\n\t<meta name=\"twitter:label2\" content=\"Est. tempo de leitura\" \/>\n\t<meta name=\"twitter:data2\" content=\"2 minutos\" \/>\n<script type=\"application\/ld+json\" class=\"yoast-schema-graph\">{\"@context\":\"https:\/\/schema.org\",\"@graph\":[{\"@type\":\"NewsArticle\",\"@id\":\"https:\/\/www.suno.com.br\/noticias\/ibovespa-30052019\/#article\",\"isPartOf\":{\"@id\":\"https:\/\/www.suno.com.br\/noticias\/ibovespa-30052019\/\"},\"author\":{\"name\":\"Renan Bandeira\",\"@id\":\"https:\/\/www.suno.com.br\/noticias\/#\/schema\/person\/fc144a1c6108bd1dcd43784e88a3c138\"},\"headline\":\"Ibovespa est\u00e1vel com retra\u00e7\u00e3o do PIB e cen\u00e1rio otimista sobre reforma\",\"datePublished\":\"2019-05-30T13:23:03+00:00\",\"dateModified\":\"2019-05-30T18:01:03+00:00\",\"mainEntityOfPage\":{\"@id\":\"https:\/\/www.suno.com.br\/noticias\/ibovespa-30052019\/\"},\"wordCount\":460,\"publisher\":{\"@id\":\"https:\/\/www.suno.com.br\/noticias\/#organization\"},\"image\":{\"@id\":\"https:\/\/www.suno.com.br\/noticias\/ibovespa-30052019\/#primaryimage\"},\"thumbnailUrl\":\"https:\/\/files.sunoresearch.com.br\/n\/uploads\/2018\/10\/e864d2c6-ibovespa-5-scaled.webp\",\"keywords\":[\"Ibovespa\"],\"articleSection\":[\"Mercado\"],\"inLanguage\":\"pt-BR\"},{\"@type\":\"WebPage\",\"@id\":\"https:\/\/www.suno.com.br\/noticias\/ibovespa-30052019\/\",\"url\":\"https:\/\/www.suno.com.br\/noticias\/ibovespa-30052019\/\",\"name\":\"Ibovespa est\u00e1vel com retra\u00e7\u00e3o do PIB e cen\u00e1rio otimista sobre reforma\",\"isPartOf\":{\"@id\":\"https:\/\/www.suno.com.br\/noticias\/#website\"},\"primaryImageOfPage\":{\"@id\":\"https:\/\/www.suno.com.br\/noticias\/ibovespa-30052019\/#primaryimage\"},\"image\":{\"@id\":\"https:\/\/www.suno.com.br\/noticias\/ibovespa-30052019\/#primaryimage\"},\"thumbnailUrl\":\"https:\/\/files.sunoresearch.com.br\/n\/uploads\/2018\/10\/e864d2c6-ibovespa-5-scaled.webp\",\"datePublished\":\"2019-05-30T13:23:03+00:00\",\"dateModified\":\"2019-05-30T18:01:03+00:00\",\"description\":\"O Ibovespa operava em otimismo com as novidades sobre a reforma, no entanto, o recuo do PIB freou a alta do \u00edndice. Clique para saber mais.\",\"breadcrumb\":{\"@id\":\"https:\/\/www.suno.com.br\/noticias\/ibovespa-30052019\/#breadcrumb\"},\"inLanguage\":\"pt-BR\",\"potentialAction\":[{\"@type\":\"ReadAction\",\"target\":[\"https:\/\/www.suno.com.br\/noticias\/ibovespa-30052019\/\"]}]},{\"@type\":\"ImageObject\",\"inLanguage\":\"pt-BR\",\"@id\":\"https:\/\/www.suno.com.br\/noticias\/ibovespa-30052019\/#primaryimage\",\"url\":\"https:\/\/files.sunoresearch.com.br\/n\/uploads\/2018\/10\/e864d2c6-ibovespa-5-scaled.webp\",\"contentUrl\":\"https:\/\/files.sunoresearch.com.br\/n\/uploads\/2018\/10\/e864d2c6-ibovespa-5-scaled.webp\",\"width\":2560,\"height\":1700,\"caption\":\"Ibovespa sobe; Governadores e Maia se re\u00fanem e reforma pode ser lida nesta ter\u00e7a\"},{\"@type\":\"BreadcrumbList\",\"@id\":\"https:\/\/www.suno.com.br\/noticias\/ibovespa-30052019\/#breadcrumb\",\"itemListElement\":[{\"@type\":\"ListItem\",\"position\":1,\"name\":\"Not\u00edcias\",\"item\":\"https:\/\/www.suno.com.br\/noticias\/\"},{\"@type\":\"ListItem\",\"position\":2,\"name\":\"Mercado\",\"item\":\"https:\/\/www.suno.com.br\/noticias\/mercado\/\"},{\"@type\":\"ListItem\",\"position\":3,\"name\":\"Ibovespa est\u00e1vel com retra\u00e7\u00e3o do PIB e cen\u00e1rio otimista sobre reforma\"}]},{\"@type\":\"WebSite\",\"@id\":\"https:\/\/www.suno.com.br\/noticias\/#website\",\"url\":\"https:\/\/www.suno.com.br\/noticias\/\",\"name\":\"Suno Not\u00edcias\",\"description\":\"Seu portal de informa\u00e7\u00e3o sobre o mundo dos investimentos\",\"publisher\":{\"@id\":\"https:\/\/www.suno.com.br\/noticias\/#organization\"},\"potentialAction\":[{\"@type\":\"SearchAction\",\"target\":{\"@type\":\"EntryPoint\",\"urlTemplate\":\"https:\/\/www.suno.com.br\/noticias\/?s={search_term_string}\"},\"query-input\":{\"@type\":\"PropertyValueSpecification\",\"valueRequired\":true,\"valueName\":\"search_term_string\"}}],\"inLanguage\":\"pt-BR\"},{\"@type\":\"Organization\",\"@id\":\"https:\/\/www.suno.com.br\/noticias\/#organization\",\"name\":\"Suno Not\u00edcias\",\"url\":\"https:\/\/www.suno.com.br\/noticias\/\",\"logo\":{\"@type\":\"ImageObject\",\"inLanguage\":\"pt-BR\",\"@id\":\"https:\/\/www.suno.com.br\/noticias\/#\/schema\/logo\/image\/\",\"url\":\"https:\/\/files.sunoresearch.com.br\/n\/uploads\/2021\/09\/suno-logo.png\",\"contentUrl\":\"https:\/\/files.sunoresearch.com.br\/n\/uploads\/2021\/09\/suno-logo.png\",\"width\":180,\"height\":180,\"caption\":\"Suno Not\u00edcias\"},\"image\":{\"@id\":\"https:\/\/www.suno.com.br\/noticias\/#\/schema\/logo\/image\/\"},\"sameAs\":[\"https:\/\/facebook.com\/sunoresearch\",\"https:\/\/x.com\/sunoresearch\",\"https:\/\/www.instagram.com\/suno\",\"https:\/\/www.linkedin.com\/company\/suno-research\/\",\"https:\/\/www.youtube.com\/c\/sunoresearch\"]},{\"@type\":\"Person\",\"@id\":\"https:\/\/www.suno.com.br\/noticias\/#\/schema\/person\/fc144a1c6108bd1dcd43784e88a3c138\",\"name\":\"Renan Bandeira\",\"image\":{\"@type\":\"ImageObject\",\"inLanguage\":\"pt-BR\",\"@id\":\"https:\/\/www.suno.com.br\/noticias\/#\/schema\/person\/image\/\",\"url\":\"https:\/\/secure.gravatar.com\/avatar\/68359cdb608f14f11bbefcb78f3fc747?s=96&r=g\",\"contentUrl\":\"https:\/\/secure.gravatar.com\/avatar\/68359cdb608f14f11bbefcb78f3fc747?s=96&r=g\",\"caption\":\"Renan Bandeira\"},\"description\":\"Renan Bandeira escreve sobre pol\u00edtica e economia para o portal da Suno Research. Antes da Suno, trabalhou em uma rede de televis\u00e3o, onde fazia reportagens sobre os mesmos temas. Estuda na Universidade Metodista de S\u00e3o Paulo.\",\"url\":\"https:\/\/www.suno.com.br\/noticias\/author\/renan-bandeira\/\"}]}<\/script>\n<!-- \/ Yoast SEO plugin. -->","yoast_head_json":{"title":"Ibovespa est\u00e1vel com retra\u00e7\u00e3o do PIB e cen\u00e1rio otimista sobre reforma","description":"O Ibovespa operava em otimismo com as novidades sobre a reforma, no entanto, o recuo do PIB freou a alta do \u00edndice. Clique para saber mais.","robots":{"index":"index","follow":"follow","max-snippet":"max-snippet:-1","max-image-preview":"max-image-preview:large","max-video-preview":"max-video-preview:-1"},"canonical":"https:\/\/www.suno.com.br\/noticias\/ibovespa-30052019\/","og_locale":"pt_BR","og_type":"article","og_title":"Ibovespa est\u00e1vel com retra\u00e7\u00e3o do PIB e cen\u00e1rio otimista sobre reforma","og_description":"O Ibovespa operava em otimismo com as novidades sobre a reforma, no entanto, o recuo do PIB freou a alta do \u00edndice. Clique para saber mais.","og_url":"https:\/\/www.suno.com.br\/noticias\/ibovespa-30052019\/","og_site_name":"Suno Not\u00edcias","article_publisher":"https:\/\/facebook.com\/sunoresearch","og_image":[{"width":2560,"height":1700,"url":"https:\/\/files.sunoresearch.com.br\/n\/uploads\/2018\/10\/e864d2c6-ibovespa-5-scaled.webp","type":"image\/jpeg"}],"author":"Renan Bandeira","twitter_card":"summary_large_image","twitter_creator":"@sunoresearch","twitter_site":"@sunoresearch","twitter_misc":{"Escrito por":"Renan Bandeira","Est. tempo de leitura":"2 minutos"},"schema":{"@context":"https:\/\/schema.org","@graph":[{"@type":"NewsArticle","@id":"https:\/\/www.suno.com.br\/noticias\/ibovespa-30052019\/#article","isPartOf":{"@id":"https:\/\/www.suno.com.br\/noticias\/ibovespa-30052019\/"},"author":{"name":"Renan Bandeira","@id":"https:\/\/www.suno.com.br\/noticias\/#\/schema\/person\/fc144a1c6108bd1dcd43784e88a3c138"},"headline":"Ibovespa est\u00e1vel com retra\u00e7\u00e3o do PIB e cen\u00e1rio otimista sobre reforma","datePublished":"2019-05-30T13:23:03+00:00","dateModified":"2019-05-30T18:01:03+00:00","mainEntityOfPage":{"@id":"https:\/\/www.suno.com.br\/noticias\/ibovespa-30052019\/"},"wordCount":460,"publisher":{"@id":"https:\/\/www.suno.com.br\/noticias\/#organization"},"image":{"@id":"https:\/\/www.suno.com.br\/noticias\/ibovespa-30052019\/#primaryimage"},"thumbnailUrl":"https:\/\/files.sunoresearch.com.br\/n\/uploads\/2018\/10\/e864d2c6-ibovespa-5-scaled.webp","keywords":["Ibovespa"],"articleSection":["Mercado"],"inLanguage":"pt-BR"},{"@type":"WebPage","@id":"https:\/\/www.suno.com.br\/noticias\/ibovespa-30052019\/","url":"https:\/\/www.suno.com.br\/noticias\/ibovespa-30052019\/","name":"Ibovespa est\u00e1vel com retra\u00e7\u00e3o do PIB e cen\u00e1rio otimista sobre reforma","isPartOf":{"@id":"https:\/\/www.suno.com.br\/noticias\/#website"},"primaryImageOfPage":{"@id":"https:\/\/www.suno.com.br\/noticias\/ibovespa-30052019\/#primaryimage"},"image":{"@id":"https:\/\/www.suno.com.br\/noticias\/ibovespa-30052019\/#primaryimage"},"thumbnailUrl":"https:\/\/files.sunoresearch.com.br\/n\/uploads\/2018\/10\/e864d2c6-ibovespa-5-scaled.webp","datePublished":"2019-05-30T13:23:03+00:00","dateModified":"2019-05-30T18:01:03+00:00","description":"O Ibovespa operava em otimismo com as novidades sobre a reforma, no entanto, o recuo do PIB freou a alta do \u00edndice. Clique para saber mais.","breadcrumb":{"@id":"https:\/\/www.suno.com.br\/noticias\/ibovespa-30052019\/#breadcrumb"},"inLanguage":"pt-BR","potentialAction":[{"@type":"ReadAction","target":["https:\/\/www.suno.com.br\/noticias\/ibovespa-30052019\/"]}]},{"@type":"ImageObject","inLanguage":"pt-BR","@id":"https:\/\/www.suno.com.br\/noticias\/ibovespa-30052019\/#primaryimage","url":"https:\/\/files.sunoresearch.com.br\/n\/uploads\/2018\/10\/e864d2c6-ibovespa-5-scaled.webp","contentUrl":"https:\/\/files.sunoresearch.com.br\/n\/uploads\/2018\/10\/e864d2c6-ibovespa-5-scaled.webp","width":2560,"height":1700,"caption":"Ibovespa sobe; Governadores e Maia se re\u00fanem e reforma pode ser lida nesta ter\u00e7a"},{"@type":"BreadcrumbList","@id":"https:\/\/www.suno.com.br\/noticias\/ibovespa-30052019\/#breadcrumb","itemListElement":[{"@type":"ListItem","position":1,"name":"Not\u00edcias","item":"https:\/\/www.suno.com.br\/noticias\/"},{"@type":"ListItem","position":2,"name":"Mercado","item":"https:\/\/www.suno.com.br\/noticias\/mercado\/"},{"@type":"ListItem","position":3,"name":"Ibovespa est\u00e1vel com retra\u00e7\u00e3o do PIB e cen\u00e1rio otimista sobre reforma"}]},{"@type":"WebSite","@id":"https:\/\/www.suno.com.br\/noticias\/#website","url":"https:\/\/www.suno.com.br\/noticias\/","name":"Suno Not\u00edcias","description":"Seu portal de informa\u00e7\u00e3o sobre o mundo dos investimentos","publisher":{"@id":"https:\/\/www.suno.com.br\/noticias\/#organization"},"potentialAction":[{"@type":"SearchAction","target":{"@type":"EntryPoint","urlTemplate":"https:\/\/www.suno.com.br\/noticias\/?s={search_term_string}"},"query-input":{"@type":"PropertyValueSpecification","valueRequired":true,"valueName":"search_term_string"}}],"inLanguage":"pt-BR"},{"@type":"Organization","@id":"https:\/\/www.suno.com.br\/noticias\/#organization","name":"Suno Not\u00edcias","url":"https:\/\/www.suno.com.br\/noticias\/","logo":{"@type":"ImageObject","inLanguage":"pt-BR","@id":"https:\/\/www.suno.com.br\/noticias\/#\/schema\/logo\/image\/","url":"https:\/\/files.sunoresearch.com.br\/n\/uploads\/2021\/09\/suno-logo.png","contentUrl":"https:\/\/files.sunoresearch.com.br\/n\/uploads\/2021\/09\/suno-logo.png","width":180,"height":180,"caption":"Suno Not\u00edcias"},"image":{"@id":"https:\/\/www.suno.com.br\/noticias\/#\/schema\/logo\/image\/"},"sameAs":["https:\/\/facebook.com\/sunoresearch","https:\/\/x.com\/sunoresearch","https:\/\/www.instagram.com\/suno","https:\/\/www.linkedin.com\/company\/suno-research\/","https:\/\/www.youtube.com\/c\/sunoresearch"]},{"@type":"Person","@id":"https:\/\/www.suno.com.br\/noticias\/#\/schema\/person\/fc144a1c6108bd1dcd43784e88a3c138","name":"Renan Bandeira","image":{"@type":"ImageObject","inLanguage":"pt-BR","@id":"https:\/\/www.suno.com.br\/noticias\/#\/schema\/person\/image\/","url":"https:\/\/secure.gravatar.com\/avatar\/68359cdb608f14f11bbefcb78f3fc747?s=96&r=g","contentUrl":"https:\/\/secure.gravatar.com\/avatar\/68359cdb608f14f11bbefcb78f3fc747?s=96&r=g","caption":"Renan Bandeira"},"description":"Renan Bandeira escreve sobre pol\u00edtica e economia para o portal da Suno Research. Antes da Suno, trabalhou em uma rede de televis\u00e3o, onde fazia reportagens sobre os mesmos temas. Estuda na Universidade Metodista de S\u00e3o Paulo.","url":"https:\/\/www.suno.com.br\/noticias\/author\/renan-bandeira\/"}]}},"default_loop_html":"<div class=\"cardsPage__listCard__boxs\"><div class=\"cardsPage__listCard__boxs__img\"><a href=\"https:\/\/www.suno.com.br\/noticias\/ibovespa-30052019\/\"><img class=\"mask\" src=\"https:\/\/www.suno.com.br\/noticias\/wp-content\/themes\/suno\/resources\/images\/spotlight\/spotlight1img\/bg-mask.png\" alt=\"Image Mask\"\/><img src=\"https:\/\/files.sunoresearch.com.br\/n\/uploads\/2018\/10\/e864d2c6-ibovespa-5-400x200.webp\" alt=\"Ibovespa est\u00e1vel com retra\u00e7\u00e3o do PIB e cen\u00e1rio otimista sobre reforma\"\/><\/a><span class=\"spotlightCategory\"><a href=\"https:\/\/www.suno.com.br\/noticias\/mercado\/\">Mercado<\/a><\/span><\/div><div class=\"cardsPage__listCard__boxs__content\"><a href=\"https:\/\/www.suno.com.br\/noticias\/ibovespa-30052019\/\"><h2 class=\"content__title\">Ibovespa est\u00e1vel com retra\u00e7\u00e3o do PIB e cen\u00e1rio otimista sobre reforma<\/h2><\/a><div class=\"newsContent__article__meta\"><div class=\"newsContent__article__meta__authorBox\"><a href=\"https:\/\/www.suno.com.br\/noticias\/author\/renan-bandeira\/\" class=\"authorBox__avatar noMobi\"><img src=\"https:\/\/secure.gravatar.com\/avatar\/68359cdb608f14f11bbefcb78f3fc747?s=96&#038;r=g\" alt=\"Renan Bandeira\"><\/a><div class=\"authorBox__name\"><span>por\n\t\t\t<a href=\"https:\/\/www.suno.com.br\/noticias\/author\/renan-bandeira\/\"><span itemprop=\"author\">Renan Bandeira<\/span><\/a><\/span><time datetime=\"2019-05-30T10:23:03-03:00\" itemprop=\"datePublished\">30\/05\/2019 10:23<\/time><\/div><\/div><\/div><\/div><\/div>","single_layout":"posts","amp_enabled":true,"_links":{"self":[{"href":"https:\/\/www.suno.com.br\/noticias\/wp-json\/wp\/v2\/posts\/26545"}],"collection":[{"href":"https:\/\/www.suno.com.br\/noticias\/wp-json\/wp\/v2\/posts"}],"about":[{"href":"https:\/\/www.suno.com.br\/noticias\/wp-json\/wp\/v2\/types\/post"}],"author":[{"embeddable":true,"href":"https:\/\/www.suno.com.br\/noticias\/wp-json\/wp\/v2\/users\/11"}],"replies":[{"embeddable":true,"href":"https:\/\/www.suno.com.br\/noticias\/wp-json\/wp\/v2\/comments?post=26545"}],"version-history":[{"count":0,"href":"https:\/\/www.suno.com.br\/noticias\/wp-json\/wp\/v2\/posts\/26545\/revisions"}],"wp:featuredmedia":[{"embeddable":true,"href":"https:\/\/www.suno.com.br\/noticias\/wp-json\/wp\/v2\/media\/5021"}],"wp:attachment":[{"href":"https:\/\/www.suno.com.br\/noticias\/wp-json\/wp\/v2\/media?parent=26545"}],"wp:term":[{"taxonomy":"category","embeddable":true,"href":"https:\/\/www.suno.com.br\/noticias\/wp-json\/wp\/v2\/categories?post=26545"},{"taxonomy":"post_tag","embeddable":true,"href":"https:\/\/www.suno.com.br\/noticias\/wp-json\/wp\/v2\/tags?post=26545"},{"taxonomy":"suno_strategy","embeddable":true,"href":"https:\/\/www.suno.com.br\/noticias\/wp-json\/wp\/v2\/suno_strategy?post=26545"}],"curies":[{"name":"wp","href":"https:\/\/api.w.org\/{rel}","templated":true}]}}