{"id":265346,"date":"2022-06-07T16:58:36","date_gmt":"2022-06-07T19:58:36","guid":{"rendered":"https:\/\/www.suno.com.br\/noticias\/?p=265346"},"modified":"2022-06-07T16:58:36","modified_gmt":"2022-06-07T19:58:36","slug":"bolsonaro-reajuste-salarial-servidores-2022","status":"publish","type":"post","link":"https:\/\/www.suno.com.br\/noticias\/bolsonaro-reajuste-salarial-servidores-2022\/","title":{"rendered":"&#8220;N\u00e3o haver\u00e1 reajuste salarial a servidores em 2022&#8221;, diz Bolsonaro"},"content":{"rendered":"<p>O presidente da Rep\u00fablica, Jair <strong>Bolsonaro<\/strong>, sinalizou nesta ter\u00e7a-feira que n\u00e3o haver\u00e1 <strong>reajuste salarial<\/strong> ao funcionalismo p\u00fablico em 2022, como demandam as categorias. &#8220;Lamento, pelo que tudo indica, n\u00e3o ser\u00e1 poss\u00edvel dar nenhum reajuste ao servidor no corrente ano. Mas j\u00e1 est\u00e1 na legisla\u00e7\u00e3o nossa, que foi mandada para o Parlamento, de que para o ano que vem n\u00f3s teremos reajuste e reestrutura\u00e7\u00f5es&#8221;, afirmou, em entrevista ao SBT News.<\/p>\t<div class=\"wrapper-featured-image\">\n\t\t<figure class=\"spotlightImg\">\n\n\t\t\t<picture>\n\t\t\t\t<source media=\"(max-width: 768px)\" srcset=\"https:\/\/files.sunoresearch.com.br\/n\/uploads\/2022\/06\/jair-bolsonaro-400x200.jpg\">\n\t\t\t\t<img loading=\"lazy\" decoding=\"async\" class=\"newsContent__article__imgCapa lazyloadDisabled \" src=\"https:\/\/files.sunoresearch.com.br\/n\/uploads\/2022\/06\/jair-bolsonaro-800x450.jpg\" width=\"800\" height=\"450\" alt=\"&#8220;N\u00e3o haver\u00e1 reajuste salarial a servidores em 2022&#8221;, diz Bolsonaro\" fetchpriority=high \/>\n\t\t\t<\/picture>\n\n\t\t\t<figcaption class=\"wp-caption-text wp-caption-text--show\">Ex-presidente Jair Bolsonaro. Foto: Fabio Rodrigues-Pozzebom\/Ag\u00eancia Brasil<\/figcaption>\n\t\t<\/figure>\n\t<\/div>\n\n\n\t<p>\n\t\t<a href=\"\" target=\"_blank\" data-element=\"shortcode-suno-banner\" title=\"Banner SUNO, clique e saiba mais\">\n\t\t\t<picture>\n\t\t\t\t<source media=\"(max-width: 500px)\" srcset=\"\">\n\t\t\t\t<img class=\"newsContent__article__imgCapa newsContent__article__imgCapa--banner\"\n\t\t\t\t\tsrc=\"\"\n\t\t\t\t\tdata-promo-id=\"240038\"\t\t\t\t\t\t\t\t\t\t\t\t\t\t\talt=\"\"\n\t\t\t\t>\n\t\t\t<\/picture>\n\t\t<\/a>\n\t<\/p>\n\n\n<p>De acordo com o presidente, outras carreiras n\u00e3o admitem que haja reestrutura\u00e7\u00e3o s\u00f3 de algumas. &#8220;Quando voc\u00ea fala em estruturar uma carreira, as outras n\u00e3o admitem sem que a delas tamb\u00e9m sejam reestruturadas, e n\u00e3o tem recurso para tal.&#8221;<\/p>\n<h2>Governo indica ter resolvido que n\u00e3o haver\u00e1 reajuste a servidores, diz sindicato<\/h2>\n<p>O presidente do F\u00f3rum Nacional Permanente de Carreiras T\u00edpicas de Estado (Fonacate), Rudinei Marques, afirmou que a decis\u00e3o do governo de &#8220;empurrar&#8221; a defini\u00e7\u00e3o sobre o reajuste de servidores federais indica que o Executivo j\u00e1 decidiu por n\u00e3o dar <strong>aumento para o funcionalismo<\/strong> este ano. Nesta segunda-feira, o Minist\u00e9rio da Economia informou que a reserva de R$ 1,7 bilh\u00e3o no Or\u00e7amento para o aumento do funcionalismo ser\u00e1 usada para abater o volume necess\u00e1rio de contingenciamento para cumprir o teto de gastos neste ano.<\/p>\n<p>A necessidade total de bloqueio para cumprir o teto de gastos \u00e9 de R$ 8,702 bilh\u00f5es, mas, abatendo o valor de R$ 1,7 bilh\u00e3o, o bloqueio efetivo ficou em R$ 6,965 bilh\u00f5es do segundo bimestre.<\/p>\n<p>Na avalia\u00e7\u00e3o de Marques, sem resolver agora a quest\u00e3o do reajuste, vai ficar imposs\u00edvel de realmente dar o aumento j\u00e1 que o tempo \u00e9 ex\u00edguo. Pela Lei de Responsabilidade Fiscal (LRF), n\u00e3o pode haver aumento de despesas com pessoal 180 dias antes do fim do mandato.<\/p>\n\t<p>\n\t\t<a href=\"https:\/\/lp.suno.com.br\/planilha-controle-gastos\/\" target=\"_blank\" data-element=\"shortcode-suno-banner\" title=\"Banner SUNO, clique e saiba mais\">\n\t\t\t<picture>\n\t\t\t\t<source media=\"(max-width: 500px)\" srcset=\"https:\/\/files.sunoresearch.com.br\/n\/uploads\/2023\/03\/400x300-Planilha-controle-de-gastos.png\">\n\t\t\t\t<img class=\"newsContent__article__imgCapa newsContent__article__imgCapa--banner\"\n\t\t\t\t\tsrc=\"https:\/\/files.sunoresearch.com.br\/n\/uploads\/2023\/03\/1420x240-Planilha-controle-de-gastos.png\"\n\t\t\t\t\tdata-promo-id=\"101751\"\t\t\t\t\t\t\t\t\t\twidth='1420' height='240'\t\t\t\t\talt=\"https:\/\/files.sunoresearch.com.br\/n\/uploads\/2023\/03\/1420x240-Planilha-controle-de-gastos.png\"\n\t\t\t\t>\n\t\t\t<\/picture>\n\t\t<\/a>\n\t<\/p>\n\n\n<p>&#8220;Nosso calend\u00e1rio indica prazo at\u00e9 amanh\u00e3 (ter\u00e7a-feira, 7) para enviar ao Congresso o PLN para refor\u00e7ar o Or\u00e7amento deste ano de modo que d\u00ea para produzir efeitos at\u00e9 2 de julho. Mas, hoje, o governo foi na dire\u00e7\u00e3o oposta, ao usar o volume j\u00e1 reservado para o reajuste para abater a necessidade de contingenciamento. Isso j\u00e1 indica que a decis\u00e3o \u00e9 dar reajuste zero&#8221;, disse ao Estad\u00e3o\/Broadcast.<\/p>\n<p>A reserva de R$ 1,7 bilh\u00e3o havia sido feita originalmente para atender os pleitos dos policiais federais, base de apoio do presidente Jair Bolsonaro. Mas a decis\u00e3o irritou o restante das categorias do funcionalismo p\u00fablico federal, que t\u00eam feito forte mobiliza\u00e7\u00e3o por recomposi\u00e7\u00e3o salarial, diante do congelamento nos \u00faltimos anos e da infla\u00e7\u00e3o alta. No Banco Central, a greve j\u00e1 dura 2 meses.<\/p>\n<p>Diante disso, o governo havia sinalizado com a inten\u00e7\u00e3o de dar aumento linear de 5% para todo o funcionalismo federal, mas o Or\u00e7amento apertado \u00e9 um obst\u00e1culo. Segundo fontes pr\u00f3ximas ao assunto, o governo teria avisado que bateu o martelo de que n\u00e3o haver\u00e1 aumento para os servidores este ano. Mas poderia ainda reajustar o vale-alimenta\u00e7\u00e3o.<\/p>\n\t<p>\n\t\t<a href=\"https:\/\/lp.suno.com.br\/ebook-como-analisar-uma-acao\/\" target=\"_blank\" data-element=\"shortcode-suno-banner\" title=\"Banner SUNO, clique e saiba mais\">\n\t\t\t<picture>\n\t\t\t\t<source media=\"(max-width: 500px)\" srcset=\"https:\/\/files.sunoresearch.com.br\/n\/uploads\/2023\/03\/Ebook-Acoes-Mobile-1.jpg\">\n\t\t\t\t<img class=\"newsContent__article__imgCapa newsContent__article__imgCapa--banner\"\n\t\t\t\t\tsrc=\"https:\/\/files.sunoresearch.com.br\/n\/uploads\/2023\/03\/Ebook-Acoes-Desktop-1.jpg\"\n\t\t\t\t\tdata-promo-id=\"171998\"\t\t\t\t\t\t\t\t\t\twidth='1420' height='286'\t\t\t\t\talt=\"https:\/\/files.sunoresearch.com.br\/n\/uploads\/2023\/03\/Ebook-Acoes-Desktop-1.jpg\"\n\t\t\t\t>\n\t\t\t<\/picture>\n\t\t<\/a>\n\t<\/p>\n\n\n<p>&#8220;Se isso se confirmar n\u00e3o ter aumento, o governo demonstrar\u00e1 desprezo por 1 milh\u00e3o e 200 mil servidores civis ativos e aposentados, seus pensionistas e familiares&#8221;, afirma Rudinei Marques, nas redes sociais do Fonacate.<\/p>\n<h2><b>Aux\u00edlio Brasil<\/b><\/h2>\n<p>O <strong>presidente da Rep\u00fablica<\/strong> declarou ainda que o Aux\u00edlio Brasil ser\u00e1 mantido em R$ 400 at\u00e9 dezembro, mas pode ter o valor alterado no ano que vem. &#8220;Tem um limite, at\u00e9 pela lei eleitoral. O Aux\u00edlio Brasil fica em R$ 400 at\u00e9 dezembro e no ano que vem \u00e9 poss\u00edvel mexer nesse valor&#8221;, afirmou.<\/p>\n<p>O governo, no entanto, considerou elevar o benef\u00edcio ainda neste ano mediante a edi\u00e7\u00e3o de um decreto de calamidade p\u00fablica, o que ainda n\u00e3o foi descartado pelo presidente.<\/p>\n\t<p>\n\t\t<a href=\"https:\/\/lp.suno.com.br\/planilha-da-vida-financeira\/\" target=\"_blank\" data-element=\"shortcode-suno-banner\" title=\"Banner SUNO, clique e saiba mais\">\n\t\t\t<picture>\n\t\t\t\t<source media=\"(max-width: 500px)\" srcset=\"https:\/\/files.sunoresearch.com.br\/n\/uploads\/2023\/04\/400x300-Planilha-vida-financeira-true.png\">\n\t\t\t\t<img class=\"newsContent__article__imgCapa newsContent__article__imgCapa--banner\"\n\t\t\t\t\tsrc=\"https:\/\/files.sunoresearch.com.br\/n\/uploads\/2023\/04\/1420x240-Planilha-vida-financeira-true.png\"\n\t\t\t\t\tdata-promo-id=\"106682\"\t\t\t\t\t\t\t\t\t\twidth='1420' height='240'\t\t\t\t\talt=\"https:\/\/files.sunoresearch.com.br\/n\/uploads\/2023\/04\/1420x240-Planilha-vida-financeira-true.png\"\n\t\t\t\t>\n\t\t\t<\/picture>\n\t\t<\/a>\n\t<\/p>\n\n\n<h2>Ideia de decreto de calamidade &#8216;n\u00e3o est\u00e1 enterrada&#8217;, afirma Bolsonaro<\/h2>\n<p>O <strong>presidente Jair Bolsonaro<\/strong> disse nesta ter\u00e7a-feira, 7, que &#8220;n\u00e3o est\u00e1 enterrada&#8221; a possibilidade de decretar estado de calamidade. &#8220;\u00c9 um bot\u00e3o que voc\u00ea pode apertar quando bem entender&#8221;, disse em entrevista ao SBT.<\/p>\n<p>Antes de iniciar o pacote para tentar reduzir o custo dos combust\u00edveis na bomba, houve uma queda de bra\u00e7o entre ministros do governo e aliados do presidente no Congresso para aprova\u00e7\u00e3o de um decreto de calamidade com a justificativa de <strong>risco de deabastecimento<\/strong> do diesel no Brasil. De um lado dessa queda de bra\u00e7o est\u00e1 a equipe econ\u00f4mica, que tem d\u00favidas sobre as justificativas neste momento, e do outro, os ministros palacianos, entre eles, Ciro Nogueira (Casa Civil) e Fabio Faria (Comunica\u00e7\u00f5es).<\/p>\n<p>O <strong>decreto de calamidade<\/strong> permitiria ao governo adotar um subs\u00eddio aos combust\u00edveis ou mesmo aumentar o valor do Aux\u00edlio Brasil, o programa social do governo Bolsonaro que hoje garante um benef\u00edcio m\u00ednimo de R$ 400.<\/p>\n<p>Bolsonaro disse na entrevista ao SBT que este valor deve permanecer o mesmo at\u00e9 o fim deste ano e que s\u00f3 ser\u00e1 poss\u00edvel mexer no piso no ano que vem, caso seja reeleito.<\/p>\n<p>Na segunda-feira, Bolsonaro prop\u00f4s compensar Estados e munic\u00edpios para zerar a al\u00edquota do ICMS sobre o diesel e o g\u00e1s de cozinha at\u00e9 31 de dezembro deste ano. A proposta inclui tamb\u00e9m a desonera\u00e7\u00e3o dos impostos federais sobre a gasolina e o etanol, que tamb\u00e9m seriam zerados, e valeria at\u00e9 o fim deste ano.<\/p>\n<p>Bolsonaro disse que o pacote &#8220;\u00e9 uma tremenda de uma proposta&#8221; e que a redu\u00e7\u00e3o dos tributos federais sobre a gasolina pode baixar em R$ 0,79 o pre\u00e7o do litro do combust\u00edvel. &#8220;Vamos acionar todos os meios para que a redu\u00e7\u00e3o de impostos chegue na bomba&#8221;, afirmou.<\/p>\n<p class=\"newsProviderSignature\"><em>Com informa\u00e7\u00f5es do Estad\u00e3o Conte\u00fado<\/em><\/p>\n\t<p>\n\t\t<a href=\"https:\/\/lp.suno.com.br\/planilha-de-controle-de-investimentos\/\" target=\"_blank\" data-element=\"shortcode-suno-banner\" title=\"Banner SUNO, clique e saiba mais\">\n\t\t\t<picture>\n\t\t\t\t<source media=\"(max-width: 500px)\" srcset=\"https:\/\/files.sunoresearch.com.br\/n\/uploads\/2023\/03\/400x300-Controle-de-Investimentos.png\">\n\t\t\t\t<img class=\"newsContent__article__imgCapa newsContent__article__imgCapa--banner\"\n\t\t\t\t\tsrc=\"https:\/\/files.sunoresearch.com.br\/n\/uploads\/2023\/03\/1420x240-Controle-de-Investimentos.png\"\n\t\t\t\t\tdata-promo-id=\"75934\"\t\t\t\t\t\t\t\t\t\twidth='1420' height='240'\t\t\t\t\talt=\"https:\/\/files.sunoresearch.com.br\/n\/uploads\/2023\/03\/1420x240-Controle-de-Investimentos.png\"\n\t\t\t\t>\n\t\t\t<\/picture>\n\t\t<\/a>\n\t<\/p>\n\n\n","protected":false},"excerpt":{"rendered":"<p>O presidente da Rep\u00fablica, Jair Bolsonaro, sinalizou nesta ter\u00e7a-feira que n\u00e3o haver\u00e1 reajuste salarial ao funcionalismo p\u00fablico em 2022, como demandam as categorias. &#8220;Lamento, pelo que tudo indica, n\u00e3o ser\u00e1 poss\u00edvel dar nenhum reajuste ao servidor no corrente ano. Mas j\u00e1 est\u00e1 na legisla\u00e7\u00e3o nossa, que foi mandada para o Parlamento, de que para o [&hellip;]<\/p>\n","protected":false},"author":43,"featured_media":265457,"comment_status":"closed","ping_status":"closed","sticky":false,"template":"","format":"standard","meta":[],"categories":[61],"tags":[],"suno_strategy":[],"class_list":["post-265346","post","type-post","status-publish","format-standard","has-post-thumbnail","hentry","category-politica"],"yoast_head":"<!-- This site is optimized with the Yoast SEO plugin v24.4 - https:\/\/yoast.com\/wordpress\/plugins\/seo\/ -->\n<title>&quot;N\u00e3o haver\u00e1 reajuste salarial a servidores em 2022&quot;, diz Bolsonaro<\/title>\n<meta name=\"description\" content=\"O presidente da Rep\u00fablica, Jair Bolsonaro, sinalizou nesta ter\u00e7a-feira que n\u00e3o haver\u00e1 reajuste salarial ao funcionalismo p\u00fablico em 2022\" \/>\n<meta name=\"robots\" content=\"index, follow, max-snippet:-1, max-image-preview:large, max-video-preview:-1\" \/>\n<link rel=\"canonical\" href=\"https:\/\/www.suno.com.br\/noticias\/bolsonaro-reajuste-salarial-servidores-2022\/\" \/>\n<meta property=\"og:locale\" content=\"pt_BR\" \/>\n<meta property=\"og:type\" content=\"article\" \/>\n<meta property=\"og:title\" content=\"&quot;N\u00e3o haver\u00e1 reajuste salarial a servidores em 2022&quot;, diz Bolsonaro\" \/>\n<meta property=\"og:description\" content=\"O presidente da Rep\u00fablica, Jair Bolsonaro, sinalizou nesta ter\u00e7a-feira que n\u00e3o haver\u00e1 reajuste salarial ao funcionalismo p\u00fablico em 2022\" \/>\n<meta property=\"og:url\" content=\"https:\/\/www.suno.com.br\/noticias\/bolsonaro-reajuste-salarial-servidores-2022\/\" \/>\n<meta property=\"og:site_name\" content=\"Suno Not\u00edcias\" \/>\n<meta property=\"article:publisher\" content=\"https:\/\/facebook.com\/sunoresearch\" \/>\n<meta property=\"article:author\" content=\"https:\/\/www.facebook.com\/sunonoticias\/\" \/>\n<meta property=\"og:image\" content=\"https:\/\/files.sunoresearch.com.br\/n\/uploads\/2022\/06\/jair-bolsonaro.jpg\" \/>\n\t<meta property=\"og:image:width\" content=\"1280\" \/>\n\t<meta property=\"og:image:height\" content=\"853\" \/>\n\t<meta property=\"og:image:type\" content=\"image\/jpeg\" \/>\n<meta name=\"author\" content=\"Reda\u00e7\u00e3o Suno Not\u00edcias\" \/>\n<meta name=\"twitter:card\" content=\"summary_large_image\" \/>\n<meta name=\"twitter:creator\" content=\"@https:\/\/twitter.com\/sunoresearch\" \/>\n<meta name=\"twitter:site\" content=\"@sunoresearch\" \/>\n<meta name=\"twitter:label1\" content=\"Escrito por\" \/>\n\t<meta name=\"twitter:data1\" content=\"Reda\u00e7\u00e3o Suno Not\u00edcias\" \/>\n\t<meta name=\"twitter:label2\" content=\"Est. tempo de leitura\" \/>\n\t<meta name=\"twitter:data2\" content=\"4 minutos\" \/>\n<script type=\"application\/ld+json\" class=\"yoast-schema-graph\">{\"@context\":\"https:\/\/schema.org\",\"@graph\":[{\"@type\":\"NewsArticle\",\"@id\":\"https:\/\/www.suno.com.br\/noticias\/bolsonaro-reajuste-salarial-servidores-2022\/#article\",\"isPartOf\":{\"@id\":\"https:\/\/www.suno.com.br\/noticias\/bolsonaro-reajuste-salarial-servidores-2022\/\"},\"author\":{\"name\":\"Reda\u00e7\u00e3o Suno Not\u00edcias\",\"@id\":\"https:\/\/www.suno.com.br\/noticias\/#\/schema\/person\/c1b1bd3727fa852bd045e9dbff3673ea\"},\"headline\":\"&#8220;N\u00e3o haver\u00e1 reajuste salarial a servidores em 2022&#8221;, diz Bolsonaro\",\"datePublished\":\"2022-06-07T19:58:36+00:00\",\"mainEntityOfPage\":{\"@id\":\"https:\/\/www.suno.com.br\/noticias\/bolsonaro-reajuste-salarial-servidores-2022\/\"},\"wordCount\":982,\"publisher\":{\"@id\":\"https:\/\/www.suno.com.br\/noticias\/#organization\"},\"image\":{\"@id\":\"https:\/\/www.suno.com.br\/noticias\/bolsonaro-reajuste-salarial-servidores-2022\/#primaryimage\"},\"thumbnailUrl\":\"https:\/\/files.sunoresearch.com.br\/n\/uploads\/2022\/06\/jair-bolsonaro.jpg\",\"articleSection\":[\"Pol\u00edtica\"],\"inLanguage\":\"pt-BR\"},{\"@type\":\"WebPage\",\"@id\":\"https:\/\/www.suno.com.br\/noticias\/bolsonaro-reajuste-salarial-servidores-2022\/\",\"url\":\"https:\/\/www.suno.com.br\/noticias\/bolsonaro-reajuste-salarial-servidores-2022\/\",\"name\":\"\\\"N\u00e3o haver\u00e1 reajuste salarial a servidores em 2022\\\", diz Bolsonaro\",\"isPartOf\":{\"@id\":\"https:\/\/www.suno.com.br\/noticias\/#website\"},\"primaryImageOfPage\":{\"@id\":\"https:\/\/www.suno.com.br\/noticias\/bolsonaro-reajuste-salarial-servidores-2022\/#primaryimage\"},\"image\":{\"@id\":\"https:\/\/www.suno.com.br\/noticias\/bolsonaro-reajuste-salarial-servidores-2022\/#primaryimage\"},\"thumbnailUrl\":\"https:\/\/files.sunoresearch.com.br\/n\/uploads\/2022\/06\/jair-bolsonaro.jpg\",\"datePublished\":\"2022-06-07T19:58:36+00:00\",\"description\":\"O presidente da Rep\u00fablica, Jair Bolsonaro, sinalizou nesta ter\u00e7a-feira que n\u00e3o haver\u00e1 reajuste salarial ao funcionalismo p\u00fablico em 2022\",\"breadcrumb\":{\"@id\":\"https:\/\/www.suno.com.br\/noticias\/bolsonaro-reajuste-salarial-servidores-2022\/#breadcrumb\"},\"inLanguage\":\"pt-BR\",\"potentialAction\":[{\"@type\":\"ReadAction\",\"target\":[\"https:\/\/www.suno.com.br\/noticias\/bolsonaro-reajuste-salarial-servidores-2022\/\"]}]},{\"@type\":\"ImageObject\",\"inLanguage\":\"pt-BR\",\"@id\":\"https:\/\/www.suno.com.br\/noticias\/bolsonaro-reajuste-salarial-servidores-2022\/#primaryimage\",\"url\":\"https:\/\/files.sunoresearch.com.br\/n\/uploads\/2022\/06\/jair-bolsonaro.jpg\",\"contentUrl\":\"https:\/\/files.sunoresearch.com.br\/n\/uploads\/2022\/06\/jair-bolsonaro.jpg\",\"width\":1280,\"height\":853,\"caption\":\"Ex-presidente Jair Bolsonaro. Foto: Fabio Rodrigues-Pozzebom\/Ag\u00eancia Brasil\"},{\"@type\":\"BreadcrumbList\",\"@id\":\"https:\/\/www.suno.com.br\/noticias\/bolsonaro-reajuste-salarial-servidores-2022\/#breadcrumb\",\"itemListElement\":[{\"@type\":\"ListItem\",\"position\":1,\"name\":\"Not\u00edcias\",\"item\":\"https:\/\/www.suno.com.br\/noticias\/\"},{\"@type\":\"ListItem\",\"position\":2,\"name\":\"Pol\u00edtica\",\"item\":\"https:\/\/www.suno.com.br\/noticias\/politica\/\"},{\"@type\":\"ListItem\",\"position\":3,\"name\":\"&#8220;N\u00e3o haver\u00e1 reajuste salarial a servidores em 2022&#8221;, diz Bolsonaro\"}]},{\"@type\":\"WebSite\",\"@id\":\"https:\/\/www.suno.com.br\/noticias\/#website\",\"url\":\"https:\/\/www.suno.com.br\/noticias\/\",\"name\":\"Suno Not\u00edcias\",\"description\":\"Seu portal de informa\u00e7\u00e3o sobre o mundo dos investimentos\",\"publisher\":{\"@id\":\"https:\/\/www.suno.com.br\/noticias\/#organization\"},\"potentialAction\":[{\"@type\":\"SearchAction\",\"target\":{\"@type\":\"EntryPoint\",\"urlTemplate\":\"https:\/\/www.suno.com.br\/noticias\/?s={search_term_string}\"},\"query-input\":{\"@type\":\"PropertyValueSpecification\",\"valueRequired\":true,\"valueName\":\"search_term_string\"}}],\"inLanguage\":\"pt-BR\"},{\"@type\":\"Organization\",\"@id\":\"https:\/\/www.suno.com.br\/noticias\/#organization\",\"name\":\"Suno Not\u00edcias\",\"url\":\"https:\/\/www.suno.com.br\/noticias\/\",\"logo\":{\"@type\":\"ImageObject\",\"inLanguage\":\"pt-BR\",\"@id\":\"https:\/\/www.suno.com.br\/noticias\/#\/schema\/logo\/image\/\",\"url\":\"https:\/\/files.sunoresearch.com.br\/n\/uploads\/2021\/09\/suno-logo.png\",\"contentUrl\":\"https:\/\/files.sunoresearch.com.br\/n\/uploads\/2021\/09\/suno-logo.png\",\"width\":180,\"height\":180,\"caption\":\"Suno Not\u00edcias\"},\"image\":{\"@id\":\"https:\/\/www.suno.com.br\/noticias\/#\/schema\/logo\/image\/\"},\"sameAs\":[\"https:\/\/facebook.com\/sunoresearch\",\"https:\/\/x.com\/sunoresearch\",\"https:\/\/www.instagram.com\/suno\",\"https:\/\/www.linkedin.com\/company\/suno-research\/\",\"https:\/\/www.youtube.com\/c\/sunoresearch\"]},{\"@type\":\"Person\",\"@id\":\"https:\/\/www.suno.com.br\/noticias\/#\/schema\/person\/c1b1bd3727fa852bd045e9dbff3673ea\",\"name\":\"Reda\u00e7\u00e3o Suno Not\u00edcias\",\"image\":{\"@type\":\"ImageObject\",\"inLanguage\":\"pt-BR\",\"@id\":\"https:\/\/www.suno.com.br\/noticias\/#\/schema\/person\/image\/\",\"url\":\"https:\/\/secure.gravatar.com\/avatar\/b8104b9b5a71985d5238ee59fbe418af?s=96&r=g\",\"contentUrl\":\"https:\/\/secure.gravatar.com\/avatar\/b8104b9b5a71985d5238ee59fbe418af?s=96&r=g\",\"caption\":\"Reda\u00e7\u00e3o Suno Not\u00edcias\"},\"description\":\"O Suno Not\u00edcias \u00e9 um portal de informa\u00e7\u00f5es sobre Mercado Financeiro, Pol\u00edtica, Neg\u00f3cios, Economia e Finan\u00e7as Pessoais.\",\"sameAs\":[\"https:\/\/www.suno.com.br\/noticias\",\"https:\/\/www.facebook.com\/sunonoticias\/\",\"https:\/\/www.instagram.com\/sunonoticias\/\",\"https:\/\/x.com\/https:\/\/twitter.com\/sunoresearch\",\"https:\/\/www.youtube.com\/sunonoticias\"],\"url\":\"https:\/\/www.suno.com.br\/noticias\/author\/redacao-suno\/\"}]}<\/script>\n<!-- \/ Yoast SEO plugin. -->","yoast_head_json":{"title":"\"N\u00e3o haver\u00e1 reajuste salarial a servidores em 2022\", diz Bolsonaro","description":"O presidente da Rep\u00fablica, Jair Bolsonaro, sinalizou nesta ter\u00e7a-feira que n\u00e3o haver\u00e1 reajuste salarial ao funcionalismo p\u00fablico em 2022","robots":{"index":"index","follow":"follow","max-snippet":"max-snippet:-1","max-image-preview":"max-image-preview:large","max-video-preview":"max-video-preview:-1"},"canonical":"https:\/\/www.suno.com.br\/noticias\/bolsonaro-reajuste-salarial-servidores-2022\/","og_locale":"pt_BR","og_type":"article","og_title":"\"N\u00e3o haver\u00e1 reajuste salarial a servidores em 2022\", diz Bolsonaro","og_description":"O presidente da Rep\u00fablica, Jair Bolsonaro, sinalizou nesta ter\u00e7a-feira que n\u00e3o haver\u00e1 reajuste salarial ao funcionalismo p\u00fablico em 2022","og_url":"https:\/\/www.suno.com.br\/noticias\/bolsonaro-reajuste-salarial-servidores-2022\/","og_site_name":"Suno Not\u00edcias","article_publisher":"https:\/\/facebook.com\/sunoresearch","article_author":"https:\/\/www.facebook.com\/sunonoticias\/","og_image":[{"width":1280,"height":853,"url":"https:\/\/files.sunoresearch.com.br\/n\/uploads\/2022\/06\/jair-bolsonaro.jpg","type":"image\/jpeg"}],"author":"Reda\u00e7\u00e3o Suno Not\u00edcias","twitter_card":"summary_large_image","twitter_creator":"@https:\/\/twitter.com\/sunoresearch","twitter_site":"@sunoresearch","twitter_misc":{"Escrito por":"Reda\u00e7\u00e3o Suno Not\u00edcias","Est. tempo de leitura":"4 minutos"},"schema":{"@context":"https:\/\/schema.org","@graph":[{"@type":"NewsArticle","@id":"https:\/\/www.suno.com.br\/noticias\/bolsonaro-reajuste-salarial-servidores-2022\/#article","isPartOf":{"@id":"https:\/\/www.suno.com.br\/noticias\/bolsonaro-reajuste-salarial-servidores-2022\/"},"author":{"name":"Reda\u00e7\u00e3o Suno Not\u00edcias","@id":"https:\/\/www.suno.com.br\/noticias\/#\/schema\/person\/c1b1bd3727fa852bd045e9dbff3673ea"},"headline":"&#8220;N\u00e3o haver\u00e1 reajuste salarial a servidores em 2022&#8221;, diz Bolsonaro","datePublished":"2022-06-07T19:58:36+00:00","mainEntityOfPage":{"@id":"https:\/\/www.suno.com.br\/noticias\/bolsonaro-reajuste-salarial-servidores-2022\/"},"wordCount":982,"publisher":{"@id":"https:\/\/www.suno.com.br\/noticias\/#organization"},"image":{"@id":"https:\/\/www.suno.com.br\/noticias\/bolsonaro-reajuste-salarial-servidores-2022\/#primaryimage"},"thumbnailUrl":"https:\/\/files.sunoresearch.com.br\/n\/uploads\/2022\/06\/jair-bolsonaro.jpg","articleSection":["Pol\u00edtica"],"inLanguage":"pt-BR"},{"@type":"WebPage","@id":"https:\/\/www.suno.com.br\/noticias\/bolsonaro-reajuste-salarial-servidores-2022\/","url":"https:\/\/www.suno.com.br\/noticias\/bolsonaro-reajuste-salarial-servidores-2022\/","name":"\"N\u00e3o haver\u00e1 reajuste salarial a servidores em 2022\", diz Bolsonaro","isPartOf":{"@id":"https:\/\/www.suno.com.br\/noticias\/#website"},"primaryImageOfPage":{"@id":"https:\/\/www.suno.com.br\/noticias\/bolsonaro-reajuste-salarial-servidores-2022\/#primaryimage"},"image":{"@id":"https:\/\/www.suno.com.br\/noticias\/bolsonaro-reajuste-salarial-servidores-2022\/#primaryimage"},"thumbnailUrl":"https:\/\/files.sunoresearch.com.br\/n\/uploads\/2022\/06\/jair-bolsonaro.jpg","datePublished":"2022-06-07T19:58:36+00:00","description":"O presidente da Rep\u00fablica, Jair Bolsonaro, sinalizou nesta ter\u00e7a-feira que n\u00e3o haver\u00e1 reajuste salarial ao funcionalismo p\u00fablico em 2022","breadcrumb":{"@id":"https:\/\/www.suno.com.br\/noticias\/bolsonaro-reajuste-salarial-servidores-2022\/#breadcrumb"},"inLanguage":"pt-BR","potentialAction":[{"@type":"ReadAction","target":["https:\/\/www.suno.com.br\/noticias\/bolsonaro-reajuste-salarial-servidores-2022\/"]}]},{"@type":"ImageObject","inLanguage":"pt-BR","@id":"https:\/\/www.suno.com.br\/noticias\/bolsonaro-reajuste-salarial-servidores-2022\/#primaryimage","url":"https:\/\/files.sunoresearch.com.br\/n\/uploads\/2022\/06\/jair-bolsonaro.jpg","contentUrl":"https:\/\/files.sunoresearch.com.br\/n\/uploads\/2022\/06\/jair-bolsonaro.jpg","width":1280,"height":853,"caption":"Ex-presidente Jair Bolsonaro. Foto: Fabio Rodrigues-Pozzebom\/Ag\u00eancia Brasil"},{"@type":"BreadcrumbList","@id":"https:\/\/www.suno.com.br\/noticias\/bolsonaro-reajuste-salarial-servidores-2022\/#breadcrumb","itemListElement":[{"@type":"ListItem","position":1,"name":"Not\u00edcias","item":"https:\/\/www.suno.com.br\/noticias\/"},{"@type":"ListItem","position":2,"name":"Pol\u00edtica","item":"https:\/\/www.suno.com.br\/noticias\/politica\/"},{"@type":"ListItem","position":3,"name":"&#8220;N\u00e3o haver\u00e1 reajuste salarial a servidores em 2022&#8221;, diz Bolsonaro"}]},{"@type":"WebSite","@id":"https:\/\/www.suno.com.br\/noticias\/#website","url":"https:\/\/www.suno.com.br\/noticias\/","name":"Suno Not\u00edcias","description":"Seu portal de informa\u00e7\u00e3o sobre o mundo dos investimentos","publisher":{"@id":"https:\/\/www.suno.com.br\/noticias\/#organization"},"potentialAction":[{"@type":"SearchAction","target":{"@type":"EntryPoint","urlTemplate":"https:\/\/www.suno.com.br\/noticias\/?s={search_term_string}"},"query-input":{"@type":"PropertyValueSpecification","valueRequired":true,"valueName":"search_term_string"}}],"inLanguage":"pt-BR"},{"@type":"Organization","@id":"https:\/\/www.suno.com.br\/noticias\/#organization","name":"Suno Not\u00edcias","url":"https:\/\/www.suno.com.br\/noticias\/","logo":{"@type":"ImageObject","inLanguage":"pt-BR","@id":"https:\/\/www.suno.com.br\/noticias\/#\/schema\/logo\/image\/","url":"https:\/\/files.sunoresearch.com.br\/n\/uploads\/2021\/09\/suno-logo.png","contentUrl":"https:\/\/files.sunoresearch.com.br\/n\/uploads\/2021\/09\/suno-logo.png","width":180,"height":180,"caption":"Suno Not\u00edcias"},"image":{"@id":"https:\/\/www.suno.com.br\/noticias\/#\/schema\/logo\/image\/"},"sameAs":["https:\/\/facebook.com\/sunoresearch","https:\/\/x.com\/sunoresearch","https:\/\/www.instagram.com\/suno","https:\/\/www.linkedin.com\/company\/suno-research\/","https:\/\/www.youtube.com\/c\/sunoresearch"]},{"@type":"Person","@id":"https:\/\/www.suno.com.br\/noticias\/#\/schema\/person\/c1b1bd3727fa852bd045e9dbff3673ea","name":"Reda\u00e7\u00e3o Suno Not\u00edcias","image":{"@type":"ImageObject","inLanguage":"pt-BR","@id":"https:\/\/www.suno.com.br\/noticias\/#\/schema\/person\/image\/","url":"https:\/\/secure.gravatar.com\/avatar\/b8104b9b5a71985d5238ee59fbe418af?s=96&r=g","contentUrl":"https:\/\/secure.gravatar.com\/avatar\/b8104b9b5a71985d5238ee59fbe418af?s=96&r=g","caption":"Reda\u00e7\u00e3o Suno Not\u00edcias"},"description":"O Suno Not\u00edcias \u00e9 um portal de informa\u00e7\u00f5es sobre Mercado Financeiro, Pol\u00edtica, Neg\u00f3cios, Economia e Finan\u00e7as Pessoais.","sameAs":["https:\/\/www.suno.com.br\/noticias","https:\/\/www.facebook.com\/sunonoticias\/","https:\/\/www.instagram.com\/sunonoticias\/","https:\/\/x.com\/https:\/\/twitter.com\/sunoresearch","https:\/\/www.youtube.com\/sunonoticias"],"url":"https:\/\/www.suno.com.br\/noticias\/author\/redacao-suno\/"}]}},"default_loop_html":"<div class=\"cardsPage__listCard__boxs\"><div class=\"cardsPage__listCard__boxs__img\"><a href=\"https:\/\/www.suno.com.br\/noticias\/bolsonaro-reajuste-salarial-servidores-2022\/\"><img class=\"mask\" src=\"https:\/\/www.suno.com.br\/noticias\/wp-content\/themes\/suno\/resources\/images\/spotlight\/spotlight1img\/bg-mask.png\" alt=\"Image Mask\"\/><img src=\"https:\/\/files.sunoresearch.com.br\/n\/uploads\/2022\/06\/jair-bolsonaro-400x200.jpg\" alt=\"&#8220;N\u00e3o haver\u00e1 reajuste salarial a servidores em 2022&#8221;, diz Bolsonaro\"\/><\/a><span class=\"spotlightCategory\"><a href=\"https:\/\/www.suno.com.br\/noticias\/politica\/\">Pol\u00edtica<\/a><\/span><\/div><div class=\"cardsPage__listCard__boxs__content\"><a href=\"https:\/\/www.suno.com.br\/noticias\/bolsonaro-reajuste-salarial-servidores-2022\/\"><h2 class=\"content__title\">&#8220;N\u00e3o haver\u00e1 reajuste salarial a servidores em 2022&#8221;, diz Bolsonaro<\/h2><\/a><div class=\"newsContent__article__meta\"><div class=\"newsContent__article__meta__authorBox\"><a href=\"https:\/\/www.suno.com.br\/noticias\/author\/redacao-suno\/\" class=\"authorBox__avatar noMobi\"><img src=\"https:\/\/files.sunoresearch.com.br\/n\/uploads\/2020\/08\/0ace682d-redacao-1-150x150.webp\" alt=\"Reda\u00e7\u00e3o Suno Not\u00edcias\"><\/a><div class=\"authorBox__name\"><span>por\n\t\t\t<a href=\"https:\/\/www.suno.com.br\/noticias\/author\/redacao-suno\/\"><span itemprop=\"author\">Reda\u00e7\u00e3o Suno Not\u00edcias<\/span><\/a><\/span><time datetime=\"2022-06-07T16:58:36-03:00\" itemprop=\"datePublished\">07\/06\/2022 16:58<\/time><\/div><\/div><\/div><\/div><\/div>","single_layout":"posts","amp_enabled":true,"_links":{"self":[{"href":"https:\/\/www.suno.com.br\/noticias\/wp-json\/wp\/v2\/posts\/265346"}],"collection":[{"href":"https:\/\/www.suno.com.br\/noticias\/wp-json\/wp\/v2\/posts"}],"about":[{"href":"https:\/\/www.suno.com.br\/noticias\/wp-json\/wp\/v2\/types\/post"}],"author":[{"embeddable":true,"href":"https:\/\/www.suno.com.br\/noticias\/wp-json\/wp\/v2\/users\/43"}],"replies":[{"embeddable":true,"href":"https:\/\/www.suno.com.br\/noticias\/wp-json\/wp\/v2\/comments?post=265346"}],"version-history":[{"count":2,"href":"https:\/\/www.suno.com.br\/noticias\/wp-json\/wp\/v2\/posts\/265346\/revisions"}],"predecessor-version":[{"id":265458,"href":"https:\/\/www.suno.com.br\/noticias\/wp-json\/wp\/v2\/posts\/265346\/revisions\/265458"}],"wp:featuredmedia":[{"embeddable":true,"href":"https:\/\/www.suno.com.br\/noticias\/wp-json\/wp\/v2\/media\/265457"}],"wp:attachment":[{"href":"https:\/\/www.suno.com.br\/noticias\/wp-json\/wp\/v2\/media?parent=265346"}],"wp:term":[{"taxonomy":"category","embeddable":true,"href":"https:\/\/www.suno.com.br\/noticias\/wp-json\/wp\/v2\/categories?post=265346"},{"taxonomy":"post_tag","embeddable":true,"href":"https:\/\/www.suno.com.br\/noticias\/wp-json\/wp\/v2\/tags?post=265346"},{"taxonomy":"suno_strategy","embeddable":true,"href":"https:\/\/www.suno.com.br\/noticias\/wp-json\/wp\/v2\/suno_strategy?post=265346"}],"curies":[{"name":"wp","href":"https:\/\/api.w.org\/{rel}","templated":true}]}}