{"id":26520,"date":"2019-05-30T09:45:21","date_gmt":"2019-05-30T12:45:21","guid":{"rendered":"https:\/\/www.suno.com.br\/noticias\/?p=26520"},"modified":"2019-05-30T15:03:16","modified_gmt":"2019-05-30T18:03:16","slug":"vale-plano-desmonte-barragem","status":"publish","type":"post","link":"https:\/\/www.suno.com.br\/noticias\/vale-plano-desmonte-barragem\/","title":{"rendered":"Vale entrega plano de desmonte da barragem de Bar\u00e3o de Cocais \u00e0 Semad"},"content":{"rendered":"<p>A Vale entregou \u00e0 <strong>Secretaria de Estado de Meio Ambiente de Minas Gerais (Semad)<\/strong> um plano para a descaracteriza\u00e7\u00e3o de quatro <strong>barragens<\/strong> da empresa. Isso porque as barragens foram colocadas em n\u00edvel 3 de seguran\u00e7a, o que significa que elas podem ruir a qualquer momento.<\/p>\t<div class=\"wrapper-featured-image\">\n\t\t<figure class=\"spotlightImg\">\n\n\t\t\t<picture>\n\t\t\t\t<source media=\"(max-width: 768px)\" srcset=\"https:\/\/files.sunoresearch.com.br\/n\/uploads\/2019\/04\/6ea3bdfc-vale-400x200.webp\">\n\t\t\t\t<img loading=\"lazy\" decoding=\"async\" class=\"newsContent__article__imgCapa lazyloadDisabled newsContent__article__imgCapa--noCaption\" src=\"https:\/\/files.sunoresearch.com.br\/n\/uploads\/2019\/04\/6ea3bdfc-vale-png.webp\" width=\"800\" height=\"450\" alt=\"Vale entrega plano de desmonte da barragem de Bar\u00e3o de Cocais \u00e0 Semad\" fetchpriority=high \/>\n\t\t\t<\/picture>\n\n\t\t\t<figcaption class=\"wp-caption-text wp-caption-text--hide\">Vale <\/figcaption>\n\t\t<\/figure>\n\t<\/div>\n\n\n<p>A <strong>descaracteriza\u00e7\u00e3o<\/strong> <strong>das<\/strong> <strong>barragens<\/strong> \u00e9 basicamente o desmonte da estrutura. No entanto, o tamanho da barragem \u00e9 o que determina quanto tempo leva para essa descaracteriza\u00e7\u00e3o. As estruturas da <strong>Vale<\/strong> est\u00e3o localizadas em <strong>Bar\u00e3o<\/strong> <strong>de<\/strong> <strong>Cocais<\/strong>, Nova Lima, distrito dos Macacos e Ouro Preto.<\/p>\n\t<p>\n\t\t<a href=\"https:\/\/lp.suno.com.br\/planilha-controle-gastos\/\" target=\"_blank\" data-element=\"shortcode-suno-banner\" title=\"Banner SUNO, clique e saiba mais\">\n\t\t\t<picture>\n\t\t\t\t<source media=\"(max-width: 500px)\" srcset=\"https:\/\/files.sunoresearch.com.br\/n\/uploads\/2023\/03\/400x300-Planilha-controle-de-gastos.png\">\n\t\t\t\t<img class=\"newsContent__article__imgCapa newsContent__article__imgCapa--banner\"\n\t\t\t\t\tsrc=\"https:\/\/files.sunoresearch.com.br\/n\/uploads\/2023\/03\/1420x240-Planilha-controle-de-gastos.png\"\n\t\t\t\t\tdata-promo-id=\"383122\"\t\t\t\t\t\t\t\t\t\twidth='1420' height='240'\t\t\t\t\talt=\"https:\/\/files.sunoresearch.com.br\/n\/uploads\/2023\/03\/1420x240-Planilha-controle-de-gastos.png\"\n\t\t\t\t>\n\t\t\t<\/picture>\n\t\t<\/a>\n\t<\/p>\n\n\n<p>De acordo com a legisla\u00e7\u00e3o estadual, as empresas tinham at\u00e9 a \u00faltima ter\u00e7a-feira (28) para apresentar planos que envolvessem exclusivamente barragens a montante.<\/p>\n<p>O m\u00e9todo a montante \u00e9 considerado de risco por conta do elevado poder de destrui\u00e7\u00e3o em caso de rompimento. Exemplos disso s\u00e3o os casos da barragem de Fund\u00e3o, em <strong>Mariana<\/strong>, que se rompeu em 2015 e matou 19 pessoas, e o mais recente rompimento, em <strong>Brumadinho<\/strong>, neste ano, que matou 244 pessoas.<\/p>\n<p><a href=\"https:\/\/www.suno.com.br\/noticias\/vale-novo-diretor-minerais-ferrosos-carvao\/\">Saiba mais:\u00a0Vale anuncia novo diretor de minerais ferrosos e carv\u00e3o<\/a><\/p>\n<h2>Planos de descaraceteriza\u00e7\u00e3o<\/h2>\n<p>Os 21 planos de <strong>descaracteriza\u00e7\u00e3o<\/strong> de um total de 48 barragens constru\u00eddas a montante ainda n\u00e3o foram entregues ao <strong>Semad<\/strong> at\u00e9 a \u00faltima ter\u00e7a-feira. De acordo com a secretaria, &#8220;existe a possibilidade de que algum documento tenha sido protocolado em uma das nove superintend\u00eancias regionais de meio ambiente e ainda tenha sido identificado&#8221;.<\/p>\n<p>Das 21 barragens, tr\u00eas s\u00e3o da <strong>Vale,<\/strong> sendo elas:<\/p>\n<ul>\n<li>Doutor &#8211; Ouro Preto;<\/li>\n<li>Concei\u00e7\u00e3o &#8211; Itabira;<\/li>\n<li>Campo Grande &#8211; Mariana.<\/li>\n<\/ul>\n<p>De acordo com a <strong>Vale<\/strong>, essas barragens &#8220;n\u00e3o integram a lista de <strong>barragens<\/strong> que ir\u00e3o ser descaracterizadas porque ambas n\u00e3o foram constru\u00eddas pelo m\u00e9todo a montante. Concei\u00e7\u00e3o tem m\u00e9todo construtivo convencional enquanto Campo Grande foi constru\u00edda pelo m\u00e9todo de linha de centro e est\u00e1 erroneamente classificada como a montante pela Funda\u00e7\u00e3o Estadual de Meio Ambiente (FEAM)&#8221;.<\/p>\n\t<p>\n\t\t<a href=\"https:\/\/lp2.suno.com.br\/pv\/bolsa-para-iniciantes?utm_campaign=_SNC757A2733_rs.mpr26---meu-primeiro-rendimento---venda---not\u00edcias&#038;utm_source=suno-not\u00edcias&#038;utm_medium=banner.noticias\" target=\"_blank\" data-element=\"shortcode-suno-banner\" title=\"Banner SUNO, clique e saiba mais\">\n\t\t\t<picture>\n\t\t\t\t<source media=\"(max-width: 500px)\" srcset=\"https:\/\/files.sunoresearch.com.br\/n\/uploads\/2026\/04\/400x300-Banner-Materias-01-png.webp\">\n\t\t\t\t<img class=\"newsContent__article__imgCapa newsContent__article__imgCapa--banner\"\n\t\t\t\t\tsrc=\"https:\/\/files.sunoresearch.com.br\/n\/uploads\/2026\/04\/1420x240-Banner-Materias-01-png.webp\"\n\t\t\t\t\tdata-promo-id=\"647482\"\t\t\t\t\t\t\t\t\t\twidth='1420' height='240'\t\t\t\t\talt=\"https:\/\/files.sunoresearch.com.br\/n\/uploads\/2026\/04\/1420x240-Banner-Materias-01-png.webp\"\n\t\t\t\t>\n\t\t\t<\/picture>\n\t\t<\/a>\n\t<\/p>\n\n\n","protected":false},"excerpt":{"rendered":"<p>A Vale entregou \u00e0 Secretaria de Estado de Meio Ambiente de Minas Gerais (Semad) um plano para a descaracteriza\u00e7\u00e3o de quatro barragens da empresa. Isso porque as barragens foram colocadas em n\u00edvel 3 de seguran\u00e7a, o que significa que elas podem ruir a qualquer momento. Vale A descaracteriza\u00e7\u00e3o das barragens \u00e9 basicamente o desmonte da [&hellip;]<\/p>\n","protected":false},"author":11,"featured_media":20409,"comment_status":"closed","ping_status":"closed","sticky":false,"template":"","format":"standard","meta":[],"categories":[64],"tags":[676],"suno_strategy":[],"class_list":["post-26520","post","type-post","status-publish","format-standard","has-post-thumbnail","hentry","category-negocios","tag-vale-vale3"],"yoast_head":"<!-- This site is optimized with the Yoast SEO plugin v24.4 - https:\/\/yoast.com\/wordpress\/plugins\/seo\/ -->\n<title>Vale entrega plano de desmonte da barragem de Bar\u00e3o de Cocais<\/title>\n<meta name=\"description\" content=\"Al\u00e9m do desmonte da barragem de Bar\u00e3o de Cocais, a Vale entregou planos para descaracteriza\u00e7\u00e3o de outras 3. Clique para sabe mais.\" \/>\n<meta name=\"robots\" content=\"index, follow, max-snippet:-1, max-image-preview:large, max-video-preview:-1\" \/>\n<link rel=\"canonical\" href=\"https:\/\/www.suno.com.br\/noticias\/vale-plano-desmonte-barragem\/\" \/>\n<meta property=\"og:locale\" content=\"pt_BR\" \/>\n<meta property=\"og:type\" content=\"article\" \/>\n<meta property=\"og:title\" content=\"Vale entrega plano de desmonte da barragem de Bar\u00e3o de Cocais\" \/>\n<meta property=\"og:description\" content=\"Al\u00e9m do desmonte da barragem de Bar\u00e3o de Cocais, a Vale entregou planos para descaracteriza\u00e7\u00e3o de outras 3. Clique para sabe mais.\" \/>\n<meta property=\"og:url\" content=\"https:\/\/www.suno.com.br\/noticias\/vale-plano-desmonte-barragem\/\" \/>\n<meta property=\"og:site_name\" content=\"Suno Not\u00edcias\" \/>\n<meta property=\"article:publisher\" content=\"https:\/\/facebook.com\/sunoresearch\" \/>\n<meta property=\"og:image\" content=\"https:\/\/files.sunoresearch.com.br\/n\/uploads\/2019\/04\/6ea3bdfc-vale.png\" \/>\n\t<meta property=\"og:image:width\" content=\"600\" \/>\n\t<meta property=\"og:image:height\" content=\"336\" \/>\n\t<meta property=\"og:image:type\" content=\"image\/png\" \/>\n<meta name=\"author\" content=\"Renan Bandeira\" \/>\n<meta name=\"twitter:card\" content=\"summary_large_image\" \/>\n<meta name=\"twitter:creator\" content=\"@sunoresearch\" \/>\n<meta name=\"twitter:site\" content=\"@sunoresearch\" \/>\n<meta name=\"twitter:label1\" content=\"Escrito por\" \/>\n\t<meta name=\"twitter:data1\" content=\"Renan Bandeira\" \/>\n\t<meta name=\"twitter:label2\" content=\"Est. tempo de leitura\" \/>\n\t<meta name=\"twitter:data2\" content=\"2 minutos\" \/>\n<script type=\"application\/ld+json\" class=\"yoast-schema-graph\">{\"@context\":\"https:\/\/schema.org\",\"@graph\":[{\"@type\":\"NewsArticle\",\"@id\":\"https:\/\/www.suno.com.br\/noticias\/vale-plano-desmonte-barragem\/#article\",\"isPartOf\":{\"@id\":\"https:\/\/www.suno.com.br\/noticias\/vale-plano-desmonte-barragem\/\"},\"author\":{\"name\":\"Renan Bandeira\",\"@id\":\"https:\/\/www.suno.com.br\/noticias\/#\/schema\/person\/fc144a1c6108bd1dcd43784e88a3c138\"},\"headline\":\"Vale entrega plano de desmonte da barragem de Bar\u00e3o de Cocais \u00e0 Semad\",\"datePublished\":\"2019-05-30T12:45:21+00:00\",\"dateModified\":\"2019-05-30T18:03:16+00:00\",\"mainEntityOfPage\":{\"@id\":\"https:\/\/www.suno.com.br\/noticias\/vale-plano-desmonte-barragem\/\"},\"wordCount\":347,\"publisher\":{\"@id\":\"https:\/\/www.suno.com.br\/noticias\/#organization\"},\"image\":{\"@id\":\"https:\/\/www.suno.com.br\/noticias\/vale-plano-desmonte-barragem\/#primaryimage\"},\"thumbnailUrl\":\"https:\/\/files.sunoresearch.com.br\/n\/uploads\/2019\/04\/6ea3bdfc-vale-png.webp\",\"keywords\":[\"Vale (VALE3)\"],\"articleSection\":[\"Neg\u00f3cios\"],\"inLanguage\":\"pt-BR\"},{\"@type\":\"WebPage\",\"@id\":\"https:\/\/www.suno.com.br\/noticias\/vale-plano-desmonte-barragem\/\",\"url\":\"https:\/\/www.suno.com.br\/noticias\/vale-plano-desmonte-barragem\/\",\"name\":\"Vale entrega plano de desmonte da barragem de Bar\u00e3o de Cocais\",\"isPartOf\":{\"@id\":\"https:\/\/www.suno.com.br\/noticias\/#website\"},\"primaryImageOfPage\":{\"@id\":\"https:\/\/www.suno.com.br\/noticias\/vale-plano-desmonte-barragem\/#primaryimage\"},\"image\":{\"@id\":\"https:\/\/www.suno.com.br\/noticias\/vale-plano-desmonte-barragem\/#primaryimage\"},\"thumbnailUrl\":\"https:\/\/files.sunoresearch.com.br\/n\/uploads\/2019\/04\/6ea3bdfc-vale-png.webp\",\"datePublished\":\"2019-05-30T12:45:21+00:00\",\"dateModified\":\"2019-05-30T18:03:16+00:00\",\"description\":\"Al\u00e9m do desmonte da barragem de Bar\u00e3o de Cocais, a Vale entregou planos para descaracteriza\u00e7\u00e3o de outras 3. Clique para sabe mais.\",\"breadcrumb\":{\"@id\":\"https:\/\/www.suno.com.br\/noticias\/vale-plano-desmonte-barragem\/#breadcrumb\"},\"inLanguage\":\"pt-BR\",\"potentialAction\":[{\"@type\":\"ReadAction\",\"target\":[\"https:\/\/www.suno.com.br\/noticias\/vale-plano-desmonte-barragem\/\"]}]},{\"@type\":\"ImageObject\",\"inLanguage\":\"pt-BR\",\"@id\":\"https:\/\/www.suno.com.br\/noticias\/vale-plano-desmonte-barragem\/#primaryimage\",\"url\":\"https:\/\/files.sunoresearch.com.br\/n\/uploads\/2019\/04\/6ea3bdfc-vale-png.webp\",\"contentUrl\":\"https:\/\/files.sunoresearch.com.br\/n\/uploads\/2019\/04\/6ea3bdfc-vale-png.webp\",\"width\":600,\"height\":336,\"caption\":\"Vale\"},{\"@type\":\"BreadcrumbList\",\"@id\":\"https:\/\/www.suno.com.br\/noticias\/vale-plano-desmonte-barragem\/#breadcrumb\",\"itemListElement\":[{\"@type\":\"ListItem\",\"position\":1,\"name\":\"Not\u00edcias\",\"item\":\"https:\/\/www.suno.com.br\/noticias\/\"},{\"@type\":\"ListItem\",\"position\":2,\"name\":\"Neg\u00f3cios\",\"item\":\"https:\/\/www.suno.com.br\/noticias\/negocios\/\"},{\"@type\":\"ListItem\",\"position\":3,\"name\":\"Vale entrega plano de desmonte da barragem de Bar\u00e3o de Cocais \u00e0 Semad\"}]},{\"@type\":\"WebSite\",\"@id\":\"https:\/\/www.suno.com.br\/noticias\/#website\",\"url\":\"https:\/\/www.suno.com.br\/noticias\/\",\"name\":\"Suno Not\u00edcias\",\"description\":\"Seu portal de informa\u00e7\u00e3o sobre o mundo dos investimentos\",\"publisher\":{\"@id\":\"https:\/\/www.suno.com.br\/noticias\/#organization\"},\"potentialAction\":[{\"@type\":\"SearchAction\",\"target\":{\"@type\":\"EntryPoint\",\"urlTemplate\":\"https:\/\/www.suno.com.br\/noticias\/?s={search_term_string}\"},\"query-input\":{\"@type\":\"PropertyValueSpecification\",\"valueRequired\":true,\"valueName\":\"search_term_string\"}}],\"inLanguage\":\"pt-BR\"},{\"@type\":\"Organization\",\"@id\":\"https:\/\/www.suno.com.br\/noticias\/#organization\",\"name\":\"Suno Not\u00edcias\",\"url\":\"https:\/\/www.suno.com.br\/noticias\/\",\"logo\":{\"@type\":\"ImageObject\",\"inLanguage\":\"pt-BR\",\"@id\":\"https:\/\/www.suno.com.br\/noticias\/#\/schema\/logo\/image\/\",\"url\":\"https:\/\/files.sunoresearch.com.br\/n\/uploads\/2021\/09\/suno-logo.png\",\"contentUrl\":\"https:\/\/files.sunoresearch.com.br\/n\/uploads\/2021\/09\/suno-logo.png\",\"width\":180,\"height\":180,\"caption\":\"Suno Not\u00edcias\"},\"image\":{\"@id\":\"https:\/\/www.suno.com.br\/noticias\/#\/schema\/logo\/image\/\"},\"sameAs\":[\"https:\/\/facebook.com\/sunoresearch\",\"https:\/\/x.com\/sunoresearch\",\"https:\/\/www.instagram.com\/suno\",\"https:\/\/www.linkedin.com\/company\/suno-research\/\",\"https:\/\/www.youtube.com\/c\/sunoresearch\"]},{\"@type\":\"Person\",\"@id\":\"https:\/\/www.suno.com.br\/noticias\/#\/schema\/person\/fc144a1c6108bd1dcd43784e88a3c138\",\"name\":\"Renan Bandeira\",\"image\":{\"@type\":\"ImageObject\",\"inLanguage\":\"pt-BR\",\"@id\":\"https:\/\/www.suno.com.br\/noticias\/#\/schema\/person\/image\/\",\"url\":\"https:\/\/secure.gravatar.com\/avatar\/68359cdb608f14f11bbefcb78f3fc747?s=96&r=g\",\"contentUrl\":\"https:\/\/secure.gravatar.com\/avatar\/68359cdb608f14f11bbefcb78f3fc747?s=96&r=g\",\"caption\":\"Renan Bandeira\"},\"description\":\"Renan Bandeira escreve sobre pol\u00edtica e economia para o portal da Suno Research. Antes da Suno, trabalhou em uma rede de televis\u00e3o, onde fazia reportagens sobre os mesmos temas. Estuda na Universidade Metodista de S\u00e3o Paulo.\",\"url\":\"https:\/\/www.suno.com.br\/noticias\/author\/renan-bandeira\/\"}]}<\/script>\n<!-- \/ Yoast SEO plugin. -->","yoast_head_json":{"title":"Vale entrega plano de desmonte da barragem de Bar\u00e3o de Cocais","description":"Al\u00e9m do desmonte da barragem de Bar\u00e3o de Cocais, a Vale entregou planos para descaracteriza\u00e7\u00e3o de outras 3. Clique para sabe mais.","robots":{"index":"index","follow":"follow","max-snippet":"max-snippet:-1","max-image-preview":"max-image-preview:large","max-video-preview":"max-video-preview:-1"},"canonical":"https:\/\/www.suno.com.br\/noticias\/vale-plano-desmonte-barragem\/","og_locale":"pt_BR","og_type":"article","og_title":"Vale entrega plano de desmonte da barragem de Bar\u00e3o de Cocais","og_description":"Al\u00e9m do desmonte da barragem de Bar\u00e3o de Cocais, a Vale entregou planos para descaracteriza\u00e7\u00e3o de outras 3. Clique para sabe mais.","og_url":"https:\/\/www.suno.com.br\/noticias\/vale-plano-desmonte-barragem\/","og_site_name":"Suno Not\u00edcias","article_publisher":"https:\/\/facebook.com\/sunoresearch","og_image":[{"width":600,"height":336,"url":"https:\/\/files.sunoresearch.com.br\/n\/uploads\/2019\/04\/6ea3bdfc-vale.png","type":"image\/png"}],"author":"Renan Bandeira","twitter_card":"summary_large_image","twitter_creator":"@sunoresearch","twitter_site":"@sunoresearch","twitter_misc":{"Escrito por":"Renan Bandeira","Est. tempo de leitura":"2 minutos"},"schema":{"@context":"https:\/\/schema.org","@graph":[{"@type":"NewsArticle","@id":"https:\/\/www.suno.com.br\/noticias\/vale-plano-desmonte-barragem\/#article","isPartOf":{"@id":"https:\/\/www.suno.com.br\/noticias\/vale-plano-desmonte-barragem\/"},"author":{"name":"Renan Bandeira","@id":"https:\/\/www.suno.com.br\/noticias\/#\/schema\/person\/fc144a1c6108bd1dcd43784e88a3c138"},"headline":"Vale entrega plano de desmonte da barragem de Bar\u00e3o de Cocais \u00e0 Semad","datePublished":"2019-05-30T12:45:21+00:00","dateModified":"2019-05-30T18:03:16+00:00","mainEntityOfPage":{"@id":"https:\/\/www.suno.com.br\/noticias\/vale-plano-desmonte-barragem\/"},"wordCount":347,"publisher":{"@id":"https:\/\/www.suno.com.br\/noticias\/#organization"},"image":{"@id":"https:\/\/www.suno.com.br\/noticias\/vale-plano-desmonte-barragem\/#primaryimage"},"thumbnailUrl":"https:\/\/files.sunoresearch.com.br\/n\/uploads\/2019\/04\/6ea3bdfc-vale-png.webp","keywords":["Vale (VALE3)"],"articleSection":["Neg\u00f3cios"],"inLanguage":"pt-BR"},{"@type":"WebPage","@id":"https:\/\/www.suno.com.br\/noticias\/vale-plano-desmonte-barragem\/","url":"https:\/\/www.suno.com.br\/noticias\/vale-plano-desmonte-barragem\/","name":"Vale entrega plano de desmonte da barragem de Bar\u00e3o de Cocais","isPartOf":{"@id":"https:\/\/www.suno.com.br\/noticias\/#website"},"primaryImageOfPage":{"@id":"https:\/\/www.suno.com.br\/noticias\/vale-plano-desmonte-barragem\/#primaryimage"},"image":{"@id":"https:\/\/www.suno.com.br\/noticias\/vale-plano-desmonte-barragem\/#primaryimage"},"thumbnailUrl":"https:\/\/files.sunoresearch.com.br\/n\/uploads\/2019\/04\/6ea3bdfc-vale-png.webp","datePublished":"2019-05-30T12:45:21+00:00","dateModified":"2019-05-30T18:03:16+00:00","description":"Al\u00e9m do desmonte da barragem de Bar\u00e3o de Cocais, a Vale entregou planos para descaracteriza\u00e7\u00e3o de outras 3. Clique para sabe mais.","breadcrumb":{"@id":"https:\/\/www.suno.com.br\/noticias\/vale-plano-desmonte-barragem\/#breadcrumb"},"inLanguage":"pt-BR","potentialAction":[{"@type":"ReadAction","target":["https:\/\/www.suno.com.br\/noticias\/vale-plano-desmonte-barragem\/"]}]},{"@type":"ImageObject","inLanguage":"pt-BR","@id":"https:\/\/www.suno.com.br\/noticias\/vale-plano-desmonte-barragem\/#primaryimage","url":"https:\/\/files.sunoresearch.com.br\/n\/uploads\/2019\/04\/6ea3bdfc-vale-png.webp","contentUrl":"https:\/\/files.sunoresearch.com.br\/n\/uploads\/2019\/04\/6ea3bdfc-vale-png.webp","width":600,"height":336,"caption":"Vale"},{"@type":"BreadcrumbList","@id":"https:\/\/www.suno.com.br\/noticias\/vale-plano-desmonte-barragem\/#breadcrumb","itemListElement":[{"@type":"ListItem","position":1,"name":"Not\u00edcias","item":"https:\/\/www.suno.com.br\/noticias\/"},{"@type":"ListItem","position":2,"name":"Neg\u00f3cios","item":"https:\/\/www.suno.com.br\/noticias\/negocios\/"},{"@type":"ListItem","position":3,"name":"Vale entrega plano de desmonte da barragem de Bar\u00e3o de Cocais \u00e0 Semad"}]},{"@type":"WebSite","@id":"https:\/\/www.suno.com.br\/noticias\/#website","url":"https:\/\/www.suno.com.br\/noticias\/","name":"Suno Not\u00edcias","description":"Seu portal de informa\u00e7\u00e3o sobre o mundo dos investimentos","publisher":{"@id":"https:\/\/www.suno.com.br\/noticias\/#organization"},"potentialAction":[{"@type":"SearchAction","target":{"@type":"EntryPoint","urlTemplate":"https:\/\/www.suno.com.br\/noticias\/?s={search_term_string}"},"query-input":{"@type":"PropertyValueSpecification","valueRequired":true,"valueName":"search_term_string"}}],"inLanguage":"pt-BR"},{"@type":"Organization","@id":"https:\/\/www.suno.com.br\/noticias\/#organization","name":"Suno Not\u00edcias","url":"https:\/\/www.suno.com.br\/noticias\/","logo":{"@type":"ImageObject","inLanguage":"pt-BR","@id":"https:\/\/www.suno.com.br\/noticias\/#\/schema\/logo\/image\/","url":"https:\/\/files.sunoresearch.com.br\/n\/uploads\/2021\/09\/suno-logo.png","contentUrl":"https:\/\/files.sunoresearch.com.br\/n\/uploads\/2021\/09\/suno-logo.png","width":180,"height":180,"caption":"Suno Not\u00edcias"},"image":{"@id":"https:\/\/www.suno.com.br\/noticias\/#\/schema\/logo\/image\/"},"sameAs":["https:\/\/facebook.com\/sunoresearch","https:\/\/x.com\/sunoresearch","https:\/\/www.instagram.com\/suno","https:\/\/www.linkedin.com\/company\/suno-research\/","https:\/\/www.youtube.com\/c\/sunoresearch"]},{"@type":"Person","@id":"https:\/\/www.suno.com.br\/noticias\/#\/schema\/person\/fc144a1c6108bd1dcd43784e88a3c138","name":"Renan Bandeira","image":{"@type":"ImageObject","inLanguage":"pt-BR","@id":"https:\/\/www.suno.com.br\/noticias\/#\/schema\/person\/image\/","url":"https:\/\/secure.gravatar.com\/avatar\/68359cdb608f14f11bbefcb78f3fc747?s=96&r=g","contentUrl":"https:\/\/secure.gravatar.com\/avatar\/68359cdb608f14f11bbefcb78f3fc747?s=96&r=g","caption":"Renan Bandeira"},"description":"Renan Bandeira escreve sobre pol\u00edtica e economia para o portal da Suno Research. Antes da Suno, trabalhou em uma rede de televis\u00e3o, onde fazia reportagens sobre os mesmos temas. Estuda na Universidade Metodista de S\u00e3o Paulo.","url":"https:\/\/www.suno.com.br\/noticias\/author\/renan-bandeira\/"}]}},"default_loop_html":"<div class=\"cardsPage__listCard__boxs\"><div class=\"cardsPage__listCard__boxs__img\"><a href=\"https:\/\/www.suno.com.br\/noticias\/vale-plano-desmonte-barragem\/\"><img class=\"mask\" src=\"https:\/\/www.suno.com.br\/noticias\/wp-content\/themes\/suno\/resources\/images\/spotlight\/spotlight1img\/bg-mask.png\" alt=\"Image Mask\"\/><img src=\"https:\/\/files.sunoresearch.com.br\/n\/uploads\/2019\/04\/6ea3bdfc-vale-400x200.webp\" alt=\"Vale entrega plano de desmonte da barragem de Bar\u00e3o de Cocais \u00e0 Semad\"\/><\/a><span class=\"spotlightCategory\"><a href=\"https:\/\/www.suno.com.br\/noticias\/negocios\/\">Neg\u00f3cios<\/a><\/span><\/div><div class=\"cardsPage__listCard__boxs__content\"><a href=\"https:\/\/www.suno.com.br\/noticias\/vale-plano-desmonte-barragem\/\"><h2 class=\"content__title\">Vale entrega plano de desmonte da barragem de Bar\u00e3o de Cocais \u00e0 Semad<\/h2><\/a><div class=\"newsContent__article__meta\"><div class=\"newsContent__article__meta__authorBox\"><a href=\"https:\/\/www.suno.com.br\/noticias\/author\/renan-bandeira\/\" class=\"authorBox__avatar noMobi\"><img src=\"https:\/\/secure.gravatar.com\/avatar\/68359cdb608f14f11bbefcb78f3fc747?s=96&#038;r=g\" alt=\"Renan Bandeira\"><\/a><div class=\"authorBox__name\"><span>por\n\t\t\t<a href=\"https:\/\/www.suno.com.br\/noticias\/author\/renan-bandeira\/\"><span itemprop=\"author\">Renan Bandeira<\/span><\/a><\/span><time datetime=\"2019-05-30T09:45:21-03:00\" itemprop=\"datePublished\">30\/05\/2019 09:45<\/time><\/div><\/div><\/div><\/div><\/div>","single_layout":"posts","amp_enabled":true,"_links":{"self":[{"href":"https:\/\/www.suno.com.br\/noticias\/wp-json\/wp\/v2\/posts\/26520"}],"collection":[{"href":"https:\/\/www.suno.com.br\/noticias\/wp-json\/wp\/v2\/posts"}],"about":[{"href":"https:\/\/www.suno.com.br\/noticias\/wp-json\/wp\/v2\/types\/post"}],"author":[{"embeddable":true,"href":"https:\/\/www.suno.com.br\/noticias\/wp-json\/wp\/v2\/users\/11"}],"replies":[{"embeddable":true,"href":"https:\/\/www.suno.com.br\/noticias\/wp-json\/wp\/v2\/comments?post=26520"}],"version-history":[{"count":0,"href":"https:\/\/www.suno.com.br\/noticias\/wp-json\/wp\/v2\/posts\/26520\/revisions"}],"wp:featuredmedia":[{"embeddable":true,"href":"https:\/\/www.suno.com.br\/noticias\/wp-json\/wp\/v2\/media\/20409"}],"wp:attachment":[{"href":"https:\/\/www.suno.com.br\/noticias\/wp-json\/wp\/v2\/media?parent=26520"}],"wp:term":[{"taxonomy":"category","embeddable":true,"href":"https:\/\/www.suno.com.br\/noticias\/wp-json\/wp\/v2\/categories?post=26520"},{"taxonomy":"post_tag","embeddable":true,"href":"https:\/\/www.suno.com.br\/noticias\/wp-json\/wp\/v2\/tags?post=26520"},{"taxonomy":"suno_strategy","embeddable":true,"href":"https:\/\/www.suno.com.br\/noticias\/wp-json\/wp\/v2\/suno_strategy?post=26520"}],"curies":[{"name":"wp","href":"https:\/\/api.w.org\/{rel}","templated":true}]}}