{"id":265108,"date":"2022-06-06T23:30:34","date_gmt":"2022-06-07T02:30:34","guid":{"rendered":"https:\/\/www.suno.com.br\/noticias\/?p=265108"},"modified":"2022-06-06T23:33:08","modified_gmt":"2022-06-07T02:33:08","slug":"radar-nubank-nubr33-banco-do-brasil-bbas3-eletrobras-elet3","status":"publish","type":"post","link":"https:\/\/www.suno.com.br\/noticias\/radar-nubank-nubr33-banco-do-brasil-bbas3-eletrobras-elet3\/","title":{"rendered":"Radar: Nubank (NUBR33) faz meio ano na Bolsa, Banco do Brasil (BBAS3) vira &#8216;rei dos dividendos&#8217;, Furnas evita suspender privatiza\u00e7\u00e3o da Eletrobras (ELET3)"},"content":{"rendered":"<p>O <strong>Nubank<\/strong> (<a class=\"suno-keyword\" href=\"https:\/\/www.suno.com.br\/bdrs\/nubr33\/\" target=\"_blank\" rel=\"noopener\" data-force=\"yes\" data-priority=\"2\">NUBR33<\/a>) completa seis meses como empresa p\u00fablica no in\u00edcio deste m\u00eas, acumulando mais baixas do que altas meio ano ap\u00f3s o lan\u00e7amento do seu programa NuS\u00f3cios e a sua entrada na NYSE e na <a class=\"suno-keyword\" href=\"https:\/\/www.suno.com.br\/acoes\/B3SA3\/\" target=\"_blank\" rel=\"noopener\" data-force=\"yes\" data-priority=\"2\">B3 (B3SA3)<\/a>.<\/p>\t<div class=\"wrapper-featured-image\">\n\t\t<figure class=\"spotlightImg\">\n\n\t\t\t<picture>\n\t\t\t\t<source media=\"(max-width: 768px)\" srcset=\"https:\/\/files.sunoresearch.com.br\/n\/uploads\/2022\/06\/Nubank-NUBR33-completa-seis-meses-na-bolsa-Banco-do-Brasil-BBAS3-torna-se-rei-dos-dividendos-Eletrobras-ELET3-avanca-processo-de-privatizacao-com-aporte-da-400x200.jpg\">\n\t\t\t\t<img loading=\"lazy\" decoding=\"async\" class=\"newsContent__article__imgCapa lazyloadDisabled \" src=\"https:\/\/files.sunoresearch.com.br\/n\/uploads\/2022\/06\/Nubank-NUBR33-completa-seis-meses-na-bolsa-Banco-do-Brasil-BBAS3-torna-se-rei-dos-dividendos-Eletrobras-ELET3-avanca-processo-de-privatizacao-com-aporte-da-800x450.jpg\" width=\"800\" height=\"450\" alt=\"Radar: Nubank (NUBR33) faz meio ano na Bolsa, Banco do Brasil (BBAS3) vira &#8216;rei dos dividendos&#8217;, Furnas evita suspender privatiza\u00e7\u00e3o da Eletrobras (ELET3)\" fetchpriority=high \/>\n\t\t\t<\/picture>\n\n\t\t\t<figcaption class=\"wp-caption-text wp-caption-text--show\">Nubank. Foto: Paulo Whitaker\/Getty Images.<\/figcaption>\n\t\t<\/figure>\n\t<\/div>\n\n\n<p>Nos \u00faltimos meses, as a\u00e7\u00f5es da fintech nos EUA ca\u00edram 61,9%, para US$ 4,50 \u2013 ante cerca de US$ 12 no IPO \u2013 e 69% no Brasil.<\/p>\n<p>Consecutivamente, os ativos do banco renovaram sua m\u00ednima hist\u00f3rica, com analistas temendo um <strong>ciclo de cr\u00e9dito ainda deteriorado<\/strong>, considerando que o p\u00fablico alvo do Nubank s\u00e3o os jovens e, por consequ\u00eancia, pessoas f\u00edsicas de menor renda.<\/p>\n<p>Semanas atr\u00e1s, o mercado penalizou a companhia em decorr\u00eancia do an\u00fancio de uma remunera\u00e7\u00e3o aos diretores que, na m\u00e9dia, daria R$ 100 milh\u00f5es a cada \u2013 cifra bem maior que o pagamento de todas as empresas brasileiras listadas em bolsa.<\/p>\n<p>Mas apesar disso, o comando da empresa se mant\u00e9m otimista.\u00a0 Recentemente, o fundador do Nubank, <a class=\"suno-keyword\" href=\"https:\/\/www.suno.com.br\/tudo-sobre\/david-velez\/\" target=\"_blank\" rel=\"noopener\" data-force=\"no\" data-priority=\"2\">David V\u00e9lez<\/a>, afirmou em entrevista: \u201cDaqui a cinco anos, a gente se fala\u201d.<\/p>\n<p>\u201cO modelo de um\u00a0<a class=\"suno-keyword\" href=\"https:\/\/www.suno.com.br\/artigos\/banco-digital\/\" target=\"_blank\" rel=\"noopener\" data-force=\"no\" data-priority=\"2\">banco digital<\/a>\u00a0\u00e9 muito mais rent\u00e1vel do que o de um banco tradicional, que n\u00e3o tem ag\u00eancias\u201d, disse V\u00e9lez, apontando tamb\u00e9m que o US$ 1 trilh\u00e3o vai aumentar exponencialmente. Por\u00e9m, \u00e9 preciso tempo. \u201cO jeito de entender a gente \u00e9 o\u00a0<a class=\"suno-keyword\" href=\"https:\/\/www.suno.com.br\/artigos\/longo-prazo\/\" target=\"_blank\" rel=\"noopener\" data-force=\"no\" data-priority=\"1\">longo prazo<\/a>. Continuamos focados na constru\u00e7\u00e3o dessa estrat\u00e9gia\u201d, acrescentou.<\/p>\n<p>Isso n\u00e3o aliviou, contudo,\u00a0 a <strong>preocupa\u00e7\u00e3o do mercado<\/strong> com os rumos do Nubank. De acordo com analistas, o mercado segue com cautela e o consenso segue com recomenda\u00e7\u00e3o de venda ou neutra sobre os pap\u00e9is. O BTG Pactual, por exemplo, disse que v\u00ea um <a class=\"suno-keyword\" href=\"https:\/\/www.suno.com.br\/artigos\/preco-justo\/\" target=\"_blank\" rel=\"noopener\" data-force=\"no\" data-priority=\"1\">pre\u00e7o justo<\/a> nos patamares atuais.<\/p>\n<p>Por\u00e9m, a \u00faltima revis\u00e3o fez a recomenda\u00e7\u00e3o de venda virar neutra, com o time de <a class=\"suno-keyword\" href=\"https:\/\/www.suno.com.br\/artigos\/equity-research\/\" target=\"_blank\" rel=\"noopener\" data-force=\"no\" data-priority=\"1\">equity research<\/a> citando as quedas \u2013 por\u00e9m frisando os riscos \u00e0 frente e o fato de a empresa ter um hist\u00f3rico \u2013 ainda que recente \u2013 de alt\u00edssima volatilidade.<\/p>\n<p>Al\u00e9m do <strong>Nubank<\/strong>, confira outros destaques desta segunda-feira:<\/p>\n<h2>Banco do Brasil (BBAS3) \u00e9 \u2018rei dos dividendos\u2019 e est\u00e1 \u201cbarato demais para ser ignorado\u201d, dizem analistas<\/h2>\n<ul>\n<li>Com sete recomenda\u00e7\u00f5es entre nove casas, o <strong>Banco do Brasil<\/strong> (BBAS3) passou a ter a a\u00e7\u00e3o mais sugerida em carteiras de dividendos de bancos e corretoras.<\/li>\n<li>Os pap\u00e9is do Banco do Brasil costumam ser uma boa op\u00e7\u00e3o para dividendos, assim como o segmento de commodities e o setor el\u00e9trico, por ser uma institui\u00e7\u00e3o financeira e ostentar um <em>dividend yield<\/em> (DY) relativamente elevado em rela\u00e7\u00e3o aos demais segmentos da bolsa.<\/li>\n<li>Segundo dados do Status Invest, os acionistas de BBAS3 recebem atualmente um DY de 8,33%, se considerados os dividendos pagos nos \u00faltimos 12 meses.<\/li>\n<li>O DY, vale lembrar, \u00e9 o indicador que mensura a rela\u00e7\u00e3o entre os dividendos pagos e a cota\u00e7\u00e3o atual da a\u00e7\u00e3o \u2013 como se fosse uma rela\u00e7\u00e3o custo\/benef\u00edcio.<\/li>\n<li>O <a class=\"suno-keyword\" href=\"https:\/\/www.suno.com.br\/acoes\/BPAC11\/\" target=\"_blank\" rel=\"noopener\" data-force=\"yes\" data-priority=\"2\">BTG Pactual (BPAC11)<\/a>, um dos players que recomendam as a\u00e7\u00f5es do Banco do Brasil na sua <strong>carteira de dividendos<\/strong> (com 10% de aloca\u00e7\u00e3o), ressalta que o papel se encontra em uma situa\u00e7\u00e3o resiliente em meio ao ciclo altista de juros e em \u201cuma posi\u00e7\u00e3o muito melhor do que em 2015\u201d.<\/li>\n<li>\u201cEle [BB] era negociado a 0,45x pre\u00e7o versus <a class=\"suno-keyword\" href=\"https:\/\/www.suno.com.br\/artigos\/valor-patrimonial\/\" target=\"_blank\" rel=\"noopener\" data-force=\"no\" data-priority=\"1\">valor patrimonial<\/a>, ante 0,7x hoje. Mas o BB tinha crescido muito mais do que seus pares privados nos 5 anos anteriores, apesar de uma economia em deteriora\u00e7\u00e3o. O capital principal era muito inferior ao dos pares privados, e a taxa Selic n\u00e3o s\u00f3 estava mais alta do que est\u00e1 agora, mas com fortes ind\u00edcios de que poderia aumentar ainda mais, o que significa um <a class=\"suno-keyword\" href=\"https:\/\/www.suno.com.br\/artigos\/custo-de-capital\/\" target=\"_blank\" rel=\"noopener\" data-force=\"no\" data-priority=\"1\">custo de capital<\/a> pr\u00f3prio muito mais alto tamb\u00e9m\u201d, diz a casa.<\/li>\n<li>Al\u00e9m disso, o banco teve um primeiro trimestre melhor do que o esperado, de acordo com os analistas, entregando o topo das suas estimativas em termos de <a class=\"suno-keyword\" href=\"https:\/\/www.suno.com.br\/artigos\/lucro-liquido\/\" target=\"_blank\" rel=\"noopener\" data-force=\"no\" data-priority=\"1\">lucro l\u00edquido<\/a> para o ano de 2022 (R$ 26 bilh\u00f5es).<\/li>\n<\/ul>\n<h2 class=\"newsContent__article__title\">brMalls (BRML3) aprova plano de reten\u00e7\u00e3o de at\u00e9 R$ 50 mi na fus\u00e3o com Aliansce (ALSO3)<\/h2>\n<ul>\n<li>A <a class=\"suno-keyword\" href=\"https:\/\/www.suno.com.br\/acoes\/BRML3\/\" target=\"_blank\" rel=\"noopener\" data-force=\"yes\" data-priority=\"2\"><strong>brMalls<\/strong>\u00a0(BRML3)<\/a>\u00a0informou nesta segunda-feira, 6, que seu conselho de administra\u00e7\u00e3o, eleito em 29 de abril, deliberou nesta segunda-feira, por maioria, o plano de reten\u00e7\u00e3o de at\u00e9 R$ 50 milh\u00f5es no \u00e2mbito da fus\u00e3o com a\u00a0<a class=\"suno-keyword\" href=\"https:\/\/www.suno.com.br\/acoes\/ALSO3\/\" target=\"_blank\" rel=\"noopener\" data-force=\"yes\" data-priority=\"2\">Aliansce Sonae (ALSO3)<\/a>.<\/li>\n<li>Como mostrou o <i>Broadcast<\/i>, sistema de not\u00edcias em tempo real do Grupo Estado, em 13 de maio, a medida foi revelada pelo presidente da BRMalls, Ruy Kameyama, ap\u00f3s ser questionado em teleconfer\u00eancia com investidores e analistas sobre a pol\u00edtica de reten\u00e7\u00e3o de talentos enquanto a proposta de combina\u00e7\u00e3o de neg\u00f3cios com a Aliansce n\u00e3o \u00e9 conclu\u00edda.<\/li>\n<li>Segundo a <strong>brMalls<\/strong>, o\u00a0<strong>plano de reten\u00e7\u00e3o<\/strong>\u00a0\u00e9 destinado a colaboradores e administradores da companhia, sendo o montante m\u00e1ximo destinado aos diretores estatut\u00e1rios de R$ 15 milh\u00f5es.<\/li>\n<\/ul>\n<h2 class=\"newsContent__article__title\">Eletrobras (ELET3): Furnas aprova aporte de R$ 1,58 bi e evita suspens\u00e3o de privatiza\u00e7\u00e3o<\/h2>\n<ul>\n<li>A Furnas, empresa subsidi\u00e1ria da <strong>Eletrobras<\/strong> (ELET3) obteve aval da maioria dos credores debenturistas para conduzir um aporte de R$ 1,58 bilh\u00e3o em Madeira Energia (Mesa), evitando a suspens\u00e3o do processo de privatiza\u00e7\u00e3o da el\u00e9trica. A aprova\u00e7\u00e3o do aporte era esperada.<\/li>\n<li>\u201cDe acordo com as assembleias gerais de titulares de deb\u00eantures da 1\u00aa Emiss\u00e3o de Deb\u00eantures de Furnas realizadas em 30 de maio e 6 de junho de 2022, tal aprova\u00e7\u00e3o foi <strong>devidamente obtida<\/strong>, nos termos da Escritura de Emiss\u00e3o\u201d, diz a nota da companhia.<\/li>\n<li>A a\u00e7\u00e3o era prevista j\u00e1 que na \u00faltima sexta-feira (3), a Eletrobras comunicou que Furnas havia exercido o direito de prefer\u00eancia na <a class=\"suno-keyword\" href=\"https:\/\/www.suno.com.br\/artigos\/subscricao-de-acoes\/\" target=\"_blank\" rel=\"noopener\" data-force=\"no\" data-priority=\"1\">subscri\u00e7\u00e3o de a\u00e7\u00f5es<\/a> de Mesa, envolvendo R$ 681 milh\u00f5es, antes de aprovado pelos debenturistas.<\/li>\n<li>A Mesa \u00e9 a empresa que controla a Usina Hidrel\u00e9trica Santo Ant\u00f4nio, que tem a concess\u00e3o para opera\u00e7\u00e3o da hidrel\u00e9trica.<\/li>\n<li>Com o aporte, feito por meio de <strong>subscri\u00e7\u00e3o de <a class=\"suno-keyword\" href=\"https:\/\/www.suno.com.br\/artigos\/aumento-capital\/\" target=\"_blank\" rel=\"noopener\" data-force=\"no\" data-priority=\"1\">aumento de capital<\/a><\/strong> de Mesa, Furnas passar\u00e1 a deter 72,4% de participa\u00e7\u00e3o na companhia, antes os at\u00e9 ent\u00e3o 43,06%.<\/li>\n<li>De acordo com especialistas do mercado, a <a class=\"suno-keyword\" href=\"https:\/\/www.suno.com.br\/artigos\/oferta-de-acoes\/\" target=\"_blank\" rel=\"noopener\" data-force=\"no\" data-priority=\"1\">oferta de a\u00e7\u00f5es<\/a> da Eletrobras pode alcan\u00e7ar R$ 35 bilh\u00f5es, e a\u00a0precifica\u00e7\u00e3o da oferta est\u00e1 marcada para a pr\u00f3xima quinta-feira (9).<\/li>\n<li>Nesta segunda (6), as <a class=\"suno-keyword\" href=\"https:\/\/www.suno.com.br\/artigos\/o-que-sao-acoes-ordinarias-preferenciais-e-units\/\" target=\"_blank\" rel=\"noopener\" data-force=\"no\" data-priority=\"1\">a\u00e7\u00f5es ordin\u00e1rias<\/a> da <strong>Eletrobras<\/strong> fecharam em queda de 0,14%, a R$ 41,90. No ano, acumula ganhos de 27,47%.<\/li>\n<\/ul>\n<h2 class=\"newsContent__article__title\">Gol (GOLL4): demanda total por voos quase dobra em maio<\/h2>\n<ul>\n<li>Dando sinais claros de recupera\u00e7\u00e3o ap\u00f3s a crise gerada pela pandemia, a <strong>Gol<\/strong> (GOLL4) anunciou nesta segunda-feira (6) que <strong>registrou um aumento<\/strong> de 97,1% na demanda total (RPK) por voos em maio deste ano, comparado ao mesmo m\u00eas em 2021.<\/li>\n<li>De acordo com a empresa, a oferta total (ASK) da companhia aumentou em 124,5%, resultando em uma taxa de ocupa\u00e7\u00e3o de 77,3%. Tamb\u00e9m, com mais pessoas viajando, o total de assentos cresceu 125,1% e o n\u00famero de decolagens evoluiu 130,9%.<\/li>\n<li>No mercado dom\u00e9stico, a oferta da Gol subiu 110,0% e a demanda avan\u00e7ou 82,3%. A taxa de ocupa\u00e7\u00e3o dom\u00e9stica da companhia foi de 76,3%. O volume de decolagens aumentou 124,2% e o total de assentos cresceu 118,7%.<\/li>\n<li>No mercado internacional, a oferta foi de 200 milh\u00f5es, a demanda da Gol, de 181 milh\u00f5es, e a taxa de ocupa\u00e7\u00e3o chegou a 90,6%.<\/li>\n<li>A divulga\u00e7\u00e3o dos novos dados do crescimento da companhia se d\u00e1 em meio a uma <strong>s\u00e9rie de mudan\u00e7as<\/strong> dentro da empresa, que tiveram e continuar\u00e3o tendo por um bom tempo um impacto relevante no mercado.<\/li>\n<li>No in\u00edcio deste m\u00eas, o ex Vice-presidente de Opera\u00e7\u00f5es da Gol, Celso Ferrer, tornou-se o sucessor de <a class=\"suno-keyword\" href=\"https:\/\/www.suno.com.br\/tudo-sobre\/paulo-kakinoff\/\" target=\"_blank\" rel=\"noopener\" data-force=\"no\" data-priority=\"2\">Paulo Kakinoff<\/a> enquanto Diretor-Presidente da companhia.<\/li>\n<li>Por outro lado, recentemente tamb\u00e9m <strong>foi anunciada a cria\u00e7\u00e3o de uma holding<\/strong> que inclui a Gol e a Avianca. Chamada de Grupo Abra, especula-se que a alian\u00e7a poder\u00e1 catapultar a Gol para fora da bolsa de valores brasileira.<\/li>\n<li>Com a mudan\u00e7a societ\u00e1ria na\u00a0<strong>Gol<\/strong>\u00a0(<a href=\"https:\/\/www.suno.com.br\/acoes\/goll4\/\">GOLL4<\/a>), a companhia pode sair da bolsa ao criar uma holding para ser uma \u2018megacompanhia\u2019 a\u00e9rea.<\/li>\n<\/ul>\n<p>Do <b>Nubank <\/b>ao Carrefour, essas foram as empresas que se destacaram hoje. Para ler todas as mat\u00e9rias <a href=\"https:\/\/www.suno.com.br\/noticias\/\">clique aqui<\/a>.<\/p>\n","protected":false},"excerpt":{"rendered":"<p>O Nubank (NUBR33) completa seis meses como empresa p\u00fablica no in\u00edcio deste m\u00eas, acumulando mais baixas do que altas meio ano ap\u00f3s o lan\u00e7amento do seu programa NuS\u00f3cios e a sua entrada na NYSE e na B3 (B3SA3). Nubank. Foto: Paulo Whitaker\/Getty Images. Nos \u00faltimos meses, as a\u00e7\u00f5es da fintech nos EUA ca\u00edram 61,9%, para [&hellip;]<\/p>\n","protected":false},"author":174,"featured_media":265153,"comment_status":"closed","ping_status":"closed","sticky":false,"template":"","format":"standard","meta":[],"categories":[64],"tags":[732,455,489,848],"suno_strategy":[],"class_list":["post-265108","post","type-post","status-publish","format-standard","has-post-thumbnail","hentry","category-negocios","tag-banco-do-brasil-bbas3","tag-eletrobras-elet3-elet5-elet6","tag-gol-linhas-aereas-goll11-goll4","tag-nubank"],"yoast_head":"<!-- This site is optimized with the Yoast SEO plugin v24.4 - https:\/\/yoast.com\/wordpress\/plugins\/seo\/ -->\n<title>Radar: Nubank (NUBR33) completa seis meses na bolsa, Banco do Brasil (BBAS3) torna-se &#039;rei dos dividendos&#039;<\/title>\n<meta name=\"description\" content=\"O Nubank completou no in\u00edcio de junho seus primeiros seis meses na bolsa com quedas significativas e o Banco do Brasil tem dividendos em alta.\" \/>\n<meta name=\"robots\" content=\"index, follow, max-snippet:-1, max-image-preview:large, max-video-preview:-1\" \/>\n<link rel=\"canonical\" href=\"https:\/\/www.suno.com.br\/noticias\/radar-nubank-nubr33-banco-do-brasil-bbas3-eletrobras-elet3\/\" \/>\n<meta property=\"og:locale\" content=\"pt_BR\" \/>\n<meta property=\"og:type\" content=\"article\" \/>\n<meta property=\"og:title\" content=\"Radar: Nubank (NUBR33) completa seis meses na bolsa, Banco do Brasil (BBAS3) torna-se &#039;rei dos dividendos&#039;\" \/>\n<meta property=\"og:description\" content=\"O Nubank completou no in\u00edcio de junho seus primeiros seis meses na bolsa com quedas significativas e o Banco do Brasil tem dividendos em alta.\" \/>\n<meta property=\"og:url\" content=\"https:\/\/www.suno.com.br\/noticias\/radar-nubank-nubr33-banco-do-brasil-bbas3-eletrobras-elet3\/\" \/>\n<meta property=\"og:site_name\" content=\"Suno Not\u00edcias\" \/>\n<meta property=\"article:publisher\" content=\"https:\/\/facebook.com\/sunoresearch\" \/>\n<meta property=\"og:image\" content=\"https:\/\/files.sunoresearch.com.br\/n\/uploads\/2022\/06\/Nubank-NUBR33-completa-seis-meses-na-bolsa-Banco-do-Brasil-BBAS3-torna-se-rei-dos-dividendos-Eletrobras-ELET3-avanca-processo-de-privatizacao-com-aporte-da.jpg\" \/>\n\t<meta property=\"og:image:width\" content=\"2000\" \/>\n\t<meta property=\"og:image:height\" content=\"1333\" \/>\n\t<meta property=\"og:image:type\" content=\"image\/jpeg\" \/>\n<meta name=\"author\" content=\"Jorge C. Carrasco\" \/>\n<meta name=\"twitter:card\" content=\"summary_large_image\" \/>\n<meta name=\"twitter:creator\" content=\"@sunoresearch\" \/>\n<meta name=\"twitter:site\" content=\"@sunoresearch\" \/>\n<meta name=\"twitter:label1\" content=\"Escrito por\" \/>\n\t<meta name=\"twitter:data1\" content=\"Jorge C. Carrasco\" \/>\n\t<meta name=\"twitter:label2\" content=\"Est. tempo de leitura\" \/>\n\t<meta name=\"twitter:data2\" content=\"6 minutos\" \/>\n<script type=\"application\/ld+json\" class=\"yoast-schema-graph\">{\"@context\":\"https:\/\/schema.org\",\"@graph\":[{\"@type\":\"NewsArticle\",\"@id\":\"https:\/\/www.suno.com.br\/noticias\/radar-nubank-nubr33-banco-do-brasil-bbas3-eletrobras-elet3\/#article\",\"isPartOf\":{\"@id\":\"https:\/\/www.suno.com.br\/noticias\/radar-nubank-nubr33-banco-do-brasil-bbas3-eletrobras-elet3\/\"},\"author\":{\"name\":\"Jorge C. Carrasco\",\"@id\":\"https:\/\/www.suno.com.br\/noticias\/#\/schema\/person\/5e3d16fbfcfd3307a21fee0ba2e51dce\"},\"headline\":\"Radar: Nubank (NUBR33) faz meio ano na Bolsa, Banco do Brasil (BBAS3) vira &#8216;rei dos dividendos&#8217;, Furnas evita suspender privatiza\u00e7\u00e3o da Eletrobras (ELET3)\",\"datePublished\":\"2022-06-07T02:30:34+00:00\",\"dateModified\":\"2022-06-07T02:33:08+00:00\",\"mainEntityOfPage\":{\"@id\":\"https:\/\/www.suno.com.br\/noticias\/radar-nubank-nubr33-banco-do-brasil-bbas3-eletrobras-elet3\/\"},\"wordCount\":1402,\"publisher\":{\"@id\":\"https:\/\/www.suno.com.br\/noticias\/#organization\"},\"image\":{\"@id\":\"https:\/\/www.suno.com.br\/noticias\/radar-nubank-nubr33-banco-do-brasil-bbas3-eletrobras-elet3\/#primaryimage\"},\"thumbnailUrl\":\"https:\/\/files.sunoresearch.com.br\/n\/uploads\/2022\/06\/Nubank-NUBR33-completa-seis-meses-na-bolsa-Banco-do-Brasil-BBAS3-torna-se-rei-dos-dividendos-Eletrobras-ELET3-avanca-processo-de-privatizacao-com-aporte-da.jpg\",\"keywords\":[\"Banco do Brasil (BBAS3)\",\"Eletrobras (ELET3\/ELET5\/ELET6)\",\"Gol Linhas A\u00e9reas (GOLL11\/GOLL4)\",\"Nubank (NUBR33)\"],\"articleSection\":[\"Neg\u00f3cios\"],\"inLanguage\":\"pt-BR\"},{\"@type\":\"WebPage\",\"@id\":\"https:\/\/www.suno.com.br\/noticias\/radar-nubank-nubr33-banco-do-brasil-bbas3-eletrobras-elet3\/\",\"url\":\"https:\/\/www.suno.com.br\/noticias\/radar-nubank-nubr33-banco-do-brasil-bbas3-eletrobras-elet3\/\",\"name\":\"Radar: Nubank (NUBR33) completa seis meses na bolsa, Banco do Brasil (BBAS3) torna-se 'rei dos dividendos'\",\"isPartOf\":{\"@id\":\"https:\/\/www.suno.com.br\/noticias\/#website\"},\"primaryImageOfPage\":{\"@id\":\"https:\/\/www.suno.com.br\/noticias\/radar-nubank-nubr33-banco-do-brasil-bbas3-eletrobras-elet3\/#primaryimage\"},\"image\":{\"@id\":\"https:\/\/www.suno.com.br\/noticias\/radar-nubank-nubr33-banco-do-brasil-bbas3-eletrobras-elet3\/#primaryimage\"},\"thumbnailUrl\":\"https:\/\/files.sunoresearch.com.br\/n\/uploads\/2022\/06\/Nubank-NUBR33-completa-seis-meses-na-bolsa-Banco-do-Brasil-BBAS3-torna-se-rei-dos-dividendos-Eletrobras-ELET3-avanca-processo-de-privatizacao-com-aporte-da.jpg\",\"datePublished\":\"2022-06-07T02:30:34+00:00\",\"dateModified\":\"2022-06-07T02:33:08+00:00\",\"description\":\"O Nubank completou no in\u00edcio de junho seus primeiros seis meses na bolsa com quedas significativas e o Banco do Brasil tem dividendos em alta.\",\"breadcrumb\":{\"@id\":\"https:\/\/www.suno.com.br\/noticias\/radar-nubank-nubr33-banco-do-brasil-bbas3-eletrobras-elet3\/#breadcrumb\"},\"inLanguage\":\"pt-BR\",\"potentialAction\":[{\"@type\":\"ReadAction\",\"target\":[\"https:\/\/www.suno.com.br\/noticias\/radar-nubank-nubr33-banco-do-brasil-bbas3-eletrobras-elet3\/\"]}]},{\"@type\":\"ImageObject\",\"inLanguage\":\"pt-BR\",\"@id\":\"https:\/\/www.suno.com.br\/noticias\/radar-nubank-nubr33-banco-do-brasil-bbas3-eletrobras-elet3\/#primaryimage\",\"url\":\"https:\/\/files.sunoresearch.com.br\/n\/uploads\/2022\/06\/Nubank-NUBR33-completa-seis-meses-na-bolsa-Banco-do-Brasil-BBAS3-torna-se-rei-dos-dividendos-Eletrobras-ELET3-avanca-processo-de-privatizacao-com-aporte-da.jpg\",\"contentUrl\":\"https:\/\/files.sunoresearch.com.br\/n\/uploads\/2022\/06\/Nubank-NUBR33-completa-seis-meses-na-bolsa-Banco-do-Brasil-BBAS3-torna-se-rei-dos-dividendos-Eletrobras-ELET3-avanca-processo-de-privatizacao-com-aporte-da.jpg\",\"width\":2000,\"height\":1333,\"caption\":\"Nubank. Foto: Paulo Whitaker\/Getty Images.\"},{\"@type\":\"BreadcrumbList\",\"@id\":\"https:\/\/www.suno.com.br\/noticias\/radar-nubank-nubr33-banco-do-brasil-bbas3-eletrobras-elet3\/#breadcrumb\",\"itemListElement\":[{\"@type\":\"ListItem\",\"position\":1,\"name\":\"Not\u00edcias\",\"item\":\"https:\/\/www.suno.com.br\/noticias\/\"},{\"@type\":\"ListItem\",\"position\":2,\"name\":\"Neg\u00f3cios\",\"item\":\"https:\/\/www.suno.com.br\/noticias\/negocios\/\"},{\"@type\":\"ListItem\",\"position\":3,\"name\":\"Radar: Nubank (NUBR33) faz meio ano na Bolsa, Banco do Brasil (BBAS3) vira &#8216;rei dos dividendos&#8217;, Furnas evita suspender privatiza\u00e7\u00e3o da Eletrobras (ELET3)\"}]},{\"@type\":\"WebSite\",\"@id\":\"https:\/\/www.suno.com.br\/noticias\/#website\",\"url\":\"https:\/\/www.suno.com.br\/noticias\/\",\"name\":\"Suno Not\u00edcias\",\"description\":\"Seu portal de informa\u00e7\u00e3o sobre o mundo dos investimentos\",\"publisher\":{\"@id\":\"https:\/\/www.suno.com.br\/noticias\/#organization\"},\"potentialAction\":[{\"@type\":\"SearchAction\",\"target\":{\"@type\":\"EntryPoint\",\"urlTemplate\":\"https:\/\/www.suno.com.br\/noticias\/?s={search_term_string}\"},\"query-input\":{\"@type\":\"PropertyValueSpecification\",\"valueRequired\":true,\"valueName\":\"search_term_string\"}}],\"inLanguage\":\"pt-BR\"},{\"@type\":\"Organization\",\"@id\":\"https:\/\/www.suno.com.br\/noticias\/#organization\",\"name\":\"Suno Not\u00edcias\",\"url\":\"https:\/\/www.suno.com.br\/noticias\/\",\"logo\":{\"@type\":\"ImageObject\",\"inLanguage\":\"pt-BR\",\"@id\":\"https:\/\/www.suno.com.br\/noticias\/#\/schema\/logo\/image\/\",\"url\":\"https:\/\/files.sunoresearch.com.br\/n\/uploads\/2021\/09\/suno-logo.png\",\"contentUrl\":\"https:\/\/files.sunoresearch.com.br\/n\/uploads\/2021\/09\/suno-logo.png\",\"width\":180,\"height\":180,\"caption\":\"Suno Not\u00edcias\"},\"image\":{\"@id\":\"https:\/\/www.suno.com.br\/noticias\/#\/schema\/logo\/image\/\"},\"sameAs\":[\"https:\/\/facebook.com\/sunoresearch\",\"https:\/\/x.com\/sunoresearch\",\"https:\/\/www.instagram.com\/suno\",\"https:\/\/www.linkedin.com\/company\/suno-research\/\",\"https:\/\/www.youtube.com\/c\/sunoresearch\"]},{\"@type\":\"Person\",\"@id\":\"https:\/\/www.suno.com.br\/noticias\/#\/schema\/person\/5e3d16fbfcfd3307a21fee0ba2e51dce\",\"name\":\"Jorge C. Carrasco\",\"image\":{\"@type\":\"ImageObject\",\"inLanguage\":\"pt-BR\",\"@id\":\"https:\/\/www.suno.com.br\/noticias\/#\/schema\/person\/image\/\",\"url\":\"https:\/\/secure.gravatar.com\/avatar\/eba2cc7d7174b6b346ad398772f904f2?s=96&r=g\",\"contentUrl\":\"https:\/\/secure.gravatar.com\/avatar\/eba2cc7d7174b6b346ad398772f904f2?s=96&r=g\",\"caption\":\"Jorge C. Carrasco\"},\"description\":\"Jornalista e escritor com experi\u00eancia na cobertura de economia, empreendedorismo, mercado financeiro, pol\u00edtica e assuntos internacionais. J\u00e1 colaborou com diversos jornais e revistas do Brasil e do exterior, como Estad\u00e3o, \u00c9poca, Foreign Policy, The Spectator Aus, Washington Examiner e Quillette.\",\"sameAs\":[\"felipe.areia@sunoresearch.com.br\"],\"url\":\"https:\/\/www.suno.com.br\/noticias\/author\/jorge-carrasco\/\"}]}<\/script>\n<!-- \/ Yoast SEO plugin. -->","yoast_head_json":{"title":"Radar: Nubank (NUBR33) completa seis meses na bolsa, Banco do Brasil (BBAS3) torna-se 'rei dos dividendos'","description":"O Nubank completou no in\u00edcio de junho seus primeiros seis meses na bolsa com quedas significativas e o Banco do Brasil tem dividendos em alta.","robots":{"index":"index","follow":"follow","max-snippet":"max-snippet:-1","max-image-preview":"max-image-preview:large","max-video-preview":"max-video-preview:-1"},"canonical":"https:\/\/www.suno.com.br\/noticias\/radar-nubank-nubr33-banco-do-brasil-bbas3-eletrobras-elet3\/","og_locale":"pt_BR","og_type":"article","og_title":"Radar: Nubank (NUBR33) completa seis meses na bolsa, Banco do Brasil (BBAS3) torna-se 'rei dos dividendos'","og_description":"O Nubank completou no in\u00edcio de junho seus primeiros seis meses na bolsa com quedas significativas e o Banco do Brasil tem dividendos em alta.","og_url":"https:\/\/www.suno.com.br\/noticias\/radar-nubank-nubr33-banco-do-brasil-bbas3-eletrobras-elet3\/","og_site_name":"Suno Not\u00edcias","article_publisher":"https:\/\/facebook.com\/sunoresearch","og_image":[{"width":2000,"height":1333,"url":"https:\/\/files.sunoresearch.com.br\/n\/uploads\/2022\/06\/Nubank-NUBR33-completa-seis-meses-na-bolsa-Banco-do-Brasil-BBAS3-torna-se-rei-dos-dividendos-Eletrobras-ELET3-avanca-processo-de-privatizacao-com-aporte-da.jpg","type":"image\/jpeg"}],"author":"Jorge C. Carrasco","twitter_card":"summary_large_image","twitter_creator":"@sunoresearch","twitter_site":"@sunoresearch","twitter_misc":{"Escrito por":"Jorge C. Carrasco","Est. tempo de leitura":"6 minutos"},"schema":{"@context":"https:\/\/schema.org","@graph":[{"@type":"NewsArticle","@id":"https:\/\/www.suno.com.br\/noticias\/radar-nubank-nubr33-banco-do-brasil-bbas3-eletrobras-elet3\/#article","isPartOf":{"@id":"https:\/\/www.suno.com.br\/noticias\/radar-nubank-nubr33-banco-do-brasil-bbas3-eletrobras-elet3\/"},"author":{"name":"Jorge C. Carrasco","@id":"https:\/\/www.suno.com.br\/noticias\/#\/schema\/person\/5e3d16fbfcfd3307a21fee0ba2e51dce"},"headline":"Radar: Nubank (NUBR33) faz meio ano na Bolsa, Banco do Brasil (BBAS3) vira &#8216;rei dos dividendos&#8217;, Furnas evita suspender privatiza\u00e7\u00e3o da Eletrobras (ELET3)","datePublished":"2022-06-07T02:30:34+00:00","dateModified":"2022-06-07T02:33:08+00:00","mainEntityOfPage":{"@id":"https:\/\/www.suno.com.br\/noticias\/radar-nubank-nubr33-banco-do-brasil-bbas3-eletrobras-elet3\/"},"wordCount":1402,"publisher":{"@id":"https:\/\/www.suno.com.br\/noticias\/#organization"},"image":{"@id":"https:\/\/www.suno.com.br\/noticias\/radar-nubank-nubr33-banco-do-brasil-bbas3-eletrobras-elet3\/#primaryimage"},"thumbnailUrl":"https:\/\/files.sunoresearch.com.br\/n\/uploads\/2022\/06\/Nubank-NUBR33-completa-seis-meses-na-bolsa-Banco-do-Brasil-BBAS3-torna-se-rei-dos-dividendos-Eletrobras-ELET3-avanca-processo-de-privatizacao-com-aporte-da.jpg","keywords":["Banco do Brasil (BBAS3)","Eletrobras (ELET3\/ELET5\/ELET6)","Gol Linhas A\u00e9reas (GOLL11\/GOLL4)","Nubank (NUBR33)"],"articleSection":["Neg\u00f3cios"],"inLanguage":"pt-BR"},{"@type":"WebPage","@id":"https:\/\/www.suno.com.br\/noticias\/radar-nubank-nubr33-banco-do-brasil-bbas3-eletrobras-elet3\/","url":"https:\/\/www.suno.com.br\/noticias\/radar-nubank-nubr33-banco-do-brasil-bbas3-eletrobras-elet3\/","name":"Radar: Nubank (NUBR33) completa seis meses na bolsa, Banco do Brasil (BBAS3) torna-se 'rei dos dividendos'","isPartOf":{"@id":"https:\/\/www.suno.com.br\/noticias\/#website"},"primaryImageOfPage":{"@id":"https:\/\/www.suno.com.br\/noticias\/radar-nubank-nubr33-banco-do-brasil-bbas3-eletrobras-elet3\/#primaryimage"},"image":{"@id":"https:\/\/www.suno.com.br\/noticias\/radar-nubank-nubr33-banco-do-brasil-bbas3-eletrobras-elet3\/#primaryimage"},"thumbnailUrl":"https:\/\/files.sunoresearch.com.br\/n\/uploads\/2022\/06\/Nubank-NUBR33-completa-seis-meses-na-bolsa-Banco-do-Brasil-BBAS3-torna-se-rei-dos-dividendos-Eletrobras-ELET3-avanca-processo-de-privatizacao-com-aporte-da.jpg","datePublished":"2022-06-07T02:30:34+00:00","dateModified":"2022-06-07T02:33:08+00:00","description":"O Nubank completou no in\u00edcio de junho seus primeiros seis meses na bolsa com quedas significativas e o Banco do Brasil tem dividendos em alta.","breadcrumb":{"@id":"https:\/\/www.suno.com.br\/noticias\/radar-nubank-nubr33-banco-do-brasil-bbas3-eletrobras-elet3\/#breadcrumb"},"inLanguage":"pt-BR","potentialAction":[{"@type":"ReadAction","target":["https:\/\/www.suno.com.br\/noticias\/radar-nubank-nubr33-banco-do-brasil-bbas3-eletrobras-elet3\/"]}]},{"@type":"ImageObject","inLanguage":"pt-BR","@id":"https:\/\/www.suno.com.br\/noticias\/radar-nubank-nubr33-banco-do-brasil-bbas3-eletrobras-elet3\/#primaryimage","url":"https:\/\/files.sunoresearch.com.br\/n\/uploads\/2022\/06\/Nubank-NUBR33-completa-seis-meses-na-bolsa-Banco-do-Brasil-BBAS3-torna-se-rei-dos-dividendos-Eletrobras-ELET3-avanca-processo-de-privatizacao-com-aporte-da.jpg","contentUrl":"https:\/\/files.sunoresearch.com.br\/n\/uploads\/2022\/06\/Nubank-NUBR33-completa-seis-meses-na-bolsa-Banco-do-Brasil-BBAS3-torna-se-rei-dos-dividendos-Eletrobras-ELET3-avanca-processo-de-privatizacao-com-aporte-da.jpg","width":2000,"height":1333,"caption":"Nubank. Foto: Paulo Whitaker\/Getty Images."},{"@type":"BreadcrumbList","@id":"https:\/\/www.suno.com.br\/noticias\/radar-nubank-nubr33-banco-do-brasil-bbas3-eletrobras-elet3\/#breadcrumb","itemListElement":[{"@type":"ListItem","position":1,"name":"Not\u00edcias","item":"https:\/\/www.suno.com.br\/noticias\/"},{"@type":"ListItem","position":2,"name":"Neg\u00f3cios","item":"https:\/\/www.suno.com.br\/noticias\/negocios\/"},{"@type":"ListItem","position":3,"name":"Radar: Nubank (NUBR33) faz meio ano na Bolsa, Banco do Brasil (BBAS3) vira &#8216;rei dos dividendos&#8217;, Furnas evita suspender privatiza\u00e7\u00e3o da Eletrobras (ELET3)"}]},{"@type":"WebSite","@id":"https:\/\/www.suno.com.br\/noticias\/#website","url":"https:\/\/www.suno.com.br\/noticias\/","name":"Suno Not\u00edcias","description":"Seu portal de informa\u00e7\u00e3o sobre o mundo dos investimentos","publisher":{"@id":"https:\/\/www.suno.com.br\/noticias\/#organization"},"potentialAction":[{"@type":"SearchAction","target":{"@type":"EntryPoint","urlTemplate":"https:\/\/www.suno.com.br\/noticias\/?s={search_term_string}"},"query-input":{"@type":"PropertyValueSpecification","valueRequired":true,"valueName":"search_term_string"}}],"inLanguage":"pt-BR"},{"@type":"Organization","@id":"https:\/\/www.suno.com.br\/noticias\/#organization","name":"Suno Not\u00edcias","url":"https:\/\/www.suno.com.br\/noticias\/","logo":{"@type":"ImageObject","inLanguage":"pt-BR","@id":"https:\/\/www.suno.com.br\/noticias\/#\/schema\/logo\/image\/","url":"https:\/\/files.sunoresearch.com.br\/n\/uploads\/2021\/09\/suno-logo.png","contentUrl":"https:\/\/files.sunoresearch.com.br\/n\/uploads\/2021\/09\/suno-logo.png","width":180,"height":180,"caption":"Suno Not\u00edcias"},"image":{"@id":"https:\/\/www.suno.com.br\/noticias\/#\/schema\/logo\/image\/"},"sameAs":["https:\/\/facebook.com\/sunoresearch","https:\/\/x.com\/sunoresearch","https:\/\/www.instagram.com\/suno","https:\/\/www.linkedin.com\/company\/suno-research\/","https:\/\/www.youtube.com\/c\/sunoresearch"]},{"@type":"Person","@id":"https:\/\/www.suno.com.br\/noticias\/#\/schema\/person\/5e3d16fbfcfd3307a21fee0ba2e51dce","name":"Jorge C. Carrasco","image":{"@type":"ImageObject","inLanguage":"pt-BR","@id":"https:\/\/www.suno.com.br\/noticias\/#\/schema\/person\/image\/","url":"https:\/\/secure.gravatar.com\/avatar\/eba2cc7d7174b6b346ad398772f904f2?s=96&r=g","contentUrl":"https:\/\/secure.gravatar.com\/avatar\/eba2cc7d7174b6b346ad398772f904f2?s=96&r=g","caption":"Jorge C. Carrasco"},"description":"Jornalista e escritor com experi\u00eancia na cobertura de economia, empreendedorismo, mercado financeiro, pol\u00edtica e assuntos internacionais. J\u00e1 colaborou com diversos jornais e revistas do Brasil e do exterior, como Estad\u00e3o, \u00c9poca, Foreign Policy, The Spectator Aus, Washington Examiner e Quillette.","sameAs":["felipe.areia@sunoresearch.com.br"],"url":"https:\/\/www.suno.com.br\/noticias\/author\/jorge-carrasco\/"}]}},"default_loop_html":"<div class=\"cardsPage__listCard__boxs\"><div class=\"cardsPage__listCard__boxs__img\"><a href=\"https:\/\/www.suno.com.br\/noticias\/radar-nubank-nubr33-banco-do-brasil-bbas3-eletrobras-elet3\/\"><img class=\"mask\" src=\"https:\/\/www.suno.com.br\/noticias\/wp-content\/themes\/suno\/resources\/images\/spotlight\/spotlight1img\/bg-mask.png\" alt=\"Image Mask\"\/><img src=\"https:\/\/files.sunoresearch.com.br\/n\/uploads\/2022\/06\/Nubank-NUBR33-completa-seis-meses-na-bolsa-Banco-do-Brasil-BBAS3-torna-se-rei-dos-dividendos-Eletrobras-ELET3-avanca-processo-de-privatizacao-com-aporte-da-400x200.jpg\" alt=\"Radar: Nubank (NUBR33) faz meio ano na Bolsa, Banco do Brasil (BBAS3) vira &#8216;rei dos dividendos&#8217;, Furnas evita suspender privatiza\u00e7\u00e3o da Eletrobras (ELET3)\"\/><\/a><span class=\"spotlightCategory\"><a href=\"https:\/\/www.suno.com.br\/noticias\/negocios\/\">Neg\u00f3cios<\/a><\/span><\/div><div class=\"cardsPage__listCard__boxs__content\"><a href=\"https:\/\/www.suno.com.br\/noticias\/radar-nubank-nubr33-banco-do-brasil-bbas3-eletrobras-elet3\/\"><h2 class=\"content__title\">Radar: Nubank (NUBR33) faz meio ano na Bolsa, Banco do Brasil (BBAS3) vira &#8216;rei dos dividendos&#8217;, Furnas evita suspender privatiza\u00e7\u00e3o da Eletrobras (ELET3)<\/h2><\/a><div class=\"newsContent__article__meta\"><div class=\"newsContent__article__meta__authorBox\"><a href=\"https:\/\/www.suno.com.br\/noticias\/author\/jorge-carrasco\/\" class=\"authorBox__avatar noMobi\"><img src=\"https:\/\/secure.gravatar.com\/avatar\/eba2cc7d7174b6b346ad398772f904f2?s=96&#038;r=g\" alt=\"Jorge C. Carrasco\"><\/a><div class=\"authorBox__name\"><span>por\n\t\t\t<a href=\"https:\/\/www.suno.com.br\/noticias\/author\/jorge-carrasco\/\"><span itemprop=\"author\">Jorge C. Carrasco<\/span><\/a><\/span><time datetime=\"2022-06-06T23:30:34-03:00\" itemprop=\"datePublished\">06\/06\/2022 23:30<\/time><\/div><\/div><\/div><\/div><\/div>","single_layout":"posts","amp_enabled":true,"_links":{"self":[{"href":"https:\/\/www.suno.com.br\/noticias\/wp-json\/wp\/v2\/posts\/265108"}],"collection":[{"href":"https:\/\/www.suno.com.br\/noticias\/wp-json\/wp\/v2\/posts"}],"about":[{"href":"https:\/\/www.suno.com.br\/noticias\/wp-json\/wp\/v2\/types\/post"}],"author":[{"embeddable":true,"href":"https:\/\/www.suno.com.br\/noticias\/wp-json\/wp\/v2\/users\/174"}],"replies":[{"embeddable":true,"href":"https:\/\/www.suno.com.br\/noticias\/wp-json\/wp\/v2\/comments?post=265108"}],"version-history":[{"count":3,"href":"https:\/\/www.suno.com.br\/noticias\/wp-json\/wp\/v2\/posts\/265108\/revisions"}],"predecessor-version":[{"id":265157,"href":"https:\/\/www.suno.com.br\/noticias\/wp-json\/wp\/v2\/posts\/265108\/revisions\/265157"}],"wp:featuredmedia":[{"embeddable":true,"href":"https:\/\/www.suno.com.br\/noticias\/wp-json\/wp\/v2\/media\/265153"}],"wp:attachment":[{"href":"https:\/\/www.suno.com.br\/noticias\/wp-json\/wp\/v2\/media?parent=265108"}],"wp:term":[{"taxonomy":"category","embeddable":true,"href":"https:\/\/www.suno.com.br\/noticias\/wp-json\/wp\/v2\/categories?post=265108"},{"taxonomy":"post_tag","embeddable":true,"href":"https:\/\/www.suno.com.br\/noticias\/wp-json\/wp\/v2\/tags?post=265108"},{"taxonomy":"suno_strategy","embeddable":true,"href":"https:\/\/www.suno.com.br\/noticias\/wp-json\/wp\/v2\/suno_strategy?post=265108"}],"curies":[{"name":"wp","href":"https:\/\/api.w.org\/{rel}","templated":true}]}}